{"id":269457,"date":"2023-02-27T17:45:17","date_gmt":"2023-02-27T13:45:17","guid":{"rendered":"https:\/\/www.meydan.tv\/?p=269457"},"modified":"2023-02-27T17:45:22","modified_gmt":"2023-02-27T13:45:22","slug":"kecmis-muellime-turkiyeli-hekimler-mualice-azerbaycanli-hekimler-emeliyyat-teklif-edir","status":"publish","type":"post","link":"https:\/\/www.meydan.tv\/az\/article\/kecmis-muellime-turkiyeli-hekimler-mualice-azerbaycanli-hekimler-emeliyyat-teklif-edir\/","title":{"rendered":"<strong>Ke\u00e7mi\u015f m\u00fc\u0259llim\u0259 t\u00fcrkiy\u0259li h\u0259kiml\u0259r m\u00fcalic\u0259, az\u0259rbaycanl\u0131 h\u0259kiml\u0259r \u0259m\u0259liyyat t\u0259klif edir<\/strong>"},"content":{"rendered":"\n<p><em>Adil Qeybulla: &#8220;T\u00fcrkiy\u0259li h\u0259kiml\u0259rin t\u00f6vsiy\u0259sin\u0259 \u0259m\u0259l edilm\u0259lidir&#8221;<\/em><\/p>\n\n\n\n<p>T\u0259rt\u0259rin Azadqaraqoyunlu k\u0259nd sakini R\u00f6ya N\u0259bi q\u0131z\u0131 H\u00fcseynova qaraciy\u0259r sirrozundan \u0259ziyy\u0259t \u00e7\u0259kir.<\/p>\n\n\n\n<p>H\u0259kiml\u0259r s\u0259hh\u0259tind\u0259 problemi 2012-ci ild\u0259 a\u015fkar edibl\u0259r.<\/p>\n\n\n\n<p>\u201c\u018fvv\u0259ll\u0259r m\u0259kt\u0259bd\u0259 d\u0259rs deyirdim, riyaziyyat m\u00fc\u0259llimi i\u015fl\u0259yirdim. 2012-ci ild\u0259 a\u011f\u0131r x\u0259st\u0259l\u0259ndim, davaml\u0131 m\u00fcalic\u0259l\u0259r\u0259 baxmayaraq, qan qusurdum. 2014-c\u00fc ild\u0259 v\u0259ziyy\u0259tim lap a\u011f\u0131rla\u015fd\u0131\u011f\u0131 \u00fc\u00e7\u00fcn i\u015fd\u0259n \u00e7\u0131xmal\u0131 oldum\u201d, &#8211; x\u0259st\u0259likd\u0259n \u0259ziyy\u0259t \u00e7\u0259k\u0259n qad\u0131n Meydan TV-y\u0259 deyir.<\/p>\n\n\n\n<p><strong>&#8220;Qaraciy\u0259r k\u00f6\u00e7\u00fcr\u00fclm\u0259si \u00fc\u00e7\u00fcn \u00fcmumilikd\u0259 70 min manat pul laz\u0131md\u0131r&#8221;<\/strong><\/p>\n\n\n\n<p>Az\u0259rbaycanda h\u0259kiml\u0259r ona qaraciy\u0259rin n\u0259qlini t\u0259klif edibl\u0259r.<\/p>\n\n\n\n<p>T\u00fcrkiy\u0259li h\u0259kiml\u0259r is\u0259 prosesin \u00e7ox ir\u0259lil\u0259m\u0259diyini x\u0259st\u0259likd\u0259n m\u00fcalic\u0259 il\u0259 qurtula bil\u0259c\u0259yini bildiribl\u0259r:<\/p>\n\n\n\n<p>\u201cX\u0259st\u0259liyin ir\u0259lil\u0259m\u0259 oca\u011f\u0131 qida borusudur, tez-tez damar partlamas\u0131, qanaxma olur. Az\u0259rbaycanda 2012-ci ild\u0259n hara gedir\u0259m, eyni s\u00f6z\u00fc deyirl\u0259r. Bildirirl\u0259r ki, qaraciy\u0259r d\u0259yi\u015fdirilm\u0259lidir. Ba\u015fqa c\u00fcr m\u00fcmk\u00fcn deyil. Donor da \u00f6z qohumun olmal\u0131d\u0131r. Bak\u0131da t\u0259kc\u0259 \u0259m\u0259liyyata g\u00f6r\u0259 50 min manat ist\u0259yirl\u0259r. \u00dcmumilikd\u0259 70 min manat pul laz\u0131md\u0131r\u201d.<\/p>\n\n\n\n<p>Ail\u0259nin \u0259m\u0259liyyat \u00fc\u00e7\u00fcn maddi v\u0259saiti yoxdur.<\/p>\n\n\n\n<p>R\u00f6ya H\u00fcseynova deyir ki, \u0259m\u0259liyyat olduqca bahad\u0131r. Bunun \u00fc\u00e7\u00fcn aidiyy\u0259ti qurumlara m\u00fcraci\u0259t ets\u0259 d\u0259, m\u00fcsb\u0259t cavab ala bilm\u0259yib:<\/p>\n\n\n\n<p>\u201c\u00d6z \u00f6vlad\u0131m donor olmaq ist\u0259yir. Ona g\u00f6r\u0259 d\u0259 onun ya\u015famaq \u015fans\u0131n\u0131 d\u00fc\u015f\u00fcn\u00fcr\u0259m. Bu \u0259m\u0259liyyatlar h\u0259r d\u0259f\u0259sind\u0259 u\u011furlu, \u015fansl\u0131 al\u0131nmaya bil\u0259r. Risk etm\u0259k ist\u0259mir\u0259m. Ona g\u00f6r\u0259 d\u0259 d\u00f6vl\u0259t hesab\u0131na xaricd\u0259 \u0259m\u0259liyyat olunmaq ist\u0259yir\u0259m\u201d.<\/p>\n\n\n\n<p><strong>&#8220;Az\u0259rbaycanl\u0131 h\u0259kiml\u0259rin niy\u0259 bel\u0259 dediyin\u0259 birm\u0259nal\u0131 cavab verm\u0259k m\u00fcmk\u00fcn deyil\u201d<\/strong><\/p>\n\n\n\n<p>Az\u0259rbaycan H\u0259kiml\u0259ri \u0130ctimai Birliyinin s\u0259dri, tibb elml\u0259ri doktoru Adil Qeybulla hesab edir ki, T\u00fcrkiy\u0259d\u0259 t\u0259bab\u0259t y\u00fcks\u0259k s\u0259viyy\u0259d\u0259 oldu\u011fu \u00fc\u00e7\u00fcn m\u0259hz h\u0259min h\u0259kiml\u0259rin t\u00f6vsiy\u0259sin\u0259 \u0259m\u0259l etm\u0259k laz\u0131md\u0131r:<\/p>\n\n\n\n<p>\u201cOrada klinik protokollarla i\u015fl\u0259yirl\u0259r. \u00dcst\u0259lik, qaraciy\u0259r n\u0259qli \u00fc\u00e7\u00fcn konkret kriteriyalar var. Y\u0259qin, h\u0259min kriteriyalar yeti\u015fm\u0259diyind\u0259n v\u0259t\u0259nda\u015fa qaraciy\u0259r n\u0259qlini m\u0259sl\u0259h\u0259t g\u00f6rm\u0259yibl\u0259r. M\u0259nc\u0259, h\u0259min r\u0259yl\u0259 m\u00fctl\u0259q hesabla\u015fmaq laz\u0131md\u0131r. Qaraciy\u0259r b\u0259rpa qabiliyy\u0259ti h\u0259dd\u0259n art\u0131q y\u00fcks\u0259k orqan oldu\u011fu \u00fc\u00e7\u00fcn h\u0259tta resursunun 25 faizi qald\u0131\u011f\u0131 halda bel\u0259, m\u00fcalic\u0259 il\u0259 b\u0259rpas\u0131 m\u00fcmk\u00fcnd\u00fcr. Y\u0259ni orqan n\u0259qlind\u0259n yan ke\u00e7m\u0259k m\u00fcmk\u00fcnd\u00fcr. Az\u0259rbaycanl\u0131 h\u0259kiml\u0259rin niy\u0259 bel\u0259 dediyin\u0259 is\u0259 birm\u0259nal\u0131 cavab verm\u0259k m\u00fcmk\u00fcn deyil\u201d.<\/p>\n\n\n\n<figure class=\"gb-block-image gb-block-image-8d6dda45\"><img decoding=\"async\" width=\"1920\" height=\"1064\" class=\"gb-image gb-image-8d6dda45 lazyload\" data-src=\"https:\/\/www.meydan.tv\/wp-content\/uploads\/41149.jpg\" alt=\"Adil Qeybulla\" title=\"Adil Qeybulla\" src=\"data:image\/svg+xml;base64,PHN2ZyB3aWR0aD0iMSIgaGVpZ2h0PSIxIiB4bWxucz0iaHR0cDovL3d3dy53My5vcmcvMjAwMC9zdmciPjwvc3ZnPg==\" style=\"--smush-placeholder-width: 1920px; --smush-placeholder-aspect-ratio: 1920\/1064;\" \/><\/figure>\n\n\n\n<p><\/p>\n\n\n\n<p>2022-ci ilin yanvar\u0131n 1-d\u0259n Az\u0259rbaycanda \u201c\u0130nsan orqan v\u0259 toxumalar\u0131n\u0131n donorlu\u011fu v\u0259 transplantasiyas\u0131 haqq\u0131nda\u201d Qanun q\u00fcvv\u0259y\u0259 minib.<\/p>\n\n\n\n<p>Qanuna \u0259sas\u0259n, canl\u0131 donordan transplantasiya m\u0259qs\u0259dil\u0259 yaln\u0131z b\u00f6yr\u0259yin biri, a\u011fciy\u0259rin bir pay\u0131, qaraciy\u0259rin bir hiss\u0259si, m\u0259d\u0259alt\u0131 v\u0259zin bir hiss\u0259si, nazik ba\u011f\u0131rsa\u011f\u0131n bir hiss\u0259si, d\u0259rinin bir hiss\u0259si, s\u00fcm\u00fck iliyi, k\u00f6k h\u00fcceyr\u0259l\u0259r g\u00f6t\u00fcr\u00fcl\u0259 bil\u0259r.<\/p>\n\n\n\n<p>Meyit donordan is\u0259 \u00fcr\u0259k, a\u011fciy\u0259r (\u00fcr\u0259k-a\u011fciy\u0259r kompleksi), b\u00f6yr\u0259kl\u0259r, qaraciy\u0259r, m\u0259d\u0259alt\u0131 v\u0259zi, m\u0259d\u0259, ba\u011f\u0131rsaqlar, u\u015faql\u0131q, yuxar\u0131 v\u0259 a\u015fa\u011f\u0131 \u0259traflar, s\u00fcm\u00fckl\u0259r, d\u0259ri-fassiya-\u0259z\u0259l\u0259 kompleksi v\u0259 onlar\u0131n seqmentl\u0259ri, s\u00fcm\u00fck iliyi, g\u00f6z\u00fcn buynuz qi\u015fas\u0131 v\u0259 k\u00f6k h\u00fcceyr\u0259l\u0259ri g\u00f6t\u00fcrm\u0259k m\u00fcmk\u00fcnd\u00fcr.<\/p>\n\n\n\n<p>Orqan k\u00f6\u00e7\u00fcrm\u0259l\u0259ri icbari tibbi s\u0131\u011forta \u00fczr\u0259 xidm\u0259tl\u0259r z\u0259rfin\u0259 2022-ci ilin \u0259vv\u0259lind\u0259n sal\u0131n\u0131b.<\/p>\n","protected":false},"excerpt":{"rendered":"<p>Adil Qeybulla: &#8220;T\u00fcrkiy\u0259li h\u0259kiml\u0259rin t\u00f6vsiy\u0259sin\u0259 \u0259m\u0259l edilm\u0259lidir&#8221; T\u0259rt\u0259rin Azadqaraqoyunlu k\u0259nd &#8230; <\/p>\n<p class=\"read-more-container\"><a title=\"Ke\u00e7mi\u015f m\u00fc\u0259llim\u0259 t\u00fcrkiy\u0259li h\u0259kiml\u0259r m\u00fcalic\u0259, az\u0259rbaycanl\u0131 h\u0259kiml\u0259r \u0259m\u0259liyyat t\u0259klif edir\" class=\"read-more button\" href=\"https:\/\/www.meydan.tv\/az\/article\/kecmis-muellime-turkiyeli-hekimler-mualice-azerbaycanli-hekimler-emeliyyat-teklif-edir\/#more-269457\" aria-label=\"Read more about Ke\u00e7mi\u015f m\u00fc\u0259llim\u0259 t\u00fcrkiy\u0259li h\u0259kiml\u0259r m\u00fcalic\u0259, az\u0259rbaycanl\u0131 h\u0259kiml\u0259r \u0259m\u0259liyyat t\u0259klif edir\">Davam\u0131<\/a><\/p>\n","protected":false},"author":18,"featured_media":269458,"comment_status":"closed","ping_status":"closed","sticky":false,"template":"","format":"standard","meta":{"_acf_changed":false,"_sitemap_exclude":false,"_sitemap_priority":"","_sitemap_frequency":"","footnotes":""},"categories":[60,56],"tags":[],"class_list":["post-269457","post","type-post","status-publish","format-standard","has-post-thumbnail","hentry","category-bolge","category-xeberler","infinite-scroll-item","generate-columns","tablet-grid-50","mobile-grid-100","grid-parent","grid-33","no-featured-image-padding"],"acf":[],"yoast_head":"<!-- This site is optimized with the Yoast SEO plugin v27.5 - https:\/\/yoast.com\/product\/yoast-seo-wordpress\/ -->\n<title>Ke\u00e7mi\u015f m\u00fc\u0259llim\u0259 t\u00fcrkiy\u0259li h\u0259kiml\u0259r m\u00fcalic\u0259, az\u0259rbaycanl\u0131 h\u0259kiml\u0259r \u0259m\u0259liyyat t\u0259klif edir - MEYDAN.TV<\/title>\n<meta name=\"robots\" content=\"index, follow, max-snippet:-1, max-image-preview:large, max-video-preview:-1\" \/>\n<link rel=\"canonical\" href=\"https:\/\/www.meydan.tv\/az\/article\/kecmis-muellime-turkiyeli-hekimler-mualice-azerbaycanli-hekimler-emeliyyat-teklif-edir\/\" \/>\n<meta property=\"og:locale\" content=\"az_AZ\" \/>\n<meta property=\"og:type\" content=\"article\" \/>\n<meta property=\"og:title\" content=\"Ke\u00e7mi\u015f m\u00fc\u0259llim\u0259 t\u00fcrkiy\u0259li h\u0259kiml\u0259r m\u00fcalic\u0259, az\u0259rbaycanl\u0131 h\u0259kiml\u0259r \u0259m\u0259liyyat t\u0259klif edir - MEYDAN.TV\" \/>\n<meta property=\"og:description\" content=\"Adil Qeybulla: &#8220;T\u00fcrkiy\u0259li h\u0259kiml\u0259rin t\u00f6vsiy\u0259sin\u0259 \u0259m\u0259l edilm\u0259lidir&#8221; T\u0259rt\u0259rin Azadqaraqoyunlu k\u0259nd ... Davam\u0131\" \/>\n<meta property=\"og:url\" content=\"https:\/\/www.meydan.tv\/az\/article\/kecmis-muellime-turkiyeli-hekimler-mualice-azerbaycanli-hekimler-emeliyyat-teklif-edir\/\" \/>\n<meta property=\"og:site_name\" content=\"MEYDAN.TV\" \/>\n<meta property=\"article:published_time\" content=\"2023-02-27T13:45:17+00:00\" \/>\n<meta property=\"article:modified_time\" content=\"2023-02-27T13:45:22+00:00\" \/>\n<meta property=\"og:image\" content=\"https:\/\/www.meydan.tv\/wp-content\/uploads\/maxresdefault-2-1.jpg\" \/>\n\t<meta property=\"og:image:width\" content=\"1280\" \/>\n\t<meta property=\"og:image:height\" content=\"720\" \/>\n\t<meta property=\"og:image:type\" content=\"image\/jpeg\" \/>\n<meta name=\"author\" content=\"miron\" \/>\n<meta name=\"twitter:card\" content=\"summary_large_image\" \/>\n<script type=\"application\/ld+json\" class=\"yoast-schema-graph\">{\"@context\":\"https:\\\/\\\/schema.org\",\"@graph\":[{\"@type\":\"Article\",\"@id\":\"https:\\\/\\\/www.meydan.tv\\\/az\\\/article\\\/kecmis-muellime-turkiyeli-hekimler-mualice-azerbaycanli-hekimler-emeliyyat-teklif-edir\\\/#article\",\"isPartOf\":{\"@id\":\"https:\\\/\\\/www.meydan.tv\\\/az\\\/article\\\/kecmis-muellime-turkiyeli-hekimler-mualice-azerbaycanli-hekimler-emeliyyat-teklif-edir\\\/\"},\"author\":{\"name\":\"miron\",\"@id\":\"https:\\\/\\\/www.meydan.tv\\\/az\\\/#\\\/schema\\\/person\\\/981b0b284aeaa9ad0cbf814cd4a9d67c\"},\"headline\":\"Ke\u00e7mi\u015f m\u00fc\u0259llim\u0259 t\u00fcrkiy\u0259li h\u0259kiml\u0259r m\u00fcalic\u0259, az\u0259rbaycanl\u0131 h\u0259kiml\u0259r \u0259m\u0259liyyat t\u0259klif edir\",\"datePublished\":\"2023-02-27T13:45:17+00:00\",\"dateModified\":\"2023-02-27T13:45:22+00:00\",\"mainEntityOfPage\":{\"@id\":\"https:\\\/\\\/www.meydan.tv\\\/az\\\/article\\\/kecmis-muellime-turkiyeli-hekimler-mualice-azerbaycanli-hekimler-emeliyyat-teklif-edir\\\/\"},\"wordCount\":723,\"publisher\":{\"@id\":\"https:\\\/\\\/www.meydan.tv\\\/az\\\/#organization\"},\"image\":{\"@id\":\"https:\\\/\\\/www.meydan.tv\\\/az\\\/article\\\/kecmis-muellime-turkiyeli-hekimler-mualice-azerbaycanli-hekimler-emeliyyat-teklif-edir\\\/#primaryimage\"},\"thumbnailUrl\":\"https:\\\/\\\/www.meydan.tv\\\/wp-content\\\/uploads\\\/maxresdefault-2-1.jpg\",\"articleSection\":[\"B\u00f6lg\u0259\",\"X\u0259b\u0259rl\u0259r\"],\"inLanguage\":\"az\"},{\"@type\":\"WebPage\",\"@id\":\"https:\\\/\\\/www.meydan.tv\\\/az\\\/article\\\/kecmis-muellime-turkiyeli-hekimler-mualice-azerbaycanli-hekimler-emeliyyat-teklif-edir\\\/\",\"url\":\"https:\\\/\\\/www.meydan.tv\\\/az\\\/article\\\/kecmis-muellime-turkiyeli-hekimler-mualice-azerbaycanli-hekimler-emeliyyat-teklif-edir\\\/\",\"name\":\"Ke\u00e7mi\u015f m\u00fc\u0259llim\u0259 t\u00fcrkiy\u0259li h\u0259kiml\u0259r m\u00fcalic\u0259, az\u0259rbaycanl\u0131 h\u0259kiml\u0259r \u0259m\u0259liyyat t\u0259klif edir - MEYDAN.TV\",\"isPartOf\":{\"@id\":\"https:\\\/\\\/www.meydan.tv\\\/az\\\/#website\"},\"primaryImageOfPage\":{\"@id\":\"https:\\\/\\\/www.meydan.tv\\\/az\\\/article\\\/kecmis-muellime-turkiyeli-hekimler-mualice-azerbaycanli-hekimler-emeliyyat-teklif-edir\\\/#primaryimage\"},\"image\":{\"@id\":\"https:\\\/\\\/www.meydan.tv\\\/az\\\/article\\\/kecmis-muellime-turkiyeli-hekimler-mualice-azerbaycanli-hekimler-emeliyyat-teklif-edir\\\/#primaryimage\"},\"thumbnailUrl\":\"https:\\\/\\\/www.meydan.tv\\\/wp-content\\\/uploads\\\/maxresdefault-2-1.jpg\",\"datePublished\":\"2023-02-27T13:45:17+00:00\",\"dateModified\":\"2023-02-27T13:45:22+00:00\",\"breadcrumb\":{\"@id\":\"https:\\\/\\\/www.meydan.tv\\\/az\\\/article\\\/kecmis-muellime-turkiyeli-hekimler-mualice-azerbaycanli-hekimler-emeliyyat-teklif-edir\\\/#breadcrumb\"},\"inLanguage\":\"az\",\"potentialAction\":[{\"@type\":\"ReadAction\",\"target\":[\"https:\\\/\\\/www.meydan.tv\\\/az\\\/article\\\/kecmis-muellime-turkiyeli-hekimler-mualice-azerbaycanli-hekimler-emeliyyat-teklif-edir\\\/\"]}]},{\"@type\":\"ImageObject\",\"inLanguage\":\"az\",\"@id\":\"https:\\\/\\\/www.meydan.tv\\\/az\\\/article\\\/kecmis-muellime-turkiyeli-hekimler-mualice-azerbaycanli-hekimler-emeliyyat-teklif-edir\\\/#primaryimage\",\"url\":\"https:\\\/\\\/www.meydan.tv\\\/wp-content\\\/uploads\\\/maxresdefault-2-1.jpg\",\"contentUrl\":\"https:\\\/\\\/www.meydan.tv\\\/wp-content\\\/uploads\\\/maxresdefault-2-1.jpg\",\"width\":1280,\"height\":720,\"caption\":\"M\u0259nb\u0259: Video screenshot\"},{\"@type\":\"BreadcrumbList\",\"@id\":\"https:\\\/\\\/www.meydan.tv\\\/az\\\/article\\\/kecmis-muellime-turkiyeli-hekimler-mualice-azerbaycanli-hekimler-emeliyyat-teklif-edir\\\/#breadcrumb\",\"itemListElement\":[{\"@type\":\"ListItem\",\"position\":1,\"name\":\"Ana s\u0259hif\u0259\",\"item\":\"https:\\\/\\\/www.meydan.tv\\\/az\\\/\"},{\"@type\":\"ListItem\",\"position\":2,\"name\":\"X\u0259b\u0259rl\u0259r\",\"item\":\"https:\\\/\\\/www.meydan.tv\\\/az\\\/section\\\/xeberler\\\/\"},{\"@type\":\"ListItem\",\"position\":3,\"name\":\"Ke\u00e7mi\u015f m\u00fc\u0259llim\u0259 t\u00fcrkiy\u0259li h\u0259kiml\u0259r m\u00fcalic\u0259, az\u0259rbaycanl\u0131 h\u0259kiml\u0259r \u0259m\u0259liyyat t\u0259klif edir\"}]},{\"@type\":\"WebSite\",\"@id\":\"https:\\\/\\\/www.meydan.tv\\\/az\\\/#website\",\"url\":\"https:\\\/\\\/www.meydan.tv\\\/az\\\/\",\"name\":\"MEYDAN.TV\",\"description\":\"Meydan TV Az\u0259rbaycan\u0131n media m\u0259kan\u0131ndak\u0131 alternativ s\u0259sidir\",\"publisher\":{\"@id\":\"https:\\\/\\\/www.meydan.tv\\\/az\\\/#organization\"},\"potentialAction\":[{\"@type\":\"SearchAction\",\"target\":{\"@type\":\"EntryPoint\",\"urlTemplate\":\"https:\\\/\\\/www.meydan.tv\\\/az\\\/?s={search_term_string}\"},\"query-input\":{\"@type\":\"PropertyValueSpecification\",\"valueRequired\":true,\"valueName\":\"search_term_string\"}}],\"inLanguage\":\"az\"},{\"@type\":\"Organization\",\"@id\":\"https:\\\/\\\/www.meydan.tv\\\/az\\\/#organization\",\"name\":\"Meydan TV\",\"url\":\"https:\\\/\\\/www.meydan.tv\\\/az\\\/\",\"logo\":{\"@type\":\"ImageObject\",\"inLanguage\":\"az\",\"@id\":\"https:\\\/\\\/www.meydan.tv\\\/az\\\/#\\\/schema\\\/logo\\\/image\\\/\",\"url\":\"https:\\\/\\\/www.meydan.tv\\\/wp-content\\\/uploads\\\/2021\\\/07\\\/meydan-logo.svg\",\"contentUrl\":\"https:\\\/\\\/www.meydan.tv\\\/wp-content\\\/uploads\\\/2021\\\/07\\\/meydan-logo.svg\",\"width\":195,\"height\":46,\"caption\":\"Meydan TV\"},\"image\":{\"@id\":\"https:\\\/\\\/www.meydan.tv\\\/az\\\/#\\\/schema\\\/logo\\\/image\\\/\"}},{\"@type\":\"Person\",\"@id\":\"https:\\\/\\\/www.meydan.tv\\\/az\\\/#\\\/schema\\\/person\\\/981b0b284aeaa9ad0cbf814cd4a9d67c\",\"name\":\"miron\"}]}<\/script>\n<!-- \/ Yoast SEO plugin. -->","yoast_head_json":{"title":"Ke\u00e7mi\u015f m\u00fc\u0259llim\u0259 t\u00fcrkiy\u0259li h\u0259kiml\u0259r m\u00fcalic\u0259, az\u0259rbaycanl\u0131 h\u0259kiml\u0259r \u0259m\u0259liyyat t\u0259klif edir - MEYDAN.TV","robots":{"index":"index","follow":"follow","max-snippet":"max-snippet:-1","max-image-preview":"max-image-preview:large","max-video-preview":"max-video-preview:-1"},"canonical":"https:\/\/www.meydan.tv\/az\/article\/kecmis-muellime-turkiyeli-hekimler-mualice-azerbaycanli-hekimler-emeliyyat-teklif-edir\/","og_locale":"az_AZ","og_type":"article","og_title":"Ke\u00e7mi\u015f m\u00fc\u0259llim\u0259 t\u00fcrkiy\u0259li h\u0259kiml\u0259r m\u00fcalic\u0259, az\u0259rbaycanl\u0131 h\u0259kiml\u0259r \u0259m\u0259liyyat t\u0259klif edir - MEYDAN.TV","og_description":"Adil Qeybulla: &#8220;T\u00fcrkiy\u0259li h\u0259kiml\u0259rin t\u00f6vsiy\u0259sin\u0259 \u0259m\u0259l edilm\u0259lidir&#8221; T\u0259rt\u0259rin Azadqaraqoyunlu k\u0259nd ... Davam\u0131","og_url":"https:\/\/www.meydan.tv\/az\/article\/kecmis-muellime-turkiyeli-hekimler-mualice-azerbaycanli-hekimler-emeliyyat-teklif-edir\/","og_site_name":"MEYDAN.TV","article_published_time":"2023-02-27T13:45:17+00:00","article_modified_time":"2023-02-27T13:45:22+00:00","og_image":[{"width":1280,"height":720,"url":"https:\/\/www.meydan.tv\/wp-content\/uploads\/maxresdefault-2-1.jpg","type":"image\/jpeg"}],"author":"miron","twitter_card":"summary_large_image","schema":{"@context":"https:\/\/schema.org","@graph":[{"@type":"Article","@id":"https:\/\/www.meydan.tv\/az\/article\/kecmis-muellime-turkiyeli-hekimler-mualice-azerbaycanli-hekimler-emeliyyat-teklif-edir\/#article","isPartOf":{"@id":"https:\/\/www.meydan.tv\/az\/article\/kecmis-muellime-turkiyeli-hekimler-mualice-azerbaycanli-hekimler-emeliyyat-teklif-edir\/"},"author":{"name":"miron","@id":"https:\/\/www.meydan.tv\/az\/#\/schema\/person\/981b0b284aeaa9ad0cbf814cd4a9d67c"},"headline":"Ke\u00e7mi\u015f m\u00fc\u0259llim\u0259 t\u00fcrkiy\u0259li h\u0259kiml\u0259r m\u00fcalic\u0259, az\u0259rbaycanl\u0131 h\u0259kiml\u0259r \u0259m\u0259liyyat t\u0259klif edir","datePublished":"2023-02-27T13:45:17+00:00","dateModified":"2023-02-27T13:45:22+00:00","mainEntityOfPage":{"@id":"https:\/\/www.meydan.tv\/az\/article\/kecmis-muellime-turkiyeli-hekimler-mualice-azerbaycanli-hekimler-emeliyyat-teklif-edir\/"},"wordCount":723,"publisher":{"@id":"https:\/\/www.meydan.tv\/az\/#organization"},"image":{"@id":"https:\/\/www.meydan.tv\/az\/article\/kecmis-muellime-turkiyeli-hekimler-mualice-azerbaycanli-hekimler-emeliyyat-teklif-edir\/#primaryimage"},"thumbnailUrl":"https:\/\/www.meydan.tv\/wp-content\/uploads\/maxresdefault-2-1.jpg","articleSection":["B\u00f6lg\u0259","X\u0259b\u0259rl\u0259r"],"inLanguage":"az"},{"@type":"WebPage","@id":"https:\/\/www.meydan.tv\/az\/article\/kecmis-muellime-turkiyeli-hekimler-mualice-azerbaycanli-hekimler-emeliyyat-teklif-edir\/","url":"https:\/\/www.meydan.tv\/az\/article\/kecmis-muellime-turkiyeli-hekimler-mualice-azerbaycanli-hekimler-emeliyyat-teklif-edir\/","name":"Ke\u00e7mi\u015f m\u00fc\u0259llim\u0259 t\u00fcrkiy\u0259li h\u0259kiml\u0259r m\u00fcalic\u0259, az\u0259rbaycanl\u0131 h\u0259kiml\u0259r \u0259m\u0259liyyat t\u0259klif edir - MEYDAN.TV","isPartOf":{"@id":"https:\/\/www.meydan.tv\/az\/#website"},"primaryImageOfPage":{"@id":"https:\/\/www.meydan.tv\/az\/article\/kecmis-muellime-turkiyeli-hekimler-mualice-azerbaycanli-hekimler-emeliyyat-teklif-edir\/#primaryimage"},"image":{"@id":"https:\/\/www.meydan.tv\/az\/article\/kecmis-muellime-turkiyeli-hekimler-mualice-azerbaycanli-hekimler-emeliyyat-teklif-edir\/#primaryimage"},"thumbnailUrl":"https:\/\/www.meydan.tv\/wp-content\/uploads\/maxresdefault-2-1.jpg","datePublished":"2023-02-27T13:45:17+00:00","dateModified":"2023-02-27T13:45:22+00:00","breadcrumb":{"@id":"https:\/\/www.meydan.tv\/az\/article\/kecmis-muellime-turkiyeli-hekimler-mualice-azerbaycanli-hekimler-emeliyyat-teklif-edir\/#breadcrumb"},"inLanguage":"az","potentialAction":[{"@type":"ReadAction","target":["https:\/\/www.meydan.tv\/az\/article\/kecmis-muellime-turkiyeli-hekimler-mualice-azerbaycanli-hekimler-emeliyyat-teklif-edir\/"]}]},{"@type":"ImageObject","inLanguage":"az","@id":"https:\/\/www.meydan.tv\/az\/article\/kecmis-muellime-turkiyeli-hekimler-mualice-azerbaycanli-hekimler-emeliyyat-teklif-edir\/#primaryimage","url":"https:\/\/www.meydan.tv\/wp-content\/uploads\/maxresdefault-2-1.jpg","contentUrl":"https:\/\/www.meydan.tv\/wp-content\/uploads\/maxresdefault-2-1.jpg","width":1280,"height":720,"caption":"M\u0259nb\u0259: Video screenshot"},{"@type":"BreadcrumbList","@id":"https:\/\/www.meydan.tv\/az\/article\/kecmis-muellime-turkiyeli-hekimler-mualice-azerbaycanli-hekimler-emeliyyat-teklif-edir\/#breadcrumb","itemListElement":[{"@type":"ListItem","position":1,"name":"Ana s\u0259hif\u0259","item":"https:\/\/www.meydan.tv\/az\/"},{"@type":"ListItem","position":2,"name":"X\u0259b\u0259rl\u0259r","item":"https:\/\/www.meydan.tv\/az\/section\/xeberler\/"},{"@type":"ListItem","position":3,"name":"Ke\u00e7mi\u015f m\u00fc\u0259llim\u0259 t\u00fcrkiy\u0259li h\u0259kiml\u0259r m\u00fcalic\u0259, az\u0259rbaycanl\u0131 h\u0259kiml\u0259r \u0259m\u0259liyyat t\u0259klif edir"}]},{"@type":"WebSite","@id":"https:\/\/www.meydan.tv\/az\/#website","url":"https:\/\/www.meydan.tv\/az\/","name":"MEYDAN.TV","description":"Meydan TV Az\u0259rbaycan\u0131n media m\u0259kan\u0131ndak\u0131 alternativ s\u0259sidir","publisher":{"@id":"https:\/\/www.meydan.tv\/az\/#organization"},"potentialAction":[{"@type":"SearchAction","target":{"@type":"EntryPoint","urlTemplate":"https:\/\/www.meydan.tv\/az\/?s={search_term_string}"},"query-input":{"@type":"PropertyValueSpecification","valueRequired":true,"valueName":"search_term_string"}}],"inLanguage":"az"},{"@type":"Organization","@id":"https:\/\/www.meydan.tv\/az\/#organization","name":"Meydan TV","url":"https:\/\/www.meydan.tv\/az\/","logo":{"@type":"ImageObject","inLanguage":"az","@id":"https:\/\/www.meydan.tv\/az\/#\/schema\/logo\/image\/","url":"https:\/\/www.meydan.tv\/wp-content\/uploads\/2021\/07\/meydan-logo.svg","contentUrl":"https:\/\/www.meydan.tv\/wp-content\/uploads\/2021\/07\/meydan-logo.svg","width":195,"height":46,"caption":"Meydan TV"},"image":{"@id":"https:\/\/www.meydan.tv\/az\/#\/schema\/logo\/image\/"}},{"@type":"Person","@id":"https:\/\/www.meydan.tv\/az\/#\/schema\/person\/981b0b284aeaa9ad0cbf814cd4a9d67c","name":"miron"}]}},"_links":{"self":[{"href":"https:\/\/www.meydan.tv\/az\/wp-json\/wp\/v2\/posts\/269457","targetHints":{"allow":["GET"]}}],"collection":[{"href":"https:\/\/www.meydan.tv\/az\/wp-json\/wp\/v2\/posts"}],"about":[{"href":"https:\/\/www.meydan.tv\/az\/wp-json\/wp\/v2\/types\/post"}],"author":[{"embeddable":true,"href":"https:\/\/www.meydan.tv\/az\/wp-json\/wp\/v2\/users\/18"}],"replies":[{"embeddable":true,"href":"https:\/\/www.meydan.tv\/az\/wp-json\/wp\/v2\/comments?post=269457"}],"version-history":[{"count":2,"href":"https:\/\/www.meydan.tv\/az\/wp-json\/wp\/v2\/posts\/269457\/revisions"}],"predecessor-version":[{"id":269484,"href":"https:\/\/www.meydan.tv\/az\/wp-json\/wp\/v2\/posts\/269457\/revisions\/269484"}],"wp:featuredmedia":[{"embeddable":true,"href":"https:\/\/www.meydan.tv\/az\/wp-json\/wp\/v2\/media\/269458"}],"wp:attachment":[{"href":"https:\/\/www.meydan.tv\/az\/wp-json\/wp\/v2\/media?parent=269457"}],"wp:term":[{"taxonomy":"category","embeddable":true,"href":"https:\/\/www.meydan.tv\/az\/wp-json\/wp\/v2\/categories?post=269457"},{"taxonomy":"post_tag","embeddable":true,"href":"https:\/\/www.meydan.tv\/az\/wp-json\/wp\/v2\/tags?post=269457"}],"curies":[{"name":"wp","href":"https:\/\/api.w.org\/{rel}","templated":true}]}}