{"id":269446,"date":"2023-02-27T16:39:19","date_gmt":"2023-02-27T12:39:19","guid":{"rendered":"https:\/\/www.meydan.tv\/?p=269446"},"modified":"2023-02-27T18:53:55","modified_gmt":"2023-02-27T14:53:55","slug":"evi-ola-ola-30-ildir-kirayede-yasayan-aile","status":"publish","type":"post","link":"https:\/\/www.meydan.tv\/az\/article\/evi-ola-ola-30-ildir-kirayede-yasayan-aile\/","title":{"rendered":"Evi ola-ola 30 ildir, kiray\u0259d\u0259 ya\u015fayan ail\u0259"},"content":{"rendered":"\n<p><\/p>\n\n\n\n<p><em>\u201c\u0130ndiy\u0259d\u0259k kiray\u0259l\u0259r\u0259 30 mind\u0259n \u00e7ox x\u0259rcimiz \u00e7\u0131x\u0131b, \u00e7\u0259tidir\u201d<\/em><\/p>\n\n\n\n<p>Sumqay\u0131tda d\u00f6rd otaql\u0131 evi ola-ola 30 ildir kiray\u0259l\u0259rd\u0259 ya\u015fay\u0131r, bu \u015f\u0259h\u0259rin sakini H\u0259qiq\u0259t A\u011faki\u015fiyeva. Hesablamalar\u0131na g\u00f6r\u0259, indiy\u0259d\u0259k kiray\u0259l\u0259r\u0259 30 min manatdan art\u0131q pulu \u00e7\u0131x\u0131b. Dem\u0259sin\u0259 g\u00f6r\u0259, bu, onlar kimi \u00e7\u0259tinlikl\u0259 dolanan ail\u0259 \u00fc\u00e7\u00fcn olduqca b\u00f6y\u00fck m\u0259bl\u0259\u011fdir.<\/p>\n\n\n\n<p><strong><em>\u00d6z\u00fc kiray\u0259d\u0259 ya\u015fay\u0131r, evind\u0259 ba\u015fqas\u0131 m\u0259skunla\u015f\u0131b<\/em><\/strong><\/p>\n\n\n\n<p>H\u0259qiq\u0259t A\u011faki\u015fiyevan\u0131n evind\u0259 K\u0259lb\u0259c\u0259rd\u0259n olan k\u00f6\u00e7k\u00fcn ail\u0259si m\u0259skunla\u015f\u0131b.<\/p>\n\n\n\n<p>\u201cB\u0259li, m\u00fcharib\u0259 he\u00e7 birimizin g\u00fcnah\u0131ndan ba\u015f vermir, lakin dem\u0259liy\u0259m ki, onlar\u0131n m\u00fclkiyy\u0259t h\u00fcququ bizim haqq\u0131m\u0131z\u0131n, h\u00fcququmuzun pozulmas\u0131 hesab\u0131na b\u0259rpa edilib. Onlar bir ne\u00e7\u0259 il, biz is\u0259 30 ild\u0259n art\u0131qd\u0131r ki, evsiz qalm\u0131\u015f\u0131q\u201d.<\/p>\n\n\n\n<p><em><strong>\u201cEv\u0259 bizd\u0259n \u0259vv\u0259l ba\u015fqas\u0131 k\u00f6\u00e7m\u00fc\u015fd\u00fc<\/strong>\u201d<\/em><\/p>\n\n\n\n<figure class=\"wp-block-image size-large\"><img decoding=\"async\" width=\"594\" height=\"821\" data-src=\"https:\/\/www.meydan.tv\/wp-content\/uploads\/heqiqet-agakisiyeva-594x821.jpeg\" alt=\"\" class=\"wp-image-269447 lazyload\" src=\"data:image\/svg+xml;base64,PHN2ZyB3aWR0aD0iMSIgaGVpZ2h0PSIxIiB4bWxucz0iaHR0cDovL3d3dy53My5vcmcvMjAwMC9zdmciPjwvc3ZnPg==\" style=\"--smush-placeholder-width: 594px; --smush-placeholder-aspect-ratio: 594\/821;\" \/><\/figure>\n\n\n\n<p>A\u011faki\u015fiyevl\u0259r ail\u0259si h\u0259min evi d\u0259 asanl\u0131qla \u0259ld\u0259 etm\u0259yibl\u0259r. \u0130ll\u0259rl\u0259 \u0259ziyy\u0259t \u00e7\u0259kib i\u015fl\u0259y\u0259nd\u0259n sonra d\u00f6vl\u0259t t\u0259r\u0259find\u0259n verilib:<\/p>\n\n\n\n<p><em><strong>\u201c\u0130ll\u0259rl\u0259 \u201cXimkombinat\u201ddan (indiki \u00dczvi-Sintez Birliyi) i\u015fl\u0259y\u0259nd\u0259n sonra bizi ev n\u00f6vb\u0259sin\u0259 salm\u0131\u015fd\u0131lar. 1978-ci ild\u0259 biz\u0259 ev verdil\u0259r. 1994-c\u00fc il\u0259d\u0259k orada ya\u015fam\u0131\u015f\u0131q. Sonra ail\u0259miz b\u00f6y\u00fcd\u00fcy\u00fcnd\u0259n v\u0259 yer problemi ya\u015fad\u0131\u011f\u0131m\u0131zdan yenid\u0259n m\u00fcraci\u0259t edib, daha b\u00f6y\u00fck ev verm\u0259l\u0259rini rica etdik\u201d.<\/strong><\/em><\/p>\n\n\n\n<p>A\u011faki\u015fiyevl\u0259r ail\u0259sin\u0259 \u0259ll\u0259rind\u0259ki evi d\u00f6vl\u0259t\u0259 t\u0259hvil verm\u0259k \u015f\u0259rtil\u0259 d\u00f6rdotaql\u0131 m\u0259nzil verilib. H\u0259qiq\u0259t A\u011faki\u015fiyevan\u0131n dem\u0259sin\u0259 g\u00f6r\u0259, sevinc\u0259k toparlan\u0131b, m\u0259nzil\u0259 k\u00f6\u00e7m\u0259y\u0259 macal tapmam\u0131\u015f, evl\u0259rin\u0259 ya\u015famaq \u00fc\u00e7\u00fcn ba\u015fqalar\u0131n\u0131n girdiyini \u00f6yr\u0259nibl\u0259r. Ail\u0259 \u0259ll\u0259rind\u0259ki, ill\u0259rl\u0259 ya\u015fad\u0131qlar\u0131 evi d\u00f6vl\u0259t\u0259 t\u0259hvil verdikl\u0259rind\u0259n, k\u00fc\u00e7\u0259d\u0259 qal\u0131b:<\/p>\n\n\n\n<p>\u201c<em><strong>O vaxtdan bu yana kiray\u0259l\u0259rd\u0259 s\u00fcr\u00fcn\u00fcr\u00fck. \u00c7ox \u00e7\u0259tindir, a\u011f\u0131rd\u0131r, ill\u0259rl\u0259 i\u015fl\u0259, \u0259ziyy\u0259t \u00e7\u0259k, qazand\u0131\u011f\u0131n, \u0259ld\u0259 olan t\u0259k \u0259mlak\u0131n da bel\u0259c\u0259 havaya sovrulsun<\/strong><\/em>\u201d, &#8211; H\u0259qiq\u0259t A\u011faki\u015fiyeva \u015fikay\u0259tl\u0259nir.<\/p>\n\n\n\n<p>\u201cH\u0259yat yolda\u015f\u0131m \u00e7ox \u00e7al\u0131\u015fd\u0131, amma birc\u0259 g\u00fcn d\u0259 evind\u0259 ya\u015faya bilm\u0259di\u201d<\/p>\n\n\n\n<p>H\u0259qiq\u0259t A\u011faki\u015fiyeva bildirir ki, h\u0259yat yolda\u015f\u0131 uzun ill\u0259r evl\u0259rinin geri qay\u0131tmas\u0131 \u00fc\u00e7\u00fcn m\u00fcbariz\u0259 apar\u0131b, \u015fikay\u0259tl\u0259r yaz\u0131b, m\u0259hk\u0259m\u0259l\u0259r\u0259 gedib, lakin m\u00fcmk\u00fcn olmay\u0131b. O, 2019-cu ild\u0259 \u00f6z evind\u0259 birc\u0259 g\u00fcn bel\u0259 ya\u015famadan, ail\u0259nin kiray\u0259 qald\u0131\u011f\u0131 m\u0259nzild\u0259 v\u0259fat edib:<\/p>\n\n\n\n<p>\u201c<em><strong>H\u0259yat yolda\u015f\u0131m r\u0259hm\u0259t\u0259 ged\u0259n\u0259c\u0259n \u00f6z evimizd\u0259 ya\u015famaq \u00fc\u00e7\u00fcn uzun m\u00fcdd\u0259t m\u00fcbariz\u0259 apard\u0131. Lakin ona \u00f6z evind\u0259 birc\u0259 g\u00fcn bel\u0259 ya\u015famaq qism\u0259t olmad\u0131. Bundan sonrak\u0131 arzum he\u00e7 olmasa \u00f6vladlar\u0131m\u0131z \u00f6z evl\u0259rind\u0259 ya\u015famas\u0131d\u0131r<\/strong><\/em>\u201d.<\/p>\n\n\n\n<figure class=\"wp-block-image size-large\"><img decoding=\"async\" width=\"898\" height=\"821\" data-src=\"https:\/\/www.meydan.tv\/wp-content\/uploads\/sumqayitda-bina-898x821.jpeg\" alt=\"\" class=\"wp-image-269450 lazyload\" src=\"data:image\/svg+xml;base64,PHN2ZyB3aWR0aD0iMSIgaGVpZ2h0PSIxIiB4bWxucz0iaHR0cDovL3d3dy53My5vcmcvMjAwMC9zdmciPjwvc3ZnPg==\" style=\"--smush-placeholder-width: 898px; --smush-placeholder-aspect-ratio: 898\/821;\" \/><\/figure>\n\n\n\n<p><strong><em>\u201c\u201c66-lar\u201d dey\u0259 ad \u00e7\u0131xarm\u0131\u015fd\u0131q\u201d<\/em><\/strong><\/p>\n\n\n\n<p>H\u0259qiq\u0259t A\u011faki\u015fiyeva Sumqay\u0131tda onlar kimi evind\u0259 k\u00f6\u00e7k\u00fcn ail\u0259si ya\u015fayan 66 ail\u0259 d\u0259 tan\u0131y\u0131r. Deyir, ill\u0259rl\u0259 birg\u0259 m\u00fcbariz\u0259 apar\u0131blar. H\u0259tta d\u00f6vl\u0259t orqanlar\u0131nda onlara \u201c66-lar\u201d ad\u0131 da qoyulub:<\/p>\n\n\n\n<p>\u201c<em>Prezident Administrasiyas\u0131na o q\u0259d\u0259r \u015fikay\u0259t\u0259 gedirdik ki, art\u0131q bizi g\u00f6r\u0259nd\u0259 deyirdil\u0259r ki, \u201c66-lar\u201d yen\u0259 g\u0259ldi. Bir s\u00f6zl\u0259, qap\u0131s\u0131n\u0131 d\u00f6ym\u0259diyimiz d\u00f6vl\u0259t qurumu qalmad\u0131, problemimiz \u00e7\u00f6z\u00fclm\u0259di\u201d<\/em>.<\/p>\n\n\n\n<p><strong><em>\u0130cra edilm\u0259y\u0259n m\u0259hk\u0259m\u0259 q\u0259rarlar\u0131<\/em><\/strong><\/p>\n\n\n\n<p>H\u0259qiq\u0259t A\u011faki\u015fiyeva bildirir ki, m\u0259hk\u0259m\u0259l\u0259rd\u0259 d\u0259 qalib g\u0259libl\u0259r. D\u00fcz on iki ildir ki, qanuni q\u00fcvv\u0259y\u0259 minmi\u015f m\u0259hk\u0259m\u0259 q\u0259tnam\u0259si icra edilmir:<\/p>\n\n\n\n<p>\u201c<em>Bu, m\u0259nim m\u00fclkiyy\u0259t v\u0259 Konstitusiya il\u0259 qorunan h\u00fcquqlar\u0131m\u0131n kobud pozuntusudur. Q\u0259tnam\u0259nin icra edilm\u0259m\u0259si Sumqay\u0131t \u015f\u0259h\u0259ri \u0130cra \u015e\u00f6b\u0259sinin qanunsuz h\u0259r\u0259k\u0259tsizliyinin n\u0259tic\u0259sidir. \u0130cra \u015f\u00f6b\u0259sinin h\u0259r\u0259k\u0259tsizliyi n\u0259tic\u0259sind\u0259 m\u0259n\u0259 v\u0259 ail\u0259m\u0259 k\u00fclli miqdarda maddi v\u0259 m\u0259n\u0259vi ziyan d\u0259yib<\/em>\u201d.<\/p>\n\n\n\n<p>\u201c<em><strong>A\u0130HM-d\u0259 d\u0259 m\u00fclkiyy\u0259t h\u00fcququnun pozuntusu t\u0259sdiql\u0259nir, lakin yen\u0259 icra edilmir<\/strong><\/em>\u201d<\/p>\n\n\n\n<p>H\u00fcquq\u015f\u00fcnas Fariz Namazl\u0131n\u0131n Bak\u0131 \u015f\u0259h\u0259rind\u0259 \u015f\u0259xsi evl\u0259r\u0259 daxil olub ya\u015fayan k\u00f6\u00e7k\u00fcnl\u0259rl\u0259 ba\u011fl\u0131 bir ne\u00e7\u0259 i\u015fi olub. Deyir, t\u0259\u0259ss\u00fcf ki, he\u00e7 biri m\u00fcsb\u0259t h\u0259llini tapmay\u0131b:<\/p>\n\n\n\n<p>\u201c<em>V\u0259t\u0259nda\u015f yerli m\u0259hk\u0259m\u0259l\u0259rd\u0259 qalib g\u0259lir. Lakin q\u0259rar icra edilmir. Bu d\u0259f\u0259 icra \u015f\u00f6b\u0259l\u0259rinin h\u0259r\u0259k\u0259tsizliyind\u0259n m\u0259hk\u0259m\u0259y\u0259 \u015fikay\u0259t verilir, m\u00fcsb\u0259t q\u0259rar al\u0131n\u0131r, yen\u0259 icra edilmir. \u0130\u015f Avropa \u0130nsan H\u00fcquqlar\u0131 M\u0259hk\u0259m\u0259sin\u0259d\u0259k (A\u0130HM) gedir, burada da m\u00fclkiyy\u0259t h\u00fcququnun pozuntusu t\u0259sdiql\u0259nir, lakin yen\u0259 icra edilmir. N\u0259tic\u0259 etibaril\u0259 m\u00fclkiyy\u0259t h\u00fcququ faktiki pozulmu\u015f \u015f\u0259xsl\u0259r bu g\u00fcn evl\u0259rind\u0259 ya\u015fam\u0131r<\/em>\u201d.<\/p>\n\n\n\n<p><em><strong>A\u0130HM-nin q\u0259rarlar\u0131<\/strong><\/em><\/p>\n\n\n\n<p>A\u0130HM-nin 8 oktyabr 2020-ci ild\u0259 q\u0259bul etdiyi <a href=\"https:\/\/hudoc.echr.coe.int\/eng#{%22itemid%22:[%22001-204825%22]}\" target=\"_blank\" rel=\"noreferrer noopener\">q\u0259rar<\/a> var.<\/p>\n\n\n\n<p>\u015eikay\u0259t \u201c\u018fliyeva v\u0259 ba\u015fqalar\u0131 Az\u0259rbaycana qar\u015f\u0131\u201d adlan\u0131r.<\/p>\n\n\n\n<p>\u018friz\u0259\u00e7il\u0259r onlar\u0131n xeyrin\u0259 verilmi\u015f m\u0259hk\u0259m\u0259 q\u0259rarlar\u0131n\u0131n icra edilm\u0259m\u0259sind\u0259n v\u0259 ya gecikdirilm\u0259sind\u0259n \u015fikay\u0259t edibl\u0259r. Onlar bu s\u0259b\u0259bd\u0259n m\u00fclkiyy\u0259t h\u00fcquqlar\u0131n\u0131n pozuldu\u011funu iddia edibl\u0259r.<\/p>\n\n\n\n<p>A\u0130HM q\u0259rara g\u0259lib ki, hakimiyy\u0259t orqanlar\u0131 \u0259riz\u0259\u00e7il\u0259rin xeyrin\u0259 q\u0259bul edilmi\u015f q\u0259rarlar\u0131n tam v\u0259 vaxt\u0131nda icras\u0131 \u00fc\u00e7\u00fcn b\u00fct\u00fcn laz\u0131mi s\u0259yl\u0259ri g\u00f6st\u0259rm\u0259yibl\u0259r.<\/p>\n\n\n\n<p>M\u0259hm\u0259k\u0259 \u015fikay\u0259tl\u0259rl\u0259 ba\u011fl\u0131 konvensiyan\u0131n 6-c\u0131 madd\u0259sinin 1-ci b\u0259ndinin v\u0259 1 sayl\u0131 Protokolun 1-ci madd\u0259sinin pozuntusunu tan\u0131y\u0131b. D\u00f6vl\u0259tin \u00fcz\u0259rin\u0259 \u00fc\u00e7 ay \u0259rzind\u0259 q\u0259rarlar\u0131n icras\u0131n\u0131 t\u0259min etm\u0259k v\u0259zif\u0259si qoyub. Lakin bu g\u00fcn\u0259d\u0259k h\u0259min q\u0259rar da icra edilm\u0259yib.<\/p>\n\n\n\n<p>Fariz Namazl\u0131 da deyir ki, bu i\u015fd\u0259 m\u00fcsb\u0259t q\u0259rar \u00e7\u0131xmas\u0131 m\u00fcmk\u00fcnd\u00fcr, lakin icra edilmir. N\u0259tic\u0259 etibaril\u0259 v\u0259t\u0259nda\u015f\u0131n h\u00fcququ b\u0259rpa olunmur v\u0259 i\u015f h\u0259llini tapm\u0131r.<\/p>\n\n\n\n<p><em><strong>N\u0259 q\u0259d\u0259r insan\u0131n m\u00fclkiyy\u0259t h\u00fcququ pozulub?<\/strong><\/em><\/p>\n\n\n\n<p>10 il \u0259vv\u0259lin m\u0259lumat\u0131na g\u00f6r\u0259, Az\u0259rbaycanda \u015f\u0259xsi m\u0259nzill\u0259rd\u0259 m\u0259skunla\u015fan m\u0259cburi k\u00f6\u00e7k\u00fcn ail\u0259l\u0259rinin say\u0131 2998 olub. Bunun 2168-i Bak\u0131da, 629-u&nbsp; Sumqay\u0131t \u015f\u0259h\u0259rind\u0259 qeyd\u0259 al\u0131n\u0131b.<\/p>\n\n\n\n<p>Yeni statistika olmad\u0131\u011f\u0131nda problemin n\u0259 q\u0259d\u0259rinin h\u0259ll edildiyi b\u0259lli deyil.<\/p>\n\n\n\n<p>\u0130qtisad\u00e7\u0131 Natiq C\u0259f\u0259rli deyir ki, Bak\u0131da v\u0259 \u00f6lk\u0259nin dig\u0259r yerl\u0259rind\u0259 m\u0259cburi k\u00f6\u00e7\u00fcnl\u0259rin \u015f\u0259xsi m\u0259nzill\u0259ri z\u0259bt etm\u0259si \u0259sas\u0259n, 90-c\u0131 ill\u0259rd\u0259 ba\u015f verib. Onun s\u00f6zl\u0259rin\u0259 g\u00f6r\u0259, 2000-ci ill\u0259rin ortalar\u0131ndan sonra bir \u00e7ox m\u0259nzill\u0259r sahibin\u0259 qaytar\u0131l\u0131b:<\/p>\n\n\n\n<p>\u201c<em>Bildiyim q\u0259d\u0259ril\u0259 haz\u0131rda bu kimi probleml\u0259r \u00e7ox deyil. \u018fn az\u0131 Bak\u0131 \u015f\u0259h\u0259ri il\u0259 ba\u011fl\u0131 bunu dey\u0259 bil\u0259r\u0259m. Amma ictimai binalar da var ki, onlarda h\u0259l\u0259 d\u0259 m\u0259cburi k\u00f6\u00e7k\u00fcnl\u0259r ya\u015fay\u0131r<\/em>\u201d.<\/p>\n\n\n\n<p><em><strong>Qaraba\u011fa k\u00f6\u00e7\u00fcrm\u0259l\u0259r bar\u0259d\u0259<\/strong><\/em><\/p>\n\n\n\n<p>\u0130qtisad\u00e7\u0131 k\u00f6\u00e7\u00fcr\u00fclm\u0259d\u0259n d\u0259 dan\u0131\u015f\u0131b. Deyir, bu Az\u0259rbaycanda el\u0259 h\u0259yata ke\u00e7irilir ki, plan v\u0259 proqram\u0131n olmad\u0131\u011f\u0131n\u0131 \u00fcz\u0259 \u00e7\u0131xar\u0131r. Bura Z\u0259ngilan\u0131n A\u011fal\u0131 k\u0259ndind\u0259ki \u201cA\u011f\u0131ll\u0131 K\u0259nd\u201d d\u0259 daxildir:<\/p>\n\n\n\n<p>\u201c<em>M\u00fcxt\u0259lif m\u0259nb\u0259l\u0259rd\u0259n ald\u0131\u011f\u0131m m\u0259lumata g\u00f6r\u0259, bu, t\u0259xmin\u0259n 65-70 milyon manata ba\u015fa g\u0259lib. B\u00f6y\u00fck r\u0259q\u0259mdir, \u0259g\u0259r ora bir milyon insan\u0131 k\u00f6\u00e7\u00fcrm\u0259k ist\u0259yirl\u0259rs\u0259, bu tipli layih\u0259l\u0259r vasit\u0259sil\u0259 insanlar\u0131n h\u0259min \u0259razil\u0259r\u0259 k\u00f6\u00e7\u00fcr\u00fclm\u0259si m\u00fcmk\u00fcn deyil. Az\u0259rbaycan h\u00f6kum\u0259ti h\u0259l\u0259 d\u0259 k\u00f6\u00e7\u00fcr\u00fclm\u0259nin strategiyas\u0131 il\u0259 ba\u011fl\u0131 ictimai m\u0259lumatland\u0131rma etm\u0259yib<\/em>\u201d.<\/p>\n\n\n\n<p><strong><em>\u201cM\u00fclkiyy\u0259t h\u00fcquqlar\u0131 il\u0259 ba\u011fl\u0131 qanunvericilik akt\u0131 q\u0259bul edilm\u0259lidir\u201d<\/em><\/strong><\/p>\n\n\n\n<p>Natiq C\u0259f\u0259rli bildirir ki, bu g\u00fcn k\u00f6\u00e7\u00fcr\u00fclm\u0259 il\u0259 ba\u011fl\u0131 kifay\u0259t q\u0259d\u0259r ciddi probleml\u0259r var. H\u0259min \u0259razil\u0259r\u0259 n\u0259 q\u0259d\u0259r insan k\u00f6\u00e7\u00fcr\u00fcl\u0259c\u0259k, h\u0259min yerl\u0259rd\u0259 n\u0259 q\u0259d\u0259r i\u015f yerl\u0259ri a\u00e7\u0131lacaq, iqtisadi f\u00fcrs\u0259tl\u0259r nec\u0259 yaranacaq, b\u00fct\u00fcn bunlar sual alt\u0131ndad\u0131r.<\/p>\n\n\n\n<p>Onun s\u00f6zl\u0259rin\u0259 g\u00f6r\u0259, m\u00fclkiyy\u0259t h\u00fcquqlar\u0131 il\u0259 ba\u011fl\u0131 probleml\u0259r d\u0259 h\u0259llini tapmal\u0131d\u0131r:<\/p>\n\n\n\n<p>&nbsp;\u201c\u0130\u015f\u011fal faktoru daha \u00e7ox 90-93-c\u00fc ill\u0259r \u0259rzind\u0259 oldu. Bu ill\u0259r \u0259razind\u0259, y\u0259ni m\u00fcst\u0259qillikd\u0259n sonra Az\u0259rbaycanda m\u00fclkiyy\u0259tl\u0259 ba\u011fl\u0131 \u00e7\u0131xar\u0131\u015flar\u0131n verilm\u0259sin\u0259 ba\u015flanmay\u0131b. Qanunvericilik akt\u0131 q\u0259bul edilm\u0259lidir. Bunun \u0259sas\u0131nda o m\u00fclkiyy\u0259t\u00e7il\u0259r t\u0259sbit edilm\u0259lidir. H\u0259min \u015f\u0259xsl\u0259rin h\u00fcquqlar\u0131n\u0131n qorunmas\u0131nda o qanuna istinada ehtiyac var\u201d.<\/p>\n\n\n\n<p><strong><em>\u201cTorpaqlar\u0131n azad edilm\u0259sind\u0259n 2 ild\u0259n \u00e7ox vaxt ke\u00e7ib\u201d<\/em><\/strong><\/p>\n\n\n\n<p>\u0130qtisad\u00e7\u0131 deyir ki, sonuncu m\u00fcharib\u0259d\u0259n 2 il yar\u0131mdan \u00e7ox vaxt ke\u00e7ib, lakin m\u00fclkiyy\u0259t m\u0259s\u0259l\u0259l\u0259ri h\u0259l\u0259 d\u0259 h\u0259llini tapmay\u0131b. D\u00fc\u015f\u00fcn\u00fcr ki, m\u0259cburi k\u00f6\u00e7k\u00fcnl\u0259rin do\u011fma yurdlar\u0131na qaytar\u0131lmas\u0131n\u0131n proqram\u0131n\u0131n detallar\u0131n\u0131n ictimai m\u00fczakir\u0259sin\u0259 ehtiyac var:<\/p>\n\n\n\n<p>\u201c<em>H\u00f6kum\u0259t d\u00fc\u015f\u00fcn\u00fcr ki, o h\u0259r \u015feyi d\u00fcz bilir, amma el\u0259 deyil. Bu m\u0259s\u0259l\u0259l\u0259rd\u0259 ictimai dinl\u0259m\u0259l\u0259r ke\u00e7irilm\u0259lidir, m\u00fclkiyy\u0259t\u00e7il\u0259rin fikirl\u0259ri n\u0259z\u0259r\u0259 al\u0131nmal\u0131d\u0131r. \u00dcmumiyy\u0259tl\u0259, orda g\u0259l\u0259c\u0259kd\u0259 hans\u0131 formada iqtisadi, sosial f\u00fcrs\u0259tl\u0259r yarad\u0131lacaq, bununla ba\u011fl\u0131 da m\u00fczakir\u0259l\u0259r olmal\u0131d\u0131r. H\u0259l\u0259lik, ictimaiyy\u0259t\u0259 \u00e7ox x\u0259sislikl\u0259 m\u0259lumat verilir. Onlardan da m\u0259lum olur ki, h\u0259l\u0259 d\u0259 bir konseptual yana\u015fma yoxdur<\/em>\u201d.<\/p>\n\n\n\n<p><em><strong>Yax\u0131n zamanda k\u00f6\u00e7\u00fcr\u00fclm\u0259y\u0259 \u00fcmid varm\u0131?<\/strong><\/em><\/p>\n\n\n\n<p>Qa\u00e7q\u0131nlar\u0131n v\u0259 M\u0259cburi K\u00f6\u00e7k\u00fcnl\u0259rin \u0130\u015fl\u0259ri \u00fczr\u0259 D\u00f6vl\u0259t Komit\u0259sinin \u0130nformasiya v\u0259 m\u0259tbuat xidm\u0259ti Departamentinin direktoru \u0130brahim Mirz\u0259yev Meydan TV-y\u0259 bildirib ki, h\u0259l\u0259lik bu i\u015fl\u0259 ba\u011fl\u0131 hans\u0131sa yenilik yoxdur.<\/p>\n\n\n\n<p>Qurumun ill\u0259rdir m\u00fclkiyy\u0259t h\u00fcquqlar\u0131 pozulmu\u015f \u015f\u0259xsl\u0259r\u0259 d\u0259 cavab\u0131 birdir:<\/p>\n\n\n\n<p>\u201cD\u00f6vl\u0259t Proqram\u0131na \u0259sas\u0259n, evl\u0259r tikildikd\u0259n sonra, yataqxanalarda m\u00fcv\u0259qq\u0259ti m\u0259skunla\u015fm\u0131\u015f ail\u0259l\u0259rin, o c\u00fcml\u0259d\u0259n \u015f\u0259xsi m\u0259nzill\u0259rd\u0259 ya\u015fayan k\u00f6\u00e7k\u00fcn ail\u0259l\u0259rinin k\u00f6\u00e7\u00fcr\u00fclm\u0259sin\u0259 qanunla n\u0259z\u0259rd\u0259 tutulan qaydada bax\u0131lacaq\u201d.<\/p>\n","protected":false},"excerpt":{"rendered":"<p>\u201c\u0130ndiy\u0259d\u0259k kiray\u0259l\u0259r\u0259 30 mind\u0259n \u00e7ox x\u0259rcimiz \u00e7\u0131x\u0131b, \u00e7\u0259tidir\u201d Sumqay\u0131tda d\u00f6rd &#8230; <\/p>\n<p class=\"read-more-container\"><a title=\"Evi ola-ola 30 ildir, kiray\u0259d\u0259 ya\u015fayan ail\u0259\" class=\"read-more button\" href=\"https:\/\/www.meydan.tv\/az\/article\/evi-ola-ola-30-ildir-kirayede-yasayan-aile\/#more-269446\" aria-label=\"Read more about Evi ola-ola 30 ildir, kiray\u0259d\u0259 ya\u015fayan ail\u0259\">Davam\u0131<\/a><\/p>\n","protected":false},"author":13,"featured_media":269453,"comment_status":"closed","ping_status":"closed","sticky":false,"template":"","format":"standard","meta":{"_acf_changed":false,"_sitemap_exclude":false,"_sitemap_priority":"","_sitemap_frequency":"","footnotes":""},"categories":[60,79,56],"tags":[],"class_list":["post-269446","post","type-post","status-publish","format-standard","has-post-thumbnail","hentry","category-bolge","category-featured","category-xeberler","infinite-scroll-item","generate-columns","tablet-grid-50","mobile-grid-100","grid-parent","grid-33","no-featured-image-padding"],"acf":[],"yoast_head":"<!-- This site is optimized with the Yoast SEO plugin v27.5 - https:\/\/yoast.com\/product\/yoast-seo-wordpress\/ -->\n<title>Evi ola-ola 30 ildir, kiray\u0259d\u0259 ya\u015fayan ail\u0259 - MEYDAN.TV<\/title>\n<meta name=\"robots\" content=\"index, follow, max-snippet:-1, max-image-preview:large, max-video-preview:-1\" \/>\n<link rel=\"canonical\" href=\"https:\/\/www.meydan.tv\/az\/article\/evi-ola-ola-30-ildir-kirayede-yasayan-aile\/\" \/>\n<meta property=\"og:locale\" content=\"az_AZ\" \/>\n<meta property=\"og:type\" content=\"article\" \/>\n<meta property=\"og:title\" content=\"Evi ola-ola 30 ildir, kiray\u0259d\u0259 ya\u015fayan ail\u0259 - MEYDAN.TV\" \/>\n<meta property=\"og:description\" content=\"\u201c\u0130ndiy\u0259d\u0259k kiray\u0259l\u0259r\u0259 30 mind\u0259n \u00e7ox x\u0259rcimiz \u00e7\u0131x\u0131b, \u00e7\u0259tidir\u201d Sumqay\u0131tda d\u00f6rd ... Davam\u0131\" \/>\n<meta property=\"og:url\" content=\"https:\/\/www.meydan.tv\/az\/article\/evi-ola-ola-30-ildir-kirayede-yasayan-aile\/\" \/>\n<meta property=\"og:site_name\" content=\"MEYDAN.TV\" \/>\n<meta property=\"article:published_time\" content=\"2023-02-27T12:39:19+00:00\" \/>\n<meta property=\"article:modified_time\" content=\"2023-02-27T14:53:55+00:00\" \/>\n<meta property=\"og:image\" content=\"https:\/\/www.meydan.tv\/wp-content\/uploads\/ev.jpeg\" \/>\n\t<meta property=\"og:image:width\" content=\"1200\" \/>\n\t<meta property=\"og:image:height\" content=\"1600\" \/>\n\t<meta property=\"og:image:type\" content=\"image\/jpeg\" \/>\n<meta name=\"author\" content=\"meri\" \/>\n<meta name=\"twitter:card\" content=\"summary_large_image\" \/>\n<script type=\"application\/ld+json\" class=\"yoast-schema-graph\">{\"@context\":\"https:\\\/\\\/schema.org\",\"@graph\":[{\"@type\":\"Article\",\"@id\":\"https:\\\/\\\/www.meydan.tv\\\/az\\\/article\\\/evi-ola-ola-30-ildir-kirayede-yasayan-aile\\\/#article\",\"isPartOf\":{\"@id\":\"https:\\\/\\\/www.meydan.tv\\\/az\\\/article\\\/evi-ola-ola-30-ildir-kirayede-yasayan-aile\\\/\"},\"author\":{\"name\":\"meri\",\"@id\":\"https:\\\/\\\/www.meydan.tv\\\/az\\\/#\\\/schema\\\/person\\\/f5399057f0b7fa223fa6c9b7c3321968\"},\"headline\":\"Evi ola-ola 30 ildir, kiray\u0259d\u0259 ya\u015fayan ail\u0259\",\"datePublished\":\"2023-02-27T12:39:19+00:00\",\"dateModified\":\"2023-02-27T14:53:55+00:00\",\"mainEntityOfPage\":{\"@id\":\"https:\\\/\\\/www.meydan.tv\\\/az\\\/article\\\/evi-ola-ola-30-ildir-kirayede-yasayan-aile\\\/\"},\"wordCount\":1869,\"publisher\":{\"@id\":\"https:\\\/\\\/www.meydan.tv\\\/az\\\/#organization\"},\"image\":{\"@id\":\"https:\\\/\\\/www.meydan.tv\\\/az\\\/article\\\/evi-ola-ola-30-ildir-kirayede-yasayan-aile\\\/#primaryimage\"},\"thumbnailUrl\":\"https:\\\/\\\/www.meydan.tv\\\/wp-content\\\/uploads\\\/ev.jpeg\",\"articleSection\":[\"B\u00f6lg\u0259\",\"T\u00f6vsiy\u0259\",\"X\u0259b\u0259rl\u0259r\"],\"inLanguage\":\"az\"},{\"@type\":\"WebPage\",\"@id\":\"https:\\\/\\\/www.meydan.tv\\\/az\\\/article\\\/evi-ola-ola-30-ildir-kirayede-yasayan-aile\\\/\",\"url\":\"https:\\\/\\\/www.meydan.tv\\\/az\\\/article\\\/evi-ola-ola-30-ildir-kirayede-yasayan-aile\\\/\",\"name\":\"Evi ola-ola 30 ildir, kiray\u0259d\u0259 ya\u015fayan ail\u0259 - MEYDAN.TV\",\"isPartOf\":{\"@id\":\"https:\\\/\\\/www.meydan.tv\\\/az\\\/#website\"},\"primaryImageOfPage\":{\"@id\":\"https:\\\/\\\/www.meydan.tv\\\/az\\\/article\\\/evi-ola-ola-30-ildir-kirayede-yasayan-aile\\\/#primaryimage\"},\"image\":{\"@id\":\"https:\\\/\\\/www.meydan.tv\\\/az\\\/article\\\/evi-ola-ola-30-ildir-kirayede-yasayan-aile\\\/#primaryimage\"},\"thumbnailUrl\":\"https:\\\/\\\/www.meydan.tv\\\/wp-content\\\/uploads\\\/ev.jpeg\",\"datePublished\":\"2023-02-27T12:39:19+00:00\",\"dateModified\":\"2023-02-27T14:53:55+00:00\",\"breadcrumb\":{\"@id\":\"https:\\\/\\\/www.meydan.tv\\\/az\\\/article\\\/evi-ola-ola-30-ildir-kirayede-yasayan-aile\\\/#breadcrumb\"},\"inLanguage\":\"az\",\"potentialAction\":[{\"@type\":\"ReadAction\",\"target\":[\"https:\\\/\\\/www.meydan.tv\\\/az\\\/article\\\/evi-ola-ola-30-ildir-kirayede-yasayan-aile\\\/\"]}]},{\"@type\":\"ImageObject\",\"inLanguage\":\"az\",\"@id\":\"https:\\\/\\\/www.meydan.tv\\\/az\\\/article\\\/evi-ola-ola-30-ildir-kirayede-yasayan-aile\\\/#primaryimage\",\"url\":\"https:\\\/\\\/www.meydan.tv\\\/wp-content\\\/uploads\\\/ev.jpeg\",\"contentUrl\":\"https:\\\/\\\/www.meydan.tv\\\/wp-content\\\/uploads\\\/ev.jpeg\",\"width\":1200,\"height\":1600},{\"@type\":\"BreadcrumbList\",\"@id\":\"https:\\\/\\\/www.meydan.tv\\\/az\\\/article\\\/evi-ola-ola-30-ildir-kirayede-yasayan-aile\\\/#breadcrumb\",\"itemListElement\":[{\"@type\":\"ListItem\",\"position\":1,\"name\":\"Ana s\u0259hif\u0259\",\"item\":\"https:\\\/\\\/www.meydan.tv\\\/az\\\/\"},{\"@type\":\"ListItem\",\"position\":2,\"name\":\"B\u00f6lg\u0259\",\"item\":\"https:\\\/\\\/www.meydan.tv\\\/az\\\/section\\\/bolge\\\/\"},{\"@type\":\"ListItem\",\"position\":3,\"name\":\"Evi ola-ola 30 ildir, kiray\u0259d\u0259 ya\u015fayan ail\u0259\"}]},{\"@type\":\"WebSite\",\"@id\":\"https:\\\/\\\/www.meydan.tv\\\/az\\\/#website\",\"url\":\"https:\\\/\\\/www.meydan.tv\\\/az\\\/\",\"name\":\"MEYDAN.TV\",\"description\":\"Meydan TV Az\u0259rbaycan\u0131n media m\u0259kan\u0131ndak\u0131 alternativ s\u0259sidir\",\"publisher\":{\"@id\":\"https:\\\/\\\/www.meydan.tv\\\/az\\\/#organization\"},\"potentialAction\":[{\"@type\":\"SearchAction\",\"target\":{\"@type\":\"EntryPoint\",\"urlTemplate\":\"https:\\\/\\\/www.meydan.tv\\\/az\\\/?s={search_term_string}\"},\"query-input\":{\"@type\":\"PropertyValueSpecification\",\"valueRequired\":true,\"valueName\":\"search_term_string\"}}],\"inLanguage\":\"az\"},{\"@type\":\"Organization\",\"@id\":\"https:\\\/\\\/www.meydan.tv\\\/az\\\/#organization\",\"name\":\"Meydan TV\",\"url\":\"https:\\\/\\\/www.meydan.tv\\\/az\\\/\",\"logo\":{\"@type\":\"ImageObject\",\"inLanguage\":\"az\",\"@id\":\"https:\\\/\\\/www.meydan.tv\\\/az\\\/#\\\/schema\\\/logo\\\/image\\\/\",\"url\":\"https:\\\/\\\/www.meydan.tv\\\/wp-content\\\/uploads\\\/2021\\\/07\\\/meydan-logo.svg\",\"contentUrl\":\"https:\\\/\\\/www.meydan.tv\\\/wp-content\\\/uploads\\\/2021\\\/07\\\/meydan-logo.svg\",\"width\":195,\"height\":46,\"caption\":\"Meydan TV\"},\"image\":{\"@id\":\"https:\\\/\\\/www.meydan.tv\\\/az\\\/#\\\/schema\\\/logo\\\/image\\\/\"}},{\"@type\":\"Person\",\"@id\":\"https:\\\/\\\/www.meydan.tv\\\/az\\\/#\\\/schema\\\/person\\\/f5399057f0b7fa223fa6c9b7c3321968\",\"name\":\"meri\"}]}<\/script>\n<!-- \/ Yoast SEO plugin. -->","yoast_head_json":{"title":"Evi ola-ola 30 ildir, kiray\u0259d\u0259 ya\u015fayan ail\u0259 - MEYDAN.TV","robots":{"index":"index","follow":"follow","max-snippet":"max-snippet:-1","max-image-preview":"max-image-preview:large","max-video-preview":"max-video-preview:-1"},"canonical":"https:\/\/www.meydan.tv\/az\/article\/evi-ola-ola-30-ildir-kirayede-yasayan-aile\/","og_locale":"az_AZ","og_type":"article","og_title":"Evi ola-ola 30 ildir, kiray\u0259d\u0259 ya\u015fayan ail\u0259 - MEYDAN.TV","og_description":"\u201c\u0130ndiy\u0259d\u0259k kiray\u0259l\u0259r\u0259 30 mind\u0259n \u00e7ox x\u0259rcimiz \u00e7\u0131x\u0131b, \u00e7\u0259tidir\u201d Sumqay\u0131tda d\u00f6rd ... Davam\u0131","og_url":"https:\/\/www.meydan.tv\/az\/article\/evi-ola-ola-30-ildir-kirayede-yasayan-aile\/","og_site_name":"MEYDAN.TV","article_published_time":"2023-02-27T12:39:19+00:00","article_modified_time":"2023-02-27T14:53:55+00:00","og_image":[{"width":1200,"height":1600,"url":"https:\/\/www.meydan.tv\/wp-content\/uploads\/ev.jpeg","type":"image\/jpeg"}],"author":"meri","twitter_card":"summary_large_image","schema":{"@context":"https:\/\/schema.org","@graph":[{"@type":"Article","@id":"https:\/\/www.meydan.tv\/az\/article\/evi-ola-ola-30-ildir-kirayede-yasayan-aile\/#article","isPartOf":{"@id":"https:\/\/www.meydan.tv\/az\/article\/evi-ola-ola-30-ildir-kirayede-yasayan-aile\/"},"author":{"name":"meri","@id":"https:\/\/www.meydan.tv\/az\/#\/schema\/person\/f5399057f0b7fa223fa6c9b7c3321968"},"headline":"Evi ola-ola 30 ildir, kiray\u0259d\u0259 ya\u015fayan ail\u0259","datePublished":"2023-02-27T12:39:19+00:00","dateModified":"2023-02-27T14:53:55+00:00","mainEntityOfPage":{"@id":"https:\/\/www.meydan.tv\/az\/article\/evi-ola-ola-30-ildir-kirayede-yasayan-aile\/"},"wordCount":1869,"publisher":{"@id":"https:\/\/www.meydan.tv\/az\/#organization"},"image":{"@id":"https:\/\/www.meydan.tv\/az\/article\/evi-ola-ola-30-ildir-kirayede-yasayan-aile\/#primaryimage"},"thumbnailUrl":"https:\/\/www.meydan.tv\/wp-content\/uploads\/ev.jpeg","articleSection":["B\u00f6lg\u0259","T\u00f6vsiy\u0259","X\u0259b\u0259rl\u0259r"],"inLanguage":"az"},{"@type":"WebPage","@id":"https:\/\/www.meydan.tv\/az\/article\/evi-ola-ola-30-ildir-kirayede-yasayan-aile\/","url":"https:\/\/www.meydan.tv\/az\/article\/evi-ola-ola-30-ildir-kirayede-yasayan-aile\/","name":"Evi ola-ola 30 ildir, kiray\u0259d\u0259 ya\u015fayan ail\u0259 - MEYDAN.TV","isPartOf":{"@id":"https:\/\/www.meydan.tv\/az\/#website"},"primaryImageOfPage":{"@id":"https:\/\/www.meydan.tv\/az\/article\/evi-ola-ola-30-ildir-kirayede-yasayan-aile\/#primaryimage"},"image":{"@id":"https:\/\/www.meydan.tv\/az\/article\/evi-ola-ola-30-ildir-kirayede-yasayan-aile\/#primaryimage"},"thumbnailUrl":"https:\/\/www.meydan.tv\/wp-content\/uploads\/ev.jpeg","datePublished":"2023-02-27T12:39:19+00:00","dateModified":"2023-02-27T14:53:55+00:00","breadcrumb":{"@id":"https:\/\/www.meydan.tv\/az\/article\/evi-ola-ola-30-ildir-kirayede-yasayan-aile\/#breadcrumb"},"inLanguage":"az","potentialAction":[{"@type":"ReadAction","target":["https:\/\/www.meydan.tv\/az\/article\/evi-ola-ola-30-ildir-kirayede-yasayan-aile\/"]}]},{"@type":"ImageObject","inLanguage":"az","@id":"https:\/\/www.meydan.tv\/az\/article\/evi-ola-ola-30-ildir-kirayede-yasayan-aile\/#primaryimage","url":"https:\/\/www.meydan.tv\/wp-content\/uploads\/ev.jpeg","contentUrl":"https:\/\/www.meydan.tv\/wp-content\/uploads\/ev.jpeg","width":1200,"height":1600},{"@type":"BreadcrumbList","@id":"https:\/\/www.meydan.tv\/az\/article\/evi-ola-ola-30-ildir-kirayede-yasayan-aile\/#breadcrumb","itemListElement":[{"@type":"ListItem","position":1,"name":"Ana s\u0259hif\u0259","item":"https:\/\/www.meydan.tv\/az\/"},{"@type":"ListItem","position":2,"name":"B\u00f6lg\u0259","item":"https:\/\/www.meydan.tv\/az\/section\/bolge\/"},{"@type":"ListItem","position":3,"name":"Evi ola-ola 30 ildir, kiray\u0259d\u0259 ya\u015fayan ail\u0259"}]},{"@type":"WebSite","@id":"https:\/\/www.meydan.tv\/az\/#website","url":"https:\/\/www.meydan.tv\/az\/","name":"MEYDAN.TV","description":"Meydan TV Az\u0259rbaycan\u0131n media m\u0259kan\u0131ndak\u0131 alternativ s\u0259sidir","publisher":{"@id":"https:\/\/www.meydan.tv\/az\/#organization"},"potentialAction":[{"@type":"SearchAction","target":{"@type":"EntryPoint","urlTemplate":"https:\/\/www.meydan.tv\/az\/?s={search_term_string}"},"query-input":{"@type":"PropertyValueSpecification","valueRequired":true,"valueName":"search_term_string"}}],"inLanguage":"az"},{"@type":"Organization","@id":"https:\/\/www.meydan.tv\/az\/#organization","name":"Meydan TV","url":"https:\/\/www.meydan.tv\/az\/","logo":{"@type":"ImageObject","inLanguage":"az","@id":"https:\/\/www.meydan.tv\/az\/#\/schema\/logo\/image\/","url":"https:\/\/www.meydan.tv\/wp-content\/uploads\/2021\/07\/meydan-logo.svg","contentUrl":"https:\/\/www.meydan.tv\/wp-content\/uploads\/2021\/07\/meydan-logo.svg","width":195,"height":46,"caption":"Meydan TV"},"image":{"@id":"https:\/\/www.meydan.tv\/az\/#\/schema\/logo\/image\/"}},{"@type":"Person","@id":"https:\/\/www.meydan.tv\/az\/#\/schema\/person\/f5399057f0b7fa223fa6c9b7c3321968","name":"meri"}]}},"_links":{"self":[{"href":"https:\/\/www.meydan.tv\/az\/wp-json\/wp\/v2\/posts\/269446","targetHints":{"allow":["GET"]}}],"collection":[{"href":"https:\/\/www.meydan.tv\/az\/wp-json\/wp\/v2\/posts"}],"about":[{"href":"https:\/\/www.meydan.tv\/az\/wp-json\/wp\/v2\/types\/post"}],"author":[{"embeddable":true,"href":"https:\/\/www.meydan.tv\/az\/wp-json\/wp\/v2\/users\/13"}],"replies":[{"embeddable":true,"href":"https:\/\/www.meydan.tv\/az\/wp-json\/wp\/v2\/comments?post=269446"}],"version-history":[{"count":2,"href":"https:\/\/www.meydan.tv\/az\/wp-json\/wp\/v2\/posts\/269446\/revisions"}],"predecessor-version":[{"id":269501,"href":"https:\/\/www.meydan.tv\/az\/wp-json\/wp\/v2\/posts\/269446\/revisions\/269501"}],"wp:featuredmedia":[{"embeddable":true,"href":"https:\/\/www.meydan.tv\/az\/wp-json\/wp\/v2\/media\/269453"}],"wp:attachment":[{"href":"https:\/\/www.meydan.tv\/az\/wp-json\/wp\/v2\/media?parent=269446"}],"wp:term":[{"taxonomy":"category","embeddable":true,"href":"https:\/\/www.meydan.tv\/az\/wp-json\/wp\/v2\/categories?post=269446"},{"taxonomy":"post_tag","embeddable":true,"href":"https:\/\/www.meydan.tv\/az\/wp-json\/wp\/v2\/tags?post=269446"}],"curies":[{"name":"wp","href":"https:\/\/api.w.org\/{rel}","templated":true}]}}