{"id":269425,"date":"2023-02-27T14:45:05","date_gmt":"2023-02-27T10:45:05","guid":{"rendered":"https:\/\/www.meydan.tv\/?p=269425"},"modified":"2023-02-27T14:45:08","modified_gmt":"2023-02-27T10:45:08","slug":"azerbaycanda-siyasi-mehbuslarin-yeni-siyahisi-aciqlanib","status":"publish","type":"post","link":"https:\/\/www.meydan.tv\/az\/article\/azerbaycanda-siyasi-mehbuslarin-yeni-siyahisi-aciqlanib\/","title":{"rendered":"<strong>Az\u0259rbaycanda siyasi m\u0259hbuslar\u0131n yeni siyah\u0131s\u0131 a\u00e7\u0131qlan\u0131b<\/strong>"},"content":{"rendered":"\n<p><em>93 n\u0259f\u0259rin ad\u0131 olan siyah\u0131da m\u0259hbuslar 7 qrupa b\u00f6l\u00fcn\u00fcb<\/em><\/p>\n\n\n\n<p>Az\u0259rbaycanda 93 siyasi m\u0259hbusun oldu\u011fu bildirilir.<\/p>\n\n\n\n<p>Fevral\u0131n 27-d\u0259 \u201cAz\u0259rbaycan Siyasi M\u0259hbuslar\u0131na Azadl\u0131q\u201d Birliyinin a\u00e7\u0131qlad\u0131\u011f\u0131 yenil\u0259nmi\u015f siyasi m\u0259hbus siyah\u0131s\u0131ndan bel\u0259 g\u00f6r\u00fcn\u00fcr.<\/p>\n\n\n\n<p>T\u0259\u015fkilat siyasi m\u0259hbuslar\u0131 7 qrupa b\u00f6l\u00fcb.<\/p>\n\n\n\n<p>1-ci qrupa &#8211; jurnalistl\u0259r v\u0259 blogerl\u0259r (6 n\u0259f\u0259r), 2-ci qrupa &#8211; m\u00fcxalif\u0259t partiya v\u0259 h\u0259r\u0259katlar\u0131n\u0131n \u00fczvl\u0259ri (6 n\u0259f\u0259r), 3-c\u00fc qrupa &#8211; Almaniyadan deportasiya olunan siyasi m\u00fchacirl\u0259r (5 n\u0259f\u0259r), 4-c\u00fc qrupa &#8211; dindarlar (29 n\u0259f\u0259r), 5-ci qrupa &#8211; T\u0259rt\u0259r i\u015fi \u00fczr\u0259 m\u0259hkum olunanlar (8 n\u0259f\u0259r), 6-c\u0131 qrupa &#8211; G\u0259nc\u0259 i\u015fi \u00fczr\u0259 m\u0259hkumlar (26 n\u0259f\u0259r), 7-ci qrupa &#8211; \u00f6m\u00fcrl\u00fck azadl\u0131qdan m\u0259hrum edil\u0259nl\u0259r (13 n\u0259f\u0259r) daxildir.<\/p>\n\n\n\n<p>Siyasi m\u0259hbuslar\u0131n yenil\u0259nmi\u015f siyah\u0131s\u0131 h\u00fcquq m\u00fcdafi\u0259\u00e7il\u0259ri, S\u00fclh v\u0259 Demokratiya \u0130nstitutunun direktoru Leyla Yunus v\u0259 \u201cSiyasi M\u0259hbuslar\u0131n Monitorinqi M\u0259rk\u0259zi\u201d \u0130ctimai Birliyinin r\u0259hb\u0259ri El\u015f\u0259n H\u0259s\u0259nov t\u0259r\u0259find\u0259n haz\u0131rlan\u0131b.<\/p>\n\n\n\n<p>\u201cAz\u0259rbaycan Siyasi M\u0259hbuslar\u0131na Azadl\u0131q\u201d Birliyi bildirib ki, siyasi m\u0259hbuslar\u0131n siyah\u0131s\u0131 Avropa \u015euras\u0131 Parlament Assambleyas\u0131n\u0131n 2012-ci ilin oktyabr\u0131nda q\u0259bul etdiyi 1900 sayl\u0131 siyasi m\u0259hbuslar haqq\u0131nda q\u0259tnam\u0259y\u0259 uy\u011fun haz\u0131rlan\u0131b.<\/p>\n\n\n\n<p>Az\u0259rbaycan hakimiyy\u0259ti \u00f6lk\u0259d\u0259 siyasi m\u0259hbuslar\u0131n olmas\u0131 il\u0259 ba\u011fl\u0131 iddialar\u0131 q\u0259bul etmir v\u0259 q\u0259r\u0259zli bax\u0131\u015f hesab edir.<\/p>\n\n\n\n<p>R\u0259smi Bak\u0131 \u00f6lk\u0259d\u0259 fundamental h\u00fcquqlar\u0131n tam t\u0259min edildiyini, insanlar\u0131n irad\u0259sin\u0259 v\u0259 inanclar\u0131na g\u00f6r\u0259 t\u0259qib edilm\u0259diyni b\u0259yan edir.<\/p>\n\n\n\n<p>Bununla yana\u015f\u0131, Avropa \u015euras\u0131 Parlament Assambleyas\u0131 2021-ci ild\u0259 Az\u0259rbaycanda siyasi m\u0259hbuslarla ba\u011fl\u0131 q\u0259tnam\u0259 q\u0259bul edib.<\/p>\n\n\n\n<p>Bu qurumda Az\u0259rbaycanda siyasi m\u0259hbuslarla ba\u011fl\u0131 m\u0259ruz\u0259\u00e7i f\u0259aliyy\u0259t g\u00f6st\u0259rir.<\/p>\n","protected":false},"excerpt":{"rendered":"<p>93 n\u0259f\u0259rin ad\u0131 olan siyah\u0131da m\u0259hbuslar 7 qrupa b\u00f6l\u00fcn\u00fcb Az\u0259rbaycanda &#8230; <\/p>\n<p class=\"read-more-container\"><a title=\"Az\u0259rbaycanda siyasi m\u0259hbuslar\u0131n yeni siyah\u0131s\u0131 a\u00e7\u0131qlan\u0131b\" class=\"read-more button\" href=\"https:\/\/www.meydan.tv\/az\/article\/azerbaycanda-siyasi-mehbuslarin-yeni-siyahisi-aciqlanib\/#more-269425\" aria-label=\"Read more about Az\u0259rbaycanda siyasi m\u0259hbuslar\u0131n yeni siyah\u0131s\u0131 a\u00e7\u0131qlan\u0131b\">Davam\u0131<\/a><\/p>\n","protected":false},"author":18,"featured_media":70603,"comment_status":"closed","ping_status":"closed","sticky":false,"template":"","format":"standard","meta":{"_acf_changed":false,"_sitemap_exclude":false,"_sitemap_priority":"","_sitemap_frequency":"","footnotes":""},"categories":[56],"tags":[],"class_list":["post-269425","post","type-post","status-publish","format-standard","has-post-thumbnail","hentry","category-xeberler","infinite-scroll-item","generate-columns","tablet-grid-50","mobile-grid-100","grid-parent","grid-33","no-featured-image-padding"],"acf":[],"yoast_head":"<!-- This site is optimized with the Yoast SEO plugin v27.4 - https:\/\/yoast.com\/product\/yoast-seo-wordpress\/ -->\n<title>Az\u0259rbaycanda siyasi m\u0259hbuslar\u0131n yeni siyah\u0131s\u0131 a\u00e7\u0131qlan\u0131b - MEYDAN.TV<\/title>\n<meta name=\"robots\" content=\"index, follow, max-snippet:-1, max-image-preview:large, max-video-preview:-1\" \/>\n<link rel=\"canonical\" href=\"https:\/\/www.meydan.tv\/az\/article\/azerbaycanda-siyasi-mehbuslarin-yeni-siyahisi-aciqlanib\/\" \/>\n<meta property=\"og:locale\" content=\"az_AZ\" \/>\n<meta property=\"og:type\" content=\"article\" \/>\n<meta property=\"og:title\" content=\"Az\u0259rbaycanda siyasi m\u0259hbuslar\u0131n yeni siyah\u0131s\u0131 a\u00e7\u0131qlan\u0131b - MEYDAN.TV\" \/>\n<meta property=\"og:description\" content=\"93 n\u0259f\u0259rin ad\u0131 olan siyah\u0131da m\u0259hbuslar 7 qrupa b\u00f6l\u00fcn\u00fcb Az\u0259rbaycanda ... Davam\u0131\" \/>\n<meta property=\"og:url\" content=\"https:\/\/www.meydan.tv\/az\/article\/azerbaycanda-siyasi-mehbuslarin-yeni-siyahisi-aciqlanib\/\" \/>\n<meta property=\"og:site_name\" content=\"MEYDAN.TV\" \/>\n<meta property=\"article:published_time\" content=\"2023-02-27T10:45:05+00:00\" \/>\n<meta property=\"article:modified_time\" content=\"2023-02-27T10:45:08+00:00\" \/>\n<meta property=\"og:image\" content=\"https:\/\/www.meydan.tv\/wp-content\/uploads\/27026.jpg\" \/>\n\t<meta property=\"og:image:width\" content=\"640\" \/>\n\t<meta property=\"og:image:height\" content=\"300\" \/>\n\t<meta property=\"og:image:type\" content=\"image\/jpeg\" \/>\n<meta name=\"author\" content=\"miron\" \/>\n<meta name=\"twitter:card\" content=\"summary_large_image\" \/>\n<script type=\"application\/ld+json\" class=\"yoast-schema-graph\">{\"@context\":\"https:\\\/\\\/schema.org\",\"@graph\":[{\"@type\":\"Article\",\"@id\":\"https:\\\/\\\/www.meydan.tv\\\/az\\\/article\\\/azerbaycanda-siyasi-mehbuslarin-yeni-siyahisi-aciqlanib\\\/#article\",\"isPartOf\":{\"@id\":\"https:\\\/\\\/www.meydan.tv\\\/az\\\/article\\\/azerbaycanda-siyasi-mehbuslarin-yeni-siyahisi-aciqlanib\\\/\"},\"author\":{\"name\":\"miron\",\"@id\":\"https:\\\/\\\/www.meydan.tv\\\/az\\\/#\\\/schema\\\/person\\\/981b0b284aeaa9ad0cbf814cd4a9d67c\"},\"headline\":\"Az\u0259rbaycanda siyasi m\u0259hbuslar\u0131n yeni siyah\u0131s\u0131 a\u00e7\u0131qlan\u0131b\",\"datePublished\":\"2023-02-27T10:45:05+00:00\",\"dateModified\":\"2023-02-27T10:45:08+00:00\",\"mainEntityOfPage\":{\"@id\":\"https:\\\/\\\/www.meydan.tv\\\/az\\\/article\\\/azerbaycanda-siyasi-mehbuslarin-yeni-siyahisi-aciqlanib\\\/\"},\"wordCount\":348,\"publisher\":{\"@id\":\"https:\\\/\\\/www.meydan.tv\\\/az\\\/#organization\"},\"image\":{\"@id\":\"https:\\\/\\\/www.meydan.tv\\\/az\\\/article\\\/azerbaycanda-siyasi-mehbuslarin-yeni-siyahisi-aciqlanib\\\/#primaryimage\"},\"thumbnailUrl\":\"https:\\\/\\\/www.meydan.tv\\\/wp-content\\\/uploads\\\/27026.jpg\",\"articleSection\":[\"X\u0259b\u0259rl\u0259r\"],\"inLanguage\":\"az\"},{\"@type\":\"WebPage\",\"@id\":\"https:\\\/\\\/www.meydan.tv\\\/az\\\/article\\\/azerbaycanda-siyasi-mehbuslarin-yeni-siyahisi-aciqlanib\\\/\",\"url\":\"https:\\\/\\\/www.meydan.tv\\\/az\\\/article\\\/azerbaycanda-siyasi-mehbuslarin-yeni-siyahisi-aciqlanib\\\/\",\"name\":\"Az\u0259rbaycanda siyasi m\u0259hbuslar\u0131n yeni siyah\u0131s\u0131 a\u00e7\u0131qlan\u0131b - MEYDAN.TV\",\"isPartOf\":{\"@id\":\"https:\\\/\\\/www.meydan.tv\\\/az\\\/#website\"},\"primaryImageOfPage\":{\"@id\":\"https:\\\/\\\/www.meydan.tv\\\/az\\\/article\\\/azerbaycanda-siyasi-mehbuslarin-yeni-siyahisi-aciqlanib\\\/#primaryimage\"},\"image\":{\"@id\":\"https:\\\/\\\/www.meydan.tv\\\/az\\\/article\\\/azerbaycanda-siyasi-mehbuslarin-yeni-siyahisi-aciqlanib\\\/#primaryimage\"},\"thumbnailUrl\":\"https:\\\/\\\/www.meydan.tv\\\/wp-content\\\/uploads\\\/27026.jpg\",\"datePublished\":\"2023-02-27T10:45:05+00:00\",\"dateModified\":\"2023-02-27T10:45:08+00:00\",\"breadcrumb\":{\"@id\":\"https:\\\/\\\/www.meydan.tv\\\/az\\\/article\\\/azerbaycanda-siyasi-mehbuslarin-yeni-siyahisi-aciqlanib\\\/#breadcrumb\"},\"inLanguage\":\"az\",\"potentialAction\":[{\"@type\":\"ReadAction\",\"target\":[\"https:\\\/\\\/www.meydan.tv\\\/az\\\/article\\\/azerbaycanda-siyasi-mehbuslarin-yeni-siyahisi-aciqlanib\\\/\"]}]},{\"@type\":\"ImageObject\",\"inLanguage\":\"az\",\"@id\":\"https:\\\/\\\/www.meydan.tv\\\/az\\\/article\\\/azerbaycanda-siyasi-mehbuslarin-yeni-siyahisi-aciqlanib\\\/#primaryimage\",\"url\":\"https:\\\/\\\/www.meydan.tv\\\/wp-content\\\/uploads\\\/27026.jpg\",\"contentUrl\":\"https:\\\/\\\/www.meydan.tv\\\/wp-content\\\/uploads\\\/27026.jpg\",\"width\":640,\"height\":300,\"caption\":\"Source:\"},{\"@type\":\"BreadcrumbList\",\"@id\":\"https:\\\/\\\/www.meydan.tv\\\/az\\\/article\\\/azerbaycanda-siyasi-mehbuslarin-yeni-siyahisi-aciqlanib\\\/#breadcrumb\",\"itemListElement\":[{\"@type\":\"ListItem\",\"position\":1,\"name\":\"Ana s\u0259hif\u0259\",\"item\":\"https:\\\/\\\/www.meydan.tv\\\/az\\\/\"},{\"@type\":\"ListItem\",\"position\":2,\"name\":\"X\u0259b\u0259rl\u0259r\",\"item\":\"https:\\\/\\\/www.meydan.tv\\\/az\\\/section\\\/xeberler\\\/\"},{\"@type\":\"ListItem\",\"position\":3,\"name\":\"Az\u0259rbaycanda siyasi m\u0259hbuslar\u0131n yeni siyah\u0131s\u0131 a\u00e7\u0131qlan\u0131b\"}]},{\"@type\":\"WebSite\",\"@id\":\"https:\\\/\\\/www.meydan.tv\\\/az\\\/#website\",\"url\":\"https:\\\/\\\/www.meydan.tv\\\/az\\\/\",\"name\":\"MEYDAN.TV\",\"description\":\"Meydan TV Az\u0259rbaycan\u0131n media m\u0259kan\u0131ndak\u0131 alternativ s\u0259sidir\",\"publisher\":{\"@id\":\"https:\\\/\\\/www.meydan.tv\\\/az\\\/#organization\"},\"potentialAction\":[{\"@type\":\"SearchAction\",\"target\":{\"@type\":\"EntryPoint\",\"urlTemplate\":\"https:\\\/\\\/www.meydan.tv\\\/az\\\/?s={search_term_string}\"},\"query-input\":{\"@type\":\"PropertyValueSpecification\",\"valueRequired\":true,\"valueName\":\"search_term_string\"}}],\"inLanguage\":\"az\"},{\"@type\":\"Organization\",\"@id\":\"https:\\\/\\\/www.meydan.tv\\\/az\\\/#organization\",\"name\":\"Meydan TV\",\"url\":\"https:\\\/\\\/www.meydan.tv\\\/az\\\/\",\"logo\":{\"@type\":\"ImageObject\",\"inLanguage\":\"az\",\"@id\":\"https:\\\/\\\/www.meydan.tv\\\/az\\\/#\\\/schema\\\/logo\\\/image\\\/\",\"url\":\"https:\\\/\\\/www.meydan.tv\\\/wp-content\\\/uploads\\\/2021\\\/07\\\/meydan-logo.svg\",\"contentUrl\":\"https:\\\/\\\/www.meydan.tv\\\/wp-content\\\/uploads\\\/2021\\\/07\\\/meydan-logo.svg\",\"width\":195,\"height\":46,\"caption\":\"Meydan TV\"},\"image\":{\"@id\":\"https:\\\/\\\/www.meydan.tv\\\/az\\\/#\\\/schema\\\/logo\\\/image\\\/\"}},{\"@type\":\"Person\",\"@id\":\"https:\\\/\\\/www.meydan.tv\\\/az\\\/#\\\/schema\\\/person\\\/981b0b284aeaa9ad0cbf814cd4a9d67c\",\"name\":\"miron\"}]}<\/script>\n<!-- \/ Yoast SEO plugin. -->","yoast_head_json":{"title":"Az\u0259rbaycanda siyasi m\u0259hbuslar\u0131n yeni siyah\u0131s\u0131 a\u00e7\u0131qlan\u0131b - MEYDAN.TV","robots":{"index":"index","follow":"follow","max-snippet":"max-snippet:-1","max-image-preview":"max-image-preview:large","max-video-preview":"max-video-preview:-1"},"canonical":"https:\/\/www.meydan.tv\/az\/article\/azerbaycanda-siyasi-mehbuslarin-yeni-siyahisi-aciqlanib\/","og_locale":"az_AZ","og_type":"article","og_title":"Az\u0259rbaycanda siyasi m\u0259hbuslar\u0131n yeni siyah\u0131s\u0131 a\u00e7\u0131qlan\u0131b - MEYDAN.TV","og_description":"93 n\u0259f\u0259rin ad\u0131 olan siyah\u0131da m\u0259hbuslar 7 qrupa b\u00f6l\u00fcn\u00fcb Az\u0259rbaycanda ... Davam\u0131","og_url":"https:\/\/www.meydan.tv\/az\/article\/azerbaycanda-siyasi-mehbuslarin-yeni-siyahisi-aciqlanib\/","og_site_name":"MEYDAN.TV","article_published_time":"2023-02-27T10:45:05+00:00","article_modified_time":"2023-02-27T10:45:08+00:00","og_image":[{"width":640,"height":300,"url":"https:\/\/www.meydan.tv\/wp-content\/uploads\/27026.jpg","type":"image\/jpeg"}],"author":"miron","twitter_card":"summary_large_image","schema":{"@context":"https:\/\/schema.org","@graph":[{"@type":"Article","@id":"https:\/\/www.meydan.tv\/az\/article\/azerbaycanda-siyasi-mehbuslarin-yeni-siyahisi-aciqlanib\/#article","isPartOf":{"@id":"https:\/\/www.meydan.tv\/az\/article\/azerbaycanda-siyasi-mehbuslarin-yeni-siyahisi-aciqlanib\/"},"author":{"name":"miron","@id":"https:\/\/www.meydan.tv\/az\/#\/schema\/person\/981b0b284aeaa9ad0cbf814cd4a9d67c"},"headline":"Az\u0259rbaycanda siyasi m\u0259hbuslar\u0131n yeni siyah\u0131s\u0131 a\u00e7\u0131qlan\u0131b","datePublished":"2023-02-27T10:45:05+00:00","dateModified":"2023-02-27T10:45:08+00:00","mainEntityOfPage":{"@id":"https:\/\/www.meydan.tv\/az\/article\/azerbaycanda-siyasi-mehbuslarin-yeni-siyahisi-aciqlanib\/"},"wordCount":348,"publisher":{"@id":"https:\/\/www.meydan.tv\/az\/#organization"},"image":{"@id":"https:\/\/www.meydan.tv\/az\/article\/azerbaycanda-siyasi-mehbuslarin-yeni-siyahisi-aciqlanib\/#primaryimage"},"thumbnailUrl":"https:\/\/www.meydan.tv\/wp-content\/uploads\/27026.jpg","articleSection":["X\u0259b\u0259rl\u0259r"],"inLanguage":"az"},{"@type":"WebPage","@id":"https:\/\/www.meydan.tv\/az\/article\/azerbaycanda-siyasi-mehbuslarin-yeni-siyahisi-aciqlanib\/","url":"https:\/\/www.meydan.tv\/az\/article\/azerbaycanda-siyasi-mehbuslarin-yeni-siyahisi-aciqlanib\/","name":"Az\u0259rbaycanda siyasi m\u0259hbuslar\u0131n yeni siyah\u0131s\u0131 a\u00e7\u0131qlan\u0131b - MEYDAN.TV","isPartOf":{"@id":"https:\/\/www.meydan.tv\/az\/#website"},"primaryImageOfPage":{"@id":"https:\/\/www.meydan.tv\/az\/article\/azerbaycanda-siyasi-mehbuslarin-yeni-siyahisi-aciqlanib\/#primaryimage"},"image":{"@id":"https:\/\/www.meydan.tv\/az\/article\/azerbaycanda-siyasi-mehbuslarin-yeni-siyahisi-aciqlanib\/#primaryimage"},"thumbnailUrl":"https:\/\/www.meydan.tv\/wp-content\/uploads\/27026.jpg","datePublished":"2023-02-27T10:45:05+00:00","dateModified":"2023-02-27T10:45:08+00:00","breadcrumb":{"@id":"https:\/\/www.meydan.tv\/az\/article\/azerbaycanda-siyasi-mehbuslarin-yeni-siyahisi-aciqlanib\/#breadcrumb"},"inLanguage":"az","potentialAction":[{"@type":"ReadAction","target":["https:\/\/www.meydan.tv\/az\/article\/azerbaycanda-siyasi-mehbuslarin-yeni-siyahisi-aciqlanib\/"]}]},{"@type":"ImageObject","inLanguage":"az","@id":"https:\/\/www.meydan.tv\/az\/article\/azerbaycanda-siyasi-mehbuslarin-yeni-siyahisi-aciqlanib\/#primaryimage","url":"https:\/\/www.meydan.tv\/wp-content\/uploads\/27026.jpg","contentUrl":"https:\/\/www.meydan.tv\/wp-content\/uploads\/27026.jpg","width":640,"height":300,"caption":"Source:"},{"@type":"BreadcrumbList","@id":"https:\/\/www.meydan.tv\/az\/article\/azerbaycanda-siyasi-mehbuslarin-yeni-siyahisi-aciqlanib\/#breadcrumb","itemListElement":[{"@type":"ListItem","position":1,"name":"Ana s\u0259hif\u0259","item":"https:\/\/www.meydan.tv\/az\/"},{"@type":"ListItem","position":2,"name":"X\u0259b\u0259rl\u0259r","item":"https:\/\/www.meydan.tv\/az\/section\/xeberler\/"},{"@type":"ListItem","position":3,"name":"Az\u0259rbaycanda siyasi m\u0259hbuslar\u0131n yeni siyah\u0131s\u0131 a\u00e7\u0131qlan\u0131b"}]},{"@type":"WebSite","@id":"https:\/\/www.meydan.tv\/az\/#website","url":"https:\/\/www.meydan.tv\/az\/","name":"MEYDAN.TV","description":"Meydan TV Az\u0259rbaycan\u0131n media m\u0259kan\u0131ndak\u0131 alternativ s\u0259sidir","publisher":{"@id":"https:\/\/www.meydan.tv\/az\/#organization"},"potentialAction":[{"@type":"SearchAction","target":{"@type":"EntryPoint","urlTemplate":"https:\/\/www.meydan.tv\/az\/?s={search_term_string}"},"query-input":{"@type":"PropertyValueSpecification","valueRequired":true,"valueName":"search_term_string"}}],"inLanguage":"az"},{"@type":"Organization","@id":"https:\/\/www.meydan.tv\/az\/#organization","name":"Meydan TV","url":"https:\/\/www.meydan.tv\/az\/","logo":{"@type":"ImageObject","inLanguage":"az","@id":"https:\/\/www.meydan.tv\/az\/#\/schema\/logo\/image\/","url":"https:\/\/www.meydan.tv\/wp-content\/uploads\/2021\/07\/meydan-logo.svg","contentUrl":"https:\/\/www.meydan.tv\/wp-content\/uploads\/2021\/07\/meydan-logo.svg","width":195,"height":46,"caption":"Meydan TV"},"image":{"@id":"https:\/\/www.meydan.tv\/az\/#\/schema\/logo\/image\/"}},{"@type":"Person","@id":"https:\/\/www.meydan.tv\/az\/#\/schema\/person\/981b0b284aeaa9ad0cbf814cd4a9d67c","name":"miron"}]}},"_links":{"self":[{"href":"https:\/\/www.meydan.tv\/az\/wp-json\/wp\/v2\/posts\/269425","targetHints":{"allow":["GET"]}}],"collection":[{"href":"https:\/\/www.meydan.tv\/az\/wp-json\/wp\/v2\/posts"}],"about":[{"href":"https:\/\/www.meydan.tv\/az\/wp-json\/wp\/v2\/types\/post"}],"author":[{"embeddable":true,"href":"https:\/\/www.meydan.tv\/az\/wp-json\/wp\/v2\/users\/18"}],"replies":[{"embeddable":true,"href":"https:\/\/www.meydan.tv\/az\/wp-json\/wp\/v2\/comments?post=269425"}],"version-history":[{"count":1,"href":"https:\/\/www.meydan.tv\/az\/wp-json\/wp\/v2\/posts\/269425\/revisions"}],"predecessor-version":[{"id":269426,"href":"https:\/\/www.meydan.tv\/az\/wp-json\/wp\/v2\/posts\/269425\/revisions\/269426"}],"wp:featuredmedia":[{"embeddable":true,"href":"https:\/\/www.meydan.tv\/az\/wp-json\/wp\/v2\/media\/70603"}],"wp:attachment":[{"href":"https:\/\/www.meydan.tv\/az\/wp-json\/wp\/v2\/media?parent=269425"}],"wp:term":[{"taxonomy":"category","embeddable":true,"href":"https:\/\/www.meydan.tv\/az\/wp-json\/wp\/v2\/categories?post=269425"},{"taxonomy":"post_tag","embeddable":true,"href":"https:\/\/www.meydan.tv\/az\/wp-json\/wp\/v2\/tags?post=269425"}],"curies":[{"name":"wp","href":"https:\/\/api.w.org\/{rel}","templated":true}]}}