{"id":269413,"date":"2023-02-27T13:29:17","date_gmt":"2023-02-27T09:29:17","guid":{"rendered":"https:\/\/www.meydan.tv\/?p=269413"},"modified":"2023-02-27T13:29:21","modified_gmt":"2023-02-27T09:29:21","slug":"alti-yasli-korpenin-anasi-feryadima-ses-verin","status":"publish","type":"post","link":"https:\/\/www.meydan.tv\/az\/article\/alti-yasli-korpenin-anasi-feryadima-ses-verin\/","title":{"rendered":"Alt\u0131 ya\u015fl\u0131 k\u00f6rp\u0259nin anas\u0131: \u201cF\u0259ryad\u0131ma s\u0259s verin\u201d"},"content":{"rendered":"\n<p><\/p>\n\n\n\n<p><em>\u00dcmidin ya\u015famas\u0131 \u00fc\u00e7\u00fcn 21 g\u00fcnd\u0259n bir iyn\u0259 vurulmal\u0131d\u0131r<\/em><\/p>\n\n\n\n<p>\u201c6 ya\u015fl\u0131 o\u011flum \u00dcmid \u015eahbazov bir ne\u00e7\u0259 ildir a\u011f\u0131r kombin\u0259 olunmu\u015f immun \u00e7at\u0131\u015fmazl\u0131\u011f\u0131ndan \u0259ziyy\u0259t \u00e7\u0259kir. Bu yax\u0131nlarda T\u00fcrkiy\u0259d\u0259n g\u0259l\u0259n h\u0259kiml\u0259r u\u015fa\u011fa \u00fcst\u0259g\u0259l \u201cPilarowski-Bjornsson Sendorumu\u201d diaqnozu qoydular. H\u0259kiml\u0259rin dediyin\u0259 g\u00f6r\u0259, bel\u0259 u\u015faqlar\u0131n say\u0131 d\u00fcnyada bir ne\u00e7\u0259 n\u0259f\u0259rdir. U\u015fa\u011f\u0131n m\u00fcalic\u0259si \u00fc\u00e7\u00fcn maddi imkan\u0131m\u0131z yoxdur, s\u0131\u011forta \u00e7\u0259r\u00e7iv\u0259sind\u0259 d\u0259 m\u00fcalic\u0259si edilmir\u201d.<\/p>\n\n\n\n<p>Bunu Meydan TV-y\u0259 2017-ci il t\u0259v\u0259ll\u00fcdl\u00fc \u00dcmidin anas\u0131 L\u00fcdmila \u015eahbazova bildirib. Ana deyir ki, u\u015faq h\u0259m d\u0259 \u0259lav\u0259 bir ne\u00e7\u0259 x\u0259st\u0259likd\u0259n \u0259ziyy\u0259t \u00e7\u0259kdiyind\u0259n aylarla m\u00fcalic\u0259 olunub. \u00dcmidin ya\u015famas\u0131 \u00fc\u00e7\u00fcn 21 g\u00fcnd\u0259n bir iyn\u0259 vurulmal\u0131d\u0131r, ancaq \u00e7ox bahal\u0131 olan iyn\u0259nin al\u0131nmas\u0131na ail\u0259nin imkan\u0131 \u00e7atm\u0131r.<\/p>\n\n\n\n<p>\u201c<em><strong>\u018flimizd\u0259n he\u00e7 n\u0259 g\u0259lmir. Bir h\u0259ft\u0259 \u0259vv\u0259l \u201cFacebook\u201d sosial \u015f\u0259b\u0259k\u0259si \u00fcz\u0259rind\u0259n s\u0259hif\u0259 a\u00e7d\u0131q. Yax\u0131nlar\u0131m\u0131zdan biri 60 dollar \u00f6d\u0259di ki, b\u0259lk\u0259 \u00e7ox adam g\u00f6r\u0259, k\u00f6m\u0259k ed\u0259. C\u0259mi, 5 manat y\u0131\u011f\u0131ld\u0131. Etdiyimiz m\u00fcraci\u0259td\u0259 ancaq onu deyirl\u0259r ki, bu x\u0259st\u0259lik s\u0131\u011forta paketin\u0259 daxil edilm\u0259yib<\/strong><\/em>\u201d.<\/p>\n\n\n\n<p>L.\u015eahbazova bildirib ki, K\u00fcrd\u0259mird\u0259 ya\u015fay\u0131r. Onkoloji \u0259m\u0259liyyat olunan o\u011flunun h\u0259yat\u0131 haz\u0131rda 21 g\u00fcnd\u0259n bir vurulan d\u0259rmandan as\u0131l\u0131d\u0131r. H\u0259yat yolda\u015f\u0131 f\u0259hl\u0259 kimi \u00e7al\u0131\u015f\u0131r v\u0259 ail\u0259ni g\u00fccl\u0259 doland\u0131r\u0131r:<\/p>\n\n\n\n<figure class=\"wp-block-image size-large\"><img decoding=\"async\" width=\"584\" height=\"821\" data-src=\"https:\/\/www.meydan.tv\/wp-content\/uploads\/xestlik-kagizi-584x821.jpeg\" alt=\"\" class=\"wp-image-269417 lazyload\" src=\"data:image\/svg+xml;base64,PHN2ZyB3aWR0aD0iMSIgaGVpZ2h0PSIxIiB4bWxucz0iaHR0cDovL3d3dy53My5vcmcvMjAwMC9zdmciPjwvc3ZnPg==\" style=\"--smush-placeholder-width: 584px; --smush-placeholder-aspect-ratio: 584\/821;\" \/><\/figure>\n\n\n\n<p>\u201c<em><strong>Ana kimi f\u0259ryad\u0131ma s\u0259s verin. 2 ildir yalvar\u0131ram, b\u0259lk\u0259 k\u00f6m\u0259klik ed\u0259l\u0259r, \u00f6vlad\u0131ma s\u00fcm\u00fck iliyi k\u00f6\u00e7\u00fcr\u00fcls\u00fcn. U\u015faq g\u00f6z\u00fcm\u00fcz\u00fcn qar\u015f\u0131s\u0131nda \u0259zab \u00e7\u0259kir<\/strong><\/em>\u201d.<\/p>\n\n\n\n<p>Az\u0259rbaycanda bu x\u0259st\u0259likd\u0259n \u0259ziyy\u0259t \u00e7\u0259k\u0259n u\u015faqlar\u0131n say\u0131 il\u0259 ba\u011fl\u0131 r\u0259smi statistika yoxdur. S\u00fcm\u00fck iliyinin k\u00f6\u00e7\u00fcr\u00fclm\u0259sin\u0259 g\u0259ldikd\u0259, bu, n\u00f6vb\u0259 il\u0259 h\u0259yata ke\u00e7irilir. \u00d6t\u0259n ilin \u0259vv\u0259lin\u0259 olan r\u0259smi m\u0259lumata g\u00f6r\u0259, s\u00fcm\u00fck iliyinin k\u00f6\u00e7\u00fcr\u00fclm\u0259si \u00fc\u00e7\u00fcn 120-\u0259 yax\u0131n \u015f\u0259xs n\u00f6vb\u0259 g\u00f6zl\u0259yir, il \u0259rzind\u0259 is\u0259 t\u0259xmin\u0259n 30 x\u0259st\u0259 \u0259m\u0259liyyat edil\u0259 bil\u0259r. Ana is\u0259 deyir ki, \u00dcmidin ya\u015famas\u0131 \u00fc\u00e7\u00fcn t\u0259cili maliyy\u0259 d\u0259st\u0259yin\u0259 ehtiyac var.<\/p>\n","protected":false},"excerpt":{"rendered":"<p>\u00dcmidin ya\u015famas\u0131 \u00fc\u00e7\u00fcn 21 g\u00fcnd\u0259n bir iyn\u0259 vurulmal\u0131d\u0131r \u201c6 ya\u015fl\u0131 &#8230; <\/p>\n<p class=\"read-more-container\"><a title=\"Alt\u0131 ya\u015fl\u0131 k\u00f6rp\u0259nin anas\u0131: \u201cF\u0259ryad\u0131ma s\u0259s verin\u201d\" class=\"read-more button\" href=\"https:\/\/www.meydan.tv\/az\/article\/alti-yasli-korpenin-anasi-feryadima-ses-verin\/#more-269413\" aria-label=\"Read more about Alt\u0131 ya\u015fl\u0131 k\u00f6rp\u0259nin anas\u0131: \u201cF\u0259ryad\u0131ma s\u0259s verin\u201d\">Davam\u0131<\/a><\/p>\n","protected":false},"author":13,"featured_media":269414,"comment_status":"closed","ping_status":"closed","sticky":false,"template":"","format":"standard","meta":{"_acf_changed":false,"_sitemap_exclude":false,"_sitemap_priority":"","_sitemap_frequency":"","footnotes":""},"categories":[60,56],"tags":[],"class_list":["post-269413","post","type-post","status-publish","format-standard","has-post-thumbnail","hentry","category-bolge","category-xeberler","infinite-scroll-item","generate-columns","tablet-grid-50","mobile-grid-100","grid-parent","grid-33","no-featured-image-padding"],"acf":[],"yoast_head":"<!-- This site is optimized with the Yoast SEO plugin v27.5 - https:\/\/yoast.com\/product\/yoast-seo-wordpress\/ -->\n<title>Alt\u0131 ya\u015fl\u0131 k\u00f6rp\u0259nin anas\u0131: \u201cF\u0259ryad\u0131ma s\u0259s verin\u201d - MEYDAN.TV<\/title>\n<meta name=\"robots\" content=\"index, follow, max-snippet:-1, max-image-preview:large, max-video-preview:-1\" \/>\n<link rel=\"canonical\" href=\"https:\/\/www.meydan.tv\/az\/article\/alti-yasli-korpenin-anasi-feryadima-ses-verin\/\" \/>\n<meta property=\"og:locale\" content=\"az_AZ\" \/>\n<meta property=\"og:type\" content=\"article\" \/>\n<meta property=\"og:title\" content=\"Alt\u0131 ya\u015fl\u0131 k\u00f6rp\u0259nin anas\u0131: \u201cF\u0259ryad\u0131ma s\u0259s verin\u201d - MEYDAN.TV\" \/>\n<meta property=\"og:description\" content=\"\u00dcmidin ya\u015famas\u0131 \u00fc\u00e7\u00fcn 21 g\u00fcnd\u0259n bir iyn\u0259 vurulmal\u0131d\u0131r \u201c6 ya\u015fl\u0131 ... Davam\u0131\" \/>\n<meta property=\"og:url\" content=\"https:\/\/www.meydan.tv\/az\/article\/alti-yasli-korpenin-anasi-feryadima-ses-verin\/\" \/>\n<meta property=\"og:site_name\" content=\"MEYDAN.TV\" \/>\n<meta property=\"article:published_time\" content=\"2023-02-27T09:29:17+00:00\" \/>\n<meta property=\"article:modified_time\" content=\"2023-02-27T09:29:21+00:00\" \/>\n<meta property=\"og:image\" content=\"https:\/\/www.meydan.tv\/wp-content\/uploads\/umid-e1677490094274.png\" \/>\n\t<meta property=\"og:image:width\" content=\"1200\" \/>\n\t<meta property=\"og:image:height\" content=\"930\" \/>\n\t<meta property=\"og:image:type\" content=\"image\/png\" \/>\n<meta name=\"author\" content=\"meri\" \/>\n<meta name=\"twitter:card\" content=\"summary_large_image\" \/>\n<script type=\"application\/ld+json\" class=\"yoast-schema-graph\">{\"@context\":\"https:\\\/\\\/schema.org\",\"@graph\":[{\"@type\":\"Article\",\"@id\":\"https:\\\/\\\/www.meydan.tv\\\/az\\\/article\\\/alti-yasli-korpenin-anasi-feryadima-ses-verin\\\/#article\",\"isPartOf\":{\"@id\":\"https:\\\/\\\/www.meydan.tv\\\/az\\\/article\\\/alti-yasli-korpenin-anasi-feryadima-ses-verin\\\/\"},\"author\":{\"name\":\"meri\",\"@id\":\"https:\\\/\\\/www.meydan.tv\\\/az\\\/#\\\/schema\\\/person\\\/f5399057f0b7fa223fa6c9b7c3321968\"},\"headline\":\"Alt\u0131 ya\u015fl\u0131 k\u00f6rp\u0259nin anas\u0131: \u201cF\u0259ryad\u0131ma s\u0259s verin\u201d\",\"datePublished\":\"2023-02-27T09:29:17+00:00\",\"dateModified\":\"2023-02-27T09:29:21+00:00\",\"mainEntityOfPage\":{\"@id\":\"https:\\\/\\\/www.meydan.tv\\\/az\\\/article\\\/alti-yasli-korpenin-anasi-feryadima-ses-verin\\\/\"},\"wordCount\":426,\"publisher\":{\"@id\":\"https:\\\/\\\/www.meydan.tv\\\/az\\\/#organization\"},\"image\":{\"@id\":\"https:\\\/\\\/www.meydan.tv\\\/az\\\/article\\\/alti-yasli-korpenin-anasi-feryadima-ses-verin\\\/#primaryimage\"},\"thumbnailUrl\":\"https:\\\/\\\/www.meydan.tv\\\/wp-content\\\/uploads\\\/umid-e1677490094274.png\",\"articleSection\":[\"B\u00f6lg\u0259\",\"X\u0259b\u0259rl\u0259r\"],\"inLanguage\":\"az\"},{\"@type\":\"WebPage\",\"@id\":\"https:\\\/\\\/www.meydan.tv\\\/az\\\/article\\\/alti-yasli-korpenin-anasi-feryadima-ses-verin\\\/\",\"url\":\"https:\\\/\\\/www.meydan.tv\\\/az\\\/article\\\/alti-yasli-korpenin-anasi-feryadima-ses-verin\\\/\",\"name\":\"Alt\u0131 ya\u015fl\u0131 k\u00f6rp\u0259nin anas\u0131: \u201cF\u0259ryad\u0131ma s\u0259s verin\u201d - MEYDAN.TV\",\"isPartOf\":{\"@id\":\"https:\\\/\\\/www.meydan.tv\\\/az\\\/#website\"},\"primaryImageOfPage\":{\"@id\":\"https:\\\/\\\/www.meydan.tv\\\/az\\\/article\\\/alti-yasli-korpenin-anasi-feryadima-ses-verin\\\/#primaryimage\"},\"image\":{\"@id\":\"https:\\\/\\\/www.meydan.tv\\\/az\\\/article\\\/alti-yasli-korpenin-anasi-feryadima-ses-verin\\\/#primaryimage\"},\"thumbnailUrl\":\"https:\\\/\\\/www.meydan.tv\\\/wp-content\\\/uploads\\\/umid-e1677490094274.png\",\"datePublished\":\"2023-02-27T09:29:17+00:00\",\"dateModified\":\"2023-02-27T09:29:21+00:00\",\"breadcrumb\":{\"@id\":\"https:\\\/\\\/www.meydan.tv\\\/az\\\/article\\\/alti-yasli-korpenin-anasi-feryadima-ses-verin\\\/#breadcrumb\"},\"inLanguage\":\"az\",\"potentialAction\":[{\"@type\":\"ReadAction\",\"target\":[\"https:\\\/\\\/www.meydan.tv\\\/az\\\/article\\\/alti-yasli-korpenin-anasi-feryadima-ses-verin\\\/\"]}]},{\"@type\":\"ImageObject\",\"inLanguage\":\"az\",\"@id\":\"https:\\\/\\\/www.meydan.tv\\\/az\\\/article\\\/alti-yasli-korpenin-anasi-feryadima-ses-verin\\\/#primaryimage\",\"url\":\"https:\\\/\\\/www.meydan.tv\\\/wp-content\\\/uploads\\\/umid-e1677490094274.png\",\"contentUrl\":\"https:\\\/\\\/www.meydan.tv\\\/wp-content\\\/uploads\\\/umid-e1677490094274.png\",\"width\":1200,\"height\":930},{\"@type\":\"BreadcrumbList\",\"@id\":\"https:\\\/\\\/www.meydan.tv\\\/az\\\/article\\\/alti-yasli-korpenin-anasi-feryadima-ses-verin\\\/#breadcrumb\",\"itemListElement\":[{\"@type\":\"ListItem\",\"position\":1,\"name\":\"Ana s\u0259hif\u0259\",\"item\":\"https:\\\/\\\/www.meydan.tv\\\/az\\\/\"},{\"@type\":\"ListItem\",\"position\":2,\"name\":\"B\u00f6lg\u0259\",\"item\":\"https:\\\/\\\/www.meydan.tv\\\/az\\\/section\\\/bolge\\\/\"},{\"@type\":\"ListItem\",\"position\":3,\"name\":\"Alt\u0131 ya\u015fl\u0131 k\u00f6rp\u0259nin anas\u0131: \u201cF\u0259ryad\u0131ma s\u0259s verin\u201d\"}]},{\"@type\":\"WebSite\",\"@id\":\"https:\\\/\\\/www.meydan.tv\\\/az\\\/#website\",\"url\":\"https:\\\/\\\/www.meydan.tv\\\/az\\\/\",\"name\":\"MEYDAN.TV\",\"description\":\"Meydan TV Az\u0259rbaycan\u0131n media m\u0259kan\u0131ndak\u0131 alternativ s\u0259sidir\",\"publisher\":{\"@id\":\"https:\\\/\\\/www.meydan.tv\\\/az\\\/#organization\"},\"potentialAction\":[{\"@type\":\"SearchAction\",\"target\":{\"@type\":\"EntryPoint\",\"urlTemplate\":\"https:\\\/\\\/www.meydan.tv\\\/az\\\/?s={search_term_string}\"},\"query-input\":{\"@type\":\"PropertyValueSpecification\",\"valueRequired\":true,\"valueName\":\"search_term_string\"}}],\"inLanguage\":\"az\"},{\"@type\":\"Organization\",\"@id\":\"https:\\\/\\\/www.meydan.tv\\\/az\\\/#organization\",\"name\":\"Meydan TV\",\"url\":\"https:\\\/\\\/www.meydan.tv\\\/az\\\/\",\"logo\":{\"@type\":\"ImageObject\",\"inLanguage\":\"az\",\"@id\":\"https:\\\/\\\/www.meydan.tv\\\/az\\\/#\\\/schema\\\/logo\\\/image\\\/\",\"url\":\"https:\\\/\\\/www.meydan.tv\\\/wp-content\\\/uploads\\\/2021\\\/07\\\/meydan-logo.svg\",\"contentUrl\":\"https:\\\/\\\/www.meydan.tv\\\/wp-content\\\/uploads\\\/2021\\\/07\\\/meydan-logo.svg\",\"width\":195,\"height\":46,\"caption\":\"Meydan TV\"},\"image\":{\"@id\":\"https:\\\/\\\/www.meydan.tv\\\/az\\\/#\\\/schema\\\/logo\\\/image\\\/\"}},{\"@type\":\"Person\",\"@id\":\"https:\\\/\\\/www.meydan.tv\\\/az\\\/#\\\/schema\\\/person\\\/f5399057f0b7fa223fa6c9b7c3321968\",\"name\":\"meri\"}]}<\/script>\n<!-- \/ Yoast SEO plugin. -->","yoast_head_json":{"title":"Alt\u0131 ya\u015fl\u0131 k\u00f6rp\u0259nin anas\u0131: \u201cF\u0259ryad\u0131ma s\u0259s verin\u201d - MEYDAN.TV","robots":{"index":"index","follow":"follow","max-snippet":"max-snippet:-1","max-image-preview":"max-image-preview:large","max-video-preview":"max-video-preview:-1"},"canonical":"https:\/\/www.meydan.tv\/az\/article\/alti-yasli-korpenin-anasi-feryadima-ses-verin\/","og_locale":"az_AZ","og_type":"article","og_title":"Alt\u0131 ya\u015fl\u0131 k\u00f6rp\u0259nin anas\u0131: \u201cF\u0259ryad\u0131ma s\u0259s verin\u201d - MEYDAN.TV","og_description":"\u00dcmidin ya\u015famas\u0131 \u00fc\u00e7\u00fcn 21 g\u00fcnd\u0259n bir iyn\u0259 vurulmal\u0131d\u0131r \u201c6 ya\u015fl\u0131 ... Davam\u0131","og_url":"https:\/\/www.meydan.tv\/az\/article\/alti-yasli-korpenin-anasi-feryadima-ses-verin\/","og_site_name":"MEYDAN.TV","article_published_time":"2023-02-27T09:29:17+00:00","article_modified_time":"2023-02-27T09:29:21+00:00","og_image":[{"width":1200,"height":930,"url":"https:\/\/www.meydan.tv\/wp-content\/uploads\/umid-e1677490094274.png","type":"image\/png"}],"author":"meri","twitter_card":"summary_large_image","schema":{"@context":"https:\/\/schema.org","@graph":[{"@type":"Article","@id":"https:\/\/www.meydan.tv\/az\/article\/alti-yasli-korpenin-anasi-feryadima-ses-verin\/#article","isPartOf":{"@id":"https:\/\/www.meydan.tv\/az\/article\/alti-yasli-korpenin-anasi-feryadima-ses-verin\/"},"author":{"name":"meri","@id":"https:\/\/www.meydan.tv\/az\/#\/schema\/person\/f5399057f0b7fa223fa6c9b7c3321968"},"headline":"Alt\u0131 ya\u015fl\u0131 k\u00f6rp\u0259nin anas\u0131: \u201cF\u0259ryad\u0131ma s\u0259s verin\u201d","datePublished":"2023-02-27T09:29:17+00:00","dateModified":"2023-02-27T09:29:21+00:00","mainEntityOfPage":{"@id":"https:\/\/www.meydan.tv\/az\/article\/alti-yasli-korpenin-anasi-feryadima-ses-verin\/"},"wordCount":426,"publisher":{"@id":"https:\/\/www.meydan.tv\/az\/#organization"},"image":{"@id":"https:\/\/www.meydan.tv\/az\/article\/alti-yasli-korpenin-anasi-feryadima-ses-verin\/#primaryimage"},"thumbnailUrl":"https:\/\/www.meydan.tv\/wp-content\/uploads\/umid-e1677490094274.png","articleSection":["B\u00f6lg\u0259","X\u0259b\u0259rl\u0259r"],"inLanguage":"az"},{"@type":"WebPage","@id":"https:\/\/www.meydan.tv\/az\/article\/alti-yasli-korpenin-anasi-feryadima-ses-verin\/","url":"https:\/\/www.meydan.tv\/az\/article\/alti-yasli-korpenin-anasi-feryadima-ses-verin\/","name":"Alt\u0131 ya\u015fl\u0131 k\u00f6rp\u0259nin anas\u0131: \u201cF\u0259ryad\u0131ma s\u0259s verin\u201d - MEYDAN.TV","isPartOf":{"@id":"https:\/\/www.meydan.tv\/az\/#website"},"primaryImageOfPage":{"@id":"https:\/\/www.meydan.tv\/az\/article\/alti-yasli-korpenin-anasi-feryadima-ses-verin\/#primaryimage"},"image":{"@id":"https:\/\/www.meydan.tv\/az\/article\/alti-yasli-korpenin-anasi-feryadima-ses-verin\/#primaryimage"},"thumbnailUrl":"https:\/\/www.meydan.tv\/wp-content\/uploads\/umid-e1677490094274.png","datePublished":"2023-02-27T09:29:17+00:00","dateModified":"2023-02-27T09:29:21+00:00","breadcrumb":{"@id":"https:\/\/www.meydan.tv\/az\/article\/alti-yasli-korpenin-anasi-feryadima-ses-verin\/#breadcrumb"},"inLanguage":"az","potentialAction":[{"@type":"ReadAction","target":["https:\/\/www.meydan.tv\/az\/article\/alti-yasli-korpenin-anasi-feryadima-ses-verin\/"]}]},{"@type":"ImageObject","inLanguage":"az","@id":"https:\/\/www.meydan.tv\/az\/article\/alti-yasli-korpenin-anasi-feryadima-ses-verin\/#primaryimage","url":"https:\/\/www.meydan.tv\/wp-content\/uploads\/umid-e1677490094274.png","contentUrl":"https:\/\/www.meydan.tv\/wp-content\/uploads\/umid-e1677490094274.png","width":1200,"height":930},{"@type":"BreadcrumbList","@id":"https:\/\/www.meydan.tv\/az\/article\/alti-yasli-korpenin-anasi-feryadima-ses-verin\/#breadcrumb","itemListElement":[{"@type":"ListItem","position":1,"name":"Ana s\u0259hif\u0259","item":"https:\/\/www.meydan.tv\/az\/"},{"@type":"ListItem","position":2,"name":"B\u00f6lg\u0259","item":"https:\/\/www.meydan.tv\/az\/section\/bolge\/"},{"@type":"ListItem","position":3,"name":"Alt\u0131 ya\u015fl\u0131 k\u00f6rp\u0259nin anas\u0131: \u201cF\u0259ryad\u0131ma s\u0259s verin\u201d"}]},{"@type":"WebSite","@id":"https:\/\/www.meydan.tv\/az\/#website","url":"https:\/\/www.meydan.tv\/az\/","name":"MEYDAN.TV","description":"Meydan TV Az\u0259rbaycan\u0131n media m\u0259kan\u0131ndak\u0131 alternativ s\u0259sidir","publisher":{"@id":"https:\/\/www.meydan.tv\/az\/#organization"},"potentialAction":[{"@type":"SearchAction","target":{"@type":"EntryPoint","urlTemplate":"https:\/\/www.meydan.tv\/az\/?s={search_term_string}"},"query-input":{"@type":"PropertyValueSpecification","valueRequired":true,"valueName":"search_term_string"}}],"inLanguage":"az"},{"@type":"Organization","@id":"https:\/\/www.meydan.tv\/az\/#organization","name":"Meydan TV","url":"https:\/\/www.meydan.tv\/az\/","logo":{"@type":"ImageObject","inLanguage":"az","@id":"https:\/\/www.meydan.tv\/az\/#\/schema\/logo\/image\/","url":"https:\/\/www.meydan.tv\/wp-content\/uploads\/2021\/07\/meydan-logo.svg","contentUrl":"https:\/\/www.meydan.tv\/wp-content\/uploads\/2021\/07\/meydan-logo.svg","width":195,"height":46,"caption":"Meydan TV"},"image":{"@id":"https:\/\/www.meydan.tv\/az\/#\/schema\/logo\/image\/"}},{"@type":"Person","@id":"https:\/\/www.meydan.tv\/az\/#\/schema\/person\/f5399057f0b7fa223fa6c9b7c3321968","name":"meri"}]}},"_links":{"self":[{"href":"https:\/\/www.meydan.tv\/az\/wp-json\/wp\/v2\/posts\/269413","targetHints":{"allow":["GET"]}}],"collection":[{"href":"https:\/\/www.meydan.tv\/az\/wp-json\/wp\/v2\/posts"}],"about":[{"href":"https:\/\/www.meydan.tv\/az\/wp-json\/wp\/v2\/types\/post"}],"author":[{"embeddable":true,"href":"https:\/\/www.meydan.tv\/az\/wp-json\/wp\/v2\/users\/13"}],"replies":[{"embeddable":true,"href":"https:\/\/www.meydan.tv\/az\/wp-json\/wp\/v2\/comments?post=269413"}],"version-history":[{"count":1,"href":"https:\/\/www.meydan.tv\/az\/wp-json\/wp\/v2\/posts\/269413\/revisions"}],"predecessor-version":[{"id":269420,"href":"https:\/\/www.meydan.tv\/az\/wp-json\/wp\/v2\/posts\/269413\/revisions\/269420"}],"wp:featuredmedia":[{"embeddable":true,"href":"https:\/\/www.meydan.tv\/az\/wp-json\/wp\/v2\/media\/269414"}],"wp:attachment":[{"href":"https:\/\/www.meydan.tv\/az\/wp-json\/wp\/v2\/media?parent=269413"}],"wp:term":[{"taxonomy":"category","embeddable":true,"href":"https:\/\/www.meydan.tv\/az\/wp-json\/wp\/v2\/categories?post=269413"},{"taxonomy":"post_tag","embeddable":true,"href":"https:\/\/www.meydan.tv\/az\/wp-json\/wp\/v2\/tags?post=269413"}],"curies":[{"name":"wp","href":"https:\/\/api.w.org\/{rel}","templated":true}]}}