{"id":269385,"date":"2023-02-26T21:36:42","date_gmt":"2023-02-26T17:36:42","guid":{"rendered":"https:\/\/www.meydan.tv\/?p=269385"},"modified":"2023-02-26T21:36:44","modified_gmt":"2023-02-26T17:36:44","slug":"rudekenar-kend-sakinleri-surusme-telasinda","status":"publish","type":"post","link":"https:\/\/www.meydan.tv\/az\/article\/rudekenar-kend-sakinleri-surusme-telasinda\/","title":{"rendered":"R\u00fcd\u0259k\u0259nar k\u0259nd sakinl\u0259ri s\u00fcr\u00fc\u015fm\u0259 t\u0259la\u015f\u0131nda"},"content":{"rendered":"\n<p><em><strong>\u201cT\u00fcrkiy\u0259d\u0259 ba\u015f ver\u0259n z\u0259lz\u0259l\u0259d\u0259n sonra sakinl\u0259r daha da narahat olublar\u201d<\/strong><\/em><\/p>\n\n\n\n<p>\u201cSon g\u00fcnl\u0259r ya\u011fan qar v\u0259 ya\u011f\u0131\u015f s\u00fcr\u00fc\u015fm\u0259ni aktivl\u0259\u015fdirib, bir ne\u00e7\u0259 ev t\u0259hl\u00fck\u0259d\u0259dir. T\u0259dbir g\u00f6r\u00fclm\u0259zs\u0259,&nbsp;h\u0259m\u00e7inin meyv\u0259 ba\u011flar\u0131 v\u0259 torpaq sah\u0259l\u0259ri d\u0259 m\u0259hv ola bil\u0259r\u201d.<\/p>\n\n\n\n<p>Bunu Meydan&nbsp;TV-y\u0259 Masall\u0131 rayonunun R\u00fcd\u0259k\u0259nar k\u0259ndinin sakinl\u0259ri bildiribl\u0259r. Onlar\u0131n s\u00f6zl\u0259rin\u0259 g\u00f6r\u0259, davaml\u0131 m\u00fcraci\u0259tl\u0259rd\u0259n sonra \u0259raziy\u0259 bax\u0131\u015f ke\u00e7irilib. Q\u0259rara al\u0131n\u0131b ki, s\u00fcr\u00fc\u015f\u0259n torpaq qat\u0131n\u0131n qar\u015f\u0131s\u0131 al\u0131nmas\u0131 \u00fc\u00e7\u00fcn panell\u0259r qoyulsun. Sakinl\u0259r yazda ya\u011f\u0131nt\u0131lar\u0131n intensivl\u0259\u015fm\u0259si n\u0259tic\u0259sind\u0259 v\u0259ziyy\u0259tin daha da \u00e7\u0259tinl\u0259\u015f\u0259c\u0259yind\u0259n narahatd\u0131lar.&nbsp;<\/p>\n\n\n\n<p>Sakinl\u0259rd\u0259n M\u0259h\u0259mm\u0259d M\u0259mm\u0259dov deyib ki, art\u0131q 9-10 ildir v\u0259ziyy\u0259t bel\u0259dir. G\u00fccl\u00fc ya\u011f\u0131\u015flardan sonra torpaq yuyulub, s\u00fcr\u00fc\u015fm\u0259 bir ne\u00e7\u0259 ev\u0259 q\u0259d\u0259r \u00e7at\u0131b: \u201cT\u00fcrkiy\u0259d\u0259 ba\u015f ver\u0259n z\u0259lz\u0259l\u0259d\u0259n sonra sakinl\u0259r daha da narahat olublar. \u00c7\u00fcnki \u00f6lk\u0259nin c\u0259nub b\u00f6lg\u0259si d\u0259 seysmik aktiv \u0259razi say\u0131l\u0131r. Bu bax\u0131mdan z\u0259lz\u0259l\u0259 s\u00fcr\u00fc\u015fm\u0259y\u0259, yaxud \u0259ksin\u0259 s\u00fcr\u00fc\u015fm\u0259nin z\u0259lz\u0259l\u0259y\u0259 t\u0259sir ed\u0259 bil\u0259c\u0259yind\u0259n qorxurlar\u201d.<\/p>\n\n\n\n<p>Sakinl\u0259r \u00e7ay\u0131n istiqam\u0259tinin d\u0259yi\u015fdirilm\u0259sini d\u0259 t\u0259klif edirl\u0259r. Onlar\u0131n s\u00f6zl\u0259rin\u0259 g\u00f6r\u0259, zaman-zaman da\u015fq\u0131nlar ba\u015f verir.&nbsp;<\/p>\n\n\n\n<p>R\u00fcd\u0259k\u0259nar k\u0259nd&nbsp;B\u0259l\u0259diyy\u0259sind\u0259n Meydan&nbsp;TV-y\u0259 bildiribl\u0259r ki, \u00e7ay k\u0259nar\u0131nda beton dir\u0259kl\u0259r yoxdur, m\u0259s\u0259l\u0259d\u0259n rayon icra hakimiyy\u0259ti v\u0259 F\u00f6vq\u0259lad\u0259 Hallar Nazirliyi d\u0259 x\u0259b\u0259rdard\u0131r:&nbsp;<\/p>\n\n\n\n<p>\u201cS\u00fcr\u00fc\u015fm\u0259 yaln\u0131z bir evin 10-15 metrliyin\u0259 q\u0259d\u0259r g\u0259lib \u00e7at\u0131b. \u00c7ayda da\u015fq\u0131n olanda s\u00fcr\u00fc\u015fm\u0259 art\u0131r. \u00c7ay da\u015fanda \u0259kin sah\u0259l\u0259rini yuyur, amma ona yax\u0131n evin t\u0259hl\u00fck\u0259d\u0259 olmas\u0131 il\u0259 ba\u011fl\u0131 deyil\u0259nl\u0259r \u015fi\u015firdilib\u201d.<\/p>\n\n\n\n<p>B\u0259l\u0259diyy\u0259d\u0259n onu da deyibl\u0259r ki, art\u0131q m\u0259s\u0259l\u0259 il\u0259 ba\u011fl\u0131 t\u0259dbirl\u0259r m\u00fc\u0259yy\u0259nl\u0259\u015fdirilib v\u0259 icra edil\u0259c\u0259k.&nbsp;<\/p>\n\n\n\n<p>R\u00fcd\u0259k\u0259nar k\u0259ndi Masall\u0131n\u0131n Mahmudavar k\u0259nd inzibati \u0259razisind\u0259, rayon m\u0259rk\u0259zind\u0259n 25 kilometr aral\u0131da yerl\u0259\u015fir.&nbsp;<\/p>\n\n\n\n<p>B\u0259l\u0259diyy\u0259d\u0259n onu da deyibl\u0259r ki, k\u0259ndin 1200-\u0259 yax\u0131n sakini var, amma \u0259ks\u0259riyy\u0259t k\u0259ndd\u0259 ya\u015fam\u0131r.&nbsp;<\/p>\n","protected":false},"excerpt":{"rendered":"<p>\u201cT\u00fcrkiy\u0259d\u0259 ba\u015f ver\u0259n z\u0259lz\u0259l\u0259d\u0259n sonra sakinl\u0259r daha da narahat olublar\u201d &#8230; <\/p>\n<p class=\"read-more-container\"><a title=\"R\u00fcd\u0259k\u0259nar k\u0259nd sakinl\u0259ri s\u00fcr\u00fc\u015fm\u0259 t\u0259la\u015f\u0131nda\" class=\"read-more button\" href=\"https:\/\/www.meydan.tv\/az\/article\/rudekenar-kend-sakinleri-surusme-telasinda\/#more-269385\" aria-label=\"Read more about R\u00fcd\u0259k\u0259nar k\u0259nd sakinl\u0259ri s\u00fcr\u00fc\u015fm\u0259 t\u0259la\u015f\u0131nda\">Davam\u0131<\/a><\/p>\n","protected":false},"author":13,"featured_media":108640,"comment_status":"closed","ping_status":"closed","sticky":false,"template":"","format":"standard","meta":{"_acf_changed":false,"_sitemap_exclude":false,"_sitemap_priority":"","_sitemap_frequency":"","footnotes":""},"categories":[60,56],"tags":[],"class_list":["post-269385","post","type-post","status-publish","format-standard","has-post-thumbnail","hentry","category-bolge","category-xeberler","infinite-scroll-item","generate-columns","tablet-grid-50","mobile-grid-100","grid-parent","grid-33","no-featured-image-padding"],"acf":[],"yoast_head":"<!-- This site is optimized with the Yoast SEO plugin v27.5 - https:\/\/yoast.com\/product\/yoast-seo-wordpress\/ -->\n<title>R\u00fcd\u0259k\u0259nar k\u0259nd sakinl\u0259ri s\u00fcr\u00fc\u015fm\u0259 t\u0259la\u015f\u0131nda - MEYDAN.TV<\/title>\n<meta name=\"robots\" content=\"index, follow, max-snippet:-1, max-image-preview:large, max-video-preview:-1\" \/>\n<link rel=\"canonical\" href=\"https:\/\/www.meydan.tv\/az\/article\/rudekenar-kend-sakinleri-surusme-telasinda\/\" \/>\n<meta property=\"og:locale\" content=\"az_AZ\" \/>\n<meta property=\"og:type\" content=\"article\" \/>\n<meta property=\"og:title\" content=\"R\u00fcd\u0259k\u0259nar k\u0259nd sakinl\u0259ri s\u00fcr\u00fc\u015fm\u0259 t\u0259la\u015f\u0131nda - MEYDAN.TV\" \/>\n<meta property=\"og:description\" content=\"\u201cT\u00fcrkiy\u0259d\u0259 ba\u015f ver\u0259n z\u0259lz\u0259l\u0259d\u0259n sonra sakinl\u0259r daha da narahat olublar\u201d ... Davam\u0131\" \/>\n<meta property=\"og:url\" content=\"https:\/\/www.meydan.tv\/az\/article\/rudekenar-kend-sakinleri-surusme-telasinda\/\" \/>\n<meta property=\"og:site_name\" content=\"MEYDAN.TV\" \/>\n<meta property=\"article:published_time\" content=\"2023-02-26T17:36:42+00:00\" \/>\n<meta property=\"article:modified_time\" content=\"2023-02-26T17:36:44+00:00\" \/>\n<meta property=\"og:image\" content=\"https:\/\/www.meydan.tv\/wp-content\/uploads\/43192.jpg\" \/>\n\t<meta property=\"og:image:width\" content=\"1200\" \/>\n\t<meta property=\"og:image:height\" content=\"900\" \/>\n\t<meta property=\"og:image:type\" content=\"image\/jpeg\" \/>\n<meta name=\"author\" content=\"meri\" \/>\n<meta name=\"twitter:card\" content=\"summary_large_image\" \/>\n<script type=\"application\/ld+json\" class=\"yoast-schema-graph\">{\"@context\":\"https:\\\/\\\/schema.org\",\"@graph\":[{\"@type\":\"Article\",\"@id\":\"https:\\\/\\\/www.meydan.tv\\\/az\\\/article\\\/rudekenar-kend-sakinleri-surusme-telasinda\\\/#article\",\"isPartOf\":{\"@id\":\"https:\\\/\\\/www.meydan.tv\\\/az\\\/article\\\/rudekenar-kend-sakinleri-surusme-telasinda\\\/\"},\"author\":{\"name\":\"meri\",\"@id\":\"https:\\\/\\\/www.meydan.tv\\\/az\\\/#\\\/schema\\\/person\\\/f5399057f0b7fa223fa6c9b7c3321968\"},\"headline\":\"R\u00fcd\u0259k\u0259nar k\u0259nd sakinl\u0259ri s\u00fcr\u00fc\u015fm\u0259 t\u0259la\u015f\u0131nda\",\"datePublished\":\"2023-02-26T17:36:42+00:00\",\"dateModified\":\"2023-02-26T17:36:44+00:00\",\"mainEntityOfPage\":{\"@id\":\"https:\\\/\\\/www.meydan.tv\\\/az\\\/article\\\/rudekenar-kend-sakinleri-surusme-telasinda\\\/\"},\"wordCount\":471,\"publisher\":{\"@id\":\"https:\\\/\\\/www.meydan.tv\\\/az\\\/#organization\"},\"image\":{\"@id\":\"https:\\\/\\\/www.meydan.tv\\\/az\\\/article\\\/rudekenar-kend-sakinleri-surusme-telasinda\\\/#primaryimage\"},\"thumbnailUrl\":\"https:\\\/\\\/www.meydan.tv\\\/wp-content\\\/uploads\\\/43192.jpg\",\"articleSection\":[\"B\u00f6lg\u0259\",\"X\u0259b\u0259rl\u0259r\"],\"inLanguage\":\"az\"},{\"@type\":\"WebPage\",\"@id\":\"https:\\\/\\\/www.meydan.tv\\\/az\\\/article\\\/rudekenar-kend-sakinleri-surusme-telasinda\\\/\",\"url\":\"https:\\\/\\\/www.meydan.tv\\\/az\\\/article\\\/rudekenar-kend-sakinleri-surusme-telasinda\\\/\",\"name\":\"R\u00fcd\u0259k\u0259nar k\u0259nd sakinl\u0259ri s\u00fcr\u00fc\u015fm\u0259 t\u0259la\u015f\u0131nda - MEYDAN.TV\",\"isPartOf\":{\"@id\":\"https:\\\/\\\/www.meydan.tv\\\/az\\\/#website\"},\"primaryImageOfPage\":{\"@id\":\"https:\\\/\\\/www.meydan.tv\\\/az\\\/article\\\/rudekenar-kend-sakinleri-surusme-telasinda\\\/#primaryimage\"},\"image\":{\"@id\":\"https:\\\/\\\/www.meydan.tv\\\/az\\\/article\\\/rudekenar-kend-sakinleri-surusme-telasinda\\\/#primaryimage\"},\"thumbnailUrl\":\"https:\\\/\\\/www.meydan.tv\\\/wp-content\\\/uploads\\\/43192.jpg\",\"datePublished\":\"2023-02-26T17:36:42+00:00\",\"dateModified\":\"2023-02-26T17:36:44+00:00\",\"breadcrumb\":{\"@id\":\"https:\\\/\\\/www.meydan.tv\\\/az\\\/article\\\/rudekenar-kend-sakinleri-surusme-telasinda\\\/#breadcrumb\"},\"inLanguage\":\"az\",\"potentialAction\":[{\"@type\":\"ReadAction\",\"target\":[\"https:\\\/\\\/www.meydan.tv\\\/az\\\/article\\\/rudekenar-kend-sakinleri-surusme-telasinda\\\/\"]}]},{\"@type\":\"ImageObject\",\"inLanguage\":\"az\",\"@id\":\"https:\\\/\\\/www.meydan.tv\\\/az\\\/article\\\/rudekenar-kend-sakinleri-surusme-telasinda\\\/#primaryimage\",\"url\":\"https:\\\/\\\/www.meydan.tv\\\/wp-content\\\/uploads\\\/43192.jpg\",\"contentUrl\":\"https:\\\/\\\/www.meydan.tv\\\/wp-content\\\/uploads\\\/43192.jpg\",\"width\":1200,\"height\":900,\"caption\":\"Foto: Trend.az\"},{\"@type\":\"BreadcrumbList\",\"@id\":\"https:\\\/\\\/www.meydan.tv\\\/az\\\/article\\\/rudekenar-kend-sakinleri-surusme-telasinda\\\/#breadcrumb\",\"itemListElement\":[{\"@type\":\"ListItem\",\"position\":1,\"name\":\"Ana s\u0259hif\u0259\",\"item\":\"https:\\\/\\\/www.meydan.tv\\\/az\\\/\"},{\"@type\":\"ListItem\",\"position\":2,\"name\":\"B\u00f6lg\u0259\",\"item\":\"https:\\\/\\\/www.meydan.tv\\\/az\\\/section\\\/bolge\\\/\"},{\"@type\":\"ListItem\",\"position\":3,\"name\":\"R\u00fcd\u0259k\u0259nar k\u0259nd sakinl\u0259ri s\u00fcr\u00fc\u015fm\u0259 t\u0259la\u015f\u0131nda\"}]},{\"@type\":\"WebSite\",\"@id\":\"https:\\\/\\\/www.meydan.tv\\\/az\\\/#website\",\"url\":\"https:\\\/\\\/www.meydan.tv\\\/az\\\/\",\"name\":\"MEYDAN.TV\",\"description\":\"Meydan TV Az\u0259rbaycan\u0131n media m\u0259kan\u0131ndak\u0131 alternativ s\u0259sidir\",\"publisher\":{\"@id\":\"https:\\\/\\\/www.meydan.tv\\\/az\\\/#organization\"},\"potentialAction\":[{\"@type\":\"SearchAction\",\"target\":{\"@type\":\"EntryPoint\",\"urlTemplate\":\"https:\\\/\\\/www.meydan.tv\\\/az\\\/?s={search_term_string}\"},\"query-input\":{\"@type\":\"PropertyValueSpecification\",\"valueRequired\":true,\"valueName\":\"search_term_string\"}}],\"inLanguage\":\"az\"},{\"@type\":\"Organization\",\"@id\":\"https:\\\/\\\/www.meydan.tv\\\/az\\\/#organization\",\"name\":\"Meydan TV\",\"url\":\"https:\\\/\\\/www.meydan.tv\\\/az\\\/\",\"logo\":{\"@type\":\"ImageObject\",\"inLanguage\":\"az\",\"@id\":\"https:\\\/\\\/www.meydan.tv\\\/az\\\/#\\\/schema\\\/logo\\\/image\\\/\",\"url\":\"https:\\\/\\\/www.meydan.tv\\\/wp-content\\\/uploads\\\/2021\\\/07\\\/meydan-logo.svg\",\"contentUrl\":\"https:\\\/\\\/www.meydan.tv\\\/wp-content\\\/uploads\\\/2021\\\/07\\\/meydan-logo.svg\",\"width\":195,\"height\":46,\"caption\":\"Meydan TV\"},\"image\":{\"@id\":\"https:\\\/\\\/www.meydan.tv\\\/az\\\/#\\\/schema\\\/logo\\\/image\\\/\"}},{\"@type\":\"Person\",\"@id\":\"https:\\\/\\\/www.meydan.tv\\\/az\\\/#\\\/schema\\\/person\\\/f5399057f0b7fa223fa6c9b7c3321968\",\"name\":\"meri\"}]}<\/script>\n<!-- \/ Yoast SEO plugin. -->","yoast_head_json":{"title":"R\u00fcd\u0259k\u0259nar k\u0259nd sakinl\u0259ri s\u00fcr\u00fc\u015fm\u0259 t\u0259la\u015f\u0131nda - MEYDAN.TV","robots":{"index":"index","follow":"follow","max-snippet":"max-snippet:-1","max-image-preview":"max-image-preview:large","max-video-preview":"max-video-preview:-1"},"canonical":"https:\/\/www.meydan.tv\/az\/article\/rudekenar-kend-sakinleri-surusme-telasinda\/","og_locale":"az_AZ","og_type":"article","og_title":"R\u00fcd\u0259k\u0259nar k\u0259nd sakinl\u0259ri s\u00fcr\u00fc\u015fm\u0259 t\u0259la\u015f\u0131nda - MEYDAN.TV","og_description":"\u201cT\u00fcrkiy\u0259d\u0259 ba\u015f ver\u0259n z\u0259lz\u0259l\u0259d\u0259n sonra sakinl\u0259r daha da narahat olublar\u201d ... Davam\u0131","og_url":"https:\/\/www.meydan.tv\/az\/article\/rudekenar-kend-sakinleri-surusme-telasinda\/","og_site_name":"MEYDAN.TV","article_published_time":"2023-02-26T17:36:42+00:00","article_modified_time":"2023-02-26T17:36:44+00:00","og_image":[{"width":1200,"height":900,"url":"https:\/\/www.meydan.tv\/wp-content\/uploads\/43192.jpg","type":"image\/jpeg"}],"author":"meri","twitter_card":"summary_large_image","schema":{"@context":"https:\/\/schema.org","@graph":[{"@type":"Article","@id":"https:\/\/www.meydan.tv\/az\/article\/rudekenar-kend-sakinleri-surusme-telasinda\/#article","isPartOf":{"@id":"https:\/\/www.meydan.tv\/az\/article\/rudekenar-kend-sakinleri-surusme-telasinda\/"},"author":{"name":"meri","@id":"https:\/\/www.meydan.tv\/az\/#\/schema\/person\/f5399057f0b7fa223fa6c9b7c3321968"},"headline":"R\u00fcd\u0259k\u0259nar k\u0259nd sakinl\u0259ri s\u00fcr\u00fc\u015fm\u0259 t\u0259la\u015f\u0131nda","datePublished":"2023-02-26T17:36:42+00:00","dateModified":"2023-02-26T17:36:44+00:00","mainEntityOfPage":{"@id":"https:\/\/www.meydan.tv\/az\/article\/rudekenar-kend-sakinleri-surusme-telasinda\/"},"wordCount":471,"publisher":{"@id":"https:\/\/www.meydan.tv\/az\/#organization"},"image":{"@id":"https:\/\/www.meydan.tv\/az\/article\/rudekenar-kend-sakinleri-surusme-telasinda\/#primaryimage"},"thumbnailUrl":"https:\/\/www.meydan.tv\/wp-content\/uploads\/43192.jpg","articleSection":["B\u00f6lg\u0259","X\u0259b\u0259rl\u0259r"],"inLanguage":"az"},{"@type":"WebPage","@id":"https:\/\/www.meydan.tv\/az\/article\/rudekenar-kend-sakinleri-surusme-telasinda\/","url":"https:\/\/www.meydan.tv\/az\/article\/rudekenar-kend-sakinleri-surusme-telasinda\/","name":"R\u00fcd\u0259k\u0259nar k\u0259nd sakinl\u0259ri s\u00fcr\u00fc\u015fm\u0259 t\u0259la\u015f\u0131nda - MEYDAN.TV","isPartOf":{"@id":"https:\/\/www.meydan.tv\/az\/#website"},"primaryImageOfPage":{"@id":"https:\/\/www.meydan.tv\/az\/article\/rudekenar-kend-sakinleri-surusme-telasinda\/#primaryimage"},"image":{"@id":"https:\/\/www.meydan.tv\/az\/article\/rudekenar-kend-sakinleri-surusme-telasinda\/#primaryimage"},"thumbnailUrl":"https:\/\/www.meydan.tv\/wp-content\/uploads\/43192.jpg","datePublished":"2023-02-26T17:36:42+00:00","dateModified":"2023-02-26T17:36:44+00:00","breadcrumb":{"@id":"https:\/\/www.meydan.tv\/az\/article\/rudekenar-kend-sakinleri-surusme-telasinda\/#breadcrumb"},"inLanguage":"az","potentialAction":[{"@type":"ReadAction","target":["https:\/\/www.meydan.tv\/az\/article\/rudekenar-kend-sakinleri-surusme-telasinda\/"]}]},{"@type":"ImageObject","inLanguage":"az","@id":"https:\/\/www.meydan.tv\/az\/article\/rudekenar-kend-sakinleri-surusme-telasinda\/#primaryimage","url":"https:\/\/www.meydan.tv\/wp-content\/uploads\/43192.jpg","contentUrl":"https:\/\/www.meydan.tv\/wp-content\/uploads\/43192.jpg","width":1200,"height":900,"caption":"Foto: Trend.az"},{"@type":"BreadcrumbList","@id":"https:\/\/www.meydan.tv\/az\/article\/rudekenar-kend-sakinleri-surusme-telasinda\/#breadcrumb","itemListElement":[{"@type":"ListItem","position":1,"name":"Ana s\u0259hif\u0259","item":"https:\/\/www.meydan.tv\/az\/"},{"@type":"ListItem","position":2,"name":"B\u00f6lg\u0259","item":"https:\/\/www.meydan.tv\/az\/section\/bolge\/"},{"@type":"ListItem","position":3,"name":"R\u00fcd\u0259k\u0259nar k\u0259nd sakinl\u0259ri s\u00fcr\u00fc\u015fm\u0259 t\u0259la\u015f\u0131nda"}]},{"@type":"WebSite","@id":"https:\/\/www.meydan.tv\/az\/#website","url":"https:\/\/www.meydan.tv\/az\/","name":"MEYDAN.TV","description":"Meydan TV Az\u0259rbaycan\u0131n media m\u0259kan\u0131ndak\u0131 alternativ s\u0259sidir","publisher":{"@id":"https:\/\/www.meydan.tv\/az\/#organization"},"potentialAction":[{"@type":"SearchAction","target":{"@type":"EntryPoint","urlTemplate":"https:\/\/www.meydan.tv\/az\/?s={search_term_string}"},"query-input":{"@type":"PropertyValueSpecification","valueRequired":true,"valueName":"search_term_string"}}],"inLanguage":"az"},{"@type":"Organization","@id":"https:\/\/www.meydan.tv\/az\/#organization","name":"Meydan TV","url":"https:\/\/www.meydan.tv\/az\/","logo":{"@type":"ImageObject","inLanguage":"az","@id":"https:\/\/www.meydan.tv\/az\/#\/schema\/logo\/image\/","url":"https:\/\/www.meydan.tv\/wp-content\/uploads\/2021\/07\/meydan-logo.svg","contentUrl":"https:\/\/www.meydan.tv\/wp-content\/uploads\/2021\/07\/meydan-logo.svg","width":195,"height":46,"caption":"Meydan TV"},"image":{"@id":"https:\/\/www.meydan.tv\/az\/#\/schema\/logo\/image\/"}},{"@type":"Person","@id":"https:\/\/www.meydan.tv\/az\/#\/schema\/person\/f5399057f0b7fa223fa6c9b7c3321968","name":"meri"}]}},"_links":{"self":[{"href":"https:\/\/www.meydan.tv\/az\/wp-json\/wp\/v2\/posts\/269385","targetHints":{"allow":["GET"]}}],"collection":[{"href":"https:\/\/www.meydan.tv\/az\/wp-json\/wp\/v2\/posts"}],"about":[{"href":"https:\/\/www.meydan.tv\/az\/wp-json\/wp\/v2\/types\/post"}],"author":[{"embeddable":true,"href":"https:\/\/www.meydan.tv\/az\/wp-json\/wp\/v2\/users\/13"}],"replies":[{"embeddable":true,"href":"https:\/\/www.meydan.tv\/az\/wp-json\/wp\/v2\/comments?post=269385"}],"version-history":[{"count":1,"href":"https:\/\/www.meydan.tv\/az\/wp-json\/wp\/v2\/posts\/269385\/revisions"}],"predecessor-version":[{"id":269386,"href":"https:\/\/www.meydan.tv\/az\/wp-json\/wp\/v2\/posts\/269385\/revisions\/269386"}],"wp:featuredmedia":[{"embeddable":true,"href":"https:\/\/www.meydan.tv\/az\/wp-json\/wp\/v2\/media\/108640"}],"wp:attachment":[{"href":"https:\/\/www.meydan.tv\/az\/wp-json\/wp\/v2\/media?parent=269385"}],"wp:term":[{"taxonomy":"category","embeddable":true,"href":"https:\/\/www.meydan.tv\/az\/wp-json\/wp\/v2\/categories?post=269385"},{"taxonomy":"post_tag","embeddable":true,"href":"https:\/\/www.meydan.tv\/az\/wp-json\/wp\/v2\/tags?post=269385"}],"curies":[{"name":"wp","href":"https:\/\/api.w.org\/{rel}","templated":true}]}}