{"id":269380,"date":"2023-02-26T21:22:37","date_gmt":"2023-02-26T17:22:37","guid":{"rendered":"https:\/\/www.meydan.tv\/?p=269380"},"modified":"2023-02-26T21:22:40","modified_gmt":"2023-02-26T17:22:40","slug":"tengivanlilarin-deputata-mexsus-karxana-ile-problemi-bitmir","status":"publish","type":"post","link":"https:\/\/www.meydan.tv\/az\/article\/tengivanlilarin-deputata-mexsus-karxana-ile-problemi-bitmir\/","title":{"rendered":"T\u0259ngivanl\u0131lar\u0131n deputata m\u0259xsus karxana il\u0259 problemi bitmir"},"content":{"rendered":"\n<p><em><strong>Yerli sakinl\u0259r deyirl\u0259r ki, \u00e7ay\u0131n \u0259razisind\u0259n da\u015f-\u00e7\u0131nq\u0131l da\u015f\u0131nmas\u0131 s\u0259b\u0259bind\u0259n \u00e7uxurlar \u0259m\u0259l\u0259 g\u0259lib, yax\u0131nl\u0131qdak\u0131 evl\u0259r \u00fc\u00e7\u00fcn t\u0259hl\u00fck\u0259 yaran\u0131b<\/strong><\/em><\/p>\n\n\n\n<p>\u201cL\u0259nkaranin T\u0259ngivan k\u0259ndind\u0259ki da\u015f karxanas\u0131n\u0131n f\u0259aliyy\u0259ti il\u0259 tan\u0131\u015f olduq. H\u0259m k\u0259nd, h\u0259m d\u0259 k\u0259ndlil\u0259r ac\u0131nacaql\u0131 v\u0259ziyy\u0259td\u0259dil\u0259r. K\u0259ndlil\u0259r \u00f6r\u00fc\u015f torpaqlar\u0131n\u0131, pay torpaqlar\u0131n\u0131, ba\u011flar\u0131n\u0131 itiribl\u0259r. Artezian quyular\u0131n\u0131n bir hiss\u0259si quruyub\u201d.&nbsp;<\/p>\n\n\n\n<p>Bu bar\u0259d\u0259 Meydan&nbsp;TV-y\u0259&nbsp;\u201cEcofront\u201d&nbsp;t\u0259\u015fkilat\u0131ndan bildiribl\u0259r.&nbsp;<\/p>\n\n\n\n<p>K\u0259ndd\u0259ki karxanan\u0131n f\u0259aliyy\u0259ti il\u0259 ba\u011fl\u0131 art\u0131q bir ne\u00e7\u0259 ildir,\u00a0m\u00fcraci\u0259tl\u0259r <a href=\"https:\/\/www.meydan.tv\/az\/article\/sovulular-deputatin-karxanasi-heyatimizi-alt-ust-edib\/\" target=\"_blank\" rel=\"noreferrer noopener\">s\u0259sl\u0259ndirilir\u00a0<\/a>.\u00a0\u00a0Yerli sakinl\u0259r deyirl\u0259r ki, \u00e7ay\u0131n \u0259razisind\u0259n da\u015f-\u00e7\u0131nq\u0131l da\u015f\u0131nmas\u0131 s\u0259b\u0259bind\u0259n \u00e7uxurlar \u0259m\u0259l\u0259 g\u0259lib, yax\u0131nl\u0131qdak\u0131 evl\u0259r \u00fc\u00e7\u00fcn t\u0259hl\u00fck\u0259 yaran\u0131b.<\/p>\n\n\n\n<p>T\u0259ngivan k\u0259ndi L\u0259nk\u0259ran-Lerik \u015fose yolunda, L\u0259nk\u0259ran \u015f\u0259h\u0259rind\u0259n 17 kilometr m\u0259saf\u0259d\u0259 yerl\u0259\u015fir. Sakinl\u0259r \u0259sas\u0259n tax\u0131l\u00e7\u0131l\u0131q, heyvandarl\u0131q, meyv\u0259\u00e7ilik v\u0259 t\u0259r\u0259v\u0259z\u00e7ilik il\u0259 m\u0259\u015f\u011ful olurlar.&nbsp;<\/p>\n\n\n\n<p>\u201cEcofront\u201d&nbsp;t\u0259\u015fkilat\u0131ndan onu da deyibl\u0259r ki, karxanan\u0131n f\u0259aliyy\u0259ti s\u0259b\u0259bind\u0259n \u00e7ay yata\u011f\u0131nda ekoloji v\u0259ziyy\u0259t yax\u015f\u0131 deyil. Hektarlarla \u0259razid\u0259 me\u015f\u0259cinsli a\u011faclar ekskavatorlarla g\u00f6t\u00fcr\u00fcl\u00fcb. Karxanan\u0131n f\u0259aliyy\u0259ti n\u0259tic\u0259sind\u0259 \u00e7ay suyu m\u00fct\u0259madi lill\u0259nir. \u0130ddia olunur ki, karxanan\u0131n tullant\u0131lar\u0131 \u00e7aya t\u00f6k\u00fcl\u00fcr.&nbsp;<\/p>\n\n\n\n<p>Karxana&nbsp;\u201cKaspi Y\u0131ld\u0131z\u201d MMC-y\u0259 m\u0259xsusdur.&nbsp;Ekologiya v\u0259 T\u0259bii S\u0259rv\u0259tl\u0259r Nazirliyi&nbsp;qanunsuz qum-\u00e7\u0131nq\u0131l hasilat\u0131na v\u0259 ekologiyan\u0131 \u00e7irkl\u0259ndirdiyin\u0259 g\u00f6r\u0259 d\u0259f\u0259l\u0259rl\u0259&nbsp;bu \u015firk\u0259ti&nbsp;m\u0259hk\u0259m\u0259y\u0259 verib. M\u0259hk\u0259m\u0259 MMC-ni bir ne\u00e7\u0259 d\u0259f\u0259 c\u0259rim\u0259l\u0259s\u0259 d\u0259, \u015firk\u0259t \u00f6z f\u0259aliyy\u0259tind\u0259dir.<\/p>\n\n\n\n<p>\u201cKaspi Y\u0131ld\u0131z\u201d MMC Lerikin 78 sayl\u0131 dair\u0259sind\u0259n deputat se\u00e7ilmi\u015f \u0130qbal M\u0259mm\u0259dova m\u0259xsusdur. O, bu \u015firk\u0259ti 1996-c\u0131 ild\u0259 t\u0259sis edib.&nbsp;Karxana is\u0259 2011-ci ild\u0259n f\u0259aliyy\u0259t g\u00f6st\u0259rir.&nbsp;<\/p>\n\n\n\n<p>\u0130qbal M\u0259mm\u0259dovun Lerikin Piran k\u0259ndind\u0259&nbsp;f\u0259aliyy\u0259t g\u00f6st\u0259r\u0259n iri qu\u015f\u00e7uluq t\u0259s\u0259rr\u00fcfat\u0131n\u0131n da&nbsp;oldu\u011fu deyilir. Hans\u0131 ki, \u00e7ay\u0131 \u00e7irkl\u0259ndir\u0259n s\u0259b\u0259bl\u0259rd\u0259n biri d\u0259 h\u0259min t\u0259s\u0259rr\u00fcfatda qu\u015f k\u0259siml\u0259ri zaman\u0131 tullant\u0131lar\u0131n \u00e7aya burax\u0131lmas\u0131 idi. Piran k\u0259ndinin sakinl\u0259rinin uzunm\u00fcdd\u0259tli \u015fikay\u0259tl\u0259rind\u0259n sonra t\u0259s\u0259rr\u00fcfatdak\u0131 qu\u015f k\u0259simi sexl\u0259ri ba\u011flan\u0131b.<\/p>\n\n\n\n<p>T\u0259ngivan k\u0259ndinin inzibati \u0259razisin\u0259 daxil oldu\u011fu Rvo k\u0259nd B\u0259l\u0259diyy\u0259sind\u0259n&nbsp;Meydan TV-y\u0259&nbsp;bildiribl\u0259r ki, karxana il\u0259 pay torpaqlar\u0131 aras\u0131nda m\u0259saf\u0259 uzundur v\u0259 karxanan\u0131n pay torpaqlar\u0131na t\u0259siri m\u00fcmk\u00fcn deyil.<\/p>\n\n\n\n<p>Ekologiya v\u0259 T\u0259bii S\u0259rv\u0259tl\u0259r Nazirliyinin a\u00e7\u0131qlamas\u0131nda is\u0259 qeyd olunur ki, k\u0259nd sakinl\u0259rinin nazirliy\u0259 daxil olmu\u015f m\u00fcraci\u0259tl\u0259ri \u0259sas\u0131nda ara\u015fd\u0131rma apar\u0131l\u0131b. B\u0259lli olub ki, k\u0259ndd\u0259 yerl\u0259\u015f\u0259n qum-\u00e7\u0131nq\u0131l hasilat\u0131 il\u0259 m\u0259\u015f\u011ful olan m\u00fc\u0259ssis\u0259y\u0259 m\u0259xsus \u0259razid\u0259n qanunsuz olaraq qum-\u00e7\u0131ng\u0131l qar\u0131\u015f\u0131\u011f\u0131n\u0131n has\u0131lat\u0131, o c\u00fcml\u0259d\u0259n yalanqoz cinsli a\u011fa\u00e7lar\u0131n m\u0259hv edilm\u0259si n\u0259tic\u0259sind\u0259 t\u0259bi\u0259t\u0259 b\u00f6y\u00fck ziyan d\u0259yib. \u0130\u015f Ba\u015f Prokurorlu\u011fa g\u00f6nd\u0259rilib.<\/p>\n","protected":false},"excerpt":{"rendered":"<p>Yerli sakinl\u0259r deyirl\u0259r ki, \u00e7ay\u0131n \u0259razisind\u0259n da\u015f-\u00e7\u0131nq\u0131l da\u015f\u0131nmas\u0131 s\u0259b\u0259bind\u0259n \u00e7uxurlar &#8230; <\/p>\n<p class=\"read-more-container\"><a title=\"T\u0259ngivanl\u0131lar\u0131n deputata m\u0259xsus karxana il\u0259 problemi bitmir\" class=\"read-more button\" href=\"https:\/\/www.meydan.tv\/az\/article\/tengivanlilarin-deputata-mexsus-karxana-ile-problemi-bitmir\/#more-269380\" aria-label=\"Read more about T\u0259ngivanl\u0131lar\u0131n deputata m\u0259xsus karxana il\u0259 problemi bitmir\">Davam\u0131<\/a><\/p>\n","protected":false},"author":13,"featured_media":269381,"comment_status":"closed","ping_status":"closed","sticky":false,"template":"","format":"standard","meta":{"_acf_changed":false,"_sitemap_exclude":false,"_sitemap_priority":"","_sitemap_frequency":"","footnotes":""},"categories":[60,79,56],"tags":[],"class_list":["post-269380","post","type-post","status-publish","format-standard","has-post-thumbnail","hentry","category-bolge","category-featured","category-xeberler","infinite-scroll-item","generate-columns","tablet-grid-50","mobile-grid-100","grid-parent","grid-33","no-featured-image-padding"],"acf":[],"yoast_head":"<!-- This site is optimized with the Yoast SEO plugin v27.5 - https:\/\/yoast.com\/product\/yoast-seo-wordpress\/ -->\n<title>T\u0259ngivanl\u0131lar\u0131n deputata m\u0259xsus karxana il\u0259 problemi bitmir - MEYDAN.TV<\/title>\n<meta name=\"robots\" content=\"index, follow, max-snippet:-1, max-image-preview:large, max-video-preview:-1\" \/>\n<link rel=\"canonical\" href=\"https:\/\/www.meydan.tv\/az\/article\/tengivanlilarin-deputata-mexsus-karxana-ile-problemi-bitmir\/\" \/>\n<meta property=\"og:locale\" content=\"az_AZ\" \/>\n<meta property=\"og:type\" content=\"article\" \/>\n<meta property=\"og:title\" content=\"T\u0259ngivanl\u0131lar\u0131n deputata m\u0259xsus karxana il\u0259 problemi bitmir - MEYDAN.TV\" \/>\n<meta property=\"og:description\" content=\"Yerli sakinl\u0259r deyirl\u0259r ki, \u00e7ay\u0131n \u0259razisind\u0259n da\u015f-\u00e7\u0131nq\u0131l da\u015f\u0131nmas\u0131 s\u0259b\u0259bind\u0259n \u00e7uxurlar ... Davam\u0131\" \/>\n<meta property=\"og:url\" content=\"https:\/\/www.meydan.tv\/az\/article\/tengivanlilarin-deputata-mexsus-karxana-ile-problemi-bitmir\/\" \/>\n<meta property=\"og:site_name\" content=\"MEYDAN.TV\" \/>\n<meta property=\"article:published_time\" content=\"2023-02-26T17:22:37+00:00\" \/>\n<meta property=\"article:modified_time\" content=\"2023-02-26T17:22:40+00:00\" \/>\n<meta property=\"og:image\" content=\"https:\/\/www.meydan.tv\/wp-content\/uploads\/243705a4-731e-4d04-b4b1-f94da338731d.jpeg\" \/>\n\t<meta property=\"og:image:width\" content=\"590\" \/>\n\t<meta property=\"og:image:height\" content=\"443\" \/>\n\t<meta property=\"og:image:type\" content=\"image\/jpeg\" \/>\n<meta name=\"author\" content=\"meri\" \/>\n<meta name=\"twitter:card\" content=\"summary_large_image\" \/>\n<script type=\"application\/ld+json\" class=\"yoast-schema-graph\">{\"@context\":\"https:\\\/\\\/schema.org\",\"@graph\":[{\"@type\":\"Article\",\"@id\":\"https:\\\/\\\/www.meydan.tv\\\/az\\\/article\\\/tengivanlilarin-deputata-mexsus-karxana-ile-problemi-bitmir\\\/#article\",\"isPartOf\":{\"@id\":\"https:\\\/\\\/www.meydan.tv\\\/az\\\/article\\\/tengivanlilarin-deputata-mexsus-karxana-ile-problemi-bitmir\\\/\"},\"author\":{\"name\":\"meri\",\"@id\":\"https:\\\/\\\/www.meydan.tv\\\/az\\\/#\\\/schema\\\/person\\\/f5399057f0b7fa223fa6c9b7c3321968\"},\"headline\":\"T\u0259ngivanl\u0131lar\u0131n deputata m\u0259xsus karxana il\u0259 problemi bitmir\",\"datePublished\":\"2023-02-26T17:22:37+00:00\",\"dateModified\":\"2023-02-26T17:22:40+00:00\",\"mainEntityOfPage\":{\"@id\":\"https:\\\/\\\/www.meydan.tv\\\/az\\\/article\\\/tengivanlilarin-deputata-mexsus-karxana-ile-problemi-bitmir\\\/\"},\"wordCount\":629,\"publisher\":{\"@id\":\"https:\\\/\\\/www.meydan.tv\\\/az\\\/#organization\"},\"image\":{\"@id\":\"https:\\\/\\\/www.meydan.tv\\\/az\\\/article\\\/tengivanlilarin-deputata-mexsus-karxana-ile-problemi-bitmir\\\/#primaryimage\"},\"thumbnailUrl\":\"https:\\\/\\\/www.meydan.tv\\\/wp-content\\\/uploads\\\/243705a4-731e-4d04-b4b1-f94da338731d.jpeg\",\"articleSection\":[\"B\u00f6lg\u0259\",\"T\u00f6vsiy\u0259\",\"X\u0259b\u0259rl\u0259r\"],\"inLanguage\":\"az\"},{\"@type\":\"WebPage\",\"@id\":\"https:\\\/\\\/www.meydan.tv\\\/az\\\/article\\\/tengivanlilarin-deputata-mexsus-karxana-ile-problemi-bitmir\\\/\",\"url\":\"https:\\\/\\\/www.meydan.tv\\\/az\\\/article\\\/tengivanlilarin-deputata-mexsus-karxana-ile-problemi-bitmir\\\/\",\"name\":\"T\u0259ngivanl\u0131lar\u0131n deputata m\u0259xsus karxana il\u0259 problemi bitmir - MEYDAN.TV\",\"isPartOf\":{\"@id\":\"https:\\\/\\\/www.meydan.tv\\\/az\\\/#website\"},\"primaryImageOfPage\":{\"@id\":\"https:\\\/\\\/www.meydan.tv\\\/az\\\/article\\\/tengivanlilarin-deputata-mexsus-karxana-ile-problemi-bitmir\\\/#primaryimage\"},\"image\":{\"@id\":\"https:\\\/\\\/www.meydan.tv\\\/az\\\/article\\\/tengivanlilarin-deputata-mexsus-karxana-ile-problemi-bitmir\\\/#primaryimage\"},\"thumbnailUrl\":\"https:\\\/\\\/www.meydan.tv\\\/wp-content\\\/uploads\\\/243705a4-731e-4d04-b4b1-f94da338731d.jpeg\",\"datePublished\":\"2023-02-26T17:22:37+00:00\",\"dateModified\":\"2023-02-26T17:22:40+00:00\",\"breadcrumb\":{\"@id\":\"https:\\\/\\\/www.meydan.tv\\\/az\\\/article\\\/tengivanlilarin-deputata-mexsus-karxana-ile-problemi-bitmir\\\/#breadcrumb\"},\"inLanguage\":\"az\",\"potentialAction\":[{\"@type\":\"ReadAction\",\"target\":[\"https:\\\/\\\/www.meydan.tv\\\/az\\\/article\\\/tengivanlilarin-deputata-mexsus-karxana-ile-problemi-bitmir\\\/\"]}]},{\"@type\":\"ImageObject\",\"inLanguage\":\"az\",\"@id\":\"https:\\\/\\\/www.meydan.tv\\\/az\\\/article\\\/tengivanlilarin-deputata-mexsus-karxana-ile-problemi-bitmir\\\/#primaryimage\",\"url\":\"https:\\\/\\\/www.meydan.tv\\\/wp-content\\\/uploads\\\/243705a4-731e-4d04-b4b1-f94da338731d.jpeg\",\"contentUrl\":\"https:\\\/\\\/www.meydan.tv\\\/wp-content\\\/uploads\\\/243705a4-731e-4d04-b4b1-f94da338731d.jpeg\",\"width\":590,\"height\":443,\"caption\":\"M\u0259nb\u0259: \\\"Ecofront\\\"\"},{\"@type\":\"BreadcrumbList\",\"@id\":\"https:\\\/\\\/www.meydan.tv\\\/az\\\/article\\\/tengivanlilarin-deputata-mexsus-karxana-ile-problemi-bitmir\\\/#breadcrumb\",\"itemListElement\":[{\"@type\":\"ListItem\",\"position\":1,\"name\":\"Ana s\u0259hif\u0259\",\"item\":\"https:\\\/\\\/www.meydan.tv\\\/az\\\/\"},{\"@type\":\"ListItem\",\"position\":2,\"name\":\"B\u00f6lg\u0259\",\"item\":\"https:\\\/\\\/www.meydan.tv\\\/az\\\/section\\\/bolge\\\/\"},{\"@type\":\"ListItem\",\"position\":3,\"name\":\"T\u0259ngivanl\u0131lar\u0131n deputata m\u0259xsus karxana il\u0259 problemi bitmir\"}]},{\"@type\":\"WebSite\",\"@id\":\"https:\\\/\\\/www.meydan.tv\\\/az\\\/#website\",\"url\":\"https:\\\/\\\/www.meydan.tv\\\/az\\\/\",\"name\":\"MEYDAN.TV\",\"description\":\"Meydan TV Az\u0259rbaycan\u0131n media m\u0259kan\u0131ndak\u0131 alternativ s\u0259sidir\",\"publisher\":{\"@id\":\"https:\\\/\\\/www.meydan.tv\\\/az\\\/#organization\"},\"potentialAction\":[{\"@type\":\"SearchAction\",\"target\":{\"@type\":\"EntryPoint\",\"urlTemplate\":\"https:\\\/\\\/www.meydan.tv\\\/az\\\/?s={search_term_string}\"},\"query-input\":{\"@type\":\"PropertyValueSpecification\",\"valueRequired\":true,\"valueName\":\"search_term_string\"}}],\"inLanguage\":\"az\"},{\"@type\":\"Organization\",\"@id\":\"https:\\\/\\\/www.meydan.tv\\\/az\\\/#organization\",\"name\":\"Meydan TV\",\"url\":\"https:\\\/\\\/www.meydan.tv\\\/az\\\/\",\"logo\":{\"@type\":\"ImageObject\",\"inLanguage\":\"az\",\"@id\":\"https:\\\/\\\/www.meydan.tv\\\/az\\\/#\\\/schema\\\/logo\\\/image\\\/\",\"url\":\"https:\\\/\\\/www.meydan.tv\\\/wp-content\\\/uploads\\\/2021\\\/07\\\/meydan-logo.svg\",\"contentUrl\":\"https:\\\/\\\/www.meydan.tv\\\/wp-content\\\/uploads\\\/2021\\\/07\\\/meydan-logo.svg\",\"width\":195,\"height\":46,\"caption\":\"Meydan TV\"},\"image\":{\"@id\":\"https:\\\/\\\/www.meydan.tv\\\/az\\\/#\\\/schema\\\/logo\\\/image\\\/\"}},{\"@type\":\"Person\",\"@id\":\"https:\\\/\\\/www.meydan.tv\\\/az\\\/#\\\/schema\\\/person\\\/f5399057f0b7fa223fa6c9b7c3321968\",\"name\":\"meri\"}]}<\/script>\n<!-- \/ Yoast SEO plugin. -->","yoast_head_json":{"title":"T\u0259ngivanl\u0131lar\u0131n deputata m\u0259xsus karxana il\u0259 problemi bitmir - MEYDAN.TV","robots":{"index":"index","follow":"follow","max-snippet":"max-snippet:-1","max-image-preview":"max-image-preview:large","max-video-preview":"max-video-preview:-1"},"canonical":"https:\/\/www.meydan.tv\/az\/article\/tengivanlilarin-deputata-mexsus-karxana-ile-problemi-bitmir\/","og_locale":"az_AZ","og_type":"article","og_title":"T\u0259ngivanl\u0131lar\u0131n deputata m\u0259xsus karxana il\u0259 problemi bitmir - MEYDAN.TV","og_description":"Yerli sakinl\u0259r deyirl\u0259r ki, \u00e7ay\u0131n \u0259razisind\u0259n da\u015f-\u00e7\u0131nq\u0131l da\u015f\u0131nmas\u0131 s\u0259b\u0259bind\u0259n \u00e7uxurlar ... Davam\u0131","og_url":"https:\/\/www.meydan.tv\/az\/article\/tengivanlilarin-deputata-mexsus-karxana-ile-problemi-bitmir\/","og_site_name":"MEYDAN.TV","article_published_time":"2023-02-26T17:22:37+00:00","article_modified_time":"2023-02-26T17:22:40+00:00","og_image":[{"width":590,"height":443,"url":"https:\/\/www.meydan.tv\/wp-content\/uploads\/243705a4-731e-4d04-b4b1-f94da338731d.jpeg","type":"image\/jpeg"}],"author":"meri","twitter_card":"summary_large_image","schema":{"@context":"https:\/\/schema.org","@graph":[{"@type":"Article","@id":"https:\/\/www.meydan.tv\/az\/article\/tengivanlilarin-deputata-mexsus-karxana-ile-problemi-bitmir\/#article","isPartOf":{"@id":"https:\/\/www.meydan.tv\/az\/article\/tengivanlilarin-deputata-mexsus-karxana-ile-problemi-bitmir\/"},"author":{"name":"meri","@id":"https:\/\/www.meydan.tv\/az\/#\/schema\/person\/f5399057f0b7fa223fa6c9b7c3321968"},"headline":"T\u0259ngivanl\u0131lar\u0131n deputata m\u0259xsus karxana il\u0259 problemi bitmir","datePublished":"2023-02-26T17:22:37+00:00","dateModified":"2023-02-26T17:22:40+00:00","mainEntityOfPage":{"@id":"https:\/\/www.meydan.tv\/az\/article\/tengivanlilarin-deputata-mexsus-karxana-ile-problemi-bitmir\/"},"wordCount":629,"publisher":{"@id":"https:\/\/www.meydan.tv\/az\/#organization"},"image":{"@id":"https:\/\/www.meydan.tv\/az\/article\/tengivanlilarin-deputata-mexsus-karxana-ile-problemi-bitmir\/#primaryimage"},"thumbnailUrl":"https:\/\/www.meydan.tv\/wp-content\/uploads\/243705a4-731e-4d04-b4b1-f94da338731d.jpeg","articleSection":["B\u00f6lg\u0259","T\u00f6vsiy\u0259","X\u0259b\u0259rl\u0259r"],"inLanguage":"az"},{"@type":"WebPage","@id":"https:\/\/www.meydan.tv\/az\/article\/tengivanlilarin-deputata-mexsus-karxana-ile-problemi-bitmir\/","url":"https:\/\/www.meydan.tv\/az\/article\/tengivanlilarin-deputata-mexsus-karxana-ile-problemi-bitmir\/","name":"T\u0259ngivanl\u0131lar\u0131n deputata m\u0259xsus karxana il\u0259 problemi bitmir - MEYDAN.TV","isPartOf":{"@id":"https:\/\/www.meydan.tv\/az\/#website"},"primaryImageOfPage":{"@id":"https:\/\/www.meydan.tv\/az\/article\/tengivanlilarin-deputata-mexsus-karxana-ile-problemi-bitmir\/#primaryimage"},"image":{"@id":"https:\/\/www.meydan.tv\/az\/article\/tengivanlilarin-deputata-mexsus-karxana-ile-problemi-bitmir\/#primaryimage"},"thumbnailUrl":"https:\/\/www.meydan.tv\/wp-content\/uploads\/243705a4-731e-4d04-b4b1-f94da338731d.jpeg","datePublished":"2023-02-26T17:22:37+00:00","dateModified":"2023-02-26T17:22:40+00:00","breadcrumb":{"@id":"https:\/\/www.meydan.tv\/az\/article\/tengivanlilarin-deputata-mexsus-karxana-ile-problemi-bitmir\/#breadcrumb"},"inLanguage":"az","potentialAction":[{"@type":"ReadAction","target":["https:\/\/www.meydan.tv\/az\/article\/tengivanlilarin-deputata-mexsus-karxana-ile-problemi-bitmir\/"]}]},{"@type":"ImageObject","inLanguage":"az","@id":"https:\/\/www.meydan.tv\/az\/article\/tengivanlilarin-deputata-mexsus-karxana-ile-problemi-bitmir\/#primaryimage","url":"https:\/\/www.meydan.tv\/wp-content\/uploads\/243705a4-731e-4d04-b4b1-f94da338731d.jpeg","contentUrl":"https:\/\/www.meydan.tv\/wp-content\/uploads\/243705a4-731e-4d04-b4b1-f94da338731d.jpeg","width":590,"height":443,"caption":"M\u0259nb\u0259: \"Ecofront\""},{"@type":"BreadcrumbList","@id":"https:\/\/www.meydan.tv\/az\/article\/tengivanlilarin-deputata-mexsus-karxana-ile-problemi-bitmir\/#breadcrumb","itemListElement":[{"@type":"ListItem","position":1,"name":"Ana s\u0259hif\u0259","item":"https:\/\/www.meydan.tv\/az\/"},{"@type":"ListItem","position":2,"name":"B\u00f6lg\u0259","item":"https:\/\/www.meydan.tv\/az\/section\/bolge\/"},{"@type":"ListItem","position":3,"name":"T\u0259ngivanl\u0131lar\u0131n deputata m\u0259xsus karxana il\u0259 problemi bitmir"}]},{"@type":"WebSite","@id":"https:\/\/www.meydan.tv\/az\/#website","url":"https:\/\/www.meydan.tv\/az\/","name":"MEYDAN.TV","description":"Meydan TV Az\u0259rbaycan\u0131n media m\u0259kan\u0131ndak\u0131 alternativ s\u0259sidir","publisher":{"@id":"https:\/\/www.meydan.tv\/az\/#organization"},"potentialAction":[{"@type":"SearchAction","target":{"@type":"EntryPoint","urlTemplate":"https:\/\/www.meydan.tv\/az\/?s={search_term_string}"},"query-input":{"@type":"PropertyValueSpecification","valueRequired":true,"valueName":"search_term_string"}}],"inLanguage":"az"},{"@type":"Organization","@id":"https:\/\/www.meydan.tv\/az\/#organization","name":"Meydan TV","url":"https:\/\/www.meydan.tv\/az\/","logo":{"@type":"ImageObject","inLanguage":"az","@id":"https:\/\/www.meydan.tv\/az\/#\/schema\/logo\/image\/","url":"https:\/\/www.meydan.tv\/wp-content\/uploads\/2021\/07\/meydan-logo.svg","contentUrl":"https:\/\/www.meydan.tv\/wp-content\/uploads\/2021\/07\/meydan-logo.svg","width":195,"height":46,"caption":"Meydan TV"},"image":{"@id":"https:\/\/www.meydan.tv\/az\/#\/schema\/logo\/image\/"}},{"@type":"Person","@id":"https:\/\/www.meydan.tv\/az\/#\/schema\/person\/f5399057f0b7fa223fa6c9b7c3321968","name":"meri"}]}},"_links":{"self":[{"href":"https:\/\/www.meydan.tv\/az\/wp-json\/wp\/v2\/posts\/269380","targetHints":{"allow":["GET"]}}],"collection":[{"href":"https:\/\/www.meydan.tv\/az\/wp-json\/wp\/v2\/posts"}],"about":[{"href":"https:\/\/www.meydan.tv\/az\/wp-json\/wp\/v2\/types\/post"}],"author":[{"embeddable":true,"href":"https:\/\/www.meydan.tv\/az\/wp-json\/wp\/v2\/users\/13"}],"replies":[{"embeddable":true,"href":"https:\/\/www.meydan.tv\/az\/wp-json\/wp\/v2\/comments?post=269380"}],"version-history":[{"count":1,"href":"https:\/\/www.meydan.tv\/az\/wp-json\/wp\/v2\/posts\/269380\/revisions"}],"predecessor-version":[{"id":269384,"href":"https:\/\/www.meydan.tv\/az\/wp-json\/wp\/v2\/posts\/269380\/revisions\/269384"}],"wp:featuredmedia":[{"embeddable":true,"href":"https:\/\/www.meydan.tv\/az\/wp-json\/wp\/v2\/media\/269381"}],"wp:attachment":[{"href":"https:\/\/www.meydan.tv\/az\/wp-json\/wp\/v2\/media?parent=269380"}],"wp:term":[{"taxonomy":"category","embeddable":true,"href":"https:\/\/www.meydan.tv\/az\/wp-json\/wp\/v2\/categories?post=269380"},{"taxonomy":"post_tag","embeddable":true,"href":"https:\/\/www.meydan.tv\/az\/wp-json\/wp\/v2\/tags?post=269380"}],"curies":[{"name":"wp","href":"https:\/\/api.w.org\/{rel}","templated":true}]}}