{"id":269370,"date":"2023-02-26T18:48:52","date_gmt":"2023-02-26T14:48:52","guid":{"rendered":"https:\/\/www.meydan.tv\/?p=269370"},"modified":"2023-02-26T18:48:59","modified_gmt":"2023-02-26T14:48:59","slug":"sehid-atasi-rusvet-ver-deye-bilmirler-isle-de-temin-etmirler","status":"publish","type":"post","link":"https:\/\/www.meydan.tv\/az\/article\/sehid-atasi-rusvet-ver-deye-bilmirler-isle-de-temin-etmirler\/","title":{"rendered":"<strong>\u015e\u0259hid atas\u0131: &#8220;&#8221;R\u00fc\u015fv\u0259t ver&#8221; dey\u0259 bilmirl\u0259r, i\u015fl\u0259 d\u0259 t\u0259min etmirl\u0259r&#8221;<\/strong>"},"content":{"rendered":"\n<p><\/p>\n\n\n\n<p><em>M\u0259h\u0259mm\u0259d Alqayev Ekologiya v\u0259 T\u0259bii S\u0259rv\u0259tl\u0259r Nazirliyind\u0259n \u015fikay\u0259t\u00e7idir<\/em><\/p>\n\n\n\n<p>Balak\u0259nin G\u0259r\u0259kli k\u0259nd sakini, \u0130kinci Qaraba\u011f m\u00fcharib\u0259sind\u0259 h\u0259yat\u0131n\u0131 itirmi\u015f Harun Alqayevin atas\u0131 M\u0259h\u0259mm\u0259d Alqayev i\u015fl\u0259 ba\u011fl\u0131 m\u00fcraci\u0259tin\u0259 bax\u0131lmad\u0131\u011f\u0131n\u0131 deyir.<\/p>\n\n\n\n<p>Onun s\u00f6zl\u0259rin\u0259 g\u00f6r\u0259, bir ildir ki, m\u00fchafiz\u0259 yegeri vakansiyas\u0131 \u00fc\u00e7\u00fcn Ekologiya v\u0259 T\u0259bii S\u0259rv\u0259tl\u0259r Nazirliyin\u0259, 7 sayl\u0131 Regional Ekologiya v\u0259 T\u0259bii S\u0259rv\u0259tl\u0259r \u0130dar\u0259sin\u0259, el\u0259c\u0259 d\u0259 Zaqatala D\u00f6vl\u0259t T\u0259bi\u0259t Qoru\u011funa etdiyi \u00e7oxsayl\u0131 m\u00fcraci\u0259tl\u0259r\u0259 m\u00fcsb\u0259t cavab verilm\u0259yib.<\/p>\n\n\n\n<p>Orta ixtisas t\u0259hsilli, 60 ya\u015fl\u0131 \u015f\u0259hid atas\u0131 s\u00fcr\u00fcc\u00fc, malyar v\u0259 d\u00fclg\u0259r kimi m\u00fcxt\u0259lif pe\u015f\u0259l\u0259rd\u0259 \u00e7al\u0131\u015f\u0131b.<\/p>\n\n\n\n<p>O, Meydan TV-y\u0259 deyir ki, o\u011flu h\u0259lak olandan sonra uzun m\u00fcdd\u0259t \u00f6z\u00fcn\u0259 qapan\u0131b v\u0259 i\u015fsiz qal\u0131b.<\/p>\n\n\n\n<p>\u00d6nc\u0259 Qaraba\u011f qazisi olan o\u011flu Ceyhun Alqayevd\u0259n \u00f6tr\u00fc m\u00fchafiz\u0259 yegeri vakansiyas\u0131 \u00fc\u00e7\u00fcn m\u00fcraci\u0259t ets\u0259 d\u0259, ona ba\u015fqa i\u015f t\u0259klifi g\u0259lib, bacarmad\u0131\u011f\u0131ndan imtina edib:<\/p>\n\n\n\n<p>&#8220;Yevlaxda regional idar\u0259d\u0259 Oqtay Babayev adl\u0131 m\u0259sul \u015f\u0259xsin q\u0259bulunda olduq. 27 ya\u015fl\u0131 qazi o\u011flum \u00fc\u00e7\u00fcn i\u015f ist\u0259dim. \u015e\u0259hid o\u011flum v\u0259 qazi o\u011flum bar\u0259d\u0259 q\u0131sa m\u0259lumat verdim. Dedi ki, bu m\u0259s\u0259l\u0259y\u0259 baxar\u0131q. \u00d6t\u0259n il iyulun 13-d\u0259 \u015eimal-Q\u0259rb Regional Hidrometeorologiya M\u0259rk\u0259zinin Balak\u0259n Hidrometeoroloji Stansiyas\u0131nda m\u00fcvafiq i\u015f d\u0259v\u0259ti g\u0259ldi. O\u011flumun da o i\u015fd\u0259n anlay\u0131\u015f\u0131 yoxdur. Ali t\u0259hsili yoxdur v\u0259 ist\u0259diyimiz i\u015f olmad\u0131\u011f\u0131 \u00fc\u00e7\u00fcn imtina etdik\u201d.<\/p>\n\n\n\n<p>\u201cYenid\u0259n 7 sayl\u0131 Regional Ekologiya v\u0259 T\u0259bii S\u0259rv\u0259tl\u0259r \u0130dar\u0259sind\u0259 m\u00fchafiz\u0259 yegeri vakansiyas\u0131 \u00fc\u00e7\u00fcn m\u0259ktub yazd\u0131q. Cavab g\u0259ldi ki, siz\u0259 i\u015f t\u0259klifi etmi\u015fdik, haz\u0131rda uy\u011fun vakansiya yoxdur. Ancaq az m\u00fcdd\u0259td\u0259n sonra e\u015fitdim ki, ora ba\u015fqa qazini i\u015f\u0259 g\u00f6t\u00fcr\u00fcbl\u0259r. Bu vakansiya oturaq i\u015f deyil, me\u015f\u0259 ehtiyat\u0131n\u0131, me\u015f\u0259 s\u0259rv\u0259tini qoruyursan dey\u0259 daim h\u0259r\u0259k\u0259td\u0259s\u0259n. N\u0259 kreslosu, n\u0259 masas\u0131 var, sad\u0259c\u0259, me\u015f\u0259 qoruq\u00e7usu&#8230;&#8221;, &#8211; \u015fikay\u0259t\u00e7i deyir.<\/p>\n\n\n\n<figure class=\"wp-block-image size-full is-resized\"><img decoding=\"async\" data-src=\"https:\/\/www.meydan.tv\/wp-content\/uploads\/5ci.jpg\" alt=\"\" class=\"wp-image-269372 lazyload\" width=\"802\" height=\"1483\" src=\"data:image\/svg+xml;base64,PHN2ZyB3aWR0aD0iMSIgaGVpZ2h0PSIxIiB4bWxucz0iaHR0cDovL3d3dy53My5vcmcvMjAwMC9zdmciPjwvc3ZnPg==\" style=\"--smush-placeholder-width: 802px; --smush-placeholder-aspect-ratio: 802\/1483;\" \/><\/figure>\n\n\n\n<p><strong>&#8220;Bir ild\u0259 iki n\u0259f\u0259ri i\u015f\u0259 g\u00f6t\u00fcr\u00fcbl\u0259r&#8221;<\/strong><\/p>\n\n\n\n<p>Sonradan Ceyhun Alqayev d\u00f6y\u00fc\u015fd\u0259ki nailiyy\u0259tl\u0259rin\u0259 g\u00f6r\u0259 v\u0259 manqa komandiri oldu\u011fundan Qa\u00e7bin\u0259 k\u0259nd m\u0259kt\u0259bin\u0259 h\u0259rbi haz\u0131rl\u0131q m\u00fc\u0259llimi kimi i\u015f\u0259 d\u00fcz\u0259lib.<\/p>\n\n\n\n<p>\u015e\u0259hid atas\u0131 m\u00fchafiz\u0259 yegeri vakansiyas\u0131 \u00fc\u00e7\u00fcn yenid\u0259n m\u00fcraci\u0259t edib.<\/p>\n\n\n\n<p>Balak\u0259nd\u0259 ekologiya v\u0259 t\u0259bii s\u0259rv\u0259tl\u0259r nazirinin s\u0259yyar q\u0259bulunda olub.<\/p>\n\n\n\n<p>Dediyin\u0259 g\u00f6r\u0259, nazir \u015f\u0259hid atas\u0131n\u0131 dinl\u0259s\u0259 d\u0259, Zaqatala Regional Me\u015f\u0259 T\u0259s\u0259rr\u00fcfat\u0131 M\u0259rk\u0259zi sonradan vakant yer olmad\u0131\u011f\u0131n\u0131 \u0259sas g\u0259tirib.<\/p>\n\n\n\n<p>M\u0259h\u0259mm\u0259d Alqayev iddia edir ki, m\u00fcraci\u0259tl\u0259rind\u0259 n\u0259 q\u0259d\u0259r israrl\u0131 olsa da, bo\u015f vakansiyalara dig\u0259r \u015f\u0259xsl\u0259r t\u0259yin edilir:<\/p>\n\n\n\n<p>&#8220;Be\u015f d\u0259f\u0259 m\u0259ktub yazm\u0131\u015fam, h\u0259tta dostum m\u0259n\u0259 g\u00f6r\u0259 Namiq m\u00fc\u0259llimd\u0259n xahi\u015f etdi, o da g\u00f6t\u00fcrm\u0259di. V\u0259zif\u0259y\u0259 yeni g\u0259l\u0259n Akif m\u00fc\u0259llim d\u0259 i\u015f\u0259 g\u00f6t\u00fcrm\u00fcr. H\u0259tta Zaqatala D\u00f6vl\u0259t T\u0259bi\u0259t Qoru\u011funda vakant yer vard\u0131, h\u0259tta bu m\u0259s\u0259l\u0259 m\u0259hk\u0259m\u0259d\u0259 d\u0259 m\u00fcbahis\u0259l\u0259ndirilirdi. M\u0259n d\u0259 \u0259riz\u0259 il\u0259 r\u0259smi m\u00fcraci\u0259t etdim. Dedil\u0259r ki, o yer ixtisar edilib v\u0259 \u0259razini d\u0259 \u00f6z aralar\u0131nda b\u00f6l\u00fc\u015fd\u00fcr\u00fcbl\u0259r. M\u0259n\u0259 \u201cyox\u201d deyirl\u0259r, yax\u0131n dostum is\u0259 dedi ki, vakansiya vard\u0131, yerin\u0259 yen\u0259 ba\u015fqas\u0131n\u0131 g\u00f6t\u00fcrd\u00fcl\u0259r\u201d.<\/p>\n\n\n\n<p>\u015eikay\u0259t\u00e7i deyir ki, bundan sonra Ekologiya v\u0259 T\u0259bii S\u0259rv\u0259tl\u0259r Nazirliyin\u0259 gedib: \u201cOrada m\u0259ni bir qad\u0131n q\u0259bul etdi. \u018fs\u0259bil\u0259\u015fdim ki, m\u0259ktubuma cavabda ba\u015fqa s\u0259b\u0259b g\u00f6st\u0259rmisiniz, amma yen\u0259 ist\u0259diyim i\u015f\u0259 adam g\u00f6t\u00fcrm\u00fcs\u00fcn\u00fcz. Dand\u0131lar ki, he\u00e7 kimi g\u00f6t\u00fcrm\u0259mi\u015fik. Orada da Balak\u0259n Rayon \u0130cra Hakimiyy\u0259tin\u0259 z\u0259ng etdil\u0259r ki, i\u015fl\u0259 ba\u011fl\u0131 m\u0259niml\u0259 \u0259laq\u0259 saxlas\u0131nlar. Oradan da x\u0259b\u0259r \u00e7\u0131xmad\u0131. Ancaq \u0130cra Hakimiyy\u0259ti t\u0259z\u0259likc\u0259 nazirliy\u0259 m\u00fcraci\u0259t g\u00f6nd\u0259rdi, h\u0259l\u0259 cavab yoxdur\u201d.<\/p>\n\n\n\n<p>\u201c\u0130cra hakimiyy\u0259ti m\u0259ni me\u015f\u0259 t\u0259s\u0259rr\u00fcfat\u0131na y\u00f6n\u0259ldir. Orada bir f\u0259hl\u0259 r\u0259hm\u0259t\u0259 gedib, bo\u015f yer var, maa\u015f\u0131 da 280 manatd\u0131r. Deyir\u0259m, m\u0259nim a\u011fac k\u00f6t\u00fcy\u00fc \u00e7\u0131xaran vaxt\u0131md\u0131r? 20 manata g\u00fcnd\u0259lik d\u00fclg\u0259r \u00e7al\u0131\u015faram da. Rayonun deputat\u0131na da demi\u015f\u0259m. Bir ild\u0259 iki n\u0259f\u0259ri i\u015f\u0259 g\u00f6t\u00fcr\u00fcbl\u0259r. Pul al\u0131n\u0131r, tan\u0131\u015fl\u0131qla g\u00f6t\u00fcr\u00fcl\u00fcr. M\u0259nd\u0259n r\u00fc\u015fv\u0259t ist\u0259y\u0259 bilmirl\u0259r dey\u0259 i\u015fl\u0259 t\u0259min etmirl\u0259r. Adamlar tan\u0131y\u0131ram ki, 3-4 min pul verib m\u00fchafiz\u0259 yegeri i\u015fin\u0259 giribl\u0259r. \u00c7\u00fcnki \u0259m\u0259khaqq\u0131s\u0131 700-d\u0259n yuxar\u0131d\u0131r dey\u0259 pul al\u0131b i\u015f\u0259 qoyurlar. \u015e\u0259ffafl\u0131q varsa, m\u0259n d\u0259 i\u015fl\u0259 t\u0259min olunum. M\u0259n ciddi etiraz ed\u0259, f\u0259rqli m\u00f6vqe g\u00f6st\u0259r\u0259 bil\u0259r\u0259m. O\u011flum ba\u015f leytenant, k\u0259\u015ffiyyat\u00e7\u0131 Harun Alqayev\u0259 g\u00f6r\u0259 susuram&#8221;, &#8211; \u015f\u0259hid atas\u0131 deyir.<\/p>\n\n\n\n<figure class=\"wp-block-image size-large is-resized\"><img decoding=\"async\" data-src=\"https:\/\/www.meydan.tv\/wp-content\/uploads\/3cu-573x821.jpg\" alt=\"\" class=\"wp-image-269367 lazyload\" width=\"798\" height=\"1143\" src=\"data:image\/svg+xml;base64,PHN2ZyB3aWR0aD0iMSIgaGVpZ2h0PSIxIiB4bWxucz0iaHR0cDovL3d3dy53My5vcmcvMjAwMC9zdmciPjwvc3ZnPg==\" style=\"--smush-placeholder-width: 798px; --smush-placeholder-aspect-ratio: 798\/1143;\" \/><\/figure>\n\n\n\n<p><strong>&#8220;&#8221;Vakansiya yoxdur&#8221; dey\u0259-dey\u0259 bir ildir ki, m\u00fcraci\u0259timi havada saxlay\u0131blar&#8221;<\/strong><\/p>\n\n\n\n<p>M\u0259h\u0259mm\u0259d Alqayevin s\u00f6zl\u0259rin\u0259 g\u00f6r\u0259, h\u0259yat yolda\u015f\u0131 minumum \u0259m\u0259khaqq\u0131 al\u0131r, m\u0259kt\u0259bd\u0259 \u0259m\u0259k t\u0259limi m\u00fc\u0259llimi kimi \u00e7al\u0131\u015f\u0131r. Onun m\u00fchafiz\u0259 yegeri v\u0259zif\u0259sin\u0259 mara\u011f\u0131 yaln\u0131z ail\u0259y\u0259 maddi d\u0259st\u0259k olmaq \u00fc\u00e7\u00fcn deyil. O h\u0259m d\u0259 t\u0259bi\u0259t\u0259 t\u00f6hf\u0259 verm\u0259k ist\u0259diyini deyir:<\/p>\n\n\n\n<p>&#8220;Bu i\u015f\u0259 ehtiyac\u0131m var, \u00e7\u00fcnki h\u0259m ail\u0259m\u0259 maddi d\u0259st\u0259k olaram, h\u0259m d\u0259 me\u015f\u0259 fondunu qoruyaram. M\u0259ni bir v\u0259t\u0259nda\u015f kimi narahat ed\u0259n odur ki, burada \u00e7aylarda q\u0131z\u0131l bal\u0131q vard\u0131, farel bal\u0131\u011f\u0131 m\u0259\u015fhur idi. \u0130ll\u0259rdir ki, elektrik verib onu tutdular, yoxa \u00e7\u0131xartd\u0131lar. M\u0259n o i\u015f\u0259 d\u00fcz\u0259ls\u0259m, vallah, o \u00e7aylarda bal\u0131\u011f\u0131 art\u0131raram, me\u015f\u0259d\u0259 odun o\u011furlayanlara qar\u015f\u0131 m\u00fcbariz\u0259 apararam, \u201ctok\u201dla bal\u0131qlara divan tutanlar\u0131 c\u0259rim\u0259 ed\u0259r\u0259m. Me\u015f\u0259d\u0259 a\u011fac o\u011furlu\u011fu \u00f6zba\u015f\u0131na deyil, yuxar\u0131lara ba\u011fl\u0131d\u0131r. \u018fvv\u0259l \u00e7ox idi, anarxiya idi, sa\u011fa-sola baxm\u0131rd\u0131lar. Amma etirazlardan sonra bir q\u0259d\u0259r s\u0259ngiyib, me\u015f\u0259l\u0259r d\u0259 ya\u015f\u0131lla\u015f\u0131b. H\u0259m m\u0259\u015f\u011fuliyy\u0259tim olar, h\u0259m ail\u0259m\u0259, h\u0259m d\u0259 me\u015f\u0259 fonduna d\u0259st\u0259yimi ver\u0259r\u0259m, qoruyaram&#8221;.<\/p>\n\n\n\n<p>&#8220;N\u0259 q\u0259d\u0259r ev\u0259 qapan\u0131m m\u0259n? Ba\u015f\u0131m\u0131 qatmaq \u00fc\u00e7\u00fcn qarda\u015f\u0131m o\u011flunun yerin\u0259 qazanxana i\u015fin\u0259 gedir\u0259m. \u0130st\u0259yir\u0259m ki, ba\u015f\u0131m qar\u0131\u015fs\u0131n. \u00d6z\u00fc deyir ki, \u0259mi, ev\u0259 qapanma g\u0259l yan\u0131ma, ba\u015f\u0131n qar\u0131\u015fs\u0131n. 5 ayl\u0131q i\u015fdir, martda bit\u0259c\u0259k. D\u00f6rd rayonda hans\u0131na y\u00f6n\u0259lts\u0259l\u0259r, i\u015fl\u0259y\u0259r\u0259m. Ancaq vakansiya yoxdur dey\u0259-dey\u0259 bir ildir ki, m\u00fcraci\u0259timi havada saxlay\u0131blar&#8221;.<\/p>\n\n\n\n<p><strong>&#8220;Ya\u015f\u0131n \u00e7oxdur, bu i\u015fd\u0259 i\u015fl\u0259y\u0259 bilm\u0259zs\u0259n&#8221;<\/strong><\/p>\n\n\n\n<p>7 sayl\u0131 Regional Ekologiya v\u0259 T\u0259bii S\u0259rv\u0259tl\u0259r \u0130dar\u0259sinin ke\u00e7mi\u015f r\u0259hb\u0259ri Namiq Yusifov Meydan Tv-y\u0259 deyib ki, onun \u00e7al\u0131\u015fd\u0131\u011f\u0131 m\u00fcdd\u0259td\u0259 \u015f\u0259hid atas\u0131 ona yox, nazirliy\u0259 m\u00fcraci\u0259t edib.<\/p>\n\n\n\n<p>Telefon vasit\u0259sil\u0259 i\u015f \u00fc\u00e7\u00fcn etdiyi m\u00fcraci\u0259t\u0259 is\u0259 h\u0259m vakansiya, h\u0259m d\u0259 iddia etdiyi v\u0259zif\u0259y\u0259 uy\u011fun olmad\u0131\u011f\u0131ndan imtina verilib:<\/p>\n\n\n\n<figure class=\"wp-block-image size-full is-resized\"><img decoding=\"async\" data-src=\"https:\/\/www.meydan.tv\/wp-content\/uploads\/2ci.jpg\" alt=\"\" class=\"wp-image-269364 lazyload\" width=\"801\" height=\"1119\" src=\"data:image\/svg+xml;base64,PHN2ZyB3aWR0aD0iMSIgaGVpZ2h0PSIxIiB4bWxucz0iaHR0cDovL3d3dy53My5vcmcvMjAwMC9zdmciPjwvc3ZnPg==\" style=\"--smush-placeholder-width: 801px; --smush-placeholder-aspect-ratio: 801\/1119;\" \/><\/figure>\n\n\n\n<p>&#8220;M\u0259n kim\u0259m ki, yuxar\u0131n\u0131n icaz\u0259si olmadan i\u015f\u0259 adam g\u00f6t\u00fcr\u00fcm. \u015e\u0259xs\u0259n tan\u0131m\u0131ram, ancaq \u00f6z\u00fc il\u0259 bir d\u0259f\u0259 telefonda dan\u0131\u015fm\u0131\u015fam. \u00d6z\u00fcn\u0259 d\u0259 dedim ki, s\u0259nin 60 ya\u015f\u0131n var, niy\u0259 m\u00fchafiz\u0259\u00e7i yeger ist\u0259yirs\u0259n? Ya\u015f\u0131n \u00e7oxdur, bu i\u015fd\u0259 i\u015fl\u0259y\u0259 bilm\u0259zs\u0259n. Qoruq\u00e7u yeger konkret bir \u0259raziy\u0259 bax\u0131r. Ancaq bizd\u0259ki 4 rayonad\u0131r, konkret rayon, \u0259razi deyil, \u00e7ox t\u0259bii hadis\u0259l\u0259r, ya\u011f\u0131\u015f\u0131, \u015faxtas\u0131, yan\u011f\u0131n\u0131, u\u00e7qunu olur. \u00d6z\u00fcn\u0259 d\u0259 demi\u015f\u0259m ki, ya\u015f\u0131na g\u00f6r\u0259 bu i\u015fd\u0259 i\u015fl\u0259y\u0259 bilm\u0259zs\u0259n. Dedim g\u0259lin q\u0259bula, s\u00f6z\u00fcmd\u0259n inciyib g\u0259lm\u0259di. \u0130ndi o\u011flu \u015f\u0259hid olub, Allah r\u0259hm\u0259t el\u0259sin. Ancaq k\u00fcs\u00fcb bel\u0259 davranmas\u0131 d\u00fczg\u00fcn deyil. Demi\u015f\u0259m ki, ya\u015fl\u0131 adamsan, s\u0259n me\u015f\u0259 g\u00f6z\u0259t\u00e7isi, qoruq\u00e7u i\u015fl\u0259y\u0259 bil\u0259rs\u0259n. Ona da g\u0259r\u0259k vakansiya olsun. \u00dcmumiyy\u0259tl\u0259 is\u0259 vakansiya yoxdur. N\u0259 o vaxt, n\u0259 indi. Nazirliy\u0259 m\u00fcraci\u0259t edib, nazirin d\u0259 q\u0259bulunda olub. Cavabland\u0131r\u0131l\u0131b ki, vakansiya yoxdur. Olarsa, problem deyil&#8221;.<\/p>\n\n\n\n<p><strong>&#8220;Nazirlik \u00f6z\u00fc t\u0259yin edir&#8221;<\/strong><\/p>\n\n\n\n<p>\u015e\u0259hid atas\u0131n\u0131n vakansiya oldu\u011fu halda onu deyil, dig\u0259rl\u0259rinin i\u015f\u0259 al\u0131nmas\u0131 iddias\u0131na g\u0259linc\u0259, Namiq Yusifov deyib ki, h\u0259r iki \u015f\u0259xs ali t\u0259hsilli Qaraba\u011f qazisidir.<\/p>\n\n\n\n<p>Onun s\u00f6zl\u0259rin\u0259 g\u00f6r\u0259, h\u0259min \u015f\u0259xsl\u0259r d\u0259 m\u00fchafiz\u0259 yegeri i\u015fin\u0259 g\u00f6t\u00fcr\u00fclm\u0259yib, idar\u0259d\u0259 vakansiyalara t\u0259yinat d\u00f6vl\u0259t imtahan x\u0259tti il\u0259 apar\u0131l\u0131r:<\/p>\n\n\n\n<p>&#8220;S\u0259hv dan\u0131\u015f\u0131r ki, yerin\u0259 ba\u015fqa adam g\u00f6t\u00fcrm\u00fc\u015f\u00fck. Biz iki qazi g\u00f6t\u00fcrd\u00fck. Biri zabit idi, 26 ya\u015f\u0131 var. Ali t\u0259hsillidir, m\u00fcf\u0259tti\u015f kimi q\u0259bul olunub, d\u00f6vl\u0259t qulluq\u00e7usudur. Biri d\u0259 iki ay Qubadl\u0131da d\u00f6y\u00fc\u015fd\u0259 olub. Ali t\u0259hsillidir o da karg\u00fczarl\u0131q vakansiyas\u0131na t\u0259yin olunub. Y\u00fcks\u0259k kateqoriyal\u0131 d\u00f6vl\u0259t qulluq\u00e7usudur. N\u0259tic\u0259l\u0259r uy\u011fun g\u0259lir dey\u0259 onlar t\u0259yin olunub. Bizd\u0259 idar\u0259d\u0259 i\u015fl\u0259r d\u00f6vl\u0259t qullu\u011fu x\u0259tti il\u0259dir. M\u00fchafiz\u0259 yegeri is\u0259 yar\u0131md\u00f6vl\u0259t qulluq\u00e7usudur. Ali t\u0259hsil olmasa da, 3-5 il t\u0259cr\u00fcb\u0259 m\u00fctl\u0259qdir. M\u00fc\u0259yy\u0259n s\u0259b\u0259bl\u0259rd\u0259n s\u0259hh\u0259tin\u0259, ail\u0259 v\u0259ziyy\u0259tin\u0259, haqs\u0131zl\u0131\u011fa g\u00f6r\u0259 i\u015fini itirmi\u015f, ya k\u00f6n\u00fcll\u00fc \u0259riz\u0259 il\u0259 i\u015fd\u0259n \u00e7\u0131xm\u0131\u015f kims\u0259 ola bil\u0259r ki, yenid\u0259n xahi\u015fl\u0259 i\u015f\u0259 t\u0259min olunsun. Ancaq bel\u0259 i\u015fl\u0259r d\u00f6vl\u0259t qullu\u011fu x\u0259tti il\u0259 apar\u0131l\u0131r, imtahan v\u0259 m\u00fcsabiq\u0259d\u0259n ke\u00e7irl\u0259r, i\u015fl\u0259 ba\u011fl\u0131 anlay\u0131\u015f\u0131 yoxlan\u0131l\u0131r. M\u0259nim kimis\u0259 i\u015fi g\u00f6t\u00fcrm\u0259k s\u0259lahiyy\u0259tim olmay\u0131b. \u00dcmumiyy\u0259tl\u0259, regionallarda bel\u0259dir, i\u015f\u0259 nazirlik \u00f6z\u00fc t\u0259yin edir. Kims\u0259 ona g\u00f6st\u0259ri\u015f verir ki, s\u0259n get ora, get orada i\u015fl\u0259. Daha bilmir ki, bel\u0259 rahat deyil, qaydas\u0131 var. S\u0259brli olsun, m\u0259sl\u0259h\u0259t bilin\u0259rs\u0259, ged\u0259r i\u015fl\u0259y\u0259r. Ham\u0131 nec\u0259, o da el\u0259&#8230;&#8221;.<\/p>\n\n\n\n<figure class=\"wp-block-image size-large is-resized\"><img decoding=\"async\" data-src=\"https:\/\/www.meydan.tv\/wp-content\/uploads\/1ci-551x821.jpg\" alt=\"\" class=\"wp-image-269361 lazyload\" width=\"802\" height=\"1195\" src=\"data:image\/svg+xml;base64,PHN2ZyB3aWR0aD0iMSIgaGVpZ2h0PSIxIiB4bWxucz0iaHR0cDovL3d3dy53My5vcmcvMjAwMC9zdmciPjwvc3ZnPg==\" style=\"--smush-placeholder-width: 802px; --smush-placeholder-aspect-ratio: 802\/1195;\" \/><\/figure>\n\n\n\n<p>7 sayl\u0131 Regional Ekologiya v\u0259 T\u0259bii S\u0259rv\u0259tl\u0259r \u0130dar\u0259sinin indiki r\u0259isi Akif M\u0259mm\u0259dov is\u0259 i\u015f\u0259 yeni t\u0259yin olundu\u011funu v\u0259 \u015f\u0259hid atas\u0131ndan i\u015f \u00fc\u00e7\u00fcn ona r\u0259smi qaydada m\u00fcraci\u0259t g\u0259lm\u0259diyini bildirib.<\/p>\n\n\n\n<p>&#8220;M\u0259nim i\u015f\u0259 \u00e7\u0131xd\u0131\u011f\u0131m he\u00e7 10 g\u00fcn deyil. H\u0259min \u015f\u0259xsd\u0259n m\u0259n\u0259 h\u0259l\u0259 he\u00e7 bi m\u00fcraci\u0259t g\u0259lm\u0259yib. \u018fvv\u0259l olub, y\u0259qin. O, v\u0259t\u0259nda\u015f\u0131 da g\u00f6rm\u0259mi\u015f\u0259m. Haz\u0131rda idar\u0259d\u0259 m\u00fchafiz\u0259 yegeri \u00fc\u00e7\u00fcn vakansiya yoxdur. Vakansiyam\u0131z var, amma sektor m\u00fcdiri v\u0259 direktor m\u00fcavini v\u0259zif\u0259sin\u0259&#8221;.<\/p>\n\n\n\n<p>Ekologiya v\u0259 T\u0259bii S\u0259rv\u0259tl\u0259r Nazirliyin m\u0259tbuat xidm\u0259tinin r\u0259hb\u0259ri \u0130rad\u0259 \u0130brahimova is\u0259 Meydan TV-y\u0259 deyib ki, v\u0259t\u0259nda\u015f\u0131n m\u00fcraci\u0259ti ara\u015fd\u0131r\u0131l\u0131r.<\/p>\n","protected":false},"excerpt":{"rendered":"<p>M\u0259h\u0259mm\u0259d Alqayev Ekologiya v\u0259 T\u0259bii S\u0259rv\u0259tl\u0259r Nazirliyind\u0259n \u015fikay\u0259t\u00e7idir Balak\u0259nin G\u0259r\u0259kli &#8230; <\/p>\n<p class=\"read-more-container\"><a title=\"\u015e\u0259hid atas\u0131: &#8220;&#8221;R\u00fc\u015fv\u0259t ver&#8221; dey\u0259 bilmirl\u0259r, i\u015fl\u0259 d\u0259 t\u0259min etmirl\u0259r&#8221;\" class=\"read-more button\" href=\"https:\/\/www.meydan.tv\/az\/article\/sehid-atasi-rusvet-ver-deye-bilmirler-isle-de-temin-etmirler\/#more-269370\" aria-label=\"Read more about \u015e\u0259hid atas\u0131: &#8220;&#8221;R\u00fc\u015fv\u0259t ver&#8221; dey\u0259 bilmirl\u0259r, i\u015fl\u0259 d\u0259 t\u0259min etmirl\u0259r&#8221;\">Davam\u0131<\/a><\/p>\n","protected":false},"author":8,"featured_media":269355,"comment_status":"closed","ping_status":"closed","sticky":false,"template":"","format":"standard","meta":{"_acf_changed":false,"_sitemap_exclude":false,"_sitemap_priority":"","_sitemap_frequency":"","footnotes":""},"categories":[60,79,56],"tags":[],"class_list":["post-269370","post","type-post","status-publish","format-standard","has-post-thumbnail","hentry","category-bolge","category-featured","category-xeberler","infinite-scroll-item","generate-columns","tablet-grid-50","mobile-grid-100","grid-parent","grid-33","no-featured-image-padding"],"acf":[],"yoast_head":"<!-- This site is optimized with the Yoast SEO plugin v27.5 - https:\/\/yoast.com\/product\/yoast-seo-wordpress\/ -->\n<title>\u015e\u0259hid atas\u0131: &quot;&quot;R\u00fc\u015fv\u0259t ver&quot; dey\u0259 bilmirl\u0259r, i\u015fl\u0259 d\u0259 t\u0259min etmirl\u0259r&quot; - MEYDAN.TV<\/title>\n<meta name=\"robots\" content=\"index, follow, max-snippet:-1, max-image-preview:large, max-video-preview:-1\" \/>\n<link rel=\"canonical\" href=\"https:\/\/www.meydan.tv\/az\/article\/sehid-atasi-rusvet-ver-deye-bilmirler-isle-de-temin-etmirler\/\" \/>\n<meta property=\"og:locale\" content=\"az_AZ\" \/>\n<meta property=\"og:type\" content=\"article\" \/>\n<meta property=\"og:title\" content=\"\u015e\u0259hid atas\u0131: &quot;&quot;R\u00fc\u015fv\u0259t ver&quot; dey\u0259 bilmirl\u0259r, i\u015fl\u0259 d\u0259 t\u0259min etmirl\u0259r&quot; - MEYDAN.TV\" \/>\n<meta property=\"og:description\" content=\"M\u0259h\u0259mm\u0259d Alqayev Ekologiya v\u0259 T\u0259bii S\u0259rv\u0259tl\u0259r Nazirliyind\u0259n \u015fikay\u0259t\u00e7idir Balak\u0259nin G\u0259r\u0259kli ... Davam\u0131\" \/>\n<meta property=\"og:url\" content=\"https:\/\/www.meydan.tv\/az\/article\/sehid-atasi-rusvet-ver-deye-bilmirler-isle-de-temin-etmirler\/\" \/>\n<meta property=\"og:site_name\" content=\"MEYDAN.TV\" \/>\n<meta property=\"article:published_time\" content=\"2023-02-26T14:48:52+00:00\" \/>\n<meta property=\"article:modified_time\" content=\"2023-02-26T14:48:59+00:00\" \/>\n<meta property=\"og:image\" content=\"https:\/\/www.meydan.tv\/wp-content\/uploads\/untitled-design-100-e1677422792962.jpg\" \/>\n\t<meta property=\"og:image:width\" content=\"1200\" \/>\n\t<meta property=\"og:image:height\" content=\"600\" \/>\n\t<meta property=\"og:image:type\" content=\"image\/jpeg\" \/>\n<meta name=\"author\" content=\"elli\" \/>\n<meta name=\"twitter:card\" content=\"summary_large_image\" \/>\n<meta name=\"twitter:creator\" content=\"@elli\" \/>\n<script type=\"application\/ld+json\" class=\"yoast-schema-graph\">{\"@context\":\"https:\\\/\\\/schema.org\",\"@graph\":[{\"@type\":\"Article\",\"@id\":\"https:\\\/\\\/www.meydan.tv\\\/az\\\/article\\\/sehid-atasi-rusvet-ver-deye-bilmirler-isle-de-temin-etmirler\\\/#article\",\"isPartOf\":{\"@id\":\"https:\\\/\\\/www.meydan.tv\\\/az\\\/article\\\/sehid-atasi-rusvet-ver-deye-bilmirler-isle-de-temin-etmirler\\\/\"},\"author\":{\"name\":\"elli\",\"@id\":\"https:\\\/\\\/www.meydan.tv\\\/az\\\/#\\\/schema\\\/person\\\/9cdbecf90d17180ce1dfbd95b08dcf47\"},\"headline\":\"\u015e\u0259hid atas\u0131: &#8220;&#8221;R\u00fc\u015fv\u0259t ver&#8221; dey\u0259 bilmirl\u0259r, i\u015fl\u0259 d\u0259 t\u0259min etmirl\u0259r&#8221;\",\"datePublished\":\"2023-02-26T14:48:52+00:00\",\"dateModified\":\"2023-02-26T14:48:59+00:00\",\"mainEntityOfPage\":{\"@id\":\"https:\\\/\\\/www.meydan.tv\\\/az\\\/article\\\/sehid-atasi-rusvet-ver-deye-bilmirler-isle-de-temin-etmirler\\\/\"},\"wordCount\":2013,\"publisher\":{\"@id\":\"https:\\\/\\\/www.meydan.tv\\\/az\\\/#organization\"},\"image\":{\"@id\":\"https:\\\/\\\/www.meydan.tv\\\/az\\\/article\\\/sehid-atasi-rusvet-ver-deye-bilmirler-isle-de-temin-etmirler\\\/#primaryimage\"},\"thumbnailUrl\":\"https:\\\/\\\/www.meydan.tv\\\/wp-content\\\/uploads\\\/untitled-design-100-e1677422792962.jpg\",\"articleSection\":[\"B\u00f6lg\u0259\",\"T\u00f6vsiy\u0259\",\"X\u0259b\u0259rl\u0259r\"],\"inLanguage\":\"az\"},{\"@type\":\"WebPage\",\"@id\":\"https:\\\/\\\/www.meydan.tv\\\/az\\\/article\\\/sehid-atasi-rusvet-ver-deye-bilmirler-isle-de-temin-etmirler\\\/\",\"url\":\"https:\\\/\\\/www.meydan.tv\\\/az\\\/article\\\/sehid-atasi-rusvet-ver-deye-bilmirler-isle-de-temin-etmirler\\\/\",\"name\":\"\u015e\u0259hid atas\u0131: \\\"\\\"R\u00fc\u015fv\u0259t ver\\\" dey\u0259 bilmirl\u0259r, i\u015fl\u0259 d\u0259 t\u0259min etmirl\u0259r\\\" - MEYDAN.TV\",\"isPartOf\":{\"@id\":\"https:\\\/\\\/www.meydan.tv\\\/az\\\/#website\"},\"primaryImageOfPage\":{\"@id\":\"https:\\\/\\\/www.meydan.tv\\\/az\\\/article\\\/sehid-atasi-rusvet-ver-deye-bilmirler-isle-de-temin-etmirler\\\/#primaryimage\"},\"image\":{\"@id\":\"https:\\\/\\\/www.meydan.tv\\\/az\\\/article\\\/sehid-atasi-rusvet-ver-deye-bilmirler-isle-de-temin-etmirler\\\/#primaryimage\"},\"thumbnailUrl\":\"https:\\\/\\\/www.meydan.tv\\\/wp-content\\\/uploads\\\/untitled-design-100-e1677422792962.jpg\",\"datePublished\":\"2023-02-26T14:48:52+00:00\",\"dateModified\":\"2023-02-26T14:48:59+00:00\",\"breadcrumb\":{\"@id\":\"https:\\\/\\\/www.meydan.tv\\\/az\\\/article\\\/sehid-atasi-rusvet-ver-deye-bilmirler-isle-de-temin-etmirler\\\/#breadcrumb\"},\"inLanguage\":\"az\",\"potentialAction\":[{\"@type\":\"ReadAction\",\"target\":[\"https:\\\/\\\/www.meydan.tv\\\/az\\\/article\\\/sehid-atasi-rusvet-ver-deye-bilmirler-isle-de-temin-etmirler\\\/\"]}]},{\"@type\":\"ImageObject\",\"inLanguage\":\"az\",\"@id\":\"https:\\\/\\\/www.meydan.tv\\\/az\\\/article\\\/sehid-atasi-rusvet-ver-deye-bilmirler-isle-de-temin-etmirler\\\/#primaryimage\",\"url\":\"https:\\\/\\\/www.meydan.tv\\\/wp-content\\\/uploads\\\/untitled-design-100-e1677422792962.jpg\",\"contentUrl\":\"https:\\\/\\\/www.meydan.tv\\\/wp-content\\\/uploads\\\/untitled-design-100-e1677422792962.jpg\",\"width\":1200,\"height\":600,\"caption\":\"M\u0259h\u0259mm\u0259d Alqayev o\u011flunun m\u0259zar\u0131 ba\u015f\u0131nda. Fotolar: Meydan TV\"},{\"@type\":\"BreadcrumbList\",\"@id\":\"https:\\\/\\\/www.meydan.tv\\\/az\\\/article\\\/sehid-atasi-rusvet-ver-deye-bilmirler-isle-de-temin-etmirler\\\/#breadcrumb\",\"itemListElement\":[{\"@type\":\"ListItem\",\"position\":1,\"name\":\"Ana s\u0259hif\u0259\",\"item\":\"https:\\\/\\\/www.meydan.tv\\\/az\\\/\"},{\"@type\":\"ListItem\",\"position\":2,\"name\":\"B\u00f6lg\u0259\",\"item\":\"https:\\\/\\\/www.meydan.tv\\\/az\\\/section\\\/bolge\\\/\"},{\"@type\":\"ListItem\",\"position\":3,\"name\":\"\u015e\u0259hid atas\u0131: &#8220;&#8221;R\u00fc\u015fv\u0259t ver&#8221; dey\u0259 bilmirl\u0259r, i\u015fl\u0259 d\u0259 t\u0259min etmirl\u0259r&#8221;\"}]},{\"@type\":\"WebSite\",\"@id\":\"https:\\\/\\\/www.meydan.tv\\\/az\\\/#website\",\"url\":\"https:\\\/\\\/www.meydan.tv\\\/az\\\/\",\"name\":\"MEYDAN.TV\",\"description\":\"Meydan TV Az\u0259rbaycan\u0131n media m\u0259kan\u0131ndak\u0131 alternativ s\u0259sidir\",\"publisher\":{\"@id\":\"https:\\\/\\\/www.meydan.tv\\\/az\\\/#organization\"},\"potentialAction\":[{\"@type\":\"SearchAction\",\"target\":{\"@type\":\"EntryPoint\",\"urlTemplate\":\"https:\\\/\\\/www.meydan.tv\\\/az\\\/?s={search_term_string}\"},\"query-input\":{\"@type\":\"PropertyValueSpecification\",\"valueRequired\":true,\"valueName\":\"search_term_string\"}}],\"inLanguage\":\"az\"},{\"@type\":\"Organization\",\"@id\":\"https:\\\/\\\/www.meydan.tv\\\/az\\\/#organization\",\"name\":\"Meydan TV\",\"url\":\"https:\\\/\\\/www.meydan.tv\\\/az\\\/\",\"logo\":{\"@type\":\"ImageObject\",\"inLanguage\":\"az\",\"@id\":\"https:\\\/\\\/www.meydan.tv\\\/az\\\/#\\\/schema\\\/logo\\\/image\\\/\",\"url\":\"https:\\\/\\\/www.meydan.tv\\\/wp-content\\\/uploads\\\/2021\\\/07\\\/meydan-logo.svg\",\"contentUrl\":\"https:\\\/\\\/www.meydan.tv\\\/wp-content\\\/uploads\\\/2021\\\/07\\\/meydan-logo.svg\",\"width\":195,\"height\":46,\"caption\":\"Meydan TV\"},\"image\":{\"@id\":\"https:\\\/\\\/www.meydan.tv\\\/az\\\/#\\\/schema\\\/logo\\\/image\\\/\"}},{\"@type\":\"Person\",\"@id\":\"https:\\\/\\\/www.meydan.tv\\\/az\\\/#\\\/schema\\\/person\\\/9cdbecf90d17180ce1dfbd95b08dcf47\",\"name\":\"elli\",\"sameAs\":[\"https:\\\/\\\/x.com\\\/elli\"]}]}<\/script>\n<!-- \/ Yoast SEO plugin. -->","yoast_head_json":{"title":"\u015e\u0259hid atas\u0131: \"\"R\u00fc\u015fv\u0259t ver\" dey\u0259 bilmirl\u0259r, i\u015fl\u0259 d\u0259 t\u0259min etmirl\u0259r\" - MEYDAN.TV","robots":{"index":"index","follow":"follow","max-snippet":"max-snippet:-1","max-image-preview":"max-image-preview:large","max-video-preview":"max-video-preview:-1"},"canonical":"https:\/\/www.meydan.tv\/az\/article\/sehid-atasi-rusvet-ver-deye-bilmirler-isle-de-temin-etmirler\/","og_locale":"az_AZ","og_type":"article","og_title":"\u015e\u0259hid atas\u0131: \"\"R\u00fc\u015fv\u0259t ver\" dey\u0259 bilmirl\u0259r, i\u015fl\u0259 d\u0259 t\u0259min etmirl\u0259r\" - MEYDAN.TV","og_description":"M\u0259h\u0259mm\u0259d Alqayev Ekologiya v\u0259 T\u0259bii S\u0259rv\u0259tl\u0259r Nazirliyind\u0259n \u015fikay\u0259t\u00e7idir Balak\u0259nin G\u0259r\u0259kli ... Davam\u0131","og_url":"https:\/\/www.meydan.tv\/az\/article\/sehid-atasi-rusvet-ver-deye-bilmirler-isle-de-temin-etmirler\/","og_site_name":"MEYDAN.TV","article_published_time":"2023-02-26T14:48:52+00:00","article_modified_time":"2023-02-26T14:48:59+00:00","og_image":[{"width":1200,"height":600,"url":"https:\/\/www.meydan.tv\/wp-content\/uploads\/untitled-design-100-e1677422792962.jpg","type":"image\/jpeg"}],"author":"elli","twitter_card":"summary_large_image","twitter_creator":"@elli","schema":{"@context":"https:\/\/schema.org","@graph":[{"@type":"Article","@id":"https:\/\/www.meydan.tv\/az\/article\/sehid-atasi-rusvet-ver-deye-bilmirler-isle-de-temin-etmirler\/#article","isPartOf":{"@id":"https:\/\/www.meydan.tv\/az\/article\/sehid-atasi-rusvet-ver-deye-bilmirler-isle-de-temin-etmirler\/"},"author":{"name":"elli","@id":"https:\/\/www.meydan.tv\/az\/#\/schema\/person\/9cdbecf90d17180ce1dfbd95b08dcf47"},"headline":"\u015e\u0259hid atas\u0131: &#8220;&#8221;R\u00fc\u015fv\u0259t ver&#8221; dey\u0259 bilmirl\u0259r, i\u015fl\u0259 d\u0259 t\u0259min etmirl\u0259r&#8221;","datePublished":"2023-02-26T14:48:52+00:00","dateModified":"2023-02-26T14:48:59+00:00","mainEntityOfPage":{"@id":"https:\/\/www.meydan.tv\/az\/article\/sehid-atasi-rusvet-ver-deye-bilmirler-isle-de-temin-etmirler\/"},"wordCount":2013,"publisher":{"@id":"https:\/\/www.meydan.tv\/az\/#organization"},"image":{"@id":"https:\/\/www.meydan.tv\/az\/article\/sehid-atasi-rusvet-ver-deye-bilmirler-isle-de-temin-etmirler\/#primaryimage"},"thumbnailUrl":"https:\/\/www.meydan.tv\/wp-content\/uploads\/untitled-design-100-e1677422792962.jpg","articleSection":["B\u00f6lg\u0259","T\u00f6vsiy\u0259","X\u0259b\u0259rl\u0259r"],"inLanguage":"az"},{"@type":"WebPage","@id":"https:\/\/www.meydan.tv\/az\/article\/sehid-atasi-rusvet-ver-deye-bilmirler-isle-de-temin-etmirler\/","url":"https:\/\/www.meydan.tv\/az\/article\/sehid-atasi-rusvet-ver-deye-bilmirler-isle-de-temin-etmirler\/","name":"\u015e\u0259hid atas\u0131: \"\"R\u00fc\u015fv\u0259t ver\" dey\u0259 bilmirl\u0259r, i\u015fl\u0259 d\u0259 t\u0259min etmirl\u0259r\" - MEYDAN.TV","isPartOf":{"@id":"https:\/\/www.meydan.tv\/az\/#website"},"primaryImageOfPage":{"@id":"https:\/\/www.meydan.tv\/az\/article\/sehid-atasi-rusvet-ver-deye-bilmirler-isle-de-temin-etmirler\/#primaryimage"},"image":{"@id":"https:\/\/www.meydan.tv\/az\/article\/sehid-atasi-rusvet-ver-deye-bilmirler-isle-de-temin-etmirler\/#primaryimage"},"thumbnailUrl":"https:\/\/www.meydan.tv\/wp-content\/uploads\/untitled-design-100-e1677422792962.jpg","datePublished":"2023-02-26T14:48:52+00:00","dateModified":"2023-02-26T14:48:59+00:00","breadcrumb":{"@id":"https:\/\/www.meydan.tv\/az\/article\/sehid-atasi-rusvet-ver-deye-bilmirler-isle-de-temin-etmirler\/#breadcrumb"},"inLanguage":"az","potentialAction":[{"@type":"ReadAction","target":["https:\/\/www.meydan.tv\/az\/article\/sehid-atasi-rusvet-ver-deye-bilmirler-isle-de-temin-etmirler\/"]}]},{"@type":"ImageObject","inLanguage":"az","@id":"https:\/\/www.meydan.tv\/az\/article\/sehid-atasi-rusvet-ver-deye-bilmirler-isle-de-temin-etmirler\/#primaryimage","url":"https:\/\/www.meydan.tv\/wp-content\/uploads\/untitled-design-100-e1677422792962.jpg","contentUrl":"https:\/\/www.meydan.tv\/wp-content\/uploads\/untitled-design-100-e1677422792962.jpg","width":1200,"height":600,"caption":"M\u0259h\u0259mm\u0259d Alqayev o\u011flunun m\u0259zar\u0131 ba\u015f\u0131nda. Fotolar: Meydan TV"},{"@type":"BreadcrumbList","@id":"https:\/\/www.meydan.tv\/az\/article\/sehid-atasi-rusvet-ver-deye-bilmirler-isle-de-temin-etmirler\/#breadcrumb","itemListElement":[{"@type":"ListItem","position":1,"name":"Ana s\u0259hif\u0259","item":"https:\/\/www.meydan.tv\/az\/"},{"@type":"ListItem","position":2,"name":"B\u00f6lg\u0259","item":"https:\/\/www.meydan.tv\/az\/section\/bolge\/"},{"@type":"ListItem","position":3,"name":"\u015e\u0259hid atas\u0131: &#8220;&#8221;R\u00fc\u015fv\u0259t ver&#8221; dey\u0259 bilmirl\u0259r, i\u015fl\u0259 d\u0259 t\u0259min etmirl\u0259r&#8221;"}]},{"@type":"WebSite","@id":"https:\/\/www.meydan.tv\/az\/#website","url":"https:\/\/www.meydan.tv\/az\/","name":"MEYDAN.TV","description":"Meydan TV Az\u0259rbaycan\u0131n media m\u0259kan\u0131ndak\u0131 alternativ s\u0259sidir","publisher":{"@id":"https:\/\/www.meydan.tv\/az\/#organization"},"potentialAction":[{"@type":"SearchAction","target":{"@type":"EntryPoint","urlTemplate":"https:\/\/www.meydan.tv\/az\/?s={search_term_string}"},"query-input":{"@type":"PropertyValueSpecification","valueRequired":true,"valueName":"search_term_string"}}],"inLanguage":"az"},{"@type":"Organization","@id":"https:\/\/www.meydan.tv\/az\/#organization","name":"Meydan TV","url":"https:\/\/www.meydan.tv\/az\/","logo":{"@type":"ImageObject","inLanguage":"az","@id":"https:\/\/www.meydan.tv\/az\/#\/schema\/logo\/image\/","url":"https:\/\/www.meydan.tv\/wp-content\/uploads\/2021\/07\/meydan-logo.svg","contentUrl":"https:\/\/www.meydan.tv\/wp-content\/uploads\/2021\/07\/meydan-logo.svg","width":195,"height":46,"caption":"Meydan TV"},"image":{"@id":"https:\/\/www.meydan.tv\/az\/#\/schema\/logo\/image\/"}},{"@type":"Person","@id":"https:\/\/www.meydan.tv\/az\/#\/schema\/person\/9cdbecf90d17180ce1dfbd95b08dcf47","name":"elli","sameAs":["https:\/\/x.com\/elli"]}]}},"_links":{"self":[{"href":"https:\/\/www.meydan.tv\/az\/wp-json\/wp\/v2\/posts\/269370","targetHints":{"allow":["GET"]}}],"collection":[{"href":"https:\/\/www.meydan.tv\/az\/wp-json\/wp\/v2\/posts"}],"about":[{"href":"https:\/\/www.meydan.tv\/az\/wp-json\/wp\/v2\/types\/post"}],"author":[{"embeddable":true,"href":"https:\/\/www.meydan.tv\/az\/wp-json\/wp\/v2\/users\/8"}],"replies":[{"embeddable":true,"href":"https:\/\/www.meydan.tv\/az\/wp-json\/wp\/v2\/comments?post=269370"}],"version-history":[{"count":2,"href":"https:\/\/www.meydan.tv\/az\/wp-json\/wp\/v2\/posts\/269370\/revisions"}],"predecessor-version":[{"id":269375,"href":"https:\/\/www.meydan.tv\/az\/wp-json\/wp\/v2\/posts\/269370\/revisions\/269375"}],"wp:featuredmedia":[{"embeddable":true,"href":"https:\/\/www.meydan.tv\/az\/wp-json\/wp\/v2\/media\/269355"}],"wp:attachment":[{"href":"https:\/\/www.meydan.tv\/az\/wp-json\/wp\/v2\/media?parent=269370"}],"wp:term":[{"taxonomy":"category","embeddable":true,"href":"https:\/\/www.meydan.tv\/az\/wp-json\/wp\/v2\/categories?post=269370"},{"taxonomy":"post_tag","embeddable":true,"href":"https:\/\/www.meydan.tv\/az\/wp-json\/wp\/v2\/tags?post=269370"}],"curies":[{"name":"wp","href":"https:\/\/api.w.org\/{rel}","templated":true}]}}