{"id":269346,"date":"2023-02-25T19:00:08","date_gmt":"2023-02-25T15:00:08","guid":{"rendered":"https:\/\/www.meydan.tv\/?p=269346"},"modified":"2023-02-25T19:00:13","modified_gmt":"2023-02-25T15:00:13","slug":"kecmis-polis-emekdasi-sistemdeki-tanislari-vasitesile-meni-hebs-etdirmeye-calisir","status":"publish","type":"post","link":"https:\/\/www.meydan.tv\/az\/article\/kecmis-polis-emekdasi-sistemdeki-tanislari-vasitesile-meni-hebs-etdirmeye-calisir\/","title":{"rendered":"\u201cKe\u00e7mi\u015f polis \u0259m\u0259kda\u015f\u0131 sistemd\u0259ki tan\u0131\u015flar\u0131 vasit\u0259sil\u0259 m\u0259ni h\u0259bs etdirm\u0259y\u0259 \u00e7al\u0131\u015f\u0131r\u201d"},"content":{"rendered":"\n<p><\/p>\n\n\n\n<p><em>Daxili \u0130\u015fl\u0259r Nazirliyi G\u00f6y\u00e7ay sakininin iddialar\u0131n\u0131n ara\u015fd\u0131r\u0131laca\u011f\u0131n\u0131 deyir<\/em><\/p>\n\n\n\n<p>G\u00f6y\u00e7ay rayonunun B\u0131\u011f\u0131r k\u0259nd sakini B\u0259xtiyar M\u0259mm\u0259dov d\u00f6vl\u0259t orqanlar\u0131na \u015fikay\u0259tl\u0259rin\u0259 g\u00f6r\u0259 t\u0259hdid v\u0259 t\u0259zyiql\u0259rl\u0259 \u00fczl\u0259\u015fdiyini deyir. O iddia edir ki, vaxtil\u0259 daxili i\u015fl\u0259r orqanlar\u0131nda \u00e7al\u0131\u015fm\u0131\u015f ke\u00e7mi\u015f qayn\u0131 m\u00fcxt\u0259lif vasit\u0259l\u0259rl\u0259 onu \u015f\u0259rl\u0259y\u0259r\u0259k h\u0259bs etdirm\u0259y\u0259 \u00e7al\u0131\u015f\u0131r.<\/p>\n\n\n\n<p><strong>\u201cSonradan bildim ki, yolda\u015f\u0131m\u0131n y\u0259hudi pasportu varm\u0131\u015f\u201d<\/strong><\/p>\n\n\n\n<p>\u201cH\u00fcquq-m\u00fchafiz\u0259 orqanlar\u0131ndak\u0131 tan\u0131\u015flar\u0131 vasit\u0259sil\u0259 2022-ci ilin mart\u0131nda bir d\u0259f\u0259 buna c\u0259hd el\u0259di. M\u0259ni tutub apar\u0131b saxlad\u0131lar, ara\u015fd\u0131rd\u0131lar. Telefonumdak\u0131 mesajlar\u0131, \u015f\u0259kill\u0259ri g\u00f6st\u0259rdim, g\u00f6rd\u00fcl\u0259r ki, ba\u015fdan-aya\u011fa \u015f\u0259r-b\u00f6htand\u0131, buraxd\u0131lar. Yen\u0259 d\u0259 davam edir&#8230;\u201d, &#8211; B\u0259xtiyar M\u0259mm\u0259dov Meydan TV-y\u0259 dan\u0131\u015f\u0131r.<\/p>\n\n\n\n<p>46-ya\u015fl\u0131 B\u0259xtiyar M\u0259mm\u0259dov 2005-ci ild\u0259n 2021-ci il\u0259 q\u0259d\u0259r Almaniyan\u0131n D\u00fcsseldorf \u015f\u0259h\u0259rind\u0259 ya\u015fay\u0131b. Dan\u0131\u015f\u0131r ki, orada qaz s\u0259nayesi v\u0259 tikinti sah\u0259sind\u0259 i\u015fl\u0259yib. 2010-cu ild\u0259 el\u0259 orada Tamilla Tapd\u0131qova il\u0259 tan\u0131\u015f olub, ail\u0259 qurub, 2012-ci ild\u0259 G\u00fclnar adl\u0131 q\u0131zlar\u0131 d\u00fcnyaya g\u0259lib:<\/p>\n\n\n\n<p>\u201cQ\u0131z\u0131m\u0131z d\u00fcnyaya g\u0259l\u0259nd\u0259n sonra bilmi\u015f\u0259m ki, s\u0259n dem\u0259, h\u0259yat yolda\u015f\u0131m Tamillan\u0131n y\u0259hudi pasportu varm\u0131\u015f. Buna g\u00f6r\u0259 d\u0259 aram\u0131zda naraz\u0131l\u0131q yarand\u0131. O d\u00f6vrd\u0259 qarda\u015f\u0131 Rasim Tapd\u0131qov, bac\u0131s\u0131n\u0131n \u0259ri h\u00fcquq-m\u00fchafiz\u0259 orqanlar\u0131nda i\u015fl\u0259yirdi&#8230;\u201d.<\/p>\n\n\n\n<p>B\u0259xtiyar M\u0259mm\u0259dovun s\u00f6zl\u0259rin\u0259 g\u00f6r\u0259, bu evlilikd\u0259n \u00f6nc\u0259 Sumqay\u0131tda ikiotaql\u0131 m\u0259nzili varm\u0131\u015f. Bald\u0131z\u0131 G\u00fclar\u0259 Tapd\u0131qova t\u0259klif edib ki, h\u0259min m\u0259nzili sats\u0131nlar, \u00fcst\u00fcn\u0259 d\u0259 \u0259lav\u0259 pul qoyub, Bak\u0131da m\u0259rk\u0259zd\u0259 yax\u015f\u0131 m\u0259nzil als\u0131nlar.<\/p>\n\n\n\n<p>\u201cAlmaniyadan g\u0259lmi\u015fdik, bald\u0131z\u0131m Bak\u0131da g\u0259z\u0259nd\u0259 bir bina g\u00f6st\u0259rdi, dedi ki, siz\u0259 d\u0259, \u00f6z\u00fcm\u00fcz\u0259 d\u0259 m\u0259nzili bu binadan g\u00f6t\u00fcrm\u00fc\u015f\u0259m. Gedib baxmaq ist\u0259y\u0259nd\u0259 dedi ki, h\u0259l\u0259 haz\u0131r deyil dey\u0259, i\u00e7\u0259ri adam buraxm\u0131rlar. \u018fvv\u0259l-ax\u0131r o m\u0259nzilin \u00fcz\u00fcn\u00fc g\u00f6rm\u0259dim, ax\u0131rda da dedi ki, \u0259limd\u0259n al\u0131blar o evl\u0259ri. Zaman ke\u00e7dikc\u0259 m\u0259n bunlar\u0131 tan\u0131ma\u011fa ba\u015flad\u0131m. Bunlardan evimin pulunu t\u0259l\u0259b edl\u0259dim\u201d, &#8211; G\u00f6y\u00e7ay sakini bildirib.<\/p>\n\n\n\n<p><strong>\u201c\u0130ki n\u0259f\u0259r qolumdan tutub, ma\u015f\u0131na bas\u0131b apard\u0131\u201d<\/strong><\/p>\n\n\n\n<p>B\u0259xtiyar M\u0259mm\u0259dov deyir ki, o, m\u00fcxt\u0259lif yerl\u0259r\u0259 \u015fikay\u0259t edib. Bundan sonra h\u0259yat yolda\u015f\u0131 ona qar\u015f\u0131 m\u0259hk\u0259m\u0259d\u0259 bo\u015fanma iddias\u0131 qald\u0131r\u0131b. Onun s\u00f6zl\u0259rin\u0259 g\u00f6r\u0259, h\u0259min vaxta q\u0259d\u0259r d\u0259 ayr\u0131 ya\u015fay\u0131rd\u0131lar, sad\u0259c\u0259, s\u0259n\u0259d \u00fcz\u0259rind\u0259 evli idil\u0259r.<\/p>\n\n\n\n<p>\u201cG\u00fcnl\u0259rin birind\u0259 qayn\u0131m z\u0259ng el\u0259di ki, \u201chardasan, g\u0259l Bak\u0131ya, evinin pulunu \u2013 30 min dollar\u0131n\u0131 verir\u0259m\u201d. Dedim ki, m\u0259n k\u0259ndd\u0259y\u0259m. 2022-ci il mart\u0131n 10-da g\u00f6r\u00fc\u015fd\u00fck. Anam\u0131 Bak\u0131ya h\u0259kim\u0259 aparm\u0131\u015fd\u0131m, \u201cYa\u015f\u0131l bazar\u201d\u0131n yan\u0131nda olanda ona yazd\u0131m. M\u0259n\u0259 dedi ki, \u201cbir saat \u0259vv\u0259ld\u0259n dey\u0259ydin\u201d. Onu orada bir saatdan \u00e7ox g\u00f6zl\u0259dim. Anam da ma\u015f\u0131nda idi. Bir d\u0259 g\u00f6rd\u00fcm g\u00fcl\u0259-g\u00fcl\u0259 g\u0259ldi, \u0259lind\u0259 \u00fc\u00e7 d\u0259n\u0259 y\u00fczl\u00fck dollar ba\u011flamas\u0131 \u2013 30 min. O, pulu verib k\u0259nara \u00e7\u0259kil\u0259n kimi iki n\u0259f\u0259r qolumdan tutub, m\u0259ni BMW markal\u0131 ma\u015f\u0131na bas\u0131b apard\u0131. Yolda m\u0259n\u0259 dedil\u0259r ki, s\u0259n utanm\u0131rsan ba\u015fqas\u0131ndan r\u00fc\u015fv\u0259t t\u0259l\u0259b edirs\u0259n, h\u0259d\u0259l\u0259yib pul ist\u0259yirs\u0259n? Dedim, n\u0259 r\u00fc\u015fv\u0259t, evimin puludur&#8230;\u201d.<\/p>\n\n\n\n<p><strong>\u201cPrezident d\u0259 deyib ki, he\u00e7 kim v\u0259zif\u0259sind\u0259n sui-istifad\u0259 etm\u0259m\u0259lidir\u201d<\/strong><\/p>\n\n\n\n<p>B\u0259xtiyar M\u0259mm\u0259dov deyir ki, polis idar\u0259sind\u0259 yaz\u0131\u015fmalar\u0131na v\u0259 ba\u015fqa s\u00fcbutlara bax\u0131b ara\u015fd\u0131rma aparandan sonra t\u0259qsirsiz oldu\u011funu, ke\u00e7mi\u015f qayn\u0131n\u0131n onu \u015f\u0259rl\u0259diyini anlay\u0131blar. Bundan sonra onu s\u0259rb\u0259st burax\u0131blar.<\/p>\n\n\n\n<p>\u201cH\u0259min vaxt ma\u015f\u0131nda olan anam ba\u015f ver\u0259nl\u0259ri bil\u0259nd\u0259n sonra ayaqlar\u0131 tutuldu. Bu ill\u0259r \u0259rzind\u0259 m\u0259n\u0259 n\u0259 q\u0259d\u0259r h\u0259m maddi, h\u0259m d\u0259 m\u0259n\u0259vi ziyan d\u0259yib. Prezident Administrasiyas\u0131na, Daxili \u0130\u015fl\u0259r Nazirliyin\u0259 v\u0259 ba\u015fqa d\u00f6vl\u0259t orqanlar\u0131na \u015fikay\u0259tl\u0259r g\u00f6nd\u0259rmi\u015f\u0259m. Prezident d\u0259 d\u0259f\u0259l\u0259rl\u0259 deyib ki, he\u00e7 kim v\u0259zif\u0259sind\u0259n sui-istifad\u0259 ed\u0259 bilm\u0259z. Ke\u00e7\u0259n d\u0259f\u0259 b\u0259xtim g\u0259tirdi, insafl\u0131 \u00e7\u0131xd\u0131lar, ara\u015fd\u0131rd\u0131lar, g\u00f6rd\u00fcl\u0259r ki, bu yaland\u0131r, m\u0259ni \u015f\u0259rl\u0259yirl\u0259r. Bu d\u0259f\u0259 b\u0259xtim g\u0259tirm\u0259s\u0259, nec\u0259 olacaq? Orada m\u0259n\u0259 b\u00f6htan atma\u011fa \u00e7al\u0131\u015fd\u0131lar ki, guya m\u0259n d\u00f6vl\u0259t\u00e7iliy\u0259 qar\u015f\u0131 \u00e7\u0131x\u0131ram. M\u0259n V\u0259t\u0259n m\u00fcharib\u0259si d\u00f6vr\u00fcnd\u0259 g\u00f6rd\u00fcy\u00fcm i\u015fl\u0259rl\u0259 ba\u011fl\u0131 s\u00fcbutlar\u0131 g\u00f6st\u0259rdim, polisl\u0259r \u0259min oldular ki, yaland\u0131r. Ona g\u00f6r\u0259 xahi\u015f edir\u0259m, bu adamlar haqq\u0131nda ara\u015fd\u0131rma apar\u0131ls\u0131n, bar\u0259l\u0259rind\u0259 t\u0259dbir g\u00f6r\u00fcls\u00fcn. M\u0259nim pulumu qaytars\u0131nlar. M\u0259n o evi \u0259ziyy\u0259tl\u0259 alm\u0131\u015fd\u0131m, niy\u0259 pulunu kiml\u0259rs\u0259 yem\u0259lidir?!\u201d, &#8211; G\u00f6y\u00e7ay sakini \u0259lav\u0259 edib.<\/p>\n\n\n\n<figure class=\"wp-block-image size-full is-resized\"><img decoding=\"async\" data-src=\"https:\/\/www.meydan.tv\/wp-content\/uploads\/photo-2023-02-25-15-38-28_720.jpg\" alt=\"\" class=\"wp-image-269340 lazyload\" width=\"802\" height=\"1128\" src=\"data:image\/svg+xml;base64,PHN2ZyB3aWR0aD0iMSIgaGVpZ2h0PSIxIiB4bWxucz0iaHR0cDovL3d3dy53My5vcmcvMjAwMC9zdmciPjwvc3ZnPg==\" style=\"--smush-placeholder-width: 802px; --smush-placeholder-aspect-ratio: 802\/1128;\" \/><figcaption class=\"wp-element-caption\">Foto: Meydan TV<\/figcaption><\/figure>\n\n\n\n<p><strong>D\u0130N d\u0259 saxta s\u0259n\u0259dd\u0259n istifad\u0259 fakt\u0131n\u0131 t\u0259sdiql\u0259yir<\/strong><\/p>\n\n\n\n<p>Daxili \u0130\u015fl\u0259r Nazirliyinin Ba\u015f Pasport, Qeydiyyat v\u0259 Miqrasiya \u0130dar\u0259si d\u0259 Tamilla M\u0259mm\u0259dovan\u0131n saxta s\u0259n\u0259dl\u0259rd\u0259n istifad\u0259 etdiyini t\u0259sdiql\u0259yib. \u0130dar\u0259d\u0259n bildirilib ki, ara\u015fd\u0131rma zaman\u0131 ona t\u0259hrif olunmu\u015f anket m\u0259lumatlar\u0131 il\u0259 \u015f\u0259xsiyy\u0259t v\u0259siq\u0259si v\u0259 pasport verildiyi ortaya \u00e7\u0131x\u0131b. Bundan sonra h\u0259min s\u0259n\u0259dl\u0259r l\u0259\u011fv olunub.<\/p>\n\n\n\n<p>Daxili \u0130\u015fl\u0259r Nazirliyinin M\u0259tbuat xidm\u0259tind\u0259n Meydan TV-y\u0259 bildirilib ki, B\u0259xtiyar M\u0259mm\u0259dovun \u015fikay\u0259tind\u0259 g\u00f6st\u0259rdiyi hallar ara\u015fd\u0131r\u0131lacaq v\u0259 cavab veril\u0259c\u0259k.<\/p>\n\n\n\n<figure class=\"wp-block-image size-full is-resized\"><img decoding=\"async\" data-src=\"https:\/\/www.meydan.tv\/wp-content\/uploads\/photo-2023-02-25-15-38-33_720.jpg\" alt=\"\" class=\"wp-image-269337 lazyload\" width=\"798\" height=\"1152\" src=\"data:image\/svg+xml;base64,PHN2ZyB3aWR0aD0iMSIgaGVpZ2h0PSIxIiB4bWxucz0iaHR0cDovL3d3dy53My5vcmcvMjAwMC9zdmciPjwvc3ZnPg==\" style=\"--smush-placeholder-width: 798px; --smush-placeholder-aspect-ratio: 798\/1152;\" \/><figcaption class=\"wp-element-caption\">Foto: Meydan TV<\/figcaption><\/figure>\n","protected":false},"excerpt":{"rendered":"<p>Daxili \u0130\u015fl\u0259r Nazirliyi G\u00f6y\u00e7ay sakininin iddialar\u0131n\u0131n ara\u015fd\u0131r\u0131laca\u011f\u0131n\u0131 deyir G\u00f6y\u00e7ay rayonunun &#8230; <\/p>\n<p class=\"read-more-container\"><a title=\"\u201cKe\u00e7mi\u015f polis \u0259m\u0259kda\u015f\u0131 sistemd\u0259ki tan\u0131\u015flar\u0131 vasit\u0259sil\u0259 m\u0259ni h\u0259bs etdirm\u0259y\u0259 \u00e7al\u0131\u015f\u0131r\u201d\" class=\"read-more button\" href=\"https:\/\/www.meydan.tv\/az\/article\/kecmis-polis-emekdasi-sistemdeki-tanislari-vasitesile-meni-hebs-etdirmeye-calisir\/#more-269346\" aria-label=\"Read more about \u201cKe\u00e7mi\u015f polis \u0259m\u0259kda\u015f\u0131 sistemd\u0259ki tan\u0131\u015flar\u0131 vasit\u0259sil\u0259 m\u0259ni h\u0259bs etdirm\u0259y\u0259 \u00e7al\u0131\u015f\u0131r\u201d\">Davam\u0131<\/a><\/p>\n","protected":false},"author":8,"featured_media":269343,"comment_status":"closed","ping_status":"closed","sticky":false,"template":"","format":"standard","meta":{"_acf_changed":false,"_sitemap_exclude":false,"_sitemap_priority":"","_sitemap_frequency":"","footnotes":""},"categories":[60,79,56],"tags":[],"class_list":["post-269346","post","type-post","status-publish","format-standard","has-post-thumbnail","hentry","category-bolge","category-featured","category-xeberler","infinite-scroll-item","generate-columns","tablet-grid-50","mobile-grid-100","grid-parent","grid-33","no-featured-image-padding"],"acf":[],"yoast_head":"<!-- This site is optimized with the Yoast SEO plugin v27.5 - https:\/\/yoast.com\/product\/yoast-seo-wordpress\/ -->\n<title>\u201cKe\u00e7mi\u015f polis \u0259m\u0259kda\u015f\u0131 sistemd\u0259ki tan\u0131\u015flar\u0131 vasit\u0259sil\u0259 m\u0259ni h\u0259bs etdirm\u0259y\u0259 \u00e7al\u0131\u015f\u0131r\u201d - MEYDAN.TV<\/title>\n<meta name=\"robots\" content=\"index, follow, max-snippet:-1, max-image-preview:large, max-video-preview:-1\" \/>\n<link rel=\"canonical\" href=\"https:\/\/www.meydan.tv\/az\/article\/kecmis-polis-emekdasi-sistemdeki-tanislari-vasitesile-meni-hebs-etdirmeye-calisir\/\" \/>\n<meta property=\"og:locale\" content=\"az_AZ\" \/>\n<meta property=\"og:type\" content=\"article\" \/>\n<meta property=\"og:title\" content=\"\u201cKe\u00e7mi\u015f polis \u0259m\u0259kda\u015f\u0131 sistemd\u0259ki tan\u0131\u015flar\u0131 vasit\u0259sil\u0259 m\u0259ni h\u0259bs etdirm\u0259y\u0259 \u00e7al\u0131\u015f\u0131r\u201d - MEYDAN.TV\" \/>\n<meta property=\"og:description\" content=\"Daxili \u0130\u015fl\u0259r Nazirliyi G\u00f6y\u00e7ay sakininin iddialar\u0131n\u0131n ara\u015fd\u0131r\u0131laca\u011f\u0131n\u0131 deyir G\u00f6y\u00e7ay rayonunun ... Davam\u0131\" \/>\n<meta property=\"og:url\" content=\"https:\/\/www.meydan.tv\/az\/article\/kecmis-polis-emekdasi-sistemdeki-tanislari-vasitesile-meni-hebs-etdirmeye-calisir\/\" \/>\n<meta property=\"og:site_name\" content=\"MEYDAN.TV\" \/>\n<meta property=\"article:published_time\" content=\"2023-02-25T15:00:08+00:00\" \/>\n<meta property=\"article:modified_time\" content=\"2023-02-25T15:00:13+00:00\" \/>\n<meta property=\"og:image\" content=\"https:\/\/www.meydan.tv\/wp-content\/uploads\/photo-2023-02-25-15-38-19_720.jpg\" \/>\n\t<meta property=\"og:image:width\" content=\"1200\" \/>\n\t<meta property=\"og:image:height\" content=\"900\" \/>\n\t<meta property=\"og:image:type\" content=\"image\/jpeg\" \/>\n<meta name=\"author\" content=\"elli\" \/>\n<meta name=\"twitter:card\" content=\"summary_large_image\" \/>\n<meta name=\"twitter:creator\" content=\"@elli\" \/>\n<script type=\"application\/ld+json\" class=\"yoast-schema-graph\">{\"@context\":\"https:\\\/\\\/schema.org\",\"@graph\":[{\"@type\":\"Article\",\"@id\":\"https:\\\/\\\/www.meydan.tv\\\/az\\\/article\\\/kecmis-polis-emekdasi-sistemdeki-tanislari-vasitesile-meni-hebs-etdirmeye-calisir\\\/#article\",\"isPartOf\":{\"@id\":\"https:\\\/\\\/www.meydan.tv\\\/az\\\/article\\\/kecmis-polis-emekdasi-sistemdeki-tanislari-vasitesile-meni-hebs-etdirmeye-calisir\\\/\"},\"author\":{\"name\":\"elli\",\"@id\":\"https:\\\/\\\/www.meydan.tv\\\/az\\\/#\\\/schema\\\/person\\\/9cdbecf90d17180ce1dfbd95b08dcf47\"},\"headline\":\"\u201cKe\u00e7mi\u015f polis \u0259m\u0259kda\u015f\u0131 sistemd\u0259ki tan\u0131\u015flar\u0131 vasit\u0259sil\u0259 m\u0259ni h\u0259bs etdirm\u0259y\u0259 \u00e7al\u0131\u015f\u0131r\u201d\",\"datePublished\":\"2023-02-25T15:00:08+00:00\",\"dateModified\":\"2023-02-25T15:00:13+00:00\",\"mainEntityOfPage\":{\"@id\":\"https:\\\/\\\/www.meydan.tv\\\/az\\\/article\\\/kecmis-polis-emekdasi-sistemdeki-tanislari-vasitesile-meni-hebs-etdirmeye-calisir\\\/\"},\"wordCount\":1084,\"publisher\":{\"@id\":\"https:\\\/\\\/www.meydan.tv\\\/az\\\/#organization\"},\"image\":{\"@id\":\"https:\\\/\\\/www.meydan.tv\\\/az\\\/article\\\/kecmis-polis-emekdasi-sistemdeki-tanislari-vasitesile-meni-hebs-etdirmeye-calisir\\\/#primaryimage\"},\"thumbnailUrl\":\"https:\\\/\\\/www.meydan.tv\\\/wp-content\\\/uploads\\\/photo-2023-02-25-15-38-19_720.jpg\",\"articleSection\":[\"B\u00f6lg\u0259\",\"T\u00f6vsiy\u0259\",\"X\u0259b\u0259rl\u0259r\"],\"inLanguage\":\"az\"},{\"@type\":\"WebPage\",\"@id\":\"https:\\\/\\\/www.meydan.tv\\\/az\\\/article\\\/kecmis-polis-emekdasi-sistemdeki-tanislari-vasitesile-meni-hebs-etdirmeye-calisir\\\/\",\"url\":\"https:\\\/\\\/www.meydan.tv\\\/az\\\/article\\\/kecmis-polis-emekdasi-sistemdeki-tanislari-vasitesile-meni-hebs-etdirmeye-calisir\\\/\",\"name\":\"\u201cKe\u00e7mi\u015f polis \u0259m\u0259kda\u015f\u0131 sistemd\u0259ki tan\u0131\u015flar\u0131 vasit\u0259sil\u0259 m\u0259ni h\u0259bs etdirm\u0259y\u0259 \u00e7al\u0131\u015f\u0131r\u201d - MEYDAN.TV\",\"isPartOf\":{\"@id\":\"https:\\\/\\\/www.meydan.tv\\\/az\\\/#website\"},\"primaryImageOfPage\":{\"@id\":\"https:\\\/\\\/www.meydan.tv\\\/az\\\/article\\\/kecmis-polis-emekdasi-sistemdeki-tanislari-vasitesile-meni-hebs-etdirmeye-calisir\\\/#primaryimage\"},\"image\":{\"@id\":\"https:\\\/\\\/www.meydan.tv\\\/az\\\/article\\\/kecmis-polis-emekdasi-sistemdeki-tanislari-vasitesile-meni-hebs-etdirmeye-calisir\\\/#primaryimage\"},\"thumbnailUrl\":\"https:\\\/\\\/www.meydan.tv\\\/wp-content\\\/uploads\\\/photo-2023-02-25-15-38-19_720.jpg\",\"datePublished\":\"2023-02-25T15:00:08+00:00\",\"dateModified\":\"2023-02-25T15:00:13+00:00\",\"breadcrumb\":{\"@id\":\"https:\\\/\\\/www.meydan.tv\\\/az\\\/article\\\/kecmis-polis-emekdasi-sistemdeki-tanislari-vasitesile-meni-hebs-etdirmeye-calisir\\\/#breadcrumb\"},\"inLanguage\":\"az\",\"potentialAction\":[{\"@type\":\"ReadAction\",\"target\":[\"https:\\\/\\\/www.meydan.tv\\\/az\\\/article\\\/kecmis-polis-emekdasi-sistemdeki-tanislari-vasitesile-meni-hebs-etdirmeye-calisir\\\/\"]}]},{\"@type\":\"ImageObject\",\"inLanguage\":\"az\",\"@id\":\"https:\\\/\\\/www.meydan.tv\\\/az\\\/article\\\/kecmis-polis-emekdasi-sistemdeki-tanislari-vasitesile-meni-hebs-etdirmeye-calisir\\\/#primaryimage\",\"url\":\"https:\\\/\\\/www.meydan.tv\\\/wp-content\\\/uploads\\\/photo-2023-02-25-15-38-19_720.jpg\",\"contentUrl\":\"https:\\\/\\\/www.meydan.tv\\\/wp-content\\\/uploads\\\/photo-2023-02-25-15-38-19_720.jpg\",\"width\":1200,\"height\":900,\"caption\":\"Foto: B\u0259xtiyar M\u0259mm\u0259dovun \u015f\u0259xsi arxivind\u0259n\"},{\"@type\":\"BreadcrumbList\",\"@id\":\"https:\\\/\\\/www.meydan.tv\\\/az\\\/article\\\/kecmis-polis-emekdasi-sistemdeki-tanislari-vasitesile-meni-hebs-etdirmeye-calisir\\\/#breadcrumb\",\"itemListElement\":[{\"@type\":\"ListItem\",\"position\":1,\"name\":\"Ana s\u0259hif\u0259\",\"item\":\"https:\\\/\\\/www.meydan.tv\\\/az\\\/\"},{\"@type\":\"ListItem\",\"position\":2,\"name\":\"B\u00f6lg\u0259\",\"item\":\"https:\\\/\\\/www.meydan.tv\\\/az\\\/section\\\/bolge\\\/\"},{\"@type\":\"ListItem\",\"position\":3,\"name\":\"\u201cKe\u00e7mi\u015f polis \u0259m\u0259kda\u015f\u0131 sistemd\u0259ki tan\u0131\u015flar\u0131 vasit\u0259sil\u0259 m\u0259ni h\u0259bs etdirm\u0259y\u0259 \u00e7al\u0131\u015f\u0131r\u201d\"}]},{\"@type\":\"WebSite\",\"@id\":\"https:\\\/\\\/www.meydan.tv\\\/az\\\/#website\",\"url\":\"https:\\\/\\\/www.meydan.tv\\\/az\\\/\",\"name\":\"MEYDAN.TV\",\"description\":\"Meydan TV Az\u0259rbaycan\u0131n media m\u0259kan\u0131ndak\u0131 alternativ s\u0259sidir\",\"publisher\":{\"@id\":\"https:\\\/\\\/www.meydan.tv\\\/az\\\/#organization\"},\"potentialAction\":[{\"@type\":\"SearchAction\",\"target\":{\"@type\":\"EntryPoint\",\"urlTemplate\":\"https:\\\/\\\/www.meydan.tv\\\/az\\\/?s={search_term_string}\"},\"query-input\":{\"@type\":\"PropertyValueSpecification\",\"valueRequired\":true,\"valueName\":\"search_term_string\"}}],\"inLanguage\":\"az\"},{\"@type\":\"Organization\",\"@id\":\"https:\\\/\\\/www.meydan.tv\\\/az\\\/#organization\",\"name\":\"Meydan TV\",\"url\":\"https:\\\/\\\/www.meydan.tv\\\/az\\\/\",\"logo\":{\"@type\":\"ImageObject\",\"inLanguage\":\"az\",\"@id\":\"https:\\\/\\\/www.meydan.tv\\\/az\\\/#\\\/schema\\\/logo\\\/image\\\/\",\"url\":\"https:\\\/\\\/www.meydan.tv\\\/wp-content\\\/uploads\\\/2021\\\/07\\\/meydan-logo.svg\",\"contentUrl\":\"https:\\\/\\\/www.meydan.tv\\\/wp-content\\\/uploads\\\/2021\\\/07\\\/meydan-logo.svg\",\"width\":195,\"height\":46,\"caption\":\"Meydan TV\"},\"image\":{\"@id\":\"https:\\\/\\\/www.meydan.tv\\\/az\\\/#\\\/schema\\\/logo\\\/image\\\/\"}},{\"@type\":\"Person\",\"@id\":\"https:\\\/\\\/www.meydan.tv\\\/az\\\/#\\\/schema\\\/person\\\/9cdbecf90d17180ce1dfbd95b08dcf47\",\"name\":\"elli\",\"sameAs\":[\"https:\\\/\\\/x.com\\\/elli\"]}]}<\/script>\n<!-- \/ Yoast SEO plugin. -->","yoast_head_json":{"title":"\u201cKe\u00e7mi\u015f polis \u0259m\u0259kda\u015f\u0131 sistemd\u0259ki tan\u0131\u015flar\u0131 vasit\u0259sil\u0259 m\u0259ni h\u0259bs etdirm\u0259y\u0259 \u00e7al\u0131\u015f\u0131r\u201d - MEYDAN.TV","robots":{"index":"index","follow":"follow","max-snippet":"max-snippet:-1","max-image-preview":"max-image-preview:large","max-video-preview":"max-video-preview:-1"},"canonical":"https:\/\/www.meydan.tv\/az\/article\/kecmis-polis-emekdasi-sistemdeki-tanislari-vasitesile-meni-hebs-etdirmeye-calisir\/","og_locale":"az_AZ","og_type":"article","og_title":"\u201cKe\u00e7mi\u015f polis \u0259m\u0259kda\u015f\u0131 sistemd\u0259ki tan\u0131\u015flar\u0131 vasit\u0259sil\u0259 m\u0259ni h\u0259bs etdirm\u0259y\u0259 \u00e7al\u0131\u015f\u0131r\u201d - MEYDAN.TV","og_description":"Daxili \u0130\u015fl\u0259r Nazirliyi G\u00f6y\u00e7ay sakininin iddialar\u0131n\u0131n ara\u015fd\u0131r\u0131laca\u011f\u0131n\u0131 deyir G\u00f6y\u00e7ay rayonunun ... Davam\u0131","og_url":"https:\/\/www.meydan.tv\/az\/article\/kecmis-polis-emekdasi-sistemdeki-tanislari-vasitesile-meni-hebs-etdirmeye-calisir\/","og_site_name":"MEYDAN.TV","article_published_time":"2023-02-25T15:00:08+00:00","article_modified_time":"2023-02-25T15:00:13+00:00","og_image":[{"width":1200,"height":900,"url":"https:\/\/www.meydan.tv\/wp-content\/uploads\/photo-2023-02-25-15-38-19_720.jpg","type":"image\/jpeg"}],"author":"elli","twitter_card":"summary_large_image","twitter_creator":"@elli","schema":{"@context":"https:\/\/schema.org","@graph":[{"@type":"Article","@id":"https:\/\/www.meydan.tv\/az\/article\/kecmis-polis-emekdasi-sistemdeki-tanislari-vasitesile-meni-hebs-etdirmeye-calisir\/#article","isPartOf":{"@id":"https:\/\/www.meydan.tv\/az\/article\/kecmis-polis-emekdasi-sistemdeki-tanislari-vasitesile-meni-hebs-etdirmeye-calisir\/"},"author":{"name":"elli","@id":"https:\/\/www.meydan.tv\/az\/#\/schema\/person\/9cdbecf90d17180ce1dfbd95b08dcf47"},"headline":"\u201cKe\u00e7mi\u015f polis \u0259m\u0259kda\u015f\u0131 sistemd\u0259ki tan\u0131\u015flar\u0131 vasit\u0259sil\u0259 m\u0259ni h\u0259bs etdirm\u0259y\u0259 \u00e7al\u0131\u015f\u0131r\u201d","datePublished":"2023-02-25T15:00:08+00:00","dateModified":"2023-02-25T15:00:13+00:00","mainEntityOfPage":{"@id":"https:\/\/www.meydan.tv\/az\/article\/kecmis-polis-emekdasi-sistemdeki-tanislari-vasitesile-meni-hebs-etdirmeye-calisir\/"},"wordCount":1084,"publisher":{"@id":"https:\/\/www.meydan.tv\/az\/#organization"},"image":{"@id":"https:\/\/www.meydan.tv\/az\/article\/kecmis-polis-emekdasi-sistemdeki-tanislari-vasitesile-meni-hebs-etdirmeye-calisir\/#primaryimage"},"thumbnailUrl":"https:\/\/www.meydan.tv\/wp-content\/uploads\/photo-2023-02-25-15-38-19_720.jpg","articleSection":["B\u00f6lg\u0259","T\u00f6vsiy\u0259","X\u0259b\u0259rl\u0259r"],"inLanguage":"az"},{"@type":"WebPage","@id":"https:\/\/www.meydan.tv\/az\/article\/kecmis-polis-emekdasi-sistemdeki-tanislari-vasitesile-meni-hebs-etdirmeye-calisir\/","url":"https:\/\/www.meydan.tv\/az\/article\/kecmis-polis-emekdasi-sistemdeki-tanislari-vasitesile-meni-hebs-etdirmeye-calisir\/","name":"\u201cKe\u00e7mi\u015f polis \u0259m\u0259kda\u015f\u0131 sistemd\u0259ki tan\u0131\u015flar\u0131 vasit\u0259sil\u0259 m\u0259ni h\u0259bs etdirm\u0259y\u0259 \u00e7al\u0131\u015f\u0131r\u201d - MEYDAN.TV","isPartOf":{"@id":"https:\/\/www.meydan.tv\/az\/#website"},"primaryImageOfPage":{"@id":"https:\/\/www.meydan.tv\/az\/article\/kecmis-polis-emekdasi-sistemdeki-tanislari-vasitesile-meni-hebs-etdirmeye-calisir\/#primaryimage"},"image":{"@id":"https:\/\/www.meydan.tv\/az\/article\/kecmis-polis-emekdasi-sistemdeki-tanislari-vasitesile-meni-hebs-etdirmeye-calisir\/#primaryimage"},"thumbnailUrl":"https:\/\/www.meydan.tv\/wp-content\/uploads\/photo-2023-02-25-15-38-19_720.jpg","datePublished":"2023-02-25T15:00:08+00:00","dateModified":"2023-02-25T15:00:13+00:00","breadcrumb":{"@id":"https:\/\/www.meydan.tv\/az\/article\/kecmis-polis-emekdasi-sistemdeki-tanislari-vasitesile-meni-hebs-etdirmeye-calisir\/#breadcrumb"},"inLanguage":"az","potentialAction":[{"@type":"ReadAction","target":["https:\/\/www.meydan.tv\/az\/article\/kecmis-polis-emekdasi-sistemdeki-tanislari-vasitesile-meni-hebs-etdirmeye-calisir\/"]}]},{"@type":"ImageObject","inLanguage":"az","@id":"https:\/\/www.meydan.tv\/az\/article\/kecmis-polis-emekdasi-sistemdeki-tanislari-vasitesile-meni-hebs-etdirmeye-calisir\/#primaryimage","url":"https:\/\/www.meydan.tv\/wp-content\/uploads\/photo-2023-02-25-15-38-19_720.jpg","contentUrl":"https:\/\/www.meydan.tv\/wp-content\/uploads\/photo-2023-02-25-15-38-19_720.jpg","width":1200,"height":900,"caption":"Foto: B\u0259xtiyar M\u0259mm\u0259dovun \u015f\u0259xsi arxivind\u0259n"},{"@type":"BreadcrumbList","@id":"https:\/\/www.meydan.tv\/az\/article\/kecmis-polis-emekdasi-sistemdeki-tanislari-vasitesile-meni-hebs-etdirmeye-calisir\/#breadcrumb","itemListElement":[{"@type":"ListItem","position":1,"name":"Ana s\u0259hif\u0259","item":"https:\/\/www.meydan.tv\/az\/"},{"@type":"ListItem","position":2,"name":"B\u00f6lg\u0259","item":"https:\/\/www.meydan.tv\/az\/section\/bolge\/"},{"@type":"ListItem","position":3,"name":"\u201cKe\u00e7mi\u015f polis \u0259m\u0259kda\u015f\u0131 sistemd\u0259ki tan\u0131\u015flar\u0131 vasit\u0259sil\u0259 m\u0259ni h\u0259bs etdirm\u0259y\u0259 \u00e7al\u0131\u015f\u0131r\u201d"}]},{"@type":"WebSite","@id":"https:\/\/www.meydan.tv\/az\/#website","url":"https:\/\/www.meydan.tv\/az\/","name":"MEYDAN.TV","description":"Meydan TV Az\u0259rbaycan\u0131n media m\u0259kan\u0131ndak\u0131 alternativ s\u0259sidir","publisher":{"@id":"https:\/\/www.meydan.tv\/az\/#organization"},"potentialAction":[{"@type":"SearchAction","target":{"@type":"EntryPoint","urlTemplate":"https:\/\/www.meydan.tv\/az\/?s={search_term_string}"},"query-input":{"@type":"PropertyValueSpecification","valueRequired":true,"valueName":"search_term_string"}}],"inLanguage":"az"},{"@type":"Organization","@id":"https:\/\/www.meydan.tv\/az\/#organization","name":"Meydan TV","url":"https:\/\/www.meydan.tv\/az\/","logo":{"@type":"ImageObject","inLanguage":"az","@id":"https:\/\/www.meydan.tv\/az\/#\/schema\/logo\/image\/","url":"https:\/\/www.meydan.tv\/wp-content\/uploads\/2021\/07\/meydan-logo.svg","contentUrl":"https:\/\/www.meydan.tv\/wp-content\/uploads\/2021\/07\/meydan-logo.svg","width":195,"height":46,"caption":"Meydan TV"},"image":{"@id":"https:\/\/www.meydan.tv\/az\/#\/schema\/logo\/image\/"}},{"@type":"Person","@id":"https:\/\/www.meydan.tv\/az\/#\/schema\/person\/9cdbecf90d17180ce1dfbd95b08dcf47","name":"elli","sameAs":["https:\/\/x.com\/elli"]}]}},"_links":{"self":[{"href":"https:\/\/www.meydan.tv\/az\/wp-json\/wp\/v2\/posts\/269346","targetHints":{"allow":["GET"]}}],"collection":[{"href":"https:\/\/www.meydan.tv\/az\/wp-json\/wp\/v2\/posts"}],"about":[{"href":"https:\/\/www.meydan.tv\/az\/wp-json\/wp\/v2\/types\/post"}],"author":[{"embeddable":true,"href":"https:\/\/www.meydan.tv\/az\/wp-json\/wp\/v2\/users\/8"}],"replies":[{"embeddable":true,"href":"https:\/\/www.meydan.tv\/az\/wp-json\/wp\/v2\/comments?post=269346"}],"version-history":[{"count":1,"href":"https:\/\/www.meydan.tv\/az\/wp-json\/wp\/v2\/posts\/269346\/revisions"}],"predecessor-version":[{"id":269347,"href":"https:\/\/www.meydan.tv\/az\/wp-json\/wp\/v2\/posts\/269346\/revisions\/269347"}],"wp:featuredmedia":[{"embeddable":true,"href":"https:\/\/www.meydan.tv\/az\/wp-json\/wp\/v2\/media\/269343"}],"wp:attachment":[{"href":"https:\/\/www.meydan.tv\/az\/wp-json\/wp\/v2\/media?parent=269346"}],"wp:term":[{"taxonomy":"category","embeddable":true,"href":"https:\/\/www.meydan.tv\/az\/wp-json\/wp\/v2\/categories?post=269346"},{"taxonomy":"post_tag","embeddable":true,"href":"https:\/\/www.meydan.tv\/az\/wp-json\/wp\/v2\/tags?post=269346"}],"curies":[{"name":"wp","href":"https:\/\/api.w.org\/{rel}","templated":true}]}}