{"id":269335,"date":"2023-02-25T18:45:29","date_gmt":"2023-02-25T14:45:29","guid":{"rendered":"https:\/\/www.meydan.tv\/?p=269335"},"modified":"2023-02-26T01:02:49","modified_gmt":"2023-02-25T21:02:49","slug":"naxcivan-sakini-bes-menim-ailem-corek-yememelidir","status":"publish","type":"post","link":"https:\/\/www.meydan.tv\/az\/article\/naxcivan-sakini-bes-menim-ailem-corek-yememelidir\/","title":{"rendered":"Nax\u00e7\u0131van sakini: \u201cB\u0259s m\u0259nim ail\u0259m \u00e7\u00f6r\u0259k yem\u0259m\u0259lidir?!\u201d"},"content":{"rendered":"\n<p><em><strong>\u0130lqar Hac\u0131yev: \u201cNax\u00e7\u0131vanda polis m\u0259ni qanunsuz iki g\u00fcn saxlad\u0131, o m\u00fcdd\u0259td\u0259 i\u015fd\u0259n \u00e7\u0131xar\u0131ld\u0131m\u201d<\/strong><\/em><\/p>\n\n\n\n<p>Nax\u00e7\u0131van Beyn\u0259lxalq Hava Liman\u0131nda \u00e7al\u0131\u015fan \u0130lqar Hac\u0131yev deyir ki, polisin qanunsuzlu\u011fu v\u0259 \u00f6zba\u015f\u0131l\u0131\u011f\u0131yla \u00fczl\u0259\u015fib. Onun s\u00f6zl\u0259rin\u0259 g\u00f6r\u0259, \u00f6z\u00fc zorak\u0131l\u0131\u011fa, m\u0259ruz qal\u0131b, bir m\u00fcdd\u0259t polis idar\u0259sind\u0259 saxlanmaqla yana\u015f\u0131, h\u0259m d\u0259 i\u015fini itirib. N\u0259tic\u0259d\u0259 \u00f6z\u00fc v\u0259 ail\u0259si maddi bax\u0131mdan a\u011f\u0131r duruma d\u00fc\u015f\u00fcb.<\/p>\n\n\n\n<p><em><strong>\u201cHe\u00e7 bir ara\u015fd\u0131rma aparmadan ail\u0259 ba\u015f\u00e7\u0131s\u0131n\u0131 i\u015fd\u0259n \u00e7\u0131xarmaq bel\u0259 asan olmamal\u0131d\u0131r\u201d<\/strong><\/em><\/p>\n\n\n\n<p>Hava liman\u0131nda dispet\u00e7er v\u0259zif\u0259sind\u0259 \u00e7al\u0131\u015fan \u0130lqar Hac\u0131yev Meydan TV-y\u0259 dan\u0131\u015f\u0131r ki, hadis\u0259 2022-ci il dekabr\u0131n 1-d\u0259 ba\u015f verib. Deyir ki, h\u0259min g\u00fcn ax\u015fam saat 18 rad\u0259l\u0259rind\u0259 Nax\u00e7\u0131van \u015e\u0259h\u0259r Polis \u0130dar\u0259sinin Cinay\u0259t-Axtar\u0131\u015f \u015e\u00f6b\u0259sinin r\u0259isi \u015eahin Novruzov onu idar\u0259y\u0259 apar\u0131b. Onun s\u00f6zl\u0259rin\u0259 g\u00f6r\u0259, d\u0259rhal mobil telefonu \u0259lind\u0259n al\u0131nd\u0131\u011f\u0131na g\u00f6r\u0259 i\u015f yerin\u0259 d\u0259 g\u0259l\u0259 bilm\u0259y\u0259c\u0259yi haqda m\u0259lumat ver\u0259 bilm\u0259yib:<\/p>\n\n\n\n<p>\u201cOrada Elvin adl\u0131 \u015f\u0259xs\u0259 bu bar\u0259d\u0259 dedim. M\u0259n\u0259 bildirdi ki, i\u015f yerim\u0259 &#8211; hava liman\u0131na polisd\u0259 olma\u011f\u0131m haqda m\u0259lumat verilib. Dedil\u0259r ki, haqq\u0131mda \u015fikay\u0259t var. Onu ara\u015fd\u0131rmaq \u00fc\u00e7\u00fcn m\u0259ni iki g\u00fcn saxlad\u0131lar. \u015eikay\u0259t geri g\u00f6t\u00fcr\u00fcld\u00fc, g\u00fcnahs\u0131z oldu\u011fuma g\u00f6r\u0259 bar\u0259md\u0259 n\u0259 cinay\u0259t i\u015fi ba\u015fland\u0131, n\u0259 inzibati qaydada t\u0259dbir g\u00f6r\u00fcld\u00fc&#8230;\u201d.<\/p>\n\n\n\n<p>\u0130lqar Hac\u0131yev bildirib ki, bu hadis\u0259d\u0259n iki g\u00fcn sonra o, Nax\u00e7\u0131van Beyn\u0259lxalq Hava Liman\u0131n\u0131n direktoru Mansur G\u00fclm\u0259mm\u0259dlinin g\u00f6st\u0259ri\u015fi \u0259sas\u0131nda \u018fm\u0259k M\u0259c\u0259ll\u0259sinin 70-ci madd\u0259sinin \u201c\u00e7\u201d b\u0259ndi il\u0259 (i\u015f\u00e7i \u00f6z\u00fcn\u00fcn \u0259m\u0259k funksiyas\u0131n\u0131 v\u0259 ya \u0259m\u0259k m\u00fcqavil\u0259si \u00fczr\u0259 \u00f6hd\u0259likl\u0259rini yerin\u0259 yetirm\u0259dikd\u0259, yaxud v\u0259zif\u0259l\u0259rini kobud \u015f\u0259kild\u0259 pozduqda) i\u015fd\u0259n \u00e7\u0131xar\u0131l\u0131b:<\/p>\n\n\n\n<p>\u201cHalbuki, m\u0259nim i\u015fim\u0259 &#8211; 12 saatl\u0131q n\u00f6vb\u0259m\u0259 getm\u0259m\u0259yim \u00f6z\u00fcmd\u0259n as\u0131l\u0131 olmayan s\u0259b\u0259bd\u0259n ba\u015f verib. \u0130ndiki vaxtda bir ail\u0259 ba\u015f\u00e7\u0131s\u0131n\u0131 he\u00e7 bir ara\u015fd\u0131rma aparmadan, dinl\u0259m\u0259d\u0259n i\u015fd\u0259n \u00e7\u0131xarmaq bel\u0259 asan olmamal\u0131d\u0131r. S\u00f6hb\u0259t t\u0259kc\u0259 h\u00fcquqdan, qayda-qanundan getmir. He\u00e7 bir g\u00fcnah\u0131m olmad\u0131\u011f\u0131 halda, \u0259m\u0259k kitab\u00e7ama o madd\u0259ni yaz\u0131blar, ba\u015fqa i\u015f tapma\u011f\u0131ma da mane olur. B\u0259s m\u0259nim ail\u0259m \u00e7\u00f6r\u0259k yem\u0259m\u0259lidir? \u0130nsana bel\u0259 z\u00fclm el\u0259y\u0259rl\u0259r?!\u201d<\/p>\n\n\n\n<p>\u201c<em><strong>Polis idar\u0259sind\u0259 h\u0259y\u0259ti s\u00fcp\u00fcrm\u0259k \u00fc\u00e7\u00fcn m\u0259ni d\u00f6y\u00fcrd\u00fc&#8230;\u201d<\/strong><\/em><\/p>\n\n\n\n<p>\u0130lqar Hac\u0131yev polis idar\u0259sind\u0259 oldu\u011fu m\u00fcdd\u0259td\u0259 orada zorak\u0131l\u0131\u011fa m\u0259ruz qald\u0131\u011f\u0131na da vur\u011fulay\u0131b. Onun s\u00f6zl\u0259rin\u0259 g\u00f6r\u0259, ad\u0131n\u0131 bilm\u0259diyi \u00e7avu\u015f ondan idar\u0259nin h\u0259y\u0259tind\u0259ki yarpaqlar\u0131 s\u00fcp\u00fcrm\u0259sini ist\u0259yib, deyib ki, r\u0259is \u0259v\u0259zi Elvin S\u0259f\u0259rlinin g\u00f6st\u0259ri\u015fidir.<\/p>\n\n\n\n<p>\u201cM\u0259n s\u00fcp\u00fcrm\u0259kd\u0259n imtina el\u0259dim. N\u00f6vb\u0259t\u00e7i hiss\u0259nin r\u0259isi S\u0259rxan Teymurov qolumu burub, pill\u0259k\u0259nl\u0259rd\u0259n a\u015fa\u011f\u0131 it\u0259l\u0259di. M\u0259ni d\u00f6ym\u0259y\u0259 ba\u015flad\u0131, ba\u015f\u0131ma z\u0259rb\u0259l\u0259r vururdu. Ax\u0131rda oradak\u0131 \u00e7avu\u015flar, oran\u0131n \u00e7ayxanas\u0131n\u0131 i\u015fl\u0259d\u0259nl\u0259r araya girdil\u0259r. B\u00fct\u00fcn bunlar binan\u0131n daxilind\u0259ki t\u0259hl\u00fck\u0259sizlik kameralar\u0131n\u0131n qar\u015f\u0131s\u0131nda ba\u015f verirdi. Oradak\u0131 polisl\u0259rin dediyin\u0259 g\u00f6r\u0259, S\u0259rxan Teymurov Nax\u00e7\u0131van Ali M\u0259clisinin ke\u00e7mi\u015f s\u0259dri Vasif Tal\u0131bovun qohumudur, ona he\u00e7 kim he\u00e7 n\u0259 dey\u0259 bilmir\u201d, &#8211; \u0130lqar Hac\u0131yev \u0259lav\u0259 edib.<\/p>\n\n\n\n<p><strong><em>D\u0130N: \u201c\u0130ddialar h\u0259qiq\u0259ti \u0259ks etdirmir\u201d<\/em><\/strong><\/p>\n\n\n\n<p>Daxili \u0130\u015fl\u0259r Nazirliyinin (D\u0130N) m\u0259tbuat xidm\u0259tinin \u0259m\u0259kda\u015f\u0131 Nurlan \u018fliyev Meydan TV-y\u0259 a\u00e7\u0131qlamas\u0131nda \u0130lqar Hac\u0131yevin Nax\u00e7\u0131van \u015e\u0259h\u0259r Polis \u0130dar\u0259sind\u0259 qanunsuz saxlanmas\u0131 v\u0259 pis r\u0259ftara m\u0259ruz qalmas\u0131 haqda iddialar\u0131n\u0131n \u0259sass\u0131z oldu\u011funu bildirib.<\/p>\n\n\n\n<p>\u201cBu haqda iddialar h\u0259qiq\u0259ti \u0259ks etdirmir. Onun i\u015fd\u0259n \u00e7\u0131xar\u0131lmas\u0131 m\u0259s\u0259l\u0259si d\u0259 polisin s\u0259lahiyy\u0259tl\u0259rin\u0259 aid deyil. H\u0259min \u015f\u0259xs onun haqq\u0131nda daxil olmu\u015f m\u00fcraci\u0259tl\u0259 \u0259laq\u0259dar polis orqan\u0131na d\u0259v\u0259t olunub v\u0259 izahat\u0131 al\u0131nandan sonra s\u0259rb\u0259st burax\u0131l\u0131b. Onun hans\u0131 formada, hans\u0131 \u015f\u0259rtl\u0259rl\u0259 i\u015fd\u0259n \u00e7\u0131xar\u0131lmas\u0131yla ba\u011fl\u0131 polis orqan\u0131nda he\u00e7 bir m\u0259lumat yoxdur\u201d, &#8211; D\u0130N r\u0259smisi bel\u0259 deyib.<\/p>\n\n\n\n<p>Nax\u00e7\u0131van Beyn\u0259lxalq Hava Liman\u0131ndan is\u0259 bu m\u0259s\u0259l\u0259 il\u0259 \u0259laq\u0259dar \u015f\u0259rh verm\u0259k ist\u0259m\u0259yibl\u0259r.<\/p>\n","protected":false},"excerpt":{"rendered":"<p>\u0130lqar Hac\u0131yev: \u201cNax\u00e7\u0131vanda polis m\u0259ni qanunsuz iki g\u00fcn saxlad\u0131, o &#8230; <\/p>\n<p class=\"read-more-container\"><a title=\"Nax\u00e7\u0131van sakini: \u201cB\u0259s m\u0259nim ail\u0259m \u00e7\u00f6r\u0259k yem\u0259m\u0259lidir?!\u201d\" class=\"read-more button\" href=\"https:\/\/www.meydan.tv\/az\/article\/naxcivan-sakini-bes-menim-ailem-corek-yememelidir\/#more-269335\" aria-label=\"Read more about Nax\u00e7\u0131van sakini: \u201cB\u0259s m\u0259nim ail\u0259m \u00e7\u00f6r\u0259k yem\u0259m\u0259lidir?!\u201d\">Davam\u0131<\/a><\/p>\n","protected":false},"author":13,"featured_media":266643,"comment_status":"closed","ping_status":"closed","sticky":false,"template":"","format":"standard","meta":{"_acf_changed":false,"_sitemap_exclude":false,"_sitemap_priority":"","_sitemap_frequency":"","footnotes":""},"categories":[60,79,56],"tags":[],"class_list":["post-269335","post","type-post","status-publish","format-standard","has-post-thumbnail","hentry","category-bolge","category-featured","category-xeberler","infinite-scroll-item","generate-columns","tablet-grid-50","mobile-grid-100","grid-parent","grid-33","no-featured-image-padding"],"acf":[],"yoast_head":"<!-- This site is optimized with the Yoast SEO plugin v27.5 - https:\/\/yoast.com\/product\/yoast-seo-wordpress\/ -->\n<title>Nax\u00e7\u0131van sakini: \u201cB\u0259s m\u0259nim ail\u0259m \u00e7\u00f6r\u0259k yem\u0259m\u0259lidir?!\u201d - MEYDAN.TV<\/title>\n<meta name=\"robots\" content=\"index, follow, max-snippet:-1, max-image-preview:large, max-video-preview:-1\" \/>\n<link rel=\"canonical\" href=\"https:\/\/www.meydan.tv\/az\/article\/naxcivan-sakini-bes-menim-ailem-corek-yememelidir\/\" \/>\n<meta property=\"og:locale\" content=\"az_AZ\" \/>\n<meta property=\"og:type\" content=\"article\" \/>\n<meta property=\"og:title\" content=\"Nax\u00e7\u0131van sakini: \u201cB\u0259s m\u0259nim ail\u0259m \u00e7\u00f6r\u0259k yem\u0259m\u0259lidir?!\u201d - MEYDAN.TV\" \/>\n<meta property=\"og:description\" content=\"\u0130lqar Hac\u0131yev: \u201cNax\u00e7\u0131vanda polis m\u0259ni qanunsuz iki g\u00fcn saxlad\u0131, o ... Davam\u0131\" \/>\n<meta property=\"og:url\" content=\"https:\/\/www.meydan.tv\/az\/article\/naxcivan-sakini-bes-menim-ailem-corek-yememelidir\/\" \/>\n<meta property=\"og:site_name\" content=\"MEYDAN.TV\" \/>\n<meta property=\"article:published_time\" content=\"2023-02-25T14:45:29+00:00\" \/>\n<meta property=\"article:modified_time\" content=\"2023-02-25T21:02:49+00:00\" \/>\n<meta property=\"og:image\" content=\"https:\/\/www.meydan.tv\/wp-content\/uploads\/photo_2023-01-25_16-12-18.jpg\" \/>\n\t<meta property=\"og:image:width\" content=\"1200\" \/>\n\t<meta property=\"og:image:height\" content=\"663\" \/>\n\t<meta property=\"og:image:type\" content=\"image\/jpeg\" \/>\n<meta name=\"author\" content=\"meri\" \/>\n<meta name=\"twitter:card\" content=\"summary_large_image\" \/>\n<script type=\"application\/ld+json\" class=\"yoast-schema-graph\">{\"@context\":\"https:\\\/\\\/schema.org\",\"@graph\":[{\"@type\":\"Article\",\"@id\":\"https:\\\/\\\/www.meydan.tv\\\/az\\\/article\\\/naxcivan-sakini-bes-menim-ailem-corek-yememelidir\\\/#article\",\"isPartOf\":{\"@id\":\"https:\\\/\\\/www.meydan.tv\\\/az\\\/article\\\/naxcivan-sakini-bes-menim-ailem-corek-yememelidir\\\/\"},\"author\":{\"name\":\"meri\",\"@id\":\"https:\\\/\\\/www.meydan.tv\\\/az\\\/#\\\/schema\\\/person\\\/f5399057f0b7fa223fa6c9b7c3321968\"},\"headline\":\"Nax\u00e7\u0131van sakini: \u201cB\u0259s m\u0259nim ail\u0259m \u00e7\u00f6r\u0259k yem\u0259m\u0259lidir?!\u201d\",\"datePublished\":\"2023-02-25T14:45:29+00:00\",\"dateModified\":\"2023-02-25T21:02:49+00:00\",\"mainEntityOfPage\":{\"@id\":\"https:\\\/\\\/www.meydan.tv\\\/az\\\/article\\\/naxcivan-sakini-bes-menim-ailem-corek-yememelidir\\\/\"},\"wordCount\":836,\"publisher\":{\"@id\":\"https:\\\/\\\/www.meydan.tv\\\/az\\\/#organization\"},\"image\":{\"@id\":\"https:\\\/\\\/www.meydan.tv\\\/az\\\/article\\\/naxcivan-sakini-bes-menim-ailem-corek-yememelidir\\\/#primaryimage\"},\"thumbnailUrl\":\"https:\\\/\\\/www.meydan.tv\\\/wp-content\\\/uploads\\\/photo_2023-01-25_16-12-18.jpg\",\"articleSection\":[\"B\u00f6lg\u0259\",\"T\u00f6vsiy\u0259\",\"X\u0259b\u0259rl\u0259r\"],\"inLanguage\":\"az\"},{\"@type\":\"WebPage\",\"@id\":\"https:\\\/\\\/www.meydan.tv\\\/az\\\/article\\\/naxcivan-sakini-bes-menim-ailem-corek-yememelidir\\\/\",\"url\":\"https:\\\/\\\/www.meydan.tv\\\/az\\\/article\\\/naxcivan-sakini-bes-menim-ailem-corek-yememelidir\\\/\",\"name\":\"Nax\u00e7\u0131van sakini: \u201cB\u0259s m\u0259nim ail\u0259m \u00e7\u00f6r\u0259k yem\u0259m\u0259lidir?!\u201d - MEYDAN.TV\",\"isPartOf\":{\"@id\":\"https:\\\/\\\/www.meydan.tv\\\/az\\\/#website\"},\"primaryImageOfPage\":{\"@id\":\"https:\\\/\\\/www.meydan.tv\\\/az\\\/article\\\/naxcivan-sakini-bes-menim-ailem-corek-yememelidir\\\/#primaryimage\"},\"image\":{\"@id\":\"https:\\\/\\\/www.meydan.tv\\\/az\\\/article\\\/naxcivan-sakini-bes-menim-ailem-corek-yememelidir\\\/#primaryimage\"},\"thumbnailUrl\":\"https:\\\/\\\/www.meydan.tv\\\/wp-content\\\/uploads\\\/photo_2023-01-25_16-12-18.jpg\",\"datePublished\":\"2023-02-25T14:45:29+00:00\",\"dateModified\":\"2023-02-25T21:02:49+00:00\",\"breadcrumb\":{\"@id\":\"https:\\\/\\\/www.meydan.tv\\\/az\\\/article\\\/naxcivan-sakini-bes-menim-ailem-corek-yememelidir\\\/#breadcrumb\"},\"inLanguage\":\"az\",\"potentialAction\":[{\"@type\":\"ReadAction\",\"target\":[\"https:\\\/\\\/www.meydan.tv\\\/az\\\/article\\\/naxcivan-sakini-bes-menim-ailem-corek-yememelidir\\\/\"]}]},{\"@type\":\"ImageObject\",\"inLanguage\":\"az\",\"@id\":\"https:\\\/\\\/www.meydan.tv\\\/az\\\/article\\\/naxcivan-sakini-bes-menim-ailem-corek-yememelidir\\\/#primaryimage\",\"url\":\"https:\\\/\\\/www.meydan.tv\\\/wp-content\\\/uploads\\\/photo_2023-01-25_16-12-18.jpg\",\"contentUrl\":\"https:\\\/\\\/www.meydan.tv\\\/wp-content\\\/uploads\\\/photo_2023-01-25_16-12-18.jpg\",\"width\":1200,\"height\":663,\"caption\":\"Nax\u00e7\u0131van. Foto: Meydan TV\"},{\"@type\":\"BreadcrumbList\",\"@id\":\"https:\\\/\\\/www.meydan.tv\\\/az\\\/article\\\/naxcivan-sakini-bes-menim-ailem-corek-yememelidir\\\/#breadcrumb\",\"itemListElement\":[{\"@type\":\"ListItem\",\"position\":1,\"name\":\"Ana s\u0259hif\u0259\",\"item\":\"https:\\\/\\\/www.meydan.tv\\\/az\\\/\"},{\"@type\":\"ListItem\",\"position\":2,\"name\":\"X\u0259b\u0259rl\u0259r\",\"item\":\"https:\\\/\\\/www.meydan.tv\\\/az\\\/section\\\/xeberler\\\/\"},{\"@type\":\"ListItem\",\"position\":3,\"name\":\"Nax\u00e7\u0131van sakini: \u201cB\u0259s m\u0259nim ail\u0259m \u00e7\u00f6r\u0259k yem\u0259m\u0259lidir?!\u201d\"}]},{\"@type\":\"WebSite\",\"@id\":\"https:\\\/\\\/www.meydan.tv\\\/az\\\/#website\",\"url\":\"https:\\\/\\\/www.meydan.tv\\\/az\\\/\",\"name\":\"MEYDAN.TV\",\"description\":\"Meydan TV Az\u0259rbaycan\u0131n media m\u0259kan\u0131ndak\u0131 alternativ s\u0259sidir\",\"publisher\":{\"@id\":\"https:\\\/\\\/www.meydan.tv\\\/az\\\/#organization\"},\"potentialAction\":[{\"@type\":\"SearchAction\",\"target\":{\"@type\":\"EntryPoint\",\"urlTemplate\":\"https:\\\/\\\/www.meydan.tv\\\/az\\\/?s={search_term_string}\"},\"query-input\":{\"@type\":\"PropertyValueSpecification\",\"valueRequired\":true,\"valueName\":\"search_term_string\"}}],\"inLanguage\":\"az\"},{\"@type\":\"Organization\",\"@id\":\"https:\\\/\\\/www.meydan.tv\\\/az\\\/#organization\",\"name\":\"Meydan TV\",\"url\":\"https:\\\/\\\/www.meydan.tv\\\/az\\\/\",\"logo\":{\"@type\":\"ImageObject\",\"inLanguage\":\"az\",\"@id\":\"https:\\\/\\\/www.meydan.tv\\\/az\\\/#\\\/schema\\\/logo\\\/image\\\/\",\"url\":\"https:\\\/\\\/www.meydan.tv\\\/wp-content\\\/uploads\\\/2021\\\/07\\\/meydan-logo.svg\",\"contentUrl\":\"https:\\\/\\\/www.meydan.tv\\\/wp-content\\\/uploads\\\/2021\\\/07\\\/meydan-logo.svg\",\"width\":195,\"height\":46,\"caption\":\"Meydan TV\"},\"image\":{\"@id\":\"https:\\\/\\\/www.meydan.tv\\\/az\\\/#\\\/schema\\\/logo\\\/image\\\/\"}},{\"@type\":\"Person\",\"@id\":\"https:\\\/\\\/www.meydan.tv\\\/az\\\/#\\\/schema\\\/person\\\/f5399057f0b7fa223fa6c9b7c3321968\",\"name\":\"meri\"}]}<\/script>\n<!-- \/ Yoast SEO plugin. -->","yoast_head_json":{"title":"Nax\u00e7\u0131van sakini: \u201cB\u0259s m\u0259nim ail\u0259m \u00e7\u00f6r\u0259k yem\u0259m\u0259lidir?!\u201d - MEYDAN.TV","robots":{"index":"index","follow":"follow","max-snippet":"max-snippet:-1","max-image-preview":"max-image-preview:large","max-video-preview":"max-video-preview:-1"},"canonical":"https:\/\/www.meydan.tv\/az\/article\/naxcivan-sakini-bes-menim-ailem-corek-yememelidir\/","og_locale":"az_AZ","og_type":"article","og_title":"Nax\u00e7\u0131van sakini: \u201cB\u0259s m\u0259nim ail\u0259m \u00e7\u00f6r\u0259k yem\u0259m\u0259lidir?!\u201d - MEYDAN.TV","og_description":"\u0130lqar Hac\u0131yev: \u201cNax\u00e7\u0131vanda polis m\u0259ni qanunsuz iki g\u00fcn saxlad\u0131, o ... Davam\u0131","og_url":"https:\/\/www.meydan.tv\/az\/article\/naxcivan-sakini-bes-menim-ailem-corek-yememelidir\/","og_site_name":"MEYDAN.TV","article_published_time":"2023-02-25T14:45:29+00:00","article_modified_time":"2023-02-25T21:02:49+00:00","og_image":[{"width":1200,"height":663,"url":"https:\/\/www.meydan.tv\/wp-content\/uploads\/photo_2023-01-25_16-12-18.jpg","type":"image\/jpeg"}],"author":"meri","twitter_card":"summary_large_image","schema":{"@context":"https:\/\/schema.org","@graph":[{"@type":"Article","@id":"https:\/\/www.meydan.tv\/az\/article\/naxcivan-sakini-bes-menim-ailem-corek-yememelidir\/#article","isPartOf":{"@id":"https:\/\/www.meydan.tv\/az\/article\/naxcivan-sakini-bes-menim-ailem-corek-yememelidir\/"},"author":{"name":"meri","@id":"https:\/\/www.meydan.tv\/az\/#\/schema\/person\/f5399057f0b7fa223fa6c9b7c3321968"},"headline":"Nax\u00e7\u0131van sakini: \u201cB\u0259s m\u0259nim ail\u0259m \u00e7\u00f6r\u0259k yem\u0259m\u0259lidir?!\u201d","datePublished":"2023-02-25T14:45:29+00:00","dateModified":"2023-02-25T21:02:49+00:00","mainEntityOfPage":{"@id":"https:\/\/www.meydan.tv\/az\/article\/naxcivan-sakini-bes-menim-ailem-corek-yememelidir\/"},"wordCount":836,"publisher":{"@id":"https:\/\/www.meydan.tv\/az\/#organization"},"image":{"@id":"https:\/\/www.meydan.tv\/az\/article\/naxcivan-sakini-bes-menim-ailem-corek-yememelidir\/#primaryimage"},"thumbnailUrl":"https:\/\/www.meydan.tv\/wp-content\/uploads\/photo_2023-01-25_16-12-18.jpg","articleSection":["B\u00f6lg\u0259","T\u00f6vsiy\u0259","X\u0259b\u0259rl\u0259r"],"inLanguage":"az"},{"@type":"WebPage","@id":"https:\/\/www.meydan.tv\/az\/article\/naxcivan-sakini-bes-menim-ailem-corek-yememelidir\/","url":"https:\/\/www.meydan.tv\/az\/article\/naxcivan-sakini-bes-menim-ailem-corek-yememelidir\/","name":"Nax\u00e7\u0131van sakini: \u201cB\u0259s m\u0259nim ail\u0259m \u00e7\u00f6r\u0259k yem\u0259m\u0259lidir?!\u201d - MEYDAN.TV","isPartOf":{"@id":"https:\/\/www.meydan.tv\/az\/#website"},"primaryImageOfPage":{"@id":"https:\/\/www.meydan.tv\/az\/article\/naxcivan-sakini-bes-menim-ailem-corek-yememelidir\/#primaryimage"},"image":{"@id":"https:\/\/www.meydan.tv\/az\/article\/naxcivan-sakini-bes-menim-ailem-corek-yememelidir\/#primaryimage"},"thumbnailUrl":"https:\/\/www.meydan.tv\/wp-content\/uploads\/photo_2023-01-25_16-12-18.jpg","datePublished":"2023-02-25T14:45:29+00:00","dateModified":"2023-02-25T21:02:49+00:00","breadcrumb":{"@id":"https:\/\/www.meydan.tv\/az\/article\/naxcivan-sakini-bes-menim-ailem-corek-yememelidir\/#breadcrumb"},"inLanguage":"az","potentialAction":[{"@type":"ReadAction","target":["https:\/\/www.meydan.tv\/az\/article\/naxcivan-sakini-bes-menim-ailem-corek-yememelidir\/"]}]},{"@type":"ImageObject","inLanguage":"az","@id":"https:\/\/www.meydan.tv\/az\/article\/naxcivan-sakini-bes-menim-ailem-corek-yememelidir\/#primaryimage","url":"https:\/\/www.meydan.tv\/wp-content\/uploads\/photo_2023-01-25_16-12-18.jpg","contentUrl":"https:\/\/www.meydan.tv\/wp-content\/uploads\/photo_2023-01-25_16-12-18.jpg","width":1200,"height":663,"caption":"Nax\u00e7\u0131van. Foto: Meydan TV"},{"@type":"BreadcrumbList","@id":"https:\/\/www.meydan.tv\/az\/article\/naxcivan-sakini-bes-menim-ailem-corek-yememelidir\/#breadcrumb","itemListElement":[{"@type":"ListItem","position":1,"name":"Ana s\u0259hif\u0259","item":"https:\/\/www.meydan.tv\/az\/"},{"@type":"ListItem","position":2,"name":"X\u0259b\u0259rl\u0259r","item":"https:\/\/www.meydan.tv\/az\/section\/xeberler\/"},{"@type":"ListItem","position":3,"name":"Nax\u00e7\u0131van sakini: \u201cB\u0259s m\u0259nim ail\u0259m \u00e7\u00f6r\u0259k yem\u0259m\u0259lidir?!\u201d"}]},{"@type":"WebSite","@id":"https:\/\/www.meydan.tv\/az\/#website","url":"https:\/\/www.meydan.tv\/az\/","name":"MEYDAN.TV","description":"Meydan TV Az\u0259rbaycan\u0131n media m\u0259kan\u0131ndak\u0131 alternativ s\u0259sidir","publisher":{"@id":"https:\/\/www.meydan.tv\/az\/#organization"},"potentialAction":[{"@type":"SearchAction","target":{"@type":"EntryPoint","urlTemplate":"https:\/\/www.meydan.tv\/az\/?s={search_term_string}"},"query-input":{"@type":"PropertyValueSpecification","valueRequired":true,"valueName":"search_term_string"}}],"inLanguage":"az"},{"@type":"Organization","@id":"https:\/\/www.meydan.tv\/az\/#organization","name":"Meydan TV","url":"https:\/\/www.meydan.tv\/az\/","logo":{"@type":"ImageObject","inLanguage":"az","@id":"https:\/\/www.meydan.tv\/az\/#\/schema\/logo\/image\/","url":"https:\/\/www.meydan.tv\/wp-content\/uploads\/2021\/07\/meydan-logo.svg","contentUrl":"https:\/\/www.meydan.tv\/wp-content\/uploads\/2021\/07\/meydan-logo.svg","width":195,"height":46,"caption":"Meydan TV"},"image":{"@id":"https:\/\/www.meydan.tv\/az\/#\/schema\/logo\/image\/"}},{"@type":"Person","@id":"https:\/\/www.meydan.tv\/az\/#\/schema\/person\/f5399057f0b7fa223fa6c9b7c3321968","name":"meri"}]}},"_links":{"self":[{"href":"https:\/\/www.meydan.tv\/az\/wp-json\/wp\/v2\/posts\/269335","targetHints":{"allow":["GET"]}}],"collection":[{"href":"https:\/\/www.meydan.tv\/az\/wp-json\/wp\/v2\/posts"}],"about":[{"href":"https:\/\/www.meydan.tv\/az\/wp-json\/wp\/v2\/types\/post"}],"author":[{"embeddable":true,"href":"https:\/\/www.meydan.tv\/az\/wp-json\/wp\/v2\/users\/13"}],"replies":[{"embeddable":true,"href":"https:\/\/www.meydan.tv\/az\/wp-json\/wp\/v2\/comments?post=269335"}],"version-history":[{"count":1,"href":"https:\/\/www.meydan.tv\/az\/wp-json\/wp\/v2\/posts\/269335\/revisions"}],"predecessor-version":[{"id":269336,"href":"https:\/\/www.meydan.tv\/az\/wp-json\/wp\/v2\/posts\/269335\/revisions\/269336"}],"wp:featuredmedia":[{"embeddable":true,"href":"https:\/\/www.meydan.tv\/az\/wp-json\/wp\/v2\/media\/266643"}],"wp:attachment":[{"href":"https:\/\/www.meydan.tv\/az\/wp-json\/wp\/v2\/media?parent=269335"}],"wp:term":[{"taxonomy":"category","embeddable":true,"href":"https:\/\/www.meydan.tv\/az\/wp-json\/wp\/v2\/categories?post=269335"},{"taxonomy":"post_tag","embeddable":true,"href":"https:\/\/www.meydan.tv\/az\/wp-json\/wp\/v2\/tags?post=269335"}],"curies":[{"name":"wp","href":"https:\/\/api.w.org\/{rel}","templated":true}]}}