{"id":269261,"date":"2023-02-24T15:29:04","date_gmt":"2023-02-24T11:29:04","guid":{"rendered":"https:\/\/www.meydan.tv\/?p=269261"},"modified":"2023-02-24T21:40:40","modified_gmt":"2023-02-24T17:40:40","slug":"qarabag-qazisi-belediyye-sedrinden-sikayetcidir","status":"publish","type":"post","link":"https:\/\/www.meydan.tv\/az\/article\/qarabag-qazisi-belediyye-sedrinden-sikayetcidir\/","title":{"rendered":"Qaraba\u011f qazisi b\u0259l\u0259diyy\u0259 s\u0259drind\u0259n \u015fikay\u0259t\u00e7idir"},"content":{"rendered":"\n<p><\/p>\n\n\n\n<p><em>\u201c\u0130cra ba\u015f\u00e7\u0131s\u0131 tap\u015f\u0131rsa da, m\u0259n\u0259 torpaq vermir\u201d<\/em><\/p>\n\n\n\n<p>Sabirabad\u0131n Moranl\u0131 k\u0259nd sakini, \u0130kinci Qaraba\u011f m\u00fcharib\u0259si d\u00f6y\u00fc\u015f\u00e7\u00fcs\u00fc Elnur H\u00fcseynzad\u0259 k\u0259ndin b\u0259l\u0259diyy\u0259 s\u0259dri Ad\u0259m Mansurludan \u015fikay\u0259t\u00e7idir.<\/p>\n\n\n\n<p>Deyir ki, 2021-ci ild\u0259 rayonun icra ba\u015f\u00e7\u0131s\u0131 il\u0259 g\u00f6r\u00fc\u015f\u0259r\u0259k ona torpaq sah\u0259sinin ayr\u0131lmas\u0131 il\u0259 \u0259laq\u0259dar m\u00fcraci\u0259t edib.<\/p>\n\n\n\n<p>\u0130cra ba\u015f\u00e7\u0131s\u0131 da onun t\u0259klifini m\u00fcsb\u0259t cavabland\u0131raraq, Moranl\u0131 k\u0259nd b\u0259l\u0259diyy\u0259 s\u0259dri Ad\u0259m Mansurova&nbsp; d\u00f6y\u00fc\u015f\u00e7\u00fcn\u00fcn torpaq sah\u0259si il\u0259 t\u0259min olunmas\u0131 il\u0259 \u0259laq\u0259dar tap\u015f\u0131r\u0131q verib.<\/p>\n\n\n\n<p>\u00dcz\u0259rind\u0259n ilyar\u0131m ke\u00e7s\u0259 d\u0259, Elnur H\u00fcseynzad\u0259 h\u0259l\u0259 d\u0259 torpaq sah\u0259si il\u0259 t\u0259min olunmay\u0131b:<\/p>\n\n\n\n<p>\u201c2021-ci ilin yay\u0131nda icra ba\u015f\u00e7\u0131s\u0131 Siraq\u0259ddin Cabbarovun q\u0259bulunda oldum. M\u00fcraci\u0259tim \u0259kin vaxt\u0131na d\u00fc\u015fd\u00fcy\u00fc \u00fc\u00e7\u00fcn Ad\u0259m Mansurov dedi ki, bo\u015f yer yoxdur, ham\u0131s\u0131 \u0259kilib. M\u0259n\u0259 g\u00f6zl\u0259m\u0259yi t\u00f6vsiy\u0259 etdi. Bildirdi ki, uza\u011f\u0131, iyirmi g\u00fcn\u0259 \u0259kin sah\u0259l\u0259ri bo\u015falmal\u0131d\u0131r. Bundan sonra siz\u0259 torpaq veril\u0259c\u0259k. \u00dcz\u0259rind\u0259n ilyar\u0131m ke\u00e7ib, h\u0259l\u0259 d\u0259 torpaqla t\u0259min olunmam\u0131\u015fam\u201d.<\/p>\n\n\n\n<figure class=\"wp-block-image size-large is-resized\"><img decoding=\"async\" data-src=\"https:\/\/www.meydan.tv\/wp-content\/uploads\/image-19-644x821.png\" alt=\"\" class=\"wp-image-269262 lazyload\" width=\"475\" height=\"606\" src=\"data:image\/svg+xml;base64,PHN2ZyB3aWR0aD0iMSIgaGVpZ2h0PSIxIiB4bWxucz0iaHR0cDovL3d3dy53My5vcmcvMjAwMC9zdmciPjwvc3ZnPg==\" style=\"--smush-placeholder-width: 475px; --smush-placeholder-aspect-ratio: 475\/606;\" \/><\/figure>\n\n\n\n<p>Elnur H\u00fczeynzad\u0259 deyir ki, i\u015fsizdir.<\/p>\n\n\n\n<p>Topaq sah\u0259si al\u0131b, orada \u0259kin-bi\u00e7inl\u0259 m\u0259\u015f\u011ful olmaq ist\u0259yir:<\/p>\n\n\n\n<p>\u201cK\u0259ndd\u0259 i\u015f tapmaq \u00e7\u0259tindir. Torpaq olsa, \u00e7\u0259tin v\u0259ziyy\u0259td\u0259n \u00e7\u0131xaram. Ad\u0259m Mansurova d\u0259f\u0259l\u0259rl\u0259 yaz\u0131l\u0131 qaydada m\u0259ktub g\u00f6nd\u0259rmi\u015f\u0259m. \u201cBu g\u00fcn-sabah\u201d, &#8211; dey\u0259r\u0259k vaxt\u0131 uzad\u0131r. \u0130cra ba\u015f\u00e7\u0131s\u0131n\u0131n tap\u015f\u0131r\u0131\u011f\u0131na da m\u0259h\u0259l qoymur. Deyir ki, torpaq sah\u0259si n\u0259 zaman icar\u0259y\u0259 \u00e7\u0131xsa, onda m\u00fcmk\u00fcn olacaq. M\u0259nim d\u0259 iki-\u00fc\u00e7 min manat pul verib, torpaq alma\u011fa imkan\u0131m. Yen\u0259 d\u0259 kims\u0259 h\u0259min pulu ver\u0259c\u0259k, m\u0259n yen\u0259 d\u0259 k\u0259narada qalaca\u011fam\u201d.<\/p>\n\n\n\n<p>Sabirabad Rayon \u0130cra Hakimiyy\u0259tinin V\u0259t\u0259n m\u00fcharib\u0259si i\u015ftirak\u00e7\u0131lar\u0131 v\u0259 \u015f\u0259hid ail\u0259l\u0259ri il\u0259 i\u015fin t\u0259\u015fkili \u015f\u00f6b\u0259sinin m\u00fcdiri M\u00fcsl\u00fcm Rzayev Meydan TV-y\u0259 bildirib ki, veteran v\u0259 \u015f\u0259hid ail\u0259l\u0259ri torpaqla t\u0259min olunublar:<\/p>\n\n\n\n<p>\u201cM\u00fcharib\u0259 i\u015ftirak\u00e7\u0131lar\u0131 is\u0259 siyah\u0131la\u015fd\u0131r\u0131l\u0131b. Onlar\u0131n torpaqla t\u0259min olunmas\u0131 il\u0259 \u0259laq\u0259dar q\u0259rar q\u0259bul edilib. M\u00fcharib\u0259 i\u015ftirak\u00e7\u0131lar\u0131n\u0131n ham\u0131s\u0131 torpaqla t\u0259min olunacaqlar. Sad\u0259c\u0259, bizd\u0259n as\u0131l\u0131 olmayan m\u0259s\u0259l\u0259l\u0259r vard\u0131. H\u0259ll etmi\u015fik, daxili imkanlar hesab\u0131na ham\u0131n\u0131 torpaqla t\u0259min ed\u0259c\u0259yik\u201d.<\/p>\n\n\n\n<figure class=\"wp-block-image size-large is-resized\"><img decoding=\"async\" data-src=\"https:\/\/www.meydan.tv\/wp-content\/uploads\/image-20-1095x821.png\" alt=\"\" class=\"wp-image-269265 lazyload\" width=\"758\" height=\"567\" src=\"data:image\/svg+xml;base64,PHN2ZyB3aWR0aD0iMSIgaGVpZ2h0PSIxIiB4bWxucz0iaHR0cDovL3d3dy53My5vcmcvMjAwMC9zdmciPjwvc3ZnPg==\" style=\"--smush-placeholder-width: 758px; --smush-placeholder-aspect-ratio: 758\/567;\" \/><\/figure>\n\n\n\n<p>Qaraba\u011f Qazil\u0259r Birliyinin m\u0259tbuat xidm\u0259tinin r\u0259hb\u0259ri Rey K\u0259rimo\u011flu bir m\u00fcdd\u0259t \u0259vv\u0259l Meydan TV-y\u0259 demi\u015fdi ki, b\u00f6lg\u0259l\u0259rd\u0259 n\u0259inki d\u00f6y\u00fc\u015f\u00e7\u00fcl\u0259r, h\u0259tta \u015f\u0259hid ail\u0259l\u0259ri v\u0259 \u0130kinci Qaraba\u011f m\u00fcharib\u0259si \u0259lill\u0259rinin probleml\u0259rin\u0259 bax\u0131lm\u0131r:<\/p>\n\n\n\n<p>\u201cPrezident \u0130lham \u018fliyevin tap\u015f\u0131r\u0131\u011f\u0131 var ki, \u0130kinci Qaraba\u011f m\u00fcharib\u0259sind\u0259 \u015f\u0259hid olanlar\u0131n ail\u0259l\u0259ri, \u0259lill\u0259r v\u0259 veteranlara x\u00fcsusi qay\u011f\u0131, diqq\u0259t g\u00f6st\u0259rilsin. \u018fks\u0259r rayon icra hakimiyy\u0259tl\u0259ri \u015f\u0259hid ail\u0259l\u0259ri, veteran v\u0259 Qaraba\u011f \u0259lill\u0259rinin m\u00fcraci\u0259tl\u0259rin\u0259 m\u0259h\u0259l qoymur. Bax\u0131rsan ki, hans\u0131sa rayonda m\u0259murun, ya da icra ba\u015f\u00e7\u0131s\u0131n\u0131n \u00fc\u00e7 min-be\u015f min hektar torpa\u011f\u0131 var. D\u0259d\u0259sinin deyil, d\u00f6vl\u0259tin torpa\u011f\u0131d\u0131r. Torpaqlar\u0131n ham\u0131s\u0131n\u0131 qanunsuz yollarla m\u0259nims\u0259yibl\u0259r. Deyirs\u0259n ki, qaziy\u0259 on hektar torpaq ver, vermir. \u018fks\u0259r rayonlarda bu problem var. H\u0259rbi qulluq\u00e7u, veteranlara torpaq v\u0259 ya m\u0259nzil verilm\u0259lidir. He\u00e7 birin\u0259 <a href=\"https:\/\/storage.googleapis.com\/qurium\/www.meydan.tv\/az-article-qazi-icra-hakimiyyetinden-sikayetcidir-dediler-ki-torpaq-senin-haqqin-deyil.html\">verilm\u0259yib<\/a>\u201d.<\/p>\n\n\n\n<p>Rey K\u0259rimo\u011flu h\u0259m\u00e7inin bildirmi\u015fdi ki, Qaraba\u011f Qazil\u0259r Birliyi m\u00fcharib\u0259 i\u015ftirak\u00e7\u0131lar\u0131n\u0131n sosial v\u0259ziyy\u0259tini yax\u015f\u0131la\u015fd\u0131rmaq m\u0259qs\u0259dil\u0259 proqram haz\u0131rlay\u0131b:<\/p>\n\n\n\n<p>\u201cQaraba\u011f Qazil\u0259ri \u0130ctimai Birliyi olaraq on yeddi t\u0259klif g\u00f6nd\u0259rmi\u015fik. T\u0259klifl\u0259rd\u0259n biri d\u0259 odur ki, k\u0259nd t\u0259s\u0259rr\u00fcffat\u0131 rayonlar\u0131nda \u015f\u0259hid ail\u0259l\u0259ri, veteranlar, qazil\u0259r \u00fc\u00e7\u00fcn torpaq sah\u0259si ayr\u0131ls\u0131n v\u0259 onlara \u015f\u0259raiti yarad\u0131ls\u0131n. \u0130cra hakimiyy\u0259tl\u0259rind\u0259 yarad\u0131lm\u0131\u015f V\u0259t\u0259n m\u00fcharib\u0259si i\u015ftirak\u00e7\u0131lar\u0131 v\u0259 \u015f\u0259hid ail\u0259l\u0259ri il\u0259 i\u015fin t\u0259\u015fkili \u015f\u00f6b\u0259l\u0259rinin b\u0259zil\u0259ri he\u00e7 bir i\u015f g\u00f6rm\u00fcrl\u0259r. Yaxud da qazinin birin\u0259 yard\u0131m edirl\u0259r, \u0259llisi k\u0259narda qal\u0131r\u201d.<\/p>\n\n\n\n<p>2020-ci ilin sentyabr\u0131nda Az\u0259rbaycan v\u0259 Erm\u0259nistan silahl\u0131 q\u00fcvv\u0259l\u0259ri aras\u0131nda qar\u015f\u0131durma ba\u015flay\u0131b.<\/p>\n\n\n\n<p>\u00dcmumilikd\u0259 44 g\u00fcn s\u00fcr\u0259n v\u0259 \u0130kinci Qaraba\u011f m\u00fcharib\u0259si adland\u0131r\u0131lan m\u00fcnaqi\u015f\u0259d\u0259 h\u0259r iki t\u0259r\u0259fd\u0259n 6 mind\u0259n art\u0131q h\u0259rb\u00e7i h\u0259lak olub.<\/p>\n\n\n\n<p>Az\u0259rbaycan Da\u011fl\u0131q Qaraba\u011f b\u00f6lg\u0259sinin bir hiss\u0259sin\u0259 v\u0259 \u0259traf 7 rayona n\u0259zar\u0259ti b\u0259rpa edib.<\/p>\n\n\n\n<p>H\u0259min ilin 10 noyabr b\u0259yanat\u0131na (Az\u0259rbaycan, Erm\u0259nistan v\u0259 Rusiya aras\u0131nda imzalan\u0131b) \u0259sas\u0259n, d\u00f6y\u00fc\u015fl\u0259r dayand\u0131r\u0131l\u0131b.<\/p>\n\n\n\n<p>Bundan sonra La\u00e7\u0131n d\u0259hlizind\u0259 v\u0259 Qaraba\u011fda Rusiya s\u00fclhm\u0259raml\u0131lar\u0131 yerl\u0259\u015fdirilib.<\/p>\n\n\n\n<p>\u0130kinci Qaraba\u011f m\u00fcharib\u0259sind\u0259n \u00f6nc\u0259, 1994-c\u00fc ild\u0259 ger\u00e7\u0259kl\u0259\u015f\u0259n at\u0259\u015fk\u0259s raz\u0131la\u015fmas\u0131na q\u0259d\u0259r Az\u0259rbaycan\u0131n Da\u011fl\u0131q Qaraba\u011f b\u00f6lg\u0259si v\u0259 ona biti\u015fik 7 rayonu i\u015f\u011fal edilib.<\/p>\n\n\n\n<p>M\u00fcnaqi\u015f\u0259 SSR\u0130 d\u00f6n\u0259mind\u0259n Erm\u0259nistan\u0131n Az\u0259rbaycana qar\u015f\u0131 \u0259razi iddialar\u0131 il\u0259 ba\u015flay\u0131b.<\/p>\n","protected":false},"excerpt":{"rendered":"<p>\u201c\u0130cra ba\u015f\u00e7\u0131s\u0131 tap\u015f\u0131rsa da, m\u0259n\u0259 torpaq vermir\u201d Sabirabad\u0131n Moranl\u0131 k\u0259nd &#8230; <\/p>\n<p class=\"read-more-container\"><a title=\"Qaraba\u011f qazisi b\u0259l\u0259diyy\u0259 s\u0259drind\u0259n \u015fikay\u0259t\u00e7idir\" class=\"read-more button\" href=\"https:\/\/www.meydan.tv\/az\/article\/qarabag-qazisi-belediyye-sedrinden-sikayetcidir\/#more-269261\" aria-label=\"Read more about Qaraba\u011f qazisi b\u0259l\u0259diyy\u0259 s\u0259drind\u0259n \u015fikay\u0259t\u00e7idir\">Davam\u0131<\/a><\/p>\n","protected":false},"author":18,"featured_media":269269,"comment_status":"closed","ping_status":"closed","sticky":false,"template":"","format":"standard","meta":{"_acf_changed":false,"_sitemap_exclude":false,"_sitemap_priority":"","_sitemap_frequency":"","footnotes":""},"categories":[60,56],"tags":[],"class_list":["post-269261","post","type-post","status-publish","format-standard","has-post-thumbnail","hentry","category-bolge","category-xeberler","infinite-scroll-item","generate-columns","tablet-grid-50","mobile-grid-100","grid-parent","grid-33","no-featured-image-padding"],"acf":[],"yoast_head":"<!-- This site is optimized with the Yoast SEO plugin v27.5 - https:\/\/yoast.com\/product\/yoast-seo-wordpress\/ -->\n<title>Qaraba\u011f qazisi b\u0259l\u0259diyy\u0259 s\u0259drind\u0259n \u015fikay\u0259t\u00e7idir - MEYDAN.TV<\/title>\n<meta name=\"robots\" content=\"index, follow, max-snippet:-1, max-image-preview:large, max-video-preview:-1\" \/>\n<link rel=\"canonical\" href=\"https:\/\/www.meydan.tv\/az\/article\/qarabag-qazisi-belediyye-sedrinden-sikayetcidir\/\" \/>\n<meta property=\"og:locale\" content=\"az_AZ\" \/>\n<meta property=\"og:type\" content=\"article\" \/>\n<meta property=\"og:title\" content=\"Qaraba\u011f qazisi b\u0259l\u0259diyy\u0259 s\u0259drind\u0259n \u015fikay\u0259t\u00e7idir - MEYDAN.TV\" \/>\n<meta property=\"og:description\" content=\"\u201c\u0130cra ba\u015f\u00e7\u0131s\u0131 tap\u015f\u0131rsa da, m\u0259n\u0259 torpaq vermir\u201d Sabirabad\u0131n Moranl\u0131 k\u0259nd ... Davam\u0131\" \/>\n<meta property=\"og:url\" content=\"https:\/\/www.meydan.tv\/az\/article\/qarabag-qazisi-belediyye-sedrinden-sikayetcidir\/\" \/>\n<meta property=\"og:site_name\" content=\"MEYDAN.TV\" \/>\n<meta property=\"article:published_time\" content=\"2023-02-24T11:29:04+00:00\" \/>\n<meta property=\"article:modified_time\" content=\"2023-02-24T17:40:40+00:00\" \/>\n<meta property=\"og:image\" content=\"https:\/\/www.meydan.tv\/wp-content\/uploads\/my-project-1.jpg\" \/>\n\t<meta property=\"og:image:width\" content=\"1080\" \/>\n\t<meta property=\"og:image:height\" content=\"566\" \/>\n\t<meta property=\"og:image:type\" content=\"image\/jpeg\" \/>\n<meta name=\"author\" content=\"miron\" \/>\n<meta name=\"twitter:card\" content=\"summary_large_image\" \/>\n<script type=\"application\/ld+json\" class=\"yoast-schema-graph\">{\"@context\":\"https:\\\/\\\/schema.org\",\"@graph\":[{\"@type\":\"Article\",\"@id\":\"https:\\\/\\\/www.meydan.tv\\\/az\\\/article\\\/qarabag-qazisi-belediyye-sedrinden-sikayetcidir\\\/#article\",\"isPartOf\":{\"@id\":\"https:\\\/\\\/www.meydan.tv\\\/az\\\/article\\\/qarabag-qazisi-belediyye-sedrinden-sikayetcidir\\\/\"},\"author\":{\"name\":\"miron\",\"@id\":\"https:\\\/\\\/www.meydan.tv\\\/az\\\/#\\\/schema\\\/person\\\/981b0b284aeaa9ad0cbf814cd4a9d67c\"},\"headline\":\"Qaraba\u011f qazisi b\u0259l\u0259diyy\u0259 s\u0259drind\u0259n \u015fikay\u0259t\u00e7idir\",\"datePublished\":\"2023-02-24T11:29:04+00:00\",\"dateModified\":\"2023-02-24T17:40:40+00:00\",\"mainEntityOfPage\":{\"@id\":\"https:\\\/\\\/www.meydan.tv\\\/az\\\/article\\\/qarabag-qazisi-belediyye-sedrinden-sikayetcidir\\\/\"},\"wordCount\":948,\"publisher\":{\"@id\":\"https:\\\/\\\/www.meydan.tv\\\/az\\\/#organization\"},\"image\":{\"@id\":\"https:\\\/\\\/www.meydan.tv\\\/az\\\/article\\\/qarabag-qazisi-belediyye-sedrinden-sikayetcidir\\\/#primaryimage\"},\"thumbnailUrl\":\"https:\\\/\\\/www.meydan.tv\\\/wp-content\\\/uploads\\\/my-project-1.jpg\",\"articleSection\":[\"B\u00f6lg\u0259\",\"X\u0259b\u0259rl\u0259r\"],\"inLanguage\":\"az\"},{\"@type\":\"WebPage\",\"@id\":\"https:\\\/\\\/www.meydan.tv\\\/az\\\/article\\\/qarabag-qazisi-belediyye-sedrinden-sikayetcidir\\\/\",\"url\":\"https:\\\/\\\/www.meydan.tv\\\/az\\\/article\\\/qarabag-qazisi-belediyye-sedrinden-sikayetcidir\\\/\",\"name\":\"Qaraba\u011f qazisi b\u0259l\u0259diyy\u0259 s\u0259drind\u0259n \u015fikay\u0259t\u00e7idir - MEYDAN.TV\",\"isPartOf\":{\"@id\":\"https:\\\/\\\/www.meydan.tv\\\/az\\\/#website\"},\"primaryImageOfPage\":{\"@id\":\"https:\\\/\\\/www.meydan.tv\\\/az\\\/article\\\/qarabag-qazisi-belediyye-sedrinden-sikayetcidir\\\/#primaryimage\"},\"image\":{\"@id\":\"https:\\\/\\\/www.meydan.tv\\\/az\\\/article\\\/qarabag-qazisi-belediyye-sedrinden-sikayetcidir\\\/#primaryimage\"},\"thumbnailUrl\":\"https:\\\/\\\/www.meydan.tv\\\/wp-content\\\/uploads\\\/my-project-1.jpg\",\"datePublished\":\"2023-02-24T11:29:04+00:00\",\"dateModified\":\"2023-02-24T17:40:40+00:00\",\"breadcrumb\":{\"@id\":\"https:\\\/\\\/www.meydan.tv\\\/az\\\/article\\\/qarabag-qazisi-belediyye-sedrinden-sikayetcidir\\\/#breadcrumb\"},\"inLanguage\":\"az\",\"potentialAction\":[{\"@type\":\"ReadAction\",\"target\":[\"https:\\\/\\\/www.meydan.tv\\\/az\\\/article\\\/qarabag-qazisi-belediyye-sedrinden-sikayetcidir\\\/\"]}]},{\"@type\":\"ImageObject\",\"inLanguage\":\"az\",\"@id\":\"https:\\\/\\\/www.meydan.tv\\\/az\\\/article\\\/qarabag-qazisi-belediyye-sedrinden-sikayetcidir\\\/#primaryimage\",\"url\":\"https:\\\/\\\/www.meydan.tv\\\/wp-content\\\/uploads\\\/my-project-1.jpg\",\"contentUrl\":\"https:\\\/\\\/www.meydan.tv\\\/wp-content\\\/uploads\\\/my-project-1.jpg\",\"width\":1080,\"height\":566},{\"@type\":\"BreadcrumbList\",\"@id\":\"https:\\\/\\\/www.meydan.tv\\\/az\\\/article\\\/qarabag-qazisi-belediyye-sedrinden-sikayetcidir\\\/#breadcrumb\",\"itemListElement\":[{\"@type\":\"ListItem\",\"position\":1,\"name\":\"Ana s\u0259hif\u0259\",\"item\":\"https:\\\/\\\/www.meydan.tv\\\/az\\\/\"},{\"@type\":\"ListItem\",\"position\":2,\"name\":\"X\u0259b\u0259rl\u0259r\",\"item\":\"https:\\\/\\\/www.meydan.tv\\\/az\\\/section\\\/xeberler\\\/\"},{\"@type\":\"ListItem\",\"position\":3,\"name\":\"Qaraba\u011f qazisi b\u0259l\u0259diyy\u0259 s\u0259drind\u0259n \u015fikay\u0259t\u00e7idir\"}]},{\"@type\":\"WebSite\",\"@id\":\"https:\\\/\\\/www.meydan.tv\\\/az\\\/#website\",\"url\":\"https:\\\/\\\/www.meydan.tv\\\/az\\\/\",\"name\":\"MEYDAN.TV\",\"description\":\"Meydan TV Az\u0259rbaycan\u0131n media m\u0259kan\u0131ndak\u0131 alternativ s\u0259sidir\",\"publisher\":{\"@id\":\"https:\\\/\\\/www.meydan.tv\\\/az\\\/#organization\"},\"potentialAction\":[{\"@type\":\"SearchAction\",\"target\":{\"@type\":\"EntryPoint\",\"urlTemplate\":\"https:\\\/\\\/www.meydan.tv\\\/az\\\/?s={search_term_string}\"},\"query-input\":{\"@type\":\"PropertyValueSpecification\",\"valueRequired\":true,\"valueName\":\"search_term_string\"}}],\"inLanguage\":\"az\"},{\"@type\":\"Organization\",\"@id\":\"https:\\\/\\\/www.meydan.tv\\\/az\\\/#organization\",\"name\":\"Meydan TV\",\"url\":\"https:\\\/\\\/www.meydan.tv\\\/az\\\/\",\"logo\":{\"@type\":\"ImageObject\",\"inLanguage\":\"az\",\"@id\":\"https:\\\/\\\/www.meydan.tv\\\/az\\\/#\\\/schema\\\/logo\\\/image\\\/\",\"url\":\"https:\\\/\\\/www.meydan.tv\\\/wp-content\\\/uploads\\\/2021\\\/07\\\/meydan-logo.svg\",\"contentUrl\":\"https:\\\/\\\/www.meydan.tv\\\/wp-content\\\/uploads\\\/2021\\\/07\\\/meydan-logo.svg\",\"width\":195,\"height\":46,\"caption\":\"Meydan TV\"},\"image\":{\"@id\":\"https:\\\/\\\/www.meydan.tv\\\/az\\\/#\\\/schema\\\/logo\\\/image\\\/\"}},{\"@type\":\"Person\",\"@id\":\"https:\\\/\\\/www.meydan.tv\\\/az\\\/#\\\/schema\\\/person\\\/981b0b284aeaa9ad0cbf814cd4a9d67c\",\"name\":\"miron\"}]}<\/script>\n<!-- \/ Yoast SEO plugin. -->","yoast_head_json":{"title":"Qaraba\u011f qazisi b\u0259l\u0259diyy\u0259 s\u0259drind\u0259n \u015fikay\u0259t\u00e7idir - MEYDAN.TV","robots":{"index":"index","follow":"follow","max-snippet":"max-snippet:-1","max-image-preview":"max-image-preview:large","max-video-preview":"max-video-preview:-1"},"canonical":"https:\/\/www.meydan.tv\/az\/article\/qarabag-qazisi-belediyye-sedrinden-sikayetcidir\/","og_locale":"az_AZ","og_type":"article","og_title":"Qaraba\u011f qazisi b\u0259l\u0259diyy\u0259 s\u0259drind\u0259n \u015fikay\u0259t\u00e7idir - MEYDAN.TV","og_description":"\u201c\u0130cra ba\u015f\u00e7\u0131s\u0131 tap\u015f\u0131rsa da, m\u0259n\u0259 torpaq vermir\u201d Sabirabad\u0131n Moranl\u0131 k\u0259nd ... Davam\u0131","og_url":"https:\/\/www.meydan.tv\/az\/article\/qarabag-qazisi-belediyye-sedrinden-sikayetcidir\/","og_site_name":"MEYDAN.TV","article_published_time":"2023-02-24T11:29:04+00:00","article_modified_time":"2023-02-24T17:40:40+00:00","og_image":[{"width":1080,"height":566,"url":"https:\/\/www.meydan.tv\/wp-content\/uploads\/my-project-1.jpg","type":"image\/jpeg"}],"author":"miron","twitter_card":"summary_large_image","schema":{"@context":"https:\/\/schema.org","@graph":[{"@type":"Article","@id":"https:\/\/www.meydan.tv\/az\/article\/qarabag-qazisi-belediyye-sedrinden-sikayetcidir\/#article","isPartOf":{"@id":"https:\/\/www.meydan.tv\/az\/article\/qarabag-qazisi-belediyye-sedrinden-sikayetcidir\/"},"author":{"name":"miron","@id":"https:\/\/www.meydan.tv\/az\/#\/schema\/person\/981b0b284aeaa9ad0cbf814cd4a9d67c"},"headline":"Qaraba\u011f qazisi b\u0259l\u0259diyy\u0259 s\u0259drind\u0259n \u015fikay\u0259t\u00e7idir","datePublished":"2023-02-24T11:29:04+00:00","dateModified":"2023-02-24T17:40:40+00:00","mainEntityOfPage":{"@id":"https:\/\/www.meydan.tv\/az\/article\/qarabag-qazisi-belediyye-sedrinden-sikayetcidir\/"},"wordCount":948,"publisher":{"@id":"https:\/\/www.meydan.tv\/az\/#organization"},"image":{"@id":"https:\/\/www.meydan.tv\/az\/article\/qarabag-qazisi-belediyye-sedrinden-sikayetcidir\/#primaryimage"},"thumbnailUrl":"https:\/\/www.meydan.tv\/wp-content\/uploads\/my-project-1.jpg","articleSection":["B\u00f6lg\u0259","X\u0259b\u0259rl\u0259r"],"inLanguage":"az"},{"@type":"WebPage","@id":"https:\/\/www.meydan.tv\/az\/article\/qarabag-qazisi-belediyye-sedrinden-sikayetcidir\/","url":"https:\/\/www.meydan.tv\/az\/article\/qarabag-qazisi-belediyye-sedrinden-sikayetcidir\/","name":"Qaraba\u011f qazisi b\u0259l\u0259diyy\u0259 s\u0259drind\u0259n \u015fikay\u0259t\u00e7idir - MEYDAN.TV","isPartOf":{"@id":"https:\/\/www.meydan.tv\/az\/#website"},"primaryImageOfPage":{"@id":"https:\/\/www.meydan.tv\/az\/article\/qarabag-qazisi-belediyye-sedrinden-sikayetcidir\/#primaryimage"},"image":{"@id":"https:\/\/www.meydan.tv\/az\/article\/qarabag-qazisi-belediyye-sedrinden-sikayetcidir\/#primaryimage"},"thumbnailUrl":"https:\/\/www.meydan.tv\/wp-content\/uploads\/my-project-1.jpg","datePublished":"2023-02-24T11:29:04+00:00","dateModified":"2023-02-24T17:40:40+00:00","breadcrumb":{"@id":"https:\/\/www.meydan.tv\/az\/article\/qarabag-qazisi-belediyye-sedrinden-sikayetcidir\/#breadcrumb"},"inLanguage":"az","potentialAction":[{"@type":"ReadAction","target":["https:\/\/www.meydan.tv\/az\/article\/qarabag-qazisi-belediyye-sedrinden-sikayetcidir\/"]}]},{"@type":"ImageObject","inLanguage":"az","@id":"https:\/\/www.meydan.tv\/az\/article\/qarabag-qazisi-belediyye-sedrinden-sikayetcidir\/#primaryimage","url":"https:\/\/www.meydan.tv\/wp-content\/uploads\/my-project-1.jpg","contentUrl":"https:\/\/www.meydan.tv\/wp-content\/uploads\/my-project-1.jpg","width":1080,"height":566},{"@type":"BreadcrumbList","@id":"https:\/\/www.meydan.tv\/az\/article\/qarabag-qazisi-belediyye-sedrinden-sikayetcidir\/#breadcrumb","itemListElement":[{"@type":"ListItem","position":1,"name":"Ana s\u0259hif\u0259","item":"https:\/\/www.meydan.tv\/az\/"},{"@type":"ListItem","position":2,"name":"X\u0259b\u0259rl\u0259r","item":"https:\/\/www.meydan.tv\/az\/section\/xeberler\/"},{"@type":"ListItem","position":3,"name":"Qaraba\u011f qazisi b\u0259l\u0259diyy\u0259 s\u0259drind\u0259n \u015fikay\u0259t\u00e7idir"}]},{"@type":"WebSite","@id":"https:\/\/www.meydan.tv\/az\/#website","url":"https:\/\/www.meydan.tv\/az\/","name":"MEYDAN.TV","description":"Meydan TV Az\u0259rbaycan\u0131n media m\u0259kan\u0131ndak\u0131 alternativ s\u0259sidir","publisher":{"@id":"https:\/\/www.meydan.tv\/az\/#organization"},"potentialAction":[{"@type":"SearchAction","target":{"@type":"EntryPoint","urlTemplate":"https:\/\/www.meydan.tv\/az\/?s={search_term_string}"},"query-input":{"@type":"PropertyValueSpecification","valueRequired":true,"valueName":"search_term_string"}}],"inLanguage":"az"},{"@type":"Organization","@id":"https:\/\/www.meydan.tv\/az\/#organization","name":"Meydan TV","url":"https:\/\/www.meydan.tv\/az\/","logo":{"@type":"ImageObject","inLanguage":"az","@id":"https:\/\/www.meydan.tv\/az\/#\/schema\/logo\/image\/","url":"https:\/\/www.meydan.tv\/wp-content\/uploads\/2021\/07\/meydan-logo.svg","contentUrl":"https:\/\/www.meydan.tv\/wp-content\/uploads\/2021\/07\/meydan-logo.svg","width":195,"height":46,"caption":"Meydan TV"},"image":{"@id":"https:\/\/www.meydan.tv\/az\/#\/schema\/logo\/image\/"}},{"@type":"Person","@id":"https:\/\/www.meydan.tv\/az\/#\/schema\/person\/981b0b284aeaa9ad0cbf814cd4a9d67c","name":"miron"}]}},"_links":{"self":[{"href":"https:\/\/www.meydan.tv\/az\/wp-json\/wp\/v2\/posts\/269261","targetHints":{"allow":["GET"]}}],"collection":[{"href":"https:\/\/www.meydan.tv\/az\/wp-json\/wp\/v2\/posts"}],"about":[{"href":"https:\/\/www.meydan.tv\/az\/wp-json\/wp\/v2\/types\/post"}],"author":[{"embeddable":true,"href":"https:\/\/www.meydan.tv\/az\/wp-json\/wp\/v2\/users\/18"}],"replies":[{"embeddable":true,"href":"https:\/\/www.meydan.tv\/az\/wp-json\/wp\/v2\/comments?post=269261"}],"version-history":[{"count":2,"href":"https:\/\/www.meydan.tv\/az\/wp-json\/wp\/v2\/posts\/269261\/revisions"}],"predecessor-version":[{"id":269320,"href":"https:\/\/www.meydan.tv\/az\/wp-json\/wp\/v2\/posts\/269261\/revisions\/269320"}],"wp:featuredmedia":[{"embeddable":true,"href":"https:\/\/www.meydan.tv\/az\/wp-json\/wp\/v2\/media\/269269"}],"wp:attachment":[{"href":"https:\/\/www.meydan.tv\/az\/wp-json\/wp\/v2\/media?parent=269261"}],"wp:term":[{"taxonomy":"category","embeddable":true,"href":"https:\/\/www.meydan.tv\/az\/wp-json\/wp\/v2\/categories?post=269261"},{"taxonomy":"post_tag","embeddable":true,"href":"https:\/\/www.meydan.tv\/az\/wp-json\/wp\/v2\/tags?post=269261"}],"curies":[{"name":"wp","href":"https:\/\/api.w.org\/{rel}","templated":true}]}}