{"id":269219,"date":"2023-02-23T18:42:21","date_gmt":"2023-02-23T14:42:21","guid":{"rendered":"https:\/\/www.meydan.tv\/?p=269219"},"modified":"2023-02-23T18:42:22","modified_gmt":"2023-02-23T14:42:22","slug":"bextiyar-haciyevin-hebs-muddeti-daha-iki-ay-uzadildi","status":"publish","type":"post","link":"https:\/\/www.meydan.tv\/az\/article\/bextiyar-haciyevin-hebs-muddeti-daha-iki-ay-uzadildi\/","title":{"rendered":"B\u0259xtiyar Hac\u0131yevin h\u0259bs m\u00fcdd\u0259ti daha iki ay uzad\u0131ld\u0131"},"content":{"rendered":"\n<p><em>\u0130stintaq h\u0259r\u0259k\u0259tinin davam etdiyi bildirilir<\/em><\/p>\n\n\n\n<p>Yanvar\u0131n 9-dan h\u0259bsd\u0259 acl\u0131q ed\u0259n ictimai f\u0259al B\u0259xtiyar Hac\u0131yevin bar\u0259sind\u0259 istintaq d\u00f6vr\u00fc \u00fc\u00e7\u00fcn h\u0259bs q\u0259timkan t\u0259dbirinin m\u00fcdd\u0259ti daha iki ay uzad\u0131l\u0131b. Bu bar\u0259d\u0259 fevral\u0131n 23-d\u0259 X\u0259tai Rayon M\u0259hk\u0259m\u0259sind\u0259 q\u0259rar \u00e7\u0131xar\u0131l\u0131b.<\/p>\n\n\n\n<p>Qapal\u0131 ke\u00e7iril\u0259n m\u0259hk\u0259m\u0259 prosesi haqda Meydan TV-y\u0259 m\u0259lumat ver\u0259n v\u0259kil \u015e\u0259hla H\u00fcmb\u0259tova bildirib ki, m\u00fcst\u0259ntiq h\u0259bs m\u00fcdd\u0259tinin uzad\u0131lmas\u0131n\u0131 istintaq\u0131n ba\u015fa \u00e7atmamas\u0131yla \u0259sasland\u0131r\u0131b. O bildirib ki, h\u0259l\u0259lik istintaq h\u0259r\u0259k\u0259tl\u0259ri davam edir. M\u0259s\u0259l\u0259n, bug\u00fcnl\u0259rd\u0259 ekspertiza ke\u00e7irilib, h\u0259l\u0259lik onun n\u0259tic\u0259si m\u0259lum deyil.<\/p>\n\n\n\n<p>\u015e\u0259hla H\u00fcmb\u0259tova onu da bildirib ki, h\u0259bs m\u00fcdd\u0259tinin uzad\u0131lmas\u0131 haqda X\u0259tai Rayon M\u0259hk\u0259m\u0259sinin q\u0259rar\u0131ndan apelyasiya \u015fikay\u0259ti veril\u0259c\u0259k.<\/p>\n\n\n\n<p>Fevral\u0131n 22-d\u0259n ba\u015flayaraq, sosial \u015f\u0259b\u0259k\u0259l\u0259rd\u0259 m\u00fcxt\u0259lif ictimai siyasi f\u0259allar, siyas\u0259t\u00e7il\u0259r, m\u0259\u015fhur \u015f\u0259xsl\u0259rin analar\u0131 B\u0259xtiyar Hac\u0131yevin azadl\u0131\u011fa burax\u0131lmas\u0131 t\u0259l\u0259bil\u0259 m\u00fcraci\u0259t edibl\u0259r. Onlar\u0131n aras\u0131nda Milli Q\u0259hr\u0259man, general Polad H\u0259\u015fimovun anas\u0131 S\u0259may\u0259 H\u0259\u015fimova da var.<\/p>\n\n\n\n<p>Dekabr\u0131n 9-dan h\u0259bsd\u0259 olan B\u0259xtiyar Hac\u0131yev Cinay\u0259t M\u0259c\u0259ll\u0259sinin 221.2.2 (ictimai qaydan\u0131n qorunmas\u0131 \u00fczr\u0259 v\u0259zif\u0259ni yerin\u0259 yetir\u0259n \u015f\u0259xs\u0259 qar\u015f\u0131 m\u00fcqavim\u0259t g\u00f6st\u0259rm\u0259kl\u0259 xuliqanl\u0131q) v\u0259 289.1 (m\u0259hk\u0259m\u0259y\u0259 h\u00f6rm\u0259tsizlik) madd\u0259l\u0259ril\u0259 ittiham olunur. Bu madd\u0259l\u0259rd\u0259 3 il\u0259d\u0259k azadl\u0131qdan m\u0259hrumetm\u0259 c\u0259zas\u0131 n\u0259z\u0259rd\u0259 tutulub.<\/p>\n\n\n\n<p>B\u0259xtiyar Hac\u0131yev\u0259 qar\u015f\u0131 cinay\u0259t i\u015find\u0259 s\u00f6hb\u0259t ictimai f\u0259alla jurnalist \u00dclviyy\u0259 Alovlu aras\u0131nda qalmaqaldan gedir. B\u0259xtiyar Hac\u0131yev uzun m\u00fcdd\u0259tdir ki, polis\u0259 \u015fikay\u0259t ed\u0259r\u0259k, \u00dclviyy\u0259 Alovlunun cinay\u0259t m\u0259suliyy\u0259tin\u0259 c\u0259lb olunmas\u0131n\u0131 t\u0259l\u0259b edirdi.<\/p>\n\n\n\n<p>Bir m\u00fcdd\u0259t \u00f6nc\u0259 sosial \u015f\u0259b\u0259k\u0259l\u0259rd\u0259 Yasamal rayon M\u0259hk\u0259m\u0259sind\u0259 B\u0259xtiyar Hac\u0131yevl\u0259 \u00dclviyy\u0259 Alovlu aras\u0131nda m\u0259hk\u0259m\u0259 prosesi zaman\u0131 ba\u015f ver\u0259nl\u0259rin videog\u00f6r\u00fcnt\u00fcs\u00fc yay\u0131lm\u0131\u015fd\u0131. H\u0259min g\u00f6r\u00fcnt\u00fcl\u0259rd\u0259 B\u0259xtiyar Hac\u0131yev \u0259lind\u0259ki s\u0259n\u0259dl\u0259ri masan\u0131n \u00fcst\u00fcn\u0259 at\u0131r. \u0130ddia olunur ki, ictimai f\u0259al m\u0259hz buna g\u00f6r\u0259 xuliqanl\u0131q v\u0259 m\u0259hk\u0259m\u0259y\u0259 h\u00f6rm\u0259tsizlikd\u0259 ittiham edilir.<\/p>\n\n\n\n<p>Lakin B\u0259xtiyar Hac\u0131yev Daxili \u0130\u015fl\u0259r naziri Vilay\u0259t Eyvazovun sifari\u015fil\u0259 h\u0259bs olundu\u011funu iddia edir. O, zaman-zaman sosial media hesablar\u0131nda Vilay\u0259t Eyvazov v\u0259 nazirliyin f\u0259aliyy\u0259tini t\u0259nqid edirdi.<\/p>\n\n\n\n<p>\u0130ctimai f\u0259al 2022-ci ilin aprelind\u0259 nam\u0259lum \u015f\u0259xsl\u0259r t\u0259r\u0259find\u0259n paytaxt\u0131n m\u0259rk\u0259zind\u0259 o\u011furlanaraq, zorak\u0131l\u0131\u011fa m\u0259ruz qald\u0131\u011f\u0131n\u0131 bildirib.<\/p>\n\n\n\n<p>Faktla ba\u011fl\u0131 cinay\u0259t i\u015fi ba\u015flansa da, bu g\u00fcn\u0259 q\u0259d\u0259r cinay\u0259ti t\u00f6r\u0259d\u0259n \u015f\u0259xsl\u0259r tap\u0131lmay\u0131b.<\/p>\n","protected":false},"excerpt":{"rendered":"<p>\u0130stintaq h\u0259r\u0259k\u0259tinin davam etdiyi bildirilir Yanvar\u0131n 9-dan h\u0259bsd\u0259 acl\u0131q ed\u0259n &#8230; <\/p>\n<p class=\"read-more-container\"><a title=\"B\u0259xtiyar Hac\u0131yevin h\u0259bs m\u00fcdd\u0259ti daha iki ay uzad\u0131ld\u0131\" class=\"read-more button\" href=\"https:\/\/www.meydan.tv\/az\/article\/bextiyar-haciyevin-hebs-muddeti-daha-iki-ay-uzadildi\/#more-269219\" aria-label=\"Read more about B\u0259xtiyar Hac\u0131yevin h\u0259bs m\u00fcdd\u0259ti daha iki ay uzad\u0131ld\u0131\">Davam\u0131<\/a><\/p>\n","protected":false},"author":12,"featured_media":266105,"comment_status":"closed","ping_status":"closed","sticky":false,"template":"","format":"standard","meta":{"_acf_changed":false,"_sitemap_exclude":false,"_sitemap_priority":"","_sitemap_frequency":"","footnotes":""},"categories":[59,79,56],"tags":[],"class_list":["post-269219","post","type-post","status-publish","format-standard","has-post-thumbnail","hentry","category-siyaset","category-featured","category-xeberler","infinite-scroll-item","generate-columns","tablet-grid-50","mobile-grid-100","grid-parent","grid-33","no-featured-image-padding"],"acf":[],"yoast_head":"<!-- This site is optimized with the Yoast SEO plugin v27.4 - https:\/\/yoast.com\/product\/yoast-seo-wordpress\/ -->\n<title>B\u0259xtiyar Hac\u0131yevin h\u0259bs m\u00fcdd\u0259ti daha iki ay uzad\u0131ld\u0131 - MEYDAN.TV<\/title>\n<meta name=\"robots\" content=\"index, follow, max-snippet:-1, max-image-preview:large, max-video-preview:-1\" \/>\n<link rel=\"canonical\" href=\"https:\/\/www.meydan.tv\/az\/article\/bextiyar-haciyevin-hebs-muddeti-daha-iki-ay-uzadildi\/\" \/>\n<meta property=\"og:locale\" content=\"az_AZ\" \/>\n<meta property=\"og:type\" content=\"article\" \/>\n<meta property=\"og:title\" content=\"B\u0259xtiyar Hac\u0131yevin h\u0259bs m\u00fcdd\u0259ti daha iki ay uzad\u0131ld\u0131 - MEYDAN.TV\" \/>\n<meta property=\"og:description\" content=\"\u0130stintaq h\u0259r\u0259k\u0259tinin davam etdiyi bildirilir Yanvar\u0131n 9-dan h\u0259bsd\u0259 acl\u0131q ed\u0259n ... Davam\u0131\" \/>\n<meta property=\"og:url\" content=\"https:\/\/www.meydan.tv\/az\/article\/bextiyar-haciyevin-hebs-muddeti-daha-iki-ay-uzadildi\/\" \/>\n<meta property=\"og:site_name\" content=\"MEYDAN.TV\" \/>\n<meta property=\"article:published_time\" content=\"2023-02-23T14:42:21+00:00\" \/>\n<meta property=\"article:modified_time\" content=\"2023-02-23T14:42:22+00:00\" \/>\n<meta property=\"og:image\" content=\"https:\/\/www.meydan.tv\/wp-content\/uploads\/img_9508.jpg\" \/>\n\t<meta property=\"og:image:width\" content=\"1200\" \/>\n\t<meta property=\"og:image:height\" content=\"675\" \/>\n\t<meta property=\"og:image:type\" content=\"image\/jpeg\" \/>\n<meta name=\"author\" content=\"aleks\" \/>\n<meta name=\"twitter:card\" content=\"summary_large_image\" \/>\n<script type=\"application\/ld+json\" class=\"yoast-schema-graph\">{\"@context\":\"https:\\\/\\\/schema.org\",\"@graph\":[{\"@type\":\"Article\",\"@id\":\"https:\\\/\\\/www.meydan.tv\\\/az\\\/article\\\/bextiyar-haciyevin-hebs-muddeti-daha-iki-ay-uzadildi\\\/#article\",\"isPartOf\":{\"@id\":\"https:\\\/\\\/www.meydan.tv\\\/az\\\/article\\\/bextiyar-haciyevin-hebs-muddeti-daha-iki-ay-uzadildi\\\/\"},\"author\":{\"name\":\"aleks\",\"@id\":\"https:\\\/\\\/www.meydan.tv\\\/az\\\/#\\\/schema\\\/person\\\/476e9360e593fa131d5d71d51866f8da\"},\"headline\":\"B\u0259xtiyar Hac\u0131yevin h\u0259bs m\u00fcdd\u0259ti daha iki ay uzad\u0131ld\u0131\",\"datePublished\":\"2023-02-23T14:42:21+00:00\",\"dateModified\":\"2023-02-23T14:42:22+00:00\",\"mainEntityOfPage\":{\"@id\":\"https:\\\/\\\/www.meydan.tv\\\/az\\\/article\\\/bextiyar-haciyevin-hebs-muddeti-daha-iki-ay-uzadildi\\\/\"},\"wordCount\":547,\"publisher\":{\"@id\":\"https:\\\/\\\/www.meydan.tv\\\/az\\\/#organization\"},\"image\":{\"@id\":\"https:\\\/\\\/www.meydan.tv\\\/az\\\/article\\\/bextiyar-haciyevin-hebs-muddeti-daha-iki-ay-uzadildi\\\/#primaryimage\"},\"thumbnailUrl\":\"https:\\\/\\\/www.meydan.tv\\\/wp-content\\\/uploads\\\/img_9508.jpg\",\"articleSection\":[\"Siyas\u0259t\",\"T\u00f6vsiy\u0259\",\"X\u0259b\u0259rl\u0259r\"],\"inLanguage\":\"az\"},{\"@type\":\"WebPage\",\"@id\":\"https:\\\/\\\/www.meydan.tv\\\/az\\\/article\\\/bextiyar-haciyevin-hebs-muddeti-daha-iki-ay-uzadildi\\\/\",\"url\":\"https:\\\/\\\/www.meydan.tv\\\/az\\\/article\\\/bextiyar-haciyevin-hebs-muddeti-daha-iki-ay-uzadildi\\\/\",\"name\":\"B\u0259xtiyar Hac\u0131yevin h\u0259bs m\u00fcdd\u0259ti daha iki ay uzad\u0131ld\u0131 - MEYDAN.TV\",\"isPartOf\":{\"@id\":\"https:\\\/\\\/www.meydan.tv\\\/az\\\/#website\"},\"primaryImageOfPage\":{\"@id\":\"https:\\\/\\\/www.meydan.tv\\\/az\\\/article\\\/bextiyar-haciyevin-hebs-muddeti-daha-iki-ay-uzadildi\\\/#primaryimage\"},\"image\":{\"@id\":\"https:\\\/\\\/www.meydan.tv\\\/az\\\/article\\\/bextiyar-haciyevin-hebs-muddeti-daha-iki-ay-uzadildi\\\/#primaryimage\"},\"thumbnailUrl\":\"https:\\\/\\\/www.meydan.tv\\\/wp-content\\\/uploads\\\/img_9508.jpg\",\"datePublished\":\"2023-02-23T14:42:21+00:00\",\"dateModified\":\"2023-02-23T14:42:22+00:00\",\"breadcrumb\":{\"@id\":\"https:\\\/\\\/www.meydan.tv\\\/az\\\/article\\\/bextiyar-haciyevin-hebs-muddeti-daha-iki-ay-uzadildi\\\/#breadcrumb\"},\"inLanguage\":\"az\",\"potentialAction\":[{\"@type\":\"ReadAction\",\"target\":[\"https:\\\/\\\/www.meydan.tv\\\/az\\\/article\\\/bextiyar-haciyevin-hebs-muddeti-daha-iki-ay-uzadildi\\\/\"]}]},{\"@type\":\"ImageObject\",\"inLanguage\":\"az\",\"@id\":\"https:\\\/\\\/www.meydan.tv\\\/az\\\/article\\\/bextiyar-haciyevin-hebs-muddeti-daha-iki-ay-uzadildi\\\/#primaryimage\",\"url\":\"https:\\\/\\\/www.meydan.tv\\\/wp-content\\\/uploads\\\/img_9508.jpg\",\"contentUrl\":\"https:\\\/\\\/www.meydan.tv\\\/wp-content\\\/uploads\\\/img_9508.jpg\",\"width\":1200,\"height\":675,\"caption\":\"B\u0259xtiyar Hac\u0131yev. Foto: Meydan TV\"},{\"@type\":\"BreadcrumbList\",\"@id\":\"https:\\\/\\\/www.meydan.tv\\\/az\\\/article\\\/bextiyar-haciyevin-hebs-muddeti-daha-iki-ay-uzadildi\\\/#breadcrumb\",\"itemListElement\":[{\"@type\":\"ListItem\",\"position\":1,\"name\":\"Ana s\u0259hif\u0259\",\"item\":\"https:\\\/\\\/www.meydan.tv\\\/az\\\/\"},{\"@type\":\"ListItem\",\"position\":2,\"name\":\"X\u0259b\u0259rl\u0259r\",\"item\":\"https:\\\/\\\/www.meydan.tv\\\/az\\\/section\\\/xeberler\\\/\"},{\"@type\":\"ListItem\",\"position\":3,\"name\":\"B\u0259xtiyar Hac\u0131yevin h\u0259bs m\u00fcdd\u0259ti daha iki ay uzad\u0131ld\u0131\"}]},{\"@type\":\"WebSite\",\"@id\":\"https:\\\/\\\/www.meydan.tv\\\/az\\\/#website\",\"url\":\"https:\\\/\\\/www.meydan.tv\\\/az\\\/\",\"name\":\"MEYDAN.TV\",\"description\":\"Meydan TV Az\u0259rbaycan\u0131n media m\u0259kan\u0131ndak\u0131 alternativ s\u0259sidir\",\"publisher\":{\"@id\":\"https:\\\/\\\/www.meydan.tv\\\/az\\\/#organization\"},\"potentialAction\":[{\"@type\":\"SearchAction\",\"target\":{\"@type\":\"EntryPoint\",\"urlTemplate\":\"https:\\\/\\\/www.meydan.tv\\\/az\\\/?s={search_term_string}\"},\"query-input\":{\"@type\":\"PropertyValueSpecification\",\"valueRequired\":true,\"valueName\":\"search_term_string\"}}],\"inLanguage\":\"az\"},{\"@type\":\"Organization\",\"@id\":\"https:\\\/\\\/www.meydan.tv\\\/az\\\/#organization\",\"name\":\"Meydan TV\",\"url\":\"https:\\\/\\\/www.meydan.tv\\\/az\\\/\",\"logo\":{\"@type\":\"ImageObject\",\"inLanguage\":\"az\",\"@id\":\"https:\\\/\\\/www.meydan.tv\\\/az\\\/#\\\/schema\\\/logo\\\/image\\\/\",\"url\":\"https:\\\/\\\/www.meydan.tv\\\/wp-content\\\/uploads\\\/2021\\\/07\\\/meydan-logo.svg\",\"contentUrl\":\"https:\\\/\\\/www.meydan.tv\\\/wp-content\\\/uploads\\\/2021\\\/07\\\/meydan-logo.svg\",\"width\":195,\"height\":46,\"caption\":\"Meydan TV\"},\"image\":{\"@id\":\"https:\\\/\\\/www.meydan.tv\\\/az\\\/#\\\/schema\\\/logo\\\/image\\\/\"}},{\"@type\":\"Person\",\"@id\":\"https:\\\/\\\/www.meydan.tv\\\/az\\\/#\\\/schema\\\/person\\\/476e9360e593fa131d5d71d51866f8da\",\"name\":\"aleks\"}]}<\/script>\n<!-- \/ Yoast SEO plugin. -->","yoast_head_json":{"title":"B\u0259xtiyar Hac\u0131yevin h\u0259bs m\u00fcdd\u0259ti daha iki ay uzad\u0131ld\u0131 - MEYDAN.TV","robots":{"index":"index","follow":"follow","max-snippet":"max-snippet:-1","max-image-preview":"max-image-preview:large","max-video-preview":"max-video-preview:-1"},"canonical":"https:\/\/www.meydan.tv\/az\/article\/bextiyar-haciyevin-hebs-muddeti-daha-iki-ay-uzadildi\/","og_locale":"az_AZ","og_type":"article","og_title":"B\u0259xtiyar Hac\u0131yevin h\u0259bs m\u00fcdd\u0259ti daha iki ay uzad\u0131ld\u0131 - MEYDAN.TV","og_description":"\u0130stintaq h\u0259r\u0259k\u0259tinin davam etdiyi bildirilir Yanvar\u0131n 9-dan h\u0259bsd\u0259 acl\u0131q ed\u0259n ... Davam\u0131","og_url":"https:\/\/www.meydan.tv\/az\/article\/bextiyar-haciyevin-hebs-muddeti-daha-iki-ay-uzadildi\/","og_site_name":"MEYDAN.TV","article_published_time":"2023-02-23T14:42:21+00:00","article_modified_time":"2023-02-23T14:42:22+00:00","og_image":[{"width":1200,"height":675,"url":"https:\/\/www.meydan.tv\/wp-content\/uploads\/img_9508.jpg","type":"image\/jpeg"}],"author":"aleks","twitter_card":"summary_large_image","schema":{"@context":"https:\/\/schema.org","@graph":[{"@type":"Article","@id":"https:\/\/www.meydan.tv\/az\/article\/bextiyar-haciyevin-hebs-muddeti-daha-iki-ay-uzadildi\/#article","isPartOf":{"@id":"https:\/\/www.meydan.tv\/az\/article\/bextiyar-haciyevin-hebs-muddeti-daha-iki-ay-uzadildi\/"},"author":{"name":"aleks","@id":"https:\/\/www.meydan.tv\/az\/#\/schema\/person\/476e9360e593fa131d5d71d51866f8da"},"headline":"B\u0259xtiyar Hac\u0131yevin h\u0259bs m\u00fcdd\u0259ti daha iki ay uzad\u0131ld\u0131","datePublished":"2023-02-23T14:42:21+00:00","dateModified":"2023-02-23T14:42:22+00:00","mainEntityOfPage":{"@id":"https:\/\/www.meydan.tv\/az\/article\/bextiyar-haciyevin-hebs-muddeti-daha-iki-ay-uzadildi\/"},"wordCount":547,"publisher":{"@id":"https:\/\/www.meydan.tv\/az\/#organization"},"image":{"@id":"https:\/\/www.meydan.tv\/az\/article\/bextiyar-haciyevin-hebs-muddeti-daha-iki-ay-uzadildi\/#primaryimage"},"thumbnailUrl":"https:\/\/www.meydan.tv\/wp-content\/uploads\/img_9508.jpg","articleSection":["Siyas\u0259t","T\u00f6vsiy\u0259","X\u0259b\u0259rl\u0259r"],"inLanguage":"az"},{"@type":"WebPage","@id":"https:\/\/www.meydan.tv\/az\/article\/bextiyar-haciyevin-hebs-muddeti-daha-iki-ay-uzadildi\/","url":"https:\/\/www.meydan.tv\/az\/article\/bextiyar-haciyevin-hebs-muddeti-daha-iki-ay-uzadildi\/","name":"B\u0259xtiyar Hac\u0131yevin h\u0259bs m\u00fcdd\u0259ti daha iki ay uzad\u0131ld\u0131 - MEYDAN.TV","isPartOf":{"@id":"https:\/\/www.meydan.tv\/az\/#website"},"primaryImageOfPage":{"@id":"https:\/\/www.meydan.tv\/az\/article\/bextiyar-haciyevin-hebs-muddeti-daha-iki-ay-uzadildi\/#primaryimage"},"image":{"@id":"https:\/\/www.meydan.tv\/az\/article\/bextiyar-haciyevin-hebs-muddeti-daha-iki-ay-uzadildi\/#primaryimage"},"thumbnailUrl":"https:\/\/www.meydan.tv\/wp-content\/uploads\/img_9508.jpg","datePublished":"2023-02-23T14:42:21+00:00","dateModified":"2023-02-23T14:42:22+00:00","breadcrumb":{"@id":"https:\/\/www.meydan.tv\/az\/article\/bextiyar-haciyevin-hebs-muddeti-daha-iki-ay-uzadildi\/#breadcrumb"},"inLanguage":"az","potentialAction":[{"@type":"ReadAction","target":["https:\/\/www.meydan.tv\/az\/article\/bextiyar-haciyevin-hebs-muddeti-daha-iki-ay-uzadildi\/"]}]},{"@type":"ImageObject","inLanguage":"az","@id":"https:\/\/www.meydan.tv\/az\/article\/bextiyar-haciyevin-hebs-muddeti-daha-iki-ay-uzadildi\/#primaryimage","url":"https:\/\/www.meydan.tv\/wp-content\/uploads\/img_9508.jpg","contentUrl":"https:\/\/www.meydan.tv\/wp-content\/uploads\/img_9508.jpg","width":1200,"height":675,"caption":"B\u0259xtiyar Hac\u0131yev. Foto: Meydan TV"},{"@type":"BreadcrumbList","@id":"https:\/\/www.meydan.tv\/az\/article\/bextiyar-haciyevin-hebs-muddeti-daha-iki-ay-uzadildi\/#breadcrumb","itemListElement":[{"@type":"ListItem","position":1,"name":"Ana s\u0259hif\u0259","item":"https:\/\/www.meydan.tv\/az\/"},{"@type":"ListItem","position":2,"name":"X\u0259b\u0259rl\u0259r","item":"https:\/\/www.meydan.tv\/az\/section\/xeberler\/"},{"@type":"ListItem","position":3,"name":"B\u0259xtiyar Hac\u0131yevin h\u0259bs m\u00fcdd\u0259ti daha iki ay uzad\u0131ld\u0131"}]},{"@type":"WebSite","@id":"https:\/\/www.meydan.tv\/az\/#website","url":"https:\/\/www.meydan.tv\/az\/","name":"MEYDAN.TV","description":"Meydan TV Az\u0259rbaycan\u0131n media m\u0259kan\u0131ndak\u0131 alternativ s\u0259sidir","publisher":{"@id":"https:\/\/www.meydan.tv\/az\/#organization"},"potentialAction":[{"@type":"SearchAction","target":{"@type":"EntryPoint","urlTemplate":"https:\/\/www.meydan.tv\/az\/?s={search_term_string}"},"query-input":{"@type":"PropertyValueSpecification","valueRequired":true,"valueName":"search_term_string"}}],"inLanguage":"az"},{"@type":"Organization","@id":"https:\/\/www.meydan.tv\/az\/#organization","name":"Meydan TV","url":"https:\/\/www.meydan.tv\/az\/","logo":{"@type":"ImageObject","inLanguage":"az","@id":"https:\/\/www.meydan.tv\/az\/#\/schema\/logo\/image\/","url":"https:\/\/www.meydan.tv\/wp-content\/uploads\/2021\/07\/meydan-logo.svg","contentUrl":"https:\/\/www.meydan.tv\/wp-content\/uploads\/2021\/07\/meydan-logo.svg","width":195,"height":46,"caption":"Meydan TV"},"image":{"@id":"https:\/\/www.meydan.tv\/az\/#\/schema\/logo\/image\/"}},{"@type":"Person","@id":"https:\/\/www.meydan.tv\/az\/#\/schema\/person\/476e9360e593fa131d5d71d51866f8da","name":"aleks"}]}},"_links":{"self":[{"href":"https:\/\/www.meydan.tv\/az\/wp-json\/wp\/v2\/posts\/269219","targetHints":{"allow":["GET"]}}],"collection":[{"href":"https:\/\/www.meydan.tv\/az\/wp-json\/wp\/v2\/posts"}],"about":[{"href":"https:\/\/www.meydan.tv\/az\/wp-json\/wp\/v2\/types\/post"}],"author":[{"embeddable":true,"href":"https:\/\/www.meydan.tv\/az\/wp-json\/wp\/v2\/users\/12"}],"replies":[{"embeddable":true,"href":"https:\/\/www.meydan.tv\/az\/wp-json\/wp\/v2\/comments?post=269219"}],"version-history":[{"count":1,"href":"https:\/\/www.meydan.tv\/az\/wp-json\/wp\/v2\/posts\/269219\/revisions"}],"predecessor-version":[{"id":269220,"href":"https:\/\/www.meydan.tv\/az\/wp-json\/wp\/v2\/posts\/269219\/revisions\/269220"}],"wp:featuredmedia":[{"embeddable":true,"href":"https:\/\/www.meydan.tv\/az\/wp-json\/wp\/v2\/media\/266105"}],"wp:attachment":[{"href":"https:\/\/www.meydan.tv\/az\/wp-json\/wp\/v2\/media?parent=269219"}],"wp:term":[{"taxonomy":"category","embeddable":true,"href":"https:\/\/www.meydan.tv\/az\/wp-json\/wp\/v2\/categories?post=269219"},{"taxonomy":"post_tag","embeddable":true,"href":"https:\/\/www.meydan.tv\/az\/wp-json\/wp\/v2\/tags?post=269219"}],"curies":[{"name":"wp","href":"https:\/\/api.w.org\/{rel}","templated":true}]}}