{"id":269173,"date":"2023-02-23T13:54:39","date_gmt":"2023-02-23T09:54:39","guid":{"rendered":"https:\/\/www.meydan.tv\/?p=269173"},"modified":"2023-02-23T13:54:41","modified_gmt":"2023-02-23T09:54:41","slug":"imisli-sakini-evde-yorgana-burunub-oturmaq-da-ise-yaramir","status":"publish","type":"post","link":"https:\/\/www.meydan.tv\/az\/article\/imisli-sakini-evde-yorgana-burunub-oturmaq-da-ise-yaramir\/","title":{"rendered":"\u0130mi\u015fli sakini: \u201cEvd\u0259 yor\u011fana b\u00fcr\u00fcn\u00fcb oturmaq da i\u015f\u0259 yaram\u0131r\u201d"},"content":{"rendered":"\n<p><em>Qaz say\u011fac\u0131n\u0131n qoyulmamas\u0131 s\u0259b\u0259bind\u0259n v\u0259t\u0259nda\u015f qazdan istifad\u0259 ed\u0259 bilmir<\/em><\/p>\n\n\n\n<p>\u201c\u00d6t\u0259n ilin dekabr\u0131nda evim\u0259 qaz x\u0259tti \u00e7\u0259kilm\u0259si \u00fc\u00e7\u00fcn \u201cAz\u0259riqaz\u201d \u0130stehsalat Birliyinin \u0130mi\u015fli Rayon \u0130dar\u0259sin\u0259 m\u00fcraci\u0259t etdim. \u0130dar\u0259d\u0259n m\u0259ni onlar\u0131n m\u00fcqavil\u0259 ba\u011flad\u0131\u011f\u0131 podrat\u00e7\u0131 \u015firk\u0259t\u0259 y\u00f6n\u0259ltdil\u0259r. X\u0259ttin \u00e7\u0259kili\u015fi \u00fc\u00e7\u00fcn 240 manat v\u0259sait k\u00f6\u00e7\u00fcrtd\u00fcm. Qaz x\u0259ttinin \u00e7\u0259kilm\u0259sin\u0259 t\u0259xmin\u0259n 350 manat x\u0259rcl\u0259mi\u015f\u0259m\u201d.<\/p>\n\n\n\n<p>Bunu Meydan TV-y\u0259 \u0130mi\u015fli rayonu Oruclu k\u0259nd sakini Kaz\u0131m H\u00fcseynli bildirib. H\u00fcseynlinin s\u00f6zl\u0259rin\u0259 g\u00f6r\u0259, qaz x\u0259tti \u00e7\u0259kils\u0259 d\u0259, say\u011fac qura\u015fd\u0131r\u0131lmay\u0131b. Buna g\u00f6r\u0259 d\u0259, qazdan istifad\u0259 ed\u0259 bilmir:<\/p>\n\n\n\n<p>\u201c\u0130ki \u00f6vlad b\u00f6y\u00fcd\u00fcr\u0259m. Soyuq q\u0131\u015f aylar\u0131nda istiliksiz qalm\u0131\u015f\u0131q. S\u00f6z\u00fcn h\u0259qiqi m\u0259nas\u0131nda donuruq. Evd\u0259 yor\u011fana b\u00fcr\u00fcn\u00fcb oturmaq da i\u015f\u0259 yaram\u0131r. D\u0259f\u0259l\u0259rl\u0259 m\u00fcraci\u0259t ets\u0259m d\u0259, baxan yoxdur. N\u0259 vaxt say\u011fac qura\u015fd\u0131r\u0131laca\u011f\u0131n\u0131 s\u00f6yl\u0259mirl\u0259r\u201d.<\/p>\n\n\n\n<p>K\u0259nd sakini deyib ki, \u00e7\u0259tinlikl\u0259 b\u00f6y\u00fcy\u0259n u\u015faqlar\u0131 v\u0259t\u0259n\u0259 borcunu \u00f6d\u0259m\u0259k \u00fc\u00e7\u00fcn h\u0259rbi xidm\u0259t\u0259 aparacaqlar. \u0130ndi is\u0259 u\u015faqlar\u0131n hans\u0131 \u015f\u0259raitd\u0259 b\u00f6y\u00fcd\u00fcy\u00fc il\u0259 maraqlanan yoxdur.<\/p>\n\n\n\n<p>\u201cAz\u0259riqaz\u201d \u0130stehsalat Birliyinin m\u0259tbuat katibi Eld\u0259niz V\u0259liyev is\u0259 Meydan TV-y\u0259 deyib ki, qaz x\u0259ttinin \u00e7\u0259kilm\u0259si il\u0259 podrat\u00e7\u0131lar m\u0259\u015f\u011ful olur:<\/p>\n\n\n\n<p>\u201cQaz x\u0259ttinin \u00e7\u0259kilm\u0259si \u00fc\u00e7\u00fcn \u201cAz\u0259riqaz\u201da bir q\u0259pik d\u0259 olsa pul \u00f6d\u0259nilmir. \u0130stehsalat Birliyi satd\u0131\u011f\u0131 qaz\u0131n \u00f6d\u0259ni\u015find\u0259n ba\u015fqa he\u00e7 bir xidm\u0259ti pulla yerin\u0259 yetirmir, b\u00fct\u00fcn xidm\u0259tl\u0259r \u00f6d\u0259ni\u015fsizdir\u201d.<\/p>\n\n\n\n<figure class=\"gb-block-image gb-block-image-3d3121ec\"><img decoding=\"async\" width=\"1280\" height=\"720\" class=\"gb-image gb-image-3d3121ec lazyload\" data-src=\"https:\/\/www.meydan.tv\/wp-content\/uploads\/maxresdefault-1-1.jpg\" alt=\"\" title=\"\u201cAz\u0259riqaz\u201d \u0130stehsalat Birliyinin m\u0259tbuat katibi Eld\u0259niz V\u0259liyev\" src=\"data:image\/svg+xml;base64,PHN2ZyB3aWR0aD0iMSIgaGVpZ2h0PSIxIiB4bWxucz0iaHR0cDovL3d3dy53My5vcmcvMjAwMC9zdmciPjwvc3ZnPg==\" style=\"--smush-placeholder-width: 1280px; --smush-placeholder-aspect-ratio: 1280\/720;\" \/><\/figure>\n\n\n\n<p>M\u0259nb\u0259: Az\u0259riqaz<\/p>\n\n\n\n<p>\u201c\u015eikay\u0259t\u00e7i y\u0259qin ki, podrat\u00e7\u0131 \u015firk\u0259tl\u0259 dan\u0131\u015f\u0131b v\u0259 v\u0259saiti d\u0259 onlar\u0131n hesab\u0131na \u00f6d\u0259yib. \u201cAz\u0259riqaz\u201d say\u011fac\u0131 da sonda \u00f6d\u0259ni\u015fsiz verir. \u015eikay\u0259t\u00e7i \u0130stehsalat Birliyi il\u0259 \u0259laq\u0259 saxlas\u0131n v\u0259 \u015fikay\u0259ti ara\u015fd\u0131raq\u201d, &#8211; Eld\u0259niz V\u0259liyev deyib.<\/p>\n\n\n\n<p>M\u0259tbuat s\u00f6z\u00e7\u00fcs\u00fc bir daha m\u0259lumat verib:<\/p>\n\n\n\n<p>\u201cV\u0259t\u0259nda\u015flar bilsinl\u0259r ki, \u201cAz\u0259riqaz\u201d v\u0259t\u0259nda\u015flara pulsuz xidm\u0259t edir. V\u0259t\u0259nda\u015f yaln\u0131z istehlak etdiyi qaz\u0131n pulunu \u00f6d\u0259yir. Qaz x\u0259ttinin \u00e7\u0259kilm\u0259si il\u0259 lisenziya alm\u0131\u015f podrat\u00e7\u0131 \u015firk\u0259tl\u0259r m\u0259\u015f\u011ful olur. \u201cAz\u0259riqaz\u201d bu i\u015fl\u0259rl\u0259 m\u0259\u015f\u011ful olmur. V\u0259t\u0259nda\u015f\u0131n m\u00fcraci\u0259ti \u201cAz\u0259riqaz\u201d\u0131n i\u015fi il\u0259 \u0259laq\u0259dar olarsa, yerin\u0259 yetiril\u0259c\u0259k. \u201cAz\u0259riqaz\u201d say\u011faclar\u0131 v\u0259t\u0259nda\u015fa t\u0259m\u0259nnas\u0131z verir\u201d.<\/p>\n","protected":false},"excerpt":{"rendered":"<p>Qaz say\u011fac\u0131n\u0131n qoyulmamas\u0131 s\u0259b\u0259bind\u0259n v\u0259t\u0259nda\u015f qazdan istifad\u0259 ed\u0259 bilmir \u201c\u00d6t\u0259n &#8230; <\/p>\n<p class=\"read-more-container\"><a title=\"\u0130mi\u015fli sakini: \u201cEvd\u0259 yor\u011fana b\u00fcr\u00fcn\u00fcb oturmaq da i\u015f\u0259 yaram\u0131r\u201d\" class=\"read-more button\" href=\"https:\/\/www.meydan.tv\/az\/article\/imisli-sakini-evde-yorgana-burunub-oturmaq-da-ise-yaramir\/#more-269173\" aria-label=\"Read more about \u0130mi\u015fli sakini: \u201cEvd\u0259 yor\u011fana b\u00fcr\u00fcn\u00fcb oturmaq da i\u015f\u0259 yaram\u0131r\u201d\">Davam\u0131<\/a><\/p>\n","protected":false},"author":18,"featured_media":265257,"comment_status":"closed","ping_status":"closed","sticky":false,"template":"","format":"standard","meta":{"_acf_changed":false,"_sitemap_exclude":false,"_sitemap_priority":"","_sitemap_frequency":"","footnotes":""},"categories":[60,56],"tags":[],"class_list":["post-269173","post","type-post","status-publish","format-standard","has-post-thumbnail","hentry","category-bolge","category-xeberler","infinite-scroll-item","generate-columns","tablet-grid-50","mobile-grid-100","grid-parent","grid-33","no-featured-image-padding"],"acf":[],"yoast_head":"<!-- This site is optimized with the Yoast SEO plugin v27.5 - https:\/\/yoast.com\/product\/yoast-seo-wordpress\/ -->\n<title>\u0130mi\u015fli sakini: \u201cEvd\u0259 yor\u011fana b\u00fcr\u00fcn\u00fcb oturmaq da i\u015f\u0259 yaram\u0131r\u201d - MEYDAN.TV<\/title>\n<meta name=\"robots\" content=\"index, follow, max-snippet:-1, max-image-preview:large, max-video-preview:-1\" \/>\n<link rel=\"canonical\" href=\"https:\/\/www.meydan.tv\/az\/article\/imisli-sakini-evde-yorgana-burunub-oturmaq-da-ise-yaramir\/\" \/>\n<meta property=\"og:locale\" content=\"az_AZ\" \/>\n<meta property=\"og:type\" content=\"article\" \/>\n<meta property=\"og:title\" content=\"\u0130mi\u015fli sakini: \u201cEvd\u0259 yor\u011fana b\u00fcr\u00fcn\u00fcb oturmaq da i\u015f\u0259 yaram\u0131r\u201d - MEYDAN.TV\" \/>\n<meta property=\"og:description\" content=\"Qaz say\u011fac\u0131n\u0131n qoyulmamas\u0131 s\u0259b\u0259bind\u0259n v\u0259t\u0259nda\u015f qazdan istifad\u0259 ed\u0259 bilmir \u201c\u00d6t\u0259n ... Davam\u0131\" \/>\n<meta property=\"og:url\" content=\"https:\/\/www.meydan.tv\/az\/article\/imisli-sakini-evde-yorgana-burunub-oturmaq-da-ise-yaramir\/\" \/>\n<meta property=\"og:site_name\" content=\"MEYDAN.TV\" \/>\n<meta property=\"article:published_time\" content=\"2023-02-23T09:54:39+00:00\" \/>\n<meta property=\"article:modified_time\" content=\"2023-02-23T09:54:41+00:00\" \/>\n<meta property=\"og:image\" content=\"https:\/\/www.meydan.tv\/wp-content\/uploads\/00dem-qaz2i.jpg\" \/>\n\t<meta property=\"og:image:width\" content=\"1200\" \/>\n\t<meta property=\"og:image:height\" content=\"750\" \/>\n\t<meta property=\"og:image:type\" content=\"image\/jpeg\" \/>\n<meta name=\"author\" content=\"miron\" \/>\n<meta name=\"twitter:card\" content=\"summary_large_image\" \/>\n<script type=\"application\/ld+json\" class=\"yoast-schema-graph\">{\"@context\":\"https:\\\/\\\/schema.org\",\"@graph\":[{\"@type\":\"Article\",\"@id\":\"https:\\\/\\\/www.meydan.tv\\\/az\\\/article\\\/imisli-sakini-evde-yorgana-burunub-oturmaq-da-ise-yaramir\\\/#article\",\"isPartOf\":{\"@id\":\"https:\\\/\\\/www.meydan.tv\\\/az\\\/article\\\/imisli-sakini-evde-yorgana-burunub-oturmaq-da-ise-yaramir\\\/\"},\"author\":{\"name\":\"miron\",\"@id\":\"https:\\\/\\\/www.meydan.tv\\\/az\\\/#\\\/schema\\\/person\\\/981b0b284aeaa9ad0cbf814cd4a9d67c\"},\"headline\":\"\u0130mi\u015fli sakini: \u201cEvd\u0259 yor\u011fana b\u00fcr\u00fcn\u00fcb oturmaq da i\u015f\u0259 yaram\u0131r\u201d\",\"datePublished\":\"2023-02-23T09:54:39+00:00\",\"dateModified\":\"2023-02-23T09:54:41+00:00\",\"mainEntityOfPage\":{\"@id\":\"https:\\\/\\\/www.meydan.tv\\\/az\\\/article\\\/imisli-sakini-evde-yorgana-burunub-oturmaq-da-ise-yaramir\\\/\"},\"wordCount\":463,\"publisher\":{\"@id\":\"https:\\\/\\\/www.meydan.tv\\\/az\\\/#organization\"},\"image\":{\"@id\":\"https:\\\/\\\/www.meydan.tv\\\/az\\\/article\\\/imisli-sakini-evde-yorgana-burunub-oturmaq-da-ise-yaramir\\\/#primaryimage\"},\"thumbnailUrl\":\"https:\\\/\\\/www.meydan.tv\\\/wp-content\\\/uploads\\\/00dem-qaz2i.jpg\",\"articleSection\":[\"B\u00f6lg\u0259\",\"X\u0259b\u0259rl\u0259r\"],\"inLanguage\":\"az\"},{\"@type\":\"WebPage\",\"@id\":\"https:\\\/\\\/www.meydan.tv\\\/az\\\/article\\\/imisli-sakini-evde-yorgana-burunub-oturmaq-da-ise-yaramir\\\/\",\"url\":\"https:\\\/\\\/www.meydan.tv\\\/az\\\/article\\\/imisli-sakini-evde-yorgana-burunub-oturmaq-da-ise-yaramir\\\/\",\"name\":\"\u0130mi\u015fli sakini: \u201cEvd\u0259 yor\u011fana b\u00fcr\u00fcn\u00fcb oturmaq da i\u015f\u0259 yaram\u0131r\u201d - MEYDAN.TV\",\"isPartOf\":{\"@id\":\"https:\\\/\\\/www.meydan.tv\\\/az\\\/#website\"},\"primaryImageOfPage\":{\"@id\":\"https:\\\/\\\/www.meydan.tv\\\/az\\\/article\\\/imisli-sakini-evde-yorgana-burunub-oturmaq-da-ise-yaramir\\\/#primaryimage\"},\"image\":{\"@id\":\"https:\\\/\\\/www.meydan.tv\\\/az\\\/article\\\/imisli-sakini-evde-yorgana-burunub-oturmaq-da-ise-yaramir\\\/#primaryimage\"},\"thumbnailUrl\":\"https:\\\/\\\/www.meydan.tv\\\/wp-content\\\/uploads\\\/00dem-qaz2i.jpg\",\"datePublished\":\"2023-02-23T09:54:39+00:00\",\"dateModified\":\"2023-02-23T09:54:41+00:00\",\"breadcrumb\":{\"@id\":\"https:\\\/\\\/www.meydan.tv\\\/az\\\/article\\\/imisli-sakini-evde-yorgana-burunub-oturmaq-da-ise-yaramir\\\/#breadcrumb\"},\"inLanguage\":\"az\",\"potentialAction\":[{\"@type\":\"ReadAction\",\"target\":[\"https:\\\/\\\/www.meydan.tv\\\/az\\\/article\\\/imisli-sakini-evde-yorgana-burunub-oturmaq-da-ise-yaramir\\\/\"]}]},{\"@type\":\"ImageObject\",\"inLanguage\":\"az\",\"@id\":\"https:\\\/\\\/www.meydan.tv\\\/az\\\/article\\\/imisli-sakini-evde-yorgana-burunub-oturmaq-da-ise-yaramir\\\/#primaryimage\",\"url\":\"https:\\\/\\\/www.meydan.tv\\\/wp-content\\\/uploads\\\/00dem-qaz2i.jpg\",\"contentUrl\":\"https:\\\/\\\/www.meydan.tv\\\/wp-content\\\/uploads\\\/00dem-qaz2i.jpg\",\"width\":1200,\"height\":750,\"caption\":\"D\u0259m qaz\u0131. M\u0259nb\u0259: \\\"saglamolun.az\\\"\"},{\"@type\":\"BreadcrumbList\",\"@id\":\"https:\\\/\\\/www.meydan.tv\\\/az\\\/article\\\/imisli-sakini-evde-yorgana-burunub-oturmaq-da-ise-yaramir\\\/#breadcrumb\",\"itemListElement\":[{\"@type\":\"ListItem\",\"position\":1,\"name\":\"Ana s\u0259hif\u0259\",\"item\":\"https:\\\/\\\/www.meydan.tv\\\/az\\\/\"},{\"@type\":\"ListItem\",\"position\":2,\"name\":\"B\u00f6lg\u0259\",\"item\":\"https:\\\/\\\/www.meydan.tv\\\/az\\\/section\\\/bolge\\\/\"},{\"@type\":\"ListItem\",\"position\":3,\"name\":\"\u0130mi\u015fli sakini: \u201cEvd\u0259 yor\u011fana b\u00fcr\u00fcn\u00fcb oturmaq da i\u015f\u0259 yaram\u0131r\u201d\"}]},{\"@type\":\"WebSite\",\"@id\":\"https:\\\/\\\/www.meydan.tv\\\/az\\\/#website\",\"url\":\"https:\\\/\\\/www.meydan.tv\\\/az\\\/\",\"name\":\"MEYDAN.TV\",\"description\":\"Meydan TV Az\u0259rbaycan\u0131n media m\u0259kan\u0131ndak\u0131 alternativ s\u0259sidir\",\"publisher\":{\"@id\":\"https:\\\/\\\/www.meydan.tv\\\/az\\\/#organization\"},\"potentialAction\":[{\"@type\":\"SearchAction\",\"target\":{\"@type\":\"EntryPoint\",\"urlTemplate\":\"https:\\\/\\\/www.meydan.tv\\\/az\\\/?s={search_term_string}\"},\"query-input\":{\"@type\":\"PropertyValueSpecification\",\"valueRequired\":true,\"valueName\":\"search_term_string\"}}],\"inLanguage\":\"az\"},{\"@type\":\"Organization\",\"@id\":\"https:\\\/\\\/www.meydan.tv\\\/az\\\/#organization\",\"name\":\"Meydan TV\",\"url\":\"https:\\\/\\\/www.meydan.tv\\\/az\\\/\",\"logo\":{\"@type\":\"ImageObject\",\"inLanguage\":\"az\",\"@id\":\"https:\\\/\\\/www.meydan.tv\\\/az\\\/#\\\/schema\\\/logo\\\/image\\\/\",\"url\":\"https:\\\/\\\/www.meydan.tv\\\/wp-content\\\/uploads\\\/2021\\\/07\\\/meydan-logo.svg\",\"contentUrl\":\"https:\\\/\\\/www.meydan.tv\\\/wp-content\\\/uploads\\\/2021\\\/07\\\/meydan-logo.svg\",\"width\":195,\"height\":46,\"caption\":\"Meydan TV\"},\"image\":{\"@id\":\"https:\\\/\\\/www.meydan.tv\\\/az\\\/#\\\/schema\\\/logo\\\/image\\\/\"}},{\"@type\":\"Person\",\"@id\":\"https:\\\/\\\/www.meydan.tv\\\/az\\\/#\\\/schema\\\/person\\\/981b0b284aeaa9ad0cbf814cd4a9d67c\",\"name\":\"miron\"}]}<\/script>\n<!-- \/ Yoast SEO plugin. -->","yoast_head_json":{"title":"\u0130mi\u015fli sakini: \u201cEvd\u0259 yor\u011fana b\u00fcr\u00fcn\u00fcb oturmaq da i\u015f\u0259 yaram\u0131r\u201d - MEYDAN.TV","robots":{"index":"index","follow":"follow","max-snippet":"max-snippet:-1","max-image-preview":"max-image-preview:large","max-video-preview":"max-video-preview:-1"},"canonical":"https:\/\/www.meydan.tv\/az\/article\/imisli-sakini-evde-yorgana-burunub-oturmaq-da-ise-yaramir\/","og_locale":"az_AZ","og_type":"article","og_title":"\u0130mi\u015fli sakini: \u201cEvd\u0259 yor\u011fana b\u00fcr\u00fcn\u00fcb oturmaq da i\u015f\u0259 yaram\u0131r\u201d - MEYDAN.TV","og_description":"Qaz say\u011fac\u0131n\u0131n qoyulmamas\u0131 s\u0259b\u0259bind\u0259n v\u0259t\u0259nda\u015f qazdan istifad\u0259 ed\u0259 bilmir \u201c\u00d6t\u0259n ... Davam\u0131","og_url":"https:\/\/www.meydan.tv\/az\/article\/imisli-sakini-evde-yorgana-burunub-oturmaq-da-ise-yaramir\/","og_site_name":"MEYDAN.TV","article_published_time":"2023-02-23T09:54:39+00:00","article_modified_time":"2023-02-23T09:54:41+00:00","og_image":[{"width":1200,"height":750,"url":"https:\/\/www.meydan.tv\/wp-content\/uploads\/00dem-qaz2i.jpg","type":"image\/jpeg"}],"author":"miron","twitter_card":"summary_large_image","schema":{"@context":"https:\/\/schema.org","@graph":[{"@type":"Article","@id":"https:\/\/www.meydan.tv\/az\/article\/imisli-sakini-evde-yorgana-burunub-oturmaq-da-ise-yaramir\/#article","isPartOf":{"@id":"https:\/\/www.meydan.tv\/az\/article\/imisli-sakini-evde-yorgana-burunub-oturmaq-da-ise-yaramir\/"},"author":{"name":"miron","@id":"https:\/\/www.meydan.tv\/az\/#\/schema\/person\/981b0b284aeaa9ad0cbf814cd4a9d67c"},"headline":"\u0130mi\u015fli sakini: \u201cEvd\u0259 yor\u011fana b\u00fcr\u00fcn\u00fcb oturmaq da i\u015f\u0259 yaram\u0131r\u201d","datePublished":"2023-02-23T09:54:39+00:00","dateModified":"2023-02-23T09:54:41+00:00","mainEntityOfPage":{"@id":"https:\/\/www.meydan.tv\/az\/article\/imisli-sakini-evde-yorgana-burunub-oturmaq-da-ise-yaramir\/"},"wordCount":463,"publisher":{"@id":"https:\/\/www.meydan.tv\/az\/#organization"},"image":{"@id":"https:\/\/www.meydan.tv\/az\/article\/imisli-sakini-evde-yorgana-burunub-oturmaq-da-ise-yaramir\/#primaryimage"},"thumbnailUrl":"https:\/\/www.meydan.tv\/wp-content\/uploads\/00dem-qaz2i.jpg","articleSection":["B\u00f6lg\u0259","X\u0259b\u0259rl\u0259r"],"inLanguage":"az"},{"@type":"WebPage","@id":"https:\/\/www.meydan.tv\/az\/article\/imisli-sakini-evde-yorgana-burunub-oturmaq-da-ise-yaramir\/","url":"https:\/\/www.meydan.tv\/az\/article\/imisli-sakini-evde-yorgana-burunub-oturmaq-da-ise-yaramir\/","name":"\u0130mi\u015fli sakini: \u201cEvd\u0259 yor\u011fana b\u00fcr\u00fcn\u00fcb oturmaq da i\u015f\u0259 yaram\u0131r\u201d - MEYDAN.TV","isPartOf":{"@id":"https:\/\/www.meydan.tv\/az\/#website"},"primaryImageOfPage":{"@id":"https:\/\/www.meydan.tv\/az\/article\/imisli-sakini-evde-yorgana-burunub-oturmaq-da-ise-yaramir\/#primaryimage"},"image":{"@id":"https:\/\/www.meydan.tv\/az\/article\/imisli-sakini-evde-yorgana-burunub-oturmaq-da-ise-yaramir\/#primaryimage"},"thumbnailUrl":"https:\/\/www.meydan.tv\/wp-content\/uploads\/00dem-qaz2i.jpg","datePublished":"2023-02-23T09:54:39+00:00","dateModified":"2023-02-23T09:54:41+00:00","breadcrumb":{"@id":"https:\/\/www.meydan.tv\/az\/article\/imisli-sakini-evde-yorgana-burunub-oturmaq-da-ise-yaramir\/#breadcrumb"},"inLanguage":"az","potentialAction":[{"@type":"ReadAction","target":["https:\/\/www.meydan.tv\/az\/article\/imisli-sakini-evde-yorgana-burunub-oturmaq-da-ise-yaramir\/"]}]},{"@type":"ImageObject","inLanguage":"az","@id":"https:\/\/www.meydan.tv\/az\/article\/imisli-sakini-evde-yorgana-burunub-oturmaq-da-ise-yaramir\/#primaryimage","url":"https:\/\/www.meydan.tv\/wp-content\/uploads\/00dem-qaz2i.jpg","contentUrl":"https:\/\/www.meydan.tv\/wp-content\/uploads\/00dem-qaz2i.jpg","width":1200,"height":750,"caption":"D\u0259m qaz\u0131. M\u0259nb\u0259: \"saglamolun.az\""},{"@type":"BreadcrumbList","@id":"https:\/\/www.meydan.tv\/az\/article\/imisli-sakini-evde-yorgana-burunub-oturmaq-da-ise-yaramir\/#breadcrumb","itemListElement":[{"@type":"ListItem","position":1,"name":"Ana s\u0259hif\u0259","item":"https:\/\/www.meydan.tv\/az\/"},{"@type":"ListItem","position":2,"name":"B\u00f6lg\u0259","item":"https:\/\/www.meydan.tv\/az\/section\/bolge\/"},{"@type":"ListItem","position":3,"name":"\u0130mi\u015fli sakini: \u201cEvd\u0259 yor\u011fana b\u00fcr\u00fcn\u00fcb oturmaq da i\u015f\u0259 yaram\u0131r\u201d"}]},{"@type":"WebSite","@id":"https:\/\/www.meydan.tv\/az\/#website","url":"https:\/\/www.meydan.tv\/az\/","name":"MEYDAN.TV","description":"Meydan TV Az\u0259rbaycan\u0131n media m\u0259kan\u0131ndak\u0131 alternativ s\u0259sidir","publisher":{"@id":"https:\/\/www.meydan.tv\/az\/#organization"},"potentialAction":[{"@type":"SearchAction","target":{"@type":"EntryPoint","urlTemplate":"https:\/\/www.meydan.tv\/az\/?s={search_term_string}"},"query-input":{"@type":"PropertyValueSpecification","valueRequired":true,"valueName":"search_term_string"}}],"inLanguage":"az"},{"@type":"Organization","@id":"https:\/\/www.meydan.tv\/az\/#organization","name":"Meydan TV","url":"https:\/\/www.meydan.tv\/az\/","logo":{"@type":"ImageObject","inLanguage":"az","@id":"https:\/\/www.meydan.tv\/az\/#\/schema\/logo\/image\/","url":"https:\/\/www.meydan.tv\/wp-content\/uploads\/2021\/07\/meydan-logo.svg","contentUrl":"https:\/\/www.meydan.tv\/wp-content\/uploads\/2021\/07\/meydan-logo.svg","width":195,"height":46,"caption":"Meydan TV"},"image":{"@id":"https:\/\/www.meydan.tv\/az\/#\/schema\/logo\/image\/"}},{"@type":"Person","@id":"https:\/\/www.meydan.tv\/az\/#\/schema\/person\/981b0b284aeaa9ad0cbf814cd4a9d67c","name":"miron"}]}},"_links":{"self":[{"href":"https:\/\/www.meydan.tv\/az\/wp-json\/wp\/v2\/posts\/269173","targetHints":{"allow":["GET"]}}],"collection":[{"href":"https:\/\/www.meydan.tv\/az\/wp-json\/wp\/v2\/posts"}],"about":[{"href":"https:\/\/www.meydan.tv\/az\/wp-json\/wp\/v2\/types\/post"}],"author":[{"embeddable":true,"href":"https:\/\/www.meydan.tv\/az\/wp-json\/wp\/v2\/users\/18"}],"replies":[{"embeddable":true,"href":"https:\/\/www.meydan.tv\/az\/wp-json\/wp\/v2\/comments?post=269173"}],"version-history":[{"count":1,"href":"https:\/\/www.meydan.tv\/az\/wp-json\/wp\/v2\/posts\/269173\/revisions"}],"predecessor-version":[{"id":269186,"href":"https:\/\/www.meydan.tv\/az\/wp-json\/wp\/v2\/posts\/269173\/revisions\/269186"}],"wp:featuredmedia":[{"embeddable":true,"href":"https:\/\/www.meydan.tv\/az\/wp-json\/wp\/v2\/media\/265257"}],"wp:attachment":[{"href":"https:\/\/www.meydan.tv\/az\/wp-json\/wp\/v2\/media?parent=269173"}],"wp:term":[{"taxonomy":"category","embeddable":true,"href":"https:\/\/www.meydan.tv\/az\/wp-json\/wp\/v2\/categories?post=269173"},{"taxonomy":"post_tag","embeddable":true,"href":"https:\/\/www.meydan.tv\/az\/wp-json\/wp\/v2\/tags?post=269173"}],"curies":[{"name":"wp","href":"https:\/\/api.w.org\/{rel}","templated":true}]}}