{"id":269171,"date":"2023-02-23T13:46:27","date_gmt":"2023-02-23T09:46:27","guid":{"rendered":"https:\/\/www.meydan.tv\/?p=269171"},"modified":"2023-02-23T13:46:30","modified_gmt":"2023-02-23T09:46:30","slug":"avropa-mehkemesi-azerbaycani-yene-cerimeledi-3","status":"publish","type":"post","link":"https:\/\/www.meydan.tv\/az\/article\/avropa-mehkemesi-azerbaycani-yene-cerimeledi-3\/","title":{"rendered":"<strong>Avropa M\u0259hk\u0259m\u0259si Az\u0259rbaycan\u0131 yen\u0259 c\u0259rim\u0259l\u0259di<\/strong>"},"content":{"rendered":"\n<p><em>H\u00f6kum\u0259t \u0130lkin R\u00fcst\u0259mzad\u0259y\u0259 14500 avro t\u0259zminat \u00f6d\u0259m\u0259lidir<\/em><\/p>\n\n\n\n<p>Avropa \u0130nsan H\u00fcquqlar\u0131 M\u0259hk\u0259m\u0259si (A\u0130HM) fevral\u0131n 23-d\u0259 g\u0259nc f\u0259al \u0130lkin R\u00fcst\u0259mzad\u0259nin \u015fikay\u0259ti \u00fczr\u0259 q\u0259rar <a href=\"https:\/\/aihmaz.org\/aihm-hokum%c9%99t-6-il-h%c9%99bsxanada-saxlanilmis-g%c9%99nc-f%c9%99ala-t%c9%99zminat-od%c9%99m%c9%99lidir\/\">\u00e7\u0131xar\u0131b<\/a>.<\/p>\n\n\n\n<p>\u201c\u0130lkin R\u00fcst\u0259mzad\u0259 Az\u0259rbaycana qar\u015f\u0131\u201d i\u015find\u0259 Konvensiyan\u0131n 7-ci (Qanunda n\u0259z\u0259rd\u0259 tutulmam\u0131\u015f c\u0259zan\u0131n yolverilm\u0259zliyi), 10-cu (ifad\u0259 azadl\u0131\u011f\u0131) v\u0259 18-ci madd\u0259l\u0259rinin (h\u00fcquqlarla ba\u011fl\u0131 m\u0259hdudiyy\u0259tl\u0259rd\u0259n istifad\u0259nin h\u0259dl\u0259ri) pozuntusu m\u00fcbahis\u0259l\u0259ndirilib.<\/p>\n\n\n\n<p>M\u0259hk\u0259m\u0259 q\u0259rar verib ki, bu i\u015fd\u0259 \u0259riz\u0259\u00e7inin 6-c\u0131 v\u0259 10-cu madd\u0259si il\u0259 t\u0259minat alt\u0131na al\u0131nan \u0259dal\u0259tli m\u0259hk\u0259m\u0259 ara\u015fd\u0131rmas\u0131 v\u0259 ifad\u0259 azadl\u0131\u011f\u0131 h\u00fcquqlar\u0131n\u0131n pozulmas\u0131 qeyd\u0259 al\u0131n\u0131b.<\/p>\n\n\n\n<p>Q\u0259rara \u0259sas\u0259n, h\u00f6kum\u0259t R\u00fcst\u0259mzad\u0259y\u0259 m\u0259n\u0259vi z\u0259r\u0259r \u0259v\u0259zi 12 min avro, x\u0259rc v\u0259 m\u0259sr\u0259f\u0259l\u0259r\u0259 g\u00f6r\u0259 2 min 500 avro \u00f6d\u0259m\u0259lidir.<\/p>\n\n\n\n<p>1992-ci il t\u0259v\u0259ll\u00fcdl\u00fc Az\u0259rbaycan v\u0259t\u0259nda\u015f\u0131 olan \u0259riz\u0259\u00e7i \u0130lkin B\u0259kir o\u011flu R\u00fcst\u0259mzad\u0259 2011-ci ild\u0259 yarad\u0131lm\u0131\u015f \u201cAzad G\u0259nclik\u201d t\u0259\u015fkilat\u0131n\u0131n t\u0259sis\u00e7il\u0259rind\u0259n biri olub.<\/p>\n\n\n\n<p>\u015eikay\u0259ti 2013-c\u00fc ilin may\u0131nda Az\u0259rbaycan D\u00f6vl\u0259t \u0130qtisad Universitetinin t\u0259l\u0259b\u0259si v\u0259 v\u0259t\u0259nda\u015f c\u0259miyy\u0259ti qurumu \u00fczv\u00fcyk\u0259n h\u0259bs edilm\u0259sind\u0259n sonra \u0259riz\u0259\u00e7inin h\u0259min vaxt Az\u0259rbaycanda m\u0259\u015fhur olan \u201cHarlem Shake\u201d r\u0259qsinin \u00e7\u0259kili\u015find\u0259 i\u015ftirak etm\u0259si v\u0259 videonu \u201cYoutube\u201da y\u00fckl\u0259m\u0259sin\u0259 g\u00f6r\u0259 xuliqanl\u0131qda ittiham olunmas\u0131 il\u0259 ba\u011fl\u0131d\u0131r.<\/p>\n\n\n\n<p>R\u00fcst\u0259mzad\u0259 h\u0259min hadis\u0259l\u0259rin ard\u0131nca, xuliqanl\u0131q v\u0259 cinay\u0259t\u0259, k\u00fctl\u0259vi i\u011fti\u015fa\u015flar\u0131n t\u0259\u015fkilin\u0259 haz\u0131rl\u0131q, qanunsuz olaraq silah \u0259ld\u0259 edib da\u015f\u0131yan, partlay\u0131c\u0131 madd\u0259l\u0259r\u0259 v\u0259 qur\u011fulara sahib qrupa \u00fczvl\u00fck kimi cinay\u0259t \u0259m\u0259ll\u0259rind\u0259 t\u0259qsirli bilin\u0259r\u0259k, 8 il m\u00fcdd\u0259tin\u0259 azadl\u0131qdan m\u0259hrum edilib.<\/p>\n\n\n\n<p>Konvensiyan\u0131n 6-c\u0131 (\u0259dal\u0259tli m\u0259hk\u0259m\u0259 ara\u015fd\u0131rmas\u0131 h\u00fcququ), 7-ci (Qanunda n\u0259z\u0259rd\u0259 tutulmam\u0131\u015f c\u0259zan\u0131n yolverilm\u0259zliyi), 10 (ifad\u0259 azadl\u0131\u011f\u0131) v\u0259 18-ci (h\u00fcquqlar\u0131n m\u0259hdudla\u015fd\u0131r\u0131lmas\u0131ndan istifad\u0259nin m\u0259hdudla\u015fd\u0131r\u0131lmas\u0131) madd\u0259l\u0259rin\u0259 \u0259saslanan \u0259riz\u0259\u00e7i A\u0130HM qar\u015f\u0131s\u0131nda he\u00e7 bir cinay\u0259t \u0259m\u0259li t\u00f6r\u0259tm\u0259diyini, m\u0259hkum edilm\u0259sinin onun qeyd edil\u0259n h\u00fcquqlar\u0131n\u0131 pozdu\u011funu iddia edib.<\/p>\n","protected":false},"excerpt":{"rendered":"<p>H\u00f6kum\u0259t \u0130lkin R\u00fcst\u0259mzad\u0259y\u0259 14500 avro t\u0259zminat \u00f6d\u0259m\u0259lidir Avropa \u0130nsan H\u00fcquqlar\u0131 &#8230; <\/p>\n<p class=\"read-more-container\"><a title=\"Avropa M\u0259hk\u0259m\u0259si Az\u0259rbaycan\u0131 yen\u0259 c\u0259rim\u0259l\u0259di\" class=\"read-more button\" href=\"https:\/\/www.meydan.tv\/az\/article\/avropa-mehkemesi-azerbaycani-yene-cerimeledi-3\/#more-269171\" aria-label=\"Read more about Avropa M\u0259hk\u0259m\u0259si Az\u0259rbaycan\u0131 yen\u0259 c\u0259rim\u0259l\u0259di\">Davam\u0131<\/a><\/p>\n","protected":false},"author":18,"featured_media":260251,"comment_status":"closed","ping_status":"closed","sticky":false,"template":"","format":"standard","meta":{"_acf_changed":false,"_sitemap_exclude":false,"_sitemap_priority":"","_sitemap_frequency":"","footnotes":""},"categories":[56],"tags":[],"class_list":["post-269171","post","type-post","status-publish","format-standard","has-post-thumbnail","hentry","category-xeberler","infinite-scroll-item","generate-columns","tablet-grid-50","mobile-grid-100","grid-parent","grid-33","no-featured-image-padding"],"acf":[],"yoast_head":"<!-- This site is optimized with the Yoast SEO plugin v27.4 - https:\/\/yoast.com\/product\/yoast-seo-wordpress\/ -->\n<title>Avropa M\u0259hk\u0259m\u0259si Az\u0259rbaycan\u0131 yen\u0259 c\u0259rim\u0259l\u0259di - MEYDAN.TV<\/title>\n<meta name=\"robots\" content=\"index, follow, max-snippet:-1, max-image-preview:large, max-video-preview:-1\" \/>\n<link rel=\"canonical\" href=\"https:\/\/www.meydan.tv\/az\/article\/avropa-mehkemesi-azerbaycani-yene-cerimeledi-3\/\" \/>\n<meta property=\"og:locale\" content=\"az_AZ\" \/>\n<meta property=\"og:type\" content=\"article\" \/>\n<meta property=\"og:title\" content=\"Avropa M\u0259hk\u0259m\u0259si Az\u0259rbaycan\u0131 yen\u0259 c\u0259rim\u0259l\u0259di - MEYDAN.TV\" \/>\n<meta property=\"og:description\" content=\"H\u00f6kum\u0259t \u0130lkin R\u00fcst\u0259mzad\u0259y\u0259 14500 avro t\u0259zminat \u00f6d\u0259m\u0259lidir Avropa \u0130nsan H\u00fcquqlar\u0131 ... Davam\u0131\" \/>\n<meta property=\"og:url\" content=\"https:\/\/www.meydan.tv\/az\/article\/avropa-mehkemesi-azerbaycani-yene-cerimeledi-3\/\" \/>\n<meta property=\"og:site_name\" content=\"MEYDAN.TV\" \/>\n<meta property=\"article:published_time\" content=\"2023-02-23T09:46:27+00:00\" \/>\n<meta property=\"article:modified_time\" content=\"2023-02-23T09:46:30+00:00\" \/>\n<meta property=\"og:image\" content=\"https:\/\/www.meydan.tv\/wp-content\/uploads\/image-from-ios-8.jpg\" \/>\n\t<meta property=\"og:image:width\" content=\"1500\" \/>\n\t<meta property=\"og:image:height\" content=\"844\" \/>\n\t<meta property=\"og:image:type\" content=\"image\/jpeg\" \/>\n<meta name=\"author\" content=\"miron\" \/>\n<meta name=\"twitter:card\" content=\"summary_large_image\" \/>\n<script type=\"application\/ld+json\" class=\"yoast-schema-graph\">{\"@context\":\"https:\\\/\\\/schema.org\",\"@graph\":[{\"@type\":\"Article\",\"@id\":\"https:\\\/\\\/www.meydan.tv\\\/az\\\/article\\\/avropa-mehkemesi-azerbaycani-yene-cerimeledi-3\\\/#article\",\"isPartOf\":{\"@id\":\"https:\\\/\\\/www.meydan.tv\\\/az\\\/article\\\/avropa-mehkemesi-azerbaycani-yene-cerimeledi-3\\\/\"},\"author\":{\"name\":\"miron\",\"@id\":\"https:\\\/\\\/www.meydan.tv\\\/az\\\/#\\\/schema\\\/person\\\/981b0b284aeaa9ad0cbf814cd4a9d67c\"},\"headline\":\"Avropa M\u0259hk\u0259m\u0259si Az\u0259rbaycan\u0131 yen\u0259 c\u0259rim\u0259l\u0259di\",\"datePublished\":\"2023-02-23T09:46:27+00:00\",\"dateModified\":\"2023-02-23T09:46:30+00:00\",\"mainEntityOfPage\":{\"@id\":\"https:\\\/\\\/www.meydan.tv\\\/az\\\/article\\\/avropa-mehkemesi-azerbaycani-yene-cerimeledi-3\\\/\"},\"wordCount\":444,\"publisher\":{\"@id\":\"https:\\\/\\\/www.meydan.tv\\\/az\\\/#organization\"},\"image\":{\"@id\":\"https:\\\/\\\/www.meydan.tv\\\/az\\\/article\\\/avropa-mehkemesi-azerbaycani-yene-cerimeledi-3\\\/#primaryimage\"},\"thumbnailUrl\":\"https:\\\/\\\/www.meydan.tv\\\/wp-content\\\/uploads\\\/image-from-ios-8.jpg\",\"articleSection\":[\"X\u0259b\u0259rl\u0259r\"],\"inLanguage\":\"az\"},{\"@type\":\"WebPage\",\"@id\":\"https:\\\/\\\/www.meydan.tv\\\/az\\\/article\\\/avropa-mehkemesi-azerbaycani-yene-cerimeledi-3\\\/\",\"url\":\"https:\\\/\\\/www.meydan.tv\\\/az\\\/article\\\/avropa-mehkemesi-azerbaycani-yene-cerimeledi-3\\\/\",\"name\":\"Avropa M\u0259hk\u0259m\u0259si Az\u0259rbaycan\u0131 yen\u0259 c\u0259rim\u0259l\u0259di - MEYDAN.TV\",\"isPartOf\":{\"@id\":\"https:\\\/\\\/www.meydan.tv\\\/az\\\/#website\"},\"primaryImageOfPage\":{\"@id\":\"https:\\\/\\\/www.meydan.tv\\\/az\\\/article\\\/avropa-mehkemesi-azerbaycani-yene-cerimeledi-3\\\/#primaryimage\"},\"image\":{\"@id\":\"https:\\\/\\\/www.meydan.tv\\\/az\\\/article\\\/avropa-mehkemesi-azerbaycani-yene-cerimeledi-3\\\/#primaryimage\"},\"thumbnailUrl\":\"https:\\\/\\\/www.meydan.tv\\\/wp-content\\\/uploads\\\/image-from-ios-8.jpg\",\"datePublished\":\"2023-02-23T09:46:27+00:00\",\"dateModified\":\"2023-02-23T09:46:30+00:00\",\"breadcrumb\":{\"@id\":\"https:\\\/\\\/www.meydan.tv\\\/az\\\/article\\\/avropa-mehkemesi-azerbaycani-yene-cerimeledi-3\\\/#breadcrumb\"},\"inLanguage\":\"az\",\"potentialAction\":[{\"@type\":\"ReadAction\",\"target\":[\"https:\\\/\\\/www.meydan.tv\\\/az\\\/article\\\/avropa-mehkemesi-azerbaycani-yene-cerimeledi-3\\\/\"]}]},{\"@type\":\"ImageObject\",\"inLanguage\":\"az\",\"@id\":\"https:\\\/\\\/www.meydan.tv\\\/az\\\/article\\\/avropa-mehkemesi-azerbaycani-yene-cerimeledi-3\\\/#primaryimage\",\"url\":\"https:\\\/\\\/www.meydan.tv\\\/wp-content\\\/uploads\\\/image-from-ios-8.jpg\",\"contentUrl\":\"https:\\\/\\\/www.meydan.tv\\\/wp-content\\\/uploads\\\/image-from-ios-8.jpg\",\"width\":1500,\"height\":844,\"caption\":\"M\u0259hk\u0259m\u0259. \u0130ll\u00fcstrasiya: Meydan TV\"},{\"@type\":\"BreadcrumbList\",\"@id\":\"https:\\\/\\\/www.meydan.tv\\\/az\\\/article\\\/avropa-mehkemesi-azerbaycani-yene-cerimeledi-3\\\/#breadcrumb\",\"itemListElement\":[{\"@type\":\"ListItem\",\"position\":1,\"name\":\"Ana s\u0259hif\u0259\",\"item\":\"https:\\\/\\\/www.meydan.tv\\\/az\\\/\"},{\"@type\":\"ListItem\",\"position\":2,\"name\":\"X\u0259b\u0259rl\u0259r\",\"item\":\"https:\\\/\\\/www.meydan.tv\\\/az\\\/section\\\/xeberler\\\/\"},{\"@type\":\"ListItem\",\"position\":3,\"name\":\"Avropa M\u0259hk\u0259m\u0259si Az\u0259rbaycan\u0131 yen\u0259 c\u0259rim\u0259l\u0259di\"}]},{\"@type\":\"WebSite\",\"@id\":\"https:\\\/\\\/www.meydan.tv\\\/az\\\/#website\",\"url\":\"https:\\\/\\\/www.meydan.tv\\\/az\\\/\",\"name\":\"MEYDAN.TV\",\"description\":\"Meydan TV Az\u0259rbaycan\u0131n media m\u0259kan\u0131ndak\u0131 alternativ s\u0259sidir\",\"publisher\":{\"@id\":\"https:\\\/\\\/www.meydan.tv\\\/az\\\/#organization\"},\"potentialAction\":[{\"@type\":\"SearchAction\",\"target\":{\"@type\":\"EntryPoint\",\"urlTemplate\":\"https:\\\/\\\/www.meydan.tv\\\/az\\\/?s={search_term_string}\"},\"query-input\":{\"@type\":\"PropertyValueSpecification\",\"valueRequired\":true,\"valueName\":\"search_term_string\"}}],\"inLanguage\":\"az\"},{\"@type\":\"Organization\",\"@id\":\"https:\\\/\\\/www.meydan.tv\\\/az\\\/#organization\",\"name\":\"Meydan TV\",\"url\":\"https:\\\/\\\/www.meydan.tv\\\/az\\\/\",\"logo\":{\"@type\":\"ImageObject\",\"inLanguage\":\"az\",\"@id\":\"https:\\\/\\\/www.meydan.tv\\\/az\\\/#\\\/schema\\\/logo\\\/image\\\/\",\"url\":\"https:\\\/\\\/www.meydan.tv\\\/wp-content\\\/uploads\\\/2021\\\/07\\\/meydan-logo.svg\",\"contentUrl\":\"https:\\\/\\\/www.meydan.tv\\\/wp-content\\\/uploads\\\/2021\\\/07\\\/meydan-logo.svg\",\"width\":195,\"height\":46,\"caption\":\"Meydan TV\"},\"image\":{\"@id\":\"https:\\\/\\\/www.meydan.tv\\\/az\\\/#\\\/schema\\\/logo\\\/image\\\/\"}},{\"@type\":\"Person\",\"@id\":\"https:\\\/\\\/www.meydan.tv\\\/az\\\/#\\\/schema\\\/person\\\/981b0b284aeaa9ad0cbf814cd4a9d67c\",\"name\":\"miron\"}]}<\/script>\n<!-- \/ Yoast SEO plugin. -->","yoast_head_json":{"title":"Avropa M\u0259hk\u0259m\u0259si Az\u0259rbaycan\u0131 yen\u0259 c\u0259rim\u0259l\u0259di - MEYDAN.TV","robots":{"index":"index","follow":"follow","max-snippet":"max-snippet:-1","max-image-preview":"max-image-preview:large","max-video-preview":"max-video-preview:-1"},"canonical":"https:\/\/www.meydan.tv\/az\/article\/avropa-mehkemesi-azerbaycani-yene-cerimeledi-3\/","og_locale":"az_AZ","og_type":"article","og_title":"Avropa M\u0259hk\u0259m\u0259si Az\u0259rbaycan\u0131 yen\u0259 c\u0259rim\u0259l\u0259di - MEYDAN.TV","og_description":"H\u00f6kum\u0259t \u0130lkin R\u00fcst\u0259mzad\u0259y\u0259 14500 avro t\u0259zminat \u00f6d\u0259m\u0259lidir Avropa \u0130nsan H\u00fcquqlar\u0131 ... Davam\u0131","og_url":"https:\/\/www.meydan.tv\/az\/article\/avropa-mehkemesi-azerbaycani-yene-cerimeledi-3\/","og_site_name":"MEYDAN.TV","article_published_time":"2023-02-23T09:46:27+00:00","article_modified_time":"2023-02-23T09:46:30+00:00","og_image":[{"width":1500,"height":844,"url":"https:\/\/www.meydan.tv\/wp-content\/uploads\/image-from-ios-8.jpg","type":"image\/jpeg"}],"author":"miron","twitter_card":"summary_large_image","schema":{"@context":"https:\/\/schema.org","@graph":[{"@type":"Article","@id":"https:\/\/www.meydan.tv\/az\/article\/avropa-mehkemesi-azerbaycani-yene-cerimeledi-3\/#article","isPartOf":{"@id":"https:\/\/www.meydan.tv\/az\/article\/avropa-mehkemesi-azerbaycani-yene-cerimeledi-3\/"},"author":{"name":"miron","@id":"https:\/\/www.meydan.tv\/az\/#\/schema\/person\/981b0b284aeaa9ad0cbf814cd4a9d67c"},"headline":"Avropa M\u0259hk\u0259m\u0259si Az\u0259rbaycan\u0131 yen\u0259 c\u0259rim\u0259l\u0259di","datePublished":"2023-02-23T09:46:27+00:00","dateModified":"2023-02-23T09:46:30+00:00","mainEntityOfPage":{"@id":"https:\/\/www.meydan.tv\/az\/article\/avropa-mehkemesi-azerbaycani-yene-cerimeledi-3\/"},"wordCount":444,"publisher":{"@id":"https:\/\/www.meydan.tv\/az\/#organization"},"image":{"@id":"https:\/\/www.meydan.tv\/az\/article\/avropa-mehkemesi-azerbaycani-yene-cerimeledi-3\/#primaryimage"},"thumbnailUrl":"https:\/\/www.meydan.tv\/wp-content\/uploads\/image-from-ios-8.jpg","articleSection":["X\u0259b\u0259rl\u0259r"],"inLanguage":"az"},{"@type":"WebPage","@id":"https:\/\/www.meydan.tv\/az\/article\/avropa-mehkemesi-azerbaycani-yene-cerimeledi-3\/","url":"https:\/\/www.meydan.tv\/az\/article\/avropa-mehkemesi-azerbaycani-yene-cerimeledi-3\/","name":"Avropa M\u0259hk\u0259m\u0259si Az\u0259rbaycan\u0131 yen\u0259 c\u0259rim\u0259l\u0259di - MEYDAN.TV","isPartOf":{"@id":"https:\/\/www.meydan.tv\/az\/#website"},"primaryImageOfPage":{"@id":"https:\/\/www.meydan.tv\/az\/article\/avropa-mehkemesi-azerbaycani-yene-cerimeledi-3\/#primaryimage"},"image":{"@id":"https:\/\/www.meydan.tv\/az\/article\/avropa-mehkemesi-azerbaycani-yene-cerimeledi-3\/#primaryimage"},"thumbnailUrl":"https:\/\/www.meydan.tv\/wp-content\/uploads\/image-from-ios-8.jpg","datePublished":"2023-02-23T09:46:27+00:00","dateModified":"2023-02-23T09:46:30+00:00","breadcrumb":{"@id":"https:\/\/www.meydan.tv\/az\/article\/avropa-mehkemesi-azerbaycani-yene-cerimeledi-3\/#breadcrumb"},"inLanguage":"az","potentialAction":[{"@type":"ReadAction","target":["https:\/\/www.meydan.tv\/az\/article\/avropa-mehkemesi-azerbaycani-yene-cerimeledi-3\/"]}]},{"@type":"ImageObject","inLanguage":"az","@id":"https:\/\/www.meydan.tv\/az\/article\/avropa-mehkemesi-azerbaycani-yene-cerimeledi-3\/#primaryimage","url":"https:\/\/www.meydan.tv\/wp-content\/uploads\/image-from-ios-8.jpg","contentUrl":"https:\/\/www.meydan.tv\/wp-content\/uploads\/image-from-ios-8.jpg","width":1500,"height":844,"caption":"M\u0259hk\u0259m\u0259. \u0130ll\u00fcstrasiya: Meydan TV"},{"@type":"BreadcrumbList","@id":"https:\/\/www.meydan.tv\/az\/article\/avropa-mehkemesi-azerbaycani-yene-cerimeledi-3\/#breadcrumb","itemListElement":[{"@type":"ListItem","position":1,"name":"Ana s\u0259hif\u0259","item":"https:\/\/www.meydan.tv\/az\/"},{"@type":"ListItem","position":2,"name":"X\u0259b\u0259rl\u0259r","item":"https:\/\/www.meydan.tv\/az\/section\/xeberler\/"},{"@type":"ListItem","position":3,"name":"Avropa M\u0259hk\u0259m\u0259si Az\u0259rbaycan\u0131 yen\u0259 c\u0259rim\u0259l\u0259di"}]},{"@type":"WebSite","@id":"https:\/\/www.meydan.tv\/az\/#website","url":"https:\/\/www.meydan.tv\/az\/","name":"MEYDAN.TV","description":"Meydan TV Az\u0259rbaycan\u0131n media m\u0259kan\u0131ndak\u0131 alternativ s\u0259sidir","publisher":{"@id":"https:\/\/www.meydan.tv\/az\/#organization"},"potentialAction":[{"@type":"SearchAction","target":{"@type":"EntryPoint","urlTemplate":"https:\/\/www.meydan.tv\/az\/?s={search_term_string}"},"query-input":{"@type":"PropertyValueSpecification","valueRequired":true,"valueName":"search_term_string"}}],"inLanguage":"az"},{"@type":"Organization","@id":"https:\/\/www.meydan.tv\/az\/#organization","name":"Meydan TV","url":"https:\/\/www.meydan.tv\/az\/","logo":{"@type":"ImageObject","inLanguage":"az","@id":"https:\/\/www.meydan.tv\/az\/#\/schema\/logo\/image\/","url":"https:\/\/www.meydan.tv\/wp-content\/uploads\/2021\/07\/meydan-logo.svg","contentUrl":"https:\/\/www.meydan.tv\/wp-content\/uploads\/2021\/07\/meydan-logo.svg","width":195,"height":46,"caption":"Meydan TV"},"image":{"@id":"https:\/\/www.meydan.tv\/az\/#\/schema\/logo\/image\/"}},{"@type":"Person","@id":"https:\/\/www.meydan.tv\/az\/#\/schema\/person\/981b0b284aeaa9ad0cbf814cd4a9d67c","name":"miron"}]}},"_links":{"self":[{"href":"https:\/\/www.meydan.tv\/az\/wp-json\/wp\/v2\/posts\/269171","targetHints":{"allow":["GET"]}}],"collection":[{"href":"https:\/\/www.meydan.tv\/az\/wp-json\/wp\/v2\/posts"}],"about":[{"href":"https:\/\/www.meydan.tv\/az\/wp-json\/wp\/v2\/types\/post"}],"author":[{"embeddable":true,"href":"https:\/\/www.meydan.tv\/az\/wp-json\/wp\/v2\/users\/18"}],"replies":[{"embeddable":true,"href":"https:\/\/www.meydan.tv\/az\/wp-json\/wp\/v2\/comments?post=269171"}],"version-history":[{"count":1,"href":"https:\/\/www.meydan.tv\/az\/wp-json\/wp\/v2\/posts\/269171\/revisions"}],"predecessor-version":[{"id":269172,"href":"https:\/\/www.meydan.tv\/az\/wp-json\/wp\/v2\/posts\/269171\/revisions\/269172"}],"wp:featuredmedia":[{"embeddable":true,"href":"https:\/\/www.meydan.tv\/az\/wp-json\/wp\/v2\/media\/260251"}],"wp:attachment":[{"href":"https:\/\/www.meydan.tv\/az\/wp-json\/wp\/v2\/media?parent=269171"}],"wp:term":[{"taxonomy":"category","embeddable":true,"href":"https:\/\/www.meydan.tv\/az\/wp-json\/wp\/v2\/categories?post=269171"},{"taxonomy":"post_tag","embeddable":true,"href":"https:\/\/www.meydan.tv\/az\/wp-json\/wp\/v2\/tags?post=269171"}],"curies":[{"name":"wp","href":"https:\/\/api.w.org\/{rel}","templated":true}]}}