{"id":269152,"date":"2023-02-23T13:23:55","date_gmt":"2023-02-23T09:23:55","guid":{"rendered":"https:\/\/www.meydan.tv\/?p=269152"},"modified":"2023-02-23T13:41:04","modified_gmt":"2023-02-23T09:41:04","slug":"ilisu-kendinin-sakinleri-qisda-su-uzune-hesret-qaldiqlarini-deyirler","status":"publish","type":"post","link":"https:\/\/www.meydan.tv\/az\/article\/ilisu-kendinin-sakinleri-qisda-su-uzune-hesret-qaldiqlarini-deyirler\/","title":{"rendered":"\u0130lisu k\u0259ndinin sakinl\u0259ri q\u0131\u015fda su \u00fcz\u00fcn\u0259 h\u0259sr\u0259t qald\u0131qlar\u0131n\u0131 deyirl\u0259r"},"content":{"rendered":"\n<p><em>\u201cYa\u011fan qar\u0131 \u0259ridib, onun suyu il\u0259 yuyunanlar var\u201d<\/em><\/p>\n\n\n\n<p>\u201cK\u0259ndimiz\u0259 4 il bundan \u0259vv\u0259l \u201cK\u0259nd \u0130nvestisiya Layih\u0259si \u00e7\u0259r\u00e7iv\u0259sind\u0259 su x\u0259tti \u00e7\u0259kdil\u0259r. Amma b\u00fct\u00fcn q\u0131\u015f su \u00fcz\u00fcn\u0259 h\u0259sr\u0259t qalm\u0131\u015f\u0131q\u201d.<\/p>\n\n\n\n<p>Bunu Meydan TV-y\u0259 Qax rayonu, \u0130lisu k\u0259ndinin sakinl\u0259ri bildiribl\u0259r. Sakinl\u0259rin s\u00f6zl\u0259rin\u0259 g\u00f6r\u0259, layih\u0259 t\u0259hvil veril\u0259nd\u0259n bu yana, bir g\u00fcn olsa bel\u0259 q\u0131\u015fda su il\u0259 t\u0259min olunmay\u0131blar.<\/p>\n\n\n\n<p>\u201cK\u0259ndd\u0259 t\u0259xmin\u0259n 200-d\u0259n \u00e7ox ail\u0259 h\u0259r ilin q\u0131\u015f aylar\u0131nda i\u00e7m\u0259li su \u00fcz\u00fcn\u0259 h\u0259sr\u0259t qal\u0131r. Halbuki, borulardan evl\u0259r\u0259 su x\u0259ttinin \u00e7\u0259kili\u015fi \u00fc\u00e7\u00fcn \u00f6z\u00fcm\u00fcz pul \u00f6d\u0259mi\u015fik. Borular yerin alt\u0131ndan ke\u00e7ir\u201d,- sakinl\u0259rd\u0259n biri deyib. O, d\u00f6vl\u0259t m\u00fc\u0259ssis\u0259l\u0259rinin birind\u0259 \u00e7al\u0131\u015fd\u0131\u011f\u0131ndan i\u015fd\u0259n \u00e7\u0131xar\u0131lma qorxusu il\u0259 ad\u0131n\u0131n m\u0259tbuatda a\u00e7\u0131qlanmas\u0131n\u0131 ist\u0259m\u0259yib.<\/p>\n\n\n\n<p>Sakinl\u0259rin s\u00f6zl\u0259rin\u0259 g\u00f6r\u0259, k\u0259ndd\u0259 \u0259halinin 50 faiz\u0259 yax\u0131n\u0131 su problemind\u0259n \u0259ziyy\u0259t \u00e7\u0259kir.<\/p>\n\n\n\n<figure class=\"wp-block-image size-full\"><img decoding=\"async\" width=\"828\" height=\"446\" data-src=\"https:\/\/www.meydan.tv\/wp-content\/uploads\/image-16.png\" alt=\"\" class=\"wp-image-269156 lazyload\" src=\"data:image\/svg+xml;base64,PHN2ZyB3aWR0aD0iMSIgaGVpZ2h0PSIxIiB4bWxucz0iaHR0cDovL3d3dy53My5vcmcvMjAwMC9zdmciPjwvc3ZnPg==\" style=\"--smush-placeholder-width: 828px; --smush-placeholder-aspect-ratio: 828\/446;\" \/><\/figure>\n\n\n\n<p>\u0130lisu Qax\u0131n \u0259n \u00e7ox turist c\u0259lb ed\u0259n k\u0259ndl\u0259rind\u0259n biridir. K\u0259ndin 1300-d\u0259n art\u0131q sakini var. \u015eikay\u0259t\u00e7il\u0259r deyibl\u0259r ki, layih\u0259 \u00e7\u0259r\u00e7iv\u0259sind\u0259 \u00e7\u0259kil\u0259n borular torpa\u011f\u0131n alt\u0131 il\u0259 gedir, problem ba\u015f verdikd\u0259 m\u00fcdaxil\u0259 etm\u0259k m\u00fcmk\u00fcn olmur.<\/p>\n\n\n\n<p>Sakinl\u0259rd\u0259n Zahid M\u0259mm\u0259dov is\u0259 bildirib ki, \u0130lisunun q\u0131\u015fda su problemi ill\u0259rdir davam edir. Q\u0131\u015f k\u0259ndd\u0259 \u00e7ox s\u0259rt ke\u00e7ir, insanlar qarl\u0131-buzlu yollarda vedr\u0259l\u0259rl\u0259 su da\u015f\u0131ma\u011fa m\u0259cbur qal\u0131blar:<\/p>\n\n\n\n<p>\u201cYayda turist \u00e7ox g\u0259lir, insaf\u0259n su problemi d\u0259 olmur. H\u0259r il n\u0259 q\u0259d\u0259r turistin ax\u0131n etdiyi k\u0259ndd\u0259 insanlar \u00e7\u0259tin \u015f\u0259raitd\u0259 ya\u015fay\u0131rlar. \u015eikay\u0259t ed\u0259nd\u0259 is\u0259 Qax Rayon \u0130cra Hakimiyy\u0259tinin xo\u015funa g\u0259lmir. Su olmad\u0131\u011f\u0131 halda sakinl\u0259r su pulu \u00f6d\u0259yirl\u0259r. Naraz\u0131l\u0131q ed\u0259nl\u0259r\u0259 is\u0259 deyirl\u0259r ki, yaya kimi birt\u0259h\u0259r d\u00f6zm\u0259k laz\u0131md\u0131r. K\u0259ndin a\u015fa\u011f\u0131 t\u0259r\u0259find\u0259 ya\u015fayanlar\u0131n v\u0259ziyy\u0259ti daha a\u011f\u0131rd\u0131r. K\u0259ndin bu ba\u015f\u0131ndan o biri ba\u015f\u0131na gedb bir vedr\u0259 su g\u00f6t\u00fcr\u00fcrl\u0259r. Su g\u0259l\u0259n evl\u0259rd\u0259 d\u0259 t\u0259zyiq o q\u0259d\u0259r a\u015fa\u011f\u0131 olur ki, bir vedr\u0259 su yar\u0131m saata dolur\u201d.<\/p>\n\n\n\n<figure class=\"wp-block-image size-full\"><img decoding=\"async\" width=\"1024\" height=\"556\" data-src=\"https:\/\/www.meydan.tv\/wp-content\/uploads\/image-17.png\" alt=\"\" class=\"wp-image-269159 lazyload\" src=\"data:image\/svg+xml;base64,PHN2ZyB3aWR0aD0iMSIgaGVpZ2h0PSIxIiB4bWxucz0iaHR0cDovL3d3dy53My5vcmcvMjAwMC9zdmciPjwvc3ZnPg==\" style=\"--smush-placeholder-width: 1024px; --smush-placeholder-aspect-ratio: 1024\/556;\" \/><\/figure>\n\n\n\n<p>Sakinl\u0259r onu da deyibl\u0259r ki, ya\u011fan qar\u0131 \u0259ridib, onun suyu il\u0259 yuyunanlar var. Suya ehtiyaclar\u0131n\u0131 ya qar, ya ya\u011f\u0131\u015f\u0131n hesab\u0131na \u00f6d\u0259m\u0259y\u0259 \u00e7al\u0131\u015f\u0131rlar.<\/p>\n\n\n\n<p>\u0130lisu K\u0259nd B\u0259l\u0259diyy\u0259sind\u0259n is\u0259 Meydan TV-y\u0259 bildiribl\u0259r ki, haz\u0131rda k\u0259ndd\u0259 qar ya\u011f\u0131r, n\u0259inki borular h\u0259tta torpaq donub. Buna g\u00f6r\u0259 d\u0259, suyun verilm\u0259sind\u0259 m\u00fc\u0259yy\u0259n \u00e7\u0259tinlikl\u0259r var:<\/p>\n\n\n\n<p>\u201cHava \u015f\u0259raiti d\u00fcz\u0259l\u0259nd\u0259n sonra is\u0259 su g\u0259lir. \u00dcmumiyy\u0259tl\u0259 k\u0259ndd\u0259 i\u00e7m\u0259li su \u00e7\u0259tinliyi yaln\u0131z hava \u015f\u0259raiti il\u0259 ba\u011fl\u0131d\u0131r\u201d.<\/p>\n","protected":false},"excerpt":{"rendered":"<p>\u201cYa\u011fan qar\u0131 \u0259ridib, onun suyu il\u0259 yuyunanlar var\u201d \u201cK\u0259ndimiz\u0259 4 &#8230; <\/p>\n<p class=\"read-more-container\"><a title=\"\u0130lisu k\u0259ndinin sakinl\u0259ri q\u0131\u015fda su \u00fcz\u00fcn\u0259 h\u0259sr\u0259t qald\u0131qlar\u0131n\u0131 deyirl\u0259r\" class=\"read-more button\" href=\"https:\/\/www.meydan.tv\/az\/article\/ilisu-kendinin-sakinleri-qisda-su-uzune-hesret-qaldiqlarini-deyirler\/#more-269152\" aria-label=\"Read more about \u0130lisu k\u0259ndinin sakinl\u0259ri q\u0131\u015fda su \u00fcz\u00fcn\u0259 h\u0259sr\u0259t qald\u0131qlar\u0131n\u0131 deyirl\u0259r\">Davam\u0131<\/a><\/p>\n","protected":false},"author":18,"featured_media":269153,"comment_status":"closed","ping_status":"closed","sticky":false,"template":"","format":"standard","meta":{"_acf_changed":false,"_sitemap_exclude":false,"_sitemap_priority":"","_sitemap_frequency":"","footnotes":""},"categories":[60,62,56],"tags":[],"class_list":["post-269152","post","type-post","status-publish","format-standard","has-post-thumbnail","hentry","category-bolge","category-sosial","category-xeberler","infinite-scroll-item","generate-columns","tablet-grid-50","mobile-grid-100","grid-parent","grid-33","no-featured-image-padding"],"acf":[],"yoast_head":"<!-- This site is optimized with the Yoast SEO plugin v27.5 - https:\/\/yoast.com\/product\/yoast-seo-wordpress\/ -->\n<title>\u0130lisu k\u0259ndinin sakinl\u0259ri q\u0131\u015fda su \u00fcz\u00fcn\u0259 h\u0259sr\u0259t qald\u0131qlar\u0131n\u0131 deyirl\u0259r - MEYDAN.TV<\/title>\n<meta name=\"robots\" content=\"index, follow, max-snippet:-1, max-image-preview:large, max-video-preview:-1\" \/>\n<link rel=\"canonical\" href=\"https:\/\/www.meydan.tv\/az\/article\/ilisu-kendinin-sakinleri-qisda-su-uzune-hesret-qaldiqlarini-deyirler\/\" \/>\n<meta property=\"og:locale\" content=\"az_AZ\" \/>\n<meta property=\"og:type\" content=\"article\" \/>\n<meta property=\"og:title\" content=\"\u0130lisu k\u0259ndinin sakinl\u0259ri q\u0131\u015fda su \u00fcz\u00fcn\u0259 h\u0259sr\u0259t qald\u0131qlar\u0131n\u0131 deyirl\u0259r - MEYDAN.TV\" \/>\n<meta property=\"og:description\" content=\"\u201cYa\u011fan qar\u0131 \u0259ridib, onun suyu il\u0259 yuyunanlar var\u201d \u201cK\u0259ndimiz\u0259 4 ... Davam\u0131\" \/>\n<meta property=\"og:url\" content=\"https:\/\/www.meydan.tv\/az\/article\/ilisu-kendinin-sakinleri-qisda-su-uzune-hesret-qaldiqlarini-deyirler\/\" \/>\n<meta property=\"og:site_name\" content=\"MEYDAN.TV\" \/>\n<meta property=\"article:published_time\" content=\"2023-02-23T09:23:55+00:00\" \/>\n<meta property=\"article:modified_time\" content=\"2023-02-23T09:41:04+00:00\" \/>\n<meta property=\"og:image\" content=\"https:\/\/www.meydan.tv\/wp-content\/uploads\/rest-30442-scaled.jpg\" \/>\n\t<meta property=\"og:image:width\" content=\"2560\" \/>\n\t<meta property=\"og:image:height\" content=\"1920\" \/>\n\t<meta property=\"og:image:type\" content=\"image\/jpeg\" \/>\n<meta name=\"author\" content=\"miron\" \/>\n<meta name=\"twitter:card\" content=\"summary_large_image\" \/>\n<script type=\"application\/ld+json\" class=\"yoast-schema-graph\">{\"@context\":\"https:\\\/\\\/schema.org\",\"@graph\":[{\"@type\":\"Article\",\"@id\":\"https:\\\/\\\/www.meydan.tv\\\/az\\\/article\\\/ilisu-kendinin-sakinleri-qisda-su-uzune-hesret-qaldiqlarini-deyirler\\\/#article\",\"isPartOf\":{\"@id\":\"https:\\\/\\\/www.meydan.tv\\\/az\\\/article\\\/ilisu-kendinin-sakinleri-qisda-su-uzune-hesret-qaldiqlarini-deyirler\\\/\"},\"author\":{\"name\":\"miron\",\"@id\":\"https:\\\/\\\/www.meydan.tv\\\/az\\\/#\\\/schema\\\/person\\\/981b0b284aeaa9ad0cbf814cd4a9d67c\"},\"headline\":\"\u0130lisu k\u0259ndinin sakinl\u0259ri q\u0131\u015fda su \u00fcz\u00fcn\u0259 h\u0259sr\u0259t qald\u0131qlar\u0131n\u0131 deyirl\u0259r\",\"datePublished\":\"2023-02-23T09:23:55+00:00\",\"dateModified\":\"2023-02-23T09:41:04+00:00\",\"mainEntityOfPage\":{\"@id\":\"https:\\\/\\\/www.meydan.tv\\\/az\\\/article\\\/ilisu-kendinin-sakinleri-qisda-su-uzune-hesret-qaldiqlarini-deyirler\\\/\"},\"wordCount\":534,\"publisher\":{\"@id\":\"https:\\\/\\\/www.meydan.tv\\\/az\\\/#organization\"},\"image\":{\"@id\":\"https:\\\/\\\/www.meydan.tv\\\/az\\\/article\\\/ilisu-kendinin-sakinleri-qisda-su-uzune-hesret-qaldiqlarini-deyirler\\\/#primaryimage\"},\"thumbnailUrl\":\"https:\\\/\\\/www.meydan.tv\\\/wp-content\\\/uploads\\\/rest-30442-scaled.jpg\",\"articleSection\":[\"B\u00f6lg\u0259\",\"Sosial\",\"X\u0259b\u0259rl\u0259r\"],\"inLanguage\":\"az\"},{\"@type\":\"WebPage\",\"@id\":\"https:\\\/\\\/www.meydan.tv\\\/az\\\/article\\\/ilisu-kendinin-sakinleri-qisda-su-uzune-hesret-qaldiqlarini-deyirler\\\/\",\"url\":\"https:\\\/\\\/www.meydan.tv\\\/az\\\/article\\\/ilisu-kendinin-sakinleri-qisda-su-uzune-hesret-qaldiqlarini-deyirler\\\/\",\"name\":\"\u0130lisu k\u0259ndinin sakinl\u0259ri q\u0131\u015fda su \u00fcz\u00fcn\u0259 h\u0259sr\u0259t qald\u0131qlar\u0131n\u0131 deyirl\u0259r - MEYDAN.TV\",\"isPartOf\":{\"@id\":\"https:\\\/\\\/www.meydan.tv\\\/az\\\/#website\"},\"primaryImageOfPage\":{\"@id\":\"https:\\\/\\\/www.meydan.tv\\\/az\\\/article\\\/ilisu-kendinin-sakinleri-qisda-su-uzune-hesret-qaldiqlarini-deyirler\\\/#primaryimage\"},\"image\":{\"@id\":\"https:\\\/\\\/www.meydan.tv\\\/az\\\/article\\\/ilisu-kendinin-sakinleri-qisda-su-uzune-hesret-qaldiqlarini-deyirler\\\/#primaryimage\"},\"thumbnailUrl\":\"https:\\\/\\\/www.meydan.tv\\\/wp-content\\\/uploads\\\/rest-30442-scaled.jpg\",\"datePublished\":\"2023-02-23T09:23:55+00:00\",\"dateModified\":\"2023-02-23T09:41:04+00:00\",\"breadcrumb\":{\"@id\":\"https:\\\/\\\/www.meydan.tv\\\/az\\\/article\\\/ilisu-kendinin-sakinleri-qisda-su-uzune-hesret-qaldiqlarini-deyirler\\\/#breadcrumb\"},\"inLanguage\":\"az\",\"potentialAction\":[{\"@type\":\"ReadAction\",\"target\":[\"https:\\\/\\\/www.meydan.tv\\\/az\\\/article\\\/ilisu-kendinin-sakinleri-qisda-su-uzune-hesret-qaldiqlarini-deyirler\\\/\"]}]},{\"@type\":\"ImageObject\",\"inLanguage\":\"az\",\"@id\":\"https:\\\/\\\/www.meydan.tv\\\/az\\\/article\\\/ilisu-kendinin-sakinleri-qisda-su-uzune-hesret-qaldiqlarini-deyirler\\\/#primaryimage\",\"url\":\"https:\\\/\\\/www.meydan.tv\\\/wp-content\\\/uploads\\\/rest-30442-scaled.jpg\",\"contentUrl\":\"https:\\\/\\\/www.meydan.tv\\\/wp-content\\\/uploads\\\/rest-30442-scaled.jpg\",\"width\":2560,\"height\":1920,\"caption\":\"M\u0259nb\u0259: S\u0259yyah.az\"},{\"@type\":\"BreadcrumbList\",\"@id\":\"https:\\\/\\\/www.meydan.tv\\\/az\\\/article\\\/ilisu-kendinin-sakinleri-qisda-su-uzune-hesret-qaldiqlarini-deyirler\\\/#breadcrumb\",\"itemListElement\":[{\"@type\":\"ListItem\",\"position\":1,\"name\":\"Ana s\u0259hif\u0259\",\"item\":\"https:\\\/\\\/www.meydan.tv\\\/az\\\/\"},{\"@type\":\"ListItem\",\"position\":2,\"name\":\"X\u0259b\u0259rl\u0259r\",\"item\":\"https:\\\/\\\/www.meydan.tv\\\/az\\\/section\\\/xeberler\\\/\"},{\"@type\":\"ListItem\",\"position\":3,\"name\":\"\u0130lisu k\u0259ndinin sakinl\u0259ri q\u0131\u015fda su \u00fcz\u00fcn\u0259 h\u0259sr\u0259t qald\u0131qlar\u0131n\u0131 deyirl\u0259r\"}]},{\"@type\":\"WebSite\",\"@id\":\"https:\\\/\\\/www.meydan.tv\\\/az\\\/#website\",\"url\":\"https:\\\/\\\/www.meydan.tv\\\/az\\\/\",\"name\":\"MEYDAN.TV\",\"description\":\"Meydan TV Az\u0259rbaycan\u0131n media m\u0259kan\u0131ndak\u0131 alternativ s\u0259sidir\",\"publisher\":{\"@id\":\"https:\\\/\\\/www.meydan.tv\\\/az\\\/#organization\"},\"potentialAction\":[{\"@type\":\"SearchAction\",\"target\":{\"@type\":\"EntryPoint\",\"urlTemplate\":\"https:\\\/\\\/www.meydan.tv\\\/az\\\/?s={search_term_string}\"},\"query-input\":{\"@type\":\"PropertyValueSpecification\",\"valueRequired\":true,\"valueName\":\"search_term_string\"}}],\"inLanguage\":\"az\"},{\"@type\":\"Organization\",\"@id\":\"https:\\\/\\\/www.meydan.tv\\\/az\\\/#organization\",\"name\":\"Meydan TV\",\"url\":\"https:\\\/\\\/www.meydan.tv\\\/az\\\/\",\"logo\":{\"@type\":\"ImageObject\",\"inLanguage\":\"az\",\"@id\":\"https:\\\/\\\/www.meydan.tv\\\/az\\\/#\\\/schema\\\/logo\\\/image\\\/\",\"url\":\"https:\\\/\\\/www.meydan.tv\\\/wp-content\\\/uploads\\\/2021\\\/07\\\/meydan-logo.svg\",\"contentUrl\":\"https:\\\/\\\/www.meydan.tv\\\/wp-content\\\/uploads\\\/2021\\\/07\\\/meydan-logo.svg\",\"width\":195,\"height\":46,\"caption\":\"Meydan TV\"},\"image\":{\"@id\":\"https:\\\/\\\/www.meydan.tv\\\/az\\\/#\\\/schema\\\/logo\\\/image\\\/\"}},{\"@type\":\"Person\",\"@id\":\"https:\\\/\\\/www.meydan.tv\\\/az\\\/#\\\/schema\\\/person\\\/981b0b284aeaa9ad0cbf814cd4a9d67c\",\"name\":\"miron\"}]}<\/script>\n<!-- \/ Yoast SEO plugin. -->","yoast_head_json":{"title":"\u0130lisu k\u0259ndinin sakinl\u0259ri q\u0131\u015fda su \u00fcz\u00fcn\u0259 h\u0259sr\u0259t qald\u0131qlar\u0131n\u0131 deyirl\u0259r - MEYDAN.TV","robots":{"index":"index","follow":"follow","max-snippet":"max-snippet:-1","max-image-preview":"max-image-preview:large","max-video-preview":"max-video-preview:-1"},"canonical":"https:\/\/www.meydan.tv\/az\/article\/ilisu-kendinin-sakinleri-qisda-su-uzune-hesret-qaldiqlarini-deyirler\/","og_locale":"az_AZ","og_type":"article","og_title":"\u0130lisu k\u0259ndinin sakinl\u0259ri q\u0131\u015fda su \u00fcz\u00fcn\u0259 h\u0259sr\u0259t qald\u0131qlar\u0131n\u0131 deyirl\u0259r - MEYDAN.TV","og_description":"\u201cYa\u011fan qar\u0131 \u0259ridib, onun suyu il\u0259 yuyunanlar var\u201d \u201cK\u0259ndimiz\u0259 4 ... Davam\u0131","og_url":"https:\/\/www.meydan.tv\/az\/article\/ilisu-kendinin-sakinleri-qisda-su-uzune-hesret-qaldiqlarini-deyirler\/","og_site_name":"MEYDAN.TV","article_published_time":"2023-02-23T09:23:55+00:00","article_modified_time":"2023-02-23T09:41:04+00:00","og_image":[{"width":2560,"height":1920,"url":"https:\/\/www.meydan.tv\/wp-content\/uploads\/rest-30442-scaled.jpg","type":"image\/jpeg"}],"author":"miron","twitter_card":"summary_large_image","schema":{"@context":"https:\/\/schema.org","@graph":[{"@type":"Article","@id":"https:\/\/www.meydan.tv\/az\/article\/ilisu-kendinin-sakinleri-qisda-su-uzune-hesret-qaldiqlarini-deyirler\/#article","isPartOf":{"@id":"https:\/\/www.meydan.tv\/az\/article\/ilisu-kendinin-sakinleri-qisda-su-uzune-hesret-qaldiqlarini-deyirler\/"},"author":{"name":"miron","@id":"https:\/\/www.meydan.tv\/az\/#\/schema\/person\/981b0b284aeaa9ad0cbf814cd4a9d67c"},"headline":"\u0130lisu k\u0259ndinin sakinl\u0259ri q\u0131\u015fda su \u00fcz\u00fcn\u0259 h\u0259sr\u0259t qald\u0131qlar\u0131n\u0131 deyirl\u0259r","datePublished":"2023-02-23T09:23:55+00:00","dateModified":"2023-02-23T09:41:04+00:00","mainEntityOfPage":{"@id":"https:\/\/www.meydan.tv\/az\/article\/ilisu-kendinin-sakinleri-qisda-su-uzune-hesret-qaldiqlarini-deyirler\/"},"wordCount":534,"publisher":{"@id":"https:\/\/www.meydan.tv\/az\/#organization"},"image":{"@id":"https:\/\/www.meydan.tv\/az\/article\/ilisu-kendinin-sakinleri-qisda-su-uzune-hesret-qaldiqlarini-deyirler\/#primaryimage"},"thumbnailUrl":"https:\/\/www.meydan.tv\/wp-content\/uploads\/rest-30442-scaled.jpg","articleSection":["B\u00f6lg\u0259","Sosial","X\u0259b\u0259rl\u0259r"],"inLanguage":"az"},{"@type":"WebPage","@id":"https:\/\/www.meydan.tv\/az\/article\/ilisu-kendinin-sakinleri-qisda-su-uzune-hesret-qaldiqlarini-deyirler\/","url":"https:\/\/www.meydan.tv\/az\/article\/ilisu-kendinin-sakinleri-qisda-su-uzune-hesret-qaldiqlarini-deyirler\/","name":"\u0130lisu k\u0259ndinin sakinl\u0259ri q\u0131\u015fda su \u00fcz\u00fcn\u0259 h\u0259sr\u0259t qald\u0131qlar\u0131n\u0131 deyirl\u0259r - MEYDAN.TV","isPartOf":{"@id":"https:\/\/www.meydan.tv\/az\/#website"},"primaryImageOfPage":{"@id":"https:\/\/www.meydan.tv\/az\/article\/ilisu-kendinin-sakinleri-qisda-su-uzune-hesret-qaldiqlarini-deyirler\/#primaryimage"},"image":{"@id":"https:\/\/www.meydan.tv\/az\/article\/ilisu-kendinin-sakinleri-qisda-su-uzune-hesret-qaldiqlarini-deyirler\/#primaryimage"},"thumbnailUrl":"https:\/\/www.meydan.tv\/wp-content\/uploads\/rest-30442-scaled.jpg","datePublished":"2023-02-23T09:23:55+00:00","dateModified":"2023-02-23T09:41:04+00:00","breadcrumb":{"@id":"https:\/\/www.meydan.tv\/az\/article\/ilisu-kendinin-sakinleri-qisda-su-uzune-hesret-qaldiqlarini-deyirler\/#breadcrumb"},"inLanguage":"az","potentialAction":[{"@type":"ReadAction","target":["https:\/\/www.meydan.tv\/az\/article\/ilisu-kendinin-sakinleri-qisda-su-uzune-hesret-qaldiqlarini-deyirler\/"]}]},{"@type":"ImageObject","inLanguage":"az","@id":"https:\/\/www.meydan.tv\/az\/article\/ilisu-kendinin-sakinleri-qisda-su-uzune-hesret-qaldiqlarini-deyirler\/#primaryimage","url":"https:\/\/www.meydan.tv\/wp-content\/uploads\/rest-30442-scaled.jpg","contentUrl":"https:\/\/www.meydan.tv\/wp-content\/uploads\/rest-30442-scaled.jpg","width":2560,"height":1920,"caption":"M\u0259nb\u0259: S\u0259yyah.az"},{"@type":"BreadcrumbList","@id":"https:\/\/www.meydan.tv\/az\/article\/ilisu-kendinin-sakinleri-qisda-su-uzune-hesret-qaldiqlarini-deyirler\/#breadcrumb","itemListElement":[{"@type":"ListItem","position":1,"name":"Ana s\u0259hif\u0259","item":"https:\/\/www.meydan.tv\/az\/"},{"@type":"ListItem","position":2,"name":"X\u0259b\u0259rl\u0259r","item":"https:\/\/www.meydan.tv\/az\/section\/xeberler\/"},{"@type":"ListItem","position":3,"name":"\u0130lisu k\u0259ndinin sakinl\u0259ri q\u0131\u015fda su \u00fcz\u00fcn\u0259 h\u0259sr\u0259t qald\u0131qlar\u0131n\u0131 deyirl\u0259r"}]},{"@type":"WebSite","@id":"https:\/\/www.meydan.tv\/az\/#website","url":"https:\/\/www.meydan.tv\/az\/","name":"MEYDAN.TV","description":"Meydan TV Az\u0259rbaycan\u0131n media m\u0259kan\u0131ndak\u0131 alternativ s\u0259sidir","publisher":{"@id":"https:\/\/www.meydan.tv\/az\/#organization"},"potentialAction":[{"@type":"SearchAction","target":{"@type":"EntryPoint","urlTemplate":"https:\/\/www.meydan.tv\/az\/?s={search_term_string}"},"query-input":{"@type":"PropertyValueSpecification","valueRequired":true,"valueName":"search_term_string"}}],"inLanguage":"az"},{"@type":"Organization","@id":"https:\/\/www.meydan.tv\/az\/#organization","name":"Meydan TV","url":"https:\/\/www.meydan.tv\/az\/","logo":{"@type":"ImageObject","inLanguage":"az","@id":"https:\/\/www.meydan.tv\/az\/#\/schema\/logo\/image\/","url":"https:\/\/www.meydan.tv\/wp-content\/uploads\/2021\/07\/meydan-logo.svg","contentUrl":"https:\/\/www.meydan.tv\/wp-content\/uploads\/2021\/07\/meydan-logo.svg","width":195,"height":46,"caption":"Meydan TV"},"image":{"@id":"https:\/\/www.meydan.tv\/az\/#\/schema\/logo\/image\/"}},{"@type":"Person","@id":"https:\/\/www.meydan.tv\/az\/#\/schema\/person\/981b0b284aeaa9ad0cbf814cd4a9d67c","name":"miron"}]}},"_links":{"self":[{"href":"https:\/\/www.meydan.tv\/az\/wp-json\/wp\/v2\/posts\/269152","targetHints":{"allow":["GET"]}}],"collection":[{"href":"https:\/\/www.meydan.tv\/az\/wp-json\/wp\/v2\/posts"}],"about":[{"href":"https:\/\/www.meydan.tv\/az\/wp-json\/wp\/v2\/types\/post"}],"author":[{"embeddable":true,"href":"https:\/\/www.meydan.tv\/az\/wp-json\/wp\/v2\/users\/18"}],"replies":[{"embeddable":true,"href":"https:\/\/www.meydan.tv\/az\/wp-json\/wp\/v2\/comments?post=269152"}],"version-history":[{"count":1,"href":"https:\/\/www.meydan.tv\/az\/wp-json\/wp\/v2\/posts\/269152\/revisions"}],"predecessor-version":[{"id":269162,"href":"https:\/\/www.meydan.tv\/az\/wp-json\/wp\/v2\/posts\/269152\/revisions\/269162"}],"wp:featuredmedia":[{"embeddable":true,"href":"https:\/\/www.meydan.tv\/az\/wp-json\/wp\/v2\/media\/269153"}],"wp:attachment":[{"href":"https:\/\/www.meydan.tv\/az\/wp-json\/wp\/v2\/media?parent=269152"}],"wp:term":[{"taxonomy":"category","embeddable":true,"href":"https:\/\/www.meydan.tv\/az\/wp-json\/wp\/v2\/categories?post=269152"},{"taxonomy":"post_tag","embeddable":true,"href":"https:\/\/www.meydan.tv\/az\/wp-json\/wp\/v2\/tags?post=269152"}],"curies":[{"name":"wp","href":"https:\/\/api.w.org\/{rel}","templated":true}]}}