{"id":269008,"date":"2023-02-21T16:11:19","date_gmt":"2023-02-21T12:11:19","guid":{"rendered":"https:\/\/www.meydan.tv\/?p=269008"},"modified":"2023-02-21T16:11:23","modified_gmt":"2023-02-21T12:11:23","slug":"icaredarlar-sumqayit-ticaret-merkezinde-bizden-mecburi-pul-yigirlar","status":"publish","type":"post","link":"https:\/\/www.meydan.tv\/az\/article\/icaredarlar-sumqayit-ticaret-merkezinde-bizden-mecburi-pul-yigirlar\/","title":{"rendered":"<strong>\u0130car\u0259darlar: &#8220;\u201cSumqay\u0131t\u201d Ticar\u0259t M\u0259rk\u0259zind\u0259 bizd\u0259n m\u0259cburi pul y\u0131\u011f\u0131rlar&#8221;<\/strong>"},"content":{"rendered":"\n<p><strong><em>\u015eikay\u0259t\u00e7il\u0259r Nizami \u0130sg\u0259nd\u0259rovun onlar\u0131 ticar\u0259t m\u0259rk\u0259zd\u0259n qovmaqla h\u0259d\u0259l\u0259diyini deyil\u0259r<\/em><\/strong><\/p>\n\n\n\n<p>Bir qrup icar\u0259dar \u201cSumqay\u0131t\u201d Ticar\u0259t M\u0259rk\u0259zinin (Ke\u00e7mi\u015f Univermaq) sahibi, sabiq mill\u0259t v\u0259kili Nizami \u0130sg\u0259nd\u0259rovdan naraz\u0131l\u0131q edir. \u015eikay\u0259t\u00e7il\u0259r Meydan TV-y\u0259 deyibl\u0259r ki, Nizami \u0130sg\u0259nd\u0259rov onlardan T\u00fcrkiy\u0259d\u0259ki z\u0259lz\u0259l\u0259d\u0259n \u0259ziyy\u0259t \u00e7\u0259k\u0259nl\u0259r\u0259 yard\u0131m m\u0259qs\u0259dil\u0259 m\u0259cburi pul y\u0131\u011f\u0131r.<\/p>\n\n\n\n<p>Adlar\u0131n\u0131n a\u00e7\u0131qlanmas\u0131ndan ehtiyat ed\u0259n icar\u0259darlar bildirirl\u0259r ki, sahibkar ticar\u0259t m\u0259rk\u0259zind\u0259 yerl\u0259\u015f\u0259n q\u0131z\u0131l-zin\u0259t \u0259\u015fyalar\u0131 ma\u011fazalar\u0131n\u0131n icar\u0259darlar\u0131n\u0131n h\u0259r\u0259sind\u0259n 100, d\u0259rzi v\u0259 par\u00e7a sat\u0131\u015f\u0131 il\u0259 m\u0259\u015f\u011ful olanlardan 30, dig\u0259r ma\u011faza sahibl\u0259rind\u0259n is\u0259 50 manat toplay\u0131b.<\/p>\n\n\n\n<p>\u201cSumqay\u0131tda q\u0131z\u0131l v\u0259 q\u0131z\u0131l m\u0259mulatlar\u0131 satan ma\u011fazalar ancaq \u201cSumqay\u0131t\u201d Ticar\u0259t M\u0259rk\u0259zind\u0259 yerl\u0259\u015fir. G\u00f6r\u00fcn, h\u0259r\u0259d\u0259n 100 manat toplayanda n\u0259 q\u0259d\u0259r pul edir. H\u0259tta ticar\u0259t m\u0259rk\u0259zini t\u0259mizl\u0259y\u0259n xadim\u0259l\u0259rd\u0259n d\u0259 h\u0259r\u0259sind\u0259n 10 manat pul al\u0131b. Burada t\u0259xmin\u0259n 250-300 aras\u0131nda d\u00fckan var. Ham\u0131s\u0131ndan m\u0259cburi pullar toplan\u0131r. B\u0259lk\u0259, birinin imkan\u0131 yoxdur, yaxud da \u00f6z\u00fc k\u00f6n\u00fcll\u00fc yard\u0131m ed\u0259c\u0259k? Pul verm\u0259y\u0259nl\u0259ri d\u0259 ma\u011fazadan \u00e7\u0131xarmaqla h\u0259d\u0259l\u0259yir. \u00c7\u00fcnki bilir ki, ma\u011fazan\u0131 itirm\u0259m\u0259k \u00fc\u00e7\u00fcn ist\u0259diyi m\u0259bl\u0259\u011fi ver\u0259c\u0259yik\u201d,- \u015fikay\u0259t\u00e7il\u0259rd\u0259n biri deyir.<\/p>\n\n\n\n<p>Adlar\u0131n\u0131 a\u00e7\u0131qlamaqdan ehtiyat ed\u0259n icar\u0259darlar\u0131n s\u00f6zl\u0259rin\u0259 g\u00f6r\u0259, uzun ill\u0259rdir ki, bu ticar\u0259t m\u0259rk\u0259zind\u0259 ma\u011faza kiray\u0259l\u0259yibl\u0259r. Al\u0131c\u0131lar\u0131n ham\u0131s\u0131 da onlar\u0131 bu \u00fcnvanda bilir.<\/p>\n\n\n\n<p>\u201cBizim burada 1988-ci ild\u0259n d\u00fckan\u0131m\u0131z var. Ma\u011fazadan \u00e7\u0131xsaq, \u00e7oxlu m\u00fc\u015ft\u0259ri itir\u0259 bil\u0259rik. Nizami \u0130sg\u0259nd\u0259rov da bunu yax\u015f\u0131 bilir v\u0259 bizi buradan \u00e7\u0131xarmaqla h\u0259d\u0259l\u0259yir. Deyir ki, pulu verm\u0259s\u0259niz, sizi \u00e7\u0131xararam. \u00c7\u0131xard\u0131\u011f\u0131 adamlar da az deyil\u201d, &#8211; icar\u0259dar deyir.<\/p>\n\n\n\n<p>\u015eikay\u0259t\u00e7il\u0259r deyirl\u0259r ki, ticar\u0259t m\u0259rk\u0259zind\u0259 icar\u0259darlar\u0131n ma\u011fazalar\u0131ndan k\u0259nar i\u015fl\u0259y\u0259n kondisionerl\u0259rin ayl\u0131q elektrik s\u0259rfiyyat\u0131n\u0131 da onlar \u00f6d\u0259yir:<\/p>\n\n\n\n<p>\u201cBu adam a\u011f\u0131las\u0131\u011fmaz h\u0259r\u0259k\u0259tl\u0259r edir. D\u0259hlizl\u0259rd\u0259 olan kondisonerl\u0259rin pulunu da yerpuluna daxil edib. H\u0259r ay i\u015f\u0131qpulunu da bizd\u0259n y\u0131\u011f\u0131r. S\u0131\u011fortapulu y\u0131\u011f\u0131rlar, he\u00e7 q\u0259bz d\u0259 vermirl\u0259r. Ma\u011fazan\u0131n do\u011frudan s\u0131\u011fortaland\u0131\u011f\u0131na \u015f\u00fcbh\u0259 edirik. El\u0259 bir \u015f\u0259rait yarad\u0131blar ki, burada he\u00e7 kim dill\u0259n\u0259, s\u0259sini \u00e7\u0131xara bilmir. \u0130car\u0259darlar etiraz ed\u0259 bilmirl\u0259r. Burada kims\u0259 bir k\u0259lm\u0259 s\u00f6z des\u0259, \u00e7\u0131xar\u0131r. Sonra da yer tapmaq problem olur\u201d.<\/p>\n\n\n\n<p>\u201cTicar\u0259t m\u0259rk\u0259zind\u0259 yan\u011f\u0131n olanda ham\u0131dan pul y\u0131\u011f\u0131lm\u0131\u015fd\u0131. 44 g\u00fcnl\u00fck m\u00fcharib\u0259d\u0259 d\u0259 pul y\u0131\u011f\u0131lm\u0131\u015fd\u0131. \u00c7\u00f6r\u0259k qazand\u0131\u011f\u0131m\u0131z yer olsa da, \u00e7ox haqs\u0131zl\u0131qlarla \u00fczl\u0259\u015firik. Pandemiya vaxt\u0131 icar\u0259darlardan yerpulu t\u0259l\u0259b edirdi. Deputatl\u0131\u011fa namiz\u0259dliyini ver\u0259nd\u0259 ham\u0131dan \u0259n az\u0131 15 s\u0259s ist\u0259mi\u015fdi. M\u0259cburi s\u0259s verm\u0259k \u00fc\u00e7\u00fcn m\u0259nt\u0259q\u0259l\u0259r\u0259 g\u00f6nd\u0259rirdi. Bu adam a\u00e7\u0131q-a\u015fkar h\u0259r\u0259k\u0259t edir. He\u00e7 kimd\u0259n d\u0259 qorxub \u00e7\u0259kinmir\u201d, &#8211; \u015fikay\u0259t\u00e7i deyir.<\/p>\n\n\n\n<p>\u201cSumqay\u0131t\u201d Ticar\u0259t M\u0259rk\u0259zinin maliyy\u0259 \u015f\u00f6b\u0259sind\u0259n Meydan TV-y\u0259 bildirilib ki, \u015fikay\u0259tl\u0259r \u0259sass\u0131zd\u0131r: <\/p>\n\n\n\n<p>\u201cPul toplama kampaniyas\u0131 k\u00f6n\u00fcll\u00fcd\u00fcr, kim n\u0259 q\u0259d\u0259r ist\u0259yib, o q\u0259d\u0259r d\u0259 pul verib. Kondisonerl\u0259rin elektrik enerjisi puluna g\u0259linc\u0259, icar\u0259darlara t\u0259qdim etdiyimiz m\u00fcqavil\u0259d\u0259 \u0259lav\u0259 var ki, kommunal x\u0259rcl\u0259r d\u0259 daxil olmaqla, yerpulu m\u00fc\u0259yy\u0259nl\u0259\u015fdirilir\u201d.<\/p>\n\n\n\n<p>Nizami \u0130sg\u0259nd\u0259rov Yeni Az\u0259rbaycan Partiyas\u0131n\u0131n \u00fczv\u00fcd\u00fcr. 2005-2010-cu ill\u0259rd\u0259 Milli M\u0259clisin H\u00fcquq siyas\u0259ti v\u0259 d\u00f6vl\u0259t quruculu\u011fu m\u0259s\u0259l\u0259l\u0259ri daimi komissiyas\u0131n\u0131n \u00fczv\u00fc olub. Bir m\u00fcdd\u0259t \u00f6nc\u0259 b\u00fcdc\u0259 t\u0259\u015fkilatlar\u0131nda \u00e7al\u0131\u015fanlar yerli icra hakimiyy\u0259tl\u0259rind\u0259n T\u00fcrkiy\u0259d\u0259ki z\u0259lz\u0259l\u0259y\u0259 yard\u0131m\u0131n m\u0259cburi olmas\u0131 il\u0259 \u0259laq\u0259dar naraz\u0131l\u0131q <a href=\"https:\/\/storage.googleapis.com\/qurium\/www.meydan.tv\/az-article-yardim-kampaniyasini-icra-hakimiyyeti-mecburiyyete-cevirdi.html\" target=\"_blank\" rel=\"noreferrer noopener\">edirdil\u0259r<\/a>.<\/p>\n\n\n\n<p><\/p>\n","protected":false},"excerpt":{"rendered":"<p>\u015eikay\u0259t\u00e7il\u0259r Nizami \u0130sg\u0259nd\u0259rovun onlar\u0131 ticar\u0259t m\u0259rk\u0259zd\u0259n qovmaqla h\u0259d\u0259l\u0259diyini deyil\u0259r Bir &#8230; <\/p>\n<p class=\"read-more-container\"><a title=\"\u0130car\u0259darlar: &#8220;\u201cSumqay\u0131t\u201d Ticar\u0259t M\u0259rk\u0259zind\u0259 bizd\u0259n m\u0259cburi pul y\u0131\u011f\u0131rlar&#8221;\" class=\"read-more button\" href=\"https:\/\/www.meydan.tv\/az\/article\/icaredarlar-sumqayit-ticaret-merkezinde-bizden-mecburi-pul-yigirlar\/#more-269008\" aria-label=\"Read more about \u0130car\u0259darlar: &#8220;\u201cSumqay\u0131t\u201d Ticar\u0259t M\u0259rk\u0259zind\u0259 bizd\u0259n m\u0259cburi pul y\u0131\u011f\u0131rlar&#8221;\">Davam\u0131<\/a><\/p>\n","protected":false},"author":13,"featured_media":269013,"comment_status":"closed","ping_status":"closed","sticky":false,"template":"","format":"standard","meta":{"_acf_changed":false,"_sitemap_exclude":false,"_sitemap_priority":"","_sitemap_frequency":"","footnotes":""},"categories":[60,7,56],"tags":[],"class_list":["post-269008","post","type-post","status-publish","format-standard","has-post-thumbnail","hentry","category-bolge","category-uncategorized-az","category-xeberler","infinite-scroll-item","generate-columns","tablet-grid-50","mobile-grid-100","grid-parent","grid-33","no-featured-image-padding"],"acf":[],"yoast_head":"<!-- This site is optimized with the Yoast SEO plugin v27.5 - https:\/\/yoast.com\/product\/yoast-seo-wordpress\/ -->\n<title>\u0130car\u0259darlar: &quot;\u201cSumqay\u0131t\u201d Ticar\u0259t M\u0259rk\u0259zind\u0259 bizd\u0259n m\u0259cburi pul y\u0131\u011f\u0131rlar&quot; - MEYDAN.TV<\/title>\n<meta name=\"robots\" content=\"index, follow, max-snippet:-1, max-image-preview:large, max-video-preview:-1\" \/>\n<link rel=\"canonical\" href=\"https:\/\/www.meydan.tv\/az\/article\/icaredarlar-sumqayit-ticaret-merkezinde-bizden-mecburi-pul-yigirlar\/\" \/>\n<meta property=\"og:locale\" content=\"az_AZ\" \/>\n<meta property=\"og:type\" content=\"article\" \/>\n<meta property=\"og:title\" content=\"\u0130car\u0259darlar: &quot;\u201cSumqay\u0131t\u201d Ticar\u0259t M\u0259rk\u0259zind\u0259 bizd\u0259n m\u0259cburi pul y\u0131\u011f\u0131rlar&quot; - MEYDAN.TV\" \/>\n<meta property=\"og:description\" content=\"\u015eikay\u0259t\u00e7il\u0259r Nizami \u0130sg\u0259nd\u0259rovun onlar\u0131 ticar\u0259t m\u0259rk\u0259zd\u0259n qovmaqla h\u0259d\u0259l\u0259diyini deyil\u0259r Bir ... Davam\u0131\" \/>\n<meta property=\"og:url\" content=\"https:\/\/www.meydan.tv\/az\/article\/icaredarlar-sumqayit-ticaret-merkezinde-bizden-mecburi-pul-yigirlar\/\" \/>\n<meta property=\"og:site_name\" content=\"MEYDAN.TV\" \/>\n<meta property=\"article:published_time\" content=\"2023-02-21T12:11:19+00:00\" \/>\n<meta property=\"article:modified_time\" content=\"2023-02-21T12:11:23+00:00\" \/>\n<meta property=\"og:image\" content=\"https:\/\/www.meydan.tv\/wp-content\/uploads\/sumqayit-1-1.jpg\" \/>\n\t<meta property=\"og:image:width\" content=\"665\" \/>\n\t<meta property=\"og:image:height\" content=\"374\" \/>\n\t<meta property=\"og:image:type\" content=\"image\/jpeg\" \/>\n<meta name=\"author\" content=\"meri\" \/>\n<meta name=\"twitter:card\" content=\"summary_large_image\" \/>\n<script type=\"application\/ld+json\" class=\"yoast-schema-graph\">{\"@context\":\"https:\\\/\\\/schema.org\",\"@graph\":[{\"@type\":\"Article\",\"@id\":\"https:\\\/\\\/www.meydan.tv\\\/az\\\/article\\\/icaredarlar-sumqayit-ticaret-merkezinde-bizden-mecburi-pul-yigirlar\\\/#article\",\"isPartOf\":{\"@id\":\"https:\\\/\\\/www.meydan.tv\\\/az\\\/article\\\/icaredarlar-sumqayit-ticaret-merkezinde-bizden-mecburi-pul-yigirlar\\\/\"},\"author\":{\"name\":\"meri\",\"@id\":\"https:\\\/\\\/www.meydan.tv\\\/az\\\/#\\\/schema\\\/person\\\/f5399057f0b7fa223fa6c9b7c3321968\"},\"headline\":\"\u0130car\u0259darlar: &#8220;\u201cSumqay\u0131t\u201d Ticar\u0259t M\u0259rk\u0259zind\u0259 bizd\u0259n m\u0259cburi pul y\u0131\u011f\u0131rlar&#8221;\",\"datePublished\":\"2023-02-21T12:11:19+00:00\",\"dateModified\":\"2023-02-21T12:11:23+00:00\",\"mainEntityOfPage\":{\"@id\":\"https:\\\/\\\/www.meydan.tv\\\/az\\\/article\\\/icaredarlar-sumqayit-ticaret-merkezinde-bizden-mecburi-pul-yigirlar\\\/\"},\"wordCount\":772,\"publisher\":{\"@id\":\"https:\\\/\\\/www.meydan.tv\\\/az\\\/#organization\"},\"image\":{\"@id\":\"https:\\\/\\\/www.meydan.tv\\\/az\\\/article\\\/icaredarlar-sumqayit-ticaret-merkezinde-bizden-mecburi-pul-yigirlar\\\/#primaryimage\"},\"thumbnailUrl\":\"https:\\\/\\\/www.meydan.tv\\\/wp-content\\\/uploads\\\/sumqayit-1-1.jpg\",\"articleSection\":[\"B\u00f6lg\u0259\",\"Uncategorized @az\",\"X\u0259b\u0259rl\u0259r\"],\"inLanguage\":\"az\"},{\"@type\":\"WebPage\",\"@id\":\"https:\\\/\\\/www.meydan.tv\\\/az\\\/article\\\/icaredarlar-sumqayit-ticaret-merkezinde-bizden-mecburi-pul-yigirlar\\\/\",\"url\":\"https:\\\/\\\/www.meydan.tv\\\/az\\\/article\\\/icaredarlar-sumqayit-ticaret-merkezinde-bizden-mecburi-pul-yigirlar\\\/\",\"name\":\"\u0130car\u0259darlar: \\\"\u201cSumqay\u0131t\u201d Ticar\u0259t M\u0259rk\u0259zind\u0259 bizd\u0259n m\u0259cburi pul y\u0131\u011f\u0131rlar\\\" - MEYDAN.TV\",\"isPartOf\":{\"@id\":\"https:\\\/\\\/www.meydan.tv\\\/az\\\/#website\"},\"primaryImageOfPage\":{\"@id\":\"https:\\\/\\\/www.meydan.tv\\\/az\\\/article\\\/icaredarlar-sumqayit-ticaret-merkezinde-bizden-mecburi-pul-yigirlar\\\/#primaryimage\"},\"image\":{\"@id\":\"https:\\\/\\\/www.meydan.tv\\\/az\\\/article\\\/icaredarlar-sumqayit-ticaret-merkezinde-bizden-mecburi-pul-yigirlar\\\/#primaryimage\"},\"thumbnailUrl\":\"https:\\\/\\\/www.meydan.tv\\\/wp-content\\\/uploads\\\/sumqayit-1-1.jpg\",\"datePublished\":\"2023-02-21T12:11:19+00:00\",\"dateModified\":\"2023-02-21T12:11:23+00:00\",\"breadcrumb\":{\"@id\":\"https:\\\/\\\/www.meydan.tv\\\/az\\\/article\\\/icaredarlar-sumqayit-ticaret-merkezinde-bizden-mecburi-pul-yigirlar\\\/#breadcrumb\"},\"inLanguage\":\"az\",\"potentialAction\":[{\"@type\":\"ReadAction\",\"target\":[\"https:\\\/\\\/www.meydan.tv\\\/az\\\/article\\\/icaredarlar-sumqayit-ticaret-merkezinde-bizden-mecburi-pul-yigirlar\\\/\"]}]},{\"@type\":\"ImageObject\",\"inLanguage\":\"az\",\"@id\":\"https:\\\/\\\/www.meydan.tv\\\/az\\\/article\\\/icaredarlar-sumqayit-ticaret-merkezinde-bizden-mecburi-pul-yigirlar\\\/#primaryimage\",\"url\":\"https:\\\/\\\/www.meydan.tv\\\/wp-content\\\/uploads\\\/sumqayit-1-1.jpg\",\"contentUrl\":\"https:\\\/\\\/www.meydan.tv\\\/wp-content\\\/uploads\\\/sumqayit-1-1.jpg\",\"width\":665,\"height\":374,\"caption\":\"Sunqay\u0131t \u015f\u0259h\u0259ri\"},{\"@type\":\"BreadcrumbList\",\"@id\":\"https:\\\/\\\/www.meydan.tv\\\/az\\\/article\\\/icaredarlar-sumqayit-ticaret-merkezinde-bizden-mecburi-pul-yigirlar\\\/#breadcrumb\",\"itemListElement\":[{\"@type\":\"ListItem\",\"position\":1,\"name\":\"Ana s\u0259hif\u0259\",\"item\":\"https:\\\/\\\/www.meydan.tv\\\/az\\\/\"},{\"@type\":\"ListItem\",\"position\":2,\"name\":\"B\u00f6lg\u0259\",\"item\":\"https:\\\/\\\/www.meydan.tv\\\/az\\\/section\\\/bolge\\\/\"},{\"@type\":\"ListItem\",\"position\":3,\"name\":\"\u0130car\u0259darlar: &#8220;\u201cSumqay\u0131t\u201d Ticar\u0259t M\u0259rk\u0259zind\u0259 bizd\u0259n m\u0259cburi pul y\u0131\u011f\u0131rlar&#8221;\"}]},{\"@type\":\"WebSite\",\"@id\":\"https:\\\/\\\/www.meydan.tv\\\/az\\\/#website\",\"url\":\"https:\\\/\\\/www.meydan.tv\\\/az\\\/\",\"name\":\"MEYDAN.TV\",\"description\":\"Meydan TV Az\u0259rbaycan\u0131n media m\u0259kan\u0131ndak\u0131 alternativ s\u0259sidir\",\"publisher\":{\"@id\":\"https:\\\/\\\/www.meydan.tv\\\/az\\\/#organization\"},\"potentialAction\":[{\"@type\":\"SearchAction\",\"target\":{\"@type\":\"EntryPoint\",\"urlTemplate\":\"https:\\\/\\\/www.meydan.tv\\\/az\\\/?s={search_term_string}\"},\"query-input\":{\"@type\":\"PropertyValueSpecification\",\"valueRequired\":true,\"valueName\":\"search_term_string\"}}],\"inLanguage\":\"az\"},{\"@type\":\"Organization\",\"@id\":\"https:\\\/\\\/www.meydan.tv\\\/az\\\/#organization\",\"name\":\"Meydan TV\",\"url\":\"https:\\\/\\\/www.meydan.tv\\\/az\\\/\",\"logo\":{\"@type\":\"ImageObject\",\"inLanguage\":\"az\",\"@id\":\"https:\\\/\\\/www.meydan.tv\\\/az\\\/#\\\/schema\\\/logo\\\/image\\\/\",\"url\":\"https:\\\/\\\/www.meydan.tv\\\/wp-content\\\/uploads\\\/2021\\\/07\\\/meydan-logo.svg\",\"contentUrl\":\"https:\\\/\\\/www.meydan.tv\\\/wp-content\\\/uploads\\\/2021\\\/07\\\/meydan-logo.svg\",\"width\":195,\"height\":46,\"caption\":\"Meydan TV\"},\"image\":{\"@id\":\"https:\\\/\\\/www.meydan.tv\\\/az\\\/#\\\/schema\\\/logo\\\/image\\\/\"}},{\"@type\":\"Person\",\"@id\":\"https:\\\/\\\/www.meydan.tv\\\/az\\\/#\\\/schema\\\/person\\\/f5399057f0b7fa223fa6c9b7c3321968\",\"name\":\"meri\"}]}<\/script>\n<!-- \/ Yoast SEO plugin. -->","yoast_head_json":{"title":"\u0130car\u0259darlar: \"\u201cSumqay\u0131t\u201d Ticar\u0259t M\u0259rk\u0259zind\u0259 bizd\u0259n m\u0259cburi pul y\u0131\u011f\u0131rlar\" - MEYDAN.TV","robots":{"index":"index","follow":"follow","max-snippet":"max-snippet:-1","max-image-preview":"max-image-preview:large","max-video-preview":"max-video-preview:-1"},"canonical":"https:\/\/www.meydan.tv\/az\/article\/icaredarlar-sumqayit-ticaret-merkezinde-bizden-mecburi-pul-yigirlar\/","og_locale":"az_AZ","og_type":"article","og_title":"\u0130car\u0259darlar: \"\u201cSumqay\u0131t\u201d Ticar\u0259t M\u0259rk\u0259zind\u0259 bizd\u0259n m\u0259cburi pul y\u0131\u011f\u0131rlar\" - MEYDAN.TV","og_description":"\u015eikay\u0259t\u00e7il\u0259r Nizami \u0130sg\u0259nd\u0259rovun onlar\u0131 ticar\u0259t m\u0259rk\u0259zd\u0259n qovmaqla h\u0259d\u0259l\u0259diyini deyil\u0259r Bir ... Davam\u0131","og_url":"https:\/\/www.meydan.tv\/az\/article\/icaredarlar-sumqayit-ticaret-merkezinde-bizden-mecburi-pul-yigirlar\/","og_site_name":"MEYDAN.TV","article_published_time":"2023-02-21T12:11:19+00:00","article_modified_time":"2023-02-21T12:11:23+00:00","og_image":[{"width":665,"height":374,"url":"https:\/\/www.meydan.tv\/wp-content\/uploads\/sumqayit-1-1.jpg","type":"image\/jpeg"}],"author":"meri","twitter_card":"summary_large_image","schema":{"@context":"https:\/\/schema.org","@graph":[{"@type":"Article","@id":"https:\/\/www.meydan.tv\/az\/article\/icaredarlar-sumqayit-ticaret-merkezinde-bizden-mecburi-pul-yigirlar\/#article","isPartOf":{"@id":"https:\/\/www.meydan.tv\/az\/article\/icaredarlar-sumqayit-ticaret-merkezinde-bizden-mecburi-pul-yigirlar\/"},"author":{"name":"meri","@id":"https:\/\/www.meydan.tv\/az\/#\/schema\/person\/f5399057f0b7fa223fa6c9b7c3321968"},"headline":"\u0130car\u0259darlar: &#8220;\u201cSumqay\u0131t\u201d Ticar\u0259t M\u0259rk\u0259zind\u0259 bizd\u0259n m\u0259cburi pul y\u0131\u011f\u0131rlar&#8221;","datePublished":"2023-02-21T12:11:19+00:00","dateModified":"2023-02-21T12:11:23+00:00","mainEntityOfPage":{"@id":"https:\/\/www.meydan.tv\/az\/article\/icaredarlar-sumqayit-ticaret-merkezinde-bizden-mecburi-pul-yigirlar\/"},"wordCount":772,"publisher":{"@id":"https:\/\/www.meydan.tv\/az\/#organization"},"image":{"@id":"https:\/\/www.meydan.tv\/az\/article\/icaredarlar-sumqayit-ticaret-merkezinde-bizden-mecburi-pul-yigirlar\/#primaryimage"},"thumbnailUrl":"https:\/\/www.meydan.tv\/wp-content\/uploads\/sumqayit-1-1.jpg","articleSection":["B\u00f6lg\u0259","Uncategorized @az","X\u0259b\u0259rl\u0259r"],"inLanguage":"az"},{"@type":"WebPage","@id":"https:\/\/www.meydan.tv\/az\/article\/icaredarlar-sumqayit-ticaret-merkezinde-bizden-mecburi-pul-yigirlar\/","url":"https:\/\/www.meydan.tv\/az\/article\/icaredarlar-sumqayit-ticaret-merkezinde-bizden-mecburi-pul-yigirlar\/","name":"\u0130car\u0259darlar: \"\u201cSumqay\u0131t\u201d Ticar\u0259t M\u0259rk\u0259zind\u0259 bizd\u0259n m\u0259cburi pul y\u0131\u011f\u0131rlar\" - MEYDAN.TV","isPartOf":{"@id":"https:\/\/www.meydan.tv\/az\/#website"},"primaryImageOfPage":{"@id":"https:\/\/www.meydan.tv\/az\/article\/icaredarlar-sumqayit-ticaret-merkezinde-bizden-mecburi-pul-yigirlar\/#primaryimage"},"image":{"@id":"https:\/\/www.meydan.tv\/az\/article\/icaredarlar-sumqayit-ticaret-merkezinde-bizden-mecburi-pul-yigirlar\/#primaryimage"},"thumbnailUrl":"https:\/\/www.meydan.tv\/wp-content\/uploads\/sumqayit-1-1.jpg","datePublished":"2023-02-21T12:11:19+00:00","dateModified":"2023-02-21T12:11:23+00:00","breadcrumb":{"@id":"https:\/\/www.meydan.tv\/az\/article\/icaredarlar-sumqayit-ticaret-merkezinde-bizden-mecburi-pul-yigirlar\/#breadcrumb"},"inLanguage":"az","potentialAction":[{"@type":"ReadAction","target":["https:\/\/www.meydan.tv\/az\/article\/icaredarlar-sumqayit-ticaret-merkezinde-bizden-mecburi-pul-yigirlar\/"]}]},{"@type":"ImageObject","inLanguage":"az","@id":"https:\/\/www.meydan.tv\/az\/article\/icaredarlar-sumqayit-ticaret-merkezinde-bizden-mecburi-pul-yigirlar\/#primaryimage","url":"https:\/\/www.meydan.tv\/wp-content\/uploads\/sumqayit-1-1.jpg","contentUrl":"https:\/\/www.meydan.tv\/wp-content\/uploads\/sumqayit-1-1.jpg","width":665,"height":374,"caption":"Sunqay\u0131t \u015f\u0259h\u0259ri"},{"@type":"BreadcrumbList","@id":"https:\/\/www.meydan.tv\/az\/article\/icaredarlar-sumqayit-ticaret-merkezinde-bizden-mecburi-pul-yigirlar\/#breadcrumb","itemListElement":[{"@type":"ListItem","position":1,"name":"Ana s\u0259hif\u0259","item":"https:\/\/www.meydan.tv\/az\/"},{"@type":"ListItem","position":2,"name":"B\u00f6lg\u0259","item":"https:\/\/www.meydan.tv\/az\/section\/bolge\/"},{"@type":"ListItem","position":3,"name":"\u0130car\u0259darlar: &#8220;\u201cSumqay\u0131t\u201d Ticar\u0259t M\u0259rk\u0259zind\u0259 bizd\u0259n m\u0259cburi pul y\u0131\u011f\u0131rlar&#8221;"}]},{"@type":"WebSite","@id":"https:\/\/www.meydan.tv\/az\/#website","url":"https:\/\/www.meydan.tv\/az\/","name":"MEYDAN.TV","description":"Meydan TV Az\u0259rbaycan\u0131n media m\u0259kan\u0131ndak\u0131 alternativ s\u0259sidir","publisher":{"@id":"https:\/\/www.meydan.tv\/az\/#organization"},"potentialAction":[{"@type":"SearchAction","target":{"@type":"EntryPoint","urlTemplate":"https:\/\/www.meydan.tv\/az\/?s={search_term_string}"},"query-input":{"@type":"PropertyValueSpecification","valueRequired":true,"valueName":"search_term_string"}}],"inLanguage":"az"},{"@type":"Organization","@id":"https:\/\/www.meydan.tv\/az\/#organization","name":"Meydan TV","url":"https:\/\/www.meydan.tv\/az\/","logo":{"@type":"ImageObject","inLanguage":"az","@id":"https:\/\/www.meydan.tv\/az\/#\/schema\/logo\/image\/","url":"https:\/\/www.meydan.tv\/wp-content\/uploads\/2021\/07\/meydan-logo.svg","contentUrl":"https:\/\/www.meydan.tv\/wp-content\/uploads\/2021\/07\/meydan-logo.svg","width":195,"height":46,"caption":"Meydan TV"},"image":{"@id":"https:\/\/www.meydan.tv\/az\/#\/schema\/logo\/image\/"}},{"@type":"Person","@id":"https:\/\/www.meydan.tv\/az\/#\/schema\/person\/f5399057f0b7fa223fa6c9b7c3321968","name":"meri"}]}},"_links":{"self":[{"href":"https:\/\/www.meydan.tv\/az\/wp-json\/wp\/v2\/posts\/269008","targetHints":{"allow":["GET"]}}],"collection":[{"href":"https:\/\/www.meydan.tv\/az\/wp-json\/wp\/v2\/posts"}],"about":[{"href":"https:\/\/www.meydan.tv\/az\/wp-json\/wp\/v2\/types\/post"}],"author":[{"embeddable":true,"href":"https:\/\/www.meydan.tv\/az\/wp-json\/wp\/v2\/users\/13"}],"replies":[{"embeddable":true,"href":"https:\/\/www.meydan.tv\/az\/wp-json\/wp\/v2\/comments?post=269008"}],"version-history":[{"count":1,"href":"https:\/\/www.meydan.tv\/az\/wp-json\/wp\/v2\/posts\/269008\/revisions"}],"predecessor-version":[{"id":269012,"href":"https:\/\/www.meydan.tv\/az\/wp-json\/wp\/v2\/posts\/269008\/revisions\/269012"}],"wp:featuredmedia":[{"embeddable":true,"href":"https:\/\/www.meydan.tv\/az\/wp-json\/wp\/v2\/media\/269013"}],"wp:attachment":[{"href":"https:\/\/www.meydan.tv\/az\/wp-json\/wp\/v2\/media?parent=269008"}],"wp:term":[{"taxonomy":"category","embeddable":true,"href":"https:\/\/www.meydan.tv\/az\/wp-json\/wp\/v2\/categories?post=269008"},{"taxonomy":"post_tag","embeddable":true,"href":"https:\/\/www.meydan.tv\/az\/wp-json\/wp\/v2\/tags?post=269008"}],"curies":[{"name":"wp","href":"https:\/\/api.w.org\/{rel}","templated":true}]}}