{"id":268966,"date":"2023-02-21T12:36:32","date_gmt":"2023-02-21T08:36:32","guid":{"rendered":"https:\/\/www.meydan.tv\/?p=268966"},"modified":"2023-02-21T13:17:59","modified_gmt":"2023-02-21T09:17:59","slug":"helsinki-komissiyasi-bextiyar-haciyevle-bagli-cagiris-edib","status":"publish","type":"post","link":"https:\/\/www.meydan.tv\/az\/article\/helsinki-komissiyasi-bextiyar-haciyevle-bagli-cagiris-edib\/","title":{"rendered":"<strong>Helsinki Komissiyas\u0131 B\u0259xtiyar Hac\u0131yevl\u0259 ba\u011fl\u0131 \u00e7a\u011f\u0131r\u0131\u015f edib<\/strong>"},"content":{"rendered":"\n<p><strong>&#8220;Az\u0259rbaycan hakimiyy\u0259tini Hac\u0131yevl\u0259 humanist r\u0259ftar etm\u0259y\u0259 \u00e7a\u011f\u0131r\u0131r\u0131q&#8221;<\/strong><\/p>\n\n\n\n<p>Az\u0259rbaycanl\u0131 v\u0259t\u0259nda\u015f c\u0259miyy\u0259ti f\u0259al\u0131 B\u0259xtiyar Hac\u0131yevin v\u0259ziyy\u0259tinin k\u0259skin pisl\u0259\u015fm\u0259si il\u0259 ba\u011fl\u0131 x\u0259b\u0259rl\u0259rd\u0259n sonra Helsinki Komissiyas\u0131n\u0131n s\u0259dri Co Vilson v\u0259 h\u0259ms\u0259dr senator Ben Kardin b\u0259yanatla <a href=\"https:\/\/www.csce.gov\/international-impact\/press-and-media\/press-releases\/helsinki-commission-chair-and-co-chair-statement\">\u00e7\u0131x\u0131\u015f edibl\u0259r<\/a>.<\/p>\n\n\n\n<p>B\u0259yanatda bildirilir ki, onlar qondarma ittihamlarla h\u0259bsd\u0259 olan v\u0259 acl\u0131q aksiyas\u0131n\u0131 davam etdir\u0259rk\u0259n s\u0259hh\u0259ti k\u0259skin pisl\u0259\u015f\u0259n az\u0259rbaycanl\u0131 v\u0259t\u0259nda\u015f f\u0259al\u0131 B\u0259xtiyar Hac\u0131yevin \u0259sass\u0131z h\u0259bsi v\u0259 pis r\u0259ftar\u0131n\u0131n davam etm\u0259sind\u0259n tamamil\u0259 d\u0259h\u015f\u0259t\u0259 g\u0259libl\u0259r:<\/p>\n\n\n\n<p>\u201cOnun Az\u0259rbaycan rejimi t\u0259r\u0259find\u0259n c\u0259zaland\u0131r\u0131lmas\u0131 ona qar\u015f\u0131 ir\u0259li s\u00fcr\u00fcl\u0259n ittihamlarla tamamil\u0259 qeyri-m\u00fct\u0259nasib olmaqla yana\u015f\u0131, h\u0259m d\u0259 haql\u0131 f\u0259aliyy\u0259ti n\u0259tic\u0259sind\u0259 ilk d\u0259f\u0259 t\u0259zyiq\u0259 m\u0259ruz qalmas\u0131, saxlan\u0131lmas\u0131 v\u0259 zorak\u0131l\u0131\u011fa m\u0259ruz qalmas\u0131 deyil\u201d.<\/p>\n\n\n\n<p>S\u0259n\u0259dd\u0259 qeyd edilir ki, Az\u0259rbaycan AB\u015e-\u0131n m\u00fch\u00fcm t\u0259r\u0259fda\u015f\u0131 olub v\u0259 d\u00fcnyada enerji imkanlar\u0131 \u00fc\u00e7\u00fcn m\u00fch\u00fcm \u0259h\u0259miyy\u0259t k\u0259sb edir. Lakin \u0259sas olan insan h\u00fcquqlar\u0131n\u0131n \u0259sas prinsipl\u0259rinin qar\u015f\u0131l\u0131ql\u0131 tan\u0131nmas\u0131d\u0131r:<\/p>\n\n\n\n<p>\u201cBu, h\u0259m c\u0259nab Hac\u0131yev\u0259, h\u0259m d\u0259 \u00e7oxsayl\u0131 dig\u0259r siyasi m\u0259hbuslara aiddir. Biz Administrasiyadak\u0131 v\u0259 Avropadak\u0131 h\u0259mkarlar\u0131m\u0131za qo\u015fularaq Az\u0259rbaycan hakimiyy\u0259tini c\u0259nab Hac\u0131yevl\u0259 humanist r\u0259ftar v\u0259 insan haqlar\u0131n\u0131 t\u0259min etm\u0259y\u0259, Helsinki Prinsipl\u0259ri \u00e7\u0259r\u00e7iv\u0259sind\u0259 onun daxili v\u0259 xarici \u00f6hd\u0259likl\u0259rin\u0259 qay\u0131tma\u011fa \u00e7a\u011f\u0131r\u0131r\u0131q\u201d.<\/p>\n\n\n\n<p>Fevral\u0131n 20-d\u0259 B\u0259xtiyar Hac\u0131yevin v\u0259kili Aqil Lay\u0131c a\u00e7\u0131qlama ver\u0259r\u0259k bildirdi ki, ictimai f\u0259al \u00f6l\u00fcmc\u00fcl haldad\u0131r, o, m\u0259hk\u0259m\u0259y\u0259 \u0259lilliyi olan insanlar \u00fc\u00e7\u00fcn n\u0259z\u0259rd\u0259 tutulmu\u015f arabada g\u0259tirilib v\u0259 yolda qusub.<\/p>\n\n\n\n<p>B\u0259xtiyar Hac\u0131yev fevral\u0131n 10-da \u018fdliyy\u0259 Nazirliyinin Ba\u015f Tibb \u0130dar\u0259sinin m\u00fcalic\u0259 m\u00fc\u0259ssis\u0259sin\u0259 k\u00f6\u00e7\u00fcr\u00fcl\u00fcb.<\/p>\n\n\n\n<p>O, fevral\u0131n 16-da sudan imtina etdiyini a\u00e7\u0131qlay\u0131b.<\/p>\n\n\n\n<p>\u0130ctimai f\u0259al \u00f6t\u0259n il dekabr\u0131n 9-da xuliqanl\u0131q v\u0259 m\u0259hk\u0259m\u0259y\u0259 qar\u015f\u0131 h\u00f6rm\u0259tsizlik ittiham\u0131 il\u0259 h\u0259bs edib.<\/p>\n\n\n\n<p>Bu ittihama s\u0259b\u0259b olan insident daha \u00f6nc\u0259 b\u00f6htan iddias\u0131 il\u0259 ba\u011fl\u0131 f\u0259ala qar\u015f\u0131 a\u00e7\u0131lm\u0131\u015f cinay\u0259t i\u015fi \u00fczr\u0259 m\u0259hk\u0259m\u0259d\u0259 ba\u015f verib. O, bu ittihamla raz\u0131 deyil.<\/p>\n\n\n\n<p>Dekabr\u0131n 15-d\u0259 B\u0259xtiyar Hac\u0131yev azad edilm\u0259si t\u0259l\u0259bi il\u0259 acl\u0131q elan edib.<\/p>\n\n\n\n<p>B\u0259zi ictimaiyy\u0259t n\u00fcmay\u0259nd\u0259l\u0259rinin v\u0259 ail\u0259 \u00fczvl\u0259rinin \u00e7a\u011f\u0131r\u0131\u015flar\u0131ndan sonra o, dekabr\u0131n 28-d\u0259 acl\u0131\u011f\u0131 dayand\u0131rd\u0131\u011f\u0131n\u0131 bildirib.<\/p>\n\n\n\n<p>Yanvar\u0131n 9-da is\u0259 yenid\u0259n aksiyan\u0131 b\u0259rpa etdiyini a\u00e7\u0131qlay\u0131b.<\/p>\n\n\n\n<p>Dekabr\u0131n 9-dan h\u0259bsd\u0259 olan B\u0259xtiyar Hac\u0131yev Cinay\u0259t M\u0259c\u0259ll\u0259sinin 221.2.2 (ictimai qaydan\u0131n qorunmas\u0131 \u00fczr\u0259 v\u0259zif\u0259ni yerin\u0259 yetir\u0259n \u015f\u0259xs\u0259 qar\u015f\u0131 m\u00fcqavim\u0259t g\u00f6st\u0259rm\u0259kl\u0259 xuliqanl\u0131q) v\u0259 289.1 (m\u0259hk\u0259m\u0259y\u0259 h\u00f6rm\u0259tsizlik) madd\u0259l\u0259ril\u0259 ittiham olunur. Bu madd\u0259l\u0259rd\u0259 3 il\u0259d\u0259k azadl\u0131qdan m\u0259hrumetm\u0259 c\u0259zas\u0131 n\u0259z\u0259rd\u0259 tutulub.<\/p>\n\n\n\n<p>B\u0259xtiyar Hac\u0131yev\u0259 qar\u015f\u0131 cinay\u0259t i\u015find\u0259 s\u00f6hb\u0259t ictimai f\u0259alla jurnalist \u00dclviyy\u0259 Alovlu aras\u0131nda qalmaqaldan gedir.<\/p>\n\n\n\n<p>B\u0259xtiyar Hac\u0131yev uzun m\u00fcdd\u0259tdir ki, polis\u0259 \u015fikay\u0259t ed\u0259r\u0259k \u00dclviyy\u0259 Alovlunun cinay\u0259t m\u0259suliyy\u0259tin\u0259 c\u0259lb olunmas\u0131n\u0131 t\u0259l\u0259b edirdi.<\/p>\n\n\n\n<p>Bir m\u00fcdd\u0259t \u00f6nc\u0259 sosial \u015f\u0259b\u0259k\u0259l\u0259rd\u0259 Yasamal Rayon M\u0259hk\u0259m\u0259sind\u0259 B\u0259xtiyar Hac\u0131yevl\u0259 \u00dclviyy\u0259 Alovlu aras\u0131nda m\u0259hk\u0259m\u0259 prosesi zaman\u0131 ba\u015f ver\u0259nl\u0259rin videog\u00f6r\u00fcnt\u00fcs\u00fc yay\u0131lm\u0131\u015fd\u0131. H\u0259min g\u00f6r\u00fcnt\u00fcl\u0259rd\u0259 B\u0259xtiyar Hac\u0131yev \u0259lind\u0259ki s\u0259n\u0259dl\u0259ri masan\u0131n \u00fcst\u00fcn\u0259 at\u0131r.<\/p>\n\n\n\n<p>\u0130ddia olunur ki, ictimai f\u0259al m\u0259hz buna g\u00f6r\u0259 xuliqanl\u0131q v\u0259 m\u0259hk\u0259m\u0259y\u0259 h\u00f6rm\u0259tsizlikd\u0259 ittiham edilir. Lakin B\u0259xtiyar Hac\u0131yev Daxili \u0130\u015fl\u0259r naziri Vilay\u0259t Eyvazovun sifari\u015fil\u0259 h\u0259bs olundu\u011funu iddia edir. O, zaman-zaman sosial media hesablar\u0131nda Vilay\u0259t Eyvazov v\u0259 nazirliyin f\u0259aliyy\u0259tini t\u0259nqid edirdi.<\/p>\n\n\n\n<p>\u0130ctimai f\u0259al 2022-ci ilin aprelind\u0259 nam\u0259lum \u015f\u0259xsl\u0259r t\u0259r\u0259find\u0259n paytaxt\u0131n m\u0259rk\u0259zind\u0259 o\u011furlanaraq, zorak\u0131l\u0131\u011fa m\u0259ruz qald\u0131\u011f\u0131n\u0131 bildirib.<\/p>\n\n\n\n<p>Faktla ba\u011fl\u0131 cinay\u0259t i\u015fi ba\u015flansa da, bu g\u00fcn\u0259 q\u0259d\u0259r cinay\u0259ti t\u00f6r\u0259d\u0259n \u015f\u0259xsl\u0259r tap\u0131lmay\u0131b.<\/p>\n","protected":false},"excerpt":{"rendered":"<p>&#8220;Az\u0259rbaycan hakimiyy\u0259tini Hac\u0131yevl\u0259 humanist r\u0259ftar etm\u0259y\u0259 \u00e7a\u011f\u0131r\u0131r\u0131q&#8221; Az\u0259rbaycanl\u0131 v\u0259t\u0259nda\u015f c\u0259miyy\u0259ti &#8230; <\/p>\n<p class=\"read-more-container\"><a title=\"Helsinki Komissiyas\u0131 B\u0259xtiyar Hac\u0131yevl\u0259 ba\u011fl\u0131 \u00e7a\u011f\u0131r\u0131\u015f edib\" class=\"read-more button\" href=\"https:\/\/www.meydan.tv\/az\/article\/helsinki-komissiyasi-bextiyar-haciyevle-bagli-cagiris-edib\/#more-268966\" aria-label=\"Read more about Helsinki Komissiyas\u0131 B\u0259xtiyar Hac\u0131yevl\u0259 ba\u011fl\u0131 \u00e7a\u011f\u0131r\u0131\u015f edib\">Davam\u0131<\/a><\/p>\n","protected":false},"author":18,"featured_media":266105,"comment_status":"closed","ping_status":"closed","sticky":false,"template":"","format":"standard","meta":{"_acf_changed":false,"_sitemap_exclude":false,"_sitemap_priority":"","_sitemap_frequency":"","footnotes":""},"categories":[79,56],"tags":[],"class_list":["post-268966","post","type-post","status-publish","format-standard","has-post-thumbnail","hentry","category-featured","category-xeberler","infinite-scroll-item","generate-columns","tablet-grid-50","mobile-grid-100","grid-parent","grid-33","no-featured-image-padding"],"acf":[],"yoast_head":"<!-- This site is optimized with the Yoast SEO plugin v27.4 - https:\/\/yoast.com\/product\/yoast-seo-wordpress\/ -->\n<title>Helsinki Komissiyas\u0131 B\u0259xtiyar Hac\u0131yevl\u0259 ba\u011fl\u0131 \u00e7a\u011f\u0131r\u0131\u015f edib - MEYDAN.TV<\/title>\n<meta name=\"robots\" content=\"index, follow, max-snippet:-1, max-image-preview:large, max-video-preview:-1\" \/>\n<link rel=\"canonical\" href=\"https:\/\/www.meydan.tv\/az\/article\/helsinki-komissiyasi-bextiyar-haciyevle-bagli-cagiris-edib\/\" \/>\n<meta property=\"og:locale\" content=\"az_AZ\" \/>\n<meta property=\"og:type\" content=\"article\" \/>\n<meta property=\"og:title\" content=\"Helsinki Komissiyas\u0131 B\u0259xtiyar Hac\u0131yevl\u0259 ba\u011fl\u0131 \u00e7a\u011f\u0131r\u0131\u015f edib - MEYDAN.TV\" \/>\n<meta property=\"og:description\" content=\"&#8220;Az\u0259rbaycan hakimiyy\u0259tini Hac\u0131yevl\u0259 humanist r\u0259ftar etm\u0259y\u0259 \u00e7a\u011f\u0131r\u0131r\u0131q&#8221; Az\u0259rbaycanl\u0131 v\u0259t\u0259nda\u015f c\u0259miyy\u0259ti ... Davam\u0131\" \/>\n<meta property=\"og:url\" content=\"https:\/\/www.meydan.tv\/az\/article\/helsinki-komissiyasi-bextiyar-haciyevle-bagli-cagiris-edib\/\" \/>\n<meta property=\"og:site_name\" content=\"MEYDAN.TV\" \/>\n<meta property=\"article:published_time\" content=\"2023-02-21T08:36:32+00:00\" \/>\n<meta property=\"article:modified_time\" content=\"2023-02-21T09:17:59+00:00\" \/>\n<meta property=\"og:image\" content=\"https:\/\/www.meydan.tv\/wp-content\/uploads\/img_9508.jpg\" \/>\n\t<meta property=\"og:image:width\" content=\"1200\" \/>\n\t<meta property=\"og:image:height\" content=\"675\" \/>\n\t<meta property=\"og:image:type\" content=\"image\/jpeg\" \/>\n<meta name=\"author\" content=\"miron\" \/>\n<meta name=\"twitter:card\" content=\"summary_large_image\" \/>\n<script type=\"application\/ld+json\" class=\"yoast-schema-graph\">{\"@context\":\"https:\\\/\\\/schema.org\",\"@graph\":[{\"@type\":\"Article\",\"@id\":\"https:\\\/\\\/www.meydan.tv\\\/az\\\/article\\\/helsinki-komissiyasi-bextiyar-haciyevle-bagli-cagiris-edib\\\/#article\",\"isPartOf\":{\"@id\":\"https:\\\/\\\/www.meydan.tv\\\/az\\\/article\\\/helsinki-komissiyasi-bextiyar-haciyevle-bagli-cagiris-edib\\\/\"},\"author\":{\"name\":\"miron\",\"@id\":\"https:\\\/\\\/www.meydan.tv\\\/az\\\/#\\\/schema\\\/person\\\/981b0b284aeaa9ad0cbf814cd4a9d67c\"},\"headline\":\"Helsinki Komissiyas\u0131 B\u0259xtiyar Hac\u0131yevl\u0259 ba\u011fl\u0131 \u00e7a\u011f\u0131r\u0131\u015f edib\",\"datePublished\":\"2023-02-21T08:36:32+00:00\",\"dateModified\":\"2023-02-21T09:17:59+00:00\",\"mainEntityOfPage\":{\"@id\":\"https:\\\/\\\/www.meydan.tv\\\/az\\\/article\\\/helsinki-komissiyasi-bextiyar-haciyevle-bagli-cagiris-edib\\\/\"},\"wordCount\":803,\"publisher\":{\"@id\":\"https:\\\/\\\/www.meydan.tv\\\/az\\\/#organization\"},\"image\":{\"@id\":\"https:\\\/\\\/www.meydan.tv\\\/az\\\/article\\\/helsinki-komissiyasi-bextiyar-haciyevle-bagli-cagiris-edib\\\/#primaryimage\"},\"thumbnailUrl\":\"https:\\\/\\\/www.meydan.tv\\\/wp-content\\\/uploads\\\/img_9508.jpg\",\"articleSection\":[\"T\u00f6vsiy\u0259\",\"X\u0259b\u0259rl\u0259r\"],\"inLanguage\":\"az\"},{\"@type\":\"WebPage\",\"@id\":\"https:\\\/\\\/www.meydan.tv\\\/az\\\/article\\\/helsinki-komissiyasi-bextiyar-haciyevle-bagli-cagiris-edib\\\/\",\"url\":\"https:\\\/\\\/www.meydan.tv\\\/az\\\/article\\\/helsinki-komissiyasi-bextiyar-haciyevle-bagli-cagiris-edib\\\/\",\"name\":\"Helsinki Komissiyas\u0131 B\u0259xtiyar Hac\u0131yevl\u0259 ba\u011fl\u0131 \u00e7a\u011f\u0131r\u0131\u015f edib - MEYDAN.TV\",\"isPartOf\":{\"@id\":\"https:\\\/\\\/www.meydan.tv\\\/az\\\/#website\"},\"primaryImageOfPage\":{\"@id\":\"https:\\\/\\\/www.meydan.tv\\\/az\\\/article\\\/helsinki-komissiyasi-bextiyar-haciyevle-bagli-cagiris-edib\\\/#primaryimage\"},\"image\":{\"@id\":\"https:\\\/\\\/www.meydan.tv\\\/az\\\/article\\\/helsinki-komissiyasi-bextiyar-haciyevle-bagli-cagiris-edib\\\/#primaryimage\"},\"thumbnailUrl\":\"https:\\\/\\\/www.meydan.tv\\\/wp-content\\\/uploads\\\/img_9508.jpg\",\"datePublished\":\"2023-02-21T08:36:32+00:00\",\"dateModified\":\"2023-02-21T09:17:59+00:00\",\"breadcrumb\":{\"@id\":\"https:\\\/\\\/www.meydan.tv\\\/az\\\/article\\\/helsinki-komissiyasi-bextiyar-haciyevle-bagli-cagiris-edib\\\/#breadcrumb\"},\"inLanguage\":\"az\",\"potentialAction\":[{\"@type\":\"ReadAction\",\"target\":[\"https:\\\/\\\/www.meydan.tv\\\/az\\\/article\\\/helsinki-komissiyasi-bextiyar-haciyevle-bagli-cagiris-edib\\\/\"]}]},{\"@type\":\"ImageObject\",\"inLanguage\":\"az\",\"@id\":\"https:\\\/\\\/www.meydan.tv\\\/az\\\/article\\\/helsinki-komissiyasi-bextiyar-haciyevle-bagli-cagiris-edib\\\/#primaryimage\",\"url\":\"https:\\\/\\\/www.meydan.tv\\\/wp-content\\\/uploads\\\/img_9508.jpg\",\"contentUrl\":\"https:\\\/\\\/www.meydan.tv\\\/wp-content\\\/uploads\\\/img_9508.jpg\",\"width\":1200,\"height\":675,\"caption\":\"B\u0259xtiyar Hac\u0131yev. Foto: Meydan TV\"},{\"@type\":\"BreadcrumbList\",\"@id\":\"https:\\\/\\\/www.meydan.tv\\\/az\\\/article\\\/helsinki-komissiyasi-bextiyar-haciyevle-bagli-cagiris-edib\\\/#breadcrumb\",\"itemListElement\":[{\"@type\":\"ListItem\",\"position\":1,\"name\":\"Ana s\u0259hif\u0259\",\"item\":\"https:\\\/\\\/www.meydan.tv\\\/az\\\/\"},{\"@type\":\"ListItem\",\"position\":2,\"name\":\"X\u0259b\u0259rl\u0259r\",\"item\":\"https:\\\/\\\/www.meydan.tv\\\/az\\\/section\\\/xeberler\\\/\"},{\"@type\":\"ListItem\",\"position\":3,\"name\":\"Helsinki Komissiyas\u0131 B\u0259xtiyar Hac\u0131yevl\u0259 ba\u011fl\u0131 \u00e7a\u011f\u0131r\u0131\u015f edib\"}]},{\"@type\":\"WebSite\",\"@id\":\"https:\\\/\\\/www.meydan.tv\\\/az\\\/#website\",\"url\":\"https:\\\/\\\/www.meydan.tv\\\/az\\\/\",\"name\":\"MEYDAN.TV\",\"description\":\"Meydan TV Az\u0259rbaycan\u0131n media m\u0259kan\u0131ndak\u0131 alternativ s\u0259sidir\",\"publisher\":{\"@id\":\"https:\\\/\\\/www.meydan.tv\\\/az\\\/#organization\"},\"potentialAction\":[{\"@type\":\"SearchAction\",\"target\":{\"@type\":\"EntryPoint\",\"urlTemplate\":\"https:\\\/\\\/www.meydan.tv\\\/az\\\/?s={search_term_string}\"},\"query-input\":{\"@type\":\"PropertyValueSpecification\",\"valueRequired\":true,\"valueName\":\"search_term_string\"}}],\"inLanguage\":\"az\"},{\"@type\":\"Organization\",\"@id\":\"https:\\\/\\\/www.meydan.tv\\\/az\\\/#organization\",\"name\":\"Meydan TV\",\"url\":\"https:\\\/\\\/www.meydan.tv\\\/az\\\/\",\"logo\":{\"@type\":\"ImageObject\",\"inLanguage\":\"az\",\"@id\":\"https:\\\/\\\/www.meydan.tv\\\/az\\\/#\\\/schema\\\/logo\\\/image\\\/\",\"url\":\"https:\\\/\\\/www.meydan.tv\\\/wp-content\\\/uploads\\\/2021\\\/07\\\/meydan-logo.svg\",\"contentUrl\":\"https:\\\/\\\/www.meydan.tv\\\/wp-content\\\/uploads\\\/2021\\\/07\\\/meydan-logo.svg\",\"width\":195,\"height\":46,\"caption\":\"Meydan TV\"},\"image\":{\"@id\":\"https:\\\/\\\/www.meydan.tv\\\/az\\\/#\\\/schema\\\/logo\\\/image\\\/\"}},{\"@type\":\"Person\",\"@id\":\"https:\\\/\\\/www.meydan.tv\\\/az\\\/#\\\/schema\\\/person\\\/981b0b284aeaa9ad0cbf814cd4a9d67c\",\"name\":\"miron\"}]}<\/script>\n<!-- \/ Yoast SEO plugin. -->","yoast_head_json":{"title":"Helsinki Komissiyas\u0131 B\u0259xtiyar Hac\u0131yevl\u0259 ba\u011fl\u0131 \u00e7a\u011f\u0131r\u0131\u015f edib - MEYDAN.TV","robots":{"index":"index","follow":"follow","max-snippet":"max-snippet:-1","max-image-preview":"max-image-preview:large","max-video-preview":"max-video-preview:-1"},"canonical":"https:\/\/www.meydan.tv\/az\/article\/helsinki-komissiyasi-bextiyar-haciyevle-bagli-cagiris-edib\/","og_locale":"az_AZ","og_type":"article","og_title":"Helsinki Komissiyas\u0131 B\u0259xtiyar Hac\u0131yevl\u0259 ba\u011fl\u0131 \u00e7a\u011f\u0131r\u0131\u015f edib - MEYDAN.TV","og_description":"&#8220;Az\u0259rbaycan hakimiyy\u0259tini Hac\u0131yevl\u0259 humanist r\u0259ftar etm\u0259y\u0259 \u00e7a\u011f\u0131r\u0131r\u0131q&#8221; Az\u0259rbaycanl\u0131 v\u0259t\u0259nda\u015f c\u0259miyy\u0259ti ... Davam\u0131","og_url":"https:\/\/www.meydan.tv\/az\/article\/helsinki-komissiyasi-bextiyar-haciyevle-bagli-cagiris-edib\/","og_site_name":"MEYDAN.TV","article_published_time":"2023-02-21T08:36:32+00:00","article_modified_time":"2023-02-21T09:17:59+00:00","og_image":[{"width":1200,"height":675,"url":"https:\/\/www.meydan.tv\/wp-content\/uploads\/img_9508.jpg","type":"image\/jpeg"}],"author":"miron","twitter_card":"summary_large_image","schema":{"@context":"https:\/\/schema.org","@graph":[{"@type":"Article","@id":"https:\/\/www.meydan.tv\/az\/article\/helsinki-komissiyasi-bextiyar-haciyevle-bagli-cagiris-edib\/#article","isPartOf":{"@id":"https:\/\/www.meydan.tv\/az\/article\/helsinki-komissiyasi-bextiyar-haciyevle-bagli-cagiris-edib\/"},"author":{"name":"miron","@id":"https:\/\/www.meydan.tv\/az\/#\/schema\/person\/981b0b284aeaa9ad0cbf814cd4a9d67c"},"headline":"Helsinki Komissiyas\u0131 B\u0259xtiyar Hac\u0131yevl\u0259 ba\u011fl\u0131 \u00e7a\u011f\u0131r\u0131\u015f edib","datePublished":"2023-02-21T08:36:32+00:00","dateModified":"2023-02-21T09:17:59+00:00","mainEntityOfPage":{"@id":"https:\/\/www.meydan.tv\/az\/article\/helsinki-komissiyasi-bextiyar-haciyevle-bagli-cagiris-edib\/"},"wordCount":803,"publisher":{"@id":"https:\/\/www.meydan.tv\/az\/#organization"},"image":{"@id":"https:\/\/www.meydan.tv\/az\/article\/helsinki-komissiyasi-bextiyar-haciyevle-bagli-cagiris-edib\/#primaryimage"},"thumbnailUrl":"https:\/\/www.meydan.tv\/wp-content\/uploads\/img_9508.jpg","articleSection":["T\u00f6vsiy\u0259","X\u0259b\u0259rl\u0259r"],"inLanguage":"az"},{"@type":"WebPage","@id":"https:\/\/www.meydan.tv\/az\/article\/helsinki-komissiyasi-bextiyar-haciyevle-bagli-cagiris-edib\/","url":"https:\/\/www.meydan.tv\/az\/article\/helsinki-komissiyasi-bextiyar-haciyevle-bagli-cagiris-edib\/","name":"Helsinki Komissiyas\u0131 B\u0259xtiyar Hac\u0131yevl\u0259 ba\u011fl\u0131 \u00e7a\u011f\u0131r\u0131\u015f edib - MEYDAN.TV","isPartOf":{"@id":"https:\/\/www.meydan.tv\/az\/#website"},"primaryImageOfPage":{"@id":"https:\/\/www.meydan.tv\/az\/article\/helsinki-komissiyasi-bextiyar-haciyevle-bagli-cagiris-edib\/#primaryimage"},"image":{"@id":"https:\/\/www.meydan.tv\/az\/article\/helsinki-komissiyasi-bextiyar-haciyevle-bagli-cagiris-edib\/#primaryimage"},"thumbnailUrl":"https:\/\/www.meydan.tv\/wp-content\/uploads\/img_9508.jpg","datePublished":"2023-02-21T08:36:32+00:00","dateModified":"2023-02-21T09:17:59+00:00","breadcrumb":{"@id":"https:\/\/www.meydan.tv\/az\/article\/helsinki-komissiyasi-bextiyar-haciyevle-bagli-cagiris-edib\/#breadcrumb"},"inLanguage":"az","potentialAction":[{"@type":"ReadAction","target":["https:\/\/www.meydan.tv\/az\/article\/helsinki-komissiyasi-bextiyar-haciyevle-bagli-cagiris-edib\/"]}]},{"@type":"ImageObject","inLanguage":"az","@id":"https:\/\/www.meydan.tv\/az\/article\/helsinki-komissiyasi-bextiyar-haciyevle-bagli-cagiris-edib\/#primaryimage","url":"https:\/\/www.meydan.tv\/wp-content\/uploads\/img_9508.jpg","contentUrl":"https:\/\/www.meydan.tv\/wp-content\/uploads\/img_9508.jpg","width":1200,"height":675,"caption":"B\u0259xtiyar Hac\u0131yev. Foto: Meydan TV"},{"@type":"BreadcrumbList","@id":"https:\/\/www.meydan.tv\/az\/article\/helsinki-komissiyasi-bextiyar-haciyevle-bagli-cagiris-edib\/#breadcrumb","itemListElement":[{"@type":"ListItem","position":1,"name":"Ana s\u0259hif\u0259","item":"https:\/\/www.meydan.tv\/az\/"},{"@type":"ListItem","position":2,"name":"X\u0259b\u0259rl\u0259r","item":"https:\/\/www.meydan.tv\/az\/section\/xeberler\/"},{"@type":"ListItem","position":3,"name":"Helsinki Komissiyas\u0131 B\u0259xtiyar Hac\u0131yevl\u0259 ba\u011fl\u0131 \u00e7a\u011f\u0131r\u0131\u015f edib"}]},{"@type":"WebSite","@id":"https:\/\/www.meydan.tv\/az\/#website","url":"https:\/\/www.meydan.tv\/az\/","name":"MEYDAN.TV","description":"Meydan TV Az\u0259rbaycan\u0131n media m\u0259kan\u0131ndak\u0131 alternativ s\u0259sidir","publisher":{"@id":"https:\/\/www.meydan.tv\/az\/#organization"},"potentialAction":[{"@type":"SearchAction","target":{"@type":"EntryPoint","urlTemplate":"https:\/\/www.meydan.tv\/az\/?s={search_term_string}"},"query-input":{"@type":"PropertyValueSpecification","valueRequired":true,"valueName":"search_term_string"}}],"inLanguage":"az"},{"@type":"Organization","@id":"https:\/\/www.meydan.tv\/az\/#organization","name":"Meydan TV","url":"https:\/\/www.meydan.tv\/az\/","logo":{"@type":"ImageObject","inLanguage":"az","@id":"https:\/\/www.meydan.tv\/az\/#\/schema\/logo\/image\/","url":"https:\/\/www.meydan.tv\/wp-content\/uploads\/2021\/07\/meydan-logo.svg","contentUrl":"https:\/\/www.meydan.tv\/wp-content\/uploads\/2021\/07\/meydan-logo.svg","width":195,"height":46,"caption":"Meydan TV"},"image":{"@id":"https:\/\/www.meydan.tv\/az\/#\/schema\/logo\/image\/"}},{"@type":"Person","@id":"https:\/\/www.meydan.tv\/az\/#\/schema\/person\/981b0b284aeaa9ad0cbf814cd4a9d67c","name":"miron"}]}},"_links":{"self":[{"href":"https:\/\/www.meydan.tv\/az\/wp-json\/wp\/v2\/posts\/268966","targetHints":{"allow":["GET"]}}],"collection":[{"href":"https:\/\/www.meydan.tv\/az\/wp-json\/wp\/v2\/posts"}],"about":[{"href":"https:\/\/www.meydan.tv\/az\/wp-json\/wp\/v2\/types\/post"}],"author":[{"embeddable":true,"href":"https:\/\/www.meydan.tv\/az\/wp-json\/wp\/v2\/users\/18"}],"replies":[{"embeddable":true,"href":"https:\/\/www.meydan.tv\/az\/wp-json\/wp\/v2\/comments?post=268966"}],"version-history":[{"count":2,"href":"https:\/\/www.meydan.tv\/az\/wp-json\/wp\/v2\/posts\/268966\/revisions"}],"predecessor-version":[{"id":268968,"href":"https:\/\/www.meydan.tv\/az\/wp-json\/wp\/v2\/posts\/268966\/revisions\/268968"}],"wp:featuredmedia":[{"embeddable":true,"href":"https:\/\/www.meydan.tv\/az\/wp-json\/wp\/v2\/media\/266105"}],"wp:attachment":[{"href":"https:\/\/www.meydan.tv\/az\/wp-json\/wp\/v2\/media?parent=268966"}],"wp:term":[{"taxonomy":"category","embeddable":true,"href":"https:\/\/www.meydan.tv\/az\/wp-json\/wp\/v2\/categories?post=268966"},{"taxonomy":"post_tag","embeddable":true,"href":"https:\/\/www.meydan.tv\/az\/wp-json\/wp\/v2\/tags?post=268966"}],"curies":[{"name":"wp","href":"https:\/\/api.w.org\/{rel}","templated":true}]}}