{"id":268958,"date":"2023-02-21T11:40:08","date_gmt":"2023-02-21T07:40:08","guid":{"rendered":"https:\/\/www.meydan.tv\/?p=268958"},"modified":"2023-02-21T13:13:36","modified_gmt":"2023-02-21T09:13:36","slug":"ramiz-novruzun-vida-merasimi-kecirilecek","status":"publish","type":"post","link":"https:\/\/www.meydan.tv\/az\/article\/ramiz-novruzun-vida-merasimi-kecirilecek\/","title":{"rendered":"Ramiz Novruzun vida m\u0259rasimi ke\u00e7iril\u0259c\u0259k"},"content":{"rendered":"\n<p><strong>Xalq artisti il\u0259 \u201cAzdrama\u201dda vidala\u015facaqlar<\/strong><\/p>\n\n\n\n<p>Az\u0259rbaycan\u0131n teatr v\u0259 kino aktyoru, Xalq artisti Ramiz Novruz v\u0259fat edib.<\/p>\n\n\n\n<p>Bu bar\u0259d\u0259 Az\u0259rbaycan Kinematoqraf\u00e7\u0131lar \u0130ttifaq\u0131 m\u0259lumat <a href=\"https:\/\/www.facebook.com\/kinoittifaq\/posts\/576761847827156\">yay\u0131b<\/a>.<\/p>\n\n\n\n<p>M\u0259d\u0259niyy\u0259t Nazirliyinin m\u0259tbuat xidm\u0259ti Xalq artisti Ramiz Novruzun bug\u00fcn saat 15:00-da \u201cQurd qap\u0131s\u0131\u201d q\u0259biristanl\u0131\u011f\u0131nda d\u0259fn olunaca\u011f\u0131n\u0131 a\u00e7\u0131qlay\u0131b.<\/p>\n\n\n\n<p>Az\u0259rbaycan D\u00f6vl\u0259t Akademik Milli Dram Teatr\u0131n\u0131n apar\u0131c\u0131 s\u0259hn\u0259 ustas\u0131 Ramiz Novruz m\u0259d\u0259 x\u0259r\u00e7\u0259ngind\u0259n m\u00fcalic\u0259 olunurdu.<\/p>\n\n\n\n<p>Ramiz Novruzov 1955-ci il may\u0131n 25-d\u0259 Bil\u0259suvarda do\u011fulub.<\/p>\n\n\n\n<p>Az\u0259rbaycan D\u00f6vl\u0259t \u0130nc\u0259s\u0259n\u0259t \u0130nstitutunun Dram v\u0259 kino aktyorlu\u011fu fak\u00fclt\u0259sini bitirib.<\/p>\n\n\n\n<p>1981-ci ild\u0259 Az\u0259rbaycan Akademik Milli Dram Teatr\u0131n\u0131n truppas\u0131na daxil olub.<\/p>\n\n\n\n<p>Teatr s\u0259n\u0259tind\u0259ki xidm\u0259tl\u0259rin\u0259 g\u00f6r\u0259 Ramiz Novruz 1993-c\u00fc ild\u0259 \u018fm\u0259kdar, 1998-ci ild\u0259 Xalq artisti f\u0259xri adlar\u0131na layiq g\u00f6r\u00fcl\u00fcb.<\/p>\n\n\n\n<p>Xalq artisti il\u0259 vida m\u0259rasimi D\u00f6vl\u0259t Akademik Milli Dram Teatr\u0131nda <a href=\"https:\/\/apa.az\/az\/incesenet\/ramiz-novruzla-vida-merasimi-azdramada-kecirilecek-749640\">olacaq<\/a>.<\/p>\n\n\n\n<p>Ramiz Novruz yadda\u015flarda &#8220;Sizi d\u00fcnyalar q\u0259d\u0259r sevirdim&#8221; filmind\u0259ki H\u0259zi Aslanov obraz\u0131 il\u0259 qal\u0131b.<\/p>\n","protected":false},"excerpt":{"rendered":"<p>Xalq artisti il\u0259 \u201cAzdrama\u201dda vidala\u015facaqlar Az\u0259rbaycan\u0131n teatr v\u0259 kino aktyoru, &#8230; <\/p>\n<p class=\"read-more-container\"><a title=\"Ramiz Novruzun vida m\u0259rasimi ke\u00e7iril\u0259c\u0259k\" class=\"read-more button\" href=\"https:\/\/www.meydan.tv\/az\/article\/ramiz-novruzun-vida-merasimi-kecirilecek\/#more-268958\" aria-label=\"Read more about Ramiz Novruzun vida m\u0259rasimi ke\u00e7iril\u0259c\u0259k\">Davam\u0131<\/a><\/p>\n","protected":false},"author":18,"featured_media":268959,"comment_status":"closed","ping_status":"closed","sticky":false,"template":"","format":"standard","meta":{"_acf_changed":false,"_sitemap_exclude":false,"_sitemap_priority":"","_sitemap_frequency":"","footnotes":""},"categories":[52,56],"tags":[],"class_list":["post-268958","post","type-post","status-publish","format-standard","has-post-thumbnail","hentry","category-medeniyyet","category-xeberler","infinite-scroll-item","generate-columns","tablet-grid-50","mobile-grid-100","grid-parent","grid-33","no-featured-image-padding"],"acf":[],"yoast_head":"<!-- This site is optimized with the Yoast SEO plugin v27.4 - https:\/\/yoast.com\/product\/yoast-seo-wordpress\/ -->\n<title>Ramiz Novruzun vida m\u0259rasimi ke\u00e7iril\u0259c\u0259k - MEYDAN.TV<\/title>\n<meta name=\"robots\" content=\"index, follow, max-snippet:-1, max-image-preview:large, max-video-preview:-1\" \/>\n<link rel=\"canonical\" href=\"https:\/\/www.meydan.tv\/az\/article\/ramiz-novruzun-vida-merasimi-kecirilecek\/\" \/>\n<meta property=\"og:locale\" content=\"az_AZ\" \/>\n<meta property=\"og:type\" content=\"article\" \/>\n<meta property=\"og:title\" content=\"Ramiz Novruzun vida m\u0259rasimi ke\u00e7iril\u0259c\u0259k - MEYDAN.TV\" \/>\n<meta property=\"og:description\" content=\"Xalq artisti il\u0259 \u201cAzdrama\u201dda vidala\u015facaqlar Az\u0259rbaycan\u0131n teatr v\u0259 kino aktyoru, ... Davam\u0131\" \/>\n<meta property=\"og:url\" content=\"https:\/\/www.meydan.tv\/az\/article\/ramiz-novruzun-vida-merasimi-kecirilecek\/\" \/>\n<meta property=\"og:site_name\" content=\"MEYDAN.TV\" \/>\n<meta property=\"article:published_time\" content=\"2023-02-21T07:40:08+00:00\" \/>\n<meta property=\"article:modified_time\" content=\"2023-02-21T09:13:36+00:00\" \/>\n<meta property=\"og:image\" content=\"https:\/\/www.meydan.tv\/wp-content\/uploads\/16769290472367138407_1000x669-e1676966572723.jpg\" \/>\n\t<meta property=\"og:image:width\" content=\"1000\" \/>\n\t<meta property=\"og:image:height\" content=\"445\" \/>\n\t<meta property=\"og:image:type\" content=\"image\/jpeg\" \/>\n<meta name=\"author\" content=\"miron\" \/>\n<meta name=\"twitter:card\" content=\"summary_large_image\" \/>\n<script type=\"application\/ld+json\" class=\"yoast-schema-graph\">{\"@context\":\"https:\\\/\\\/schema.org\",\"@graph\":[{\"@type\":\"Article\",\"@id\":\"https:\\\/\\\/www.meydan.tv\\\/az\\\/article\\\/ramiz-novruzun-vida-merasimi-kecirilecek\\\/#article\",\"isPartOf\":{\"@id\":\"https:\\\/\\\/www.meydan.tv\\\/az\\\/article\\\/ramiz-novruzun-vida-merasimi-kecirilecek\\\/\"},\"author\":{\"name\":\"miron\",\"@id\":\"https:\\\/\\\/www.meydan.tv\\\/az\\\/#\\\/schema\\\/person\\\/981b0b284aeaa9ad0cbf814cd4a9d67c\"},\"headline\":\"Ramiz Novruzun vida m\u0259rasimi ke\u00e7iril\u0259c\u0259k\",\"datePublished\":\"2023-02-21T07:40:08+00:00\",\"dateModified\":\"2023-02-21T09:13:36+00:00\",\"mainEntityOfPage\":{\"@id\":\"https:\\\/\\\/www.meydan.tv\\\/az\\\/article\\\/ramiz-novruzun-vida-merasimi-kecirilecek\\\/\"},\"wordCount\":207,\"publisher\":{\"@id\":\"https:\\\/\\\/www.meydan.tv\\\/az\\\/#organization\"},\"image\":{\"@id\":\"https:\\\/\\\/www.meydan.tv\\\/az\\\/article\\\/ramiz-novruzun-vida-merasimi-kecirilecek\\\/#primaryimage\"},\"thumbnailUrl\":\"https:\\\/\\\/www.meydan.tv\\\/wp-content\\\/uploads\\\/16769290472367138407_1000x669-e1676966572723.jpg\",\"articleSection\":[\"M\u0259d\u0259niyy\u0259t\",\"X\u0259b\u0259rl\u0259r\"],\"inLanguage\":\"az\"},{\"@type\":\"WebPage\",\"@id\":\"https:\\\/\\\/www.meydan.tv\\\/az\\\/article\\\/ramiz-novruzun-vida-merasimi-kecirilecek\\\/\",\"url\":\"https:\\\/\\\/www.meydan.tv\\\/az\\\/article\\\/ramiz-novruzun-vida-merasimi-kecirilecek\\\/\",\"name\":\"Ramiz Novruzun vida m\u0259rasimi ke\u00e7iril\u0259c\u0259k - MEYDAN.TV\",\"isPartOf\":{\"@id\":\"https:\\\/\\\/www.meydan.tv\\\/az\\\/#website\"},\"primaryImageOfPage\":{\"@id\":\"https:\\\/\\\/www.meydan.tv\\\/az\\\/article\\\/ramiz-novruzun-vida-merasimi-kecirilecek\\\/#primaryimage\"},\"image\":{\"@id\":\"https:\\\/\\\/www.meydan.tv\\\/az\\\/article\\\/ramiz-novruzun-vida-merasimi-kecirilecek\\\/#primaryimage\"},\"thumbnailUrl\":\"https:\\\/\\\/www.meydan.tv\\\/wp-content\\\/uploads\\\/16769290472367138407_1000x669-e1676966572723.jpg\",\"datePublished\":\"2023-02-21T07:40:08+00:00\",\"dateModified\":\"2023-02-21T09:13:36+00:00\",\"breadcrumb\":{\"@id\":\"https:\\\/\\\/www.meydan.tv\\\/az\\\/article\\\/ramiz-novruzun-vida-merasimi-kecirilecek\\\/#breadcrumb\"},\"inLanguage\":\"az\",\"potentialAction\":[{\"@type\":\"ReadAction\",\"target\":[\"https:\\\/\\\/www.meydan.tv\\\/az\\\/article\\\/ramiz-novruzun-vida-merasimi-kecirilecek\\\/\"]}]},{\"@type\":\"ImageObject\",\"inLanguage\":\"az\",\"@id\":\"https:\\\/\\\/www.meydan.tv\\\/az\\\/article\\\/ramiz-novruzun-vida-merasimi-kecirilecek\\\/#primaryimage\",\"url\":\"https:\\\/\\\/www.meydan.tv\\\/wp-content\\\/uploads\\\/16769290472367138407_1000x669-e1676966572723.jpg\",\"contentUrl\":\"https:\\\/\\\/www.meydan.tv\\\/wp-content\\\/uploads\\\/16769290472367138407_1000x669-e1676966572723.jpg\",\"width\":1000,\"height\":445,\"caption\":\"M\u0259nb\u0259: Az\u0259rTac\"},{\"@type\":\"BreadcrumbList\",\"@id\":\"https:\\\/\\\/www.meydan.tv\\\/az\\\/article\\\/ramiz-novruzun-vida-merasimi-kecirilecek\\\/#breadcrumb\",\"itemListElement\":[{\"@type\":\"ListItem\",\"position\":1,\"name\":\"Ana s\u0259hif\u0259\",\"item\":\"https:\\\/\\\/www.meydan.tv\\\/az\\\/\"},{\"@type\":\"ListItem\",\"position\":2,\"name\":\"X\u0259b\u0259rl\u0259r\",\"item\":\"https:\\\/\\\/www.meydan.tv\\\/az\\\/section\\\/xeberler\\\/\"},{\"@type\":\"ListItem\",\"position\":3,\"name\":\"Ramiz Novruzun vida m\u0259rasimi ke\u00e7iril\u0259c\u0259k\"}]},{\"@type\":\"WebSite\",\"@id\":\"https:\\\/\\\/www.meydan.tv\\\/az\\\/#website\",\"url\":\"https:\\\/\\\/www.meydan.tv\\\/az\\\/\",\"name\":\"MEYDAN.TV\",\"description\":\"Meydan TV Az\u0259rbaycan\u0131n media m\u0259kan\u0131ndak\u0131 alternativ s\u0259sidir\",\"publisher\":{\"@id\":\"https:\\\/\\\/www.meydan.tv\\\/az\\\/#organization\"},\"potentialAction\":[{\"@type\":\"SearchAction\",\"target\":{\"@type\":\"EntryPoint\",\"urlTemplate\":\"https:\\\/\\\/www.meydan.tv\\\/az\\\/?s={search_term_string}\"},\"query-input\":{\"@type\":\"PropertyValueSpecification\",\"valueRequired\":true,\"valueName\":\"search_term_string\"}}],\"inLanguage\":\"az\"},{\"@type\":\"Organization\",\"@id\":\"https:\\\/\\\/www.meydan.tv\\\/az\\\/#organization\",\"name\":\"Meydan TV\",\"url\":\"https:\\\/\\\/www.meydan.tv\\\/az\\\/\",\"logo\":{\"@type\":\"ImageObject\",\"inLanguage\":\"az\",\"@id\":\"https:\\\/\\\/www.meydan.tv\\\/az\\\/#\\\/schema\\\/logo\\\/image\\\/\",\"url\":\"https:\\\/\\\/www.meydan.tv\\\/wp-content\\\/uploads\\\/2021\\\/07\\\/meydan-logo.svg\",\"contentUrl\":\"https:\\\/\\\/www.meydan.tv\\\/wp-content\\\/uploads\\\/2021\\\/07\\\/meydan-logo.svg\",\"width\":195,\"height\":46,\"caption\":\"Meydan TV\"},\"image\":{\"@id\":\"https:\\\/\\\/www.meydan.tv\\\/az\\\/#\\\/schema\\\/logo\\\/image\\\/\"}},{\"@type\":\"Person\",\"@id\":\"https:\\\/\\\/www.meydan.tv\\\/az\\\/#\\\/schema\\\/person\\\/981b0b284aeaa9ad0cbf814cd4a9d67c\",\"name\":\"miron\"}]}<\/script>\n<!-- \/ Yoast SEO plugin. -->","yoast_head_json":{"title":"Ramiz Novruzun vida m\u0259rasimi ke\u00e7iril\u0259c\u0259k - MEYDAN.TV","robots":{"index":"index","follow":"follow","max-snippet":"max-snippet:-1","max-image-preview":"max-image-preview:large","max-video-preview":"max-video-preview:-1"},"canonical":"https:\/\/www.meydan.tv\/az\/article\/ramiz-novruzun-vida-merasimi-kecirilecek\/","og_locale":"az_AZ","og_type":"article","og_title":"Ramiz Novruzun vida m\u0259rasimi ke\u00e7iril\u0259c\u0259k - MEYDAN.TV","og_description":"Xalq artisti il\u0259 \u201cAzdrama\u201dda vidala\u015facaqlar Az\u0259rbaycan\u0131n teatr v\u0259 kino aktyoru, ... Davam\u0131","og_url":"https:\/\/www.meydan.tv\/az\/article\/ramiz-novruzun-vida-merasimi-kecirilecek\/","og_site_name":"MEYDAN.TV","article_published_time":"2023-02-21T07:40:08+00:00","article_modified_time":"2023-02-21T09:13:36+00:00","og_image":[{"width":1000,"height":445,"url":"https:\/\/www.meydan.tv\/wp-content\/uploads\/16769290472367138407_1000x669-e1676966572723.jpg","type":"image\/jpeg"}],"author":"miron","twitter_card":"summary_large_image","schema":{"@context":"https:\/\/schema.org","@graph":[{"@type":"Article","@id":"https:\/\/www.meydan.tv\/az\/article\/ramiz-novruzun-vida-merasimi-kecirilecek\/#article","isPartOf":{"@id":"https:\/\/www.meydan.tv\/az\/article\/ramiz-novruzun-vida-merasimi-kecirilecek\/"},"author":{"name":"miron","@id":"https:\/\/www.meydan.tv\/az\/#\/schema\/person\/981b0b284aeaa9ad0cbf814cd4a9d67c"},"headline":"Ramiz Novruzun vida m\u0259rasimi ke\u00e7iril\u0259c\u0259k","datePublished":"2023-02-21T07:40:08+00:00","dateModified":"2023-02-21T09:13:36+00:00","mainEntityOfPage":{"@id":"https:\/\/www.meydan.tv\/az\/article\/ramiz-novruzun-vida-merasimi-kecirilecek\/"},"wordCount":207,"publisher":{"@id":"https:\/\/www.meydan.tv\/az\/#organization"},"image":{"@id":"https:\/\/www.meydan.tv\/az\/article\/ramiz-novruzun-vida-merasimi-kecirilecek\/#primaryimage"},"thumbnailUrl":"https:\/\/www.meydan.tv\/wp-content\/uploads\/16769290472367138407_1000x669-e1676966572723.jpg","articleSection":["M\u0259d\u0259niyy\u0259t","X\u0259b\u0259rl\u0259r"],"inLanguage":"az"},{"@type":"WebPage","@id":"https:\/\/www.meydan.tv\/az\/article\/ramiz-novruzun-vida-merasimi-kecirilecek\/","url":"https:\/\/www.meydan.tv\/az\/article\/ramiz-novruzun-vida-merasimi-kecirilecek\/","name":"Ramiz Novruzun vida m\u0259rasimi ke\u00e7iril\u0259c\u0259k - MEYDAN.TV","isPartOf":{"@id":"https:\/\/www.meydan.tv\/az\/#website"},"primaryImageOfPage":{"@id":"https:\/\/www.meydan.tv\/az\/article\/ramiz-novruzun-vida-merasimi-kecirilecek\/#primaryimage"},"image":{"@id":"https:\/\/www.meydan.tv\/az\/article\/ramiz-novruzun-vida-merasimi-kecirilecek\/#primaryimage"},"thumbnailUrl":"https:\/\/www.meydan.tv\/wp-content\/uploads\/16769290472367138407_1000x669-e1676966572723.jpg","datePublished":"2023-02-21T07:40:08+00:00","dateModified":"2023-02-21T09:13:36+00:00","breadcrumb":{"@id":"https:\/\/www.meydan.tv\/az\/article\/ramiz-novruzun-vida-merasimi-kecirilecek\/#breadcrumb"},"inLanguage":"az","potentialAction":[{"@type":"ReadAction","target":["https:\/\/www.meydan.tv\/az\/article\/ramiz-novruzun-vida-merasimi-kecirilecek\/"]}]},{"@type":"ImageObject","inLanguage":"az","@id":"https:\/\/www.meydan.tv\/az\/article\/ramiz-novruzun-vida-merasimi-kecirilecek\/#primaryimage","url":"https:\/\/www.meydan.tv\/wp-content\/uploads\/16769290472367138407_1000x669-e1676966572723.jpg","contentUrl":"https:\/\/www.meydan.tv\/wp-content\/uploads\/16769290472367138407_1000x669-e1676966572723.jpg","width":1000,"height":445,"caption":"M\u0259nb\u0259: Az\u0259rTac"},{"@type":"BreadcrumbList","@id":"https:\/\/www.meydan.tv\/az\/article\/ramiz-novruzun-vida-merasimi-kecirilecek\/#breadcrumb","itemListElement":[{"@type":"ListItem","position":1,"name":"Ana s\u0259hif\u0259","item":"https:\/\/www.meydan.tv\/az\/"},{"@type":"ListItem","position":2,"name":"X\u0259b\u0259rl\u0259r","item":"https:\/\/www.meydan.tv\/az\/section\/xeberler\/"},{"@type":"ListItem","position":3,"name":"Ramiz Novruzun vida m\u0259rasimi ke\u00e7iril\u0259c\u0259k"}]},{"@type":"WebSite","@id":"https:\/\/www.meydan.tv\/az\/#website","url":"https:\/\/www.meydan.tv\/az\/","name":"MEYDAN.TV","description":"Meydan TV Az\u0259rbaycan\u0131n media m\u0259kan\u0131ndak\u0131 alternativ s\u0259sidir","publisher":{"@id":"https:\/\/www.meydan.tv\/az\/#organization"},"potentialAction":[{"@type":"SearchAction","target":{"@type":"EntryPoint","urlTemplate":"https:\/\/www.meydan.tv\/az\/?s={search_term_string}"},"query-input":{"@type":"PropertyValueSpecification","valueRequired":true,"valueName":"search_term_string"}}],"inLanguage":"az"},{"@type":"Organization","@id":"https:\/\/www.meydan.tv\/az\/#organization","name":"Meydan TV","url":"https:\/\/www.meydan.tv\/az\/","logo":{"@type":"ImageObject","inLanguage":"az","@id":"https:\/\/www.meydan.tv\/az\/#\/schema\/logo\/image\/","url":"https:\/\/www.meydan.tv\/wp-content\/uploads\/2021\/07\/meydan-logo.svg","contentUrl":"https:\/\/www.meydan.tv\/wp-content\/uploads\/2021\/07\/meydan-logo.svg","width":195,"height":46,"caption":"Meydan TV"},"image":{"@id":"https:\/\/www.meydan.tv\/az\/#\/schema\/logo\/image\/"}},{"@type":"Person","@id":"https:\/\/www.meydan.tv\/az\/#\/schema\/person\/981b0b284aeaa9ad0cbf814cd4a9d67c","name":"miron"}]}},"_links":{"self":[{"href":"https:\/\/www.meydan.tv\/az\/wp-json\/wp\/v2\/posts\/268958","targetHints":{"allow":["GET"]}}],"collection":[{"href":"https:\/\/www.meydan.tv\/az\/wp-json\/wp\/v2\/posts"}],"about":[{"href":"https:\/\/www.meydan.tv\/az\/wp-json\/wp\/v2\/types\/post"}],"author":[{"embeddable":true,"href":"https:\/\/www.meydan.tv\/az\/wp-json\/wp\/v2\/users\/18"}],"replies":[{"embeddable":true,"href":"https:\/\/www.meydan.tv\/az\/wp-json\/wp\/v2\/comments?post=268958"}],"version-history":[{"count":2,"href":"https:\/\/www.meydan.tv\/az\/wp-json\/wp\/v2\/posts\/268958\/revisions"}],"predecessor-version":[{"id":268971,"href":"https:\/\/www.meydan.tv\/az\/wp-json\/wp\/v2\/posts\/268958\/revisions\/268971"}],"wp:featuredmedia":[{"embeddable":true,"href":"https:\/\/www.meydan.tv\/az\/wp-json\/wp\/v2\/media\/268959"}],"wp:attachment":[{"href":"https:\/\/www.meydan.tv\/az\/wp-json\/wp\/v2\/media?parent=268958"}],"wp:term":[{"taxonomy":"category","embeddable":true,"href":"https:\/\/www.meydan.tv\/az\/wp-json\/wp\/v2\/categories?post=268958"},{"taxonomy":"post_tag","embeddable":true,"href":"https:\/\/www.meydan.tv\/az\/wp-json\/wp\/v2\/tags?post=268958"}],"curies":[{"name":"wp","href":"https:\/\/api.w.org\/{rel}","templated":true}]}}