{"id":268953,"date":"2023-02-21T11:33:51","date_gmt":"2023-02-21T07:33:51","guid":{"rendered":"https:\/\/www.meydan.tv\/?p=268953"},"modified":"2023-02-21T11:33:54","modified_gmt":"2023-02-21T07:33:54","slug":"azerbaycanca-danisa-bilmeyen-xalq-yazicisi-budceni-saga-sola-xercleyir","status":"publish","type":"post","link":"https:\/\/www.meydan.tv\/az\/article\/azerbaycanca-danisa-bilmeyen-xalq-yazicisi-budceni-saga-sola-xercleyir\/","title":{"rendered":"<strong>&#8220;Az\u0259rbaycanca dan\u0131\u015fa bilm\u0259y\u0259n Xalq yaz\u0131\u00e7\u0131s\u0131 b\u00fcdc\u0259ni sa\u011fa-sola x\u0259rcl\u0259yir&#8221;<\/strong>"},"content":{"rendered":"\n<p><strong>Bu g\u00fcn Beyn\u0259lxalq Ana Dili G\u00fcn\u00fcd\u00fcr<\/strong><\/p>\n\n\n\n<p>Fevral\u0131n 21-d\u0259 d\u00fcnyada Beyn\u0259lxalq Ana Dili G\u00fcn\u00fc kimi qeyd edilir.<\/p>\n\n\n\n<p>Beyn\u0259lxalq Ana Dili G\u00fcn\u00fc UNESCO (United Nations Educational, Scientific and Cultural Organization) t\u0259r\u0259find\u0259n t\u0259sis edilib.<\/p>\n\n\n\n<p><strong>Bu g\u00fcn\u00fcn yaranma tarixi<\/strong><\/p>\n\n\n\n<p>1952-ci il fevral\u0131n 21-22-d\u0259 Banqlade\u015f Pakistan\u0131n t\u0259rkibind\u0259yk\u0259n benqal dilinin qada\u011fan edilm\u0259sin\u0259 etiraz olaraq ke\u00e7iril\u0259n aksiyada polis v\u0259 silahl\u0131 q\u00fcvv\u0259l\u0259rin m\u00fcdaxil\u0259si n\u0259tic\u0259sind\u0259 d\u00f6rd t\u0259l\u0259b\u0259 h\u0259yat\u0131n\u0131 itirib.<\/p>\n\n\n\n<p>Sonradan d\u00f6vl\u0259t r\u0259smil\u0259ri g\u0259ncl\u0259rin xatir\u0259sin\u0259 ehtiram \u0259lam\u0259ti olaraq h\u0259min t\u0259qvimin ana dili g\u00fcn\u00fc elan edilm\u0259si m\u0259qs\u0259dil\u0259 UNESCO-ya m\u00fcraci\u0259t edibl\u0259r.<\/p>\n\n\n\n<p>1999-cu ilin noyabr\u0131nda UNESCO t\u0259r\u0259find\u0259n 21 fevral\u0131 Beyn\u0259lxalq Ana Dili G\u00fcn\u00fc elan olunub.<\/p>\n\n\n\n<p>2000-ci ild\u0259n etibar\u0259n fevral\u0131n 21-i d\u00fcnyada dil v\u0259 m\u0259d\u0259ni m\u00fcxt\u0259lifliyi v\u0259 \u00e7oxdilliliyi t\u0259\u015fviq etm\u0259k m\u0259qs\u0259dil\u0259 qeyd edilir.<\/p>\n\n\n\n<p><strong>UNESCO \u00f6lk\u0259l\u0259ri \u00e7oxdilli t\u0259hsil siyas\u0259ti y\u00fcr\u00fctm\u0259y\u0259 \u00e7a\u011f\u0131r\u0131r<\/strong><\/p>\n\n\n\n<p>UNESCO-nun Ba\u015f direktoru Odre Azule 2023-c\u00fc il fevral\u0131n 16-da Beyn\u0259lxalq Ana Dili G\u00fcn m\u00fcnasib\u0259til\u0259 d\u00fcnya ictimaiyy\u0259tin\u0259 <a href=\"https:\/\/www.unesco.org\/ru\/articles\/mezhdunarodnyy-den-rodnogo-yazyka-yunesko-prizyvaet-strany-vnedryat-obrazovanie-na-osnove-rodnogo\">m\u00fcraci\u0259t edib<\/a>.<\/p>\n\n\n\n<p>\u201cM\u00f6vcud qlobal t\u0259hsil b\u00f6hran\u0131 il\u0259 m\u00fcbariz\u0259 aparma\u011fa k\u00f6m\u0259k etm\u0259k \u00fc\u00e7\u00fcn UNESCO h\u00f6kum\u0259tl\u0259ri t\u0259hsilin ilk ill\u0259rind\u0259n ana dilin\u0259 \u0259saslanan \u00e7oxdilli t\u0259hsili h\u0259yata ke\u00e7irm\u0259y\u0259 \u00e7a\u011f\u0131r\u0131r\u201d, &#8211; Azule deyib.<\/p>\n\n\n\n<p>O, bildirib ki, bu qayda i\u015fl\u0259kdir, h\u0259tta u\u015faqlara \u00f6yr\u0259nm\u0259y\u0259 k\u00f6m\u0259k ed\u0259n empirik s\u00fcbutlar da var.<\/p>\n\n\n\n<p>Ana Dili G\u00fcn\u00fcnd\u0259 UNESCO h\u0259m d\u0259 d\u00fcnyaya yerli dill\u0259rin qorunmas\u0131n\u0131n vacibliyini xat\u0131rlad\u0131r.<\/p>\n\n\n\n<p>Bildirilir ki, d\u00fcnyada dan\u0131\u015f\u0131lan 6700-d\u0259n \u00e7ox dilin \u0259n az\u0131 40%-i dan\u0131\u015fanlar\u0131n olmamas\u0131 s\u0259b\u0259bind\u0259n uzunm\u00fcdd\u0259tli perspektivd\u0259 yox olmaq riski alt\u0131ndad\u0131r.<\/p>\n\n\n\n<p><strong>Az\u0259rbaycan dilinin haz\u0131rk\u0131 v\u0259ziyy\u0259ti<\/strong><\/p>\n\n\n\n<p>Yaz\u0131\u00e7\u0131 \u015e\u0259rif A\u011fayar Meydan TV-y\u0259 deyir ki, 30 illik m\u00fcst\u0259qillik d\u00f6vr\u00fcnd\u0259 dil sah\u0259sind\u0259 \u00e7ox ciddi islahatlar apar\u0131lmal\u0131 olundu\u011fu halda, h\u0259l\u0259 d\u0259 he\u00e7 bir i\u015f g\u00f6r\u00fclm\u0259yib:<\/p>\n\n\n\n<p>\u201cAz\u0259rbaycan dili urvatdan d\u00fc\u015f\u00fcb, efirl\u0259rd\u0259 yaln\u0131z yaltaql\u0131q vasit\u0259sin\u0259 \u00e7evrilib. \u0130mkanl\u0131 adamlar Az\u0259rbaycan dilin\u0259 yuxar\u0131dan a\u015fa\u011f\u0131 bax\u0131rlar, bu dild\u0259 dan\u0131\u015fm\u0131rlar. Dilin bu g\u00fcn\u0259 d\u00fc\u015fm\u0259sinin \u0259lahidd\u0259 s\u0259b\u0259bl\u0259ri var. Az\u0259rbaycanda b\u00fct\u00fcn sah\u0259l\u0259ri korrupsiya b\u00fcr\u00fcy\u00fcb. T\u0259hsil, tibb ac\u0131nacaql\u0131 g\u00fcnd\u0259dir. Yaza bil\u0259n insanlar\u0131, d\u00fc\u015f\u00fcnc\u0259si, l\u0259yaq\u0259ti olan adamlar\u0131 m\u00fcxt\u0259lif yollarla s\u0131nd\u0131rma\u011fa, m\u0259hv etm\u0259y\u0259 \u00e7al\u0131\u015f\u0131rlar. Xalq yaz\u00e7\u0131s\u0131 Az\u0259rbaycanca dan\u0131\u015fa bilmir, amma b\u00fcdc\u0259ni, xalq\u0131n mal\u0131n\u0131 sa\u011fa-sola x\u0259rcl\u0259yir, he\u00e7 hesabat da vermir. M\u0259tbuat da yax\u015f\u0131 v\u0259ziyy\u0259td\u0259 deyil. Ciddi m\u00fc\u0259llifl\u0259r p\u0259r\u0259n-p\u0259r\u0259n d\u00fc\u015f\u00fcb\u201d.<\/p>\n\n\n\n<figure class=\"gb-block-image gb-block-image-7ca2701f\"><img decoding=\"async\" width=\"720\" height=\"472\" class=\"gb-image gb-image-7ca2701f lazyload\" data-src=\"https:\/\/www.meydan.tv\/wp-content\/uploads\/115699243_3128765247215678_7534047405425660026_n.jpg\" alt=\"\" title=\"115699243_3128765247215678_7534047405425660026_n\" src=\"data:image\/svg+xml;base64,PHN2ZyB3aWR0aD0iMSIgaGVpZ2h0PSIxIiB4bWxucz0iaHR0cDovL3d3dy53My5vcmcvMjAwMC9zdmciPjwvc3ZnPg==\" style=\"--smush-placeholder-width: 720px; --smush-placeholder-aspect-ratio: 720\/472;\" \/><\/figure>\n\n\n\n<p><\/p>\n\n\n\n<p><strong>\u201cAz\u0259rbaycandilli yazarlar\u0131 adam yerin\u0259 qoymurlar\u201d<\/strong><\/p>\n\n\n\n<p>\u201cAz\u0259rbaycandilli yazarlar\u0131 adam yerin\u0259 qoymurlar. Bel\u0259 olan halda Az\u0259rbaycan dilin\u0259 kim inanacaq? M\u0259hz buna g\u00f6r\u0259 bir \u00e7oxlar\u0131 \u00fc\u00e7\u00fcn Az\u0259rbaycan dili he\u00e7 bir perspektiv v\u0259d etmir. Soru\u015fsaq, dey\u0259c\u0259k: \u201cDilimizi n\u0259 g\u00fcn\u0259 qoymusunuz ki, u\u015fa\u011f\u0131m\u0131 o dild\u0259 oxutdurum?\u201d, &#8211; yaz\u0131\u00e7\u0131 deyir.<\/p>\n\n\n\n<p>\u201cBu dilin g\u00f6z\u0259lliyi, bu poeziya qat\u0131, n\u0259sr qat\u0131, publisistika qat\u0131 he\u00e7 kimin diqq\u0259tind\u0259 deyil, he\u00e7 kim\u0259 laz\u0131m deyil. Dil o vaxt inki\u015faf edir ki, sadalad\u0131qlar\u0131mla \u00e7iyin-\u00e7iyin\u0259 add\u0131mlay\u0131r\u201d.<\/p>\n\n\n\n<p>\u015e\u0259rif A\u011fayar bu istiqam\u0259td\u0259 r\u0259smi dil institutlar\u0131ndan da \u00f6nc\u0259 qeyri-h\u00f6kum\u0259t t\u0259\u015fkilatlar\u0131n\u0131n aktivl\u0259\u015fm\u0259sini vacib say\u0131r:<\/p>\n\n\n\n<p>\u201cBizd\u0259 mill\u0259t v\u0259kili Sabir R\u00fcst\u0259mxanl\u0131n\u0131n r\u0259hb\u0259rliyi il\u0259 \u201cAz\u0259rbaycan Dil Qurumu\u201d \u0130ctimai Birliyi yarad\u0131lm\u0131\u015fd\u0131. M\u0259n d\u0259 idar\u0259 hey\u0259tind\u0259 t\u0259msil olunurdum. T\u0259\u0259ss\u00fcf ki, maliyy\u0259 v\u0259 bir \u00e7ox ba\u015fqa s\u0259b\u0259bl\u0259r\u0259 g\u00f6r\u0259 f\u0259aliyy\u0259tini u\u011furla davam etdir\u0259 bilmir. Az\u0259rbaycanda h\u0259r \u015fey\u0259 pul tap\u0131l\u0131r, bu c\u00fcr ciddi, taley\u00fckl\u00fc, strateji m\u0259s\u0259l\u0259l\u0259r\u0259 tap\u0131lm\u0131r. Halbuki dil \u0259razi v\u0259 d\u00f6vl\u0259tl\u0259 birlikd\u0259 bir xalq\u0131n \u0259n vacib var olma komponentidir. Dilimiz\u0259 d\u0259 v\u0259t\u0259n torpa\u011f\u0131 kimi h\u0259ssas yana\u015fmal\u0131, onu qorumal\u0131 v\u0259 inki\u015faf\u0131n\u0131 t\u0259min etm\u0259liyik\u201d.<\/p>\n\n\n\n<p><strong>\u201cDilimiz b\u00f6y\u00fckd\u00fcr deyirik, amma \u00f6z dilimizd\u0259 oxumuruq\u201d<\/strong><\/p>\n\n\n\n<p>Bug\u00fcnl\u0259rd\u0259 \u201cQanun\u201d N\u0259\u015frl\u0259r Evinin r\u0259hb\u0259ri, t\u0259rc\u00fcm\u0259\u00e7i-yazar \u015eahbaz Xuduo\u011flu da Az\u0259rbaycan dili il\u0259 ba\u011fl\u0131 fikirl\u0259rini \u201cFacebook\u201d s\u0259hif\u0259sind\u0259 <a href=\"https:\/\/www.facebook.com\/shahbaz.xuduoglu\/posts\/pfbid0PCUQnPGWeJ8NDQXA8BagtB8fuGmZV7rXD2fzbDttUgNANpkNJAkkgLAVipd6qaTWl\">yazm\u0131\u015fd\u0131<\/a>.<\/p>\n\n\n\n<p>Bildirmi\u015fdi ki, m\u00fcst\u0259qilliyin tarixi 30 ili ke\u00e7s\u0259 d\u0259, Az\u0259rbaycan dilinin x\u00fcsusi n\u0259aliyy\u0259ti yoxdur. Bunu d\u00fczg\u00fcn t\u0259hsil sisteminin qurulmamas\u0131, d\u0259rslikl\u0259rl\u0259 \u0259laq\u0259l\u0259ndirib:<\/p>\n\n\n\n<p>\u201cD\u00fcnyada oldu\u011fu kimi bizd\u0259 d\u0259 kitab oxuyanlar\u0131n say\u0131 art\u0131r, amma daha \u00e7ox \u0259cn\u0259bi dill\u0259rd\u0259: rusca, ingilisc\u0259, t\u00fcrkc\u0259&#8230; Buna s\u0259b\u0259b h\u0259min dill\u0259rin inki\u015faf\u0131 \u00fc\u00e7\u00fcn m\u00fchitin v\u0259 \u0259sasl\u0131 d\u00f6vl\u0259t siyas\u0259tinin olmas\u0131d\u0131r. Bizd\u0259 is\u0259 \u0259ksin\u0259dir. Dilimiz b\u00f6y\u00fckd\u00fcr deyirik, amma \u00f6z dilimizd\u0259 oxumuruq. Konstitusiyada dilimizin ad\u0131 Az\u0259rbaycan dili olsa da, bu dil \u0259yal\u0259t\u00e7ilikd\u0259n xilas ola bilm\u0259di, milli birlik yaratmad\u0131\u201d.<\/p>\n\n\n\n<figure class=\"wp-block-image size-large\"><img decoding=\"async\" width=\"1200\" height=\"542\" data-src=\"https:\/\/www.meydan.tv\/wp-content\/uploads\/sahbaz-xuduoglu-e1671795011683-1200x542.jpg\" alt=\"\u015eahbaz Xuduo\u011flu\" class=\"wp-image-132798 lazyload\" src=\"data:image\/svg+xml;base64,PHN2ZyB3aWR0aD0iMSIgaGVpZ2h0PSIxIiB4bWxucz0iaHR0cDovL3d3dy53My5vcmcvMjAwMC9zdmciPjwvc3ZnPg==\" style=\"--smush-placeholder-width: 1200px; --smush-placeholder-aspect-ratio: 1200\/542;\" \/><figcaption class=\"wp-element-caption\">Foto: Meydan TV<\/figcaption><\/figure>\n\n\n\n<p>Na\u015fir payla\u015f\u0131m\u0131nda T\u00fcrkiy\u0259 t\u00fcrkc\u0259sini d\u00f6vl\u0259t dili kimi q\u0259bul etm\u0259k fikri il\u0259 d\u0259 \u00e7\u0131x\u0131\u015f edib:<\/p>\n\n\n\n<p>\u201cG\u00fcnd\u0259lik h\u0259yat\u0131m\u0131z\u0131n diqt\u0259sin\u0259 qulaq asmaq zaman\u0131d\u0131r. T\u0259hsilimizi v\u0259 \u0259d\u0259bi dilimizi d\u0259yi\u015fm\u0259liyik. C\u00fcmhuriyy\u0259t yarananda dilimizin ad\u0131 t\u00fcrk olub, kitablar\u0131m\u0131z t\u00fcrkc\u0259 \u00e7\u0131x\u0131b. B\u0259s indi niy\u0259 ger\u00e7\u0259k dilimiz\u0259 sahibl\u0259nmirik? T\u00fcrkiy\u0259nin g\u00fcl kimi t\u00fcrkc\u0259si var, daha c\u0259sar\u0259tli t\u0259rp\u0259nib o dili oldu\u011fu kimi q\u0259bul etm\u0259liyik. \u018fslind\u0259, m\u00fcasir t\u00fcrk \u0259lifbas\u0131n\u0131n m\u00fc\u0259llifl\u0259rind\u0259n biri el\u0259 Mirz\u0259 F\u0259t\u0259li Axundovdur. Axundov \u0259lifbas\u0131n\u0131n q\u0259bulu, h\u0259m d\u0259 o irs\u0259 sahibl\u0259nm\u0259k dem\u0259kdir. H\u0259mi\u015f\u0259 d\u00fc\u015f\u00fcnm\u00fc\u015f\u0259m yax\u015f\u0131 olacaq, dilimiz inki\u015faf ed\u0259c\u0259k. \u00dcmid m\u0259ni ir\u0259li apar\u0131r, reall\u0131q is\u0259 geri \u00e7\u0259kir. Yegan\u0259 inki\u015faf yolumuz Axundov irsin\u0259 qay\u0131tmaq \u00f6z t\u00fcrkc\u0259mizi q\u0259bul etm\u0259yimizdir\u201d.<\/p>\n\n\n\n<p><strong>\u201cAz\u0259rbaycan hakimiyy\u0259tinin elm\u0259 m\u00fcnasib\u0259ti Leninin burjuaziyaya m\u00fcnasib\u0259ti kimidir\u201d<\/strong><\/p>\n\n\n\n<p>T\u0259hsil eksperti Nabat\u0259li Qulamo\u011flu Az\u0259rbaycan dilinin ba\u015fl\u0131ca probleminin bu dili t\u0259dris etm\u0259k \u00fc\u00e7\u00fcn m\u00fc\u0259yy\u0259n edil\u0259n standartlar\u0131n yarars\u0131z olmas\u0131nda g\u00f6r\u00fcr.<\/p>\n\n\n\n<p>O, Meydan TV-y\u0259 bildirib ki, Az\u0259rbaycan dili \u00fczr\u0259 standartlar\u0131n q\u0259bulunu t\u0259kc\u0259 Elm v\u0259 T\u0259hsil Nazirliyin\u0259 etibar etm\u0259k olmaz:<\/p>\n\n\n\n<p>\u201c\u00c7\u00fcnki m\u0259mur dil\u00e7il\u0259rin \u00e7oxu d\u00fcnyan\u0131n inki\u015faf tendensiyas\u0131ndan x\u0259b\u0259rsizdir. H\u0259r saatda minl\u0259rl\u0259 informasiya al\u0131r\u0131q. Bu informasiyalar\u0131n b\u00f6y\u00fck \u0259ks\u0259riyy\u0259ti \u00e7ox m\u00fch\u00fcm \u0259h\u0259miyy\u0259t k\u0259sb edir. Dil haqq\u0131nda \u0259n x\u0131rda detallar\u0131n t\u0259dris\u0259 c\u0259lb olunmas\u0131 bizi \u00fcmumi inki\u015fafdan geri sal\u0131r. Dig\u0259r t\u0259r\u0259fd\u0259n, D\u00f6vl\u0259t \u0130mtahan M\u0259rk\u0259zi \u0259zb\u0259r\u00e7iliy\u0259 hesablanm\u0131\u015f testl\u0259rl\u0259 \u015fagirdl\u0259rin kreativ d\u00fc\u015f\u00fcnc\u0259sinin qar\u015f\u0131s\u0131n\u0131 al\u0131r. Kreativ d\u00fc\u015f\u00fcnc\u0259 is\u0259 yeni texnologiyalar\u0131n yarad\u0131lmas\u0131 \u00fc\u00e7\u00fcn detenatordur, y\u0259ni dili yarad\u0131c\u0131 \u015f\u0259kild\u0259 \u00f6yr\u0259tm\u0259k b\u00fct\u00fcn elm sah\u0259l\u0259rinin inki\u015faf\u0131na m\u00fcsb\u0259t t\u0259sir edir, biliy\u0259 \u0259saslanan iqtisaadiyyat yarad\u0131r\u201d.<\/p>\n\n\n\n<figure class=\"gb-block-image gb-block-image-2ba18e5b\"><img decoding=\"async\" width=\"637\" height=\"400\" class=\"gb-image gb-image-2ba18e5b lazyload\" data-src=\"https:\/\/www.meydan.tv\/wp-content\/uploads\/45143.jpg\" alt=\"Nabat\u0259li Qulamo\u011flu\" title=\"Nabat\u0259li Qulamo\u011flu\" src=\"data:image\/svg+xml;base64,PHN2ZyB3aWR0aD0iMSIgaGVpZ2h0PSIxIiB4bWxucz0iaHR0cDovL3d3dy53My5vcmcvMjAwMC9zdmciPjwvc3ZnPg==\" style=\"--smush-placeholder-width: 637px; --smush-placeholder-aspect-ratio: 637\/400;\" \/><\/figure>\n\n\n\n<p><\/p>\n\n\n\n<p>\u201c\u0130st\u0259nil\u0259n sah\u0259d\u0259 h\u0259r bir yenilik yeni anlay\u0131\u015f v\u0259 m\u0259fhumlar yarad\u0131r. Dem\u0259li, z\u0259ncirvari proses dilin leksikas\u0131n\u0131 m\u00fck\u0259mm\u0259ll\u0259\u015fdirir. Biz bu g\u00fcn bir yeni d\u0259zgah istehsal ets\u0259k, onun ad\u0131 \u00f6z dilimizd\u0259 olacaq, h\u0259min d\u0259zgah\u0131n \u0259traf\u0131nda yaranan s\u00f6zl\u0259r d\u0259 biz\u0259 m\u0259xsus olacaq. \u0130qtisadi c\u0259h\u0259td\u0259n inki\u015faf etmi\u015f \u00f6lk\u0259l\u0259r demokratik \u00f6lk\u0259l\u0259rdir. Az\u0259rbaycan hakimiyy\u0259tinin elm\u0259 m\u00fcnasib\u0259ti Leninin burjuaziyaya m\u00fcnasib\u0259ti kimidir. Elm v\u0259 m\u0259d\u0259niyy\u0259t inki\u015faf etm\u0259s\u0259, dil inki\u015faf etm\u0259z &#8211; bu birm\u0259nal\u0131d\u0131r\u201d, &#8211; Nabat\u0259li Qulamo\u011flu deyib.<\/p>\n\n\n\n<p>Az\u0259rbaycan dili \u201cAz\u0259rbaycan Respublikas\u0131nda d\u00f6vl\u0259t dili haqq\u0131nda\u201d qanunla t\u0259nziml\u0259nir.<\/p>\n","protected":false},"excerpt":{"rendered":"<p>Bu g\u00fcn Beyn\u0259lxalq Ana Dili G\u00fcn\u00fcd\u00fcr Fevral\u0131n 21-d\u0259 d\u00fcnyada Beyn\u0259lxalq &#8230; <\/p>\n<p class=\"read-more-container\"><a title=\"&#8220;Az\u0259rbaycanca dan\u0131\u015fa bilm\u0259y\u0259n Xalq yaz\u0131\u00e7\u0131s\u0131 b\u00fcdc\u0259ni sa\u011fa-sola x\u0259rcl\u0259yir&#8221;\" class=\"read-more button\" href=\"https:\/\/www.meydan.tv\/az\/article\/azerbaycanca-danisa-bilmeyen-xalq-yazicisi-budceni-saga-sola-xercleyir\/#more-268953\" aria-label=\"Read more about &#8220;Az\u0259rbaycanca dan\u0131\u015fa bilm\u0259y\u0259n Xalq yaz\u0131\u00e7\u0131s\u0131 b\u00fcdc\u0259ni sa\u011fa-sola x\u0259rcl\u0259yir&#8221;\">Davam\u0131<\/a><\/p>\n","protected":false},"author":18,"featured_media":268954,"comment_status":"closed","ping_status":"closed","sticky":false,"template":"","format":"standard","meta":{"_acf_changed":false,"_sitemap_exclude":false,"_sitemap_priority":"","_sitemap_frequency":"","footnotes":""},"categories":[52,56],"tags":[],"class_list":["post-268953","post","type-post","status-publish","format-standard","has-post-thumbnail","hentry","category-medeniyyet","category-xeberler","infinite-scroll-item","generate-columns","tablet-grid-50","mobile-grid-100","grid-parent","grid-33","no-featured-image-padding"],"acf":[],"yoast_head":"<!-- This site is optimized with the Yoast SEO plugin v27.4 - https:\/\/yoast.com\/product\/yoast-seo-wordpress\/ -->\n<title>&quot;Az\u0259rbaycanca dan\u0131\u015fa bilm\u0259y\u0259n Xalq yaz\u0131\u00e7\u0131s\u0131 b\u00fcdc\u0259ni sa\u011fa-sola x\u0259rcl\u0259yir&quot; - MEYDAN.TV<\/title>\n<meta name=\"robots\" content=\"index, follow, max-snippet:-1, max-image-preview:large, max-video-preview:-1\" \/>\n<link rel=\"canonical\" href=\"https:\/\/www.meydan.tv\/az\/article\/azerbaycanca-danisa-bilmeyen-xalq-yazicisi-budceni-saga-sola-xercleyir\/\" \/>\n<meta property=\"og:locale\" content=\"az_AZ\" \/>\n<meta property=\"og:type\" content=\"article\" \/>\n<meta property=\"og:title\" content=\"&quot;Az\u0259rbaycanca dan\u0131\u015fa bilm\u0259y\u0259n Xalq yaz\u0131\u00e7\u0131s\u0131 b\u00fcdc\u0259ni sa\u011fa-sola x\u0259rcl\u0259yir&quot; - MEYDAN.TV\" \/>\n<meta property=\"og:description\" content=\"Bu g\u00fcn Beyn\u0259lxalq Ana Dili G\u00fcn\u00fcd\u00fcr Fevral\u0131n 21-d\u0259 d\u00fcnyada Beyn\u0259lxalq ... Davam\u0131\" \/>\n<meta property=\"og:url\" content=\"https:\/\/www.meydan.tv\/az\/article\/azerbaycanca-danisa-bilmeyen-xalq-yazicisi-budceni-saga-sola-xercleyir\/\" \/>\n<meta property=\"og:site_name\" content=\"MEYDAN.TV\" \/>\n<meta property=\"article:published_time\" content=\"2023-02-21T07:33:51+00:00\" \/>\n<meta property=\"article:modified_time\" content=\"2023-02-21T07:33:54+00:00\" \/>\n<meta property=\"og:image\" content=\"https:\/\/www.meydan.tv\/wp-content\/uploads\/5c6a66eb14ac3.jpg\" \/>\n\t<meta property=\"og:image:width\" content=\"1220\" \/>\n\t<meta property=\"og:image:height\" content=\"686\" \/>\n\t<meta property=\"og:image:type\" content=\"image\/jpeg\" \/>\n<meta name=\"author\" content=\"miron\" \/>\n<meta name=\"twitter:card\" content=\"summary_large_image\" \/>\n<script type=\"application\/ld+json\" class=\"yoast-schema-graph\">{\"@context\":\"https:\\\/\\\/schema.org\",\"@graph\":[{\"@type\":\"Article\",\"@id\":\"https:\\\/\\\/www.meydan.tv\\\/az\\\/article\\\/azerbaycanca-danisa-bilmeyen-xalq-yazicisi-budceni-saga-sola-xercleyir\\\/#article\",\"isPartOf\":{\"@id\":\"https:\\\/\\\/www.meydan.tv\\\/az\\\/article\\\/azerbaycanca-danisa-bilmeyen-xalq-yazicisi-budceni-saga-sola-xercleyir\\\/\"},\"author\":{\"name\":\"miron\",\"@id\":\"https:\\\/\\\/www.meydan.tv\\\/az\\\/#\\\/schema\\\/person\\\/981b0b284aeaa9ad0cbf814cd4a9d67c\"},\"headline\":\"&#8220;Az\u0259rbaycanca dan\u0131\u015fa bilm\u0259y\u0259n Xalq yaz\u0131\u00e7\u0131s\u0131 b\u00fcdc\u0259ni sa\u011fa-sola x\u0259rcl\u0259yir&#8221;\",\"datePublished\":\"2023-02-21T07:33:51+00:00\",\"dateModified\":\"2023-02-21T07:33:54+00:00\",\"mainEntityOfPage\":{\"@id\":\"https:\\\/\\\/www.meydan.tv\\\/az\\\/article\\\/azerbaycanca-danisa-bilmeyen-xalq-yazicisi-budceni-saga-sola-xercleyir\\\/\"},\"wordCount\":1465,\"publisher\":{\"@id\":\"https:\\\/\\\/www.meydan.tv\\\/az\\\/#organization\"},\"image\":{\"@id\":\"https:\\\/\\\/www.meydan.tv\\\/az\\\/article\\\/azerbaycanca-danisa-bilmeyen-xalq-yazicisi-budceni-saga-sola-xercleyir\\\/#primaryimage\"},\"thumbnailUrl\":\"https:\\\/\\\/www.meydan.tv\\\/wp-content\\\/uploads\\\/5c6a66eb14ac3.jpg\",\"articleSection\":[\"M\u0259d\u0259niyy\u0259t\",\"X\u0259b\u0259rl\u0259r\"],\"inLanguage\":\"az\"},{\"@type\":\"WebPage\",\"@id\":\"https:\\\/\\\/www.meydan.tv\\\/az\\\/article\\\/azerbaycanca-danisa-bilmeyen-xalq-yazicisi-budceni-saga-sola-xercleyir\\\/\",\"url\":\"https:\\\/\\\/www.meydan.tv\\\/az\\\/article\\\/azerbaycanca-danisa-bilmeyen-xalq-yazicisi-budceni-saga-sola-xercleyir\\\/\",\"name\":\"\\\"Az\u0259rbaycanca dan\u0131\u015fa bilm\u0259y\u0259n Xalq yaz\u0131\u00e7\u0131s\u0131 b\u00fcdc\u0259ni sa\u011fa-sola x\u0259rcl\u0259yir\\\" - MEYDAN.TV\",\"isPartOf\":{\"@id\":\"https:\\\/\\\/www.meydan.tv\\\/az\\\/#website\"},\"primaryImageOfPage\":{\"@id\":\"https:\\\/\\\/www.meydan.tv\\\/az\\\/article\\\/azerbaycanca-danisa-bilmeyen-xalq-yazicisi-budceni-saga-sola-xercleyir\\\/#primaryimage\"},\"image\":{\"@id\":\"https:\\\/\\\/www.meydan.tv\\\/az\\\/article\\\/azerbaycanca-danisa-bilmeyen-xalq-yazicisi-budceni-saga-sola-xercleyir\\\/#primaryimage\"},\"thumbnailUrl\":\"https:\\\/\\\/www.meydan.tv\\\/wp-content\\\/uploads\\\/5c6a66eb14ac3.jpg\",\"datePublished\":\"2023-02-21T07:33:51+00:00\",\"dateModified\":\"2023-02-21T07:33:54+00:00\",\"breadcrumb\":{\"@id\":\"https:\\\/\\\/www.meydan.tv\\\/az\\\/article\\\/azerbaycanca-danisa-bilmeyen-xalq-yazicisi-budceni-saga-sola-xercleyir\\\/#breadcrumb\"},\"inLanguage\":\"az\",\"potentialAction\":[{\"@type\":\"ReadAction\",\"target\":[\"https:\\\/\\\/www.meydan.tv\\\/az\\\/article\\\/azerbaycanca-danisa-bilmeyen-xalq-yazicisi-budceni-saga-sola-xercleyir\\\/\"]}]},{\"@type\":\"ImageObject\",\"inLanguage\":\"az\",\"@id\":\"https:\\\/\\\/www.meydan.tv\\\/az\\\/article\\\/azerbaycanca-danisa-bilmeyen-xalq-yazicisi-budceni-saga-sola-xercleyir\\\/#primaryimage\",\"url\":\"https:\\\/\\\/www.meydan.tv\\\/wp-content\\\/uploads\\\/5c6a66eb14ac3.jpg\",\"contentUrl\":\"https:\\\/\\\/www.meydan.tv\\\/wp-content\\\/uploads\\\/5c6a66eb14ac3.jpg\",\"width\":1220,\"height\":686,\"caption\":\"M\u0259nb\u0259: Az\u0259rtac\"},{\"@type\":\"BreadcrumbList\",\"@id\":\"https:\\\/\\\/www.meydan.tv\\\/az\\\/article\\\/azerbaycanca-danisa-bilmeyen-xalq-yazicisi-budceni-saga-sola-xercleyir\\\/#breadcrumb\",\"itemListElement\":[{\"@type\":\"ListItem\",\"position\":1,\"name\":\"Ana s\u0259hif\u0259\",\"item\":\"https:\\\/\\\/www.meydan.tv\\\/az\\\/\"},{\"@type\":\"ListItem\",\"position\":2,\"name\":\"X\u0259b\u0259rl\u0259r\",\"item\":\"https:\\\/\\\/www.meydan.tv\\\/az\\\/section\\\/xeberler\\\/\"},{\"@type\":\"ListItem\",\"position\":3,\"name\":\"&#8220;Az\u0259rbaycanca dan\u0131\u015fa bilm\u0259y\u0259n Xalq yaz\u0131\u00e7\u0131s\u0131 b\u00fcdc\u0259ni sa\u011fa-sola x\u0259rcl\u0259yir&#8221;\"}]},{\"@type\":\"WebSite\",\"@id\":\"https:\\\/\\\/www.meydan.tv\\\/az\\\/#website\",\"url\":\"https:\\\/\\\/www.meydan.tv\\\/az\\\/\",\"name\":\"MEYDAN.TV\",\"description\":\"Meydan TV Az\u0259rbaycan\u0131n media m\u0259kan\u0131ndak\u0131 alternativ s\u0259sidir\",\"publisher\":{\"@id\":\"https:\\\/\\\/www.meydan.tv\\\/az\\\/#organization\"},\"potentialAction\":[{\"@type\":\"SearchAction\",\"target\":{\"@type\":\"EntryPoint\",\"urlTemplate\":\"https:\\\/\\\/www.meydan.tv\\\/az\\\/?s={search_term_string}\"},\"query-input\":{\"@type\":\"PropertyValueSpecification\",\"valueRequired\":true,\"valueName\":\"search_term_string\"}}],\"inLanguage\":\"az\"},{\"@type\":\"Organization\",\"@id\":\"https:\\\/\\\/www.meydan.tv\\\/az\\\/#organization\",\"name\":\"Meydan TV\",\"url\":\"https:\\\/\\\/www.meydan.tv\\\/az\\\/\",\"logo\":{\"@type\":\"ImageObject\",\"inLanguage\":\"az\",\"@id\":\"https:\\\/\\\/www.meydan.tv\\\/az\\\/#\\\/schema\\\/logo\\\/image\\\/\",\"url\":\"https:\\\/\\\/www.meydan.tv\\\/wp-content\\\/uploads\\\/2021\\\/07\\\/meydan-logo.svg\",\"contentUrl\":\"https:\\\/\\\/www.meydan.tv\\\/wp-content\\\/uploads\\\/2021\\\/07\\\/meydan-logo.svg\",\"width\":195,\"height\":46,\"caption\":\"Meydan TV\"},\"image\":{\"@id\":\"https:\\\/\\\/www.meydan.tv\\\/az\\\/#\\\/schema\\\/logo\\\/image\\\/\"}},{\"@type\":\"Person\",\"@id\":\"https:\\\/\\\/www.meydan.tv\\\/az\\\/#\\\/schema\\\/person\\\/981b0b284aeaa9ad0cbf814cd4a9d67c\",\"name\":\"miron\"}]}<\/script>\n<!-- \/ Yoast SEO plugin. -->","yoast_head_json":{"title":"\"Az\u0259rbaycanca dan\u0131\u015fa bilm\u0259y\u0259n Xalq yaz\u0131\u00e7\u0131s\u0131 b\u00fcdc\u0259ni sa\u011fa-sola x\u0259rcl\u0259yir\" - MEYDAN.TV","robots":{"index":"index","follow":"follow","max-snippet":"max-snippet:-1","max-image-preview":"max-image-preview:large","max-video-preview":"max-video-preview:-1"},"canonical":"https:\/\/www.meydan.tv\/az\/article\/azerbaycanca-danisa-bilmeyen-xalq-yazicisi-budceni-saga-sola-xercleyir\/","og_locale":"az_AZ","og_type":"article","og_title":"\"Az\u0259rbaycanca dan\u0131\u015fa bilm\u0259y\u0259n Xalq yaz\u0131\u00e7\u0131s\u0131 b\u00fcdc\u0259ni sa\u011fa-sola x\u0259rcl\u0259yir\" - MEYDAN.TV","og_description":"Bu g\u00fcn Beyn\u0259lxalq Ana Dili G\u00fcn\u00fcd\u00fcr Fevral\u0131n 21-d\u0259 d\u00fcnyada Beyn\u0259lxalq ... Davam\u0131","og_url":"https:\/\/www.meydan.tv\/az\/article\/azerbaycanca-danisa-bilmeyen-xalq-yazicisi-budceni-saga-sola-xercleyir\/","og_site_name":"MEYDAN.TV","article_published_time":"2023-02-21T07:33:51+00:00","article_modified_time":"2023-02-21T07:33:54+00:00","og_image":[{"width":1220,"height":686,"url":"https:\/\/www.meydan.tv\/wp-content\/uploads\/5c6a66eb14ac3.jpg","type":"image\/jpeg"}],"author":"miron","twitter_card":"summary_large_image","schema":{"@context":"https:\/\/schema.org","@graph":[{"@type":"Article","@id":"https:\/\/www.meydan.tv\/az\/article\/azerbaycanca-danisa-bilmeyen-xalq-yazicisi-budceni-saga-sola-xercleyir\/#article","isPartOf":{"@id":"https:\/\/www.meydan.tv\/az\/article\/azerbaycanca-danisa-bilmeyen-xalq-yazicisi-budceni-saga-sola-xercleyir\/"},"author":{"name":"miron","@id":"https:\/\/www.meydan.tv\/az\/#\/schema\/person\/981b0b284aeaa9ad0cbf814cd4a9d67c"},"headline":"&#8220;Az\u0259rbaycanca dan\u0131\u015fa bilm\u0259y\u0259n Xalq yaz\u0131\u00e7\u0131s\u0131 b\u00fcdc\u0259ni sa\u011fa-sola x\u0259rcl\u0259yir&#8221;","datePublished":"2023-02-21T07:33:51+00:00","dateModified":"2023-02-21T07:33:54+00:00","mainEntityOfPage":{"@id":"https:\/\/www.meydan.tv\/az\/article\/azerbaycanca-danisa-bilmeyen-xalq-yazicisi-budceni-saga-sola-xercleyir\/"},"wordCount":1465,"publisher":{"@id":"https:\/\/www.meydan.tv\/az\/#organization"},"image":{"@id":"https:\/\/www.meydan.tv\/az\/article\/azerbaycanca-danisa-bilmeyen-xalq-yazicisi-budceni-saga-sola-xercleyir\/#primaryimage"},"thumbnailUrl":"https:\/\/www.meydan.tv\/wp-content\/uploads\/5c6a66eb14ac3.jpg","articleSection":["M\u0259d\u0259niyy\u0259t","X\u0259b\u0259rl\u0259r"],"inLanguage":"az"},{"@type":"WebPage","@id":"https:\/\/www.meydan.tv\/az\/article\/azerbaycanca-danisa-bilmeyen-xalq-yazicisi-budceni-saga-sola-xercleyir\/","url":"https:\/\/www.meydan.tv\/az\/article\/azerbaycanca-danisa-bilmeyen-xalq-yazicisi-budceni-saga-sola-xercleyir\/","name":"\"Az\u0259rbaycanca dan\u0131\u015fa bilm\u0259y\u0259n Xalq yaz\u0131\u00e7\u0131s\u0131 b\u00fcdc\u0259ni sa\u011fa-sola x\u0259rcl\u0259yir\" - MEYDAN.TV","isPartOf":{"@id":"https:\/\/www.meydan.tv\/az\/#website"},"primaryImageOfPage":{"@id":"https:\/\/www.meydan.tv\/az\/article\/azerbaycanca-danisa-bilmeyen-xalq-yazicisi-budceni-saga-sola-xercleyir\/#primaryimage"},"image":{"@id":"https:\/\/www.meydan.tv\/az\/article\/azerbaycanca-danisa-bilmeyen-xalq-yazicisi-budceni-saga-sola-xercleyir\/#primaryimage"},"thumbnailUrl":"https:\/\/www.meydan.tv\/wp-content\/uploads\/5c6a66eb14ac3.jpg","datePublished":"2023-02-21T07:33:51+00:00","dateModified":"2023-02-21T07:33:54+00:00","breadcrumb":{"@id":"https:\/\/www.meydan.tv\/az\/article\/azerbaycanca-danisa-bilmeyen-xalq-yazicisi-budceni-saga-sola-xercleyir\/#breadcrumb"},"inLanguage":"az","potentialAction":[{"@type":"ReadAction","target":["https:\/\/www.meydan.tv\/az\/article\/azerbaycanca-danisa-bilmeyen-xalq-yazicisi-budceni-saga-sola-xercleyir\/"]}]},{"@type":"ImageObject","inLanguage":"az","@id":"https:\/\/www.meydan.tv\/az\/article\/azerbaycanca-danisa-bilmeyen-xalq-yazicisi-budceni-saga-sola-xercleyir\/#primaryimage","url":"https:\/\/www.meydan.tv\/wp-content\/uploads\/5c6a66eb14ac3.jpg","contentUrl":"https:\/\/www.meydan.tv\/wp-content\/uploads\/5c6a66eb14ac3.jpg","width":1220,"height":686,"caption":"M\u0259nb\u0259: Az\u0259rtac"},{"@type":"BreadcrumbList","@id":"https:\/\/www.meydan.tv\/az\/article\/azerbaycanca-danisa-bilmeyen-xalq-yazicisi-budceni-saga-sola-xercleyir\/#breadcrumb","itemListElement":[{"@type":"ListItem","position":1,"name":"Ana s\u0259hif\u0259","item":"https:\/\/www.meydan.tv\/az\/"},{"@type":"ListItem","position":2,"name":"X\u0259b\u0259rl\u0259r","item":"https:\/\/www.meydan.tv\/az\/section\/xeberler\/"},{"@type":"ListItem","position":3,"name":"&#8220;Az\u0259rbaycanca dan\u0131\u015fa bilm\u0259y\u0259n Xalq yaz\u0131\u00e7\u0131s\u0131 b\u00fcdc\u0259ni sa\u011fa-sola x\u0259rcl\u0259yir&#8221;"}]},{"@type":"WebSite","@id":"https:\/\/www.meydan.tv\/az\/#website","url":"https:\/\/www.meydan.tv\/az\/","name":"MEYDAN.TV","description":"Meydan TV Az\u0259rbaycan\u0131n media m\u0259kan\u0131ndak\u0131 alternativ s\u0259sidir","publisher":{"@id":"https:\/\/www.meydan.tv\/az\/#organization"},"potentialAction":[{"@type":"SearchAction","target":{"@type":"EntryPoint","urlTemplate":"https:\/\/www.meydan.tv\/az\/?s={search_term_string}"},"query-input":{"@type":"PropertyValueSpecification","valueRequired":true,"valueName":"search_term_string"}}],"inLanguage":"az"},{"@type":"Organization","@id":"https:\/\/www.meydan.tv\/az\/#organization","name":"Meydan TV","url":"https:\/\/www.meydan.tv\/az\/","logo":{"@type":"ImageObject","inLanguage":"az","@id":"https:\/\/www.meydan.tv\/az\/#\/schema\/logo\/image\/","url":"https:\/\/www.meydan.tv\/wp-content\/uploads\/2021\/07\/meydan-logo.svg","contentUrl":"https:\/\/www.meydan.tv\/wp-content\/uploads\/2021\/07\/meydan-logo.svg","width":195,"height":46,"caption":"Meydan TV"},"image":{"@id":"https:\/\/www.meydan.tv\/az\/#\/schema\/logo\/image\/"}},{"@type":"Person","@id":"https:\/\/www.meydan.tv\/az\/#\/schema\/person\/981b0b284aeaa9ad0cbf814cd4a9d67c","name":"miron"}]}},"_links":{"self":[{"href":"https:\/\/www.meydan.tv\/az\/wp-json\/wp\/v2\/posts\/268953","targetHints":{"allow":["GET"]}}],"collection":[{"href":"https:\/\/www.meydan.tv\/az\/wp-json\/wp\/v2\/posts"}],"about":[{"href":"https:\/\/www.meydan.tv\/az\/wp-json\/wp\/v2\/types\/post"}],"author":[{"embeddable":true,"href":"https:\/\/www.meydan.tv\/az\/wp-json\/wp\/v2\/users\/18"}],"replies":[{"embeddable":true,"href":"https:\/\/www.meydan.tv\/az\/wp-json\/wp\/v2\/comments?post=268953"}],"version-history":[{"count":1,"href":"https:\/\/www.meydan.tv\/az\/wp-json\/wp\/v2\/posts\/268953\/revisions"}],"predecessor-version":[{"id":268957,"href":"https:\/\/www.meydan.tv\/az\/wp-json\/wp\/v2\/posts\/268953\/revisions\/268957"}],"wp:featuredmedia":[{"embeddable":true,"href":"https:\/\/www.meydan.tv\/az\/wp-json\/wp\/v2\/media\/268954"}],"wp:attachment":[{"href":"https:\/\/www.meydan.tv\/az\/wp-json\/wp\/v2\/media?parent=268953"}],"wp:term":[{"taxonomy":"category","embeddable":true,"href":"https:\/\/www.meydan.tv\/az\/wp-json\/wp\/v2\/categories?post=268953"},{"taxonomy":"post_tag","embeddable":true,"href":"https:\/\/www.meydan.tv\/az\/wp-json\/wp\/v2\/tags?post=268953"}],"curies":[{"name":"wp","href":"https:\/\/api.w.org\/{rel}","templated":true}]}}