{"id":268848,"date":"2023-02-20T13:12:45","date_gmt":"2023-02-20T09:12:45","guid":{"rendered":"https:\/\/www.meydan.tv\/?p=268848"},"modified":"2023-02-20T13:12:48","modified_gmt":"2023-02-20T09:12:48","slug":"azerbaycan-qazi-daxile-xaricden-baha-sata-biler","status":"publish","type":"post","link":"https:\/\/www.meydan.tv\/az\/article\/azerbaycan-qazi-daxile-xaricden-baha-sata-biler\/","title":{"rendered":"<strong>Az\u0259rbaycan qaz\u0131 daxil\u0259 xaricd\u0259n baha sata bil\u0259r?<\/strong>"},"content":{"rendered":"\n<p><em>Az\u0259ri-\u00c7\u0131raq-G\u00fcn\u0259\u015flid\u0259n 1 aya 625, 1 milyon g\u0259lir g\u00f6t\u00fcr\u00fcl\u00fcb<\/em><\/p>\n\n\n\n<p>Az\u0259rbaycan Respublikas\u0131 D\u00f6vl\u0259t Neft Fondu (ARDNF) yanvarda Az\u0259ri-\u00c7\u0131raq-G\u00fcn\u0259\u015fli (A\u00c7G) yata\u011f\u0131ndan hasil edil\u0259n m\u0259nf\u0259\u0259t nefti sat\u0131\u015f\u0131ndan 625 milyon 74 min AB\u015e dollar\u0131 g\u0259lir \u0259ld\u0259 edib.<\/p>\n\n\n\n<p>Bu bar\u0259d\u0259 ARDNF-in yayd\u0131\u011f\u0131 m\u0259lumatda <a href=\"https:\/\/oilfund.az\/fund\/press-room\/news-archive\/1561\">bildirilir<\/a>.<\/p>\n\n\n\n<p>\u00d6t\u0259n ilin eyni d\u00f6vr\u00fcnd\u0259 bu r\u0259q\u0259m 683,1 milyon dollar olub. Builki g\u0259lir \u00f6t\u0259n il\u0259 baxanda 58 milyon dollar v\u0259 ya 8,5 faiz \u00e7oxdur.<\/p>\n\n\n\n<p>\u0130qtisad\u00e7\u0131 Qubad \u0130bado\u011flu deyir ki, ARDNF ild\u0259n-il\u0259 ictimai informasiyalar\u0131n a\u00e7\u0131qlanmas\u0131n\u0131 m\u0259hdudla\u015fd\u0131r\u0131r.<\/p>\n\n\n\n<p>Onun s\u00f6zl\u0259rin\u0259 g\u00f6r\u0259, ARDNF \u015eahd\u0259niz yata\u011f\u0131ndan (qaz v\u0259 kondensat) 2023-c\u00fc ilin yanvar\u0131nda \u0259ld\u0259 edil\u0259n g\u0259lirl\u0259r bar\u0259d\u0259 m\u0259lumat\u0131 d\u0259rc etm\u0259yib:<\/p>\n\n\n\n<p>\u201cLakin \u0259ld\u0259 etdiyimiz m\u0259lumata g\u00f6r\u0259, yanvarda ixrac edil\u0259n t\u0259bii qaz\u0131n h\u0259cmi \u00f6t\u0259n ilin eyni ay\u0131 il\u0259 m\u00fcqayis\u0259d\u0259 84,1 faiz, d\u0259y\u0259ri is\u0259 663 milyon dollar az olub. Bel\u0259 ki, D\u00f6vl\u0259t G\u00f6mr\u00fck Komit\u0259sinin a\u00e7\u0131qlamas\u0131na g\u00f6r\u0259, bu ilin yanvar ay\u0131nda Az\u0259rbaycandan ixrac edil\u0259n t\u0259bii qaz\u0131n d\u0259y\u0259ri 140 milyon AB\u015e dollar\u0131 t\u0259\u015fkil edib\u201d.<\/p>\n\n\n\n<p>\u0130qtisad\u00e7\u0131 bildirib ki, D\u00f6vl\u0259t Statistika Komit\u0259si d\u0259 2023-c\u00fc ilin yanvar ay\u0131nda m\u0259d\u0259n\u00e7\u0131xarma sektorunda \u0259mt\u0259\u0259lik neft hasilat\u0131n\u0131n 6,9 faiz, \u0259mt\u0259\u0259lik qaz hasilat\u0131n\u0131n is\u0259 1,3 faiz azald\u0131\u011f\u0131n\u0131 a\u00e7\u0131qlay\u0131b:<\/p>\n\n\n\n<p>\u201cQaz g\u0259lirl\u0259rinin k\u0259skin azalmas\u0131n\u0131n s\u0259b\u0259bi 2021-ci ilin avqust ay\u0131n\u0131n sonundan b\u0259ri Avropada qaz\u0131n qiym\u0259tinin minimuma enm\u0259sidir. Bel\u0259 davam ed\u0259rs\u0259, Az\u0259rbaycan qaz\u0131 daxild\u0259 xaricd\u0259n baha sat\u0131lacaq. Odur ki, Az\u0259rbaycan h\u00f6kum\u0259ti daxili bazarda qaz qiym\u0259tl\u0259rini ucuzla\u015fd\u0131rmaq bar\u0259sind\u0259 d\u00fc\u015f\u00fcnm\u0259lidir\u201d.<\/p>\n\n\n\n<p>Qubad \u0130bado\u011flu \u0259lav\u0259 edir ki, \u0259ksi d\u0259 ola bil\u0259r. Y\u0259ni Avropaya qaz\u0131 siyasi m\u0259qs\u0259dl\u0259r \u00fc\u00e7\u00fcn satan Az\u0259rbaycan hakimiyy\u0259ti ordan itkil\u0259ri kompensasiya etm\u0259k \u00fc\u00e7\u00fcn daxili bazarda qaz\u0131n qiym\u0259tini bahala\u015fd\u0131rma\u011fa \u0259l atar.<\/p>\n\n\n\n<p>ARDNF-d\u0259n 2023-c\u00fc ilin yanvar\u0131nda \u015eahd\u0259niz yata\u011f\u0131ndan n\u0259 q\u0259d\u0259r g\u0259lir \u0259ld\u0259 edilm\u0259si il\u0259 ba\u011fl\u0131 m\u0259lumat almaq m\u00fcmk\u00fcn olmay\u0131b.&nbsp;<\/p>\n","protected":false},"excerpt":{"rendered":"<p>Az\u0259ri-\u00c7\u0131raq-G\u00fcn\u0259\u015flid\u0259n 1 aya 625, 1 milyon g\u0259lir g\u00f6t\u00fcr\u00fcl\u00fcb Az\u0259rbaycan Respublikas\u0131 &#8230; <\/p>\n<p class=\"read-more-container\"><a title=\"Az\u0259rbaycan qaz\u0131 daxil\u0259 xaricd\u0259n baha sata bil\u0259r?\" class=\"read-more button\" href=\"https:\/\/www.meydan.tv\/az\/article\/azerbaycan-qazi-daxile-xaricden-baha-sata-biler\/#more-268848\" aria-label=\"Read more about Az\u0259rbaycan qaz\u0131 daxil\u0259 xaricd\u0259n baha sata bil\u0259r?\">Davam\u0131<\/a><\/p>\n","protected":false},"author":18,"featured_media":268849,"comment_status":"closed","ping_status":"closed","sticky":false,"template":"","format":"standard","meta":{"_acf_changed":false,"_sitemap_exclude":false,"_sitemap_priority":"","_sitemap_frequency":"","footnotes":""},"categories":[53,56],"tags":[],"class_list":["post-268848","post","type-post","status-publish","format-standard","has-post-thumbnail","hentry","category-iqtisadiyyat","category-xeberler","infinite-scroll-item","generate-columns","tablet-grid-50","mobile-grid-100","grid-parent","grid-33","no-featured-image-padding"],"acf":[],"yoast_head":"<!-- This site is optimized with the Yoast SEO plugin v27.4 - https:\/\/yoast.com\/product\/yoast-seo-wordpress\/ -->\n<title>Az\u0259rbaycan qaz\u0131 daxil\u0259 xaricd\u0259n baha sata bil\u0259r? - MEYDAN.TV<\/title>\n<meta name=\"robots\" content=\"index, follow, max-snippet:-1, max-image-preview:large, max-video-preview:-1\" \/>\n<link rel=\"canonical\" href=\"https:\/\/www.meydan.tv\/az\/article\/azerbaycan-qazi-daxile-xaricden-baha-sata-biler\/\" \/>\n<meta property=\"og:locale\" content=\"az_AZ\" \/>\n<meta property=\"og:type\" content=\"article\" \/>\n<meta property=\"og:title\" content=\"Az\u0259rbaycan qaz\u0131 daxil\u0259 xaricd\u0259n baha sata bil\u0259r? - MEYDAN.TV\" \/>\n<meta property=\"og:description\" content=\"Az\u0259ri-\u00c7\u0131raq-G\u00fcn\u0259\u015flid\u0259n 1 aya 625, 1 milyon g\u0259lir g\u00f6t\u00fcr\u00fcl\u00fcb Az\u0259rbaycan Respublikas\u0131 ... Davam\u0131\" \/>\n<meta property=\"og:url\" content=\"https:\/\/www.meydan.tv\/az\/article\/azerbaycan-qazi-daxile-xaricden-baha-sata-biler\/\" \/>\n<meta property=\"og:site_name\" content=\"MEYDAN.TV\" \/>\n<meta property=\"article:published_time\" content=\"2023-02-20T09:12:45+00:00\" \/>\n<meta property=\"article:modified_time\" content=\"2023-02-20T09:12:48+00:00\" \/>\n<meta property=\"og:image\" content=\"https:\/\/www.meydan.tv\/wp-content\/uploads\/438797527_0_344_3029_2048_1920x0_80_0_0_42c1a339dbd2fbd9740b88a664cf432f.jpg\" \/>\n\t<meta property=\"og:image:width\" content=\"1920\" \/>\n\t<meta property=\"og:image:height\" content=\"1080\" \/>\n\t<meta property=\"og:image:type\" content=\"image\/jpeg\" \/>\n<meta name=\"author\" content=\"miron\" \/>\n<meta name=\"twitter:card\" content=\"summary_large_image\" \/>\n<script type=\"application\/ld+json\" class=\"yoast-schema-graph\">{\"@context\":\"https:\\\/\\\/schema.org\",\"@graph\":[{\"@type\":\"Article\",\"@id\":\"https:\\\/\\\/www.meydan.tv\\\/az\\\/article\\\/azerbaycan-qazi-daxile-xaricden-baha-sata-biler\\\/#article\",\"isPartOf\":{\"@id\":\"https:\\\/\\\/www.meydan.tv\\\/az\\\/article\\\/azerbaycan-qazi-daxile-xaricden-baha-sata-biler\\\/\"},\"author\":{\"name\":\"miron\",\"@id\":\"https:\\\/\\\/www.meydan.tv\\\/az\\\/#\\\/schema\\\/person\\\/981b0b284aeaa9ad0cbf814cd4a9d67c\"},\"headline\":\"Az\u0259rbaycan qaz\u0131 daxil\u0259 xaricd\u0259n baha sata bil\u0259r?\",\"datePublished\":\"2023-02-20T09:12:45+00:00\",\"dateModified\":\"2023-02-20T09:12:48+00:00\",\"mainEntityOfPage\":{\"@id\":\"https:\\\/\\\/www.meydan.tv\\\/az\\\/article\\\/azerbaycan-qazi-daxile-xaricden-baha-sata-biler\\\/\"},\"wordCount\":400,\"publisher\":{\"@id\":\"https:\\\/\\\/www.meydan.tv\\\/az\\\/#organization\"},\"image\":{\"@id\":\"https:\\\/\\\/www.meydan.tv\\\/az\\\/article\\\/azerbaycan-qazi-daxile-xaricden-baha-sata-biler\\\/#primaryimage\"},\"thumbnailUrl\":\"https:\\\/\\\/www.meydan.tv\\\/wp-content\\\/uploads\\\/438797527_0_344_3029_2048_1920x0_80_0_0_42c1a339dbd2fbd9740b88a664cf432f.jpg\",\"articleSection\":[\"\u0130qtisadiyyat\",\"X\u0259b\u0259rl\u0259r\"],\"inLanguage\":\"az\"},{\"@type\":\"WebPage\",\"@id\":\"https:\\\/\\\/www.meydan.tv\\\/az\\\/article\\\/azerbaycan-qazi-daxile-xaricden-baha-sata-biler\\\/\",\"url\":\"https:\\\/\\\/www.meydan.tv\\\/az\\\/article\\\/azerbaycan-qazi-daxile-xaricden-baha-sata-biler\\\/\",\"name\":\"Az\u0259rbaycan qaz\u0131 daxil\u0259 xaricd\u0259n baha sata bil\u0259r? - MEYDAN.TV\",\"isPartOf\":{\"@id\":\"https:\\\/\\\/www.meydan.tv\\\/az\\\/#website\"},\"primaryImageOfPage\":{\"@id\":\"https:\\\/\\\/www.meydan.tv\\\/az\\\/article\\\/azerbaycan-qazi-daxile-xaricden-baha-sata-biler\\\/#primaryimage\"},\"image\":{\"@id\":\"https:\\\/\\\/www.meydan.tv\\\/az\\\/article\\\/azerbaycan-qazi-daxile-xaricden-baha-sata-biler\\\/#primaryimage\"},\"thumbnailUrl\":\"https:\\\/\\\/www.meydan.tv\\\/wp-content\\\/uploads\\\/438797527_0_344_3029_2048_1920x0_80_0_0_42c1a339dbd2fbd9740b88a664cf432f.jpg\",\"datePublished\":\"2023-02-20T09:12:45+00:00\",\"dateModified\":\"2023-02-20T09:12:48+00:00\",\"breadcrumb\":{\"@id\":\"https:\\\/\\\/www.meydan.tv\\\/az\\\/article\\\/azerbaycan-qazi-daxile-xaricden-baha-sata-biler\\\/#breadcrumb\"},\"inLanguage\":\"az\",\"potentialAction\":[{\"@type\":\"ReadAction\",\"target\":[\"https:\\\/\\\/www.meydan.tv\\\/az\\\/article\\\/azerbaycan-qazi-daxile-xaricden-baha-sata-biler\\\/\"]}]},{\"@type\":\"ImageObject\",\"inLanguage\":\"az\",\"@id\":\"https:\\\/\\\/www.meydan.tv\\\/az\\\/article\\\/azerbaycan-qazi-daxile-xaricden-baha-sata-biler\\\/#primaryimage\",\"url\":\"https:\\\/\\\/www.meydan.tv\\\/wp-content\\\/uploads\\\/438797527_0_344_3029_2048_1920x0_80_0_0_42c1a339dbd2fbd9740b88a664cf432f.jpg\",\"contentUrl\":\"https:\\\/\\\/www.meydan.tv\\\/wp-content\\\/uploads\\\/438797527_0_344_3029_2048_1920x0_80_0_0_42c1a339dbd2fbd9740b88a664cf432f.jpg\",\"width\":1920,\"height\":1080,\"caption\":\"Foto: Reuters\"},{\"@type\":\"BreadcrumbList\",\"@id\":\"https:\\\/\\\/www.meydan.tv\\\/az\\\/article\\\/azerbaycan-qazi-daxile-xaricden-baha-sata-biler\\\/#breadcrumb\",\"itemListElement\":[{\"@type\":\"ListItem\",\"position\":1,\"name\":\"Ana s\u0259hif\u0259\",\"item\":\"https:\\\/\\\/www.meydan.tv\\\/az\\\/\"},{\"@type\":\"ListItem\",\"position\":2,\"name\":\"X\u0259b\u0259rl\u0259r\",\"item\":\"https:\\\/\\\/www.meydan.tv\\\/az\\\/section\\\/xeberler\\\/\"},{\"@type\":\"ListItem\",\"position\":3,\"name\":\"Az\u0259rbaycan qaz\u0131 daxil\u0259 xaricd\u0259n baha sata bil\u0259r?\"}]},{\"@type\":\"WebSite\",\"@id\":\"https:\\\/\\\/www.meydan.tv\\\/az\\\/#website\",\"url\":\"https:\\\/\\\/www.meydan.tv\\\/az\\\/\",\"name\":\"MEYDAN.TV\",\"description\":\"Meydan TV Az\u0259rbaycan\u0131n media m\u0259kan\u0131ndak\u0131 alternativ s\u0259sidir\",\"publisher\":{\"@id\":\"https:\\\/\\\/www.meydan.tv\\\/az\\\/#organization\"},\"potentialAction\":[{\"@type\":\"SearchAction\",\"target\":{\"@type\":\"EntryPoint\",\"urlTemplate\":\"https:\\\/\\\/www.meydan.tv\\\/az\\\/?s={search_term_string}\"},\"query-input\":{\"@type\":\"PropertyValueSpecification\",\"valueRequired\":true,\"valueName\":\"search_term_string\"}}],\"inLanguage\":\"az\"},{\"@type\":\"Organization\",\"@id\":\"https:\\\/\\\/www.meydan.tv\\\/az\\\/#organization\",\"name\":\"Meydan TV\",\"url\":\"https:\\\/\\\/www.meydan.tv\\\/az\\\/\",\"logo\":{\"@type\":\"ImageObject\",\"inLanguage\":\"az\",\"@id\":\"https:\\\/\\\/www.meydan.tv\\\/az\\\/#\\\/schema\\\/logo\\\/image\\\/\",\"url\":\"https:\\\/\\\/www.meydan.tv\\\/wp-content\\\/uploads\\\/2021\\\/07\\\/meydan-logo.svg\",\"contentUrl\":\"https:\\\/\\\/www.meydan.tv\\\/wp-content\\\/uploads\\\/2021\\\/07\\\/meydan-logo.svg\",\"width\":195,\"height\":46,\"caption\":\"Meydan TV\"},\"image\":{\"@id\":\"https:\\\/\\\/www.meydan.tv\\\/az\\\/#\\\/schema\\\/logo\\\/image\\\/\"}},{\"@type\":\"Person\",\"@id\":\"https:\\\/\\\/www.meydan.tv\\\/az\\\/#\\\/schema\\\/person\\\/981b0b284aeaa9ad0cbf814cd4a9d67c\",\"name\":\"miron\"}]}<\/script>\n<!-- \/ Yoast SEO plugin. -->","yoast_head_json":{"title":"Az\u0259rbaycan qaz\u0131 daxil\u0259 xaricd\u0259n baha sata bil\u0259r? - MEYDAN.TV","robots":{"index":"index","follow":"follow","max-snippet":"max-snippet:-1","max-image-preview":"max-image-preview:large","max-video-preview":"max-video-preview:-1"},"canonical":"https:\/\/www.meydan.tv\/az\/article\/azerbaycan-qazi-daxile-xaricden-baha-sata-biler\/","og_locale":"az_AZ","og_type":"article","og_title":"Az\u0259rbaycan qaz\u0131 daxil\u0259 xaricd\u0259n baha sata bil\u0259r? - MEYDAN.TV","og_description":"Az\u0259ri-\u00c7\u0131raq-G\u00fcn\u0259\u015flid\u0259n 1 aya 625, 1 milyon g\u0259lir g\u00f6t\u00fcr\u00fcl\u00fcb Az\u0259rbaycan Respublikas\u0131 ... Davam\u0131","og_url":"https:\/\/www.meydan.tv\/az\/article\/azerbaycan-qazi-daxile-xaricden-baha-sata-biler\/","og_site_name":"MEYDAN.TV","article_published_time":"2023-02-20T09:12:45+00:00","article_modified_time":"2023-02-20T09:12:48+00:00","og_image":[{"width":1920,"height":1080,"url":"https:\/\/www.meydan.tv\/wp-content\/uploads\/438797527_0_344_3029_2048_1920x0_80_0_0_42c1a339dbd2fbd9740b88a664cf432f.jpg","type":"image\/jpeg"}],"author":"miron","twitter_card":"summary_large_image","schema":{"@context":"https:\/\/schema.org","@graph":[{"@type":"Article","@id":"https:\/\/www.meydan.tv\/az\/article\/azerbaycan-qazi-daxile-xaricden-baha-sata-biler\/#article","isPartOf":{"@id":"https:\/\/www.meydan.tv\/az\/article\/azerbaycan-qazi-daxile-xaricden-baha-sata-biler\/"},"author":{"name":"miron","@id":"https:\/\/www.meydan.tv\/az\/#\/schema\/person\/981b0b284aeaa9ad0cbf814cd4a9d67c"},"headline":"Az\u0259rbaycan qaz\u0131 daxil\u0259 xaricd\u0259n baha sata bil\u0259r?","datePublished":"2023-02-20T09:12:45+00:00","dateModified":"2023-02-20T09:12:48+00:00","mainEntityOfPage":{"@id":"https:\/\/www.meydan.tv\/az\/article\/azerbaycan-qazi-daxile-xaricden-baha-sata-biler\/"},"wordCount":400,"publisher":{"@id":"https:\/\/www.meydan.tv\/az\/#organization"},"image":{"@id":"https:\/\/www.meydan.tv\/az\/article\/azerbaycan-qazi-daxile-xaricden-baha-sata-biler\/#primaryimage"},"thumbnailUrl":"https:\/\/www.meydan.tv\/wp-content\/uploads\/438797527_0_344_3029_2048_1920x0_80_0_0_42c1a339dbd2fbd9740b88a664cf432f.jpg","articleSection":["\u0130qtisadiyyat","X\u0259b\u0259rl\u0259r"],"inLanguage":"az"},{"@type":"WebPage","@id":"https:\/\/www.meydan.tv\/az\/article\/azerbaycan-qazi-daxile-xaricden-baha-sata-biler\/","url":"https:\/\/www.meydan.tv\/az\/article\/azerbaycan-qazi-daxile-xaricden-baha-sata-biler\/","name":"Az\u0259rbaycan qaz\u0131 daxil\u0259 xaricd\u0259n baha sata bil\u0259r? - MEYDAN.TV","isPartOf":{"@id":"https:\/\/www.meydan.tv\/az\/#website"},"primaryImageOfPage":{"@id":"https:\/\/www.meydan.tv\/az\/article\/azerbaycan-qazi-daxile-xaricden-baha-sata-biler\/#primaryimage"},"image":{"@id":"https:\/\/www.meydan.tv\/az\/article\/azerbaycan-qazi-daxile-xaricden-baha-sata-biler\/#primaryimage"},"thumbnailUrl":"https:\/\/www.meydan.tv\/wp-content\/uploads\/438797527_0_344_3029_2048_1920x0_80_0_0_42c1a339dbd2fbd9740b88a664cf432f.jpg","datePublished":"2023-02-20T09:12:45+00:00","dateModified":"2023-02-20T09:12:48+00:00","breadcrumb":{"@id":"https:\/\/www.meydan.tv\/az\/article\/azerbaycan-qazi-daxile-xaricden-baha-sata-biler\/#breadcrumb"},"inLanguage":"az","potentialAction":[{"@type":"ReadAction","target":["https:\/\/www.meydan.tv\/az\/article\/azerbaycan-qazi-daxile-xaricden-baha-sata-biler\/"]}]},{"@type":"ImageObject","inLanguage":"az","@id":"https:\/\/www.meydan.tv\/az\/article\/azerbaycan-qazi-daxile-xaricden-baha-sata-biler\/#primaryimage","url":"https:\/\/www.meydan.tv\/wp-content\/uploads\/438797527_0_344_3029_2048_1920x0_80_0_0_42c1a339dbd2fbd9740b88a664cf432f.jpg","contentUrl":"https:\/\/www.meydan.tv\/wp-content\/uploads\/438797527_0_344_3029_2048_1920x0_80_0_0_42c1a339dbd2fbd9740b88a664cf432f.jpg","width":1920,"height":1080,"caption":"Foto: Reuters"},{"@type":"BreadcrumbList","@id":"https:\/\/www.meydan.tv\/az\/article\/azerbaycan-qazi-daxile-xaricden-baha-sata-biler\/#breadcrumb","itemListElement":[{"@type":"ListItem","position":1,"name":"Ana s\u0259hif\u0259","item":"https:\/\/www.meydan.tv\/az\/"},{"@type":"ListItem","position":2,"name":"X\u0259b\u0259rl\u0259r","item":"https:\/\/www.meydan.tv\/az\/section\/xeberler\/"},{"@type":"ListItem","position":3,"name":"Az\u0259rbaycan qaz\u0131 daxil\u0259 xaricd\u0259n baha sata bil\u0259r?"}]},{"@type":"WebSite","@id":"https:\/\/www.meydan.tv\/az\/#website","url":"https:\/\/www.meydan.tv\/az\/","name":"MEYDAN.TV","description":"Meydan TV Az\u0259rbaycan\u0131n media m\u0259kan\u0131ndak\u0131 alternativ s\u0259sidir","publisher":{"@id":"https:\/\/www.meydan.tv\/az\/#organization"},"potentialAction":[{"@type":"SearchAction","target":{"@type":"EntryPoint","urlTemplate":"https:\/\/www.meydan.tv\/az\/?s={search_term_string}"},"query-input":{"@type":"PropertyValueSpecification","valueRequired":true,"valueName":"search_term_string"}}],"inLanguage":"az"},{"@type":"Organization","@id":"https:\/\/www.meydan.tv\/az\/#organization","name":"Meydan TV","url":"https:\/\/www.meydan.tv\/az\/","logo":{"@type":"ImageObject","inLanguage":"az","@id":"https:\/\/www.meydan.tv\/az\/#\/schema\/logo\/image\/","url":"https:\/\/www.meydan.tv\/wp-content\/uploads\/2021\/07\/meydan-logo.svg","contentUrl":"https:\/\/www.meydan.tv\/wp-content\/uploads\/2021\/07\/meydan-logo.svg","width":195,"height":46,"caption":"Meydan TV"},"image":{"@id":"https:\/\/www.meydan.tv\/az\/#\/schema\/logo\/image\/"}},{"@type":"Person","@id":"https:\/\/www.meydan.tv\/az\/#\/schema\/person\/981b0b284aeaa9ad0cbf814cd4a9d67c","name":"miron"}]}},"_links":{"self":[{"href":"https:\/\/www.meydan.tv\/az\/wp-json\/wp\/v2\/posts\/268848","targetHints":{"allow":["GET"]}}],"collection":[{"href":"https:\/\/www.meydan.tv\/az\/wp-json\/wp\/v2\/posts"}],"about":[{"href":"https:\/\/www.meydan.tv\/az\/wp-json\/wp\/v2\/types\/post"}],"author":[{"embeddable":true,"href":"https:\/\/www.meydan.tv\/az\/wp-json\/wp\/v2\/users\/18"}],"replies":[{"embeddable":true,"href":"https:\/\/www.meydan.tv\/az\/wp-json\/wp\/v2\/comments?post=268848"}],"version-history":[{"count":2,"href":"https:\/\/www.meydan.tv\/az\/wp-json\/wp\/v2\/posts\/268848\/revisions"}],"predecessor-version":[{"id":268856,"href":"https:\/\/www.meydan.tv\/az\/wp-json\/wp\/v2\/posts\/268848\/revisions\/268856"}],"wp:featuredmedia":[{"embeddable":true,"href":"https:\/\/www.meydan.tv\/az\/wp-json\/wp\/v2\/media\/268849"}],"wp:attachment":[{"href":"https:\/\/www.meydan.tv\/az\/wp-json\/wp\/v2\/media?parent=268848"}],"wp:term":[{"taxonomy":"category","embeddable":true,"href":"https:\/\/www.meydan.tv\/az\/wp-json\/wp\/v2\/categories?post=268848"},{"taxonomy":"post_tag","embeddable":true,"href":"https:\/\/www.meydan.tv\/az\/wp-json\/wp\/v2\/tags?post=268848"}],"curies":[{"name":"wp","href":"https:\/\/api.w.org\/{rel}","templated":true}]}}