{"id":268832,"date":"2023-02-20T12:05:46","date_gmt":"2023-02-20T08:05:46","guid":{"rendered":"https:\/\/www.meydan.tv\/?p=268832"},"modified":"2023-02-20T17:33:39","modified_gmt":"2023-02-20T13:33:39","slug":"sevil-beynelxalq-qadin-senedli-film-festivalina-qebul-baslanib","status":"publish","type":"post","link":"https:\/\/www.meydan.tv\/az\/article\/sevil-beynelxalq-qadin-senedli-film-festivalina-qebul-baslanib\/","title":{"rendered":"<strong>Sevil Beyn\u0259lxalq Qad\u0131n S\u0259n\u0259dli Film Festival\u0131na q\u0259bul ba\u015flan\u0131b<\/strong>"},"content":{"rendered":"\n<p><em>T\u0259\u015fkilat\u00e7\u0131lar LGBTQI+ v\u0259 \u0259lilliyi olanlar\u0131 da m\u00fcsabiq\u0259d\u0259 i\u015ftiraka \u00e7a\u011f\u0131r\u0131r<\/em><\/p>\n\n\n\n<p>IV Sevil Beyn\u0259lxalq Qad\u0131n S\u0259n\u0259dli Film Festival\u0131na filml\u0259rin q\u0259buluna ba\u015flan\u0131l\u0131b.<\/p>\n\n\n\n<p>Builki proqramda i\u015ftirak \u00fc\u00e7\u00fcn d\u00fcnyan\u0131n h\u0259r yerind\u0259n filml\u0259rin q\u0259bul olunur.<\/p>\n\n\n\n<p>Filml\u0259rin s\u0259n\u0259dli janrda olmas\u0131 m\u00fctl\u0259qdir.<\/p>\n\n\n\n<p>Onlar \u201cFilmFreeway\u201d  platformas\u0131 vasit\u0259sil\u0259<a href=\"https:\/\/filmfreeway.com\/Sevilfilmfest\"> q\u0259bul edilir.<\/a><\/p>\n\n\n\n<p>A\u015fa\u011f\u0131dak\u0131 t\u0259l\u0259bl\u0259rd\u0259n \u0259n az\u0131 birin\u0259 cavab ver\u0259n filml\u0259r \u201cSevilfest 2023\u201dd\u0259 i\u015ftirak etm\u0259k \u00fc\u00e7\u00fcn q\u0259bul olunur:<\/p>\n\n\n\n<p><em>&#8211; Qad\u0131n rejissorlar\u0131n m\u00fc\u0259lliflik etdiyi v\u0259 ya birg\u0259 rejissorluq etdiyi m\u00fcst\u0259qil filml\u0259r,<\/em><br><em>&#8211; Filmin ba\u015f q\u0259hr\u0259man\u0131 qad\u0131nd\u0131r,<\/em><br><em>&#8211; Filmin m\u0259zmunu qad\u0131nlar v\u0259 onlar\u0131n h\u0259yat\u0131na t\u0259sir ed\u0259n -m\u0259s\u0259l\u0259l\u0259rd\u0259n ibar\u0259tdir,<\/em><br><em>&#8211; Filmd\u0259 qad\u0131nlar\u0131n u\u011fur hekay\u0259l\u0259ri, gender b\u0259rab\u0259rliyi, qad\u0131nlar\u0131n c\u0259miyy\u0259td\u0259ki rolu, m\u0259i\u015f\u0259t zorak\u0131l\u0131\u011f\u0131 v\u0259 gender kontekstind\u0259 dig\u0259r m\u00fcnasib m\u00f6vzular h\u0259r hans\u0131 \u015f\u0259kild\u0259 vur\u011fulan\u0131r.<\/em><\/p>\n\n\n\n<p>Festival t\u0259\u015fkilat\u00e7\u0131lar\u0131 LGBTQI+ f\u0259rdi, \u0259lilliyi olan v\u0259 h\u0259r bir ya\u015f kateqoriyas\u0131ndan olan insanlar\u0131 m\u00fcsabiq\u0259y\u0259 m\u00fcraci\u0259t etm\u0259y\u0259 t\u0259\u015fviq edir.<\/p>\n\n\n\n<p>G\u00f6nd\u0259ril\u0259n filml\u0259r se\u00e7ki komissiyas\u0131 t\u0259r\u0259find\u0259n d\u0259y\u0259rl\u0259ndiril\u0259c\u0259k v\u0259 se\u00e7il\u0259n filml\u0259r a\u015fa\u011f\u0131dak\u0131 nominasiyalar \u00fczr\u0259 m\u00fcsabiq\u0259 proqram\u0131nda i\u015ftirak ed\u0259c\u0259k:<\/p>\n\n\n\n<p><em>\u201c\u018fn yax\u015f\u0131 uzunmetraj s\u0259n\u0259dli film\u201d,<\/em><br><em>\u201c\u018fn yax\u015f\u0131 beyn\u0259lxalq q\u0131sametraj s\u0259n\u0259dli film\u201d,<\/em><br><em>\u201c\u018fn yax\u015f\u0131 yerli q\u0131sametraj s\u0259n\u0259dli film\u201d.<\/em><\/p>\n\n\n\n<p>Builki festivalda \u201cTama\u015fa\u00e7\u0131 m\u00fckafat\u0131\u201d adl\u0131 yeni nominasiya t\u0259sis edilib.<\/p>\n\n\n\n<p>Bu m\u00fckafat tama\u015fa\u00e7\u0131lar t\u0259r\u0259find\u0259n s\u0259sverm\u0259 yolu il\u0259 se\u00e7il\u0259c\u0259k.<\/p>\n\n\n\n<p>Sevil Film Festival\u0131 2020-ci ilin sentyabr\u0131ndan ke\u00e7irilm\u0259y\u0259 ba\u015flay\u0131b.<\/p>\n\n\n\n<p>Festival m\u00fcst\u0259qil Sevil-BQSFF yerli s\u0259n\u0259dli film sah\u0259sinin inki\u015faf\u0131na t\u00f6hf\u0259 verm\u0259k, bu sah\u0259 \u00fczr\u0259 yerli v\u0259 xarici pe\u015f\u0259karlar aras\u0131nda t\u0259cr\u00fcb\u0259 m\u00fcbadil\u0259si \u00fc\u00e7\u00fcn platforma yaratmaqd\u0131r.<\/p>\n\n\n\n<p>Eyni zamanda, yeni yerli s\u0259n\u0259dli filml\u0259rin, el\u0259c\u0259 d\u0259, beyn\u0259lxalq m\u00fc\u015ft\u0259r\u0259k m\u0259hsullar\u0131n yarad\u0131lmas\u0131n\u0131 t\u0259\u015fviq etm\u0259k, filml\u0259r vasit\u0259sil\u0259 gender m\u0259s\u0259l\u0259l\u0259rin\u0259 diqq\u0259t \u00e7\u0259km\u0259kdir.<\/p>\n\n\n\n<p>\u201cSevil\u201d ad\u0131 Az\u0259rbaycanda qad\u0131n azadl\u0131\u011f\u0131n\u0131 t\u0259msil ed\u0259n C\u0259f\u0259r Cabbarl\u0131n\u0131n Sevil pyesind\u0259n g\u00f6t\u00fcr\u00fcl\u00fcb.<\/p>\n","protected":false},"excerpt":{"rendered":"<p>T\u0259\u015fkilat\u00e7\u0131lar LGBTQI+ v\u0259 \u0259lilliyi olanlar\u0131 da m\u00fcsabiq\u0259d\u0259 i\u015ftiraka \u00e7a\u011f\u0131r\u0131r IV &#8230; <\/p>\n<p class=\"read-more-container\"><a title=\"Sevil Beyn\u0259lxalq Qad\u0131n S\u0259n\u0259dli Film Festival\u0131na q\u0259bul ba\u015flan\u0131b\" class=\"read-more button\" href=\"https:\/\/www.meydan.tv\/az\/article\/sevil-beynelxalq-qadin-senedli-film-festivalina-qebul-baslanib\/#more-268832\" aria-label=\"Read more about Sevil Beyn\u0259lxalq Qad\u0131n S\u0259n\u0259dli Film Festival\u0131na q\u0259bul ba\u015flan\u0131b\">Davam\u0131<\/a><\/p>\n","protected":false},"author":18,"featured_media":268923,"comment_status":"closed","ping_status":"closed","sticky":false,"template":"","format":"standard","meta":{"_acf_changed":false,"_sitemap_exclude":false,"_sitemap_priority":"","_sitemap_frequency":"","footnotes":""},"categories":[52,56],"tags":[],"class_list":["post-268832","post","type-post","status-publish","format-standard","has-post-thumbnail","hentry","category-medeniyyet","category-xeberler","infinite-scroll-item","generate-columns","tablet-grid-50","mobile-grid-100","grid-parent","grid-33","no-featured-image-padding"],"acf":[],"yoast_head":"<!-- This site is optimized with the Yoast SEO plugin v27.4 - https:\/\/yoast.com\/product\/yoast-seo-wordpress\/ -->\n<title>Sevil Beyn\u0259lxalq Qad\u0131n S\u0259n\u0259dli Film Festival\u0131na q\u0259bul ba\u015flan\u0131b - MEYDAN.TV<\/title>\n<meta name=\"robots\" content=\"index, follow, max-snippet:-1, max-image-preview:large, max-video-preview:-1\" \/>\n<link rel=\"canonical\" href=\"https:\/\/www.meydan.tv\/az\/article\/sevil-beynelxalq-qadin-senedli-film-festivalina-qebul-baslanib\/\" \/>\n<meta property=\"og:locale\" content=\"az_AZ\" \/>\n<meta property=\"og:type\" content=\"article\" \/>\n<meta property=\"og:title\" content=\"Sevil Beyn\u0259lxalq Qad\u0131n S\u0259n\u0259dli Film Festival\u0131na q\u0259bul ba\u015flan\u0131b - MEYDAN.TV\" \/>\n<meta property=\"og:description\" content=\"T\u0259\u015fkilat\u00e7\u0131lar LGBTQI+ v\u0259 \u0259lilliyi olanlar\u0131 da m\u00fcsabiq\u0259d\u0259 i\u015ftiraka \u00e7a\u011f\u0131r\u0131r IV ... Davam\u0131\" \/>\n<meta property=\"og:url\" content=\"https:\/\/www.meydan.tv\/az\/article\/sevil-beynelxalq-qadin-senedli-film-festivalina-qebul-baslanib\/\" \/>\n<meta property=\"og:site_name\" content=\"MEYDAN.TV\" \/>\n<meta property=\"article:published_time\" content=\"2023-02-20T08:05:46+00:00\" \/>\n<meta property=\"article:modified_time\" content=\"2023-02-20T13:33:39+00:00\" \/>\n<meta property=\"og:image\" content=\"https:\/\/www.meydan.tv\/wp-content\/uploads\/img_7649.jpg\" \/>\n\t<meta property=\"og:image:width\" content=\"1080\" \/>\n\t<meta property=\"og:image:height\" content=\"1080\" \/>\n\t<meta property=\"og:image:type\" content=\"image\/jpeg\" \/>\n<meta name=\"author\" content=\"miron\" \/>\n<meta name=\"twitter:card\" content=\"summary_large_image\" \/>\n<script type=\"application\/ld+json\" class=\"yoast-schema-graph\">{\"@context\":\"https:\\\/\\\/schema.org\",\"@graph\":[{\"@type\":\"Article\",\"@id\":\"https:\\\/\\\/www.meydan.tv\\\/az\\\/article\\\/sevil-beynelxalq-qadin-senedli-film-festivalina-qebul-baslanib\\\/#article\",\"isPartOf\":{\"@id\":\"https:\\\/\\\/www.meydan.tv\\\/az\\\/article\\\/sevil-beynelxalq-qadin-senedli-film-festivalina-qebul-baslanib\\\/\"},\"author\":{\"name\":\"miron\",\"@id\":\"https:\\\/\\\/www.meydan.tv\\\/az\\\/#\\\/schema\\\/person\\\/981b0b284aeaa9ad0cbf814cd4a9d67c\"},\"headline\":\"Sevil Beyn\u0259lxalq Qad\u0131n S\u0259n\u0259dli Film Festival\u0131na q\u0259bul ba\u015flan\u0131b\",\"datePublished\":\"2023-02-20T08:05:46+00:00\",\"dateModified\":\"2023-02-20T13:33:39+00:00\",\"mainEntityOfPage\":{\"@id\":\"https:\\\/\\\/www.meydan.tv\\\/az\\\/article\\\/sevil-beynelxalq-qadin-senedli-film-festivalina-qebul-baslanib\\\/\"},\"wordCount\":451,\"publisher\":{\"@id\":\"https:\\\/\\\/www.meydan.tv\\\/az\\\/#organization\"},\"image\":{\"@id\":\"https:\\\/\\\/www.meydan.tv\\\/az\\\/article\\\/sevil-beynelxalq-qadin-senedli-film-festivalina-qebul-baslanib\\\/#primaryimage\"},\"thumbnailUrl\":\"https:\\\/\\\/www.meydan.tv\\\/wp-content\\\/uploads\\\/img_7649.jpg\",\"articleSection\":[\"M\u0259d\u0259niyy\u0259t\",\"X\u0259b\u0259rl\u0259r\"],\"inLanguage\":\"az\"},{\"@type\":\"WebPage\",\"@id\":\"https:\\\/\\\/www.meydan.tv\\\/az\\\/article\\\/sevil-beynelxalq-qadin-senedli-film-festivalina-qebul-baslanib\\\/\",\"url\":\"https:\\\/\\\/www.meydan.tv\\\/az\\\/article\\\/sevil-beynelxalq-qadin-senedli-film-festivalina-qebul-baslanib\\\/\",\"name\":\"Sevil Beyn\u0259lxalq Qad\u0131n S\u0259n\u0259dli Film Festival\u0131na q\u0259bul ba\u015flan\u0131b - MEYDAN.TV\",\"isPartOf\":{\"@id\":\"https:\\\/\\\/www.meydan.tv\\\/az\\\/#website\"},\"primaryImageOfPage\":{\"@id\":\"https:\\\/\\\/www.meydan.tv\\\/az\\\/article\\\/sevil-beynelxalq-qadin-senedli-film-festivalina-qebul-baslanib\\\/#primaryimage\"},\"image\":{\"@id\":\"https:\\\/\\\/www.meydan.tv\\\/az\\\/article\\\/sevil-beynelxalq-qadin-senedli-film-festivalina-qebul-baslanib\\\/#primaryimage\"},\"thumbnailUrl\":\"https:\\\/\\\/www.meydan.tv\\\/wp-content\\\/uploads\\\/img_7649.jpg\",\"datePublished\":\"2023-02-20T08:05:46+00:00\",\"dateModified\":\"2023-02-20T13:33:39+00:00\",\"breadcrumb\":{\"@id\":\"https:\\\/\\\/www.meydan.tv\\\/az\\\/article\\\/sevil-beynelxalq-qadin-senedli-film-festivalina-qebul-baslanib\\\/#breadcrumb\"},\"inLanguage\":\"az\",\"potentialAction\":[{\"@type\":\"ReadAction\",\"target\":[\"https:\\\/\\\/www.meydan.tv\\\/az\\\/article\\\/sevil-beynelxalq-qadin-senedli-film-festivalina-qebul-baslanib\\\/\"]}]},{\"@type\":\"ImageObject\",\"inLanguage\":\"az\",\"@id\":\"https:\\\/\\\/www.meydan.tv\\\/az\\\/article\\\/sevil-beynelxalq-qadin-senedli-film-festivalina-qebul-baslanib\\\/#primaryimage\",\"url\":\"https:\\\/\\\/www.meydan.tv\\\/wp-content\\\/uploads\\\/img_7649.jpg\",\"contentUrl\":\"https:\\\/\\\/www.meydan.tv\\\/wp-content\\\/uploads\\\/img_7649.jpg\",\"width\":1080,\"height\":1080,\"caption\":\"M\u0259nb\u0259: sosial \u015f\u0259b\u0259k\u0259\"},{\"@type\":\"BreadcrumbList\",\"@id\":\"https:\\\/\\\/www.meydan.tv\\\/az\\\/article\\\/sevil-beynelxalq-qadin-senedli-film-festivalina-qebul-baslanib\\\/#breadcrumb\",\"itemListElement\":[{\"@type\":\"ListItem\",\"position\":1,\"name\":\"Ana s\u0259hif\u0259\",\"item\":\"https:\\\/\\\/www.meydan.tv\\\/az\\\/\"},{\"@type\":\"ListItem\",\"position\":2,\"name\":\"X\u0259b\u0259rl\u0259r\",\"item\":\"https:\\\/\\\/www.meydan.tv\\\/az\\\/section\\\/xeberler\\\/\"},{\"@type\":\"ListItem\",\"position\":3,\"name\":\"Sevil Beyn\u0259lxalq Qad\u0131n S\u0259n\u0259dli Film Festival\u0131na q\u0259bul ba\u015flan\u0131b\"}]},{\"@type\":\"WebSite\",\"@id\":\"https:\\\/\\\/www.meydan.tv\\\/az\\\/#website\",\"url\":\"https:\\\/\\\/www.meydan.tv\\\/az\\\/\",\"name\":\"MEYDAN.TV\",\"description\":\"Meydan TV Az\u0259rbaycan\u0131n media m\u0259kan\u0131ndak\u0131 alternativ s\u0259sidir\",\"publisher\":{\"@id\":\"https:\\\/\\\/www.meydan.tv\\\/az\\\/#organization\"},\"potentialAction\":[{\"@type\":\"SearchAction\",\"target\":{\"@type\":\"EntryPoint\",\"urlTemplate\":\"https:\\\/\\\/www.meydan.tv\\\/az\\\/?s={search_term_string}\"},\"query-input\":{\"@type\":\"PropertyValueSpecification\",\"valueRequired\":true,\"valueName\":\"search_term_string\"}}],\"inLanguage\":\"az\"},{\"@type\":\"Organization\",\"@id\":\"https:\\\/\\\/www.meydan.tv\\\/az\\\/#organization\",\"name\":\"Meydan TV\",\"url\":\"https:\\\/\\\/www.meydan.tv\\\/az\\\/\",\"logo\":{\"@type\":\"ImageObject\",\"inLanguage\":\"az\",\"@id\":\"https:\\\/\\\/www.meydan.tv\\\/az\\\/#\\\/schema\\\/logo\\\/image\\\/\",\"url\":\"https:\\\/\\\/www.meydan.tv\\\/wp-content\\\/uploads\\\/2021\\\/07\\\/meydan-logo.svg\",\"contentUrl\":\"https:\\\/\\\/www.meydan.tv\\\/wp-content\\\/uploads\\\/2021\\\/07\\\/meydan-logo.svg\",\"width\":195,\"height\":46,\"caption\":\"Meydan TV\"},\"image\":{\"@id\":\"https:\\\/\\\/www.meydan.tv\\\/az\\\/#\\\/schema\\\/logo\\\/image\\\/\"}},{\"@type\":\"Person\",\"@id\":\"https:\\\/\\\/www.meydan.tv\\\/az\\\/#\\\/schema\\\/person\\\/981b0b284aeaa9ad0cbf814cd4a9d67c\",\"name\":\"miron\"}]}<\/script>\n<!-- \/ Yoast SEO plugin. -->","yoast_head_json":{"title":"Sevil Beyn\u0259lxalq Qad\u0131n S\u0259n\u0259dli Film Festival\u0131na q\u0259bul ba\u015flan\u0131b - MEYDAN.TV","robots":{"index":"index","follow":"follow","max-snippet":"max-snippet:-1","max-image-preview":"max-image-preview:large","max-video-preview":"max-video-preview:-1"},"canonical":"https:\/\/www.meydan.tv\/az\/article\/sevil-beynelxalq-qadin-senedli-film-festivalina-qebul-baslanib\/","og_locale":"az_AZ","og_type":"article","og_title":"Sevil Beyn\u0259lxalq Qad\u0131n S\u0259n\u0259dli Film Festival\u0131na q\u0259bul ba\u015flan\u0131b - MEYDAN.TV","og_description":"T\u0259\u015fkilat\u00e7\u0131lar LGBTQI+ v\u0259 \u0259lilliyi olanlar\u0131 da m\u00fcsabiq\u0259d\u0259 i\u015ftiraka \u00e7a\u011f\u0131r\u0131r IV ... Davam\u0131","og_url":"https:\/\/www.meydan.tv\/az\/article\/sevil-beynelxalq-qadin-senedli-film-festivalina-qebul-baslanib\/","og_site_name":"MEYDAN.TV","article_published_time":"2023-02-20T08:05:46+00:00","article_modified_time":"2023-02-20T13:33:39+00:00","og_image":[{"width":1080,"height":1080,"url":"https:\/\/www.meydan.tv\/wp-content\/uploads\/img_7649.jpg","type":"image\/jpeg"}],"author":"miron","twitter_card":"summary_large_image","schema":{"@context":"https:\/\/schema.org","@graph":[{"@type":"Article","@id":"https:\/\/www.meydan.tv\/az\/article\/sevil-beynelxalq-qadin-senedli-film-festivalina-qebul-baslanib\/#article","isPartOf":{"@id":"https:\/\/www.meydan.tv\/az\/article\/sevil-beynelxalq-qadin-senedli-film-festivalina-qebul-baslanib\/"},"author":{"name":"miron","@id":"https:\/\/www.meydan.tv\/az\/#\/schema\/person\/981b0b284aeaa9ad0cbf814cd4a9d67c"},"headline":"Sevil Beyn\u0259lxalq Qad\u0131n S\u0259n\u0259dli Film Festival\u0131na q\u0259bul ba\u015flan\u0131b","datePublished":"2023-02-20T08:05:46+00:00","dateModified":"2023-02-20T13:33:39+00:00","mainEntityOfPage":{"@id":"https:\/\/www.meydan.tv\/az\/article\/sevil-beynelxalq-qadin-senedli-film-festivalina-qebul-baslanib\/"},"wordCount":451,"publisher":{"@id":"https:\/\/www.meydan.tv\/az\/#organization"},"image":{"@id":"https:\/\/www.meydan.tv\/az\/article\/sevil-beynelxalq-qadin-senedli-film-festivalina-qebul-baslanib\/#primaryimage"},"thumbnailUrl":"https:\/\/www.meydan.tv\/wp-content\/uploads\/img_7649.jpg","articleSection":["M\u0259d\u0259niyy\u0259t","X\u0259b\u0259rl\u0259r"],"inLanguage":"az"},{"@type":"WebPage","@id":"https:\/\/www.meydan.tv\/az\/article\/sevil-beynelxalq-qadin-senedli-film-festivalina-qebul-baslanib\/","url":"https:\/\/www.meydan.tv\/az\/article\/sevil-beynelxalq-qadin-senedli-film-festivalina-qebul-baslanib\/","name":"Sevil Beyn\u0259lxalq Qad\u0131n S\u0259n\u0259dli Film Festival\u0131na q\u0259bul ba\u015flan\u0131b - MEYDAN.TV","isPartOf":{"@id":"https:\/\/www.meydan.tv\/az\/#website"},"primaryImageOfPage":{"@id":"https:\/\/www.meydan.tv\/az\/article\/sevil-beynelxalq-qadin-senedli-film-festivalina-qebul-baslanib\/#primaryimage"},"image":{"@id":"https:\/\/www.meydan.tv\/az\/article\/sevil-beynelxalq-qadin-senedli-film-festivalina-qebul-baslanib\/#primaryimage"},"thumbnailUrl":"https:\/\/www.meydan.tv\/wp-content\/uploads\/img_7649.jpg","datePublished":"2023-02-20T08:05:46+00:00","dateModified":"2023-02-20T13:33:39+00:00","breadcrumb":{"@id":"https:\/\/www.meydan.tv\/az\/article\/sevil-beynelxalq-qadin-senedli-film-festivalina-qebul-baslanib\/#breadcrumb"},"inLanguage":"az","potentialAction":[{"@type":"ReadAction","target":["https:\/\/www.meydan.tv\/az\/article\/sevil-beynelxalq-qadin-senedli-film-festivalina-qebul-baslanib\/"]}]},{"@type":"ImageObject","inLanguage":"az","@id":"https:\/\/www.meydan.tv\/az\/article\/sevil-beynelxalq-qadin-senedli-film-festivalina-qebul-baslanib\/#primaryimage","url":"https:\/\/www.meydan.tv\/wp-content\/uploads\/img_7649.jpg","contentUrl":"https:\/\/www.meydan.tv\/wp-content\/uploads\/img_7649.jpg","width":1080,"height":1080,"caption":"M\u0259nb\u0259: sosial \u015f\u0259b\u0259k\u0259"},{"@type":"BreadcrumbList","@id":"https:\/\/www.meydan.tv\/az\/article\/sevil-beynelxalq-qadin-senedli-film-festivalina-qebul-baslanib\/#breadcrumb","itemListElement":[{"@type":"ListItem","position":1,"name":"Ana s\u0259hif\u0259","item":"https:\/\/www.meydan.tv\/az\/"},{"@type":"ListItem","position":2,"name":"X\u0259b\u0259rl\u0259r","item":"https:\/\/www.meydan.tv\/az\/section\/xeberler\/"},{"@type":"ListItem","position":3,"name":"Sevil Beyn\u0259lxalq Qad\u0131n S\u0259n\u0259dli Film Festival\u0131na q\u0259bul ba\u015flan\u0131b"}]},{"@type":"WebSite","@id":"https:\/\/www.meydan.tv\/az\/#website","url":"https:\/\/www.meydan.tv\/az\/","name":"MEYDAN.TV","description":"Meydan TV Az\u0259rbaycan\u0131n media m\u0259kan\u0131ndak\u0131 alternativ s\u0259sidir","publisher":{"@id":"https:\/\/www.meydan.tv\/az\/#organization"},"potentialAction":[{"@type":"SearchAction","target":{"@type":"EntryPoint","urlTemplate":"https:\/\/www.meydan.tv\/az\/?s={search_term_string}"},"query-input":{"@type":"PropertyValueSpecification","valueRequired":true,"valueName":"search_term_string"}}],"inLanguage":"az"},{"@type":"Organization","@id":"https:\/\/www.meydan.tv\/az\/#organization","name":"Meydan TV","url":"https:\/\/www.meydan.tv\/az\/","logo":{"@type":"ImageObject","inLanguage":"az","@id":"https:\/\/www.meydan.tv\/az\/#\/schema\/logo\/image\/","url":"https:\/\/www.meydan.tv\/wp-content\/uploads\/2021\/07\/meydan-logo.svg","contentUrl":"https:\/\/www.meydan.tv\/wp-content\/uploads\/2021\/07\/meydan-logo.svg","width":195,"height":46,"caption":"Meydan TV"},"image":{"@id":"https:\/\/www.meydan.tv\/az\/#\/schema\/logo\/image\/"}},{"@type":"Person","@id":"https:\/\/www.meydan.tv\/az\/#\/schema\/person\/981b0b284aeaa9ad0cbf814cd4a9d67c","name":"miron"}]}},"_links":{"self":[{"href":"https:\/\/www.meydan.tv\/az\/wp-json\/wp\/v2\/posts\/268832","targetHints":{"allow":["GET"]}}],"collection":[{"href":"https:\/\/www.meydan.tv\/az\/wp-json\/wp\/v2\/posts"}],"about":[{"href":"https:\/\/www.meydan.tv\/az\/wp-json\/wp\/v2\/types\/post"}],"author":[{"embeddable":true,"href":"https:\/\/www.meydan.tv\/az\/wp-json\/wp\/v2\/users\/18"}],"replies":[{"embeddable":true,"href":"https:\/\/www.meydan.tv\/az\/wp-json\/wp\/v2\/comments?post=268832"}],"version-history":[{"count":2,"href":"https:\/\/www.meydan.tv\/az\/wp-json\/wp\/v2\/posts\/268832\/revisions"}],"predecessor-version":[{"id":268926,"href":"https:\/\/www.meydan.tv\/az\/wp-json\/wp\/v2\/posts\/268832\/revisions\/268926"}],"wp:featuredmedia":[{"embeddable":true,"href":"https:\/\/www.meydan.tv\/az\/wp-json\/wp\/v2\/media\/268923"}],"wp:attachment":[{"href":"https:\/\/www.meydan.tv\/az\/wp-json\/wp\/v2\/media?parent=268832"}],"wp:term":[{"taxonomy":"category","embeddable":true,"href":"https:\/\/www.meydan.tv\/az\/wp-json\/wp\/v2\/categories?post=268832"},{"taxonomy":"post_tag","embeddable":true,"href":"https:\/\/www.meydan.tv\/az\/wp-json\/wp\/v2\/tags?post=268832"}],"curies":[{"name":"wp","href":"https:\/\/api.w.org\/{rel}","templated":true}]}}