{"id":268818,"date":"2023-02-19T14:07:42","date_gmt":"2023-02-19T10:07:42","guid":{"rendered":"https:\/\/www.meydan.tv\/?p=268818"},"modified":"2023-02-19T14:11:49","modified_gmt":"2023-02-19T10:11:49","slug":"dovleti-talayana-2-3-il-kimise-yaralayana-15-il-ceza-verilir-budur-edalet","status":"publish","type":"post","link":"https:\/\/www.meydan.tv\/az\/article\/dovleti-talayana-2-3-il-kimise-yaralayana-15-il-ceza-verilir-budur-edalet\/","title":{"rendered":"<strong><br>&#8220;D\u00f6vl\u0259ti talayana 2-3 il, kimis\u0259 yaralayana 15 il c\u0259za verilir. Budur \u0259dal\u0259t?&#8221;<\/strong>"},"content":{"rendered":"\n<p><\/p>\n\n\n\n<p><em>G\u00f6y\u00e7ay sakini \u018ffv Komissiyas\u0131na m\u00fcraci\u0259t edib<\/em><\/p>\n\n\n\n<p>&#8220;2016-c\u0131 ild\u0259n etibar\u0259n d\u0259f\u0259l\u0259rl\u0259 m\u0259n \u00f6lk\u0259 prezidentin\u0259, el\u0259c\u0259 d\u0259 h\u0259yat yolda\u015f\u0131m Rusiya v\u0259t\u0259nda\u015f\u0131 oldu\u011fu \u00fc\u00e7\u00fcn Rusiya prezidentin\u0259, Xarici \u0130\u015fl\u0259r Nazirliyin\u0259 m\u00fcraci\u0259t etmi\u015f\u0259m. Mehriban \u018fliyevaya, Ba\u015f Prokurorlu\u011fu, Daxili \u0130\u015fl\u0259r Nazirliyin\u0259 d\u0259f\u0259l\u0259rl\u0259 m\u0259ktub g\u00f6nd\u0259rdim, q\u0259buluna yaz\u0131ld\u0131m, m\u00fcraci\u0259tl\u0259rimiz\u0259 bax\u0131lmad\u0131. 7 ild\u0259n \u00e7oxdur ki, m\u0259n m\u0259kt\u0259bli \u00f6vlad\u0131mla \u00e7\u00f6ll\u0259rd\u0259 qalm\u0131\u015f\u0131q, h\u0259yat yolda\u015f\u0131m da haqs\u0131z olaraq h\u0259bsd\u0259 qocal\u0131r&#8221;.<\/p>\n\n\n\n<p>G\u00f6y\u00e7ay\u0131n B\u0131\u011f\u0131r k\u0259nd sakini Osmanova Aynur\u0259 M\u0259zahir q\u0131z\u0131 Meydan TV-y\u0259 bel\u0259 deyir.<\/p>\n\n\n\n<p>Onun s\u00f6zl\u0259rin\u0259 g\u00f6r\u0259, art\u0131q 7-ci ildir ki, h\u0259yat yolda\u015f\u0131 Raqif M\u0259mm\u0259dov haqs\u0131z olaraq h\u0259bsd\u0259dir.<\/p>\n\n\n\n<p>Uzun ill\u0259r Rusiyada ya\u015fayan ail\u0259 Az\u0259rbaycana d\u00f6nd\u00fckd\u0259n sonra h\u0259yat yolda\u015f\u0131n\u0131n ata yurdu &#8211; G\u00f6y\u00e7ay\u0131n Al\u0131k\u0259nd k\u0259ndind\u0259 m\u0259skunla\u015f\u0131b. Orada ev tikib, ba\u011f sal\u0131b. El\u0259 bu i\u015fl\u0259rind\u0259n&nbsp; sonra&nbsp; probleml\u0259rl\u0259 \u00fczl\u0259\u015fib.<\/p>\n\n\n\n<p>H\u0259yat yolda\u015f\u0131 deyir ki, Raqif M\u0259mm\u0259dovla qon\u015fusu Nurlan M\u0259mm\u0259dov aras\u0131nda h\u0259y\u0259ti t\u0259mizl\u0259m\u0259k \u00fcst\u00fcnd\u0259 m\u00fcbahis\u0259 ya\u015fan\u0131b v\u0259 m\u00fcbahis\u0259 davaya \u00e7evrilib. Aralar\u0131nda yaranan insident\u0259 g\u00f6r\u0259 Raqif M\u0259mm\u0259dov 15 il h\u0259bs c\u0259zas\u0131 al\u0131b.<\/p>\n\n\n<div class=\"wp-block-image\">\n<figure class=\"aligncenter size-full\"><img decoding=\"async\" width=\"1075\" height=\"701\" data-src=\"https:\/\/www.meydan.tv\/wp-content\/uploads\/download-1-3.png\" alt=\"\" class=\"wp-image-268814 lazyload\" src=\"data:image\/svg+xml;base64,PHN2ZyB3aWR0aD0iMSIgaGVpZ2h0PSIxIiB4bWxucz0iaHR0cDovL3d3dy53My5vcmcvMjAwMC9zdmciPjwvc3ZnPg==\" style=\"--smush-placeholder-width: 1075px; --smush-placeholder-aspect-ratio: 1075\/701;\" \/><figcaption class=\"wp-element-caption\">Raqif M\u0259mm\u0259dov v\u0259 q\u0131z\u0131 Zeyn\u0259b M\u0259mm\u0259dova. Foto: Ail\u0259 albomundan<\/figcaption><\/figure>\n<\/div>\n\n\n<p>Aynur\u0259 Osmanova hesab edir ki, davada bir \u015f\u0259xsin yaralanmas\u0131na g\u00f6r\u0259 bir \u015f\u0259xs\u0259 15 il h\u0259bs c\u0259zas\u0131 verm\u0259k haqs\u0131zl\u0131qd\u0131r:<\/p>\n\n\n\n<p>&#8220;H\u0259yat yolda\u015f\u0131m\u0131n Rusiyada qazand\u0131\u011f\u0131 halal z\u0259hm\u0259tl\u0259 iri ba\u011f sald\u0131q, ev tikdik. 2016-c\u0131 il may\u0131n 15-d\u0259 qon\u015fu il\u0259 h\u0259y\u0259ti t\u0259mizl\u0259m\u0259k \u00fcst\u00fcnd\u0259 d\u00fc\u015fd\u00fc. \u018fslind\u0259, bir qrup \u015f\u0259xs icaz\u0259siz h\u0259y\u0259timiz\u0259 daxil oldu v\u0259 m\u00fcbahis\u0259 yarand\u0131. H\u0259yat yolda\u015f\u0131m h\u0259y\u0259tin otunu t\u0259m\u0259nnas\u0131z qon\u015fuya verirdi, deyirdi ki, kollu\u011fu da t\u0259mizl\u0259. Amma o, otu bi\u00e7ib g\u00f6t\u00fcr\u00fcr, amma h\u0259y\u0259ti t\u0259mizl\u0259mirdi. zil\u0259mirdi. Bundan yaranan m\u00fcbahis\u0259 davaya \u00e7evrildi&#8221;.<\/p>\n\n\n\n<p>&#8220;H\u0259yat yolda\u015f\u0131m m\u0259ni v\u0259 k\u00f6rp\u0259 \u00f6vlad\u0131n\u0131 m\u00fcdafi\u0259 etm\u0259k \u00fc\u00e7\u00fcn silahla onlardan birinin bud nahiy\u0259sin\u0259 x\u0259sar\u0259t yetirdi. Sonradan y\u00fcng\u00fcl&nbsp; x\u0259sar\u0259t alan \u015f\u0259xsin x\u0259st\u0259xanaya \u00e7atd\u0131r\u0131lmas\u0131n\u0131 da t\u0259min etdi. Ancaq onlar \u015fikay\u0259t\u00e7i oldular. Baxmayaraq ki, hadis\u0259 yerind\u0259 bir t\u0259k giliz a\u015fkarlan\u0131b, \u00f6l\u00fcm fakt\u0131 olmay\u0131b. Yolda\u015f\u0131m da \u0259m\u0259lini m\u0259cburiyy\u0259t qar\u015f\u0131s\u0131nda qalaraq&nbsp; \u00f6z\u00fcn\u00fcm\u00fcdafi\u0259 m\u0259qs\u0259dil\u0259 t\u00f6r\u0259tdiyini, tutdu\u011fu \u0259m\u0259ld\u0259n pe\u015fman oldu\u011funu deyib. H\u0259tta \u015fahidl\u0259ri dindirm\u0259d\u0259n ona a\u011f\u0131r c\u0259za verildi, \u015e\u0259ki A\u011f\u0131r Cinay\u0259tl\u0259r M\u0259hk\u0259m\u0259sind\u0259 15 il i\u015f k\u0259sdil\u0259r. Bu, haqs\u0131zl\u0131qd\u0131r. Adam \u00f6ld\u00fcr\u0259n 12 il, d\u00f6vl\u0259ti talayan m\u0259mur 2-3 il, kimis\u0259 y\u00fcng\u00fcl yaralayan is\u0259 15 il h\u0259bs yat\u0131r. Budur \u0259dal\u0259t? V\u0259t\u0259n\u0259 g\u0259l\u0259nd\u0259n n\u0259 q\u0259d\u0259r insana \u00e7\u00f6r\u0259k verdi. \u0130ndi is\u0259 \u00f6z\u00fc h\u0259bsd\u0259, ail\u0259si \u00e7\u00f6ll\u0259rd\u0259 m\u0259hv olur&#8221;, &#8211; dey\u0259 o bildirib.<\/p>\n\n\n\n<p><strong>&#8220;15 il \u00e7oxdur ax\u0131, adam \u00f6ld\u00fcrm\u0259yib, amans\u0131z qatil deyil&#8221;<\/strong><\/p>\n\n\n\n<p>Aynur\u0259 Osmanova h\u0259yat yolda\u015f\u0131n\u0131n 15 il h\u0259bs c\u0259zas\u0131 almas\u0131 il\u0259 bar\u0131\u015fm\u0131r. Bunu \u015e\u0259ki A\u011f\u0131r Cinay\u0259tl\u0259r M\u0259hk\u0259m\u0259sinin haqs\u0131z q\u0259rar \u00e7\u0131xarmas\u0131, i\u015fin t\u0259l\u0259sik v\u0259 b\u0259zi n\u00fcanslar\u0131n n\u0259z\u0259r\u0259 al\u0131nmamas\u0131 il\u0259 \u0259laq\u0259l\u0259ndirir.<\/p>\n\n\n\n<p>Deyir ki, h\u0259yat yolda\u015f\u0131 Raqif Neman o\u011flu M\u0259mm\u0259dov Bak\u0131da, Nizami rayonundak\u0131 1 sayl\u0131 C\u0259za\u00e7\u0259km\u0259 M\u00fc\u0259ssis\u0259sind\u0259 saxlan\u0131l\u0131r.<\/p>\n\n\n<div class=\"wp-block-image\">\n<figure class=\"aligncenter size-full\"><img decoding=\"async\" width=\"1200\" height=\"800\" data-src=\"https:\/\/www.meydan.tv\/wp-content\/uploads\/untitled-design-17-5.jpg\" alt=\"\" class=\"wp-image-268804 lazyload\" src=\"data:image\/svg+xml;base64,PHN2ZyB3aWR0aD0iMSIgaGVpZ2h0PSIxIiB4bWxucz0iaHR0cDovL3d3dy53My5vcmcvMjAwMC9zdmciPjwvc3ZnPg==\" style=\"--smush-placeholder-width: 1200px; --smush-placeholder-aspect-ratio: 1200\/800;\" \/><figcaption class=\"wp-element-caption\">Aynur\u0259 Osmanova. Foto: Meydan TV<\/figcaption><\/figure>\n<\/div>\n\n\n<p>Onun s\u00f6zl\u0259rin\u0259 g\u00f6r\u0259, bu, h\u0259yat yolda\u015f\u0131n\u0131n ilk m\u0259hkumlu\u011fudur v\u0259 ona veril\u0259n h\u0259bs m\u00fcdd\u0259tinin yar\u0131s\u0131n\u0131 bu ilin dekabr\u0131nda tamamlay\u0131r.&nbsp; M\u0259hkum is\u0259 haz\u0131rda x\u0259st\u0259dir. Odur ki, \u00f6lk\u0259 r\u0259hb\u0259rliyi v\u0259 aidiyy\u0259ti qurumlardan onun \u0259fv s\u0259r\u0259ncam\u0131na sal\u0131nmas\u0131n\u0131 xahi\u015f edir:<\/p>\n\n\n\n<p>&#8220;\u018fslind\u0259, 7 ili tamam olub, 8-ci il\u0259 ke\u00e7ir. 15 il \u00e7oxdur ax\u0131, adam \u00f6ld\u00fcrm\u0259yib, amans\u0131z qatil deyil. \u00d6z\u00fcn\u00fcn d\u0259 ya\u015f\u0131 \u00e7oxdur. \u0130lk d\u0259f\u0259 bel\u0259 bir \u0259m\u0259l t\u00f6r\u0259dib. Bu \u00f6t\u0259n yeddi ild\u0259 c\u0259za\u00e7\u0259km\u0259 m\u00fc\u0259ssis\u0259sind\u0259 he\u00e7 bir n\u00f6qsan\u0131, s\u0259hvi olmay\u0131b. Haz\u0131rda onur\u011fa y\u0131rt\u0131\u011f\u0131ndan \u0259ziyy\u0259t \u00e7\u0259kir. Milli M\u0259clis\u0259 gedib Q\u0259nir\u0259 Pa\u015fayevan\u0131n q\u0259buluna d\u00fc\u015fm\u0259k ist\u0259dim. M\u0259n\u0259 dedil\u0259r ki, Q\u0259nir\u0259y\u0259 Pa\u015fayevaya s\u0259s vermis\u0259n? Deyir\u0259m ki, qad\u0131nlar\u0131 t\u0259msil ed\u0259n mill\u0259t v\u0259kilidir, g\u0259lmi\u015f\u0259m ana kimi d\u0259rdimi ona deyim. Deyirl\u0259r ki, yox, s\u0259s vers\u0259ydin, s\u0259ni q\u0259bul ed\u0259rdi, get d\u0259rdini G\u00f6y\u00e7ay\u0131n deputat\u0131na de. Onlara da yaz\u0131ram, amma cavab yoxdur. H\u0259yat yolda\u015f\u0131m da, m\u0259n d\u0259 ayr\u0131l\u0131qda h\u0259r bir d\u00f6vl\u0259t qurumuna, x\u00fcsusil\u0259 Prezident\u0259&nbsp; m\u00fcraci\u0259t etmi\u015fik, ancaq n\u0259tic\u0259 yoxdur&#8221;.<\/p>\n\n\n\n<p><strong>&#8220;Bir t\u0259k ist\u0259yim h\u0259yat yolda\u015f\u0131m\u0131n \u0259fv s\u0259r\u0259ncam\u0131na d\u00fc\u015fm\u0259sidir&#8221;<\/strong><\/p>\n\n\n\n<p>Aynura Osmanova 9 ya\u015fl\u0131 \u00f6vlad\u0131 Zeyn\u0259bl\u0259 Bak\u0131da kiray\u0259l\u0259rd\u0259 ehtiyac i\u00e7ind\u0259 ya\u015fad\u0131\u011f\u0131n\u0131 deyir.<\/p>\n\n\n\n<p>D\u0259f\u0259l\u0259rl\u0259 \u00fcnvanl\u0131 sosial yard\u0131mla ba\u011fl\u0131 m\u00fcraci\u0259t ets\u0259 d\u0259, ona yard\u0131m verilm\u0259yib.<\/p>\n\n\n\n<p>&#8220;7 ildir ki, kiray\u0259l\u0259rd\u0259 t\u0259kba\u015f\u0131na u\u015faq b\u00f6y\u00fcd\u00fcr\u0259m. U\u015faq bu \u015f\u0259raitsiz daxmada revatizm x\u0259st\u0259liyi tap\u0131b. \u00dcnvanl\u0131 yard\u0131m \u00fc\u00e7\u00fcn m\u00fcraci\u0259tl\u0259rim\u0259 d\u0259 bax\u0131lm\u0131r. Q\u0131z\u0131m h\u0259r d\u0259f\u0259 h\u0259bsxanada atas\u0131 il\u0259 g\u00f6r\u00fc\u015f\u0259nd\u0259 z\u00fclm \u00e7\u0259kir. G\u00fcnl\u0259rl\u0259 \u00f6z\u00fcn\u0259 g\u0259l\u0259 bilmir. T\u0259k ist\u0259yim h\u0259yat yolda\u015f\u0131m\u0131n \u0259fv s\u0259r\u0259ncam\u0131na d\u00fc\u015fm\u0259sidir. O \u00e7\u0131xsa, biz d\u0259 xilas olar\u0131q. H\u0259yat yolda\u015f\u0131m deyir ki, \u0259fv\u0259 d\u00fc\u015f\u00fcb \u00e7\u0131xan kimi v\u0259t\u0259nda\u015f\u0131 oldu\u011fu Rusiyaya ged\u0259c\u0259k, burada ya\u015famayacaq&#8221;.<\/p>\n\n\n<div class=\"wp-block-image\">\n<figure class=\"alignleft size-full is-resized\"><img decoding=\"async\" data-src=\"https:\/\/www.meydan.tv\/wp-content\/uploads\/img-20230208-wa0175_720.jpg\" alt=\"\" class=\"wp-image-268811 lazyload\" width=\"275\" height=\"489\" src=\"data:image\/svg+xml;base64,PHN2ZyB3aWR0aD0iMSIgaGVpZ2h0PSIxIiB4bWxucz0iaHR0cDovL3d3dy53My5vcmcvMjAwMC9zdmciPjwvc3ZnPg==\" style=\"--smush-placeholder-width: 275px; --smush-placeholder-aspect-ratio: 275\/489;\" \/><figcaption class=\"wp-element-caption\">M\u0259ktub. Foto: Meydan TV<\/figcaption><\/figure>\n<\/div>\n\n\n<p><strong>&#8220;Prezident\u0259 yazd\u0131m ki, atam g\u00fcnahs\u0131zd\u0131r&#8221;<\/strong><\/p>\n\n\n\n<p>3-c\u00fc sinifd\u0259 \u015fagirdi, balaca Zeyn\u0259b M\u0259mm\u0259dova da prezident\u0259 m\u0259ktub&nbsp; yollay\u0131b.<\/p>\n\n\n\n<p>O, atas\u0131n\u0131n tezlikl\u0259 \u0259fv\u0259 d\u00fc\u015fm\u0259sini arzulay\u0131r.<\/p>\n\n\n\n<p>Anas\u0131 deyir ki, atas\u0131 h\u0259bs olunanda Zeyn\u0259bin 1.6 ya\u015f\u0131 olub.<\/p>\n\n\n\n<p><strong>&#8220;\u0130ndiy\u0259 q\u0259d\u0259r 600 m\u00fcraci\u0259t\u0259 bax\u0131l\u0131b&#8221;<\/strong><\/p>\n\n\n\n<p>\u018ffv komissiyan\u0131n \u00fczv\u00fc \u018flim\u0259mm\u0259d Nuriyev Meydan TV-y\u0259 deyib ki, bu il mayda g\u00f6zl\u0259nil\u0259n \u0259fv s\u0259r\u0259ncam\u0131na dair m\u00fczakir\u0259l\u0259r daha erk\u0259n ba\u015flay\u0131b, m\u00fcraci\u0259tl\u0259r is\u0259 \u00e7oxdur:<\/p>\n\n\n\n<p>&#8220;Yanvar\u0131n 12-d\u0259n \u018ffv Komissiyas\u0131n\u0131n iclaslar\u0131na&nbsp; ba\u015flam\u0131\u015f\u0131q. Erk\u0259n ba\u015flad\u0131q, \u00e7\u00fcnki bu il Heyd\u0259r \u018fliyevin 100 illiyidir, t\u0259dbirl\u0259r \u00e7oxdur v\u0259 istisna edilmir ki, \u00f6lk\u0259 prezidenti t\u0259r\u0259find\u0259n yeni \u018ffv s\u0259r\u0259ncam\u0131 imzalanacaq. Art\u0131q \u0259fv komissiyas\u0131n\u0131n 5-ci iclas\u0131 ba\u015f tutub v\u0259 indiy\u0259 q\u0259d\u0259r 600 m\u00fcraci\u0259t\u0259 bax\u0131l\u0131b. M\u00fczakir\u0259l\u0259rimiz davam edir. Sonda yekun r\u0259yl\u0259r komissiya \u00fczvl\u0259ri v\u0259 s\u0259dri t\u0259r\u0259find\u0259n \u00f6lk\u0259 r\u0259hb\u0259rliyin\u0259 t\u0259hvil veril\u0259c\u0259k. \u018fsas q\u0259rar \u00f6lk\u0259 prezidentinindir ki, bu da onun konstitusion h\u00fcququdur. B\u00fct\u00fcn m\u00fcraci\u0259tl\u0259r toplan\u0131l\u0131b, bax\u0131\u015f ke\u00e7irilir, obyektiv v\u0259 \u015f\u0259ffaf \u015f\u0259kild\u0259 ara\u015fd\u0131r\u0131l\u0131r. H\u0259tta olur ki, iclaslar 4 saata q\u0259d\u0259r davam edir. Qanunvericiliyin verdiyi imkanlar v\u0259 \u0259fv s\u0259r\u0259ncam\u0131n\u0131n \u0259sasnam\u0259si \u00e7\u0259r\u00e7iv\u0259sind\u0259 r\u0259yl\u0259r haz\u0131rlan\u0131r v\u0259 prezident\u0259 t\u0259qdim olunur. N\u0259 q\u0259d\u0259r m\u0259hkumun is\u0259 \u0259fv\u0259 d\u00fc\u015fm\u0259si \u00f6nc\u0259d\u0259n bilinmir v\u0259 kiml\u0259rin se\u00e7ilm\u0259si, azadl\u0131\u011fa \u00e7\u0131xmas\u0131 is\u0259 prezidentin s\u0259lahiyy\u0259tind\u0259dir, o se\u00e7\u0259c\u0259k&#8221;.<\/p>\n\n\n\n<p><strong>&#8220;A\u011f\u0131r c\u0259zalarda c\u0259zas\u0131n\u0131n yar\u0131s\u0131n\u0131 \u00e7\u0259k\u0259nd\u0259n sonra m\u00fcraci\u0259t ed\u0259 bil\u0259r&#8221;<\/strong><\/p>\n\n\n\n<p>\u018flim\u0259mm\u0259d Nuriyev bildirib ki, \u0259fvl\u0259 ba\u011fl\u0131 m\u00fcraci\u0259t etm\u0259k h\u00fcququnun m\u0259xsus oldu\u011fu \u015f\u0259xsl\u0259r var: <\/p>\n\n\n\n<p>&#8220;Qanunvericilikd\u0259 m\u00fc\u0259yy\u0259n edilmi\u015f qaydalar \u00e7\u0259r\u00e7iv\u0259sind\u0259 m\u0259hkumun \u00f6z\u00fc v\u0259 onun n\u00fcmay\u0259nd\u0259si t\u0259r\u0259find\u0259n, el\u0259c\u0259 d\u0259 qanunvericilik geni\u015fl\u0259ndirilib mill\u0259t v\u0259kill\u0259ri, yerli qeyri h\u00f6kum\u0259t t\u0259\u015fkilatlar\u0131, penitensiar xidm\u0259tin administrasiyas\u0131, ombudsman v\u0259sat\u0259t qald\u0131ra bil\u0259r. H\u0259m ayr\u0131-ayr\u0131 \u015f\u0259xsl\u0259rd\u0259n daxil olmu\u015f v\u0259 h\u0259m qeyd etdiyim s\u0259lahiyy\u0259tli \u015f\u0259xsl\u0259r t\u0259r\u0259find\u0259n edil\u0259n&nbsp; m\u00fcraci\u0259tl\u0259r \u0259fv m\u0259s\u0259l\u0259rinin komissiyas\u0131n\u0131n \u0259sasnam\u0259sind\u0259 m\u00fc\u0259yy\u0259n edilmi\u015f kriteriyalar \u0259sas\u0131nda m\u00fczakir\u0259l\u0259r\u0259 \u00e7\u0131xar\u0131l\u0131r v\u0259 q\u0259rarlar verilir: m\u0259hkumun \u015f\u0259xsiyy\u0259ti, y\u0259ni onun ya\u015f\u0131, s\u0259hh\u0259ti, ail\u0259 v\u0259ziyy\u0259ti, etdiyi cinay\u0259tin ictimai t\u0259hl\u00fck\u0259lilik d\u0259r\u0259c\u0259si, bu cinay\u0259t hans\u0131 rezonans\u0131 do\u011furub, bunun c\u0259miyy\u0259t\u0259 vurdu\u011fu ziyan n\u0259d\u0259n ibar\u0259tdir, hans\u0131 mesajlar ver\u0259 bil\u0259r v\u0259 s. H\u0259m\u00e7inin c\u0259zan\u0131n \u00e7\u0259kildiyi m\u00fcdd\u0259t \u00e7ox vacibdir, \u00e7\u00fcnki b\u00fct\u00fcn m\u0259hkumlar d\u0259rhal \u0259fv \u00fc\u00e7\u00fcn m\u00fcraci\u0259t etm\u0259k h\u00fcququna malik deyill\u0259r. Bunun \u00fc\u00e7\u00fcn b\u00f6y\u00fck ictimai t\u0259hl\u00fck\u0259lilik t\u00f6r\u0259tm\u0259y\u0259n \u015f\u0259xsl\u0259r m\u0259hk\u0259m\u0259nin q\u0259rar\u0131 q\u00fcvv\u0259y\u0259 min\u0259nd\u0259n&nbsp; sonra d\u0259rhal m\u00fcraci\u0259t ed\u0259 bil\u0259rl\u0259r v\u0259 ictimai t\u0259hl\u00fck\u0259si olmayan cinay\u0259tl\u0259r Cinay\u0259t M\u0259c\u0259ll\u0259sind\u0259 sanksiyas\u0131nda iki il\u0259 q\u0259d\u0259r azadl\u0131qdan m\u0259rhum olan v\u0259 ya azadl\u0131qdan m\u0259rhum&nbsp; olmayan \u015f\u0259xsl\u0259r varsa, onlar m\u00fcraci\u0259t ed\u0259 bil\u0259r. Ancaq az a\u011f\u0131r c\u0259zalardan is\u0259 \u0259n az\u0131 c\u0259zas\u0131n\u0131n \u00fc\u00e7d\u0259 birini \u00e7\u0259k\u0259nd\u0259n sonra, dig\u0259r a\u011f\u0131r c\u0259zalarda is\u0259 c\u0259zas\u0131n\u0131n yar\u0131s\u0131n\u0131 \u00e7\u0259k\u0259nd\u0259n sonra, \u00f6m\u00fcrl\u00fck azadl\u0131qdan m\u0259hrum edilmi\u015f m\u0259hkumlar is\u0259 on il ke\u00e7\u0259nd\u0259n sonra m\u00fcrac\u0259t ed\u0259 bil\u0259r. Yen\u0259 d\u0259 bu anlama g\u0259lmir ki, c\u0259za ilinin vaxt\u0131 \u00e7at\u0131bsa, m\u00fcraci\u0259t edib d\u0259rhal \u00e7\u0131xa bil\u0259r, xeyr kriteriyalar \u0259sas\u0131nda bax\u0131\u015f olur: \u015f\u0259xsiyy\u0259ti, ail\u0259 v\u0259ziyy\u0259ti, s\u0259hh\u0259ti, c\u0259miyy\u0259t\u0259 ictimai faydal\u0131l\u0131\u011f\u0131, hans\u0131 cinay\u0259ti edib, ictimai t\u0259hl\u00fck\u0259lilik d\u0259r\u0259c\u0259si \u00f6n\u0259mlidir&#8230;&#8221;.<\/p>\n\n\n\n<p><strong>&#8220;Qanunvericilikd\u0259 a\u011f\u0131r c\u0259za il\u0259 ba\u011fl\u0131 \u00e7ox s\u0259rt yana\u015fma var&#8221;<\/strong><\/p>\n\n\n\n<p>H\u00fcquq\u015f\u00fcnas hesab edir ki, v\u0259t\u0259nda\u015f Aynur\u0259 Osmanovan\u0131n h\u0259yat yolda\u015f\u0131na a\u011f\u0131r c\u0259za verildiyind\u0259n m\u00fcraci\u0259t \u00fc\u00e7\u00fcn \u0259n az\u0131 yar\u0131 m\u00fcdd\u0259tinin tamam olmas\u0131n\u0131 \u015f\u0259rtdir:<\/p>\n\n\n\n<p>&#8220;\u00dcst\u0259lik, bu tip c\u0259zalara qanunvericilikd\u0259 s\u0259rt yana\u015fma var. \u0130ctimai t\u0259hl\u00fck\u0259sizlik bax\u0131m\u0131ndan qar\u015f\u0131 t\u0259r\u0259fin m\u00f6vqeyi d\u0259 \u00f6n\u0259mlidir. Ona g\u00f6r\u0259 d\u0259 kriteriyalara uy\u011fun m\u0259hkumlar v\u0259 onlar\u0131n n\u00fcmay\u0259nd\u0259l\u0259ri&nbsp; iclaslara \u00fc\u00e7 ay qalm\u0131\u015f m\u00fcdd\u0259td\u0259 m\u00fcraci\u0259t etm\u0259lidir, \u0259ks halda is\u0259 bax\u0131lm\u0131r. Dediyim kimi, a\u011f\u0131r c\u0259zalarla ba\u011fl\u0131 \u00e7ox qanunvericilikd\u0259 \u00e7ox s\u0259rt yana\u015fma m\u00f6vcuddur. M\u0259hkumlar v\u0259 onlar\u0131n yax\u0131nlar\u0131 d\u00fc\u015f\u00fcnm\u0259sin ki, a\u011f\u0131r cinay\u0259ti t\u00f6r\u0259dib v\u0259 \u0259fv\u0259 m\u00fcraci\u0259t etm\u0259kl\u0259 azadl\u0131\u011fa \u00e7\u0131xa bil\u0259r&#8221;.<\/p>\n\n\n<div class=\"wp-block-image\">\n<figure class=\"aligncenter size-full\"><img decoding=\"async\" width=\"1023\" height=\"575\" data-src=\"https:\/\/www.meydan.tv\/wp-content\/uploads\/38146-1.jpg\" alt=\"\u018flim\u0259mm\u0259d Nuriyev\" class=\"wp-image-96623 lazyload\" src=\"data:image\/svg+xml;base64,PHN2ZyB3aWR0aD0iMSIgaGVpZ2h0PSIxIiB4bWxucz0iaHR0cDovL3d3dy53My5vcmcvMjAwMC9zdmciPjwvc3ZnPg==\" style=\"--smush-placeholder-width: 1023px; --smush-placeholder-aspect-ratio: 1023\/575;\" \/><figcaption class=\"wp-element-caption\">\u018f.Nuriyev. Foto: VOA<\/figcaption><\/figure>\n<\/div>\n\n\n<p>&#8220;Aynur\u0259 xan\u0131m\u0131n h\u0259yat yolda\u015f\u0131 il\u0259 ba\u011fl\u0131 m\u00fcraci\u0259tin\u0259 n\u0259z\u0259r sald\u0131m. O m\u0259hkumun c\u0259zas\u0131 a\u011f\u0131r olanlardand\u0131r v\u0259 h\u0259l\u0259 ki tam yar\u0131s\u0131n\u0131 \u00e7\u0259km\u0259yib, y\u0259ni c\u0259zas\u0131 yar\u0131ya q\u0259d\u0259r \u00e7\u0259kilm\u0259lidir. Ola bilsin ki, o xan\u0131m \u00f6t\u0259n yeddi ild\u0259 \u00e7ox m\u00fcraci\u0259t edib. Amma c\u0259zas\u0131n\u0131n yar\u0131s\u0131 \u00e7\u0259kilm\u0259diyi \u00fc\u00e7\u00fcn \u0259fv&nbsp; komissiyas\u0131 t\u0259r\u0259find\u0259n m\u00fcraci\u0259t\u0259 bax\u0131lmay\u0131b, \u00e7\u00fcnki kriteriyalara uy\u011fun olmay\u0131b. Onun h\u0259l\u0259 ki m\u00fcraci\u0259t etm\u0259k h\u00fcququ yoxdur. Amma bu o dem\u0259k deyil ki, c\u0259za yar\u0131s\u0131 \u00e7\u0259kils\u0259 bel\u0259, o xan\u0131m m\u00fcraci\u0259t ets\u0259, d\u0259rhal bax\u0131lacaq v\u0259 \u0259fv\u0259 d\u00fc\u015f\u0259c\u0259k. Kriteriyalar n\u0259z\u0259rd\u0259n ke\u00e7iril\u0259c\u0259k. Bu g\u00fcnd\u0259n sonra edil\u0259n m\u00fcraci\u0259tl\u0259r onsuz g\u0259l\u0259n il\u0259 qald\u0131. \u00c7\u00fcnki iclaslar\u0131n xeyli hiss\u0259si ke\u00e7ib v\u0259 \u0259n az\u0131 iclaslar ba\u015flama\u011fa \u00fc\u00e7 ay qalm\u0131\u015f m\u00fcraci\u0259tl\u0259r olmal\u0131d\u0131r. \u00c7\u00fcnki \u0259sasnam\u0259d\u0259 qeyd olunur ki, m\u0259hkumun m\u00fcraci\u0259tin\u0259, s\u0259n\u0259dl\u0259rin\u0259 \u00fc\u00e7 ay m\u00fcdd\u0259tind\u0259 bax\u0131l\u0131r.&nbsp; \u0130nsanlar ba\u015fa d\u00fc\u015fs\u00fcn ki, vaxt\u0131nda m\u00fcraci\u0259tl\u0259r etm\u0259k laz\u0131md\u0131r. Yoxsa iclaslar ba\u015flayan kimi biz\u0259 \u00e7oxlu m\u00fcraci\u0259tl\u0259r olur. Ax\u0131 o m\u00fcraci\u0259tl\u0259ri d\u0259rhal m\u00fczakir\u0259y\u0259 \u00e7\u0131xarmaq fiziki bax\u0131m\u0131ndan m\u00fcmk\u00fcn deyil. \u00d6yr\u0259nilib, ara\u015fd\u0131rma apar\u0131lmal\u0131d\u0131r. V\u0259t\u0259nda\u015flar bu amill\u0259ri n\u0259z\u0259r\u0259 almal\u0131d\u0131r el\u0259c\u0259 d\u0259 Aynura xan\u0131m&#8221;, &#8211; dey\u0259 \u0259fv komissiyas\u0131n\u0131n \u00fczv\u00fc bildirib.<\/p>\n\n\n\n<p><strong>&#8220;Qanunvericilikd\u0259 bel\u0259 bir m\u00fcdd\u0259t t\u0259yin olunmay\u0131b&#8221;<\/strong><\/p>\n\n\n\n<p>H\u00fcquq m\u00fcdafi\u0259\u00e7isi R\u0259sul C\u0259f\u0259rov is\u0259 Meydan TV-y\u0259 deyib ki, \u0259fv s\u0259r\u0259ncamlar\u0131 h\u00fcquqi mexanizm kimi \u00e7ox t\u0259tbiq edilm\u0259lidir:<\/p>\n\n\n\n<p>&#8220;\u018ffv vacib m\u0259s\u0259l\u0259dir. Biz t\u0259\u015fkilat\u0131m\u0131z ad\u0131ndan uzun ill\u0259rdir ki, \u0259fv s\u0259r\u0259ncamlar\u0131 \u0259r\u0259f\u0259sind\u0259 proses\u0259&nbsp; t\u00f6hf\u0259mizi verm\u0259kd\u0259n \u00fc\u00e7\u00fcn h\u0259m m\u00fcraci\u0259tl\u0259r edir, h\u0259m v\u0259t\u0259nda\u015flara h\u00fcquqi yard\u0131mlar edirik. \u00c7\u00fcnki biz \u0259fv s\u0259r\u0259ncam\u0131na m\u0259hkumlar\u0131n h\u00fcquqlar\u0131n\u0131n t\u0259min edilm\u0259si bax\u0131m\u0131ndan h\u00fcquqi mexanizm kimi bax\u0131r\u0131q. Y\u0259ni qanuni aliliyi bax\u0131m\u0131ndan m\u0259hkum edilmi\u015f \u015f\u0259xsin azadl\u0131\u011fa burax\u0131lmas\u0131 \u00fc\u00e7\u00fcn hans\u0131sa mexanizm t\u0259tbiq edilm\u0259lidir. Bunlar \u0259fv, amnistiya, m\u0259hk\u0259m\u0259 q\u0259rar\u0131, m\u0259hkumun x\u0259st\u0259liyi il\u0259 ba\u011fl\u0131 m\u00fcxt\u0259lif \u0259sasl\u0131 h\u00fcquqi mexanizml\u0259r ola bil\u0259r. Bu mexanizml\u0259r n\u0259 q\u0259d\u0259r \u00e7ox t\u0259tbiq edils\u0259, bir o q\u0259d\u0259r yax\u015f\u0131 olar. Biz h\u0259mi\u015f\u0259 bunun t\u0259tbiqinin geni\u015f, \u0259hat\u0259li, davaml\u0131 olmas\u0131na \u00e7a\u011f\u0131r\u0131\u015flar edirik. \u018ffv komissiyas\u0131na m\u00fcraci\u0259tl\u0259r davam ed\u0259n proses kimi getm\u0259lidir. D\u00fczd\u00fcr, \u0259fv komissiyas\u0131 iclas ba\u015flayan zamana q\u0259d\u0259r olan m\u00fcraci\u0259tl\u0259r\u0259 bax\u0131r. Amma qanunvericilikd\u0259 bel\u0259 bir m\u00fcdd\u0259t t\u0259yin olunmay\u0131b ki, bir ay, \u00fc\u00e7 ay ya be\u015f ay qalm\u0131\u015f m\u00fcraci\u0259t olunsun. \u018fg\u0259r m\u0259hkum m\u00fcraci\u0259t etm\u0259k ist\u0259yirs\u0259, el\u0259 h\u0259min g\u00fcn ed\u0259r, qanunvericilik v\u0259 praktika bax\u0131mdan he\u00e7 bir m\u0259hdudiyy\u0259t yoxdur&#8221;.<\/p>\n\n\n\n<p><strong>&#8220;Siyasi motivli i\u015fl\u0259rd\u0259, ad\u0259t\u0259n, m\u00fcdd\u0259t m\u0259s\u0259l\u0259l\u0259rin\u0259 bir qayda olaraq diqq\u0259t yetirilmir&#8221;<\/strong><\/p>\n\n\n\n<p>\u018ffv Komissiyas\u0131n\u0131n \u015f\u0259ffafl\u0131q v\u0259 obyektivliyin\u0259 g\u0259linc\u0259, h\u00fcquq m\u00fcdafi\u0259\u00e7isi deyir ki, sad\u0259 v\u0259t\u0259nda\u015flardan bununla ba\u011fl\u0131 h\u0259r hans\u0131 bir \u015fikay\u0259t almay\u0131b, ancaq siyasi motivli i\u015fl\u0259rd\u0259 q\u0259r\u0259zlilik var:<\/p>\n\n\n\n<p>&#8220;\u015e\u0259ffafl\u0131qla ba\u011fl\u0131 d\u00fcz\u00fcn\u00fc des\u0259m, indiy\u0259 q\u0259d\u0259r \u015fikay\u0259t almam\u0131\u015f\u0131q. Y\u0259ni he\u00e7 kim biz\u0259 m\u00fcraci\u0259t etm\u0259yib ki, m\u00fcraci\u0259t etdim, bax\u0131lmad\u0131, ya hans\u0131sa s\u0259b\u0259bd\u0259n&nbsp; geri qaytar\u0131ld\u0131. Bel\u0259 bir hallar olmay\u0131b. \u018fg\u0259r m\u00fcdd\u0259tl\u0259 ba\u011fl\u0131 m\u0259hkum kriteriyalara cavab verirs\u0259, o h\u0259r bir halda \u0259fv komissiyas\u0131n\u0131n iclas\u0131na \u00e7\u0131xar\u0131l\u0131r. Yox vermirs\u0259, geri qaytar\u0131l\u0131r. \u0130stisna hal yaln\u0131z siyasi motivli i\u015fl\u0259rdi. Siyasi motivli i\u015fl\u0259rd\u0259, ad\u0259t\u0259n m\u00fcdd\u0259t m\u0259s\u0259l\u0259l\u0259rin\u0259 bir qayda olaraq diqq\u0259t yetirilmir, onun \u00fcz\u0259rind\u0259n ke\u00e7irilir. Yen\u0259 d\u0259 m\u00fczakir\u0259 olunur, \u0259g\u0259r m\u00fcsb\u0259t q\u0259rar varsa, azadl\u0131\u011fa burax\u0131l\u0131r, yoxdursa, azad edilmir. Bizim ist\u0259yimiz odur ki, \u00fcmumiyy\u0259tl\u0259 siyasi motivli i\u015fl\u0259r olmamal\u0131d\u0131r&#8221;.<\/p>\n\n\n<div class=\"wp-block-image\">\n<figure class=\"aligncenter size-full\"><img decoding=\"async\" width=\"1200\" height=\"796\" data-src=\"https:\/\/www.meydan.tv\/wp-content\/uploads\/308125138_10228707121288081_3773517689816948895_n.jpg\" alt=\"\" class=\"wp-image-256438 lazyload\" src=\"data:image\/svg+xml;base64,PHN2ZyB3aWR0aD0iMSIgaGVpZ2h0PSIxIiB4bWxucz0iaHR0cDovL3d3dy53My5vcmcvMjAwMC9zdmciPjwvc3ZnPg==\" style=\"--smush-placeholder-width: 1200px; --smush-placeholder-aspect-ratio: 1200\/796;\" \/><figcaption class=\"wp-element-caption\">Foto: R\u0259sul C\u0259f\u0259rovun \u015f\u0259xsi arxivind\u0259n<\/figcaption><\/figure>\n<\/div>\n\n\n<p>H\u00fcquq m\u00fcdafi\u0259\u00e7isi bu ilin may\u0131nda g\u00f6zl\u0259nil\u0259n \u018ffv s\u0259r\u0259ncam\u0131na 51 m\u0259hkumun sal\u0131nmas\u0131 il\u0259 ba\u011fl\u0131 siyah\u0131 g\u00f6nd\u0259rdiyini deyir.<\/p>\n\n\n\n<p>O h\u0259m\u00e7inin v\u0259t\u0259nda\u015f Aynur\u0259 Osmanovan\u0131n h\u0259yat yolda\u015f\u0131 il\u0259 ba\u011fl\u0131 m\u00fcraci\u0259tini haql\u0131 hesab edir v\u0259 deyir ki, bu m\u0259s\u0259l\u0259ni ara\u015fd\u0131r\u0131b h\u00fcquqi d\u0259st\u0259k g\u00f6st\u0259r\u0259c\u0259k.<\/p>\n\n\n\n<p>&#8220;Yanvar\u0131n 19-da Bak\u0131 \u0130nsan H\u00fcquqlar\u0131 t\u0259\u015fkilat\u0131 olaraq h\u0259m prezident\u0259, h\u0259m \u0259fv m\u0259s\u0259l\u0259l\u0259ri \u00fczr\u0259 komissiyan\u0131n s\u0259dri Samir Nuriyeva, eyni zamanda bir ne\u00e7\u0259 komissiya \u00fczv\u00fcn\u0259 m\u00fcraci\u0259t etmi\u015fik. Siyah\u0131da 51 n\u0259f\u0259rin ad\u0131 var. \u00dcmid edirik ki, bu \u0259fv s\u0259r\u0259ncam\u0131 il\u0259 azadl\u0131qlar\u0131na qovu\u015fa bil\u0259c\u0259kl\u0259r. Onlar\u0131n aras\u0131nda m\u00fcxt\u0259lif kateqoriyal\u0131 i\u015fl\u0259r var. \u00d6m\u00fcrl\u00fck azadl\u0131qdan m\u0259hrum edilmi\u015f 5 n\u0259f\u0259r var. Aynur\u0259 Osmanovan\u0131n h\u0259yat yolda\u015f\u0131 il\u0259 ba\u011fl\u0131 da m\u00fcraci\u0259t etm\u0259k olar. M\u00fc\u0259yy\u0259n etdik ki, h\u0259l\u0259 h\u0259min m\u0259hkum a\u011f\u0131r c\u0259zas\u0131n\u0131n tam yar\u0131s\u0131n\u0131 \u00e7\u0259km\u0259yib, ancaq az m\u00fcdd\u0259t qal\u0131b. Ona g\u00f6r\u0259 hesab edir\u0259m ki, m\u00fcraci\u0259t etm\u0259k olar. \u00d6z\u00fc edibs\u0259 kifay\u0259t edir, \u0259g\u0259r ed\u0259 bilmirs\u0259, k\u0259nardan yard\u0131m kimi biz k\u00f6m\u0259klik ed\u0259 bil\u0259rik&#8221;.<\/p>\n\n\n\n<p><strong>&#8220;\u0130st\u0259nil\u0259n sah\u0259d\u0259 probleml\u0259r var&#8230;&#8221;<\/strong><\/p>\n\n\n\n<p>Deputat Naqif H\u0259mz\u0259yev is\u0259 \u0259fvl\u0259 ba\u011fl\u0131 son ill\u0259rd\u0259 \u00f6lk\u0259d\u0259 xeyli i\u015fl\u0259rin g\u00f6r\u00fcld\u00fcy\u00fcn\u00fc qeyd edir.<\/p>\n\n\n\n<p>Aynur\u0259 Osmanovan\u0131n m\u00fcraci\u0259tin\u0259 g\u0259ldikd\u0259 is\u0259 o deyib ki, deputat olaraq v\u0259t\u0259nda\u015f\u0131n m\u00fcraci\u0259tini aidiyy\u0259ti quruma \u00e7atd\u0131racaq:<\/p>\n\n\n<div class=\"wp-block-image\">\n<figure class=\"aligncenter size-large\"><img decoding=\"async\" width=\"1200\" height=\"675\" data-src=\"https:\/\/www.meydan.tv\/wp-content\/uploads\/maxresdefault_c2fuoou-1200x675.jpg\" alt=\"Naqif H\u0259mz\u0259yev\" class=\"wp-image-147974 lazyload\" src=\"data:image\/svg+xml;base64,PHN2ZyB3aWR0aD0iMSIgaGVpZ2h0PSIxIiB4bWxucz0iaHR0cDovL3d3dy53My5vcmcvMjAwMC9zdmciPjwvc3ZnPg==\" style=\"--smush-placeholder-width: 1200px; --smush-placeholder-aspect-ratio: 1200\/675;\" \/><figcaption class=\"wp-element-caption\">N.H\u0259mz\u0259yev. Foto: &#8220;apa.az&#8221; <\/figcaption><\/figure>\n<\/div>\n\n\n<p>&#8220;\u018ffvl\u0259 ba\u011fl\u0131 \u00f6lk\u0259d\u0259 kifay\u0259t q\u0259d\u0259r m\u00fcsb\u0259t i\u015fl\u0259r g\u00f6r\u00fcl\u00fcr, m\u0259n bu bar\u0259d\u0259 problem oldu\u011funu d\u00fc\u015f\u00fcnm\u00fcr\u0259m. T\u0259bii ki, h\u0259r bir m\u0259hkum v\u0259 onun yax\u0131n\u0131 ist\u0259y\u0259r ki, m\u00fcraci\u0259tin\u0259 bax\u0131ls\u0131n, \u0259fv olunsun. Orda da b\u0259lli kriteriyalar var, onlar n\u0259z\u0259r\u0259 al\u0131nmal\u0131d\u0131r. Son on ild\u0259 bu istiqam\u0259td\u0259 m\u00fcsb\u0259t ir\u0259lil\u0259yi\u015f var v\u0259 t\u0259bii ki, arzu ed\u0259rdik ki, \u0259fv s\u0259r\u0259ncamlar\u0131n\u0131n say\u0131 \u00e7oxals\u0131n, daha \u00e7ox insan bundan yararlans\u0131n. \u0130st\u0259nil\u0259n sah\u0259d\u0259 probleml\u0259r var v\u0259 \u00e7al\u0131\u015f\u0131l\u0131r ki, ild\u0259n-il\u0259 probleml\u0259r \u00f6z h\u0259llini taps\u0131n&#8221;.<\/p>\n\n\n\n<p><strong>DSFM: &#8220;V\u0259t\u0259nda\u015f \u00fcnvanl\u0131 sosial yard\u0131mla ba\u011fl\u0131 m\u00fcraci\u0259t etm\u0259lidir&#8221;<\/strong><\/p>\n\n\n\n<p>V\u0259t\u0259nda\u015f Aynur\u0259 Osmanovan\u0131n \u00fcnvanl\u0131 sosial yard\u0131mla ba\u011fl\u0131 etdiyi m\u00fcraci\u0259t\u0259 is\u0259 D\u00f6vl\u0259t Sosial M\u00fcdafi\u0259 Fondunun (DSMF) m\u0259tbuat xidm\u0259tinin r\u0259hb\u0259ri R\u0259\u015fad Mehdili bel\u0259 cavab verib:<\/p>\n\n\n\n<p>&#8220;V\u0259t\u0259nda\u015fla telefon \u0259laq\u0259si yarad\u0131laraq ail\u0259nin sosial yard\u0131m almaq h\u00fcququnun m\u00fc\u0259yy\u0259nl\u0259\u015fdirilm\u0259si \u00fc\u00e7\u00fcn ona suallar verilib. Aynur\u0259 Osmanova bildirib ki, ail\u0259 2 n\u0259f\u0259rd\u0259n (\u00f6z\u00fc v\u0259 azya\u015fl\u0131 \u00f6vlad\u0131) ibar\u0259tdir, h\u0259yat yolda\u015f\u0131 h\u0259bsd\u0259dir, Bak\u0131da kiray\u0259d\u0259 bac\u0131s\u0131gill\u0259 birg\u0259 ya\u015fay\u0131r. Yax\u0131n 2-3 ayda bac\u0131s\u0131 h\u0259min evd\u0259n \u00e7\u0131xaraq Rusiyaya k\u00f6\u00e7\u0259c\u0259k. Aynur\u0259 Osmanovan\u0131n diqq\u0259tin\u0259 \u00e7atd\u0131r\u0131l\u0131b ki, indiki halda \u00fcnvanl\u0131 sosial yard\u0131mla ba\u011fl\u0131 m\u00fcraci\u0259t ed\u0259rs\u0259, ail\u0259 t\u0259rkibin\u0259 bac\u0131s\u0131n\u0131 v\u0259 onunla ba\u011fl\u0131 f\u0259rdi m\u0259lumatlar\u0131 da daxil etm\u0259lidir. Lakin o indiki halda deyil, bac\u0131s\u0131 Rusiyaya k\u00f6\u00e7\u0259nd\u0259n sonra m\u00fcraci\u0259t ed\u0259c\u0259yini bildirib&#8221;.<\/p>\n\n\n<div class=\"wp-block-image\">\n<figure class=\"aligncenter size-full is-resized\"><img decoding=\"async\" data-src=\"https:\/\/www.meydan.tv\/wp-content\/uploads\/d43a4191-20dd-4708-a9f5-11dfb6d4bc73_640.jpg\" alt=\"D\u00f6vl\u0259t Sosial M\u00fcdafi\u0259 Fondu\" class=\"wp-image-142064 lazyload\" width=\"791\" height=\"528\" src=\"data:image\/svg+xml;base64,PHN2ZyB3aWR0aD0iMSIgaGVpZ2h0PSIxIiB4bWxucz0iaHR0cDovL3d3dy53My5vcmcvMjAwMC9zdmciPjwvc3ZnPg==\" style=\"--smush-placeholder-width: 791px; --smush-placeholder-aspect-ratio: 791\/528;\" \/><figcaption class=\"wp-element-caption\">Foto: arxiv<\/figcaption><\/figure>\n<\/div>\n\n\n<p>Qurumun r\u0259smisi bildirib ki, v\u0259t\u0259nda\u015f\u0131n dediyi kimi bac\u0131s\u0131 Rusiyaya k\u00f6\u00e7\u0259nd\u0259n sonra m\u00fcraci\u0259t ed\u0259rs\u0259, ail\u0259nin \u00fcnvanl\u0131 sosial yard\u0131mla ba\u011fl\u0131 m\u00fcraci\u0259tin\u0259 bax\u0131la bil\u0259r: <\/p>\n\n\n\n<p>&#8220;Bu bar\u0259d\u0259 Aynur\u0259 Osmanova m\u0259lumatland\u0131r\u0131l\u0131b v\u0259 sosial yard\u0131mla ba\u011fl\u0131 dig\u0259r suallar\u0131 da cavabland\u0131r\u0131l\u0131b&#8221;.<\/p>\n","protected":false},"excerpt":{"rendered":"<p>G\u00f6y\u00e7ay sakini \u018ffv Komissiyas\u0131na m\u00fcraci\u0259t edib &#8220;2016-c\u0131 ild\u0259n etibar\u0259n d\u0259f\u0259l\u0259rl\u0259 &#8230; <\/p>\n<p class=\"read-more-container\"><a title=\"&#8220;D\u00f6vl\u0259ti talayana 2-3 il, kimis\u0259 yaralayana 15 il c\u0259za verilir. Budur \u0259dal\u0259t?&#8221;\" class=\"read-more button\" href=\"https:\/\/www.meydan.tv\/az\/article\/dovleti-talayana-2-3-il-kimise-yaralayana-15-il-ceza-verilir-budur-edalet\/#more-268818\" aria-label=\"Read more about &#8220;D\u00f6vl\u0259ti talayana 2-3 il, kimis\u0259 yaralayana 15 il c\u0259za verilir. Budur \u0259dal\u0259t?&#8221;\">Davam\u0131<\/a><\/p>\n","protected":false},"author":8,"featured_media":268801,"comment_status":"closed","ping_status":"closed","sticky":false,"template":"","format":"standard","meta":{"_acf_changed":false,"_sitemap_exclude":false,"_sitemap_priority":"","_sitemap_frequency":"","footnotes":""},"categories":[60,79,56],"tags":[],"class_list":["post-268818","post","type-post","status-publish","format-standard","has-post-thumbnail","hentry","category-bolge","category-featured","category-xeberler","infinite-scroll-item","generate-columns","tablet-grid-50","mobile-grid-100","grid-parent","grid-33","no-featured-image-padding"],"acf":[],"yoast_head":"<!-- This site is optimized with the Yoast SEO plugin v27.5 - https:\/\/yoast.com\/product\/yoast-seo-wordpress\/ -->\n<title>&quot;D\u00f6vl\u0259ti talayana 2-3 il, kimis\u0259 yaralayana 15 il c\u0259za verilir. Budur \u0259dal\u0259t?&quot; - MEYDAN.TV<\/title>\n<meta name=\"robots\" content=\"index, follow, max-snippet:-1, max-image-preview:large, max-video-preview:-1\" \/>\n<link rel=\"canonical\" href=\"https:\/\/www.meydan.tv\/az\/article\/dovleti-talayana-2-3-il-kimise-yaralayana-15-il-ceza-verilir-budur-edalet\/\" \/>\n<meta property=\"og:locale\" content=\"az_AZ\" \/>\n<meta property=\"og:type\" content=\"article\" \/>\n<meta property=\"og:title\" content=\"&quot;D\u00f6vl\u0259ti talayana 2-3 il, kimis\u0259 yaralayana 15 il c\u0259za verilir. Budur \u0259dal\u0259t?&quot; - MEYDAN.TV\" \/>\n<meta property=\"og:description\" content=\"G\u00f6y\u00e7ay sakini \u018ffv Komissiyas\u0131na m\u00fcraci\u0259t edib &#8220;2016-c\u0131 ild\u0259n etibar\u0259n d\u0259f\u0259l\u0259rl\u0259 ... Davam\u0131\" \/>\n<meta property=\"og:url\" content=\"https:\/\/www.meydan.tv\/az\/article\/dovleti-talayana-2-3-il-kimise-yaralayana-15-il-ceza-verilir-budur-edalet\/\" \/>\n<meta property=\"og:site_name\" content=\"MEYDAN.TV\" \/>\n<meta property=\"article:published_time\" content=\"2023-02-19T10:07:42+00:00\" \/>\n<meta property=\"article:modified_time\" content=\"2023-02-19T10:11:49+00:00\" \/>\n<meta property=\"og:image\" content=\"https:\/\/www.meydan.tv\/wp-content\/uploads\/img-20221125-wa0097.jpg\" \/>\n\t<meta property=\"og:image:width\" content=\"1280\" \/>\n\t<meta property=\"og:image:height\" content=\"576\" \/>\n\t<meta property=\"og:image:type\" content=\"image\/jpeg\" \/>\n<meta name=\"author\" content=\"elli\" \/>\n<meta name=\"twitter:card\" content=\"summary_large_image\" \/>\n<meta name=\"twitter:creator\" content=\"@elli\" \/>\n<script type=\"application\/ld+json\" class=\"yoast-schema-graph\">{\"@context\":\"https:\\\/\\\/schema.org\",\"@graph\":[{\"@type\":\"Article\",\"@id\":\"https:\\\/\\\/www.meydan.tv\\\/az\\\/article\\\/dovleti-talayana-2-3-il-kimise-yaralayana-15-il-ceza-verilir-budur-edalet\\\/#article\",\"isPartOf\":{\"@id\":\"https:\\\/\\\/www.meydan.tv\\\/az\\\/article\\\/dovleti-talayana-2-3-il-kimise-yaralayana-15-il-ceza-verilir-budur-edalet\\\/\"},\"author\":{\"name\":\"elli\",\"@id\":\"https:\\\/\\\/www.meydan.tv\\\/az\\\/#\\\/schema\\\/person\\\/9cdbecf90d17180ce1dfbd95b08dcf47\"},\"headline\":\"&#8220;D\u00f6vl\u0259ti talayana 2-3 il, kimis\u0259 yaralayana 15 il c\u0259za verilir. Budur \u0259dal\u0259t?&#8221;\",\"datePublished\":\"2023-02-19T10:07:42+00:00\",\"dateModified\":\"2023-02-19T10:11:49+00:00\",\"mainEntityOfPage\":{\"@id\":\"https:\\\/\\\/www.meydan.tv\\\/az\\\/article\\\/dovleti-talayana-2-3-il-kimise-yaralayana-15-il-ceza-verilir-budur-edalet\\\/\"},\"wordCount\":3511,\"publisher\":{\"@id\":\"https:\\\/\\\/www.meydan.tv\\\/az\\\/#organization\"},\"image\":{\"@id\":\"https:\\\/\\\/www.meydan.tv\\\/az\\\/article\\\/dovleti-talayana-2-3-il-kimise-yaralayana-15-il-ceza-verilir-budur-edalet\\\/#primaryimage\"},\"thumbnailUrl\":\"https:\\\/\\\/www.meydan.tv\\\/wp-content\\\/uploads\\\/img-20221125-wa0097.jpg\",\"articleSection\":[\"B\u00f6lg\u0259\",\"T\u00f6vsiy\u0259\",\"X\u0259b\u0259rl\u0259r\"],\"inLanguage\":\"az\"},{\"@type\":\"WebPage\",\"@id\":\"https:\\\/\\\/www.meydan.tv\\\/az\\\/article\\\/dovleti-talayana-2-3-il-kimise-yaralayana-15-il-ceza-verilir-budur-edalet\\\/\",\"url\":\"https:\\\/\\\/www.meydan.tv\\\/az\\\/article\\\/dovleti-talayana-2-3-il-kimise-yaralayana-15-il-ceza-verilir-budur-edalet\\\/\",\"name\":\"\\\"D\u00f6vl\u0259ti talayana 2-3 il, kimis\u0259 yaralayana 15 il c\u0259za verilir. Budur \u0259dal\u0259t?\\\" - MEYDAN.TV\",\"isPartOf\":{\"@id\":\"https:\\\/\\\/www.meydan.tv\\\/az\\\/#website\"},\"primaryImageOfPage\":{\"@id\":\"https:\\\/\\\/www.meydan.tv\\\/az\\\/article\\\/dovleti-talayana-2-3-il-kimise-yaralayana-15-il-ceza-verilir-budur-edalet\\\/#primaryimage\"},\"image\":{\"@id\":\"https:\\\/\\\/www.meydan.tv\\\/az\\\/article\\\/dovleti-talayana-2-3-il-kimise-yaralayana-15-il-ceza-verilir-budur-edalet\\\/#primaryimage\"},\"thumbnailUrl\":\"https:\\\/\\\/www.meydan.tv\\\/wp-content\\\/uploads\\\/img-20221125-wa0097.jpg\",\"datePublished\":\"2023-02-19T10:07:42+00:00\",\"dateModified\":\"2023-02-19T10:11:49+00:00\",\"breadcrumb\":{\"@id\":\"https:\\\/\\\/www.meydan.tv\\\/az\\\/article\\\/dovleti-talayana-2-3-il-kimise-yaralayana-15-il-ceza-verilir-budur-edalet\\\/#breadcrumb\"},\"inLanguage\":\"az\",\"potentialAction\":[{\"@type\":\"ReadAction\",\"target\":[\"https:\\\/\\\/www.meydan.tv\\\/az\\\/article\\\/dovleti-talayana-2-3-il-kimise-yaralayana-15-il-ceza-verilir-budur-edalet\\\/\"]}]},{\"@type\":\"ImageObject\",\"inLanguage\":\"az\",\"@id\":\"https:\\\/\\\/www.meydan.tv\\\/az\\\/article\\\/dovleti-talayana-2-3-il-kimise-yaralayana-15-il-ceza-verilir-budur-edalet\\\/#primaryimage\",\"url\":\"https:\\\/\\\/www.meydan.tv\\\/wp-content\\\/uploads\\\/img-20221125-wa0097.jpg\",\"contentUrl\":\"https:\\\/\\\/www.meydan.tv\\\/wp-content\\\/uploads\\\/img-20221125-wa0097.jpg\",\"width\":1280,\"height\":576,\"caption\":\"B\u0131\u011f\u0131r k\u0259ndi. Foto: Meydan TV\"},{\"@type\":\"BreadcrumbList\",\"@id\":\"https:\\\/\\\/www.meydan.tv\\\/az\\\/article\\\/dovleti-talayana-2-3-il-kimise-yaralayana-15-il-ceza-verilir-budur-edalet\\\/#breadcrumb\",\"itemListElement\":[{\"@type\":\"ListItem\",\"position\":1,\"name\":\"Ana s\u0259hif\u0259\",\"item\":\"https:\\\/\\\/www.meydan.tv\\\/az\\\/\"},{\"@type\":\"ListItem\",\"position\":2,\"name\":\"B\u00f6lg\u0259\",\"item\":\"https:\\\/\\\/www.meydan.tv\\\/az\\\/section\\\/bolge\\\/\"},{\"@type\":\"ListItem\",\"position\":3,\"name\":\"&#8220;D\u00f6vl\u0259ti talayana 2-3 il, kimis\u0259 yaralayana 15 il c\u0259za verilir. Budur \u0259dal\u0259t?&#8221;\"}]},{\"@type\":\"WebSite\",\"@id\":\"https:\\\/\\\/www.meydan.tv\\\/az\\\/#website\",\"url\":\"https:\\\/\\\/www.meydan.tv\\\/az\\\/\",\"name\":\"MEYDAN.TV\",\"description\":\"Meydan TV Az\u0259rbaycan\u0131n media m\u0259kan\u0131ndak\u0131 alternativ s\u0259sidir\",\"publisher\":{\"@id\":\"https:\\\/\\\/www.meydan.tv\\\/az\\\/#organization\"},\"potentialAction\":[{\"@type\":\"SearchAction\",\"target\":{\"@type\":\"EntryPoint\",\"urlTemplate\":\"https:\\\/\\\/www.meydan.tv\\\/az\\\/?s={search_term_string}\"},\"query-input\":{\"@type\":\"PropertyValueSpecification\",\"valueRequired\":true,\"valueName\":\"search_term_string\"}}],\"inLanguage\":\"az\"},{\"@type\":\"Organization\",\"@id\":\"https:\\\/\\\/www.meydan.tv\\\/az\\\/#organization\",\"name\":\"Meydan TV\",\"url\":\"https:\\\/\\\/www.meydan.tv\\\/az\\\/\",\"logo\":{\"@type\":\"ImageObject\",\"inLanguage\":\"az\",\"@id\":\"https:\\\/\\\/www.meydan.tv\\\/az\\\/#\\\/schema\\\/logo\\\/image\\\/\",\"url\":\"https:\\\/\\\/www.meydan.tv\\\/wp-content\\\/uploads\\\/2021\\\/07\\\/meydan-logo.svg\",\"contentUrl\":\"https:\\\/\\\/www.meydan.tv\\\/wp-content\\\/uploads\\\/2021\\\/07\\\/meydan-logo.svg\",\"width\":195,\"height\":46,\"caption\":\"Meydan TV\"},\"image\":{\"@id\":\"https:\\\/\\\/www.meydan.tv\\\/az\\\/#\\\/schema\\\/logo\\\/image\\\/\"}},{\"@type\":\"Person\",\"@id\":\"https:\\\/\\\/www.meydan.tv\\\/az\\\/#\\\/schema\\\/person\\\/9cdbecf90d17180ce1dfbd95b08dcf47\",\"name\":\"elli\",\"sameAs\":[\"https:\\\/\\\/x.com\\\/elli\"]}]}<\/script>\n<!-- \/ Yoast SEO plugin. -->","yoast_head_json":{"title":"\"D\u00f6vl\u0259ti talayana 2-3 il, kimis\u0259 yaralayana 15 il c\u0259za verilir. Budur \u0259dal\u0259t?\" - MEYDAN.TV","robots":{"index":"index","follow":"follow","max-snippet":"max-snippet:-1","max-image-preview":"max-image-preview:large","max-video-preview":"max-video-preview:-1"},"canonical":"https:\/\/www.meydan.tv\/az\/article\/dovleti-talayana-2-3-il-kimise-yaralayana-15-il-ceza-verilir-budur-edalet\/","og_locale":"az_AZ","og_type":"article","og_title":"\"D\u00f6vl\u0259ti talayana 2-3 il, kimis\u0259 yaralayana 15 il c\u0259za verilir. Budur \u0259dal\u0259t?\" - MEYDAN.TV","og_description":"G\u00f6y\u00e7ay sakini \u018ffv Komissiyas\u0131na m\u00fcraci\u0259t edib &#8220;2016-c\u0131 ild\u0259n etibar\u0259n d\u0259f\u0259l\u0259rl\u0259 ... Davam\u0131","og_url":"https:\/\/www.meydan.tv\/az\/article\/dovleti-talayana-2-3-il-kimise-yaralayana-15-il-ceza-verilir-budur-edalet\/","og_site_name":"MEYDAN.TV","article_published_time":"2023-02-19T10:07:42+00:00","article_modified_time":"2023-02-19T10:11:49+00:00","og_image":[{"width":1280,"height":576,"url":"https:\/\/www.meydan.tv\/wp-content\/uploads\/img-20221125-wa0097.jpg","type":"image\/jpeg"}],"author":"elli","twitter_card":"summary_large_image","twitter_creator":"@elli","schema":{"@context":"https:\/\/schema.org","@graph":[{"@type":"Article","@id":"https:\/\/www.meydan.tv\/az\/article\/dovleti-talayana-2-3-il-kimise-yaralayana-15-il-ceza-verilir-budur-edalet\/#article","isPartOf":{"@id":"https:\/\/www.meydan.tv\/az\/article\/dovleti-talayana-2-3-il-kimise-yaralayana-15-il-ceza-verilir-budur-edalet\/"},"author":{"name":"elli","@id":"https:\/\/www.meydan.tv\/az\/#\/schema\/person\/9cdbecf90d17180ce1dfbd95b08dcf47"},"headline":"&#8220;D\u00f6vl\u0259ti talayana 2-3 il, kimis\u0259 yaralayana 15 il c\u0259za verilir. Budur \u0259dal\u0259t?&#8221;","datePublished":"2023-02-19T10:07:42+00:00","dateModified":"2023-02-19T10:11:49+00:00","mainEntityOfPage":{"@id":"https:\/\/www.meydan.tv\/az\/article\/dovleti-talayana-2-3-il-kimise-yaralayana-15-il-ceza-verilir-budur-edalet\/"},"wordCount":3511,"publisher":{"@id":"https:\/\/www.meydan.tv\/az\/#organization"},"image":{"@id":"https:\/\/www.meydan.tv\/az\/article\/dovleti-talayana-2-3-il-kimise-yaralayana-15-il-ceza-verilir-budur-edalet\/#primaryimage"},"thumbnailUrl":"https:\/\/www.meydan.tv\/wp-content\/uploads\/img-20221125-wa0097.jpg","articleSection":["B\u00f6lg\u0259","T\u00f6vsiy\u0259","X\u0259b\u0259rl\u0259r"],"inLanguage":"az"},{"@type":"WebPage","@id":"https:\/\/www.meydan.tv\/az\/article\/dovleti-talayana-2-3-il-kimise-yaralayana-15-il-ceza-verilir-budur-edalet\/","url":"https:\/\/www.meydan.tv\/az\/article\/dovleti-talayana-2-3-il-kimise-yaralayana-15-il-ceza-verilir-budur-edalet\/","name":"\"D\u00f6vl\u0259ti talayana 2-3 il, kimis\u0259 yaralayana 15 il c\u0259za verilir. Budur \u0259dal\u0259t?\" - MEYDAN.TV","isPartOf":{"@id":"https:\/\/www.meydan.tv\/az\/#website"},"primaryImageOfPage":{"@id":"https:\/\/www.meydan.tv\/az\/article\/dovleti-talayana-2-3-il-kimise-yaralayana-15-il-ceza-verilir-budur-edalet\/#primaryimage"},"image":{"@id":"https:\/\/www.meydan.tv\/az\/article\/dovleti-talayana-2-3-il-kimise-yaralayana-15-il-ceza-verilir-budur-edalet\/#primaryimage"},"thumbnailUrl":"https:\/\/www.meydan.tv\/wp-content\/uploads\/img-20221125-wa0097.jpg","datePublished":"2023-02-19T10:07:42+00:00","dateModified":"2023-02-19T10:11:49+00:00","breadcrumb":{"@id":"https:\/\/www.meydan.tv\/az\/article\/dovleti-talayana-2-3-il-kimise-yaralayana-15-il-ceza-verilir-budur-edalet\/#breadcrumb"},"inLanguage":"az","potentialAction":[{"@type":"ReadAction","target":["https:\/\/www.meydan.tv\/az\/article\/dovleti-talayana-2-3-il-kimise-yaralayana-15-il-ceza-verilir-budur-edalet\/"]}]},{"@type":"ImageObject","inLanguage":"az","@id":"https:\/\/www.meydan.tv\/az\/article\/dovleti-talayana-2-3-il-kimise-yaralayana-15-il-ceza-verilir-budur-edalet\/#primaryimage","url":"https:\/\/www.meydan.tv\/wp-content\/uploads\/img-20221125-wa0097.jpg","contentUrl":"https:\/\/www.meydan.tv\/wp-content\/uploads\/img-20221125-wa0097.jpg","width":1280,"height":576,"caption":"B\u0131\u011f\u0131r k\u0259ndi. Foto: Meydan TV"},{"@type":"BreadcrumbList","@id":"https:\/\/www.meydan.tv\/az\/article\/dovleti-talayana-2-3-il-kimise-yaralayana-15-il-ceza-verilir-budur-edalet\/#breadcrumb","itemListElement":[{"@type":"ListItem","position":1,"name":"Ana s\u0259hif\u0259","item":"https:\/\/www.meydan.tv\/az\/"},{"@type":"ListItem","position":2,"name":"B\u00f6lg\u0259","item":"https:\/\/www.meydan.tv\/az\/section\/bolge\/"},{"@type":"ListItem","position":3,"name":"&#8220;D\u00f6vl\u0259ti talayana 2-3 il, kimis\u0259 yaralayana 15 il c\u0259za verilir. Budur \u0259dal\u0259t?&#8221;"}]},{"@type":"WebSite","@id":"https:\/\/www.meydan.tv\/az\/#website","url":"https:\/\/www.meydan.tv\/az\/","name":"MEYDAN.TV","description":"Meydan TV Az\u0259rbaycan\u0131n media m\u0259kan\u0131ndak\u0131 alternativ s\u0259sidir","publisher":{"@id":"https:\/\/www.meydan.tv\/az\/#organization"},"potentialAction":[{"@type":"SearchAction","target":{"@type":"EntryPoint","urlTemplate":"https:\/\/www.meydan.tv\/az\/?s={search_term_string}"},"query-input":{"@type":"PropertyValueSpecification","valueRequired":true,"valueName":"search_term_string"}}],"inLanguage":"az"},{"@type":"Organization","@id":"https:\/\/www.meydan.tv\/az\/#organization","name":"Meydan TV","url":"https:\/\/www.meydan.tv\/az\/","logo":{"@type":"ImageObject","inLanguage":"az","@id":"https:\/\/www.meydan.tv\/az\/#\/schema\/logo\/image\/","url":"https:\/\/www.meydan.tv\/wp-content\/uploads\/2021\/07\/meydan-logo.svg","contentUrl":"https:\/\/www.meydan.tv\/wp-content\/uploads\/2021\/07\/meydan-logo.svg","width":195,"height":46,"caption":"Meydan TV"},"image":{"@id":"https:\/\/www.meydan.tv\/az\/#\/schema\/logo\/image\/"}},{"@type":"Person","@id":"https:\/\/www.meydan.tv\/az\/#\/schema\/person\/9cdbecf90d17180ce1dfbd95b08dcf47","name":"elli","sameAs":["https:\/\/x.com\/elli"]}]}},"_links":{"self":[{"href":"https:\/\/www.meydan.tv\/az\/wp-json\/wp\/v2\/posts\/268818","targetHints":{"allow":["GET"]}}],"collection":[{"href":"https:\/\/www.meydan.tv\/az\/wp-json\/wp\/v2\/posts"}],"about":[{"href":"https:\/\/www.meydan.tv\/az\/wp-json\/wp\/v2\/types\/post"}],"author":[{"embeddable":true,"href":"https:\/\/www.meydan.tv\/az\/wp-json\/wp\/v2\/users\/8"}],"replies":[{"embeddable":true,"href":"https:\/\/www.meydan.tv\/az\/wp-json\/wp\/v2\/comments?post=268818"}],"version-history":[{"count":2,"href":"https:\/\/www.meydan.tv\/az\/wp-json\/wp\/v2\/posts\/268818\/revisions"}],"predecessor-version":[{"id":268821,"href":"https:\/\/www.meydan.tv\/az\/wp-json\/wp\/v2\/posts\/268818\/revisions\/268821"}],"wp:featuredmedia":[{"embeddable":true,"href":"https:\/\/www.meydan.tv\/az\/wp-json\/wp\/v2\/media\/268801"}],"wp:attachment":[{"href":"https:\/\/www.meydan.tv\/az\/wp-json\/wp\/v2\/media?parent=268818"}],"wp:term":[{"taxonomy":"category","embeddable":true,"href":"https:\/\/www.meydan.tv\/az\/wp-json\/wp\/v2\/categories?post=268818"},{"taxonomy":"post_tag","embeddable":true,"href":"https:\/\/www.meydan.tv\/az\/wp-json\/wp\/v2\/tags?post=268818"}],"curies":[{"name":"wp","href":"https:\/\/api.w.org\/{rel}","templated":true}]}}