{"id":268791,"date":"2023-02-18T21:00:08","date_gmt":"2023-02-18T17:00:08","guid":{"rendered":"https:\/\/www.meydan.tv\/?p=268791"},"modified":"2023-02-18T21:04:33","modified_gmt":"2023-02-18T17:04:33","slug":"blinken-eliyev-ve-pasinyanin-gorusu-neler-muzakire-olunub","status":"publish","type":"post","link":"https:\/\/www.meydan.tv\/az\/article\/blinken-eliyev-ve-pasinyanin-gorusu-neler-muzakire-olunub\/","title":{"rendered":"Blinken, \u018fliyev v\u0259 Pa\u015finyan\u0131n g\u00f6r\u00fc\u015f\u00fc: n\u0259l\u0259r m\u00fczakir\u0259 olunub?"},"content":{"rendered":"\n<p><\/p>\n\n\n\n<p><em>\u0130lham \u018fliyev detallar\u0131 a\u00e7\u0131qlay\u0131b<\/em><\/p>\n\n\n\n<p>&#8220;\u0130lk bax\u0131\u015fda Erm\u0259nistan\u0131n m\u00f6vqeyind\u0259 t\u0259r\u0259qqi var, ancaq kifay\u0259t q\u0259d\u0259r deyil. Y\u0259ni \u0259sas bu m\u0259s\u0259l\u0259 m\u00fczakir\u0259 olundu&#8221;.<\/p>\n\n\n\n<p>Bunu fevral\u0131n 18-d\u0259 Az\u0259rbaycan\u0131n Prezidenti \u0130lham \u018fliyev M\u00fcnhend\u0259 AB\u015e-\u0131n D\u00f6vl\u0259t katibi Entoni Blinken v\u0259 Erm\u0259nistan\u0131n Ba\u015f naziri Nikol Pa\u015finyanla g\u00f6r\u00fc\u015fd\u0259n sonra televiziya kanallar\u0131na m\u00fcsahib\u0259sind\u0259 deyib.<\/p>\n\n\n\n<p>\u00d6lk\u0259 ba\u015f\u00e7\u0131s\u0131 La\u00e7\u0131n-Xank\u0259ndi yolundak\u0131 v\u0259ziyy\u0259tin d\u0259 m\u00fczakir\u0259 olundu\u011funu s\u00f6yl\u0259yib:<\/p>\n\n\n\n<p>&#8220;M\u0259n bir daha Az\u0259rbaycan\u0131n m\u00f6vqeyini bildirdim ki, h\u0259r hans\u0131 bir blokadadan s\u00f6hb\u0259t ged\u0259 bilm\u0259z. Dekabr\u0131n 12-d\u0259n bu g\u00fcn\u0259 q\u0259d\u0259r 2500-d\u0259n \u00e7ox y\u00fck ma\u015f\u0131n\u0131 v\u0259 Q\u0131rm\u0131z\u0131 Xa\u00e7 Komit\u0259sinin avtomobill\u0259ri ke\u00e7ib. \u018fg\u0259r blokada var idis\u0259, bu ma\u015f\u0131nlar nec\u0259 ke\u00e7\u0259 bil\u0259rdi? Y\u0259ni bu, Az\u0259rbaycana qar\u015f\u0131 \u0259sass\u0131z bir ittihamd\u0131r, biz bunu r\u0259dd edirik. Ke\u00e7irdiyim b\u00fct\u00fcn g\u00f6r\u00fc\u015fl\u0259rd\u0259 bu m\u00f6vqe anlay\u0131\u015fla qar\u015f\u0131lan\u0131r. Biz t\u0259l\u0259b edirik ki, yataqlar\u0131m\u0131z\u0131n qanunsuz istismar\u0131 dayand\u0131r\u0131ls\u0131n v\u0259 buna nail olunmayana q\u0259d\u0259r \u0259min\u0259m ki, bizim ictimai f\u0259allar\u0131m\u0131z \u00f6z \u015f\u0259r\u0259fli missiyas\u0131ndan \u0259l \u00e7\u0259km\u0259y\u0259c\u0259kl\u0259r. Bu g\u00fcn d\u0259 bunu \u00e7atd\u0131rma\u011fa \u00e7al\u0131\u015fd\u0131m&#8221;.<\/p>\n\n\n\n<p>Prezident Blinken v\u0259 Pa\u015finyanla g\u00f6r\u00fc\u015f\u00fcn konstruktiv ke\u00e7diyini deyib:<\/p>\n\n\n\n<p>&#8220;Bir \u00e7ox m\u0259s\u0259l\u0259l\u0259r, o c\u00fcml\u0259d\u0259n Erm\u0259nistanla Az\u0259rbaycan aras\u0131nda s\u00fclh sazi\u015finin imzalanmas\u0131 \u00fc\u00e7\u00fcn laz\u0131m olan \u015f\u0259rtl\u0259r m\u00fczakir\u0259 olundu&#8221;.<\/p>\n\n\n\n<p>&#8220;\u018fsas m\u0259s\u0259l\u0259 ondan ibar\u0259tdir ki, bu s\u00fclh m\u00fcqavil\u0259si beyn\u0259lxalq norma v\u0259 prinsipl\u0259r \u0259sas\u0131nda t\u0259rtib edilm\u0259lidir. Qaraba\u011f haqq\u0131nda h\u0259r hans\u0131 m\u00fcdd\u0259an\u0131n olmas\u0131 q\u0259buledilm\u0259zdir&#8221;, &#8211; dey\u0259 \u018fliyev \u0259lav\u0259 edib.<\/p>\n\n\n\n<p>D\u00f6vl\u0259t ba\u015f\u00e7\u0131s\u0131 3 g\u00fcn \u0259vv\u0259l Erm\u0259nistandan Az\u0259rbaycan\u0131n t\u0259klifl\u0259rin\u0259 yeni cavab ald\u0131\u011f\u0131n\u0131 t\u0259sdiql\u0259yib:<\/p>\n\n\n\n<p>&#8220;\u0130ndi onlar\u0131 inc\u0259l\u0259yirik\u201d.<\/p>\n\n\n\n<p>\u018fliyev bildirib ki, Erm\u0259nistan-Az\u0259rbaycan s\u0259rh\u0259dind\u0259 ikit\u0259r\u0259fli qaydada n\u0259zar\u0259t-burax\u0131l\u0131\u015f m\u0259nt\u0259q\u0259l\u0259rini yaratmaq t\u0259klifini m\u00fczakir\u0259 etm\u0259k \u00fc\u00e7\u00fcn qar\u015f\u0131 t\u0259r\u0259f\u0259 bir q\u0259d\u0259r vaxt laz\u0131md\u0131r:<\/p>\n\n\n\n<p>\u201cAmma ilkin t\u0259\u0259ss\u00fcrat\u0131m\u0131z bel\u0259dir ki, h\u0259m Avropada, h\u0259m Amerikada bizim bu t\u0259klifimiz m\u0259ntiqli hesab olunur. Bu, h\u0259r iki \u00f6lk\u0259 aras\u0131ndak\u0131 \u0259laq\u0259l\u0259rin normalla\u015fmas\u0131nda da, \u0259lb\u0259tt\u0259 ki, \u00f6n\u0259mli amildir. \u00c7\u00fcnki biz s\u0259rh\u0259dl\u0259rin delimitasiyas\u0131 haqq\u0131nda dan\u0131\u015f\u0131r\u0131qsa, n\u0259zar\u0259t-burax\u0131l\u0131\u015f m\u0259nt\u0259q\u0259l\u0259ri olmadan bu, m\u00fcmk\u00fcn deyil. Biz kommunikasiyalar\u0131n a\u00e7\u0131lmas\u0131 haqq\u0131nda dan\u0131\u015f\u0131r\u0131qsa, \u0259lb\u0259tt\u0259 ki, h\u0259m Z\u0259ng\u0259zur d\u0259hlizinin h\u0259r iki ba\u015f\u0131nda, eyni zamanda, La\u00e7\u0131n rayonu il\u0259 Erm\u0259nistan aras\u0131ndak\u0131 s\u0259rh\u0259dd\u0259 n\u0259zar\u0259t-burax\u0131l\u0131\u015f m\u0259nt\u0259q\u0259l\u0259ri yarad\u0131lmal\u0131d\u0131r\u201d.<\/p>\n\n\n\n<p>Prezident Tbilisi format\u0131n\u0131 alq\u0131\u015flad\u0131\u011f\u0131n\u0131 da bildirib:<\/p>\n\n\n\n<p>\u201cM\u0259nim G\u00fcrc\u00fcstana etdiyim s\u0259f\u0259r zaman\u0131 bu m\u0259s\u0259l\u0259 m\u00fczakir\u0259 olundu. Erm\u0259nistan t\u0259r\u0259fi buna bir q\u0259d\u0259r t\u0259r\u0259dd\u00fcdl\u0259 yana\u015f\u0131r. Ancaq hesab edir\u0259m ki, bu, \u0259dal\u0259tli olard\u0131\u201d.<\/p>\n\n\n\n<p>Erm\u0259nistan h\u00f6kum\u0259tinin m\u0259tbuat xidm\u0259tinin m\u0259lumat\u0131na g\u00f6r\u0259, Ba\u015f nazir Nikol Pa\u015finyan Yerevan\u0131n faktiki olaraq regionda uzunm\u00fcdd\u0259tli s\u00fclh v\u0259 sabitliy\u0259 z\u0259man\u0259t ver\u0259c\u0259k sazi\u015fin imzalanmas\u0131na nail olmaq \u0259zmini t\u0259sdiql\u0259yib:<\/p>\n\n\n\n<p>&#8220;Nikol Pa\u015finyan La\u00e7\u0131n d\u0259hlizinin qanunsuz blokadas\u0131 n\u0259tic\u0259sind\u0259 Da\u011fl\u0131q Qaraba\u011fda yaranm\u0131\u015f humanitar, ekoloji v\u0259 enerji b\u00f6hran\u0131 fakt\u0131n\u0131 vur\u011fulay\u0131b&#8221;.<\/p>\n\n\n\n<p>AB\u015e D\u00f6vl\u0259t katibi A.Blinken is\u0259 \u00fc\u00e7t\u0259r\u0259fli g\u00f6r\u00fc\u015fd\u0259n \u0259vv\u0259l Erm\u0259nistan v\u0259 Az\u0259rbaycan\u0131n 30 ild\u0259n art\u0131q davam ed\u0259n m\u00fcnaqi\u015f\u0259d\u0259n sonra davaml\u0131 s\u00fclh\u00fc t\u0259min etm\u0259k \u00fc\u00e7\u00fcn h\u0259qiq\u0259t\u0259n tarixi imkanlar\u0131n oldu\u011funu deyib.<\/p>\n\n\n\n<p>\u201cT\u0259r\u0259fl\u0259r diqq\u0259tl\u0259rini s\u00fclh prosesin\u0259, o c\u00fcml\u0259d\u0259n birba\u015fa dan\u0131\u015f\u0131qlar yolu il\u0259, h\u0259m\u00e7inin A\u0130 v\u0259 biziml\u0259 c\u0259ml\u0259\u015fdiribl\u0259r. Va\u015finqton bu s\u0259yl\u0259ri d\u0259st\u0259kl\u0259m\u0259k \u00fc\u00e7\u00fcn \u0259lind\u0259n g\u0259l\u0259ni etm\u0259k \u0259zmind\u0259dir. \u0130st\u0259r dostlar\u0131m\u0131zla, ist\u0259r bu kimi \u00fc\u00e7t\u0259r\u0259fli formatda, ist\u0259rs\u0259 d\u0259 dig\u0259r beyn\u0259lxalq t\u0259r\u0259fda\u015flarla,\u201d &#8211; dey\u0259 Blinken \u0259lav\u0259 <a href=\"https:\/\/news.am\/rus\/news\/745661.html\" target=\"_blank\" rel=\"noreferrer noopener\">edib.<\/a><\/p>\n\n\n\n<p>Bu g\u00fcn Erm\u0259nistan\u0131n Ba\u015f naziri Nikoil Pa\u015finyan, Az\u0259rbaycan Prezidenti \u0130lham \u018fliyev, G\u00fcrc\u00fcstan\u0131n Ba\u015f naziri \u0130rakli Qariba\u015fvili v\u0259 AT\u018fT-in Ba\u015f katibi Helqa \u015emidt \u201cC\u0259nubi Qafqazda t\u0259hl\u00fck\u0259sizlik\u201d panel m\u00fczakir\u0259sind\u0259 d\u0259 i\u015ftirak ed\u0259c\u0259kl\u0259r.&nbsp;<\/p>\n","protected":false},"excerpt":{"rendered":"<p>\u0130lham \u018fliyev detallar\u0131 a\u00e7\u0131qlay\u0131b &#8220;\u0130lk bax\u0131\u015fda Erm\u0259nistan\u0131n m\u00f6vqeyind\u0259 t\u0259r\u0259qqi var, &#8230; <\/p>\n<p class=\"read-more-container\"><a title=\"Blinken, \u018fliyev v\u0259 Pa\u015finyan\u0131n g\u00f6r\u00fc\u015f\u00fc: n\u0259l\u0259r m\u00fczakir\u0259 olunub?\" class=\"read-more button\" href=\"https:\/\/www.meydan.tv\/az\/article\/blinken-eliyev-ve-pasinyanin-gorusu-neler-muzakire-olunub\/#more-268791\" aria-label=\"Read more about Blinken, \u018fliyev v\u0259 Pa\u015finyan\u0131n g\u00f6r\u00fc\u015f\u00fc: n\u0259l\u0259r m\u00fczakir\u0259 olunub?\">Davam\u0131<\/a><\/p>\n","protected":false},"author":8,"featured_media":268788,"comment_status":"closed","ping_status":"closed","sticky":false,"template":"","format":"standard","meta":{"_acf_changed":false,"_sitemap_exclude":false,"_sitemap_priority":"","_sitemap_frequency":"","footnotes":""},"categories":[59,79,56],"tags":[],"class_list":["post-268791","post","type-post","status-publish","format-standard","has-post-thumbnail","hentry","category-siyaset","category-featured","category-xeberler","infinite-scroll-item","generate-columns","tablet-grid-50","mobile-grid-100","grid-parent","grid-33","no-featured-image-padding"],"acf":[],"yoast_head":"<!-- This site is optimized with the Yoast SEO plugin v27.4 - https:\/\/yoast.com\/product\/yoast-seo-wordpress\/ -->\n<title>Blinken, \u018fliyev v\u0259 Pa\u015finyan\u0131n g\u00f6r\u00fc\u015f\u00fc: n\u0259l\u0259r m\u00fczakir\u0259 olunub? - MEYDAN.TV<\/title>\n<meta name=\"robots\" content=\"index, follow, max-snippet:-1, max-image-preview:large, max-video-preview:-1\" \/>\n<link rel=\"canonical\" href=\"https:\/\/www.meydan.tv\/az\/article\/blinken-eliyev-ve-pasinyanin-gorusu-neler-muzakire-olunub\/\" \/>\n<meta property=\"og:locale\" content=\"az_AZ\" \/>\n<meta property=\"og:type\" content=\"article\" \/>\n<meta property=\"og:title\" content=\"Blinken, \u018fliyev v\u0259 Pa\u015finyan\u0131n g\u00f6r\u00fc\u015f\u00fc: n\u0259l\u0259r m\u00fczakir\u0259 olunub? - MEYDAN.TV\" \/>\n<meta property=\"og:description\" content=\"\u0130lham \u018fliyev detallar\u0131 a\u00e7\u0131qlay\u0131b &#8220;\u0130lk bax\u0131\u015fda Erm\u0259nistan\u0131n m\u00f6vqeyind\u0259 t\u0259r\u0259qqi var, ... Davam\u0131\" \/>\n<meta property=\"og:url\" content=\"https:\/\/www.meydan.tv\/az\/article\/blinken-eliyev-ve-pasinyanin-gorusu-neler-muzakire-olunub\/\" \/>\n<meta property=\"og:site_name\" content=\"MEYDAN.TV\" \/>\n<meta property=\"article:published_time\" content=\"2023-02-18T17:00:08+00:00\" \/>\n<meta property=\"article:modified_time\" content=\"2023-02-18T17:04:33+00:00\" \/>\n<meta property=\"og:image\" content=\"https:\/\/www.meydan.tv\/wp-content\/uploads\/16767260083013342111_1000x669.jpg\" \/>\n\t<meta property=\"og:image:width\" content=\"1000\" \/>\n\t<meta property=\"og:image:height\" content=\"568\" \/>\n\t<meta property=\"og:image:type\" content=\"image\/jpeg\" \/>\n<meta name=\"author\" content=\"elli\" \/>\n<meta name=\"twitter:card\" content=\"summary_large_image\" \/>\n<meta name=\"twitter:creator\" content=\"@elli\" \/>\n<script type=\"application\/ld+json\" class=\"yoast-schema-graph\">{\"@context\":\"https:\\\/\\\/schema.org\",\"@graph\":[{\"@type\":\"Article\",\"@id\":\"https:\\\/\\\/www.meydan.tv\\\/az\\\/article\\\/blinken-eliyev-ve-pasinyanin-gorusu-neler-muzakire-olunub\\\/#article\",\"isPartOf\":{\"@id\":\"https:\\\/\\\/www.meydan.tv\\\/az\\\/article\\\/blinken-eliyev-ve-pasinyanin-gorusu-neler-muzakire-olunub\\\/\"},\"author\":{\"name\":\"elli\",\"@id\":\"https:\\\/\\\/www.meydan.tv\\\/az\\\/#\\\/schema\\\/person\\\/9cdbecf90d17180ce1dfbd95b08dcf47\"},\"headline\":\"Blinken, \u018fliyev v\u0259 Pa\u015finyan\u0131n g\u00f6r\u00fc\u015f\u00fc: n\u0259l\u0259r m\u00fczakir\u0259 olunub?\",\"datePublished\":\"2023-02-18T17:00:08+00:00\",\"dateModified\":\"2023-02-18T17:04:33+00:00\",\"mainEntityOfPage\":{\"@id\":\"https:\\\/\\\/www.meydan.tv\\\/az\\\/article\\\/blinken-eliyev-ve-pasinyanin-gorusu-neler-muzakire-olunub\\\/\"},\"wordCount\":852,\"publisher\":{\"@id\":\"https:\\\/\\\/www.meydan.tv\\\/az\\\/#organization\"},\"image\":{\"@id\":\"https:\\\/\\\/www.meydan.tv\\\/az\\\/article\\\/blinken-eliyev-ve-pasinyanin-gorusu-neler-muzakire-olunub\\\/#primaryimage\"},\"thumbnailUrl\":\"https:\\\/\\\/www.meydan.tv\\\/wp-content\\\/uploads\\\/16767260083013342111_1000x669.jpg\",\"articleSection\":[\"Siyas\u0259t\",\"T\u00f6vsiy\u0259\",\"X\u0259b\u0259rl\u0259r\"],\"inLanguage\":\"az\"},{\"@type\":\"WebPage\",\"@id\":\"https:\\\/\\\/www.meydan.tv\\\/az\\\/article\\\/blinken-eliyev-ve-pasinyanin-gorusu-neler-muzakire-olunub\\\/\",\"url\":\"https:\\\/\\\/www.meydan.tv\\\/az\\\/article\\\/blinken-eliyev-ve-pasinyanin-gorusu-neler-muzakire-olunub\\\/\",\"name\":\"Blinken, \u018fliyev v\u0259 Pa\u015finyan\u0131n g\u00f6r\u00fc\u015f\u00fc: n\u0259l\u0259r m\u00fczakir\u0259 olunub? - MEYDAN.TV\",\"isPartOf\":{\"@id\":\"https:\\\/\\\/www.meydan.tv\\\/az\\\/#website\"},\"primaryImageOfPage\":{\"@id\":\"https:\\\/\\\/www.meydan.tv\\\/az\\\/article\\\/blinken-eliyev-ve-pasinyanin-gorusu-neler-muzakire-olunub\\\/#primaryimage\"},\"image\":{\"@id\":\"https:\\\/\\\/www.meydan.tv\\\/az\\\/article\\\/blinken-eliyev-ve-pasinyanin-gorusu-neler-muzakire-olunub\\\/#primaryimage\"},\"thumbnailUrl\":\"https:\\\/\\\/www.meydan.tv\\\/wp-content\\\/uploads\\\/16767260083013342111_1000x669.jpg\",\"datePublished\":\"2023-02-18T17:00:08+00:00\",\"dateModified\":\"2023-02-18T17:04:33+00:00\",\"breadcrumb\":{\"@id\":\"https:\\\/\\\/www.meydan.tv\\\/az\\\/article\\\/blinken-eliyev-ve-pasinyanin-gorusu-neler-muzakire-olunub\\\/#breadcrumb\"},\"inLanguage\":\"az\",\"potentialAction\":[{\"@type\":\"ReadAction\",\"target\":[\"https:\\\/\\\/www.meydan.tv\\\/az\\\/article\\\/blinken-eliyev-ve-pasinyanin-gorusu-neler-muzakire-olunub\\\/\"]}]},{\"@type\":\"ImageObject\",\"inLanguage\":\"az\",\"@id\":\"https:\\\/\\\/www.meydan.tv\\\/az\\\/article\\\/blinken-eliyev-ve-pasinyanin-gorusu-neler-muzakire-olunub\\\/#primaryimage\",\"url\":\"https:\\\/\\\/www.meydan.tv\\\/wp-content\\\/uploads\\\/16767260083013342111_1000x669.jpg\",\"contentUrl\":\"https:\\\/\\\/www.meydan.tv\\\/wp-content\\\/uploads\\\/16767260083013342111_1000x669.jpg\",\"width\":1000,\"height\":568,\"caption\":\"Foto: \\\"president.az\\\"\"},{\"@type\":\"BreadcrumbList\",\"@id\":\"https:\\\/\\\/www.meydan.tv\\\/az\\\/article\\\/blinken-eliyev-ve-pasinyanin-gorusu-neler-muzakire-olunub\\\/#breadcrumb\",\"itemListElement\":[{\"@type\":\"ListItem\",\"position\":1,\"name\":\"Ana s\u0259hif\u0259\",\"item\":\"https:\\\/\\\/www.meydan.tv\\\/az\\\/\"},{\"@type\":\"ListItem\",\"position\":2,\"name\":\"Siyas\u0259t\",\"item\":\"https:\\\/\\\/www.meydan.tv\\\/az\\\/section\\\/siyaset\\\/\"},{\"@type\":\"ListItem\",\"position\":3,\"name\":\"Blinken, \u018fliyev v\u0259 Pa\u015finyan\u0131n g\u00f6r\u00fc\u015f\u00fc: n\u0259l\u0259r m\u00fczakir\u0259 olunub?\"}]},{\"@type\":\"WebSite\",\"@id\":\"https:\\\/\\\/www.meydan.tv\\\/az\\\/#website\",\"url\":\"https:\\\/\\\/www.meydan.tv\\\/az\\\/\",\"name\":\"MEYDAN.TV\",\"description\":\"Meydan TV Az\u0259rbaycan\u0131n media m\u0259kan\u0131ndak\u0131 alternativ s\u0259sidir\",\"publisher\":{\"@id\":\"https:\\\/\\\/www.meydan.tv\\\/az\\\/#organization\"},\"potentialAction\":[{\"@type\":\"SearchAction\",\"target\":{\"@type\":\"EntryPoint\",\"urlTemplate\":\"https:\\\/\\\/www.meydan.tv\\\/az\\\/?s={search_term_string}\"},\"query-input\":{\"@type\":\"PropertyValueSpecification\",\"valueRequired\":true,\"valueName\":\"search_term_string\"}}],\"inLanguage\":\"az\"},{\"@type\":\"Organization\",\"@id\":\"https:\\\/\\\/www.meydan.tv\\\/az\\\/#organization\",\"name\":\"Meydan TV\",\"url\":\"https:\\\/\\\/www.meydan.tv\\\/az\\\/\",\"logo\":{\"@type\":\"ImageObject\",\"inLanguage\":\"az\",\"@id\":\"https:\\\/\\\/www.meydan.tv\\\/az\\\/#\\\/schema\\\/logo\\\/image\\\/\",\"url\":\"https:\\\/\\\/www.meydan.tv\\\/wp-content\\\/uploads\\\/2021\\\/07\\\/meydan-logo.svg\",\"contentUrl\":\"https:\\\/\\\/www.meydan.tv\\\/wp-content\\\/uploads\\\/2021\\\/07\\\/meydan-logo.svg\",\"width\":195,\"height\":46,\"caption\":\"Meydan TV\"},\"image\":{\"@id\":\"https:\\\/\\\/www.meydan.tv\\\/az\\\/#\\\/schema\\\/logo\\\/image\\\/\"}},{\"@type\":\"Person\",\"@id\":\"https:\\\/\\\/www.meydan.tv\\\/az\\\/#\\\/schema\\\/person\\\/9cdbecf90d17180ce1dfbd95b08dcf47\",\"name\":\"elli\",\"sameAs\":[\"https:\\\/\\\/x.com\\\/elli\"]}]}<\/script>\n<!-- \/ Yoast SEO plugin. -->","yoast_head_json":{"title":"Blinken, \u018fliyev v\u0259 Pa\u015finyan\u0131n g\u00f6r\u00fc\u015f\u00fc: n\u0259l\u0259r m\u00fczakir\u0259 olunub? - MEYDAN.TV","robots":{"index":"index","follow":"follow","max-snippet":"max-snippet:-1","max-image-preview":"max-image-preview:large","max-video-preview":"max-video-preview:-1"},"canonical":"https:\/\/www.meydan.tv\/az\/article\/blinken-eliyev-ve-pasinyanin-gorusu-neler-muzakire-olunub\/","og_locale":"az_AZ","og_type":"article","og_title":"Blinken, \u018fliyev v\u0259 Pa\u015finyan\u0131n g\u00f6r\u00fc\u015f\u00fc: n\u0259l\u0259r m\u00fczakir\u0259 olunub? - MEYDAN.TV","og_description":"\u0130lham \u018fliyev detallar\u0131 a\u00e7\u0131qlay\u0131b &#8220;\u0130lk bax\u0131\u015fda Erm\u0259nistan\u0131n m\u00f6vqeyind\u0259 t\u0259r\u0259qqi var, ... Davam\u0131","og_url":"https:\/\/www.meydan.tv\/az\/article\/blinken-eliyev-ve-pasinyanin-gorusu-neler-muzakire-olunub\/","og_site_name":"MEYDAN.TV","article_published_time":"2023-02-18T17:00:08+00:00","article_modified_time":"2023-02-18T17:04:33+00:00","og_image":[{"width":1000,"height":568,"url":"https:\/\/www.meydan.tv\/wp-content\/uploads\/16767260083013342111_1000x669.jpg","type":"image\/jpeg"}],"author":"elli","twitter_card":"summary_large_image","twitter_creator":"@elli","schema":{"@context":"https:\/\/schema.org","@graph":[{"@type":"Article","@id":"https:\/\/www.meydan.tv\/az\/article\/blinken-eliyev-ve-pasinyanin-gorusu-neler-muzakire-olunub\/#article","isPartOf":{"@id":"https:\/\/www.meydan.tv\/az\/article\/blinken-eliyev-ve-pasinyanin-gorusu-neler-muzakire-olunub\/"},"author":{"name":"elli","@id":"https:\/\/www.meydan.tv\/az\/#\/schema\/person\/9cdbecf90d17180ce1dfbd95b08dcf47"},"headline":"Blinken, \u018fliyev v\u0259 Pa\u015finyan\u0131n g\u00f6r\u00fc\u015f\u00fc: n\u0259l\u0259r m\u00fczakir\u0259 olunub?","datePublished":"2023-02-18T17:00:08+00:00","dateModified":"2023-02-18T17:04:33+00:00","mainEntityOfPage":{"@id":"https:\/\/www.meydan.tv\/az\/article\/blinken-eliyev-ve-pasinyanin-gorusu-neler-muzakire-olunub\/"},"wordCount":852,"publisher":{"@id":"https:\/\/www.meydan.tv\/az\/#organization"},"image":{"@id":"https:\/\/www.meydan.tv\/az\/article\/blinken-eliyev-ve-pasinyanin-gorusu-neler-muzakire-olunub\/#primaryimage"},"thumbnailUrl":"https:\/\/www.meydan.tv\/wp-content\/uploads\/16767260083013342111_1000x669.jpg","articleSection":["Siyas\u0259t","T\u00f6vsiy\u0259","X\u0259b\u0259rl\u0259r"],"inLanguage":"az"},{"@type":"WebPage","@id":"https:\/\/www.meydan.tv\/az\/article\/blinken-eliyev-ve-pasinyanin-gorusu-neler-muzakire-olunub\/","url":"https:\/\/www.meydan.tv\/az\/article\/blinken-eliyev-ve-pasinyanin-gorusu-neler-muzakire-olunub\/","name":"Blinken, \u018fliyev v\u0259 Pa\u015finyan\u0131n g\u00f6r\u00fc\u015f\u00fc: n\u0259l\u0259r m\u00fczakir\u0259 olunub? - MEYDAN.TV","isPartOf":{"@id":"https:\/\/www.meydan.tv\/az\/#website"},"primaryImageOfPage":{"@id":"https:\/\/www.meydan.tv\/az\/article\/blinken-eliyev-ve-pasinyanin-gorusu-neler-muzakire-olunub\/#primaryimage"},"image":{"@id":"https:\/\/www.meydan.tv\/az\/article\/blinken-eliyev-ve-pasinyanin-gorusu-neler-muzakire-olunub\/#primaryimage"},"thumbnailUrl":"https:\/\/www.meydan.tv\/wp-content\/uploads\/16767260083013342111_1000x669.jpg","datePublished":"2023-02-18T17:00:08+00:00","dateModified":"2023-02-18T17:04:33+00:00","breadcrumb":{"@id":"https:\/\/www.meydan.tv\/az\/article\/blinken-eliyev-ve-pasinyanin-gorusu-neler-muzakire-olunub\/#breadcrumb"},"inLanguage":"az","potentialAction":[{"@type":"ReadAction","target":["https:\/\/www.meydan.tv\/az\/article\/blinken-eliyev-ve-pasinyanin-gorusu-neler-muzakire-olunub\/"]}]},{"@type":"ImageObject","inLanguage":"az","@id":"https:\/\/www.meydan.tv\/az\/article\/blinken-eliyev-ve-pasinyanin-gorusu-neler-muzakire-olunub\/#primaryimage","url":"https:\/\/www.meydan.tv\/wp-content\/uploads\/16767260083013342111_1000x669.jpg","contentUrl":"https:\/\/www.meydan.tv\/wp-content\/uploads\/16767260083013342111_1000x669.jpg","width":1000,"height":568,"caption":"Foto: \"president.az\""},{"@type":"BreadcrumbList","@id":"https:\/\/www.meydan.tv\/az\/article\/blinken-eliyev-ve-pasinyanin-gorusu-neler-muzakire-olunub\/#breadcrumb","itemListElement":[{"@type":"ListItem","position":1,"name":"Ana s\u0259hif\u0259","item":"https:\/\/www.meydan.tv\/az\/"},{"@type":"ListItem","position":2,"name":"Siyas\u0259t","item":"https:\/\/www.meydan.tv\/az\/section\/siyaset\/"},{"@type":"ListItem","position":3,"name":"Blinken, \u018fliyev v\u0259 Pa\u015finyan\u0131n g\u00f6r\u00fc\u015f\u00fc: n\u0259l\u0259r m\u00fczakir\u0259 olunub?"}]},{"@type":"WebSite","@id":"https:\/\/www.meydan.tv\/az\/#website","url":"https:\/\/www.meydan.tv\/az\/","name":"MEYDAN.TV","description":"Meydan TV Az\u0259rbaycan\u0131n media m\u0259kan\u0131ndak\u0131 alternativ s\u0259sidir","publisher":{"@id":"https:\/\/www.meydan.tv\/az\/#organization"},"potentialAction":[{"@type":"SearchAction","target":{"@type":"EntryPoint","urlTemplate":"https:\/\/www.meydan.tv\/az\/?s={search_term_string}"},"query-input":{"@type":"PropertyValueSpecification","valueRequired":true,"valueName":"search_term_string"}}],"inLanguage":"az"},{"@type":"Organization","@id":"https:\/\/www.meydan.tv\/az\/#organization","name":"Meydan TV","url":"https:\/\/www.meydan.tv\/az\/","logo":{"@type":"ImageObject","inLanguage":"az","@id":"https:\/\/www.meydan.tv\/az\/#\/schema\/logo\/image\/","url":"https:\/\/www.meydan.tv\/wp-content\/uploads\/2021\/07\/meydan-logo.svg","contentUrl":"https:\/\/www.meydan.tv\/wp-content\/uploads\/2021\/07\/meydan-logo.svg","width":195,"height":46,"caption":"Meydan TV"},"image":{"@id":"https:\/\/www.meydan.tv\/az\/#\/schema\/logo\/image\/"}},{"@type":"Person","@id":"https:\/\/www.meydan.tv\/az\/#\/schema\/person\/9cdbecf90d17180ce1dfbd95b08dcf47","name":"elli","sameAs":["https:\/\/x.com\/elli"]}]}},"_links":{"self":[{"href":"https:\/\/www.meydan.tv\/az\/wp-json\/wp\/v2\/posts\/268791","targetHints":{"allow":["GET"]}}],"collection":[{"href":"https:\/\/www.meydan.tv\/az\/wp-json\/wp\/v2\/posts"}],"about":[{"href":"https:\/\/www.meydan.tv\/az\/wp-json\/wp\/v2\/types\/post"}],"author":[{"embeddable":true,"href":"https:\/\/www.meydan.tv\/az\/wp-json\/wp\/v2\/users\/8"}],"replies":[{"embeddable":true,"href":"https:\/\/www.meydan.tv\/az\/wp-json\/wp\/v2\/comments?post=268791"}],"version-history":[{"count":3,"href":"https:\/\/www.meydan.tv\/az\/wp-json\/wp\/v2\/posts\/268791\/revisions"}],"predecessor-version":[{"id":268794,"href":"https:\/\/www.meydan.tv\/az\/wp-json\/wp\/v2\/posts\/268791\/revisions\/268794"}],"wp:featuredmedia":[{"embeddable":true,"href":"https:\/\/www.meydan.tv\/az\/wp-json\/wp\/v2\/media\/268788"}],"wp:attachment":[{"href":"https:\/\/www.meydan.tv\/az\/wp-json\/wp\/v2\/media?parent=268791"}],"wp:term":[{"taxonomy":"category","embeddable":true,"href":"https:\/\/www.meydan.tv\/az\/wp-json\/wp\/v2\/categories?post=268791"},{"taxonomy":"post_tag","embeddable":true,"href":"https:\/\/www.meydan.tv\/az\/wp-json\/wp\/v2\/tags?post=268791"}],"curies":[{"name":"wp","href":"https:\/\/api.w.org\/{rel}","templated":true}]}}