{"id":268749,"date":"2023-02-17T15:25:28","date_gmt":"2023-02-17T11:25:28","guid":{"rendered":"https:\/\/www.meydan.tv\/?p=268749"},"modified":"2023-02-17T15:25:33","modified_gmt":"2023-02-17T11:25:33","slug":"tarkan-turkiyedeki-zelzeleye-gore-hakimiyyeti-gunahlandirdi","status":"publish","type":"post","link":"https:\/\/www.meydan.tv\/az\/article\/tarkan-turkiyedeki-zelzeleye-gore-hakimiyyeti-gunahlandirdi\/","title":{"rendered":"<strong>Tarkan T\u00fcrkiy\u0259d\u0259ki z\u0259lz\u0259l\u0259y\u0259 g\u00f6r\u0259 hakimiyy\u0259ti g\u00fcnahland\u0131rd\u0131<\/strong>"},"content":{"rendered":"\n<p><\/p>\n\n\n\n<p><em>&#8220;\u018fvv\u0259lc\u0259d\u0259n laz\u0131mi t\u0259dbirl\u0259r g\u00f6rs\u0259ydil\u0259r&#8230;&#8221;<\/em><\/p>\n\n\n\n<p>\u201c\u00d6lk\u0259 s\u0259lahiyy\u0259tlil\u0259ri aliml\u0259rin x\u0259b\u0259rdarl\u0131\u011f\u0131na \u0259m\u0259l edib \u0259vv\u0259lc\u0259d\u0259n laz\u0131mi t\u0259dbirl\u0259r g\u00f6rs\u0259ydil\u0259r, z\u0259l\u0259z\u0259l\u0259 n\u0259tic\u0259sind\u0259 ba\u015f ver\u0259n da\u011f\u0131nt\u0131lar\u0131n miqyas\u0131 da bu q\u0259d\u0259r olmazd\u0131\u201d.<\/p>\n\n\n\n<p>T\u00fcrkiy\u0259li m\u00fc\u011f\u0259nni Tarkan Teveto\u011flu \u201c\u0130nstagram\u201d s\u0259hif\u0259sind\u0259 bel\u0259 <a href=\"https:\/\/www.instagram.com\/p\/Cor1KwKNGDU\/\" target=\"_blank\" rel=\"noreferrer noopener\">yaz\u0131b.<\/a><\/p>\n\n\n\n<p>T\u00fcrkiy\u0259d\u0259 ba\u015f ver\u0259n z\u0259lz\u0259l\u0259nin ilk g\u00fcn\u00fcnd\u0259 Z\u0259lz\u0259l\u0259d\u0259n Yard\u0131m Fonduna bir milyon lir\u0259 k\u00f6\u00e7\u00fcr\u0259n m\u00fc\u011f\u0259nni g\u00fcnl\u0259r sonra s\u0259ssizliyini pozub.<\/p>\n\n\n\n<p>O, ba\u015f ver\u0259nl\u0259rd\u0259 hakimiyy\u0259ti g\u00fcnahland\u0131r\u0131b.<\/p>\n\n\n\n<p>\u201cS\u0259hl\u0259nkarl\u0131\u011f\u0131n \u0259v\u0259zini bu mill\u0259t yen\u0259 can\u0131 il\u0259 \u00f6d\u0259m\u0259li oldu. Ham\u0131m\u0131z\u0131n bir \u00fcr\u0259y\u0259 \u00e7evrildiyi bir vaxtda, axtar\u0131\u015f-xilasetm\u0259 qruplar\u0131, qeyri-h\u00f6kum\u0259t t\u0259\u015fkilatlar\u0131, sad\u0259 v\u0259t\u0259nda\u015flar g\u00fcnl\u0259rl\u0259 m\u00fcbariz\u0259 aparark\u0259n, hakimiyy\u0259td\u0259n he\u00e7 kim s\u0259mimi bir k\u0259d\u0259rl\u0259, vicdanla s\u0259hl\u0259nkarl\u0131qlar\u0131n\u0131, x\u0259talar\u0131n\u0131n n\u0259tic\u0259sini q\u0259bul etm\u0259di. \u018fksin\u0259, minl\u0259rl\u0259 insan\u0131n \u00f6l\u00fcm\u00fcn\u0259 s\u0259b\u0259b olanlar\u0131 deyil, yard\u0131ma qa\u00e7anlar\u0131 qurbana \u00e7evirirl\u0259r. Mill\u0259timiz bu m\u00fcnasib\u0259t\u0259 layiq deyil\u201d, &#8211; m\u00fc\u011f\u0259nni bildirib.<\/p>\n\n\n\n<p>Tarkan son ill\u0259r m\u00fcxalif a\u00e7\u0131qlamalar\u0131 v\u0259 payla\u015f\u0131mlar\u0131 il\u0259 g\u00fcnd\u0259m\u0259 g\u0259lir.<\/p>\n\n\n\n<p>2022-ci il fevral\u0131n 22-d\u0259 \u201cGe\u00e7\u00e7ek\u201d adl\u0131 klipini t\u0259qdim ed\u0259n ifa\u00e7\u0131 mahn\u0131n\u0131n pandemiyaya, 2021-ci ilin iyul-avqust aylar\u0131nda T\u00fcrkiy\u0259d\u0259ki me\u015f\u0259 yan\u011f\u0131nlar\u0131na, \u00fcmumilikd\u0259, son bir ne\u00e7\u0259 ild\u0259 d\u00fcnyada ba\u015f ver\u0259n hadis\u0259l\u0259r\u0259 h\u0259sr etdiyini demi\u015fdi.<\/p>\n\n\n\n<p>\u0130fa\u00e7\u0131n\u0131n klipi geni\u015f m\u00fczakir\u0259l\u0259r\u0259 s\u0259b\u0259b olmu\u015fdu. H\u0259tta T\u00fcrkiy\u0259nin hakim \u018fdal\u0259t v\u0259 \u0130nki\u015faf Partiyas\u0131 (AKP) da mahn\u0131ya reaksiya vermi\u015fdi.<\/p>\n\n\n\n<p>Partiyan\u0131n \u0130stanbul \u015f\u00f6b\u0259sinin ba\u015f\u00e7\u0131 k\u00f6m\u0259k\u00e7isi H\u0259lim\u0259 K\u00f6k\u00e7\u0259 \u201ctwitter\u201d hesab\u0131nda \u201cM\u00fcxalif\u0259t olduqlar\u0131n\u0131 z\u0259nn ets\u0259l\u0259r d\u0259, tutduqlar\u0131 m\u00f6vqenin \u018frdo\u011fana se\u00e7kid\u0259 z\u0259man\u0259t ver\u0259c\u0259yini g\u00f6rm\u0259y\u0259c\u0259k q\u0259d\u0259r kordurlar\u201d, \u2013 yazm\u0131\u015fd\u0131.<\/p>\n\n\n\n<p>Fevral\u0131n 16-da episentri T\u00fcrkiy\u0259nin Kahramanmara\u015f \u015f\u0259h\u0259ri olan iki z\u0259lz\u0259l\u0259d\u0259 \u00f6l\u0259nl\u0259rin say\u0131 38 min 44-\u0259 y\u00fcks\u0259lib.<\/p>\n\n\n\n<p>108 min 68 n\u0259f\u0259rin is\u0259 yaraland\u0131\u011f\u0131 deyilir.<\/p>\n\n\n\n<p>Z\u0259lz\u0259l\u0259nin t\u0259sir etdiyi 10 \u015f\u0259h\u0259rd\u0259 \u0259n az\u0131 61 722 bina da\u011f\u0131nt\u0131dan z\u0259r\u0259r \u00e7\u0259kib.<\/p>\n\n\n\n<p>\u0130ndiy\u0259d\u0259k 481 min 865 bina v\u0259 2 milyon 196 min 88 m\u00fcst\u0259qil tikilinin (ev, ma\u011faza v\u0259 s.) v\u0259ziyy\u0259ti qiym\u0259tl\u0259ndirilib.<\/p>\n\n\n\n<p>\u00dcmumilikd\u0259 61 min 722 bina, 263 min 800 m\u00fcst\u0259qil tikilinin a\u011f\u0131r ziyan g\u00f6rd\u00fcy\u00fc v\u0259 ya da\u011f\u0131ld\u0131\u011f\u0131 a\u00e7\u0131qlan\u0131b.<\/p>\n\n\n\n<p>13 min 917 bina, 86 min 673 m\u00fcst\u0259qil tikili is\u0259 orta d\u0259r\u0259c\u0259d\u0259 z\u0259d\u0259l\u0259nib.<\/p>\n","protected":false},"excerpt":{"rendered":"<p>&#8220;\u018fvv\u0259lc\u0259d\u0259n laz\u0131mi t\u0259dbirl\u0259r g\u00f6rs\u0259ydil\u0259r&#8230;&#8221; \u201c\u00d6lk\u0259 s\u0259lahiyy\u0259tlil\u0259ri aliml\u0259rin x\u0259b\u0259rdarl\u0131\u011f\u0131na \u0259m\u0259l edib &#8230; <\/p>\n<p class=\"read-more-container\"><a title=\"Tarkan T\u00fcrkiy\u0259d\u0259ki z\u0259lz\u0259l\u0259y\u0259 g\u00f6r\u0259 hakimiyy\u0259ti g\u00fcnahland\u0131rd\u0131\" class=\"read-more button\" href=\"https:\/\/www.meydan.tv\/az\/article\/tarkan-turkiyedeki-zelzeleye-gore-hakimiyyeti-gunahlandirdi\/#more-268749\" aria-label=\"Read more about Tarkan T\u00fcrkiy\u0259d\u0259ki z\u0259lz\u0259l\u0259y\u0259 g\u00f6r\u0259 hakimiyy\u0259ti g\u00fcnahland\u0131rd\u0131\">Davam\u0131<\/a><\/p>\n","protected":false},"author":8,"featured_media":234969,"comment_status":"closed","ping_status":"closed","sticky":false,"template":"","format":"standard","meta":{"_acf_changed":false,"_sitemap_exclude":false,"_sitemap_priority":"","_sitemap_frequency":"","footnotes":""},"categories":[52,56],"tags":[],"class_list":["post-268749","post","type-post","status-publish","format-standard","has-post-thumbnail","hentry","category-medeniyyet","category-xeberler","infinite-scroll-item","generate-columns","tablet-grid-50","mobile-grid-100","grid-parent","grid-33","no-featured-image-padding"],"acf":[],"yoast_head":"<!-- This site is optimized with the Yoast SEO plugin v27.4 - https:\/\/yoast.com\/product\/yoast-seo-wordpress\/ -->\n<title>Tarkan T\u00fcrkiy\u0259d\u0259ki z\u0259lz\u0259l\u0259y\u0259 g\u00f6r\u0259 hakimiyy\u0259ti g\u00fcnahland\u0131rd\u0131 - MEYDAN.TV<\/title>\n<meta name=\"robots\" content=\"index, follow, max-snippet:-1, max-image-preview:large, max-video-preview:-1\" \/>\n<link rel=\"canonical\" href=\"https:\/\/www.meydan.tv\/az\/article\/tarkan-turkiyedeki-zelzeleye-gore-hakimiyyeti-gunahlandirdi\/\" \/>\n<meta property=\"og:locale\" content=\"az_AZ\" \/>\n<meta property=\"og:type\" content=\"article\" \/>\n<meta property=\"og:title\" content=\"Tarkan T\u00fcrkiy\u0259d\u0259ki z\u0259lz\u0259l\u0259y\u0259 g\u00f6r\u0259 hakimiyy\u0259ti g\u00fcnahland\u0131rd\u0131 - MEYDAN.TV\" \/>\n<meta property=\"og:description\" content=\"&#8220;\u018fvv\u0259lc\u0259d\u0259n laz\u0131mi t\u0259dbirl\u0259r g\u00f6rs\u0259ydil\u0259r&#8230;&#8221; \u201c\u00d6lk\u0259 s\u0259lahiyy\u0259tlil\u0259ri aliml\u0259rin x\u0259b\u0259rdarl\u0131\u011f\u0131na \u0259m\u0259l edib ... Davam\u0131\" \/>\n<meta property=\"og:url\" content=\"https:\/\/www.meydan.tv\/az\/article\/tarkan-turkiyedeki-zelzeleye-gore-hakimiyyeti-gunahlandirdi\/\" \/>\n<meta property=\"og:site_name\" content=\"MEYDAN.TV\" \/>\n<meta property=\"article:published_time\" content=\"2023-02-17T11:25:28+00:00\" \/>\n<meta property=\"article:modified_time\" content=\"2023-02-17T11:25:33+00:00\" \/>\n<meta property=\"og:image\" content=\"https:\/\/www.meydan.tv\/wp-content\/uploads\/tarkan-in-yeni-sarkisi-geccek-cikti-981960-5.jpg\" \/>\n\t<meta property=\"og:image:width\" content=\"1200\" \/>\n\t<meta property=\"og:image:height\" content=\"666\" \/>\n\t<meta property=\"og:image:type\" content=\"image\/jpeg\" \/>\n<meta name=\"author\" content=\"elli\" \/>\n<meta name=\"twitter:card\" content=\"summary_large_image\" \/>\n<meta name=\"twitter:creator\" content=\"@elli\" \/>\n<script type=\"application\/ld+json\" class=\"yoast-schema-graph\">{\"@context\":\"https:\\\/\\\/schema.org\",\"@graph\":[{\"@type\":\"Article\",\"@id\":\"https:\\\/\\\/www.meydan.tv\\\/az\\\/article\\\/tarkan-turkiyedeki-zelzeleye-gore-hakimiyyeti-gunahlandirdi\\\/#article\",\"isPartOf\":{\"@id\":\"https:\\\/\\\/www.meydan.tv\\\/az\\\/article\\\/tarkan-turkiyedeki-zelzeleye-gore-hakimiyyeti-gunahlandirdi\\\/\"},\"author\":{\"name\":\"elli\",\"@id\":\"https:\\\/\\\/www.meydan.tv\\\/az\\\/#\\\/schema\\\/person\\\/9cdbecf90d17180ce1dfbd95b08dcf47\"},\"headline\":\"Tarkan T\u00fcrkiy\u0259d\u0259ki z\u0259lz\u0259l\u0259y\u0259 g\u00f6r\u0259 hakimiyy\u0259ti g\u00fcnahland\u0131rd\u0131\",\"datePublished\":\"2023-02-17T11:25:28+00:00\",\"dateModified\":\"2023-02-17T11:25:33+00:00\",\"mainEntityOfPage\":{\"@id\":\"https:\\\/\\\/www.meydan.tv\\\/az\\\/article\\\/tarkan-turkiyedeki-zelzeleye-gore-hakimiyyeti-gunahlandirdi\\\/\"},\"wordCount\":509,\"publisher\":{\"@id\":\"https:\\\/\\\/www.meydan.tv\\\/az\\\/#organization\"},\"image\":{\"@id\":\"https:\\\/\\\/www.meydan.tv\\\/az\\\/article\\\/tarkan-turkiyedeki-zelzeleye-gore-hakimiyyeti-gunahlandirdi\\\/#primaryimage\"},\"thumbnailUrl\":\"https:\\\/\\\/www.meydan.tv\\\/wp-content\\\/uploads\\\/tarkan-in-yeni-sarkisi-geccek-cikti-981960-5.jpg\",\"articleSection\":[\"M\u0259d\u0259niyy\u0259t\",\"X\u0259b\u0259rl\u0259r\"],\"inLanguage\":\"az\"},{\"@type\":\"WebPage\",\"@id\":\"https:\\\/\\\/www.meydan.tv\\\/az\\\/article\\\/tarkan-turkiyedeki-zelzeleye-gore-hakimiyyeti-gunahlandirdi\\\/\",\"url\":\"https:\\\/\\\/www.meydan.tv\\\/az\\\/article\\\/tarkan-turkiyedeki-zelzeleye-gore-hakimiyyeti-gunahlandirdi\\\/\",\"name\":\"Tarkan T\u00fcrkiy\u0259d\u0259ki z\u0259lz\u0259l\u0259y\u0259 g\u00f6r\u0259 hakimiyy\u0259ti g\u00fcnahland\u0131rd\u0131 - MEYDAN.TV\",\"isPartOf\":{\"@id\":\"https:\\\/\\\/www.meydan.tv\\\/az\\\/#website\"},\"primaryImageOfPage\":{\"@id\":\"https:\\\/\\\/www.meydan.tv\\\/az\\\/article\\\/tarkan-turkiyedeki-zelzeleye-gore-hakimiyyeti-gunahlandirdi\\\/#primaryimage\"},\"image\":{\"@id\":\"https:\\\/\\\/www.meydan.tv\\\/az\\\/article\\\/tarkan-turkiyedeki-zelzeleye-gore-hakimiyyeti-gunahlandirdi\\\/#primaryimage\"},\"thumbnailUrl\":\"https:\\\/\\\/www.meydan.tv\\\/wp-content\\\/uploads\\\/tarkan-in-yeni-sarkisi-geccek-cikti-981960-5.jpg\",\"datePublished\":\"2023-02-17T11:25:28+00:00\",\"dateModified\":\"2023-02-17T11:25:33+00:00\",\"breadcrumb\":{\"@id\":\"https:\\\/\\\/www.meydan.tv\\\/az\\\/article\\\/tarkan-turkiyedeki-zelzeleye-gore-hakimiyyeti-gunahlandirdi\\\/#breadcrumb\"},\"inLanguage\":\"az\",\"potentialAction\":[{\"@type\":\"ReadAction\",\"target\":[\"https:\\\/\\\/www.meydan.tv\\\/az\\\/article\\\/tarkan-turkiyedeki-zelzeleye-gore-hakimiyyeti-gunahlandirdi\\\/\"]}]},{\"@type\":\"ImageObject\",\"inLanguage\":\"az\",\"@id\":\"https:\\\/\\\/www.meydan.tv\\\/az\\\/article\\\/tarkan-turkiyedeki-zelzeleye-gore-hakimiyyeti-gunahlandirdi\\\/#primaryimage\",\"url\":\"https:\\\/\\\/www.meydan.tv\\\/wp-content\\\/uploads\\\/tarkan-in-yeni-sarkisi-geccek-cikti-981960-5.jpg\",\"contentUrl\":\"https:\\\/\\\/www.meydan.tv\\\/wp-content\\\/uploads\\\/tarkan-in-yeni-sarkisi-geccek-cikti-981960-5.jpg\",\"width\":1200,\"height\":666,\"caption\":\"M\u0259nb\u0259: https:\\\/\\\/www.birgun.net\\\/\"},{\"@type\":\"BreadcrumbList\",\"@id\":\"https:\\\/\\\/www.meydan.tv\\\/az\\\/article\\\/tarkan-turkiyedeki-zelzeleye-gore-hakimiyyeti-gunahlandirdi\\\/#breadcrumb\",\"itemListElement\":[{\"@type\":\"ListItem\",\"position\":1,\"name\":\"Ana s\u0259hif\u0259\",\"item\":\"https:\\\/\\\/www.meydan.tv\\\/az\\\/\"},{\"@type\":\"ListItem\",\"position\":2,\"name\":\"M\u0259d\u0259niyy\u0259t\",\"item\":\"https:\\\/\\\/www.meydan.tv\\\/az\\\/section\\\/medeniyyet\\\/\"},{\"@type\":\"ListItem\",\"position\":3,\"name\":\"Tarkan T\u00fcrkiy\u0259d\u0259ki z\u0259lz\u0259l\u0259y\u0259 g\u00f6r\u0259 hakimiyy\u0259ti g\u00fcnahland\u0131rd\u0131\"}]},{\"@type\":\"WebSite\",\"@id\":\"https:\\\/\\\/www.meydan.tv\\\/az\\\/#website\",\"url\":\"https:\\\/\\\/www.meydan.tv\\\/az\\\/\",\"name\":\"MEYDAN.TV\",\"description\":\"Meydan TV Az\u0259rbaycan\u0131n media m\u0259kan\u0131ndak\u0131 alternativ s\u0259sidir\",\"publisher\":{\"@id\":\"https:\\\/\\\/www.meydan.tv\\\/az\\\/#organization\"},\"potentialAction\":[{\"@type\":\"SearchAction\",\"target\":{\"@type\":\"EntryPoint\",\"urlTemplate\":\"https:\\\/\\\/www.meydan.tv\\\/az\\\/?s={search_term_string}\"},\"query-input\":{\"@type\":\"PropertyValueSpecification\",\"valueRequired\":true,\"valueName\":\"search_term_string\"}}],\"inLanguage\":\"az\"},{\"@type\":\"Organization\",\"@id\":\"https:\\\/\\\/www.meydan.tv\\\/az\\\/#organization\",\"name\":\"Meydan TV\",\"url\":\"https:\\\/\\\/www.meydan.tv\\\/az\\\/\",\"logo\":{\"@type\":\"ImageObject\",\"inLanguage\":\"az\",\"@id\":\"https:\\\/\\\/www.meydan.tv\\\/az\\\/#\\\/schema\\\/logo\\\/image\\\/\",\"url\":\"https:\\\/\\\/www.meydan.tv\\\/wp-content\\\/uploads\\\/2021\\\/07\\\/meydan-logo.svg\",\"contentUrl\":\"https:\\\/\\\/www.meydan.tv\\\/wp-content\\\/uploads\\\/2021\\\/07\\\/meydan-logo.svg\",\"width\":195,\"height\":46,\"caption\":\"Meydan TV\"},\"image\":{\"@id\":\"https:\\\/\\\/www.meydan.tv\\\/az\\\/#\\\/schema\\\/logo\\\/image\\\/\"}},{\"@type\":\"Person\",\"@id\":\"https:\\\/\\\/www.meydan.tv\\\/az\\\/#\\\/schema\\\/person\\\/9cdbecf90d17180ce1dfbd95b08dcf47\",\"name\":\"elli\",\"sameAs\":[\"https:\\\/\\\/x.com\\\/elli\"]}]}<\/script>\n<!-- \/ Yoast SEO plugin. -->","yoast_head_json":{"title":"Tarkan T\u00fcrkiy\u0259d\u0259ki z\u0259lz\u0259l\u0259y\u0259 g\u00f6r\u0259 hakimiyy\u0259ti g\u00fcnahland\u0131rd\u0131 - MEYDAN.TV","robots":{"index":"index","follow":"follow","max-snippet":"max-snippet:-1","max-image-preview":"max-image-preview:large","max-video-preview":"max-video-preview:-1"},"canonical":"https:\/\/www.meydan.tv\/az\/article\/tarkan-turkiyedeki-zelzeleye-gore-hakimiyyeti-gunahlandirdi\/","og_locale":"az_AZ","og_type":"article","og_title":"Tarkan T\u00fcrkiy\u0259d\u0259ki z\u0259lz\u0259l\u0259y\u0259 g\u00f6r\u0259 hakimiyy\u0259ti g\u00fcnahland\u0131rd\u0131 - MEYDAN.TV","og_description":"&#8220;\u018fvv\u0259lc\u0259d\u0259n laz\u0131mi t\u0259dbirl\u0259r g\u00f6rs\u0259ydil\u0259r&#8230;&#8221; \u201c\u00d6lk\u0259 s\u0259lahiyy\u0259tlil\u0259ri aliml\u0259rin x\u0259b\u0259rdarl\u0131\u011f\u0131na \u0259m\u0259l edib ... Davam\u0131","og_url":"https:\/\/www.meydan.tv\/az\/article\/tarkan-turkiyedeki-zelzeleye-gore-hakimiyyeti-gunahlandirdi\/","og_site_name":"MEYDAN.TV","article_published_time":"2023-02-17T11:25:28+00:00","article_modified_time":"2023-02-17T11:25:33+00:00","og_image":[{"width":1200,"height":666,"url":"https:\/\/www.meydan.tv\/wp-content\/uploads\/tarkan-in-yeni-sarkisi-geccek-cikti-981960-5.jpg","type":"image\/jpeg"}],"author":"elli","twitter_card":"summary_large_image","twitter_creator":"@elli","schema":{"@context":"https:\/\/schema.org","@graph":[{"@type":"Article","@id":"https:\/\/www.meydan.tv\/az\/article\/tarkan-turkiyedeki-zelzeleye-gore-hakimiyyeti-gunahlandirdi\/#article","isPartOf":{"@id":"https:\/\/www.meydan.tv\/az\/article\/tarkan-turkiyedeki-zelzeleye-gore-hakimiyyeti-gunahlandirdi\/"},"author":{"name":"elli","@id":"https:\/\/www.meydan.tv\/az\/#\/schema\/person\/9cdbecf90d17180ce1dfbd95b08dcf47"},"headline":"Tarkan T\u00fcrkiy\u0259d\u0259ki z\u0259lz\u0259l\u0259y\u0259 g\u00f6r\u0259 hakimiyy\u0259ti g\u00fcnahland\u0131rd\u0131","datePublished":"2023-02-17T11:25:28+00:00","dateModified":"2023-02-17T11:25:33+00:00","mainEntityOfPage":{"@id":"https:\/\/www.meydan.tv\/az\/article\/tarkan-turkiyedeki-zelzeleye-gore-hakimiyyeti-gunahlandirdi\/"},"wordCount":509,"publisher":{"@id":"https:\/\/www.meydan.tv\/az\/#organization"},"image":{"@id":"https:\/\/www.meydan.tv\/az\/article\/tarkan-turkiyedeki-zelzeleye-gore-hakimiyyeti-gunahlandirdi\/#primaryimage"},"thumbnailUrl":"https:\/\/www.meydan.tv\/wp-content\/uploads\/tarkan-in-yeni-sarkisi-geccek-cikti-981960-5.jpg","articleSection":["M\u0259d\u0259niyy\u0259t","X\u0259b\u0259rl\u0259r"],"inLanguage":"az"},{"@type":"WebPage","@id":"https:\/\/www.meydan.tv\/az\/article\/tarkan-turkiyedeki-zelzeleye-gore-hakimiyyeti-gunahlandirdi\/","url":"https:\/\/www.meydan.tv\/az\/article\/tarkan-turkiyedeki-zelzeleye-gore-hakimiyyeti-gunahlandirdi\/","name":"Tarkan T\u00fcrkiy\u0259d\u0259ki z\u0259lz\u0259l\u0259y\u0259 g\u00f6r\u0259 hakimiyy\u0259ti g\u00fcnahland\u0131rd\u0131 - MEYDAN.TV","isPartOf":{"@id":"https:\/\/www.meydan.tv\/az\/#website"},"primaryImageOfPage":{"@id":"https:\/\/www.meydan.tv\/az\/article\/tarkan-turkiyedeki-zelzeleye-gore-hakimiyyeti-gunahlandirdi\/#primaryimage"},"image":{"@id":"https:\/\/www.meydan.tv\/az\/article\/tarkan-turkiyedeki-zelzeleye-gore-hakimiyyeti-gunahlandirdi\/#primaryimage"},"thumbnailUrl":"https:\/\/www.meydan.tv\/wp-content\/uploads\/tarkan-in-yeni-sarkisi-geccek-cikti-981960-5.jpg","datePublished":"2023-02-17T11:25:28+00:00","dateModified":"2023-02-17T11:25:33+00:00","breadcrumb":{"@id":"https:\/\/www.meydan.tv\/az\/article\/tarkan-turkiyedeki-zelzeleye-gore-hakimiyyeti-gunahlandirdi\/#breadcrumb"},"inLanguage":"az","potentialAction":[{"@type":"ReadAction","target":["https:\/\/www.meydan.tv\/az\/article\/tarkan-turkiyedeki-zelzeleye-gore-hakimiyyeti-gunahlandirdi\/"]}]},{"@type":"ImageObject","inLanguage":"az","@id":"https:\/\/www.meydan.tv\/az\/article\/tarkan-turkiyedeki-zelzeleye-gore-hakimiyyeti-gunahlandirdi\/#primaryimage","url":"https:\/\/www.meydan.tv\/wp-content\/uploads\/tarkan-in-yeni-sarkisi-geccek-cikti-981960-5.jpg","contentUrl":"https:\/\/www.meydan.tv\/wp-content\/uploads\/tarkan-in-yeni-sarkisi-geccek-cikti-981960-5.jpg","width":1200,"height":666,"caption":"M\u0259nb\u0259: https:\/\/www.birgun.net\/"},{"@type":"BreadcrumbList","@id":"https:\/\/www.meydan.tv\/az\/article\/tarkan-turkiyedeki-zelzeleye-gore-hakimiyyeti-gunahlandirdi\/#breadcrumb","itemListElement":[{"@type":"ListItem","position":1,"name":"Ana s\u0259hif\u0259","item":"https:\/\/www.meydan.tv\/az\/"},{"@type":"ListItem","position":2,"name":"M\u0259d\u0259niyy\u0259t","item":"https:\/\/www.meydan.tv\/az\/section\/medeniyyet\/"},{"@type":"ListItem","position":3,"name":"Tarkan T\u00fcrkiy\u0259d\u0259ki z\u0259lz\u0259l\u0259y\u0259 g\u00f6r\u0259 hakimiyy\u0259ti g\u00fcnahland\u0131rd\u0131"}]},{"@type":"WebSite","@id":"https:\/\/www.meydan.tv\/az\/#website","url":"https:\/\/www.meydan.tv\/az\/","name":"MEYDAN.TV","description":"Meydan TV Az\u0259rbaycan\u0131n media m\u0259kan\u0131ndak\u0131 alternativ s\u0259sidir","publisher":{"@id":"https:\/\/www.meydan.tv\/az\/#organization"},"potentialAction":[{"@type":"SearchAction","target":{"@type":"EntryPoint","urlTemplate":"https:\/\/www.meydan.tv\/az\/?s={search_term_string}"},"query-input":{"@type":"PropertyValueSpecification","valueRequired":true,"valueName":"search_term_string"}}],"inLanguage":"az"},{"@type":"Organization","@id":"https:\/\/www.meydan.tv\/az\/#organization","name":"Meydan TV","url":"https:\/\/www.meydan.tv\/az\/","logo":{"@type":"ImageObject","inLanguage":"az","@id":"https:\/\/www.meydan.tv\/az\/#\/schema\/logo\/image\/","url":"https:\/\/www.meydan.tv\/wp-content\/uploads\/2021\/07\/meydan-logo.svg","contentUrl":"https:\/\/www.meydan.tv\/wp-content\/uploads\/2021\/07\/meydan-logo.svg","width":195,"height":46,"caption":"Meydan TV"},"image":{"@id":"https:\/\/www.meydan.tv\/az\/#\/schema\/logo\/image\/"}},{"@type":"Person","@id":"https:\/\/www.meydan.tv\/az\/#\/schema\/person\/9cdbecf90d17180ce1dfbd95b08dcf47","name":"elli","sameAs":["https:\/\/x.com\/elli"]}]}},"_links":{"self":[{"href":"https:\/\/www.meydan.tv\/az\/wp-json\/wp\/v2\/posts\/268749","targetHints":{"allow":["GET"]}}],"collection":[{"href":"https:\/\/www.meydan.tv\/az\/wp-json\/wp\/v2\/posts"}],"about":[{"href":"https:\/\/www.meydan.tv\/az\/wp-json\/wp\/v2\/types\/post"}],"author":[{"embeddable":true,"href":"https:\/\/www.meydan.tv\/az\/wp-json\/wp\/v2\/users\/8"}],"replies":[{"embeddable":true,"href":"https:\/\/www.meydan.tv\/az\/wp-json\/wp\/v2\/comments?post=268749"}],"version-history":[{"count":1,"href":"https:\/\/www.meydan.tv\/az\/wp-json\/wp\/v2\/posts\/268749\/revisions"}],"predecessor-version":[{"id":268750,"href":"https:\/\/www.meydan.tv\/az\/wp-json\/wp\/v2\/posts\/268749\/revisions\/268750"}],"wp:featuredmedia":[{"embeddable":true,"href":"https:\/\/www.meydan.tv\/az\/wp-json\/wp\/v2\/media\/234969"}],"wp:attachment":[{"href":"https:\/\/www.meydan.tv\/az\/wp-json\/wp\/v2\/media?parent=268749"}],"wp:term":[{"taxonomy":"category","embeddable":true,"href":"https:\/\/www.meydan.tv\/az\/wp-json\/wp\/v2\/categories?post=268749"},{"taxonomy":"post_tag","embeddable":true,"href":"https:\/\/www.meydan.tv\/az\/wp-json\/wp\/v2\/tags?post=268749"}],"curies":[{"name":"wp","href":"https:\/\/api.w.org\/{rel}","templated":true}]}}