{"id":268578,"date":"2023-02-16T16:43:12","date_gmt":"2023-02-16T12:43:12","guid":{"rendered":"https:\/\/www.meydan.tv\/?p=268578"},"modified":"2023-02-16T16:43:14","modified_gmt":"2023-02-16T12:43:14","slug":"berde-diaqnostika-merkezinin-hekim-cerrahi-ana-olumune-gore-mehkeme-qarsisinda","status":"publish","type":"post","link":"https:\/\/www.meydan.tv\/az\/article\/berde-diaqnostika-merkezinin-hekim-cerrahi-ana-olumune-gore-mehkeme-qarsisinda\/","title":{"rendered":"B\u0259rd\u0259 Diaqnostika M\u0259rk\u0259zinin h\u0259kim-c\u0259rrah\u0131 ana \u00f6l\u00fcm\u00fcn\u0259 g\u00f6r\u0259 m\u0259hk\u0259m\u0259 qar\u015f\u0131s\u0131nda"},"content":{"rendered":"\n<p><\/p>\n\n\n\n<p><em>Z\u0259r\u0259r\u00e7\u0259k\u0259n t\u0259r\u0259f istintaq\u0131n gedi\u015find\u0259n naraz\u0131d\u0131r<\/em><\/p>\n\n\n\n<p>B\u0259rd\u0259 Diaqnostika M\u0259rk\u0259zinin h\u0259kim-c\u0259rrah\u0131 Teymur \u018fll\u0259zov yax\u0131n g\u00fcnl\u0259rd\u0259 B\u0259rd\u0259d\u0259 m\u0259hk\u0259m\u0259 qar\u015f\u0131s\u0131na \u00e7\u0131xar\u0131lacaq. O, s\u0259hl\u0259nkarl\u0131q n\u0259tic\u0259sind\u0259 ana \u00f6l\u00fcm\u00fcn\u0259 bais olmaqda t\u0259qsirl\u0259ndirilir.<\/p>\n\n\n\n<p>T\u0259rt\u0259r rayonunun \u018fskipara k\u0259nd sakini Sahil\u0259 \u018fs\u0259dova 2022-ci ilin iyulunda ikinci \u00f6vlad\u0131n\u0131 d\u00fcnyaya g\u0259tir\u0259rk\u0259n v\u0259fat edib. Yax\u0131nlar\u0131 onun \u00f6l\u00fcm\u00fcn\u0259 g\u00f6r\u0259 h\u0259kimi ittiham edir. Hesab edirl\u0259r ki, 24 ya\u015fl\u0131 qad\u0131n h\u0259kim s\u0259hl\u0259nkarl\u0131\u011f\u0131n\u0131n qurban\u0131 olub.<\/p>\n\n\n\n<p>Hadis\u0259d\u0259n sonra Sahil\u0259 \u018fs\u0259dovan\u0131n yax\u0131nlar\u0131 h\u0259kim-c\u0259rrah Teymur \u018fll\u0259zovdan \u015fikay\u0259t\u00e7i olmu\u015fdu. Hadis\u0259d\u0259n t\u0259xmin\u0259n bir ay sonra \u2013 avqustun 2-d\u0259 h\u0259kimin bar\u0259sind\u0259 cinay\u0259t i\u015fi ba\u015flan\u0131b, ona qar\u015f\u0131 Cinay\u0259t M\u0259c\u0259ll\u0259sinin 314.2-ci (s\u0259hl\u0259nkarl\u0131q &#8211; ehtiyats\u0131zl\u0131qdan z\u0259r\u0259r\u00e7\u0259kmi\u015f \u015f\u0259xsin \u00f6l\u00fcm\u00fcn\u0259 s\u0259b\u0259b olduqda) madd\u0259sil\u0259 ittiham ir\u0259li s\u00fcr\u00fclm\u00fc\u015fd\u00fc. \u0130stintaq d\u00f6vr\u00fc \u00fc\u00e7\u00fcn Teymur \u018fll\u0259zov bar\u0259sind\u0259 polisin n\u0259zar\u0259ti alt\u0131na verm\u0259 q\u0259timkan t\u0259dbiri se\u00e7ilmi\u015fdi.<\/p>\n\n\n\n<p>Sahil\u0259 \u018fs\u0259dovan\u0131n yax\u0131nlar\u0131 is\u0259 istintaq\u0131n gedi\u015find\u0259n naraz\u0131 qal\u0131b. Onlar hesab edir ki, B\u0259rd\u0259 Rayon Prokurorlu\u011funda h\u0259kiml\u0259 ba\u011fl\u0131 istintaq qeyri-obyektiv apar\u0131l\u0131r, b\u00fct\u00fcn m\u0259s\u0259l\u0259l\u0259r ara\u015fd\u0131r\u0131lm\u0131r. Ail\u0259 iddia edir ki, prokurorluq bu i\u015fi m\u00fc\u0259yy\u0259n maraq m\u00fcqabilind\u0259 tam, h\u0259rt\u0259r\u0259fli ara\u015fd\u0131rmay\u0131b.<\/p>\n\n\n\n<p>Lakin Ba\u015f Prokurorlu\u011fun m\u0259tbuat xidm\u0259ti Sahil\u0259 \u018fs\u0259dovan\u0131n yax\u0131nlar\u0131n\u0131n iddialar\u0131n\u0131 r\u0259dd edib: <\/p>\n\n\n\n<p>\u201cT\u0259rt\u0259r rayon sakini Sahil\u0259 \u018fs\u0259dovan\u0131n do\u011fu\u015fdan sonra \u00f6lm\u0259sin\u0259 dair B\u0259rd\u0259 Rayon Prokurorlu\u011funda qeyri-obyektiv ara\u015fd\u0131rma apar\u0131lmas\u0131, z\u0259ruri istintaq h\u0259r\u0259k\u0259tl\u0259rinin yerin\u0259 yetirilm\u0259m\u0259si bar\u0259d\u0259 yay\u0131lan m\u0259lumatlar h\u0259qiq\u0259t\u0259 uy\u011fun deyil\u201d.<\/p>\n\n\n\n<p>Teymur \u018fll\u0259zovun i\u015fin\u0259 B\u0259rd\u0259 Rayon M\u0259hk\u0259m\u0259sind\u0259 bax\u0131lacaq. Bu i\u015fi ara\u015fd\u0131rmaq hakim G\u00fcnd\u00fcz Abbasova h\u0259val\u0259 olunub. M\u0259hk\u0259m\u0259 prosesi fevral\u0131n 28-d\u0259 ba\u015flayacaq.<\/p>\n\n\n\n<p>Meydan TV-nin \u0259ld\u0259 etdiyi m\u0259lumata g\u00f6r\u0259, Teymur \u018fll\u0259zov \u00f6z\u00fcn\u00fc t\u0259qsirli bilmir.<\/p>\n\n\n\n<p>Sahil\u0259 \u018fs\u0259dova iyulun 5-d\u0259 u\u015faq d\u00fcnyaya g\u0259tirm\u0259k \u00fc\u00e7\u00fcn x\u0259st\u0259xanaya m\u00fcraci\u0259t edib. O, qeys\u0259riyy\u0259 \u0259m\u0259liyyat\u0131ndan sonra b\u00f6yr\u0259k \u00e7at\u0131\u015fmazl\u0131\u011f\u0131 diaqnozu il\u0259 x\u0259st\u0259xanada saxlan\u0131l\u0131b. U\u015fa\u011f\u0131n v\u0259ziyy\u0259ti yax\u015f\u0131 olsa da, ana iyulun 9-da v\u0259fat edib.<\/p>\n","protected":false},"excerpt":{"rendered":"<p>Z\u0259r\u0259r\u00e7\u0259k\u0259n t\u0259r\u0259f istintaq\u0131n gedi\u015find\u0259n naraz\u0131d\u0131r B\u0259rd\u0259 Diaqnostika M\u0259rk\u0259zinin h\u0259kim-c\u0259rrah\u0131 Teymur &#8230; <\/p>\n<p class=\"read-more-container\"><a title=\"B\u0259rd\u0259 Diaqnostika M\u0259rk\u0259zinin h\u0259kim-c\u0259rrah\u0131 ana \u00f6l\u00fcm\u00fcn\u0259 g\u00f6r\u0259 m\u0259hk\u0259m\u0259 qar\u015f\u0131s\u0131nda\" class=\"read-more button\" href=\"https:\/\/www.meydan.tv\/az\/article\/berde-diaqnostika-merkezinin-hekim-cerrahi-ana-olumune-gore-mehkeme-qarsisinda\/#more-268578\" aria-label=\"Read more about B\u0259rd\u0259 Diaqnostika M\u0259rk\u0259zinin h\u0259kim-c\u0259rrah\u0131 ana \u00f6l\u00fcm\u00fcn\u0259 g\u00f6r\u0259 m\u0259hk\u0259m\u0259 qar\u015f\u0131s\u0131nda\">Davam\u0131<\/a><\/p>\n","protected":false},"author":8,"featured_media":268583,"comment_status":"closed","ping_status":"closed","sticky":false,"template":"","format":"standard","meta":{"_acf_changed":false,"_sitemap_exclude":false,"_sitemap_priority":"","_sitemap_frequency":"","footnotes":""},"categories":[60,56],"tags":[],"class_list":["post-268578","post","type-post","status-publish","format-standard","has-post-thumbnail","hentry","category-bolge","category-xeberler","infinite-scroll-item","generate-columns","tablet-grid-50","mobile-grid-100","grid-parent","grid-33","no-featured-image-padding"],"acf":[],"yoast_head":"<!-- This site is optimized with the Yoast SEO plugin v27.5 - https:\/\/yoast.com\/product\/yoast-seo-wordpress\/ -->\n<title>B\u0259rd\u0259 Diaqnostika M\u0259rk\u0259zinin h\u0259kim-c\u0259rrah\u0131 ana \u00f6l\u00fcm\u00fcn\u0259 g\u00f6r\u0259 m\u0259hk\u0259m\u0259 qar\u015f\u0131s\u0131nda - MEYDAN.TV<\/title>\n<meta name=\"robots\" content=\"index, follow, max-snippet:-1, max-image-preview:large, max-video-preview:-1\" \/>\n<link rel=\"canonical\" href=\"https:\/\/www.meydan.tv\/az\/article\/berde-diaqnostika-merkezinin-hekim-cerrahi-ana-olumune-gore-mehkeme-qarsisinda\/\" \/>\n<meta property=\"og:locale\" content=\"az_AZ\" \/>\n<meta property=\"og:type\" content=\"article\" \/>\n<meta property=\"og:title\" content=\"B\u0259rd\u0259 Diaqnostika M\u0259rk\u0259zinin h\u0259kim-c\u0259rrah\u0131 ana \u00f6l\u00fcm\u00fcn\u0259 g\u00f6r\u0259 m\u0259hk\u0259m\u0259 qar\u015f\u0131s\u0131nda - MEYDAN.TV\" \/>\n<meta property=\"og:description\" content=\"Z\u0259r\u0259r\u00e7\u0259k\u0259n t\u0259r\u0259f istintaq\u0131n gedi\u015find\u0259n naraz\u0131d\u0131r B\u0259rd\u0259 Diaqnostika M\u0259rk\u0259zinin h\u0259kim-c\u0259rrah\u0131 Teymur ... Davam\u0131\" \/>\n<meta property=\"og:url\" content=\"https:\/\/www.meydan.tv\/az\/article\/berde-diaqnostika-merkezinin-hekim-cerrahi-ana-olumune-gore-mehkeme-qarsisinda\/\" \/>\n<meta property=\"og:site_name\" content=\"MEYDAN.TV\" \/>\n<meta property=\"article:published_time\" content=\"2023-02-16T12:43:12+00:00\" \/>\n<meta property=\"article:modified_time\" content=\"2023-02-16T12:43:14+00:00\" \/>\n<meta property=\"og:image\" content=\"https:\/\/www.meydan.tv\/wp-content\/uploads\/berde_mualice_diaqnostika_merkezi.jpg\" \/>\n\t<meta property=\"og:image:width\" content=\"1200\" \/>\n\t<meta property=\"og:image:height\" content=\"800\" \/>\n\t<meta property=\"og:image:type\" content=\"image\/jpeg\" \/>\n<meta name=\"author\" content=\"elli\" \/>\n<meta name=\"twitter:card\" content=\"summary_large_image\" \/>\n<meta name=\"twitter:creator\" content=\"@elli\" \/>\n<script type=\"application\/ld+json\" class=\"yoast-schema-graph\">{\"@context\":\"https:\\\/\\\/schema.org\",\"@graph\":[{\"@type\":\"Article\",\"@id\":\"https:\\\/\\\/www.meydan.tv\\\/az\\\/article\\\/berde-diaqnostika-merkezinin-hekim-cerrahi-ana-olumune-gore-mehkeme-qarsisinda\\\/#article\",\"isPartOf\":{\"@id\":\"https:\\\/\\\/www.meydan.tv\\\/az\\\/article\\\/berde-diaqnostika-merkezinin-hekim-cerrahi-ana-olumune-gore-mehkeme-qarsisinda\\\/\"},\"author\":{\"name\":\"elli\",\"@id\":\"https:\\\/\\\/www.meydan.tv\\\/az\\\/#\\\/schema\\\/person\\\/9cdbecf90d17180ce1dfbd95b08dcf47\"},\"headline\":\"B\u0259rd\u0259 Diaqnostika M\u0259rk\u0259zinin h\u0259kim-c\u0259rrah\u0131 ana \u00f6l\u00fcm\u00fcn\u0259 g\u00f6r\u0259 m\u0259hk\u0259m\u0259 qar\u015f\u0131s\u0131nda\",\"datePublished\":\"2023-02-16T12:43:12+00:00\",\"dateModified\":\"2023-02-16T12:43:14+00:00\",\"mainEntityOfPage\":{\"@id\":\"https:\\\/\\\/www.meydan.tv\\\/az\\\/article\\\/berde-diaqnostika-merkezinin-hekim-cerrahi-ana-olumune-gore-mehkeme-qarsisinda\\\/\"},\"wordCount\":490,\"publisher\":{\"@id\":\"https:\\\/\\\/www.meydan.tv\\\/az\\\/#organization\"},\"image\":{\"@id\":\"https:\\\/\\\/www.meydan.tv\\\/az\\\/article\\\/berde-diaqnostika-merkezinin-hekim-cerrahi-ana-olumune-gore-mehkeme-qarsisinda\\\/#primaryimage\"},\"thumbnailUrl\":\"https:\\\/\\\/www.meydan.tv\\\/wp-content\\\/uploads\\\/berde_mualice_diaqnostika_merkezi.jpg\",\"articleSection\":[\"B\u00f6lg\u0259\",\"X\u0259b\u0259rl\u0259r\"],\"inLanguage\":\"az\"},{\"@type\":\"WebPage\",\"@id\":\"https:\\\/\\\/www.meydan.tv\\\/az\\\/article\\\/berde-diaqnostika-merkezinin-hekim-cerrahi-ana-olumune-gore-mehkeme-qarsisinda\\\/\",\"url\":\"https:\\\/\\\/www.meydan.tv\\\/az\\\/article\\\/berde-diaqnostika-merkezinin-hekim-cerrahi-ana-olumune-gore-mehkeme-qarsisinda\\\/\",\"name\":\"B\u0259rd\u0259 Diaqnostika M\u0259rk\u0259zinin h\u0259kim-c\u0259rrah\u0131 ana \u00f6l\u00fcm\u00fcn\u0259 g\u00f6r\u0259 m\u0259hk\u0259m\u0259 qar\u015f\u0131s\u0131nda - MEYDAN.TV\",\"isPartOf\":{\"@id\":\"https:\\\/\\\/www.meydan.tv\\\/az\\\/#website\"},\"primaryImageOfPage\":{\"@id\":\"https:\\\/\\\/www.meydan.tv\\\/az\\\/article\\\/berde-diaqnostika-merkezinin-hekim-cerrahi-ana-olumune-gore-mehkeme-qarsisinda\\\/#primaryimage\"},\"image\":{\"@id\":\"https:\\\/\\\/www.meydan.tv\\\/az\\\/article\\\/berde-diaqnostika-merkezinin-hekim-cerrahi-ana-olumune-gore-mehkeme-qarsisinda\\\/#primaryimage\"},\"thumbnailUrl\":\"https:\\\/\\\/www.meydan.tv\\\/wp-content\\\/uploads\\\/berde_mualice_diaqnostika_merkezi.jpg\",\"datePublished\":\"2023-02-16T12:43:12+00:00\",\"dateModified\":\"2023-02-16T12:43:14+00:00\",\"breadcrumb\":{\"@id\":\"https:\\\/\\\/www.meydan.tv\\\/az\\\/article\\\/berde-diaqnostika-merkezinin-hekim-cerrahi-ana-olumune-gore-mehkeme-qarsisinda\\\/#breadcrumb\"},\"inLanguage\":\"az\",\"potentialAction\":[{\"@type\":\"ReadAction\",\"target\":[\"https:\\\/\\\/www.meydan.tv\\\/az\\\/article\\\/berde-diaqnostika-merkezinin-hekim-cerrahi-ana-olumune-gore-mehkeme-qarsisinda\\\/\"]}]},{\"@type\":\"ImageObject\",\"inLanguage\":\"az\",\"@id\":\"https:\\\/\\\/www.meydan.tv\\\/az\\\/article\\\/berde-diaqnostika-merkezinin-hekim-cerrahi-ana-olumune-gore-mehkeme-qarsisinda\\\/#primaryimage\",\"url\":\"https:\\\/\\\/www.meydan.tv\\\/wp-content\\\/uploads\\\/berde_mualice_diaqnostika_merkezi.jpg\",\"contentUrl\":\"https:\\\/\\\/www.meydan.tv\\\/wp-content\\\/uploads\\\/berde_mualice_diaqnostika_merkezi.jpg\",\"width\":1200,\"height\":800,\"caption\":\"B\u0259rd\u0259 Diaqnostika M\u0259rk\u0259zi. Foto: wikimedia\"},{\"@type\":\"BreadcrumbList\",\"@id\":\"https:\\\/\\\/www.meydan.tv\\\/az\\\/article\\\/berde-diaqnostika-merkezinin-hekim-cerrahi-ana-olumune-gore-mehkeme-qarsisinda\\\/#breadcrumb\",\"itemListElement\":[{\"@type\":\"ListItem\",\"position\":1,\"name\":\"Ana s\u0259hif\u0259\",\"item\":\"https:\\\/\\\/www.meydan.tv\\\/az\\\/\"},{\"@type\":\"ListItem\",\"position\":2,\"name\":\"B\u00f6lg\u0259\",\"item\":\"https:\\\/\\\/www.meydan.tv\\\/az\\\/section\\\/bolge\\\/\"},{\"@type\":\"ListItem\",\"position\":3,\"name\":\"B\u0259rd\u0259 Diaqnostika M\u0259rk\u0259zinin h\u0259kim-c\u0259rrah\u0131 ana \u00f6l\u00fcm\u00fcn\u0259 g\u00f6r\u0259 m\u0259hk\u0259m\u0259 qar\u015f\u0131s\u0131nda\"}]},{\"@type\":\"WebSite\",\"@id\":\"https:\\\/\\\/www.meydan.tv\\\/az\\\/#website\",\"url\":\"https:\\\/\\\/www.meydan.tv\\\/az\\\/\",\"name\":\"MEYDAN.TV\",\"description\":\"Meydan TV Az\u0259rbaycan\u0131n media m\u0259kan\u0131ndak\u0131 alternativ s\u0259sidir\",\"publisher\":{\"@id\":\"https:\\\/\\\/www.meydan.tv\\\/az\\\/#organization\"},\"potentialAction\":[{\"@type\":\"SearchAction\",\"target\":{\"@type\":\"EntryPoint\",\"urlTemplate\":\"https:\\\/\\\/www.meydan.tv\\\/az\\\/?s={search_term_string}\"},\"query-input\":{\"@type\":\"PropertyValueSpecification\",\"valueRequired\":true,\"valueName\":\"search_term_string\"}}],\"inLanguage\":\"az\"},{\"@type\":\"Organization\",\"@id\":\"https:\\\/\\\/www.meydan.tv\\\/az\\\/#organization\",\"name\":\"Meydan TV\",\"url\":\"https:\\\/\\\/www.meydan.tv\\\/az\\\/\",\"logo\":{\"@type\":\"ImageObject\",\"inLanguage\":\"az\",\"@id\":\"https:\\\/\\\/www.meydan.tv\\\/az\\\/#\\\/schema\\\/logo\\\/image\\\/\",\"url\":\"https:\\\/\\\/www.meydan.tv\\\/wp-content\\\/uploads\\\/2021\\\/07\\\/meydan-logo.svg\",\"contentUrl\":\"https:\\\/\\\/www.meydan.tv\\\/wp-content\\\/uploads\\\/2021\\\/07\\\/meydan-logo.svg\",\"width\":195,\"height\":46,\"caption\":\"Meydan TV\"},\"image\":{\"@id\":\"https:\\\/\\\/www.meydan.tv\\\/az\\\/#\\\/schema\\\/logo\\\/image\\\/\"}},{\"@type\":\"Person\",\"@id\":\"https:\\\/\\\/www.meydan.tv\\\/az\\\/#\\\/schema\\\/person\\\/9cdbecf90d17180ce1dfbd95b08dcf47\",\"name\":\"elli\",\"sameAs\":[\"https:\\\/\\\/x.com\\\/elli\"]}]}<\/script>\n<!-- \/ Yoast SEO plugin. -->","yoast_head_json":{"title":"B\u0259rd\u0259 Diaqnostika M\u0259rk\u0259zinin h\u0259kim-c\u0259rrah\u0131 ana \u00f6l\u00fcm\u00fcn\u0259 g\u00f6r\u0259 m\u0259hk\u0259m\u0259 qar\u015f\u0131s\u0131nda - MEYDAN.TV","robots":{"index":"index","follow":"follow","max-snippet":"max-snippet:-1","max-image-preview":"max-image-preview:large","max-video-preview":"max-video-preview:-1"},"canonical":"https:\/\/www.meydan.tv\/az\/article\/berde-diaqnostika-merkezinin-hekim-cerrahi-ana-olumune-gore-mehkeme-qarsisinda\/","og_locale":"az_AZ","og_type":"article","og_title":"B\u0259rd\u0259 Diaqnostika M\u0259rk\u0259zinin h\u0259kim-c\u0259rrah\u0131 ana \u00f6l\u00fcm\u00fcn\u0259 g\u00f6r\u0259 m\u0259hk\u0259m\u0259 qar\u015f\u0131s\u0131nda - MEYDAN.TV","og_description":"Z\u0259r\u0259r\u00e7\u0259k\u0259n t\u0259r\u0259f istintaq\u0131n gedi\u015find\u0259n naraz\u0131d\u0131r B\u0259rd\u0259 Diaqnostika M\u0259rk\u0259zinin h\u0259kim-c\u0259rrah\u0131 Teymur ... Davam\u0131","og_url":"https:\/\/www.meydan.tv\/az\/article\/berde-diaqnostika-merkezinin-hekim-cerrahi-ana-olumune-gore-mehkeme-qarsisinda\/","og_site_name":"MEYDAN.TV","article_published_time":"2023-02-16T12:43:12+00:00","article_modified_time":"2023-02-16T12:43:14+00:00","og_image":[{"width":1200,"height":800,"url":"https:\/\/www.meydan.tv\/wp-content\/uploads\/berde_mualice_diaqnostika_merkezi.jpg","type":"image\/jpeg"}],"author":"elli","twitter_card":"summary_large_image","twitter_creator":"@elli","schema":{"@context":"https:\/\/schema.org","@graph":[{"@type":"Article","@id":"https:\/\/www.meydan.tv\/az\/article\/berde-diaqnostika-merkezinin-hekim-cerrahi-ana-olumune-gore-mehkeme-qarsisinda\/#article","isPartOf":{"@id":"https:\/\/www.meydan.tv\/az\/article\/berde-diaqnostika-merkezinin-hekim-cerrahi-ana-olumune-gore-mehkeme-qarsisinda\/"},"author":{"name":"elli","@id":"https:\/\/www.meydan.tv\/az\/#\/schema\/person\/9cdbecf90d17180ce1dfbd95b08dcf47"},"headline":"B\u0259rd\u0259 Diaqnostika M\u0259rk\u0259zinin h\u0259kim-c\u0259rrah\u0131 ana \u00f6l\u00fcm\u00fcn\u0259 g\u00f6r\u0259 m\u0259hk\u0259m\u0259 qar\u015f\u0131s\u0131nda","datePublished":"2023-02-16T12:43:12+00:00","dateModified":"2023-02-16T12:43:14+00:00","mainEntityOfPage":{"@id":"https:\/\/www.meydan.tv\/az\/article\/berde-diaqnostika-merkezinin-hekim-cerrahi-ana-olumune-gore-mehkeme-qarsisinda\/"},"wordCount":490,"publisher":{"@id":"https:\/\/www.meydan.tv\/az\/#organization"},"image":{"@id":"https:\/\/www.meydan.tv\/az\/article\/berde-diaqnostika-merkezinin-hekim-cerrahi-ana-olumune-gore-mehkeme-qarsisinda\/#primaryimage"},"thumbnailUrl":"https:\/\/www.meydan.tv\/wp-content\/uploads\/berde_mualice_diaqnostika_merkezi.jpg","articleSection":["B\u00f6lg\u0259","X\u0259b\u0259rl\u0259r"],"inLanguage":"az"},{"@type":"WebPage","@id":"https:\/\/www.meydan.tv\/az\/article\/berde-diaqnostika-merkezinin-hekim-cerrahi-ana-olumune-gore-mehkeme-qarsisinda\/","url":"https:\/\/www.meydan.tv\/az\/article\/berde-diaqnostika-merkezinin-hekim-cerrahi-ana-olumune-gore-mehkeme-qarsisinda\/","name":"B\u0259rd\u0259 Diaqnostika M\u0259rk\u0259zinin h\u0259kim-c\u0259rrah\u0131 ana \u00f6l\u00fcm\u00fcn\u0259 g\u00f6r\u0259 m\u0259hk\u0259m\u0259 qar\u015f\u0131s\u0131nda - MEYDAN.TV","isPartOf":{"@id":"https:\/\/www.meydan.tv\/az\/#website"},"primaryImageOfPage":{"@id":"https:\/\/www.meydan.tv\/az\/article\/berde-diaqnostika-merkezinin-hekim-cerrahi-ana-olumune-gore-mehkeme-qarsisinda\/#primaryimage"},"image":{"@id":"https:\/\/www.meydan.tv\/az\/article\/berde-diaqnostika-merkezinin-hekim-cerrahi-ana-olumune-gore-mehkeme-qarsisinda\/#primaryimage"},"thumbnailUrl":"https:\/\/www.meydan.tv\/wp-content\/uploads\/berde_mualice_diaqnostika_merkezi.jpg","datePublished":"2023-02-16T12:43:12+00:00","dateModified":"2023-02-16T12:43:14+00:00","breadcrumb":{"@id":"https:\/\/www.meydan.tv\/az\/article\/berde-diaqnostika-merkezinin-hekim-cerrahi-ana-olumune-gore-mehkeme-qarsisinda\/#breadcrumb"},"inLanguage":"az","potentialAction":[{"@type":"ReadAction","target":["https:\/\/www.meydan.tv\/az\/article\/berde-diaqnostika-merkezinin-hekim-cerrahi-ana-olumune-gore-mehkeme-qarsisinda\/"]}]},{"@type":"ImageObject","inLanguage":"az","@id":"https:\/\/www.meydan.tv\/az\/article\/berde-diaqnostika-merkezinin-hekim-cerrahi-ana-olumune-gore-mehkeme-qarsisinda\/#primaryimage","url":"https:\/\/www.meydan.tv\/wp-content\/uploads\/berde_mualice_diaqnostika_merkezi.jpg","contentUrl":"https:\/\/www.meydan.tv\/wp-content\/uploads\/berde_mualice_diaqnostika_merkezi.jpg","width":1200,"height":800,"caption":"B\u0259rd\u0259 Diaqnostika M\u0259rk\u0259zi. Foto: wikimedia"},{"@type":"BreadcrumbList","@id":"https:\/\/www.meydan.tv\/az\/article\/berde-diaqnostika-merkezinin-hekim-cerrahi-ana-olumune-gore-mehkeme-qarsisinda\/#breadcrumb","itemListElement":[{"@type":"ListItem","position":1,"name":"Ana s\u0259hif\u0259","item":"https:\/\/www.meydan.tv\/az\/"},{"@type":"ListItem","position":2,"name":"B\u00f6lg\u0259","item":"https:\/\/www.meydan.tv\/az\/section\/bolge\/"},{"@type":"ListItem","position":3,"name":"B\u0259rd\u0259 Diaqnostika M\u0259rk\u0259zinin h\u0259kim-c\u0259rrah\u0131 ana \u00f6l\u00fcm\u00fcn\u0259 g\u00f6r\u0259 m\u0259hk\u0259m\u0259 qar\u015f\u0131s\u0131nda"}]},{"@type":"WebSite","@id":"https:\/\/www.meydan.tv\/az\/#website","url":"https:\/\/www.meydan.tv\/az\/","name":"MEYDAN.TV","description":"Meydan TV Az\u0259rbaycan\u0131n media m\u0259kan\u0131ndak\u0131 alternativ s\u0259sidir","publisher":{"@id":"https:\/\/www.meydan.tv\/az\/#organization"},"potentialAction":[{"@type":"SearchAction","target":{"@type":"EntryPoint","urlTemplate":"https:\/\/www.meydan.tv\/az\/?s={search_term_string}"},"query-input":{"@type":"PropertyValueSpecification","valueRequired":true,"valueName":"search_term_string"}}],"inLanguage":"az"},{"@type":"Organization","@id":"https:\/\/www.meydan.tv\/az\/#organization","name":"Meydan TV","url":"https:\/\/www.meydan.tv\/az\/","logo":{"@type":"ImageObject","inLanguage":"az","@id":"https:\/\/www.meydan.tv\/az\/#\/schema\/logo\/image\/","url":"https:\/\/www.meydan.tv\/wp-content\/uploads\/2021\/07\/meydan-logo.svg","contentUrl":"https:\/\/www.meydan.tv\/wp-content\/uploads\/2021\/07\/meydan-logo.svg","width":195,"height":46,"caption":"Meydan TV"},"image":{"@id":"https:\/\/www.meydan.tv\/az\/#\/schema\/logo\/image\/"}},{"@type":"Person","@id":"https:\/\/www.meydan.tv\/az\/#\/schema\/person\/9cdbecf90d17180ce1dfbd95b08dcf47","name":"elli","sameAs":["https:\/\/x.com\/elli"]}]}},"_links":{"self":[{"href":"https:\/\/www.meydan.tv\/az\/wp-json\/wp\/v2\/posts\/268578","targetHints":{"allow":["GET"]}}],"collection":[{"href":"https:\/\/www.meydan.tv\/az\/wp-json\/wp\/v2\/posts"}],"about":[{"href":"https:\/\/www.meydan.tv\/az\/wp-json\/wp\/v2\/types\/post"}],"author":[{"embeddable":true,"href":"https:\/\/www.meydan.tv\/az\/wp-json\/wp\/v2\/users\/8"}],"replies":[{"embeddable":true,"href":"https:\/\/www.meydan.tv\/az\/wp-json\/wp\/v2\/comments?post=268578"}],"version-history":[{"count":1,"href":"https:\/\/www.meydan.tv\/az\/wp-json\/wp\/v2\/posts\/268578\/revisions"}],"predecessor-version":[{"id":268587,"href":"https:\/\/www.meydan.tv\/az\/wp-json\/wp\/v2\/posts\/268578\/revisions\/268587"}],"wp:featuredmedia":[{"embeddable":true,"href":"https:\/\/www.meydan.tv\/az\/wp-json\/wp\/v2\/media\/268583"}],"wp:attachment":[{"href":"https:\/\/www.meydan.tv\/az\/wp-json\/wp\/v2\/media?parent=268578"}],"wp:term":[{"taxonomy":"category","embeddable":true,"href":"https:\/\/www.meydan.tv\/az\/wp-json\/wp\/v2\/categories?post=268578"},{"taxonomy":"post_tag","embeddable":true,"href":"https:\/\/www.meydan.tv\/az\/wp-json\/wp\/v2\/tags?post=268578"}],"curies":[{"name":"wp","href":"https:\/\/api.w.org\/{rel}","templated":true}]}}