{"id":268558,"date":"2023-02-16T15:45:38","date_gmt":"2023-02-16T11:45:38","guid":{"rendered":"https:\/\/www.meydan.tv\/?p=268558"},"modified":"2023-02-16T15:45:44","modified_gmt":"2023-02-16T11:45:44","slug":"metallica-qrupu-turkiye-ve-suriyaya-250-min-dollar-iane-edib","status":"publish","type":"post","link":"https:\/\/www.meydan.tv\/az\/article\/metallica-qrupu-turkiye-ve-suriyaya-250-min-dollar-iane-edib\/","title":{"rendered":"<strong>&#8220;Metallica&#8221; qrupu T\u00fcrkiy\u0259 v\u0259 Suriyaya 250 min dollar ian\u0259 edib<\/strong>"},"content":{"rendered":"\n<p><\/p>\n\n\n\n<p><em>Qrup h\u0259r iki \u00f6lk\u0259y\u0259 ayr\u0131l\u0131qda 125 min dollar yard\u0131m g\u00f6nd\u0259rib<\/em><\/p>\n\n\n\n<p>Amerikan\u0131n \u201cMetallica\u201d hard-rok qrupu \u201cMetallica All Within My Hands\u201d (AWMH) xeyriyy\u0259 t\u0259\u015fkilat\u0131 vasit\u0259sil\u0259 T\u00fcrkiy\u0259 v\u0259 Suriyaya h\u0259r birin\u0259 125 min dollar ba\u011f\u0131\u015flay\u0131b.<\/p>\n\n\n\n<p>Bu haqda m\u0259lumat\u0131 AWMH xeyriyy\u0259 t\u0259\u015fkilat\u0131 <a href=\"https:\/\/www.allwithinmyhands.org\/news-media\/news-from-awmh\/awmh-donates-250000-to-direct-relief-and-world-central-kitchen-following-the-78-magnitude-earthquake-in-turkey.html\" target=\"_blank\" rel=\"noreferrer noopener\">yay\u0131b.<\/a><\/p>\n\n\n\n<p>\u201cMetallica\u201dn\u0131n sosial media hesablar\u0131ndan edil\u0259n \u015f\u0259rhd\u0259: \u201cT\u00fcrkiy\u0259nin c\u0259nubunda v\u0259 Suriyan\u0131n \u015fimal\u0131nda ba\u015f ver\u0259n da\u011f\u0131nt\u0131lar\u0131 izah ed\u0259c\u0259k s\u00f6z tapa bilmirik\u201d, &#8211; qeydi yaz\u0131l\u0131b.<\/p>\n\n\n\n<p>Fevral\u0131n 6-da Kahramanmara\u015fda birincisi 7.7 bal, ikincisi 7.6 bal g\u00fcc\u00fcnd\u0259 ard-arda iki z\u0259lz\u0259l\u0259 ba\u015f verib.<\/p>\n\n\n\n<p>Birinin episentiri Pazarc\u0131k, dig\u0259rinin Elbistan olan z\u0259lz\u0259l\u0259l\u0259r Hatay, Qaziantep, Osmaniye, Malatya, Adama, Diyarbak\u0131r, \u015eanl\u0131urfa, Ad\u0131yaman v\u0259 Kilisi sars\u0131d\u0131b.<\/p>\n\n\n<div class=\"wp-block-image\">\n<figure class=\"aligncenter size-large\"><img decoding=\"async\" width=\"1200\" height=\"540\" data-src=\"https:\/\/www.meydan.tv\/wp-content\/uploads\/home-spotlight-1200x540.jpg\" alt=\"\" class=\"wp-image-268555 lazyload\" src=\"data:image\/svg+xml;base64,PHN2ZyB3aWR0aD0iMSIgaGVpZ2h0PSIxIiB4bWxucz0iaHR0cDovL3d3dy53My5vcmcvMjAwMC9zdmciPjwvc3ZnPg==\" style=\"--smush-placeholder-width: 1200px; --smush-placeholder-aspect-ratio: 1200\/540;\" \/><figcaption class=\"wp-element-caption\">Foto: &#8220;allwithinmyhands.org&#8221;<\/figcaption><\/figure>\n<\/div>\n\n\n<p>Minl\u0259rl\u0259 ev da\u011f\u0131l\u0131b v\u0259 da\u011f\u0131nt\u0131lar alt\u0131nda insanlar qal\u0131b.<\/p>\n\n\n\n<p>Son m\u0259lumata g\u00f6r\u0259, T\u00fcrkiy\u0259d\u0259ki z\u0259lz\u0259l\u0259 n\u0259tic\u0259sind\u0259 36 187 n\u0259f\u0259r \u00f6l\u00fcb.<\/p>\n\n\n\n<p>Z\u0259lz\u0259l\u0259 Suriyaya da t\u0259sir edib. H\u0259yat\u0131n\u0131 itir\u0259nl\u0259rin say\u0131 8 mini ke\u00e7ib.<\/p>\n\n\n\n<p>Bir \u00e7ox d\u00fcnya ulduzlar\u0131 sosial \u015f\u0259b\u0259k\u0259l\u0259rd\u0259 abun\u0259\u00e7il\u0259rin\u0259 T\u00fcrkiy\u0259 v\u0259 Suriyada ba\u015f ver\u0259n z\u0259lz\u0259l\u0259 n\u0259tic\u0259sind\u0259 z\u0259r\u0259r\u00e7\u0259k\u0259nl\u0259r\u0259 ian\u0259 k\u00f6\u00e7\u00fcrm\u0259y\u0259 v\u0259 ya yard\u0131m g\u00f6nd\u0259rm\u0259y\u0259 t\u0259\u015fviq<a href=\"https:\/\/www.meydan.tv\/az\/article\/banderas-cennifer-lopez-ve-enrike-iqlesiasdan-zelzele-ile-bagli-yardim-cagirisi\/\" target=\"_blank\" rel=\"noreferrer noopener\"> edibl\u0259r.<\/a><\/p>\n\n\n\n<p>Onlar\u0131n aras\u0131nda aktyor Antonio Banderas, m\u00fc\u011f\u0259nni Enrike \u0130qlesias, m\u00fc\u011f\u0259nni v\u0259 aktrisa Cennifer Lopez, model Kendall Cenner, musiqi\u00e7i Mark Eliyahu, aktrisa Priyanka \u00c7opra, aktrisa v\u0259 teleapar\u0131c\u0131 Ellen Dedceneres, m\u00fc\u011f\u0259nni Dua Lipa, modell\u0259r Bella Hadid, Cici Hadid, Madonna v\u0259 dig\u0259rl\u0259ri var.<\/p>\n","protected":false},"excerpt":{"rendered":"<p>Qrup h\u0259r iki \u00f6lk\u0259y\u0259 ayr\u0131l\u0131qda 125 min dollar yard\u0131m g\u00f6nd\u0259rib &#8230; <\/p>\n<p class=\"read-more-container\"><a title=\"&#8220;Metallica&#8221; qrupu T\u00fcrkiy\u0259 v\u0259 Suriyaya 250 min dollar ian\u0259 edib\" class=\"read-more button\" href=\"https:\/\/www.meydan.tv\/az\/article\/metallica-qrupu-turkiye-ve-suriyaya-250-min-dollar-iane-edib\/#more-268558\" aria-label=\"Read more about &#8220;Metallica&#8221; qrupu T\u00fcrkiy\u0259 v\u0259 Suriyaya 250 min dollar ian\u0259 edib\">Davam\u0131<\/a><\/p>\n","protected":false},"author":8,"featured_media":268559,"comment_status":"closed","ping_status":"closed","sticky":false,"template":"","format":"standard","meta":{"_acf_changed":false,"_sitemap_exclude":false,"_sitemap_priority":"","_sitemap_frequency":"","footnotes":""},"categories":[52,56],"tags":[],"class_list":["post-268558","post","type-post","status-publish","format-standard","has-post-thumbnail","hentry","category-medeniyyet","category-xeberler","infinite-scroll-item","generate-columns","tablet-grid-50","mobile-grid-100","grid-parent","grid-33","no-featured-image-padding"],"acf":[],"yoast_head":"<!-- This site is optimized with the Yoast SEO plugin v27.4 - https:\/\/yoast.com\/product\/yoast-seo-wordpress\/ -->\n<title>&quot;Metallica&quot; qrupu T\u00fcrkiy\u0259 v\u0259 Suriyaya 250 min dollar ian\u0259 edib - MEYDAN.TV<\/title>\n<meta name=\"robots\" content=\"index, follow, max-snippet:-1, max-image-preview:large, max-video-preview:-1\" \/>\n<link rel=\"canonical\" href=\"https:\/\/www.meydan.tv\/az\/article\/metallica-qrupu-turkiye-ve-suriyaya-250-min-dollar-iane-edib\/\" \/>\n<meta property=\"og:locale\" content=\"az_AZ\" \/>\n<meta property=\"og:type\" content=\"article\" \/>\n<meta property=\"og:title\" content=\"&quot;Metallica&quot; qrupu T\u00fcrkiy\u0259 v\u0259 Suriyaya 250 min dollar ian\u0259 edib - MEYDAN.TV\" \/>\n<meta property=\"og:description\" content=\"Qrup h\u0259r iki \u00f6lk\u0259y\u0259 ayr\u0131l\u0131qda 125 min dollar yard\u0131m g\u00f6nd\u0259rib ... Davam\u0131\" \/>\n<meta property=\"og:url\" content=\"https:\/\/www.meydan.tv\/az\/article\/metallica-qrupu-turkiye-ve-suriyaya-250-min-dollar-iane-edib\/\" \/>\n<meta property=\"og:site_name\" content=\"MEYDAN.TV\" \/>\n<meta property=\"article:published_time\" content=\"2023-02-16T11:45:38+00:00\" \/>\n<meta property=\"article:modified_time\" content=\"2023-02-16T11:45:44+00:00\" \/>\n<meta property=\"og:image\" content=\"https:\/\/www.meydan.tv\/wp-content\/uploads\/download-55.jpg\" \/>\n\t<meta property=\"og:image:width\" content=\"1200\" \/>\n\t<meta property=\"og:image:height\" content=\"800\" \/>\n\t<meta property=\"og:image:type\" content=\"image\/jpeg\" \/>\n<meta name=\"author\" content=\"elli\" \/>\n<meta name=\"twitter:card\" content=\"summary_large_image\" \/>\n<meta name=\"twitter:creator\" content=\"@elli\" \/>\n<script type=\"application\/ld+json\" class=\"yoast-schema-graph\">{\"@context\":\"https:\\\/\\\/schema.org\",\"@graph\":[{\"@type\":\"Article\",\"@id\":\"https:\\\/\\\/www.meydan.tv\\\/az\\\/article\\\/metallica-qrupu-turkiye-ve-suriyaya-250-min-dollar-iane-edib\\\/#article\",\"isPartOf\":{\"@id\":\"https:\\\/\\\/www.meydan.tv\\\/az\\\/article\\\/metallica-qrupu-turkiye-ve-suriyaya-250-min-dollar-iane-edib\\\/\"},\"author\":{\"name\":\"elli\",\"@id\":\"https:\\\/\\\/www.meydan.tv\\\/az\\\/#\\\/schema\\\/person\\\/9cdbecf90d17180ce1dfbd95b08dcf47\"},\"headline\":\"&#8220;Metallica&#8221; qrupu T\u00fcrkiy\u0259 v\u0259 Suriyaya 250 min dollar ian\u0259 edib\",\"datePublished\":\"2023-02-16T11:45:38+00:00\",\"dateModified\":\"2023-02-16T11:45:44+00:00\",\"mainEntityOfPage\":{\"@id\":\"https:\\\/\\\/www.meydan.tv\\\/az\\\/article\\\/metallica-qrupu-turkiye-ve-suriyaya-250-min-dollar-iane-edib\\\/\"},\"wordCount\":304,\"publisher\":{\"@id\":\"https:\\\/\\\/www.meydan.tv\\\/az\\\/#organization\"},\"image\":{\"@id\":\"https:\\\/\\\/www.meydan.tv\\\/az\\\/article\\\/metallica-qrupu-turkiye-ve-suriyaya-250-min-dollar-iane-edib\\\/#primaryimage\"},\"thumbnailUrl\":\"https:\\\/\\\/www.meydan.tv\\\/wp-content\\\/uploads\\\/download-55.jpg\",\"articleSection\":[\"M\u0259d\u0259niyy\u0259t\",\"X\u0259b\u0259rl\u0259r\"],\"inLanguage\":\"az\"},{\"@type\":\"WebPage\",\"@id\":\"https:\\\/\\\/www.meydan.tv\\\/az\\\/article\\\/metallica-qrupu-turkiye-ve-suriyaya-250-min-dollar-iane-edib\\\/\",\"url\":\"https:\\\/\\\/www.meydan.tv\\\/az\\\/article\\\/metallica-qrupu-turkiye-ve-suriyaya-250-min-dollar-iane-edib\\\/\",\"name\":\"\\\"Metallica\\\" qrupu T\u00fcrkiy\u0259 v\u0259 Suriyaya 250 min dollar ian\u0259 edib - MEYDAN.TV\",\"isPartOf\":{\"@id\":\"https:\\\/\\\/www.meydan.tv\\\/az\\\/#website\"},\"primaryImageOfPage\":{\"@id\":\"https:\\\/\\\/www.meydan.tv\\\/az\\\/article\\\/metallica-qrupu-turkiye-ve-suriyaya-250-min-dollar-iane-edib\\\/#primaryimage\"},\"image\":{\"@id\":\"https:\\\/\\\/www.meydan.tv\\\/az\\\/article\\\/metallica-qrupu-turkiye-ve-suriyaya-250-min-dollar-iane-edib\\\/#primaryimage\"},\"thumbnailUrl\":\"https:\\\/\\\/www.meydan.tv\\\/wp-content\\\/uploads\\\/download-55.jpg\",\"datePublished\":\"2023-02-16T11:45:38+00:00\",\"dateModified\":\"2023-02-16T11:45:44+00:00\",\"breadcrumb\":{\"@id\":\"https:\\\/\\\/www.meydan.tv\\\/az\\\/article\\\/metallica-qrupu-turkiye-ve-suriyaya-250-min-dollar-iane-edib\\\/#breadcrumb\"},\"inLanguage\":\"az\",\"potentialAction\":[{\"@type\":\"ReadAction\",\"target\":[\"https:\\\/\\\/www.meydan.tv\\\/az\\\/article\\\/metallica-qrupu-turkiye-ve-suriyaya-250-min-dollar-iane-edib\\\/\"]}]},{\"@type\":\"ImageObject\",\"inLanguage\":\"az\",\"@id\":\"https:\\\/\\\/www.meydan.tv\\\/az\\\/article\\\/metallica-qrupu-turkiye-ve-suriyaya-250-min-dollar-iane-edib\\\/#primaryimage\",\"url\":\"https:\\\/\\\/www.meydan.tv\\\/wp-content\\\/uploads\\\/download-55.jpg\",\"contentUrl\":\"https:\\\/\\\/www.meydan.tv\\\/wp-content\\\/uploads\\\/download-55.jpg\",\"width\":1200,\"height\":800,\"caption\":\"Foto: Reuters\"},{\"@type\":\"BreadcrumbList\",\"@id\":\"https:\\\/\\\/www.meydan.tv\\\/az\\\/article\\\/metallica-qrupu-turkiye-ve-suriyaya-250-min-dollar-iane-edib\\\/#breadcrumb\",\"itemListElement\":[{\"@type\":\"ListItem\",\"position\":1,\"name\":\"Ana s\u0259hif\u0259\",\"item\":\"https:\\\/\\\/www.meydan.tv\\\/az\\\/\"},{\"@type\":\"ListItem\",\"position\":2,\"name\":\"M\u0259d\u0259niyy\u0259t\",\"item\":\"https:\\\/\\\/www.meydan.tv\\\/az\\\/section\\\/medeniyyet\\\/\"},{\"@type\":\"ListItem\",\"position\":3,\"name\":\"&#8220;Metallica&#8221; qrupu T\u00fcrkiy\u0259 v\u0259 Suriyaya 250 min dollar ian\u0259 edib\"}]},{\"@type\":\"WebSite\",\"@id\":\"https:\\\/\\\/www.meydan.tv\\\/az\\\/#website\",\"url\":\"https:\\\/\\\/www.meydan.tv\\\/az\\\/\",\"name\":\"MEYDAN.TV\",\"description\":\"Meydan TV Az\u0259rbaycan\u0131n media m\u0259kan\u0131ndak\u0131 alternativ s\u0259sidir\",\"publisher\":{\"@id\":\"https:\\\/\\\/www.meydan.tv\\\/az\\\/#organization\"},\"potentialAction\":[{\"@type\":\"SearchAction\",\"target\":{\"@type\":\"EntryPoint\",\"urlTemplate\":\"https:\\\/\\\/www.meydan.tv\\\/az\\\/?s={search_term_string}\"},\"query-input\":{\"@type\":\"PropertyValueSpecification\",\"valueRequired\":true,\"valueName\":\"search_term_string\"}}],\"inLanguage\":\"az\"},{\"@type\":\"Organization\",\"@id\":\"https:\\\/\\\/www.meydan.tv\\\/az\\\/#organization\",\"name\":\"Meydan TV\",\"url\":\"https:\\\/\\\/www.meydan.tv\\\/az\\\/\",\"logo\":{\"@type\":\"ImageObject\",\"inLanguage\":\"az\",\"@id\":\"https:\\\/\\\/www.meydan.tv\\\/az\\\/#\\\/schema\\\/logo\\\/image\\\/\",\"url\":\"https:\\\/\\\/www.meydan.tv\\\/wp-content\\\/uploads\\\/2021\\\/07\\\/meydan-logo.svg\",\"contentUrl\":\"https:\\\/\\\/www.meydan.tv\\\/wp-content\\\/uploads\\\/2021\\\/07\\\/meydan-logo.svg\",\"width\":195,\"height\":46,\"caption\":\"Meydan TV\"},\"image\":{\"@id\":\"https:\\\/\\\/www.meydan.tv\\\/az\\\/#\\\/schema\\\/logo\\\/image\\\/\"}},{\"@type\":\"Person\",\"@id\":\"https:\\\/\\\/www.meydan.tv\\\/az\\\/#\\\/schema\\\/person\\\/9cdbecf90d17180ce1dfbd95b08dcf47\",\"name\":\"elli\",\"sameAs\":[\"https:\\\/\\\/x.com\\\/elli\"]}]}<\/script>\n<!-- \/ Yoast SEO plugin. -->","yoast_head_json":{"title":"\"Metallica\" qrupu T\u00fcrkiy\u0259 v\u0259 Suriyaya 250 min dollar ian\u0259 edib - MEYDAN.TV","robots":{"index":"index","follow":"follow","max-snippet":"max-snippet:-1","max-image-preview":"max-image-preview:large","max-video-preview":"max-video-preview:-1"},"canonical":"https:\/\/www.meydan.tv\/az\/article\/metallica-qrupu-turkiye-ve-suriyaya-250-min-dollar-iane-edib\/","og_locale":"az_AZ","og_type":"article","og_title":"\"Metallica\" qrupu T\u00fcrkiy\u0259 v\u0259 Suriyaya 250 min dollar ian\u0259 edib - MEYDAN.TV","og_description":"Qrup h\u0259r iki \u00f6lk\u0259y\u0259 ayr\u0131l\u0131qda 125 min dollar yard\u0131m g\u00f6nd\u0259rib ... Davam\u0131","og_url":"https:\/\/www.meydan.tv\/az\/article\/metallica-qrupu-turkiye-ve-suriyaya-250-min-dollar-iane-edib\/","og_site_name":"MEYDAN.TV","article_published_time":"2023-02-16T11:45:38+00:00","article_modified_time":"2023-02-16T11:45:44+00:00","og_image":[{"width":1200,"height":800,"url":"https:\/\/www.meydan.tv\/wp-content\/uploads\/download-55.jpg","type":"image\/jpeg"}],"author":"elli","twitter_card":"summary_large_image","twitter_creator":"@elli","schema":{"@context":"https:\/\/schema.org","@graph":[{"@type":"Article","@id":"https:\/\/www.meydan.tv\/az\/article\/metallica-qrupu-turkiye-ve-suriyaya-250-min-dollar-iane-edib\/#article","isPartOf":{"@id":"https:\/\/www.meydan.tv\/az\/article\/metallica-qrupu-turkiye-ve-suriyaya-250-min-dollar-iane-edib\/"},"author":{"name":"elli","@id":"https:\/\/www.meydan.tv\/az\/#\/schema\/person\/9cdbecf90d17180ce1dfbd95b08dcf47"},"headline":"&#8220;Metallica&#8221; qrupu T\u00fcrkiy\u0259 v\u0259 Suriyaya 250 min dollar ian\u0259 edib","datePublished":"2023-02-16T11:45:38+00:00","dateModified":"2023-02-16T11:45:44+00:00","mainEntityOfPage":{"@id":"https:\/\/www.meydan.tv\/az\/article\/metallica-qrupu-turkiye-ve-suriyaya-250-min-dollar-iane-edib\/"},"wordCount":304,"publisher":{"@id":"https:\/\/www.meydan.tv\/az\/#organization"},"image":{"@id":"https:\/\/www.meydan.tv\/az\/article\/metallica-qrupu-turkiye-ve-suriyaya-250-min-dollar-iane-edib\/#primaryimage"},"thumbnailUrl":"https:\/\/www.meydan.tv\/wp-content\/uploads\/download-55.jpg","articleSection":["M\u0259d\u0259niyy\u0259t","X\u0259b\u0259rl\u0259r"],"inLanguage":"az"},{"@type":"WebPage","@id":"https:\/\/www.meydan.tv\/az\/article\/metallica-qrupu-turkiye-ve-suriyaya-250-min-dollar-iane-edib\/","url":"https:\/\/www.meydan.tv\/az\/article\/metallica-qrupu-turkiye-ve-suriyaya-250-min-dollar-iane-edib\/","name":"\"Metallica\" qrupu T\u00fcrkiy\u0259 v\u0259 Suriyaya 250 min dollar ian\u0259 edib - MEYDAN.TV","isPartOf":{"@id":"https:\/\/www.meydan.tv\/az\/#website"},"primaryImageOfPage":{"@id":"https:\/\/www.meydan.tv\/az\/article\/metallica-qrupu-turkiye-ve-suriyaya-250-min-dollar-iane-edib\/#primaryimage"},"image":{"@id":"https:\/\/www.meydan.tv\/az\/article\/metallica-qrupu-turkiye-ve-suriyaya-250-min-dollar-iane-edib\/#primaryimage"},"thumbnailUrl":"https:\/\/www.meydan.tv\/wp-content\/uploads\/download-55.jpg","datePublished":"2023-02-16T11:45:38+00:00","dateModified":"2023-02-16T11:45:44+00:00","breadcrumb":{"@id":"https:\/\/www.meydan.tv\/az\/article\/metallica-qrupu-turkiye-ve-suriyaya-250-min-dollar-iane-edib\/#breadcrumb"},"inLanguage":"az","potentialAction":[{"@type":"ReadAction","target":["https:\/\/www.meydan.tv\/az\/article\/metallica-qrupu-turkiye-ve-suriyaya-250-min-dollar-iane-edib\/"]}]},{"@type":"ImageObject","inLanguage":"az","@id":"https:\/\/www.meydan.tv\/az\/article\/metallica-qrupu-turkiye-ve-suriyaya-250-min-dollar-iane-edib\/#primaryimage","url":"https:\/\/www.meydan.tv\/wp-content\/uploads\/download-55.jpg","contentUrl":"https:\/\/www.meydan.tv\/wp-content\/uploads\/download-55.jpg","width":1200,"height":800,"caption":"Foto: Reuters"},{"@type":"BreadcrumbList","@id":"https:\/\/www.meydan.tv\/az\/article\/metallica-qrupu-turkiye-ve-suriyaya-250-min-dollar-iane-edib\/#breadcrumb","itemListElement":[{"@type":"ListItem","position":1,"name":"Ana s\u0259hif\u0259","item":"https:\/\/www.meydan.tv\/az\/"},{"@type":"ListItem","position":2,"name":"M\u0259d\u0259niyy\u0259t","item":"https:\/\/www.meydan.tv\/az\/section\/medeniyyet\/"},{"@type":"ListItem","position":3,"name":"&#8220;Metallica&#8221; qrupu T\u00fcrkiy\u0259 v\u0259 Suriyaya 250 min dollar ian\u0259 edib"}]},{"@type":"WebSite","@id":"https:\/\/www.meydan.tv\/az\/#website","url":"https:\/\/www.meydan.tv\/az\/","name":"MEYDAN.TV","description":"Meydan TV Az\u0259rbaycan\u0131n media m\u0259kan\u0131ndak\u0131 alternativ s\u0259sidir","publisher":{"@id":"https:\/\/www.meydan.tv\/az\/#organization"},"potentialAction":[{"@type":"SearchAction","target":{"@type":"EntryPoint","urlTemplate":"https:\/\/www.meydan.tv\/az\/?s={search_term_string}"},"query-input":{"@type":"PropertyValueSpecification","valueRequired":true,"valueName":"search_term_string"}}],"inLanguage":"az"},{"@type":"Organization","@id":"https:\/\/www.meydan.tv\/az\/#organization","name":"Meydan TV","url":"https:\/\/www.meydan.tv\/az\/","logo":{"@type":"ImageObject","inLanguage":"az","@id":"https:\/\/www.meydan.tv\/az\/#\/schema\/logo\/image\/","url":"https:\/\/www.meydan.tv\/wp-content\/uploads\/2021\/07\/meydan-logo.svg","contentUrl":"https:\/\/www.meydan.tv\/wp-content\/uploads\/2021\/07\/meydan-logo.svg","width":195,"height":46,"caption":"Meydan TV"},"image":{"@id":"https:\/\/www.meydan.tv\/az\/#\/schema\/logo\/image\/"}},{"@type":"Person","@id":"https:\/\/www.meydan.tv\/az\/#\/schema\/person\/9cdbecf90d17180ce1dfbd95b08dcf47","name":"elli","sameAs":["https:\/\/x.com\/elli"]}]}},"_links":{"self":[{"href":"https:\/\/www.meydan.tv\/az\/wp-json\/wp\/v2\/posts\/268558","targetHints":{"allow":["GET"]}}],"collection":[{"href":"https:\/\/www.meydan.tv\/az\/wp-json\/wp\/v2\/posts"}],"about":[{"href":"https:\/\/www.meydan.tv\/az\/wp-json\/wp\/v2\/types\/post"}],"author":[{"embeddable":true,"href":"https:\/\/www.meydan.tv\/az\/wp-json\/wp\/v2\/users\/8"}],"replies":[{"embeddable":true,"href":"https:\/\/www.meydan.tv\/az\/wp-json\/wp\/v2\/comments?post=268558"}],"version-history":[{"count":1,"href":"https:\/\/www.meydan.tv\/az\/wp-json\/wp\/v2\/posts\/268558\/revisions"}],"predecessor-version":[{"id":268563,"href":"https:\/\/www.meydan.tv\/az\/wp-json\/wp\/v2\/posts\/268558\/revisions\/268563"}],"wp:featuredmedia":[{"embeddable":true,"href":"https:\/\/www.meydan.tv\/az\/wp-json\/wp\/v2\/media\/268559"}],"wp:attachment":[{"href":"https:\/\/www.meydan.tv\/az\/wp-json\/wp\/v2\/media?parent=268558"}],"wp:term":[{"taxonomy":"category","embeddable":true,"href":"https:\/\/www.meydan.tv\/az\/wp-json\/wp\/v2\/categories?post=268558"},{"taxonomy":"post_tag","embeddable":true,"href":"https:\/\/www.meydan.tv\/az\/wp-json\/wp\/v2\/tags?post=268558"}],"curies":[{"name":"wp","href":"https:\/\/api.w.org\/{rel}","templated":true}]}}