{"id":268531,"date":"2023-02-16T14:02:32","date_gmt":"2023-02-16T10:02:32","guid":{"rendered":"https:\/\/www.meydan.tv\/?p=268531"},"modified":"2023-02-16T14:29:18","modified_gmt":"2023-02-16T10:29:18","slug":"isden-cixarilan-aktyor-sehv-qerar-verdiniz-prezident-videonu-gorenden-sonra-nece-olacaq","status":"publish","type":"post","link":"https:\/\/www.meydan.tv\/az\/article\/isden-cixarilan-aktyor-sehv-qerar-verdiniz-prezident-videonu-gorenden-sonra-nece-olacaq\/","title":{"rendered":"<strong>\u0130\u015fd\u0259n \u00e7\u0131xar\u0131lan aktyor: \u201cS\u0259hv q\u0259rar verdiniz, prezident videonu g\u00f6r\u0259nd\u0259n sonra nec\u0259 olacaq?&#8221;<\/strong>"},"content":{"rendered":"\n<p><\/p>\n\n\n\n<p><em>Kamal Ya\u015far i\u015fd\u0259n \u00e7\u0131xar\u0131lmas\u0131na g\u00f6r\u0259 \u201cM\u0259d\u0259niyy\u0259t\u201d kanal\u0131n\u0131n r\u0259hb\u0259rliyini q\u0131nay\u0131b<\/em><\/p>\n\n\n\n<p>\u201cBiz azad, demokratik c\u0259miyy\u0259td\u0259 ya\u015fay\u0131r\u0131q v\u0259 m\u0259n bir s\u0259n\u0259t\u00e7i olaraq bu sah\u0259nin probleml\u0259ril\u0259 \u0259laq\u0259dar prezident\u0259 m\u00fcraci\u0259t \u00fcnvanlam\u0131\u015fam. Videoya s\u0259n\u0259timin qatq\u0131lar\u0131n\u0131 da \u0259lav\u0259 etmi\u015f\u0259m. M\u00fcxt\u0259lif obrazlar\u0131n dilind\u0259n dan\u0131\u015fd\u0131m. Bu, kreativ yana\u015fmad\u0131r. Bunu h\u0259zm etm\u0259kd\u0259 n\u0259 problem var? Xoflanmaq m\u0259s\u0259l\u0259sidir. H\u0259l\u0259 bilnmir, videom\u00fcraci\u0259t Prezident\u0259 \u00e7at\u0131bm\u0131? Prezident videonu g\u00f6r\u0259nd\u0259n sonra g\u00f6z\u0259l m\u00fcnasib\u0259t g\u00f6st\u0259rs\u0259, nec\u0259 olacaq? V\u0259ziyy\u0259t nec\u0259 d\u0259yi\u015f\u0259c\u0259k, m\u0259s\u0259l\u0259 bundad\u0131r\u201d.<\/p>\n\n\n\n<p>Bunu dublyaj aktyoru Kamal Ya\u015far \u201cYeni Avaz\u201d TV-y\u0259 m\u00fcsahib\u0259sind\u0259 <a href=\"https:\/\/www.youtube.com\/watch?v=U0I9yKBWN6A\" target=\"_blank\" rel=\"noreferrer noopener\">deyib.<\/a><\/p>\n\n\n\n<p>Aktyor fevral\u0131n 13-d\u0259 sosial \u015f\u0259b\u0259k\u0259d\u0259 Prezident \u0130lham \u018fliyev\u0259 dublyaj sah\u0259sinin probleml\u0259ri il\u0259 \u0259laq\u0259dar videom\u00fcraci\u0259t yay\u0131mlay\u0131b.<\/p>\n\n\n\n<p>Bundan bir g\u00fcn g\u00fcn sonra \u201cM\u0259d\u0259niyy\u0259t\u201d kanal\u0131ndak\u0131 \u201cKinokitab\u201d verili\u015finin yay\u0131m\u0131 <a href=\"https:\/\/d9mc3ts4czbpr.cloudfront.net\/az\/article\/ilham-eliyeve-muraciet-eden-aktyor-isden-cixarilib\/\" target=\"_blank\" rel=\"noreferrer noopener\">dayand\u0131r\u0131l\u0131b.<\/a><\/p>\n\n\n\n<p>Kamal Ya\u015far bildirib ki, bu, \u0130lham \u018fliyev\u0259 m\u0259lum m\u00fcraci\u0259tind\u0259n sonra ba\u015f verib.<\/p>\n\n\n\n<p>Telekanal m\u0259s\u0259l\u0259y\u0259 ayd\u0131nl\u0131q g\u0259tirib.<\/p>\n\n\n\n<p>Bildirilib ki, h\u0259l\u0259 2022-ci ilin sentyabr\u0131ndan \u201cKinokitab\u201d verili\u015fi yay\u0131mlanm\u0131rd\u0131.<\/p>\n\n\n\n<p>\u201cVerili\u015fin keyfiyy\u0259t bax\u0131m\u0131ndan m\u00fcasir t\u0259l\u0259bl\u0259rl\u0259 uy\u011funla\u015fmad\u0131\u011f\u0131 da yarad\u0131c\u0131 kollektiv\u0259 izah edilib. Bu il kollektiv\u0259 daha bir imkan verils\u0259 d\u0259, reytinq toplamad\u0131\u011f\u0131 \u00fc\u00e7\u00fcn yay\u0131m\u0131n\u0131n dayand\u0131r\u0131lmas\u0131na q\u0259rar verildi\u201d, &#8211; telekanal\u0131n yayd\u0131\u011f\u0131 a\u00e7\u0131qlamada bildirilib.<\/p>\n\n\n\n<p>H\u0259m\u00e7inin qeyd olunub ki, layih\u0259nin ba\u011flanmas\u0131 aktyorun yay\u0131mlad\u0131\u011f\u0131 videom\u00fcraci\u0259tl\u0259 \u0259laq\u0259dar deyil: <\/p>\n\n\n\n<p>\u201cBunu hans\u0131sa a\u00e7\u0131qlama v\u0259 payla\u015f\u0131mla \u0259laq\u0259l\u0259ndirm\u0259k fikri ba\u015fqa istiqam\u0259t\u0259 y\u00f6nl\u0259ndirm\u0259kd\u0259n, s\u00fcni ajiotaj yaratmaqdan ba\u015fqa bir \u015fey deyil. \u201cKinokitab\u201d verili\u015fi \u201cAz\u0259rbaycan Televiziya v\u0259 Radio Verili\u015fl\u0259ri\u201d QSC-nin m\u0259hsulu deyil, prodak\u015fn istehsal\u0131d\u0131r. Verili\u015fin \u0259rs\u0259y\u0259 g\u0259lm\u0259sind\u0259 d\u0259 \u0259m\u0259yi olan \u015f\u0259xsl\u0259r \u201cM\u0259d\u0259niyy\u0259t\u201d kanal\u0131n\u0131n \u0259m\u0259kda\u015flar\u0131 yox, k\u0259nar m\u00fc\u0259llifl\u0259rdir\u201d.<\/p>\n\n\n\n<p>Kamal Ya\u015far m\u00fcsahib\u0259sind\u0259 bildirib ki, layih\u0259 il\u0259 ba\u011fl\u0131 kanal\u0131n a\u00e7\u0131qlamas\u0131 h\u0259qiq\u0259ti \u0259ks etdirmir: <\/p>\n\n\n\n<p>\u201cA\u00e7\u0131qlamada reytinqin az oldu\u011funu dem\u0259k m\u0259n\u0259 g\u00fclm\u0259li g\u0259lir. Bu t\u0259klifi kim verib? Niy\u0259 el\u0259 yaz\u0131blar? Art\u0131q \u00fc\u00e7\u00fcnc\u00fc il idi ki, \u201cM\u0259d\u0259niyy\u0259t\u201d kanal\u0131nda i\u015fl\u0259yirdik. \u0130st\u0259nil\u0259n halda n\u0259tic\u0259 etibaril\u0259 televiziyan\u0131n m\u00f6vqeyidir. M\u0259n\u0259 yaratd\u0131qlar\u0131 \u015f\u0259rait\u0259 g\u00f6r\u0259 t\u0259\u015f\u0259kk\u00fcr edir\u0259m. Eyni zamanda da deyir\u0259m ki, bu add\u0131mla \u00e7ox s\u0259hv q\u0259rar verdiniz. S\u00f6zl\u0259rimd\u0259 he\u00e7 bir t\u0259hdid yoxdur, pis n\u0259s\u0259 yoxdur. Xoflanmaq n\u0259y\u0259 laz\u0131md\u0131r? Prezident videonu g\u00f6r\u0259nd\u0259n sonra nec\u0259 olacaq? M\u0259n bu televiziyada qonaq idim. Dedi ki, evimd\u0259n \u00e7\u0131x. N\u0259 olar, \u00e7\u0131xaram\u201d.<\/p>\n\n\n\n<p>M\u00fcraci\u0259tin\u0259 g\u0259linc\u0259, aktyor deyib ki, dublyaj sah\u0259sinin probleml\u0259ri il\u0259 \u0259laq\u0259dar d\u0259f\u0259l\u0259rl\u0259 aidiyy\u0259ti quruma m\u00fcraci\u0259t edib: <\/p>\n\n\n\n<p>\u201cDublyaj sah\u0259sind\u0259 bo\u015fluq, ciddi probleml\u0259r, yiy\u0259sizlik var. Probleml\u0259r deyilib, amma aidiyy\u0259ti qurumlar ciddiy\u0259 almay\u0131blar. Bunlar da ill\u0259rl\u0259 qulaqard\u0131na vuruldu\u011funa g\u00f6r\u0259 birinci adama dem\u0259kd\u0259n ba\u015fqa \u00e7ar\u0259 g\u00f6rm\u0259dim. Dublyaj sah\u0259sind\u0259ki insanlar \u00e7ox \u00e7\u0259tin v\u0259ziyy\u0259td\u0259 i\u015fl\u0259yirl\u0259r. M\u0259s\u0259l\u0259n, deyir\u0259m ki, M\u0259d\u0259niyy\u0259t Nazirliyinin elektron \u00fcnvan\u0131n\u0131 a\u00e7\u0131b, baxsalar, m\u00fcraci\u0259tl\u0259ri g\u00f6r\u0259c\u0259kl\u0259r. M\u0259n\u0259 ba\u015fqa variant buraxmad\u0131lar. \u015eikay\u0259timizi birinci \u00fcnvana ed\u0259nd\u0259 d\u0259 deyirl\u0259r ki, niy\u0259 bel\u0259 etdiniz. Ax\u0131 s\u0259n\u0259 ne\u00e7\u0259 d\u0259f\u0259 demi\u015fdim. Bir d\u0259 ki, m\u0259n niy\u0259 dem\u0259liy\u0259m? Dublyaj problemi qurum olaraq M\u0259d\u0259niyy\u0259t Nazirliyinindir. Niy\u0259 h\u0259llini tapm\u0131r? Niy\u0259 bu y\u00fck\u00fc m\u0259n \u00fcz\u0259rim\u0259 g\u00f6t\u00fcrm\u0259liy\u0259m, stress ya\u015famal\u0131yam, i\u015fimi itirm\u0259liy\u0259m?\u201d<\/p>\n\n\n\n<p>M\u0259d\u0259niyy\u0259t Nazirliyind\u0259n Meydan TV-y\u0259 bildirilib ki, yax\u0131n vaxtlarda m\u0259s\u0259l\u0259 il\u0259 \u0259laq\u0259dar a\u00e7\u0131qlama veril\u0259c\u0259k.<\/p>\n","protected":false},"excerpt":{"rendered":"<p>Kamal Ya\u015far i\u015fd\u0259n \u00e7\u0131xar\u0131lmas\u0131na g\u00f6r\u0259 \u201cM\u0259d\u0259niyy\u0259t\u201d kanal\u0131n\u0131n r\u0259hb\u0259rliyini q\u0131nay\u0131b \u201cBiz &#8230; <\/p>\n<p class=\"read-more-container\"><a title=\"\u0130\u015fd\u0259n \u00e7\u0131xar\u0131lan aktyor: \u201cS\u0259hv q\u0259rar verdiniz, prezident videonu g\u00f6r\u0259nd\u0259n sonra nec\u0259 olacaq?&#8221;\" class=\"read-more button\" href=\"https:\/\/www.meydan.tv\/az\/article\/isden-cixarilan-aktyor-sehv-qerar-verdiniz-prezident-videonu-gorenden-sonra-nece-olacaq\/#more-268531\" aria-label=\"Read more about \u0130\u015fd\u0259n \u00e7\u0131xar\u0131lan aktyor: \u201cS\u0259hv q\u0259rar verdiniz, prezident videonu g\u00f6r\u0259nd\u0259n sonra nec\u0259 olacaq?&#8221;\">Davam\u0131<\/a><\/p>\n","protected":false},"author":8,"featured_media":268476,"comment_status":"closed","ping_status":"closed","sticky":false,"template":"","format":"standard","meta":{"_acf_changed":false,"_sitemap_exclude":false,"_sitemap_priority":"","_sitemap_frequency":"","footnotes":""},"categories":[52,79,56],"tags":[],"class_list":["post-268531","post","type-post","status-publish","format-standard","has-post-thumbnail","hentry","category-medeniyyet","category-featured","category-xeberler","infinite-scroll-item","generate-columns","tablet-grid-50","mobile-grid-100","grid-parent","grid-33","no-featured-image-padding"],"acf":[],"yoast_head":"<!-- This site is optimized with the Yoast SEO plugin v27.4 - https:\/\/yoast.com\/product\/yoast-seo-wordpress\/ -->\n<title>\u0130\u015fd\u0259n \u00e7\u0131xar\u0131lan aktyor: \u201cS\u0259hv q\u0259rar verdiniz, prezident videonu g\u00f6r\u0259nd\u0259n sonra nec\u0259 olacaq?&quot; - MEYDAN.TV<\/title>\n<meta name=\"robots\" content=\"index, follow, max-snippet:-1, max-image-preview:large, max-video-preview:-1\" \/>\n<link rel=\"canonical\" href=\"https:\/\/www.meydan.tv\/az\/article\/isden-cixarilan-aktyor-sehv-qerar-verdiniz-prezident-videonu-gorenden-sonra-nece-olacaq\/\" \/>\n<meta property=\"og:locale\" content=\"az_AZ\" \/>\n<meta property=\"og:type\" content=\"article\" \/>\n<meta property=\"og:title\" content=\"\u0130\u015fd\u0259n \u00e7\u0131xar\u0131lan aktyor: \u201cS\u0259hv q\u0259rar verdiniz, prezident videonu g\u00f6r\u0259nd\u0259n sonra nec\u0259 olacaq?&quot; - MEYDAN.TV\" \/>\n<meta property=\"og:description\" content=\"Kamal Ya\u015far i\u015fd\u0259n \u00e7\u0131xar\u0131lmas\u0131na g\u00f6r\u0259 \u201cM\u0259d\u0259niyy\u0259t\u201d kanal\u0131n\u0131n r\u0259hb\u0259rliyini q\u0131nay\u0131b \u201cBiz ... Davam\u0131\" \/>\n<meta property=\"og:url\" content=\"https:\/\/www.meydan.tv\/az\/article\/isden-cixarilan-aktyor-sehv-qerar-verdiniz-prezident-videonu-gorenden-sonra-nece-olacaq\/\" \/>\n<meta property=\"og:site_name\" content=\"MEYDAN.TV\" \/>\n<meta property=\"article:published_time\" content=\"2023-02-16T10:02:32+00:00\" \/>\n<meta property=\"article:modified_time\" content=\"2023-02-16T10:29:18+00:00\" \/>\n<meta property=\"og:image\" content=\"https:\/\/www.meydan.tv\/wp-content\/uploads\/screenshot_1-23.png\" \/>\n\t<meta property=\"og:image:width\" content=\"962\" \/>\n\t<meta property=\"og:image:height\" content=\"496\" \/>\n\t<meta property=\"og:image:type\" content=\"image\/png\" \/>\n<meta name=\"author\" content=\"elli\" \/>\n<meta name=\"twitter:card\" content=\"summary_large_image\" \/>\n<meta name=\"twitter:creator\" content=\"@elli\" \/>\n<script type=\"application\/ld+json\" class=\"yoast-schema-graph\">{\"@context\":\"https:\\\/\\\/schema.org\",\"@graph\":[{\"@type\":\"Article\",\"@id\":\"https:\\\/\\\/www.meydan.tv\\\/az\\\/article\\\/isden-cixarilan-aktyor-sehv-qerar-verdiniz-prezident-videonu-gorenden-sonra-nece-olacaq\\\/#article\",\"isPartOf\":{\"@id\":\"https:\\\/\\\/www.meydan.tv\\\/az\\\/article\\\/isden-cixarilan-aktyor-sehv-qerar-verdiniz-prezident-videonu-gorenden-sonra-nece-olacaq\\\/\"},\"author\":{\"name\":\"elli\",\"@id\":\"https:\\\/\\\/www.meydan.tv\\\/az\\\/#\\\/schema\\\/person\\\/9cdbecf90d17180ce1dfbd95b08dcf47\"},\"headline\":\"\u0130\u015fd\u0259n \u00e7\u0131xar\u0131lan aktyor: \u201cS\u0259hv q\u0259rar verdiniz, prezident videonu g\u00f6r\u0259nd\u0259n sonra nec\u0259 olacaq?&#8221;\",\"datePublished\":\"2023-02-16T10:02:32+00:00\",\"dateModified\":\"2023-02-16T10:29:18+00:00\",\"mainEntityOfPage\":{\"@id\":\"https:\\\/\\\/www.meydan.tv\\\/az\\\/article\\\/isden-cixarilan-aktyor-sehv-qerar-verdiniz-prezident-videonu-gorenden-sonra-nece-olacaq\\\/\"},\"wordCount\":751,\"publisher\":{\"@id\":\"https:\\\/\\\/www.meydan.tv\\\/az\\\/#organization\"},\"image\":{\"@id\":\"https:\\\/\\\/www.meydan.tv\\\/az\\\/article\\\/isden-cixarilan-aktyor-sehv-qerar-verdiniz-prezident-videonu-gorenden-sonra-nece-olacaq\\\/#primaryimage\"},\"thumbnailUrl\":\"https:\\\/\\\/www.meydan.tv\\\/wp-content\\\/uploads\\\/screenshot_1-23.png\",\"articleSection\":[\"M\u0259d\u0259niyy\u0259t\",\"T\u00f6vsiy\u0259\",\"X\u0259b\u0259rl\u0259r\"],\"inLanguage\":\"az\"},{\"@type\":\"WebPage\",\"@id\":\"https:\\\/\\\/www.meydan.tv\\\/az\\\/article\\\/isden-cixarilan-aktyor-sehv-qerar-verdiniz-prezident-videonu-gorenden-sonra-nece-olacaq\\\/\",\"url\":\"https:\\\/\\\/www.meydan.tv\\\/az\\\/article\\\/isden-cixarilan-aktyor-sehv-qerar-verdiniz-prezident-videonu-gorenden-sonra-nece-olacaq\\\/\",\"name\":\"\u0130\u015fd\u0259n \u00e7\u0131xar\u0131lan aktyor: \u201cS\u0259hv q\u0259rar verdiniz, prezident videonu g\u00f6r\u0259nd\u0259n sonra nec\u0259 olacaq?\\\" - MEYDAN.TV\",\"isPartOf\":{\"@id\":\"https:\\\/\\\/www.meydan.tv\\\/az\\\/#website\"},\"primaryImageOfPage\":{\"@id\":\"https:\\\/\\\/www.meydan.tv\\\/az\\\/article\\\/isden-cixarilan-aktyor-sehv-qerar-verdiniz-prezident-videonu-gorenden-sonra-nece-olacaq\\\/#primaryimage\"},\"image\":{\"@id\":\"https:\\\/\\\/www.meydan.tv\\\/az\\\/article\\\/isden-cixarilan-aktyor-sehv-qerar-verdiniz-prezident-videonu-gorenden-sonra-nece-olacaq\\\/#primaryimage\"},\"thumbnailUrl\":\"https:\\\/\\\/www.meydan.tv\\\/wp-content\\\/uploads\\\/screenshot_1-23.png\",\"datePublished\":\"2023-02-16T10:02:32+00:00\",\"dateModified\":\"2023-02-16T10:29:18+00:00\",\"breadcrumb\":{\"@id\":\"https:\\\/\\\/www.meydan.tv\\\/az\\\/article\\\/isden-cixarilan-aktyor-sehv-qerar-verdiniz-prezident-videonu-gorenden-sonra-nece-olacaq\\\/#breadcrumb\"},\"inLanguage\":\"az\",\"potentialAction\":[{\"@type\":\"ReadAction\",\"target\":[\"https:\\\/\\\/www.meydan.tv\\\/az\\\/article\\\/isden-cixarilan-aktyor-sehv-qerar-verdiniz-prezident-videonu-gorenden-sonra-nece-olacaq\\\/\"]}]},{\"@type\":\"ImageObject\",\"inLanguage\":\"az\",\"@id\":\"https:\\\/\\\/www.meydan.tv\\\/az\\\/article\\\/isden-cixarilan-aktyor-sehv-qerar-verdiniz-prezident-videonu-gorenden-sonra-nece-olacaq\\\/#primaryimage\",\"url\":\"https:\\\/\\\/www.meydan.tv\\\/wp-content\\\/uploads\\\/screenshot_1-23.png\",\"contentUrl\":\"https:\\\/\\\/www.meydan.tv\\\/wp-content\\\/uploads\\\/screenshot_1-23.png\",\"width\":962,\"height\":496,\"caption\":\"Ya\u015far Kamal. Foto: screenshot\"},{\"@type\":\"BreadcrumbList\",\"@id\":\"https:\\\/\\\/www.meydan.tv\\\/az\\\/article\\\/isden-cixarilan-aktyor-sehv-qerar-verdiniz-prezident-videonu-gorenden-sonra-nece-olacaq\\\/#breadcrumb\",\"itemListElement\":[{\"@type\":\"ListItem\",\"position\":1,\"name\":\"Ana s\u0259hif\u0259\",\"item\":\"https:\\\/\\\/www.meydan.tv\\\/az\\\/\"},{\"@type\":\"ListItem\",\"position\":2,\"name\":\"M\u0259d\u0259niyy\u0259t\",\"item\":\"https:\\\/\\\/www.meydan.tv\\\/az\\\/section\\\/medeniyyet\\\/\"},{\"@type\":\"ListItem\",\"position\":3,\"name\":\"\u0130\u015fd\u0259n \u00e7\u0131xar\u0131lan aktyor: \u201cS\u0259hv q\u0259rar verdiniz, prezident videonu g\u00f6r\u0259nd\u0259n sonra nec\u0259 olacaq?&#8221;\"}]},{\"@type\":\"WebSite\",\"@id\":\"https:\\\/\\\/www.meydan.tv\\\/az\\\/#website\",\"url\":\"https:\\\/\\\/www.meydan.tv\\\/az\\\/\",\"name\":\"MEYDAN.TV\",\"description\":\"Meydan TV Az\u0259rbaycan\u0131n media m\u0259kan\u0131ndak\u0131 alternativ s\u0259sidir\",\"publisher\":{\"@id\":\"https:\\\/\\\/www.meydan.tv\\\/az\\\/#organization\"},\"potentialAction\":[{\"@type\":\"SearchAction\",\"target\":{\"@type\":\"EntryPoint\",\"urlTemplate\":\"https:\\\/\\\/www.meydan.tv\\\/az\\\/?s={search_term_string}\"},\"query-input\":{\"@type\":\"PropertyValueSpecification\",\"valueRequired\":true,\"valueName\":\"search_term_string\"}}],\"inLanguage\":\"az\"},{\"@type\":\"Organization\",\"@id\":\"https:\\\/\\\/www.meydan.tv\\\/az\\\/#organization\",\"name\":\"Meydan TV\",\"url\":\"https:\\\/\\\/www.meydan.tv\\\/az\\\/\",\"logo\":{\"@type\":\"ImageObject\",\"inLanguage\":\"az\",\"@id\":\"https:\\\/\\\/www.meydan.tv\\\/az\\\/#\\\/schema\\\/logo\\\/image\\\/\",\"url\":\"https:\\\/\\\/www.meydan.tv\\\/wp-content\\\/uploads\\\/2021\\\/07\\\/meydan-logo.svg\",\"contentUrl\":\"https:\\\/\\\/www.meydan.tv\\\/wp-content\\\/uploads\\\/2021\\\/07\\\/meydan-logo.svg\",\"width\":195,\"height\":46,\"caption\":\"Meydan TV\"},\"image\":{\"@id\":\"https:\\\/\\\/www.meydan.tv\\\/az\\\/#\\\/schema\\\/logo\\\/image\\\/\"}},{\"@type\":\"Person\",\"@id\":\"https:\\\/\\\/www.meydan.tv\\\/az\\\/#\\\/schema\\\/person\\\/9cdbecf90d17180ce1dfbd95b08dcf47\",\"name\":\"elli\",\"sameAs\":[\"https:\\\/\\\/x.com\\\/elli\"]}]}<\/script>\n<!-- \/ Yoast SEO plugin. -->","yoast_head_json":{"title":"\u0130\u015fd\u0259n \u00e7\u0131xar\u0131lan aktyor: \u201cS\u0259hv q\u0259rar verdiniz, prezident videonu g\u00f6r\u0259nd\u0259n sonra nec\u0259 olacaq?\" - MEYDAN.TV","robots":{"index":"index","follow":"follow","max-snippet":"max-snippet:-1","max-image-preview":"max-image-preview:large","max-video-preview":"max-video-preview:-1"},"canonical":"https:\/\/www.meydan.tv\/az\/article\/isden-cixarilan-aktyor-sehv-qerar-verdiniz-prezident-videonu-gorenden-sonra-nece-olacaq\/","og_locale":"az_AZ","og_type":"article","og_title":"\u0130\u015fd\u0259n \u00e7\u0131xar\u0131lan aktyor: \u201cS\u0259hv q\u0259rar verdiniz, prezident videonu g\u00f6r\u0259nd\u0259n sonra nec\u0259 olacaq?\" - MEYDAN.TV","og_description":"Kamal Ya\u015far i\u015fd\u0259n \u00e7\u0131xar\u0131lmas\u0131na g\u00f6r\u0259 \u201cM\u0259d\u0259niyy\u0259t\u201d kanal\u0131n\u0131n r\u0259hb\u0259rliyini q\u0131nay\u0131b \u201cBiz ... Davam\u0131","og_url":"https:\/\/www.meydan.tv\/az\/article\/isden-cixarilan-aktyor-sehv-qerar-verdiniz-prezident-videonu-gorenden-sonra-nece-olacaq\/","og_site_name":"MEYDAN.TV","article_published_time":"2023-02-16T10:02:32+00:00","article_modified_time":"2023-02-16T10:29:18+00:00","og_image":[{"width":962,"height":496,"url":"https:\/\/www.meydan.tv\/wp-content\/uploads\/screenshot_1-23.png","type":"image\/png"}],"author":"elli","twitter_card":"summary_large_image","twitter_creator":"@elli","schema":{"@context":"https:\/\/schema.org","@graph":[{"@type":"Article","@id":"https:\/\/www.meydan.tv\/az\/article\/isden-cixarilan-aktyor-sehv-qerar-verdiniz-prezident-videonu-gorenden-sonra-nece-olacaq\/#article","isPartOf":{"@id":"https:\/\/www.meydan.tv\/az\/article\/isden-cixarilan-aktyor-sehv-qerar-verdiniz-prezident-videonu-gorenden-sonra-nece-olacaq\/"},"author":{"name":"elli","@id":"https:\/\/www.meydan.tv\/az\/#\/schema\/person\/9cdbecf90d17180ce1dfbd95b08dcf47"},"headline":"\u0130\u015fd\u0259n \u00e7\u0131xar\u0131lan aktyor: \u201cS\u0259hv q\u0259rar verdiniz, prezident videonu g\u00f6r\u0259nd\u0259n sonra nec\u0259 olacaq?&#8221;","datePublished":"2023-02-16T10:02:32+00:00","dateModified":"2023-02-16T10:29:18+00:00","mainEntityOfPage":{"@id":"https:\/\/www.meydan.tv\/az\/article\/isden-cixarilan-aktyor-sehv-qerar-verdiniz-prezident-videonu-gorenden-sonra-nece-olacaq\/"},"wordCount":751,"publisher":{"@id":"https:\/\/www.meydan.tv\/az\/#organization"},"image":{"@id":"https:\/\/www.meydan.tv\/az\/article\/isden-cixarilan-aktyor-sehv-qerar-verdiniz-prezident-videonu-gorenden-sonra-nece-olacaq\/#primaryimage"},"thumbnailUrl":"https:\/\/www.meydan.tv\/wp-content\/uploads\/screenshot_1-23.png","articleSection":["M\u0259d\u0259niyy\u0259t","T\u00f6vsiy\u0259","X\u0259b\u0259rl\u0259r"],"inLanguage":"az"},{"@type":"WebPage","@id":"https:\/\/www.meydan.tv\/az\/article\/isden-cixarilan-aktyor-sehv-qerar-verdiniz-prezident-videonu-gorenden-sonra-nece-olacaq\/","url":"https:\/\/www.meydan.tv\/az\/article\/isden-cixarilan-aktyor-sehv-qerar-verdiniz-prezident-videonu-gorenden-sonra-nece-olacaq\/","name":"\u0130\u015fd\u0259n \u00e7\u0131xar\u0131lan aktyor: \u201cS\u0259hv q\u0259rar verdiniz, prezident videonu g\u00f6r\u0259nd\u0259n sonra nec\u0259 olacaq?\" - MEYDAN.TV","isPartOf":{"@id":"https:\/\/www.meydan.tv\/az\/#website"},"primaryImageOfPage":{"@id":"https:\/\/www.meydan.tv\/az\/article\/isden-cixarilan-aktyor-sehv-qerar-verdiniz-prezident-videonu-gorenden-sonra-nece-olacaq\/#primaryimage"},"image":{"@id":"https:\/\/www.meydan.tv\/az\/article\/isden-cixarilan-aktyor-sehv-qerar-verdiniz-prezident-videonu-gorenden-sonra-nece-olacaq\/#primaryimage"},"thumbnailUrl":"https:\/\/www.meydan.tv\/wp-content\/uploads\/screenshot_1-23.png","datePublished":"2023-02-16T10:02:32+00:00","dateModified":"2023-02-16T10:29:18+00:00","breadcrumb":{"@id":"https:\/\/www.meydan.tv\/az\/article\/isden-cixarilan-aktyor-sehv-qerar-verdiniz-prezident-videonu-gorenden-sonra-nece-olacaq\/#breadcrumb"},"inLanguage":"az","potentialAction":[{"@type":"ReadAction","target":["https:\/\/www.meydan.tv\/az\/article\/isden-cixarilan-aktyor-sehv-qerar-verdiniz-prezident-videonu-gorenden-sonra-nece-olacaq\/"]}]},{"@type":"ImageObject","inLanguage":"az","@id":"https:\/\/www.meydan.tv\/az\/article\/isden-cixarilan-aktyor-sehv-qerar-verdiniz-prezident-videonu-gorenden-sonra-nece-olacaq\/#primaryimage","url":"https:\/\/www.meydan.tv\/wp-content\/uploads\/screenshot_1-23.png","contentUrl":"https:\/\/www.meydan.tv\/wp-content\/uploads\/screenshot_1-23.png","width":962,"height":496,"caption":"Ya\u015far Kamal. Foto: screenshot"},{"@type":"BreadcrumbList","@id":"https:\/\/www.meydan.tv\/az\/article\/isden-cixarilan-aktyor-sehv-qerar-verdiniz-prezident-videonu-gorenden-sonra-nece-olacaq\/#breadcrumb","itemListElement":[{"@type":"ListItem","position":1,"name":"Ana s\u0259hif\u0259","item":"https:\/\/www.meydan.tv\/az\/"},{"@type":"ListItem","position":2,"name":"M\u0259d\u0259niyy\u0259t","item":"https:\/\/www.meydan.tv\/az\/section\/medeniyyet\/"},{"@type":"ListItem","position":3,"name":"\u0130\u015fd\u0259n \u00e7\u0131xar\u0131lan aktyor: \u201cS\u0259hv q\u0259rar verdiniz, prezident videonu g\u00f6r\u0259nd\u0259n sonra nec\u0259 olacaq?&#8221;"}]},{"@type":"WebSite","@id":"https:\/\/www.meydan.tv\/az\/#website","url":"https:\/\/www.meydan.tv\/az\/","name":"MEYDAN.TV","description":"Meydan TV Az\u0259rbaycan\u0131n media m\u0259kan\u0131ndak\u0131 alternativ s\u0259sidir","publisher":{"@id":"https:\/\/www.meydan.tv\/az\/#organization"},"potentialAction":[{"@type":"SearchAction","target":{"@type":"EntryPoint","urlTemplate":"https:\/\/www.meydan.tv\/az\/?s={search_term_string}"},"query-input":{"@type":"PropertyValueSpecification","valueRequired":true,"valueName":"search_term_string"}}],"inLanguage":"az"},{"@type":"Organization","@id":"https:\/\/www.meydan.tv\/az\/#organization","name":"Meydan TV","url":"https:\/\/www.meydan.tv\/az\/","logo":{"@type":"ImageObject","inLanguage":"az","@id":"https:\/\/www.meydan.tv\/az\/#\/schema\/logo\/image\/","url":"https:\/\/www.meydan.tv\/wp-content\/uploads\/2021\/07\/meydan-logo.svg","contentUrl":"https:\/\/www.meydan.tv\/wp-content\/uploads\/2021\/07\/meydan-logo.svg","width":195,"height":46,"caption":"Meydan TV"},"image":{"@id":"https:\/\/www.meydan.tv\/az\/#\/schema\/logo\/image\/"}},{"@type":"Person","@id":"https:\/\/www.meydan.tv\/az\/#\/schema\/person\/9cdbecf90d17180ce1dfbd95b08dcf47","name":"elli","sameAs":["https:\/\/x.com\/elli"]}]}},"_links":{"self":[{"href":"https:\/\/www.meydan.tv\/az\/wp-json\/wp\/v2\/posts\/268531","targetHints":{"allow":["GET"]}}],"collection":[{"href":"https:\/\/www.meydan.tv\/az\/wp-json\/wp\/v2\/posts"}],"about":[{"href":"https:\/\/www.meydan.tv\/az\/wp-json\/wp\/v2\/types\/post"}],"author":[{"embeddable":true,"href":"https:\/\/www.meydan.tv\/az\/wp-json\/wp\/v2\/users\/8"}],"replies":[{"embeddable":true,"href":"https:\/\/www.meydan.tv\/az\/wp-json\/wp\/v2\/comments?post=268531"}],"version-history":[{"count":2,"href":"https:\/\/www.meydan.tv\/az\/wp-json\/wp\/v2\/posts\/268531\/revisions"}],"predecessor-version":[{"id":268535,"href":"https:\/\/www.meydan.tv\/az\/wp-json\/wp\/v2\/posts\/268531\/revisions\/268535"}],"wp:featuredmedia":[{"embeddable":true,"href":"https:\/\/www.meydan.tv\/az\/wp-json\/wp\/v2\/media\/268476"}],"wp:attachment":[{"href":"https:\/\/www.meydan.tv\/az\/wp-json\/wp\/v2\/media?parent=268531"}],"wp:term":[{"taxonomy":"category","embeddable":true,"href":"https:\/\/www.meydan.tv\/az\/wp-json\/wp\/v2\/categories?post=268531"},{"taxonomy":"post_tag","embeddable":true,"href":"https:\/\/www.meydan.tv\/az\/wp-json\/wp\/v2\/tags?post=268531"}],"curies":[{"name":"wp","href":"https:\/\/api.w.org\/{rel}","templated":true}]}}