{"id":268490,"date":"2023-02-15T17:12:20","date_gmt":"2023-02-15T13:12:20","guid":{"rendered":"https:\/\/www.meydan.tv\/?p=268490"},"modified":"2023-02-15T17:46:58","modified_gmt":"2023-02-15T13:46:58","slug":"bas-prokuror-eqreb-movsumunun-yaradici-heyetini-teltif-edib","status":"publish","type":"post","link":"https:\/\/www.meydan.tv\/az\/article\/bas-prokuror-eqreb-movsumunun-yaradici-heyetini-teltif-edib\/","title":{"rendered":"<strong>Ba\u015f prokuror \u201c\u018fqr\u0259b m\u00f6vs\u00fcm\u00fc\u201dn\u00fcn yarad\u0131c\u0131 hey\u0259tini t\u0259ltif edib<\/strong>"},"content":{"rendered":"\n<p><em>Kinot\u0259nqid\u00e7i: &#8220;Serialda d\u00f6vl\u0259t qurumlar\u0131 bar\u0259d\u0259 el\u0259 t\u0259\u0259ss\u00fcrat yarad\u0131l\u0131r ki, sanki onlarda he\u00e7 bir problem yoxdur&#8221;<\/em><\/p>\n\n\n\n<p>Ba\u015f prokuror Kamran \u018fliyev \u201c\u018fqr\u0259b m\u00f6vs\u00fcm\u00fc\u201d serial\u0131n\u0131n yarad\u0131c\u0131 hey\u0259tini t\u0259ltif edib.<\/p>\n\n\n\n<p>Bu haqda m\u0259lumat qurumun sayt\u0131nda yerl\u0259\u015fdirilib.<\/p>\n\n\n\n<p>Bildirilib ki, \u201cHeyd\u0259r \u018fliyev \u0130li\u201d elan edilm\u0259si il\u0259 ba\u011fl\u0131 Prokurorluq \u00fczr\u0259 t\u0259sdiq edilmi\u015f T\u0259dbirl\u0259r Plan\u0131na uy\u011fun olaraq ke\u00e7irilmi\u015f \u201c\u0130lin \u0259n yax\u015f\u0131 m\u00fcst\u0259ntiqi\u201d v\u0259 \u201c\u0130lin \u0259n yax\u015f\u0131 d\u00f6vl\u0259t ittiham\u00e7\u0131s\u0131\u201d m\u00fcsabiq\u0259l\u0259rinin qalibl\u0259rin\u0259, h\u0259m\u00e7inin \u201cProkurorlu\u011fun dostu\u201d t\u0259ltifin\u0259 layiq g\u00f6r\u00fclm\u00fc\u015f media qurumlar\u0131n\u0131n n\u00fcmay\u0259nd\u0259l\u0259rin\u0259 m\u00fckafatlar\u0131n t\u0259qdim olunmas\u0131 il\u0259 ba\u011fl\u0131 t\u0259dbir <a href=\"https:\/\/genprosecutor.gov.az\/az\/post\/6041\">ke\u00e7irilib<\/a>.<\/p>\n\n\n\n<p>M\u0259rasim \u00e7\u0259r\u00e7iv\u0259sind\u0259 h\u0259m\u00e7inin \u201c\u0130ctimai\u201d televiziyada yay\u0131mlanan \u201c\u018fqr\u0259b m\u00f6vs\u00fcm\u00fc\u201d serial\u0131n\u0131n yarad\u0131c\u0131 hey\u0259ti v\u0259 aktyorlar\u0131 t\u0259ltif edilibl\u0259r.<\/p>\n\n\n\n<figure class=\"gb-block-image gb-block-image-6e24cd35\"><img decoding=\"async\" width=\"1024\" height=\"682\" class=\"gb-image gb-image-6e24cd35 lazyload\" data-src=\"https:\/\/www.meydan.tv\/wp-content\/uploads\/1-1.jpeg\" alt=\"\" title=\"1-1\" src=\"data:image\/svg+xml;base64,PHN2ZyB3aWR0aD0iMSIgaGVpZ2h0PSIxIiB4bWxucz0iaHR0cDovL3d3dy53My5vcmcvMjAwMC9zdmciPjwvc3ZnPg==\" style=\"--smush-placeholder-width: 1024px; --smush-placeholder-aspect-ratio: 1024\/682;\" \/><\/figure>\n\n\n\n<p>M\u0259nb\u0259: Ba\u015f Prokurorluq<\/p>\n\n\n\n<p>T\u0259dbird\u0259 \u00e7\u0131x\u0131\u015f ed\u0259n \u0130ctimai Televiziya v\u0259 Radio Yay\u0131mlar\u0131 \u015eirk\u0259tinin ba\u015f direktoru Balaki\u015fi Qas\u0131mov Ba\u015f Prokurorlu\u011fun d\u0259st\u0259yi il\u0259 \u0259rs\u0259y\u0259 g\u0259lmi\u015f \u201c\u018fqr\u0259b m\u00f6vs\u00fcm\u00fc\u201dn\u00fcn sosial \u015f\u0259b\u0259k\u0259l\u0259rd\u0259 m\u00fczakir\u0259l\u0259r\u0259 s\u0259b\u0259b olmas\u0131ndan v\u0259 izl\u0259yicil\u0259rin r\u0259\u011fb\u0259tind\u0259n m\u0259mnunlu\u011funu bildirm\u0259kl\u0259 filmin son g\u00fcnl\u0259r televiziya m\u0259kan\u0131nda \u0259n \u00e7ox izl\u0259n\u0259n seriallar s\u0131ras\u0131nda olmas\u0131n\u0131 qeyd edib.<\/p>\n\n\n\n<p>O bildirib ki, serialda prokurorluq pe\u015f\u0259si ictimaiyy\u0259tin b\u00f6y\u00fck mara\u011f\u0131na s\u0259b\u0259b olub.<\/p>\n\n\n\n<p>G\u0259ncl\u0259rin z\u0259r\u0259rli v\u0259rdi\u015fl\u0259rd\u0259n \u00e7\u0259kinm\u0259si v\u0259 \u00fcmumilikd\u0259 c\u0259miyy\u0259tin h\u00fcquqi maarifl\u0259nm\u0259si bax\u0131m\u0131ndan bu kimi layih\u0259l\u0259rin g\u0259l\u0259c\u0259kd\u0259 davam etdirilm\u0259si \u00fc\u00e7\u00fcn qar\u015f\u0131l\u0131ql\u0131 \u0259m\u0259kda\u015fl\u0131\u011f\u0131n \u0259h\u0259miyy\u0259ti vur\u011fulan\u0131b.<\/p>\n\n\n\n<p>Sonda Ba\u015f prokuror filmin rejissoru Emil Quliyev\u0259, aktyor-ssenarit Az\u0259r Ayd\u0259mir\u0259, aktyorlar Hikm\u0259t R\u0259himov, Abbas Q\u0259hr\u0259manova v\u0259 ba\u015f prod\u00fcser Yal\u00e7\u0131n Verdiyev\u0259 h\u0259diyy\u0259l\u0259r t\u0259qdim edib.<\/p>\n\n\n\n<p>2023-c\u00fc ilin yanvar\u0131ndan etibar\u0259n&nbsp; \u201c\u0130ctimai\u201d TV-d\u0259 yay\u0131mlanan dram, triller v\u0259 detektiv janrlar\u0131nda olan Az\u0259rbaycan serial\u0131 \u201c\u018fqr\u0259b m\u00f6vs\u00fcm\u00fc\u201d maraqla qar\u015f\u0131lan\u0131b.<\/p>\n\n\n\n<p>Kino t\u0259nqid\u00e7il\u0259ri serial\u0131 u\u011furlu hesab edibl\u0259r.<\/p>\n\n\n\n<p>Serialda i\u015f adam\u0131 Qurban Amanovun (Abbas Q\u0259hr\u0259manov) o\u011flu m\u00fc\u0259mmal\u0131 \u015f\u0259kild\u0259 yoxa \u00e7\u0131x\u0131r, daha sonra is\u0259 onun b\u0259d\u0259ni hiss\u0259l\u0259r\u0259 b\u00f6l\u00fcnm\u00fc\u015f \u015f\u0259kild\u0259 \u015f\u0259h\u0259rin m\u00fcxt\u0259lif yerl\u0259rind\u0259n tap\u0131l\u0131r.<\/p>\n\n\n\n<p>Qatili tapmaq is\u0259 prokurorluqdan istefa vermi\u015f K\u0259nan Orucova (Hikm\u0259t R\u0259himov) tap\u015f\u0131r\u0131l\u0131r.<\/p>\n\n\n\n<p>Daha do\u011frusu, onu yenid\u0259n prokurorluqda i\u015f\u0259 d\u00fcz\u0259lm\u0259y\u0259 raz\u0131 sal\u0131rlar, \u00e7\u00fcnki indi h\u0259r \u015fey d\u0259yi\u015fib, prokurorluqda islahatlar gedir v\u0259 \u201ck\u00f6hn\u0259nin qal\u0131qlar\u0131\u201dn\u0131 unutmaq vaxt\u0131d\u0131r.<\/p>\n\n\n\n<p>Kino t\u0259nqid\u00e7isi Hac\u0131 S\u0259f\u0259rov deyir ki, Az\u0259rbaycan kinosunun, x\u00fcsusil\u0259 d\u00f6vl\u0259t sifari\u015fi il\u0259 \u00e7\u0259kil\u0259n \u0259ks\u0259r i\u015fl\u0259rin problemi ideoloji-propaqanda t\u0259r\u0259finin hekay\u0259nin \u00f6n\u00fcn\u0259 <a href=\"https:\/\/kinoyazar.az\/%C9%99qr%C9%99b-movsumunu-bagli-elan-edirik\/\">ke\u00e7m\u0259si olurdu<\/a>.<\/p>\n\n\n\n<p>Burada is\u0259 hekay\u0259 \u00f6z\u00fc maraql\u0131 oldu\u011fu \u00fc\u00e7\u00fcn islahat propaqandas\u0131na olunan vur\u011fu \u00e7ox da g\u00f6z\u0259 batm\u0131r:<\/p>\n\n\n\n<p>\u201cSad\u0259c\u0259, ba\u015f roldak\u0131 h\u0259r iki m\u00fcst\u0259ntiqin \u201ckim daha yax\u015f\u0131d\u0131r\u201d m\u00fcbariz\u0259si inand\u0131r\u0131c\u0131l\u0131\u011f\u0131 azald\u0131r. \u00dcmumiyy\u0259tl\u0259, serialda d\u00f6vl\u0259t qurumlar\u0131 bar\u0259d\u0259 el\u0259 t\u0259\u0259ss\u00fcrat yarad\u0131l\u0131r ki, sanki onlarda he\u00e7 bir problem yoxdur, b\u00fct\u00fcn g\u00fcnah adi v\u0259t\u0259nda\u015flarda, onlar\u0131n i\u015fbilm\u0259zliyind\u0259dir. H\u0259tta serial\u0131n bir yerind\u0259 cinay\u0259t i\u015fini ba\u011flay\u0131rlar v\u0259 buna g\u00f6r\u0259 m\u00fcdir Akif m\u00fcst\u0259ntiql\u0259rl\u0259 dialoq zaman\u0131 m\u0259tbuat\u0131 g\u00fcnahland\u0131r\u0131r, \u201cbizim \u00fcst\u00fcm\u00fcz\u0259 \u00e7ox g\u0259lirl\u0259r\u201d deyir. Bu kimi m\u00fcxt\u0259lif m\u0259qamlar var ki, serial\u0131n ideoloji x\u0259ttini m\u00fc\u0259yy\u0259n edir\u201d.<\/p>\n\n\n\n<p>\u201c\u018fqr\u0259b m\u00f6vs\u00fcm\u00fc\u201d serial\u0131n\u0131n ssenari m\u00fc\u0259llifi v\u0259 aktyoru Az\u0259r Ayd\u0259mir Meydan TV-y\u0259 bildirib ki, layih\u0259 sifari\u015flidir:<br>\u201cSerial\u0131n birinci seriyas\u0131 \u00e7\u0259kilm\u0259y\u0259 ba\u015flayanda, art\u0131q Ba\u015f Prokurorluq xeyir-duas\u0131n\u0131 vermi\u015fdi. \u018fslind\u0259, t\u0259bli\u011f d\u0259 deyil. Sad\u0259c\u0259, istintaq sah\u0259sind\u0259 \u00e7al\u0131\u015fan m\u00fcst\u0259ntiql\u0259rin g\u00f6rd\u00fckl\u0259ri i\u015fl\u0259ri insanlara g\u00f6st\u0259rm\u0259yi \u00f6z\u00fcm\u00fcz\u0259 borc bildik\u201d.<\/p>\n\n\n\n<p>On bir hiss\u0259li serial\u0131n b\u00fcdc\u0259si 250 min manatd\u0131r.<\/p>\n","protected":false},"excerpt":{"rendered":"<p>Kinot\u0259nqid\u00e7i: &#8220;Serialda d\u00f6vl\u0259t qurumlar\u0131 bar\u0259d\u0259 el\u0259 t\u0259\u0259ss\u00fcrat yarad\u0131l\u0131r ki, sanki &#8230; <\/p>\n<p class=\"read-more-container\"><a title=\"Ba\u015f prokuror \u201c\u018fqr\u0259b m\u00f6vs\u00fcm\u00fc\u201dn\u00fcn yarad\u0131c\u0131 hey\u0259tini t\u0259ltif edib\" class=\"read-more button\" href=\"https:\/\/www.meydan.tv\/az\/article\/bas-prokuror-eqreb-movsumunun-yaradici-heyetini-teltif-edib\/#more-268490\" aria-label=\"Read more about Ba\u015f prokuror \u201c\u018fqr\u0259b m\u00f6vs\u00fcm\u00fc\u201dn\u00fcn yarad\u0131c\u0131 hey\u0259tini t\u0259ltif edib\">Davam\u0131<\/a><\/p>\n","protected":false},"author":18,"featured_media":268491,"comment_status":"closed","ping_status":"closed","sticky":false,"template":"","format":"standard","meta":{"_acf_changed":false,"_sitemap_exclude":false,"_sitemap_priority":"","_sitemap_frequency":"","footnotes":""},"categories":[52,56],"tags":[],"class_list":["post-268490","post","type-post","status-publish","format-standard","has-post-thumbnail","hentry","category-medeniyyet","category-xeberler","infinite-scroll-item","generate-columns","tablet-grid-50","mobile-grid-100","grid-parent","grid-33","no-featured-image-padding"],"acf":[],"yoast_head":"<!-- This site is optimized with the Yoast SEO plugin v27.4 - https:\/\/yoast.com\/product\/yoast-seo-wordpress\/ -->\n<title>Ba\u015f prokuror \u201c\u018fqr\u0259b m\u00f6vs\u00fcm\u00fc\u201dn\u00fcn yarad\u0131c\u0131 hey\u0259tini t\u0259ltif edib - MEYDAN.TV<\/title>\n<meta name=\"robots\" content=\"index, follow, max-snippet:-1, max-image-preview:large, max-video-preview:-1\" \/>\n<link rel=\"canonical\" href=\"https:\/\/www.meydan.tv\/az\/article\/bas-prokuror-eqreb-movsumunun-yaradici-heyetini-teltif-edib\/\" \/>\n<meta property=\"og:locale\" content=\"az_AZ\" \/>\n<meta property=\"og:type\" content=\"article\" \/>\n<meta property=\"og:title\" content=\"Ba\u015f prokuror \u201c\u018fqr\u0259b m\u00f6vs\u00fcm\u00fc\u201dn\u00fcn yarad\u0131c\u0131 hey\u0259tini t\u0259ltif edib - MEYDAN.TV\" \/>\n<meta property=\"og:description\" content=\"Kinot\u0259nqid\u00e7i: &#8220;Serialda d\u00f6vl\u0259t qurumlar\u0131 bar\u0259d\u0259 el\u0259 t\u0259\u0259ss\u00fcrat yarad\u0131l\u0131r ki, sanki ... Davam\u0131\" \/>\n<meta property=\"og:url\" content=\"https:\/\/www.meydan.tv\/az\/article\/bas-prokuror-eqreb-movsumunun-yaradici-heyetini-teltif-edib\/\" \/>\n<meta property=\"og:site_name\" content=\"MEYDAN.TV\" \/>\n<meta property=\"article:published_time\" content=\"2023-02-15T13:12:20+00:00\" \/>\n<meta property=\"article:modified_time\" content=\"2023-02-15T13:46:58+00:00\" \/>\n<meta property=\"og:image\" content=\"https:\/\/www.meydan.tv\/wp-content\/uploads\/maxresdefault-16.jpg\" \/>\n\t<meta property=\"og:image:width\" content=\"1280\" \/>\n\t<meta property=\"og:image:height\" content=\"720\" \/>\n\t<meta property=\"og:image:type\" content=\"image\/jpeg\" \/>\n<meta name=\"author\" content=\"miron\" \/>\n<meta name=\"twitter:card\" content=\"summary_large_image\" \/>\n<script type=\"application\/ld+json\" class=\"yoast-schema-graph\">{\"@context\":\"https:\\\/\\\/schema.org\",\"@graph\":[{\"@type\":\"Article\",\"@id\":\"https:\\\/\\\/www.meydan.tv\\\/az\\\/article\\\/bas-prokuror-eqreb-movsumunun-yaradici-heyetini-teltif-edib\\\/#article\",\"isPartOf\":{\"@id\":\"https:\\\/\\\/www.meydan.tv\\\/az\\\/article\\\/bas-prokuror-eqreb-movsumunun-yaradici-heyetini-teltif-edib\\\/\"},\"author\":{\"name\":\"miron\",\"@id\":\"https:\\\/\\\/www.meydan.tv\\\/az\\\/#\\\/schema\\\/person\\\/981b0b284aeaa9ad0cbf814cd4a9d67c\"},\"headline\":\"Ba\u015f prokuror \u201c\u018fqr\u0259b m\u00f6vs\u00fcm\u00fc\u201dn\u00fcn yarad\u0131c\u0131 hey\u0259tini t\u0259ltif edib\",\"datePublished\":\"2023-02-15T13:12:20+00:00\",\"dateModified\":\"2023-02-15T13:46:58+00:00\",\"mainEntityOfPage\":{\"@id\":\"https:\\\/\\\/www.meydan.tv\\\/az\\\/article\\\/bas-prokuror-eqreb-movsumunun-yaradici-heyetini-teltif-edib\\\/\"},\"wordCount\":780,\"publisher\":{\"@id\":\"https:\\\/\\\/www.meydan.tv\\\/az\\\/#organization\"},\"image\":{\"@id\":\"https:\\\/\\\/www.meydan.tv\\\/az\\\/article\\\/bas-prokuror-eqreb-movsumunun-yaradici-heyetini-teltif-edib\\\/#primaryimage\"},\"thumbnailUrl\":\"https:\\\/\\\/www.meydan.tv\\\/wp-content\\\/uploads\\\/maxresdefault-16.jpg\",\"articleSection\":[\"M\u0259d\u0259niyy\u0259t\",\"X\u0259b\u0259rl\u0259r\"],\"inLanguage\":\"az\"},{\"@type\":\"WebPage\",\"@id\":\"https:\\\/\\\/www.meydan.tv\\\/az\\\/article\\\/bas-prokuror-eqreb-movsumunun-yaradici-heyetini-teltif-edib\\\/\",\"url\":\"https:\\\/\\\/www.meydan.tv\\\/az\\\/article\\\/bas-prokuror-eqreb-movsumunun-yaradici-heyetini-teltif-edib\\\/\",\"name\":\"Ba\u015f prokuror \u201c\u018fqr\u0259b m\u00f6vs\u00fcm\u00fc\u201dn\u00fcn yarad\u0131c\u0131 hey\u0259tini t\u0259ltif edib - MEYDAN.TV\",\"isPartOf\":{\"@id\":\"https:\\\/\\\/www.meydan.tv\\\/az\\\/#website\"},\"primaryImageOfPage\":{\"@id\":\"https:\\\/\\\/www.meydan.tv\\\/az\\\/article\\\/bas-prokuror-eqreb-movsumunun-yaradici-heyetini-teltif-edib\\\/#primaryimage\"},\"image\":{\"@id\":\"https:\\\/\\\/www.meydan.tv\\\/az\\\/article\\\/bas-prokuror-eqreb-movsumunun-yaradici-heyetini-teltif-edib\\\/#primaryimage\"},\"thumbnailUrl\":\"https:\\\/\\\/www.meydan.tv\\\/wp-content\\\/uploads\\\/maxresdefault-16.jpg\",\"datePublished\":\"2023-02-15T13:12:20+00:00\",\"dateModified\":\"2023-02-15T13:46:58+00:00\",\"breadcrumb\":{\"@id\":\"https:\\\/\\\/www.meydan.tv\\\/az\\\/article\\\/bas-prokuror-eqreb-movsumunun-yaradici-heyetini-teltif-edib\\\/#breadcrumb\"},\"inLanguage\":\"az\",\"potentialAction\":[{\"@type\":\"ReadAction\",\"target\":[\"https:\\\/\\\/www.meydan.tv\\\/az\\\/article\\\/bas-prokuror-eqreb-movsumunun-yaradici-heyetini-teltif-edib\\\/\"]}]},{\"@type\":\"ImageObject\",\"inLanguage\":\"az\",\"@id\":\"https:\\\/\\\/www.meydan.tv\\\/az\\\/article\\\/bas-prokuror-eqreb-movsumunun-yaradici-heyetini-teltif-edib\\\/#primaryimage\",\"url\":\"https:\\\/\\\/www.meydan.tv\\\/wp-content\\\/uploads\\\/maxresdefault-16.jpg\",\"contentUrl\":\"https:\\\/\\\/www.meydan.tv\\\/wp-content\\\/uploads\\\/maxresdefault-16.jpg\",\"width\":1280,\"height\":720,\"caption\":\"M\u0259nb\u0259: \u0130ctimai tv\"},{\"@type\":\"BreadcrumbList\",\"@id\":\"https:\\\/\\\/www.meydan.tv\\\/az\\\/article\\\/bas-prokuror-eqreb-movsumunun-yaradici-heyetini-teltif-edib\\\/#breadcrumb\",\"itemListElement\":[{\"@type\":\"ListItem\",\"position\":1,\"name\":\"Ana s\u0259hif\u0259\",\"item\":\"https:\\\/\\\/www.meydan.tv\\\/az\\\/\"},{\"@type\":\"ListItem\",\"position\":2,\"name\":\"X\u0259b\u0259rl\u0259r\",\"item\":\"https:\\\/\\\/www.meydan.tv\\\/az\\\/section\\\/xeberler\\\/\"},{\"@type\":\"ListItem\",\"position\":3,\"name\":\"Ba\u015f prokuror \u201c\u018fqr\u0259b m\u00f6vs\u00fcm\u00fc\u201dn\u00fcn yarad\u0131c\u0131 hey\u0259tini t\u0259ltif edib\"}]},{\"@type\":\"WebSite\",\"@id\":\"https:\\\/\\\/www.meydan.tv\\\/az\\\/#website\",\"url\":\"https:\\\/\\\/www.meydan.tv\\\/az\\\/\",\"name\":\"MEYDAN.TV\",\"description\":\"Meydan TV Az\u0259rbaycan\u0131n media m\u0259kan\u0131ndak\u0131 alternativ s\u0259sidir\",\"publisher\":{\"@id\":\"https:\\\/\\\/www.meydan.tv\\\/az\\\/#organization\"},\"potentialAction\":[{\"@type\":\"SearchAction\",\"target\":{\"@type\":\"EntryPoint\",\"urlTemplate\":\"https:\\\/\\\/www.meydan.tv\\\/az\\\/?s={search_term_string}\"},\"query-input\":{\"@type\":\"PropertyValueSpecification\",\"valueRequired\":true,\"valueName\":\"search_term_string\"}}],\"inLanguage\":\"az\"},{\"@type\":\"Organization\",\"@id\":\"https:\\\/\\\/www.meydan.tv\\\/az\\\/#organization\",\"name\":\"Meydan TV\",\"url\":\"https:\\\/\\\/www.meydan.tv\\\/az\\\/\",\"logo\":{\"@type\":\"ImageObject\",\"inLanguage\":\"az\",\"@id\":\"https:\\\/\\\/www.meydan.tv\\\/az\\\/#\\\/schema\\\/logo\\\/image\\\/\",\"url\":\"https:\\\/\\\/www.meydan.tv\\\/wp-content\\\/uploads\\\/2021\\\/07\\\/meydan-logo.svg\",\"contentUrl\":\"https:\\\/\\\/www.meydan.tv\\\/wp-content\\\/uploads\\\/2021\\\/07\\\/meydan-logo.svg\",\"width\":195,\"height\":46,\"caption\":\"Meydan TV\"},\"image\":{\"@id\":\"https:\\\/\\\/www.meydan.tv\\\/az\\\/#\\\/schema\\\/logo\\\/image\\\/\"}},{\"@type\":\"Person\",\"@id\":\"https:\\\/\\\/www.meydan.tv\\\/az\\\/#\\\/schema\\\/person\\\/981b0b284aeaa9ad0cbf814cd4a9d67c\",\"name\":\"miron\"}]}<\/script>\n<!-- \/ Yoast SEO plugin. -->","yoast_head_json":{"title":"Ba\u015f prokuror \u201c\u018fqr\u0259b m\u00f6vs\u00fcm\u00fc\u201dn\u00fcn yarad\u0131c\u0131 hey\u0259tini t\u0259ltif edib - MEYDAN.TV","robots":{"index":"index","follow":"follow","max-snippet":"max-snippet:-1","max-image-preview":"max-image-preview:large","max-video-preview":"max-video-preview:-1"},"canonical":"https:\/\/www.meydan.tv\/az\/article\/bas-prokuror-eqreb-movsumunun-yaradici-heyetini-teltif-edib\/","og_locale":"az_AZ","og_type":"article","og_title":"Ba\u015f prokuror \u201c\u018fqr\u0259b m\u00f6vs\u00fcm\u00fc\u201dn\u00fcn yarad\u0131c\u0131 hey\u0259tini t\u0259ltif edib - MEYDAN.TV","og_description":"Kinot\u0259nqid\u00e7i: &#8220;Serialda d\u00f6vl\u0259t qurumlar\u0131 bar\u0259d\u0259 el\u0259 t\u0259\u0259ss\u00fcrat yarad\u0131l\u0131r ki, sanki ... Davam\u0131","og_url":"https:\/\/www.meydan.tv\/az\/article\/bas-prokuror-eqreb-movsumunun-yaradici-heyetini-teltif-edib\/","og_site_name":"MEYDAN.TV","article_published_time":"2023-02-15T13:12:20+00:00","article_modified_time":"2023-02-15T13:46:58+00:00","og_image":[{"width":1280,"height":720,"url":"https:\/\/www.meydan.tv\/wp-content\/uploads\/maxresdefault-16.jpg","type":"image\/jpeg"}],"author":"miron","twitter_card":"summary_large_image","schema":{"@context":"https:\/\/schema.org","@graph":[{"@type":"Article","@id":"https:\/\/www.meydan.tv\/az\/article\/bas-prokuror-eqreb-movsumunun-yaradici-heyetini-teltif-edib\/#article","isPartOf":{"@id":"https:\/\/www.meydan.tv\/az\/article\/bas-prokuror-eqreb-movsumunun-yaradici-heyetini-teltif-edib\/"},"author":{"name":"miron","@id":"https:\/\/www.meydan.tv\/az\/#\/schema\/person\/981b0b284aeaa9ad0cbf814cd4a9d67c"},"headline":"Ba\u015f prokuror \u201c\u018fqr\u0259b m\u00f6vs\u00fcm\u00fc\u201dn\u00fcn yarad\u0131c\u0131 hey\u0259tini t\u0259ltif edib","datePublished":"2023-02-15T13:12:20+00:00","dateModified":"2023-02-15T13:46:58+00:00","mainEntityOfPage":{"@id":"https:\/\/www.meydan.tv\/az\/article\/bas-prokuror-eqreb-movsumunun-yaradici-heyetini-teltif-edib\/"},"wordCount":780,"publisher":{"@id":"https:\/\/www.meydan.tv\/az\/#organization"},"image":{"@id":"https:\/\/www.meydan.tv\/az\/article\/bas-prokuror-eqreb-movsumunun-yaradici-heyetini-teltif-edib\/#primaryimage"},"thumbnailUrl":"https:\/\/www.meydan.tv\/wp-content\/uploads\/maxresdefault-16.jpg","articleSection":["M\u0259d\u0259niyy\u0259t","X\u0259b\u0259rl\u0259r"],"inLanguage":"az"},{"@type":"WebPage","@id":"https:\/\/www.meydan.tv\/az\/article\/bas-prokuror-eqreb-movsumunun-yaradici-heyetini-teltif-edib\/","url":"https:\/\/www.meydan.tv\/az\/article\/bas-prokuror-eqreb-movsumunun-yaradici-heyetini-teltif-edib\/","name":"Ba\u015f prokuror \u201c\u018fqr\u0259b m\u00f6vs\u00fcm\u00fc\u201dn\u00fcn yarad\u0131c\u0131 hey\u0259tini t\u0259ltif edib - MEYDAN.TV","isPartOf":{"@id":"https:\/\/www.meydan.tv\/az\/#website"},"primaryImageOfPage":{"@id":"https:\/\/www.meydan.tv\/az\/article\/bas-prokuror-eqreb-movsumunun-yaradici-heyetini-teltif-edib\/#primaryimage"},"image":{"@id":"https:\/\/www.meydan.tv\/az\/article\/bas-prokuror-eqreb-movsumunun-yaradici-heyetini-teltif-edib\/#primaryimage"},"thumbnailUrl":"https:\/\/www.meydan.tv\/wp-content\/uploads\/maxresdefault-16.jpg","datePublished":"2023-02-15T13:12:20+00:00","dateModified":"2023-02-15T13:46:58+00:00","breadcrumb":{"@id":"https:\/\/www.meydan.tv\/az\/article\/bas-prokuror-eqreb-movsumunun-yaradici-heyetini-teltif-edib\/#breadcrumb"},"inLanguage":"az","potentialAction":[{"@type":"ReadAction","target":["https:\/\/www.meydan.tv\/az\/article\/bas-prokuror-eqreb-movsumunun-yaradici-heyetini-teltif-edib\/"]}]},{"@type":"ImageObject","inLanguage":"az","@id":"https:\/\/www.meydan.tv\/az\/article\/bas-prokuror-eqreb-movsumunun-yaradici-heyetini-teltif-edib\/#primaryimage","url":"https:\/\/www.meydan.tv\/wp-content\/uploads\/maxresdefault-16.jpg","contentUrl":"https:\/\/www.meydan.tv\/wp-content\/uploads\/maxresdefault-16.jpg","width":1280,"height":720,"caption":"M\u0259nb\u0259: \u0130ctimai tv"},{"@type":"BreadcrumbList","@id":"https:\/\/www.meydan.tv\/az\/article\/bas-prokuror-eqreb-movsumunun-yaradici-heyetini-teltif-edib\/#breadcrumb","itemListElement":[{"@type":"ListItem","position":1,"name":"Ana s\u0259hif\u0259","item":"https:\/\/www.meydan.tv\/az\/"},{"@type":"ListItem","position":2,"name":"X\u0259b\u0259rl\u0259r","item":"https:\/\/www.meydan.tv\/az\/section\/xeberler\/"},{"@type":"ListItem","position":3,"name":"Ba\u015f prokuror \u201c\u018fqr\u0259b m\u00f6vs\u00fcm\u00fc\u201dn\u00fcn yarad\u0131c\u0131 hey\u0259tini t\u0259ltif edib"}]},{"@type":"WebSite","@id":"https:\/\/www.meydan.tv\/az\/#website","url":"https:\/\/www.meydan.tv\/az\/","name":"MEYDAN.TV","description":"Meydan TV Az\u0259rbaycan\u0131n media m\u0259kan\u0131ndak\u0131 alternativ s\u0259sidir","publisher":{"@id":"https:\/\/www.meydan.tv\/az\/#organization"},"potentialAction":[{"@type":"SearchAction","target":{"@type":"EntryPoint","urlTemplate":"https:\/\/www.meydan.tv\/az\/?s={search_term_string}"},"query-input":{"@type":"PropertyValueSpecification","valueRequired":true,"valueName":"search_term_string"}}],"inLanguage":"az"},{"@type":"Organization","@id":"https:\/\/www.meydan.tv\/az\/#organization","name":"Meydan TV","url":"https:\/\/www.meydan.tv\/az\/","logo":{"@type":"ImageObject","inLanguage":"az","@id":"https:\/\/www.meydan.tv\/az\/#\/schema\/logo\/image\/","url":"https:\/\/www.meydan.tv\/wp-content\/uploads\/2021\/07\/meydan-logo.svg","contentUrl":"https:\/\/www.meydan.tv\/wp-content\/uploads\/2021\/07\/meydan-logo.svg","width":195,"height":46,"caption":"Meydan TV"},"image":{"@id":"https:\/\/www.meydan.tv\/az\/#\/schema\/logo\/image\/"}},{"@type":"Person","@id":"https:\/\/www.meydan.tv\/az\/#\/schema\/person\/981b0b284aeaa9ad0cbf814cd4a9d67c","name":"miron"}]}},"_links":{"self":[{"href":"https:\/\/www.meydan.tv\/az\/wp-json\/wp\/v2\/posts\/268490","targetHints":{"allow":["GET"]}}],"collection":[{"href":"https:\/\/www.meydan.tv\/az\/wp-json\/wp\/v2\/posts"}],"about":[{"href":"https:\/\/www.meydan.tv\/az\/wp-json\/wp\/v2\/types\/post"}],"author":[{"embeddable":true,"href":"https:\/\/www.meydan.tv\/az\/wp-json\/wp\/v2\/users\/18"}],"replies":[{"embeddable":true,"href":"https:\/\/www.meydan.tv\/az\/wp-json\/wp\/v2\/comments?post=268490"}],"version-history":[{"count":2,"href":"https:\/\/www.meydan.tv\/az\/wp-json\/wp\/v2\/posts\/268490\/revisions"}],"predecessor-version":[{"id":268499,"href":"https:\/\/www.meydan.tv\/az\/wp-json\/wp\/v2\/posts\/268490\/revisions\/268499"}],"wp:featuredmedia":[{"embeddable":true,"href":"https:\/\/www.meydan.tv\/az\/wp-json\/wp\/v2\/media\/268491"}],"wp:attachment":[{"href":"https:\/\/www.meydan.tv\/az\/wp-json\/wp\/v2\/media?parent=268490"}],"wp:term":[{"taxonomy":"category","embeddable":true,"href":"https:\/\/www.meydan.tv\/az\/wp-json\/wp\/v2\/categories?post=268490"},{"taxonomy":"post_tag","embeddable":true,"href":"https:\/\/www.meydan.tv\/az\/wp-json\/wp\/v2\/tags?post=268490"}],"curies":[{"name":"wp","href":"https:\/\/api.w.org\/{rel}","templated":true}]}}