{"id":268483,"date":"2023-02-15T16:19:06","date_gmt":"2023-02-15T12:19:06","guid":{"rendered":"https:\/\/www.meydan.tv\/?p=268483"},"modified":"2023-02-15T16:19:09","modified_gmt":"2023-02-15T12:19:09","slug":"cemil-hesenli-bu-gun-azerbaycanda-isgence-laboratoriyasi-fealiyyet-gosterir","status":"publish","type":"post","link":"https:\/\/www.meydan.tv\/az\/article\/cemil-hesenli-bu-gun-azerbaycanda-isgence-laboratoriyasi-fealiyyet-gosterir\/","title":{"rendered":"C\u0259mil H\u0259s\u0259nli: \u201cBu g\u00fcn Az\u0259rbaycanda \u201ci\u015fg\u0259nc\u0259 laboratoriyas\u0131\u201d f\u0259aliyy\u0259t g\u00f6st\u0259rir\u201d"},"content":{"rendered":"\n<figure class=\"wp-block-embed is-type-video is-provider-youtube wp-block-embed-youtube wp-embed-aspect-16-9 wp-has-aspect-ratio\"><div class=\"wp-block-embed__wrapper\">\n<iframe title=\"C\u0259mil H\u0259s\u0259nli: \u201cBu g\u00fcn Az\u0259rbaycanda \u201ci\u015fg\u0259nc\u0259 laboratoriyas\u0131\u201d f\u0259aliyy\u0259t g\u00f6st\u0259rir\u201d\" width=\"1200\" height=\"675\" data-src=\"https:\/\/www.youtube.com\/embed\/6aBKEV0qGHE?feature=oembed\" frameborder=\"0\" allow=\"accelerometer; autoplay; clipboard-write; encrypted-media; gyroscope; picture-in-picture; web-share\" allowfullscreen src=\"data:image\/svg+xml;base64,PHN2ZyB3aWR0aD0iMSIgaGVpZ2h0PSIxIiB4bWxucz0iaHR0cDovL3d3dy53My5vcmcvMjAwMC9zdmciPjwvc3ZnPg==\" class=\"lazyload\" data-load-mode=\"1\"><\/iframe>\n<\/div><\/figure>\n\n\n\n<!--more-->\n\n\n\n<p>\u201cHe\u00e7 kimin t\u0259minat\u0131 yoxdur ki, sabah onun ba\u015f\u0131na n\u0259 g\u0259l\u0259c\u0259k\u201d<\/p>\n\n\n\n<p>Milli \u015euran\u0131n s\u0259dri, professor C\u0259mil H\u0259s\u0259nli g\u00fcnd\u0259min aktual m\u0259s\u0259l\u0259l\u0259ri il\u0259 ba\u011fl\u0131 Meydan TV-nin suallar\u0131n\u0131 cavabland\u0131r\u0131r.<\/p>\n\n\n\n<p><strong>&#8211; C\u0259mil m\u00fc\u0259llim, fevral\u0131n 6-da T\u00fcrkiy\u0259d\u0259 ba\u015f ver\u0259n z\u0259lz\u0259l\u0259 bir s\u0131ra ictimai-siyasi v\u0259 elmi suallar\u0131 aktualla\u015fd\u0131rd\u0131. Halbuki, Avropa c\u0259miyy\u0259tl\u0259ri bu suallar\u0131 100 ill\u0259r \u0259vv\u0259l m\u00fczakir\u0259 ed\u0259r\u0259k tarixin h\u0259min s\u0259hif\u0259sini qapay\u0131b. Ancaq T\u00fcrkiy\u0259d\u0259, el\u0259c\u0259 d\u0259 Az\u0259rbaycan, Rusiya v\u0259 ba\u015fqa postsovet \u00f6lk\u0259l\u0259rind\u0259 \u201cdin, yoxsa elm\u201d sual\u0131 \u00fcz\u0259rind\u0259 h\u0259l\u0259 m\u00fcbahis\u0259l\u0259r\u0259 vaxt ay\u0131r\u0131rlar. Tarixind\u0259 c\u00fcmhuriyy\u0259t \u0259n\u0259n\u0259si var ik\u0259n, 30 ild\u0259n \u00e7oxdur m\u00fcst\u0259qilliyini qazanan, d\u00fcny\u0259vi c\u0259miyy\u0259t oldu\u011funu elan ed\u0259n, \u00fczv oldu\u011fu Avropa \u015euras\u0131 qar\u015f\u0131s\u0131nda \u00f6hd\u0259lik\u0259r g\u00f6t\u00fcr\u0259n \u00f6lk\u0259 \u00fc\u00e7\u00fcn bu c\u00fcr suallar\u0131n m\u00fczakir\u0259sin\u0259 bu q\u0259d\u0259rmi ehtiyac var, yoxsa gecikmi\u015fik?<\/strong><\/p>\n\n\n\n<p>&#8211; Bir ne\u00e7\u0259 il \u0259vv\u0259l Mirz\u0259 F\u0259t\u0259li Axundovun 200 illiyi il\u0259 ba\u011fl\u0131 m\u0259qal\u0259md\u0259 qeyd etmi\u015fdim ki, 200 illik zaman fasil\u0259sind\u0259n d\u00f6n\u00fcb geriy\u0259 baxanda n\u0259 ayd\u0131n olur, biz Axundovun, yoxsa onun personajlar\u0131n\u0131n mill\u0259tiyik? Bir zamanlar Axundovun, Mirz\u0259 C\u0259lilin, ba\u015fqa b\u00f6y\u00fck m\u00fct\u0259f\u0259kkirl\u0259rin ictimai h\u0259yatdan qovdu\u011fu, uzaqla\u015fd\u0131rd\u0131\u011f\u0131, h\u0259d\u0259f\u0259 \u00e7evirdiyi c\u0259miyy\u0259t\u0259 z\u0259r\u0259rli \u00fcns\u00fcrl\u0259r bu g\u00fcn \u00e7ox rahat d\u00f6vl\u0259t v\u0259 qeyri-d\u00f6vl\u0259t televiziyalar\u0131nda \u00f6z t\u0259bli\u011fatlar\u0131n\u0131 apar\u0131rlar. M\u00fct\u0259f\u0259kkirl\u0259rimizin k\u0259skin t\u0259nqid etdiyi fal\u00e7\u0131, dua yazanlar\u0131n b\u00f6y\u00fck bir qismi bu g\u00fcn televiziyalardad\u0131r. T\u00fcrkiy\u0259d\u0259 Atat\u00fcrk islahatlar\u0131ndan sonra b\u00f6y\u00fck bir m\u0259d\u0259ni inki\u015faf ba\u015f verdi. Bu inki\u015faf\u0131n gedi\u015find\u0259 faktiki olaraq T\u00fcrkiy\u0259 Avropa d\u00fc\u015f\u00fcnc\u0259sin\u0259, h\u0259yat t\u0259rzin\u0259, idar\u0259\u00e7ilik \u00fcsullar\u0131na kifay\u0259t q\u0259d\u0259r yax\u0131nla\u015fd\u0131. Amma d\u00fcnya kommunist sisteminin da\u011f\u0131lmas\u0131ndan sonra T\u00fcrkiy\u0259d\u0259 \u00e7ox q\u0259rib\u0259 d\u0259yi\u015fiklikl\u0259r ba\u015f verdi. Sanki vaxtil\u0259 Sovet \u0130ttifaq\u0131nda olan anti-amerkanizm rahat \u015f\u0259kild\u0259 T\u00fcrkiy\u0259y\u0259 ke\u00e7di. Onlar \u00f6z h\u0259yatlar\u0131nda \u00e7at\u0131\u015fmayan m\u0259s\u0259l\u0259l\u0259ri Amerikayla, Q\u0259rbl\u0259 \u0259laq\u0259l\u0259ndirm\u0259y\u0259 ba\u015flad\u0131lar. \u00dcst\u0259g\u0259l, \u00f6t\u0259n \u0259srin 90-c\u0131 ill\u0259rind\u0259 \u018frbakan Ba\u015f nazir olanda dini ideologiya v\u0259 t\u0259\u015fkilatlar kifay\u0259t q\u0259d\u0259r g\u00fccl\u0259ndi. Sonrak\u0131 d\u00f6vrd\u0259 dinin d\u00f6vl\u0259tl\u0259\u015fm\u0259si prosesind\u0259 f\u0259al i\u015ftirak ed\u0259n adamlar \u018frbakan\u0131n yetirm\u0259l\u0259ri idi. Din \u015f\u00fcbh\u0259siz ki, c\u0259miyy\u0259tin ayr\u0131lmaz atributudur, amma bu, inancd\u0131r. Y\u0259ni, Allahla b\u0259nd\u0259 aras\u0131nda bir sevdad\u0131r, m\u00fcnasib\u0259tl\u0259rdir. Lakin din c\u0259miyy\u0259tin idar\u0259 olunmas\u0131 prosesind\u0259 i\u015ftirak ed\u0259nd\u0259 art\u0131q h\u0259min \u00f6lk\u0259 z\u0259man\u0259nin g\u0259rdi\u015find\u0259n geri qal\u0131r. M\u0259s\u0259l\u0259n, \u0130ran, \u0259r\u0259b \u00f6lk\u0259l\u0259ri, son 20-25 ild\u0259 is\u0259 bu proses T\u00fcrkiy\u0259d\u0259 getdi. V\u0259 dini t\u0259s\u0259vv\u00fcrl\u0259rin geni\u015fl\u0259nm\u0259si maarifin z\u0259ifl\u0259m\u0259si fonunda ba\u015f verdi. Az\u0259rbaycan m\u00fct\u0259f\u0259kkirl\u0259rinin \u00e7ox maraql\u0131 fikri var, m\u0259scid\u0259 ged\u0259n yol m\u0259kt\u0259b\u0259d\u0259n ba\u015flamal\u0131d\u0131r. Y\u0259ni, m\u0259scid\u0259 ged\u0259n yol m\u0259kt\u0259bd\u0259n ke\u00e7\u0259nd\u0259 maarifl\u0259nmi\u015f bir dinin \u015fahidi oluruq. Amma m\u0259kt\u0259bl\u0259rin z\u0259ifl\u0259dilm\u0259si hesab\u0131na dinin v\u0259 bir az da c\u0259hal\u0259tin g\u00fccl\u0259nm\u0259si c\u0259miyy\u0259ti \u015f\u00fcbh\u0259siz ki, geriy\u0259 \u00e7\u0259kir. V\u0259 c\u0259hal\u0259t \u00fcz\u0259rind\u0259 qurulan d\u0259y\u0259rl\u0259r, idar\u0259\u00e7ilik, yaxud d\u00fc\u015f\u00fcnc\u0259nin formala\u015fmas\u0131 daha \u00e7ox avtoritarizmin bazas\u0131nda olur.<\/p>\n\n\n\n<p><strong>&#8211; Dini partiyalar\u0131n yaranmas\u0131 nec\u0259, laz\u0131m idimi?<\/strong><\/p>\n\n\n\n<p>&#8211; \u00dcmumiyy\u0259tl\u0259, m\u0259n dinin siyas\u0259tl\u0259\u015fm\u0259sinin \u0259leyhin\u0259y\u0259m, ist\u0259r Az\u0259rbaycanda, ist\u0259rs\u0259 d\u0259 T\u00fcrkiy\u0259d\u0259 olsun. G\u00f6z\u00fcm\u00fcz\u00fcn \u00f6n\u00fcnd\u0259 \u018ffqan\u0131stan faci\u0259si var, az qala 50 il\u0259 yax\u0131nd\u0131r, \u00f6t\u0259n \u0259srin 70-ci ill\u0259rin sonlar\u0131ndan bu proses ba\u015flan\u0131b v\u0259 bu g\u00fcn d\u0259 n\u0259 vaxt bit\u0259c\u0259yi bilinmir. Ona g\u00f6r\u0259 d\u0259 dinin siyasil\u0259\u015fm\u0259si b\u00fct\u00fcn hallarda c\u0259miyy\u0259t \u00fc\u00e7\u00fcn ciddi probleml\u0259r yarad\u0131r. Bu bax\u0131mdan c\u0259miyy\u0259t d\u00fcny\u0259vi qaydalarla, d\u0259y\u0259rl\u0259rl\u0259 v\u0259 prinsipl\u0259rl\u0259 idar\u0259 edilm\u0259lidir. Din is\u0259 inancd\u0131r, Allahla b\u0259nd\u0259 aras\u0131nda bir sevdad\u0131r. \u015e\u00fcbh\u0259siz ki, din azad olmal\u0131d\u0131r. Azad olan din daha m\u00fct\u0259r\u0259qqi m\u0259zmuna malikdir.<\/p>\n\n\n\n<p><strong>&#8211; Birinci sual\u0131m\u0131n ard\u0131 olaraq deyim, uzunm\u00fcdd\u0259tli t\u0259k adam hakimiyy\u0259ti T\u00fcrkiy\u0259y\u0259 d\u0259, biz\u0259 d\u0259, Rusiyaya da eyni aqib\u0259ti ya\u015fad\u0131r. Bu, bizim tariximiz v\u0259 g\u0259l\u0259c\u0259yimi \u00fc\u00e7\u00fcn hans\u0131 f\u0259sadlar haz\u0131rlay\u0131r?<\/strong><\/p>\n\n\n\n<p>-\u018fvv\u0259la, t\u0259kadaml\u0131q idar\u0259\u00e7ilik \u00fcsulu yaln\u0131z bu \u00f6lk\u0259l\u0259rd\u0259 deyil.<\/p>\n\n\n\n<p><strong>-M\u0259n bizim region bax\u0131mdan bu \u00f6lk\u0259l\u0259rin ad\u0131n\u0131 sadalad\u0131m.<\/strong><\/p>\n\n\n\n<p>-M\u0259s\u0259l\u0259n, Afrika \u00f6lk\u0259l\u0259ri. Biz g\u0259nc m\u00fc\u0259llim idik, Daniel Orteqa Nikaraquada hakimiyy\u0259td\u0259ydi, bu g\u00fcn d\u0259 hakimiyy\u0259td\u0259dir. \u018flb\u0259tt\u0259, t\u0259kadaml\u0131q hakimiyy\u0259t, bir adam\u0131n, ail\u0259nin hakimiyy\u0259ti c\u0259miyy\u0259t \u00fc\u00e7\u00fcn ciddi inki\u015fafa mane olan problemdir. Sadalad\u0131\u011f\u0131n\u0131z 3 \u00f6lk\u0259 i\u00e7\u0259risind\u0259n \u0259n b\u00f6y\u00fck t\u0259cr\u00fcb\u0259y\u0259 Az\u0259rbaycan malikdir, faktiki olaraq 1969-cu ild\u0259n etibar\u0259n hakimiyy\u0259td\u0259 \u018fliyevl\u0259rdir. Art\u0131q 53 il\u0259 yax\u0131nd\u0131r ki, ki\u00e7ik istisnalarla Az\u0259rbaycan\u0131 bir ail\u0259 idar\u0259 edir. M\u00fcqayis\u0259 g\u0259tirs\u0259k, hans\u0131sa Afrika \u00f6lk\u0259sini xat\u0131rlaya bil\u0259rik, \u015eimali Koreyada is\u0259 70 il\u0259 yax\u0131nd\u0131r Kim ail\u0259si hakimiyy\u0259td\u0259dir, ad\u0131n\u0131 da c\u00fcmhuriyy\u0259t qoyublar. Ancaq c\u0259miyy\u0259t alternativ g\u00f6rm\u0259lidir, yax\u015f\u0131 il\u0259 pisin f\u0259rqini m\u00fc\u0259yy\u0259n etm\u0259lidir. Bu, se\u00e7ki institutunun m\u0259hv edilm\u0259sinin n\u0259tic\u0259sidir. \u018fdal\u0259t namin\u0259 se\u00e7ki institutuna m\u00fcnasib\u0259td\u0259 Az\u0259rbaycan\u0131 v\u0259 Rusiyan\u0131 T\u00fcrkiy\u0259 il\u0259 m\u00fcqayis\u0259 ed\u0259 bilm\u0259rik. Pis-yax\u015f\u0131 T\u00fcrkiy\u0259d\u0259 h\u0259l\u0259 se\u00e7ki institutu var v\u0259 institut i\u015fl\u0259yir. M\u0259s\u0259l\u0259n, \u0130stanbul B\u0259l\u0259diyy\u0259 Ba\u015fqan\u0131 se\u00e7kisi il\u0259 ba\u011fl\u0131 bu prosesin \u015fahidi olduq. H\u0259min se\u00e7kil\u0259rd\u0259 se\u00e7ki institutu \u00f6z g\u00fcc\u00fcn\u00fc g\u00f6st\u0259rdi. Amma Az\u0259rbaycanda v\u0259 Rusiyada t\u0259kadaml\u0131q hakimiyy\u0259t se\u00e7ki institutunun da\u011f\u0131d\u0131lmas\u0131, m\u0259hv edilm\u0259si, faktiki olaraq, respublika \u00fcsul-idar\u0259sinin \u00fcz\u0259rind\u0259n \u00e7al\u0131n-\u00e7arpaz x\u0259tt \u00e7\u0259kilm\u0259si hesab\u0131na ba\u015fa g\u0259lir. M\u0259s\u0259l\u0259n, \u0130lham \u018fliyev hakimiyy\u0259t\u0259 g\u0259l\u0259nd\u0259 Az\u0259rbaycan yar\u0131mazad \u00f6lk\u0259ydi, onun bir ne\u00e7\u0259 illik hakimiyy\u0259tind\u0259n sonra qeyri-azad \u00f6lk\u0259l\u0259r s\u0131ras\u0131na daxil olduq. Biz Putinin d\u0259, \u0130lham \u018fliyevin d\u0259 \u00e7\u0131x\u0131\u015flar\u0131na diqq\u0259t yetirs\u0259k, \u201ch\u0259r \u015feyi m\u0259n ham\u0131dan yax\u015f\u0131 bilir\u0259m, n\u0259yi n\u0259 zaman etm\u0259yi ham\u0131dan yax\u015f\u0131 bilir\u0259m\u201d fikrinin hakim oldu\u011funu g\u00f6r\u0259c\u0259yik. Bu, orta \u0259sr Fransas\u0131nda XIV L\u00fcdovikin \u201cD\u00f6vl\u0259t m\u0259n\u0259m\u201d d\u0259y\u0259rl\u0259ri il\u0259 c\u0259miyy\u0259tin idar\u0259 olunmas\u0131d\u0131r. Halbuki, idar\u0259\u00e7iliyin b\u00fct\u00fcn qanadlar\u0131 i\u015fl\u0259m\u0259lidir, faktiki, Az\u0259rbaycanda prezident idar\u0259sind\u0259n ba\u015fqa ayr\u0131 d\u00f6vl\u0259t orqanlar\u0131 i\u015fl\u0259mir. Milli M\u0259clis Prezident Administrasiyas\u0131n\u0131n \u015f\u00f6b\u0259sind\u0259n d\u0259 a\u015fa\u011f\u0131 s\u0259lahiyy\u0259tl\u0259r\u0259 malikdir, m\u0259hk\u0259m\u0259 m\u00fcst\u0259qilliyi, h\u00f6kum\u0259tin hesabatl\u0131l\u0131\u011f\u0131 yoxdur. \u00c7\u00fcnki \u00f6lk\u0259d\u0259 se\u00e7ki sistemi yoxdur.<\/p>\n\n\n\n<p><strong>-Se\u00e7kid\u0259n s\u00f6z d\u00fc\u015fm\u00fc\u015fk\u0259n, Az\u0259rbaycan Avropa M\u0259hk\u0259m\u0259sind\u0259 se\u00e7ki h\u00fcququnun pozulmas\u0131nda \u00f6nc\u00fcll\u0259r s\u0131ras\u0131ndad\u0131r. B\u00fct\u00fcn bunlar ona g\u0259tirir ki, \u0130lham \u018fliyevin diliyl\u0259 s\u00f6yl\u0259s\u0259k, Rusiyan\u0131n Qaraba\u011fa g\u00f6nd\u0259rdiyi Ruben Vardanyan da deyir ki, m\u00f6vcud oldu\u011fu 104 ild\u0259 bir \u00f6lk\u0259y\u0259 44 ildir ki, bir ail\u0259 n\u0259zar\u0259t edir. Erm\u0259nil\u0259r bir yana qals\u0131n, Az\u0259rbaycan xalq\u0131n\u0131n bir h\u00fcququ yoxdur. Bu bar\u0259d\u0259 n\u0259 d\u00fc\u015f\u00fcn\u00fcrs\u00fcn\u00fcz?<\/strong><\/p>\n\n\n\n<p>-\u018fvv\u0259la, Az\u0259rbaycan m\u00fcxalif\u0259ti Vardanyandan xeyli \u0259vv\u0259l bu fikri ifad\u0259 edib. H\u0259l\u0259 vaxtil\u0259 az-\u00e7ox, qism\u0259n azadl\u0131qlar vard\u0131, ona g\u00f6r\u0259 o fikir ifad\u0259 edilirdi. Faktiki olaraq, Az\u0259rbaycanda ail\u0259 rejimi qurulub. \u018fg\u0259r \u00f6lk\u0259d\u0259 prezident \u00f6z s\u0259r\u0259ncam\u0131 il\u0259 h\u0259yat yolda\u015f\u0131n\u0131 I vitse-prezident t\u0259yin edirs\u0259, bu, art\u0131q ail\u0259 rejimidir. Y\u0259ni \u00f6lk\u0259nin birinci v\u0259 ikinci \u015f\u0259xsi eyni ail\u0259d\u0259ndir.<\/p>\n\n\n\n<p><strong>-Ancaq ikinci, \u00fc\u00e7\u00fcnc\u00fc, d\u00f6rd\u00fcnc\u00fc vitse-prezidentl\u0259r d\u0259 olmad\u0131&#8230;<\/strong><\/p>\n\n\n\n<p>-Y\u0259qin ehtiyac olmad\u0131. B\u0259lk\u0259 g\u00f6zl\u0259yirl\u0259r u\u015faqlar bir az b\u00f6y\u00fcs\u00fcnl\u0259r, ondan sonra onu da h\u0259ll ed\u0259rl\u0259r. Bizim \u00f6lk\u0259mizd\u0259 insan azadl\u0131\u011f\u0131 v\u0259 v\u0259t\u0259nda\u015f h\u00fcquqlar\u0131 il\u0259 ba\u011fl\u0131 \u00e7ox ciddi probleml\u0259r var. Bu g\u00fcn bunlar\u0131n ayd\u0131n ifad\u0259si B\u0259xtiyar Hac\u0131yevl\u0259 ba\u011fl\u0131 ba\u015f ver\u0259nl\u0259rdir. Y\u0259ni \u00f6lk\u0259d\u0259 m\u00fcst\u0259qil m\u0259hk\u0259m\u0259, m\u00fcst\u0259qil ara\u015fd\u0131rma h\u00fcquq idar\u0259l\u0259ri olmad\u0131\u011f\u0131 \u00fc\u00e7\u00fcn ist\u0259nil\u0259n adam\u0131 h\u0259bs ed\u0259 bil\u0259rl\u0259r. He\u00e7 kimin t\u0259minat\u0131 yoxdur ki, sabah onun ba\u015f\u0131na n\u0259 g\u0259l\u0259c\u0259k. \u00d6lk\u0259d\u0259 \u015f\u0259xsin, ail\u0259nin, m\u00fclkiyy\u0259t\u00e7inin t\u0259minat\u0131 yoxdur. B\u00fct\u00fcn bunlar t\u0259kba\u015f\u0131na idar\u0259\u00e7iliyin, ail\u0259 hakimiyy\u0259tinin qurulmas\u0131 il\u0259 ba\u011fl\u0131d\u0131r. Faktiki olaraq, Az\u0259rbaycan\u0131n h\u00fcquq-m\u00fchafiz\u0259 orqanlar\u0131 konstitusion v\u0259zif\u0259l\u0259rin yox, ail\u0259 hakimiyy\u0259tinin qorunmas\u0131 funksiyas\u0131n\u0131 yerin\u0259 yetirir. Az\u0259rbaycan\u0131n korrupsiya indeksind\u0259, media azadl\u0131\u011f\u0131, insan haqlar\u0131, i\u015fg\u0259nc\u0259 hesabatlar\u0131nda \u00f6n yer tutmas\u0131 azadl\u0131qlar\u0131n qapanmas\u0131ndan ir\u0259li g\u0259lir.<\/p>\n\n\n\n<p><strong>-Yaxud Venesiya Komissiyas\u0131 \u201cSiyasi partiyalar haqda\u201d qanuna r\u0259y verm\u0259s\u0259 d\u0259, q\u0259bul edildi&#8230;<\/strong><\/p>\n\n\n\n<p>-Avtoritar rejiml\u0259r hiss ed\u0259nd\u0259 ki, beyn\u0259lxalq t\u0259\u015fkilatlar g\u00fccs\u00fczd\u00fcr, onlar\u0131n m\u00fcdaxil\u0259 imkanlar\u0131 ictimai \u0259saslara ba\u011fl\u0131d\u0131r, ona g\u00f6r\u0259 hesabla\u015fm\u0131rlar. \u018fliyev\u0259 \u00f6z ail\u0259 rejimini qoruyub saxlamaq laz\u0131md\u0131r. O, \u00e7ox g\u00f6z\u0259l ba\u015fa d\u00fc\u015f\u00fcr ki, Avropa \u0130ttifaq\u0131 il\u0259 ikit\u0259r\u0259fli sazi\u015f\u0259 ke\u00e7m\u0259si, Asosiasiya Sazi\u015find\u0259n uzaqla\u015fmaq meyll\u0259ri, bunlar ham\u0131s\u0131 demokratiya \u00fcz\u0259rind\u0259 qurulan m\u0259s\u0259l\u0259l\u0259rdir. \u018fslind\u0259, Rusiya-Az\u0259rbaycan ittifaq\u0131n\u0131n \u0259sas h\u0259d\u0259fi Q\u0259rb d\u0259y\u0259rl\u0259rini \u00f6z s\u0259rh\u0259dl\u0259rin\u0259 buraxmamaqd\u0131r, b\u00fct\u00fcn \u0259m\u0259kda\u015fl\u0131q bunun \u00fcz\u0259rind\u0259 qurulub. Bu g\u00fcn Az\u0259rbaycanda \u201ci\u015fg\u0259nc\u0259 laboratoriyas\u0131\u201d f\u0259aliyy\u0259t g\u00f6st\u0259rir. Avropa M\u0259hk\u0259m\u0259sinin \u201cNardaran i\u015fi\u201d il\u0259 ba\u011fl\u0131 q\u0259rar\u0131ndan x\u0259b\u0259rdars\u0131n\u0131z, h\u00f6kum\u0259t kommunikasiya prosesind\u0259 o adamlara i\u015fg\u0259nc\u0259 verildiyini etiraf edib. \u018fg\u0259r onlara i\u015fg\u0259nc\u0259 verilibs\u0259, i\u015fg\u0259nc\u0259 ver\u0259nl\u0259r haqda cinay\u0259t i\u015fi qald\u0131r\u0131lmal\u0131d\u0131r. \u0130kincisi, i\u015fg\u0259nc\u0259y\u0259 m\u0259ruz qalanlardan kiml\u0259r h\u0259bsd\u0259 qal\u0131bsa, azad olunmal\u0131d\u0131r. Say etibar\u0131 il\u0259 dini m\u0259hbuslar siyasi m\u0259hbuslar\u0131n b\u00f6y\u00fck hiss\u0259sini t\u0259\u015fkil edir. M\u0259s\u0259l\u0259n, h\u00f6kum\u0259t Abbas H\u00fcseyn\u0259 i\u015fg\u0259nc\u0259 verildiyini etiraf edir, amma onu h\u0259l\u0259 d\u0259 h\u0259bsd\u0259 saxlay\u0131r.<\/p>\n\n\n\n<p><strong>-Y\u0259qin ki, AB\u015e-nin D\u0130N r\u0259smisi K\u0259rim \u018flim\u0259rdanov haqda sanksiya q\u0259rar\u0131n\u0131 bilirsiniz&#8230;<\/strong><\/p>\n\n\n\n<p>-Bu, azd\u0131r. M\u0259n Nardaran v\u0259 G\u0259nc\u0259 m\u0259hbuslar\u0131n\u0131n \u0259ks\u0259riyy\u0259tinin m\u0259hk\u0259m\u0259 prosesind\u0259 i\u015ftirak etmi\u015f\u0259m. Ordak\u0131 d\u0259h\u015f\u0259tl\u0259ri e\u015fitmi\u015f\u0259m, insanlar\u0131n nec\u0259 \u201ci\u015fg\u0259nc\u0259 laboratoriyas\u0131\u201dndan ke\u00e7diyini. N\u0259hay\u0259t, bu i\u015fg\u0259nc\u0259l\u0259r hans\u0131 t\u0259l\u0259bl\u0259rl\u0259 verilibdir, faktiki olaraq, g\u00fcnahs\u0131z adamlara qar\u015f\u0131 ifad\u0259 almaqdan \u00f6tr\u00fc bu adamlar i\u015fg\u0259nc\u0259y\u0259 m\u0259ruz qal\u0131blar. Y\u0259ni b\u00fct\u00fcn bunlar\u0131n ham\u0131s\u0131 bir K\u0259rim \u018flim\u0259rdanovla ba\u015fa g\u0259lmir. \u00c7\u00fcnki Az\u0259rbaycanda i\u015fg\u0259nc\u0259 verilm\u0259si \u00f6zf\u0259aliyy\u0259t deyil, d\u00f6vl\u0259t siyas\u0259tidir.<\/p>\n\n\n\n<p><strong>-H\u0259r il Az\u0259rbaycanda m\u00fcxt\u0259lif \u015f\u0259xsl\u0259rin ad\u0131 il\u0259 adland\u0131r\u0131l\u0131r, m\u0259s\u0259l\u0259n, N\u0259simi ili, Nizami ili. 2023-c\u00fc il is\u0259 sabiq d\u00f6vl\u0259t ba\u015f\u00e7\u0131s\u0131 Heyd\u0259r \u018fliyevin 100 illiyi m\u00fcnasib\u0259ti il\u0259 onun ad\u0131yla adland\u0131r\u0131ld\u0131. Sizin ona siyasi yana\u015fman\u0131z\u0131 k\u0259nara qoyaq, tarixi aspektd\u0259 yana\u015faq, H.\u018fliyevin Az\u0259rbaycan tarixind\u0259 yerini nec\u0259 qiym\u0259tl\u0259ndirirsiniz?<\/strong><\/p>\n\n\n\n<p>-Birincisi, ill\u0259rin hans\u0131 hadis\u0259l\u0259rl\u0259, \u015f\u0259xsl\u0259rl\u0259 adland\u0131r\u0131lmas\u0131 o q\u0259d\u0259r d\u0259 yax\u015f\u0131 ideya deyil. Yad\u0131ma g\u0259lir ki, bir ili d\u0259 \u201cEkologiya ili\u201d adland\u0131rm\u0131\u015fd\u0131lar, amma ekologiya tamamil\u0259 pozuldu. H\u0259min il yax\u015f\u0131 pul buraxd\u0131lar, amma onun hesab\u0131na \u0259kil\u0259n a\u011faclar\u0131n he\u00e7 birisi bu g\u00fcn yoxdur. Y\u0259ni, bu m\u0259s\u0259l\u0259 bir az formal xarakter da\u015f\u0131y\u0131r. Bu i\u015fin d\u0259 b\u00fcn\u00f6vr\u0259sini d\u0259 T\u00fcrkm\u0259nistan\u0131n sabiq d\u00f6vl\u0259t ba\u015f\u00e7\u0131s\u0131 Saparmurad Niyazov, T\u00fcrkm\u0259nba\u015f\u0131 qoymu\u015fdu. O, h\u0259tta aylar\u0131n, ill\u0259rin adlar\u0131n\u0131 d\u0259yi\u015fmi\u015fdi.<\/p>\n\n\n\n<p><strong>-\u00c7\u00f6r\u0259y\u0259 anas\u0131n\u0131n ad\u0131n\u0131 qoymu\u015fdu&#8230;<\/strong><\/p>\n\n\n\n<p>-B\u0259li. \u0130ll\u0259r\u0259 is\u0259 t\u00fcrkm\u0259n m\u0259d\u0259niyy\u0259tind\u0259n kiml\u0259rins\u0259 v\u0259 ya ail\u0259 \u00fczvl\u0259rinin ad\u0131n\u0131 qoymu\u015fdu. Bu, gerilik \u0259lam\u0259tidir. Diktatorlar bayra\u011f\u0131n h\u00fcnd\u00fcr olmas\u0131 il\u0259 \u00f6y\u00fcn\u00fcrl\u0259r, amma o bayra\u011f\u0131n d\u0259y\u0259rl\u0259ri bar\u0259d\u0259 he\u00e7 vaxt d\u00fc\u015f\u00fcnm\u00fcrl\u0259r. Y\u0259ni, m\u0259nim bayra\u011f\u0131m s\u0259ninkind\u0259n daha h\u00fcnd\u00fcrd\u00fcr. G\u0259l\u0259k Heyd\u0259r \u018fliyev\u0259, tarix\u00e7ilik bax\u0131m\u0131ndan onun ke\u00e7diyi h\u0259yat yolu tarix\u00e7i \u00fc\u00e7\u00fcn maraql\u0131d\u0131r. M\u0259s\u0259l\u0259n, bir tarixi \u015f\u0259xsiyy\u0259t kimi onun uzun m\u00fcdd\u0259t m\u00fcxt\u0259lif sovet orqanlar\u0131nda i\u015fl\u0259m\u0259si. Az\u0259rbaycan Kommunist Partiyas\u0131na 13 il r\u0259hb\u0259rlik edib, Siyasi B\u00fcronun \u00fczv\u00fc olub. Heyd\u0259r \u018fliyev haqq\u0131nda yaz\u0131lanlar\u0131n \u0259n q\u0259rib\u0259si o idi ki, kommunizm pis idi, amma Heyd\u0259r \u018fliyevin r\u0259hb\u0259rlik etdiyi kommunizm yax\u015f\u0131 idi. M\u0259s\u0259l\u0259y\u0259 bu q\u0259d\u0259r primitiv yana\u015fma var. \u0130ndi \u0130lham \u018fliyev prezidentdir, lap respublikaya da atas\u0131n\u0131n ad\u0131na ver\u0259 bil\u0259r. Amma Heyd\u0259r \u018fliyevin ad\u0131na m\u0259scidin verim\u0259si, bu, taleyin b\u00f6y\u00fck ironiyas\u0131d\u0131r. Sanki Andropovun, yaxud Brejnevin ad\u0131na kils\u0259nin verilm\u0259si kimi bir hadis\u0259dir. Heyd\u0259r \u018fliyev haqq\u0131nda yaz\u0131lan kitablar\u0131n b\u00f6y\u00fck hiss\u0259sind\u0259 faktoloji bax\u0131mdan maraql\u0131 \u015feyl\u0259r var. Ancaq kitablar\u0131 onun vaxt\u0131nda i\u015fl\u0259mi\u015f adamlar\u0131n xatir\u0259l\u0259ri il\u0259 doldururlar. Kim \u0130lham \u018fliyevin r\u0259hb\u0259rlik etdiyi bir d\u00f6vrd\u0259 Heyd\u0259r \u018fliyevin \u0259leyhin\u0259 dan\u0131\u015far? Y\u0259ni, bu adamlar n\u0259 q\u0259d\u0259r obyektivdirl\u0259r? Tarixi hadis\u0259l\u0259r v\u0259 tarixi \u015f\u0259xsiyy\u0259tl\u0259r haqda zaman\u0131n r\u0259ng \u00e7alarlar\u0131nda yaz\u0131lmal\u0131d\u0131r. M\u00fctl\u0259q m\u0259nada a\u011f, yaxud m\u00fct\u0259q m\u0259nada qara r\u0259ngl\u0259rd\u0259n qa\u00e7maq laz\u0131md\u0131r. Biz sovet d\u00f6vr\u00fcnd\u0259 bunun faci\u0259sini g\u00f6rd\u00fck. Biz o \u015feyl\u0259ri t\u0259krar edirik ki, onlar\u0131 bir d\u0259f\u0259 ya\u015fam\u0131\u015f\u0131q, o film\u0259 bir d\u0259f\u0259 baxm\u0131\u015f\u0131q. \u00c7ox heyk\u0259l\u00e7iliyin faci\u0259sini biz sovet d\u00f6vr\u00fcnd\u0259 ya\u015fad\u0131q. Heyk\u0259l o zaman qiym\u0259tli olur ki, s\u0259n\u0259t \u0259s\u0259ri kimi ya\u015fas\u0131n. T\u0259k kimins\u0259 heyk\u0259li kimi yox, h\u0259m d\u0259 kimins\u0259 i\u015fi kimi ya\u015fas\u0131n. B\u00fct\u00fcn \u00f6lk\u0259 boyu heyk\u0259l \u201c\u0259k\u0259nd\u0259\u201d orda hans\u0131 s\u0259n\u0259td\u0259n dan\u0131\u015fmaq olar?! Bu il onun 100 illiyi oldu\u011fu \u00fc\u00e7\u00fcn haqq\u0131nda n\u0259l\u0259rs\u0259 etm\u0259k ist\u0259yirl\u0259r. Lakin Heyd\u0259r \u018fliyev haqq\u0131nda b\u00fct\u00fcn s\u0259n\u0259dl\u0259r \u201cSiyasi s\u0259n\u0259dl\u0259r arxivi\u201dnd\u0259 qapal\u0131 saxlan\u0131l\u0131r. 13 il \u00f6lk\u0259y\u0259 r\u0259hb\u0259rlik etmi\u015f bir \u015f\u0259xsin b\u00fct\u00fcn f\u0259aliyy\u0259ti il\u0259 ba\u011fl\u0131 s\u0259n\u0259dl\u0259ri qapal\u0131 fonda sal\u0131rsansa, o d\u00f6vr\u00fcn tarixin nec\u0259 yazmaq olar? V\u0259 \u00f6lk\u0259y\u0259 r\u0259hb\u0259rlik etmi\u015f birinci \u015f\u0259xsin f\u0259aliyy\u0259ti il\u0259 ba\u011fl\u0131 s\u0259n\u0259dl\u0259r qapal\u0131 fonda ke\u00e7irilirs\u0259, h\u0259min d\u00f6vr\u00fcn obyektiv m\u0259nz\u0259r\u0259sini nec\u0259 yaratmaq olar? Bu kimi ciddi suallar a\u00e7\u0131q qal\u0131r.\u00a0\u00a0\u00a0\u00a0\u00a0<\/p>\n","protected":false},"excerpt":{"rendered":"","protected":false},"author":14,"featured_media":268485,"comment_status":"closed","ping_status":"closed","sticky":false,"template":"","format":"standard","meta":{"_acf_changed":false,"_sitemap_exclude":false,"_sitemap_priority":"","_sitemap_frequency":"","footnotes":""},"categories":[63],"tags":[],"class_list":["post-268483","post","type-post","status-publish","format-standard","has-post-thumbnail","hentry","category-video-2","infinite-scroll-item","generate-columns","tablet-grid-50","mobile-grid-100","grid-parent","grid-33","no-featured-image-padding"],"acf":[],"yoast_head":"<!-- This site is optimized with the Yoast SEO plugin v27.5 - https:\/\/yoast.com\/product\/yoast-seo-wordpress\/ -->\n<title>C\u0259mil H\u0259s\u0259nli: \u201cBu g\u00fcn Az\u0259rbaycanda \u201ci\u015fg\u0259nc\u0259 laboratoriyas\u0131\u201d f\u0259aliyy\u0259t g\u00f6st\u0259rir\u201d - MEYDAN.TV<\/title>\n<meta name=\"robots\" content=\"index, follow, max-snippet:-1, max-image-preview:large, max-video-preview:-1\" \/>\n<link rel=\"canonical\" href=\"https:\/\/www.meydan.tv\/az\/article\/cemil-hesenli-bu-gun-azerbaycanda-isgence-laboratoriyasi-fealiyyet-gosterir\/\" \/>\n<meta property=\"og:locale\" content=\"az_AZ\" \/>\n<meta property=\"og:type\" content=\"article\" \/>\n<meta property=\"og:title\" content=\"C\u0259mil H\u0259s\u0259nli: \u201cBu g\u00fcn Az\u0259rbaycanda \u201ci\u015fg\u0259nc\u0259 laboratoriyas\u0131\u201d f\u0259aliyy\u0259t g\u00f6st\u0259rir\u201d - MEYDAN.TV\" \/>\n<meta property=\"og:url\" content=\"https:\/\/www.meydan.tv\/az\/article\/cemil-hesenli-bu-gun-azerbaycanda-isgence-laboratoriyasi-fealiyyet-gosterir\/\" \/>\n<meta property=\"og:site_name\" content=\"MEYDAN.TV\" \/>\n<meta property=\"article:published_time\" content=\"2023-02-15T12:19:06+00:00\" \/>\n<meta property=\"article:modified_time\" content=\"2023-02-15T12:19:09+00:00\" \/>\n<meta property=\"og:image\" content=\"https:\/\/www.meydan.tv\/wp-content\/uploads\/screenshot-at-feb-15-13-00-32-1200x668.png\" \/>\n\t<meta property=\"og:image:width\" content=\"1200\" \/>\n\t<meta property=\"og:image:height\" content=\"668\" \/>\n\t<meta property=\"og:image:type\" content=\"image\/png\" \/>\n<meta name=\"author\" content=\"roma\" \/>\n<meta name=\"twitter:card\" content=\"summary_large_image\" \/>\n<script type=\"application\/ld+json\" class=\"yoast-schema-graph\">{\"@context\":\"https:\\\/\\\/schema.org\",\"@graph\":[{\"@type\":\"Article\",\"@id\":\"https:\\\/\\\/www.meydan.tv\\\/az\\\/article\\\/cemil-hesenli-bu-gun-azerbaycanda-isgence-laboratoriyasi-fealiyyet-gosterir\\\/#article\",\"isPartOf\":{\"@id\":\"https:\\\/\\\/www.meydan.tv\\\/az\\\/article\\\/cemil-hesenli-bu-gun-azerbaycanda-isgence-laboratoriyasi-fealiyyet-gosterir\\\/\"},\"author\":{\"name\":\"roma\",\"@id\":\"https:\\\/\\\/www.meydan.tv\\\/az\\\/#\\\/schema\\\/person\\\/8f23e01c4de63326c13c319fb65ee65d\"},\"headline\":\"C\u0259mil H\u0259s\u0259nli: \u201cBu g\u00fcn Az\u0259rbaycanda \u201ci\u015fg\u0259nc\u0259 laboratoriyas\u0131\u201d f\u0259aliyy\u0259t g\u00f6st\u0259rir\u201d\",\"datePublished\":\"2023-02-15T12:19:06+00:00\",\"dateModified\":\"2023-02-15T12:19:09+00:00\",\"mainEntityOfPage\":{\"@id\":\"https:\\\/\\\/www.meydan.tv\\\/az\\\/article\\\/cemil-hesenli-bu-gun-azerbaycanda-isgence-laboratoriyasi-fealiyyet-gosterir\\\/\"},\"wordCount\":2855,\"publisher\":{\"@id\":\"https:\\\/\\\/www.meydan.tv\\\/az\\\/#organization\"},\"image\":{\"@id\":\"https:\\\/\\\/www.meydan.tv\\\/az\\\/article\\\/cemil-hesenli-bu-gun-azerbaycanda-isgence-laboratoriyasi-fealiyyet-gosterir\\\/#primaryimage\"},\"thumbnailUrl\":\"https:\\\/\\\/www.meydan.tv\\\/wp-content\\\/uploads\\\/screenshot-at-feb-15-13-00-32.png\",\"articleSection\":[\"Video\"],\"inLanguage\":\"az\"},{\"@type\":\"WebPage\",\"@id\":\"https:\\\/\\\/www.meydan.tv\\\/az\\\/article\\\/cemil-hesenli-bu-gun-azerbaycanda-isgence-laboratoriyasi-fealiyyet-gosterir\\\/\",\"url\":\"https:\\\/\\\/www.meydan.tv\\\/az\\\/article\\\/cemil-hesenli-bu-gun-azerbaycanda-isgence-laboratoriyasi-fealiyyet-gosterir\\\/\",\"name\":\"C\u0259mil H\u0259s\u0259nli: \u201cBu g\u00fcn Az\u0259rbaycanda \u201ci\u015fg\u0259nc\u0259 laboratoriyas\u0131\u201d f\u0259aliyy\u0259t g\u00f6st\u0259rir\u201d - MEYDAN.TV\",\"isPartOf\":{\"@id\":\"https:\\\/\\\/www.meydan.tv\\\/az\\\/#website\"},\"primaryImageOfPage\":{\"@id\":\"https:\\\/\\\/www.meydan.tv\\\/az\\\/article\\\/cemil-hesenli-bu-gun-azerbaycanda-isgence-laboratoriyasi-fealiyyet-gosterir\\\/#primaryimage\"},\"image\":{\"@id\":\"https:\\\/\\\/www.meydan.tv\\\/az\\\/article\\\/cemil-hesenli-bu-gun-azerbaycanda-isgence-laboratoriyasi-fealiyyet-gosterir\\\/#primaryimage\"},\"thumbnailUrl\":\"https:\\\/\\\/www.meydan.tv\\\/wp-content\\\/uploads\\\/screenshot-at-feb-15-13-00-32.png\",\"datePublished\":\"2023-02-15T12:19:06+00:00\",\"dateModified\":\"2023-02-15T12:19:09+00:00\",\"breadcrumb\":{\"@id\":\"https:\\\/\\\/www.meydan.tv\\\/az\\\/article\\\/cemil-hesenli-bu-gun-azerbaycanda-isgence-laboratoriyasi-fealiyyet-gosterir\\\/#breadcrumb\"},\"inLanguage\":\"az\",\"potentialAction\":[{\"@type\":\"ReadAction\",\"target\":[\"https:\\\/\\\/www.meydan.tv\\\/az\\\/article\\\/cemil-hesenli-bu-gun-azerbaycanda-isgence-laboratoriyasi-fealiyyet-gosterir\\\/\"]}]},{\"@type\":\"ImageObject\",\"inLanguage\":\"az\",\"@id\":\"https:\\\/\\\/www.meydan.tv\\\/az\\\/article\\\/cemil-hesenli-bu-gun-azerbaycanda-isgence-laboratoriyasi-fealiyyet-gosterir\\\/#primaryimage\",\"url\":\"https:\\\/\\\/www.meydan.tv\\\/wp-content\\\/uploads\\\/screenshot-at-feb-15-13-00-32.png\",\"contentUrl\":\"https:\\\/\\\/www.meydan.tv\\\/wp-content\\\/uploads\\\/screenshot-at-feb-15-13-00-32.png\",\"width\":1638,\"height\":912},{\"@type\":\"BreadcrumbList\",\"@id\":\"https:\\\/\\\/www.meydan.tv\\\/az\\\/article\\\/cemil-hesenli-bu-gun-azerbaycanda-isgence-laboratoriyasi-fealiyyet-gosterir\\\/#breadcrumb\",\"itemListElement\":[{\"@type\":\"ListItem\",\"position\":1,\"name\":\"Ana s\u0259hif\u0259\",\"item\":\"https:\\\/\\\/www.meydan.tv\\\/az\\\/\"},{\"@type\":\"ListItem\",\"position\":2,\"name\":\"Video\",\"item\":\"https:\\\/\\\/www.meydan.tv\\\/az\\\/section\\\/video-2\\\/\"},{\"@type\":\"ListItem\",\"position\":3,\"name\":\"C\u0259mil H\u0259s\u0259nli: \u201cBu g\u00fcn Az\u0259rbaycanda \u201ci\u015fg\u0259nc\u0259 laboratoriyas\u0131\u201d f\u0259aliyy\u0259t g\u00f6st\u0259rir\u201d\"}]},{\"@type\":\"WebSite\",\"@id\":\"https:\\\/\\\/www.meydan.tv\\\/az\\\/#website\",\"url\":\"https:\\\/\\\/www.meydan.tv\\\/az\\\/\",\"name\":\"MEYDAN.TV\",\"description\":\"Meydan TV Az\u0259rbaycan\u0131n media m\u0259kan\u0131ndak\u0131 alternativ s\u0259sidir\",\"publisher\":{\"@id\":\"https:\\\/\\\/www.meydan.tv\\\/az\\\/#organization\"},\"potentialAction\":[{\"@type\":\"SearchAction\",\"target\":{\"@type\":\"EntryPoint\",\"urlTemplate\":\"https:\\\/\\\/www.meydan.tv\\\/az\\\/?s={search_term_string}\"},\"query-input\":{\"@type\":\"PropertyValueSpecification\",\"valueRequired\":true,\"valueName\":\"search_term_string\"}}],\"inLanguage\":\"az\"},{\"@type\":\"Organization\",\"@id\":\"https:\\\/\\\/www.meydan.tv\\\/az\\\/#organization\",\"name\":\"Meydan TV\",\"url\":\"https:\\\/\\\/www.meydan.tv\\\/az\\\/\",\"logo\":{\"@type\":\"ImageObject\",\"inLanguage\":\"az\",\"@id\":\"https:\\\/\\\/www.meydan.tv\\\/az\\\/#\\\/schema\\\/logo\\\/image\\\/\",\"url\":\"https:\\\/\\\/www.meydan.tv\\\/wp-content\\\/uploads\\\/2021\\\/07\\\/meydan-logo.svg\",\"contentUrl\":\"https:\\\/\\\/www.meydan.tv\\\/wp-content\\\/uploads\\\/2021\\\/07\\\/meydan-logo.svg\",\"width\":195,\"height\":46,\"caption\":\"Meydan TV\"},\"image\":{\"@id\":\"https:\\\/\\\/www.meydan.tv\\\/az\\\/#\\\/schema\\\/logo\\\/image\\\/\"}},{\"@type\":\"Person\",\"@id\":\"https:\\\/\\\/www.meydan.tv\\\/az\\\/#\\\/schema\\\/person\\\/8f23e01c4de63326c13c319fb65ee65d\",\"name\":\"roma\"}]}<\/script>\n<!-- \/ Yoast SEO plugin. -->","yoast_head_json":{"title":"C\u0259mil H\u0259s\u0259nli: \u201cBu g\u00fcn Az\u0259rbaycanda \u201ci\u015fg\u0259nc\u0259 laboratoriyas\u0131\u201d f\u0259aliyy\u0259t g\u00f6st\u0259rir\u201d - MEYDAN.TV","robots":{"index":"index","follow":"follow","max-snippet":"max-snippet:-1","max-image-preview":"max-image-preview:large","max-video-preview":"max-video-preview:-1"},"canonical":"https:\/\/www.meydan.tv\/az\/article\/cemil-hesenli-bu-gun-azerbaycanda-isgence-laboratoriyasi-fealiyyet-gosterir\/","og_locale":"az_AZ","og_type":"article","og_title":"C\u0259mil H\u0259s\u0259nli: \u201cBu g\u00fcn Az\u0259rbaycanda \u201ci\u015fg\u0259nc\u0259 laboratoriyas\u0131\u201d f\u0259aliyy\u0259t g\u00f6st\u0259rir\u201d - MEYDAN.TV","og_url":"https:\/\/www.meydan.tv\/az\/article\/cemil-hesenli-bu-gun-azerbaycanda-isgence-laboratoriyasi-fealiyyet-gosterir\/","og_site_name":"MEYDAN.TV","article_published_time":"2023-02-15T12:19:06+00:00","article_modified_time":"2023-02-15T12:19:09+00:00","og_image":[{"width":1200,"height":668,"url":"https:\/\/www.meydan.tv\/wp-content\/uploads\/screenshot-at-feb-15-13-00-32-1200x668.png","type":"image\/png"}],"author":"roma","twitter_card":"summary_large_image","schema":{"@context":"https:\/\/schema.org","@graph":[{"@type":"Article","@id":"https:\/\/www.meydan.tv\/az\/article\/cemil-hesenli-bu-gun-azerbaycanda-isgence-laboratoriyasi-fealiyyet-gosterir\/#article","isPartOf":{"@id":"https:\/\/www.meydan.tv\/az\/article\/cemil-hesenli-bu-gun-azerbaycanda-isgence-laboratoriyasi-fealiyyet-gosterir\/"},"author":{"name":"roma","@id":"https:\/\/www.meydan.tv\/az\/#\/schema\/person\/8f23e01c4de63326c13c319fb65ee65d"},"headline":"C\u0259mil H\u0259s\u0259nli: \u201cBu g\u00fcn Az\u0259rbaycanda \u201ci\u015fg\u0259nc\u0259 laboratoriyas\u0131\u201d f\u0259aliyy\u0259t g\u00f6st\u0259rir\u201d","datePublished":"2023-02-15T12:19:06+00:00","dateModified":"2023-02-15T12:19:09+00:00","mainEntityOfPage":{"@id":"https:\/\/www.meydan.tv\/az\/article\/cemil-hesenli-bu-gun-azerbaycanda-isgence-laboratoriyasi-fealiyyet-gosterir\/"},"wordCount":2855,"publisher":{"@id":"https:\/\/www.meydan.tv\/az\/#organization"},"image":{"@id":"https:\/\/www.meydan.tv\/az\/article\/cemil-hesenli-bu-gun-azerbaycanda-isgence-laboratoriyasi-fealiyyet-gosterir\/#primaryimage"},"thumbnailUrl":"https:\/\/www.meydan.tv\/wp-content\/uploads\/screenshot-at-feb-15-13-00-32.png","articleSection":["Video"],"inLanguage":"az"},{"@type":"WebPage","@id":"https:\/\/www.meydan.tv\/az\/article\/cemil-hesenli-bu-gun-azerbaycanda-isgence-laboratoriyasi-fealiyyet-gosterir\/","url":"https:\/\/www.meydan.tv\/az\/article\/cemil-hesenli-bu-gun-azerbaycanda-isgence-laboratoriyasi-fealiyyet-gosterir\/","name":"C\u0259mil H\u0259s\u0259nli: \u201cBu g\u00fcn Az\u0259rbaycanda \u201ci\u015fg\u0259nc\u0259 laboratoriyas\u0131\u201d f\u0259aliyy\u0259t g\u00f6st\u0259rir\u201d - MEYDAN.TV","isPartOf":{"@id":"https:\/\/www.meydan.tv\/az\/#website"},"primaryImageOfPage":{"@id":"https:\/\/www.meydan.tv\/az\/article\/cemil-hesenli-bu-gun-azerbaycanda-isgence-laboratoriyasi-fealiyyet-gosterir\/#primaryimage"},"image":{"@id":"https:\/\/www.meydan.tv\/az\/article\/cemil-hesenli-bu-gun-azerbaycanda-isgence-laboratoriyasi-fealiyyet-gosterir\/#primaryimage"},"thumbnailUrl":"https:\/\/www.meydan.tv\/wp-content\/uploads\/screenshot-at-feb-15-13-00-32.png","datePublished":"2023-02-15T12:19:06+00:00","dateModified":"2023-02-15T12:19:09+00:00","breadcrumb":{"@id":"https:\/\/www.meydan.tv\/az\/article\/cemil-hesenli-bu-gun-azerbaycanda-isgence-laboratoriyasi-fealiyyet-gosterir\/#breadcrumb"},"inLanguage":"az","potentialAction":[{"@type":"ReadAction","target":["https:\/\/www.meydan.tv\/az\/article\/cemil-hesenli-bu-gun-azerbaycanda-isgence-laboratoriyasi-fealiyyet-gosterir\/"]}]},{"@type":"ImageObject","inLanguage":"az","@id":"https:\/\/www.meydan.tv\/az\/article\/cemil-hesenli-bu-gun-azerbaycanda-isgence-laboratoriyasi-fealiyyet-gosterir\/#primaryimage","url":"https:\/\/www.meydan.tv\/wp-content\/uploads\/screenshot-at-feb-15-13-00-32.png","contentUrl":"https:\/\/www.meydan.tv\/wp-content\/uploads\/screenshot-at-feb-15-13-00-32.png","width":1638,"height":912},{"@type":"BreadcrumbList","@id":"https:\/\/www.meydan.tv\/az\/article\/cemil-hesenli-bu-gun-azerbaycanda-isgence-laboratoriyasi-fealiyyet-gosterir\/#breadcrumb","itemListElement":[{"@type":"ListItem","position":1,"name":"Ana s\u0259hif\u0259","item":"https:\/\/www.meydan.tv\/az\/"},{"@type":"ListItem","position":2,"name":"Video","item":"https:\/\/www.meydan.tv\/az\/section\/video-2\/"},{"@type":"ListItem","position":3,"name":"C\u0259mil H\u0259s\u0259nli: \u201cBu g\u00fcn Az\u0259rbaycanda \u201ci\u015fg\u0259nc\u0259 laboratoriyas\u0131\u201d f\u0259aliyy\u0259t g\u00f6st\u0259rir\u201d"}]},{"@type":"WebSite","@id":"https:\/\/www.meydan.tv\/az\/#website","url":"https:\/\/www.meydan.tv\/az\/","name":"MEYDAN.TV","description":"Meydan TV Az\u0259rbaycan\u0131n media m\u0259kan\u0131ndak\u0131 alternativ s\u0259sidir","publisher":{"@id":"https:\/\/www.meydan.tv\/az\/#organization"},"potentialAction":[{"@type":"SearchAction","target":{"@type":"EntryPoint","urlTemplate":"https:\/\/www.meydan.tv\/az\/?s={search_term_string}"},"query-input":{"@type":"PropertyValueSpecification","valueRequired":true,"valueName":"search_term_string"}}],"inLanguage":"az"},{"@type":"Organization","@id":"https:\/\/www.meydan.tv\/az\/#organization","name":"Meydan TV","url":"https:\/\/www.meydan.tv\/az\/","logo":{"@type":"ImageObject","inLanguage":"az","@id":"https:\/\/www.meydan.tv\/az\/#\/schema\/logo\/image\/","url":"https:\/\/www.meydan.tv\/wp-content\/uploads\/2021\/07\/meydan-logo.svg","contentUrl":"https:\/\/www.meydan.tv\/wp-content\/uploads\/2021\/07\/meydan-logo.svg","width":195,"height":46,"caption":"Meydan TV"},"image":{"@id":"https:\/\/www.meydan.tv\/az\/#\/schema\/logo\/image\/"}},{"@type":"Person","@id":"https:\/\/www.meydan.tv\/az\/#\/schema\/person\/8f23e01c4de63326c13c319fb65ee65d","name":"roma"}]}},"_links":{"self":[{"href":"https:\/\/www.meydan.tv\/az\/wp-json\/wp\/v2\/posts\/268483","targetHints":{"allow":["GET"]}}],"collection":[{"href":"https:\/\/www.meydan.tv\/az\/wp-json\/wp\/v2\/posts"}],"about":[{"href":"https:\/\/www.meydan.tv\/az\/wp-json\/wp\/v2\/types\/post"}],"author":[{"embeddable":true,"href":"https:\/\/www.meydan.tv\/az\/wp-json\/wp\/v2\/users\/14"}],"replies":[{"embeddable":true,"href":"https:\/\/www.meydan.tv\/az\/wp-json\/wp\/v2\/comments?post=268483"}],"version-history":[{"count":2,"href":"https:\/\/www.meydan.tv\/az\/wp-json\/wp\/v2\/posts\/268483\/revisions"}],"predecessor-version":[{"id":268488,"href":"https:\/\/www.meydan.tv\/az\/wp-json\/wp\/v2\/posts\/268483\/revisions\/268488"}],"wp:featuredmedia":[{"embeddable":true,"href":"https:\/\/www.meydan.tv\/az\/wp-json\/wp\/v2\/media\/268485"}],"wp:attachment":[{"href":"https:\/\/www.meydan.tv\/az\/wp-json\/wp\/v2\/media?parent=268483"}],"wp:term":[{"taxonomy":"category","embeddable":true,"href":"https:\/\/www.meydan.tv\/az\/wp-json\/wp\/v2\/categories?post=268483"},{"taxonomy":"post_tag","embeddable":true,"href":"https:\/\/www.meydan.tv\/az\/wp-json\/wp\/v2\/tags?post=268483"}],"curies":[{"name":"wp","href":"https:\/\/api.w.org\/{rel}","templated":true}]}}