{"id":268456,"date":"2023-02-15T15:24:21","date_gmt":"2023-02-15T11:24:21","guid":{"rendered":"https:\/\/www.meydan.tv\/?p=268456"},"modified":"2023-02-15T15:33:41","modified_gmt":"2023-02-15T11:33:41","slug":"yardim-kampaniyasini-icra-hakimiyyeti-mecburiyyete-cevirdi","status":"publish","type":"post","link":"https:\/\/www.meydan.tv\/az\/article\/yardim-kampaniyasini-icra-hakimiyyeti-mecburiyyete-cevirdi\/","title":{"rendered":"\u201cYard\u0131m kampaniyas\u0131n\u0131 icra hakimiyy\u0259ti m\u0259cburiyy\u0259t\u0259 \u00e7evirdi\u201d"},"content":{"rendered":"\n<p><\/p>\n\n\n\n<p><em>B\u00fcdc\u0259 t\u0259\u015fkilatlar\u0131nda \u00e7al\u0131\u015fanlar naraz\u0131l\u0131q edir<\/em><\/p>\n\n\n\n<p>\u201cT\u00fcrkiy\u0259d\u0259 ba\u015f ver\u0259n z\u0259lz\u0259l\u0259d\u0259n z\u0259r\u0259r\u00e7\u0259kmi\u015fl\u0259r\u0259 yard\u0131m kampaniyas\u0131n\u0131 xo\u015f niyy\u0259tl\u0259 etm\u0259y\u0259 ba\u015flad\u0131q, rayon icra hakimiyy\u0259ti bunu m\u0259cburiyy\u0259t\u0259 \u00e7evirdi\u201d.<\/p>\n\n\n\n<p>\u0130\u015fini itirm\u0259k t\u0259hl\u00fck\u0259sil\u0259 ad\u0131n\u0131n a\u00e7\u0131qlanmas\u0131n\u0131 ist\u0259m\u0259y\u0259n Qazax rayon sakini bel\u0259 deyir. O, b\u00fcdc\u0259 t\u0259\u015fkilatlar\u0131ndan birind\u0259 \u015f\u00f6b\u0259 m\u00fcdiridir. Deyir ki, Qazax Rayon \u0130cra Hakimiyy\u0259tinin g\u00f6st\u0259ri\u015fi il\u0259 b\u00fcdc\u0259 t\u0259\u015fkilatlar\u0131nda \u00e7al\u0131\u015fanlar\u0131n h\u0259r birinin maa\u015f\u0131ndan 5, v\u0259zif\u0259li \u015f\u0259xsl\u0259rd\u0259n 10 faiz yard\u0131m \u00fc\u00e7\u00fcn tutulur:<\/p>\n\n\n\n<p>\u201cS\u00f6zs\u00fcz, T\u00fcrkiy\u0259d\u0259 ba\u015f ver\u0259nl\u0259r\u0259 laqeyd qala bilm\u0259rik, h\u0259r k\u0259s \u0259lind\u0259n g\u0259l\u0259ni etm\u0259y\u0259 haz\u0131rd\u0131r. Amma buna insanlar\u0131n \u00f6zl\u0259ri q\u0259rar verm\u0259lidirl\u0259r, yoxsa \u201cbu q\u0259d\u0259r verm\u0259lis\u0259n\u201d deyib m\u0259cbur etm\u0259k do\u011fru deyil. T\u0259l\u0259b ed\u0259n rayon icra hakimiyy\u0259ti, adamlarla \u00fcz-g\u00f6z olan biz\u201d.<\/p>\n\n\n\n<p>Qazax Rayon M\u0259rk\u0259zi X\u0259st\u0259xanas\u0131n\u0131n \u0259m\u0259kda\u015flar\u0131 aras\u0131nda da kampaniyaya m\u0259cburi qo\u015fuldu\u011fu \u00fc\u00e7\u00fcn naraz\u0131l\u0131q ed\u0259nl\u0259r var.<\/p>\n\n\n\n<p>\u201cH\u0259kiml\u0259r 100 manat, tibb bac\u0131lar\u0131 maa\u015fa uy\u011fun 20-30, xadim\u0259l\u0259r is\u0259 10 manat verm\u0259lidir. Ham\u0131m\u0131z naraz\u0131y\u0131q, bizd\u0259n pul y\u0131\u011f\u0131b \u00f6z adlar\u0131na \u00e7\u0131x\u0131rlar. Niy\u0259 m\u0259n \u00f6z\u00fcm apar\u0131b \u00f6d\u0259m\u0259yim? B\u0259lk\u0259 el\u0259 \u00e7ox ver\u0259c\u0259m\u201d, &#8211; tibb bac\u0131lar\u0131ndan biri gileyl\u0259nir.<\/p>\n\n\n\n<p>Qazax D\u00f6vl\u0259t Sosial \u0130qtisad Kollecinin b\u0259zi m\u00fc\u0259lliml\u0259ri d\u0259 maa\u015flar\u0131ndan 5-10 faiz tutulmas\u0131na qar\u015f\u0131d\u0131rlar. Kollecd\u0259n is\u0259 Meydan TV-y\u0259 deyilib ki, he\u00e7 kim m\u0259cbur edilmir, m\u00fc\u0259lliml\u0259rin \u00f6zl\u0259ri k\u00f6n\u00fcll\u00fc yard\u0131ma qo\u015fulublar.<\/p>\n\n\n\n<p>Yerli sahibkarlar da naraz\u0131l\u0131q edib. Amma yard\u0131ma qo\u015fulmaqdan yox, onlar\u0131n yard\u0131m\u0131n\u0131n icra hakimiyy\u0259tinin ad\u0131na \u00e7\u0131x\u0131lmas\u0131ndan naraz\u0131d\u0131rlar. T\u0259hl\u00fck\u0259sizliyi s\u0259b\u0259bind\u0259n ad\u0131n\u0131n a\u00e7\u0131qlanmas\u0131n\u0131 ist\u0259m\u0259y\u0259n yerli ki\u00e7ik sahibkar deyir ki, kampaniyan\u0131 k\u00f6n\u00fcll\u00fcl\u0259r t\u0259\u015fkil edib v\u0259 xeyli yard\u0131m y\u0131\u011f\u0131l\u0131b. Lakin icra hakimiyy\u0259tinin n\u00fcmay\u0259nd\u0259l\u0259ri yard\u0131m\u0131n y\u0131\u011f\u0131ld\u0131\u011f\u0131 obyekt\u0259 g\u0259l\u0259r\u0259k k\u00f6n\u00fcll\u00fcl\u0259ri oradan uzaqla\u015fd\u0131r\u0131b:<\/p>\n\n\n\n<p>\u201c\u0130cra hakimiyy\u0259ti obyektin sahibin\u0259 t\u0259zyiq etdi, o da k\u00f6n\u00fcll\u00fcl\u0259ri uzaqla\u015fd\u0131rd\u0131. Sonra icra hakimiyy\u0259tinin \u00f6z\u00fc g\u0259lib orada yard\u0131m y\u0131\u011fma\u011fa ba\u015flad\u0131. Bir s\u00f6zl\u0259, sahibkarlar\u0131n, sad\u0259 adamlar\u0131n yard\u0131m\u0131n\u0131 icra ba\u015f\u00e7\u0131s\u0131 \u00f6z ad\u0131na \u00e7\u0131x\u0131r\u201d.<\/p>\n\n\n\n<p>Rayonun \u201cG\u00f6y\u0259z\u0259n.az&#8221; internet portal\u0131nda da kampaniya il\u0259 ba\u011fl\u0131 m\u0259lumat <a href=\"https:\/\/goyezen.az\/manset\/7576-qazax-rayon-icra-hakimiyyeti-de-qardas-turkiye-ucun-humanitar-yardim-kampaniyasina-qosulub.html\" target=\"_blank\" rel=\"noreferrer noopener\">verilib<\/a>:<\/p>\n\n\n\n<p>\u201cB\u00fct\u00fcn Az\u0259rbaycan xalq\u0131 kimi, Qazax Rayon \u0130cra Hakimiyy\u0259ti d\u0259 qarda\u015f T\u00fcrkiy\u0259 Respublikas\u0131nda ba\u015f vermi\u015f z\u0259lz\u0259l\u0259 n\u0259tic\u0259sind\u0259 x\u0259sar\u0259t alanlara g\u00f6st\u0259ril\u0259n humanitar yard\u0131m kampaniyas\u0131na qo\u015fulub. Bu \u00e7\u0259tin g\u00fcnl\u0259rd\u0259 T\u00fcrkiy\u0259 xalq\u0131n\u0131n yan\u0131nda oldu\u011funu n\u00fcmayi\u015f etdirib\u201d.<\/p>\n\n\n\n<p>\u201cS\u00f6z\u00fcged\u0259n humanitar yard\u0131m d\u00f6vl\u0259t b\u00fcdc\u0259sind\u0259n ayr\u0131lm\u0131\u015f 51886,14 manat v\u0259sait hesab\u0131na g\u00f6nd\u0259rilib. Al\u0131nm\u0131\u015f mallara g\u00f6r\u0259 h\u0259min v\u0259saitd\u0259n 14072,2 manat \u201cAbulife GROUP\u201d MMC-y\u0259, 9500,00 manat \u201c\u018fs\u0259do\u011flu\u201d market\u0259 (K\u0259rimov \u018fs\u0259d M\u0259h\u0259rr\u0259m o\u011fluna), 10003,08 manat \u201cAvromed Company\u201d MMC-y\u0259, 13697,61 manat \u201cBrend Shop\u201d ma\u011fazas\u0131na (Nazarov Murtuz C\u0259lil o\u011fluna), 2008,25 manat \u201cUcuzluq\u201d ma\u011fazas\u0131na (\u018fhm\u0259dov V\u00fcsal M\u0259mm\u0259dqulu o\u011fluna), 1360,00 manat \u201cBeko\u201d-ya (\u018fsg\u0259rov Vahid Temur o\u011fluna), 1245,00 manat \u201cXanl\u0131qlar GROUP\u201d MMC-y\u0259 m\u0259xsus hesablara \u00f6d\u0259nilib\u201d, &#8211; m\u0259lumatda deyilib.<\/p>\n\n\n\n<p>Bildirilir ki, al\u0131nm\u0131\u015f 300 \u0259d\u0259d yor\u011fan, 100 \u0259d\u0259d d\u00f6\u015f\u0259k, 300 \u0259d\u0259d yast\u0131q, 211 \u0259d\u0259d elektrik q\u0131zd\u0131r\u0131c\u0131s\u0131, 6000 \u0259d\u0259d qida m\u0259hsulu, 38 \u00e7e\u015fidd\u0259 vacib olan d\u0259rman preparat\u0131, h\u0259m\u00e7inin, 330 \u0259d\u0259d ki\u015fi v\u0259 153 \u0259d\u0259d qad\u0131n \u00fc\u00e7\u00fcn \u00fcst geyimi, 40 \u0259d\u0259d ki\u015fi v\u0259 60 \u0259d\u0259d qad\u0131n \u00fc\u00e7\u00fcn qal\u0131n \u00fcst geyimi (g\u00f6d\u0259kc\u0259), 55 c\u00fct ki\u015fi, 18 c\u00fct qad\u0131n v\u0259 50 c\u00fct u\u015faq \u00fc\u00e7\u00fcn ayaqqab\u0131, 109 c\u00fct qad\u0131n, 100 c\u00fct ki\u015fi v\u0259 67 c\u00fct u\u015faq \u00fc\u00e7\u00fcn corab ictimaiyy\u0259t n\u00fcmay\u0259nd\u0259l\u0259rinin i\u015ftirak\u0131 il\u0259 k\u00f6n\u00fcll\u00fcl\u0259r t\u0259r\u0259find\u0259n qabla\u015fd\u0131r\u0131l\u0131b v\u0259 fevral\u0131n 10-da y\u00fck ma\u015f\u0131n\u0131na y\u00fckl\u0259n\u0259r\u0259k T\u00fcrkiy\u0259y\u0259 yola sal\u0131n\u0131b.<\/p>\n\n\n\n<p>Sahibkarlardan biri Meydan TV-y\u0259 deyib ki, do\u011frudur, T\u00fcrkiy\u0259y\u0259 g\u00f6st\u0259ril\u0259n m\u0259bl\u0259\u011fd\u0259, y\u0259ni 51886,14 manatl\u0131q yard\u0131m g\u00f6nd\u0259rilib. Amma \u0259sas x\u0259rci sahibkarlar\u0131n \u00f6zl\u0259ri \u00e7\u0259kibl\u0259r:<\/p>\n\n\n\n<p>&#8220;H\u0259r bir sahibkar\u0131n hesab\u0131na m\u0259bl\u0259\u011fl\u0259r g\u00f6nd\u0259rildi, b\u00f6y\u00fck hiss\u0259si \u00e7\u0131xar\u0131l\u0131b geri qaytar\u0131ld\u0131. Y\u0259ni, \u00f6z\u00fcm\u00fcz etdik, ad\u0131 icra hakimiyy\u0259tinin oldu&#8221;.<\/p>\n\n\n\n<p>Meydan TV \u201cAbulife GROUP\u201d MMC-y\u0259 m\u0259xsus telefonla da \u0259laq\u0259 saxlay\u0131b. Telefonu a\u00e7an qad\u0131n kampaniyaya qo\u015fulduqlar\u0131n\u0131, ancaq n\u0259 q\u0259d\u0259r x\u0259rc \u00e7\u0259kildiyi bar\u0259d\u0259 m\u0259lumats\u0131z oldu\u011funu bildirib. \u201cXanl\u0131qlar GROUP\u201d MMC-d\u0259n d\u0259 bu bar\u0259d\u0259 dan\u0131\u015fmaq ist\u0259m\u0259yibl\u0259r.<\/p>\n\n\n\n<p>Qazax Rayon \u0130cra Hakimiyy\u0259tind\u0259n is\u0259 deyil\u0259nl\u0259ri t\u0259kzib edibl\u0259r:<\/p>\n\n\n\n<p>&#8220;He\u00e7 kim\u0259 bel\u0259 bir g\u00f6st\u0259ri\u015f, tap\u015f\u0131r\u0131q verilm\u0259yib&#8221;.<\/p>\n\n\n\n<p>Sosial \u015f\u0259b\u0259k\u0259l\u0259rd\u0259 d\u0259 bu bar\u0259d\u0259 m\u0259lumatlar payla\u015f\u0131l\u0131r. Sumay\u0131tda, \u0130mi\u015flid\u0259, Neft\u00e7alada v\u0259 A\u011fstafada da b\u00fcdc\u0259 t\u0259\u015fkilat\u0131nda \u00e7al\u0131\u015fanlar\u0131n m\u0259cburi \u015f\u0259kild\u0259 yard\u0131m kampaniyas\u0131na c\u0259lb edildiyi deyilir.<\/p>\n","protected":false},"excerpt":{"rendered":"<p>B\u00fcdc\u0259 t\u0259\u015fkilatlar\u0131nda \u00e7al\u0131\u015fanlar naraz\u0131l\u0131q edir \u201cT\u00fcrkiy\u0259d\u0259 ba\u015f ver\u0259n z\u0259lz\u0259l\u0259d\u0259n z\u0259r\u0259r\u00e7\u0259kmi\u015fl\u0259r\u0259 &#8230; <\/p>\n<p class=\"read-more-container\"><a title=\"\u201cYard\u0131m kampaniyas\u0131n\u0131 icra hakimiyy\u0259ti m\u0259cburiyy\u0259t\u0259 \u00e7evirdi\u201d\" class=\"read-more button\" href=\"https:\/\/www.meydan.tv\/az\/article\/yardim-kampaniyasini-icra-hakimiyyeti-mecburiyyete-cevirdi\/#more-268456\" aria-label=\"Read more about \u201cYard\u0131m kampaniyas\u0131n\u0131 icra hakimiyy\u0259ti m\u0259cburiyy\u0259t\u0259 \u00e7evirdi\u201d\">Davam\u0131<\/a><\/p>\n","protected":false},"author":8,"featured_media":268453,"comment_status":"closed","ping_status":"closed","sticky":false,"template":"","format":"standard","meta":{"_acf_changed":false,"_sitemap_exclude":false,"_sitemap_priority":"","_sitemap_frequency":"","footnotes":""},"categories":[60,88,56],"tags":[],"class_list":["post-268456","post","type-post","status-publish","format-standard","has-post-thumbnail","hentry","category-bolge","category-redaktor-secimi","category-xeberler","infinite-scroll-item","generate-columns","tablet-grid-50","mobile-grid-100","grid-parent","grid-33","no-featured-image-padding"],"acf":[],"yoast_head":"<!-- This site is optimized with the Yoast SEO plugin v27.5 - https:\/\/yoast.com\/product\/yoast-seo-wordpress\/ -->\n<title>\u201cYard\u0131m kampaniyas\u0131n\u0131 icra hakimiyy\u0259ti m\u0259cburiyy\u0259t\u0259 \u00e7evirdi\u201d - MEYDAN.TV<\/title>\n<meta name=\"robots\" content=\"index, follow, max-snippet:-1, max-image-preview:large, max-video-preview:-1\" \/>\n<link rel=\"canonical\" href=\"https:\/\/www.meydan.tv\/az\/article\/yardim-kampaniyasini-icra-hakimiyyeti-mecburiyyete-cevirdi\/\" \/>\n<meta property=\"og:locale\" content=\"az_AZ\" \/>\n<meta property=\"og:type\" content=\"article\" \/>\n<meta property=\"og:title\" content=\"\u201cYard\u0131m kampaniyas\u0131n\u0131 icra hakimiyy\u0259ti m\u0259cburiyy\u0259t\u0259 \u00e7evirdi\u201d - MEYDAN.TV\" \/>\n<meta property=\"og:description\" content=\"B\u00fcdc\u0259 t\u0259\u015fkilatlar\u0131nda \u00e7al\u0131\u015fanlar naraz\u0131l\u0131q edir \u201cT\u00fcrkiy\u0259d\u0259 ba\u015f ver\u0259n z\u0259lz\u0259l\u0259d\u0259n z\u0259r\u0259r\u00e7\u0259kmi\u015fl\u0259r\u0259 ... Davam\u0131\" \/>\n<meta property=\"og:url\" content=\"https:\/\/www.meydan.tv\/az\/article\/yardim-kampaniyasini-icra-hakimiyyeti-mecburiyyete-cevirdi\/\" \/>\n<meta property=\"og:site_name\" content=\"MEYDAN.TV\" \/>\n<meta property=\"article:published_time\" content=\"2023-02-15T11:24:21+00:00\" \/>\n<meta property=\"article:modified_time\" content=\"2023-02-15T11:33:41+00:00\" \/>\n<meta property=\"og:image\" content=\"https:\/\/www.meydan.tv\/wp-content\/uploads\/2017-08-09-16-19-0225.jpg\" \/>\n\t<meta property=\"og:image:width\" content=\"1200\" \/>\n\t<meta property=\"og:image:height\" content=\"895\" \/>\n\t<meta property=\"og:image:type\" content=\"image\/jpeg\" \/>\n<meta name=\"author\" content=\"elli\" \/>\n<meta name=\"twitter:card\" content=\"summary_large_image\" \/>\n<meta name=\"twitter:creator\" content=\"@elli\" \/>\n<script type=\"application\/ld+json\" class=\"yoast-schema-graph\">{\"@context\":\"https:\\\/\\\/schema.org\",\"@graph\":[{\"@type\":\"Article\",\"@id\":\"https:\\\/\\\/www.meydan.tv\\\/az\\\/article\\\/yardim-kampaniyasini-icra-hakimiyyeti-mecburiyyete-cevirdi\\\/#article\",\"isPartOf\":{\"@id\":\"https:\\\/\\\/www.meydan.tv\\\/az\\\/article\\\/yardim-kampaniyasini-icra-hakimiyyeti-mecburiyyete-cevirdi\\\/\"},\"author\":{\"name\":\"elli\",\"@id\":\"https:\\\/\\\/www.meydan.tv\\\/az\\\/#\\\/schema\\\/person\\\/9cdbecf90d17180ce1dfbd95b08dcf47\"},\"headline\":\"\u201cYard\u0131m kampaniyas\u0131n\u0131 icra hakimiyy\u0259ti m\u0259cburiyy\u0259t\u0259 \u00e7evirdi\u201d\",\"datePublished\":\"2023-02-15T11:24:21+00:00\",\"dateModified\":\"2023-02-15T11:33:41+00:00\",\"mainEntityOfPage\":{\"@id\":\"https:\\\/\\\/www.meydan.tv\\\/az\\\/article\\\/yardim-kampaniyasini-icra-hakimiyyeti-mecburiyyete-cevirdi\\\/\"},\"wordCount\":1003,\"publisher\":{\"@id\":\"https:\\\/\\\/www.meydan.tv\\\/az\\\/#organization\"},\"image\":{\"@id\":\"https:\\\/\\\/www.meydan.tv\\\/az\\\/article\\\/yardim-kampaniyasini-icra-hakimiyyeti-mecburiyyete-cevirdi\\\/#primaryimage\"},\"thumbnailUrl\":\"https:\\\/\\\/www.meydan.tv\\\/wp-content\\\/uploads\\\/2017-08-09-16-19-0225.jpg\",\"articleSection\":[\"B\u00f6lg\u0259\",\"Redaktor se\u00e7imi\",\"X\u0259b\u0259rl\u0259r\"],\"inLanguage\":\"az\"},{\"@type\":\"WebPage\",\"@id\":\"https:\\\/\\\/www.meydan.tv\\\/az\\\/article\\\/yardim-kampaniyasini-icra-hakimiyyeti-mecburiyyete-cevirdi\\\/\",\"url\":\"https:\\\/\\\/www.meydan.tv\\\/az\\\/article\\\/yardim-kampaniyasini-icra-hakimiyyeti-mecburiyyete-cevirdi\\\/\",\"name\":\"\u201cYard\u0131m kampaniyas\u0131n\u0131 icra hakimiyy\u0259ti m\u0259cburiyy\u0259t\u0259 \u00e7evirdi\u201d - MEYDAN.TV\",\"isPartOf\":{\"@id\":\"https:\\\/\\\/www.meydan.tv\\\/az\\\/#website\"},\"primaryImageOfPage\":{\"@id\":\"https:\\\/\\\/www.meydan.tv\\\/az\\\/article\\\/yardim-kampaniyasini-icra-hakimiyyeti-mecburiyyete-cevirdi\\\/#primaryimage\"},\"image\":{\"@id\":\"https:\\\/\\\/www.meydan.tv\\\/az\\\/article\\\/yardim-kampaniyasini-icra-hakimiyyeti-mecburiyyete-cevirdi\\\/#primaryimage\"},\"thumbnailUrl\":\"https:\\\/\\\/www.meydan.tv\\\/wp-content\\\/uploads\\\/2017-08-09-16-19-0225.jpg\",\"datePublished\":\"2023-02-15T11:24:21+00:00\",\"dateModified\":\"2023-02-15T11:33:41+00:00\",\"breadcrumb\":{\"@id\":\"https:\\\/\\\/www.meydan.tv\\\/az\\\/article\\\/yardim-kampaniyasini-icra-hakimiyyeti-mecburiyyete-cevirdi\\\/#breadcrumb\"},\"inLanguage\":\"az\",\"potentialAction\":[{\"@type\":\"ReadAction\",\"target\":[\"https:\\\/\\\/www.meydan.tv\\\/az\\\/article\\\/yardim-kampaniyasini-icra-hakimiyyeti-mecburiyyete-cevirdi\\\/\"]}]},{\"@type\":\"ImageObject\",\"inLanguage\":\"az\",\"@id\":\"https:\\\/\\\/www.meydan.tv\\\/az\\\/article\\\/yardim-kampaniyasini-icra-hakimiyyeti-mecburiyyete-cevirdi\\\/#primaryimage\",\"url\":\"https:\\\/\\\/www.meydan.tv\\\/wp-content\\\/uploads\\\/2017-08-09-16-19-0225.jpg\",\"contentUrl\":\"https:\\\/\\\/www.meydan.tv\\\/wp-content\\\/uploads\\\/2017-08-09-16-19-0225.jpg\",\"width\":1200,\"height\":895,\"caption\":\"Foto: Qazax Rayon \u0130cra Hakimiyy\u0259ti\"},{\"@type\":\"BreadcrumbList\",\"@id\":\"https:\\\/\\\/www.meydan.tv\\\/az\\\/article\\\/yardim-kampaniyasini-icra-hakimiyyeti-mecburiyyete-cevirdi\\\/#breadcrumb\",\"itemListElement\":[{\"@type\":\"ListItem\",\"position\":1,\"name\":\"Ana s\u0259hif\u0259\",\"item\":\"https:\\\/\\\/www.meydan.tv\\\/az\\\/\"},{\"@type\":\"ListItem\",\"position\":2,\"name\":\"B\u00f6lg\u0259\",\"item\":\"https:\\\/\\\/www.meydan.tv\\\/az\\\/section\\\/bolge\\\/\"},{\"@type\":\"ListItem\",\"position\":3,\"name\":\"\u201cYard\u0131m kampaniyas\u0131n\u0131 icra hakimiyy\u0259ti m\u0259cburiyy\u0259t\u0259 \u00e7evirdi\u201d\"}]},{\"@type\":\"WebSite\",\"@id\":\"https:\\\/\\\/www.meydan.tv\\\/az\\\/#website\",\"url\":\"https:\\\/\\\/www.meydan.tv\\\/az\\\/\",\"name\":\"MEYDAN.TV\",\"description\":\"Meydan TV Az\u0259rbaycan\u0131n media m\u0259kan\u0131ndak\u0131 alternativ s\u0259sidir\",\"publisher\":{\"@id\":\"https:\\\/\\\/www.meydan.tv\\\/az\\\/#organization\"},\"potentialAction\":[{\"@type\":\"SearchAction\",\"target\":{\"@type\":\"EntryPoint\",\"urlTemplate\":\"https:\\\/\\\/www.meydan.tv\\\/az\\\/?s={search_term_string}\"},\"query-input\":{\"@type\":\"PropertyValueSpecification\",\"valueRequired\":true,\"valueName\":\"search_term_string\"}}],\"inLanguage\":\"az\"},{\"@type\":\"Organization\",\"@id\":\"https:\\\/\\\/www.meydan.tv\\\/az\\\/#organization\",\"name\":\"Meydan TV\",\"url\":\"https:\\\/\\\/www.meydan.tv\\\/az\\\/\",\"logo\":{\"@type\":\"ImageObject\",\"inLanguage\":\"az\",\"@id\":\"https:\\\/\\\/www.meydan.tv\\\/az\\\/#\\\/schema\\\/logo\\\/image\\\/\",\"url\":\"https:\\\/\\\/www.meydan.tv\\\/wp-content\\\/uploads\\\/2021\\\/07\\\/meydan-logo.svg\",\"contentUrl\":\"https:\\\/\\\/www.meydan.tv\\\/wp-content\\\/uploads\\\/2021\\\/07\\\/meydan-logo.svg\",\"width\":195,\"height\":46,\"caption\":\"Meydan TV\"},\"image\":{\"@id\":\"https:\\\/\\\/www.meydan.tv\\\/az\\\/#\\\/schema\\\/logo\\\/image\\\/\"}},{\"@type\":\"Person\",\"@id\":\"https:\\\/\\\/www.meydan.tv\\\/az\\\/#\\\/schema\\\/person\\\/9cdbecf90d17180ce1dfbd95b08dcf47\",\"name\":\"elli\",\"sameAs\":[\"https:\\\/\\\/x.com\\\/elli\"]}]}<\/script>\n<!-- \/ Yoast SEO plugin. -->","yoast_head_json":{"title":"\u201cYard\u0131m kampaniyas\u0131n\u0131 icra hakimiyy\u0259ti m\u0259cburiyy\u0259t\u0259 \u00e7evirdi\u201d - MEYDAN.TV","robots":{"index":"index","follow":"follow","max-snippet":"max-snippet:-1","max-image-preview":"max-image-preview:large","max-video-preview":"max-video-preview:-1"},"canonical":"https:\/\/www.meydan.tv\/az\/article\/yardim-kampaniyasini-icra-hakimiyyeti-mecburiyyete-cevirdi\/","og_locale":"az_AZ","og_type":"article","og_title":"\u201cYard\u0131m kampaniyas\u0131n\u0131 icra hakimiyy\u0259ti m\u0259cburiyy\u0259t\u0259 \u00e7evirdi\u201d - MEYDAN.TV","og_description":"B\u00fcdc\u0259 t\u0259\u015fkilatlar\u0131nda \u00e7al\u0131\u015fanlar naraz\u0131l\u0131q edir \u201cT\u00fcrkiy\u0259d\u0259 ba\u015f ver\u0259n z\u0259lz\u0259l\u0259d\u0259n z\u0259r\u0259r\u00e7\u0259kmi\u015fl\u0259r\u0259 ... Davam\u0131","og_url":"https:\/\/www.meydan.tv\/az\/article\/yardim-kampaniyasini-icra-hakimiyyeti-mecburiyyete-cevirdi\/","og_site_name":"MEYDAN.TV","article_published_time":"2023-02-15T11:24:21+00:00","article_modified_time":"2023-02-15T11:33:41+00:00","og_image":[{"width":1200,"height":895,"url":"https:\/\/www.meydan.tv\/wp-content\/uploads\/2017-08-09-16-19-0225.jpg","type":"image\/jpeg"}],"author":"elli","twitter_card":"summary_large_image","twitter_creator":"@elli","schema":{"@context":"https:\/\/schema.org","@graph":[{"@type":"Article","@id":"https:\/\/www.meydan.tv\/az\/article\/yardim-kampaniyasini-icra-hakimiyyeti-mecburiyyete-cevirdi\/#article","isPartOf":{"@id":"https:\/\/www.meydan.tv\/az\/article\/yardim-kampaniyasini-icra-hakimiyyeti-mecburiyyete-cevirdi\/"},"author":{"name":"elli","@id":"https:\/\/www.meydan.tv\/az\/#\/schema\/person\/9cdbecf90d17180ce1dfbd95b08dcf47"},"headline":"\u201cYard\u0131m kampaniyas\u0131n\u0131 icra hakimiyy\u0259ti m\u0259cburiyy\u0259t\u0259 \u00e7evirdi\u201d","datePublished":"2023-02-15T11:24:21+00:00","dateModified":"2023-02-15T11:33:41+00:00","mainEntityOfPage":{"@id":"https:\/\/www.meydan.tv\/az\/article\/yardim-kampaniyasini-icra-hakimiyyeti-mecburiyyete-cevirdi\/"},"wordCount":1003,"publisher":{"@id":"https:\/\/www.meydan.tv\/az\/#organization"},"image":{"@id":"https:\/\/www.meydan.tv\/az\/article\/yardim-kampaniyasini-icra-hakimiyyeti-mecburiyyete-cevirdi\/#primaryimage"},"thumbnailUrl":"https:\/\/www.meydan.tv\/wp-content\/uploads\/2017-08-09-16-19-0225.jpg","articleSection":["B\u00f6lg\u0259","Redaktor se\u00e7imi","X\u0259b\u0259rl\u0259r"],"inLanguage":"az"},{"@type":"WebPage","@id":"https:\/\/www.meydan.tv\/az\/article\/yardim-kampaniyasini-icra-hakimiyyeti-mecburiyyete-cevirdi\/","url":"https:\/\/www.meydan.tv\/az\/article\/yardim-kampaniyasini-icra-hakimiyyeti-mecburiyyete-cevirdi\/","name":"\u201cYard\u0131m kampaniyas\u0131n\u0131 icra hakimiyy\u0259ti m\u0259cburiyy\u0259t\u0259 \u00e7evirdi\u201d - MEYDAN.TV","isPartOf":{"@id":"https:\/\/www.meydan.tv\/az\/#website"},"primaryImageOfPage":{"@id":"https:\/\/www.meydan.tv\/az\/article\/yardim-kampaniyasini-icra-hakimiyyeti-mecburiyyete-cevirdi\/#primaryimage"},"image":{"@id":"https:\/\/www.meydan.tv\/az\/article\/yardim-kampaniyasini-icra-hakimiyyeti-mecburiyyete-cevirdi\/#primaryimage"},"thumbnailUrl":"https:\/\/www.meydan.tv\/wp-content\/uploads\/2017-08-09-16-19-0225.jpg","datePublished":"2023-02-15T11:24:21+00:00","dateModified":"2023-02-15T11:33:41+00:00","breadcrumb":{"@id":"https:\/\/www.meydan.tv\/az\/article\/yardim-kampaniyasini-icra-hakimiyyeti-mecburiyyete-cevirdi\/#breadcrumb"},"inLanguage":"az","potentialAction":[{"@type":"ReadAction","target":["https:\/\/www.meydan.tv\/az\/article\/yardim-kampaniyasini-icra-hakimiyyeti-mecburiyyete-cevirdi\/"]}]},{"@type":"ImageObject","inLanguage":"az","@id":"https:\/\/www.meydan.tv\/az\/article\/yardim-kampaniyasini-icra-hakimiyyeti-mecburiyyete-cevirdi\/#primaryimage","url":"https:\/\/www.meydan.tv\/wp-content\/uploads\/2017-08-09-16-19-0225.jpg","contentUrl":"https:\/\/www.meydan.tv\/wp-content\/uploads\/2017-08-09-16-19-0225.jpg","width":1200,"height":895,"caption":"Foto: Qazax Rayon \u0130cra Hakimiyy\u0259ti"},{"@type":"BreadcrumbList","@id":"https:\/\/www.meydan.tv\/az\/article\/yardim-kampaniyasini-icra-hakimiyyeti-mecburiyyete-cevirdi\/#breadcrumb","itemListElement":[{"@type":"ListItem","position":1,"name":"Ana s\u0259hif\u0259","item":"https:\/\/www.meydan.tv\/az\/"},{"@type":"ListItem","position":2,"name":"B\u00f6lg\u0259","item":"https:\/\/www.meydan.tv\/az\/section\/bolge\/"},{"@type":"ListItem","position":3,"name":"\u201cYard\u0131m kampaniyas\u0131n\u0131 icra hakimiyy\u0259ti m\u0259cburiyy\u0259t\u0259 \u00e7evirdi\u201d"}]},{"@type":"WebSite","@id":"https:\/\/www.meydan.tv\/az\/#website","url":"https:\/\/www.meydan.tv\/az\/","name":"MEYDAN.TV","description":"Meydan TV Az\u0259rbaycan\u0131n media m\u0259kan\u0131ndak\u0131 alternativ s\u0259sidir","publisher":{"@id":"https:\/\/www.meydan.tv\/az\/#organization"},"potentialAction":[{"@type":"SearchAction","target":{"@type":"EntryPoint","urlTemplate":"https:\/\/www.meydan.tv\/az\/?s={search_term_string}"},"query-input":{"@type":"PropertyValueSpecification","valueRequired":true,"valueName":"search_term_string"}}],"inLanguage":"az"},{"@type":"Organization","@id":"https:\/\/www.meydan.tv\/az\/#organization","name":"Meydan TV","url":"https:\/\/www.meydan.tv\/az\/","logo":{"@type":"ImageObject","inLanguage":"az","@id":"https:\/\/www.meydan.tv\/az\/#\/schema\/logo\/image\/","url":"https:\/\/www.meydan.tv\/wp-content\/uploads\/2021\/07\/meydan-logo.svg","contentUrl":"https:\/\/www.meydan.tv\/wp-content\/uploads\/2021\/07\/meydan-logo.svg","width":195,"height":46,"caption":"Meydan TV"},"image":{"@id":"https:\/\/www.meydan.tv\/az\/#\/schema\/logo\/image\/"}},{"@type":"Person","@id":"https:\/\/www.meydan.tv\/az\/#\/schema\/person\/9cdbecf90d17180ce1dfbd95b08dcf47","name":"elli","sameAs":["https:\/\/x.com\/elli"]}]}},"_links":{"self":[{"href":"https:\/\/www.meydan.tv\/az\/wp-json\/wp\/v2\/posts\/268456","targetHints":{"allow":["GET"]}}],"collection":[{"href":"https:\/\/www.meydan.tv\/az\/wp-json\/wp\/v2\/posts"}],"about":[{"href":"https:\/\/www.meydan.tv\/az\/wp-json\/wp\/v2\/types\/post"}],"author":[{"embeddable":true,"href":"https:\/\/www.meydan.tv\/az\/wp-json\/wp\/v2\/users\/8"}],"replies":[{"embeddable":true,"href":"https:\/\/www.meydan.tv\/az\/wp-json\/wp\/v2\/comments?post=268456"}],"version-history":[{"count":1,"href":"https:\/\/www.meydan.tv\/az\/wp-json\/wp\/v2\/posts\/268456\/revisions"}],"predecessor-version":[{"id":268457,"href":"https:\/\/www.meydan.tv\/az\/wp-json\/wp\/v2\/posts\/268456\/revisions\/268457"}],"wp:featuredmedia":[{"embeddable":true,"href":"https:\/\/www.meydan.tv\/az\/wp-json\/wp\/v2\/media\/268453"}],"wp:attachment":[{"href":"https:\/\/www.meydan.tv\/az\/wp-json\/wp\/v2\/media?parent=268456"}],"wp:term":[{"taxonomy":"category","embeddable":true,"href":"https:\/\/www.meydan.tv\/az\/wp-json\/wp\/v2\/categories?post=268456"},{"taxonomy":"post_tag","embeddable":true,"href":"https:\/\/www.meydan.tv\/az\/wp-json\/wp\/v2\/tags?post=268456"}],"curies":[{"name":"wp","href":"https:\/\/api.w.org\/{rel}","templated":true}]}}