{"id":268337,"date":"2023-02-14T13:42:40","date_gmt":"2023-02-14T09:42:40","guid":{"rendered":"https:\/\/www.meydan.tv\/?p=268337"},"modified":"2023-02-14T13:42:42","modified_gmt":"2023-02-14T09:42:42","slug":"abs-senatorlari-bakini-bextiyar-haciyevi-derhal-azad-etmeye-cagirib","status":"publish","type":"post","link":"https:\/\/www.meydan.tv\/az\/article\/abs-senatorlari-bakini-bextiyar-haciyevi-derhal-azad-etmeye-cagirib\/","title":{"rendered":"<strong>AB\u015e senatorlar\u0131 Bak\u0131n\u0131 B\u0259xtiyar Hac\u0131yevi d\u0259rhal azad etm\u0259y\u0259 \u00e7a\u011f\u0131r\u0131b<\/strong>"},"content":{"rendered":"\n<p><\/p>\n\n\n\n<p><em>&#8220;Biz insan h\u00fcquqlar\u0131n\u0131 pozmaq ist\u0259y\u0259n h\u0259r k\u0259si m\u0259suliyy\u0259t\u0259 c\u0259lb ed\u0259 bil\u0259rik&#8221;<\/em><\/p>\n\n\n\n<p>Fevral\u0131n 13-d\u0259 AB\u015e-\u0131n iki senatoru Az\u0259rbaycan hakimiyy\u0259tini ictimai f\u0259al B\u0259xtiyar Hac\u0131yevi v\u0259 dig\u0259r siyasi m\u0259hbuslar\u0131 d\u0259rhal azad etm\u0259y\u0259 \u00e7a\u011f\u0131r\u0131b.<\/p>\n\n\n\n<p>Bu bar\u0259d\u0259 &#8220;Turan&#8221; m\u0259lumat <a href=\"https:\/\/www.turan.az\/ext\/news\/2023\/2\/free\/politics_news\/az\/1552.htm\" target=\"_blank\" rel=\"noreferrer noopener\">yay\u0131b<\/a>.<\/p>\n\n\n\n<p>&#8220;M\u0259n h\u0259l\u0259 d\u0259 hesab edir\u0259m ki, Az\u0259rbaycan\u0131n g\u0259l\u0259c\u0259yi demokratiyadad\u0131r. Ancaq f\u0259al B\u0259xtiyar Hac\u0131yev kimi siyasi m\u0259hbuslar\u0131n h\u0259bsi bu yolu sars\u0131d\u0131r&#8221;,- senator Dik Durbin dey\u0259 qeyd edib.<\/p>\n\n\n\n<p>Dik Durbin h\u0259m\u00e7inin &#8220;Twitter&#8221; s\u0259hif\u0259sind\u0259 yaz\u0131b ki, Az\u0259rbaycan B\u0259xtiyar Hac\u0131yevi v\u0259 dig\u0259r siyasi m\u0259hbuslar\u0131 d\u0259rhal azad etm\u0259lidir.<\/p>\n\n\n\n<p>Helsinki Komissiyas\u0131n\u0131n h\u0259ms\u0259dri, senator Ben Kardin d\u0259 Az\u0259rbaycan h\u00f6kum\u0259tini dekabr ay\u0131ndan saxta \u0259saslarla saxlan\u0131lan B\u0259xtiyar Hac\u0131yevi d\u0259rhal azad etm\u0259y\u0259 \u00e7a\u011f\u0131r\u0131b.<\/p>\n\n\n\n<p>&#8220;Biz insan h\u00fcquqlar\u0131n\u0131 pozmaq ist\u0259y\u0259n h\u0259r k\u0259si m\u0259suliyy\u0259t\u0259 c\u0259lb ed\u0259 bil\u0259rik v\u0259 ed\u0259c\u0259yik&#8221;, &#8211; dey\u0259 Cardin &#8220;Twitter&#8221; hesab\u0131nda qeyd edib.<\/p>\n\n\n<div class=\"wp-block-image\">\n<figure class=\"aligncenter size-full\"><img decoding=\"async\" width=\"800\" height=\"516\" data-src=\"https:\/\/www.meydan.tv\/wp-content\/uploads\/021400058324.webp\" alt=\"\" class=\"wp-image-268338 lazyload\" src=\"data:image\/svg+xml;base64,PHN2ZyB3aWR0aD0iMSIgaGVpZ2h0PSIxIiB4bWxucz0iaHR0cDovL3d3dy53My5vcmcvMjAwMC9zdmciPjwvc3ZnPg==\" style=\"--smush-placeholder-width: 800px; --smush-placeholder-aspect-ratio: 800\/516;\" \/><figcaption class=\"wp-element-caption\">Dik Durbin v\u0259 Ben Kardin.  Foto: &#8220;Turan&#8221;<\/figcaption><\/figure>\n<\/div>\n\n\n<p>Fevral\u0131n 11-d\u0259 AB\u015e D\u00f6vl\u0259t Departamentin r\u0259smisi Ned Prays r\u0259smi Bak\u0131n\u0131 Hac\u0131yevin tezlikl\u0259 azad edilm\u0259sin\u0259 v\u0259 \u0259sas azadl\u0131qlar\u0131ndan istifad\u0259 etdikl\u0259rin\u0259 g\u00f6r\u0259 h\u0259bs olunanlar\u0131n ham\u0131s\u0131n\u0131n azad edilm\u0259sin\u0259 \u00e7a\u011f\u0131r\u0131\u015f etmi\u015fdi.<\/p>\n\n\n\n<p>\u201cBiz az\u0259rbaycanl\u0131 f\u0259al B\u0259xtiyar Hac\u0131yevin \u00f6t\u0259n ilin dekabr\u0131ndan, Beyn\u0259lxalq \u0130nsan H\u00fcquqlar\u0131 G\u00fcn\u00fcnd\u0259n b\u0259ri h\u0259bsd\u0259 qalmas\u0131ndan v\u0259 onun siyasi motivli hesab olunan ittihamlarla \u00fczl\u0259\u015fm\u0259sind\u0259n d\u0259rin <a href=\"https:\/\/www.meydan.tv\/az\/article\/abs-bextiyar-haciyevin-tezlikle-azadliga-buraxilmasi-isteyir\/\" target=\"_blank\" rel=\"noreferrer noopener\">narahat\u0131q<\/a>\u201d.<\/p>\n\n\n\n<p>2022-ci ilin dekabr\u0131n 9-dan h\u0259bsd\u0259 olan B\u0259xtiyar Hac\u0131yev Cinay\u0259t M\u0259c\u0259ll\u0259sinin 221.2.2 (ictimai qaydan\u0131n qorunmas\u0131 \u00fczr\u0259 v\u0259zif\u0259ni yerin\u0259 yetir\u0259n \u015f\u0259xs\u0259 qar\u015f\u0131 m\u00fcqavim\u0259t g\u00f6st\u0259rm\u0259kl\u0259 xuliqanl\u0131q) v\u0259 289.1 (m\u0259hk\u0259m\u0259y\u0259 h\u00f6rm\u0259tsizlik) madd\u0259l\u0259ril\u0259 ittiham olunur.<\/p>\n\n\n\n<p>Bu madd\u0259l\u0259rd\u0259 3 il\u0259d\u0259k azadl\u0131qdan m\u0259hrumetm\u0259 c\u0259zas\u0131 n\u0259z\u0259rd\u0259 tutulub.<\/p>\n\n\n\n<p>B\u0259xtiyar Hac\u0131yev\u0259 qar\u015f\u0131 cinay\u0259t i\u015find\u0259 s\u00f6hb\u0259t ictimai f\u0259alla jurnalist \u00dclviyy\u0259 Alovlu aras\u0131nda qalmaqaldan gedir.<\/p>\n\n\n\n<p>B\u0259xtiyar Hac\u0131yev uzun m\u00fcdd\u0259tdir ki, polis\u0259 \u015fikay\u0259t ed\u0259r\u0259k, \u00dclviyy\u0259 Alovlunun cinay\u0259t m\u0259suliyy\u0259tin\u0259 c\u0259lb olunmas\u0131n\u0131 t\u0259l\u0259b edirdi.<\/p>\n\n\n\n<p>Bir m\u00fcdd\u0259t \u00f6nc\u0259 sosial \u015f\u0259b\u0259k\u0259l\u0259rd\u0259 Yasamal Rayon M\u0259hk\u0259m\u0259sind\u0259 B\u0259xtiyar Hac\u0131yevl\u0259 \u00dclviyy\u0259 Alovlu aras\u0131nda m\u0259hk\u0259m\u0259 prosesi zaman\u0131 ba\u015f ver\u0259nl\u0259rin videog\u00f6r\u00fcnt\u00fcs\u00fc yay\u0131lm\u0131\u015fd\u0131.<\/p>\n\n\n\n<p>H\u0259min g\u00f6r\u00fcnt\u00fcl\u0259rd\u0259 B\u0259xtiyar Hac\u0131yev \u0259lind\u0259ki s\u0259n\u0259dl\u0259ri masan\u0131n \u00fcst\u00fcn\u0259 at\u0131r.<\/p>\n\n\n\n<p>\u0130ddia olunur ki, ictimai f\u0259al m\u0259hz buna g\u00f6r\u0259 xuliqanl\u0131q v\u0259 m\u0259hk\u0259m\u0259y\u0259 h\u00f6rm\u0259tsizlikd\u0259 ittiham edilir.<\/p>\n\n\n\n<p>Lakin B\u0259xtiyar Hac\u0131yev Daxili \u0130\u015fl\u0259r naziri Vilay\u0259t Eyvazovun sifari\u015fil\u0259 h\u0259bs olundu\u011funu iddia edir.<\/p>\n\n\n\n<p>O, zaman-zaman sosial media hesablar\u0131nda Vilay\u0259t Eyvazov v\u0259 nazirliyin f\u0259aliyy\u0259tini t\u0259nqid edirdi.<\/p>\n\n\n\n<p>Hac\u0131yev 2022-ci ilin aprelind\u0259 nam\u0259lum \u015f\u0259xsl\u0259r t\u0259r\u0259find\u0259n paytaxt\u0131n m\u0259rk\u0259zind\u0259 o\u011furlanaraq, zorak\u0131l\u0131\u011fa m\u0259ruz qald\u0131\u011f\u0131n\u0131 deyirdi.<\/p>\n\n\n\n<p>Faktla ba\u011fl\u0131 cinay\u0259t i\u015fi ba\u015flansa da, bu g\u00fcn\u0259 q\u0259d\u0259r cinay\u0259ti t\u00f6r\u0259d\u0259n \u015f\u0259xsl\u0259r tap\u0131lmay\u0131b.<\/p>\n","protected":false},"excerpt":{"rendered":"<p>&#8220;Biz insan h\u00fcquqlar\u0131n\u0131 pozmaq ist\u0259y\u0259n h\u0259r k\u0259si m\u0259suliyy\u0259t\u0259 c\u0259lb ed\u0259 &#8230; <\/p>\n<p class=\"read-more-container\"><a title=\"AB\u015e senatorlar\u0131 Bak\u0131n\u0131 B\u0259xtiyar Hac\u0131yevi d\u0259rhal azad etm\u0259y\u0259 \u00e7a\u011f\u0131r\u0131b\" class=\"read-more button\" href=\"https:\/\/www.meydan.tv\/az\/article\/abs-senatorlari-bakini-bextiyar-haciyevi-derhal-azad-etmeye-cagirib\/#more-268337\" aria-label=\"Read more about AB\u015e senatorlar\u0131 Bak\u0131n\u0131 B\u0259xtiyar Hac\u0131yevi d\u0259rhal azad etm\u0259y\u0259 \u00e7a\u011f\u0131r\u0131b\">Davam\u0131<\/a><\/p>\n","protected":false},"author":8,"featured_media":237890,"comment_status":"closed","ping_status":"closed","sticky":false,"template":"","format":"standard","meta":{"_acf_changed":false,"_sitemap_exclude":false,"_sitemap_priority":"","_sitemap_frequency":"","footnotes":""},"categories":[59,79],"tags":[],"class_list":["post-268337","post","type-post","status-publish","format-standard","has-post-thumbnail","hentry","category-siyaset","category-featured","infinite-scroll-item","generate-columns","tablet-grid-50","mobile-grid-100","grid-parent","grid-33","no-featured-image-padding"],"acf":[],"yoast_head":"<!-- This site is optimized with the Yoast SEO plugin v27.4 - https:\/\/yoast.com\/product\/yoast-seo-wordpress\/ -->\n<title>AB\u015e senatorlar\u0131 Bak\u0131n\u0131 B\u0259xtiyar Hac\u0131yevi d\u0259rhal azad etm\u0259y\u0259 \u00e7a\u011f\u0131r\u0131b - MEYDAN.TV<\/title>\n<meta name=\"robots\" content=\"index, follow, max-snippet:-1, max-image-preview:large, max-video-preview:-1\" \/>\n<link rel=\"canonical\" href=\"https:\/\/www.meydan.tv\/az\/article\/abs-senatorlari-bakini-bextiyar-haciyevi-derhal-azad-etmeye-cagirib\/\" \/>\n<meta property=\"og:locale\" content=\"az_AZ\" \/>\n<meta property=\"og:type\" content=\"article\" \/>\n<meta property=\"og:title\" content=\"AB\u015e senatorlar\u0131 Bak\u0131n\u0131 B\u0259xtiyar Hac\u0131yevi d\u0259rhal azad etm\u0259y\u0259 \u00e7a\u011f\u0131r\u0131b - MEYDAN.TV\" \/>\n<meta property=\"og:description\" content=\"&#8220;Biz insan h\u00fcquqlar\u0131n\u0131 pozmaq ist\u0259y\u0259n h\u0259r k\u0259si m\u0259suliyy\u0259t\u0259 c\u0259lb ed\u0259 ... Davam\u0131\" \/>\n<meta property=\"og:url\" content=\"https:\/\/www.meydan.tv\/az\/article\/abs-senatorlari-bakini-bextiyar-haciyevi-derhal-azad-etmeye-cagirib\/\" \/>\n<meta property=\"og:site_name\" content=\"MEYDAN.TV\" \/>\n<meta property=\"article:published_time\" content=\"2023-02-14T09:42:40+00:00\" \/>\n<meta property=\"article:modified_time\" content=\"2023-02-14T09:42:42+00:00\" \/>\n<meta property=\"og:image\" content=\"https:\/\/www.meydan.tv\/wp-content\/uploads\/shutterstock_185337578-e1675281095546.jpg\" \/>\n\t<meta property=\"og:image:width\" content=\"1200\" \/>\n\t<meta property=\"og:image:height\" content=\"807\" \/>\n\t<meta property=\"og:image:type\" content=\"image\/jpeg\" \/>\n<meta name=\"author\" content=\"elli\" \/>\n<meta name=\"twitter:card\" content=\"summary_large_image\" \/>\n<meta name=\"twitter:creator\" content=\"@elli\" \/>\n<script type=\"application\/ld+json\" class=\"yoast-schema-graph\">{\"@context\":\"https:\\\/\\\/schema.org\",\"@graph\":[{\"@type\":\"Article\",\"@id\":\"https:\\\/\\\/www.meydan.tv\\\/az\\\/article\\\/abs-senatorlari-bakini-bextiyar-haciyevi-derhal-azad-etmeye-cagirib\\\/#article\",\"isPartOf\":{\"@id\":\"https:\\\/\\\/www.meydan.tv\\\/az\\\/article\\\/abs-senatorlari-bakini-bextiyar-haciyevi-derhal-azad-etmeye-cagirib\\\/\"},\"author\":{\"name\":\"elli\",\"@id\":\"https:\\\/\\\/www.meydan.tv\\\/az\\\/#\\\/schema\\\/person\\\/9cdbecf90d17180ce1dfbd95b08dcf47\"},\"headline\":\"AB\u015e senatorlar\u0131 Bak\u0131n\u0131 B\u0259xtiyar Hac\u0131yevi d\u0259rhal azad etm\u0259y\u0259 \u00e7a\u011f\u0131r\u0131b\",\"datePublished\":\"2023-02-14T09:42:40+00:00\",\"dateModified\":\"2023-02-14T09:42:42+00:00\",\"mainEntityOfPage\":{\"@id\":\"https:\\\/\\\/www.meydan.tv\\\/az\\\/article\\\/abs-senatorlari-bakini-bextiyar-haciyevi-derhal-azad-etmeye-cagirib\\\/\"},\"wordCount\":617,\"publisher\":{\"@id\":\"https:\\\/\\\/www.meydan.tv\\\/az\\\/#organization\"},\"image\":{\"@id\":\"https:\\\/\\\/www.meydan.tv\\\/az\\\/article\\\/abs-senatorlari-bakini-bextiyar-haciyevi-derhal-azad-etmeye-cagirib\\\/#primaryimage\"},\"thumbnailUrl\":\"https:\\\/\\\/www.meydan.tv\\\/wp-content\\\/uploads\\\/shutterstock_185337578-e1738083127938.jpg\",\"articleSection\":[\"Siyas\u0259t\",\"T\u00f6vsiy\u0259\"],\"inLanguage\":\"az\"},{\"@type\":\"WebPage\",\"@id\":\"https:\\\/\\\/www.meydan.tv\\\/az\\\/article\\\/abs-senatorlari-bakini-bextiyar-haciyevi-derhal-azad-etmeye-cagirib\\\/\",\"url\":\"https:\\\/\\\/www.meydan.tv\\\/az\\\/article\\\/abs-senatorlari-bakini-bextiyar-haciyevi-derhal-azad-etmeye-cagirib\\\/\",\"name\":\"AB\u015e senatorlar\u0131 Bak\u0131n\u0131 B\u0259xtiyar Hac\u0131yevi d\u0259rhal azad etm\u0259y\u0259 \u00e7a\u011f\u0131r\u0131b - MEYDAN.TV\",\"isPartOf\":{\"@id\":\"https:\\\/\\\/www.meydan.tv\\\/az\\\/#website\"},\"primaryImageOfPage\":{\"@id\":\"https:\\\/\\\/www.meydan.tv\\\/az\\\/article\\\/abs-senatorlari-bakini-bextiyar-haciyevi-derhal-azad-etmeye-cagirib\\\/#primaryimage\"},\"image\":{\"@id\":\"https:\\\/\\\/www.meydan.tv\\\/az\\\/article\\\/abs-senatorlari-bakini-bextiyar-haciyevi-derhal-azad-etmeye-cagirib\\\/#primaryimage\"},\"thumbnailUrl\":\"https:\\\/\\\/www.meydan.tv\\\/wp-content\\\/uploads\\\/shutterstock_185337578-e1738083127938.jpg\",\"datePublished\":\"2023-02-14T09:42:40+00:00\",\"dateModified\":\"2023-02-14T09:42:42+00:00\",\"breadcrumb\":{\"@id\":\"https:\\\/\\\/www.meydan.tv\\\/az\\\/article\\\/abs-senatorlari-bakini-bextiyar-haciyevi-derhal-azad-etmeye-cagirib\\\/#breadcrumb\"},\"inLanguage\":\"az\",\"potentialAction\":[{\"@type\":\"ReadAction\",\"target\":[\"https:\\\/\\\/www.meydan.tv\\\/az\\\/article\\\/abs-senatorlari-bakini-bextiyar-haciyevi-derhal-azad-etmeye-cagirib\\\/\"]}]},{\"@type\":\"ImageObject\",\"inLanguage\":\"az\",\"@id\":\"https:\\\/\\\/www.meydan.tv\\\/az\\\/article\\\/abs-senatorlari-bakini-bextiyar-haciyevi-derhal-azad-etmeye-cagirib\\\/#primaryimage\",\"url\":\"https:\\\/\\\/www.meydan.tv\\\/wp-content\\\/uploads\\\/shutterstock_185337578-e1738083127938.jpg\",\"contentUrl\":\"https:\\\/\\\/www.meydan.tv\\\/wp-content\\\/uploads\\\/shutterstock_185337578-e1738083127938.jpg\",\"width\":1200,\"height\":522,\"caption\":\"AB\u015e. Foto: Lane V. Erickson\\\/shutterstock\"},{\"@type\":\"BreadcrumbList\",\"@id\":\"https:\\\/\\\/www.meydan.tv\\\/az\\\/article\\\/abs-senatorlari-bakini-bextiyar-haciyevi-derhal-azad-etmeye-cagirib\\\/#breadcrumb\",\"itemListElement\":[{\"@type\":\"ListItem\",\"position\":1,\"name\":\"Ana s\u0259hif\u0259\",\"item\":\"https:\\\/\\\/www.meydan.tv\\\/az\\\/\"},{\"@type\":\"ListItem\",\"position\":2,\"name\":\"Siyas\u0259t\",\"item\":\"https:\\\/\\\/www.meydan.tv\\\/az\\\/section\\\/siyaset\\\/\"},{\"@type\":\"ListItem\",\"position\":3,\"name\":\"AB\u015e senatorlar\u0131 Bak\u0131n\u0131 B\u0259xtiyar Hac\u0131yevi d\u0259rhal azad etm\u0259y\u0259 \u00e7a\u011f\u0131r\u0131b\"}]},{\"@type\":\"WebSite\",\"@id\":\"https:\\\/\\\/www.meydan.tv\\\/az\\\/#website\",\"url\":\"https:\\\/\\\/www.meydan.tv\\\/az\\\/\",\"name\":\"MEYDAN.TV\",\"description\":\"Meydan TV Az\u0259rbaycan\u0131n media m\u0259kan\u0131ndak\u0131 alternativ s\u0259sidir\",\"publisher\":{\"@id\":\"https:\\\/\\\/www.meydan.tv\\\/az\\\/#organization\"},\"potentialAction\":[{\"@type\":\"SearchAction\",\"target\":{\"@type\":\"EntryPoint\",\"urlTemplate\":\"https:\\\/\\\/www.meydan.tv\\\/az\\\/?s={search_term_string}\"},\"query-input\":{\"@type\":\"PropertyValueSpecification\",\"valueRequired\":true,\"valueName\":\"search_term_string\"}}],\"inLanguage\":\"az\"},{\"@type\":\"Organization\",\"@id\":\"https:\\\/\\\/www.meydan.tv\\\/az\\\/#organization\",\"name\":\"Meydan TV\",\"url\":\"https:\\\/\\\/www.meydan.tv\\\/az\\\/\",\"logo\":{\"@type\":\"ImageObject\",\"inLanguage\":\"az\",\"@id\":\"https:\\\/\\\/www.meydan.tv\\\/az\\\/#\\\/schema\\\/logo\\\/image\\\/\",\"url\":\"https:\\\/\\\/www.meydan.tv\\\/wp-content\\\/uploads\\\/2021\\\/07\\\/meydan-logo.svg\",\"contentUrl\":\"https:\\\/\\\/www.meydan.tv\\\/wp-content\\\/uploads\\\/2021\\\/07\\\/meydan-logo.svg\",\"width\":195,\"height\":46,\"caption\":\"Meydan TV\"},\"image\":{\"@id\":\"https:\\\/\\\/www.meydan.tv\\\/az\\\/#\\\/schema\\\/logo\\\/image\\\/\"}},{\"@type\":\"Person\",\"@id\":\"https:\\\/\\\/www.meydan.tv\\\/az\\\/#\\\/schema\\\/person\\\/9cdbecf90d17180ce1dfbd95b08dcf47\",\"name\":\"elli\",\"sameAs\":[\"https:\\\/\\\/x.com\\\/elli\"]}]}<\/script>\n<!-- \/ Yoast SEO plugin. -->","yoast_head_json":{"title":"AB\u015e senatorlar\u0131 Bak\u0131n\u0131 B\u0259xtiyar Hac\u0131yevi d\u0259rhal azad etm\u0259y\u0259 \u00e7a\u011f\u0131r\u0131b - MEYDAN.TV","robots":{"index":"index","follow":"follow","max-snippet":"max-snippet:-1","max-image-preview":"max-image-preview:large","max-video-preview":"max-video-preview:-1"},"canonical":"https:\/\/www.meydan.tv\/az\/article\/abs-senatorlari-bakini-bextiyar-haciyevi-derhal-azad-etmeye-cagirib\/","og_locale":"az_AZ","og_type":"article","og_title":"AB\u015e senatorlar\u0131 Bak\u0131n\u0131 B\u0259xtiyar Hac\u0131yevi d\u0259rhal azad etm\u0259y\u0259 \u00e7a\u011f\u0131r\u0131b - MEYDAN.TV","og_description":"&#8220;Biz insan h\u00fcquqlar\u0131n\u0131 pozmaq ist\u0259y\u0259n h\u0259r k\u0259si m\u0259suliyy\u0259t\u0259 c\u0259lb ed\u0259 ... Davam\u0131","og_url":"https:\/\/www.meydan.tv\/az\/article\/abs-senatorlari-bakini-bextiyar-haciyevi-derhal-azad-etmeye-cagirib\/","og_site_name":"MEYDAN.TV","article_published_time":"2023-02-14T09:42:40+00:00","article_modified_time":"2023-02-14T09:42:42+00:00","og_image":[{"width":1200,"height":807,"url":"https:\/\/www.meydan.tv\/wp-content\/uploads\/shutterstock_185337578-e1675281095546.jpg","type":"image\/jpeg"}],"author":"elli","twitter_card":"summary_large_image","twitter_creator":"@elli","schema":{"@context":"https:\/\/schema.org","@graph":[{"@type":"Article","@id":"https:\/\/www.meydan.tv\/az\/article\/abs-senatorlari-bakini-bextiyar-haciyevi-derhal-azad-etmeye-cagirib\/#article","isPartOf":{"@id":"https:\/\/www.meydan.tv\/az\/article\/abs-senatorlari-bakini-bextiyar-haciyevi-derhal-azad-etmeye-cagirib\/"},"author":{"name":"elli","@id":"https:\/\/www.meydan.tv\/az\/#\/schema\/person\/9cdbecf90d17180ce1dfbd95b08dcf47"},"headline":"AB\u015e senatorlar\u0131 Bak\u0131n\u0131 B\u0259xtiyar Hac\u0131yevi d\u0259rhal azad etm\u0259y\u0259 \u00e7a\u011f\u0131r\u0131b","datePublished":"2023-02-14T09:42:40+00:00","dateModified":"2023-02-14T09:42:42+00:00","mainEntityOfPage":{"@id":"https:\/\/www.meydan.tv\/az\/article\/abs-senatorlari-bakini-bextiyar-haciyevi-derhal-azad-etmeye-cagirib\/"},"wordCount":617,"publisher":{"@id":"https:\/\/www.meydan.tv\/az\/#organization"},"image":{"@id":"https:\/\/www.meydan.tv\/az\/article\/abs-senatorlari-bakini-bextiyar-haciyevi-derhal-azad-etmeye-cagirib\/#primaryimage"},"thumbnailUrl":"https:\/\/www.meydan.tv\/wp-content\/uploads\/shutterstock_185337578-e1738083127938.jpg","articleSection":["Siyas\u0259t","T\u00f6vsiy\u0259"],"inLanguage":"az"},{"@type":"WebPage","@id":"https:\/\/www.meydan.tv\/az\/article\/abs-senatorlari-bakini-bextiyar-haciyevi-derhal-azad-etmeye-cagirib\/","url":"https:\/\/www.meydan.tv\/az\/article\/abs-senatorlari-bakini-bextiyar-haciyevi-derhal-azad-etmeye-cagirib\/","name":"AB\u015e senatorlar\u0131 Bak\u0131n\u0131 B\u0259xtiyar Hac\u0131yevi d\u0259rhal azad etm\u0259y\u0259 \u00e7a\u011f\u0131r\u0131b - MEYDAN.TV","isPartOf":{"@id":"https:\/\/www.meydan.tv\/az\/#website"},"primaryImageOfPage":{"@id":"https:\/\/www.meydan.tv\/az\/article\/abs-senatorlari-bakini-bextiyar-haciyevi-derhal-azad-etmeye-cagirib\/#primaryimage"},"image":{"@id":"https:\/\/www.meydan.tv\/az\/article\/abs-senatorlari-bakini-bextiyar-haciyevi-derhal-azad-etmeye-cagirib\/#primaryimage"},"thumbnailUrl":"https:\/\/www.meydan.tv\/wp-content\/uploads\/shutterstock_185337578-e1738083127938.jpg","datePublished":"2023-02-14T09:42:40+00:00","dateModified":"2023-02-14T09:42:42+00:00","breadcrumb":{"@id":"https:\/\/www.meydan.tv\/az\/article\/abs-senatorlari-bakini-bextiyar-haciyevi-derhal-azad-etmeye-cagirib\/#breadcrumb"},"inLanguage":"az","potentialAction":[{"@type":"ReadAction","target":["https:\/\/www.meydan.tv\/az\/article\/abs-senatorlari-bakini-bextiyar-haciyevi-derhal-azad-etmeye-cagirib\/"]}]},{"@type":"ImageObject","inLanguage":"az","@id":"https:\/\/www.meydan.tv\/az\/article\/abs-senatorlari-bakini-bextiyar-haciyevi-derhal-azad-etmeye-cagirib\/#primaryimage","url":"https:\/\/www.meydan.tv\/wp-content\/uploads\/shutterstock_185337578-e1738083127938.jpg","contentUrl":"https:\/\/www.meydan.tv\/wp-content\/uploads\/shutterstock_185337578-e1738083127938.jpg","width":1200,"height":522,"caption":"AB\u015e. Foto: Lane V. Erickson\/shutterstock"},{"@type":"BreadcrumbList","@id":"https:\/\/www.meydan.tv\/az\/article\/abs-senatorlari-bakini-bextiyar-haciyevi-derhal-azad-etmeye-cagirib\/#breadcrumb","itemListElement":[{"@type":"ListItem","position":1,"name":"Ana s\u0259hif\u0259","item":"https:\/\/www.meydan.tv\/az\/"},{"@type":"ListItem","position":2,"name":"Siyas\u0259t","item":"https:\/\/www.meydan.tv\/az\/section\/siyaset\/"},{"@type":"ListItem","position":3,"name":"AB\u015e senatorlar\u0131 Bak\u0131n\u0131 B\u0259xtiyar Hac\u0131yevi d\u0259rhal azad etm\u0259y\u0259 \u00e7a\u011f\u0131r\u0131b"}]},{"@type":"WebSite","@id":"https:\/\/www.meydan.tv\/az\/#website","url":"https:\/\/www.meydan.tv\/az\/","name":"MEYDAN.TV","description":"Meydan TV Az\u0259rbaycan\u0131n media m\u0259kan\u0131ndak\u0131 alternativ s\u0259sidir","publisher":{"@id":"https:\/\/www.meydan.tv\/az\/#organization"},"potentialAction":[{"@type":"SearchAction","target":{"@type":"EntryPoint","urlTemplate":"https:\/\/www.meydan.tv\/az\/?s={search_term_string}"},"query-input":{"@type":"PropertyValueSpecification","valueRequired":true,"valueName":"search_term_string"}}],"inLanguage":"az"},{"@type":"Organization","@id":"https:\/\/www.meydan.tv\/az\/#organization","name":"Meydan TV","url":"https:\/\/www.meydan.tv\/az\/","logo":{"@type":"ImageObject","inLanguage":"az","@id":"https:\/\/www.meydan.tv\/az\/#\/schema\/logo\/image\/","url":"https:\/\/www.meydan.tv\/wp-content\/uploads\/2021\/07\/meydan-logo.svg","contentUrl":"https:\/\/www.meydan.tv\/wp-content\/uploads\/2021\/07\/meydan-logo.svg","width":195,"height":46,"caption":"Meydan TV"},"image":{"@id":"https:\/\/www.meydan.tv\/az\/#\/schema\/logo\/image\/"}},{"@type":"Person","@id":"https:\/\/www.meydan.tv\/az\/#\/schema\/person\/9cdbecf90d17180ce1dfbd95b08dcf47","name":"elli","sameAs":["https:\/\/x.com\/elli"]}]}},"_links":{"self":[{"href":"https:\/\/www.meydan.tv\/az\/wp-json\/wp\/v2\/posts\/268337","targetHints":{"allow":["GET"]}}],"collection":[{"href":"https:\/\/www.meydan.tv\/az\/wp-json\/wp\/v2\/posts"}],"about":[{"href":"https:\/\/www.meydan.tv\/az\/wp-json\/wp\/v2\/types\/post"}],"author":[{"embeddable":true,"href":"https:\/\/www.meydan.tv\/az\/wp-json\/wp\/v2\/users\/8"}],"replies":[{"embeddable":true,"href":"https:\/\/www.meydan.tv\/az\/wp-json\/wp\/v2\/comments?post=268337"}],"version-history":[{"count":1,"href":"https:\/\/www.meydan.tv\/az\/wp-json\/wp\/v2\/posts\/268337\/revisions"}],"predecessor-version":[{"id":268341,"href":"https:\/\/www.meydan.tv\/az\/wp-json\/wp\/v2\/posts\/268337\/revisions\/268341"}],"wp:featuredmedia":[{"embeddable":true,"href":"https:\/\/www.meydan.tv\/az\/wp-json\/wp\/v2\/media\/237890"}],"wp:attachment":[{"href":"https:\/\/www.meydan.tv\/az\/wp-json\/wp\/v2\/media?parent=268337"}],"wp:term":[{"taxonomy":"category","embeddable":true,"href":"https:\/\/www.meydan.tv\/az\/wp-json\/wp\/v2\/categories?post=268337"},{"taxonomy":"post_tag","embeddable":true,"href":"https:\/\/www.meydan.tv\/az\/wp-json\/wp\/v2\/tags?post=268337"}],"curies":[{"name":"wp","href":"https:\/\/api.w.org\/{rel}","templated":true}]}}