{"id":268242,"date":"2023-02-13T14:43:33","date_gmt":"2023-02-13T10:43:33","guid":{"rendered":"https:\/\/www.meydan.tv\/?p=268242"},"modified":"2023-02-16T15:06:59","modified_gmt":"2023-02-16T11:06:59","slug":"banderas-cennifer-lopez-ve-enrike-iqlesiasdan-zelzele-ile-bagli-yardim-cagirisi","status":"publish","type":"post","link":"https:\/\/www.meydan.tv\/az\/article\/banderas-cennifer-lopez-ve-enrike-iqlesiasdan-zelzele-ile-bagli-yardim-cagirisi\/","title":{"rendered":"<strong>Banderas, Cennifer Lopez v\u0259 Enrike \u0130qlesiasdan z\u0259lz\u0259l\u0259 il\u0259 ba\u011fl\u0131 yard\u0131m \u00e7a\u011f\u0131r\u0131\u015f\u0131<\/strong>"},"content":{"rendered":"\n<p><em>Tarkan Z\u0259lz\u0259l\u0259d\u0259n Yard\u0131m Fonduna bir milyon lir\u0259 k\u00f6\u00e7\u00fcr\u00fcb<\/em><\/p>\n\n\n\n<p>Bir \u00e7ox d\u00fcnya ulduzlar\u0131 sosial \u015f\u0259b\u0259k\u0259l\u0259rd\u0259 abun\u0259\u00e7il\u0259rin\u0259 T\u00fcrkiy\u0259 v\u0259 Suriyada ba\u015f ver\u0259n z\u0259lz\u0259l\u0259 n\u0259tic\u0259sind\u0259 z\u0259r\u0259r\u00e7\u0259k\u0259nl\u0259r\u0259 ian\u0259 k\u00f6\u00e7\u00fcrm\u0259y\u0259 v\u0259 ya yard\u0131m g\u00f6nd\u0259rm\u0259y\u0259 t\u0259\u015fviq edirl\u0259r.<\/p>\n\n\n\n<p>Onlar\u0131n aras\u0131nda aktyor Antonio Banderas, m\u00fc\u011f\u0259nni Enrike \u0130qlesias, m\u00fc\u011f\u0259nni v\u0259 aktrisa Cennifer Lopez, model Kendall Cenner, musiqi\u00e7i Mark Eliyahu, aktrisa Priyanka \u00c7opra, aktrisa v\u0259 teleapar\u0131c\u0131 Ellen Dedceneres, m\u00fc\u011f\u0259nni Dua Lipa, modell\u0259r Bella Hadid v\u0259 Cici Hadid d\u0259 var.<\/p>\n\n\n\n<p>Aktyor Lyuk Evans sosial \u015f\u0259b\u0259k\u0259d\u0259 payla\u015fd\u0131\u011f\u0131 postunda \u201cSave children UK\u201d t\u0259\u015fkilat\u0131n ian\u0259 etm\u0259y\u0259 \u00e7a\u011f\u0131r\u0131b.<\/p>\n\n\n\n<p>\u201cB\u00f6lg\u0259d\u0259 evl\u0259r, binalar v\u0259 dig\u0259r infrastruktur da\u011f\u0131d\u0131l\u0131b, u\u015faqlar\u0131n qida, s\u0131\u011f\u0131nacaq v\u0259 isti geyiml\u0259 t\u0259min edilm\u0259si \u00fc\u00e7\u00fcn t\u0259cili yard\u0131ma ehtiyac\u0131 var. \u201cSave Children UK\u201d t\u0259\u015fkilat\u0131na bu q\u0259d\u0259r tez g\u0259lib Suriyan\u0131n \u015fimal-q\u0259rbind\u0259ki v\u0259 T\u00fcrkiy\u0259d\u0259ki t\u0259r\u0259fda\u015f t\u0259\u015fkilatlarla \u0259l-\u0259l\u0259 verib i\u015fl\u0259diyin\u0259 g\u00f6r\u0259 t\u0259\u015f\u0259kk\u00fcr edirik. \u0130mkan\u0131n\u0131z varsa, bu fonda ian\u0259 edin\u201d,- aktyor <a href=\"https:\/\/www.instagram.com\/p\/CoXA5GLIFPr\/\">bildirib<\/a>.<\/p>\n\n\n\n<p>Aktyor Antonio Banderas da z\u0259lz\u0259l\u0259d\u0259 z\u0259r\u0259r\u00e7\u0259k\u0259nl\u0259rl\u0259 \u0259laq\u0259dar payla\u015f\u0131m edib.<\/p>\n\n\n\n<p>\u201cT\u00fcrkiy\u0259 v\u0259 Suriya xalqlar\u0131n\u0131 h\u0259mr\u0259ylik i\u00e7ind\u0259 qucaqlay\u0131ram. Onlara ya\u015fad\u0131qlar\u0131 bu b\u00f6y\u00fck faci\u0259 il\u0259 ba\u011fl\u0131 s\u0259bir arzulay\u0131ram\u201d, &#8211; aktyor <a href=\"https:\/\/www.instagram.com\/p\/CoUxMSssImI\/\">yaz\u0131b<\/a>.<\/p>\n\n\n\n<p>\u201cT\u00fcrkiy\u0259d\u0259 v\u0259 Suriyada h\u0259r k\u0259s\u0259 sevgi v\u0259 g\u00fcc dil\u0259yir\u0259m. Bu, regionda son 100 ild\u0259 ba\u015f vermi\u015f \u0259n g\u00fccl\u00fc z\u0259lz\u0259l\u0259dir\u201d, &#8211; m\u00fc\u011f\u0259nni Cennifer Lopez \u201c\u0130nstagram\u201d hekay\u0259l\u0259rind\u0259 qeyd edib.<\/p>\n\n\n\n<figure class=\"gb-block-image gb-block-image-5aafed2a\"><img decoding=\"async\" width=\"2560\" height=\"1760\" class=\"gb-image gb-image-5aafed2a lazyload\" data-src=\"https:\/\/www.meydan.tv\/wp-content\/uploads\/shutterstock_1614460999-scaled.jpg\" alt=\"\" title=\"Jennifer,Lopez,At,The,25th,Annual,Critics',Choice,Awards,Held\" src=\"data:image\/svg+xml;base64,PHN2ZyB3aWR0aD0iMSIgaGVpZ2h0PSIxIiB4bWxucz0iaHR0cDovL3d3dy53My5vcmcvMjAwMC9zdmciPjwvc3ZnPg==\" style=\"--smush-placeholder-width: 2560px; --smush-placeholder-aspect-ratio: 2560\/1760;\" \/><\/figure>\n\n\n\n<p>M\u0259nb\u0259: Shutterstock\\Tinseltown<\/p>\n\n\n\n<p>O h\u0259m\u00e7inin qurbanlara ian\u0259 g\u00f6nd\u0259rm\u0259k \u00fc\u00e7\u00fcn ke\u00e7id linki payla\u015faraq ehtiyac\u0131 olanlara yard\u0131m\u00e7\u0131 olma\u011fa \u00e7a\u011f\u0131r\u0131b.<\/p>\n\n\n\n<p>M\u00fc\u011f\u0259nni Enrike \u0130qlesias d\u0259 sosial \u015f\u0259b\u0259k\u0259 vasit\u0259sil\u0259 abun\u0259\u00e7il\u0259rin\u0259 m\u00fcraci\u0259t ed\u0259r\u0259k ian\u0259 verilm\u0259sini <a href=\"https:\/\/www.instagram.com\/p\/CoaP0OAv-LW\/\">ist\u0259yib<\/a>.<\/p>\n\n\n\n<p>\u201cXahi\u015f edir\u0259m, onlara sevginizi, d\u0259st\u0259yinizi v\u0259 m\u00fcmk\u00fcns\u0259 ian\u0259l\u0259rinizi g\u00f6nd\u0259rin\u201d.<\/p>\n\n\n\n<p>M\u00fc\u011f\u0259nni Aleksandra Stan \u201c\u0130nstagram\u201d hekay\u0259l\u0259rind\u0259 z\u0259r\u0259r\u00e7\u0259k\u0259nl\u0259rin ehtiyac duydu\u011fu z\u0259ruri \u0259\u015fyalar\u0131n siyah\u0131s\u0131n\u0131 payla\u015f\u0131b.<\/p>\n\n\n\n<p>Bildirib ki, humanitar yard\u0131m T\u00fcrkiy\u0259y\u0259 yollanacaq.<\/p>\n\n\n\n<p>M\u00fc\u011f\u0259nni, aktivist Halsi d\u0259 abun\u0259\u00e7il\u0259rini humanitar yard\u0131m g\u00f6st\u0259rm\u0259y\u0259 \u00e7a\u011f\u0131r\u0131b: \u201c\u0130tkin d\u00fc\u015f\u0259n h\u0259r bir can, ayr\u0131lan ail\u0259l\u0259r v\u0259 h\u0259l\u0259 d\u0259 tap\u0131lmayan qurbanlar \u00fc\u00e7\u00fcn \u00fcr\u0259yim a\u011fr\u0131y\u0131r. M\u0259n T\u00fcrkiy\u0259d\u0259 \u00e7ox vaxt ke\u00e7irmi\u015f\u0259m v\u0259 bu g\u00f6z\u0259l \u00f6lk\u0259nin v\u0259ziyy\u0259tini d\u00fc\u015f\u00fcn\u0259r\u0259k a\u011flay\u0131ram. T\u00fcrkiy\u0259nin, el\u0259c\u0259 d\u0259 Suriyan\u0131n haz\u0131rda qlobal d\u0259st\u0259y\u0259 b\u00f6y\u00fck ehtiyac\u0131 var\u201d.<\/p>\n\n\n\n<p>O, qurbanlar\u0131n qidaya, s\u0131\u011f\u0131nacaqlara, gigiyena vasit\u0259l\u0259rin\u0259, q\u0131\u015f paltarlar\u0131na ehtiyac\u0131 oldu\u011funu qeyd ed\u0259r\u0259k, ian\u0259l\u0259rin edil\u0259 bil\u0259c\u0259yi linki payla\u015f\u0131b.<\/p>\n\n\n\n<p>\u00d6z n\u00f6vb\u0259sind\u0259 t\u00fcrk ulduzlar\u0131 da \u00f6z \u00f6lk\u0259l\u0259rin\u0259 h\u0259r c\u00fcr k\u00f6m\u0259klik g\u00f6st\u0259rirl\u0259r.<\/p>\n\n\n\n<p>M\u00fc\u011f\u0259nni Tarkan f\u0259lak\u0259t\u0259 ilk reaksiya ver\u0259nl\u0259rd\u0259n olub. El\u0259 ilk g\u00fcn Z\u0259lz\u0259l\u0259d\u0259n Yard\u0131m Fonduna bir milyon lir\u0259 k\u00f6\u00e7\u00fcr\u00fcb.<\/p>\n\n\n\n<p>Kahramanmara\u015fda fevral\u0131n 6-da birincisi 7.7 bal, ikincisi 7.6 bal g\u00fcc\u00fcnd\u0259 ard-arda iki z\u0259lz\u0259l\u0259 ba\u015f verib.<\/p>\n\n\n\n<p>Birinin episentiri Pazarc\u0131k, dig\u0259rinin Elbistan olan z\u0259lz\u0259l\u0259l\u0259r Hatay, Qaziantep, Osmaniye, Malatya, Adama, Diyarbak\u0131r, \u015eanl\u0131urfa, Ad\u0131yaman v\u0259 Kilisi sars\u0131d\u0131b.<\/p>\n\n\n\n<p>Minl\u0259rl\u0259 ev da\u011f\u0131l\u0131b v\u0259 da\u011f\u0131nt\u0131lar alt\u0131nda insanlar qal\u0131b.<\/p>\n\n\n\n<p>Z\u0259lz\u0259l\u0259 Suriyaya da t\u0259sir edib.<\/p>\n\n\n\n<p>Burada da y\u00fczl\u0259rl\u0259 ev da\u011f\u0131l\u0131b v\u0259 3 min\u0259d\u0259k insan h\u0259yat\u0131n\u0131 itirib, tarixi abid\u0259l\u0259r z\u0259d\u0259 al\u0131b.<\/p>\n","protected":false},"excerpt":{"rendered":"<p>Tarkan Z\u0259lz\u0259l\u0259d\u0259n Yard\u0131m Fonduna bir milyon lir\u0259 k\u00f6\u00e7\u00fcr\u00fcb Bir \u00e7ox &#8230; <\/p>\n<p class=\"read-more-container\"><a title=\"Banderas, Cennifer Lopez v\u0259 Enrike \u0130qlesiasdan z\u0259lz\u0259l\u0259 il\u0259 ba\u011fl\u0131 yard\u0131m \u00e7a\u011f\u0131r\u0131\u015f\u0131\" class=\"read-more button\" href=\"https:\/\/www.meydan.tv\/az\/article\/banderas-cennifer-lopez-ve-enrike-iqlesiasdan-zelzele-ile-bagli-yardim-cagirisi\/#more-268242\" aria-label=\"Read more about Banderas, Cennifer Lopez v\u0259 Enrike \u0130qlesiasdan z\u0259lz\u0259l\u0259 il\u0259 ba\u011fl\u0131 yard\u0131m \u00e7a\u011f\u0131r\u0131\u015f\u0131\">Davam\u0131<\/a><\/p>\n","protected":false},"author":18,"featured_media":268243,"comment_status":"closed","ping_status":"closed","sticky":false,"template":"","format":"standard","meta":{"_acf_changed":false,"_sitemap_exclude":false,"_sitemap_priority":"","_sitemap_frequency":"","footnotes":""},"categories":[52,56],"tags":[],"class_list":["post-268242","post","type-post","status-publish","format-standard","has-post-thumbnail","hentry","category-medeniyyet","category-xeberler","infinite-scroll-item","generate-columns","tablet-grid-50","mobile-grid-100","grid-parent","grid-33","no-featured-image-padding"],"acf":[],"yoast_head":"<!-- This site is optimized with the Yoast SEO plugin v27.4 - https:\/\/yoast.com\/product\/yoast-seo-wordpress\/ -->\n<title>Banderas, Cennifer Lopez v\u0259 Enrike \u0130qlesiasdan z\u0259lz\u0259l\u0259 il\u0259 ba\u011fl\u0131 yard\u0131m \u00e7a\u011f\u0131r\u0131\u015f\u0131 - MEYDAN.TV<\/title>\n<meta name=\"robots\" content=\"index, follow, max-snippet:-1, max-image-preview:large, max-video-preview:-1\" \/>\n<link rel=\"canonical\" href=\"https:\/\/www.meydan.tv\/az\/article\/banderas-cennifer-lopez-ve-enrike-iqlesiasdan-zelzele-ile-bagli-yardim-cagirisi\/\" \/>\n<meta property=\"og:locale\" content=\"az_AZ\" \/>\n<meta property=\"og:type\" content=\"article\" \/>\n<meta property=\"og:title\" content=\"Banderas, Cennifer Lopez v\u0259 Enrike \u0130qlesiasdan z\u0259lz\u0259l\u0259 il\u0259 ba\u011fl\u0131 yard\u0131m \u00e7a\u011f\u0131r\u0131\u015f\u0131 - MEYDAN.TV\" \/>\n<meta property=\"og:description\" content=\"Tarkan Z\u0259lz\u0259l\u0259d\u0259n Yard\u0131m Fonduna bir milyon lir\u0259 k\u00f6\u00e7\u00fcr\u00fcb Bir \u00e7ox ... Davam\u0131\" \/>\n<meta property=\"og:url\" content=\"https:\/\/www.meydan.tv\/az\/article\/banderas-cennifer-lopez-ve-enrike-iqlesiasdan-zelzele-ile-bagli-yardim-cagirisi\/\" \/>\n<meta property=\"og:site_name\" content=\"MEYDAN.TV\" \/>\n<meta property=\"article:published_time\" content=\"2023-02-13T10:43:33+00:00\" \/>\n<meta property=\"article:modified_time\" content=\"2023-02-16T11:06:59+00:00\" \/>\n<meta property=\"og:image\" content=\"https:\/\/www.meydan.tv\/wp-content\/uploads\/020823_mm_turkey_earthquake_donation_007-e1676292236134.webp\" \/>\n\t<meta property=\"og:image:width\" content=\"1100\" \/>\n\t<meta property=\"og:image:height\" content=\"478\" \/>\n\t<meta property=\"og:image:type\" content=\"image\/webp\" \/>\n<meta name=\"author\" content=\"miron\" \/>\n<meta name=\"twitter:card\" content=\"summary_large_image\" \/>\n<script type=\"application\/ld+json\" class=\"yoast-schema-graph\">{\"@context\":\"https:\\\/\\\/schema.org\",\"@graph\":[{\"@type\":\"Article\",\"@id\":\"https:\\\/\\\/www.meydan.tv\\\/az\\\/article\\\/banderas-cennifer-lopez-ve-enrike-iqlesiasdan-zelzele-ile-bagli-yardim-cagirisi\\\/#article\",\"isPartOf\":{\"@id\":\"https:\\\/\\\/www.meydan.tv\\\/az\\\/article\\\/banderas-cennifer-lopez-ve-enrike-iqlesiasdan-zelzele-ile-bagli-yardim-cagirisi\\\/\"},\"author\":{\"name\":\"miron\",\"@id\":\"https:\\\/\\\/www.meydan.tv\\\/az\\\/#\\\/schema\\\/person\\\/981b0b284aeaa9ad0cbf814cd4a9d67c\"},\"headline\":\"Banderas, Cennifer Lopez v\u0259 Enrike \u0130qlesiasdan z\u0259lz\u0259l\u0259 il\u0259 ba\u011fl\u0131 yard\u0131m \u00e7a\u011f\u0131r\u0131\u015f\u0131\",\"datePublished\":\"2023-02-13T10:43:33+00:00\",\"dateModified\":\"2023-02-16T11:06:59+00:00\",\"mainEntityOfPage\":{\"@id\":\"https:\\\/\\\/www.meydan.tv\\\/az\\\/article\\\/banderas-cennifer-lopez-ve-enrike-iqlesiasdan-zelzele-ile-bagli-yardim-cagirisi\\\/\"},\"wordCount\":701,\"publisher\":{\"@id\":\"https:\\\/\\\/www.meydan.tv\\\/az\\\/#organization\"},\"image\":{\"@id\":\"https:\\\/\\\/www.meydan.tv\\\/az\\\/article\\\/banderas-cennifer-lopez-ve-enrike-iqlesiasdan-zelzele-ile-bagli-yardim-cagirisi\\\/#primaryimage\"},\"thumbnailUrl\":\"https:\\\/\\\/www.meydan.tv\\\/wp-content\\\/uploads\\\/020823_mm_turkey_earthquake_donation_007-e1676292236134.webp\",\"articleSection\":[\"M\u0259d\u0259niyy\u0259t\",\"X\u0259b\u0259rl\u0259r\"],\"inLanguage\":\"az\"},{\"@type\":\"WebPage\",\"@id\":\"https:\\\/\\\/www.meydan.tv\\\/az\\\/article\\\/banderas-cennifer-lopez-ve-enrike-iqlesiasdan-zelzele-ile-bagli-yardim-cagirisi\\\/\",\"url\":\"https:\\\/\\\/www.meydan.tv\\\/az\\\/article\\\/banderas-cennifer-lopez-ve-enrike-iqlesiasdan-zelzele-ile-bagli-yardim-cagirisi\\\/\",\"name\":\"Banderas, Cennifer Lopez v\u0259 Enrike \u0130qlesiasdan z\u0259lz\u0259l\u0259 il\u0259 ba\u011fl\u0131 yard\u0131m \u00e7a\u011f\u0131r\u0131\u015f\u0131 - MEYDAN.TV\",\"isPartOf\":{\"@id\":\"https:\\\/\\\/www.meydan.tv\\\/az\\\/#website\"},\"primaryImageOfPage\":{\"@id\":\"https:\\\/\\\/www.meydan.tv\\\/az\\\/article\\\/banderas-cennifer-lopez-ve-enrike-iqlesiasdan-zelzele-ile-bagli-yardim-cagirisi\\\/#primaryimage\"},\"image\":{\"@id\":\"https:\\\/\\\/www.meydan.tv\\\/az\\\/article\\\/banderas-cennifer-lopez-ve-enrike-iqlesiasdan-zelzele-ile-bagli-yardim-cagirisi\\\/#primaryimage\"},\"thumbnailUrl\":\"https:\\\/\\\/www.meydan.tv\\\/wp-content\\\/uploads\\\/020823_mm_turkey_earthquake_donation_007-e1676292236134.webp\",\"datePublished\":\"2023-02-13T10:43:33+00:00\",\"dateModified\":\"2023-02-16T11:06:59+00:00\",\"breadcrumb\":{\"@id\":\"https:\\\/\\\/www.meydan.tv\\\/az\\\/article\\\/banderas-cennifer-lopez-ve-enrike-iqlesiasdan-zelzele-ile-bagli-yardim-cagirisi\\\/#breadcrumb\"},\"inLanguage\":\"az\",\"potentialAction\":[{\"@type\":\"ReadAction\",\"target\":[\"https:\\\/\\\/www.meydan.tv\\\/az\\\/article\\\/banderas-cennifer-lopez-ve-enrike-iqlesiasdan-zelzele-ile-bagli-yardim-cagirisi\\\/\"]}]},{\"@type\":\"ImageObject\",\"inLanguage\":\"az\",\"@id\":\"https:\\\/\\\/www.meydan.tv\\\/az\\\/article\\\/banderas-cennifer-lopez-ve-enrike-iqlesiasdan-zelzele-ile-bagli-yardim-cagirisi\\\/#primaryimage\",\"url\":\"https:\\\/\\\/www.meydan.tv\\\/wp-content\\\/uploads\\\/020823_mm_turkey_earthquake_donation_007-e1676292236134.webp\",\"contentUrl\":\"https:\\\/\\\/www.meydan.tv\\\/wp-content\\\/uploads\\\/020823_mm_turkey_earthquake_donation_007-e1676292236134.webp\",\"width\":1100,\"height\":478,\"caption\":\"M\u0259nb\u0259: Northeastern University\"},{\"@type\":\"BreadcrumbList\",\"@id\":\"https:\\\/\\\/www.meydan.tv\\\/az\\\/article\\\/banderas-cennifer-lopez-ve-enrike-iqlesiasdan-zelzele-ile-bagli-yardim-cagirisi\\\/#breadcrumb\",\"itemListElement\":[{\"@type\":\"ListItem\",\"position\":1,\"name\":\"Ana s\u0259hif\u0259\",\"item\":\"https:\\\/\\\/www.meydan.tv\\\/az\\\/\"},{\"@type\":\"ListItem\",\"position\":2,\"name\":\"M\u0259d\u0259niyy\u0259t\",\"item\":\"https:\\\/\\\/www.meydan.tv\\\/az\\\/section\\\/medeniyyet\\\/\"},{\"@type\":\"ListItem\",\"position\":3,\"name\":\"Banderas, Cennifer Lopez v\u0259 Enrike \u0130qlesiasdan z\u0259lz\u0259l\u0259 il\u0259 ba\u011fl\u0131 yard\u0131m \u00e7a\u011f\u0131r\u0131\u015f\u0131\"}]},{\"@type\":\"WebSite\",\"@id\":\"https:\\\/\\\/www.meydan.tv\\\/az\\\/#website\",\"url\":\"https:\\\/\\\/www.meydan.tv\\\/az\\\/\",\"name\":\"MEYDAN.TV\",\"description\":\"Meydan TV Az\u0259rbaycan\u0131n media m\u0259kan\u0131ndak\u0131 alternativ s\u0259sidir\",\"publisher\":{\"@id\":\"https:\\\/\\\/www.meydan.tv\\\/az\\\/#organization\"},\"potentialAction\":[{\"@type\":\"SearchAction\",\"target\":{\"@type\":\"EntryPoint\",\"urlTemplate\":\"https:\\\/\\\/www.meydan.tv\\\/az\\\/?s={search_term_string}\"},\"query-input\":{\"@type\":\"PropertyValueSpecification\",\"valueRequired\":true,\"valueName\":\"search_term_string\"}}],\"inLanguage\":\"az\"},{\"@type\":\"Organization\",\"@id\":\"https:\\\/\\\/www.meydan.tv\\\/az\\\/#organization\",\"name\":\"Meydan TV\",\"url\":\"https:\\\/\\\/www.meydan.tv\\\/az\\\/\",\"logo\":{\"@type\":\"ImageObject\",\"inLanguage\":\"az\",\"@id\":\"https:\\\/\\\/www.meydan.tv\\\/az\\\/#\\\/schema\\\/logo\\\/image\\\/\",\"url\":\"https:\\\/\\\/www.meydan.tv\\\/wp-content\\\/uploads\\\/2021\\\/07\\\/meydan-logo.svg\",\"contentUrl\":\"https:\\\/\\\/www.meydan.tv\\\/wp-content\\\/uploads\\\/2021\\\/07\\\/meydan-logo.svg\",\"width\":195,\"height\":46,\"caption\":\"Meydan TV\"},\"image\":{\"@id\":\"https:\\\/\\\/www.meydan.tv\\\/az\\\/#\\\/schema\\\/logo\\\/image\\\/\"}},{\"@type\":\"Person\",\"@id\":\"https:\\\/\\\/www.meydan.tv\\\/az\\\/#\\\/schema\\\/person\\\/981b0b284aeaa9ad0cbf814cd4a9d67c\",\"name\":\"miron\"}]}<\/script>\n<!-- \/ Yoast SEO plugin. -->","yoast_head_json":{"title":"Banderas, Cennifer Lopez v\u0259 Enrike \u0130qlesiasdan z\u0259lz\u0259l\u0259 il\u0259 ba\u011fl\u0131 yard\u0131m \u00e7a\u011f\u0131r\u0131\u015f\u0131 - MEYDAN.TV","robots":{"index":"index","follow":"follow","max-snippet":"max-snippet:-1","max-image-preview":"max-image-preview:large","max-video-preview":"max-video-preview:-1"},"canonical":"https:\/\/www.meydan.tv\/az\/article\/banderas-cennifer-lopez-ve-enrike-iqlesiasdan-zelzele-ile-bagli-yardim-cagirisi\/","og_locale":"az_AZ","og_type":"article","og_title":"Banderas, Cennifer Lopez v\u0259 Enrike \u0130qlesiasdan z\u0259lz\u0259l\u0259 il\u0259 ba\u011fl\u0131 yard\u0131m \u00e7a\u011f\u0131r\u0131\u015f\u0131 - MEYDAN.TV","og_description":"Tarkan Z\u0259lz\u0259l\u0259d\u0259n Yard\u0131m Fonduna bir milyon lir\u0259 k\u00f6\u00e7\u00fcr\u00fcb Bir \u00e7ox ... Davam\u0131","og_url":"https:\/\/www.meydan.tv\/az\/article\/banderas-cennifer-lopez-ve-enrike-iqlesiasdan-zelzele-ile-bagli-yardim-cagirisi\/","og_site_name":"MEYDAN.TV","article_published_time":"2023-02-13T10:43:33+00:00","article_modified_time":"2023-02-16T11:06:59+00:00","og_image":[{"width":1100,"height":478,"url":"https:\/\/www.meydan.tv\/wp-content\/uploads\/020823_mm_turkey_earthquake_donation_007-e1676292236134.webp","type":"image\/webp"}],"author":"miron","twitter_card":"summary_large_image","schema":{"@context":"https:\/\/schema.org","@graph":[{"@type":"Article","@id":"https:\/\/www.meydan.tv\/az\/article\/banderas-cennifer-lopez-ve-enrike-iqlesiasdan-zelzele-ile-bagli-yardim-cagirisi\/#article","isPartOf":{"@id":"https:\/\/www.meydan.tv\/az\/article\/banderas-cennifer-lopez-ve-enrike-iqlesiasdan-zelzele-ile-bagli-yardim-cagirisi\/"},"author":{"name":"miron","@id":"https:\/\/www.meydan.tv\/az\/#\/schema\/person\/981b0b284aeaa9ad0cbf814cd4a9d67c"},"headline":"Banderas, Cennifer Lopez v\u0259 Enrike \u0130qlesiasdan z\u0259lz\u0259l\u0259 il\u0259 ba\u011fl\u0131 yard\u0131m \u00e7a\u011f\u0131r\u0131\u015f\u0131","datePublished":"2023-02-13T10:43:33+00:00","dateModified":"2023-02-16T11:06:59+00:00","mainEntityOfPage":{"@id":"https:\/\/www.meydan.tv\/az\/article\/banderas-cennifer-lopez-ve-enrike-iqlesiasdan-zelzele-ile-bagli-yardim-cagirisi\/"},"wordCount":701,"publisher":{"@id":"https:\/\/www.meydan.tv\/az\/#organization"},"image":{"@id":"https:\/\/www.meydan.tv\/az\/article\/banderas-cennifer-lopez-ve-enrike-iqlesiasdan-zelzele-ile-bagli-yardim-cagirisi\/#primaryimage"},"thumbnailUrl":"https:\/\/www.meydan.tv\/wp-content\/uploads\/020823_mm_turkey_earthquake_donation_007-e1676292236134.webp","articleSection":["M\u0259d\u0259niyy\u0259t","X\u0259b\u0259rl\u0259r"],"inLanguage":"az"},{"@type":"WebPage","@id":"https:\/\/www.meydan.tv\/az\/article\/banderas-cennifer-lopez-ve-enrike-iqlesiasdan-zelzele-ile-bagli-yardim-cagirisi\/","url":"https:\/\/www.meydan.tv\/az\/article\/banderas-cennifer-lopez-ve-enrike-iqlesiasdan-zelzele-ile-bagli-yardim-cagirisi\/","name":"Banderas, Cennifer Lopez v\u0259 Enrike \u0130qlesiasdan z\u0259lz\u0259l\u0259 il\u0259 ba\u011fl\u0131 yard\u0131m \u00e7a\u011f\u0131r\u0131\u015f\u0131 - MEYDAN.TV","isPartOf":{"@id":"https:\/\/www.meydan.tv\/az\/#website"},"primaryImageOfPage":{"@id":"https:\/\/www.meydan.tv\/az\/article\/banderas-cennifer-lopez-ve-enrike-iqlesiasdan-zelzele-ile-bagli-yardim-cagirisi\/#primaryimage"},"image":{"@id":"https:\/\/www.meydan.tv\/az\/article\/banderas-cennifer-lopez-ve-enrike-iqlesiasdan-zelzele-ile-bagli-yardim-cagirisi\/#primaryimage"},"thumbnailUrl":"https:\/\/www.meydan.tv\/wp-content\/uploads\/020823_mm_turkey_earthquake_donation_007-e1676292236134.webp","datePublished":"2023-02-13T10:43:33+00:00","dateModified":"2023-02-16T11:06:59+00:00","breadcrumb":{"@id":"https:\/\/www.meydan.tv\/az\/article\/banderas-cennifer-lopez-ve-enrike-iqlesiasdan-zelzele-ile-bagli-yardim-cagirisi\/#breadcrumb"},"inLanguage":"az","potentialAction":[{"@type":"ReadAction","target":["https:\/\/www.meydan.tv\/az\/article\/banderas-cennifer-lopez-ve-enrike-iqlesiasdan-zelzele-ile-bagli-yardim-cagirisi\/"]}]},{"@type":"ImageObject","inLanguage":"az","@id":"https:\/\/www.meydan.tv\/az\/article\/banderas-cennifer-lopez-ve-enrike-iqlesiasdan-zelzele-ile-bagli-yardim-cagirisi\/#primaryimage","url":"https:\/\/www.meydan.tv\/wp-content\/uploads\/020823_mm_turkey_earthquake_donation_007-e1676292236134.webp","contentUrl":"https:\/\/www.meydan.tv\/wp-content\/uploads\/020823_mm_turkey_earthquake_donation_007-e1676292236134.webp","width":1100,"height":478,"caption":"M\u0259nb\u0259: Northeastern University"},{"@type":"BreadcrumbList","@id":"https:\/\/www.meydan.tv\/az\/article\/banderas-cennifer-lopez-ve-enrike-iqlesiasdan-zelzele-ile-bagli-yardim-cagirisi\/#breadcrumb","itemListElement":[{"@type":"ListItem","position":1,"name":"Ana s\u0259hif\u0259","item":"https:\/\/www.meydan.tv\/az\/"},{"@type":"ListItem","position":2,"name":"M\u0259d\u0259niyy\u0259t","item":"https:\/\/www.meydan.tv\/az\/section\/medeniyyet\/"},{"@type":"ListItem","position":3,"name":"Banderas, Cennifer Lopez v\u0259 Enrike \u0130qlesiasdan z\u0259lz\u0259l\u0259 il\u0259 ba\u011fl\u0131 yard\u0131m \u00e7a\u011f\u0131r\u0131\u015f\u0131"}]},{"@type":"WebSite","@id":"https:\/\/www.meydan.tv\/az\/#website","url":"https:\/\/www.meydan.tv\/az\/","name":"MEYDAN.TV","description":"Meydan TV Az\u0259rbaycan\u0131n media m\u0259kan\u0131ndak\u0131 alternativ s\u0259sidir","publisher":{"@id":"https:\/\/www.meydan.tv\/az\/#organization"},"potentialAction":[{"@type":"SearchAction","target":{"@type":"EntryPoint","urlTemplate":"https:\/\/www.meydan.tv\/az\/?s={search_term_string}"},"query-input":{"@type":"PropertyValueSpecification","valueRequired":true,"valueName":"search_term_string"}}],"inLanguage":"az"},{"@type":"Organization","@id":"https:\/\/www.meydan.tv\/az\/#organization","name":"Meydan TV","url":"https:\/\/www.meydan.tv\/az\/","logo":{"@type":"ImageObject","inLanguage":"az","@id":"https:\/\/www.meydan.tv\/az\/#\/schema\/logo\/image\/","url":"https:\/\/www.meydan.tv\/wp-content\/uploads\/2021\/07\/meydan-logo.svg","contentUrl":"https:\/\/www.meydan.tv\/wp-content\/uploads\/2021\/07\/meydan-logo.svg","width":195,"height":46,"caption":"Meydan TV"},"image":{"@id":"https:\/\/www.meydan.tv\/az\/#\/schema\/logo\/image\/"}},{"@type":"Person","@id":"https:\/\/www.meydan.tv\/az\/#\/schema\/person\/981b0b284aeaa9ad0cbf814cd4a9d67c","name":"miron"}]}},"_links":{"self":[{"href":"https:\/\/www.meydan.tv\/az\/wp-json\/wp\/v2\/posts\/268242","targetHints":{"allow":["GET"]}}],"collection":[{"href":"https:\/\/www.meydan.tv\/az\/wp-json\/wp\/v2\/posts"}],"about":[{"href":"https:\/\/www.meydan.tv\/az\/wp-json\/wp\/v2\/types\/post"}],"author":[{"embeddable":true,"href":"https:\/\/www.meydan.tv\/az\/wp-json\/wp\/v2\/users\/18"}],"replies":[{"embeddable":true,"href":"https:\/\/www.meydan.tv\/az\/wp-json\/wp\/v2\/comments?post=268242"}],"version-history":[{"count":1,"href":"https:\/\/www.meydan.tv\/az\/wp-json\/wp\/v2\/posts\/268242\/revisions"}],"predecessor-version":[{"id":268255,"href":"https:\/\/www.meydan.tv\/az\/wp-json\/wp\/v2\/posts\/268242\/revisions\/268255"}],"wp:featuredmedia":[{"embeddable":true,"href":"https:\/\/www.meydan.tv\/az\/wp-json\/wp\/v2\/media\/268243"}],"wp:attachment":[{"href":"https:\/\/www.meydan.tv\/az\/wp-json\/wp\/v2\/media?parent=268242"}],"wp:term":[{"taxonomy":"category","embeddable":true,"href":"https:\/\/www.meydan.tv\/az\/wp-json\/wp\/v2\/categories?post=268242"},{"taxonomy":"post_tag","embeddable":true,"href":"https:\/\/www.meydan.tv\/az\/wp-json\/wp\/v2\/tags?post=268242"}],"curies":[{"name":"wp","href":"https:\/\/api.w.org\/{rel}","templated":true}]}}