{"id":268206,"date":"2023-02-11T21:18:49","date_gmt":"2023-02-11T17:18:49","guid":{"rendered":"https:\/\/www.meydan.tv\/?p=268206"},"modified":"2023-02-11T21:18:53","modified_gmt":"2023-02-11T17:18:53","slug":"abs-bextiyar-haciyevin-tezlikle-azadliga-buraxilmasi-isteyir","status":"publish","type":"post","link":"https:\/\/www.meydan.tv\/az\/article\/abs-bextiyar-haciyevin-tezlikle-azadliga-buraxilmasi-isteyir\/","title":{"rendered":"<strong>AB\u015e B\u0259xtiyar Hac\u0131yevin tezlikl\u0259 azadl\u0131\u011fa burax\u0131lmas\u0131 ist\u0259yir<\/strong>"},"content":{"rendered":"\n<p><\/p>\n\n\n\n<p><em>Prays bildirib ki, Va\u015finqton Bak\u0131n\u0131 siyasi motivl\u0259 h\u0259bs olunanlar\u0131n ham\u0131s\u0131n\u0131 azad etm\u0259y\u0259 \u00e7a\u011f\u0131r\u0131r<\/em><\/p>\n\n\n\n<p>&#8220;Biz az\u0259rbaycanl\u0131 f\u0259al B\u0259xtiyar Hac\u0131yevin \u00f6t\u0259n ilin dekabr\u0131ndan, Beyn\u0259lxalq \u0130nsan H\u00fcquqlar\u0131 G\u00fcn\u00fcnd\u0259n b\u0259ri h\u0259bsd\u0259 qalmas\u0131ndan v\u0259 onun siyasi motivli hesab olunan ittihamlarla \u00fczl\u0259\u015fm\u0259sind\u0259n d\u0259rin narahat\u0131q&#8221;.<\/p>\n\n\n\n<p>Bunu fevral\u0131n 11-d\u0259 AB\u015e D\u00f6vl\u0259t Departamentin r\u0259smisi\u00a0 Ned Prays <a href=\"https:\/\/www.turan.az\/ext\/news\/2023\/2\/free\/politics_news\/az\/1481.htm\" target=\"_blank\" rel=\"noreferrer noopener\">deyib<\/a>.<\/p>\n\n\n\n<p>Prays bildirib ki, Birl\u0259\u015fmi\u015f \u015etatlar c\u0259nab Hac\u0131yevin tezlikl\u0259 azad edilm\u0259sin\u0259 v\u0259 \u0259sas azadl\u0131qlar\u0131ndan istifad\u0259 etdikl\u0259rin\u0259 g\u00f6r\u0259 h\u0259bs olunanlar\u0131n ham\u0131s\u0131n\u0131n azad edilm\u0259sin\u0259 \u00e7a\u011f\u0131r\u0131r.<\/p>\n\n\n\n<p>&#8220;AB\u015e insan h\u00fcquqlar\u0131na h\u00f6rm\u0259ti t\u0259\u015fviq etm\u0259k, insan haqlar\u0131 m\u00fcdafi\u0259\u00e7il\u0259rini d\u0259st\u0259kl\u0259m\u0259k v\u0259 insan h\u00fcquqlar\u0131n\u0131n pozulmas\u0131na yol ver\u0259nl\u0259ri m\u0259suliyy\u0259t\u0259 c\u0259lb etm\u0259k \u00f6hd\u0259liyin\u0259 q\u0259tiyy\u0259tl\u0259 sadiqdir. Biz sistemli islahatlara, Az\u0259rbaycanda v\u0259 d\u00fcnyada insan h\u00fcquqlar\u0131n\u0131n v\u0259 \u0259sas azadl\u0131qlar\u0131n\u0131n m\u00fcdafi\u0259si il\u0259 ba\u011fl\u0131 b\u00fct\u00fcn add\u0131mlar\u0131 t\u0259\u015fviq edirik\u201d, &#8211; bu fikirl\u0259r is\u0259 D\u00f6vl\u0259t Departamentinin b\u0259yanat\u0131nda qeyd olunub.<\/p>\n\n\n\n<p>Dekabr\u0131n 9-dan h\u0259bsd\u0259 olan B\u0259xtiyar Hac\u0131yev Cinay\u0259t M\u0259c\u0259ll\u0259sinin 221.2.2 (ictimai qaydan\u0131n qorunmas\u0131 \u00fczr\u0259 v\u0259zif\u0259ni yerin\u0259 yetir\u0259n \u015f\u0259xs\u0259 qar\u015f\u0131 m\u00fcqavim\u0259t g\u00f6st\u0259rm\u0259kl\u0259 xuliqanl\u0131q) v\u0259 289.1 (m\u0259hk\u0259m\u0259y\u0259 h\u00f6rm\u0259tsizlik) madd\u0259l\u0259ril\u0259 ittiham olunur.<\/p>\n\n\n\n<p>Bu madd\u0259l\u0259rd\u0259 3 il\u0259d\u0259k azadl\u0131qdan m\u0259hrumetm\u0259 c\u0259zas\u0131 n\u0259z\u0259rd\u0259 tutulub.<\/p>\n\n\n\n<p>B\u0259xtiyar Hac\u0131yev\u0259 qar\u015f\u0131 cinay\u0259t i\u015find\u0259 s\u00f6hb\u0259t ictimai f\u0259alla jurnalist \u00dclviyy\u0259 Alovlu aras\u0131nda qalmaqaldan gedir.<\/p>\n\n\n\n<p>B\u0259xtiyar Hac\u0131yev uzun m\u00fcdd\u0259tdir ki, polis\u0259 \u015fikay\u0259t ed\u0259r\u0259k \u00dclviyy\u0259 Alovlunun cinay\u0259t m\u0259suliyy\u0259tin\u0259 c\u0259lb olunmas\u0131n\u0131 t\u0259l\u0259b edirdi.<\/p>\n\n\n\n<p>Bir m\u00fcdd\u0259t \u00f6nc\u0259 sosial \u015f\u0259b\u0259k\u0259l\u0259rd\u0259 Yasamal rayon M\u0259hk\u0259m\u0259sind\u0259 B\u0259xtiyar Hac\u0131yevl\u0259 \u00dclviyy\u0259 Alovlu aras\u0131nda m\u0259hk\u0259m\u0259 prosesi zaman\u0131 ba\u015f ver\u0259nl\u0259rin videog\u00f6r\u00fcnt\u00fcs\u00fc yay\u0131lm\u0131\u015fd\u0131.<\/p>\n\n\n\n<p>H\u0259min g\u00f6r\u00fcnt\u00fcl\u0259rd\u0259 B\u0259xtiyar Hac\u0131yev \u0259lind\u0259ki s\u0259n\u0259dl\u0259ri masan\u0131n \u00fcst\u00fcn\u0259 at\u0131r.<\/p>\n\n\n\n<p>\u0130ddia olunur ki, ictimai f\u0259al m\u0259hz buna g\u00f6r\u0259 xuliqanl\u0131q v\u0259 m\u0259hk\u0259m\u0259y\u0259 h\u00f6rm\u0259tsizlikd\u0259 ittiham edilir. Lakin B\u0259xtiyar Hac\u0131yev Daxili \u0130\u015fl\u0259r naziri Vilay\u0259t Eyvazovun sifari\u015fil\u0259 h\u0259bs olundu\u011funu iddia edir.<\/p>\n\n\n\n<p>O, zaman-zaman sosial media hesablar\u0131nda Vilay\u0259t Eyvazov v\u0259 nazirliyin f\u0259aliyy\u0259tini t\u0259nqid edirdi.<\/p>\n\n\n\n<p>O, 2022-ci ilin aprelind\u0259 nam\u0259lum \u015f\u0259xsl\u0259r t\u0259r\u0259find\u0259n paytaxt\u0131n m\u0259rk\u0259zind\u0259 o\u011furlanaraq zorak\u0131l\u0131\u011fa m\u0259ruz qald\u0131\u011f\u0131n\u0131 deyirdi.<\/p>\n\n\n\n<p>Faktla ba\u011fl\u0131 cinay\u0259t i\u015fi ba\u015flansa da, bu g\u00fcn\u0259 q\u0259d\u0259r cinay\u0259ti t\u00f6r\u0259d\u0259n \u015f\u0259xsl\u0259r tap\u0131lmay\u0131b.<\/p>\n","protected":false},"excerpt":{"rendered":"<p>Prays bildirib ki, Va\u015finqton Bak\u0131n\u0131 siyasi motivl\u0259 h\u0259bs olunanlar\u0131n ham\u0131s\u0131n\u0131 &#8230; <\/p>\n<p class=\"read-more-container\"><a title=\"AB\u015e B\u0259xtiyar Hac\u0131yevin tezlikl\u0259 azadl\u0131\u011fa burax\u0131lmas\u0131 ist\u0259yir\" class=\"read-more button\" href=\"https:\/\/www.meydan.tv\/az\/article\/abs-bextiyar-haciyevin-tezlikle-azadliga-buraxilmasi-isteyir\/#more-268206\" aria-label=\"Read more about AB\u015e B\u0259xtiyar Hac\u0131yevin tezlikl\u0259 azadl\u0131\u011fa burax\u0131lmas\u0131 ist\u0259yir\">Davam\u0131<\/a><\/p>\n","protected":false},"author":8,"featured_media":253944,"comment_status":"closed","ping_status":"closed","sticky":false,"template":"","format":"standard","meta":{"_acf_changed":false,"_sitemap_exclude":false,"_sitemap_priority":"","_sitemap_frequency":"","footnotes":""},"categories":[59,56],"tags":[],"class_list":["post-268206","post","type-post","status-publish","format-standard","has-post-thumbnail","hentry","category-siyaset","category-xeberler","infinite-scroll-item","generate-columns","tablet-grid-50","mobile-grid-100","grid-parent","grid-33","no-featured-image-padding"],"acf":[],"yoast_head":"<!-- This site is optimized with the Yoast SEO plugin v27.4 - https:\/\/yoast.com\/product\/yoast-seo-wordpress\/ -->\n<title>AB\u015e B\u0259xtiyar Hac\u0131yevin tezlikl\u0259 azadl\u0131\u011fa burax\u0131lmas\u0131 ist\u0259yir - MEYDAN.TV<\/title>\n<meta name=\"robots\" content=\"index, follow, max-snippet:-1, max-image-preview:large, max-video-preview:-1\" \/>\n<link rel=\"canonical\" href=\"https:\/\/www.meydan.tv\/az\/article\/abs-bextiyar-haciyevin-tezlikle-azadliga-buraxilmasi-isteyir\/\" \/>\n<meta property=\"og:locale\" content=\"az_AZ\" \/>\n<meta property=\"og:type\" content=\"article\" \/>\n<meta property=\"og:title\" content=\"AB\u015e B\u0259xtiyar Hac\u0131yevin tezlikl\u0259 azadl\u0131\u011fa burax\u0131lmas\u0131 ist\u0259yir - MEYDAN.TV\" \/>\n<meta property=\"og:description\" content=\"Prays bildirib ki, Va\u015finqton Bak\u0131n\u0131 siyasi motivl\u0259 h\u0259bs olunanlar\u0131n ham\u0131s\u0131n\u0131 ... Davam\u0131\" \/>\n<meta property=\"og:url\" content=\"https:\/\/www.meydan.tv\/az\/article\/abs-bextiyar-haciyevin-tezlikle-azadliga-buraxilmasi-isteyir\/\" \/>\n<meta property=\"og:site_name\" content=\"MEYDAN.TV\" \/>\n<meta property=\"article:published_time\" content=\"2023-02-11T17:18:49+00:00\" \/>\n<meta property=\"article:modified_time\" content=\"2023-02-11T17:18:53+00:00\" \/>\n<meta property=\"og:image\" content=\"https:\/\/www.meydan.tv\/wp-content\/uploads\/ned-prays-e1665658656655.jpg\" \/>\n\t<meta property=\"og:image:width\" content=\"1200\" \/>\n\t<meta property=\"og:image:height\" content=\"585\" \/>\n\t<meta property=\"og:image:type\" content=\"image\/jpeg\" \/>\n<meta name=\"author\" content=\"elli\" \/>\n<meta name=\"twitter:card\" content=\"summary_large_image\" \/>\n<meta name=\"twitter:creator\" content=\"@elli\" \/>\n<script type=\"application\/ld+json\" class=\"yoast-schema-graph\">{\"@context\":\"https:\\\/\\\/schema.org\",\"@graph\":[{\"@type\":\"Article\",\"@id\":\"https:\\\/\\\/www.meydan.tv\\\/az\\\/article\\\/abs-bextiyar-haciyevin-tezlikle-azadliga-buraxilmasi-isteyir\\\/#article\",\"isPartOf\":{\"@id\":\"https:\\\/\\\/www.meydan.tv\\\/az\\\/article\\\/abs-bextiyar-haciyevin-tezlikle-azadliga-buraxilmasi-isteyir\\\/\"},\"author\":{\"name\":\"elli\",\"@id\":\"https:\\\/\\\/www.meydan.tv\\\/az\\\/#\\\/schema\\\/person\\\/9cdbecf90d17180ce1dfbd95b08dcf47\"},\"headline\":\"AB\u015e B\u0259xtiyar Hac\u0131yevin tezlikl\u0259 azadl\u0131\u011fa burax\u0131lmas\u0131 ist\u0259yir\",\"datePublished\":\"2023-02-11T17:18:49+00:00\",\"dateModified\":\"2023-02-11T17:18:53+00:00\",\"mainEntityOfPage\":{\"@id\":\"https:\\\/\\\/www.meydan.tv\\\/az\\\/article\\\/abs-bextiyar-haciyevin-tezlikle-azadliga-buraxilmasi-isteyir\\\/\"},\"wordCount\":522,\"publisher\":{\"@id\":\"https:\\\/\\\/www.meydan.tv\\\/az\\\/#organization\"},\"image\":{\"@id\":\"https:\\\/\\\/www.meydan.tv\\\/az\\\/article\\\/abs-bextiyar-haciyevin-tezlikle-azadliga-buraxilmasi-isteyir\\\/#primaryimage\"},\"thumbnailUrl\":\"https:\\\/\\\/www.meydan.tv\\\/wp-content\\\/uploads\\\/ned-prays-e1665658656655.jpg\",\"articleSection\":[\"Siyas\u0259t\",\"X\u0259b\u0259rl\u0259r\"],\"inLanguage\":\"az\"},{\"@type\":\"WebPage\",\"@id\":\"https:\\\/\\\/www.meydan.tv\\\/az\\\/article\\\/abs-bextiyar-haciyevin-tezlikle-azadliga-buraxilmasi-isteyir\\\/\",\"url\":\"https:\\\/\\\/www.meydan.tv\\\/az\\\/article\\\/abs-bextiyar-haciyevin-tezlikle-azadliga-buraxilmasi-isteyir\\\/\",\"name\":\"AB\u015e B\u0259xtiyar Hac\u0131yevin tezlikl\u0259 azadl\u0131\u011fa burax\u0131lmas\u0131 ist\u0259yir - MEYDAN.TV\",\"isPartOf\":{\"@id\":\"https:\\\/\\\/www.meydan.tv\\\/az\\\/#website\"},\"primaryImageOfPage\":{\"@id\":\"https:\\\/\\\/www.meydan.tv\\\/az\\\/article\\\/abs-bextiyar-haciyevin-tezlikle-azadliga-buraxilmasi-isteyir\\\/#primaryimage\"},\"image\":{\"@id\":\"https:\\\/\\\/www.meydan.tv\\\/az\\\/article\\\/abs-bextiyar-haciyevin-tezlikle-azadliga-buraxilmasi-isteyir\\\/#primaryimage\"},\"thumbnailUrl\":\"https:\\\/\\\/www.meydan.tv\\\/wp-content\\\/uploads\\\/ned-prays-e1665658656655.jpg\",\"datePublished\":\"2023-02-11T17:18:49+00:00\",\"dateModified\":\"2023-02-11T17:18:53+00:00\",\"breadcrumb\":{\"@id\":\"https:\\\/\\\/www.meydan.tv\\\/az\\\/article\\\/abs-bextiyar-haciyevin-tezlikle-azadliga-buraxilmasi-isteyir\\\/#breadcrumb\"},\"inLanguage\":\"az\",\"potentialAction\":[{\"@type\":\"ReadAction\",\"target\":[\"https:\\\/\\\/www.meydan.tv\\\/az\\\/article\\\/abs-bextiyar-haciyevin-tezlikle-azadliga-buraxilmasi-isteyir\\\/\"]}]},{\"@type\":\"ImageObject\",\"inLanguage\":\"az\",\"@id\":\"https:\\\/\\\/www.meydan.tv\\\/az\\\/article\\\/abs-bextiyar-haciyevin-tezlikle-azadliga-buraxilmasi-isteyir\\\/#primaryimage\",\"url\":\"https:\\\/\\\/www.meydan.tv\\\/wp-content\\\/uploads\\\/ned-prays-e1665658656655.jpg\",\"contentUrl\":\"https:\\\/\\\/www.meydan.tv\\\/wp-content\\\/uploads\\\/ned-prays-e1665658656655.jpg\",\"width\":1200,\"height\":585,\"caption\":\"Ned Prays. Foto: Amerikan\u0131n s\u0259si\"},{\"@type\":\"BreadcrumbList\",\"@id\":\"https:\\\/\\\/www.meydan.tv\\\/az\\\/article\\\/abs-bextiyar-haciyevin-tezlikle-azadliga-buraxilmasi-isteyir\\\/#breadcrumb\",\"itemListElement\":[{\"@type\":\"ListItem\",\"position\":1,\"name\":\"Ana s\u0259hif\u0259\",\"item\":\"https:\\\/\\\/www.meydan.tv\\\/az\\\/\"},{\"@type\":\"ListItem\",\"position\":2,\"name\":\"Siyas\u0259t\",\"item\":\"https:\\\/\\\/www.meydan.tv\\\/az\\\/section\\\/siyaset\\\/\"},{\"@type\":\"ListItem\",\"position\":3,\"name\":\"AB\u015e B\u0259xtiyar Hac\u0131yevin tezlikl\u0259 azadl\u0131\u011fa burax\u0131lmas\u0131 ist\u0259yir\"}]},{\"@type\":\"WebSite\",\"@id\":\"https:\\\/\\\/www.meydan.tv\\\/az\\\/#website\",\"url\":\"https:\\\/\\\/www.meydan.tv\\\/az\\\/\",\"name\":\"MEYDAN.TV\",\"description\":\"Meydan TV Az\u0259rbaycan\u0131n media m\u0259kan\u0131ndak\u0131 alternativ s\u0259sidir\",\"publisher\":{\"@id\":\"https:\\\/\\\/www.meydan.tv\\\/az\\\/#organization\"},\"potentialAction\":[{\"@type\":\"SearchAction\",\"target\":{\"@type\":\"EntryPoint\",\"urlTemplate\":\"https:\\\/\\\/www.meydan.tv\\\/az\\\/?s={search_term_string}\"},\"query-input\":{\"@type\":\"PropertyValueSpecification\",\"valueRequired\":true,\"valueName\":\"search_term_string\"}}],\"inLanguage\":\"az\"},{\"@type\":\"Organization\",\"@id\":\"https:\\\/\\\/www.meydan.tv\\\/az\\\/#organization\",\"name\":\"Meydan TV\",\"url\":\"https:\\\/\\\/www.meydan.tv\\\/az\\\/\",\"logo\":{\"@type\":\"ImageObject\",\"inLanguage\":\"az\",\"@id\":\"https:\\\/\\\/www.meydan.tv\\\/az\\\/#\\\/schema\\\/logo\\\/image\\\/\",\"url\":\"https:\\\/\\\/www.meydan.tv\\\/wp-content\\\/uploads\\\/2021\\\/07\\\/meydan-logo.svg\",\"contentUrl\":\"https:\\\/\\\/www.meydan.tv\\\/wp-content\\\/uploads\\\/2021\\\/07\\\/meydan-logo.svg\",\"width\":195,\"height\":46,\"caption\":\"Meydan TV\"},\"image\":{\"@id\":\"https:\\\/\\\/www.meydan.tv\\\/az\\\/#\\\/schema\\\/logo\\\/image\\\/\"}},{\"@type\":\"Person\",\"@id\":\"https:\\\/\\\/www.meydan.tv\\\/az\\\/#\\\/schema\\\/person\\\/9cdbecf90d17180ce1dfbd95b08dcf47\",\"name\":\"elli\",\"sameAs\":[\"https:\\\/\\\/x.com\\\/elli\"]}]}<\/script>\n<!-- \/ Yoast SEO plugin. -->","yoast_head_json":{"title":"AB\u015e B\u0259xtiyar Hac\u0131yevin tezlikl\u0259 azadl\u0131\u011fa burax\u0131lmas\u0131 ist\u0259yir - MEYDAN.TV","robots":{"index":"index","follow":"follow","max-snippet":"max-snippet:-1","max-image-preview":"max-image-preview:large","max-video-preview":"max-video-preview:-1"},"canonical":"https:\/\/www.meydan.tv\/az\/article\/abs-bextiyar-haciyevin-tezlikle-azadliga-buraxilmasi-isteyir\/","og_locale":"az_AZ","og_type":"article","og_title":"AB\u015e B\u0259xtiyar Hac\u0131yevin tezlikl\u0259 azadl\u0131\u011fa burax\u0131lmas\u0131 ist\u0259yir - MEYDAN.TV","og_description":"Prays bildirib ki, Va\u015finqton Bak\u0131n\u0131 siyasi motivl\u0259 h\u0259bs olunanlar\u0131n ham\u0131s\u0131n\u0131 ... Davam\u0131","og_url":"https:\/\/www.meydan.tv\/az\/article\/abs-bextiyar-haciyevin-tezlikle-azadliga-buraxilmasi-isteyir\/","og_site_name":"MEYDAN.TV","article_published_time":"2023-02-11T17:18:49+00:00","article_modified_time":"2023-02-11T17:18:53+00:00","og_image":[{"width":1200,"height":585,"url":"https:\/\/www.meydan.tv\/wp-content\/uploads\/ned-prays-e1665658656655.jpg","type":"image\/jpeg"}],"author":"elli","twitter_card":"summary_large_image","twitter_creator":"@elli","schema":{"@context":"https:\/\/schema.org","@graph":[{"@type":"Article","@id":"https:\/\/www.meydan.tv\/az\/article\/abs-bextiyar-haciyevin-tezlikle-azadliga-buraxilmasi-isteyir\/#article","isPartOf":{"@id":"https:\/\/www.meydan.tv\/az\/article\/abs-bextiyar-haciyevin-tezlikle-azadliga-buraxilmasi-isteyir\/"},"author":{"name":"elli","@id":"https:\/\/www.meydan.tv\/az\/#\/schema\/person\/9cdbecf90d17180ce1dfbd95b08dcf47"},"headline":"AB\u015e B\u0259xtiyar Hac\u0131yevin tezlikl\u0259 azadl\u0131\u011fa burax\u0131lmas\u0131 ist\u0259yir","datePublished":"2023-02-11T17:18:49+00:00","dateModified":"2023-02-11T17:18:53+00:00","mainEntityOfPage":{"@id":"https:\/\/www.meydan.tv\/az\/article\/abs-bextiyar-haciyevin-tezlikle-azadliga-buraxilmasi-isteyir\/"},"wordCount":522,"publisher":{"@id":"https:\/\/www.meydan.tv\/az\/#organization"},"image":{"@id":"https:\/\/www.meydan.tv\/az\/article\/abs-bextiyar-haciyevin-tezlikle-azadliga-buraxilmasi-isteyir\/#primaryimage"},"thumbnailUrl":"https:\/\/www.meydan.tv\/wp-content\/uploads\/ned-prays-e1665658656655.jpg","articleSection":["Siyas\u0259t","X\u0259b\u0259rl\u0259r"],"inLanguage":"az"},{"@type":"WebPage","@id":"https:\/\/www.meydan.tv\/az\/article\/abs-bextiyar-haciyevin-tezlikle-azadliga-buraxilmasi-isteyir\/","url":"https:\/\/www.meydan.tv\/az\/article\/abs-bextiyar-haciyevin-tezlikle-azadliga-buraxilmasi-isteyir\/","name":"AB\u015e B\u0259xtiyar Hac\u0131yevin tezlikl\u0259 azadl\u0131\u011fa burax\u0131lmas\u0131 ist\u0259yir - MEYDAN.TV","isPartOf":{"@id":"https:\/\/www.meydan.tv\/az\/#website"},"primaryImageOfPage":{"@id":"https:\/\/www.meydan.tv\/az\/article\/abs-bextiyar-haciyevin-tezlikle-azadliga-buraxilmasi-isteyir\/#primaryimage"},"image":{"@id":"https:\/\/www.meydan.tv\/az\/article\/abs-bextiyar-haciyevin-tezlikle-azadliga-buraxilmasi-isteyir\/#primaryimage"},"thumbnailUrl":"https:\/\/www.meydan.tv\/wp-content\/uploads\/ned-prays-e1665658656655.jpg","datePublished":"2023-02-11T17:18:49+00:00","dateModified":"2023-02-11T17:18:53+00:00","breadcrumb":{"@id":"https:\/\/www.meydan.tv\/az\/article\/abs-bextiyar-haciyevin-tezlikle-azadliga-buraxilmasi-isteyir\/#breadcrumb"},"inLanguage":"az","potentialAction":[{"@type":"ReadAction","target":["https:\/\/www.meydan.tv\/az\/article\/abs-bextiyar-haciyevin-tezlikle-azadliga-buraxilmasi-isteyir\/"]}]},{"@type":"ImageObject","inLanguage":"az","@id":"https:\/\/www.meydan.tv\/az\/article\/abs-bextiyar-haciyevin-tezlikle-azadliga-buraxilmasi-isteyir\/#primaryimage","url":"https:\/\/www.meydan.tv\/wp-content\/uploads\/ned-prays-e1665658656655.jpg","contentUrl":"https:\/\/www.meydan.tv\/wp-content\/uploads\/ned-prays-e1665658656655.jpg","width":1200,"height":585,"caption":"Ned Prays. Foto: Amerikan\u0131n s\u0259si"},{"@type":"BreadcrumbList","@id":"https:\/\/www.meydan.tv\/az\/article\/abs-bextiyar-haciyevin-tezlikle-azadliga-buraxilmasi-isteyir\/#breadcrumb","itemListElement":[{"@type":"ListItem","position":1,"name":"Ana s\u0259hif\u0259","item":"https:\/\/www.meydan.tv\/az\/"},{"@type":"ListItem","position":2,"name":"Siyas\u0259t","item":"https:\/\/www.meydan.tv\/az\/section\/siyaset\/"},{"@type":"ListItem","position":3,"name":"AB\u015e B\u0259xtiyar Hac\u0131yevin tezlikl\u0259 azadl\u0131\u011fa burax\u0131lmas\u0131 ist\u0259yir"}]},{"@type":"WebSite","@id":"https:\/\/www.meydan.tv\/az\/#website","url":"https:\/\/www.meydan.tv\/az\/","name":"MEYDAN.TV","description":"Meydan TV Az\u0259rbaycan\u0131n media m\u0259kan\u0131ndak\u0131 alternativ s\u0259sidir","publisher":{"@id":"https:\/\/www.meydan.tv\/az\/#organization"},"potentialAction":[{"@type":"SearchAction","target":{"@type":"EntryPoint","urlTemplate":"https:\/\/www.meydan.tv\/az\/?s={search_term_string}"},"query-input":{"@type":"PropertyValueSpecification","valueRequired":true,"valueName":"search_term_string"}}],"inLanguage":"az"},{"@type":"Organization","@id":"https:\/\/www.meydan.tv\/az\/#organization","name":"Meydan TV","url":"https:\/\/www.meydan.tv\/az\/","logo":{"@type":"ImageObject","inLanguage":"az","@id":"https:\/\/www.meydan.tv\/az\/#\/schema\/logo\/image\/","url":"https:\/\/www.meydan.tv\/wp-content\/uploads\/2021\/07\/meydan-logo.svg","contentUrl":"https:\/\/www.meydan.tv\/wp-content\/uploads\/2021\/07\/meydan-logo.svg","width":195,"height":46,"caption":"Meydan TV"},"image":{"@id":"https:\/\/www.meydan.tv\/az\/#\/schema\/logo\/image\/"}},{"@type":"Person","@id":"https:\/\/www.meydan.tv\/az\/#\/schema\/person\/9cdbecf90d17180ce1dfbd95b08dcf47","name":"elli","sameAs":["https:\/\/x.com\/elli"]}]}},"_links":{"self":[{"href":"https:\/\/www.meydan.tv\/az\/wp-json\/wp\/v2\/posts\/268206","targetHints":{"allow":["GET"]}}],"collection":[{"href":"https:\/\/www.meydan.tv\/az\/wp-json\/wp\/v2\/posts"}],"about":[{"href":"https:\/\/www.meydan.tv\/az\/wp-json\/wp\/v2\/types\/post"}],"author":[{"embeddable":true,"href":"https:\/\/www.meydan.tv\/az\/wp-json\/wp\/v2\/users\/8"}],"replies":[{"embeddable":true,"href":"https:\/\/www.meydan.tv\/az\/wp-json\/wp\/v2\/comments?post=268206"}],"version-history":[{"count":1,"href":"https:\/\/www.meydan.tv\/az\/wp-json\/wp\/v2\/posts\/268206\/revisions"}],"predecessor-version":[{"id":268207,"href":"https:\/\/www.meydan.tv\/az\/wp-json\/wp\/v2\/posts\/268206\/revisions\/268207"}],"wp:featuredmedia":[{"embeddable":true,"href":"https:\/\/www.meydan.tv\/az\/wp-json\/wp\/v2\/media\/253944"}],"wp:attachment":[{"href":"https:\/\/www.meydan.tv\/az\/wp-json\/wp\/v2\/media?parent=268206"}],"wp:term":[{"taxonomy":"category","embeddable":true,"href":"https:\/\/www.meydan.tv\/az\/wp-json\/wp\/v2\/categories?post=268206"},{"taxonomy":"post_tag","embeddable":true,"href":"https:\/\/www.meydan.tv\/az\/wp-json\/wp\/v2\/tags?post=268206"}],"curies":[{"name":"wp","href":"https:\/\/api.w.org\/{rel}","templated":true}]}}