{"id":267891,"date":"2023-02-09T00:40:57","date_gmt":"2023-02-08T20:40:57","guid":{"rendered":"https:\/\/www.meydan.tv\/?p=267891"},"modified":"2023-02-09T00:40:59","modified_gmt":"2023-02-08T20:40:59","slug":"turkiyede-axtaris-xilasetme-isleri-davam-edir-siyasi-gerginlik-yukselir","status":"publish","type":"post","link":"https:\/\/www.meydan.tv\/az\/article\/turkiyede-axtaris-xilasetme-isleri-davam-edir-siyasi-gerginlik-yukselir\/","title":{"rendered":"T\u00fcrkiy\u0259d\u0259 axtar\u0131\u015f-xilasetm\u0259 i\u015fl\u0259ri davam edir, siyasi g\u0259rginlik y\u00fcks\u0259lir"},"content":{"rendered":"\n<figure class=\"wp-block-embed is-type-video is-provider-youtube wp-block-embed-youtube wp-embed-aspect-16-9 wp-has-aspect-ratio\"><div class=\"wp-block-embed__wrapper\">\n<iframe title=\"T\u00fcrkiy\u0259d\u0259 axtar\u0131\u015f-xilasetm\u0259 i\u015fl\u0259ri davam edir, siyasi g\u0259rginlik y\u00fcks\u0259lir\" width=\"1200\" height=\"675\" data-src=\"https:\/\/www.youtube.com\/embed\/GWqGVjoBHwU?feature=oembed\" frameborder=\"0\" allow=\"accelerometer; autoplay; clipboard-write; encrypted-media; gyroscope; picture-in-picture; web-share\" allowfullscreen src=\"data:image\/svg+xml;base64,PHN2ZyB3aWR0aD0iMSIgaGVpZ2h0PSIxIiB4bWxucz0iaHR0cDovL3d3dy53My5vcmcvMjAwMC9zdmciPjwvc3ZnPg==\" class=\"lazyload\" data-load-mode=\"1\"><\/iframe>\n<\/div><\/figure>\n\n\n\n<p>T\u00fcrkiy\u0259d\u0259 z\u0259lz\u0259l\u0259d\u0259n sonra axtar\u0131\u015f-xilasetm\u0259 t\u0259dbirl\u0259ri davam ed\u0259rk\u0259n siyasi g\u0259rginlik d\u0259 y\u00fcks\u0259lir. \u00d6lk\u0259 prezidenti Erdo\u011fan z\u0259lz\u0259l\u0259 b\u00f6lg\u0259l\u0259rini ziyar\u0259ti \u0259snas\u0131nda \u00f6l\u00fc say\u0131n\u0131n 9057, yaral\u0131 say\u0131n\u0131n 52 min 979 oldu\u011funu a\u00e7\u0131qlay\u0131b. O, \u201cbel\u0259 bir f\u0259lak\u0259t\u0259 haz\u0131rl\u0131ql\u0131 olmaq m\u00fcmk\u00fcn deyildi\u201d &#8211; deyib.<\/p>\n\n\n\n<p>Z\u0259lz\u0259l\u0259 b\u00f6lg\u0259l\u0259rind\u0259 insanlar yard\u0131mlar v\u0259 axtar\u0131\u015flar bar\u0259d\u0259 naraz\u0131l\u0131qlar edir, sosial \u015f\u0259b\u0259k\u0259l\u0259rd\u0259 h\u00f6kum\u0259t \u0259leyhin\u0259 t\u0259nqidl\u0259r art\u0131r. Bel\u0259 bir m\u0259qamda T\u00fcrkiy\u0259d\u0259 Tvitter\u0259 giri\u015fin m\u0259hdudla\u015fd\u0131r\u0131ld\u0131\u011f\u0131 bildirilir. Sosial \u015f\u0259b\u0259k\u0259l\u0259rd\u0259 t\u0259nqidi yaz\u0131lar yazanlar\u0131n polis\u0259 \u00e7a\u011f\u0131r\u0131ld\u0131\u011f\u0131,&nbsp; yaz\u0131lar\u0131n sildirildiyi deyilir.&nbsp;<\/p>\n\n\n\n<p>Erdo\u011fan\u0131n v\u0259t\u0259nda\u015fla bu dialoqu da g\u00fcnd\u0259m olub, etirazla qar\u015f\u0131lan\u0131b.&nbsp;<\/p>\n\n\n\n<p>\u00d6lk\u0259nin \u0259sas m\u00fcxalif\u0259t partiyas\u0131 olan CXP-nin s\u0259dri Kamal Q\u0131l\u0131ncdaro\u011flu da h\u00f6kum\u0259t\u0259 m\u00fcraci\u0259t edib, yard\u0131mlar \u00fc\u00e7\u00fcn b\u00fcr\u00f6kratik \u0259ng\u0259ll\u0259ri aradan qald\u0131rma\u011fa \u00e7a\u011f\u0131r\u0131b.<\/p>\n","protected":false},"excerpt":{"rendered":"<p>T\u00fcrkiy\u0259d\u0259 z\u0259lz\u0259l\u0259d\u0259n sonra axtar\u0131\u015f-xilasetm\u0259 t\u0259dbirl\u0259ri davam ed\u0259rk\u0259n siyasi g\u0259rginlik d\u0259 &#8230; <\/p>\n<p class=\"read-more-container\"><a title=\"T\u00fcrkiy\u0259d\u0259 axtar\u0131\u015f-xilasetm\u0259 i\u015fl\u0259ri davam edir, siyasi g\u0259rginlik y\u00fcks\u0259lir\" class=\"read-more button\" href=\"https:\/\/www.meydan.tv\/az\/article\/turkiyede-axtaris-xilasetme-isleri-davam-edir-siyasi-gerginlik-yukselir\/#more-267891\" aria-label=\"Read more about T\u00fcrkiy\u0259d\u0259 axtar\u0131\u015f-xilasetm\u0259 i\u015fl\u0259ri davam edir, siyasi g\u0259rginlik y\u00fcks\u0259lir\">Davam\u0131<\/a><\/p>\n","protected":false},"author":18,"featured_media":267690,"comment_status":"closed","ping_status":"closed","sticky":false,"template":"","format":"standard","meta":{"_acf_changed":false,"_sitemap_exclude":false,"_sitemap_priority":"","_sitemap_frequency":"","footnotes":""},"categories":[63],"tags":[],"class_list":["post-267891","post","type-post","status-publish","format-standard","has-post-thumbnail","hentry","category-video-2","infinite-scroll-item","generate-columns","tablet-grid-50","mobile-grid-100","grid-parent","grid-33","no-featured-image-padding"],"acf":[],"yoast_head":"<!-- This site is optimized with the Yoast SEO plugin v27.5 - https:\/\/yoast.com\/product\/yoast-seo-wordpress\/ -->\n<title>T\u00fcrkiy\u0259d\u0259 axtar\u0131\u015f-xilasetm\u0259 i\u015fl\u0259ri davam edir, siyasi g\u0259rginlik y\u00fcks\u0259lir - MEYDAN.TV<\/title>\n<meta name=\"robots\" content=\"index, follow, max-snippet:-1, max-image-preview:large, max-video-preview:-1\" \/>\n<link rel=\"canonical\" href=\"https:\/\/www.meydan.tv\/az\/article\/turkiyede-axtaris-xilasetme-isleri-davam-edir-siyasi-gerginlik-yukselir\/\" \/>\n<meta property=\"og:locale\" content=\"az_AZ\" \/>\n<meta property=\"og:type\" content=\"article\" \/>\n<meta property=\"og:title\" content=\"T\u00fcrkiy\u0259d\u0259 axtar\u0131\u015f-xilasetm\u0259 i\u015fl\u0259ri davam edir, siyasi g\u0259rginlik y\u00fcks\u0259lir - MEYDAN.TV\" \/>\n<meta property=\"og:description\" content=\"T\u00fcrkiy\u0259d\u0259 z\u0259lz\u0259l\u0259d\u0259n sonra axtar\u0131\u015f-xilasetm\u0259 t\u0259dbirl\u0259ri davam ed\u0259rk\u0259n siyasi g\u0259rginlik d\u0259 ... Davam\u0131\" \/>\n<meta property=\"og:url\" content=\"https:\/\/www.meydan.tv\/az\/article\/turkiyede-axtaris-xilasetme-isleri-davam-edir-siyasi-gerginlik-yukselir\/\" \/>\n<meta property=\"og:site_name\" content=\"MEYDAN.TV\" \/>\n<meta property=\"article:published_time\" content=\"2023-02-08T20:40:57+00:00\" \/>\n<meta property=\"article:modified_time\" content=\"2023-02-08T20:40:59+00:00\" \/>\n<meta property=\"og:image\" content=\"https:\/\/www.meydan.tv\/wp-content\/uploads\/telegram-cloud-document-4-5983048335643119420_720.png\" \/>\n\t<meta property=\"og:image:width\" content=\"1200\" \/>\n\t<meta property=\"og:image:height\" content=\"737\" \/>\n\t<meta property=\"og:image:type\" content=\"image\/png\" \/>\n<meta name=\"author\" content=\"miron\" \/>\n<meta name=\"twitter:card\" content=\"summary_large_image\" \/>\n<script type=\"application\/ld+json\" class=\"yoast-schema-graph\">{\"@context\":\"https:\\\/\\\/schema.org\",\"@graph\":[{\"@type\":\"Article\",\"@id\":\"https:\\\/\\\/www.meydan.tv\\\/az\\\/article\\\/turkiyede-axtaris-xilasetme-isleri-davam-edir-siyasi-gerginlik-yukselir\\\/#article\",\"isPartOf\":{\"@id\":\"https:\\\/\\\/www.meydan.tv\\\/az\\\/article\\\/turkiyede-axtaris-xilasetme-isleri-davam-edir-siyasi-gerginlik-yukselir\\\/\"},\"author\":{\"name\":\"miron\",\"@id\":\"https:\\\/\\\/www.meydan.tv\\\/az\\\/#\\\/schema\\\/person\\\/981b0b284aeaa9ad0cbf814cd4a9d67c\"},\"headline\":\"T\u00fcrkiy\u0259d\u0259 axtar\u0131\u015f-xilasetm\u0259 i\u015fl\u0259ri davam edir, siyasi g\u0259rginlik y\u00fcks\u0259lir\",\"datePublished\":\"2023-02-08T20:40:57+00:00\",\"dateModified\":\"2023-02-08T20:40:59+00:00\",\"mainEntityOfPage\":{\"@id\":\"https:\\\/\\\/www.meydan.tv\\\/az\\\/article\\\/turkiyede-axtaris-xilasetme-isleri-davam-edir-siyasi-gerginlik-yukselir\\\/\"},\"wordCount\":227,\"publisher\":{\"@id\":\"https:\\\/\\\/www.meydan.tv\\\/az\\\/#organization\"},\"image\":{\"@id\":\"https:\\\/\\\/www.meydan.tv\\\/az\\\/article\\\/turkiyede-axtaris-xilasetme-isleri-davam-edir-siyasi-gerginlik-yukselir\\\/#primaryimage\"},\"thumbnailUrl\":\"https:\\\/\\\/www.meydan.tv\\\/wp-content\\\/uploads\\\/telegram-cloud-document-4-5983048335643119420_720.png\",\"articleSection\":[\"Video\"],\"inLanguage\":\"az\"},{\"@type\":\"WebPage\",\"@id\":\"https:\\\/\\\/www.meydan.tv\\\/az\\\/article\\\/turkiyede-axtaris-xilasetme-isleri-davam-edir-siyasi-gerginlik-yukselir\\\/\",\"url\":\"https:\\\/\\\/www.meydan.tv\\\/az\\\/article\\\/turkiyede-axtaris-xilasetme-isleri-davam-edir-siyasi-gerginlik-yukselir\\\/\",\"name\":\"T\u00fcrkiy\u0259d\u0259 axtar\u0131\u015f-xilasetm\u0259 i\u015fl\u0259ri davam edir, siyasi g\u0259rginlik y\u00fcks\u0259lir - MEYDAN.TV\",\"isPartOf\":{\"@id\":\"https:\\\/\\\/www.meydan.tv\\\/az\\\/#website\"},\"primaryImageOfPage\":{\"@id\":\"https:\\\/\\\/www.meydan.tv\\\/az\\\/article\\\/turkiyede-axtaris-xilasetme-isleri-davam-edir-siyasi-gerginlik-yukselir\\\/#primaryimage\"},\"image\":{\"@id\":\"https:\\\/\\\/www.meydan.tv\\\/az\\\/article\\\/turkiyede-axtaris-xilasetme-isleri-davam-edir-siyasi-gerginlik-yukselir\\\/#primaryimage\"},\"thumbnailUrl\":\"https:\\\/\\\/www.meydan.tv\\\/wp-content\\\/uploads\\\/telegram-cloud-document-4-5983048335643119420_720.png\",\"datePublished\":\"2023-02-08T20:40:57+00:00\",\"dateModified\":\"2023-02-08T20:40:59+00:00\",\"breadcrumb\":{\"@id\":\"https:\\\/\\\/www.meydan.tv\\\/az\\\/article\\\/turkiyede-axtaris-xilasetme-isleri-davam-edir-siyasi-gerginlik-yukselir\\\/#breadcrumb\"},\"inLanguage\":\"az\",\"potentialAction\":[{\"@type\":\"ReadAction\",\"target\":[\"https:\\\/\\\/www.meydan.tv\\\/az\\\/article\\\/turkiyede-axtaris-xilasetme-isleri-davam-edir-siyasi-gerginlik-yukselir\\\/\"]}]},{\"@type\":\"ImageObject\",\"inLanguage\":\"az\",\"@id\":\"https:\\\/\\\/www.meydan.tv\\\/az\\\/article\\\/turkiyede-axtaris-xilasetme-isleri-davam-edir-siyasi-gerginlik-yukselir\\\/#primaryimage\",\"url\":\"https:\\\/\\\/www.meydan.tv\\\/wp-content\\\/uploads\\\/telegram-cloud-document-4-5983048335643119420_720.png\",\"contentUrl\":\"https:\\\/\\\/www.meydan.tv\\\/wp-content\\\/uploads\\\/telegram-cloud-document-4-5983048335643119420_720.png\",\"width\":1200,\"height\":737,\"caption\":\"M\u0259nb\u0259: Meydan.tv\"},{\"@type\":\"BreadcrumbList\",\"@id\":\"https:\\\/\\\/www.meydan.tv\\\/az\\\/article\\\/turkiyede-axtaris-xilasetme-isleri-davam-edir-siyasi-gerginlik-yukselir\\\/#breadcrumb\",\"itemListElement\":[{\"@type\":\"ListItem\",\"position\":1,\"name\":\"Ana s\u0259hif\u0259\",\"item\":\"https:\\\/\\\/www.meydan.tv\\\/az\\\/\"},{\"@type\":\"ListItem\",\"position\":2,\"name\":\"Video\",\"item\":\"https:\\\/\\\/www.meydan.tv\\\/az\\\/section\\\/video-2\\\/\"},{\"@type\":\"ListItem\",\"position\":3,\"name\":\"T\u00fcrkiy\u0259d\u0259 axtar\u0131\u015f-xilasetm\u0259 i\u015fl\u0259ri davam edir, siyasi g\u0259rginlik y\u00fcks\u0259lir\"}]},{\"@type\":\"WebSite\",\"@id\":\"https:\\\/\\\/www.meydan.tv\\\/az\\\/#website\",\"url\":\"https:\\\/\\\/www.meydan.tv\\\/az\\\/\",\"name\":\"MEYDAN.TV\",\"description\":\"Meydan TV Az\u0259rbaycan\u0131n media m\u0259kan\u0131ndak\u0131 alternativ s\u0259sidir\",\"publisher\":{\"@id\":\"https:\\\/\\\/www.meydan.tv\\\/az\\\/#organization\"},\"potentialAction\":[{\"@type\":\"SearchAction\",\"target\":{\"@type\":\"EntryPoint\",\"urlTemplate\":\"https:\\\/\\\/www.meydan.tv\\\/az\\\/?s={search_term_string}\"},\"query-input\":{\"@type\":\"PropertyValueSpecification\",\"valueRequired\":true,\"valueName\":\"search_term_string\"}}],\"inLanguage\":\"az\"},{\"@type\":\"Organization\",\"@id\":\"https:\\\/\\\/www.meydan.tv\\\/az\\\/#organization\",\"name\":\"Meydan TV\",\"url\":\"https:\\\/\\\/www.meydan.tv\\\/az\\\/\",\"logo\":{\"@type\":\"ImageObject\",\"inLanguage\":\"az\",\"@id\":\"https:\\\/\\\/www.meydan.tv\\\/az\\\/#\\\/schema\\\/logo\\\/image\\\/\",\"url\":\"https:\\\/\\\/www.meydan.tv\\\/wp-content\\\/uploads\\\/2021\\\/07\\\/meydan-logo.svg\",\"contentUrl\":\"https:\\\/\\\/www.meydan.tv\\\/wp-content\\\/uploads\\\/2021\\\/07\\\/meydan-logo.svg\",\"width\":195,\"height\":46,\"caption\":\"Meydan TV\"},\"image\":{\"@id\":\"https:\\\/\\\/www.meydan.tv\\\/az\\\/#\\\/schema\\\/logo\\\/image\\\/\"}},{\"@type\":\"Person\",\"@id\":\"https:\\\/\\\/www.meydan.tv\\\/az\\\/#\\\/schema\\\/person\\\/981b0b284aeaa9ad0cbf814cd4a9d67c\",\"name\":\"miron\"}]}<\/script>\n<!-- \/ Yoast SEO plugin. -->","yoast_head_json":{"title":"T\u00fcrkiy\u0259d\u0259 axtar\u0131\u015f-xilasetm\u0259 i\u015fl\u0259ri davam edir, siyasi g\u0259rginlik y\u00fcks\u0259lir - MEYDAN.TV","robots":{"index":"index","follow":"follow","max-snippet":"max-snippet:-1","max-image-preview":"max-image-preview:large","max-video-preview":"max-video-preview:-1"},"canonical":"https:\/\/www.meydan.tv\/az\/article\/turkiyede-axtaris-xilasetme-isleri-davam-edir-siyasi-gerginlik-yukselir\/","og_locale":"az_AZ","og_type":"article","og_title":"T\u00fcrkiy\u0259d\u0259 axtar\u0131\u015f-xilasetm\u0259 i\u015fl\u0259ri davam edir, siyasi g\u0259rginlik y\u00fcks\u0259lir - MEYDAN.TV","og_description":"T\u00fcrkiy\u0259d\u0259 z\u0259lz\u0259l\u0259d\u0259n sonra axtar\u0131\u015f-xilasetm\u0259 t\u0259dbirl\u0259ri davam ed\u0259rk\u0259n siyasi g\u0259rginlik d\u0259 ... Davam\u0131","og_url":"https:\/\/www.meydan.tv\/az\/article\/turkiyede-axtaris-xilasetme-isleri-davam-edir-siyasi-gerginlik-yukselir\/","og_site_name":"MEYDAN.TV","article_published_time":"2023-02-08T20:40:57+00:00","article_modified_time":"2023-02-08T20:40:59+00:00","og_image":[{"width":1200,"height":737,"url":"https:\/\/www.meydan.tv\/wp-content\/uploads\/telegram-cloud-document-4-5983048335643119420_720.png","type":"image\/png"}],"author":"miron","twitter_card":"summary_large_image","schema":{"@context":"https:\/\/schema.org","@graph":[{"@type":"Article","@id":"https:\/\/www.meydan.tv\/az\/article\/turkiyede-axtaris-xilasetme-isleri-davam-edir-siyasi-gerginlik-yukselir\/#article","isPartOf":{"@id":"https:\/\/www.meydan.tv\/az\/article\/turkiyede-axtaris-xilasetme-isleri-davam-edir-siyasi-gerginlik-yukselir\/"},"author":{"name":"miron","@id":"https:\/\/www.meydan.tv\/az\/#\/schema\/person\/981b0b284aeaa9ad0cbf814cd4a9d67c"},"headline":"T\u00fcrkiy\u0259d\u0259 axtar\u0131\u015f-xilasetm\u0259 i\u015fl\u0259ri davam edir, siyasi g\u0259rginlik y\u00fcks\u0259lir","datePublished":"2023-02-08T20:40:57+00:00","dateModified":"2023-02-08T20:40:59+00:00","mainEntityOfPage":{"@id":"https:\/\/www.meydan.tv\/az\/article\/turkiyede-axtaris-xilasetme-isleri-davam-edir-siyasi-gerginlik-yukselir\/"},"wordCount":227,"publisher":{"@id":"https:\/\/www.meydan.tv\/az\/#organization"},"image":{"@id":"https:\/\/www.meydan.tv\/az\/article\/turkiyede-axtaris-xilasetme-isleri-davam-edir-siyasi-gerginlik-yukselir\/#primaryimage"},"thumbnailUrl":"https:\/\/www.meydan.tv\/wp-content\/uploads\/telegram-cloud-document-4-5983048335643119420_720.png","articleSection":["Video"],"inLanguage":"az"},{"@type":"WebPage","@id":"https:\/\/www.meydan.tv\/az\/article\/turkiyede-axtaris-xilasetme-isleri-davam-edir-siyasi-gerginlik-yukselir\/","url":"https:\/\/www.meydan.tv\/az\/article\/turkiyede-axtaris-xilasetme-isleri-davam-edir-siyasi-gerginlik-yukselir\/","name":"T\u00fcrkiy\u0259d\u0259 axtar\u0131\u015f-xilasetm\u0259 i\u015fl\u0259ri davam edir, siyasi g\u0259rginlik y\u00fcks\u0259lir - MEYDAN.TV","isPartOf":{"@id":"https:\/\/www.meydan.tv\/az\/#website"},"primaryImageOfPage":{"@id":"https:\/\/www.meydan.tv\/az\/article\/turkiyede-axtaris-xilasetme-isleri-davam-edir-siyasi-gerginlik-yukselir\/#primaryimage"},"image":{"@id":"https:\/\/www.meydan.tv\/az\/article\/turkiyede-axtaris-xilasetme-isleri-davam-edir-siyasi-gerginlik-yukselir\/#primaryimage"},"thumbnailUrl":"https:\/\/www.meydan.tv\/wp-content\/uploads\/telegram-cloud-document-4-5983048335643119420_720.png","datePublished":"2023-02-08T20:40:57+00:00","dateModified":"2023-02-08T20:40:59+00:00","breadcrumb":{"@id":"https:\/\/www.meydan.tv\/az\/article\/turkiyede-axtaris-xilasetme-isleri-davam-edir-siyasi-gerginlik-yukselir\/#breadcrumb"},"inLanguage":"az","potentialAction":[{"@type":"ReadAction","target":["https:\/\/www.meydan.tv\/az\/article\/turkiyede-axtaris-xilasetme-isleri-davam-edir-siyasi-gerginlik-yukselir\/"]}]},{"@type":"ImageObject","inLanguage":"az","@id":"https:\/\/www.meydan.tv\/az\/article\/turkiyede-axtaris-xilasetme-isleri-davam-edir-siyasi-gerginlik-yukselir\/#primaryimage","url":"https:\/\/www.meydan.tv\/wp-content\/uploads\/telegram-cloud-document-4-5983048335643119420_720.png","contentUrl":"https:\/\/www.meydan.tv\/wp-content\/uploads\/telegram-cloud-document-4-5983048335643119420_720.png","width":1200,"height":737,"caption":"M\u0259nb\u0259: Meydan.tv"},{"@type":"BreadcrumbList","@id":"https:\/\/www.meydan.tv\/az\/article\/turkiyede-axtaris-xilasetme-isleri-davam-edir-siyasi-gerginlik-yukselir\/#breadcrumb","itemListElement":[{"@type":"ListItem","position":1,"name":"Ana s\u0259hif\u0259","item":"https:\/\/www.meydan.tv\/az\/"},{"@type":"ListItem","position":2,"name":"Video","item":"https:\/\/www.meydan.tv\/az\/section\/video-2\/"},{"@type":"ListItem","position":3,"name":"T\u00fcrkiy\u0259d\u0259 axtar\u0131\u015f-xilasetm\u0259 i\u015fl\u0259ri davam edir, siyasi g\u0259rginlik y\u00fcks\u0259lir"}]},{"@type":"WebSite","@id":"https:\/\/www.meydan.tv\/az\/#website","url":"https:\/\/www.meydan.tv\/az\/","name":"MEYDAN.TV","description":"Meydan TV Az\u0259rbaycan\u0131n media m\u0259kan\u0131ndak\u0131 alternativ s\u0259sidir","publisher":{"@id":"https:\/\/www.meydan.tv\/az\/#organization"},"potentialAction":[{"@type":"SearchAction","target":{"@type":"EntryPoint","urlTemplate":"https:\/\/www.meydan.tv\/az\/?s={search_term_string}"},"query-input":{"@type":"PropertyValueSpecification","valueRequired":true,"valueName":"search_term_string"}}],"inLanguage":"az"},{"@type":"Organization","@id":"https:\/\/www.meydan.tv\/az\/#organization","name":"Meydan TV","url":"https:\/\/www.meydan.tv\/az\/","logo":{"@type":"ImageObject","inLanguage":"az","@id":"https:\/\/www.meydan.tv\/az\/#\/schema\/logo\/image\/","url":"https:\/\/www.meydan.tv\/wp-content\/uploads\/2021\/07\/meydan-logo.svg","contentUrl":"https:\/\/www.meydan.tv\/wp-content\/uploads\/2021\/07\/meydan-logo.svg","width":195,"height":46,"caption":"Meydan TV"},"image":{"@id":"https:\/\/www.meydan.tv\/az\/#\/schema\/logo\/image\/"}},{"@type":"Person","@id":"https:\/\/www.meydan.tv\/az\/#\/schema\/person\/981b0b284aeaa9ad0cbf814cd4a9d67c","name":"miron"}]}},"_links":{"self":[{"href":"https:\/\/www.meydan.tv\/az\/wp-json\/wp\/v2\/posts\/267891","targetHints":{"allow":["GET"]}}],"collection":[{"href":"https:\/\/www.meydan.tv\/az\/wp-json\/wp\/v2\/posts"}],"about":[{"href":"https:\/\/www.meydan.tv\/az\/wp-json\/wp\/v2\/types\/post"}],"author":[{"embeddable":true,"href":"https:\/\/www.meydan.tv\/az\/wp-json\/wp\/v2\/users\/18"}],"replies":[{"embeddable":true,"href":"https:\/\/www.meydan.tv\/az\/wp-json\/wp\/v2\/comments?post=267891"}],"version-history":[{"count":1,"href":"https:\/\/www.meydan.tv\/az\/wp-json\/wp\/v2\/posts\/267891\/revisions"}],"predecessor-version":[{"id":267892,"href":"https:\/\/www.meydan.tv\/az\/wp-json\/wp\/v2\/posts\/267891\/revisions\/267892"}],"wp:featuredmedia":[{"embeddable":true,"href":"https:\/\/www.meydan.tv\/az\/wp-json\/wp\/v2\/media\/267690"}],"wp:attachment":[{"href":"https:\/\/www.meydan.tv\/az\/wp-json\/wp\/v2\/media?parent=267891"}],"wp:term":[{"taxonomy":"category","embeddable":true,"href":"https:\/\/www.meydan.tv\/az\/wp-json\/wp\/v2\/categories?post=267891"},{"taxonomy":"post_tag","embeddable":true,"href":"https:\/\/www.meydan.tv\/az\/wp-json\/wp\/v2\/tags?post=267891"}],"curies":[{"name":"wp","href":"https:\/\/api.w.org\/{rel}","templated":true}]}}