{"id":267849,"date":"2023-02-08T17:15:38","date_gmt":"2023-02-08T13:15:38","guid":{"rendered":"https:\/\/www.meydan.tv\/?p=267849"},"modified":"2023-02-08T17:15:41","modified_gmt":"2023-02-08T13:15:41","slug":"avropa-ittifaqi-tbilisinin-baki-ve-yerevan-arasindaki-vasiteciliyini-destekleyir","status":"publish","type":"post","link":"https:\/\/www.meydan.tv\/az\/article\/avropa-ittifaqi-tbilisinin-baki-ve-yerevan-arasindaki-vasiteciliyini-destekleyir\/","title":{"rendered":"<strong>Avropa \u0130ttifaq\u0131 Tbilisinin Bak\u0131 v\u0259 Yerevan aras\u0131ndak\u0131 vasit\u0259\u00e7iliyini d\u0259st\u0259kl\u0259yir<\/strong>"},"content":{"rendered":"\n<p><\/p>\n\n\n\n<p><em>&#8220;C\u0259nubi Qafqaz\u0131n \u00fc\u00e7 \u00f6lk\u0259sinin birlikd\u0259 i\u015fl\u0259m\u0259si v\u0259 s\u00fclh\u0259 t\u00f6hf\u0259 verm\u0259si \u00e7ox vacibdir&#8221;<\/em><\/p>\n\n\n\n<p>&#8220;Avropa \u0130ttifaq\u0131 Tbilisinin Bak\u0131 v\u0259 Yerevan aras\u0131nda dan\u0131\u015f\u0131qlarda k\u00f6rp\u00fc rolunu \u00f6z \u00fcz\u0259rin\u0259 g\u00f6t\u00fcrm\u0259k ist\u0259yini d\u0259st\u0259kl\u0259yir&#8221;.<\/p>\n\n\n\n<p>Bu a\u00e7\u0131qlaman\u0131 fevral\u0131n 8-d\u0259 Avropa \u0130ttifaq\u0131n\u0131n C\u0259nubi Qafqaz \u00fczr\u0259 x\u00fcsusi n\u00fcmay\u0259nd\u0259si Toivo Klaar G\u00fcrc\u00fcstan\u0131n Birinci Kanal\u0131na m\u00fcsahib\u0259sind\u0259 <a href=\"https:\/\/www.aysor.am\/ru\/news\/2023\/02\/08\/%D0%BF%D0%B5%D1%80%D0%B5%D0%B3%D0%BE%D0%B2%D0%BE%D1%80\/2057518\" target=\"_blank\" rel=\"noreferrer noopener\">s\u0259sl\u0259ndirib<\/a>.<\/p>\n\n\n\n<p>&#8220;C\u0259nubi Qafqaz\u0131n \u00fc\u00e7 \u00f6lk\u0259sinin birlikd\u0259 i\u015fl\u0259m\u0259si v\u0259 s\u00fclh\u0259 t\u00f6hf\u0259 verm\u0259si \u00e7ox vacibdir. Burada G\u00fcrc\u00fcstan\u0131n Erm\u0259nistanla Az\u0259rbaycan aras\u0131nda k\u00f6rp\u00fc rolu \u00e7ox g\u0259r\u0259klidir&#8221;, &#8211; dey\u0259 Klaar bildirib.<\/p>\n\n\n\n<p>Onun s\u00f6zl\u0259rin\u0259 g\u00f6r\u0259, bununla ba\u011fl\u0131 art\u0131q at\u0131lan add\u0131mlar G\u00fcrc\u00fcstan\u0131n Ba\u015f naziri il\u0259 m\u00fczakir\u0259 olunub.<\/p>\n\n\n\n<p>Diplomat deyib ki, G\u00fcrc\u00fcstan co\u011frafi bax\u0131mdan \u00e7ox \u0259lveri\u015flidir, siz qon\u015fu \u00f6lk\u0259l\u0259rd\u0259n bura tez v\u0259 asanl\u0131qla g\u0259l\u0259 bil\u0259rsiniz: &#8220;N\u0259hay\u0259t, m\u0259ntiqlidir ki, eyni m\u0259kanda, C\u0259nubi Qafqazda yerl\u0259\u015f\u0259n \u00fc\u00e7 \u00f6lk\u0259 \u0259m\u0259kda\u015fl\u0131q sah\u0259l\u0259ri tapma\u011fa \u00e7al\u0131\u015fmal\u0131d\u0131r\u201d.<\/p>\n\n\n\n<p>2022-ci ilin iyulun 16-da G\u00fcrc\u00fcstanda Az\u0259rbaycan v\u0259 Erm\u0259nistan xarici i\u015fl\u0259r nazirl\u0259rinin ilk d\u0259f\u0259 vasit\u0259\u00e7isiz g\u00f6r\u00fc\u015f\u00fc ke\u00e7irilib.<\/p>\n\n\n\n<p>H\u0259min vaxt G\u00fcrc\u00fcstan\u0131n xarici i\u015fl\u0259r naziri \u0130lya Dar\u00e7ia\u015fvili \u00f6z\u00fcn\u00fcn &#8220;Twitter&#8221; s\u0259hif\u0259sind\u0259 bildirmi\u015fdi ki, Tbilisi Az\u0259rbaycan\u0131n xarici i\u015fl\u0259r naziri Ceyhun Bayramovla Erm\u0259nistan\u0131n xarici i\u015fl\u0259r naziri Ararat Mirzoyan aras\u0131nda g\u00f6r\u00fc\u015f yerin\u0259 \u00e7evrilib.<\/p>\n\n\n\n<p>O hesab edirdi ki, Tbilisinin t\u0259\u015f\u0259bb\u00fcs\u00fc il\u0259 ba\u015f tutan bu g\u00f6r\u00fc\u015f regionda s\u00fclh v\u0259 sabitliyin yarad\u0131lmas\u0131 istiqam\u0259tind\u0259 n\u0259tic\u0259sini ver\u0259c\u0259k.<\/p>\n\n\n\n<p>Az\u0259rbaycan X\u0130N g\u00f6r\u00fc\u015fd\u0259n sonra yayd\u0131\u011f\u0131 a\u00e7\u0131qlamada h\u0259r iki t\u0259r\u0259fin g\u00f6t\u00fcrd\u00fckl\u0259ri \u00f6hd\u0259likl\u0259rin icras\u0131n\u0131 m\u00fczakir\u0259 etdiyi vur\u011fulan\u0131rd\u0131.<\/p>\n\n\n\n<p>&#8220;Nazir Ceyhun Bayramov qeyd edib ki, b\u00fct\u00fcn s\u0259yl\u0259r iki d\u00f6vl\u0259t aras\u0131nda silahl\u0131 m\u00fcnaqi\u015f\u0259nin h\u0259llind\u0259n sonra yaranm\u0131\u015f post-m\u00fcnaqi\u015f\u0259 reall\u0131qlar\u0131 \u0259sas\u0131nda Az\u0259rbaycan v\u0259 Erm\u0259nistan aras\u0131nda d\u00f6vl\u0259tl\u0259raras\u0131 m\u00fcnasib\u0259tl\u0259rin t\u0259nziml\u0259nm\u0259sind\u0259 ir\u0259lil\u0259yi\u015f \u0259ld\u0259 olunmas\u0131na y\u00f6n\u0259ldilm\u0259lidir. Bu kontekstd\u0259 Az\u0259rbaycan, Erm\u0259nistan v\u0259 Rusiya liderl\u0259ri t\u0259r\u0259find\u0259n imzalanm\u0131\u015f \u00dc\u00e7t\u0259r\u0259fli B\u0259yanatlar\u0131n b\u00fct\u00fcn m\u00fcdd\u0259alar\u0131n\u0131n icras\u0131n\u0131n, x\u00fcsusil\u0259 Erm\u0259nistan silahl\u0131 q\u00fcvv\u0259l\u0259rinin Az\u0259rbaycan \u0259razisind\u0259n \u00e7\u0131xar\u0131lmas\u0131n\u0131n z\u0259ruriliyi vur\u011fulan\u0131b. Humanitar m\u0259s\u0259l\u0259l\u0259r\u0259 toxunan nazir Ceyhun Bayramov 4000-\u0259 yax\u0131n itkin d\u00fc\u015fm\u00fc\u015f az\u0259rbaycanl\u0131n\u0131n taleyin\u0259 ayd\u0131nl\u0131q g\u0259tirilm\u0259sinin vacibliyini diqq\u0259t\u0259 \u00e7atd\u0131r\u0131b&#8221;, &#8211; dey\u0259&nbsp; Az\u0259rbaycan X\u0130N m\u0259tbuat xidm\u0259tinin a\u00e7\u0131qlamas\u0131nda qeyd olunur.<\/p>\n\n\n\n<p>Erm\u0259nistan X\u0130N bildirirdi ki, g\u00f6r\u00fc\u015f zaman\u0131 Ararat Mirzoyan v\u0259 Ceyhun Bayramov Erm\u0259nistan v\u0259 Az\u0259rbaycan aras\u0131nda m\u00fcnasib\u0259tl\u0259rin t\u0259nziml\u0259nm\u0259si il\u0259 ba\u011fl\u0131 geni\u015f spektrli m\u0259s\u0259l\u0259l\u0259r\u0259 toxunublar.<\/p>\n\n\n\n<p>&#8220;Mirzoyan Da\u011fl\u0131q Qaraba\u011f m\u00fcnaqi\u015f\u0259sinin siyasi h\u0259llinin regionda sabit v\u0259 davaml\u0131 s\u00fclh\u00fcn \u0259ld\u0259 edilm\u0259si yolunda m\u00fch\u00fcm \u0259h\u0259miyy\u0259t k\u0259sb etdiyi bar\u0259d\u0259 erm\u0259ni t\u0259r\u0259finin m\u00f6vqeyini bir daha s\u0259sl\u0259ndirib. Qeyd olunur ki, Mirzoyan bu kontekstd\u0259 AT\u018fT-in Minsk qrupu h\u0259ms\u0259drliyinin t\u0259cr\u00fcb\u0259sind\u0259n istifad\u0259nin vacibliyi bildirib&#8221;.<\/p>\n","protected":false},"excerpt":{"rendered":"<p>&#8220;C\u0259nubi Qafqaz\u0131n \u00fc\u00e7 \u00f6lk\u0259sinin birlikd\u0259 i\u015fl\u0259m\u0259si v\u0259 s\u00fclh\u0259 t\u00f6hf\u0259 verm\u0259si &#8230; <\/p>\n<p class=\"read-more-container\"><a title=\"Avropa \u0130ttifaq\u0131 Tbilisinin Bak\u0131 v\u0259 Yerevan aras\u0131ndak\u0131 vasit\u0259\u00e7iliyini d\u0259st\u0259kl\u0259yir\" class=\"read-more button\" href=\"https:\/\/www.meydan.tv\/az\/article\/avropa-ittifaqi-tbilisinin-baki-ve-yerevan-arasindaki-vasiteciliyini-destekleyir\/#more-267849\" aria-label=\"Read more about Avropa \u0130ttifaq\u0131 Tbilisinin Bak\u0131 v\u0259 Yerevan aras\u0131ndak\u0131 vasit\u0259\u00e7iliyini d\u0259st\u0259kl\u0259yir\">Davam\u0131<\/a><\/p>\n","protected":false},"author":8,"featured_media":257283,"comment_status":"closed","ping_status":"closed","sticky":false,"template":"","format":"standard","meta":{"_acf_changed":false,"_sitemap_exclude":false,"_sitemap_priority":"","_sitemap_frequency":"","footnotes":""},"categories":[59,56],"tags":[],"class_list":["post-267849","post","type-post","status-publish","format-standard","has-post-thumbnail","hentry","category-siyaset","category-xeberler","infinite-scroll-item","generate-columns","tablet-grid-50","mobile-grid-100","grid-parent","grid-33","no-featured-image-padding"],"acf":[],"yoast_head":"<!-- This site is optimized with the Yoast SEO plugin v27.4 - https:\/\/yoast.com\/product\/yoast-seo-wordpress\/ -->\n<title>Avropa \u0130ttifaq\u0131 Tbilisinin Bak\u0131 v\u0259 Yerevan aras\u0131ndak\u0131 vasit\u0259\u00e7iliyini d\u0259st\u0259kl\u0259yir - MEYDAN.TV<\/title>\n<meta name=\"robots\" content=\"index, follow, max-snippet:-1, max-image-preview:large, max-video-preview:-1\" \/>\n<link rel=\"canonical\" href=\"https:\/\/www.meydan.tv\/az\/article\/avropa-ittifaqi-tbilisinin-baki-ve-yerevan-arasindaki-vasiteciliyini-destekleyir\/\" \/>\n<meta property=\"og:locale\" content=\"az_AZ\" \/>\n<meta property=\"og:type\" content=\"article\" \/>\n<meta property=\"og:title\" content=\"Avropa \u0130ttifaq\u0131 Tbilisinin Bak\u0131 v\u0259 Yerevan aras\u0131ndak\u0131 vasit\u0259\u00e7iliyini d\u0259st\u0259kl\u0259yir - MEYDAN.TV\" \/>\n<meta property=\"og:description\" content=\"&#8220;C\u0259nubi Qafqaz\u0131n \u00fc\u00e7 \u00f6lk\u0259sinin birlikd\u0259 i\u015fl\u0259m\u0259si v\u0259 s\u00fclh\u0259 t\u00f6hf\u0259 verm\u0259si ... Davam\u0131\" \/>\n<meta property=\"og:url\" content=\"https:\/\/www.meydan.tv\/az\/article\/avropa-ittifaqi-tbilisinin-baki-ve-yerevan-arasindaki-vasiteciliyini-destekleyir\/\" \/>\n<meta property=\"og:site_name\" content=\"MEYDAN.TV\" \/>\n<meta property=\"article:published_time\" content=\"2023-02-08T13:15:38+00:00\" \/>\n<meta property=\"article:modified_time\" content=\"2023-02-08T13:15:41+00:00\" \/>\n<meta property=\"og:image\" content=\"https:\/\/www.meydan.tv\/wp-content\/uploads\/62d0ea6da3f6562d0ea6da3f66165785866962d0ea6da3f6262d0ea6da3f63-e1675862131506.jpg\" \/>\n\t<meta property=\"og:image:width\" content=\"1200\" \/>\n\t<meta property=\"og:image:height\" content=\"666\" \/>\n\t<meta property=\"og:image:type\" content=\"image\/jpeg\" \/>\n<meta name=\"author\" content=\"elli\" \/>\n<meta name=\"twitter:card\" content=\"summary_large_image\" \/>\n<meta name=\"twitter:creator\" content=\"@elli\" \/>\n<script type=\"application\/ld+json\" class=\"yoast-schema-graph\">{\"@context\":\"https:\\\/\\\/schema.org\",\"@graph\":[{\"@type\":\"Article\",\"@id\":\"https:\\\/\\\/www.meydan.tv\\\/az\\\/article\\\/avropa-ittifaqi-tbilisinin-baki-ve-yerevan-arasindaki-vasiteciliyini-destekleyir\\\/#article\",\"isPartOf\":{\"@id\":\"https:\\\/\\\/www.meydan.tv\\\/az\\\/article\\\/avropa-ittifaqi-tbilisinin-baki-ve-yerevan-arasindaki-vasiteciliyini-destekleyir\\\/\"},\"author\":{\"name\":\"elli\",\"@id\":\"https:\\\/\\\/www.meydan.tv\\\/az\\\/#\\\/schema\\\/person\\\/9cdbecf90d17180ce1dfbd95b08dcf47\"},\"headline\":\"Avropa \u0130ttifaq\u0131 Tbilisinin Bak\u0131 v\u0259 Yerevan aras\u0131ndak\u0131 vasit\u0259\u00e7iliyini d\u0259st\u0259kl\u0259yir\",\"datePublished\":\"2023-02-08T13:15:38+00:00\",\"dateModified\":\"2023-02-08T13:15:41+00:00\",\"mainEntityOfPage\":{\"@id\":\"https:\\\/\\\/www.meydan.tv\\\/az\\\/article\\\/avropa-ittifaqi-tbilisinin-baki-ve-yerevan-arasindaki-vasiteciliyini-destekleyir\\\/\"},\"wordCount\":634,\"publisher\":{\"@id\":\"https:\\\/\\\/www.meydan.tv\\\/az\\\/#organization\"},\"image\":{\"@id\":\"https:\\\/\\\/www.meydan.tv\\\/az\\\/article\\\/avropa-ittifaqi-tbilisinin-baki-ve-yerevan-arasindaki-vasiteciliyini-destekleyir\\\/#primaryimage\"},\"thumbnailUrl\":\"https:\\\/\\\/www.meydan.tv\\\/wp-content\\\/uploads\\\/62d0ea6da3f6562d0ea6da3f66165785866962d0ea6da3f6262d0ea6da3f63-e1675862131506.jpg\",\"articleSection\":[\"Siyas\u0259t\",\"X\u0259b\u0259rl\u0259r\"],\"inLanguage\":\"az\"},{\"@type\":\"WebPage\",\"@id\":\"https:\\\/\\\/www.meydan.tv\\\/az\\\/article\\\/avropa-ittifaqi-tbilisinin-baki-ve-yerevan-arasindaki-vasiteciliyini-destekleyir\\\/\",\"url\":\"https:\\\/\\\/www.meydan.tv\\\/az\\\/article\\\/avropa-ittifaqi-tbilisinin-baki-ve-yerevan-arasindaki-vasiteciliyini-destekleyir\\\/\",\"name\":\"Avropa \u0130ttifaq\u0131 Tbilisinin Bak\u0131 v\u0259 Yerevan aras\u0131ndak\u0131 vasit\u0259\u00e7iliyini d\u0259st\u0259kl\u0259yir - MEYDAN.TV\",\"isPartOf\":{\"@id\":\"https:\\\/\\\/www.meydan.tv\\\/az\\\/#website\"},\"primaryImageOfPage\":{\"@id\":\"https:\\\/\\\/www.meydan.tv\\\/az\\\/article\\\/avropa-ittifaqi-tbilisinin-baki-ve-yerevan-arasindaki-vasiteciliyini-destekleyir\\\/#primaryimage\"},\"image\":{\"@id\":\"https:\\\/\\\/www.meydan.tv\\\/az\\\/article\\\/avropa-ittifaqi-tbilisinin-baki-ve-yerevan-arasindaki-vasiteciliyini-destekleyir\\\/#primaryimage\"},\"thumbnailUrl\":\"https:\\\/\\\/www.meydan.tv\\\/wp-content\\\/uploads\\\/62d0ea6da3f6562d0ea6da3f66165785866962d0ea6da3f6262d0ea6da3f63-e1675862131506.jpg\",\"datePublished\":\"2023-02-08T13:15:38+00:00\",\"dateModified\":\"2023-02-08T13:15:41+00:00\",\"breadcrumb\":{\"@id\":\"https:\\\/\\\/www.meydan.tv\\\/az\\\/article\\\/avropa-ittifaqi-tbilisinin-baki-ve-yerevan-arasindaki-vasiteciliyini-destekleyir\\\/#breadcrumb\"},\"inLanguage\":\"az\",\"potentialAction\":[{\"@type\":\"ReadAction\",\"target\":[\"https:\\\/\\\/www.meydan.tv\\\/az\\\/article\\\/avropa-ittifaqi-tbilisinin-baki-ve-yerevan-arasindaki-vasiteciliyini-destekleyir\\\/\"]}]},{\"@type\":\"ImageObject\",\"inLanguage\":\"az\",\"@id\":\"https:\\\/\\\/www.meydan.tv\\\/az\\\/article\\\/avropa-ittifaqi-tbilisinin-baki-ve-yerevan-arasindaki-vasiteciliyini-destekleyir\\\/#primaryimage\",\"url\":\"https:\\\/\\\/www.meydan.tv\\\/wp-content\\\/uploads\\\/62d0ea6da3f6562d0ea6da3f66165785866962d0ea6da3f6262d0ea6da3f63-e1675862131506.jpg\",\"contentUrl\":\"https:\\\/\\\/www.meydan.tv\\\/wp-content\\\/uploads\\\/62d0ea6da3f6562d0ea6da3f66165785866962d0ea6da3f6262d0ea6da3f63-e1675862131506.jpg\",\"width\":1200,\"height\":666,\"caption\":\"Toivo Klaar. Foto: APA\"},{\"@type\":\"BreadcrumbList\",\"@id\":\"https:\\\/\\\/www.meydan.tv\\\/az\\\/article\\\/avropa-ittifaqi-tbilisinin-baki-ve-yerevan-arasindaki-vasiteciliyini-destekleyir\\\/#breadcrumb\",\"itemListElement\":[{\"@type\":\"ListItem\",\"position\":1,\"name\":\"Ana s\u0259hif\u0259\",\"item\":\"https:\\\/\\\/www.meydan.tv\\\/az\\\/\"},{\"@type\":\"ListItem\",\"position\":2,\"name\":\"Siyas\u0259t\",\"item\":\"https:\\\/\\\/www.meydan.tv\\\/az\\\/section\\\/siyaset\\\/\"},{\"@type\":\"ListItem\",\"position\":3,\"name\":\"Avropa \u0130ttifaq\u0131 Tbilisinin Bak\u0131 v\u0259 Yerevan aras\u0131ndak\u0131 vasit\u0259\u00e7iliyini d\u0259st\u0259kl\u0259yir\"}]},{\"@type\":\"WebSite\",\"@id\":\"https:\\\/\\\/www.meydan.tv\\\/az\\\/#website\",\"url\":\"https:\\\/\\\/www.meydan.tv\\\/az\\\/\",\"name\":\"MEYDAN.TV\",\"description\":\"Meydan TV Az\u0259rbaycan\u0131n media m\u0259kan\u0131ndak\u0131 alternativ s\u0259sidir\",\"publisher\":{\"@id\":\"https:\\\/\\\/www.meydan.tv\\\/az\\\/#organization\"},\"potentialAction\":[{\"@type\":\"SearchAction\",\"target\":{\"@type\":\"EntryPoint\",\"urlTemplate\":\"https:\\\/\\\/www.meydan.tv\\\/az\\\/?s={search_term_string}\"},\"query-input\":{\"@type\":\"PropertyValueSpecification\",\"valueRequired\":true,\"valueName\":\"search_term_string\"}}],\"inLanguage\":\"az\"},{\"@type\":\"Organization\",\"@id\":\"https:\\\/\\\/www.meydan.tv\\\/az\\\/#organization\",\"name\":\"Meydan TV\",\"url\":\"https:\\\/\\\/www.meydan.tv\\\/az\\\/\",\"logo\":{\"@type\":\"ImageObject\",\"inLanguage\":\"az\",\"@id\":\"https:\\\/\\\/www.meydan.tv\\\/az\\\/#\\\/schema\\\/logo\\\/image\\\/\",\"url\":\"https:\\\/\\\/www.meydan.tv\\\/wp-content\\\/uploads\\\/2021\\\/07\\\/meydan-logo.svg\",\"contentUrl\":\"https:\\\/\\\/www.meydan.tv\\\/wp-content\\\/uploads\\\/2021\\\/07\\\/meydan-logo.svg\",\"width\":195,\"height\":46,\"caption\":\"Meydan TV\"},\"image\":{\"@id\":\"https:\\\/\\\/www.meydan.tv\\\/az\\\/#\\\/schema\\\/logo\\\/image\\\/\"}},{\"@type\":\"Person\",\"@id\":\"https:\\\/\\\/www.meydan.tv\\\/az\\\/#\\\/schema\\\/person\\\/9cdbecf90d17180ce1dfbd95b08dcf47\",\"name\":\"elli\",\"sameAs\":[\"https:\\\/\\\/x.com\\\/elli\"]}]}<\/script>\n<!-- \/ Yoast SEO plugin. -->","yoast_head_json":{"title":"Avropa \u0130ttifaq\u0131 Tbilisinin Bak\u0131 v\u0259 Yerevan aras\u0131ndak\u0131 vasit\u0259\u00e7iliyini d\u0259st\u0259kl\u0259yir - MEYDAN.TV","robots":{"index":"index","follow":"follow","max-snippet":"max-snippet:-1","max-image-preview":"max-image-preview:large","max-video-preview":"max-video-preview:-1"},"canonical":"https:\/\/www.meydan.tv\/az\/article\/avropa-ittifaqi-tbilisinin-baki-ve-yerevan-arasindaki-vasiteciliyini-destekleyir\/","og_locale":"az_AZ","og_type":"article","og_title":"Avropa \u0130ttifaq\u0131 Tbilisinin Bak\u0131 v\u0259 Yerevan aras\u0131ndak\u0131 vasit\u0259\u00e7iliyini d\u0259st\u0259kl\u0259yir - MEYDAN.TV","og_description":"&#8220;C\u0259nubi Qafqaz\u0131n \u00fc\u00e7 \u00f6lk\u0259sinin birlikd\u0259 i\u015fl\u0259m\u0259si v\u0259 s\u00fclh\u0259 t\u00f6hf\u0259 verm\u0259si ... Davam\u0131","og_url":"https:\/\/www.meydan.tv\/az\/article\/avropa-ittifaqi-tbilisinin-baki-ve-yerevan-arasindaki-vasiteciliyini-destekleyir\/","og_site_name":"MEYDAN.TV","article_published_time":"2023-02-08T13:15:38+00:00","article_modified_time":"2023-02-08T13:15:41+00:00","og_image":[{"width":1200,"height":666,"url":"https:\/\/www.meydan.tv\/wp-content\/uploads\/62d0ea6da3f6562d0ea6da3f66165785866962d0ea6da3f6262d0ea6da3f63-e1675862131506.jpg","type":"image\/jpeg"}],"author":"elli","twitter_card":"summary_large_image","twitter_creator":"@elli","schema":{"@context":"https:\/\/schema.org","@graph":[{"@type":"Article","@id":"https:\/\/www.meydan.tv\/az\/article\/avropa-ittifaqi-tbilisinin-baki-ve-yerevan-arasindaki-vasiteciliyini-destekleyir\/#article","isPartOf":{"@id":"https:\/\/www.meydan.tv\/az\/article\/avropa-ittifaqi-tbilisinin-baki-ve-yerevan-arasindaki-vasiteciliyini-destekleyir\/"},"author":{"name":"elli","@id":"https:\/\/www.meydan.tv\/az\/#\/schema\/person\/9cdbecf90d17180ce1dfbd95b08dcf47"},"headline":"Avropa \u0130ttifaq\u0131 Tbilisinin Bak\u0131 v\u0259 Yerevan aras\u0131ndak\u0131 vasit\u0259\u00e7iliyini d\u0259st\u0259kl\u0259yir","datePublished":"2023-02-08T13:15:38+00:00","dateModified":"2023-02-08T13:15:41+00:00","mainEntityOfPage":{"@id":"https:\/\/www.meydan.tv\/az\/article\/avropa-ittifaqi-tbilisinin-baki-ve-yerevan-arasindaki-vasiteciliyini-destekleyir\/"},"wordCount":634,"publisher":{"@id":"https:\/\/www.meydan.tv\/az\/#organization"},"image":{"@id":"https:\/\/www.meydan.tv\/az\/article\/avropa-ittifaqi-tbilisinin-baki-ve-yerevan-arasindaki-vasiteciliyini-destekleyir\/#primaryimage"},"thumbnailUrl":"https:\/\/www.meydan.tv\/wp-content\/uploads\/62d0ea6da3f6562d0ea6da3f66165785866962d0ea6da3f6262d0ea6da3f63-e1675862131506.jpg","articleSection":["Siyas\u0259t","X\u0259b\u0259rl\u0259r"],"inLanguage":"az"},{"@type":"WebPage","@id":"https:\/\/www.meydan.tv\/az\/article\/avropa-ittifaqi-tbilisinin-baki-ve-yerevan-arasindaki-vasiteciliyini-destekleyir\/","url":"https:\/\/www.meydan.tv\/az\/article\/avropa-ittifaqi-tbilisinin-baki-ve-yerevan-arasindaki-vasiteciliyini-destekleyir\/","name":"Avropa \u0130ttifaq\u0131 Tbilisinin Bak\u0131 v\u0259 Yerevan aras\u0131ndak\u0131 vasit\u0259\u00e7iliyini d\u0259st\u0259kl\u0259yir - MEYDAN.TV","isPartOf":{"@id":"https:\/\/www.meydan.tv\/az\/#website"},"primaryImageOfPage":{"@id":"https:\/\/www.meydan.tv\/az\/article\/avropa-ittifaqi-tbilisinin-baki-ve-yerevan-arasindaki-vasiteciliyini-destekleyir\/#primaryimage"},"image":{"@id":"https:\/\/www.meydan.tv\/az\/article\/avropa-ittifaqi-tbilisinin-baki-ve-yerevan-arasindaki-vasiteciliyini-destekleyir\/#primaryimage"},"thumbnailUrl":"https:\/\/www.meydan.tv\/wp-content\/uploads\/62d0ea6da3f6562d0ea6da3f66165785866962d0ea6da3f6262d0ea6da3f63-e1675862131506.jpg","datePublished":"2023-02-08T13:15:38+00:00","dateModified":"2023-02-08T13:15:41+00:00","breadcrumb":{"@id":"https:\/\/www.meydan.tv\/az\/article\/avropa-ittifaqi-tbilisinin-baki-ve-yerevan-arasindaki-vasiteciliyini-destekleyir\/#breadcrumb"},"inLanguage":"az","potentialAction":[{"@type":"ReadAction","target":["https:\/\/www.meydan.tv\/az\/article\/avropa-ittifaqi-tbilisinin-baki-ve-yerevan-arasindaki-vasiteciliyini-destekleyir\/"]}]},{"@type":"ImageObject","inLanguage":"az","@id":"https:\/\/www.meydan.tv\/az\/article\/avropa-ittifaqi-tbilisinin-baki-ve-yerevan-arasindaki-vasiteciliyini-destekleyir\/#primaryimage","url":"https:\/\/www.meydan.tv\/wp-content\/uploads\/62d0ea6da3f6562d0ea6da3f66165785866962d0ea6da3f6262d0ea6da3f63-e1675862131506.jpg","contentUrl":"https:\/\/www.meydan.tv\/wp-content\/uploads\/62d0ea6da3f6562d0ea6da3f66165785866962d0ea6da3f6262d0ea6da3f63-e1675862131506.jpg","width":1200,"height":666,"caption":"Toivo Klaar. Foto: APA"},{"@type":"BreadcrumbList","@id":"https:\/\/www.meydan.tv\/az\/article\/avropa-ittifaqi-tbilisinin-baki-ve-yerevan-arasindaki-vasiteciliyini-destekleyir\/#breadcrumb","itemListElement":[{"@type":"ListItem","position":1,"name":"Ana s\u0259hif\u0259","item":"https:\/\/www.meydan.tv\/az\/"},{"@type":"ListItem","position":2,"name":"Siyas\u0259t","item":"https:\/\/www.meydan.tv\/az\/section\/siyaset\/"},{"@type":"ListItem","position":3,"name":"Avropa \u0130ttifaq\u0131 Tbilisinin Bak\u0131 v\u0259 Yerevan aras\u0131ndak\u0131 vasit\u0259\u00e7iliyini d\u0259st\u0259kl\u0259yir"}]},{"@type":"WebSite","@id":"https:\/\/www.meydan.tv\/az\/#website","url":"https:\/\/www.meydan.tv\/az\/","name":"MEYDAN.TV","description":"Meydan TV Az\u0259rbaycan\u0131n media m\u0259kan\u0131ndak\u0131 alternativ s\u0259sidir","publisher":{"@id":"https:\/\/www.meydan.tv\/az\/#organization"},"potentialAction":[{"@type":"SearchAction","target":{"@type":"EntryPoint","urlTemplate":"https:\/\/www.meydan.tv\/az\/?s={search_term_string}"},"query-input":{"@type":"PropertyValueSpecification","valueRequired":true,"valueName":"search_term_string"}}],"inLanguage":"az"},{"@type":"Organization","@id":"https:\/\/www.meydan.tv\/az\/#organization","name":"Meydan TV","url":"https:\/\/www.meydan.tv\/az\/","logo":{"@type":"ImageObject","inLanguage":"az","@id":"https:\/\/www.meydan.tv\/az\/#\/schema\/logo\/image\/","url":"https:\/\/www.meydan.tv\/wp-content\/uploads\/2021\/07\/meydan-logo.svg","contentUrl":"https:\/\/www.meydan.tv\/wp-content\/uploads\/2021\/07\/meydan-logo.svg","width":195,"height":46,"caption":"Meydan TV"},"image":{"@id":"https:\/\/www.meydan.tv\/az\/#\/schema\/logo\/image\/"}},{"@type":"Person","@id":"https:\/\/www.meydan.tv\/az\/#\/schema\/person\/9cdbecf90d17180ce1dfbd95b08dcf47","name":"elli","sameAs":["https:\/\/x.com\/elli"]}]}},"_links":{"self":[{"href":"https:\/\/www.meydan.tv\/az\/wp-json\/wp\/v2\/posts\/267849","targetHints":{"allow":["GET"]}}],"collection":[{"href":"https:\/\/www.meydan.tv\/az\/wp-json\/wp\/v2\/posts"}],"about":[{"href":"https:\/\/www.meydan.tv\/az\/wp-json\/wp\/v2\/types\/post"}],"author":[{"embeddable":true,"href":"https:\/\/www.meydan.tv\/az\/wp-json\/wp\/v2\/users\/8"}],"replies":[{"embeddable":true,"href":"https:\/\/www.meydan.tv\/az\/wp-json\/wp\/v2\/comments?post=267849"}],"version-history":[{"count":1,"href":"https:\/\/www.meydan.tv\/az\/wp-json\/wp\/v2\/posts\/267849\/revisions"}],"predecessor-version":[{"id":267852,"href":"https:\/\/www.meydan.tv\/az\/wp-json\/wp\/v2\/posts\/267849\/revisions\/267852"}],"wp:featuredmedia":[{"embeddable":true,"href":"https:\/\/www.meydan.tv\/az\/wp-json\/wp\/v2\/media\/257283"}],"wp:attachment":[{"href":"https:\/\/www.meydan.tv\/az\/wp-json\/wp\/v2\/media?parent=267849"}],"wp:term":[{"taxonomy":"category","embeddable":true,"href":"https:\/\/www.meydan.tv\/az\/wp-json\/wp\/v2\/categories?post=267849"},{"taxonomy":"post_tag","embeddable":true,"href":"https:\/\/www.meydan.tv\/az\/wp-json\/wp\/v2\/tags?post=267849"}],"curies":[{"name":"wp","href":"https:\/\/api.w.org\/{rel}","templated":true}]}}