{"id":267754,"date":"2023-02-07T19:24:06","date_gmt":"2023-02-07T15:24:06","guid":{"rendered":"https:\/\/www.meydan.tv\/?p=267754"},"modified":"2023-02-07T19:24:08","modified_gmt":"2023-02-07T15:24:08","slug":"azerbaycanin-berpaolunan-enerji-sevdasi-perspektivler-ve-riskler","status":"publish","type":"post","link":"https:\/\/www.meydan.tv\/az\/article\/azerbaycanin-berpaolunan-enerji-sevdasi-perspektivler-ve-riskler\/","title":{"rendered":"<strong>Az\u0259rbaycan\u0131n b\u0259rpaolunan enerji sevdas\u0131: perspektivl\u0259r v\u0259 riskl\u0259r<\/strong>"},"content":{"rendered":"\n<p><em>Natiq C\u0259f\u0259rli: \u201cH\u00f6kum\u0259t atd\u0131\u011f\u0131 add\u0131m\u0131n t\u0259hl\u00fck\u0259li t\u0259r\u0259fl\u0259ri haqq\u0131nda d\u00fc\u015f\u00fcnm\u00fcr\u201d<\/em><\/p>\n\n\n\n<p>Az\u0259rbaycan S\u0259udiyy\u0259 \u018fr\u0259bistan\u0131 Krall\u0131\u011f\u0131n\u0131n \u201cACWA Power\u201d v\u0259 Birl\u0259\u015fmi\u015f \u018fr\u0259b \u018fmirlikl\u0259rinin \u201cMasdar\u201d \u015firk\u0259tl\u0259ri il\u0259 b\u0259rpaolunan enerji \u00fczr\u0259 pilot layih\u0259l\u0259rin realla\u015fd\u0131r\u0131lmas\u0131 \u00fc\u00e7\u00fcn m\u00fcqavil\u0259 <a href=\"https:\/\/nk.gov.az\/az\/article\/651\/\">imzalay\u0131b<\/a>.<\/p>\n\n\n\n<p>Ba\u015f nazir \u018fli \u018fs\u0259dovun fikrinc\u0259, Az\u0259rbaycanda enerji t\u0259hl\u00fck\u0259sizliyi tam t\u0259min edilib.<\/p>\n\n\n\n<p>Onun fikrinc\u0259, Az\u0259rbaycan iqtisadiyyat\u0131n\u0131n inki\u015faf\u0131, qeyri\u2013neft sektorunun y\u00fcks\u0259li\u015fi \u00f6lk\u0259ni yeni \u00e7a\u011f\u0131r\u0131\u015flarla \u00fczl\u0259\u015fdirir:<\/p>\n\n\n\n<p>\u201cSon ill\u0259rd\u0259 apar\u0131lm\u0131\u015f islahatlar\u0131n bir hiss\u0259si b\u0259rpaolunan enerji istehsal\u0131 il\u0259 ba\u011fl\u0131d\u0131r. Bu sah\u0259d\u0259 bir s\u0131ra t\u0259\u015f\u0259bb\u00fcsl\u0259r u\u011furla realla\u015fd\u0131r\u0131l\u0131b v\u0259 b\u0259rpaolunan energetika sah\u0259si son d\u00f6vrl\u0259rd\u0259 ya\u015f\u0131l iqtisadiyyat\u0131n inki\u015faf\u0131nda \u00f6n\u0259mli yer al\u0131b. Xarici \u015firk\u0259tl\u0259rl\u0259 yeni layih\u0259l\u0259rin imzalanmas\u0131 bu sar\u0131dan at\u0131lan ciddi add\u0131md\u0131r. M\u00fcqavil\u0259l\u0259r Az\u0259rbaycana s\u0259rmay\u0259 yat\u0131r\u0131lmas\u0131n\u0131 n\u0259z\u0259rd\u0259 tutur. Bu da iqtisadiyyata m\u00fcsb\u0259t t\u0259sir ed\u0259c\u0259k, yeni i\u015f yerl\u0259ri a\u00e7\u0131lacaq\u201d.<\/p>\n\n\n\n<p>Ba\u015f nazir h\u0259m\u00e7inin bildirib ki, bu layih\u0259l\u0259r Az\u0259rbaycan\u0131n enerji dayan\u0131\u011fl\u0131\u011f\u0131n\u0131 t\u0259min ed\u0259c\u0259k.<\/p>\n\n\n\n<p>\u0130qtisad\u00e7\u0131 R\u00f6v\u015f\u0259n A\u011fayev <a href=\"https:\/\/www.facebook.com\/rovshan.agayev.90\/posts\/pfbid026e56XuMZrj8UePNTkcRifXRUnMm6fkG8c9op44Ew3hjsV9Gu5LExsZfr2qLYaqe8l\">deyir<\/a> ki, \u201cACWA Power\u201d \u015firk\u0259ti il\u0259 \u0259ld\u0259 olunan raz\u0131la\u015fmalara g\u00f6r\u0259, \u015firk\u0259t d\u0259nizd\u0259 v\u0259 quruda \u00fcmumi g\u00fcc\u00fc 2,5 QVt olan k\u00fcl\u0259k elektrik stansiyalar\u0131 quracaq. Bu, haz\u0131rda Az\u0259rbaycan\u0131n malik oldu\u011fu \u00fcmumi g\u00fcc\u00fcn t\u0259xmin\u0259n \u00fc\u00e7d\u0259 birin\u0259 b\u0259rab\u0259rdir.<\/p>\n\n\n\n<p>\u0130qtisad\u00e7\u0131 deyir ki, Az\u0259rbaycan h\u00f6kum\u0259ti alternativ enerji m\u0259nb\u0259l\u0259ri hesablna elektrik enerjisi istehsal\u0131n\u0131 art\u0131rmaqla yax\u0131n 10 ild\u0259 d\u00fcnya bazar\u0131nda b\u00f6y\u00fck h\u0259cm\u0259 sahib ixracat\u00e7\u0131ya \u00e7evrilm\u0259yi d\u00fc\u015f\u00fcn\u00fcr:<\/p>\n\n\n\n<p>\u201c2022-ci ilin n\u0259tic\u0259l\u0259rin\u0259 g\u00f6r\u0259, Az\u0259rbaycan 1.7 mlrd. kvsaat h\u0259cmind\u0259 v\u0259 121,6 mln. dollar d\u0259y\u0259rind\u0259 elektrik enerjisi ixrac edib. Bu bazar \u00e7ox m\u00fcr\u0259kk\u0259b v\u0259 d\u0259yi\u015fk\u0259n bazard\u0131r. \u018fvv\u0259la, ona g\u00f6r\u0259 ki t\u0259bii ehtiyatlardan f\u0259rqli olaraq alternativ enerji potensial\u0131na daha \u00e7ox \u00f6lk\u0259 sahibdir v\u0259 bu bazarda s\u0259rt r\u0259qab\u0259tin m\u00f6vcudlu\u011funa geni\u015f meydan verir. M\u0259s\u0259l\u0259n, t\u0259bii s\u0259rv\u0259t\u0259 malik olmayan \u00f6lk\u0259 alternativ enerji hesab\u0131na \u00f6z\u00fcn\u00fcn enerji as\u0131l\u0131l\u0131\u011f\u0131n\u0131 azaltmaq f\u00fcrs\u0259ti qazan\u0131r. Almaniya bunun bariz n\u00fcmun\u0259sidir\u201d.<\/p>\n\n\n\n<figure class=\"gb-block-image gb-block-image-1cd99e74\"><img decoding=\"async\" width=\"764\" height=\"480\" class=\"gb-image gb-image-1cd99e74 lazyload\" data-src=\"https:\/\/www.meydan.tv\/wp-content\/uploads\/rovsen.jpg\" alt=\"R\u00f6v\u015f\u0259n A\u011fayev\" title=\"rovsen.jpg\" src=\"data:image\/svg+xml;base64,PHN2ZyB3aWR0aD0iMSIgaGVpZ2h0PSIxIiB4bWxucz0iaHR0cDovL3d3dy53My5vcmcvMjAwMC9zdmciPjwvc3ZnPg==\" style=\"--smush-placeholder-width: 764px; --smush-placeholder-aspect-ratio: 764\/480;\" \/><\/figure>\n\n\n\n<p><\/p>\n\n\n\n<p>R\u00f6v\u015f\u0259n A\u011fayev bildirir ki, dig\u0259r t\u0259r\u0259fd\u0259n, yeni texnologiyalar\u0131n s\u00fcr\u0259tli inki\u015faf\u0131 alternativ enerjinin h\u0259cmin h\u0259dd\u0259n art\u0131q s\u00fcr\u0259tl\u0259 geni\u015fl\u0259ndirm\u0259kl\u0259 yana\u015f\u0131 d\u0259y\u0259rini d\u0259 a\u015fa\u011f\u0131 sal\u0131r. Bu bazar\u0131n g\u0259l\u0259c\u0259yini geni\u015f v\u0259 ciddi iqtisadi v\u0259 elmi \u0259saslara s\u00f6yk\u0259n\u0259n ara\u015fd\u0131rmalar olmadan proqnozla\u015f\u0131d\u0131rmaq \u00e7ox \u00e7\u0259tindir v\u0259 Az\u0259rbaycan h\u00f6kum\u0259tinin yeni elektrik enerjisi g\u00fccl\u0259ri yaratmaq hesab\u0131na \u00f6lk\u0259nin ixrac kanallar\u0131n\u0131 geni\u015fl\u0259ndirm\u0259sinin \u00f6lk\u0259nin valyuta qazanclar\u0131na n\u0259 d\u0259r\u0259c\u0259d\u0259 t\u00f6hf\u0259 ver\u0259c\u0259yini zaman g\u00f6st\u0259r\u0259c\u0259k:<\/p>\n\n\n\n<p>\u201cHaz\u0131rk\u0131 d\u00f6vr \u00fc\u00e7\u00fcn maraql\u0131 olan b\u0259zi m\u0259lumatlar\u0131 payla\u015fmaq ist\u0259yir\u0259m. 2021-ci ilin yekunlar\u0131na g\u00f6r\u0259, d\u00fcnya \u00fczr\u0259 2.6 trln. kvsaat h\u0259cmind\u0259 v\u0259 147 mlrd. dollar d\u0259y\u0259rind\u0259 elektrik enerjisi ixrac olunub. 1 kvsaat elektrik enerjisinin orta ixrac d\u0259y\u0259ri 6 sent\u0259 yax\u0131n olub. Amma bu qiym\u0259t ayr\u0131-ayr\u0131 \u00f6lk\u0259l\u0259r \u00fczr\u0259 \u00e7ox f\u0259rqli olub. M\u0259s\u0259l\u0259n, 1 kvsaat elektrik enerjisinin ixrac qiym\u0259ti Bel\u00e7ikada 12 sent\u0259, Fransada 10 sent\u0259, B\u00f6y\u00fck Britaniyada 13 sent\u0259, Kanadada 5 sent\u0259, M\u0259rake\u015fd\u0259 7 sent\u0259 yax\u0131n olub\u201d.<\/p>\n\n\n\n<p>\u0130qtisad\u00e7\u0131 deyir ki, \u00f6lk\u0259l\u0259rin elektrik enerjisi ixrac\u0131ndan g\u0259lirl\u0259ri d\u0259 f\u0259rqlidir. M\u0259s\u0259l\u0259n, Fransa 7 mlrd. dollardan art\u0131q, Estoniya is\u0259 600 mln. dollara yax\u0131n ixrac g\u0259liri \u0259ld\u0259 edib.<\/p>\n\n\n\n<p>Ba\u015fqa bir iqtsiad\u00e7\u0131 Natiq C\u0259f\u0259rli is\u0259 d\u00fc\u015f\u00fcn\u00fcr ki, h\u00f6kum\u0259t atd\u0131\u011f\u0131 add\u0131m\u0131n t\u0259hl\u00fck\u0259li t\u0259r\u0259fl\u0259ri haqq\u0131nda d\u00fc\u015f\u00fcnm\u00fcr, bu haqda dan\u0131\u015fm\u0131r:<\/p>\n\n\n\n<p>\u201cBununla bel\u0259, beyn\u0259lxalq g\u00fcc m\u0259rk\u0259zl\u0259rinin g\u00fcnd\u0259liyini h\u0259yata ke\u00e7irm\u0259y\u0259 \u00e7al\u0131\u015f\u0131r. T\u0259hl\u00fck\u0259 is\u0259 ondan ibar\u0259tdir ki, \u0259g\u0259r pararlel olaraq m\u0259ml\u0259k\u0259td\u0259 bu sah\u0259d\u0259 ciddi m\u00fct\u0259x\u0259ssisl\u0259r yaranmasa v\u0259 detallar\u0131n istehsal\u0131, proqram t\u0259minat\u0131 il\u0259 ba\u011fl\u0131 yerli m\u00fc\u0259ssis\u0259l\u0259r olmasa, bir m\u00fcdd\u0259td\u0259n sonra bu sah\u0259d\u0259 d\u0259 xaricd\u0259n ciddi as\u0131l\u0131l\u0131\u011f\u0131m\u0131z yaranacaq\u201d.<\/p>\n\n\n\n<figure class=\"gb-block-image gb-block-image-9fc287f8\"><img decoding=\"async\" width=\"2560\" height=\"1707\" class=\"gb-image gb-image-9fc287f8 lazyload\" data-src=\"https:\/\/www.meydan.tv\/wp-content\/uploads\/natiq_jafarli_2-scaled.jpg\" alt=\"\u0130qtisad\u00e7\u0131 Natiq C\u0259f\u0259rli\" title=\"Natiq Jafarli (2).jpg\" src=\"data:image\/svg+xml;base64,PHN2ZyB3aWR0aD0iMSIgaGVpZ2h0PSIxIiB4bWxucz0iaHR0cDovL3d3dy53My5vcmcvMjAwMC9zdmciPjwvc3ZnPg==\" style=\"--smush-placeholder-width: 2560px; --smush-placeholder-aspect-ratio: 2560\/1707;\" \/><\/figure>\n\n\n\n<p><\/p>\n\n\n\n<p>\u0130qtisad\u00e7\u0131n\u0131n deyir ki, bu sah\u0259d\u0259 istehsal texnologiyalar\u0131, proqram t\u0259minat\u0131, detallar\u0131n istehsal\u0131nda lider \u00f6lk\u0259l\u0259r var.\u00a0 Onlar\u0131n da mara\u011f\u0131ndad\u0131r ki, inki\u015faf etm\u0259kd\u0259 olan \u00f6lk\u0259l\u0259ri \u201cb\u0259rpaolunan enerji iyn\u0259sin\u0259\u201d otuzdursunlar:<\/p>\n\n\n\n<p>\u201cEnerji bizim \u0259razid\u0259 istehsal olunub xaric\u0259 valyuta il\u0259 sat\u0131lsa da, sonradan h\u0259min valyutan\u0131n b\u00f6y\u00fck bir hiss\u0259si xarici m\u00fct\u0259x\u0259ssisl\u0259r\u0259 maa\u015f kimi, avadanl\u0131q istehsal\u00e7\u0131lar\u0131na v\u0259 proqram t\u0259minat\u00e7\u0131lar\u0131na \u00f6d\u0259ni\u015f kimi geri, el\u0259 h\u0259min inki\u015faf etmi\u015f \u00f6lk\u0259l\u0259rin \u015firk\u0259tl\u0259rin\u0259 \u00f6d\u0259nil\u0259c\u0259k. Bu g\u00fcn Q\u0259rbin inki\u015faf etm\u0259kd\u0259 olan \u00f6lk\u0259l\u0259rd\u0259n nec\u0259 neft-qaz as\u0131l\u0131l\u0131\u011f\u0131 varsa, sabah neft-qaz \u00f6lk\u0259l\u0259rinin onlardan avadanl\u0131q, detal, proqram t\u0259minat\u0131 v\u0259 m\u00fct\u0259x\u0259ssisl\u0259r as\u0131l\u0131l\u0131\u011f\u0131 yaranacaq\u201d.<\/p>\n\n\n\n<p>Natiq C\u0259f\u0259rlinin fikrinc\u0259, bu sah\u0259d\u0259 ixtisasla\u015fm\u0131\u015f b\u00f6y\u00fck v\u0259 n\u00fcfuzlu xarici Universitetl\u0259rin m\u0259ml\u0259k\u0259td\u0259 filiallar\u0131 a\u00e7\u0131lmal\u0131, m\u00fcasir kampuslar\u0131, labaratoriyalar\u0131 olan, bilikli m\u00fc\u0259lliml\u0259r d\u0259rs dey\u0259n Ali M\u0259kt\u0259bl\u0259r yarad\u0131lmal\u0131d\u0131r. Pararlel olaraq xarici t\u0259r\u0259fda\u015flarla birg\u0259 istehsal m\u00fc\u0259ssis\u0259l\u0259ri qurulmal\u0131, h\u0259min zavod-fabrikl\u0259r d\u00f6vl\u0259t t\u0259r\u0259find\u0259n uzunm\u00fcdd\u0259tli v\u0259 \u00e7ox a\u015fa\u011f\u0131 faizli kreditl\u0259rl\u0259 t\u0259min edilm\u0259lidir:<\/p>\n\n\n\n<p>\u201c\u018fg\u0259r bu i\u015fl\u0259r pararlel olaraq g\u00f6r\u00fclm\u0259s\u0259, Az\u0259rbaycan\u0131n b\u0259rpaolunan-alternativ enerji sevdas\u0131 m\u0259ml\u0259k\u0259t \u00fc\u00e7\u00fcn valyuta qazanan deyil d\u0259, n\u00f6vb\u0259ti d\u0259f\u0259 valyuta \u00e7\u0131xaran, as\u0131l\u0131l\u0131q yaradan sah\u0259y\u0259 \u00e7evril\u0259c\u0259k&#8230;\u201d.<\/p>\n\n\n\n<p>Energetika naziri P\u0259rviz \u015eahbazovun fikrinc\u0259, bu add\u0131m Az\u0259rbaycanda b\u0259rpaolunan enerji sah\u0259sind\u0259 yeni inki\u015faf m\u0259rh\u0259l\u0259sinin ba\u015flan\u011f\u0131c\u0131d\u0131r.<\/p>\n","protected":false},"excerpt":{"rendered":"<p>Natiq C\u0259f\u0259rli: \u201cH\u00f6kum\u0259t atd\u0131\u011f\u0131 add\u0131m\u0131n t\u0259hl\u00fck\u0259li t\u0259r\u0259fl\u0259ri haqq\u0131nda d\u00fc\u015f\u00fcnm\u00fcr\u201d Az\u0259rbaycan &#8230; <\/p>\n<p class=\"read-more-container\"><a title=\"Az\u0259rbaycan\u0131n b\u0259rpaolunan enerji sevdas\u0131: perspektivl\u0259r v\u0259 riskl\u0259r\" class=\"read-more button\" href=\"https:\/\/www.meydan.tv\/az\/article\/azerbaycanin-berpaolunan-enerji-sevdasi-perspektivler-ve-riskler\/#more-267754\" aria-label=\"Read more about Az\u0259rbaycan\u0131n b\u0259rpaolunan enerji sevdas\u0131: perspektivl\u0259r v\u0259 riskl\u0259r\">Davam\u0131<\/a><\/p>\n","protected":false},"author":18,"featured_media":267755,"comment_status":"closed","ping_status":"closed","sticky":false,"template":"","format":"standard","meta":{"_acf_changed":false,"_sitemap_exclude":false,"_sitemap_priority":"","_sitemap_frequency":"","footnotes":""},"categories":[53,56],"tags":[],"class_list":["post-267754","post","type-post","status-publish","format-standard","has-post-thumbnail","hentry","category-iqtisadiyyat","category-xeberler","infinite-scroll-item","generate-columns","tablet-grid-50","mobile-grid-100","grid-parent","grid-33","no-featured-image-padding"],"acf":[],"yoast_head":"<!-- This site is optimized with the Yoast SEO plugin v27.5 - https:\/\/yoast.com\/product\/yoast-seo-wordpress\/ -->\n<title>Az\u0259rbaycan\u0131n b\u0259rpaolunan enerji sevdas\u0131: perspektivl\u0259r v\u0259 riskl\u0259r - MEYDAN.TV<\/title>\n<meta name=\"robots\" content=\"index, follow, max-snippet:-1, max-image-preview:large, max-video-preview:-1\" \/>\n<link rel=\"canonical\" href=\"https:\/\/www.meydan.tv\/az\/article\/azerbaycanin-berpaolunan-enerji-sevdasi-perspektivler-ve-riskler\/\" \/>\n<meta property=\"og:locale\" content=\"az_AZ\" \/>\n<meta property=\"og:type\" content=\"article\" \/>\n<meta property=\"og:title\" content=\"Az\u0259rbaycan\u0131n b\u0259rpaolunan enerji sevdas\u0131: perspektivl\u0259r v\u0259 riskl\u0259r - MEYDAN.TV\" \/>\n<meta property=\"og:description\" content=\"Natiq C\u0259f\u0259rli: \u201cH\u00f6kum\u0259t atd\u0131\u011f\u0131 add\u0131m\u0131n t\u0259hl\u00fck\u0259li t\u0259r\u0259fl\u0259ri haqq\u0131nda d\u00fc\u015f\u00fcnm\u00fcr\u201d Az\u0259rbaycan ... Davam\u0131\" \/>\n<meta property=\"og:url\" content=\"https:\/\/www.meydan.tv\/az\/article\/azerbaycanin-berpaolunan-enerji-sevdasi-perspektivler-ve-riskler\/\" \/>\n<meta property=\"og:site_name\" content=\"MEYDAN.TV\" \/>\n<meta property=\"article:published_time\" content=\"2023-02-07T15:24:06+00:00\" \/>\n<meta property=\"article:modified_time\" content=\"2023-02-07T15:24:08+00:00\" \/>\n<meta property=\"og:image\" content=\"https:\/\/www.meydan.tv\/wp-content\/uploads\/16058599626286617859_1200x630.jpg\" \/>\n\t<meta property=\"og:image:width\" content=\"923\" \/>\n\t<meta property=\"og:image:height\" content=\"630\" \/>\n\t<meta property=\"og:image:type\" content=\"image\/jpeg\" \/>\n<meta name=\"author\" content=\"miron\" \/>\n<meta name=\"twitter:card\" content=\"summary_large_image\" \/>\n<script type=\"application\/ld+json\" class=\"yoast-schema-graph\">{\"@context\":\"https:\\\/\\\/schema.org\",\"@graph\":[{\"@type\":\"Article\",\"@id\":\"https:\\\/\\\/www.meydan.tv\\\/az\\\/article\\\/azerbaycanin-berpaolunan-enerji-sevdasi-perspektivler-ve-riskler\\\/#article\",\"isPartOf\":{\"@id\":\"https:\\\/\\\/www.meydan.tv\\\/az\\\/article\\\/azerbaycanin-berpaolunan-enerji-sevdasi-perspektivler-ve-riskler\\\/\"},\"author\":{\"name\":\"miron\",\"@id\":\"https:\\\/\\\/www.meydan.tv\\\/az\\\/#\\\/schema\\\/person\\\/981b0b284aeaa9ad0cbf814cd4a9d67c\"},\"headline\":\"Az\u0259rbaycan\u0131n b\u0259rpaolunan enerji sevdas\u0131: perspektivl\u0259r v\u0259 riskl\u0259r\",\"datePublished\":\"2023-02-07T15:24:06+00:00\",\"dateModified\":\"2023-02-07T15:24:08+00:00\",\"mainEntityOfPage\":{\"@id\":\"https:\\\/\\\/www.meydan.tv\\\/az\\\/article\\\/azerbaycanin-berpaolunan-enerji-sevdasi-perspektivler-ve-riskler\\\/\"},\"wordCount\":1129,\"publisher\":{\"@id\":\"https:\\\/\\\/www.meydan.tv\\\/az\\\/#organization\"},\"image\":{\"@id\":\"https:\\\/\\\/www.meydan.tv\\\/az\\\/article\\\/azerbaycanin-berpaolunan-enerji-sevdasi-perspektivler-ve-riskler\\\/#primaryimage\"},\"thumbnailUrl\":\"https:\\\/\\\/www.meydan.tv\\\/wp-content\\\/uploads\\\/16058599626286617859_1200x630.jpg\",\"articleSection\":[\"\u0130qtisadiyyat\",\"X\u0259b\u0259rl\u0259r\"],\"inLanguage\":\"az\"},{\"@type\":\"WebPage\",\"@id\":\"https:\\\/\\\/www.meydan.tv\\\/az\\\/article\\\/azerbaycanin-berpaolunan-enerji-sevdasi-perspektivler-ve-riskler\\\/\",\"url\":\"https:\\\/\\\/www.meydan.tv\\\/az\\\/article\\\/azerbaycanin-berpaolunan-enerji-sevdasi-perspektivler-ve-riskler\\\/\",\"name\":\"Az\u0259rbaycan\u0131n b\u0259rpaolunan enerji sevdas\u0131: perspektivl\u0259r v\u0259 riskl\u0259r - MEYDAN.TV\",\"isPartOf\":{\"@id\":\"https:\\\/\\\/www.meydan.tv\\\/az\\\/#website\"},\"primaryImageOfPage\":{\"@id\":\"https:\\\/\\\/www.meydan.tv\\\/az\\\/article\\\/azerbaycanin-berpaolunan-enerji-sevdasi-perspektivler-ve-riskler\\\/#primaryimage\"},\"image\":{\"@id\":\"https:\\\/\\\/www.meydan.tv\\\/az\\\/article\\\/azerbaycanin-berpaolunan-enerji-sevdasi-perspektivler-ve-riskler\\\/#primaryimage\"},\"thumbnailUrl\":\"https:\\\/\\\/www.meydan.tv\\\/wp-content\\\/uploads\\\/16058599626286617859_1200x630.jpg\",\"datePublished\":\"2023-02-07T15:24:06+00:00\",\"dateModified\":\"2023-02-07T15:24:08+00:00\",\"breadcrumb\":{\"@id\":\"https:\\\/\\\/www.meydan.tv\\\/az\\\/article\\\/azerbaycanin-berpaolunan-enerji-sevdasi-perspektivler-ve-riskler\\\/#breadcrumb\"},\"inLanguage\":\"az\",\"potentialAction\":[{\"@type\":\"ReadAction\",\"target\":[\"https:\\\/\\\/www.meydan.tv\\\/az\\\/article\\\/azerbaycanin-berpaolunan-enerji-sevdasi-perspektivler-ve-riskler\\\/\"]}]},{\"@type\":\"ImageObject\",\"inLanguage\":\"az\",\"@id\":\"https:\\\/\\\/www.meydan.tv\\\/az\\\/article\\\/azerbaycanin-berpaolunan-enerji-sevdasi-perspektivler-ve-riskler\\\/#primaryimage\",\"url\":\"https:\\\/\\\/www.meydan.tv\\\/wp-content\\\/uploads\\\/16058599626286617859_1200x630.jpg\",\"contentUrl\":\"https:\\\/\\\/www.meydan.tv\\\/wp-content\\\/uploads\\\/16058599626286617859_1200x630.jpg\",\"width\":923,\"height\":630,\"caption\":\"M\u0259nb\u0259: Az\u0259rtac\"},{\"@type\":\"BreadcrumbList\",\"@id\":\"https:\\\/\\\/www.meydan.tv\\\/az\\\/article\\\/azerbaycanin-berpaolunan-enerji-sevdasi-perspektivler-ve-riskler\\\/#breadcrumb\",\"itemListElement\":[{\"@type\":\"ListItem\",\"position\":1,\"name\":\"Ana s\u0259hif\u0259\",\"item\":\"https:\\\/\\\/www.meydan.tv\\\/az\\\/\"},{\"@type\":\"ListItem\",\"position\":2,\"name\":\"X\u0259b\u0259rl\u0259r\",\"item\":\"https:\\\/\\\/www.meydan.tv\\\/az\\\/section\\\/xeberler\\\/\"},{\"@type\":\"ListItem\",\"position\":3,\"name\":\"Az\u0259rbaycan\u0131n b\u0259rpaolunan enerji sevdas\u0131: perspektivl\u0259r v\u0259 riskl\u0259r\"}]},{\"@type\":\"WebSite\",\"@id\":\"https:\\\/\\\/www.meydan.tv\\\/az\\\/#website\",\"url\":\"https:\\\/\\\/www.meydan.tv\\\/az\\\/\",\"name\":\"MEYDAN.TV\",\"description\":\"Meydan TV Az\u0259rbaycan\u0131n media m\u0259kan\u0131ndak\u0131 alternativ s\u0259sidir\",\"publisher\":{\"@id\":\"https:\\\/\\\/www.meydan.tv\\\/az\\\/#organization\"},\"potentialAction\":[{\"@type\":\"SearchAction\",\"target\":{\"@type\":\"EntryPoint\",\"urlTemplate\":\"https:\\\/\\\/www.meydan.tv\\\/az\\\/?s={search_term_string}\"},\"query-input\":{\"@type\":\"PropertyValueSpecification\",\"valueRequired\":true,\"valueName\":\"search_term_string\"}}],\"inLanguage\":\"az\"},{\"@type\":\"Organization\",\"@id\":\"https:\\\/\\\/www.meydan.tv\\\/az\\\/#organization\",\"name\":\"Meydan TV\",\"url\":\"https:\\\/\\\/www.meydan.tv\\\/az\\\/\",\"logo\":{\"@type\":\"ImageObject\",\"inLanguage\":\"az\",\"@id\":\"https:\\\/\\\/www.meydan.tv\\\/az\\\/#\\\/schema\\\/logo\\\/image\\\/\",\"url\":\"https:\\\/\\\/www.meydan.tv\\\/wp-content\\\/uploads\\\/2021\\\/07\\\/meydan-logo.svg\",\"contentUrl\":\"https:\\\/\\\/www.meydan.tv\\\/wp-content\\\/uploads\\\/2021\\\/07\\\/meydan-logo.svg\",\"width\":195,\"height\":46,\"caption\":\"Meydan TV\"},\"image\":{\"@id\":\"https:\\\/\\\/www.meydan.tv\\\/az\\\/#\\\/schema\\\/logo\\\/image\\\/\"}},{\"@type\":\"Person\",\"@id\":\"https:\\\/\\\/www.meydan.tv\\\/az\\\/#\\\/schema\\\/person\\\/981b0b284aeaa9ad0cbf814cd4a9d67c\",\"name\":\"miron\"}]}<\/script>\n<!-- \/ Yoast SEO plugin. -->","yoast_head_json":{"title":"Az\u0259rbaycan\u0131n b\u0259rpaolunan enerji sevdas\u0131: perspektivl\u0259r v\u0259 riskl\u0259r - MEYDAN.TV","robots":{"index":"index","follow":"follow","max-snippet":"max-snippet:-1","max-image-preview":"max-image-preview:large","max-video-preview":"max-video-preview:-1"},"canonical":"https:\/\/www.meydan.tv\/az\/article\/azerbaycanin-berpaolunan-enerji-sevdasi-perspektivler-ve-riskler\/","og_locale":"az_AZ","og_type":"article","og_title":"Az\u0259rbaycan\u0131n b\u0259rpaolunan enerji sevdas\u0131: perspektivl\u0259r v\u0259 riskl\u0259r - MEYDAN.TV","og_description":"Natiq C\u0259f\u0259rli: \u201cH\u00f6kum\u0259t atd\u0131\u011f\u0131 add\u0131m\u0131n t\u0259hl\u00fck\u0259li t\u0259r\u0259fl\u0259ri haqq\u0131nda d\u00fc\u015f\u00fcnm\u00fcr\u201d Az\u0259rbaycan ... Davam\u0131","og_url":"https:\/\/www.meydan.tv\/az\/article\/azerbaycanin-berpaolunan-enerji-sevdasi-perspektivler-ve-riskler\/","og_site_name":"MEYDAN.TV","article_published_time":"2023-02-07T15:24:06+00:00","article_modified_time":"2023-02-07T15:24:08+00:00","og_image":[{"width":923,"height":630,"url":"https:\/\/www.meydan.tv\/wp-content\/uploads\/16058599626286617859_1200x630.jpg","type":"image\/jpeg"}],"author":"miron","twitter_card":"summary_large_image","schema":{"@context":"https:\/\/schema.org","@graph":[{"@type":"Article","@id":"https:\/\/www.meydan.tv\/az\/article\/azerbaycanin-berpaolunan-enerji-sevdasi-perspektivler-ve-riskler\/#article","isPartOf":{"@id":"https:\/\/www.meydan.tv\/az\/article\/azerbaycanin-berpaolunan-enerji-sevdasi-perspektivler-ve-riskler\/"},"author":{"name":"miron","@id":"https:\/\/www.meydan.tv\/az\/#\/schema\/person\/981b0b284aeaa9ad0cbf814cd4a9d67c"},"headline":"Az\u0259rbaycan\u0131n b\u0259rpaolunan enerji sevdas\u0131: perspektivl\u0259r v\u0259 riskl\u0259r","datePublished":"2023-02-07T15:24:06+00:00","dateModified":"2023-02-07T15:24:08+00:00","mainEntityOfPage":{"@id":"https:\/\/www.meydan.tv\/az\/article\/azerbaycanin-berpaolunan-enerji-sevdasi-perspektivler-ve-riskler\/"},"wordCount":1129,"publisher":{"@id":"https:\/\/www.meydan.tv\/az\/#organization"},"image":{"@id":"https:\/\/www.meydan.tv\/az\/article\/azerbaycanin-berpaolunan-enerji-sevdasi-perspektivler-ve-riskler\/#primaryimage"},"thumbnailUrl":"https:\/\/www.meydan.tv\/wp-content\/uploads\/16058599626286617859_1200x630.jpg","articleSection":["\u0130qtisadiyyat","X\u0259b\u0259rl\u0259r"],"inLanguage":"az"},{"@type":"WebPage","@id":"https:\/\/www.meydan.tv\/az\/article\/azerbaycanin-berpaolunan-enerji-sevdasi-perspektivler-ve-riskler\/","url":"https:\/\/www.meydan.tv\/az\/article\/azerbaycanin-berpaolunan-enerji-sevdasi-perspektivler-ve-riskler\/","name":"Az\u0259rbaycan\u0131n b\u0259rpaolunan enerji sevdas\u0131: perspektivl\u0259r v\u0259 riskl\u0259r - MEYDAN.TV","isPartOf":{"@id":"https:\/\/www.meydan.tv\/az\/#website"},"primaryImageOfPage":{"@id":"https:\/\/www.meydan.tv\/az\/article\/azerbaycanin-berpaolunan-enerji-sevdasi-perspektivler-ve-riskler\/#primaryimage"},"image":{"@id":"https:\/\/www.meydan.tv\/az\/article\/azerbaycanin-berpaolunan-enerji-sevdasi-perspektivler-ve-riskler\/#primaryimage"},"thumbnailUrl":"https:\/\/www.meydan.tv\/wp-content\/uploads\/16058599626286617859_1200x630.jpg","datePublished":"2023-02-07T15:24:06+00:00","dateModified":"2023-02-07T15:24:08+00:00","breadcrumb":{"@id":"https:\/\/www.meydan.tv\/az\/article\/azerbaycanin-berpaolunan-enerji-sevdasi-perspektivler-ve-riskler\/#breadcrumb"},"inLanguage":"az","potentialAction":[{"@type":"ReadAction","target":["https:\/\/www.meydan.tv\/az\/article\/azerbaycanin-berpaolunan-enerji-sevdasi-perspektivler-ve-riskler\/"]}]},{"@type":"ImageObject","inLanguage":"az","@id":"https:\/\/www.meydan.tv\/az\/article\/azerbaycanin-berpaolunan-enerji-sevdasi-perspektivler-ve-riskler\/#primaryimage","url":"https:\/\/www.meydan.tv\/wp-content\/uploads\/16058599626286617859_1200x630.jpg","contentUrl":"https:\/\/www.meydan.tv\/wp-content\/uploads\/16058599626286617859_1200x630.jpg","width":923,"height":630,"caption":"M\u0259nb\u0259: Az\u0259rtac"},{"@type":"BreadcrumbList","@id":"https:\/\/www.meydan.tv\/az\/article\/azerbaycanin-berpaolunan-enerji-sevdasi-perspektivler-ve-riskler\/#breadcrumb","itemListElement":[{"@type":"ListItem","position":1,"name":"Ana s\u0259hif\u0259","item":"https:\/\/www.meydan.tv\/az\/"},{"@type":"ListItem","position":2,"name":"X\u0259b\u0259rl\u0259r","item":"https:\/\/www.meydan.tv\/az\/section\/xeberler\/"},{"@type":"ListItem","position":3,"name":"Az\u0259rbaycan\u0131n b\u0259rpaolunan enerji sevdas\u0131: perspektivl\u0259r v\u0259 riskl\u0259r"}]},{"@type":"WebSite","@id":"https:\/\/www.meydan.tv\/az\/#website","url":"https:\/\/www.meydan.tv\/az\/","name":"MEYDAN.TV","description":"Meydan TV Az\u0259rbaycan\u0131n media m\u0259kan\u0131ndak\u0131 alternativ s\u0259sidir","publisher":{"@id":"https:\/\/www.meydan.tv\/az\/#organization"},"potentialAction":[{"@type":"SearchAction","target":{"@type":"EntryPoint","urlTemplate":"https:\/\/www.meydan.tv\/az\/?s={search_term_string}"},"query-input":{"@type":"PropertyValueSpecification","valueRequired":true,"valueName":"search_term_string"}}],"inLanguage":"az"},{"@type":"Organization","@id":"https:\/\/www.meydan.tv\/az\/#organization","name":"Meydan TV","url":"https:\/\/www.meydan.tv\/az\/","logo":{"@type":"ImageObject","inLanguage":"az","@id":"https:\/\/www.meydan.tv\/az\/#\/schema\/logo\/image\/","url":"https:\/\/www.meydan.tv\/wp-content\/uploads\/2021\/07\/meydan-logo.svg","contentUrl":"https:\/\/www.meydan.tv\/wp-content\/uploads\/2021\/07\/meydan-logo.svg","width":195,"height":46,"caption":"Meydan TV"},"image":{"@id":"https:\/\/www.meydan.tv\/az\/#\/schema\/logo\/image\/"}},{"@type":"Person","@id":"https:\/\/www.meydan.tv\/az\/#\/schema\/person\/981b0b284aeaa9ad0cbf814cd4a9d67c","name":"miron"}]}},"_links":{"self":[{"href":"https:\/\/www.meydan.tv\/az\/wp-json\/wp\/v2\/posts\/267754","targetHints":{"allow":["GET"]}}],"collection":[{"href":"https:\/\/www.meydan.tv\/az\/wp-json\/wp\/v2\/posts"}],"about":[{"href":"https:\/\/www.meydan.tv\/az\/wp-json\/wp\/v2\/types\/post"}],"author":[{"embeddable":true,"href":"https:\/\/www.meydan.tv\/az\/wp-json\/wp\/v2\/users\/18"}],"replies":[{"embeddable":true,"href":"https:\/\/www.meydan.tv\/az\/wp-json\/wp\/v2\/comments?post=267754"}],"version-history":[{"count":1,"href":"https:\/\/www.meydan.tv\/az\/wp-json\/wp\/v2\/posts\/267754\/revisions"}],"predecessor-version":[{"id":267758,"href":"https:\/\/www.meydan.tv\/az\/wp-json\/wp\/v2\/posts\/267754\/revisions\/267758"}],"wp:featuredmedia":[{"embeddable":true,"href":"https:\/\/www.meydan.tv\/az\/wp-json\/wp\/v2\/media\/267755"}],"wp:attachment":[{"href":"https:\/\/www.meydan.tv\/az\/wp-json\/wp\/v2\/media?parent=267754"}],"wp:term":[{"taxonomy":"category","embeddable":true,"href":"https:\/\/www.meydan.tv\/az\/wp-json\/wp\/v2\/categories?post=267754"},{"taxonomy":"post_tag","embeddable":true,"href":"https:\/\/www.meydan.tv\/az\/wp-json\/wp\/v2\/tags?post=267754"}],"curies":[{"name":"wp","href":"https:\/\/api.w.org\/{rel}","templated":true}]}}