{"id":267551,"date":"2023-02-05T17:27:30","date_gmt":"2023-02-05T13:27:30","guid":{"rendered":"https:\/\/www.meydan.tv\/?p=267551"},"modified":"2023-02-05T17:27:48","modified_gmt":"2023-02-05T13:27:48","slug":"vetendaslarin-dusduyu-vergi-telesi-isbazlarin-sirketleri-ve-aldadilan-issizler","status":"publish","type":"post","link":"https:\/\/www.meydan.tv\/az\/article\/vetendaslarin-dusduyu-vergi-telesi-isbazlarin-sirketleri-ve-aldadilan-issizler\/","title":{"rendered":"V\u0259t\u0259nda\u015flar\u0131n d\u00fc\u015fd\u00fcy\u00fc &#8220;vergi t\u0259l\u0259si&#8221;: i\u015fbazlar\u0131n \u015firk\u0259tl\u0259ri v\u0259 aldad\u0131lan i\u015fsizl\u0259r"},"content":{"rendered":"\n<p><\/p>\n\n\n\n<p><strong>&#8220;O d\u0259l\u0259duzlar\u0131n s\u0259lahiyy\u0259tli himay\u0259darlar\u0131 var&#8221;<\/strong><\/p>\n\n\n\n<p>&#8220;\u0130ki vergi borcu il\u0259 ba\u011fl\u0131 ard\u0131c\u0131l m\u0259lumat g\u0259ldi. 15 min\u0259 yax\u0131n puldur. T\u0259\u0259cc\u00fcb i\u00e7ind\u0259ydik. Ax\u0131 bu n\u0259yin c\u0259rim\u0259si idi? \u0130lk bildiri\u015f g\u0259l\u0259nd\u0259 d\u00fc\u015f\u00fcnd\u00fck ki, n\u0259s\u0259 yanl\u0131\u015fl\u0131q olub, \u00e7\u00fcnki o\u011flum g\u0259ncdir, he\u00e7 bir \u015firk\u0259ti yoxdur, i\u015f axtar\u0131r. \u00d6z\u00fc d\u0259 h\u0259rbi xidm\u0259td\u0259n yenic\u0259 g\u0259lib&#8221;.<\/p>\n\n\n\n<p>G\u00f6y\u00e7ay sakini Abbas\u0259li Miriyev Meydan TV-y\u0259 ba\u015f\u0131na g\u0259l\u0259nl\u0259ri dan\u0131\u015f\u0131r.<\/p>\n\n\n\n<p>Onun s\u00f6zl\u0259rin\u0259 g\u00f6r\u0259, 21 ya\u015fl\u0131 o\u011flu Nicat Miriyev 2022-ci ilin noyabr\u0131ndan etibar\u0259n saxta sahibkarl\u0131qla m\u0259\u015f\u011ful olan d\u0259l\u0259duzlar\u0131n qurban\u0131 olub.<\/p>\n\n\n\n<p>Dediyin\u0259 g\u00f6r\u0259, 2021-ci ilin dekabr\u0131nda i\u015fsizlikl\u0259 \u0259laq\u0259dar Bak\u0131 \u015f\u0259h\u0259rin\u0259 yollanan Nicat Miriyev sosial \u015f\u0259b\u0259k\u0259d\u0259 tapd\u0131\u011f\u0131 i\u015f elan\u0131n\u0131n sora\u011f\u0131 il\u0259 N\u0259rimanov rayonu \u0259razisind\u0259 yerl\u0259\u015f\u0259n \u00f6z\u0259l m\u00fc\u0259ssis\u0259y\u0259 ba\u015f \u00e7\u0259kib: &#8220;Nicata deyibl\u0259r ki, i\u015fd\u0259 m\u00fchafiz\u0259\u00e7i t\u0259l\u0259b olunur. O da \u018fmrah adl\u0131 dostu il\u0259 birlikd\u0259 elanda g\u00f6st\u0259ril\u0259n \u00fcnvanda bir qad\u0131nla g\u00f6r\u00fc\u015f\u00fcbl\u0259r. H\u0259min &#8220;i\u015f\u00e7i&#8221; qad\u0131n onlardan \u015f\u0259xsiyy\u0259t v\u0259siq\u0259sinin sur\u0259tini t\u0259l\u0259b edib. Onlar qad\u0131na inand\u0131qlar\u0131 \u00fc\u00e7\u00fcn \u015f\u0259xsiyy\u0259t v\u0259siq\u0259l\u0259rinin sur\u0259tini t\u0259qdim edibl\u0259r. \u00dcst\u0259lik, bilm\u0259dikl\u0259ri hans\u0131sa bir s\u0259n\u0259d\u0259 imza da at\u0131blar. T\u0259l\u0259 d\u0259 bununla ba\u015flay\u0131b&#8221;.<\/p>\n\n\n<div class=\"wp-block-image\">\n<figure class=\"aligncenter size-large is-resized\"><img decoding=\"async\" data-src=\"https:\/\/www.meydan.tv\/wp-content\/uploads\/img-20230122-wa0085-462x821.jpg\" alt=\"\" class=\"wp-image-267545 lazyload\" width=\"798\" height=\"1418\" src=\"data:image\/svg+xml;base64,PHN2ZyB3aWR0aD0iMSIgaGVpZ2h0PSIxIiB4bWxucz0iaHR0cDovL3d3dy53My5vcmcvMjAwMC9zdmciPjwvc3ZnPg==\" style=\"--smush-placeholder-width: 798px; --smush-placeholder-aspect-ratio: 798\/1418;\" \/><\/figure>\n<\/div>\n\n\n<p><strong>&#8220;\u00c7oxsayl\u0131 m\u00fcraci\u0259tl\u0259rimiz\u0259 cavab yoxdur&#8221;<\/strong><\/p>\n\n\n\n<p>Miriyevl\u0259r ail\u0259si \u00f6t\u0259n il noyabr\u0131n 16-da \u0130qtisadiyyat Nazirliyi yan\u0131nda D\u00f6vl\u0259t Vergi Xidm\u0259tinin \u00d6hd\u0259likl\u0259rin \u0130dar\u0259 Edilm\u0259si Ba\u015f \u0130dar\u0259si t\u0259r\u0259find\u0259n x\u0259b\u0259rdarl\u0131q m\u0259ktubu al\u0131b.<\/p>\n\n\n\n<p>H\u0259min m\u0259ktubda bildirilr ki, 15 iyul 2022-ci il tarixd\u0259n Nicat Miriyevin \u00f6lk\u0259d\u0259n \u00e7\u0131x\u0131\u015f\u0131na qada\u011fa qoyulub.<\/p>\n\n\n\n<p>Ail\u0259 \u00fczvl\u0259ri deyir ki, m\u0259ktubda &#8220;BANZOKAM GROUP&#8221; MMC-nin 8746,64 manat, o c\u00fcml\u0259d\u0259n &#8220;AM\u0130RNON GROUP&#8221; MMC-nin d\u00f6vl\u0259t b\u00fcdc\u0259sin\u0259 \u00fcmumilikd\u0259 7107,94 manat vergi borcu oldu\u011fu qeyd olunub.<\/p>\n\n\n\n<p>\u015e\u0259ki Kommersiya M\u0259hk\u0259m\u0259nin \u00f6t\u0259n il noyabr\u0131n 24-d\u0259 \u00e7\u0131xard\u0131\u011f\u0131 q\u0259tnam\u0259d\u0259 is\u0259 bildirilir ki, \u00fcmumilikd\u0259 d\u00f6vl\u0259t b\u00fcdc\u0259sin\u0259 olan 14431,25 manat borcu \u00f6d\u0259nil\u0259n\u0259d\u0259k v\u0259t\u0259nda\u015f\u0131n \u00f6lk\u0259d\u0259n getm\u0259k h\u00fcququ m\u0259hdudla\u015fd\u0131r\u0131l\u0131r.<\/p>\n\n\n\n<p>G\u00f6y\u00e7ay \u015f\u0259h\u0259ri Heyd\u0259r \u018fliyev prospekti, 106 n\u00f6mr\u0259li Pe\u015f\u0259 Liseyinin q\u0259zal\u0131 yataqxanas\u0131nda ya\u015fayan kas\u0131b ail\u0259 d\u00fc\u015fd\u00fcy\u00fc bu v\u0259ziyy\u0259td\u0259n \u00e7\u0131x\u0131\u015f yolu tapa bilm\u0259diyini deyir.<\/p>\n\n\n<div class=\"wp-block-image\">\n<figure class=\"aligncenter size-large is-resized\"><img decoding=\"async\" data-src=\"https:\/\/www.meydan.tv\/wp-content\/uploads\/img-20230122-wa0088-551x821.jpg\" alt=\"\" class=\"wp-image-267542 lazyload\" width=\"801\" height=\"1194\" src=\"data:image\/svg+xml;base64,PHN2ZyB3aWR0aD0iMSIgaGVpZ2h0PSIxIiB4bWxucz0iaHR0cDovL3d3dy53My5vcmcvMjAwMC9zdmciPjwvc3ZnPg==\" style=\"--smush-placeholder-width: 801px; --smush-placeholder-aspect-ratio: 801\/1194;\" \/><\/figure>\n<\/div>\n\n\n<p>Anas\u0131 V\u0259fa Miriyeva deyir ki, d\u0259l\u0259duzluq fakt\u0131 il\u0259 ba\u011fl\u0131 \u00f6lk\u0259 ba\u015f\u00e7\u0131s\u0131ndan tutmu\u015f prokurorluq orqanlar\u0131na q\u0259d\u0259r b\u00fct\u00fcn qurumlara m\u00fcraci\u0259t edib. O, problemin ara\u015fd\u0131r\u0131lmas\u0131n\u0131, d\u0259l\u0259duzlar\u0131n a\u015fkarlanaraq h\u00fcquqi m\u0259suliyy\u0259t\u0259 c\u0259lb olunmas\u0131n\u0131 ist\u0259yir, ancaq m\u00fcraci\u0259tl\u0259r\u0259 cavab g\u0259lm\u0259yib:<\/p>\n\n\n\n<p>&#8220;Evsizlikd\u0259n, imkans\u0131zl\u0131qdan d\u00f6rd n\u0259f\u0259rlik ail\u0259miz \u015f\u0259raitsiz yataqxanaya s\u0131\u011f\u0131n\u0131b. M\u0259n t\u0259k internat m\u0259kt\u0259bind\u0259 texniki i\u015f\u00e7i i\u015fl\u0259yir\u0259m, yolda\u015f\u0131m da 2-ci qrup \u0259lil, psixi x\u0259st\u0259dir. Bunu e\u015fid\u0259nd\u0259n \u0259s\u0259bl\u0259ri daha da pozulub. O\u011flum da i\u015fsizdir. Onun, ail\u0259mizin he\u00e7 bir \u015firk\u0259tl\u0259 \u0259laq\u0259si yoxdur. H\u0259tta \u015e\u0259ki M\u0259hk\u0259m\u0259sind\u0259 biz\u0259 \u015fifahi olaraq bildirdil\u0259r ki, buna cinay\u0259t i\u015fi a\u00e7\u0131lsa, lap \u00f6vlad\u0131n\u0131z h\u0259bs d\u0259 olsa, siz bu pulu \u00f6d\u0259m\u0259li olacaqs\u0131n\u0131z. Bizim is\u0259 bunu \u00f6d\u0259m\u0259k imkan\u0131m\u0131z yoxdur. M\u0259hk\u0259m\u0259d\u0259n \u0259vv\u0259l v\u0259 sonra b\u00fct\u00fcn aidiyy\u0259ti qurumlara r\u0259smi m\u00fcraci\u0259t g\u00f6nd\u0259rmi\u015fik, amma \u00e7oxsayl\u0131 m\u00fcraci\u0259tl\u0259rimiz\u0259 cavab yoxdur. O \u015firk\u0259tl\u0259ri a\u00e7anlar\u0131 da tapa bilmirik. H\u00fcquq m\u00fchafiz\u0259 orqanlar\u0131 n\u0259 \u00fc\u00e7\u00fcnd\u00fcr? Ara\u015fd\u0131r\u0131b d\u0259l\u0259duzlar\u0131 \u00fcz\u0259 \u00e7\u0131xars\u0131nlar, aid olmad\u0131\u011f\u0131m\u0131z borcdan xilas olaq&#8221;.<\/p>\n\n\n<div class=\"wp-block-image\">\n<figure class=\"aligncenter size-large is-resized\"><img decoding=\"async\" data-src=\"https:\/\/www.meydan.tv\/wp-content\/uploads\/img-20230122-wa00871-532x821.jpg\" alt=\"\" class=\"wp-image-267536 lazyload\" width=\"799\" height=\"1233\" src=\"data:image\/svg+xml;base64,PHN2ZyB3aWR0aD0iMSIgaGVpZ2h0PSIxIiB4bWxucz0iaHR0cDovL3d3dy53My5vcmcvMjAwMC9zdmciPjwvc3ZnPg==\" style=\"--smush-placeholder-width: 799px; --smush-placeholder-aspect-ratio: 799\/1233;\" \/><\/figure>\n<\/div>\n\n\n<p><strong>&#8220;Borcu sildirdim, amma \u015firk\u0259tl\u0259ri ad\u0131mdan \u00e7\u0131xarda bilmir\u0259m&#8221;<\/strong><\/p>\n\n\n\n<p>Bak\u0131da ya\u015fayan La\u00e7\u0131n sakini V\u00fcsal Mirz\u0259yev d\u0259 10 ildir ki, eyni d\u0259l\u0259duz \u0259m\u0259lind\u0259n \u0259ziyy\u0259t \u00e7\u0259kir.<\/p>\n\n\n\n<p>V\u0259kil tutmaqla ad\u0131na a\u00e7\u0131lan iki \u015firk\u0259td\u0259n y\u0131\u011f\u0131lan 50 min manat vergi borcunu sildirs\u0259 d\u0259, \u015firk\u0259tl\u0259ri l\u0259\u011fv etdir\u0259 bilmir.<\/p>\n\n\n\n<p>Deyir ki, yenid\u0259n 23 min manat vergi borcu y\u0131\u011f\u0131l\u0131b: <\/p>\n\n\n\n<p>&#8220;\u00dc\u00e7 n\u0259f\u0259r idik. Bir qohumum bunlar\u0131 tapm\u0131\u015fd\u0131. O da demi\u015fdi ki, i\u015fsizl\u0259r varsa, g\u0259tirin. Getdik ad\u0131m\u0131za V\u00d6EN a\u00e7\u0131ld\u0131, he\u00e7 pul da verilm\u0259di. Bizim rayonda 50 n\u0259f\u0259rin ad\u0131na bel\u0259 \u015firk\u0259tl\u0259r a\u00e7\u0131blar. H\u0259r yer\u0259 m\u00fcraci\u0259t etdim, v\u0259kil tutdum, bizi aldadan iki n\u0259f\u0259ri m\u0259hk\u0259m\u0259y\u0259 c\u0259lb etdik. Biri pul verib can\u0131n\u0131 qurtard\u0131. O biri etiraf etdi v\u0259 h\u0259bs olundu. Borcu sildirdim, amma \u015firk\u0259tl\u0259ri ad\u0131mdan \u00e7\u0131xarda bilmir\u0259m. Yenid\u0259n \u015fikay\u0259t vermi\u015f\u0259m, m\u0259hk\u0259m\u0259nin q\u0259tnam\u0259sini g\u00f6zl\u0259yir\u0259m. H\u0259min \u015firk\u0259tin V\u00d6EN-ini a\u00e7d\u0131ran adamlar s\u0259n\u0259dl\u0259ri verm\u0259lidirl\u0259r ki, \u015firk\u0259ti ad\u0131mdan \u00e7\u0131xar\u0131m. \u018fvv\u0259l, ax\u0131r i\u015f Vergi Cinay\u0259tl\u0259ri Ara\u015fd\u0131rma M\u0259rk\u0259zin\u0259 d\u00f6n\u00fcr. O d\u0259l\u0259duzlar\u0131n s\u0259lahiyy\u0259tli himay\u0259darlar\u0131 var&#8221;.<\/p>\n\n\n\n<figure class=\"wp-block-image size-large is-resized\"><img decoding=\"async\" data-src=\"https:\/\/www.meydan.tv\/wp-content\/uploads\/img-20230122-wa0090-462x821.jpg\" alt=\"\" class=\"wp-image-267548 lazyload\" width=\"799\" height=\"1420\" src=\"data:image\/svg+xml;base64,PHN2ZyB3aWR0aD0iMSIgaGVpZ2h0PSIxIiB4bWxucz0iaHR0cDovL3d3dy53My5vcmcvMjAwMC9zdmciPjwvc3ZnPg==\" style=\"--smush-placeholder-width: 799px; --smush-placeholder-aspect-ratio: 799\/1420;\" \/><\/figure>\n\n\n\n<p><strong>&#8220;G\u0259nc\u0259d\u0259 m\u0259hk\u0259m\u0259 olub, bizim x\u0259b\u0259rimiz yoxdur&#8221;<\/strong><\/p>\n\n\n\n<p>\u018fsl\u0259n A\u011fdam\u0131n X\u0131d\u0131rl\u0131 k\u0259ndind\u0259n olan v\u0259 Bak\u0131da ya\u015fayan 23 ya\u015fl\u0131 A\u011famirz\u0259yev Cavan\u015fir T\u0259yyar o\u011flu da bu t\u0259l\u0259y\u0259 d\u00fc\u015f\u0259nl\u0259rd\u0259ndir.<\/p>\n\n\n\n<p>Atas\u0131 T\u0259yyar A\u011famirz\u0259yev deyir ki, n\u0259 r\u0259smi m\u0259ktub, n\u0259 d\u0259 m\u0259hk\u0259m\u0259 bildiri\u015fi g\u0259lib.<\/p>\n\n\n\n<p>18239, 31 manat vergi borcundan is\u0259 bu il yanvar\u0131n 21-d\u0259 o\u011flunun telefonuna g\u0259l\u0259n bildiri\u015fd\u0259n x\u0259b\u0259r tutublar: <\/p>\n\n\n\n<p>&#8220;\u0130ki il \u00f6nc\u0259 o\u011flumu i\u015f v\u0259di il\u0259 Bak\u0131da aldad\u0131b ad\u0131na V\u00d6EN a\u00e7d\u0131r\u0131blar. Bunu da ed\u0259n o\u011flumun nax\u00e7\u0131vanl\u0131 \u0259sg\u0259r yolda\u015f\u0131n\u0131n\u0131n atas\u0131 olub. O\u011flan atas\u0131n\u0131 o\u011fluma qo\u015fub ki, guya i\u015f d\u00fcz\u0259ldir. O da aldad\u0131b, 200 manat verib. \u015eirnikl\u0259ndirici v\u0259dl\u0259rl\u0259 ad\u0131na &#8220;PAD\u0130\u015eAH&#8221; MMC a\u00e7d\u0131r\u0131blar. U\u015faq Rusiyaya getm\u0259li idi. Bildiri\u015f g\u0259ldi ki, bu q\u0259d\u0259r vergi borcu var. D\u0259f\u0259l\u0259rl\u0259 o\u011flumun \u0259sg\u0259r yolda\u015f\u0131na z\u0259ng etdik, atas\u0131 il\u0259 dan\u0131\u015fmaq ist\u0259dik. O\u011flu deyir ki, atam \u00f6l\u00fcb. G\u0259nc\u0259d\u0259 m\u0259hk\u0259m\u0259 olub, amma bizim x\u0259b\u0259rimiz yoxdur. Bel\u0259 d\u0259l\u0259duzluq olar?&#8221;<\/p>\n\n\n\n<p>H\u00fcquq\u015f\u00fcnas Taleh H\u00fcseynov Meydan TV-y\u0259 deyib ki, \u00f6lk\u0259d\u0259 v\u0259t\u0259nda\u015flar\u0131n m\u0259lumats\u0131zl\u0131\u011f\u0131 \u00fcz\u00fcnd\u0259n saxta sahibkarl\u0131qla m\u0259\u015f\u011ful olan d\u0259l\u0259duzlar\u0131n say\u0131 art\u0131b.<\/p>\n\n\n<div class=\"wp-block-image\">\n<figure class=\"aligncenter size-large\"><img decoding=\"async\" width=\"1200\" height=\"540\" data-src=\"https:\/\/www.meydan.tv\/wp-content\/uploads\/img-20230122-wa0075-1200x540.jpg\" alt=\"\" class=\"wp-image-267552 lazyload\" src=\"data:image\/svg+xml;base64,PHN2ZyB3aWR0aD0iMSIgaGVpZ2h0PSIxIiB4bWxucz0iaHR0cDovL3d3dy53My5vcmcvMjAwMC9zdmciPjwvc3ZnPg==\" style=\"--smush-placeholder-width: 1200px; --smush-placeholder-aspect-ratio: 1200\/540;\" \/><\/figure>\n<\/div>\n\n\n<p>Onun s\u00f6zl\u0259rin\u0259 g\u00f6r\u0259, h\u0259min \u015f\u0259xsl\u0259r m\u00fc\u0259yy\u0259n \u015firnikl\u0259ndirici maraqlar qar\u015f\u0131l\u0131\u011f\u0131nda &#8220;qurban&#8221; axtar\u0131\u015f\u0131ndad\u0131rlar. Bel\u0259 saxta sahibkarl\u0131q x\u0259tti il\u0259 \u015firk\u0259tl\u0259r t\u0259k \u015f\u0259xsiyy\u0259t v\u0259siq\u0259sil\u0259 yarad\u0131lm\u0131r: &#8220;Bir ne\u00e7\u0259 yolu olsa da, haz\u0131rda \u00f6lk\u0259d\u0259 ikisi daha \u00e7ox yay\u0131l\u0131b. Biri \u015f\u0259xsin \u00f6z\u00fc il\u0259 birlikd\u0259 &#8220;Asan \u0130mza&#8221;n\u0131n verilm\u0259si il\u0259 ba\u011fl\u0131d\u0131r. Mobil operatorlardan birind\u0259n n\u00f6mr\u0259 \u0259ld\u0259 edib onu aktivl\u0259\u015fdirm\u0259k \u00fc\u00e7\u00fcn \u0130qtisadiyyat Nazirliyi yan\u0131nda D\u00f6vl\u0259t Vergi Xidm\u0259tinin Asan Sertifikat Xidm\u0259tl\u0259ri M\u0259rk\u0259zin\u0259 (ASXM) m\u00fcraci\u0259t edib \u015firk\u0259ti qeydiyyatdan ke\u00e7irirl\u0259r. Qeydiyyatdan sonra ad\u0131na \u015firk\u0259t a\u00e7\u0131lan \u015f\u0259xs \u00fc\u00e7\u00fcn notariusa ged\u0259r\u0259k \u015firk\u0259tin ad\u0131ndan etibarnam\u0259 al\u0131rlar. H\u0259min etibarnam\u0259 il\u0259 m\u0259zmuna uy\u011fun ist\u0259nil\u0259n \u0259m\u0259liyyat\u0131 h\u0259yata ke\u00e7irm\u0259k m\u00fcmk\u00fcnd\u00fcr. Dig\u0259r \u00fcsul is\u0259 ad\u0131na \u015firk\u0259t a\u00e7\u0131lan \u015f\u0259xs t\u0259r\u0259find\u0259n \u00fcmumi h\u00fcquqlar\u0131n etibar olunmas\u0131na dair etibarnam\u0259nin verilm\u0259si yolu il\u0259 h\u0259yata ke\u00e7irilir&#8221;.<\/p>\n\n\n\n<p>&#8220;H\u0259min etibarnam\u0259d\u0259 ASAN Xidm\u0259t M\u0259rk\u0259zl\u0259rind\u0259 t\u0259msil olunmaqla yana\u015f\u0131, &#8220;Asan \u0130mza&#8221; kart\u0131n\u0131 v\u0259 sertifikat\u0131n \u0259ld\u0259 edilm\u0259si x\u00fcsusi g\u00f6st\u0259rilm\u0259lidir. Bu etibarnam\u0259 il\u0259 \u015f\u0259xsin ad\u0131ndan h\u00fcquqi \u015f\u0259xs (\u015firk\u0259ti) yaratmaq, nizamnam\u0259 t\u0259sdiq etm\u0259k, vergi orqan\u0131na \u0259riz\u0259 t\u0259qdim ed\u0259r\u0259k \u015firk\u0259t yaratmaq m\u00fcmk\u00fcn olur. Bu s\u0259b\u0259bd\u0259n v\u0259t\u0259nda\u015flar notariat orqanlar\u0131nda etibarnam\u0259 ver\u0259rk\u0259n diqq\u0259tli olmal\u0131d\u0131rlar&#8221;, &#8211; h\u00fcquq\u015f\u00fcnas qeyd edib.<\/p>\n\n\n<div class=\"wp-block-image\">\n<figure class=\"aligncenter size-large is-resized\"><img decoding=\"async\" data-src=\"https:\/\/www.meydan.tv\/wp-content\/uploads\/img-20230122-wa00871-532x821.jpg\" alt=\"\" class=\"wp-image-267536 lazyload\" width=\"797\" height=\"1230\" src=\"data:image\/svg+xml;base64,PHN2ZyB3aWR0aD0iMSIgaGVpZ2h0PSIxIiB4bWxucz0iaHR0cDovL3d3dy53My5vcmcvMjAwMC9zdmciPjwvc3ZnPg==\" style=\"--smush-placeholder-width: 797px; --smush-placeholder-aspect-ratio: 797\/1230;\" \/><\/figure>\n<\/div>\n\n\n<p>H\u00fcquq\u015f\u00fcnas bu c\u00fcr \u015firk\u0259tl\u0259rin, ad\u0259t\u0259n, bird\u0259f\u0259lik maliyy\u0259 \u0259m\u0259liyyatlar\u0131 \u00fc\u00e7\u00fcn t\u0259sis edildiyini qeyd edir.<\/p>\n\n\n\n<p>Onun s\u00f6zl\u0259rin\u0259 g\u00f6r\u0259, ba\u015fqalar\u0131n\u0131n ad\u0131na \u015firk\u0259t yaradan d\u0259l\u0259duzlar is\u0259 Cinay\u0259t M\u0259c\u0259ll\u0259sinin 178-ci v\u0259 dig\u0259r madd\u0259l\u0259rinin sanksiyas\u0131nda n\u0259z\u0259rd\u0259 tutulan h\u00fcquqi m\u0259suliyy\u0259t\u0259 c\u0259lb olunmal\u0131d\u0131r: <\/p>\n\n\n\n<p>&#8220;Bununla ba\u011fl\u0131 &#8220;D\u0259l\u0259duzluq cinay\u0259tl\u0259rin\u0259 dair i\u015fl\u0259r \u00fczr\u0259 m\u0259hk\u0259m\u0259 t\u0259cr\u00fcb\u0259si haqq\u0131nda&#8221; Az\u0259rbaycan Respublikas\u0131 Ali M\u0259hk\u0259m\u0259si Plenumunun Q\u0259rar\u0131 var. Bu c\u00fcr d\u0259l\u0259duzluq \u0259m\u0259ll\u0259ri il\u0259 qar\u015f\u0131la\u015fan \u015f\u0259xsl\u0259r prokurorluq orqanlar\u0131na v\u0259 ya D\u00f6vl\u0259t Vergi Xidm\u0259tinin Vergi Cinay\u0259tl\u0259rinin \u0130btidai Ara\u015fd\u0131r\u0131lmas\u0131 Ba\u015f \u0130dar\u0259sin\u0259 \u015fikay\u0259t \u0259riz\u0259si il\u0259 m\u00fcraci\u0259t etsinl\u0259r&#8221;.<\/p>\n\n\n\n<p>Daxili \u0130\u015fl\u0259r Nazirliyind\u0259n Meydan TV-y\u0259 bildirilib ki, bu c\u00fcr d\u0259l\u0259duzluq \u0259m\u0259ll\u0259ri onlar\u0131n inzibati f\u0259aliyy\u0259tin\u0259 aid deyil.<\/p>\n\n\n<div class=\"wp-block-image\">\n<figure class=\"aligncenter size-full\"><img decoding=\"async\" width=\"1000\" height=\"665\" data-src=\"https:\/\/www.meydan.tv\/wp-content\/uploads\/15830576272370116797_1000x669.jpg\" alt=\"Daxili \u0130\u015fl\u0259r Nazirliyi\" class=\"wp-image-150491 lazyload\" src=\"data:image\/svg+xml;base64,PHN2ZyB3aWR0aD0iMSIgaGVpZ2h0PSIxIiB4bWxucz0iaHR0cDovL3d3dy53My5vcmcvMjAwMC9zdmciPjwvc3ZnPg==\" style=\"--smush-placeholder-width: 1000px; --smush-placeholder-aspect-ratio: 1000\/665;\" \/><figcaption class=\"wp-element-caption\">Foto: Meydan TV<\/figcaption><\/figure>\n<\/div>\n\n\n<p><strong>&#8220;Qanunu bilm\u0259m\u0259k he\u00e7 kimi m\u0259suliyy\u0259td\u0259n azad etmir&#8221;<\/strong><\/p>\n\n\n\n<p>D\u00f6vl\u0259t Vergi Xidm\u0259tinin m\u0259tbuat katibi \u015eahin M\u0259mm\u0259dov Meydan TV-y\u0259 deyib ki, d\u0259f\u0259l\u0259rl\u0259 m\u00fcraci\u0259tl\u0259r edils\u0259 d\u0259, etibardan sui-istifad\u0259 ed\u0259r\u0259k qanunsuz g\u0259lir \u0259ld\u0259 ed\u0259nl\u0259rin say\u0131 ilb\u0259il art\u0131r.<\/p>\n\n\n\n<p>Onun fikrinc\u0259, \u0259ks\u0259r hallarda v\u0259t\u0259nda\u015flar vergi \u00f6d\u0259yicisi olduqlar\u0131n\u0131, \u015f\u0259xs\u0259n m\u0259suliyy\u0259t da\u015f\u0131d\u0131qlar\u0131n\u0131 bilmir v\u0259 onlar s\u0259hv m\u0259lumatland\u0131r\u0131l\u0131rlar: <\/p>\n\n\n\n<p>&#8220;V\u0259t\u0259nda\u015flar sahibkarl\u0131q f\u0259aliyy\u0259ti \u00fczr\u0259 s\u0259lahiyy\u0259tl\u0259rini 3-c\u00fc \u015f\u0259xsl\u0259r\u0259 h\u0259val\u0259 ed\u0259rk\u0259n diqq\u0259tli olmal\u0131 v\u0259 \u00f6zl\u0259rin\u0259 aid elektron imzadan dig\u0259r \u015f\u0259xsl\u0259rin istifad\u0259 etm\u0259sin\u0259 \u015f\u0259rait yaratmamal\u0131d\u0131r. Qanunvericiliy\u0259 \u0259sas\u0259n, elektron imza yaln\u0131z \u00f6z sahibin\u0259 m\u0259xsusdur. Elektron imza sahibi onun qorunmas\u0131na cavabdehdir v\u0259 dig\u0259r \u015f\u0259xs t\u0259r\u0259find\u0259n istifad\u0259sin\u0259 yol verm\u0259m\u0259lidir. V\u0259t\u0259nda\u015flar verdikl\u0259ri etibarnam\u0259 \u0259sas\u0131nda onlar\u0131n ad\u0131na al\u0131nm\u0131\u015f elektron imza il\u0259 t\u0259sis olunan h\u00fcquqi \u015f\u0259xsl\u0259rin yaranmas\u0131na v\u0259 h\u00fcquqi n\u0259tic\u0259l\u0259rin\u0259 g\u00f6r\u0259 m\u0259suliyy\u0259t da\u015f\u0131y\u0131rlar. Qanunu bilm\u0259m\u0259k he\u00e7 kimi m\u0259suliyy\u0259td\u0259n azad etmir&#8221;.<\/p>\n\n\n\n<p>&#8220;V\u0259t\u0259nda\u015flar bilm\u0259lidirl\u0259r ki, dig\u0259r \u015f\u0259xsl\u0259r\u0259 etibar etdikl\u0259ri, yaxud 3-c\u00fc \u015f\u0259xsl\u0259r vasit\u0259sil\u0259 h\u0259yata ke\u00e7irdikl\u0259ri ist\u0259nil\u0259n qeydiyyat prosesi, elektron imza onlar\u0131 g\u0259l\u0259c\u0259kd\u0259 bu v\u0259 ya dig\u0259r \u015f\u0259kild\u0259 h\u00fcquqi m\u0259suliyy\u0259tin subyektin\u0259 \u00e7evirir. V\u0259t\u0259nda\u015f sahibkarl\u0131q f\u0259aliyy\u0259ti \u00fczr\u0259 s\u0259lahiyy\u0259tl\u0259rini 3-c\u00fc \u015f\u0259xsl\u0259r\u0259 h\u0259val\u0259 ed\u0259rk\u0259n d\u00f6vl\u0259t orqanlar\u0131nda qeydiyyat prosesi zaman\u0131 bu c\u00fcr riskl\u0259rin m\u00fc\u0259yy\u0259nl\u0259\u015fdirilm\u0259si m\u00fcmk\u00fcn olmur v\u0259 bu halda b\u00fct\u00fcn m\u0259suliyy\u0259t elektron imzaya sahib olan v\u0259t\u0259nda\u015f\u0131n \u00fcz\u0259rin\u0259 d\u00fc\u015f\u00fcr&#8221;, &#8211; dey\u0259 o bildirib.<\/p>\n\n\n<div class=\"wp-block-image\">\n<figure class=\"aligncenter size-full is-resized\"><img decoding=\"async\" data-src=\"https:\/\/www.meydan.tv\/wp-content\/uploads\/verrrgo.jpg\" alt=\"vergi\" class=\"wp-image-132020 lazyload\" width=\"843\" height=\"474\" src=\"data:image\/svg+xml;base64,PHN2ZyB3aWR0aD0iMSIgaGVpZ2h0PSIxIiB4bWxucz0iaHR0cDovL3d3dy53My5vcmcvMjAwMC9zdmciPjwvc3ZnPg==\" style=\"--smush-placeholder-width: 843px; --smush-placeholder-aspect-ratio: 843\/474;\" \/><figcaption class=\"wp-element-caption\">Foto: Meydan TV<\/figcaption><\/figure>\n<\/div>\n\n\n<p>O bildirib ki, m\u00fc\u0259yy\u0259n v\u0259dl\u0259r qar\u015f\u0131l\u0131\u011f\u0131nda (pul, \u0259mlak girovu v\u0259 s), \u00f6z\u00fcn\u00fcn elektron imzas\u0131n\u0131 etibarnam\u0259 \u0259sas\u0131nda dig\u0259r \u015f\u0259xs\u0259 t\u0259qdim ed\u0259n v\u0259t\u0259nda\u015f vergi borcu, \u0259mlak \u00fcz\u0259rin\u0259 h\u0259bs qoyulmas\u0131, m\u00fcflisl\u0259\u015fm\u0259 il\u0259 \u00fcz-\u00fcz\u0259 qala bil\u0259r: <\/p>\n\n\n\n<p>&#8220;\u00c7\u00fcnki &#8220;Asan \u0130mza&#8221; b\u00fct\u00fcn elektron xidm\u0259tl\u0259r\u0259 daxil olan v\u0259 r\u0259q\u0259msal imzalar ed\u0259n zaman kimliyi t\u0259sdiql\u0259m\u0259k \u00fc\u00e7\u00fcn v\u0259t\u0259nda\u015f\u0131n mobil identifikasiyas\u0131d\u0131r. &#8220;Asan \u0130mza&#8221; b\u00fct\u00fcn m\u00f6vcud elektron xidm\u0259tl\u0259rd\u0259n istifad\u0259ni m\u00fcmk\u00fcn edir. B\u00fct\u00fcn bunlar\u0131 n\u0259z\u0259r\u0259 alaraq, v\u0259t\u0259nda\u015flar dig\u0259r \u015f\u0259xsl\u0259rl\u0259 m\u00fcnasib\u0259tl\u0259rd\u0259 m\u00fcxt\u0259lif v\u0259dl\u0259r\u0259 inanmamal\u0131, m\u0259zmununu anl\u0131amad\u0131qlar\u0131 s\u0259n\u0259dl\u0259r\u0259 imza atmamal\u0131, onlara m\u0259xsus elektron imzan\u0131 ba\u015fqa \u015f\u0259xsl\u0259r\u0259 etibar etm\u0259m\u0259lidirl\u0259r&#8221;.<\/p>\n\n\n\n<p>\u015eahin M\u0259mm\u0259dov deyib ki, bu c\u00fcr d\u0259l\u0259duzluq faktlar\u0131n\u0131n qar\u015f\u0131s\u0131n\u0131n al\u0131nmas\u0131 il\u0259 ba\u011fl\u0131 D\u00f6vl\u0259t Vergi Xidm\u0259tind\u0259 yeni t\u0259dbirl\u0259r \u00fcz\u0259rind\u0259 i\u015f gedir.<\/p>\n\n\n<div class=\"wp-block-image\">\n<figure class=\"aligncenter size-large is-resized\"><img decoding=\"async\" data-src=\"https:\/\/www.meydan.tv\/wp-content\/uploads\/img-20230112-wa0052-616x821.jpg\" alt=\"\" class=\"wp-image-267533 lazyload\" width=\"797\" height=\"1062\" src=\"data:image\/svg+xml;base64,PHN2ZyB3aWR0aD0iMSIgaGVpZ2h0PSIxIiB4bWxucz0iaHR0cDovL3d3dy53My5vcmcvMjAwMC9zdmciPjwvc3ZnPg==\" style=\"--smush-placeholder-width: 797px; --smush-placeholder-aspect-ratio: 797\/1062;\" \/><figcaption class=\"wp-element-caption\">Miriyevl\u0259r ail\u0259si. Foto: Meydan TV<\/figcaption><\/figure>\n<\/div>\n\n\n<p><strong>&#8220;Qanun s\u0259rtl\u0259\u015fs\u0259, normal f\u0259aliyy\u0259tl\u0259 m\u0259\u015f\u011ful olmaq ist\u0259y\u0259n i\u015f adamlar\u0131 \u0259ziyy\u0259t \u00e7\u0259k\u0259r&#8221;<\/strong><\/p>\n\n\n\n<p>\u0130qtisad\u00e7\u0131 Natiq C\u0259f\u0259rli hesab edir ki, \u00f6lk\u0259d\u0259 m\u00fc\u0259ssis\u0259l\u0259rin qeydiyyatdan rahat \u015f\u0259kild\u0259 ke\u00e7m\u0259si bu c\u00fcr d\u0259l\u0259duz faktlar\u0131n\u0131n art\u0131m\u0131na r\u0259vac verir.<\/p>\n\n\n\n<p>Dediyin\u0259 g\u00f6r\u0259, Az\u0259rbaycan biznes qeydiyyat\u0131n\u0131n sad\u0259liyin\u0259 g\u00f6r\u0259 d\u00fcnyada ilk onluqdad\u0131r: &#8220;\u00dcst\u0259lik, d\u0259l\u0259duzluq fakt\u0131n\u0131n h\u0259m s\u0259lahiyy\u0259tli \u015f\u0259xsin \u00f6z\u00fcn\u00fcn i\u015ftirak\u0131, h\u0259m d\u0259 qeyri-leqal yolla, y\u0259ni yax\u0131n \u015f\u0259xsl\u0259rinin etibar\u0131ndan istifad\u0259 etm\u0259si il\u0259 yarad\u0131lmas\u0131 h\u00fcquqi \u015f\u0259xsi m\u0259suliyy\u0259td\u0259n azad etm\u0259diyind\u0259n saxta i\u015fbazlar\u0131n \u0259m\u0259li art\u0131r&#8221;.<\/p>\n\n\n\n<p>Ekspert saxta i\u015fbazlar v\u0259 d\u0259l\u0259duzluq fakt\u0131na g\u00f6r\u0259 qanunun s\u0259rtl\u0259\u015fm\u0259sini is\u0259 uy\u011fun saym\u0131r: <\/p>\n\n\n\n<p>&#8220;\u00dc\u00e7 g\u00fcn \u0259rzind\u0259 rahat \u015f\u0259kild\u0259 m\u00fc\u0259ssis\u0259ni, ist\u0259nil\u0259n h\u00fcquqi \u015f\u0259xsi qeydiyyatdan ke\u00e7irm\u0259k m\u00fcmk\u00fcnd\u00fcr. Y\u0259ni bu q\u0259d\u0259r rahat biznesi qeyd\u0259 ala bilirs\u0259n. Birincisi, v\u0259t\u0259nda\u015flar\u0131n b\u0259zil\u0259ri m\u0259suliyy\u0259tsiz yana\u015f\u0131rlar. Onlara yax\u0131nla\u015f\u0131b bel\u0259 t\u0259klifl\u0259r ir\u0259li s\u00fcr\u00fcl\u0259nd\u0259 m\u00fc\u0259yy\u0259n miqdarda da 200-300 manat t\u0259klif edirl\u0259r. Kas\u0131b \u0259halinin d\u0259 \u00e7ox zaman qanundan, h\u00fcquqdan ba\u015f\u0131 \u00e7\u0131xm\u0131r,\u00a0 ona g\u00f6r\u0259 d\u0259 bu t\u0259klif\u0259 raz\u0131la\u015f\u0131rlar. M\u00fc\u0259yy\u0259n m\u00fcdd\u0259td\u0259n sonra is\u0259 \u015firk\u0259tin vergi borcu onun ad\u0131na g\u0259lir, bunu istifad\u0259 ed\u0259nl\u0259r, pulu alanlar he\u00e7 bir h\u00fcquqi m\u0259suliyy\u0259t da\u015f\u0131m\u0131r. El\u0259 hallar olub ki, bir v\u0259t\u0259nda\u015f\u0131n ad\u0131na onlarla, h\u0259tta 100 yax\u0131n \u015firk\u0259t a\u00e7\u0131rlar. Qanun burada m\u0259suliyy\u0259t qoymur. Bundan da istifad\u0259 edib h\u0259m vergid\u0259n, h\u0259m d\u0259 sonrak\u0131 m\u0259suliyy\u0259td\u0259n yay\u0131nmaq rahat olur&#8221;.<\/p>\n\n\n<div class=\"wp-block-image\">\n<figure class=\"aligncenter size-large\"><img decoding=\"async\" width=\"1200\" height=\"696\" data-src=\"https:\/\/www.meydan.tv\/wp-content\/uploads\/image_from_ios_178-scaled-e1648798569981-1200x696.jpg\" alt=\"Natiq C\u0259f\u0259rli\" class=\"wp-image-210013 lazyload\" src=\"data:image\/svg+xml;base64,PHN2ZyB3aWR0aD0iMSIgaGVpZ2h0PSIxIiB4bWxucz0iaHR0cDovL3d3dy53My5vcmcvMjAwMC9zdmciPjwvc3ZnPg==\" style=\"--smush-placeholder-width: 1200px; --smush-placeholder-aspect-ratio: 1200\/696;\" \/><figcaption class=\"wp-element-caption\">Natiq C\u0259f\u0259rli, Foto: Meydan TV<\/figcaption><\/figure>\n<\/div>\n\n\n<p>&#8220;\u0130kincisi id\u0259 odur ki,&nbsp; qeyri-leqal yolla &#8220;Asan \u0130mza&#8221; v\u0259t\u0259nda\u015f\u0131n g\u00fcv\u0259ndiyi \u015f\u0259xsl\u0259r t\u0259r\u0259find\u0259n \u0259ld\u0259 edilir. \u018fld\u0259 edilmi\u015f &#8220;Asan \u0130mza&#8221; il\u0259 d\u0259 elektron xidm\u0259tl\u0259r, o c\u00fcml\u0259d\u0259n notarial xidm\u0259tl\u0259r g\u00f6r\u00fcl\u00fcr. Buna g\u00f6r\u0259 d\u0259 bu c\u00fcr d\u0259l\u0259duzluq faktlar\u0131n\u0131n qar\u015f\u0131s\u0131n\u0131 almaq v\u0259 h\u0259lli \u00fc\u00e7\u00fcn qanunun s\u0259rtl\u0259\u015fdirilm\u0259si yet\u0259rli deyil, \u00e7\u00fcnki qanun s\u0259rtl\u0259\u015f\u0259rs\u0259, normal iqtisadi f\u0259aliyy\u0259tl\u0259 m\u0259\u015f\u011ful olmaq ist\u0259y\u0259n i\u015f adamlar\u0131 \u0259ziyy\u0259t \u00e7\u0259k\u0259r. Bunun \u00fc\u00e7\u00fcn sosial \u00e7arxlar\u0131n, sosial reklamlar\u0131n m\u0259tbuatda, televiziya v\u0259 radiolarda maarifl\u0259ndirici t\u0259dbirl\u0259rin apar\u0131lmas\u0131, insanlar\u0131n maarifl\u0259ndirilm\u0259sin\u0259 ehtiyac var. D\u0259l\u0259duzlar\u0131n mara\u011f\u0131 is\u0259 budur ki, he\u00e7 bir h\u00fcquqi m\u0259suliyy\u0259t da\u015f\u0131m\u0131rlar, vergi borcu \u00f6d\u0259mirl\u0259r. Bir m\u00fcdd\u0259td\u0259n sonra ya kameral, ya stasionar yoxlamalar zaman\u0131 hans\u0131sa \u015firk\u0259tin borclar\u0131 a\u015fkarlan\u0131r. \u00d6lk\u0259d\u0259 200 mind\u0259n \u00e7ox h\u00fcquqi \u015f\u0259xs qeydiyyatdan ke\u00e7ib. Onlar\u0131 h\u0259r il yoxlamaq da m\u00fcmk\u00fcn deyil. Ona g\u00f6r\u0259 2-3 ild\u0259n bir yoxlamalar apar\u0131l\u0131r v\u0259 vergi borcu y\u0131\u011f\u0131lm\u0131\u015f bel\u0259 saxta sahibkarl\u0131q yolu il\u0259 a\u00e7\u0131lm\u0131\u015f \u015firk\u0259tl\u0259r \u00fcz\u0259 \u00e7\u0131x\u0131r. M\u0259lum olur ki, iri m\u0259bl\u0259\u011fd\u0259 borcla&nbsp; b\u00fcdc\u0259d\u0259n yay\u0131nmalar var. N\u0259tic\u0259d\u0259 d\u0259 h\u0259min saxta i\u015fbazlar m\u0259lumats\u0131z v\u0259t\u0259nda\u015flar\u0131 bel\u0259 \u00e7\u0131x\u0131lmaz durumla \u00fcz-\u00fcz\u0259 qoyur&#8221;, &#8211; Natiq C\u0259f\u0259rli bel\u0259 deyib.<\/p>\n\n\n\n<p><strong>&#8220;H\u0259r\u0259k\u0259t\u0259 ke\u00e7m\u0259zs\u0259, v\u0259t\u0259nda\u015f\u0131 ciddi probleml\u0259r g\u00f6zl\u0259yir&#8221;<\/strong><\/p>\n\n\n\n<p>H\u00fcquq\u015f\u00fcnas \u018fl\u0259sg\u0259r M\u0259mm\u0259dli t\u0259klif edir ki, saxta i\u015fbazlar\u0131n t\u0259l\u0259sin\u0259 d\u00fc\u015fm\u00fc\u015f v\u0259t\u0259nda\u015flar \u00f6nc\u0259 \u015firk\u0259tin nec\u0259 a\u00e7\u0131ld\u0131\u011f\u0131n\u0131 m\u00fcbahisl\u0259ndirm\u0259lidirl\u0259r:<\/p>\n\n\n\n<p>&#8220;Bu add\u0131m\u0131 atan \u015f\u0259xsl\u0259r a\u015fkarlan\u0131b d\u0259l\u0259duzluqla ba\u011fl\u0131 cinay\u0259t\u0259 c\u0259lb olunmal\u0131d\u0131r. \u00d6nc\u0259 qeydiyyatda oldu\u011fu prokurorluq orqanlar\u0131na \u0259riz\u0259 il\u0259 m\u00fcraci\u0259t edilm\u0259lidir. Bax\u0131lmad\u0131\u011f\u0131 t\u0259qdird\u0259 prokurorluq orqan\u0131n\u0131n q\u0259rar\u0131ndan m\u0259hk\u0259m\u0259y\u0259 m\u00fcraci\u0259t olunmal\u0131 v\u0259 \u0259n yax\u015f\u0131 halda is\u0259 v\u0259kil tutmaqla t\u0259qsirsizliyi s\u00fcbut edil\u0259 bil\u0259r. Bu Prokurorluq orqanlar\u0131n\u0131n i\u015fidir. \u015eikay\u0259t olunmal\u0131d\u0131r, Cinay\u0259t M\u0259c\u0259ll\u0259sinin 178-ci madd\u0259si il\u0259 cinay\u0259t i\u015fi ba\u015flan\u0131lmal\u0131d\u0131r. V\u0259t\u0259nda\u015f \u015fikay\u0259t \u0259riz\u0259sind\u0259 yazmal\u0131d\u0131r \u0259trafl\u0131 ki, hans\u0131 \u0259razid\u0259 g\u00f6r\u00fc\u015f olub, hans\u0131 bank hesab\u0131ndan pullar\u0131 o \u015f\u0259xsl\u0259r \u00e7\u0131xar\u0131b, pulu hans\u0131 formada almas\u0131na dair, el\u0259c\u0259 d\u0259 banka giri\u015fl\u0259ri, \u00e7\u0131x\u0131\u015flar\u0131 ham\u0131s\u0131n\u0131n g\u00f6r\u00fcnt\u00fcs\u00fc var v\u0259 ara\u015fd\u0131ralark\u0259n \u00fcz\u0259 \u00e7\u0131xarmaq m\u00fcmk\u00fcnd\u00fcr&#8221;.<\/p>\n\n\n<div class=\"wp-block-image\">\n<figure class=\"aligncenter size-full\"><img decoding=\"async\" width=\"1000\" height=\"541\" data-src=\"https:\/\/www.meydan.tv\/wp-content\/uploads\/47246.jpg\" alt=\"H\u00fcquq\u015f\u00fcnas \u018fl\u0259sg\u0259r M\u0259mm\u0259dli\" class=\"wp-image-118714 lazyload\" src=\"data:image\/svg+xml;base64,PHN2ZyB3aWR0aD0iMSIgaGVpZ2h0PSIxIiB4bWxucz0iaHR0cDovL3d3dy53My5vcmcvMjAwMC9zdmciPjwvc3ZnPg==\" style=\"--smush-placeholder-width: 1000px; --smush-placeholder-aspect-ratio: 1000\/541;\" \/><figcaption class=\"wp-element-caption\">\u018fl\u0259sg\u0259r M\u0259mm\u0259dli, Foto: AFU<\/figcaption><\/figure>\n<\/div>\n\n\n<p>&#8220;Ad\u0259t\u0259n, bir g\u00fcnl\u00fck \u015firk\u0259tl\u0259r olur, sat\u0131nalmalarda i\u015ftirak edir v\u0259 k\u00fclli miqdarda pul g\u00f6t\u00fcr\u00fcrl\u0259r. Pul \u00e7\u0259kilir, ancaq i\u015f g\u00f6r\u00fclm\u00fcr. Pul daxil olanda onu na\u011fdla\u015fd\u0131rark\u0259n bir faiz, yaxud g\u0259lir vergisi be\u015f faiz vergi \u00f6d\u0259m\u0259lidir. N\u0259tic\u0259d\u0259 d\u0259 \u00f6d\u0259nilmir v\u0259 v\u0259t\u0259nda\u015f\u0131n ad\u0131na a\u00e7\u0131lan m\u00fc\u0259\u0259sis\u0259nin vergi borcu yaran\u0131r. Ona g\u00f6r\u0259 Prokurorluq orqanlar\u0131na \u015fikay\u0259t edilm\u0259lidir. \u018fg\u0259r \u015fikay\u0259ti t\u0259min edilm\u0259zs\u0259, v\u0259t\u0259nda\u015f t\u0259qsirsizlik q\u0259rar\u0131ndan m\u0259hk\u0259m\u0259y\u0259 m\u00fcraci\u0259t ed\u0259 bil\u0259r. M\u0259hk\u0259m\u0259d\u0259 is\u0259 i\u015fin yoxlan\u0131lmas\u0131na s\u0131f\u0131rdan ba\u015flan\u0131lacaq. Eyni zamanda, v\u0259t\u0259nda\u015f prokurorluq orqan\u0131na etdiyi \u015fikay\u0259t \u0259riz\u0259sini \u015f\u0259xsiyy\u0259t v\u0259siq\u0259si il\u0259 birg\u0259 vergi orqan\u0131na t\u0259qdim etm\u0259lidir ki, ad\u0131na a\u00e7\u0131lan \u015firk\u0259td\u0259 vergi borcunun y\u0131\u011f\u0131lmas\u0131 dayand\u0131r\u0131ls\u0131n. \u018fn yax\u015f\u0131 halda is\u0259 v\u0259kil tutaraq b\u00fct\u00fcn laz\u0131m\u0131 t\u0259dbirl\u0259ri g\u00f6rd\u00fcr\u0259 bil\u0259r. \u00c7\u00fcnki balaca i\u015f deyil, ciddi d\u0259l\u0259duzluq fakt\u0131d\u0131r. \u00dcst\u00fcn\u0259 d\u00fc\u015f\u00fclm\u0259diyi t\u0259qdird\u0259 \u0259n yax\u015f\u0131 halda \u00f6lk\u0259d\u0259n xaric\u0259 \u00e7\u0131x\u0131\u015f\u0131 m\u0259hdudla\u015fd\u0131r\u0131la, \u0259n pis halda h\u0259bs oluna bil\u0259rl\u0259r. Y\u0259ni h\u0259r\u0259k\u0259t\u0259 ke\u00e7m\u0259zs\u0259, v\u0259t\u0259nda\u015f\u0131 ciddi probleml\u0259r g\u00f6zl\u0259yir&#8221;, &#8211; dey\u0259 h\u00fcquq\u015f\u00fcnas qeyd edib<\/p>\n\n\n\n<p>Ba\u015f Prokurorlu\u011fun M\u0259tbuat Xidm\u0259ti is\u0259 Meydan TV-nin m\u00f6vzu il\u0259 ba\u011fl\u0131 sor\u011fusunu ara\u015fd\u0131rd\u0131\u011f\u0131n\u0131 deyib.<\/p>\n","protected":false},"excerpt":{"rendered":"<p>&#8220;O d\u0259l\u0259duzlar\u0131n s\u0259lahiyy\u0259tli himay\u0259darlar\u0131 var&#8221; &#8220;\u0130ki vergi borcu il\u0259 ba\u011fl\u0131 &#8230; <\/p>\n<p class=\"read-more-container\"><a title=\"V\u0259t\u0259nda\u015flar\u0131n d\u00fc\u015fd\u00fcy\u00fc &#8220;vergi t\u0259l\u0259si&#8221;: i\u015fbazlar\u0131n \u015firk\u0259tl\u0259ri v\u0259 aldad\u0131lan i\u015fsizl\u0259r\" class=\"read-more button\" href=\"https:\/\/www.meydan.tv\/az\/article\/vetendaslarin-dusduyu-vergi-telesi-isbazlarin-sirketleri-ve-aldadilan-issizler\/#more-267551\" aria-label=\"Read more about V\u0259t\u0259nda\u015flar\u0131n d\u00fc\u015fd\u00fcy\u00fc &#8220;vergi t\u0259l\u0259si&#8221;: i\u015fbazlar\u0131n \u015firk\u0259tl\u0259ri v\u0259 aldad\u0131lan i\u015fsizl\u0259r\">Davam\u0131<\/a><\/p>\n","protected":false},"author":8,"featured_media":267530,"comment_status":"closed","ping_status":"closed","sticky":false,"template":"","format":"standard","meta":{"_acf_changed":false,"_sitemap_exclude":false,"_sitemap_priority":"","_sitemap_frequency":"","footnotes":""},"categories":[60,79,56],"tags":[],"class_list":["post-267551","post","type-post","status-publish","format-standard","has-post-thumbnail","hentry","category-bolge","category-featured","category-xeberler","infinite-scroll-item","generate-columns","tablet-grid-50","mobile-grid-100","grid-parent","grid-33","no-featured-image-padding"],"acf":[],"yoast_head":"<!-- This site is optimized with the Yoast SEO plugin v27.5 - https:\/\/yoast.com\/product\/yoast-seo-wordpress\/ -->\n<title>V\u0259t\u0259nda\u015flar\u0131n d\u00fc\u015fd\u00fcy\u00fc &quot;vergi t\u0259l\u0259si&quot;: i\u015fbazlar\u0131n \u015firk\u0259tl\u0259ri v\u0259 aldad\u0131lan i\u015fsizl\u0259r - MEYDAN.TV<\/title>\n<meta name=\"robots\" content=\"index, follow, max-snippet:-1, max-image-preview:large, max-video-preview:-1\" \/>\n<link rel=\"canonical\" href=\"https:\/\/www.meydan.tv\/az\/article\/vetendaslarin-dusduyu-vergi-telesi-isbazlarin-sirketleri-ve-aldadilan-issizler\/\" \/>\n<meta property=\"og:locale\" content=\"az_AZ\" \/>\n<meta property=\"og:type\" content=\"article\" \/>\n<meta property=\"og:title\" content=\"V\u0259t\u0259nda\u015flar\u0131n d\u00fc\u015fd\u00fcy\u00fc &quot;vergi t\u0259l\u0259si&quot;: i\u015fbazlar\u0131n \u015firk\u0259tl\u0259ri v\u0259 aldad\u0131lan i\u015fsizl\u0259r - MEYDAN.TV\" \/>\n<meta property=\"og:description\" content=\"&#8220;O d\u0259l\u0259duzlar\u0131n s\u0259lahiyy\u0259tli himay\u0259darlar\u0131 var&#8221; &#8220;\u0130ki vergi borcu il\u0259 ba\u011fl\u0131 ... Davam\u0131\" \/>\n<meta property=\"og:url\" content=\"https:\/\/www.meydan.tv\/az\/article\/vetendaslarin-dusduyu-vergi-telesi-isbazlarin-sirketleri-ve-aldadilan-issizler\/\" \/>\n<meta property=\"og:site_name\" content=\"MEYDAN.TV\" \/>\n<meta property=\"article:published_time\" content=\"2023-02-05T13:27:30+00:00\" \/>\n<meta property=\"article:modified_time\" content=\"2023-02-05T13:27:48+00:00\" \/>\n<meta property=\"og:image\" content=\"https:\/\/www.meydan.tv\/wp-content\/uploads\/img-20230112-wa0060.jpg\" \/>\n\t<meta property=\"og:image:width\" content=\"1200\" \/>\n\t<meta property=\"og:image:height\" content=\"675\" \/>\n\t<meta property=\"og:image:type\" content=\"image\/jpeg\" \/>\n<meta name=\"author\" content=\"elli\" \/>\n<meta name=\"twitter:card\" content=\"summary_large_image\" \/>\n<meta name=\"twitter:creator\" content=\"@elli\" \/>\n<script type=\"application\/ld+json\" class=\"yoast-schema-graph\">{\"@context\":\"https:\\\/\\\/schema.org\",\"@graph\":[{\"@type\":\"Article\",\"@id\":\"https:\\\/\\\/www.meydan.tv\\\/az\\\/article\\\/vetendaslarin-dusduyu-vergi-telesi-isbazlarin-sirketleri-ve-aldadilan-issizler\\\/#article\",\"isPartOf\":{\"@id\":\"https:\\\/\\\/www.meydan.tv\\\/az\\\/article\\\/vetendaslarin-dusduyu-vergi-telesi-isbazlarin-sirketleri-ve-aldadilan-issizler\\\/\"},\"author\":{\"name\":\"elli\",\"@id\":\"https:\\\/\\\/www.meydan.tv\\\/az\\\/#\\\/schema\\\/person\\\/9cdbecf90d17180ce1dfbd95b08dcf47\"},\"headline\":\"V\u0259t\u0259nda\u015flar\u0131n d\u00fc\u015fd\u00fcy\u00fc &#8220;vergi t\u0259l\u0259si&#8221;: i\u015fbazlar\u0131n \u015firk\u0259tl\u0259ri v\u0259 aldad\u0131lan i\u015fsizl\u0259r\",\"datePublished\":\"2023-02-05T13:27:30+00:00\",\"dateModified\":\"2023-02-05T13:27:48+00:00\",\"mainEntityOfPage\":{\"@id\":\"https:\\\/\\\/www.meydan.tv\\\/az\\\/article\\\/vetendaslarin-dusduyu-vergi-telesi-isbazlarin-sirketleri-ve-aldadilan-issizler\\\/\"},\"wordCount\":3328,\"publisher\":{\"@id\":\"https:\\\/\\\/www.meydan.tv\\\/az\\\/#organization\"},\"image\":{\"@id\":\"https:\\\/\\\/www.meydan.tv\\\/az\\\/article\\\/vetendaslarin-dusduyu-vergi-telesi-isbazlarin-sirketleri-ve-aldadilan-issizler\\\/#primaryimage\"},\"thumbnailUrl\":\"https:\\\/\\\/www.meydan.tv\\\/wp-content\\\/uploads\\\/img-20230112-wa0060.jpg\",\"articleSection\":[\"B\u00f6lg\u0259\",\"T\u00f6vsiy\u0259\",\"X\u0259b\u0259rl\u0259r\"],\"inLanguage\":\"az\"},{\"@type\":\"WebPage\",\"@id\":\"https:\\\/\\\/www.meydan.tv\\\/az\\\/article\\\/vetendaslarin-dusduyu-vergi-telesi-isbazlarin-sirketleri-ve-aldadilan-issizler\\\/\",\"url\":\"https:\\\/\\\/www.meydan.tv\\\/az\\\/article\\\/vetendaslarin-dusduyu-vergi-telesi-isbazlarin-sirketleri-ve-aldadilan-issizler\\\/\",\"name\":\"V\u0259t\u0259nda\u015flar\u0131n d\u00fc\u015fd\u00fcy\u00fc \\\"vergi t\u0259l\u0259si\\\": i\u015fbazlar\u0131n \u015firk\u0259tl\u0259ri v\u0259 aldad\u0131lan i\u015fsizl\u0259r - MEYDAN.TV\",\"isPartOf\":{\"@id\":\"https:\\\/\\\/www.meydan.tv\\\/az\\\/#website\"},\"primaryImageOfPage\":{\"@id\":\"https:\\\/\\\/www.meydan.tv\\\/az\\\/article\\\/vetendaslarin-dusduyu-vergi-telesi-isbazlarin-sirketleri-ve-aldadilan-issizler\\\/#primaryimage\"},\"image\":{\"@id\":\"https:\\\/\\\/www.meydan.tv\\\/az\\\/article\\\/vetendaslarin-dusduyu-vergi-telesi-isbazlarin-sirketleri-ve-aldadilan-issizler\\\/#primaryimage\"},\"thumbnailUrl\":\"https:\\\/\\\/www.meydan.tv\\\/wp-content\\\/uploads\\\/img-20230112-wa0060.jpg\",\"datePublished\":\"2023-02-05T13:27:30+00:00\",\"dateModified\":\"2023-02-05T13:27:48+00:00\",\"breadcrumb\":{\"@id\":\"https:\\\/\\\/www.meydan.tv\\\/az\\\/article\\\/vetendaslarin-dusduyu-vergi-telesi-isbazlarin-sirketleri-ve-aldadilan-issizler\\\/#breadcrumb\"},\"inLanguage\":\"az\",\"potentialAction\":[{\"@type\":\"ReadAction\",\"target\":[\"https:\\\/\\\/www.meydan.tv\\\/az\\\/article\\\/vetendaslarin-dusduyu-vergi-telesi-isbazlarin-sirketleri-ve-aldadilan-issizler\\\/\"]}]},{\"@type\":\"ImageObject\",\"inLanguage\":\"az\",\"@id\":\"https:\\\/\\\/www.meydan.tv\\\/az\\\/article\\\/vetendaslarin-dusduyu-vergi-telesi-isbazlarin-sirketleri-ve-aldadilan-issizler\\\/#primaryimage\",\"url\":\"https:\\\/\\\/www.meydan.tv\\\/wp-content\\\/uploads\\\/img-20230112-wa0060.jpg\",\"contentUrl\":\"https:\\\/\\\/www.meydan.tv\\\/wp-content\\\/uploads\\\/img-20230112-wa0060.jpg\",\"width\":1200,\"height\":675,\"caption\":\"V\u0259fa Miriyev\u0259 v\u0259 o\u011flu Nicat Miriyev. Fotolar: Meydan TV\"},{\"@type\":\"BreadcrumbList\",\"@id\":\"https:\\\/\\\/www.meydan.tv\\\/az\\\/article\\\/vetendaslarin-dusduyu-vergi-telesi-isbazlarin-sirketleri-ve-aldadilan-issizler\\\/#breadcrumb\",\"itemListElement\":[{\"@type\":\"ListItem\",\"position\":1,\"name\":\"Ana s\u0259hif\u0259\",\"item\":\"https:\\\/\\\/www.meydan.tv\\\/az\\\/\"},{\"@type\":\"ListItem\",\"position\":2,\"name\":\"B\u00f6lg\u0259\",\"item\":\"https:\\\/\\\/www.meydan.tv\\\/az\\\/section\\\/bolge\\\/\"},{\"@type\":\"ListItem\",\"position\":3,\"name\":\"V\u0259t\u0259nda\u015flar\u0131n d\u00fc\u015fd\u00fcy\u00fc &#8220;vergi t\u0259l\u0259si&#8221;: i\u015fbazlar\u0131n \u015firk\u0259tl\u0259ri v\u0259 aldad\u0131lan i\u015fsizl\u0259r\"}]},{\"@type\":\"WebSite\",\"@id\":\"https:\\\/\\\/www.meydan.tv\\\/az\\\/#website\",\"url\":\"https:\\\/\\\/www.meydan.tv\\\/az\\\/\",\"name\":\"MEYDAN.TV\",\"description\":\"Meydan TV Az\u0259rbaycan\u0131n media m\u0259kan\u0131ndak\u0131 alternativ s\u0259sidir\",\"publisher\":{\"@id\":\"https:\\\/\\\/www.meydan.tv\\\/az\\\/#organization\"},\"potentialAction\":[{\"@type\":\"SearchAction\",\"target\":{\"@type\":\"EntryPoint\",\"urlTemplate\":\"https:\\\/\\\/www.meydan.tv\\\/az\\\/?s={search_term_string}\"},\"query-input\":{\"@type\":\"PropertyValueSpecification\",\"valueRequired\":true,\"valueName\":\"search_term_string\"}}],\"inLanguage\":\"az\"},{\"@type\":\"Organization\",\"@id\":\"https:\\\/\\\/www.meydan.tv\\\/az\\\/#organization\",\"name\":\"Meydan TV\",\"url\":\"https:\\\/\\\/www.meydan.tv\\\/az\\\/\",\"logo\":{\"@type\":\"ImageObject\",\"inLanguage\":\"az\",\"@id\":\"https:\\\/\\\/www.meydan.tv\\\/az\\\/#\\\/schema\\\/logo\\\/image\\\/\",\"url\":\"https:\\\/\\\/www.meydan.tv\\\/wp-content\\\/uploads\\\/2021\\\/07\\\/meydan-logo.svg\",\"contentUrl\":\"https:\\\/\\\/www.meydan.tv\\\/wp-content\\\/uploads\\\/2021\\\/07\\\/meydan-logo.svg\",\"width\":195,\"height\":46,\"caption\":\"Meydan TV\"},\"image\":{\"@id\":\"https:\\\/\\\/www.meydan.tv\\\/az\\\/#\\\/schema\\\/logo\\\/image\\\/\"}},{\"@type\":\"Person\",\"@id\":\"https:\\\/\\\/www.meydan.tv\\\/az\\\/#\\\/schema\\\/person\\\/9cdbecf90d17180ce1dfbd95b08dcf47\",\"name\":\"elli\",\"sameAs\":[\"https:\\\/\\\/x.com\\\/elli\"]}]}<\/script>\n<!-- \/ Yoast SEO plugin. -->","yoast_head_json":{"title":"V\u0259t\u0259nda\u015flar\u0131n d\u00fc\u015fd\u00fcy\u00fc \"vergi t\u0259l\u0259si\": i\u015fbazlar\u0131n \u015firk\u0259tl\u0259ri v\u0259 aldad\u0131lan i\u015fsizl\u0259r - MEYDAN.TV","robots":{"index":"index","follow":"follow","max-snippet":"max-snippet:-1","max-image-preview":"max-image-preview:large","max-video-preview":"max-video-preview:-1"},"canonical":"https:\/\/www.meydan.tv\/az\/article\/vetendaslarin-dusduyu-vergi-telesi-isbazlarin-sirketleri-ve-aldadilan-issizler\/","og_locale":"az_AZ","og_type":"article","og_title":"V\u0259t\u0259nda\u015flar\u0131n d\u00fc\u015fd\u00fcy\u00fc \"vergi t\u0259l\u0259si\": i\u015fbazlar\u0131n \u015firk\u0259tl\u0259ri v\u0259 aldad\u0131lan i\u015fsizl\u0259r - MEYDAN.TV","og_description":"&#8220;O d\u0259l\u0259duzlar\u0131n s\u0259lahiyy\u0259tli himay\u0259darlar\u0131 var&#8221; &#8220;\u0130ki vergi borcu il\u0259 ba\u011fl\u0131 ... Davam\u0131","og_url":"https:\/\/www.meydan.tv\/az\/article\/vetendaslarin-dusduyu-vergi-telesi-isbazlarin-sirketleri-ve-aldadilan-issizler\/","og_site_name":"MEYDAN.TV","article_published_time":"2023-02-05T13:27:30+00:00","article_modified_time":"2023-02-05T13:27:48+00:00","og_image":[{"width":1200,"height":675,"url":"https:\/\/www.meydan.tv\/wp-content\/uploads\/img-20230112-wa0060.jpg","type":"image\/jpeg"}],"author":"elli","twitter_card":"summary_large_image","twitter_creator":"@elli","schema":{"@context":"https:\/\/schema.org","@graph":[{"@type":"Article","@id":"https:\/\/www.meydan.tv\/az\/article\/vetendaslarin-dusduyu-vergi-telesi-isbazlarin-sirketleri-ve-aldadilan-issizler\/#article","isPartOf":{"@id":"https:\/\/www.meydan.tv\/az\/article\/vetendaslarin-dusduyu-vergi-telesi-isbazlarin-sirketleri-ve-aldadilan-issizler\/"},"author":{"name":"elli","@id":"https:\/\/www.meydan.tv\/az\/#\/schema\/person\/9cdbecf90d17180ce1dfbd95b08dcf47"},"headline":"V\u0259t\u0259nda\u015flar\u0131n d\u00fc\u015fd\u00fcy\u00fc &#8220;vergi t\u0259l\u0259si&#8221;: i\u015fbazlar\u0131n \u015firk\u0259tl\u0259ri v\u0259 aldad\u0131lan i\u015fsizl\u0259r","datePublished":"2023-02-05T13:27:30+00:00","dateModified":"2023-02-05T13:27:48+00:00","mainEntityOfPage":{"@id":"https:\/\/www.meydan.tv\/az\/article\/vetendaslarin-dusduyu-vergi-telesi-isbazlarin-sirketleri-ve-aldadilan-issizler\/"},"wordCount":3328,"publisher":{"@id":"https:\/\/www.meydan.tv\/az\/#organization"},"image":{"@id":"https:\/\/www.meydan.tv\/az\/article\/vetendaslarin-dusduyu-vergi-telesi-isbazlarin-sirketleri-ve-aldadilan-issizler\/#primaryimage"},"thumbnailUrl":"https:\/\/www.meydan.tv\/wp-content\/uploads\/img-20230112-wa0060.jpg","articleSection":["B\u00f6lg\u0259","T\u00f6vsiy\u0259","X\u0259b\u0259rl\u0259r"],"inLanguage":"az"},{"@type":"WebPage","@id":"https:\/\/www.meydan.tv\/az\/article\/vetendaslarin-dusduyu-vergi-telesi-isbazlarin-sirketleri-ve-aldadilan-issizler\/","url":"https:\/\/www.meydan.tv\/az\/article\/vetendaslarin-dusduyu-vergi-telesi-isbazlarin-sirketleri-ve-aldadilan-issizler\/","name":"V\u0259t\u0259nda\u015flar\u0131n d\u00fc\u015fd\u00fcy\u00fc \"vergi t\u0259l\u0259si\": i\u015fbazlar\u0131n \u015firk\u0259tl\u0259ri v\u0259 aldad\u0131lan i\u015fsizl\u0259r - MEYDAN.TV","isPartOf":{"@id":"https:\/\/www.meydan.tv\/az\/#website"},"primaryImageOfPage":{"@id":"https:\/\/www.meydan.tv\/az\/article\/vetendaslarin-dusduyu-vergi-telesi-isbazlarin-sirketleri-ve-aldadilan-issizler\/#primaryimage"},"image":{"@id":"https:\/\/www.meydan.tv\/az\/article\/vetendaslarin-dusduyu-vergi-telesi-isbazlarin-sirketleri-ve-aldadilan-issizler\/#primaryimage"},"thumbnailUrl":"https:\/\/www.meydan.tv\/wp-content\/uploads\/img-20230112-wa0060.jpg","datePublished":"2023-02-05T13:27:30+00:00","dateModified":"2023-02-05T13:27:48+00:00","breadcrumb":{"@id":"https:\/\/www.meydan.tv\/az\/article\/vetendaslarin-dusduyu-vergi-telesi-isbazlarin-sirketleri-ve-aldadilan-issizler\/#breadcrumb"},"inLanguage":"az","potentialAction":[{"@type":"ReadAction","target":["https:\/\/www.meydan.tv\/az\/article\/vetendaslarin-dusduyu-vergi-telesi-isbazlarin-sirketleri-ve-aldadilan-issizler\/"]}]},{"@type":"ImageObject","inLanguage":"az","@id":"https:\/\/www.meydan.tv\/az\/article\/vetendaslarin-dusduyu-vergi-telesi-isbazlarin-sirketleri-ve-aldadilan-issizler\/#primaryimage","url":"https:\/\/www.meydan.tv\/wp-content\/uploads\/img-20230112-wa0060.jpg","contentUrl":"https:\/\/www.meydan.tv\/wp-content\/uploads\/img-20230112-wa0060.jpg","width":1200,"height":675,"caption":"V\u0259fa Miriyev\u0259 v\u0259 o\u011flu Nicat Miriyev. Fotolar: Meydan TV"},{"@type":"BreadcrumbList","@id":"https:\/\/www.meydan.tv\/az\/article\/vetendaslarin-dusduyu-vergi-telesi-isbazlarin-sirketleri-ve-aldadilan-issizler\/#breadcrumb","itemListElement":[{"@type":"ListItem","position":1,"name":"Ana s\u0259hif\u0259","item":"https:\/\/www.meydan.tv\/az\/"},{"@type":"ListItem","position":2,"name":"B\u00f6lg\u0259","item":"https:\/\/www.meydan.tv\/az\/section\/bolge\/"},{"@type":"ListItem","position":3,"name":"V\u0259t\u0259nda\u015flar\u0131n d\u00fc\u015fd\u00fcy\u00fc &#8220;vergi t\u0259l\u0259si&#8221;: i\u015fbazlar\u0131n \u015firk\u0259tl\u0259ri v\u0259 aldad\u0131lan i\u015fsizl\u0259r"}]},{"@type":"WebSite","@id":"https:\/\/www.meydan.tv\/az\/#website","url":"https:\/\/www.meydan.tv\/az\/","name":"MEYDAN.TV","description":"Meydan TV Az\u0259rbaycan\u0131n media m\u0259kan\u0131ndak\u0131 alternativ s\u0259sidir","publisher":{"@id":"https:\/\/www.meydan.tv\/az\/#organization"},"potentialAction":[{"@type":"SearchAction","target":{"@type":"EntryPoint","urlTemplate":"https:\/\/www.meydan.tv\/az\/?s={search_term_string}"},"query-input":{"@type":"PropertyValueSpecification","valueRequired":true,"valueName":"search_term_string"}}],"inLanguage":"az"},{"@type":"Organization","@id":"https:\/\/www.meydan.tv\/az\/#organization","name":"Meydan TV","url":"https:\/\/www.meydan.tv\/az\/","logo":{"@type":"ImageObject","inLanguage":"az","@id":"https:\/\/www.meydan.tv\/az\/#\/schema\/logo\/image\/","url":"https:\/\/www.meydan.tv\/wp-content\/uploads\/2021\/07\/meydan-logo.svg","contentUrl":"https:\/\/www.meydan.tv\/wp-content\/uploads\/2021\/07\/meydan-logo.svg","width":195,"height":46,"caption":"Meydan TV"},"image":{"@id":"https:\/\/www.meydan.tv\/az\/#\/schema\/logo\/image\/"}},{"@type":"Person","@id":"https:\/\/www.meydan.tv\/az\/#\/schema\/person\/9cdbecf90d17180ce1dfbd95b08dcf47","name":"elli","sameAs":["https:\/\/x.com\/elli"]}]}},"_links":{"self":[{"href":"https:\/\/www.meydan.tv\/az\/wp-json\/wp\/v2\/posts\/267551","targetHints":{"allow":["GET"]}}],"collection":[{"href":"https:\/\/www.meydan.tv\/az\/wp-json\/wp\/v2\/posts"}],"about":[{"href":"https:\/\/www.meydan.tv\/az\/wp-json\/wp\/v2\/types\/post"}],"author":[{"embeddable":true,"href":"https:\/\/www.meydan.tv\/az\/wp-json\/wp\/v2\/users\/8"}],"replies":[{"embeddable":true,"href":"https:\/\/www.meydan.tv\/az\/wp-json\/wp\/v2\/comments?post=267551"}],"version-history":[{"count":1,"href":"https:\/\/www.meydan.tv\/az\/wp-json\/wp\/v2\/posts\/267551\/revisions"}],"predecessor-version":[{"id":267555,"href":"https:\/\/www.meydan.tv\/az\/wp-json\/wp\/v2\/posts\/267551\/revisions\/267555"}],"wp:featuredmedia":[{"embeddable":true,"href":"https:\/\/www.meydan.tv\/az\/wp-json\/wp\/v2\/media\/267530"}],"wp:attachment":[{"href":"https:\/\/www.meydan.tv\/az\/wp-json\/wp\/v2\/media?parent=267551"}],"wp:term":[{"taxonomy":"category","embeddable":true,"href":"https:\/\/www.meydan.tv\/az\/wp-json\/wp\/v2\/categories?post=267551"},{"taxonomy":"post_tag","embeddable":true,"href":"https:\/\/www.meydan.tv\/az\/wp-json\/wp\/v2\/tags?post=267551"}],"curies":[{"name":"wp","href":"https:\/\/api.w.org\/{rel}","templated":true}]}}