{"id":267496,"date":"2023-02-03T21:33:11","date_gmt":"2023-02-03T17:33:11","guid":{"rendered":"https:\/\/www.meydan.tv\/?p=267496"},"modified":"2023-02-14T19:34:38","modified_gmt":"2023-02-14T15:34:38","slug":"naxcivan-30-ildir-ki-blokada-seraitinde-yasayiriq","status":"publish","type":"post","link":"https:\/\/www.meydan.tv\/az\/article\/naxcivan-30-ildir-ki-blokada-seraitinde-yasayiriq\/","title":{"rendered":"Nax\u00e7\u0131van: &#8220;30 ildir ki, blokada \u015f\u0259raitind\u0259 ya\u015fay\u0131r\u0131q&#8221;"},"content":{"rendered":"\n<figure class=\"wp-block-embed is-type-video is-provider-youtube wp-block-embed-youtube wp-embed-aspect-16-9 wp-has-aspect-ratio\"><div class=\"wp-block-embed__wrapper\">\n<iframe title=\"Nax\u00e7\u0131van: &quot;30 ildir ki, blokada \u015f\u0259raitind\u0259 ya\u015fay\u0131r\u0131q&quot;\" width=\"1200\" height=\"675\" data-src=\"https:\/\/www.youtube.com\/embed\/5ENPZlsNF9s?feature=oembed\" frameborder=\"0\" allow=\"accelerometer; autoplay; clipboard-write; encrypted-media; gyroscope; picture-in-picture; web-share\" allowfullscreen src=\"data:image\/svg+xml;base64,PHN2ZyB3aWR0aD0iMSIgaGVpZ2h0PSIxIiB4bWxucz0iaHR0cDovL3d3dy53My5vcmcvMjAwMC9zdmciPjwvc3ZnPg==\" class=\"lazyload\" data-load-mode=\"1\"><\/iframe>\n<\/div><\/figure>\n\n\n\n<!--more-->\n\n\n\n<p>\u201c30 ildir ki, blokada \u015f\u0259raitind\u0259 ya\u015fay\u0131r\u0131q. Az\u0259rbaycandan da indiy\u0259 q\u0259d\u0259r biziml\u0259 he\u00e7 kim maraqlanmay\u0131b. Y\u0259ni, Nax\u00e7\u0131van da Az\u0259rbaycan imi\u015f?!\u201d<\/p>\n\n\n\n<p>Nax\u00e7\u0131vanda Vasif Tal\u0131bov d\u00f6vr\u00fc qapan\u0131b. Bir aydan \u00e7oxdur ki, nax\u00e7\u0131vanl\u0131lar yeni m\u0259rh\u0259l\u0259y\u0259 ke\u00e7id edibl\u0259r. Bu g\u00fcnl\u0259rd\u0259 Nax\u00e7\u0131vanda azadl\u0131q mehi \u0259sm\u0259y\u0259 ba\u015flay\u0131b.&nbsp;<\/p>\n\n\n\n<p>\u201c\u018fslind\u0259, rahatl\u0131qd\u0131r. Dostuq, yolda\u015f\u0131q, g\u0259lib 5-10 d\u0259qiq\u0259 \u00e7ay i\u00e7ib gedirdik. \u0130ndi domino oynay\u0131r\u0131q, vaxt\u0131m\u0131z gedir\u201d.<\/p>\n\n\n\n<p>\u201cHaqq\u0131m\u0131z\u0131 t\u0259l\u0259b ed\u0259 bilmirdik. Haqq t\u0259l\u0259b ed\u0259ni nahaq yer\u0259 \u201cpodval\u201da qoyurdular. \u0130st\u0259s\u0259ydil\u0259r, h\u0259tta o adam\u0131 rahatl\u0131qla d\u00f6y\u00fcb t\u0259hqir ed\u0259 bil\u0259rdil\u0259r. Ona g\u00f6r\u0259 d\u0259 biz haqq\u0131m\u0131z\u0131 t\u0259l\u0259b ed\u0259 bilmirdik, o qal\u0131rd\u0131 bizim i\u00e7imizd\u0259. O da bizi i\u00e7\u0259rid\u0259n s\u00f6k\u00fcrd\u00fc\u2026\u201d&nbsp;<\/p>\n\n\n\n<p>Tal\u0131bovlu \u2013 Tal\u0131bovsuz nax\u00e7\u0131vanl\u0131lar\u0131 narahat ed\u0259n \u0259sas m\u0259sl\u0259l\u0259rd\u0259n biri i\u015fsizlikdir. Burada \u015f\u0259xsi biznes qurma\u011fa icaz\u0259 olmay\u0131b. H\u0259tta evind\u0259 ticar\u0259t v\u0259 ya m\u00fcxt\u0259lif xidm\u0259t sah\u0259l\u0259riyl\u0259 m\u0259\u015f\u011ful olanlar\u0131n da qap\u0131s\u0131n\u0131 polis k\u0259sdirib.<\/p>\n\n\n\n<p>Yeni s\u0259dr Fuad N\u0259c\u0259fli t\u0259yin olunar-olunmaz Nax\u00e7\u0131vanda s\u0259rb\u0259st taksi f\u0259aliyy\u0259tiyl\u0259 m\u0259\u015f\u011ful olunma\u011fa icaz\u0259 verils\u0259 d\u0259, \u00e7ox ke\u00e7m\u0259di ki, sistem \u0259vv\u0259lki \u00e7arx\u0131 il\u0259 d\u00f6nm\u0259y\u0259 ba\u015flad\u0131.&nbsp;<\/p>\n\n\n\n<p>\u201cKonkret icaz\u0259 yoxdur. Respublika \u201cDYP\u201dsinin r\u0259isi Ayaz m\u00fc\u0259llim var. Ayaz m\u00fc\u0259llim d\u0259f\u0259l\u0259rl\u0259 \u015f\u0259xs\u0259n m\u0259nim \u00f6z\u00fcm\u00fc\u2026 M\u0259h\u0259ll\u0259mizd\u0259, binan\u0131n qaba\u011f\u0131nda durdu\u011fum yerd\u0259 \u201cDYP\u201d g\u0259lib oturub ma\u015f\u0131na, deyib, s\u00fcr idar\u0259y\u0259. Niy\u0259? N\u0259 olub? S\u0259n icaz\u0259siz taksi f\u0259aliyy\u0259ti g\u00f6st\u0259rirs\u0259n. Soru\u015furam ki, b\u0259s ma\u015f\u0131n\u0131m normald\u0131r? Deyir, h\u0259. S\u00fcr\u00fcc\u00fcl\u00fcy\u00fcm var? Var. He\u00e7 kimin ail\u0259si, u\u015fa\u011f\u0131 bizd\u0259n etiraz etmir ki? Yox. B\u0259s s\u0259n m\u0259ni niy\u0259 i\u00e7\u0259ri apar\u0131rsan? Deyir ki, s\u0259n n\u00f6mr\u0259 almal\u0131san. \u0130ndi taksi n\u00f6mr\u0259l\u0259rinin d\u0259 qiym\u0259ti 10 min manatdan ba\u015flay\u0131r\u201d, H\u00fcseyn Q\u0259mb\u0259rov deyir.<\/p>\n\n\n\n<p>\u201cSar\u0131 taksil\u0259r biz\u0259 imkan vermir, qoymurlar. Deyirl\u0259r, biz 40 min verib ma\u015f\u0131n alm\u0131\u015f\u0131q, siz d\u0259 gedib bir UAZ 07 alm\u0131s\u0131n\u0131z ki, taksi i\u015fl\u0259y\u0259siniz. Deyir\u0259m, s\u0259nin d\u0259 ail\u0259n var, m\u0259nim d\u0259. H\u0259r\u0259 \u00f6z dolan\u0131\u015f\u0131\u011f\u0131 \u00fc\u00e7\u00fcn \u00e7al\u0131\u015f\u0131r. Bak\u0131da nec\u0259dir? Camaat s\u00fcr\u00fcr, ail\u0259sini doland\u0131r\u0131r. Taksini qoyuram q\u0131ra\u011fa, g\u0259lsin, m\u0259n\u0259 i\u015f versin, m\u0259n d\u0259 i\u015fl\u0259yim\u201d.<\/p>\n\n\n\n<p>Nax\u00e7\u0131vanda 500-d\u0259n \u00e7ox sar\u0131 taksi f\u0259aliyy\u0259t g\u00f6st\u0259rir. Taksi f\u0259aliyy\u0259ti g\u00f6st\u0259rm\u0259k \u00fc\u00e7\u00fcn d\u00f6vl\u0259td\u0259n taksi \u00fc\u00e7\u00fcn n\u0259z\u0259rd\u0259 tutulmu\u015f sari avtomobil sat\u0131n almal\u0131san.&nbsp; Bu avtomobill\u0259r onlara 35-40 min manata ba\u015fa g\u0259lir. &nbsp;<\/p>\n\n\n\n<p>\u201cBunun qanuni \u201cbirka\u201ds\u0131n\u0131n yeri burad\u0131r. Buran\u0131 l\u0259\u011fv edibl\u0259r. Bu t\u0259r\u0259fd\u0259n \u00f6zl\u0259ri 2022-ci ilin \u201cbirka\u201ds\u0131n\u0131 vurublar. Halbuki, bu, 2017-ci ilin ma\u015f\u0131n\u0131d\u0131r. \u018fvv\u0259l k\u00f6hn\u0259 ma\u015f\u0131n s\u00fcr\u00fcrd\u00fcm. Dedil\u0259r, 1 milyon getm\u0259lidir, 1 milyondan sonra m\u0259cburi d\u0259yi\u015fm\u0259lis\u0259n. Apar\u0131b qoydular \u201cDYP\u201d-nin h\u0259y\u0259tin\u0259. Dedil\u0259r, d\u0259yi\u015f. Qohum-\u0259qr\u0259badan bir az pul d\u00fcz\u0259ldib, 15 min ilkin \u00f6d\u0259ni\u015f etmi\u015f\u0259m. Ayda 461 manat pul verir\u0259m. El\u0259 adam var ki, 500 verir, 600 verir. Vallah, \u00e7atd\u0131ra bilmirik. Onu nec\u0259 ver\u0259k? \u015e\u0259h\u0259rd\u0259 d\u0259 adam yoxdur. Saat g\u00f6r ne\u00e7\u0259dir, h\u0259l\u0259 sift\u0259 etm\u0259mi\u015f\u0259m\u201d, s\u00fcr\u00fcc\u00fc S\u0259ttar \u018fhm\u0259dov deyir.<\/p>\n\n\n\n<p>B\u00fct\u00fcn \u00e7\u0259tinlikl\u0259rin\u0259 baxmayaraq, Nax\u00e7\u0131vanda taksi f\u0259aliyy\u0259tiyl\u0259 m\u0259\u015f\u011ful olmaq \u0259n m\u00fcmk\u00fcn qazanc yoludur.&nbsp;<\/p>\n\n\n\n<p>T\u00fcrkiy\u0259d\u0259n ikinci \u0259l t\u0259k\u0259r g\u0259tirib satan sahibkar Natiq Qulamov Vasif Tal\u0131bovun d\u00f6vr\u00fcnd\u0259 biznesinin \u0259lind\u0259n al\u0131nd\u0131\u011f\u0131n\u0131 deyir. Onun s\u00f6zl\u0259rin\u0259 g\u00f6r\u0259, he\u00e7 bir s\u0259r\u0259ncam olmadan obyekti s\u00f6k\u00fcl\u00fcb. Yerind\u0259 is\u0259 d\u00f6vl\u0259t m\u0259muruna m\u0259xsus oldu\u011fu deyil\u0259n ev tikilib.<\/p>\n\n\n\n<p>\u201cDedi ki, s\u0259r\u0259ncam yoxdur, tap\u015f\u0131r\u0131q var. S\u00f6z\u00fcn var? Ba\u015fqa s\u00f6z dey\u0259 bilm\u0259zdim. Dey\u0259sdim, ba\u015f\u0131m c\u0259lal\u0259tl\u0259r \u00e7\u0259k\u0259rdi. 60 ya\u015f\u0131mda m\u0259ni atd\u0131lar D\u0130N-in \u201cpodval\u201d\u0131na. 3 g\u00fcn m\u0259ni orada saxlad\u0131lar. D\u00fczd\u00fcr, m\u0259n\u0259 orada ba\u015fqa t\u0259zyiql\u0259r olmay\u0131b, amma ax\u0131 n\u0259y\u0259 g\u00f6r\u0259 m\u0259n orada yatmal\u0131yam? 2017-ci ild\u0259n indiy\u0259d\u0259k m\u0259nim 6 min \u0259d\u0259d t\u0259k\u0259rim \u00e7\u00fcr\u00fcd\u00fc. Bunun da birini 20 manatdan hesablayanda 120 min manat pul edir. K\u00fclli miqdarda m\u0259n\u0259 ziyan vuruldu. H\u0259m maddi, h\u0259m m\u0259n\u0259vi. Bax, bu maddiyyat\u0131, bu m\u0259n\u0259viyyat\u0131 kim \u00f6d\u0259y\u0259c\u0259k? Bilmir\u0259m. \u0130ndi i\u00e7\u0259rid\u0259 qal\u0131b \u00e7ox \u015feyl\u0259r\u2026\u201d\u00a0<\/p>\n\n\n\n<p>30 il sonra Nax\u00e7\u0131van r\u0259smi Bak\u0131ya daha yax\u0131n g\u00f6r\u00fcn\u00fcr. Qada\u011falar \u015f\u0259h\u0259rinin sakinl\u0259ri indi yeni rejimd\u0259n h\u00fcquqlar\u0131n\u0131n b\u0259rpa olunmas\u0131n\u0131 g\u00f6zl\u0259yir.<\/p>\n","protected":false},"excerpt":{"rendered":"","protected":false},"author":14,"featured_media":267497,"comment_status":"closed","ping_status":"closed","sticky":false,"template":"","format":"standard","meta":{"_acf_changed":false,"_sitemap_exclude":false,"_sitemap_priority":"","_sitemap_frequency":"","footnotes":""},"categories":[63,56],"tags":[],"class_list":["post-267496","post","type-post","status-publish","format-standard","has-post-thumbnail","hentry","category-video-2","category-xeberler","infinite-scroll-item","generate-columns","tablet-grid-50","mobile-grid-100","grid-parent","grid-33","no-featured-image-padding"],"acf":[],"yoast_head":"<!-- This site is optimized with the Yoast SEO plugin v27.5 - https:\/\/yoast.com\/product\/yoast-seo-wordpress\/ -->\n<title>Nax\u00e7\u0131van: &quot;30 ildir ki, blokada \u015f\u0259raitind\u0259 ya\u015fay\u0131r\u0131q&quot; - MEYDAN.TV<\/title>\n<meta name=\"robots\" content=\"index, follow, max-snippet:-1, max-image-preview:large, max-video-preview:-1\" \/>\n<link rel=\"canonical\" href=\"https:\/\/www.meydan.tv\/az\/article\/naxcivan-30-ildir-ki-blokada-seraitinde-yasayiriq\/\" \/>\n<meta property=\"og:locale\" content=\"az_AZ\" \/>\n<meta property=\"og:type\" content=\"article\" \/>\n<meta property=\"og:title\" content=\"Nax\u00e7\u0131van: &quot;30 ildir ki, blokada \u015f\u0259raitind\u0259 ya\u015fay\u0131r\u0131q&quot; - MEYDAN.TV\" \/>\n<meta property=\"og:url\" content=\"https:\/\/www.meydan.tv\/az\/article\/naxcivan-30-ildir-ki-blokada-seraitinde-yasayiriq\/\" \/>\n<meta property=\"og:site_name\" content=\"MEYDAN.TV\" \/>\n<meta property=\"article:published_time\" content=\"2023-02-03T17:33:11+00:00\" \/>\n<meta property=\"article:modified_time\" content=\"2023-02-14T15:34:38+00:00\" \/>\n<meta property=\"og:image\" content=\"https:\/\/www.meydan.tv\/wp-content\/uploads\/screenshot-at-feb-03-18-26-44-1200x664.png\" \/>\n\t<meta property=\"og:image:width\" content=\"1200\" \/>\n\t<meta property=\"og:image:height\" content=\"664\" \/>\n\t<meta property=\"og:image:type\" content=\"image\/png\" \/>\n<meta name=\"author\" content=\"roma\" \/>\n<meta name=\"twitter:card\" content=\"summary_large_image\" \/>\n<script type=\"application\/ld+json\" class=\"yoast-schema-graph\">{\"@context\":\"https:\\\/\\\/schema.org\",\"@graph\":[{\"@type\":\"Article\",\"@id\":\"https:\\\/\\\/www.meydan.tv\\\/az\\\/article\\\/naxcivan-30-ildir-ki-blokada-seraitinde-yasayiriq\\\/#article\",\"isPartOf\":{\"@id\":\"https:\\\/\\\/www.meydan.tv\\\/az\\\/article\\\/naxcivan-30-ildir-ki-blokada-seraitinde-yasayiriq\\\/\"},\"author\":{\"name\":\"roma\",\"@id\":\"https:\\\/\\\/www.meydan.tv\\\/az\\\/#\\\/schema\\\/person\\\/8f23e01c4de63326c13c319fb65ee65d\"},\"headline\":\"Nax\u00e7\u0131van: &#8220;30 ildir ki, blokada \u015f\u0259raitind\u0259 ya\u015fay\u0131r\u0131q&#8221;\",\"datePublished\":\"2023-02-03T17:33:11+00:00\",\"dateModified\":\"2023-02-14T15:34:38+00:00\",\"mainEntityOfPage\":{\"@id\":\"https:\\\/\\\/www.meydan.tv\\\/az\\\/article\\\/naxcivan-30-ildir-ki-blokada-seraitinde-yasayiriq\\\/\"},\"wordCount\":914,\"publisher\":{\"@id\":\"https:\\\/\\\/www.meydan.tv\\\/az\\\/#organization\"},\"image\":{\"@id\":\"https:\\\/\\\/www.meydan.tv\\\/az\\\/article\\\/naxcivan-30-ildir-ki-blokada-seraitinde-yasayiriq\\\/#primaryimage\"},\"thumbnailUrl\":\"https:\\\/\\\/www.meydan.tv\\\/wp-content\\\/uploads\\\/screenshot-at-feb-03-18-26-44.png\",\"articleSection\":[\"Video\",\"X\u0259b\u0259rl\u0259r\"],\"inLanguage\":\"az\"},{\"@type\":\"WebPage\",\"@id\":\"https:\\\/\\\/www.meydan.tv\\\/az\\\/article\\\/naxcivan-30-ildir-ki-blokada-seraitinde-yasayiriq\\\/\",\"url\":\"https:\\\/\\\/www.meydan.tv\\\/az\\\/article\\\/naxcivan-30-ildir-ki-blokada-seraitinde-yasayiriq\\\/\",\"name\":\"Nax\u00e7\u0131van: \\\"30 ildir ki, blokada \u015f\u0259raitind\u0259 ya\u015fay\u0131r\u0131q\\\" - MEYDAN.TV\",\"isPartOf\":{\"@id\":\"https:\\\/\\\/www.meydan.tv\\\/az\\\/#website\"},\"primaryImageOfPage\":{\"@id\":\"https:\\\/\\\/www.meydan.tv\\\/az\\\/article\\\/naxcivan-30-ildir-ki-blokada-seraitinde-yasayiriq\\\/#primaryimage\"},\"image\":{\"@id\":\"https:\\\/\\\/www.meydan.tv\\\/az\\\/article\\\/naxcivan-30-ildir-ki-blokada-seraitinde-yasayiriq\\\/#primaryimage\"},\"thumbnailUrl\":\"https:\\\/\\\/www.meydan.tv\\\/wp-content\\\/uploads\\\/screenshot-at-feb-03-18-26-44.png\",\"datePublished\":\"2023-02-03T17:33:11+00:00\",\"dateModified\":\"2023-02-14T15:34:38+00:00\",\"breadcrumb\":{\"@id\":\"https:\\\/\\\/www.meydan.tv\\\/az\\\/article\\\/naxcivan-30-ildir-ki-blokada-seraitinde-yasayiriq\\\/#breadcrumb\"},\"inLanguage\":\"az\",\"potentialAction\":[{\"@type\":\"ReadAction\",\"target\":[\"https:\\\/\\\/www.meydan.tv\\\/az\\\/article\\\/naxcivan-30-ildir-ki-blokada-seraitinde-yasayiriq\\\/\"]}]},{\"@type\":\"ImageObject\",\"inLanguage\":\"az\",\"@id\":\"https:\\\/\\\/www.meydan.tv\\\/az\\\/article\\\/naxcivan-30-ildir-ki-blokada-seraitinde-yasayiriq\\\/#primaryimage\",\"url\":\"https:\\\/\\\/www.meydan.tv\\\/wp-content\\\/uploads\\\/screenshot-at-feb-03-18-26-44.png\",\"contentUrl\":\"https:\\\/\\\/www.meydan.tv\\\/wp-content\\\/uploads\\\/screenshot-at-feb-03-18-26-44.png\",\"width\":1468,\"height\":812},{\"@type\":\"BreadcrumbList\",\"@id\":\"https:\\\/\\\/www.meydan.tv\\\/az\\\/article\\\/naxcivan-30-ildir-ki-blokada-seraitinde-yasayiriq\\\/#breadcrumb\",\"itemListElement\":[{\"@type\":\"ListItem\",\"position\":1,\"name\":\"Ana s\u0259hif\u0259\",\"item\":\"https:\\\/\\\/www.meydan.tv\\\/az\\\/\"},{\"@type\":\"ListItem\",\"position\":2,\"name\":\"X\u0259b\u0259rl\u0259r\",\"item\":\"https:\\\/\\\/www.meydan.tv\\\/az\\\/section\\\/xeberler\\\/\"},{\"@type\":\"ListItem\",\"position\":3,\"name\":\"Nax\u00e7\u0131van: &#8220;30 ildir ki, blokada \u015f\u0259raitind\u0259 ya\u015fay\u0131r\u0131q&#8221;\"}]},{\"@type\":\"WebSite\",\"@id\":\"https:\\\/\\\/www.meydan.tv\\\/az\\\/#website\",\"url\":\"https:\\\/\\\/www.meydan.tv\\\/az\\\/\",\"name\":\"MEYDAN.TV\",\"description\":\"Meydan TV Az\u0259rbaycan\u0131n media m\u0259kan\u0131ndak\u0131 alternativ s\u0259sidir\",\"publisher\":{\"@id\":\"https:\\\/\\\/www.meydan.tv\\\/az\\\/#organization\"},\"potentialAction\":[{\"@type\":\"SearchAction\",\"target\":{\"@type\":\"EntryPoint\",\"urlTemplate\":\"https:\\\/\\\/www.meydan.tv\\\/az\\\/?s={search_term_string}\"},\"query-input\":{\"@type\":\"PropertyValueSpecification\",\"valueRequired\":true,\"valueName\":\"search_term_string\"}}],\"inLanguage\":\"az\"},{\"@type\":\"Organization\",\"@id\":\"https:\\\/\\\/www.meydan.tv\\\/az\\\/#organization\",\"name\":\"Meydan TV\",\"url\":\"https:\\\/\\\/www.meydan.tv\\\/az\\\/\",\"logo\":{\"@type\":\"ImageObject\",\"inLanguage\":\"az\",\"@id\":\"https:\\\/\\\/www.meydan.tv\\\/az\\\/#\\\/schema\\\/logo\\\/image\\\/\",\"url\":\"https:\\\/\\\/www.meydan.tv\\\/wp-content\\\/uploads\\\/2021\\\/07\\\/meydan-logo.svg\",\"contentUrl\":\"https:\\\/\\\/www.meydan.tv\\\/wp-content\\\/uploads\\\/2021\\\/07\\\/meydan-logo.svg\",\"width\":195,\"height\":46,\"caption\":\"Meydan TV\"},\"image\":{\"@id\":\"https:\\\/\\\/www.meydan.tv\\\/az\\\/#\\\/schema\\\/logo\\\/image\\\/\"}},{\"@type\":\"Person\",\"@id\":\"https:\\\/\\\/www.meydan.tv\\\/az\\\/#\\\/schema\\\/person\\\/8f23e01c4de63326c13c319fb65ee65d\",\"name\":\"roma\"}]}<\/script>\n<!-- \/ Yoast SEO plugin. -->","yoast_head_json":{"title":"Nax\u00e7\u0131van: \"30 ildir ki, blokada \u015f\u0259raitind\u0259 ya\u015fay\u0131r\u0131q\" - MEYDAN.TV","robots":{"index":"index","follow":"follow","max-snippet":"max-snippet:-1","max-image-preview":"max-image-preview:large","max-video-preview":"max-video-preview:-1"},"canonical":"https:\/\/www.meydan.tv\/az\/article\/naxcivan-30-ildir-ki-blokada-seraitinde-yasayiriq\/","og_locale":"az_AZ","og_type":"article","og_title":"Nax\u00e7\u0131van: \"30 ildir ki, blokada \u015f\u0259raitind\u0259 ya\u015fay\u0131r\u0131q\" - MEYDAN.TV","og_url":"https:\/\/www.meydan.tv\/az\/article\/naxcivan-30-ildir-ki-blokada-seraitinde-yasayiriq\/","og_site_name":"MEYDAN.TV","article_published_time":"2023-02-03T17:33:11+00:00","article_modified_time":"2023-02-14T15:34:38+00:00","og_image":[{"width":1200,"height":664,"url":"https:\/\/www.meydan.tv\/wp-content\/uploads\/screenshot-at-feb-03-18-26-44-1200x664.png","type":"image\/png"}],"author":"roma","twitter_card":"summary_large_image","schema":{"@context":"https:\/\/schema.org","@graph":[{"@type":"Article","@id":"https:\/\/www.meydan.tv\/az\/article\/naxcivan-30-ildir-ki-blokada-seraitinde-yasayiriq\/#article","isPartOf":{"@id":"https:\/\/www.meydan.tv\/az\/article\/naxcivan-30-ildir-ki-blokada-seraitinde-yasayiriq\/"},"author":{"name":"roma","@id":"https:\/\/www.meydan.tv\/az\/#\/schema\/person\/8f23e01c4de63326c13c319fb65ee65d"},"headline":"Nax\u00e7\u0131van: &#8220;30 ildir ki, blokada \u015f\u0259raitind\u0259 ya\u015fay\u0131r\u0131q&#8221;","datePublished":"2023-02-03T17:33:11+00:00","dateModified":"2023-02-14T15:34:38+00:00","mainEntityOfPage":{"@id":"https:\/\/www.meydan.tv\/az\/article\/naxcivan-30-ildir-ki-blokada-seraitinde-yasayiriq\/"},"wordCount":914,"publisher":{"@id":"https:\/\/www.meydan.tv\/az\/#organization"},"image":{"@id":"https:\/\/www.meydan.tv\/az\/article\/naxcivan-30-ildir-ki-blokada-seraitinde-yasayiriq\/#primaryimage"},"thumbnailUrl":"https:\/\/www.meydan.tv\/wp-content\/uploads\/screenshot-at-feb-03-18-26-44.png","articleSection":["Video","X\u0259b\u0259rl\u0259r"],"inLanguage":"az"},{"@type":"WebPage","@id":"https:\/\/www.meydan.tv\/az\/article\/naxcivan-30-ildir-ki-blokada-seraitinde-yasayiriq\/","url":"https:\/\/www.meydan.tv\/az\/article\/naxcivan-30-ildir-ki-blokada-seraitinde-yasayiriq\/","name":"Nax\u00e7\u0131van: \"30 ildir ki, blokada \u015f\u0259raitind\u0259 ya\u015fay\u0131r\u0131q\" - MEYDAN.TV","isPartOf":{"@id":"https:\/\/www.meydan.tv\/az\/#website"},"primaryImageOfPage":{"@id":"https:\/\/www.meydan.tv\/az\/article\/naxcivan-30-ildir-ki-blokada-seraitinde-yasayiriq\/#primaryimage"},"image":{"@id":"https:\/\/www.meydan.tv\/az\/article\/naxcivan-30-ildir-ki-blokada-seraitinde-yasayiriq\/#primaryimage"},"thumbnailUrl":"https:\/\/www.meydan.tv\/wp-content\/uploads\/screenshot-at-feb-03-18-26-44.png","datePublished":"2023-02-03T17:33:11+00:00","dateModified":"2023-02-14T15:34:38+00:00","breadcrumb":{"@id":"https:\/\/www.meydan.tv\/az\/article\/naxcivan-30-ildir-ki-blokada-seraitinde-yasayiriq\/#breadcrumb"},"inLanguage":"az","potentialAction":[{"@type":"ReadAction","target":["https:\/\/www.meydan.tv\/az\/article\/naxcivan-30-ildir-ki-blokada-seraitinde-yasayiriq\/"]}]},{"@type":"ImageObject","inLanguage":"az","@id":"https:\/\/www.meydan.tv\/az\/article\/naxcivan-30-ildir-ki-blokada-seraitinde-yasayiriq\/#primaryimage","url":"https:\/\/www.meydan.tv\/wp-content\/uploads\/screenshot-at-feb-03-18-26-44.png","contentUrl":"https:\/\/www.meydan.tv\/wp-content\/uploads\/screenshot-at-feb-03-18-26-44.png","width":1468,"height":812},{"@type":"BreadcrumbList","@id":"https:\/\/www.meydan.tv\/az\/article\/naxcivan-30-ildir-ki-blokada-seraitinde-yasayiriq\/#breadcrumb","itemListElement":[{"@type":"ListItem","position":1,"name":"Ana s\u0259hif\u0259","item":"https:\/\/www.meydan.tv\/az\/"},{"@type":"ListItem","position":2,"name":"X\u0259b\u0259rl\u0259r","item":"https:\/\/www.meydan.tv\/az\/section\/xeberler\/"},{"@type":"ListItem","position":3,"name":"Nax\u00e7\u0131van: &#8220;30 ildir ki, blokada \u015f\u0259raitind\u0259 ya\u015fay\u0131r\u0131q&#8221;"}]},{"@type":"WebSite","@id":"https:\/\/www.meydan.tv\/az\/#website","url":"https:\/\/www.meydan.tv\/az\/","name":"MEYDAN.TV","description":"Meydan TV Az\u0259rbaycan\u0131n media m\u0259kan\u0131ndak\u0131 alternativ s\u0259sidir","publisher":{"@id":"https:\/\/www.meydan.tv\/az\/#organization"},"potentialAction":[{"@type":"SearchAction","target":{"@type":"EntryPoint","urlTemplate":"https:\/\/www.meydan.tv\/az\/?s={search_term_string}"},"query-input":{"@type":"PropertyValueSpecification","valueRequired":true,"valueName":"search_term_string"}}],"inLanguage":"az"},{"@type":"Organization","@id":"https:\/\/www.meydan.tv\/az\/#organization","name":"Meydan TV","url":"https:\/\/www.meydan.tv\/az\/","logo":{"@type":"ImageObject","inLanguage":"az","@id":"https:\/\/www.meydan.tv\/az\/#\/schema\/logo\/image\/","url":"https:\/\/www.meydan.tv\/wp-content\/uploads\/2021\/07\/meydan-logo.svg","contentUrl":"https:\/\/www.meydan.tv\/wp-content\/uploads\/2021\/07\/meydan-logo.svg","width":195,"height":46,"caption":"Meydan TV"},"image":{"@id":"https:\/\/www.meydan.tv\/az\/#\/schema\/logo\/image\/"}},{"@type":"Person","@id":"https:\/\/www.meydan.tv\/az\/#\/schema\/person\/8f23e01c4de63326c13c319fb65ee65d","name":"roma"}]}},"_links":{"self":[{"href":"https:\/\/www.meydan.tv\/az\/wp-json\/wp\/v2\/posts\/267496","targetHints":{"allow":["GET"]}}],"collection":[{"href":"https:\/\/www.meydan.tv\/az\/wp-json\/wp\/v2\/posts"}],"about":[{"href":"https:\/\/www.meydan.tv\/az\/wp-json\/wp\/v2\/types\/post"}],"author":[{"embeddable":true,"href":"https:\/\/www.meydan.tv\/az\/wp-json\/wp\/v2\/users\/14"}],"replies":[{"embeddable":true,"href":"https:\/\/www.meydan.tv\/az\/wp-json\/wp\/v2\/comments?post=267496"}],"version-history":[{"count":2,"href":"https:\/\/www.meydan.tv\/az\/wp-json\/wp\/v2\/posts\/267496\/revisions"}],"predecessor-version":[{"id":268399,"href":"https:\/\/www.meydan.tv\/az\/wp-json\/wp\/v2\/posts\/267496\/revisions\/268399"}],"wp:featuredmedia":[{"embeddable":true,"href":"https:\/\/www.meydan.tv\/az\/wp-json\/wp\/v2\/media\/267497"}],"wp:attachment":[{"href":"https:\/\/www.meydan.tv\/az\/wp-json\/wp\/v2\/media?parent=267496"}],"wp:term":[{"taxonomy":"category","embeddable":true,"href":"https:\/\/www.meydan.tv\/az\/wp-json\/wp\/v2\/categories?post=267496"},{"taxonomy":"post_tag","embeddable":true,"href":"https:\/\/www.meydan.tv\/az\/wp-json\/wp\/v2\/tags?post=267496"}],"curies":[{"name":"wp","href":"https:\/\/api.w.org\/{rel}","templated":true}]}}