{"id":267428,"date":"2023-02-03T14:08:25","date_gmt":"2023-02-03T10:08:25","guid":{"rendered":"https:\/\/www.meydan.tv\/?p=267428"},"modified":"2023-02-03T14:38:45","modified_gmt":"2023-02-03T10:38:45","slug":"hokumet-mediasi-aldigi-yeni-tezislerle-musteqil-metbuati-agent-cixarmaga-calisir","status":"publish","type":"post","link":"https:\/\/www.meydan.tv\/az\/article\/hokumet-mediasi-aldigi-yeni-tezislerle-musteqil-metbuati-agent-cixarmaga-calisir\/","title":{"rendered":"<strong>\u201cH\u00f6kum\u0259t medias\u0131 ald\u0131\u011f\u0131 yeni tezisl\u0259rl\u0259 m\u00fcst\u0259qil m\u0259tbuat\u0131 agent \u00e7\u0131xarma\u011fa \u00e7al\u0131\u015f\u0131r\u201d<\/strong>"},"content":{"rendered":"\n<p><\/p>\n\n\n\n<p><em>\u015e\u0259m\u015fad A\u011fa: \u201cK\u0259nar m\u0259qs\u0259d axtarmaq yalan v\u0259 b\u00f6htan tirajlayanlar\u0131n k\u00f6hn\u0259 pe\u015f\u0259sidir\u201d<\/em><\/p>\n\n\n\n<p>Az\u0259rbaycan\u0131n m\u00fcst\u0259qil media n\u00fcmay\u0259nd\u0259l\u0259ri media reyestri il\u0259 ba\u011fl\u0131 qanuna d\u0259yi\u015fiklik edilm\u0259si il\u0259 ba\u011fl\u0131 \u201cicaz\u0259li media ist\u0259mirik\u201d kampaniyas\u0131na ba\u015flay\u0131b.<\/p>\n\n\n\n<p>Reyestrin mahiyy\u0259tc\u0259 lisenziya, icaz\u0259 rolunu oynayaca\u011f\u0131n\u0131 d\u00fc\u015f\u00fcn\u0259n jurnalistl\u0259r bildirirl\u0259r ki, bu,&nbsp; Az\u0259rbaycan Konstitusiyas\u0131na ziddir.<\/p>\n\n\n\n<p>Kampaniyadan \u00f6nc\u0259 Az\u0259rbaycan\u0131n m\u00fcst\u0259qil jurnalistl\u0259ri v\u0259 media m\u00fct\u0259x\u0259ssisl\u0259ri \u201cMedia haqq\u0131nda\u201d Az\u0259rbaycan Respublikas\u0131 Qanununun t\u0259tbiqi n\u0259tic\u0259sind\u0259 ortaya \u00e7\u0131xan probleml\u0259rl\u0259rl\u0259 ba\u011fl\u0131 m\u00f6vqe s\u0259n\u0259di d\u0259 <a href=\"https:\/\/www.meydan.tv\/az\/article\/media-numayendeleri-qanuna-media-reyestri-ile-bagli-deyisiklik-teleb-edirler\/\" target=\"_blank\" rel=\"noreferrer noopener\">imzalam\u0131\u015fd\u0131<\/a>.<\/p>\n\n\n\n<p><strong>N\u0259 ba\u015f verib?<\/strong><\/p>\n\n\n\n<p>2021-ci ilin sonunda Az\u0259rbaycanda \u201cMedia haqq\u0131nda Qanun\u201d parlamentd\u0259 m\u00fczakir\u0259y\u0259 \u00e7\u0131xar\u0131l\u0131b v\u0259 q\u0259bul edilib.<\/p>\n\n\n\n<p>2022-ci ilin fevral\u0131nda \u00f6lk\u0259 ba\u015f\u00e7\u0131s\u0131n\u0131n qanunu t\u0259sdiql\u0259m\u0259sil\u0259 q\u00fcvv\u0259y\u0259 minib. Yeni qanun media v\u0259 jurnalistl\u0259rin vahid reyestrinin yarad\u0131lmas\u0131n\u0131 n\u0259z\u0259rd\u0259 tutur.<\/p>\n\n\n\n<p>Reyestrin apar\u0131lmas\u0131 qaydalar\u0131 \u00f6lk\u0259 ba\u015f\u00e7\u0131s\u0131n\u0131n 26 sentyabr 2022-ci il\u0259 tarixli F\u0259rman\u0131 il\u0259 t\u0259sdiq edilib.<\/p>\n\n\n\n<p>\u00d6lk\u0259nin m\u00fcst\u0259qil jurnalistl\u0259ri v\u0259 media sah\u0259sinin m\u00fct\u0259x\u0259ssisl\u0259ri d\u00fc\u015f\u00fcn\u00fcr ki, \u201cMedia haqq\u0131nda\u201d Qanunun q\u0259bulu, Media Reyestrinin yarad\u0131lmas\u0131 il\u0259 ba\u011fl\u0131 m\u00fcdd\u0259alar\u0131n t\u0259tbiqi ifad\u0259, media azadl\u0131\u011f\u0131na ziddir.<\/p>\n\n\n\n<p>Qanunun q\u0259bulu, t\u0259sdiqi \u0259r\u0259f\u0259sind\u0259 d\u0259 m\u00fcst\u0259qil jurnalistl\u0259r buna etirazlar\u0131n\u0131 bildirib, h\u0259tta iki d\u0259f\u0259 Milli M\u0259clisin \u00f6n\u00fcnd\u0259 etiraz aksiyas\u0131 ke\u00e7iribl\u0259r.<\/p>\n\n\n<div class=\"wp-block-image\">\n<figure class=\"aligncenter size-full\"><img decoding=\"async\" width=\"1200\" height=\"666\" data-src=\"https:\/\/www.meydan.tv\/wp-content\/uploads\/shutterstock_641835628-e1640022402421.jpg\" alt=\"\" class=\"wp-image-229203 lazyload\" src=\"data:image\/svg+xml;base64,PHN2ZyB3aWR0aD0iMSIgaGVpZ2h0PSIxIiB4bWxucz0iaHR0cDovL3d3dy53My5vcmcvMjAwMC9zdmciPjwvc3ZnPg==\" style=\"--smush-placeholder-width: 1200px; --smush-placeholder-aspect-ratio: 1200\/666;\" \/><figcaption class=\"wp-element-caption\">Milli M\u0259clis, Foto: By aquatarkus\/Shutterstock<\/figcaption><\/figure>\n<\/div>\n\n\n<p><strong>Media qurumlar\u0131n m\u0259hk\u0259m\u0259y\u0259 veril\u0259c\u0259yi il\u0259 ba\u011fl\u0131 a\u00e7\u0131qlama<\/strong><\/p>\n\n\n\n<p>M\u0259s\u0259l\u0259nin yenid\u0259n g\u00fcnd\u0259m\u0259 g\u0259lm\u0259sinin s\u0259b\u0259bi is\u0259 Median\u0131n \u0130nki\u015faf\u0131 Agentliyinin \u0130cra\u00e7\u0131 direktoru \u018fhm\u0259d \u0130smay\u0131lov \u00f6t\u0259n ay verdiyi <a href=\"https:\/\/pressklub.az\/news_az\/media\/ehmed-ismayilov-reyestre-daxil-edilmeyen-kiv-ler-mehkemeye-verilecek\/\" target=\"_blank\" rel=\"noreferrer noopener\">a\u00e7\u0131qlamad\u0131r<\/a>.<\/p>\n\n\n\n<p>H\u0259min a\u00e7\u0131qlamada bildirir ki, son iki ayda Media Reyestrind\u0259 qeydiyyatdan ke\u00e7m\u0259k \u00fc\u00e7\u00fcn m\u00fcraci\u0259t ed\u0259n media strukturlar\u0131n\u0131n say\u0131 200-d\u0259n \u00e7oxdur. Onlardan160-a yax\u0131n\u0131na m\u00fcsb\u0259t cavab verilib, dig\u0259rl\u0259rinin m\u00fcraci\u0259tl\u0259rin\u0259 bax\u0131l\u0131r: <\/p>\n\n\n\n<p>\u201cH\u0259m\u00e7inin 180-\u0259 q\u0259d\u0259r jurnalistin m\u00fcraci\u0259ti t\u0259sdiq edilib\u201d.<\/p>\n\n\n\n<p>Media reyestrind\u0259n ke\u00e7m\u0259y\u0259nl\u0259r\u0259 g\u0259linc\u0259, \u018fhm\u0259d \u0130smay\u0131lov h\u0259min medialar\u0131n m\u0259hk\u0259m\u0259y\u0259 veril\u0259c\u0259yini s\u00f6yl\u0259yib:<\/p>\n\n\n\n<p>\u201cQanunda g\u00f6st\u0259ril\u0259n 6 ayl\u0131q m\u00fcdd\u0259t bit\u0259nd\u0259n sonra biz onlar haqq\u0131nda m\u0259s\u0259l\u0259ni m\u0259hk\u0259m\u0259 qar\u015f\u0131s\u0131nda qald\u0131raca\u011f\u0131q. F\u0259aliyy\u0259tl\u0259rinin davam etdirilib-etdirilm\u0259m\u0259si bar\u0259d\u0259 q\u0259rar\u0131 is\u0259 m\u0259hk\u0259m\u0259 ver\u0259c\u0259k\u201d.<\/p>\n\n\n\n<p>H\u00f6kum\u0259t medias\u0131 m\u00fcst\u0259qil jurnalistl\u0259rin kampaniyas\u0131n\u0131 \u201cqarayaxma\u201d adland\u0131r\u0131b. Bir ne\u00e7\u0259 media qurumda sifari\u015fli oldu\u011fu sezil\u0259n materiallarda \u0130randak\u0131 hadis\u0259l\u0259rd\u0259n sonra bel\u0259 bir kampaniyan\u0131n ba\u015flanmas\u0131n\u0131n s\u0259b\u0259bi sor\u011fulan\u0131r.<\/p>\n\n\n<div class=\"wp-block-image\">\n<figure class=\"aligncenter size-full\"><img decoding=\"async\" width=\"800\" height=\"563\" data-src=\"https:\/\/www.meydan.tv\/wp-content\/uploads\/modern.az_modern.az_ehmed_ismayilov_357_445.jpg\" alt=\"\u018fhm\u0259d \u0130smay\u0131lov\" class=\"wp-image-207269 lazyload\" src=\"data:image\/svg+xml;base64,PHN2ZyB3aWR0aD0iMSIgaGVpZ2h0PSIxIiB4bWxucz0iaHR0cDovL3d3dy53My5vcmcvMjAwMC9zdmciPjwvc3ZnPg==\" style=\"--smush-placeholder-width: 800px; --smush-placeholder-aspect-ratio: 800\/563;\" \/><figcaption class=\"wp-element-caption\">\u018fhm\u0259d \u0130smay\u0131lov, Foto: Azertac<\/figcaption><\/figure>\n<\/div>\n\n\n<p><strong>\u201cB\u0259s niy\u0259 \u0259l\u0259baxan jurnalistl\u0259r h\u00f6kum\u0259td\u0259n ev, qrant, qay\u011f\u0131 ist\u0259y\u0259nd\u0259 vaxt sor\u011fulanm\u0131r?\u201d<\/strong><\/p>\n\n\n\n<p>Buna cavab olaraq \u201cToplum TV\u201d-nin ba\u015f redaktoru X\u0259dic\u0259 \u0130smay\u0131lova bildirir ki,&nbsp; dedikl\u0259ri, sad\u0259c\u0259, g\u00fcl\u00fcncd\u00fcr: <\/p>\n\n\n\n<p>&#8220;Niy\u0259 indi? \u00c7\u00fcnki say\u0259l\u0259rind\u0259 b\u00f6lg\u0259mizin bir rahat g\u00fcn\u00fc yoxdur ki, biz d\u0259 d\u0259rdimiz bar\u0259sind\u0259 dan\u0131\u015faq. \u018fg\u0259r vaxt\u0131 deyildis\u0259, d\u00fcn\u0259n g\u0259ncl\u0259r g\u00fcn\u00fcn\u00fc d\u0259 qeyd etm\u0259zdil\u0259r. Yaxud s\u0259h\u0259r durub yem\u0259k yem\u0259sinl\u0259r, h\u0259yatlar\u0131n\u0131 ya\u015famas\u0131nlar. Yaxud vaxt\u0131 deyils\u0259, h\u00f6kum\u0259td\u0259n subsidiya, ev t\u0259l\u0259b etm\u0259sinl\u0259r. Ax\u0131 vaxt\u0131 deyil, \u00f6lk\u0259 m\u00fcharib\u0259 \u015f\u0259raitind\u0259dir. Amma \u0259l\u0259baxan jurnalistl\u0259rin h\u00f6kum\u0259td\u0259n ev, qrant, qay\u011f\u0131 ist\u0259m\u0259si \u00fc\u00e7\u00fcn vaxt sor\u011fulanm\u0131r. Onlar yax\u015f\u0131 ya\u015famaq \u00fc\u00e7\u00fcn n\u0259l\u0259rs\u0259 t\u0259l\u0259b ed\u0259nd\u0259, he\u00e7 g\u00f6r vaxt\u0131d\u0131r, dey\u0259n olmur\u201d.<\/p>\n\n\n\n<p><strong>\u201cS\u00f6z azadl\u0131\u011f\u0131 il\u0259 ba\u011fl\u0131 real probleml\u0259rin dil\u0259 g\u0259tirilm\u0259sinin vaxt\u0131 deyil?\u201d<\/strong><\/p>\n\n\n\n<p>X\u0259dic\u0259 \u0130smay\u0131lova deyir ki, ilin 12 ay\u0131 \u0259l\u0259 baxan jurnalistl\u0259r \u00f6z probleml\u0259rind\u0259n dan\u0131\u015f\u0131r, h\u00f6kum\u0259tin ba\u015f\u0131n\u0131 xarab edirl\u0259r:<\/p>\n\n\n\n<p>\u201cAmma \u00f6lk\u0259d\u0259 s\u00f6z azadl\u0131\u011f\u0131 il\u0259 ba\u011fl\u0131 real probleml\u0259ri dil\u0259 g\u0259tirm\u0259k \u00fc\u00e7\u00fcn vaxt deyil, h\u0259? D\u0259rhal \u0130ran m\u0259s\u0259l\u0259si \u00e7\u0131xar ortal\u0131\u011fa, m\u00fcharib\u0259 yada d\u00fc\u015f\u0259r v\u0259 s. Y\u0259ni biz\u0259 probleml\u0259rd\u0259n dan\u0131\u015fmaq \u00fc\u00e7\u00fcn vaxt v\u0259 yeri deyil. Amma icarz\u0259 ver, vaxt\u0131, yeri olmasa da \u0259l\u0259 baxam jurnalistl\u0259r yaltaql\u0131qlar\u0131n\u0131 davam etdirsinl\u0259r. H\u00f6kum\u0259td\u0259n pul dil\u0259nsinl\u0259r, yalan dan\u0131\u015fs\u0131nlar. Bunun \u00fc\u00e7\u00fcn h\u0259mi\u015f\u0259 vaxt var, amma problemi dil\u0259 g\u0259tirm\u0259yin h\u0259mi\u015f\u0259 vaxt\u0131 v\u0259 yeri olmur\u201d.<\/p>\n\n\n<div class=\"wp-block-image\">\n<figure class=\"aligncenter size-full\"><img decoding=\"async\" width=\"955\" height=\"652\" data-src=\"https:\/\/www.meydan.tv\/wp-content\/uploads\/xadica.jpg\" alt=\"X\u0259dic\u0259 \u0130smay\u0131l\" class=\"wp-image-210298 lazyload\" src=\"data:image\/svg+xml;base64,PHN2ZyB3aWR0aD0iMSIgaGVpZ2h0PSIxIiB4bWxucz0iaHR0cDovL3d3dy53My5vcmcvMjAwMC9zdmciPjwvc3ZnPg==\" style=\"--smush-placeholder-width: 955px; --smush-placeholder-aspect-ratio: 955\/652;\" \/><figcaption class=\"wp-element-caption\">Source: X\u0259dic\u0259 \u0130smay\u0131lovan\u0131n \u015f\u0259xsi arxivind\u0259n<\/figcaption><\/figure>\n<\/div>\n\n\n<p><strong>\u201cEtirazlar indi ba\u015flamay\u0131b\u201d<\/strong><\/p>\n\n\n\n<p>\u201c<a href=\"http:\/\/arqument.az\/\" target=\"_blank\" rel=\"noreferrer noopener\">Arqument.az<\/a>\u201d sayt\u0131n\u0131n redaktoru \u015e\u0259m\u015fad A\u011fa da deyir ki, qanuna v\u0259 qanunda n\u0259z\u0259rd\u0259 tutulan reyestr\u0259 h\u0259l\u0259 qanun parlamentd\u0259 m\u00fczakir\u0259 olunanda da etiraz edilib. Bir ne\u00e7\u0259 aksiya, ictimai dinl\u0259m\u0259, m\u00fczakir\u0259 t\u0259\u015fkil olunub, y\u0259ni etirazlar indi ba\u015flamay\u0131b:<\/p>\n\n\n\n<p>\u201cT\u0259\u0259ss\u00fcf ki, qanun m\u00fczakir\u0259l\u0259rd\u0259n ke\u00e7di v\u0259 prezident d\u0259 t\u0259sdiql\u0259di. H\u0259tta h\u0259min \u0259r\u0259f\u0259d\u0259 bir qrup media t\u0259msil\u00e7isi qanunu t\u0259sdiql\u0259m\u0259sin dey\u0259 \u00f6lk\u0259 ba\u015f\u00e7\u0131s\u0131na da m\u00fcraci\u0259t etmi\u015fdi. Y\u0259ni bu kampaniyan\u0131 indi ba\u015flamam\u0131\u015f\u0131q ki, kiml\u0259rs\u0259 bundan \u00f6z d\u00fc\u015f\u00fcnc\u0259l\u0259rin\u0259 uy\u011fun n\u0259tic\u0259l\u0259r \u00e7\u0131xar\u0131rlar. Art\u0131q 40-a yax\u0131n media orqan\u0131n\u0131n reystrd\u0259n ke\u00e7m\u0259 m\u0259s\u0259l\u0259sind\u0259 problem yaran\u0131b, 10 sayta imtina verilib, m\u0259hk\u0259m\u0259y\u0259 m\u00fcraci\u0259t ed\u0259n jurnalist\u0259r, media t\u0259msil\u00e7il\u0259ri var\u201d.<\/p>\n\n\n\n<p><strong>\u201cM\u0259s\u0259l\u0259ni g\u00fcnd\u0259m\u0259 Median\u0131n \u0130nki\u015faf\u0131 Agentliyi g\u0259tirib\u201d<\/strong><\/p>\n\n\n\n<p>\u015e\u0259m\u015fad A\u011fa bildirir ki, dem\u0259li, m\u0259s\u0259l\u0259ni yenid\u0259n g\u00fcnd\u0259m\u0259 d\u0259 Median\u0131n \u0130nki\u015faf\u0131 Agentliyi \u00f6z\u00fc g\u0259tirib. \u0130ndi diqq\u0259ti yay\u0131nd\u0131rmaq \u00fc\u00e7\u00fcn bu etirazlarda ba\u015fqa \u00e7alar axtar\u0131rlar: <\/p>\n\n\n\n<p>\u201c\u00c7\u00fcnki reyestrd\u0259 qoyulan \u015f\u0259rtl\u0259r a\u011f\u0131rd\u0131r, baxmayaraq ki, M\u0130A r\u0259smil\u0259ri deyirdil\u0259r ki, \u201creyestr k\u00f6n\u00fcll\u00fcd\u00fcr\u201d. Y\u0259ni qanunda \u0259ks olunan bir t\u0259l\u0259b nec\u0259 k\u00f6n\u00fcll\u00fc ola bil\u0259r, bu art\u0131q ba\u015fqa m\u00f6vzudur. Bildiyiniz kimi, bu qanun Venesiya Komissiyas\u0131ndan m\u0259nfi r\u0259y al\u0131b, ke\u00e7m\u0259yib, Avropa \u015euras\u0131 Nazirl\u0259r Komit\u0259si Az\u0259rbaycan\u0131 qanunu tam \u015f\u0259kild\u0259 Avropa \u015euras\u0131n\u0131n standartlar\u0131na uy\u011funla\u015fd\u0131rmaq \u00fc\u00e7\u00fcn t\u0259dbirl\u0259r g\u00f6rm\u0259y\u0259 d\u0259v\u0259t edib. Az\u0259rbaycan\u0131n media v\u0259 internet azadl\u0131\u011f\u0131 indeksl\u0259rind\u0259ki yeri d\u0259 h\u0259r k\u0259s\u0259 b\u0259llidir\u201d.<\/p>\n\n\n\n<p><strong>\u201cK\u0259nar m\u0259qs\u0259d axtarmaq yalan v\u0259 b\u00f6htan tirajlayanlar\u0131n k\u00f6hn\u0259 pe\u015f\u0259sidir\u201d<\/strong><\/p>\n\n\n\n<p>Ba\u015f redaktor hesab edir ki, bu qanun d\u0259yi\u015fdirilm\u0259li, reyestr l\u0259\u011fv edilm\u0259lidir: <\/p>\n\n\n\n<p>\u201cBurada hans\u0131sa k\u0259nar m\u0259qs\u0259d axtarmaq yalan v\u0259 b\u00f6htan tirajlayanlar\u0131n k\u00f6hn\u0259 pe\u015f\u0259sidir\u201d.<\/p>\n\n\n<div class=\"wp-block-image\">\n<figure class=\"aligncenter size-full\"><img decoding=\"async\" width=\"1200\" height=\"799\" data-src=\"https:\/\/www.meydan.tv\/wp-content\/uploads\/79838514_3045939278759222_6121941182789451776_n.jpg\" alt=\"\" class=\"wp-image-267429 lazyload\" src=\"data:image\/svg+xml;base64,PHN2ZyB3aWR0aD0iMSIgaGVpZ2h0PSIxIiB4bWxucz0iaHR0cDovL3d3dy53My5vcmcvMjAwMC9zdmciPjwvc3ZnPg==\" style=\"--smush-placeholder-width: 1200px; --smush-placeholder-aspect-ratio: 1200\/799;\" \/><figcaption class=\"wp-element-caption\">Foto: \u015e\u0259m\u015fad A\u011fan\u0131n \u015f\u0259xsi arxivind\u0259n<\/figcaption><\/figure>\n<\/div>\n\n\n<p><strong>\u201c\u018fhm\u0259d \u0130smay\u0131lov \u201cqeydiyyat\u0131n\u0131z yoxdursa, yoxsunuz\u201d deyir\u201d<\/strong><\/p>\n\n\n\n<p>\u201c<a target=\"_blank\" href=\"http:\/\/abzas.net\/\" rel=\"noreferrer noopener\">Abzas.net<\/a>\u201d sayt\u0131n\u0131n redaktoru Sevinc Vaqifq\u0131z\u0131 da son ba\u015flanan kampaniya bar\u0259sind\u0259 m\u0259lumat verib.<\/p>\n\n\n\n<p>O bildirib ki, m\u0259s\u0259l\u0259nin yenid\u0259n g\u00fcnd\u0259m\u0259 g\u0259lm\u0259si \u018fhm\u0259d \u0130smay\u0131lovun a\u00e7\u0131qlamas\u0131 il\u0259 ba\u011fl\u0131d\u0131r: \u201cReyestr t\u0259sdiq olunandan sonrak\u0131 6 ay \u0259rzind\u0259 media orqanlar\u0131 bu reyestrd\u0259 qeydiyyatdan ke\u00e7m\u0259k \u00fc\u00e7\u00fcn m\u00fcraci\u0259t etm\u0259lidirl\u0259r. Hans\u0131 media m\u00fcraci\u0259t etm\u0259y\u0259c\u0259ks\u0259, Median\u0131n \u0130nki\u015faf\u0131 Agentliyi onunla ba\u011fl\u0131&nbsp; m\u0259hk\u0259m\u0259y\u0259 m\u00fcraci\u0259t ed\u0259c\u0259k. \u018fhm\u0259d \u0130smay\u0131lov a\u00e7\u0131qlamas\u0131nda deyir ki, m\u00fcraci\u0259t etm\u0259y\u0259n media orqanlar\u0131n\u0131n f\u0259aliyy\u0259tinin dayand\u0131r\u0131lmas\u0131 il\u0259 ba\u011fl\u0131 m\u0259hk\u0259m\u0259y\u0259 \u015fikay\u0259t ver\u0259c\u0259kl\u0259r. Bu yax\u0131nlarda da \u018fhm\u0259d \u0130smay\u0131lov bir jurnalistin sual\u0131na cavabda dedi ki, \u201csizin qeydiyyat\u0131n\u0131z yoxdursa, siz yoxsunuz. Akreditasiyadan ke\u00e7m\u0259mi\u015f bir m\u0259tbu orqan\u0131n \u0259m\u0259kda\u015f\u0131 deyilsinizs\u0259, yen\u0259 siz yoxsunuz\u201d. Bu o dem\u0259kdir ki, mart ay\u0131n\u0131 g\u00f6zl\u0259yirl\u0259r ki, saytlarla ba\u011fl\u0131 k\u00fctl\u0259vi \u015f\u0259kild\u0259 m\u0259hk\u0259m\u0259y\u0259 m\u00fcraci\u0259t etm\u0259y\u0259 ba\u015flas\u0131nlar\u201d.<\/p>\n\n\n\n<p><strong>\u201cM\u00fcst\u0259qil media orqanlar\u0131n\u0131n ba\u011flanmas\u0131na nail olmaq ist\u0259yirl\u0259r\u201d<\/strong><\/p>\n\n\n\n<p>Sevinc Vaqifq\u0131z\u0131 \u0259lav\u0259 edir ki, bununla da m\u00fcst\u0259qil media orqanlar\u0131n\u0131n ba\u011flanmas\u0131na nail olmaq ist\u0259yirl\u0259r. Odur ki, mart\u0131 g\u00f6zl\u0259m\u0259d\u0259n b\u0259zi t\u0259dbirl\u0259r ke\u00e7irm\u0259y\u0259, ictimai m\u00fczakir\u0259l\u0259r t\u0259\u015fkil etm\u0259y\u0259 v\u0259 kampaniyalar ke\u00e7irm\u0259y\u0259 ba\u015flay\u0131blar:<\/p>\n\n\n\n<p>\u201cBiz kampaniya bar\u0259d\u0259 ortaq q\u0259rara g\u0259l\u0259nd\u0259, \u00fcmumiyy\u0259tl\u0259, \u0130randak\u0131 hadis\u0259 ba\u015f verm\u0259mi\u015fdi. Absurddur ki, \u0130randan tezis g\u0259lib, bunun say\u0259sind\u0259 jurnalistl\u0259r f\u0259alla\u015f\u0131blar. \u00d6z dedikl\u0259ri teoril\u0259r bir-birin\u0259 uy\u011fun g\u0259lmir. \u018fvv\u0259ll\u0259r deyirdil\u0259r ki, Q\u0259rbd\u0259n maliyy\u0259l\u0259\u015firl\u0259r, indi d\u0259 deyirl\u0259r ki, \u0130rana i\u015fl\u0259yirl\u0259r. Q\u0259rbd\u0259n maliyy\u0259l\u0259\u015f\u0259n adam eyni \u015f\u0259kild\u0259 \u0130rana nec\u0259 i\u015fl\u0259y\u0259 bil\u0259r, g\u00fclm\u0259lidir\u201d.<\/p>\n\n\n<div class=\"wp-block-image\">\n<figure class=\"aligncenter size-large\"><img decoding=\"async\" data-src=\"https:\/\/www.meydan.tv\/wp-content\/uploads\/sevinc-1-1200x676.png\" alt=\"\" class=\"wp-image-234564 lazyload\" src=\"data:image\/svg+xml;base64,PHN2ZyB3aWR0aD0iMSIgaGVpZ2h0PSIxIiB4bWxucz0iaHR0cDovL3d3dy53My5vcmcvMjAwMC9zdmciPjwvc3ZnPg==\" style=\"--smush-placeholder-width: 1200px; --smush-placeholder-aspect-ratio: 1200\/676;\" \/><figcaption class=\"wp-element-caption\">Sevinc Vaqifq\u0131z\u0131. Foto: MeydanTV<\/figcaption><\/figure>\n<\/div>\n\n\n<p><strong>\u201cG\u00f6r\u00fcn\u00fcr, yeni tezisl\u0259rl\u0259 m\u00fcst\u0259qil median\u0131n \u0130ran\u0131n agenti \u00e7\u0131xarma\u011fa \u00e7al\u0131\u015f\u0131rlar\u201d<\/strong><\/p>\n\n\n\n<p>Ba\u015f redaktor qeyd edir ki, h\u00f6kum\u0259t medias\u0131na tezisl\u0259r gedir. G\u00f6r\u00fcn\u00fcr, bu d\u0259f\u0259 d\u0259 m\u00fcst\u0259qil jurnalistl\u0259rin kampaniyas\u0131n\u0131 \u201cbaltalamaq\u201d tap\u015f\u0131r\u0131l\u0131b:<\/p>\n\n\n\n<p>\u201cAmma bunu etm\u0259yi d\u0259 normal bir insana tap\u015f\u0131rs\u0131nlar ki, dedikl\u0259ri, iddialar\u0131 aras\u0131nda bir ba\u011flant\u0131 olsun. \u00dcst\u0259lik, tezisl\u0259r onlara g\u0259lir, biz\u0259 yox, a\u011f\u0131llar\u0131 \u00f6zl\u0259rin\u0259 getm\u0259sin. \u00d6zl\u0259ri bunu etiraf edibl\u0259r. M\u0259s\u0259l\u0259n, deputat Eldar Quliyev biz\u0259 dan\u0131\u015fanda demi\u015fdi ki, onlara Prezident Administrasiyas\u0131ndan v\u0259 Milli M\u0259clisd\u0259n tezisl\u0259r g\u0259lir. Biz medialar\u0131 \u00e7a\u011f\u0131r\u0131r\u0131q, h\u0259min tezisl\u0259r \u0259sas\u0131nda materiallar veririk, onlar da \u00e7ap edirl\u0259r. Bunu h\u0259l\u0259 guya bit\u0259r\u0259f deputat demi\u015fdi. G\u00f6r\u00fcn\u00fcr ki, yen\u0259 d\u0259 tezisl\u0259r g\u0259lib, onlar da bunun \u0259sas\u0131nda m\u00fcst\u0259qil median\u0131n \u0130ran\u0131n agenti \u00e7\u0131xarma\u011fa \u00e7al\u0131\u015f\u0131rlar\u201d.<\/p>\n\n\n\n<p><strong>\u201cReyestr media azadl\u0131\u011f\u0131n\u0131 buxovlamaq \u00fc\u00e7\u00fcn var\u201d<\/strong><\/p>\n\n\n\n<p>Sevinc Vaqifq\u0131z\u0131 bildirir ki, etdikl\u0259rinin he\u00e7 bir \u0259sas\u0131 yoxdur, absurd ittihamd\u0131r. M\u00fcst\u0259qil median\u0131n, m\u00fcst\u0259qil media n\u00fcmay\u0259nd\u0259l\u0259rinin yegan\u0259 ist\u0259yi Az\u0259rbaycanda m\u00fcst\u0259qil median\u0131n i\u015fl\u0259m\u0259si \u00fc\u00e7\u00fcn imkanlar\u0131n\u0131n olmas\u0131d\u0131r:<\/p>\n\n\n\n<p>\u201cReyestr bunu buxovlamaq \u00fc\u00e7\u00fcn var. Biz d\u0259 m\u00f6vcud olmaq \u00fc\u00e7\u00fcn \u0259limizd\u0259n g\u0259l\u0259ni edirik ki, m\u00fcst\u0259qil m\u0259tbuat qapad\u0131lmas\u0131n\u201d.<\/p>\n","protected":false},"excerpt":{"rendered":"<p>\u015e\u0259m\u015fad A\u011fa: \u201cK\u0259nar m\u0259qs\u0259d axtarmaq yalan v\u0259 b\u00f6htan tirajlayanlar\u0131n k\u00f6hn\u0259 &#8230; <\/p>\n<p class=\"read-more-container\"><a title=\"\u201cH\u00f6kum\u0259t medias\u0131 ald\u0131\u011f\u0131 yeni tezisl\u0259rl\u0259 m\u00fcst\u0259qil m\u0259tbuat\u0131 agent \u00e7\u0131xarma\u011fa \u00e7al\u0131\u015f\u0131r\u201d\" class=\"read-more button\" href=\"https:\/\/www.meydan.tv\/az\/article\/hokumet-mediasi-aldigi-yeni-tezislerle-musteqil-metbuati-agent-cixarmaga-calisir\/#more-267428\" aria-label=\"Read more about \u201cH\u00f6kum\u0259t medias\u0131 ald\u0131\u011f\u0131 yeni tezisl\u0259rl\u0259 m\u00fcst\u0259qil m\u0259tbuat\u0131 agent \u00e7\u0131xarma\u011fa \u00e7al\u0131\u015f\u0131r\u201d\">Davam\u0131<\/a><\/p>\n","protected":false},"author":8,"featured_media":229566,"comment_status":"closed","ping_status":"closed","sticky":false,"template":"","format":"standard","meta":{"_acf_changed":false,"_sitemap_exclude":false,"_sitemap_priority":"","_sitemap_frequency":"","footnotes":""},"categories":[59,79,56],"tags":[],"class_list":["post-267428","post","type-post","status-publish","format-standard","has-post-thumbnail","hentry","category-siyaset","category-featured","category-xeberler","infinite-scroll-item","generate-columns","tablet-grid-50","mobile-grid-100","grid-parent","grid-33","no-featured-image-padding"],"acf":[],"yoast_head":"<!-- This site is optimized with the Yoast SEO plugin v27.4 - https:\/\/yoast.com\/product\/yoast-seo-wordpress\/ -->\n<title>\u201cH\u00f6kum\u0259t medias\u0131 ald\u0131\u011f\u0131 yeni tezisl\u0259rl\u0259 m\u00fcst\u0259qil m\u0259tbuat\u0131 agent \u00e7\u0131xarma\u011fa \u00e7al\u0131\u015f\u0131r\u201d - MEYDAN.TV<\/title>\n<meta name=\"robots\" content=\"index, follow, max-snippet:-1, max-image-preview:large, max-video-preview:-1\" \/>\n<link rel=\"canonical\" href=\"https:\/\/www.meydan.tv\/az\/article\/hokumet-mediasi-aldigi-yeni-tezislerle-musteqil-metbuati-agent-cixarmaga-calisir\/\" \/>\n<meta property=\"og:locale\" content=\"az_AZ\" \/>\n<meta property=\"og:type\" content=\"article\" \/>\n<meta property=\"og:title\" content=\"\u201cH\u00f6kum\u0259t medias\u0131 ald\u0131\u011f\u0131 yeni tezisl\u0259rl\u0259 m\u00fcst\u0259qil m\u0259tbuat\u0131 agent \u00e7\u0131xarma\u011fa \u00e7al\u0131\u015f\u0131r\u201d - MEYDAN.TV\" \/>\n<meta property=\"og:description\" content=\"\u015e\u0259m\u015fad A\u011fa: \u201cK\u0259nar m\u0259qs\u0259d axtarmaq yalan v\u0259 b\u00f6htan tirajlayanlar\u0131n k\u00f6hn\u0259 ... Davam\u0131\" \/>\n<meta property=\"og:url\" content=\"https:\/\/www.meydan.tv\/az\/article\/hokumet-mediasi-aldigi-yeni-tezislerle-musteqil-metbuati-agent-cixarmaga-calisir\/\" \/>\n<meta property=\"og:site_name\" content=\"MEYDAN.TV\" \/>\n<meta property=\"article:published_time\" content=\"2023-02-03T10:08:25+00:00\" \/>\n<meta property=\"article:modified_time\" content=\"2023-02-03T10:38:45+00:00\" \/>\n<meta property=\"og:image\" content=\"https:\/\/www.meydan.tv\/wp-content\/uploads\/shutterstock_1940866267.jpg\" \/>\n\t<meta property=\"og:image:width\" content=\"1200\" \/>\n\t<meta property=\"og:image:height\" content=\"674\" \/>\n\t<meta property=\"og:image:type\" content=\"image\/jpeg\" \/>\n<meta name=\"author\" content=\"elli\" \/>\n<meta name=\"twitter:card\" content=\"summary_large_image\" \/>\n<meta name=\"twitter:creator\" content=\"@elli\" \/>\n<script type=\"application\/ld+json\" class=\"yoast-schema-graph\">{\"@context\":\"https:\\\/\\\/schema.org\",\"@graph\":[{\"@type\":\"Article\",\"@id\":\"https:\\\/\\\/www.meydan.tv\\\/az\\\/article\\\/hokumet-mediasi-aldigi-yeni-tezislerle-musteqil-metbuati-agent-cixarmaga-calisir\\\/#article\",\"isPartOf\":{\"@id\":\"https:\\\/\\\/www.meydan.tv\\\/az\\\/article\\\/hokumet-mediasi-aldigi-yeni-tezislerle-musteqil-metbuati-agent-cixarmaga-calisir\\\/\"},\"author\":{\"name\":\"elli\",\"@id\":\"https:\\\/\\\/www.meydan.tv\\\/az\\\/#\\\/schema\\\/person\\\/9cdbecf90d17180ce1dfbd95b08dcf47\"},\"headline\":\"\u201cH\u00f6kum\u0259t medias\u0131 ald\u0131\u011f\u0131 yeni tezisl\u0259rl\u0259 m\u00fcst\u0259qil m\u0259tbuat\u0131 agent \u00e7\u0131xarma\u011fa \u00e7al\u0131\u015f\u0131r\u201d\",\"datePublished\":\"2023-02-03T10:08:25+00:00\",\"dateModified\":\"2023-02-03T10:38:45+00:00\",\"mainEntityOfPage\":{\"@id\":\"https:\\\/\\\/www.meydan.tv\\\/az\\\/article\\\/hokumet-mediasi-aldigi-yeni-tezislerle-musteqil-metbuati-agent-cixarmaga-calisir\\\/\"},\"wordCount\":1879,\"publisher\":{\"@id\":\"https:\\\/\\\/www.meydan.tv\\\/az\\\/#organization\"},\"image\":{\"@id\":\"https:\\\/\\\/www.meydan.tv\\\/az\\\/article\\\/hokumet-mediasi-aldigi-yeni-tezislerle-musteqil-metbuati-agent-cixarmaga-calisir\\\/#primaryimage\"},\"thumbnailUrl\":\"https:\\\/\\\/www.meydan.tv\\\/wp-content\\\/uploads\\\/shutterstock_1940866267.jpg\",\"articleSection\":[\"Siyas\u0259t\",\"T\u00f6vsiy\u0259\",\"X\u0259b\u0259rl\u0259r\"],\"inLanguage\":\"az\"},{\"@type\":\"WebPage\",\"@id\":\"https:\\\/\\\/www.meydan.tv\\\/az\\\/article\\\/hokumet-mediasi-aldigi-yeni-tezislerle-musteqil-metbuati-agent-cixarmaga-calisir\\\/\",\"url\":\"https:\\\/\\\/www.meydan.tv\\\/az\\\/article\\\/hokumet-mediasi-aldigi-yeni-tezislerle-musteqil-metbuati-agent-cixarmaga-calisir\\\/\",\"name\":\"\u201cH\u00f6kum\u0259t medias\u0131 ald\u0131\u011f\u0131 yeni tezisl\u0259rl\u0259 m\u00fcst\u0259qil m\u0259tbuat\u0131 agent \u00e7\u0131xarma\u011fa \u00e7al\u0131\u015f\u0131r\u201d - MEYDAN.TV\",\"isPartOf\":{\"@id\":\"https:\\\/\\\/www.meydan.tv\\\/az\\\/#website\"},\"primaryImageOfPage\":{\"@id\":\"https:\\\/\\\/www.meydan.tv\\\/az\\\/article\\\/hokumet-mediasi-aldigi-yeni-tezislerle-musteqil-metbuati-agent-cixarmaga-calisir\\\/#primaryimage\"},\"image\":{\"@id\":\"https:\\\/\\\/www.meydan.tv\\\/az\\\/article\\\/hokumet-mediasi-aldigi-yeni-tezislerle-musteqil-metbuati-agent-cixarmaga-calisir\\\/#primaryimage\"},\"thumbnailUrl\":\"https:\\\/\\\/www.meydan.tv\\\/wp-content\\\/uploads\\\/shutterstock_1940866267.jpg\",\"datePublished\":\"2023-02-03T10:08:25+00:00\",\"dateModified\":\"2023-02-03T10:38:45+00:00\",\"breadcrumb\":{\"@id\":\"https:\\\/\\\/www.meydan.tv\\\/az\\\/article\\\/hokumet-mediasi-aldigi-yeni-tezislerle-musteqil-metbuati-agent-cixarmaga-calisir\\\/#breadcrumb\"},\"inLanguage\":\"az\",\"potentialAction\":[{\"@type\":\"ReadAction\",\"target\":[\"https:\\\/\\\/www.meydan.tv\\\/az\\\/article\\\/hokumet-mediasi-aldigi-yeni-tezislerle-musteqil-metbuati-agent-cixarmaga-calisir\\\/\"]}]},{\"@type\":\"ImageObject\",\"inLanguage\":\"az\",\"@id\":\"https:\\\/\\\/www.meydan.tv\\\/az\\\/article\\\/hokumet-mediasi-aldigi-yeni-tezislerle-musteqil-metbuati-agent-cixarmaga-calisir\\\/#primaryimage\",\"url\":\"https:\\\/\\\/www.meydan.tv\\\/wp-content\\\/uploads\\\/shutterstock_1940866267.jpg\",\"contentUrl\":\"https:\\\/\\\/www.meydan.tv\\\/wp-content\\\/uploads\\\/shutterstock_1940866267.jpg\",\"width\":1200,\"height\":674,\"caption\":\"Media, siam.pukkato\\\/Shutterstock\"},{\"@type\":\"BreadcrumbList\",\"@id\":\"https:\\\/\\\/www.meydan.tv\\\/az\\\/article\\\/hokumet-mediasi-aldigi-yeni-tezislerle-musteqil-metbuati-agent-cixarmaga-calisir\\\/#breadcrumb\",\"itemListElement\":[{\"@type\":\"ListItem\",\"position\":1,\"name\":\"Ana s\u0259hif\u0259\",\"item\":\"https:\\\/\\\/www.meydan.tv\\\/az\\\/\"},{\"@type\":\"ListItem\",\"position\":2,\"name\":\"Siyas\u0259t\",\"item\":\"https:\\\/\\\/www.meydan.tv\\\/az\\\/section\\\/siyaset\\\/\"},{\"@type\":\"ListItem\",\"position\":3,\"name\":\"\u201cH\u00f6kum\u0259t medias\u0131 ald\u0131\u011f\u0131 yeni tezisl\u0259rl\u0259 m\u00fcst\u0259qil m\u0259tbuat\u0131 agent \u00e7\u0131xarma\u011fa \u00e7al\u0131\u015f\u0131r\u201d\"}]},{\"@type\":\"WebSite\",\"@id\":\"https:\\\/\\\/www.meydan.tv\\\/az\\\/#website\",\"url\":\"https:\\\/\\\/www.meydan.tv\\\/az\\\/\",\"name\":\"MEYDAN.TV\",\"description\":\"Meydan TV Az\u0259rbaycan\u0131n media m\u0259kan\u0131ndak\u0131 alternativ s\u0259sidir\",\"publisher\":{\"@id\":\"https:\\\/\\\/www.meydan.tv\\\/az\\\/#organization\"},\"potentialAction\":[{\"@type\":\"SearchAction\",\"target\":{\"@type\":\"EntryPoint\",\"urlTemplate\":\"https:\\\/\\\/www.meydan.tv\\\/az\\\/?s={search_term_string}\"},\"query-input\":{\"@type\":\"PropertyValueSpecification\",\"valueRequired\":true,\"valueName\":\"search_term_string\"}}],\"inLanguage\":\"az\"},{\"@type\":\"Organization\",\"@id\":\"https:\\\/\\\/www.meydan.tv\\\/az\\\/#organization\",\"name\":\"Meydan TV\",\"url\":\"https:\\\/\\\/www.meydan.tv\\\/az\\\/\",\"logo\":{\"@type\":\"ImageObject\",\"inLanguage\":\"az\",\"@id\":\"https:\\\/\\\/www.meydan.tv\\\/az\\\/#\\\/schema\\\/logo\\\/image\\\/\",\"url\":\"https:\\\/\\\/www.meydan.tv\\\/wp-content\\\/uploads\\\/2021\\\/07\\\/meydan-logo.svg\",\"contentUrl\":\"https:\\\/\\\/www.meydan.tv\\\/wp-content\\\/uploads\\\/2021\\\/07\\\/meydan-logo.svg\",\"width\":195,\"height\":46,\"caption\":\"Meydan TV\"},\"image\":{\"@id\":\"https:\\\/\\\/www.meydan.tv\\\/az\\\/#\\\/schema\\\/logo\\\/image\\\/\"}},{\"@type\":\"Person\",\"@id\":\"https:\\\/\\\/www.meydan.tv\\\/az\\\/#\\\/schema\\\/person\\\/9cdbecf90d17180ce1dfbd95b08dcf47\",\"name\":\"elli\",\"sameAs\":[\"https:\\\/\\\/x.com\\\/elli\"]}]}<\/script>\n<!-- \/ Yoast SEO plugin. -->","yoast_head_json":{"title":"\u201cH\u00f6kum\u0259t medias\u0131 ald\u0131\u011f\u0131 yeni tezisl\u0259rl\u0259 m\u00fcst\u0259qil m\u0259tbuat\u0131 agent \u00e7\u0131xarma\u011fa \u00e7al\u0131\u015f\u0131r\u201d - MEYDAN.TV","robots":{"index":"index","follow":"follow","max-snippet":"max-snippet:-1","max-image-preview":"max-image-preview:large","max-video-preview":"max-video-preview:-1"},"canonical":"https:\/\/www.meydan.tv\/az\/article\/hokumet-mediasi-aldigi-yeni-tezislerle-musteqil-metbuati-agent-cixarmaga-calisir\/","og_locale":"az_AZ","og_type":"article","og_title":"\u201cH\u00f6kum\u0259t medias\u0131 ald\u0131\u011f\u0131 yeni tezisl\u0259rl\u0259 m\u00fcst\u0259qil m\u0259tbuat\u0131 agent \u00e7\u0131xarma\u011fa \u00e7al\u0131\u015f\u0131r\u201d - MEYDAN.TV","og_description":"\u015e\u0259m\u015fad A\u011fa: \u201cK\u0259nar m\u0259qs\u0259d axtarmaq yalan v\u0259 b\u00f6htan tirajlayanlar\u0131n k\u00f6hn\u0259 ... Davam\u0131","og_url":"https:\/\/www.meydan.tv\/az\/article\/hokumet-mediasi-aldigi-yeni-tezislerle-musteqil-metbuati-agent-cixarmaga-calisir\/","og_site_name":"MEYDAN.TV","article_published_time":"2023-02-03T10:08:25+00:00","article_modified_time":"2023-02-03T10:38:45+00:00","og_image":[{"width":1200,"height":674,"url":"https:\/\/www.meydan.tv\/wp-content\/uploads\/shutterstock_1940866267.jpg","type":"image\/jpeg"}],"author":"elli","twitter_card":"summary_large_image","twitter_creator":"@elli","schema":{"@context":"https:\/\/schema.org","@graph":[{"@type":"Article","@id":"https:\/\/www.meydan.tv\/az\/article\/hokumet-mediasi-aldigi-yeni-tezislerle-musteqil-metbuati-agent-cixarmaga-calisir\/#article","isPartOf":{"@id":"https:\/\/www.meydan.tv\/az\/article\/hokumet-mediasi-aldigi-yeni-tezislerle-musteqil-metbuati-agent-cixarmaga-calisir\/"},"author":{"name":"elli","@id":"https:\/\/www.meydan.tv\/az\/#\/schema\/person\/9cdbecf90d17180ce1dfbd95b08dcf47"},"headline":"\u201cH\u00f6kum\u0259t medias\u0131 ald\u0131\u011f\u0131 yeni tezisl\u0259rl\u0259 m\u00fcst\u0259qil m\u0259tbuat\u0131 agent \u00e7\u0131xarma\u011fa \u00e7al\u0131\u015f\u0131r\u201d","datePublished":"2023-02-03T10:08:25+00:00","dateModified":"2023-02-03T10:38:45+00:00","mainEntityOfPage":{"@id":"https:\/\/www.meydan.tv\/az\/article\/hokumet-mediasi-aldigi-yeni-tezislerle-musteqil-metbuati-agent-cixarmaga-calisir\/"},"wordCount":1879,"publisher":{"@id":"https:\/\/www.meydan.tv\/az\/#organization"},"image":{"@id":"https:\/\/www.meydan.tv\/az\/article\/hokumet-mediasi-aldigi-yeni-tezislerle-musteqil-metbuati-agent-cixarmaga-calisir\/#primaryimage"},"thumbnailUrl":"https:\/\/www.meydan.tv\/wp-content\/uploads\/shutterstock_1940866267.jpg","articleSection":["Siyas\u0259t","T\u00f6vsiy\u0259","X\u0259b\u0259rl\u0259r"],"inLanguage":"az"},{"@type":"WebPage","@id":"https:\/\/www.meydan.tv\/az\/article\/hokumet-mediasi-aldigi-yeni-tezislerle-musteqil-metbuati-agent-cixarmaga-calisir\/","url":"https:\/\/www.meydan.tv\/az\/article\/hokumet-mediasi-aldigi-yeni-tezislerle-musteqil-metbuati-agent-cixarmaga-calisir\/","name":"\u201cH\u00f6kum\u0259t medias\u0131 ald\u0131\u011f\u0131 yeni tezisl\u0259rl\u0259 m\u00fcst\u0259qil m\u0259tbuat\u0131 agent \u00e7\u0131xarma\u011fa \u00e7al\u0131\u015f\u0131r\u201d - MEYDAN.TV","isPartOf":{"@id":"https:\/\/www.meydan.tv\/az\/#website"},"primaryImageOfPage":{"@id":"https:\/\/www.meydan.tv\/az\/article\/hokumet-mediasi-aldigi-yeni-tezislerle-musteqil-metbuati-agent-cixarmaga-calisir\/#primaryimage"},"image":{"@id":"https:\/\/www.meydan.tv\/az\/article\/hokumet-mediasi-aldigi-yeni-tezislerle-musteqil-metbuati-agent-cixarmaga-calisir\/#primaryimage"},"thumbnailUrl":"https:\/\/www.meydan.tv\/wp-content\/uploads\/shutterstock_1940866267.jpg","datePublished":"2023-02-03T10:08:25+00:00","dateModified":"2023-02-03T10:38:45+00:00","breadcrumb":{"@id":"https:\/\/www.meydan.tv\/az\/article\/hokumet-mediasi-aldigi-yeni-tezislerle-musteqil-metbuati-agent-cixarmaga-calisir\/#breadcrumb"},"inLanguage":"az","potentialAction":[{"@type":"ReadAction","target":["https:\/\/www.meydan.tv\/az\/article\/hokumet-mediasi-aldigi-yeni-tezislerle-musteqil-metbuati-agent-cixarmaga-calisir\/"]}]},{"@type":"ImageObject","inLanguage":"az","@id":"https:\/\/www.meydan.tv\/az\/article\/hokumet-mediasi-aldigi-yeni-tezislerle-musteqil-metbuati-agent-cixarmaga-calisir\/#primaryimage","url":"https:\/\/www.meydan.tv\/wp-content\/uploads\/shutterstock_1940866267.jpg","contentUrl":"https:\/\/www.meydan.tv\/wp-content\/uploads\/shutterstock_1940866267.jpg","width":1200,"height":674,"caption":"Media, siam.pukkato\/Shutterstock"},{"@type":"BreadcrumbList","@id":"https:\/\/www.meydan.tv\/az\/article\/hokumet-mediasi-aldigi-yeni-tezislerle-musteqil-metbuati-agent-cixarmaga-calisir\/#breadcrumb","itemListElement":[{"@type":"ListItem","position":1,"name":"Ana s\u0259hif\u0259","item":"https:\/\/www.meydan.tv\/az\/"},{"@type":"ListItem","position":2,"name":"Siyas\u0259t","item":"https:\/\/www.meydan.tv\/az\/section\/siyaset\/"},{"@type":"ListItem","position":3,"name":"\u201cH\u00f6kum\u0259t medias\u0131 ald\u0131\u011f\u0131 yeni tezisl\u0259rl\u0259 m\u00fcst\u0259qil m\u0259tbuat\u0131 agent \u00e7\u0131xarma\u011fa \u00e7al\u0131\u015f\u0131r\u201d"}]},{"@type":"WebSite","@id":"https:\/\/www.meydan.tv\/az\/#website","url":"https:\/\/www.meydan.tv\/az\/","name":"MEYDAN.TV","description":"Meydan TV Az\u0259rbaycan\u0131n media m\u0259kan\u0131ndak\u0131 alternativ s\u0259sidir","publisher":{"@id":"https:\/\/www.meydan.tv\/az\/#organization"},"potentialAction":[{"@type":"SearchAction","target":{"@type":"EntryPoint","urlTemplate":"https:\/\/www.meydan.tv\/az\/?s={search_term_string}"},"query-input":{"@type":"PropertyValueSpecification","valueRequired":true,"valueName":"search_term_string"}}],"inLanguage":"az"},{"@type":"Organization","@id":"https:\/\/www.meydan.tv\/az\/#organization","name":"Meydan TV","url":"https:\/\/www.meydan.tv\/az\/","logo":{"@type":"ImageObject","inLanguage":"az","@id":"https:\/\/www.meydan.tv\/az\/#\/schema\/logo\/image\/","url":"https:\/\/www.meydan.tv\/wp-content\/uploads\/2021\/07\/meydan-logo.svg","contentUrl":"https:\/\/www.meydan.tv\/wp-content\/uploads\/2021\/07\/meydan-logo.svg","width":195,"height":46,"caption":"Meydan TV"},"image":{"@id":"https:\/\/www.meydan.tv\/az\/#\/schema\/logo\/image\/"}},{"@type":"Person","@id":"https:\/\/www.meydan.tv\/az\/#\/schema\/person\/9cdbecf90d17180ce1dfbd95b08dcf47","name":"elli","sameAs":["https:\/\/x.com\/elli"]}]}},"_links":{"self":[{"href":"https:\/\/www.meydan.tv\/az\/wp-json\/wp\/v2\/posts\/267428","targetHints":{"allow":["GET"]}}],"collection":[{"href":"https:\/\/www.meydan.tv\/az\/wp-json\/wp\/v2\/posts"}],"about":[{"href":"https:\/\/www.meydan.tv\/az\/wp-json\/wp\/v2\/types\/post"}],"author":[{"embeddable":true,"href":"https:\/\/www.meydan.tv\/az\/wp-json\/wp\/v2\/users\/8"}],"replies":[{"embeddable":true,"href":"https:\/\/www.meydan.tv\/az\/wp-json\/wp\/v2\/comments?post=267428"}],"version-history":[{"count":4,"href":"https:\/\/www.meydan.tv\/az\/wp-json\/wp\/v2\/posts\/267428\/revisions"}],"predecessor-version":[{"id":267444,"href":"https:\/\/www.meydan.tv\/az\/wp-json\/wp\/v2\/posts\/267428\/revisions\/267444"}],"wp:featuredmedia":[{"embeddable":true,"href":"https:\/\/www.meydan.tv\/az\/wp-json\/wp\/v2\/media\/229566"}],"wp:attachment":[{"href":"https:\/\/www.meydan.tv\/az\/wp-json\/wp\/v2\/media?parent=267428"}],"wp:term":[{"taxonomy":"category","embeddable":true,"href":"https:\/\/www.meydan.tv\/az\/wp-json\/wp\/v2\/categories?post=267428"},{"taxonomy":"post_tag","embeddable":true,"href":"https:\/\/www.meydan.tv\/az\/wp-json\/wp\/v2\/tags?post=267428"}],"curies":[{"name":"wp","href":"https:\/\/api.w.org\/{rel}","templated":true}]}}