{"id":267408,"date":"2023-02-02T20:53:43","date_gmt":"2023-02-02T16:53:43","guid":{"rendered":"https:\/\/www.meydan.tv\/?p=267408"},"modified":"2023-02-02T20:53:47","modified_gmt":"2023-02-02T16:53:47","slug":"ilham-ismayil-iran-islam-respublikasi-ucun-elciliyin-muqeddesliyi-anlayisi-yoxdur","status":"publish","type":"post","link":"https:\/\/www.meydan.tv\/az\/article\/ilham-ismayil-iran-islam-respublikasi-ucun-elciliyin-muqeddesliyi-anlayisi-yoxdur\/","title":{"rendered":"\u0130lham \u0130smay\u0131l: \u201c\u0130ran \u00fc\u00e7\u00fcn el\u00e7iliyin m\u00fcq\u0259dd\u0259sliyi anlay\u0131\u015f\u0131 yoxdur&#8221;"},"content":{"rendered":"\n<figure class=\"wp-block-embed is-type-video is-provider-youtube wp-block-embed-youtube wp-embed-aspect-16-9 wp-has-aspect-ratio\"><div class=\"wp-block-embed__wrapper\">\n<iframe title=\"\u0130lham \u0130smay\u0131l: \u201c\u0130ran \u0130slam Respublikas\u0131 \u00fc\u00e7\u00fcn el\u00e7iliyin m\u00fcq\u0259dd\u0259sliyi anlay\u0131\u015f\u0131 yoxdur&quot;\" width=\"1200\" height=\"675\" data-src=\"https:\/\/www.youtube.com\/embed\/_tyocszZRfI?feature=oembed\" frameborder=\"0\" allow=\"accelerometer; autoplay; clipboard-write; encrypted-media; gyroscope; picture-in-picture; web-share\" allowfullscreen src=\"data:image\/svg+xml;base64,PHN2ZyB3aWR0aD0iMSIgaGVpZ2h0PSIxIiB4bWxucz0iaHR0cDovL3d3dy53My5vcmcvMjAwMC9zdmciPjwvc3ZnPg==\" class=\"lazyload\" data-load-mode=\"1\"><\/iframe>\n<\/div><\/figure>\n\n\n\n<!--more-->\n\n\n\n<p><em>\u201cSaat yar\u0131mda nec\u0259 m\u00fc\u0259yy\u0259nl\u0259\u015fdirdil\u0259r ki, H\u00fcseynzad\u0259 m\u0259i\u015f\u0259t z\u0259minind\u0259 s\u0259firliy\u0259 h\u00fccum edib\u201d<\/em><\/p>\n\n\n\n<p>Yanvar\u0131n 27-d\u0259 Az\u0259rbaycan\u0131n \u0130ran \u0130slam Respublikas\u0131ndak\u0131 s\u0259firliyin\u0259 silahl\u0131 h\u00fccum onsuz da yax\u015f\u0131 olmayan Bak\u0131-Tehran m\u00fcnasib\u0259tl\u0259rini \u201csoyuq\u201dla\u015fd\u0131rd\u0131. Hadis\u0259 n\u0259tic\u0259sind\u0259 s\u0259firliyin m\u00fchafiz\u0259 xidm\u0259tinin r\u0259hb\u0259ri Orxan \u018fsg\u0259rov h\u0259lak oldu, 2 \u0259m\u0259kda\u015f is\u0259 yaraland\u0131.<\/p>\n\n\n\n<p>&nbsp;H\u00fccum h\u0259r iki d\u00f6vl\u0259tin r\u0259smi orqanlar\u0131 t\u0259r\u0259find\u0259n f\u0259rqli bax\u0131\u015fdan qiym\u0259tl\u0259ndirilir. Tehran m\u0259i\u015f\u0259t z\u0259minind\u0259, Bak\u0131 is\u0259 terror oldu\u011funda israrl\u0131d\u0131r.<\/p>\n\n\n\n<p>&nbsp;Bu bax\u0131mdan t\u0259hl\u00fck\u0259sizlik m\u0259s\u0259l\u0259l\u0259ri \u00fczr\u0259 ekspert \u0130lham \u0130smay\u0131lla sual do\u011furan m\u0259qamlar\u0131n\u0131 m\u00fczakir\u0259y\u0259 \u00e7x\u0131artma\u011fa c\u0259hd etdik.<\/p>\n\n\n\n<p>&nbsp;&#8211; \u0130lham b\u0259y, Az\u0259rbaycan\u0131n Tehrandak\u0131 s\u0259firliyin\u0259 silahl\u0131 h\u00fccumdan 3 g\u00fcn ke\u00e7ir. 200 illik tarixi xat\u0131rlasaq, g\u00f6z\u00fcm\u00fcz \u00f6n\u00fcn\u0259 XIX \u0259srd\u0259 \u0130randa Rusiya s\u0259firliyin\u0259 h\u00fccum olub, n\u0259tic\u0259d\u0259 s\u0259fir Qriboyedov \u00f6ld\u00fcr\u00fcl\u00fcb. \u00d6t\u0259n \u0259srin sonunda AB\u015e s\u0259firliyin\u0259 h\u00fccumda 52 diplomat girov g\u00f6t\u00fcr\u00fcl\u00fcb v\u0259 444 g\u00fcn saxlan\u0131l\u0131b. XXI \u0259srd\u0259 B\u00f6y\u00fck Britaniya v\u0259 S\u0259udiyy\u0259 \u018fr\u0259bistan\u0131 \u00f6lk\u0259l\u0259rinin diplomatik korpuslar\u0131na h\u00fccumlar ba\u015f verib. N\u0259hay\u0259t, Az\u0259rbaycan\u0131n da s\u0259firliyin\u0259 silahl\u0131 h\u00fccum oldu. B\u00fct\u00fcn bunlar\u0131n fonunda sizin d\u0259 sosial \u015f\u0259b\u0259k\u0259d\u0259 s\u0259sl\u0259ndirdiyiniz Tehrana son hadis\u0259 laz\u0131m idi sual\u0131 aktuall\u0131q k\u0259sb etmirmi?<\/p>\n\n\n\n<p>&nbsp;&#8211; Siz 2 \u0259sr \u0259vv\u0259l\u0259 getdiniz, amma \u0130ran\u0131n 2020-ci ilin 44 g\u00fcn sava\u015f\u0131ndan sonrak\u0131 m\u00fcnasib\u0259ti t\u0259hlil etdikd\u0259, o q\u0259d\u0259r d\u0259 yax\u015f\u0131 olmayan m\u0259nz\u0259r\u0259 yaran\u0131r. Y\u0259ni, \u0130ran \u0130slam Respublikas\u0131 Az\u0259rbaycana qar\u015f\u0131 el\u0259 bir d\u00fc\u015fm\u0259n\u00e7ilik siyas\u0259ti yeridib ki, m\u0259ntiqi n\u0259tic\u0259 bel\u0259 d\u0259 olmal\u0131yd\u0131. M\u0259n x\u0131rda detallar\u0131 sadalamayacam, birinci, m\u00fcharib\u0259 bit\u0259nd\u0259n sonra \u0130ran 62 minlik qo\u015funla Az\u0259rbaycan\u0131n s\u0259rh\u0259dl\u0259rind\u0259 h\u0259rbi t\u0259liml\u0259r ke\u00e7irdi. T\u0259liml\u0259r vaxt\u0131 siyasi v\u0259 h\u0259rbi r\u0259hb\u0259rliyin r\u0259smil\u0259ri Az\u0259rbaycana qar\u015f\u0131 h\u0259d\u0259l\u0259rini s\u0259sl\u0259ndirirdil\u0259r. \u0130kincisi, Erm\u0259nistana v\u0259 ordan da Da\u011fl\u0131q Qaraba\u011fdak\u0131 separat\u00e7\u0131lara tank \u0259leyhin\u0259 idar\u0259 olunan raket sisteml\u0259ri v\u0259 onlar\u0131n istifad\u0259 qaydalar\u0131n\u0131 \u00f6yr\u0259tm\u0259k \u00fc\u00e7\u00fcn 27 \u0130ran v\u0259t\u0259nda\u015f\u0131 Az\u0259rbaycan \u0259razisin\u0259 g\u00f6nd\u0259rilmi\u015fdi. \u00dc\u00e7\u00fcnc\u00fcs\u00fc, Tehran\u0131n Bak\u0131dan qeyri-r\u0259smi t\u0259l\u0259bi \u0130sraild\u0259 s\u0259firliyin a\u00e7\u0131lmamas\u0131 idi. Amma s\u0259firliyin a\u00e7\u0131lmas\u0131 q\u0259rar\u0131ndan sonra \u0130randan x\u00fcsusi h\u0259d\u0259l\u0259r g\u0259ldi ki, \u201cbunun b\u0259d\u0259li a\u011f\u0131r olacaq\u201d. Ard\u0131nca Yerevanla Tehran\u0131 qarda\u015fla\u015fm\u0131\u015f \u015f\u0259h\u0259r elan etdil\u0259r, sanki \u201cg\u00f6z da\u011f\u0131\u201d verirdil\u0259r, halbuki, adi bir \u015feydir. Onsuz da Erm\u0259nistanla \u0130ran\u0131n qarda\u015fl\u0131\u011f\u0131 m\u0259lum idi, amma bu d\u0259f\u0259 r\u0259smil\u0259\u015fdil\u0259r, olsun. B\u00fct\u00fcn bunlar\u0131 v\u0259 s\u0259firliy\u0259 h\u00fccumlar\u0131 analiz ed\u0259nd\u0259, n\u0259z\u0259r\u0259 al\u0131n ki, son h\u00fccumlar teokratik rejimin vaxt\u0131nda ba\u015f verib, ayd\u0131n olur ki, \u0130ran \u0130slam Respublikas\u0131 \u00fc\u00e7\u00fcn el\u00e7iliyin m\u00fcq\u0259dd\u0259sliyi anlay\u0131\u015f\u0131 yoxdur. Bilirsiniz ki, AB\u015e-dan \u0259vv\u0259l Misir s\u0259firliyin\u0259 h\u00fccum olub, \u00e7\u00fcnki \u015fah Qahir\u0259y\u0259 getmi\u015fdi. S\u0259b\u0259b d\u0259 Misirin \u015fah\u0131 q\u0259bul etm\u0259si idi. Ard\u0131nca AB\u015e-a getdi, el\u0259 onda da Va\u015finqtonun s\u0259firliyini g\u00f6t\u00fcrd\u00fcl\u0259r. V\u0259 bu \u0259srd\u0259 Az\u0259rbaycanla b\u0259rab\u0259r B\u00f6y\u00fck Britaniya v\u0259 S\u0259udiyy\u0259 \u018fr\u0259bistan\u0131 s\u0259firliyin\u0259 h\u00fccumlar olur. Y\u0259ni, Tehran \u00fc\u00e7\u00fcn a\u011f\u0131llar\u0131na g\u0259l\u0259n odur ki, d\u00f6vl\u0259td\u0259n heyfini el\u00e7isind\u0259n als\u0131n. Diplomatik t\u0259f\u0259kk\u00fcr yoxdur ki, el\u00e7i toxunulmazd\u0131r.<\/p>\n\n\n\n<p>&nbsp;&#8211; B\u0259s Vyana Konvensiyas\u0131? Ax\u0131 \u00f6hd\u0259lik g\u00f6t\u00fcr\u00fcl\u00fcb&#8230;<\/p>\n\n\n\n<p>&nbsp;&#8211; B\u0259li, \u00f6hd\u0259liy\u0259 imza at\u0131blar. Amma sabah da ba\u015fqa s\u0259firliy\u0259, yenid\u0259n Az\u0259rbaycan s\u0259firliyin\u0259 analoji h\u00fccum ed\u0259 bil\u0259rl\u0259r. \u0130nternetd\u0259 ke\u00e7mi\u015f x\u00fcsusi xidm\u0259t orqan\u0131n\u0131n \u0259m\u0259kda\u015f\u0131n\u0131n \u00e7\u0131x\u0131\u015f\u0131 var, bu, s\u0131radan bir t\u0259hdid deyil, h\u0259min adam Bak\u0131 el\u00e7iliyi adland\u0131r\u0131rd\u0131, Az\u0259rbaycan\u0131n ad\u0131n\u0131 da \u00e7\u0259kmirdi. \u00c7\u00fcnki \u0259n\u0259n\u0259 oldu\u011fundan adamlarda ist\u0259r-ist\u0259m\u0259z fikir formala\u015f\u0131b ki, girim s\u0259filiyi da\u011f\u0131d\u0131m.<\/p>\n\n\n\n<p>&nbsp;&#8211; Az\u0259rbaycan 27 yanvar olay\u0131n\u0131 terror, \u0130ran is\u0259 m\u0259i\u015f\u0259t z\u0259minind\u0259 oldu\u011funu israr edir. Silahl\u0131 basq\u0131n ed\u0259n Yasin H\u00fcseynzad\u0259 is\u0259 h\u0259yat yolda\u015f\u0131n\u0131n 9 ayd\u0131r s\u0259firlikd\u0259 saxlan\u0131ld\u0131\u011f\u0131n\u0131 deyir. Bu bax\u0131mdan qon\u015fu \u00f6lk\u0259nin Xarici \u0130\u015fl\u0259r Nazirliyi Az\u0259rbaycan h\u00f6kum\u0259ti qar\u015f\u0131s\u0131nda bu bar\u0259d\u0259 m\u0259s\u0259l\u0259ni qald\u0131ra bilm\u0259zdimi?<\/p>\n\n\n\n<p>&nbsp;&#8211; \u018fvv\u0259la, Yasin H\u00fcseynzad\u0259nin h\u0259yat yolda\u015f\u0131 Az\u0259rbaycan v\u0259t\u0259nda\u015f\u0131d\u0131rsa, s\u0259firlik onu 3 g\u00fcnd\u0259n art\u0131q saxlaya bilm\u0259z. Y\u0259ni, he\u00e7 bir s\u0259firlik \u00f6z v\u0259t\u0259nda\u015f\u0131n\u0131 9 ay orda saxlayas\u0131 deyil. B\u0259li, s\u0131\u011f\u0131nacaq almaq \u00fc\u00e7\u00fcn m\u00fcraci\u0259t ed\u0259 bil\u0259rl\u0259r. Ancaq biz h\u0259l\u0259 onun h\u0259yat yolda\u015f\u0131n\u0131n Az\u0259rbaycan v\u0259t\u0259nda\u015f\u0131 olub-olmad\u0131\u011f\u0131n\u0131 bilmirik. O da m\u0259lum deyil, y\u0259qin ki, istintaq onu ayd\u0131nla\u015fd\u0131racaq.<\/p>\n\n\n\n<p>M\u0259s\u0259l\u0259nin \u0259sas t\u0259r\u0259fin\u0259 g\u0259l\u0259k, biz terror akt\u0131, qar\u015f\u0131 t\u0259r\u0259f is\u0259 m\u0259i\u015f\u0259t z\u0259minind\u0259 oldu\u011funu s\u00f6yl\u0259yir. Yasin H\u00fcseynzad\u0259 10 ay \u0259vv\u0259l m\u00fcraci\u0259t etdiyini deyir, s\u0259firlik d\u0259 bel\u0259 olmad\u0131\u011f\u0131n\u0131 bildirir. Bilin ki, H\u00fcseynzad\u0259 m\u00fcraci\u0259t ed\u0259n g\u00fcn\u00fcn s\u0259h\u0259ri \u0130ran x\u00fcsusi xidm\u0259t orqanlar\u0131 onunla maraqlan\u0131blar. \u00dcmumiyy\u0259tl\u0259, \u0130ran kimi d\u00f6vl\u0259td\u0259 h\u0259r hans\u0131 s\u0259firliy\u0259 m\u00fcraci\u0259t ed\u0259n \u015f\u0259xs qeydiyyata d\u00fc\u015f\u00fcr v\u0259 n\u0259zar\u0259t\u0259 g\u00f6t\u00fcr\u00fcl\u00fcr. \u018fg\u0259r xarakteri imkan verirs\u0259, onunla i\u015fl\u0259yirl\u0259r. V\u0259 \u0130ran\u0131n x\u00fcsusi xidm\u0259t orqanlar\u0131n\u0131n \u201cverbovka\u201d etm\u0259k i\u015f metodlar\u0131ndan biridir. D\u00fcnyada bel\u0259 bir standart var: kims\u0259 m\u0259xfi informasiya da\u015f\u0131y\u0131c\u0131s\u0131 olsa, yaxud m\u0259xfi informasiyan\u0131 \u0259ld\u0259 etm\u0259k imkanlar\u0131 varsa, onlar\u0131 \u201cverbovka\u201d edirl\u0259r. H\u0259r s\u0131radan olan v\u0259t\u0259nda\u015f\u0131 \u00f6z \u00f6lk\u0259sinin x\u00fcsusi xidm\u0259t orqan\u0131 \u201cverbovka\u201d etmir. Amma \u0130randa k\u00fc\u00e7\u0259d\u0259 g\u00f6y\u0259rti satan\u0131 da i\u015f\u0259 c\u0259lb edirl\u0259r. G\u00fcman ki, H\u00fcseynzad\u0259nin psixoloji g\u0259rginliyini, m\u00fc\u0259yy\u0259n q\u0259d\u0259r q\u0259ddarl\u0131\u011f\u0131n\u0131, \u0259zmkarl\u0131\u011f\u0131n\u0131 g\u00f6r\u00fcrl\u0259r, \u00e7\u00fcnki \u00f6z\u00fc deyirdi ki, d\u0259f\u0259l\u0259rl\u0259 s\u0259firliy\u0259 m\u00fcraci\u0259t edib. N\u0259tic\u0259d\u0259 onun \u00fcz\u0259rind\u0259 i\u015fl\u0259m\u0259yi q\u0259rara al\u0131rlar. Bunlar m\u0259s\u0259l\u0259l\u0259rin bir t\u0259r\u0259fidir. \u0130kincisi, \u0259g\u0259r prosesin \u00f6z\u00fcn\u00fc yay\u0131lan videolarla t\u0259hlil ets\u0259k, terror akt\u0131 oldu\u011fu a\u015fkard\u0131r.<\/p>\n\n\n\n<p>&nbsp;&#8211; Hans\u0131 arqumentl\u0259rl\u0259 fikrinizi \u0259sasland\u0131ra bil\u0259rsiniz?<\/p>\n\n\n\n<p>&nbsp;&#8211; D\u00fczd\u00fcr, videolar ard\u0131c\u0131l \u015f\u0259kild\u0259 yay\u0131lmay\u0131b. \u018fvv\u0259l sonuncu, sonra dig\u0259rl\u0259ri yay\u0131ld\u0131. Yasin H\u00fcseynzad\u0259 s\u0259firliy\u0259 h\u00fccum ed\u0259nd\u0259, m\u00fchafiz\u0259 xidm\u0259ti yox idi. Ordak\u0131 ki\u00e7ik k\u00f6\u015fkd\u0259 bir n\u0259f\u0259r var idi, o da h\u0259r\u0259k\u0259tsiz qar\u015f\u0131lad\u0131. Halbuki, s\u0259firliyin qar\u015f\u0131s\u0131nda \u0259n az\u0131 3 polis olmal\u0131d\u0131r. Onlar\u0131n say\u0131n\u0131 art\u0131ra da bil\u0259rl\u0259r, amma azalda bilm\u0259zl\u0259r. Bax\u0131n, Az\u0259rbaycandak\u0131 s\u0259firlikl\u0259r\u0259, f\u0259rqi yoxdur, ham\u0131s\u0131n\u0131n qar\u015f\u0131s\u0131nda 3 polis m\u00fchafiz\u0259 edir. Dem\u0259li, s\u0259firliyimizin qar\u015f\u0131s\u0131nda polis yoxdur. Niy\u0259 polisl\u0259r yoxdur? Birinci \u015f\u00fcbh\u0259miz bu sualda yaran\u0131r. \u0130kincisi, adam g\u0259lib qap\u0131ya at\u0259\u015f a\u00e7\u0131r, k\u00fcl\u00fcngl\u0259 vurur, amma t\u0259xmin\u0259n 30 d\u0259qiq\u0259 bu s\u0259s\u0259 d\u0259 polisl\u0259r g\u0259lmir. He\u00e7 kim\u0259 sirr deyil ki, b\u00fct\u00fcn s\u0259firlikl\u0259r k\u0259nardan kameralarla qorunur. B\u0259s Tehran polisi niy\u0259 reaksiya vermir?! H\u0259tta \u201cmolotov kokteyl\u201dl\u0259 ma\u015f\u0131n\u0131 partlatmaq ist\u0259yirl\u0259r, bacarm\u0131rlar. Yen\u0259 d\u0259 polis yoxdur, k\u00f6\u015fk d\u0259 bo\u015fdur. \u00dc\u00e7\u00fcnc\u00fc d\u0259f\u0259 ma\u015f\u0131nla g\u0259lib qar\u015f\u0131dak\u0131 avtomobil\u0259 vurur ki, i\u00e7\u0259rid\u0259kil\u0259r \u00e7\u00f6l\u0259 \u00e7\u0131xs\u0131n. \u00c7\u00fcnki H\u00fcseynzad\u0259 adamlarla eyni vaxtda g\u0259lm\u0259diyind\u0259n qap\u0131 ba\u011flanm\u0131\u015fd\u0131. O s\u0259s edir ki, adamlar \u00e7\u00f6l\u0259 \u00e7\u0131xs\u0131n. Adi v\u0259t\u0259nda\u015f avtomatla ma\u015f\u0131n\u0131 s\u00fcr\u0259tl\u0259 s\u00fcr\u00fcb qar\u015f\u0131dak\u0131na toqqu\u015fdurur v\u0259 \u00e7\u0131x\u0131b at\u0259\u015f a\u00e7\u0131r. Yasin H\u00fcseynzad\u0259 i\u00e7\u0259ri gir\u0259nd\u0259n sonra da m\u00fchafiz\u0259nin reaksiyas\u0131 yoxdur v\u0259 onun s\u0259firliyin i\u015f\u00e7il\u0259ri tutub t\u0259hvil verirl\u0259r. Buradan o n\u0259tic\u0259 \u00e7\u0131x\u0131r ki, H\u00fcseynzad\u0259ni haz\u0131rlay\u0131blar. Ba\u015fqa bir detal, hadis\u0259d\u0259n saat yar\u0131m sonra prokuror m\u0259i\u015f\u0259t z\u0259mini bar\u0259d\u0259 dan\u0131\u015f\u0131r. M\u0259n Rusiyan\u0131n \u201c\u0130ran yenilikl\u0259ri\u201d m\u0259tbuat\u0131nda h\u0259min a\u00e7\u0131qlaman\u0131 oxumu\u015fam. T\u0259s\u0259vv\u00fcr edirsiniz, saat yar\u0131mda nec\u0259 m\u00fc\u0259yy\u0259nl\u0259\u015fdirdil\u0259r ki, H\u00fcseynzad\u0259 m\u0259i\u015f\u0259t z\u0259minind\u0259 s\u0259firliy\u0259 h\u00fccum edib? Ondan sonra da \u0130ran\u0131n \u201cS\u0259h\u0259r\u201d kanal\u0131na m\u00fcsahib\u0259 verir, bu kanal da Az\u0259rbaycan\u0131n \u0259leyhin\u0259 h\u0259r g\u00fcn x\u0259b\u0259rl\u0259r, reportajlar yay\u0131mlay\u0131r. Niy\u0259 \u0259m\u0259liyyat kadrlar\u0131 \u00e7\u0259kib yaym\u0131rd\u0131lar? Bel\u0259likl\u0259, bizd\u0259 \u0259lav\u0259 \u015f\u00fcbh\u0259 yaran\u0131r ki, terror d\u00f6vl\u0259t t\u0259r\u0259find\u0259n t\u0259\u015fkil olunub. B\u0259li, bu i\u015fin ssenarisinin m\u0259i\u015f\u0259t z\u0259mini oldu\u011funu bilirik, amma m\u0259i\u015f\u0259t z\u0259minin \u0259sas g\u0259tirib terror akt\u0131 t\u00f6r\u0259tm\u0259k ortadad\u0131r.<\/p>\n\n\n\n<p>&nbsp;&#8211; Sual yaradan m\u0259qamlar videolar\u0131n yay\u0131lmas\u0131d\u0131r. Birincisi, h\u0259min videolar sosial \u015f\u0259b\u0259k\u0259l\u0259rd\u0259 v\u0259 h\u00f6kum\u0259t medias\u0131nda yay\u0131mlan\u0131r. \u0130kincisi, videolar aras\u0131nda zaman f\u0259rql\u0259ri var. 8.02-d\u0259 H\u00fcseynzad\u0259 s\u0259firliy\u0259 h\u00fccum edir, amma ba\u015fqa videoda 8.32-d\u0259 s\u0259firliy\u0259 g\u0259lib h\u0259m \u201cKala\u015fnikov\u201d, h\u0259m d\u0259 \u201ckuvalt\u201dla qap\u0131n\u0131 vurur. Daha sonra \u201cmolotov kokteyl\u201di at\u0131l\u0131r. N\u0259 \u00fc\u00e7\u00fcn bu videolar xaos \u015f\u0259klind\u0259 yay\u0131mlan\u0131b? H\u00fcquq-m\u00fchafiz\u0259 orqanlar\u0131 \u00f6zl\u0259rin\u0259 n\u0259d\u0259s\u0259 arxay\u0131nd\u0131lar, yoxsa \u0130ran r\u0259smil\u0259rinin h\u0259r hans\u0131 a\u00e7\u0131qlamalar\u0131ndan sonra yay\u0131ma burax\u0131rlar?<\/p>\n\n\n\n<p>&nbsp;&#8211; G\u00fcman ki, s\u0259firlik birinci h\u00fccum olan videonu g\u00f6nd\u0259rib, i\u00e7\u0259rid\u0259ki \u0259lbayaxa d\u00f6y\u00fc\u015f\u00fc. M\u0259n demir\u0259m videolar\u0131n ard\u0131c\u0131l \u00e7atd\u0131r\u0131lmamas\u0131 q\u0259bah\u0259tdir, sad\u0259c\u0259, \u0259ld\u0259 olunan materiallar bel\u0259 olub. B\u0259li, ard\u0131c\u0131ll\u0131q m\u00fc\u0259yy\u0259n q\u0259d\u0259r pozulub, amma istintaq gedir, a\u00e7\u0131q \u015f\u0259kild\u0259 g\u00f6st\u0259ril\u0259c\u0259k.<\/p>\n\n\n\n<p>&nbsp;&#8211; Ancaq videolar\u0131n saatlar\u0131 f\u0259rqli zamanlar\u0131 g\u00f6st\u0259rir&#8230;<\/p>\n\n\n\n<p>&nbsp;8.32-d\u0259 i\u00e7\u0259rid\u0259 dava gedir, m\u0259n el\u0259 g\u00f6rd\u00fcm. 8.02. \u201cmolotov kokteyl\u201d v\u0259 k\u00fcl\u00fcngl\u0259 qap\u0131n\u0131 vuran videonu g\u00f6rm\u00fc\u015f\u0259m. B\u00fct\u00fcn hallarda videolar\u0131n yay\u0131m\u0131nda s\u0259hl\u0259nkarl\u0131q yoxdurmu?<\/p>\n\n\n\n<p>&nbsp;&#8211; Tam s\u0259hlankarl\u0131q var, raz\u0131yam. Zaman\u0131n g\u00f6st\u0259rilm\u0259sind\u0259 f\u0259rqlilik varsa, ayd\u0131nl\u0131q g\u0259tirilm\u0259lidir. Y\u0259qin ki, istintaq buna ayd\u0131nl\u0131q g\u0259tir\u0259c\u0259k. Cinay\u0259t i\u015fi a\u00e7\u0131l\u0131b, bildiyim\u0259 g\u00f6r\u0259 \u0130ran Az\u0259rbaycan h\u00fcquq-m\u00fchafiz\u0259 orqanlar\u0131n\u0131n istintaq t\u0259dbirl\u0259rind\u0259 i\u015ftirak\u0131na icaz\u0259 verib. Amma m\u00fchafiz\u0259nin t\u0259\u015fkili m\u0259s\u0259l\u0259sind\u0259 \u0130ran d\u00f6vl\u0259t olaraq v\u0259zif\u0259l\u0259rini yerin\u0259 yetirm\u0259yib. V\u0259 bu q\u0259fl\u0259t\u0259n ba\u015f ver\u0259n hadis\u0259 deyil. Sadalad\u0131qlar\u0131m\u0131z kifay\u0259t q\u0259d\u0259r \u0259sas verir dey\u0259k ki, d\u00f6vl\u0259t i\u015fin planla\u015fd\u0131r\u0131lmas\u0131nda birba\u015fa olmasa da, dolay\u0131s\u0131 il\u0259 i\u015ftirak edib.<\/p>\n\n\n\n<p>&nbsp;&#8211; Yekunda sual\u0131m\u0131 bir q\u0259d\u0259r f\u0259rqli qoymaq ist\u0259rdim. Hadis\u0259 ba\u015f ver\u0259n zamanda Qaraba\u011fda \u0130lham \u018fliyevin dediyi kimi Rusiyan\u0131n g\u00f6nd\u0259rdiyi Ruben Vardanyanla Arayik Arutunyan\u0131n m\u00fcbahis\u0259si k\u0259skinl\u0259\u015fir. V\u0259 Vardanyan\u0131n Az\u0259rbaycana qar\u015f\u0131 t\u0259l\u0259bl\u0259ri s\u0259rtl\u0259\u015fir. Bunlar aras\u0131nda bir \u0259laq\u0259 varm\u0131?<\/p>\n\n\n\n<p>&nbsp;&#8211; Qaraba\u011f m\u0259s\u0259l\u0259sin\u0259 yekun n\u00f6qt\u0259 qoyulmad\u0131\u011f\u0131ndan v\u0259 suverenliyimiz tam b\u0259rpa olunmad\u0131\u011f\u0131ndan bu z\u0259if b\u0259ndimizd\u0259n istifad\u0259 ed\u0259c\u0259kl\u0259r. Kim ed\u0259c\u0259k, \u0130ran, Rusiya, Fransa v\u0259 al\u0259t kimi d\u0259 Erm\u0259nistan. Dem\u0259k ist\u0259yir\u0259m ki, Qaraba\u011fda suverenliyimiz tam b\u0259rpa olunmayana q\u0259d\u0259r bu c\u00fcr m\u0259s\u0259l\u0259l\u0259rin \u015fahidi olaca\u011f\u0131q. T\u0259bii ki, Fransadan h\u0259rbi m\u00fcdaxil\u0259 yoxdur, amma diplomatik t\u0259zyiql\u0259r var. \u00c7\u00fcnki Xank\u0259ndi m\u0259s\u0259l\u0259si h\u0259ll olunmay\u0131b. B\u0259li, indi deyirik ki, Qaraba\u011f m\u0259s\u0259l\u0259si daxili i\u015fimizdir. Ancaq de-fakto m\u0259s\u0259l\u0259y\u0259 yekun n\u00f6qt\u0259 qoyulmay\u0131b.<\/p>\n\n\n\n<p>&nbsp;&#8211; H\u0259ll olunma dey\u0259nd\u0259 n\u0259l\u0259ri n\u0259z\u0259rd\u0259 tutursunuz, ordak\u0131 erm\u0259ni v\u0259t\u0259nda\u015flar\u0131m\u0131zla t\u0259masa ke\u00e7m\u0259k v\u0259&#8230;?<\/p>\n\n\n\n<p>&nbsp;&#8211; H\u0259ll dey\u0259nd\u0259, d\u00f6vl\u0259t n\u0259zar\u0259timizin olmas\u0131n\u0131 n\u0259z\u0259rd\u0259 tuturam. Faktiki Vardanyan deyir ki, onlar Az\u0259rbaycan\u0131n t\u0259rkibind\u0259 olmayacaq, havadarlar\u0131n\u0131n da bundan Az\u0259rbaycana t\u0259zyiq etm\u0259k \u00fc\u00e7\u00fcn \u00f6z maraqlar\u0131 var. Rusiya b\u00fct\u00f6vl\u00fckd\u0259 C\u0259nubi Qafqazda qalmaq \u00fc\u00e7\u00fcn m\u00fcnaqi\u015f\u0259nin uzanmas\u0131nda maraql\u0131d\u0131r. Fransa Rusiyan\u0131 \u0259v\u0259z etm\u0259k ist\u0259yir, Q\u0259rbin \u00fcmumiyy\u0259tl\u0259 h\u0259d\u0259fi bundan ibar\u0259tdir. \u0130ran is\u0259 Az\u0259rbaycan\u0131 z\u0259if g\u00f6rm\u0259k v\u0259 m\u00fcnaqi\u015f\u0259d\u0259n istifad\u0259 edib t\u0259zyiq g\u00f6st\u0259rm\u0259k ist\u0259yir. Ancaq m\u0259s\u0259l\u0259 tam h\u0259ll olunanda, h\u0259r \u00fc\u00e7 amil ortadan qalxacaq. O zaman Erm\u0259nistan\u0131n da m\u00f6vqeyind\u0259 tamam d\u0259yi\u015fiklik olacaq. B\u0259li, \u0130randak\u0131 hadis\u0259 il\u0259 Vardanyan\u0131n demar\u015f\u0131 aras\u0131nda birba\u015fa \u0259laq\u0259 yoxdur. Lakin bunlar\u0131n ham\u0131s\u0131n\u0131 birl\u0259\u015fdir\u0259n birba\u015fa \u0259laq\u0259 odur ki, Qaraba\u011f m\u0259s\u0259l\u0259sind\u0259 yekun n\u00f6qt\u0259nin qoyulmamas\u0131 3 d\u00f6vl\u0259tin t\u0259zyiqini saxlay\u0131r. H\u0259r\u0259 \u00f6z bildiyi kimi t\u0259zyiq g\u00f6st\u0259r\u0259c\u0259k. Arutunyan\u0131n Moskvaya s\u0259f\u0259ri g\u00f6st\u0259rir ki, Moskva iki hakimiyy\u0259tliy\u0259 son qoymal\u0131d\u0131r. \u201cGallup\u201d Sor\u011fu M\u0259rk\u0259zinin Erm\u0259nstanda sonuncu sor\u011fusuna bax\u0131n, Vardanyan \u0259n reytinqli siyas\u0259t\u00e7i say\u0131l\u0131r. Halbuki, bu, reall\u0131qdan \u00e7ox uzaqd\u0131r. Hesab etmir\u0259m ki, Erm\u0259nistan c\u0259miyy\u0259ti Vardanyan layih\u0259sin\u0259 m\u00fcsb\u0259t yana\u015fs\u0131n. \u00c7\u00fcnki erm\u0259nil\u0259r onun Rusiya layih\u0259si oldu\u011funu bilirl\u0259r. Nec\u0259 K\u00f6\u00e7\u0259ryan v\u0259 Sarkisyan zaman\u0131nda Rusiyaya ba\u011fl\u0131yd\u0131, onlar\u0131 Ter-Petrosyana qar\u015f\u0131 \u00e7\u0131xard\u0131rd\u0131lar, indi d\u0259 Vardanyan layih\u0259si i\u015f\u0259 sal\u0131n\u0131b. Art\u0131q Qaraba\u011f erm\u0259nil\u0259ri probleml\u0259rinin artmas\u0131n\u0131n s\u0259b\u0259bini Vardanyanda g\u00f6r\u00fcrl\u0259r. Bilirsiniz, sosioloji sor\u011fu m\u0259rk\u0259zl\u0259ri k\u0259\u015ffiyyatlarla \u0259laq\u0259li olurlar, laz\u0131m g\u0259l\u0259nd\u0259 onlar\u0131n n\u0259tic\u0259l\u0259rini d\u0259yi\u015fdirirl\u0259r d\u0259. Sor\u011fuda h\u0259tta Mirzoyan bel\u0259 Pa\u015finyan\u0131 \u00fcst\u0259l\u0259yib. Rusiya 2 ildir \u00e7al\u0131\u015f\u0131r ki, Pa\u015finyan\u0131 hakimiyy\u0259td\u0259n uzaqla\u015fd\u0131rs\u0131n, al\u0131nm\u0131r. Amma proses h\u0259l\u0259 davam edir.<\/p>\n","protected":false},"excerpt":{"rendered":"","protected":false},"author":14,"featured_media":267411,"comment_status":"closed","ping_status":"closed","sticky":false,"template":"","format":"standard","meta":{"_acf_changed":false,"_sitemap_exclude":false,"_sitemap_priority":"","_sitemap_frequency":"","footnotes":""},"categories":[63,56],"tags":[],"class_list":["post-267408","post","type-post","status-publish","format-standard","has-post-thumbnail","hentry","category-video-2","category-xeberler","infinite-scroll-item","generate-columns","tablet-grid-50","mobile-grid-100","grid-parent","grid-33","no-featured-image-padding"],"acf":[],"yoast_head":"<!-- This site is optimized with the Yoast SEO plugin v27.5 - https:\/\/yoast.com\/product\/yoast-seo-wordpress\/ -->\n<title>\u0130lham \u0130smay\u0131l: \u201c\u0130ran \u00fc\u00e7\u00fcn el\u00e7iliyin m\u00fcq\u0259dd\u0259sliyi anlay\u0131\u015f\u0131 yoxdur&quot; - MEYDAN.TV<\/title>\n<meta name=\"robots\" content=\"index, follow, max-snippet:-1, max-image-preview:large, max-video-preview:-1\" \/>\n<link rel=\"canonical\" href=\"https:\/\/www.meydan.tv\/az\/article\/ilham-ismayil-iran-islam-respublikasi-ucun-elciliyin-muqeddesliyi-anlayisi-yoxdur\/\" \/>\n<meta property=\"og:locale\" content=\"az_AZ\" \/>\n<meta property=\"og:type\" content=\"article\" \/>\n<meta property=\"og:title\" content=\"\u0130lham \u0130smay\u0131l: \u201c\u0130ran \u00fc\u00e7\u00fcn el\u00e7iliyin m\u00fcq\u0259dd\u0259sliyi anlay\u0131\u015f\u0131 yoxdur&quot; - MEYDAN.TV\" \/>\n<meta property=\"og:url\" content=\"https:\/\/www.meydan.tv\/az\/article\/ilham-ismayil-iran-islam-respublikasi-ucun-elciliyin-muqeddesliyi-anlayisi-yoxdur\/\" \/>\n<meta property=\"og:site_name\" content=\"MEYDAN.TV\" \/>\n<meta property=\"article:published_time\" content=\"2023-02-02T16:53:43+00:00\" \/>\n<meta property=\"article:modified_time\" content=\"2023-02-02T16:53:47+00:00\" \/>\n<meta property=\"og:image\" content=\"https:\/\/www.meydan.tv\/wp-content\/uploads\/screenshot-at-feb-02-16-43-54.png\" \/>\n\t<meta property=\"og:image:width\" content=\"1414\" \/>\n\t<meta property=\"og:image:height\" content=\"808\" \/>\n\t<meta property=\"og:image:type\" content=\"image\/png\" \/>\n<meta name=\"author\" content=\"roma\" \/>\n<meta name=\"twitter:card\" content=\"summary_large_image\" \/>\n<script type=\"application\/ld+json\" class=\"yoast-schema-graph\">{\"@context\":\"https:\\\/\\\/schema.org\",\"@graph\":[{\"@type\":\"Article\",\"@id\":\"https:\\\/\\\/www.meydan.tv\\\/az\\\/article\\\/ilham-ismayil-iran-islam-respublikasi-ucun-elciliyin-muqeddesliyi-anlayisi-yoxdur\\\/#article\",\"isPartOf\":{\"@id\":\"https:\\\/\\\/www.meydan.tv\\\/az\\\/article\\\/ilham-ismayil-iran-islam-respublikasi-ucun-elciliyin-muqeddesliyi-anlayisi-yoxdur\\\/\"},\"author\":{\"name\":\"roma\",\"@id\":\"https:\\\/\\\/www.meydan.tv\\\/az\\\/#\\\/schema\\\/person\\\/8f23e01c4de63326c13c319fb65ee65d\"},\"headline\":\"\u0130lham \u0130smay\u0131l: \u201c\u0130ran \u00fc\u00e7\u00fcn el\u00e7iliyin m\u00fcq\u0259dd\u0259sliyi anlay\u0131\u015f\u0131 yoxdur&#8221;\",\"datePublished\":\"2023-02-02T16:53:43+00:00\",\"dateModified\":\"2023-02-02T16:53:47+00:00\",\"mainEntityOfPage\":{\"@id\":\"https:\\\/\\\/www.meydan.tv\\\/az\\\/article\\\/ilham-ismayil-iran-islam-respublikasi-ucun-elciliyin-muqeddesliyi-anlayisi-yoxdur\\\/\"},\"wordCount\":2619,\"publisher\":{\"@id\":\"https:\\\/\\\/www.meydan.tv\\\/az\\\/#organization\"},\"image\":{\"@id\":\"https:\\\/\\\/www.meydan.tv\\\/az\\\/article\\\/ilham-ismayil-iran-islam-respublikasi-ucun-elciliyin-muqeddesliyi-anlayisi-yoxdur\\\/#primaryimage\"},\"thumbnailUrl\":\"https:\\\/\\\/www.meydan.tv\\\/wp-content\\\/uploads\\\/screenshot-at-feb-02-16-43-54.png\",\"articleSection\":[\"Video\",\"X\u0259b\u0259rl\u0259r\"],\"inLanguage\":\"az\"},{\"@type\":\"WebPage\",\"@id\":\"https:\\\/\\\/www.meydan.tv\\\/az\\\/article\\\/ilham-ismayil-iran-islam-respublikasi-ucun-elciliyin-muqeddesliyi-anlayisi-yoxdur\\\/\",\"url\":\"https:\\\/\\\/www.meydan.tv\\\/az\\\/article\\\/ilham-ismayil-iran-islam-respublikasi-ucun-elciliyin-muqeddesliyi-anlayisi-yoxdur\\\/\",\"name\":\"\u0130lham \u0130smay\u0131l: \u201c\u0130ran \u00fc\u00e7\u00fcn el\u00e7iliyin m\u00fcq\u0259dd\u0259sliyi anlay\u0131\u015f\u0131 yoxdur\\\" - MEYDAN.TV\",\"isPartOf\":{\"@id\":\"https:\\\/\\\/www.meydan.tv\\\/az\\\/#website\"},\"primaryImageOfPage\":{\"@id\":\"https:\\\/\\\/www.meydan.tv\\\/az\\\/article\\\/ilham-ismayil-iran-islam-respublikasi-ucun-elciliyin-muqeddesliyi-anlayisi-yoxdur\\\/#primaryimage\"},\"image\":{\"@id\":\"https:\\\/\\\/www.meydan.tv\\\/az\\\/article\\\/ilham-ismayil-iran-islam-respublikasi-ucun-elciliyin-muqeddesliyi-anlayisi-yoxdur\\\/#primaryimage\"},\"thumbnailUrl\":\"https:\\\/\\\/www.meydan.tv\\\/wp-content\\\/uploads\\\/screenshot-at-feb-02-16-43-54.png\",\"datePublished\":\"2023-02-02T16:53:43+00:00\",\"dateModified\":\"2023-02-02T16:53:47+00:00\",\"breadcrumb\":{\"@id\":\"https:\\\/\\\/www.meydan.tv\\\/az\\\/article\\\/ilham-ismayil-iran-islam-respublikasi-ucun-elciliyin-muqeddesliyi-anlayisi-yoxdur\\\/#breadcrumb\"},\"inLanguage\":\"az\",\"potentialAction\":[{\"@type\":\"ReadAction\",\"target\":[\"https:\\\/\\\/www.meydan.tv\\\/az\\\/article\\\/ilham-ismayil-iran-islam-respublikasi-ucun-elciliyin-muqeddesliyi-anlayisi-yoxdur\\\/\"]}]},{\"@type\":\"ImageObject\",\"inLanguage\":\"az\",\"@id\":\"https:\\\/\\\/www.meydan.tv\\\/az\\\/article\\\/ilham-ismayil-iran-islam-respublikasi-ucun-elciliyin-muqeddesliyi-anlayisi-yoxdur\\\/#primaryimage\",\"url\":\"https:\\\/\\\/www.meydan.tv\\\/wp-content\\\/uploads\\\/screenshot-at-feb-02-16-43-54.png\",\"contentUrl\":\"https:\\\/\\\/www.meydan.tv\\\/wp-content\\\/uploads\\\/screenshot-at-feb-02-16-43-54.png\",\"width\":1414,\"height\":808},{\"@type\":\"BreadcrumbList\",\"@id\":\"https:\\\/\\\/www.meydan.tv\\\/az\\\/article\\\/ilham-ismayil-iran-islam-respublikasi-ucun-elciliyin-muqeddesliyi-anlayisi-yoxdur\\\/#breadcrumb\",\"itemListElement\":[{\"@type\":\"ListItem\",\"position\":1,\"name\":\"Ana s\u0259hif\u0259\",\"item\":\"https:\\\/\\\/www.meydan.tv\\\/az\\\/\"},{\"@type\":\"ListItem\",\"position\":2,\"name\":\"X\u0259b\u0259rl\u0259r\",\"item\":\"https:\\\/\\\/www.meydan.tv\\\/az\\\/section\\\/xeberler\\\/\"},{\"@type\":\"ListItem\",\"position\":3,\"name\":\"\u0130lham \u0130smay\u0131l: \u201c\u0130ran \u00fc\u00e7\u00fcn el\u00e7iliyin m\u00fcq\u0259dd\u0259sliyi anlay\u0131\u015f\u0131 yoxdur&#8221;\"}]},{\"@type\":\"WebSite\",\"@id\":\"https:\\\/\\\/www.meydan.tv\\\/az\\\/#website\",\"url\":\"https:\\\/\\\/www.meydan.tv\\\/az\\\/\",\"name\":\"MEYDAN.TV\",\"description\":\"Meydan TV Az\u0259rbaycan\u0131n media m\u0259kan\u0131ndak\u0131 alternativ s\u0259sidir\",\"publisher\":{\"@id\":\"https:\\\/\\\/www.meydan.tv\\\/az\\\/#organization\"},\"potentialAction\":[{\"@type\":\"SearchAction\",\"target\":{\"@type\":\"EntryPoint\",\"urlTemplate\":\"https:\\\/\\\/www.meydan.tv\\\/az\\\/?s={search_term_string}\"},\"query-input\":{\"@type\":\"PropertyValueSpecification\",\"valueRequired\":true,\"valueName\":\"search_term_string\"}}],\"inLanguage\":\"az\"},{\"@type\":\"Organization\",\"@id\":\"https:\\\/\\\/www.meydan.tv\\\/az\\\/#organization\",\"name\":\"Meydan TV\",\"url\":\"https:\\\/\\\/www.meydan.tv\\\/az\\\/\",\"logo\":{\"@type\":\"ImageObject\",\"inLanguage\":\"az\",\"@id\":\"https:\\\/\\\/www.meydan.tv\\\/az\\\/#\\\/schema\\\/logo\\\/image\\\/\",\"url\":\"https:\\\/\\\/www.meydan.tv\\\/wp-content\\\/uploads\\\/2021\\\/07\\\/meydan-logo.svg\",\"contentUrl\":\"https:\\\/\\\/www.meydan.tv\\\/wp-content\\\/uploads\\\/2021\\\/07\\\/meydan-logo.svg\",\"width\":195,\"height\":46,\"caption\":\"Meydan TV\"},\"image\":{\"@id\":\"https:\\\/\\\/www.meydan.tv\\\/az\\\/#\\\/schema\\\/logo\\\/image\\\/\"}},{\"@type\":\"Person\",\"@id\":\"https:\\\/\\\/www.meydan.tv\\\/az\\\/#\\\/schema\\\/person\\\/8f23e01c4de63326c13c319fb65ee65d\",\"name\":\"roma\"}]}<\/script>\n<!-- \/ Yoast SEO plugin. -->","yoast_head_json":{"title":"\u0130lham \u0130smay\u0131l: \u201c\u0130ran \u00fc\u00e7\u00fcn el\u00e7iliyin m\u00fcq\u0259dd\u0259sliyi anlay\u0131\u015f\u0131 yoxdur\" - MEYDAN.TV","robots":{"index":"index","follow":"follow","max-snippet":"max-snippet:-1","max-image-preview":"max-image-preview:large","max-video-preview":"max-video-preview:-1"},"canonical":"https:\/\/www.meydan.tv\/az\/article\/ilham-ismayil-iran-islam-respublikasi-ucun-elciliyin-muqeddesliyi-anlayisi-yoxdur\/","og_locale":"az_AZ","og_type":"article","og_title":"\u0130lham \u0130smay\u0131l: \u201c\u0130ran \u00fc\u00e7\u00fcn el\u00e7iliyin m\u00fcq\u0259dd\u0259sliyi anlay\u0131\u015f\u0131 yoxdur\" - MEYDAN.TV","og_url":"https:\/\/www.meydan.tv\/az\/article\/ilham-ismayil-iran-islam-respublikasi-ucun-elciliyin-muqeddesliyi-anlayisi-yoxdur\/","og_site_name":"MEYDAN.TV","article_published_time":"2023-02-02T16:53:43+00:00","article_modified_time":"2023-02-02T16:53:47+00:00","og_image":[{"width":1414,"height":808,"url":"https:\/\/www.meydan.tv\/wp-content\/uploads\/screenshot-at-feb-02-16-43-54.png","type":"image\/png"}],"author":"roma","twitter_card":"summary_large_image","schema":{"@context":"https:\/\/schema.org","@graph":[{"@type":"Article","@id":"https:\/\/www.meydan.tv\/az\/article\/ilham-ismayil-iran-islam-respublikasi-ucun-elciliyin-muqeddesliyi-anlayisi-yoxdur\/#article","isPartOf":{"@id":"https:\/\/www.meydan.tv\/az\/article\/ilham-ismayil-iran-islam-respublikasi-ucun-elciliyin-muqeddesliyi-anlayisi-yoxdur\/"},"author":{"name":"roma","@id":"https:\/\/www.meydan.tv\/az\/#\/schema\/person\/8f23e01c4de63326c13c319fb65ee65d"},"headline":"\u0130lham \u0130smay\u0131l: \u201c\u0130ran \u00fc\u00e7\u00fcn el\u00e7iliyin m\u00fcq\u0259dd\u0259sliyi anlay\u0131\u015f\u0131 yoxdur&#8221;","datePublished":"2023-02-02T16:53:43+00:00","dateModified":"2023-02-02T16:53:47+00:00","mainEntityOfPage":{"@id":"https:\/\/www.meydan.tv\/az\/article\/ilham-ismayil-iran-islam-respublikasi-ucun-elciliyin-muqeddesliyi-anlayisi-yoxdur\/"},"wordCount":2619,"publisher":{"@id":"https:\/\/www.meydan.tv\/az\/#organization"},"image":{"@id":"https:\/\/www.meydan.tv\/az\/article\/ilham-ismayil-iran-islam-respublikasi-ucun-elciliyin-muqeddesliyi-anlayisi-yoxdur\/#primaryimage"},"thumbnailUrl":"https:\/\/www.meydan.tv\/wp-content\/uploads\/screenshot-at-feb-02-16-43-54.png","articleSection":["Video","X\u0259b\u0259rl\u0259r"],"inLanguage":"az"},{"@type":"WebPage","@id":"https:\/\/www.meydan.tv\/az\/article\/ilham-ismayil-iran-islam-respublikasi-ucun-elciliyin-muqeddesliyi-anlayisi-yoxdur\/","url":"https:\/\/www.meydan.tv\/az\/article\/ilham-ismayil-iran-islam-respublikasi-ucun-elciliyin-muqeddesliyi-anlayisi-yoxdur\/","name":"\u0130lham \u0130smay\u0131l: \u201c\u0130ran \u00fc\u00e7\u00fcn el\u00e7iliyin m\u00fcq\u0259dd\u0259sliyi anlay\u0131\u015f\u0131 yoxdur\" - MEYDAN.TV","isPartOf":{"@id":"https:\/\/www.meydan.tv\/az\/#website"},"primaryImageOfPage":{"@id":"https:\/\/www.meydan.tv\/az\/article\/ilham-ismayil-iran-islam-respublikasi-ucun-elciliyin-muqeddesliyi-anlayisi-yoxdur\/#primaryimage"},"image":{"@id":"https:\/\/www.meydan.tv\/az\/article\/ilham-ismayil-iran-islam-respublikasi-ucun-elciliyin-muqeddesliyi-anlayisi-yoxdur\/#primaryimage"},"thumbnailUrl":"https:\/\/www.meydan.tv\/wp-content\/uploads\/screenshot-at-feb-02-16-43-54.png","datePublished":"2023-02-02T16:53:43+00:00","dateModified":"2023-02-02T16:53:47+00:00","breadcrumb":{"@id":"https:\/\/www.meydan.tv\/az\/article\/ilham-ismayil-iran-islam-respublikasi-ucun-elciliyin-muqeddesliyi-anlayisi-yoxdur\/#breadcrumb"},"inLanguage":"az","potentialAction":[{"@type":"ReadAction","target":["https:\/\/www.meydan.tv\/az\/article\/ilham-ismayil-iran-islam-respublikasi-ucun-elciliyin-muqeddesliyi-anlayisi-yoxdur\/"]}]},{"@type":"ImageObject","inLanguage":"az","@id":"https:\/\/www.meydan.tv\/az\/article\/ilham-ismayil-iran-islam-respublikasi-ucun-elciliyin-muqeddesliyi-anlayisi-yoxdur\/#primaryimage","url":"https:\/\/www.meydan.tv\/wp-content\/uploads\/screenshot-at-feb-02-16-43-54.png","contentUrl":"https:\/\/www.meydan.tv\/wp-content\/uploads\/screenshot-at-feb-02-16-43-54.png","width":1414,"height":808},{"@type":"BreadcrumbList","@id":"https:\/\/www.meydan.tv\/az\/article\/ilham-ismayil-iran-islam-respublikasi-ucun-elciliyin-muqeddesliyi-anlayisi-yoxdur\/#breadcrumb","itemListElement":[{"@type":"ListItem","position":1,"name":"Ana s\u0259hif\u0259","item":"https:\/\/www.meydan.tv\/az\/"},{"@type":"ListItem","position":2,"name":"X\u0259b\u0259rl\u0259r","item":"https:\/\/www.meydan.tv\/az\/section\/xeberler\/"},{"@type":"ListItem","position":3,"name":"\u0130lham \u0130smay\u0131l: \u201c\u0130ran \u00fc\u00e7\u00fcn el\u00e7iliyin m\u00fcq\u0259dd\u0259sliyi anlay\u0131\u015f\u0131 yoxdur&#8221;"}]},{"@type":"WebSite","@id":"https:\/\/www.meydan.tv\/az\/#website","url":"https:\/\/www.meydan.tv\/az\/","name":"MEYDAN.TV","description":"Meydan TV Az\u0259rbaycan\u0131n media m\u0259kan\u0131ndak\u0131 alternativ s\u0259sidir","publisher":{"@id":"https:\/\/www.meydan.tv\/az\/#organization"},"potentialAction":[{"@type":"SearchAction","target":{"@type":"EntryPoint","urlTemplate":"https:\/\/www.meydan.tv\/az\/?s={search_term_string}"},"query-input":{"@type":"PropertyValueSpecification","valueRequired":true,"valueName":"search_term_string"}}],"inLanguage":"az"},{"@type":"Organization","@id":"https:\/\/www.meydan.tv\/az\/#organization","name":"Meydan TV","url":"https:\/\/www.meydan.tv\/az\/","logo":{"@type":"ImageObject","inLanguage":"az","@id":"https:\/\/www.meydan.tv\/az\/#\/schema\/logo\/image\/","url":"https:\/\/www.meydan.tv\/wp-content\/uploads\/2021\/07\/meydan-logo.svg","contentUrl":"https:\/\/www.meydan.tv\/wp-content\/uploads\/2021\/07\/meydan-logo.svg","width":195,"height":46,"caption":"Meydan TV"},"image":{"@id":"https:\/\/www.meydan.tv\/az\/#\/schema\/logo\/image\/"}},{"@type":"Person","@id":"https:\/\/www.meydan.tv\/az\/#\/schema\/person\/8f23e01c4de63326c13c319fb65ee65d","name":"roma"}]}},"_links":{"self":[{"href":"https:\/\/www.meydan.tv\/az\/wp-json\/wp\/v2\/posts\/267408","targetHints":{"allow":["GET"]}}],"collection":[{"href":"https:\/\/www.meydan.tv\/az\/wp-json\/wp\/v2\/posts"}],"about":[{"href":"https:\/\/www.meydan.tv\/az\/wp-json\/wp\/v2\/types\/post"}],"author":[{"embeddable":true,"href":"https:\/\/www.meydan.tv\/az\/wp-json\/wp\/v2\/users\/14"}],"replies":[{"embeddable":true,"href":"https:\/\/www.meydan.tv\/az\/wp-json\/wp\/v2\/comments?post=267408"}],"version-history":[{"count":2,"href":"https:\/\/www.meydan.tv\/az\/wp-json\/wp\/v2\/posts\/267408\/revisions"}],"predecessor-version":[{"id":267414,"href":"https:\/\/www.meydan.tv\/az\/wp-json\/wp\/v2\/posts\/267408\/revisions\/267414"}],"wp:featuredmedia":[{"embeddable":true,"href":"https:\/\/www.meydan.tv\/az\/wp-json\/wp\/v2\/media\/267411"}],"wp:attachment":[{"href":"https:\/\/www.meydan.tv\/az\/wp-json\/wp\/v2\/media?parent=267408"}],"wp:term":[{"taxonomy":"category","embeddable":true,"href":"https:\/\/www.meydan.tv\/az\/wp-json\/wp\/v2\/categories?post=267408"},{"taxonomy":"post_tag","embeddable":true,"href":"https:\/\/www.meydan.tv\/az\/wp-json\/wp\/v2\/tags?post=267408"}],"curies":[{"name":"wp","href":"https:\/\/api.w.org\/{rel}","templated":true}]}}