{"id":267305,"date":"2023-02-01T13:41:51","date_gmt":"2023-02-01T09:41:51","guid":{"rendered":"https:\/\/www.meydan.tv\/?p=267305"},"modified":"2023-02-01T14:36:56","modified_gmt":"2023-02-01T10:36:56","slug":"azerbaycanin-muraceti-beynelxalq-edalet-mehkemesinde-dinlenilib","status":"publish","type":"post","link":"https:\/\/www.meydan.tv\/az\/article\/azerbaycanin-muraceti-beynelxalq-edalet-mehkemesinde-dinlenilib\/","title":{"rendered":"<strong>Az\u0259rbaycan\u0131n m\u00fcrac\u0259ti Beyn\u0259lxalq \u018fdal\u0259t M\u0259hk\u0259m\u0259sind\u0259 dinl\u0259nilib<\/strong>"},"content":{"rendered":"\n<p><em>Bak\u0131 m\u0259hk\u0259m\u0259d\u0259n Yerevan\u0131n c\u0259hdl\u0259rinin qar\u015f\u0131s\u0131n\u0131 alma\u011f\u0131 xahi\u015f edir<\/em><\/p>\n\n\n\n<p>Yanvar\u0131n 31-d\u0259 Beyn\u0259lxalq \u018fdal\u0259t M\u0259hk\u0259m\u0259sind\u0259 Az\u0259rbaycan\u0131n Erm\u0259nistana qar\u015f\u0131 m\u0259hk\u0259m\u0259 i\u015fi \u00fczr\u0259 a\u00e7\u0131q dinl\u0259m\u0259l\u0259r ke\u00e7irilib.<\/p>\n\n\n\n<p>\u0130\u015f &#8220;\u0130rqi ayr\u0131-se\u00e7kiliyin b\u00fct\u00fcn formalar\u0131n\u0131n l\u0259\u011fv edilm\u0259si haqq\u0131nda&#8221; Beyn\u0259lxalq Konvensiyan\u0131n t\u0259tbiqi il\u0259 ba\u011fl\u0131d\u0131r. Dinl\u0259m\u0259l\u0259r \u0259lav\u0259 m\u00fcv\u0259qq\u0259ti t\u0259dbirl\u0259rin m\u00fc\u0259yy\u0259n edilm\u0259si m\u0259qs\u0259dil\u0259 apar\u0131l\u0131b.<\/p>\n\n\n\n<p>M\u0259lumat\u0131 Az\u0259rbaycan Xarici \u0130\u015fl\u0259r Nazirliyi (X\u0130N) <a href=\"https:\/\/www.mfa.gov.az\/az\/news\/no04523\">yay\u0131b<\/a>.<\/p>\n\n\n\n<p>Qeyd edib ki, dinl\u0259m\u0259l\u0259r \u201cErm\u0259nistan silahl\u0131 q\u00fcvv\u0259l\u0259rinin Az\u0259rbaycan\u0131n m\u00fclki \u0259razil\u0259rind\u0259 minalar\u0131n v\u0259 partlay\u0131c\u0131 t\u0259l\u0259l\u0259rin q\u0259sd\u0259n yerl\u0259\u015fdirilm\u0259si n\u0259tic\u0259sind\u0259 artan itkil\u0259rin qar\u015f\u0131s\u0131n\u0131 almaq \u00fc\u00e7\u00fcn t\u0259cili t\u0259dbirl\u0259r g\u00f6rm\u0259k m\u0259qs\u0259dil\u0259\u201d t\u0259\u015fkil edilib.<\/p>\n\n\n\n<p>M\u00fcraci\u0259ti Az\u0259rbaycan bu il yanvar\u0131n 4-d\u0259 edib.<\/p>\n\n\n\n<p>R\u0259smi Bak\u0131 bildirir ki, 2020-ci ild\u0259 m\u00fcnaqi\u015f\u0259 ba\u015fa \u00e7atd\u0131qdan sonra Az\u0259rbaycan\u0131n 282 v\u0259t\u0259nda\u015f\u0131 minaya d\u00fc\u015f\u00fcb, 40-a yax\u0131n \u015f\u0259xs h\u0259lak olub.<\/p>\n\n\n\n<p>Az\u0259rbaycan iddia edir ki, h\u0259tta 2020-ci ilin noyabr\u0131ndan sonra bel\u0259 onun \u0259razisind\u0259 minalar yerl\u0259\u015fdirm\u0259si davam etdirilib.<\/p>\n\n\n\n<p>\u201c\u2026Bu m\u0259cburi k\u00f6\u00e7k\u00fcn ail\u0259l\u0259rinin v\u0259 icmalar\u0131n \u00f6z evl\u0259rin\u0259 geri qay\u0131tmas\u0131n\u0131n qar\u015f\u0131s\u0131n\u0131 al\u0131b\u201d, &#8211; Az\u0259rbaycan X\u0130N vur\u011fulay\u0131r.<\/p>\n\n\n\n<p>M\u0259lumata g\u00f6r\u0259, Az\u0259rbaycan bu kimi n\u00f6vb\u0259ti add\u0131mlar\u0131n d\u0259rhal dayand\u0131rmas\u0131 v\u0259 bundan imtina etm\u0259si il\u0259 ba\u011fl\u0131 Erm\u0259nistana g\u00f6st\u0259ri\u015fin verilm\u0259sini m\u0259hk\u0259m\u0259d\u0259n xahi\u015f edib.<\/p>\n\n\n\n<p>2020-ci il sentyabr\u0131n 27-d\u0259 Az\u0259rbaycan v\u0259 Erm\u0259nistan silahl\u0131 q\u00fcvv\u0259l\u0259ri aras\u0131nda silahl\u0131 qar\u015f\u0131durma yaran\u0131b.<\/p>\n\n\n\n<p>44 g\u00fcn s\u00fcr\u0259n m\u00fcharib\u0259 h\u0259min il noyabr\u0131n 10-da \u00fc\u00e7t\u0259r\u0259fli b\u0259yanatla (Erm\u0259nistan, Az\u0259rbaycan v\u0259 Rusiya aras\u0131nda imzalan\u0131b) sonlan\u0131b.<\/p>\n\n\n\n<p>B\u0259yanat\u0131n imzalanmas\u0131ndan bir m\u00fcdd\u0259t sonra da, Az\u0259rbaycan r\u0259smil\u0259ri Erm\u0259nistan t\u0259r\u0259fini minalanm\u0131\u015f \u0259razil\u0259rin x\u0259rit\u0259l\u0259rini onlara verm\u0259m\u0259kd\u0259 g\u00fcnahland\u0131r\u0131b. Lakin sonradan Az\u0259rbaycanda saxlan\u0131lan bir qrup erm\u0259ni h\u0259rb\u00e7isinin geri qaytar\u0131lmas\u0131 m\u00fcqabilind\u0259 azad olunan b\u0259zi rayonlara aid mina x\u0259rit\u0259l\u0259rinin al\u0131nd\u0131\u011f\u0131 a\u00e7\u0131qlan\u0131b.<\/p>\n\n\n\n<p>Bir m\u00fcdd\u0259t sonra is\u0259 Az\u0259rbaycan Prezidenti h\u0259min x\u0259rit\u0259l\u0259rin reall\u0131\u011f\u0131 b\u00f6y\u00fck \u00f6l\u00e7\u00fcd\u0259 \u0259ks etdirm\u0259diyi il\u0259 ba\u011fl\u0131 naraz\u0131l\u0131\u011f\u0131n\u0131 ifad\u0259 edib.<\/p>\n\n\n\n<p>Cavab\u0131nda Erm\u0259nistan\u0131n Ba\u015f naziri Nikol Pa\u015finyan: \u201cBiz \u0259limizd\u0259 olan x\u0259rit\u0259l\u0259ri Az\u0259rbaycana verdik\u201d, &#8211; deyib.<\/p>\n\n\n\n<p>\u201cYax\u015f\u0131s\u0131n\u0131 saxlay\u0131b, pis keyfiyy\u0259td\u0259 olan\u0131 verm\u0259mi\u015fik\u201d, &#8211; Ba\u015f nazir bildirib.<\/p>\n\n\n\n<p>X\u0130N bildirir ki, Az\u0259rbaycan\u0131n m\u00fcraci\u0259tind\u0259 Erm\u0259nistan\u0131n 2021-ci ilin oktyabr\u0131nda Beyn\u0259lxalq \u018fdal\u0259t M\u0259hk\u0259m\u0259sin\u0259 t\u0259qdim etdiyi m\u0259lumatlar\u0131n \u0259ksini g\u00f6st\u0259r\u0259n d\u0259lill\u0259r var.<\/p>\n\n\n\n<p>M\u00fcraci\u0259td\u0259 h\u0259tta 2020-ci ilin noyabr\u0131nda &#8211; \u00dc\u00e7t\u0259r\u0259fli B\u0259yanata \u0259sas\u0259n, b\u00fct\u00fcn h\u0259rbi \u0259m\u0259liyyatlar\u0131n dayand\u0131r\u0131lmas\u0131 il\u0259 ba\u011fl\u0131 raz\u0131l\u0131\u011fa g\u0259ldikd\u0259n sonra bel\u0259, Erm\u0259nistan ordusunun Az\u0259rbaycan \u0259razisind\u0259 minalar yerl\u0259\u015fdirm\u0259y\u0259 davam etm\u0259sini t\u0259sdiql\u0259y\u0259n yeni s\u00fcbutlar \u0259ks olunub:<\/p>\n\n\n\n<p>\u201cAz\u0259rbaycanda 2022-ci ilin avqustundan etibar\u0259n 2021-ci il Erm\u0259nistan istehsal\u0131 2700-d\u0259n \u00e7ox mina a\u015fkar edilib. Erm\u0259nistan\u0131n davran\u0131\u015f\u0131 &#8220;\u0130rqi ayr\u0131-se\u00e7kiliyin b\u00fct\u00fcn formalar\u0131n\u0131n l\u0259\u011fv edilm\u0259si haqq\u0131nda&#8221; Beyn\u0259lxalq Konvensiyan\u0131n v\u0259 dig\u0259r beyn\u0259lxalq qanunlar \u00fczr\u0259 \u00f6hd\u0259likl\u0259rinin kobud \u015f\u0259kild\u0259 pozulmas\u0131d\u0131r\u201d.<\/p>\n\n\n\n<p>Az\u0259rbaycan iddia edir ki, qeyri-qanuni g\u0259tirilmi\u015f bu minalar\u0131n 1600-\u00fc Erm\u0259nistan\u0131n etnik t\u0259mizl\u0259m\u0259 kampaniyas\u0131 v\u0259 Az\u0259rbaycan \u0259razil\u0259rinin qanunsuz i\u015f\u011fal\u0131 n\u0259tic\u0259sind\u0259 30 il \u0259vv\u0259l az\u0259rbaycanl\u0131lar\u0131n qovuldu\u011fu m\u00fclki \u0259razil\u0259r\u0259 basd\u0131r\u0131l\u0131b: \u201cN\u0259tic\u0259d\u0259, m\u0259cburi k\u00f6\u00e7k\u00fcn ail\u0259l\u0259rinin v\u0259 icmalar\u0131n \u00f6z evl\u0259rin\u0259 geri qay\u0131tmas\u0131n\u0131n qar\u015f\u0131s\u0131 al\u0131n\u0131b\u201d.<\/p>\n\n\n\n<p>2020-ci ilin sentyabr\u0131nda ba\u015flayan v\u0259 44 g\u00fcn s\u00fcr\u0259n \u0130kinci Qaraba\u011f M\u00fcharib\u0259si n\u0259tic\u0259sind\u0259 Az\u0259rbaycan Qaraba\u011f\u0131n bir hiss\u0259sin\u0259 v\u0259 \u0259traf 7 rayona n\u0259zar\u0259ti b\u0259rpa edib.<\/p>\n\n\n\n<p>H\u0259min il Az\u0259rbaycan, Erm\u0259nistan v\u0259 Rusiya r\u0259hb\u0259rliyinin imzlad\u0131\u011f\u0131 birg\u0259 b\u0259yanatla d\u00f6y\u00fc\u015fl\u0259r dayand\u0131r\u0131landan sonra La\u00e7\u0131n d\u0259hlizind\u0259 v\u0259 Qaraba\u011fdak\u0131 t\u0259mas x\u0259ttind\u0259 Rusiya s\u00fclhm\u0259raml\u0131lar\u0131 yerl\u0259\u015fdirilib.<\/p>\n\n\n\n<p>1988-ci ild\u0259 ba\u015flayan Qaraba\u011f m\u00fcnaqi\u015f\u0259si Az\u0259rbaycan v\u0259 Erm\u0259nistan aras\u0131nda d\u00f6y\u00fc\u015fl\u0259r\u0259 s\u0259b\u0259b olub.<\/p>\n\n\n\n<p>1994-c\u00fc ild\u0259 ger\u00e7\u0259kl\u0259\u015f\u0259n at\u0259\u015fk\u0259s raz\u0131la\u015fmas\u0131na q\u0259d\u0259r Az\u0259rbaycan\u0131n Da\u011fl\u0131q Qaraba\u011f b\u00f6lg\u0259si v\u0259 ona biti\u015fik 7 rayonu i\u015f\u011fal edilib.<\/p>\n","protected":false},"excerpt":{"rendered":"<p>Bak\u0131 m\u0259hk\u0259m\u0259d\u0259n Yerevan\u0131n c\u0259hdl\u0259rinin qar\u015f\u0131s\u0131n\u0131 alma\u011f\u0131 xahi\u015f edir Yanvar\u0131n 31-d\u0259 &#8230; <\/p>\n<p class=\"read-more-container\"><a title=\"Az\u0259rbaycan\u0131n m\u00fcrac\u0259ti Beyn\u0259lxalq \u018fdal\u0259t M\u0259hk\u0259m\u0259sind\u0259 dinl\u0259nilib\" class=\"read-more button\" href=\"https:\/\/www.meydan.tv\/az\/article\/azerbaycanin-muraceti-beynelxalq-edalet-mehkemesinde-dinlenilib\/#more-267305\" aria-label=\"Read more about Az\u0259rbaycan\u0131n m\u00fcrac\u0259ti Beyn\u0259lxalq \u018fdal\u0259t M\u0259hk\u0259m\u0259sind\u0259 dinl\u0259nilib\">Davam\u0131<\/a><\/p>\n","protected":false},"author":18,"featured_media":228688,"comment_status":"closed","ping_status":"closed","sticky":false,"template":"","format":"standard","meta":{"_acf_changed":false,"_sitemap_exclude":false,"_sitemap_priority":"","_sitemap_frequency":"","footnotes":""},"categories":[56],"tags":[],"class_list":["post-267305","post","type-post","status-publish","format-standard","has-post-thumbnail","hentry","category-xeberler","infinite-scroll-item","generate-columns","tablet-grid-50","mobile-grid-100","grid-parent","grid-33","no-featured-image-padding"],"acf":[],"yoast_head":"<!-- This site is optimized with the Yoast SEO plugin v27.4 - https:\/\/yoast.com\/product\/yoast-seo-wordpress\/ -->\n<title>Az\u0259rbaycan\u0131n m\u00fcrac\u0259ti Beyn\u0259lxalq \u018fdal\u0259t M\u0259hk\u0259m\u0259sind\u0259 dinl\u0259nilib - MEYDAN.TV<\/title>\n<meta name=\"robots\" content=\"index, follow, max-snippet:-1, max-image-preview:large, max-video-preview:-1\" \/>\n<link rel=\"canonical\" href=\"https:\/\/www.meydan.tv\/az\/article\/azerbaycanin-muraceti-beynelxalq-edalet-mehkemesinde-dinlenilib\/\" \/>\n<meta property=\"og:locale\" content=\"az_AZ\" \/>\n<meta property=\"og:type\" content=\"article\" \/>\n<meta property=\"og:title\" content=\"Az\u0259rbaycan\u0131n m\u00fcrac\u0259ti Beyn\u0259lxalq \u018fdal\u0259t M\u0259hk\u0259m\u0259sind\u0259 dinl\u0259nilib - MEYDAN.TV\" \/>\n<meta property=\"og:description\" content=\"Bak\u0131 m\u0259hk\u0259m\u0259d\u0259n Yerevan\u0131n c\u0259hdl\u0259rinin qar\u015f\u0131s\u0131n\u0131 alma\u011f\u0131 xahi\u015f edir Yanvar\u0131n 31-d\u0259 ... Davam\u0131\" \/>\n<meta property=\"og:url\" content=\"https:\/\/www.meydan.tv\/az\/article\/azerbaycanin-muraceti-beynelxalq-edalet-mehkemesinde-dinlenilib\/\" \/>\n<meta property=\"og:site_name\" content=\"MEYDAN.TV\" \/>\n<meta property=\"article:published_time\" content=\"2023-02-01T09:41:51+00:00\" \/>\n<meta property=\"article:modified_time\" content=\"2023-02-01T10:36:56+00:00\" \/>\n<meta property=\"og:image\" content=\"https:\/\/www.meydan.tv\/wp-content\/uploads\/shutterstock_1025302297.jpg\" \/>\n\t<meta property=\"og:image:width\" content=\"1200\" \/>\n\t<meta property=\"og:image:height\" content=\"798\" \/>\n\t<meta property=\"og:image:type\" content=\"image\/jpeg\" \/>\n<meta name=\"author\" content=\"miron\" \/>\n<meta name=\"twitter:card\" content=\"summary_large_image\" \/>\n<script type=\"application\/ld+json\" class=\"yoast-schema-graph\">{\"@context\":\"https:\\\/\\\/schema.org\",\"@graph\":[{\"@type\":\"Article\",\"@id\":\"https:\\\/\\\/www.meydan.tv\\\/az\\\/article\\\/azerbaycanin-muraceti-beynelxalq-edalet-mehkemesinde-dinlenilib\\\/#article\",\"isPartOf\":{\"@id\":\"https:\\\/\\\/www.meydan.tv\\\/az\\\/article\\\/azerbaycanin-muraceti-beynelxalq-edalet-mehkemesinde-dinlenilib\\\/\"},\"author\":{\"name\":\"miron\",\"@id\":\"https:\\\/\\\/www.meydan.tv\\\/az\\\/#\\\/schema\\\/person\\\/981b0b284aeaa9ad0cbf814cd4a9d67c\"},\"headline\":\"Az\u0259rbaycan\u0131n m\u00fcrac\u0259ti Beyn\u0259lxalq \u018fdal\u0259t M\u0259hk\u0259m\u0259sind\u0259 dinl\u0259nilib\",\"datePublished\":\"2023-02-01T09:41:51+00:00\",\"dateModified\":\"2023-02-01T10:36:56+00:00\",\"mainEntityOfPage\":{\"@id\":\"https:\\\/\\\/www.meydan.tv\\\/az\\\/article\\\/azerbaycanin-muraceti-beynelxalq-edalet-mehkemesinde-dinlenilib\\\/\"},\"wordCount\":883,\"publisher\":{\"@id\":\"https:\\\/\\\/www.meydan.tv\\\/az\\\/#organization\"},\"image\":{\"@id\":\"https:\\\/\\\/www.meydan.tv\\\/az\\\/article\\\/azerbaycanin-muraceti-beynelxalq-edalet-mehkemesinde-dinlenilib\\\/#primaryimage\"},\"thumbnailUrl\":\"https:\\\/\\\/www.meydan.tv\\\/wp-content\\\/uploads\\\/shutterstock_1025302297.jpg\",\"articleSection\":[\"X\u0259b\u0259rl\u0259r\"],\"inLanguage\":\"az\"},{\"@type\":\"WebPage\",\"@id\":\"https:\\\/\\\/www.meydan.tv\\\/az\\\/article\\\/azerbaycanin-muraceti-beynelxalq-edalet-mehkemesinde-dinlenilib\\\/\",\"url\":\"https:\\\/\\\/www.meydan.tv\\\/az\\\/article\\\/azerbaycanin-muraceti-beynelxalq-edalet-mehkemesinde-dinlenilib\\\/\",\"name\":\"Az\u0259rbaycan\u0131n m\u00fcrac\u0259ti Beyn\u0259lxalq \u018fdal\u0259t M\u0259hk\u0259m\u0259sind\u0259 dinl\u0259nilib - MEYDAN.TV\",\"isPartOf\":{\"@id\":\"https:\\\/\\\/www.meydan.tv\\\/az\\\/#website\"},\"primaryImageOfPage\":{\"@id\":\"https:\\\/\\\/www.meydan.tv\\\/az\\\/article\\\/azerbaycanin-muraceti-beynelxalq-edalet-mehkemesinde-dinlenilib\\\/#primaryimage\"},\"image\":{\"@id\":\"https:\\\/\\\/www.meydan.tv\\\/az\\\/article\\\/azerbaycanin-muraceti-beynelxalq-edalet-mehkemesinde-dinlenilib\\\/#primaryimage\"},\"thumbnailUrl\":\"https:\\\/\\\/www.meydan.tv\\\/wp-content\\\/uploads\\\/shutterstock_1025302297.jpg\",\"datePublished\":\"2023-02-01T09:41:51+00:00\",\"dateModified\":\"2023-02-01T10:36:56+00:00\",\"breadcrumb\":{\"@id\":\"https:\\\/\\\/www.meydan.tv\\\/az\\\/article\\\/azerbaycanin-muraceti-beynelxalq-edalet-mehkemesinde-dinlenilib\\\/#breadcrumb\"},\"inLanguage\":\"az\",\"potentialAction\":[{\"@type\":\"ReadAction\",\"target\":[\"https:\\\/\\\/www.meydan.tv\\\/az\\\/article\\\/azerbaycanin-muraceti-beynelxalq-edalet-mehkemesinde-dinlenilib\\\/\"]}]},{\"@type\":\"ImageObject\",\"inLanguage\":\"az\",\"@id\":\"https:\\\/\\\/www.meydan.tv\\\/az\\\/article\\\/azerbaycanin-muraceti-beynelxalq-edalet-mehkemesinde-dinlenilib\\\/#primaryimage\",\"url\":\"https:\\\/\\\/www.meydan.tv\\\/wp-content\\\/uploads\\\/shutterstock_1025302297.jpg\",\"contentUrl\":\"https:\\\/\\\/www.meydan.tv\\\/wp-content\\\/uploads\\\/shutterstock_1025302297.jpg\",\"width\":1200,\"height\":798,\"caption\":\"Beyn\u0259lxalq \u018fdal\u0259t M\u0259hk\u0259m\u0259si, Foto: By robert paul van beets\\\/Shutterstock\"},{\"@type\":\"BreadcrumbList\",\"@id\":\"https:\\\/\\\/www.meydan.tv\\\/az\\\/article\\\/azerbaycanin-muraceti-beynelxalq-edalet-mehkemesinde-dinlenilib\\\/#breadcrumb\",\"itemListElement\":[{\"@type\":\"ListItem\",\"position\":1,\"name\":\"Ana s\u0259hif\u0259\",\"item\":\"https:\\\/\\\/www.meydan.tv\\\/az\\\/\"},{\"@type\":\"ListItem\",\"position\":2,\"name\":\"X\u0259b\u0259rl\u0259r\",\"item\":\"https:\\\/\\\/www.meydan.tv\\\/az\\\/section\\\/xeberler\\\/\"},{\"@type\":\"ListItem\",\"position\":3,\"name\":\"Az\u0259rbaycan\u0131n m\u00fcrac\u0259ti Beyn\u0259lxalq \u018fdal\u0259t M\u0259hk\u0259m\u0259sind\u0259 dinl\u0259nilib\"}]},{\"@type\":\"WebSite\",\"@id\":\"https:\\\/\\\/www.meydan.tv\\\/az\\\/#website\",\"url\":\"https:\\\/\\\/www.meydan.tv\\\/az\\\/\",\"name\":\"MEYDAN.TV\",\"description\":\"Meydan TV Az\u0259rbaycan\u0131n media m\u0259kan\u0131ndak\u0131 alternativ s\u0259sidir\",\"publisher\":{\"@id\":\"https:\\\/\\\/www.meydan.tv\\\/az\\\/#organization\"},\"potentialAction\":[{\"@type\":\"SearchAction\",\"target\":{\"@type\":\"EntryPoint\",\"urlTemplate\":\"https:\\\/\\\/www.meydan.tv\\\/az\\\/?s={search_term_string}\"},\"query-input\":{\"@type\":\"PropertyValueSpecification\",\"valueRequired\":true,\"valueName\":\"search_term_string\"}}],\"inLanguage\":\"az\"},{\"@type\":\"Organization\",\"@id\":\"https:\\\/\\\/www.meydan.tv\\\/az\\\/#organization\",\"name\":\"Meydan TV\",\"url\":\"https:\\\/\\\/www.meydan.tv\\\/az\\\/\",\"logo\":{\"@type\":\"ImageObject\",\"inLanguage\":\"az\",\"@id\":\"https:\\\/\\\/www.meydan.tv\\\/az\\\/#\\\/schema\\\/logo\\\/image\\\/\",\"url\":\"https:\\\/\\\/www.meydan.tv\\\/wp-content\\\/uploads\\\/2021\\\/07\\\/meydan-logo.svg\",\"contentUrl\":\"https:\\\/\\\/www.meydan.tv\\\/wp-content\\\/uploads\\\/2021\\\/07\\\/meydan-logo.svg\",\"width\":195,\"height\":46,\"caption\":\"Meydan TV\"},\"image\":{\"@id\":\"https:\\\/\\\/www.meydan.tv\\\/az\\\/#\\\/schema\\\/logo\\\/image\\\/\"}},{\"@type\":\"Person\",\"@id\":\"https:\\\/\\\/www.meydan.tv\\\/az\\\/#\\\/schema\\\/person\\\/981b0b284aeaa9ad0cbf814cd4a9d67c\",\"name\":\"miron\"}]}<\/script>\n<!-- \/ Yoast SEO plugin. -->","yoast_head_json":{"title":"Az\u0259rbaycan\u0131n m\u00fcrac\u0259ti Beyn\u0259lxalq \u018fdal\u0259t M\u0259hk\u0259m\u0259sind\u0259 dinl\u0259nilib - MEYDAN.TV","robots":{"index":"index","follow":"follow","max-snippet":"max-snippet:-1","max-image-preview":"max-image-preview:large","max-video-preview":"max-video-preview:-1"},"canonical":"https:\/\/www.meydan.tv\/az\/article\/azerbaycanin-muraceti-beynelxalq-edalet-mehkemesinde-dinlenilib\/","og_locale":"az_AZ","og_type":"article","og_title":"Az\u0259rbaycan\u0131n m\u00fcrac\u0259ti Beyn\u0259lxalq \u018fdal\u0259t M\u0259hk\u0259m\u0259sind\u0259 dinl\u0259nilib - MEYDAN.TV","og_description":"Bak\u0131 m\u0259hk\u0259m\u0259d\u0259n Yerevan\u0131n c\u0259hdl\u0259rinin qar\u015f\u0131s\u0131n\u0131 alma\u011f\u0131 xahi\u015f edir Yanvar\u0131n 31-d\u0259 ... Davam\u0131","og_url":"https:\/\/www.meydan.tv\/az\/article\/azerbaycanin-muraceti-beynelxalq-edalet-mehkemesinde-dinlenilib\/","og_site_name":"MEYDAN.TV","article_published_time":"2023-02-01T09:41:51+00:00","article_modified_time":"2023-02-01T10:36:56+00:00","og_image":[{"width":1200,"height":798,"url":"https:\/\/www.meydan.tv\/wp-content\/uploads\/shutterstock_1025302297.jpg","type":"image\/jpeg"}],"author":"miron","twitter_card":"summary_large_image","schema":{"@context":"https:\/\/schema.org","@graph":[{"@type":"Article","@id":"https:\/\/www.meydan.tv\/az\/article\/azerbaycanin-muraceti-beynelxalq-edalet-mehkemesinde-dinlenilib\/#article","isPartOf":{"@id":"https:\/\/www.meydan.tv\/az\/article\/azerbaycanin-muraceti-beynelxalq-edalet-mehkemesinde-dinlenilib\/"},"author":{"name":"miron","@id":"https:\/\/www.meydan.tv\/az\/#\/schema\/person\/981b0b284aeaa9ad0cbf814cd4a9d67c"},"headline":"Az\u0259rbaycan\u0131n m\u00fcrac\u0259ti Beyn\u0259lxalq \u018fdal\u0259t M\u0259hk\u0259m\u0259sind\u0259 dinl\u0259nilib","datePublished":"2023-02-01T09:41:51+00:00","dateModified":"2023-02-01T10:36:56+00:00","mainEntityOfPage":{"@id":"https:\/\/www.meydan.tv\/az\/article\/azerbaycanin-muraceti-beynelxalq-edalet-mehkemesinde-dinlenilib\/"},"wordCount":883,"publisher":{"@id":"https:\/\/www.meydan.tv\/az\/#organization"},"image":{"@id":"https:\/\/www.meydan.tv\/az\/article\/azerbaycanin-muraceti-beynelxalq-edalet-mehkemesinde-dinlenilib\/#primaryimage"},"thumbnailUrl":"https:\/\/www.meydan.tv\/wp-content\/uploads\/shutterstock_1025302297.jpg","articleSection":["X\u0259b\u0259rl\u0259r"],"inLanguage":"az"},{"@type":"WebPage","@id":"https:\/\/www.meydan.tv\/az\/article\/azerbaycanin-muraceti-beynelxalq-edalet-mehkemesinde-dinlenilib\/","url":"https:\/\/www.meydan.tv\/az\/article\/azerbaycanin-muraceti-beynelxalq-edalet-mehkemesinde-dinlenilib\/","name":"Az\u0259rbaycan\u0131n m\u00fcrac\u0259ti Beyn\u0259lxalq \u018fdal\u0259t M\u0259hk\u0259m\u0259sind\u0259 dinl\u0259nilib - MEYDAN.TV","isPartOf":{"@id":"https:\/\/www.meydan.tv\/az\/#website"},"primaryImageOfPage":{"@id":"https:\/\/www.meydan.tv\/az\/article\/azerbaycanin-muraceti-beynelxalq-edalet-mehkemesinde-dinlenilib\/#primaryimage"},"image":{"@id":"https:\/\/www.meydan.tv\/az\/article\/azerbaycanin-muraceti-beynelxalq-edalet-mehkemesinde-dinlenilib\/#primaryimage"},"thumbnailUrl":"https:\/\/www.meydan.tv\/wp-content\/uploads\/shutterstock_1025302297.jpg","datePublished":"2023-02-01T09:41:51+00:00","dateModified":"2023-02-01T10:36:56+00:00","breadcrumb":{"@id":"https:\/\/www.meydan.tv\/az\/article\/azerbaycanin-muraceti-beynelxalq-edalet-mehkemesinde-dinlenilib\/#breadcrumb"},"inLanguage":"az","potentialAction":[{"@type":"ReadAction","target":["https:\/\/www.meydan.tv\/az\/article\/azerbaycanin-muraceti-beynelxalq-edalet-mehkemesinde-dinlenilib\/"]}]},{"@type":"ImageObject","inLanguage":"az","@id":"https:\/\/www.meydan.tv\/az\/article\/azerbaycanin-muraceti-beynelxalq-edalet-mehkemesinde-dinlenilib\/#primaryimage","url":"https:\/\/www.meydan.tv\/wp-content\/uploads\/shutterstock_1025302297.jpg","contentUrl":"https:\/\/www.meydan.tv\/wp-content\/uploads\/shutterstock_1025302297.jpg","width":1200,"height":798,"caption":"Beyn\u0259lxalq \u018fdal\u0259t M\u0259hk\u0259m\u0259si, Foto: By robert paul van beets\/Shutterstock"},{"@type":"BreadcrumbList","@id":"https:\/\/www.meydan.tv\/az\/article\/azerbaycanin-muraceti-beynelxalq-edalet-mehkemesinde-dinlenilib\/#breadcrumb","itemListElement":[{"@type":"ListItem","position":1,"name":"Ana s\u0259hif\u0259","item":"https:\/\/www.meydan.tv\/az\/"},{"@type":"ListItem","position":2,"name":"X\u0259b\u0259rl\u0259r","item":"https:\/\/www.meydan.tv\/az\/section\/xeberler\/"},{"@type":"ListItem","position":3,"name":"Az\u0259rbaycan\u0131n m\u00fcrac\u0259ti Beyn\u0259lxalq \u018fdal\u0259t M\u0259hk\u0259m\u0259sind\u0259 dinl\u0259nilib"}]},{"@type":"WebSite","@id":"https:\/\/www.meydan.tv\/az\/#website","url":"https:\/\/www.meydan.tv\/az\/","name":"MEYDAN.TV","description":"Meydan TV Az\u0259rbaycan\u0131n media m\u0259kan\u0131ndak\u0131 alternativ s\u0259sidir","publisher":{"@id":"https:\/\/www.meydan.tv\/az\/#organization"},"potentialAction":[{"@type":"SearchAction","target":{"@type":"EntryPoint","urlTemplate":"https:\/\/www.meydan.tv\/az\/?s={search_term_string}"},"query-input":{"@type":"PropertyValueSpecification","valueRequired":true,"valueName":"search_term_string"}}],"inLanguage":"az"},{"@type":"Organization","@id":"https:\/\/www.meydan.tv\/az\/#organization","name":"Meydan TV","url":"https:\/\/www.meydan.tv\/az\/","logo":{"@type":"ImageObject","inLanguage":"az","@id":"https:\/\/www.meydan.tv\/az\/#\/schema\/logo\/image\/","url":"https:\/\/www.meydan.tv\/wp-content\/uploads\/2021\/07\/meydan-logo.svg","contentUrl":"https:\/\/www.meydan.tv\/wp-content\/uploads\/2021\/07\/meydan-logo.svg","width":195,"height":46,"caption":"Meydan TV"},"image":{"@id":"https:\/\/www.meydan.tv\/az\/#\/schema\/logo\/image\/"}},{"@type":"Person","@id":"https:\/\/www.meydan.tv\/az\/#\/schema\/person\/981b0b284aeaa9ad0cbf814cd4a9d67c","name":"miron"}]}},"_links":{"self":[{"href":"https:\/\/www.meydan.tv\/az\/wp-json\/wp\/v2\/posts\/267305","targetHints":{"allow":["GET"]}}],"collection":[{"href":"https:\/\/www.meydan.tv\/az\/wp-json\/wp\/v2\/posts"}],"about":[{"href":"https:\/\/www.meydan.tv\/az\/wp-json\/wp\/v2\/types\/post"}],"author":[{"embeddable":true,"href":"https:\/\/www.meydan.tv\/az\/wp-json\/wp\/v2\/users\/18"}],"replies":[{"embeddable":true,"href":"https:\/\/www.meydan.tv\/az\/wp-json\/wp\/v2\/comments?post=267305"}],"version-history":[{"count":1,"href":"https:\/\/www.meydan.tv\/az\/wp-json\/wp\/v2\/posts\/267305\/revisions"}],"predecessor-version":[{"id":267306,"href":"https:\/\/www.meydan.tv\/az\/wp-json\/wp\/v2\/posts\/267305\/revisions\/267306"}],"wp:featuredmedia":[{"embeddable":true,"href":"https:\/\/www.meydan.tv\/az\/wp-json\/wp\/v2\/media\/228688"}],"wp:attachment":[{"href":"https:\/\/www.meydan.tv\/az\/wp-json\/wp\/v2\/media?parent=267305"}],"wp:term":[{"taxonomy":"category","embeddable":true,"href":"https:\/\/www.meydan.tv\/az\/wp-json\/wp\/v2\/categories?post=267305"},{"taxonomy":"post_tag","embeddable":true,"href":"https:\/\/www.meydan.tv\/az\/wp-json\/wp\/v2\/tags?post=267305"}],"curies":[{"name":"wp","href":"https:\/\/api.w.org\/{rel}","templated":true}]}}