{"id":267288,"date":"2023-02-01T10:42:52","date_gmt":"2023-02-01T06:42:52","guid":{"rendered":"https:\/\/www.meydan.tv\/?p=267288"},"modified":"2023-02-01T10:42:54","modified_gmt":"2023-02-01T06:42:54","slug":"hebsdeki-icra-bascisi-bes-sen-niye-40-min-pulun-15-minini-yol-xerci-adiyla-goturdun","status":"publish","type":"post","link":"https:\/\/www.meydan.tv\/az\/article\/hebsdeki-icra-bascisi-bes-sen-niye-40-min-pulun-15-minini-yol-xerci-adiyla-goturdun\/","title":{"rendered":"H\u0259bsd\u0259ki icra ba\u015f\u00e7\u0131s\u0131: \u201cB\u0259s s\u0259n niy\u0259 40 min pulun 15 minini yol x\u0259rci ad\u0131yla g\u00f6t\u00fcrd\u00fcn?\u201d"},"content":{"rendered":"\n<p><\/p>\n\n\n\n<p><em>\u0130cra n\u00fcmay\u0259nd\u0259si icra ba\u015f\u00e7\u0131s\u0131n\u0131n q\u0259rar\u0131 il\u0259 imza atd\u0131\u011f\u0131n\u0131 deyir<\/em><\/p>\n\n\n\n<p>\u015e\u0259mkir rayonunun ke\u00e7mi\u015f icra ba\u015f\u00e7\u0131s\u0131, iki il\u0259 yax\u0131nd\u0131r h\u0259bsd\u0259 olan Alimpa\u015fa M\u0259mm\u0259dovun m\u0259hk\u0259m\u0259si davam edir. Onun i\u015fin\u0259 G\u0259nc\u0259 A\u011f\u0131r Cinay\u0259tl\u0259r M\u0259hk\u0259m\u0259sind\u0259 bax\u0131l\u0131r. Bu i\u015fi ara\u015fd\u0131ran hakim Nural \u018fliyev G\u0259nc\u0259 Apelyasiya M\u0259hk\u0259m\u0259sin\u0259 g\u00f6nd\u0259ril\u0259nd\u0259n sonra sabiq i\u015fra ba\u015f\u00e7\u0131s\u0131n\u0131n m\u00fchakim\u0259si Elmin R\u00fcst\u0259movun s\u0259drlik etdiyi hakiml\u0259r kollegiyas\u0131na h\u0259val\u0259 olunub.<\/p>\n\n\n\n<p>Yanvar\u0131n 31-d\u0259 ke\u00e7iril\u0259n m\u0259hk\u0259m\u0259 iclas\u0131nda \u00fcmumilikd\u0259 13 \u015fahid dindirilib ki, onlar da \u0259sas\u0259n ba\u011f\u00e7a m\u00fcdirl\u0259ri, \u015e\u0259mkir Rayon \u0130cra Hakimiyy\u0259ti ba\u015f\u00e7\u0131s\u0131n\u0131n m\u00fcxt\u0259lif k\u0259ndl\u0259r, \u0259razi dair\u0259l\u0259ri \u00fczr\u0259 icra n\u00fcmay\u0259nd\u0259l\u0259ri v\u0259zif\u0259sind\u0259 \u00e7al\u0131\u015fm\u0131\u015f \u015f\u0259xsl\u0259r olub.<\/p>\n\n\n\n<p>\u015e\u0259mkir \u015f\u0259h\u0259r inzibati \u0259razi dair\u0259si \u00fczr\u0259 n\u00fcmay\u0259nd\u0259si v\u0259zif\u0259sind\u0259 i\u015fl\u0259mi\u015f P\u0259rviz \u0130brahimov bildirib ki, i\u015fl\u0259diyi d\u00f6vrd\u0259 \u015e\u0259mkird\u0259ki 6 sayl\u0131 u\u015faq ba\u011f\u00e7as\u0131na 1587 manatl\u0131q 30 kub yanacaq verilm\u0259si bar\u0259d\u0259 qaim\u0259y\u0259 qol \u00e7\u0259ks\u0259 d\u0259, h\u0259min yanacaq \u0259slind\u0259, t\u0259hvil verilm\u0259yib. O iddia edib ki, qaim\u0259ni Alimpa\u015fa M\u0259mm\u0259dovun tap\u015f\u0131r\u0131\u011f\u0131 il\u0259 imzalay\u0131b.<\/p>\n\n\n\n<p>\u201cM\u0259n\u0259 demi\u015fdil\u0259r ki, s\u0259n \u00f6z i\u015finl\u0259 m\u0259\u015f\u011ful ol, he\u00e7 n\u0259y\u0259 qar\u0131\u015fma. B\u00fct\u00fcn ba\u011f\u00e7alara mal-materiallar\u0131 eyni \u015firk\u0259t verirdi. H\u0259min \u015firk\u0259t tenderi udmu\u015fdu. \u0130cra ba\u015f\u00e7\u0131s\u0131 v\u0259 m\u00fcavinl\u0259r demi\u015fdi ki, bu \u015firk\u0259tl\u0259 i\u015fl\u0259m\u0259k laz\u0131md\u0131r. Ba\u015fqa \u015firk\u0259ti se\u00e7m\u0259y\u0259 ixtiyar\u0131m yox idi. Tender formal idi. Az\u0259r K\u0259rimov (\u201cXXI \u0259sr\u201d \u015firk\u0259tinin r\u0259hb\u0259ri) n\u0259 s\u0259n\u0259d g\u0259tirirdis\u0259, biz v\u0259 ba\u011f\u00e7alar imzalamal\u0131yd\u0131q. \u0130\u015f\u00e7il\u0259ri kurslara g\u00f6nd\u0259rm\u0259k \u00fc\u00e7\u00fcn 8 min pul ayr\u0131lm\u0131\u015fd\u0131. H\u0259min pul na\u011fdla\u015fd\u0131r\u0131ld\u0131, barama \u00fc\u00e7\u00fcn k\u00fcmxana tikildi\u201d, &#8211; P\u0259rviz \u0130brahimov m\u0259hk\u0259m\u0259d\u0259 dan\u0131\u015f\u0131b.<\/p>\n\n\n\n<p>Sabiq icra ba\u015f\u00e7\u0131s\u0131 da onun dedikl\u0259rini t\u0259sdiql\u0259yib.<\/p>\n\n\n\n<p>Bu i\u015f \u00fczr\u0259 m\u0259hk\u0259m\u0259 iclaslar\u0131nda dindiril\u0259n \u015fahidl\u0259r \u015e\u0259mkird\u0259 \u0259halinin siyah\u0131ya al\u0131nmas\u0131 prosesind\u0259 pul y\u0131\u011f\u0131lmas\u0131 v\u0259 toplanan v\u0259saitl\u0259rin rayonun Statistika \u015f\u00f6b\u0259sinin sabiq m\u00fcdiri P\u0259rvin G\u00f6z\u0259lova verilm\u0259sind\u0259n dan\u0131\u015f\u0131blar. Ad\u0131\u00e7\u0259kil\u0259n \u015f\u0259xs d\u0259 yanvar\u0131n 31-d\u0259 m\u0259hk\u0259m\u0259d\u0259 ifad\u0259 verib. O bildirib ki, \u0259halinin siyah\u0131ya al\u0131nmas\u0131 zaman\u0131 icra n\u00fcmay\u0259nd\u0259l\u0259ri, ba\u011f\u00e7a m\u00fcdirl\u0259ri v\u0259 dig\u0259r i\u015f\u00e7il\u0259rd\u0259n \u00fcmumilikd\u0259 40 min manat pul toplan\u0131b. H\u0259min pul da icra ba\u015f\u00e7\u0131s\u0131n\u0131n m\u00fcavini Q\u00fcdr\u0259t \u018fliyev vasit\u0259sil\u0259 Alimpa\u015fa M\u0259mm\u0259dova \u00e7atd\u0131r\u0131l\u0131b:<\/p>\n\n\n\n<p>\u201c\u0130cra ba\u015f\u00e7\u0131s\u0131n\u0131n m\u00fcavini Q\u00fcdr\u0259t \u018fliyev dedi ki, rayonda g\u00f6r\u00fcl\u0259n i\u015fl\u0259r\u0259 v\u0259sait laz\u0131md\u0131. Ona g\u00f6r\u0259 d\u0259 \u00f6d\u0259nil\u0259n pullar y\u0131\u011f\u0131lmal\u0131d\u0131r. \u0130cra n\u00fcmay\u0259nd\u0259l\u0259ri, ba\u011f\u00e7a m\u00fcdirl\u0259ri, P\u0259rviz \u0130brahimov v\u0259 ba\u015fqalar\u0131 pulu g\u0259tirib m\u0259n\u0259 verirdil\u0259r. M\u0259n d\u0259 t\u0259xmin\u0259n 40 min manat pulu y\u0131\u011f\u0131b Q\u00fcdr\u0259t \u018fliyev\u0259 verdim.&nbsp; Kimd\u0259n n\u0259 q\u0259d\u0259r al\u0131naca\u011f\u0131na m\u0259n q\u0259rar vermirdim. \u015e\u0259mkir Rayon \u0130cra Hakimiyy\u0259tind\u0259n m\u0259n\u0259 siyah\u0131 verilmi\u015fdi, orada g\u00f6st\u0259rilmi\u015fdi\u201d.<\/p>\n\n\n\n<p>Sabiq icra ba\u015f\u00e7\u0131s\u0131 is\u0259 deyir ki, o 40 min manat\u0131n 15 min manat\u0131 P\u0259rvin G\u00f6z\u0259lova qaytar\u0131l\u0131b: \u201cP\u0259rvin G\u00f6z\u0259lov, niy\u0259 siyah\u0131yaalma m\u0259s\u0259l\u0259sind\u0259 bizim rayon son yerd\u0259 idi? S\u0259n niy\u0259 40 minin 15 minini yol x\u0259rci ad\u0131 il\u0259 geri alm\u0131san?\u201d<\/p>\n\n\n\n<p>\u0130lyar\u0131m \u015e\u0259mkir \u015f\u0259h\u0259r inzibati \u0259razi dair\u0259si \u00fczr\u0259 n\u00fcmay\u0259nd\u0259 v\u0259zif\u0259sind\u0259 \u00e7al\u0131\u015fm\u0131\u015f El\u015f\u0259n Quliyev ba\u011f\u00e7alar\u0131n t\u0259minat\u0131 \u00fc\u00e7\u00fcn ayr\u0131lan v\u0259saitl\u0259rin yeyintisi haqda dan\u0131\u015f\u0131b. O, ba\u011f\u00e7alara ayr\u0131lan v\u0259saitl\u0259rin t\u0259yinat\u0131 \u00fczr\u0259 x\u0259rcl\u0259nm\u0259m\u0259si haqda Alimpa\u015fa M\u0259mm\u0259dovun he\u00e7 bir g\u00f6st\u0259ri\u015f verm\u0259diyini dey\u0259nd\u0259 prokuror istintaqdak\u0131 ifad\u0259sini onun yad\u0131na sal\u0131b, d\u00fczg\u00fcn dan\u0131\u015fma\u011f\u0131 t\u0259l\u0259b edib.<\/p>\n\n\n\n<p>\u201cM\u0259n\u0259 yax\u015f\u0131l\u0131q el\u0259m\u0259k ist\u0259yirs\u0259n, anlay\u0131ram. De ki, m\u0259n tap\u015f\u0131r\u0131q vermi\u015f\u0259m, ifad\u0259ni d\u0259 t\u0259sdiql\u0259yirs\u0259n, qurtars\u0131n getsin&#8230;\u201d, &#8211; sabiq icra ba\u015f\u00e7\u0131s\u0131 bel\u0259 deyib.<\/p>\n\n\n\n<p>\u015e\u0259mkird\u0259ki 3 sayl\u0131 u\u015faq ba\u011f\u00e7as\u0131n\u0131n m\u00fcdiri olmu\u015f G\u00fcl\u00e7in Muradova deyir ki, \u015f\u0259h\u0259rin icra n\u00fcmay\u0259nd\u0259si P\u0259rviz \u0130brahimov ona Alimpa\u015fa M\u0259mm\u0259dovun 5000 manat pul t\u0259l\u0259bini \u00e7atd\u0131r\u0131b: \u201cP\u0259rviz \u0130brahimov dedi ki, Alimpa\u015fa M\u0259mm\u0259dovun t\u0259l\u0259bidir, ya 5000 pul verm\u0259liy\u0259m, ya da i\u015fd\u0259n \u00e7\u0131xacam. Bir ay sonra i\u015fd\u0259n azad olundum\u201d.<\/p>\n\n\n\n<p>T\u0259qsirl\u0259ndiril\u0259n sabiq icra ba\u015f\u00e7\u0131s\u0131 is\u0259 bildirib ki, bu haqda \u015fahidin dedikl\u0259ri yaland\u0131r. Alimpa\u015fa M\u0259mm\u0259dovun s\u00f6zl\u0259rin\u0259 g\u00f6r\u0259, o, ba\u015fqa s\u0259b\u0259bd\u0259n i\u015fd\u0259n azad edilib.<\/p>\n\n\n\n<p>Ke\u00e7mi\u015f icra ba\u015f\u00e7\u0131s\u0131n\u0131n m\u0259hk\u0259m\u0259si davam edir.<\/p>\n\n\n\n<p>2014-2021-ci ill\u0259rd\u0259 \u015e\u0259mkir rayon \u0130cra Hakimiyy\u0259tinin ba\u015f\u00e7\u0131s\u0131 olmu\u015f Alimpa\u015fa M\u0259mm\u0259dov 2021-ci il aprelin 29-da \u015e\u0259mkird\u0259 icra hakimiyy\u0259tinin binas\u0131nda DTX ke\u00e7irdiyi \u0259m\u0259liyyat n\u0259tic\u0259sind\u0259 h\u0259bs edilib. O, icra ba\u015f\u00e7\u0131s\u0131 v\u0259zif\u0259sind\u0259n \u00f6nc\u0259 3 il Bak\u0131 \u015e\u0259h\u0259r Vergil\u0259r Departamentinin r\u0259isi v\u0259zif\u0259sind\u0259 \u00e7al\u0131\u015f\u0131b.<\/p>\n\n\n\n<p>Alimpa\u015fa M\u0259mm\u0259dova qar\u015f\u0131 Cinay\u0259t M\u0259c\u0259ll\u0259sinin 179.4 (x\u00fcsusil\u0259 k\u00fclli miqdarda m\u0259nims\u0259m\u0259), 193-1 (cinay\u0259t yoluyla \u0259ld\u0259 edilmi\u015f v\u0259saitl\u0259ri leqalla\u015fd\u0131rma), 308 (v\u0259zif\u0259 s\u0259lahiyy\u0259tl\u0259rind\u0259n sui-istifad\u0259 etm\u0259) v\u0259 311-ci (r\u00fc\u015fv\u0259t alma) madd\u0259l\u0259ril\u0259 ittiham ir\u0259li s\u00fcr\u00fcl\u00fcb.<\/p>\n\n\n\n<p>Onun h\u0259bsind\u0259n sonra \u00f6z\u00fcn\u00fcn v\u0259 yax\u0131nlar\u0131n\u0131n 10 milyondan \u00e7ox d\u0259y\u0259rd\u0259 \u0259mlak\u0131 \u00fcz\u0259rin\u0259 h\u0259bs qoyulub. Onlar\u0131n aras\u0131nda &#8220;Abad \u015e\u0259mkir\u201d MMC &#8211; qida m\u0259hsullar\u0131 istehsal zavodu, \u201cAz Farel\u201d MMC &#8211; bal\u0131q yeti\u015fdirm\u0259 v\u0259 emal\u0131&nbsp; m\u00fc\u0259ssis\u0259si v\u0259 Bak\u0131da m\u0259nzill\u0259r d\u0259 var.<\/p>\n\n\n\n<p>Az\u0259rbaycanda icra ba\u015f\u00e7\u0131lar\u0131n\u0131n h\u0259bs dal\u011fas\u0131 2019-cu ilin dekabr\u0131nda A\u011fstafa v\u0259 Yevlaxdan ba\u015flay\u0131b. Daha sonra Neft\u00e7ala, Bil\u0259suvar, \u0130mi\u015fli, C\u0259lilabad, K\u00fcrd\u0259mir v\u0259 \u015e\u0259mkir rayon icra hakimiyy\u0259tl\u0259rind\u0259 d\u0259 b\u0259nz\u0259r \u0259m\u0259liyyatlar ke\u00e7irilib. H\u0259bs edil\u0259n icra ba\u015f\u00e7\u0131lar\u0131n\u0131n sonuncusu Alimpa\u015fa M\u0259mm\u0259dov olub.<\/p>\n","protected":false},"excerpt":{"rendered":"<p>\u0130cra n\u00fcmay\u0259nd\u0259si icra ba\u015f\u00e7\u0131s\u0131n\u0131n q\u0259rar\u0131 il\u0259 imza atd\u0131\u011f\u0131n\u0131 deyir \u015e\u0259mkir &#8230; <\/p>\n<p class=\"read-more-container\"><a title=\"H\u0259bsd\u0259ki icra ba\u015f\u00e7\u0131s\u0131: \u201cB\u0259s s\u0259n niy\u0259 40 min pulun 15 minini yol x\u0259rci ad\u0131yla g\u00f6t\u00fcrd\u00fcn?\u201d\" class=\"read-more button\" href=\"https:\/\/www.meydan.tv\/az\/article\/hebsdeki-icra-bascisi-bes-sen-niye-40-min-pulun-15-minini-yol-xerci-adiyla-goturdun\/#more-267288\" aria-label=\"Read more about H\u0259bsd\u0259ki icra ba\u015f\u00e7\u0131s\u0131: \u201cB\u0259s s\u0259n niy\u0259 40 min pulun 15 minini yol x\u0259rci ad\u0131yla g\u00f6t\u00fcrd\u00fcn?\u201d\">Davam\u0131<\/a><\/p>\n","protected":false},"author":8,"featured_media":261706,"comment_status":"closed","ping_status":"closed","sticky":false,"template":"","format":"standard","meta":{"_acf_changed":false,"_sitemap_exclude":false,"_sitemap_priority":"","_sitemap_frequency":"","footnotes":""},"categories":[60,79,56],"tags":[],"class_list":["post-267288","post","type-post","status-publish","format-standard","has-post-thumbnail","hentry","category-bolge","category-featured","category-xeberler","infinite-scroll-item","generate-columns","tablet-grid-50","mobile-grid-100","grid-parent","grid-33","no-featured-image-padding"],"acf":[],"yoast_head":"<!-- This site is optimized with the Yoast SEO plugin v27.5 - https:\/\/yoast.com\/product\/yoast-seo-wordpress\/ -->\n<title>H\u0259bsd\u0259ki icra ba\u015f\u00e7\u0131s\u0131: \u201cB\u0259s s\u0259n niy\u0259 40 min pulun 15 minini yol x\u0259rci ad\u0131yla g\u00f6t\u00fcrd\u00fcn?\u201d - MEYDAN.TV<\/title>\n<meta name=\"robots\" content=\"index, follow, max-snippet:-1, max-image-preview:large, max-video-preview:-1\" \/>\n<link rel=\"canonical\" href=\"https:\/\/www.meydan.tv\/az\/article\/hebsdeki-icra-bascisi-bes-sen-niye-40-min-pulun-15-minini-yol-xerci-adiyla-goturdun\/\" \/>\n<meta property=\"og:locale\" content=\"az_AZ\" \/>\n<meta property=\"og:type\" content=\"article\" \/>\n<meta property=\"og:title\" content=\"H\u0259bsd\u0259ki icra ba\u015f\u00e7\u0131s\u0131: \u201cB\u0259s s\u0259n niy\u0259 40 min pulun 15 minini yol x\u0259rci ad\u0131yla g\u00f6t\u00fcrd\u00fcn?\u201d - MEYDAN.TV\" \/>\n<meta property=\"og:description\" content=\"\u0130cra n\u00fcmay\u0259nd\u0259si icra ba\u015f\u00e7\u0131s\u0131n\u0131n q\u0259rar\u0131 il\u0259 imza atd\u0131\u011f\u0131n\u0131 deyir \u015e\u0259mkir ... Davam\u0131\" \/>\n<meta property=\"og:url\" content=\"https:\/\/www.meydan.tv\/az\/article\/hebsdeki-icra-bascisi-bes-sen-niye-40-min-pulun-15-minini-yol-xerci-adiyla-goturdun\/\" \/>\n<meta property=\"og:site_name\" content=\"MEYDAN.TV\" \/>\n<meta property=\"article:published_time\" content=\"2023-02-01T06:42:52+00:00\" \/>\n<meta property=\"article:modified_time\" content=\"2023-02-01T06:42:54+00:00\" \/>\n<meta property=\"og:image\" content=\"https:\/\/www.meydan.tv\/wp-content\/uploads\/untitled-design-6-26.jpg\" \/>\n\t<meta property=\"og:image:width\" content=\"1200\" \/>\n\t<meta property=\"og:image:height\" content=\"800\" \/>\n\t<meta property=\"og:image:type\" content=\"image\/jpeg\" \/>\n<meta name=\"author\" content=\"elli\" \/>\n<meta name=\"twitter:card\" content=\"summary_large_image\" \/>\n<meta name=\"twitter:creator\" content=\"@elli\" \/>\n<script type=\"application\/ld+json\" class=\"yoast-schema-graph\">{\"@context\":\"https:\\\/\\\/schema.org\",\"@graph\":[{\"@type\":\"Article\",\"@id\":\"https:\\\/\\\/www.meydan.tv\\\/az\\\/article\\\/hebsdeki-icra-bascisi-bes-sen-niye-40-min-pulun-15-minini-yol-xerci-adiyla-goturdun\\\/#article\",\"isPartOf\":{\"@id\":\"https:\\\/\\\/www.meydan.tv\\\/az\\\/article\\\/hebsdeki-icra-bascisi-bes-sen-niye-40-min-pulun-15-minini-yol-xerci-adiyla-goturdun\\\/\"},\"author\":{\"name\":\"elli\",\"@id\":\"https:\\\/\\\/www.meydan.tv\\\/az\\\/#\\\/schema\\\/person\\\/9cdbecf90d17180ce1dfbd95b08dcf47\"},\"headline\":\"H\u0259bsd\u0259ki icra ba\u015f\u00e7\u0131s\u0131: \u201cB\u0259s s\u0259n niy\u0259 40 min pulun 15 minini yol x\u0259rci ad\u0131yla g\u00f6t\u00fcrd\u00fcn?\u201d\",\"datePublished\":\"2023-02-01T06:42:52+00:00\",\"dateModified\":\"2023-02-01T06:42:54+00:00\",\"mainEntityOfPage\":{\"@id\":\"https:\\\/\\\/www.meydan.tv\\\/az\\\/article\\\/hebsdeki-icra-bascisi-bes-sen-niye-40-min-pulun-15-minini-yol-xerci-adiyla-goturdun\\\/\"},\"wordCount\":1171,\"publisher\":{\"@id\":\"https:\\\/\\\/www.meydan.tv\\\/az\\\/#organization\"},\"image\":{\"@id\":\"https:\\\/\\\/www.meydan.tv\\\/az\\\/article\\\/hebsdeki-icra-bascisi-bes-sen-niye-40-min-pulun-15-minini-yol-xerci-adiyla-goturdun\\\/#primaryimage\"},\"thumbnailUrl\":\"https:\\\/\\\/www.meydan.tv\\\/wp-content\\\/uploads\\\/untitled-design-6-26.jpg\",\"articleSection\":[\"B\u00f6lg\u0259\",\"T\u00f6vsiy\u0259\",\"X\u0259b\u0259rl\u0259r\"],\"inLanguage\":\"az\"},{\"@type\":\"WebPage\",\"@id\":\"https:\\\/\\\/www.meydan.tv\\\/az\\\/article\\\/hebsdeki-icra-bascisi-bes-sen-niye-40-min-pulun-15-minini-yol-xerci-adiyla-goturdun\\\/\",\"url\":\"https:\\\/\\\/www.meydan.tv\\\/az\\\/article\\\/hebsdeki-icra-bascisi-bes-sen-niye-40-min-pulun-15-minini-yol-xerci-adiyla-goturdun\\\/\",\"name\":\"H\u0259bsd\u0259ki icra ba\u015f\u00e7\u0131s\u0131: \u201cB\u0259s s\u0259n niy\u0259 40 min pulun 15 minini yol x\u0259rci ad\u0131yla g\u00f6t\u00fcrd\u00fcn?\u201d - MEYDAN.TV\",\"isPartOf\":{\"@id\":\"https:\\\/\\\/www.meydan.tv\\\/az\\\/#website\"},\"primaryImageOfPage\":{\"@id\":\"https:\\\/\\\/www.meydan.tv\\\/az\\\/article\\\/hebsdeki-icra-bascisi-bes-sen-niye-40-min-pulun-15-minini-yol-xerci-adiyla-goturdun\\\/#primaryimage\"},\"image\":{\"@id\":\"https:\\\/\\\/www.meydan.tv\\\/az\\\/article\\\/hebsdeki-icra-bascisi-bes-sen-niye-40-min-pulun-15-minini-yol-xerci-adiyla-goturdun\\\/#primaryimage\"},\"thumbnailUrl\":\"https:\\\/\\\/www.meydan.tv\\\/wp-content\\\/uploads\\\/untitled-design-6-26.jpg\",\"datePublished\":\"2023-02-01T06:42:52+00:00\",\"dateModified\":\"2023-02-01T06:42:54+00:00\",\"breadcrumb\":{\"@id\":\"https:\\\/\\\/www.meydan.tv\\\/az\\\/article\\\/hebsdeki-icra-bascisi-bes-sen-niye-40-min-pulun-15-minini-yol-xerci-adiyla-goturdun\\\/#breadcrumb\"},\"inLanguage\":\"az\",\"potentialAction\":[{\"@type\":\"ReadAction\",\"target\":[\"https:\\\/\\\/www.meydan.tv\\\/az\\\/article\\\/hebsdeki-icra-bascisi-bes-sen-niye-40-min-pulun-15-minini-yol-xerci-adiyla-goturdun\\\/\"]}]},{\"@type\":\"ImageObject\",\"inLanguage\":\"az\",\"@id\":\"https:\\\/\\\/www.meydan.tv\\\/az\\\/article\\\/hebsdeki-icra-bascisi-bes-sen-niye-40-min-pulun-15-minini-yol-xerci-adiyla-goturdun\\\/#primaryimage\",\"url\":\"https:\\\/\\\/www.meydan.tv\\\/wp-content\\\/uploads\\\/untitled-design-6-26.jpg\",\"contentUrl\":\"https:\\\/\\\/www.meydan.tv\\\/wp-content\\\/uploads\\\/untitled-design-6-26.jpg\",\"width\":1200,\"height\":800,\"caption\":\"Alimpa\u015fa M\u0259mm\u0259dov. Foto: Meydan TV\"},{\"@type\":\"BreadcrumbList\",\"@id\":\"https:\\\/\\\/www.meydan.tv\\\/az\\\/article\\\/hebsdeki-icra-bascisi-bes-sen-niye-40-min-pulun-15-minini-yol-xerci-adiyla-goturdun\\\/#breadcrumb\",\"itemListElement\":[{\"@type\":\"ListItem\",\"position\":1,\"name\":\"Ana s\u0259hif\u0259\",\"item\":\"https:\\\/\\\/www.meydan.tv\\\/az\\\/\"},{\"@type\":\"ListItem\",\"position\":2,\"name\":\"B\u00f6lg\u0259\",\"item\":\"https:\\\/\\\/www.meydan.tv\\\/az\\\/section\\\/bolge\\\/\"},{\"@type\":\"ListItem\",\"position\":3,\"name\":\"H\u0259bsd\u0259ki icra ba\u015f\u00e7\u0131s\u0131: \u201cB\u0259s s\u0259n niy\u0259 40 min pulun 15 minini yol x\u0259rci ad\u0131yla g\u00f6t\u00fcrd\u00fcn?\u201d\"}]},{\"@type\":\"WebSite\",\"@id\":\"https:\\\/\\\/www.meydan.tv\\\/az\\\/#website\",\"url\":\"https:\\\/\\\/www.meydan.tv\\\/az\\\/\",\"name\":\"MEYDAN.TV\",\"description\":\"Meydan TV Az\u0259rbaycan\u0131n media m\u0259kan\u0131ndak\u0131 alternativ s\u0259sidir\",\"publisher\":{\"@id\":\"https:\\\/\\\/www.meydan.tv\\\/az\\\/#organization\"},\"potentialAction\":[{\"@type\":\"SearchAction\",\"target\":{\"@type\":\"EntryPoint\",\"urlTemplate\":\"https:\\\/\\\/www.meydan.tv\\\/az\\\/?s={search_term_string}\"},\"query-input\":{\"@type\":\"PropertyValueSpecification\",\"valueRequired\":true,\"valueName\":\"search_term_string\"}}],\"inLanguage\":\"az\"},{\"@type\":\"Organization\",\"@id\":\"https:\\\/\\\/www.meydan.tv\\\/az\\\/#organization\",\"name\":\"Meydan TV\",\"url\":\"https:\\\/\\\/www.meydan.tv\\\/az\\\/\",\"logo\":{\"@type\":\"ImageObject\",\"inLanguage\":\"az\",\"@id\":\"https:\\\/\\\/www.meydan.tv\\\/az\\\/#\\\/schema\\\/logo\\\/image\\\/\",\"url\":\"https:\\\/\\\/www.meydan.tv\\\/wp-content\\\/uploads\\\/2021\\\/07\\\/meydan-logo.svg\",\"contentUrl\":\"https:\\\/\\\/www.meydan.tv\\\/wp-content\\\/uploads\\\/2021\\\/07\\\/meydan-logo.svg\",\"width\":195,\"height\":46,\"caption\":\"Meydan TV\"},\"image\":{\"@id\":\"https:\\\/\\\/www.meydan.tv\\\/az\\\/#\\\/schema\\\/logo\\\/image\\\/\"}},{\"@type\":\"Person\",\"@id\":\"https:\\\/\\\/www.meydan.tv\\\/az\\\/#\\\/schema\\\/person\\\/9cdbecf90d17180ce1dfbd95b08dcf47\",\"name\":\"elli\",\"sameAs\":[\"https:\\\/\\\/x.com\\\/elli\"]}]}<\/script>\n<!-- \/ Yoast SEO plugin. -->","yoast_head_json":{"title":"H\u0259bsd\u0259ki icra ba\u015f\u00e7\u0131s\u0131: \u201cB\u0259s s\u0259n niy\u0259 40 min pulun 15 minini yol x\u0259rci ad\u0131yla g\u00f6t\u00fcrd\u00fcn?\u201d - MEYDAN.TV","robots":{"index":"index","follow":"follow","max-snippet":"max-snippet:-1","max-image-preview":"max-image-preview:large","max-video-preview":"max-video-preview:-1"},"canonical":"https:\/\/www.meydan.tv\/az\/article\/hebsdeki-icra-bascisi-bes-sen-niye-40-min-pulun-15-minini-yol-xerci-adiyla-goturdun\/","og_locale":"az_AZ","og_type":"article","og_title":"H\u0259bsd\u0259ki icra ba\u015f\u00e7\u0131s\u0131: \u201cB\u0259s s\u0259n niy\u0259 40 min pulun 15 minini yol x\u0259rci ad\u0131yla g\u00f6t\u00fcrd\u00fcn?\u201d - MEYDAN.TV","og_description":"\u0130cra n\u00fcmay\u0259nd\u0259si icra ba\u015f\u00e7\u0131s\u0131n\u0131n q\u0259rar\u0131 il\u0259 imza atd\u0131\u011f\u0131n\u0131 deyir \u015e\u0259mkir ... Davam\u0131","og_url":"https:\/\/www.meydan.tv\/az\/article\/hebsdeki-icra-bascisi-bes-sen-niye-40-min-pulun-15-minini-yol-xerci-adiyla-goturdun\/","og_site_name":"MEYDAN.TV","article_published_time":"2023-02-01T06:42:52+00:00","article_modified_time":"2023-02-01T06:42:54+00:00","og_image":[{"width":1200,"height":800,"url":"https:\/\/www.meydan.tv\/wp-content\/uploads\/untitled-design-6-26.jpg","type":"image\/jpeg"}],"author":"elli","twitter_card":"summary_large_image","twitter_creator":"@elli","schema":{"@context":"https:\/\/schema.org","@graph":[{"@type":"Article","@id":"https:\/\/www.meydan.tv\/az\/article\/hebsdeki-icra-bascisi-bes-sen-niye-40-min-pulun-15-minini-yol-xerci-adiyla-goturdun\/#article","isPartOf":{"@id":"https:\/\/www.meydan.tv\/az\/article\/hebsdeki-icra-bascisi-bes-sen-niye-40-min-pulun-15-minini-yol-xerci-adiyla-goturdun\/"},"author":{"name":"elli","@id":"https:\/\/www.meydan.tv\/az\/#\/schema\/person\/9cdbecf90d17180ce1dfbd95b08dcf47"},"headline":"H\u0259bsd\u0259ki icra ba\u015f\u00e7\u0131s\u0131: \u201cB\u0259s s\u0259n niy\u0259 40 min pulun 15 minini yol x\u0259rci ad\u0131yla g\u00f6t\u00fcrd\u00fcn?\u201d","datePublished":"2023-02-01T06:42:52+00:00","dateModified":"2023-02-01T06:42:54+00:00","mainEntityOfPage":{"@id":"https:\/\/www.meydan.tv\/az\/article\/hebsdeki-icra-bascisi-bes-sen-niye-40-min-pulun-15-minini-yol-xerci-adiyla-goturdun\/"},"wordCount":1171,"publisher":{"@id":"https:\/\/www.meydan.tv\/az\/#organization"},"image":{"@id":"https:\/\/www.meydan.tv\/az\/article\/hebsdeki-icra-bascisi-bes-sen-niye-40-min-pulun-15-minini-yol-xerci-adiyla-goturdun\/#primaryimage"},"thumbnailUrl":"https:\/\/www.meydan.tv\/wp-content\/uploads\/untitled-design-6-26.jpg","articleSection":["B\u00f6lg\u0259","T\u00f6vsiy\u0259","X\u0259b\u0259rl\u0259r"],"inLanguage":"az"},{"@type":"WebPage","@id":"https:\/\/www.meydan.tv\/az\/article\/hebsdeki-icra-bascisi-bes-sen-niye-40-min-pulun-15-minini-yol-xerci-adiyla-goturdun\/","url":"https:\/\/www.meydan.tv\/az\/article\/hebsdeki-icra-bascisi-bes-sen-niye-40-min-pulun-15-minini-yol-xerci-adiyla-goturdun\/","name":"H\u0259bsd\u0259ki icra ba\u015f\u00e7\u0131s\u0131: \u201cB\u0259s s\u0259n niy\u0259 40 min pulun 15 minini yol x\u0259rci ad\u0131yla g\u00f6t\u00fcrd\u00fcn?\u201d - MEYDAN.TV","isPartOf":{"@id":"https:\/\/www.meydan.tv\/az\/#website"},"primaryImageOfPage":{"@id":"https:\/\/www.meydan.tv\/az\/article\/hebsdeki-icra-bascisi-bes-sen-niye-40-min-pulun-15-minini-yol-xerci-adiyla-goturdun\/#primaryimage"},"image":{"@id":"https:\/\/www.meydan.tv\/az\/article\/hebsdeki-icra-bascisi-bes-sen-niye-40-min-pulun-15-minini-yol-xerci-adiyla-goturdun\/#primaryimage"},"thumbnailUrl":"https:\/\/www.meydan.tv\/wp-content\/uploads\/untitled-design-6-26.jpg","datePublished":"2023-02-01T06:42:52+00:00","dateModified":"2023-02-01T06:42:54+00:00","breadcrumb":{"@id":"https:\/\/www.meydan.tv\/az\/article\/hebsdeki-icra-bascisi-bes-sen-niye-40-min-pulun-15-minini-yol-xerci-adiyla-goturdun\/#breadcrumb"},"inLanguage":"az","potentialAction":[{"@type":"ReadAction","target":["https:\/\/www.meydan.tv\/az\/article\/hebsdeki-icra-bascisi-bes-sen-niye-40-min-pulun-15-minini-yol-xerci-adiyla-goturdun\/"]}]},{"@type":"ImageObject","inLanguage":"az","@id":"https:\/\/www.meydan.tv\/az\/article\/hebsdeki-icra-bascisi-bes-sen-niye-40-min-pulun-15-minini-yol-xerci-adiyla-goturdun\/#primaryimage","url":"https:\/\/www.meydan.tv\/wp-content\/uploads\/untitled-design-6-26.jpg","contentUrl":"https:\/\/www.meydan.tv\/wp-content\/uploads\/untitled-design-6-26.jpg","width":1200,"height":800,"caption":"Alimpa\u015fa M\u0259mm\u0259dov. Foto: Meydan TV"},{"@type":"BreadcrumbList","@id":"https:\/\/www.meydan.tv\/az\/article\/hebsdeki-icra-bascisi-bes-sen-niye-40-min-pulun-15-minini-yol-xerci-adiyla-goturdun\/#breadcrumb","itemListElement":[{"@type":"ListItem","position":1,"name":"Ana s\u0259hif\u0259","item":"https:\/\/www.meydan.tv\/az\/"},{"@type":"ListItem","position":2,"name":"B\u00f6lg\u0259","item":"https:\/\/www.meydan.tv\/az\/section\/bolge\/"},{"@type":"ListItem","position":3,"name":"H\u0259bsd\u0259ki icra ba\u015f\u00e7\u0131s\u0131: \u201cB\u0259s s\u0259n niy\u0259 40 min pulun 15 minini yol x\u0259rci ad\u0131yla g\u00f6t\u00fcrd\u00fcn?\u201d"}]},{"@type":"WebSite","@id":"https:\/\/www.meydan.tv\/az\/#website","url":"https:\/\/www.meydan.tv\/az\/","name":"MEYDAN.TV","description":"Meydan TV Az\u0259rbaycan\u0131n media m\u0259kan\u0131ndak\u0131 alternativ s\u0259sidir","publisher":{"@id":"https:\/\/www.meydan.tv\/az\/#organization"},"potentialAction":[{"@type":"SearchAction","target":{"@type":"EntryPoint","urlTemplate":"https:\/\/www.meydan.tv\/az\/?s={search_term_string}"},"query-input":{"@type":"PropertyValueSpecification","valueRequired":true,"valueName":"search_term_string"}}],"inLanguage":"az"},{"@type":"Organization","@id":"https:\/\/www.meydan.tv\/az\/#organization","name":"Meydan TV","url":"https:\/\/www.meydan.tv\/az\/","logo":{"@type":"ImageObject","inLanguage":"az","@id":"https:\/\/www.meydan.tv\/az\/#\/schema\/logo\/image\/","url":"https:\/\/www.meydan.tv\/wp-content\/uploads\/2021\/07\/meydan-logo.svg","contentUrl":"https:\/\/www.meydan.tv\/wp-content\/uploads\/2021\/07\/meydan-logo.svg","width":195,"height":46,"caption":"Meydan TV"},"image":{"@id":"https:\/\/www.meydan.tv\/az\/#\/schema\/logo\/image\/"}},{"@type":"Person","@id":"https:\/\/www.meydan.tv\/az\/#\/schema\/person\/9cdbecf90d17180ce1dfbd95b08dcf47","name":"elli","sameAs":["https:\/\/x.com\/elli"]}]}},"_links":{"self":[{"href":"https:\/\/www.meydan.tv\/az\/wp-json\/wp\/v2\/posts\/267288","targetHints":{"allow":["GET"]}}],"collection":[{"href":"https:\/\/www.meydan.tv\/az\/wp-json\/wp\/v2\/posts"}],"about":[{"href":"https:\/\/www.meydan.tv\/az\/wp-json\/wp\/v2\/types\/post"}],"author":[{"embeddable":true,"href":"https:\/\/www.meydan.tv\/az\/wp-json\/wp\/v2\/users\/8"}],"replies":[{"embeddable":true,"href":"https:\/\/www.meydan.tv\/az\/wp-json\/wp\/v2\/comments?post=267288"}],"version-history":[{"count":1,"href":"https:\/\/www.meydan.tv\/az\/wp-json\/wp\/v2\/posts\/267288\/revisions"}],"predecessor-version":[{"id":267289,"href":"https:\/\/www.meydan.tv\/az\/wp-json\/wp\/v2\/posts\/267288\/revisions\/267289"}],"wp:featuredmedia":[{"embeddable":true,"href":"https:\/\/www.meydan.tv\/az\/wp-json\/wp\/v2\/media\/261706"}],"wp:attachment":[{"href":"https:\/\/www.meydan.tv\/az\/wp-json\/wp\/v2\/media?parent=267288"}],"wp:term":[{"taxonomy":"category","embeddable":true,"href":"https:\/\/www.meydan.tv\/az\/wp-json\/wp\/v2\/categories?post=267288"},{"taxonomy":"post_tag","embeddable":true,"href":"https:\/\/www.meydan.tv\/az\/wp-json\/wp\/v2\/tags?post=267288"}],"curies":[{"name":"wp","href":"https:\/\/api.w.org\/{rel}","templated":true}]}}