{"id":267275,"date":"2023-01-31T21:49:34","date_gmt":"2023-01-31T17:49:34","guid":{"rendered":"https:\/\/www.meydan.tv\/?p=267275"},"modified":"2023-01-31T21:49:38","modified_gmt":"2023-01-31T17:49:38","slug":"axcp-uzvu-azerisiqla-bagli-etirazindan-sonra-hebs-olundu","status":"publish","type":"post","link":"https:\/\/www.meydan.tv\/az\/article\/axcp-uzvu-azerisiqla-bagli-etirazindan-sonra-hebs-olundu\/","title":{"rendered":"AXCP \u00fczv\u00fc\u00a0 \u201cAz\u0259ri\u015f\u0131q\u201dla ba\u011fl\u0131 etiraz\u0131ndan sonra h\u0259bs olundu"},"content":{"rendered":"\n<p><\/p>\n\n\n\n<p><em>\u201c\u015e\u0259hidin qarda\u015f\u0131n\u0131 85 ya\u015fl\u0131 n\u0259n\u0259sinin i\u015f\u0131\u011f\u0131n\u0131n k\u0259silm\u0259sin\u0259 etiraz etdiyin\u0259 g\u00f6r\u0259 \u015f\u0259rl\u0259yib h\u0259bs edirl\u0259r\u201d<\/em><\/p>\n\n\n\n<p>Az\u0259rbaycan Xalq C\u0259bh\u0259si Partiyas\u0131n\u0131n (AXCP) Sabun\u00e7u rayon \u015f\u00f6b\u0259sinin \u00fczv\u00fc Elnur H\u0259s\u0259nov h\u0259bs olunub. Yasamal Rayon M\u0259hk\u0259m\u0259sind\u0259 hakim H\u00fcseyn S\u0259f\u0259rov onun \u0130nzibati X\u0259talar M\u0259c\u0259ll\u0259sinin 510 (x\u0131rda xuliqanl\u0131q) v\u0259 535.1 (polisin qanuni t\u0259l\u0259bin\u0259 tabe olmama) madd\u0259l\u0259ril\u0259 30 sutka h\u0259bs olunmas\u0131 haqda q\u0259rar \u00e7\u0131xar\u0131b. Bu bar\u0259d\u0259 Meydan TV-y\u0259 partiyan\u0131n m\u0259tbuat xidm\u0259tind\u0259n m\u0259lumat verilib.<\/p>\n\n\n\n<p>M\u0259lumatda bildirilir ki, Elnur H\u0259s\u0259nov yanvar\u0131n 31-d\u0259 s\u0259h\u0259r saatlar\u0131nda \u201cAz\u0259ri\u015f\u0131q\u201d ASC-nin Yasamal \u015f\u00f6b\u0259sind\u0259 saxlan\u0131l\u0131b.<\/p>\n\n\n\n<p>\u201cElnur H\u0259s\u0259novun qarda\u015f\u0131 Teymur H\u0259s\u0259nov Qaraba\u011f d\u00f6y\u00fc\u015fl\u0259rind\u0259 \u015f\u0259hid olub. N\u0259n\u0259si onun himay\u0259sind\u0259dir. 85 ya\u015fl\u0131 qad\u0131n imtiyazl\u0131 ail\u0259l\u0259r kateqoriyas\u0131na aiddir. \u201cAz\u0259ri\u015f\u0131q\u201d\u0131n \u0259m\u0259kda\u015flar\u0131 q\u0131\u015fda, bu soyuq g\u00fcnl\u0259rd\u0259 g\u0259lib ya\u015fl\u0131 qad\u0131n\u0131n i\u015f\u0131qlar\u0131n\u0131 k\u0259sibl\u0259r. Elnur H\u0259s\u0259nov iki g\u00fcn \u0259vv\u0259l sosial media vasit\u0259sil\u0259 onlar\u0131n bu davran\u0131\u015f\u0131n\u0131 t\u0259nqid el\u0259mi\u015fdi. \u00dcmumiyy\u0259tl\u0259, h\u00f6kum\u0259tin sosial siyas\u0259ti, \u00f6z v\u0259t\u0259nda\u015flar\u0131na qar\u015f\u0131 m\u00fcnasib\u0259til\u0259 ba\u011fl\u0131 t\u0259nqidi fikirl\u0259r s\u0259sl\u0259ndirmi\u015fdi. O bildirmi\u015fdi ki, \u00f6lk\u0259d\u0259 ba\u015f ver\u0259n b\u00fct\u00fcn qanunsuzluqlara g\u00f6r\u0259 m\u0259suliyy\u0259t hakimiyy\u0259tin, o c\u00fcml\u0259d\u0259n \u00f6lk\u0259 ba\u015f\u00e7\u0131s\u0131n\u0131n \u00fcz\u0259rind\u0259dir\u201d, &#8211; AXCP-d\u0259n bildirilib.<\/p>\n\n\n<div class=\"wp-block-image\">\n<figure class=\"alignleft size-full is-resized\"><img decoding=\"async\" data-src=\"https:\/\/www.meydan.tv\/wp-content\/uploads\/109887393_147766850283264_8628060786234337594_n.jpg\" alt=\"\" class=\"wp-image-267276 lazyload\" width=\"383\" height=\"376\" src=\"data:image\/svg+xml;base64,PHN2ZyB3aWR0aD0iMSIgaGVpZ2h0PSIxIiB4bWxucz0iaHR0cDovL3d3dy53My5vcmcvMjAwMC9zdmciPjwvc3ZnPg==\" style=\"--smush-placeholder-width: 383px; --smush-placeholder-aspect-ratio: 383\/376;\" \/><figcaption class=\"wp-element-caption\">Foto: Elnur H\u0259s\u0259novun \u015f\u0259xsi arxvind\u0259n<\/figcaption><\/figure>\n<\/div>\n\n\n<p>Elnur H\u0259s\u0259nov yanvar\u0131n 30-da \u201cFacebook\u201d hesab\u0131nda yazm\u0131\u015fd\u0131 ki, sosial media hesab\u0131nda bir g\u00fcn \u0259vv\u0259lki \u00e7\u0131x\u0131\u015f\u0131ndan sonra \u00fc\u00e7 n\u0259f\u0259r t\u0259r\u0259find\u0259n izl\u0259nilir.<\/p>\n\n\n\n<p>\u201cD\u00fcn\u0259nki \u00e7\u0131x\u0131\u015f dey\u0259s\u0259n kiml\u0259ris\u0259 \u00e7ox narahat edib. Qap\u0131m\u0131z\u0131 3 d\u0259n\u0259 enli k\u00fcr\u0259k k\u0259sdirib, m\u0259lumatl\u0131 olun\u201d, &#8211; AXCP \u00fczv\u00fc bel\u0259 yazm\u0131\u015fd\u0131.<\/p>\n\n\n\n<p>AXCP-d\u0259n bildirilib ki, Elnur H\u0259s\u0259nov haqq\u0131nda h\u0259bs q\u0259rar\u0131ndan apelyasiya \u015fikay\u0259ti veril\u0259c\u0259k:<\/p>\n\n\n\n<p>\u201c\u015e\u0259hidin qarda\u015f\u0131n\u0131 85 ya\u015fl\u0131 n\u0259n\u0259sinin i\u015f\u0131\u011f\u0131n\u0131n k\u0259silm\u0259sin\u0259 etiraz etdiyin\u0259 g\u00f6r\u0259 \u015f\u0259rl\u0259yib h\u0259bs edirl\u0259r. Bu, n\u0259 biab\u0131r\u00e7\u0131l\u0131qd\u0131r?!\u201d<\/p>\n","protected":false},"excerpt":{"rendered":"<p>\u201c\u015e\u0259hidin qarda\u015f\u0131n\u0131 85 ya\u015fl\u0131 n\u0259n\u0259sinin i\u015f\u0131\u011f\u0131n\u0131n k\u0259silm\u0259sin\u0259 etiraz etdiyin\u0259 g\u00f6r\u0259 &#8230; <\/p>\n<p class=\"read-more-container\"><a title=\"AXCP \u00fczv\u00fc\u00a0 \u201cAz\u0259ri\u015f\u0131q\u201dla ba\u011fl\u0131 etiraz\u0131ndan sonra h\u0259bs olundu\" class=\"read-more button\" href=\"https:\/\/www.meydan.tv\/az\/article\/axcp-uzvu-azerisiqla-bagli-etirazindan-sonra-hebs-olundu\/#more-267275\" aria-label=\"Read more about AXCP \u00fczv\u00fc\u00a0 \u201cAz\u0259ri\u015f\u0131q\u201dla ba\u011fl\u0131 etiraz\u0131ndan sonra h\u0259bs olundu\">Davam\u0131<\/a><\/p>\n","protected":false},"author":8,"featured_media":245982,"comment_status":"closed","ping_status":"closed","sticky":false,"template":"","format":"standard","meta":{"_acf_changed":false,"_sitemap_exclude":false,"_sitemap_priority":"","_sitemap_frequency":"","footnotes":""},"categories":[59,56],"tags":[],"class_list":["post-267275","post","type-post","status-publish","format-standard","has-post-thumbnail","hentry","category-siyaset","category-xeberler","infinite-scroll-item","generate-columns","tablet-grid-50","mobile-grid-100","grid-parent","grid-33","no-featured-image-padding"],"acf":[],"yoast_head":"<!-- This site is optimized with the Yoast SEO plugin v27.4 - https:\/\/yoast.com\/product\/yoast-seo-wordpress\/ -->\n<title>AXCP \u00fczv\u00fc\u00a0 \u201cAz\u0259ri\u015f\u0131q\u201dla ba\u011fl\u0131 etiraz\u0131ndan sonra h\u0259bs olundu - MEYDAN.TV<\/title>\n<meta name=\"robots\" content=\"index, follow, max-snippet:-1, max-image-preview:large, max-video-preview:-1\" \/>\n<link rel=\"canonical\" href=\"https:\/\/www.meydan.tv\/az\/article\/axcp-uzvu-azerisiqla-bagli-etirazindan-sonra-hebs-olundu\/\" \/>\n<meta property=\"og:locale\" content=\"az_AZ\" \/>\n<meta property=\"og:type\" content=\"article\" \/>\n<meta property=\"og:title\" content=\"AXCP \u00fczv\u00fc\u00a0 \u201cAz\u0259ri\u015f\u0131q\u201dla ba\u011fl\u0131 etiraz\u0131ndan sonra h\u0259bs olundu - MEYDAN.TV\" \/>\n<meta property=\"og:description\" content=\"\u201c\u015e\u0259hidin qarda\u015f\u0131n\u0131 85 ya\u015fl\u0131 n\u0259n\u0259sinin i\u015f\u0131\u011f\u0131n\u0131n k\u0259silm\u0259sin\u0259 etiraz etdiyin\u0259 g\u00f6r\u0259 ... Davam\u0131\" \/>\n<meta property=\"og:url\" content=\"https:\/\/www.meydan.tv\/az\/article\/axcp-uzvu-azerisiqla-bagli-etirazindan-sonra-hebs-olundu\/\" \/>\n<meta property=\"og:site_name\" content=\"MEYDAN.TV\" \/>\n<meta property=\"article:published_time\" content=\"2023-01-31T17:49:34+00:00\" \/>\n<meta property=\"article:modified_time\" content=\"2023-01-31T17:49:38+00:00\" \/>\n<meta property=\"og:image\" content=\"https:\/\/www.meydan.tv\/wp-content\/uploads\/15701857195267434427_1000x669.jpg\" \/>\n\t<meta property=\"og:image:width\" content=\"1200\" \/>\n\t<meta property=\"og:image:height\" content=\"674\" \/>\n\t<meta property=\"og:image:type\" content=\"image\/jpeg\" \/>\n<meta name=\"author\" content=\"elli\" \/>\n<meta name=\"twitter:card\" content=\"summary_large_image\" \/>\n<meta name=\"twitter:creator\" content=\"@elli\" \/>\n<script type=\"application\/ld+json\" class=\"yoast-schema-graph\">{\"@context\":\"https:\\\/\\\/schema.org\",\"@graph\":[{\"@type\":\"Article\",\"@id\":\"https:\\\/\\\/www.meydan.tv\\\/az\\\/article\\\/axcp-uzvu-azerisiqla-bagli-etirazindan-sonra-hebs-olundu\\\/#article\",\"isPartOf\":{\"@id\":\"https:\\\/\\\/www.meydan.tv\\\/az\\\/article\\\/axcp-uzvu-azerisiqla-bagli-etirazindan-sonra-hebs-olundu\\\/\"},\"author\":{\"name\":\"elli\",\"@id\":\"https:\\\/\\\/www.meydan.tv\\\/az\\\/#\\\/schema\\\/person\\\/9cdbecf90d17180ce1dfbd95b08dcf47\"},\"headline\":\"AXCP \u00fczv\u00fc\u00a0 \u201cAz\u0259ri\u015f\u0131q\u201dla ba\u011fl\u0131 etiraz\u0131ndan sonra h\u0259bs olundu\",\"datePublished\":\"2023-01-31T17:49:34+00:00\",\"dateModified\":\"2023-01-31T17:49:38+00:00\",\"mainEntityOfPage\":{\"@id\":\"https:\\\/\\\/www.meydan.tv\\\/az\\\/article\\\/axcp-uzvu-azerisiqla-bagli-etirazindan-sonra-hebs-olundu\\\/\"},\"wordCount\":421,\"publisher\":{\"@id\":\"https:\\\/\\\/www.meydan.tv\\\/az\\\/#organization\"},\"image\":{\"@id\":\"https:\\\/\\\/www.meydan.tv\\\/az\\\/article\\\/axcp-uzvu-azerisiqla-bagli-etirazindan-sonra-hebs-olundu\\\/#primaryimage\"},\"thumbnailUrl\":\"https:\\\/\\\/www.meydan.tv\\\/wp-content\\\/uploads\\\/15701857195267434427_1000x669.jpg\",\"articleSection\":[\"Siyas\u0259t\",\"X\u0259b\u0259rl\u0259r\"],\"inLanguage\":\"az\"},{\"@type\":\"WebPage\",\"@id\":\"https:\\\/\\\/www.meydan.tv\\\/az\\\/article\\\/axcp-uzvu-azerisiqla-bagli-etirazindan-sonra-hebs-olundu\\\/\",\"url\":\"https:\\\/\\\/www.meydan.tv\\\/az\\\/article\\\/axcp-uzvu-azerisiqla-bagli-etirazindan-sonra-hebs-olundu\\\/\",\"name\":\"AXCP \u00fczv\u00fc\u00a0 \u201cAz\u0259ri\u015f\u0131q\u201dla ba\u011fl\u0131 etiraz\u0131ndan sonra h\u0259bs olundu - MEYDAN.TV\",\"isPartOf\":{\"@id\":\"https:\\\/\\\/www.meydan.tv\\\/az\\\/#website\"},\"primaryImageOfPage\":{\"@id\":\"https:\\\/\\\/www.meydan.tv\\\/az\\\/article\\\/axcp-uzvu-azerisiqla-bagli-etirazindan-sonra-hebs-olundu\\\/#primaryimage\"},\"image\":{\"@id\":\"https:\\\/\\\/www.meydan.tv\\\/az\\\/article\\\/axcp-uzvu-azerisiqla-bagli-etirazindan-sonra-hebs-olundu\\\/#primaryimage\"},\"thumbnailUrl\":\"https:\\\/\\\/www.meydan.tv\\\/wp-content\\\/uploads\\\/15701857195267434427_1000x669.jpg\",\"datePublished\":\"2023-01-31T17:49:34+00:00\",\"dateModified\":\"2023-01-31T17:49:38+00:00\",\"breadcrumb\":{\"@id\":\"https:\\\/\\\/www.meydan.tv\\\/az\\\/article\\\/axcp-uzvu-azerisiqla-bagli-etirazindan-sonra-hebs-olundu\\\/#breadcrumb\"},\"inLanguage\":\"az\",\"potentialAction\":[{\"@type\":\"ReadAction\",\"target\":[\"https:\\\/\\\/www.meydan.tv\\\/az\\\/article\\\/axcp-uzvu-azerisiqla-bagli-etirazindan-sonra-hebs-olundu\\\/\"]}]},{\"@type\":\"ImageObject\",\"inLanguage\":\"az\",\"@id\":\"https:\\\/\\\/www.meydan.tv\\\/az\\\/article\\\/axcp-uzvu-azerisiqla-bagli-etirazindan-sonra-hebs-olundu\\\/#primaryimage\",\"url\":\"https:\\\/\\\/www.meydan.tv\\\/wp-content\\\/uploads\\\/15701857195267434427_1000x669.jpg\",\"contentUrl\":\"https:\\\/\\\/www.meydan.tv\\\/wp-content\\\/uploads\\\/15701857195267434427_1000x669.jpg\",\"width\":1200,\"height\":674,\"caption\":\"\u201cAz\u0259ri\u015f\u0131q\u201d ASC. Foto: Az\u0259rtac\"},{\"@type\":\"BreadcrumbList\",\"@id\":\"https:\\\/\\\/www.meydan.tv\\\/az\\\/article\\\/axcp-uzvu-azerisiqla-bagli-etirazindan-sonra-hebs-olundu\\\/#breadcrumb\",\"itemListElement\":[{\"@type\":\"ListItem\",\"position\":1,\"name\":\"Ana s\u0259hif\u0259\",\"item\":\"https:\\\/\\\/www.meydan.tv\\\/az\\\/\"},{\"@type\":\"ListItem\",\"position\":2,\"name\":\"Siyas\u0259t\",\"item\":\"https:\\\/\\\/www.meydan.tv\\\/az\\\/section\\\/siyaset\\\/\"},{\"@type\":\"ListItem\",\"position\":3,\"name\":\"AXCP \u00fczv\u00fc\u00a0 \u201cAz\u0259ri\u015f\u0131q\u201dla ba\u011fl\u0131 etiraz\u0131ndan sonra h\u0259bs olundu\"}]},{\"@type\":\"WebSite\",\"@id\":\"https:\\\/\\\/www.meydan.tv\\\/az\\\/#website\",\"url\":\"https:\\\/\\\/www.meydan.tv\\\/az\\\/\",\"name\":\"MEYDAN.TV\",\"description\":\"Meydan TV Az\u0259rbaycan\u0131n media m\u0259kan\u0131ndak\u0131 alternativ s\u0259sidir\",\"publisher\":{\"@id\":\"https:\\\/\\\/www.meydan.tv\\\/az\\\/#organization\"},\"potentialAction\":[{\"@type\":\"SearchAction\",\"target\":{\"@type\":\"EntryPoint\",\"urlTemplate\":\"https:\\\/\\\/www.meydan.tv\\\/az\\\/?s={search_term_string}\"},\"query-input\":{\"@type\":\"PropertyValueSpecification\",\"valueRequired\":true,\"valueName\":\"search_term_string\"}}],\"inLanguage\":\"az\"},{\"@type\":\"Organization\",\"@id\":\"https:\\\/\\\/www.meydan.tv\\\/az\\\/#organization\",\"name\":\"Meydan TV\",\"url\":\"https:\\\/\\\/www.meydan.tv\\\/az\\\/\",\"logo\":{\"@type\":\"ImageObject\",\"inLanguage\":\"az\",\"@id\":\"https:\\\/\\\/www.meydan.tv\\\/az\\\/#\\\/schema\\\/logo\\\/image\\\/\",\"url\":\"https:\\\/\\\/www.meydan.tv\\\/wp-content\\\/uploads\\\/2021\\\/07\\\/meydan-logo.svg\",\"contentUrl\":\"https:\\\/\\\/www.meydan.tv\\\/wp-content\\\/uploads\\\/2021\\\/07\\\/meydan-logo.svg\",\"width\":195,\"height\":46,\"caption\":\"Meydan TV\"},\"image\":{\"@id\":\"https:\\\/\\\/www.meydan.tv\\\/az\\\/#\\\/schema\\\/logo\\\/image\\\/\"}},{\"@type\":\"Person\",\"@id\":\"https:\\\/\\\/www.meydan.tv\\\/az\\\/#\\\/schema\\\/person\\\/9cdbecf90d17180ce1dfbd95b08dcf47\",\"name\":\"elli\",\"sameAs\":[\"https:\\\/\\\/x.com\\\/elli\"]}]}<\/script>\n<!-- \/ Yoast SEO plugin. -->","yoast_head_json":{"title":"AXCP \u00fczv\u00fc\u00a0 \u201cAz\u0259ri\u015f\u0131q\u201dla ba\u011fl\u0131 etiraz\u0131ndan sonra h\u0259bs olundu - MEYDAN.TV","robots":{"index":"index","follow":"follow","max-snippet":"max-snippet:-1","max-image-preview":"max-image-preview:large","max-video-preview":"max-video-preview:-1"},"canonical":"https:\/\/www.meydan.tv\/az\/article\/axcp-uzvu-azerisiqla-bagli-etirazindan-sonra-hebs-olundu\/","og_locale":"az_AZ","og_type":"article","og_title":"AXCP \u00fczv\u00fc\u00a0 \u201cAz\u0259ri\u015f\u0131q\u201dla ba\u011fl\u0131 etiraz\u0131ndan sonra h\u0259bs olundu - MEYDAN.TV","og_description":"\u201c\u015e\u0259hidin qarda\u015f\u0131n\u0131 85 ya\u015fl\u0131 n\u0259n\u0259sinin i\u015f\u0131\u011f\u0131n\u0131n k\u0259silm\u0259sin\u0259 etiraz etdiyin\u0259 g\u00f6r\u0259 ... Davam\u0131","og_url":"https:\/\/www.meydan.tv\/az\/article\/axcp-uzvu-azerisiqla-bagli-etirazindan-sonra-hebs-olundu\/","og_site_name":"MEYDAN.TV","article_published_time":"2023-01-31T17:49:34+00:00","article_modified_time":"2023-01-31T17:49:38+00:00","og_image":[{"width":1200,"height":674,"url":"https:\/\/www.meydan.tv\/wp-content\/uploads\/15701857195267434427_1000x669.jpg","type":"image\/jpeg"}],"author":"elli","twitter_card":"summary_large_image","twitter_creator":"@elli","schema":{"@context":"https:\/\/schema.org","@graph":[{"@type":"Article","@id":"https:\/\/www.meydan.tv\/az\/article\/axcp-uzvu-azerisiqla-bagli-etirazindan-sonra-hebs-olundu\/#article","isPartOf":{"@id":"https:\/\/www.meydan.tv\/az\/article\/axcp-uzvu-azerisiqla-bagli-etirazindan-sonra-hebs-olundu\/"},"author":{"name":"elli","@id":"https:\/\/www.meydan.tv\/az\/#\/schema\/person\/9cdbecf90d17180ce1dfbd95b08dcf47"},"headline":"AXCP \u00fczv\u00fc\u00a0 \u201cAz\u0259ri\u015f\u0131q\u201dla ba\u011fl\u0131 etiraz\u0131ndan sonra h\u0259bs olundu","datePublished":"2023-01-31T17:49:34+00:00","dateModified":"2023-01-31T17:49:38+00:00","mainEntityOfPage":{"@id":"https:\/\/www.meydan.tv\/az\/article\/axcp-uzvu-azerisiqla-bagli-etirazindan-sonra-hebs-olundu\/"},"wordCount":421,"publisher":{"@id":"https:\/\/www.meydan.tv\/az\/#organization"},"image":{"@id":"https:\/\/www.meydan.tv\/az\/article\/axcp-uzvu-azerisiqla-bagli-etirazindan-sonra-hebs-olundu\/#primaryimage"},"thumbnailUrl":"https:\/\/www.meydan.tv\/wp-content\/uploads\/15701857195267434427_1000x669.jpg","articleSection":["Siyas\u0259t","X\u0259b\u0259rl\u0259r"],"inLanguage":"az"},{"@type":"WebPage","@id":"https:\/\/www.meydan.tv\/az\/article\/axcp-uzvu-azerisiqla-bagli-etirazindan-sonra-hebs-olundu\/","url":"https:\/\/www.meydan.tv\/az\/article\/axcp-uzvu-azerisiqla-bagli-etirazindan-sonra-hebs-olundu\/","name":"AXCP \u00fczv\u00fc\u00a0 \u201cAz\u0259ri\u015f\u0131q\u201dla ba\u011fl\u0131 etiraz\u0131ndan sonra h\u0259bs olundu - MEYDAN.TV","isPartOf":{"@id":"https:\/\/www.meydan.tv\/az\/#website"},"primaryImageOfPage":{"@id":"https:\/\/www.meydan.tv\/az\/article\/axcp-uzvu-azerisiqla-bagli-etirazindan-sonra-hebs-olundu\/#primaryimage"},"image":{"@id":"https:\/\/www.meydan.tv\/az\/article\/axcp-uzvu-azerisiqla-bagli-etirazindan-sonra-hebs-olundu\/#primaryimage"},"thumbnailUrl":"https:\/\/www.meydan.tv\/wp-content\/uploads\/15701857195267434427_1000x669.jpg","datePublished":"2023-01-31T17:49:34+00:00","dateModified":"2023-01-31T17:49:38+00:00","breadcrumb":{"@id":"https:\/\/www.meydan.tv\/az\/article\/axcp-uzvu-azerisiqla-bagli-etirazindan-sonra-hebs-olundu\/#breadcrumb"},"inLanguage":"az","potentialAction":[{"@type":"ReadAction","target":["https:\/\/www.meydan.tv\/az\/article\/axcp-uzvu-azerisiqla-bagli-etirazindan-sonra-hebs-olundu\/"]}]},{"@type":"ImageObject","inLanguage":"az","@id":"https:\/\/www.meydan.tv\/az\/article\/axcp-uzvu-azerisiqla-bagli-etirazindan-sonra-hebs-olundu\/#primaryimage","url":"https:\/\/www.meydan.tv\/wp-content\/uploads\/15701857195267434427_1000x669.jpg","contentUrl":"https:\/\/www.meydan.tv\/wp-content\/uploads\/15701857195267434427_1000x669.jpg","width":1200,"height":674,"caption":"\u201cAz\u0259ri\u015f\u0131q\u201d ASC. Foto: Az\u0259rtac"},{"@type":"BreadcrumbList","@id":"https:\/\/www.meydan.tv\/az\/article\/axcp-uzvu-azerisiqla-bagli-etirazindan-sonra-hebs-olundu\/#breadcrumb","itemListElement":[{"@type":"ListItem","position":1,"name":"Ana s\u0259hif\u0259","item":"https:\/\/www.meydan.tv\/az\/"},{"@type":"ListItem","position":2,"name":"Siyas\u0259t","item":"https:\/\/www.meydan.tv\/az\/section\/siyaset\/"},{"@type":"ListItem","position":3,"name":"AXCP \u00fczv\u00fc\u00a0 \u201cAz\u0259ri\u015f\u0131q\u201dla ba\u011fl\u0131 etiraz\u0131ndan sonra h\u0259bs olundu"}]},{"@type":"WebSite","@id":"https:\/\/www.meydan.tv\/az\/#website","url":"https:\/\/www.meydan.tv\/az\/","name":"MEYDAN.TV","description":"Meydan TV Az\u0259rbaycan\u0131n media m\u0259kan\u0131ndak\u0131 alternativ s\u0259sidir","publisher":{"@id":"https:\/\/www.meydan.tv\/az\/#organization"},"potentialAction":[{"@type":"SearchAction","target":{"@type":"EntryPoint","urlTemplate":"https:\/\/www.meydan.tv\/az\/?s={search_term_string}"},"query-input":{"@type":"PropertyValueSpecification","valueRequired":true,"valueName":"search_term_string"}}],"inLanguage":"az"},{"@type":"Organization","@id":"https:\/\/www.meydan.tv\/az\/#organization","name":"Meydan TV","url":"https:\/\/www.meydan.tv\/az\/","logo":{"@type":"ImageObject","inLanguage":"az","@id":"https:\/\/www.meydan.tv\/az\/#\/schema\/logo\/image\/","url":"https:\/\/www.meydan.tv\/wp-content\/uploads\/2021\/07\/meydan-logo.svg","contentUrl":"https:\/\/www.meydan.tv\/wp-content\/uploads\/2021\/07\/meydan-logo.svg","width":195,"height":46,"caption":"Meydan TV"},"image":{"@id":"https:\/\/www.meydan.tv\/az\/#\/schema\/logo\/image\/"}},{"@type":"Person","@id":"https:\/\/www.meydan.tv\/az\/#\/schema\/person\/9cdbecf90d17180ce1dfbd95b08dcf47","name":"elli","sameAs":["https:\/\/x.com\/elli"]}]}},"_links":{"self":[{"href":"https:\/\/www.meydan.tv\/az\/wp-json\/wp\/v2\/posts\/267275","targetHints":{"allow":["GET"]}}],"collection":[{"href":"https:\/\/www.meydan.tv\/az\/wp-json\/wp\/v2\/posts"}],"about":[{"href":"https:\/\/www.meydan.tv\/az\/wp-json\/wp\/v2\/types\/post"}],"author":[{"embeddable":true,"href":"https:\/\/www.meydan.tv\/az\/wp-json\/wp\/v2\/users\/8"}],"replies":[{"embeddable":true,"href":"https:\/\/www.meydan.tv\/az\/wp-json\/wp\/v2\/comments?post=267275"}],"version-history":[{"count":1,"href":"https:\/\/www.meydan.tv\/az\/wp-json\/wp\/v2\/posts\/267275\/revisions"}],"predecessor-version":[{"id":267279,"href":"https:\/\/www.meydan.tv\/az\/wp-json\/wp\/v2\/posts\/267275\/revisions\/267279"}],"wp:featuredmedia":[{"embeddable":true,"href":"https:\/\/www.meydan.tv\/az\/wp-json\/wp\/v2\/media\/245982"}],"wp:attachment":[{"href":"https:\/\/www.meydan.tv\/az\/wp-json\/wp\/v2\/media?parent=267275"}],"wp:term":[{"taxonomy":"category","embeddable":true,"href":"https:\/\/www.meydan.tv\/az\/wp-json\/wp\/v2\/categories?post=267275"},{"taxonomy":"post_tag","embeddable":true,"href":"https:\/\/www.meydan.tv\/az\/wp-json\/wp\/v2\/tags?post=267275"}],"curies":[{"name":"wp","href":"https:\/\/api.w.org\/{rel}","templated":true}]}}