{"id":267251,"date":"2023-01-31T20:18:02","date_gmt":"2023-01-31T16:18:02","guid":{"rendered":"https:\/\/www.meydan.tv\/?p=267251"},"modified":"2023-01-31T20:18:11","modified_gmt":"2023-01-31T16:18:11","slug":"cavadxan-qesebesi-adsiz-isiqsiz-kuceler-palciqli-yollar","status":"publish","type":"post","link":"https:\/\/www.meydan.tv\/az\/article\/cavadxan-qesebesi-adsiz-isiqsiz-kuceler-palciqli-yollar\/","title":{"rendered":"Cavadxan q\u0259s\u0259b\u0259si: Ads\u0131z, i\u015f\u0131qs\u0131z k\u00fc\u00e7\u0259l\u0259r, pal\u00e7\u0131ql\u0131 yollar&#8230;"},"content":{"rendered":"\n<p><em>Sakinl\u0259r deyir, ya\u015fay\u0131\u015f massivin\u0259 q\u0259s\u0259b\u0259 statusu verils\u0259 d\u0259, he\u00e7 n\u0259 d\u0259yi\u015fm\u0259yib<\/em><\/p>\n\n\n\n<p>\u201cBuralar \u0259vv\u0259ll\u0259r \u201cAvtozavod\u201d ya\u015fay\u0131\u015f massivi kimi tan\u0131n\u0131rd\u0131. T\u0259xmin\u0259n 10 il \u0259vv\u0259l \u0259raziy\u0259 q\u0259s\u0259b\u0259 statusu verildi. Sevindik ki, b\u0259lk\u0259 q\u0259s\u0259b\u0259 olandan sonra yenilikl\u0259r ba\u015f ver\u0259r, yollar\u0131m\u0131z d\u00fcz\u0259l\u0259r, m\u0259kt\u0259bimiz, ba\u011f\u00e7am\u0131z olar. Ancaq k\u00f6hn\u0259 hamam, k\u00f6hn\u0259 tas&#8230;\u201d<\/p>\n\n\n\n<figure class=\"gb-block-image gb-block-image-2bc22b1a\"><img decoding=\"async\" width=\"1280\" height=\"963\" class=\"gb-image gb-image-2bc22b1a lazyload\" data-src=\"https:\/\/www.meydan.tv\/wp-content\/uploads\/photo-2023-01-31-18-59-02.jpg\" alt=\"\" title=\"PHOTO-2023-01-31-18-59-02\" src=\"data:image\/svg+xml;base64,PHN2ZyB3aWR0aD0iMSIgaGVpZ2h0PSIxIiB4bWxucz0iaHR0cDovL3d3dy53My5vcmcvMjAwMC9zdmciPjwvc3ZnPg==\" style=\"--smush-placeholder-width: 1280px; --smush-placeholder-aspect-ratio: 1280\/963;\" \/><\/figure>\n\n\n\n<p><\/p>\n\n\n\n<p>2012-ci lin fevral\u0131nda G\u0259nc\u0259nin \u201cAvtozavod\u201d kimi tan\u0131nan ya\u015fay\u0131\u015f massivin\u0259 q\u0259s\u0259b\u0259 statusu verilib. Bel\u0259likl\u0259 d\u0259, \u0259razi G\u0259nc\u0259d\u0259ki be\u015f iri q\u0259s\u0259b\u0259d\u0259n biri kimi siyah\u0131ya d\u00fc\u015f\u00fcb. Sakinl\u0259r d\u0259 bunu sevincl\u0259 qar\u015f\u0131lay\u0131b. D\u00fc\u015f\u00fcn\u00fcbl\u0259r ki, \u00f6lk\u0259nin ikinci iri \u015f\u0259h\u0259ri olan G\u0259nc\u0259nin be\u015f q\u0259s\u0259b\u0259sind\u0259n birind\u0259 yenilikl\u0259r ba\u015f ver\u0259c\u0259k, \u0259n az\u0131, ictimai n\u0259qliyyata diqq\u0259t yetiril\u0259c\u0259k, yollar t\u0259mir olunacaq, m\u0259kt\u0259b, u\u015faq ba\u011f\u00e7as\u0131 tikil\u0259c\u0259k.<\/p>\n\n\n\n<p><em><strong>\u201cBu boyda q\u0259s\u0259b\u0259d\u0259 ba\u011f\u00e7a, m\u0259kt\u0259b yoxdur\u201d<\/strong><\/em><\/p>\n\n\n\n<p>Burada ilk evl\u0259r 1993-c\u00fc ild\u0259 tikilib. Haz\u0131rda minl\u0259rl\u0259 f\u0259rdi evin oldu\u011fu q\u0259s\u0259b\u0259d\u0259 h\u0259l\u0259 d\u0259 k\u00fc\u00e7\u0259l\u0259rin \u00e7oxuna ad verilm\u0259yib. Bu da sakinl\u0259rin qeydiyyat, s\u0259n\u0259d m\u0259s\u0259l\u0259l\u0259rind\u0259 probleml\u0259r yarad\u0131r. Q\u0259s\u0259b\u0259 statusu almas\u0131ndan 10 ild\u0259n \u00e7ox vaxt \u00f6t\u00fcb v\u0259 q\u0259s\u0259b\u0259 sakini Elnar\u0259 \u0130brahimovan\u0131n dem\u0259sin\u0259 g\u00f6r\u0259, da\u015f \u00fcst\u0259 da\u015f da qoyulmay\u0131b:<\/p>\n\n\n\n<p>\u201cQ\u0259s\u0259b\u0259mizin\u00a0 500 hektara yax\u0131n \u0259razisi, 5 min\u0259 yax\u0131n ya\u015fay\u0131\u015f evi var. G\u0259nc\u0259d\u0259 \u0259n b\u00f6y\u00fck q\u0259s\u0259b\u0259l\u0259rd\u0259n hesab olunur. Ancaq sanki h\u00f6kum\u0259tin yad\u0131ndan \u00e7\u0131xm\u0131\u015f\u0131q. K\u0259p\u0259z \u0259razisin\u0259 aid q\u0259s\u0259b\u0259dir. Ancaq bu boyda q\u0259s\u0259b\u0259d\u0259 m\u0259kt\u0259b, u\u015faq ba\u011f\u00e7as\u0131 yoxdur dey\u0259, u\u015faqlar G\u0259nc\u0259y\u0259 q\u0259d\u0259r uzun yol q\u0259t etm\u0259li olurlar. Yay-q\u0131\u015f f\u0259rq el\u0259mir, k\u00f6rp\u0259 u\u015faqlar\u0131 G\u0259nc\u0259d\u0259ki ba\u011f\u00e7aya apar\u0131r\u0131q. Yollar b\u0259rbad oldu\u011fundan q\u0131\u015fda taksi d\u0259 bu t\u0259r\u0259fl\u0259r\u0259 g\u0259lmir. \u0130ctimai n\u0259qliyyat da yoxdur. Avtobus yar\u0131 yoldan geri qay\u0131d\u0131r. U\u015faqar\u0131m\u0131z q\u0131\u015fda, ya\u011f\u0131\u015fda 10 kilometr\u0259 yax\u0131n yolu m\u0259kt\u0259b\u0259 piyada gedib-g\u0259lm\u0259li olurlar\u201d.<\/p>\n\n\n\n<figure class=\"gb-block-image gb-block-image-47016d22\"><img decoding=\"async\" width=\"1280\" height=\"963\" class=\"gb-image gb-image-47016d22 lazyload\" data-src=\"https:\/\/www.meydan.tv\/wp-content\/uploads\/photo-2023-01-31-18-59-03.jpg\" alt=\"\" title=\"PHOTO-2023-01-31-18-59-03\" src=\"data:image\/svg+xml;base64,PHN2ZyB3aWR0aD0iMSIgaGVpZ2h0PSIxIiB4bWxucz0iaHR0cDovL3d3dy53My5vcmcvMjAwMC9zdmciPjwvc3ZnPg==\" style=\"--smush-placeholder-width: 1280px; --smush-placeholder-aspect-ratio: 1280\/963;\" \/><\/figure>\n\n\n\n<p><\/p>\n\n\n\n<p><strong>Aidiyy\u0259ti qurumlara m\u00fcraci\u0259t olunub<\/strong><\/p>\n\n\n\n<p>G\u0259nc\u0259 Rayon \u0130cra Hakimiyy\u0259tind\u0259n Meydan TV-y\u0259 bildirilib ki, sakinl\u0259rin \u201cCavadxan q\u0259s\u0259b\u0259sind\u0259 he\u00e7 bir i\u015f g\u00f6r\u00fclm\u00fcr\u201d dem\u0259si bir az insafs\u0131zl\u0131q olar. Son bir ne\u00e7\u0259 ild\u0259 q\u0259s\u0259b\u0259y\u0259 su, kanalizasiya, qaz x\u0259tl\u0259ri \u00e7\u0259kilib. K\u00fc\u00e7\u0259l\u0259rin i\u015f\u0131qland\u0131r\u0131lmas\u0131 \u00fc\u00e7\u00fcn i\u015fl\u0259r g\u00f6r\u00fcl\u00fcr. 28 v\u0259 38 sayl\u0131 mar\u015frut x\u0259tl\u0259ri \u00fczr\u0259 h\u0259r\u0259k\u0259t ed\u0259n avtobuslar q\u0259s\u0259b\u0259nin yollar\u0131 b\u0259rbad olan k\u00fc\u00e7\u0259l\u0259rin\u0259 q\u0259d\u0259r getm\u0259s\u0259 d\u0259, \u0259sas k\u00fc\u00e7\u0259l\u0259rd\u0259n ke\u00e7ir. Sakinl\u0259ri narahat ed\u0259n probleml\u0259rin h\u0259lli \u00fc\u00e7\u00fcns\u0259 aidiyy\u0259ti \u00fczr\u0259 qurumlara m\u00fcraci\u0259tl\u0259r olunub.<\/p>\n","protected":false},"excerpt":{"rendered":"<p>Sakinl\u0259r deyir, ya\u015fay\u0131\u015f massivin\u0259 q\u0259s\u0259b\u0259 statusu verils\u0259 d\u0259, he\u00e7 n\u0259 &#8230; <\/p>\n<p class=\"read-more-container\"><a title=\"Cavadxan q\u0259s\u0259b\u0259si: Ads\u0131z, i\u015f\u0131qs\u0131z k\u00fc\u00e7\u0259l\u0259r, pal\u00e7\u0131ql\u0131 yollar&#8230;\" class=\"read-more button\" href=\"https:\/\/www.meydan.tv\/az\/article\/cavadxan-qesebesi-adsiz-isiqsiz-kuceler-palciqli-yollar\/#more-267251\" aria-label=\"Read more about Cavadxan q\u0259s\u0259b\u0259si: Ads\u0131z, i\u015f\u0131qs\u0131z k\u00fc\u00e7\u0259l\u0259r, pal\u00e7\u0131ql\u0131 yollar&#8230;\">Davam\u0131<\/a><\/p>\n","protected":false},"author":18,"featured_media":267252,"comment_status":"closed","ping_status":"closed","sticky":false,"template":"","format":"standard","meta":{"_acf_changed":false,"_sitemap_exclude":false,"_sitemap_priority":"","_sitemap_frequency":"","footnotes":""},"categories":[60,56],"tags":[],"class_list":["post-267251","post","type-post","status-publish","format-standard","has-post-thumbnail","hentry","category-bolge","category-xeberler","infinite-scroll-item","generate-columns","tablet-grid-50","mobile-grid-100","grid-parent","grid-33","no-featured-image-padding"],"acf":[],"yoast_head":"<!-- This site is optimized with the Yoast SEO plugin v27.5 - https:\/\/yoast.com\/product\/yoast-seo-wordpress\/ -->\n<title>Cavadxan q\u0259s\u0259b\u0259si: Ads\u0131z, i\u015f\u0131qs\u0131z k\u00fc\u00e7\u0259l\u0259r, pal\u00e7\u0131ql\u0131 yollar... - MEYDAN.TV<\/title>\n<meta name=\"robots\" content=\"index, follow, max-snippet:-1, max-image-preview:large, max-video-preview:-1\" \/>\n<link rel=\"canonical\" href=\"https:\/\/www.meydan.tv\/az\/article\/cavadxan-qesebesi-adsiz-isiqsiz-kuceler-palciqli-yollar\/\" \/>\n<meta property=\"og:locale\" content=\"az_AZ\" \/>\n<meta property=\"og:type\" content=\"article\" \/>\n<meta property=\"og:title\" content=\"Cavadxan q\u0259s\u0259b\u0259si: Ads\u0131z, i\u015f\u0131qs\u0131z k\u00fc\u00e7\u0259l\u0259r, pal\u00e7\u0131ql\u0131 yollar... - MEYDAN.TV\" \/>\n<meta property=\"og:description\" content=\"Sakinl\u0259r deyir, ya\u015fay\u0131\u015f massivin\u0259 q\u0259s\u0259b\u0259 statusu verils\u0259 d\u0259, he\u00e7 n\u0259 ... Davam\u0131\" \/>\n<meta property=\"og:url\" content=\"https:\/\/www.meydan.tv\/az\/article\/cavadxan-qesebesi-adsiz-isiqsiz-kuceler-palciqli-yollar\/\" \/>\n<meta property=\"og:site_name\" content=\"MEYDAN.TV\" \/>\n<meta property=\"article:published_time\" content=\"2023-01-31T16:18:02+00:00\" \/>\n<meta property=\"article:modified_time\" content=\"2023-01-31T16:18:11+00:00\" \/>\n<meta property=\"og:image\" content=\"https:\/\/www.meydan.tv\/wp-content\/uploads\/photo-2023-01-31-18-59-05.jpg\" \/>\n\t<meta property=\"og:image:width\" content=\"1280\" \/>\n\t<meta property=\"og:image:height\" content=\"963\" \/>\n\t<meta property=\"og:image:type\" content=\"image\/jpeg\" \/>\n<meta name=\"author\" content=\"miron\" \/>\n<meta name=\"twitter:card\" content=\"summary_large_image\" \/>\n<script type=\"application\/ld+json\" class=\"yoast-schema-graph\">{\"@context\":\"https:\\\/\\\/schema.org\",\"@graph\":[{\"@type\":\"Article\",\"@id\":\"https:\\\/\\\/www.meydan.tv\\\/az\\\/article\\\/cavadxan-qesebesi-adsiz-isiqsiz-kuceler-palciqli-yollar\\\/#article\",\"isPartOf\":{\"@id\":\"https:\\\/\\\/www.meydan.tv\\\/az\\\/article\\\/cavadxan-qesebesi-adsiz-isiqsiz-kuceler-palciqli-yollar\\\/\"},\"author\":{\"name\":\"miron\",\"@id\":\"https:\\\/\\\/www.meydan.tv\\\/az\\\/#\\\/schema\\\/person\\\/981b0b284aeaa9ad0cbf814cd4a9d67c\"},\"headline\":\"Cavadxan q\u0259s\u0259b\u0259si: Ads\u0131z, i\u015f\u0131qs\u0131z k\u00fc\u00e7\u0259l\u0259r, pal\u00e7\u0131ql\u0131 yollar&#8230;\",\"datePublished\":\"2023-01-31T16:18:02+00:00\",\"dateModified\":\"2023-01-31T16:18:11+00:00\",\"mainEntityOfPage\":{\"@id\":\"https:\\\/\\\/www.meydan.tv\\\/az\\\/article\\\/cavadxan-qesebesi-adsiz-isiqsiz-kuceler-palciqli-yollar\\\/\"},\"wordCount\":555,\"publisher\":{\"@id\":\"https:\\\/\\\/www.meydan.tv\\\/az\\\/#organization\"},\"image\":{\"@id\":\"https:\\\/\\\/www.meydan.tv\\\/az\\\/article\\\/cavadxan-qesebesi-adsiz-isiqsiz-kuceler-palciqli-yollar\\\/#primaryimage\"},\"thumbnailUrl\":\"https:\\\/\\\/www.meydan.tv\\\/wp-content\\\/uploads\\\/photo-2023-01-31-18-59-05.jpg\",\"articleSection\":[\"B\u00f6lg\u0259\",\"X\u0259b\u0259rl\u0259r\"],\"inLanguage\":\"az\"},{\"@type\":\"WebPage\",\"@id\":\"https:\\\/\\\/www.meydan.tv\\\/az\\\/article\\\/cavadxan-qesebesi-adsiz-isiqsiz-kuceler-palciqli-yollar\\\/\",\"url\":\"https:\\\/\\\/www.meydan.tv\\\/az\\\/article\\\/cavadxan-qesebesi-adsiz-isiqsiz-kuceler-palciqli-yollar\\\/\",\"name\":\"Cavadxan q\u0259s\u0259b\u0259si: Ads\u0131z, i\u015f\u0131qs\u0131z k\u00fc\u00e7\u0259l\u0259r, pal\u00e7\u0131ql\u0131 yollar... - MEYDAN.TV\",\"isPartOf\":{\"@id\":\"https:\\\/\\\/www.meydan.tv\\\/az\\\/#website\"},\"primaryImageOfPage\":{\"@id\":\"https:\\\/\\\/www.meydan.tv\\\/az\\\/article\\\/cavadxan-qesebesi-adsiz-isiqsiz-kuceler-palciqli-yollar\\\/#primaryimage\"},\"image\":{\"@id\":\"https:\\\/\\\/www.meydan.tv\\\/az\\\/article\\\/cavadxan-qesebesi-adsiz-isiqsiz-kuceler-palciqli-yollar\\\/#primaryimage\"},\"thumbnailUrl\":\"https:\\\/\\\/www.meydan.tv\\\/wp-content\\\/uploads\\\/photo-2023-01-31-18-59-05.jpg\",\"datePublished\":\"2023-01-31T16:18:02+00:00\",\"dateModified\":\"2023-01-31T16:18:11+00:00\",\"breadcrumb\":{\"@id\":\"https:\\\/\\\/www.meydan.tv\\\/az\\\/article\\\/cavadxan-qesebesi-adsiz-isiqsiz-kuceler-palciqli-yollar\\\/#breadcrumb\"},\"inLanguage\":\"az\",\"potentialAction\":[{\"@type\":\"ReadAction\",\"target\":[\"https:\\\/\\\/www.meydan.tv\\\/az\\\/article\\\/cavadxan-qesebesi-adsiz-isiqsiz-kuceler-palciqli-yollar\\\/\"]}]},{\"@type\":\"ImageObject\",\"inLanguage\":\"az\",\"@id\":\"https:\\\/\\\/www.meydan.tv\\\/az\\\/article\\\/cavadxan-qesebesi-adsiz-isiqsiz-kuceler-palciqli-yollar\\\/#primaryimage\",\"url\":\"https:\\\/\\\/www.meydan.tv\\\/wp-content\\\/uploads\\\/photo-2023-01-31-18-59-05.jpg\",\"contentUrl\":\"https:\\\/\\\/www.meydan.tv\\\/wp-content\\\/uploads\\\/photo-2023-01-31-18-59-05.jpg\",\"width\":1280,\"height\":963},{\"@type\":\"BreadcrumbList\",\"@id\":\"https:\\\/\\\/www.meydan.tv\\\/az\\\/article\\\/cavadxan-qesebesi-adsiz-isiqsiz-kuceler-palciqli-yollar\\\/#breadcrumb\",\"itemListElement\":[{\"@type\":\"ListItem\",\"position\":1,\"name\":\"Ana s\u0259hif\u0259\",\"item\":\"https:\\\/\\\/www.meydan.tv\\\/az\\\/\"},{\"@type\":\"ListItem\",\"position\":2,\"name\":\"X\u0259b\u0259rl\u0259r\",\"item\":\"https:\\\/\\\/www.meydan.tv\\\/az\\\/section\\\/xeberler\\\/\"},{\"@type\":\"ListItem\",\"position\":3,\"name\":\"Cavadxan q\u0259s\u0259b\u0259si: Ads\u0131z, i\u015f\u0131qs\u0131z k\u00fc\u00e7\u0259l\u0259r, pal\u00e7\u0131ql\u0131 yollar&#8230;\"}]},{\"@type\":\"WebSite\",\"@id\":\"https:\\\/\\\/www.meydan.tv\\\/az\\\/#website\",\"url\":\"https:\\\/\\\/www.meydan.tv\\\/az\\\/\",\"name\":\"MEYDAN.TV\",\"description\":\"Meydan TV Az\u0259rbaycan\u0131n media m\u0259kan\u0131ndak\u0131 alternativ s\u0259sidir\",\"publisher\":{\"@id\":\"https:\\\/\\\/www.meydan.tv\\\/az\\\/#organization\"},\"potentialAction\":[{\"@type\":\"SearchAction\",\"target\":{\"@type\":\"EntryPoint\",\"urlTemplate\":\"https:\\\/\\\/www.meydan.tv\\\/az\\\/?s={search_term_string}\"},\"query-input\":{\"@type\":\"PropertyValueSpecification\",\"valueRequired\":true,\"valueName\":\"search_term_string\"}}],\"inLanguage\":\"az\"},{\"@type\":\"Organization\",\"@id\":\"https:\\\/\\\/www.meydan.tv\\\/az\\\/#organization\",\"name\":\"Meydan TV\",\"url\":\"https:\\\/\\\/www.meydan.tv\\\/az\\\/\",\"logo\":{\"@type\":\"ImageObject\",\"inLanguage\":\"az\",\"@id\":\"https:\\\/\\\/www.meydan.tv\\\/az\\\/#\\\/schema\\\/logo\\\/image\\\/\",\"url\":\"https:\\\/\\\/www.meydan.tv\\\/wp-content\\\/uploads\\\/2021\\\/07\\\/meydan-logo.svg\",\"contentUrl\":\"https:\\\/\\\/www.meydan.tv\\\/wp-content\\\/uploads\\\/2021\\\/07\\\/meydan-logo.svg\",\"width\":195,\"height\":46,\"caption\":\"Meydan TV\"},\"image\":{\"@id\":\"https:\\\/\\\/www.meydan.tv\\\/az\\\/#\\\/schema\\\/logo\\\/image\\\/\"}},{\"@type\":\"Person\",\"@id\":\"https:\\\/\\\/www.meydan.tv\\\/az\\\/#\\\/schema\\\/person\\\/981b0b284aeaa9ad0cbf814cd4a9d67c\",\"name\":\"miron\"}]}<\/script>\n<!-- \/ Yoast SEO plugin. -->","yoast_head_json":{"title":"Cavadxan q\u0259s\u0259b\u0259si: Ads\u0131z, i\u015f\u0131qs\u0131z k\u00fc\u00e7\u0259l\u0259r, pal\u00e7\u0131ql\u0131 yollar... - MEYDAN.TV","robots":{"index":"index","follow":"follow","max-snippet":"max-snippet:-1","max-image-preview":"max-image-preview:large","max-video-preview":"max-video-preview:-1"},"canonical":"https:\/\/www.meydan.tv\/az\/article\/cavadxan-qesebesi-adsiz-isiqsiz-kuceler-palciqli-yollar\/","og_locale":"az_AZ","og_type":"article","og_title":"Cavadxan q\u0259s\u0259b\u0259si: Ads\u0131z, i\u015f\u0131qs\u0131z k\u00fc\u00e7\u0259l\u0259r, pal\u00e7\u0131ql\u0131 yollar... - MEYDAN.TV","og_description":"Sakinl\u0259r deyir, ya\u015fay\u0131\u015f massivin\u0259 q\u0259s\u0259b\u0259 statusu verils\u0259 d\u0259, he\u00e7 n\u0259 ... Davam\u0131","og_url":"https:\/\/www.meydan.tv\/az\/article\/cavadxan-qesebesi-adsiz-isiqsiz-kuceler-palciqli-yollar\/","og_site_name":"MEYDAN.TV","article_published_time":"2023-01-31T16:18:02+00:00","article_modified_time":"2023-01-31T16:18:11+00:00","og_image":[{"width":1280,"height":963,"url":"https:\/\/www.meydan.tv\/wp-content\/uploads\/photo-2023-01-31-18-59-05.jpg","type":"image\/jpeg"}],"author":"miron","twitter_card":"summary_large_image","schema":{"@context":"https:\/\/schema.org","@graph":[{"@type":"Article","@id":"https:\/\/www.meydan.tv\/az\/article\/cavadxan-qesebesi-adsiz-isiqsiz-kuceler-palciqli-yollar\/#article","isPartOf":{"@id":"https:\/\/www.meydan.tv\/az\/article\/cavadxan-qesebesi-adsiz-isiqsiz-kuceler-palciqli-yollar\/"},"author":{"name":"miron","@id":"https:\/\/www.meydan.tv\/az\/#\/schema\/person\/981b0b284aeaa9ad0cbf814cd4a9d67c"},"headline":"Cavadxan q\u0259s\u0259b\u0259si: Ads\u0131z, i\u015f\u0131qs\u0131z k\u00fc\u00e7\u0259l\u0259r, pal\u00e7\u0131ql\u0131 yollar&#8230;","datePublished":"2023-01-31T16:18:02+00:00","dateModified":"2023-01-31T16:18:11+00:00","mainEntityOfPage":{"@id":"https:\/\/www.meydan.tv\/az\/article\/cavadxan-qesebesi-adsiz-isiqsiz-kuceler-palciqli-yollar\/"},"wordCount":555,"publisher":{"@id":"https:\/\/www.meydan.tv\/az\/#organization"},"image":{"@id":"https:\/\/www.meydan.tv\/az\/article\/cavadxan-qesebesi-adsiz-isiqsiz-kuceler-palciqli-yollar\/#primaryimage"},"thumbnailUrl":"https:\/\/www.meydan.tv\/wp-content\/uploads\/photo-2023-01-31-18-59-05.jpg","articleSection":["B\u00f6lg\u0259","X\u0259b\u0259rl\u0259r"],"inLanguage":"az"},{"@type":"WebPage","@id":"https:\/\/www.meydan.tv\/az\/article\/cavadxan-qesebesi-adsiz-isiqsiz-kuceler-palciqli-yollar\/","url":"https:\/\/www.meydan.tv\/az\/article\/cavadxan-qesebesi-adsiz-isiqsiz-kuceler-palciqli-yollar\/","name":"Cavadxan q\u0259s\u0259b\u0259si: Ads\u0131z, i\u015f\u0131qs\u0131z k\u00fc\u00e7\u0259l\u0259r, pal\u00e7\u0131ql\u0131 yollar... - MEYDAN.TV","isPartOf":{"@id":"https:\/\/www.meydan.tv\/az\/#website"},"primaryImageOfPage":{"@id":"https:\/\/www.meydan.tv\/az\/article\/cavadxan-qesebesi-adsiz-isiqsiz-kuceler-palciqli-yollar\/#primaryimage"},"image":{"@id":"https:\/\/www.meydan.tv\/az\/article\/cavadxan-qesebesi-adsiz-isiqsiz-kuceler-palciqli-yollar\/#primaryimage"},"thumbnailUrl":"https:\/\/www.meydan.tv\/wp-content\/uploads\/photo-2023-01-31-18-59-05.jpg","datePublished":"2023-01-31T16:18:02+00:00","dateModified":"2023-01-31T16:18:11+00:00","breadcrumb":{"@id":"https:\/\/www.meydan.tv\/az\/article\/cavadxan-qesebesi-adsiz-isiqsiz-kuceler-palciqli-yollar\/#breadcrumb"},"inLanguage":"az","potentialAction":[{"@type":"ReadAction","target":["https:\/\/www.meydan.tv\/az\/article\/cavadxan-qesebesi-adsiz-isiqsiz-kuceler-palciqli-yollar\/"]}]},{"@type":"ImageObject","inLanguage":"az","@id":"https:\/\/www.meydan.tv\/az\/article\/cavadxan-qesebesi-adsiz-isiqsiz-kuceler-palciqli-yollar\/#primaryimage","url":"https:\/\/www.meydan.tv\/wp-content\/uploads\/photo-2023-01-31-18-59-05.jpg","contentUrl":"https:\/\/www.meydan.tv\/wp-content\/uploads\/photo-2023-01-31-18-59-05.jpg","width":1280,"height":963},{"@type":"BreadcrumbList","@id":"https:\/\/www.meydan.tv\/az\/article\/cavadxan-qesebesi-adsiz-isiqsiz-kuceler-palciqli-yollar\/#breadcrumb","itemListElement":[{"@type":"ListItem","position":1,"name":"Ana s\u0259hif\u0259","item":"https:\/\/www.meydan.tv\/az\/"},{"@type":"ListItem","position":2,"name":"X\u0259b\u0259rl\u0259r","item":"https:\/\/www.meydan.tv\/az\/section\/xeberler\/"},{"@type":"ListItem","position":3,"name":"Cavadxan q\u0259s\u0259b\u0259si: Ads\u0131z, i\u015f\u0131qs\u0131z k\u00fc\u00e7\u0259l\u0259r, pal\u00e7\u0131ql\u0131 yollar&#8230;"}]},{"@type":"WebSite","@id":"https:\/\/www.meydan.tv\/az\/#website","url":"https:\/\/www.meydan.tv\/az\/","name":"MEYDAN.TV","description":"Meydan TV Az\u0259rbaycan\u0131n media m\u0259kan\u0131ndak\u0131 alternativ s\u0259sidir","publisher":{"@id":"https:\/\/www.meydan.tv\/az\/#organization"},"potentialAction":[{"@type":"SearchAction","target":{"@type":"EntryPoint","urlTemplate":"https:\/\/www.meydan.tv\/az\/?s={search_term_string}"},"query-input":{"@type":"PropertyValueSpecification","valueRequired":true,"valueName":"search_term_string"}}],"inLanguage":"az"},{"@type":"Organization","@id":"https:\/\/www.meydan.tv\/az\/#organization","name":"Meydan TV","url":"https:\/\/www.meydan.tv\/az\/","logo":{"@type":"ImageObject","inLanguage":"az","@id":"https:\/\/www.meydan.tv\/az\/#\/schema\/logo\/image\/","url":"https:\/\/www.meydan.tv\/wp-content\/uploads\/2021\/07\/meydan-logo.svg","contentUrl":"https:\/\/www.meydan.tv\/wp-content\/uploads\/2021\/07\/meydan-logo.svg","width":195,"height":46,"caption":"Meydan TV"},"image":{"@id":"https:\/\/www.meydan.tv\/az\/#\/schema\/logo\/image\/"}},{"@type":"Person","@id":"https:\/\/www.meydan.tv\/az\/#\/schema\/person\/981b0b284aeaa9ad0cbf814cd4a9d67c","name":"miron"}]}},"_links":{"self":[{"href":"https:\/\/www.meydan.tv\/az\/wp-json\/wp\/v2\/posts\/267251","targetHints":{"allow":["GET"]}}],"collection":[{"href":"https:\/\/www.meydan.tv\/az\/wp-json\/wp\/v2\/posts"}],"about":[{"href":"https:\/\/www.meydan.tv\/az\/wp-json\/wp\/v2\/types\/post"}],"author":[{"embeddable":true,"href":"https:\/\/www.meydan.tv\/az\/wp-json\/wp\/v2\/users\/18"}],"replies":[{"embeddable":true,"href":"https:\/\/www.meydan.tv\/az\/wp-json\/wp\/v2\/comments?post=267251"}],"version-history":[{"count":1,"href":"https:\/\/www.meydan.tv\/az\/wp-json\/wp\/v2\/posts\/267251\/revisions"}],"predecessor-version":[{"id":267261,"href":"https:\/\/www.meydan.tv\/az\/wp-json\/wp\/v2\/posts\/267251\/revisions\/267261"}],"wp:featuredmedia":[{"embeddable":true,"href":"https:\/\/www.meydan.tv\/az\/wp-json\/wp\/v2\/media\/267252"}],"wp:attachment":[{"href":"https:\/\/www.meydan.tv\/az\/wp-json\/wp\/v2\/media?parent=267251"}],"wp:term":[{"taxonomy":"category","embeddable":true,"href":"https:\/\/www.meydan.tv\/az\/wp-json\/wp\/v2\/categories?post=267251"},{"taxonomy":"post_tag","embeddable":true,"href":"https:\/\/www.meydan.tv\/az\/wp-json\/wp\/v2\/tags?post=267251"}],"curies":[{"name":"wp","href":"https:\/\/api.w.org\/{rel}","templated":true}]}}