{"id":267229,"date":"2023-01-31T20:07:26","date_gmt":"2023-01-31T16:07:26","guid":{"rendered":"https:\/\/www.meydan.tv\/?p=267229"},"modified":"2023-01-31T20:07:28","modified_gmt":"2023-01-31T16:07:28","slug":"gence-sakini-bir-adami-uzun-muddet-hebsde-curutmek-hevesi-bu-hakimlerde-hardandir","status":"publish","type":"post","link":"https:\/\/www.meydan.tv\/az\/article\/gence-sakini-bir-adami-uzun-muddet-hebsde-curutmek-hevesi-bu-hakimlerde-hardandir\/","title":{"rendered":"G\u0259nc\u0259 sakini: \u201cBir adam\u0131 uzun m\u00fcdd\u0259t h\u0259bsd\u0259 \u00e7\u00fcr\u00fctm\u0259k h\u0259v\u0259si bu hakiml\u0259rd\u0259 hardand\u0131r?\u201d"},"content":{"rendered":"\n<p><em>\u00a0Ali M\u0259hk\u0259m\u0259 \u0259vv\u0259lki q\u0259rar\u0131 l\u0259\u011fv edib yenid\u0259n ara\u015fd\u0131rma\u011fa g\u00f6nd\u0259rib<\/em><\/p>\n\n\n\n<p>G\u0259nc\u0259 sakini El\u00e7in Dajban m\u0259hk\u0259m\u0259 sistemind\u0259n naraz\u0131d\u0131r. Deyir ki, h\u0259bsd\u0259 olan o\u011flunun i\u015fi \u00fczr\u0259 obyektiv, h\u0259rt\u0259r\u0259fli ara\u015fd\u0131rma apar\u0131lsayd\u0131, bu g\u00fcn f\u0259rqli n\u0259tic\u0259 ortaya \u00e7\u0131xard\u0131.<\/p>\n\n\n\n<p><strong>\u201cT\u0259r\u0259fl\u0259rin davran\u0131\u015f\u0131na, h\u0259yat t\u0259rzin\u0259 bax\u0131n\u201d<\/strong><\/p>\n\n\n\n<p>\u201cM\u0259n ba\u015fa d\u00fc\u015f\u0259 bilmir\u0259m ki, iki azya\u015fl\u0131 u\u015fa\u011f\u0131 olan, g\u0259nc, normal h\u0259yat t\u0259rzi olan bir adam\u0131 uzun m\u00fcdd\u0259t h\u0259bsd\u0259 \u00e7\u00fcr\u00fctm\u0259k h\u0259v\u0259si bu hakiml\u0259rd\u0259 hardand\u0131r? \u018flb\u0259tt\u0259, cinay\u0259t t\u00f6r\u0259d\u0259n h\u0259r k\u0259s onun c\u0259zas\u0131n\u0131 da \u00e7\u0259km\u0259lidir. Amma hakiml\u0259r, m\u0259hk\u0259m\u0259l\u0259r d\u0259 ona g\u00f6r\u0259dir ki, bu hadis\u0259l\u0259rin nec\u0259 ba\u015f verdiyini ara\u015fd\u0131rs\u0131n. Hadis\u0259d\u0259 i\u015ftirak ed\u0259n t\u0259r\u0259fl\u0259rin h\u0259r birinin davran\u0131\u015flar\u0131na, h\u0259yat t\u0259rzin\u0259 baxs\u0131n&#8230;\u201d, &#8211; El\u00e7in Dajban Meydan TV-y\u0259 dan\u0131\u015f\u0131r.<\/p>\n\n\n\n<p><strong>G\u0259nc\u0259d\u0259 dava: bir n\u0259f\u0259r \u00f6ld\u00fc, biri yaraland\u0131&#8230;<\/strong><\/p>\n\n\n\n<p>1990-c\u0131 il t\u0259v\u0259ll\u00fcdl\u00fc Nicat Dajban 2 il 2 aydan \u00e7oxdur ki, h\u0259bsd\u0259dir. O, 2020-ci il noyabr\u0131n 17-d\u0259 G\u0259nc\u0259d\u0259 Mira\u011fa \u018fliyevi q\u0259tl\u0259 yetirm\u0259kd\u0259 ittiham olunur.<\/p>\n\n\n\n<p><\/p>\n\n\n\n<p>Cinay\u0259t i\u015finin materiallar\u0131nda g\u00f6st\u0259rilib ki, ax\u015fam saatlar\u0131nda Nicat Dajban dostu il\u0259 birlikd\u0259 supermarketd\u0259n bazarl\u0131q edib, ma\u015f\u0131nla \u00e7\u0131xanda onlar aras\u0131nda m\u00fcbahis\u0259 yaran\u0131b. S\u0259b\u0259b is\u0259 s\u0259rxo\u015f v\u0259ziyy\u0259t olan Mira\u011fa \u018fliyevin \u00f6z avtomobilinin qap\u0131s\u0131n\u0131 a\u00e7ark\u0259n qap\u0131n\u0131n Nicat Dajban\u0131n ma\u015f\u0131n\u0131na d\u0259ym\u0259si olub. H\u0259min vaxt Mira\u011fa \u018fliyevin d\u0259 yan\u0131nda iki dostu olub. M\u00fcbahis\u0259 q\u0131sa \u00e7\u0259kib. Amma t\u0259r\u0259fl\u0259r s\u00f6hb\u0259ti ma\u015f\u0131n bazar\u0131n\u0131n yan\u0131nda davam etdirm\u0259k q\u0259rar\u0131 veribl\u0259r.<\/p>\n\n\n\n<p>Cinay\u0259t i\u015finin materiallar\u0131na \u0259sas\u0259n, orada Mira\u011fa \u018fliyev Nicat\u0131n yan\u0131nda olan R\u00f6v\u015f\u0259n adl\u0131 \u015f\u0259xsi b\u0131\u00e7aqlay\u0131b. \u018ftrafdak\u0131lar\u0131n ba\u015f\u0131 onu t\u0259cili x\u0259st\u0259xanaya aparma\u011fa qar\u0131\u015f\u0131b. Bu zaman Nicat Dajbani d\u0259 \u00f6z ma\u015f\u0131n\u0131na t\u0259r\u0259f qa\u00e7araq, oradak\u0131 cib b\u0131\u00e7a\u011f\u0131n\u0131 g\u00f6t\u00fcr\u00fcb v\u0259 Mira\u011fa \u018fliyevi vurub. Mira\u011fa \u018fliyev x\u0259st\u0259xanaya \u00e7atd\u0131r\u0131lsa da, h\u0259yat\u0131n\u0131 xilas etm\u0259k m\u00fcmk\u00fcn olmay\u0131b.<\/p>\n\n\n\n<figure class=\"wp-block-image size-large\"><img decoding=\"async\" width=\"629\" height=\"821\" data-src=\"https:\/\/www.meydan.tv\/wp-content\/uploads\/photo-2023-01-31-18-27-47-629x821.jpg\" alt=\"\" class=\"wp-image-267233 lazyload\" src=\"data:image\/svg+xml;base64,PHN2ZyB3aWR0aD0iMSIgaGVpZ2h0PSIxIiB4bWxucz0iaHR0cDovL3d3dy53My5vcmcvMjAwMC9zdmciPjwvc3ZnPg==\" style=\"--smush-placeholder-width: 629px; --smush-placeholder-aspect-ratio: 629\/821;\" \/><\/figure>\n\n\n\n<p><strong>\u201c\u00d6z\u00fcm\u00fc m\u00fcdafi\u0259 el\u0259mi\u015f\u0259m\u201d<\/strong><\/p>\n\n\n\n<p>Nicat Dajbaniy\u0259 Cinay\u0259t M\u0259c\u0259ll\u0259sinin 120.2.2 (xuliqanl\u0131q niyy\u0259til\u0259 adam \u00f6ld\u00fcrm\u0259) v\u0259 228.4 (qanunsuz olaraq, soyuq silah\u0131 \u0259ld\u0259 etm\u0259, g\u0259zdirm\u0259) madd\u0259l\u0259ril\u0259 ittiham verilib. G\u0259nc\u0259 A\u011f\u0131r Cinay\u0259tl\u0259r M\u0259hk\u0259m\u0259si ona bu madd\u0259l\u0259rl\u0259 d\u0259 16 il 6 ay h\u0259bs c\u0259zas\u0131 verib.<\/p>\n\n\n\n<p>H\u0259r\u00e7\u0259nd, o, \u00f6z\u00fcn\u00fc t\u0259qsirli bilmir. M\u0259hk\u0259m\u0259d\u0259 d\u0259 bildirib ki, onun Mira\u011fa \u018fliyevi \u00f6ld\u00fcrm\u0259k niyy\u0259ti olmay\u0131b:<\/p>\n\n\n\n<p>\u201cMa\u015f\u0131n bazar\u0131na g\u0259l\u0259n kimi b\u0131\u00e7a\u011f\u0131 \u00e7\u0131xar\u0131b R\u00f6v\u015f\u0259ni vurdu. Onda m\u0259n d\u0259 qa\u00e7d\u0131m ma\u015f\u0131na, qap\u0131n\u0131 ba\u011flad\u0131m. Ard\u0131mca g\u0259lib ma\u015f\u0131n\u0131n qap\u0131s\u0131na, \u015f\u00fc\u015f\u0259sin\u0259 d\u0259 b\u0131\u00e7aqla vururdu. M\u0259nim onu \u00f6ld\u00fcrm\u0259k niyy\u0259tim olmay\u0131b, \u00f6z\u00fcm\u00fc m\u00fcdafi\u0259 el\u0259mi\u015f\u0259m\u201d.<\/p>\n\n\n\n<p>Nicat Dajbani 16 il 6 ayl\u0131q h\u00f6kmd\u0259n apelyasiya \u015fikay\u0259ti verib. G\u0259nc\u0259 Apelyasiya M\u0259hk\u0259m\u0259si bel\u0259 n\u0259tic\u0259y\u0259 g\u0259lib ki, ona veril\u0259n ittiham d\u00fczg\u00fcn deyil, burada xuliqanl\u0131q niyy\u0259til\u0259 adam \u00f6ld\u00fcrm\u0259d\u0259n s\u00f6hb\u0259t ged\u0259 bilm\u0259z. Ona g\u00f6r\u0259 d\u0259 ittiham\u0131 Cinay\u0259t M\u0259c\u0259ll\u0259sinin 120.2.2 madd\u0259sind\u0259n 120.1 (q\u0259sd\u0259n adam \u00f6ld\u00fcrm\u0259) madd\u0259sin\u0259 t\u00f6vsif edib. C\u0259zan\u0131 is\u0259 9 il\u0259 endirib.<\/p>\n\n\n\n<p><strong>\u201cMa\u015f\u0131n\u0131n da \u00fcst\u00fcnd\u0259 b\u0131\u00e7aq yerl\u0259ri var\u201d<\/strong><\/p>\n\n\n\n<p>Bu h\u00f6kmd\u0259n h\u0259m Nicat Dajbani, h\u0259m z\u0259r\u0259r\u00e7\u0259kmi\u015f Mira\u011fa \u018fliyevin ail\u0259si, h\u0259m d\u0259 prokurorluq Ali M\u0259hk\u0259m\u0259y\u0259 \u015fikay\u0259t verib.<\/p>\n\n\n\n<p>\u201cNicat \u00f6z\u00fcn\u00fc m\u00fcdafi\u0259 edib. Ma\u015f\u0131n\u0131n \u00fcst\u00fcnd\u0259 d\u0259 b\u0131\u00e7a\u011f\u0131n izl\u0259ri var. \u015eahidl\u0259r d\u0259 bunu deyir. Birini b\u0131\u00e7aqlam\u0131\u015fd\u0131, onu x\u0259st\u0259xanaya aparm\u0131\u015fd\u0131lar. O\u011flumu da b\u0131\u00e7aqla qovub ma\u015f\u0131n\u0131n i\u00e7in\u0259 salm\u0131\u015fd\u0131. Bunlar s\u00f6z deyil, faktd\u0131r. Onu da b\u0131\u00e7aqlamaq, \u00f6ld\u00fcrm\u0259k niyy\u0259ti vard\u0131&#8230;\u201d, &#8211; atas\u0131 El\u00e7in Dajbani bel\u0259 deyir.<\/p>\n\n\n\n<p>T\u0259qsirl\u0259ndiril\u0259n \u015f\u0259xsin v\u0259kili Ali M\u0259hk\u0259m\u0259y\u0259 kassasiya \u015fikay\u0259tind\u0259 onun \u00f6z\u00fcn\u00fc m\u00fcdafi\u0259 m\u0259qs\u0259dil\u0259 bu add\u0131m\u0131 atd\u0131\u011f\u0131n\u0131 \u0259sas g\u0259tir\u0259r\u0259k, icraata xitam verilm\u0259sini ist\u0259yib.<\/p>\n\n\n\n<p><strong>Z\u0259r\u0259r\u00e7\u0259kmi\u015f t\u0259r\u0259f naraz\u0131d\u0131r<\/strong><\/p>\n\n\n\n<p>Z\u0259r\u0259r\u00e7\u0259kmi\u015fin h\u00fcquqi varisi v\u0259 prokurorluq is\u0259 \u0259ksin\u0259, apelyasiya m\u0259hk\u0259m\u0259sinin ittiham\u0131 v\u0259 c\u0259zan\u0131 y\u00fcng\u00fcll\u0259\u015fdirm\u0259sin\u0259 etiraz edib. Z\u0259r\u0259r\u00e7\u0259kmi\u015f t\u0259r\u0259f iddia edir ki, Nicat Dajbani he\u00e7 bir s\u0259b\u0259b olmadan m\u00fcbahis\u0259 yarad\u0131b, daha sonra m\u00fcbahis\u0259ni davam etdirib. Z\u0259r\u0259r\u00e7\u0259kmi\u015fin fikrinc\u0259, onun \u0259m\u0259lind\u0259 el\u0259 xuliqanl\u0131q niyy\u0259til\u0259 q\u0259sd\u0259n adam \u00f6ld\u00fcrm\u0259 cinay\u0259tinin \u0259lam\u0259tl\u0259ri var.<\/p>\n\n\n\n<p>Ali M\u0259hk\u0259m\u0259&nbsp; t\u0259qsirl\u0259ndiril\u0259n \u015f\u0259xs\u0259 \u201cyox\u201d des\u0259 d\u0259, z\u0259r\u0259r\u00e7\u0259kmi\u015f t\u0259r\u0259fin kassasiya \u015fikay\u0259tin\u0259 v\u0259 prokurorlu\u011fun protestin\u0259 m\u00fcnasib\u0259td\u0259 G\u0259nc\u0259 Apelyasiya M\u0259hk\u0259m\u0259sinin q\u0259rar\u0131n\u0131 l\u0259\u011fv edib. \u0130\u015f yenid\u0259n ara\u015fd\u0131r\u0131lmas\u0131 \u00fc\u00e7\u00fcn bu instansiyaya qaytar\u0131l\u0131b.<\/p>\n\n\n\n<p>\u201cM\u0259nim ist\u0259diyim odur ki, i\u015f\u0259 h\u0259rt\u0259r\u0259fli bax\u0131ls\u0131n. M\u0259hk\u0259m\u0259y\u0259 k\u0259nar t\u0259sirl\u0259r olmas\u0131n. H\u0259l\u0259 ki, \u00e7ox \u015feyl\u0259ri dan\u0131\u015fmaq ist\u0259mir\u0259m&#8230;\u201d, &#8211; El\u00e7in Dajbani \u0259lav\u0259 edib.<\/p>\n","protected":false},"excerpt":{"rendered":"<p>\u00a0Ali M\u0259hk\u0259m\u0259 \u0259vv\u0259lki q\u0259rar\u0131 l\u0259\u011fv edib yenid\u0259n ara\u015fd\u0131rma\u011fa g\u00f6nd\u0259rib G\u0259nc\u0259 &#8230; <\/p>\n<p class=\"read-more-container\"><a title=\"G\u0259nc\u0259 sakini: \u201cBir adam\u0131 uzun m\u00fcdd\u0259t h\u0259bsd\u0259 \u00e7\u00fcr\u00fctm\u0259k h\u0259v\u0259si bu hakiml\u0259rd\u0259 hardand\u0131r?\u201d\" class=\"read-more button\" href=\"https:\/\/www.meydan.tv\/az\/article\/gence-sakini-bir-adami-uzun-muddet-hebsde-curutmek-hevesi-bu-hakimlerde-hardandir\/#more-267229\" aria-label=\"Read more about G\u0259nc\u0259 sakini: \u201cBir adam\u0131 uzun m\u00fcdd\u0259t h\u0259bsd\u0259 \u00e7\u00fcr\u00fctm\u0259k h\u0259v\u0259si bu hakiml\u0259rd\u0259 hardand\u0131r?\u201d\">Davam\u0131<\/a><\/p>\n","protected":false},"author":18,"featured_media":267236,"comment_status":"closed","ping_status":"closed","sticky":false,"template":"","format":"standard","meta":{"_acf_changed":false,"_sitemap_exclude":false,"_sitemap_priority":"","_sitemap_frequency":"","footnotes":""},"categories":[60,56],"tags":[],"class_list":["post-267229","post","type-post","status-publish","format-standard","has-post-thumbnail","hentry","category-bolge","category-xeberler","infinite-scroll-item","generate-columns","tablet-grid-50","mobile-grid-100","grid-parent","grid-33","no-featured-image-padding"],"acf":[],"yoast_head":"<!-- This site is optimized with the Yoast SEO plugin v27.5 - https:\/\/yoast.com\/product\/yoast-seo-wordpress\/ -->\n<title>G\u0259nc\u0259 sakini: \u201cBir adam\u0131 uzun m\u00fcdd\u0259t h\u0259bsd\u0259 \u00e7\u00fcr\u00fctm\u0259k h\u0259v\u0259si bu hakiml\u0259rd\u0259 hardand\u0131r?\u201d - MEYDAN.TV<\/title>\n<meta name=\"robots\" content=\"index, follow, max-snippet:-1, max-image-preview:large, max-video-preview:-1\" \/>\n<link rel=\"canonical\" href=\"https:\/\/www.meydan.tv\/az\/article\/gence-sakini-bir-adami-uzun-muddet-hebsde-curutmek-hevesi-bu-hakimlerde-hardandir\/\" \/>\n<meta property=\"og:locale\" content=\"az_AZ\" \/>\n<meta property=\"og:type\" content=\"article\" \/>\n<meta property=\"og:title\" content=\"G\u0259nc\u0259 sakini: \u201cBir adam\u0131 uzun m\u00fcdd\u0259t h\u0259bsd\u0259 \u00e7\u00fcr\u00fctm\u0259k h\u0259v\u0259si bu hakiml\u0259rd\u0259 hardand\u0131r?\u201d - MEYDAN.TV\" \/>\n<meta property=\"og:description\" content=\"\u00a0Ali M\u0259hk\u0259m\u0259 \u0259vv\u0259lki q\u0259rar\u0131 l\u0259\u011fv edib yenid\u0259n ara\u015fd\u0131rma\u011fa g\u00f6nd\u0259rib G\u0259nc\u0259 ... Davam\u0131\" \/>\n<meta property=\"og:url\" content=\"https:\/\/www.meydan.tv\/az\/article\/gence-sakini-bir-adami-uzun-muddet-hebsde-curutmek-hevesi-bu-hakimlerde-hardandir\/\" \/>\n<meta property=\"og:site_name\" content=\"MEYDAN.TV\" \/>\n<meta property=\"article:published_time\" content=\"2023-01-31T16:07:26+00:00\" \/>\n<meta property=\"article:modified_time\" content=\"2023-01-31T16:07:28+00:00\" \/>\n<meta property=\"og:image\" content=\"https:\/\/www.meydan.tv\/wp-content\/uploads\/photo-2023-01-31-18-27-39.jpg\" \/>\n\t<meta property=\"og:image:width\" content=\"787\" \/>\n\t<meta property=\"og:image:height\" content=\"780\" \/>\n\t<meta property=\"og:image:type\" content=\"image\/jpeg\" \/>\n<meta name=\"author\" content=\"miron\" \/>\n<meta name=\"twitter:card\" content=\"summary_large_image\" \/>\n<script type=\"application\/ld+json\" class=\"yoast-schema-graph\">{\"@context\":\"https:\\\/\\\/schema.org\",\"@graph\":[{\"@type\":\"Article\",\"@id\":\"https:\\\/\\\/www.meydan.tv\\\/az\\\/article\\\/gence-sakini-bir-adami-uzun-muddet-hebsde-curutmek-hevesi-bu-hakimlerde-hardandir\\\/#article\",\"isPartOf\":{\"@id\":\"https:\\\/\\\/www.meydan.tv\\\/az\\\/article\\\/gence-sakini-bir-adami-uzun-muddet-hebsde-curutmek-hevesi-bu-hakimlerde-hardandir\\\/\"},\"author\":{\"name\":\"miron\",\"@id\":\"https:\\\/\\\/www.meydan.tv\\\/az\\\/#\\\/schema\\\/person\\\/981b0b284aeaa9ad0cbf814cd4a9d67c\"},\"headline\":\"G\u0259nc\u0259 sakini: \u201cBir adam\u0131 uzun m\u00fcdd\u0259t h\u0259bsd\u0259 \u00e7\u00fcr\u00fctm\u0259k h\u0259v\u0259si bu hakiml\u0259rd\u0259 hardand\u0131r?\u201d\",\"datePublished\":\"2023-01-31T16:07:26+00:00\",\"dateModified\":\"2023-01-31T16:07:28+00:00\",\"mainEntityOfPage\":{\"@id\":\"https:\\\/\\\/www.meydan.tv\\\/az\\\/article\\\/gence-sakini-bir-adami-uzun-muddet-hebsde-curutmek-hevesi-bu-hakimlerde-hardandir\\\/\"},\"wordCount\":1021,\"publisher\":{\"@id\":\"https:\\\/\\\/www.meydan.tv\\\/az\\\/#organization\"},\"image\":{\"@id\":\"https:\\\/\\\/www.meydan.tv\\\/az\\\/article\\\/gence-sakini-bir-adami-uzun-muddet-hebsde-curutmek-hevesi-bu-hakimlerde-hardandir\\\/#primaryimage\"},\"thumbnailUrl\":\"https:\\\/\\\/www.meydan.tv\\\/wp-content\\\/uploads\\\/photo-2023-01-31-18-27-39.jpg\",\"articleSection\":[\"B\u00f6lg\u0259\",\"X\u0259b\u0259rl\u0259r\"],\"inLanguage\":\"az\"},{\"@type\":\"WebPage\",\"@id\":\"https:\\\/\\\/www.meydan.tv\\\/az\\\/article\\\/gence-sakini-bir-adami-uzun-muddet-hebsde-curutmek-hevesi-bu-hakimlerde-hardandir\\\/\",\"url\":\"https:\\\/\\\/www.meydan.tv\\\/az\\\/article\\\/gence-sakini-bir-adami-uzun-muddet-hebsde-curutmek-hevesi-bu-hakimlerde-hardandir\\\/\",\"name\":\"G\u0259nc\u0259 sakini: \u201cBir adam\u0131 uzun m\u00fcdd\u0259t h\u0259bsd\u0259 \u00e7\u00fcr\u00fctm\u0259k h\u0259v\u0259si bu hakiml\u0259rd\u0259 hardand\u0131r?\u201d - MEYDAN.TV\",\"isPartOf\":{\"@id\":\"https:\\\/\\\/www.meydan.tv\\\/az\\\/#website\"},\"primaryImageOfPage\":{\"@id\":\"https:\\\/\\\/www.meydan.tv\\\/az\\\/article\\\/gence-sakini-bir-adami-uzun-muddet-hebsde-curutmek-hevesi-bu-hakimlerde-hardandir\\\/#primaryimage\"},\"image\":{\"@id\":\"https:\\\/\\\/www.meydan.tv\\\/az\\\/article\\\/gence-sakini-bir-adami-uzun-muddet-hebsde-curutmek-hevesi-bu-hakimlerde-hardandir\\\/#primaryimage\"},\"thumbnailUrl\":\"https:\\\/\\\/www.meydan.tv\\\/wp-content\\\/uploads\\\/photo-2023-01-31-18-27-39.jpg\",\"datePublished\":\"2023-01-31T16:07:26+00:00\",\"dateModified\":\"2023-01-31T16:07:28+00:00\",\"breadcrumb\":{\"@id\":\"https:\\\/\\\/www.meydan.tv\\\/az\\\/article\\\/gence-sakini-bir-adami-uzun-muddet-hebsde-curutmek-hevesi-bu-hakimlerde-hardandir\\\/#breadcrumb\"},\"inLanguage\":\"az\",\"potentialAction\":[{\"@type\":\"ReadAction\",\"target\":[\"https:\\\/\\\/www.meydan.tv\\\/az\\\/article\\\/gence-sakini-bir-adami-uzun-muddet-hebsde-curutmek-hevesi-bu-hakimlerde-hardandir\\\/\"]}]},{\"@type\":\"ImageObject\",\"inLanguage\":\"az\",\"@id\":\"https:\\\/\\\/www.meydan.tv\\\/az\\\/article\\\/gence-sakini-bir-adami-uzun-muddet-hebsde-curutmek-hevesi-bu-hakimlerde-hardandir\\\/#primaryimage\",\"url\":\"https:\\\/\\\/www.meydan.tv\\\/wp-content\\\/uploads\\\/photo-2023-01-31-18-27-39.jpg\",\"contentUrl\":\"https:\\\/\\\/www.meydan.tv\\\/wp-content\\\/uploads\\\/photo-2023-01-31-18-27-39.jpg\",\"width\":787,\"height\":780},{\"@type\":\"BreadcrumbList\",\"@id\":\"https:\\\/\\\/www.meydan.tv\\\/az\\\/article\\\/gence-sakini-bir-adami-uzun-muddet-hebsde-curutmek-hevesi-bu-hakimlerde-hardandir\\\/#breadcrumb\",\"itemListElement\":[{\"@type\":\"ListItem\",\"position\":1,\"name\":\"Ana s\u0259hif\u0259\",\"item\":\"https:\\\/\\\/www.meydan.tv\\\/az\\\/\"},{\"@type\":\"ListItem\",\"position\":2,\"name\":\"X\u0259b\u0259rl\u0259r\",\"item\":\"https:\\\/\\\/www.meydan.tv\\\/az\\\/section\\\/xeberler\\\/\"},{\"@type\":\"ListItem\",\"position\":3,\"name\":\"G\u0259nc\u0259 sakini: \u201cBir adam\u0131 uzun m\u00fcdd\u0259t h\u0259bsd\u0259 \u00e7\u00fcr\u00fctm\u0259k h\u0259v\u0259si bu hakiml\u0259rd\u0259 hardand\u0131r?\u201d\"}]},{\"@type\":\"WebSite\",\"@id\":\"https:\\\/\\\/www.meydan.tv\\\/az\\\/#website\",\"url\":\"https:\\\/\\\/www.meydan.tv\\\/az\\\/\",\"name\":\"MEYDAN.TV\",\"description\":\"Meydan TV Az\u0259rbaycan\u0131n media m\u0259kan\u0131ndak\u0131 alternativ s\u0259sidir\",\"publisher\":{\"@id\":\"https:\\\/\\\/www.meydan.tv\\\/az\\\/#organization\"},\"potentialAction\":[{\"@type\":\"SearchAction\",\"target\":{\"@type\":\"EntryPoint\",\"urlTemplate\":\"https:\\\/\\\/www.meydan.tv\\\/az\\\/?s={search_term_string}\"},\"query-input\":{\"@type\":\"PropertyValueSpecification\",\"valueRequired\":true,\"valueName\":\"search_term_string\"}}],\"inLanguage\":\"az\"},{\"@type\":\"Organization\",\"@id\":\"https:\\\/\\\/www.meydan.tv\\\/az\\\/#organization\",\"name\":\"Meydan TV\",\"url\":\"https:\\\/\\\/www.meydan.tv\\\/az\\\/\",\"logo\":{\"@type\":\"ImageObject\",\"inLanguage\":\"az\",\"@id\":\"https:\\\/\\\/www.meydan.tv\\\/az\\\/#\\\/schema\\\/logo\\\/image\\\/\",\"url\":\"https:\\\/\\\/www.meydan.tv\\\/wp-content\\\/uploads\\\/2021\\\/07\\\/meydan-logo.svg\",\"contentUrl\":\"https:\\\/\\\/www.meydan.tv\\\/wp-content\\\/uploads\\\/2021\\\/07\\\/meydan-logo.svg\",\"width\":195,\"height\":46,\"caption\":\"Meydan TV\"},\"image\":{\"@id\":\"https:\\\/\\\/www.meydan.tv\\\/az\\\/#\\\/schema\\\/logo\\\/image\\\/\"}},{\"@type\":\"Person\",\"@id\":\"https:\\\/\\\/www.meydan.tv\\\/az\\\/#\\\/schema\\\/person\\\/981b0b284aeaa9ad0cbf814cd4a9d67c\",\"name\":\"miron\"}]}<\/script>\n<!-- \/ Yoast SEO plugin. -->","yoast_head_json":{"title":"G\u0259nc\u0259 sakini: \u201cBir adam\u0131 uzun m\u00fcdd\u0259t h\u0259bsd\u0259 \u00e7\u00fcr\u00fctm\u0259k h\u0259v\u0259si bu hakiml\u0259rd\u0259 hardand\u0131r?\u201d - MEYDAN.TV","robots":{"index":"index","follow":"follow","max-snippet":"max-snippet:-1","max-image-preview":"max-image-preview:large","max-video-preview":"max-video-preview:-1"},"canonical":"https:\/\/www.meydan.tv\/az\/article\/gence-sakini-bir-adami-uzun-muddet-hebsde-curutmek-hevesi-bu-hakimlerde-hardandir\/","og_locale":"az_AZ","og_type":"article","og_title":"G\u0259nc\u0259 sakini: \u201cBir adam\u0131 uzun m\u00fcdd\u0259t h\u0259bsd\u0259 \u00e7\u00fcr\u00fctm\u0259k h\u0259v\u0259si bu hakiml\u0259rd\u0259 hardand\u0131r?\u201d - MEYDAN.TV","og_description":"\u00a0Ali M\u0259hk\u0259m\u0259 \u0259vv\u0259lki q\u0259rar\u0131 l\u0259\u011fv edib yenid\u0259n ara\u015fd\u0131rma\u011fa g\u00f6nd\u0259rib G\u0259nc\u0259 ... Davam\u0131","og_url":"https:\/\/www.meydan.tv\/az\/article\/gence-sakini-bir-adami-uzun-muddet-hebsde-curutmek-hevesi-bu-hakimlerde-hardandir\/","og_site_name":"MEYDAN.TV","article_published_time":"2023-01-31T16:07:26+00:00","article_modified_time":"2023-01-31T16:07:28+00:00","og_image":[{"width":787,"height":780,"url":"https:\/\/www.meydan.tv\/wp-content\/uploads\/photo-2023-01-31-18-27-39.jpg","type":"image\/jpeg"}],"author":"miron","twitter_card":"summary_large_image","schema":{"@context":"https:\/\/schema.org","@graph":[{"@type":"Article","@id":"https:\/\/www.meydan.tv\/az\/article\/gence-sakini-bir-adami-uzun-muddet-hebsde-curutmek-hevesi-bu-hakimlerde-hardandir\/#article","isPartOf":{"@id":"https:\/\/www.meydan.tv\/az\/article\/gence-sakini-bir-adami-uzun-muddet-hebsde-curutmek-hevesi-bu-hakimlerde-hardandir\/"},"author":{"name":"miron","@id":"https:\/\/www.meydan.tv\/az\/#\/schema\/person\/981b0b284aeaa9ad0cbf814cd4a9d67c"},"headline":"G\u0259nc\u0259 sakini: \u201cBir adam\u0131 uzun m\u00fcdd\u0259t h\u0259bsd\u0259 \u00e7\u00fcr\u00fctm\u0259k h\u0259v\u0259si bu hakiml\u0259rd\u0259 hardand\u0131r?\u201d","datePublished":"2023-01-31T16:07:26+00:00","dateModified":"2023-01-31T16:07:28+00:00","mainEntityOfPage":{"@id":"https:\/\/www.meydan.tv\/az\/article\/gence-sakini-bir-adami-uzun-muddet-hebsde-curutmek-hevesi-bu-hakimlerde-hardandir\/"},"wordCount":1021,"publisher":{"@id":"https:\/\/www.meydan.tv\/az\/#organization"},"image":{"@id":"https:\/\/www.meydan.tv\/az\/article\/gence-sakini-bir-adami-uzun-muddet-hebsde-curutmek-hevesi-bu-hakimlerde-hardandir\/#primaryimage"},"thumbnailUrl":"https:\/\/www.meydan.tv\/wp-content\/uploads\/photo-2023-01-31-18-27-39.jpg","articleSection":["B\u00f6lg\u0259","X\u0259b\u0259rl\u0259r"],"inLanguage":"az"},{"@type":"WebPage","@id":"https:\/\/www.meydan.tv\/az\/article\/gence-sakini-bir-adami-uzun-muddet-hebsde-curutmek-hevesi-bu-hakimlerde-hardandir\/","url":"https:\/\/www.meydan.tv\/az\/article\/gence-sakini-bir-adami-uzun-muddet-hebsde-curutmek-hevesi-bu-hakimlerde-hardandir\/","name":"G\u0259nc\u0259 sakini: \u201cBir adam\u0131 uzun m\u00fcdd\u0259t h\u0259bsd\u0259 \u00e7\u00fcr\u00fctm\u0259k h\u0259v\u0259si bu hakiml\u0259rd\u0259 hardand\u0131r?\u201d - MEYDAN.TV","isPartOf":{"@id":"https:\/\/www.meydan.tv\/az\/#website"},"primaryImageOfPage":{"@id":"https:\/\/www.meydan.tv\/az\/article\/gence-sakini-bir-adami-uzun-muddet-hebsde-curutmek-hevesi-bu-hakimlerde-hardandir\/#primaryimage"},"image":{"@id":"https:\/\/www.meydan.tv\/az\/article\/gence-sakini-bir-adami-uzun-muddet-hebsde-curutmek-hevesi-bu-hakimlerde-hardandir\/#primaryimage"},"thumbnailUrl":"https:\/\/www.meydan.tv\/wp-content\/uploads\/photo-2023-01-31-18-27-39.jpg","datePublished":"2023-01-31T16:07:26+00:00","dateModified":"2023-01-31T16:07:28+00:00","breadcrumb":{"@id":"https:\/\/www.meydan.tv\/az\/article\/gence-sakini-bir-adami-uzun-muddet-hebsde-curutmek-hevesi-bu-hakimlerde-hardandir\/#breadcrumb"},"inLanguage":"az","potentialAction":[{"@type":"ReadAction","target":["https:\/\/www.meydan.tv\/az\/article\/gence-sakini-bir-adami-uzun-muddet-hebsde-curutmek-hevesi-bu-hakimlerde-hardandir\/"]}]},{"@type":"ImageObject","inLanguage":"az","@id":"https:\/\/www.meydan.tv\/az\/article\/gence-sakini-bir-adami-uzun-muddet-hebsde-curutmek-hevesi-bu-hakimlerde-hardandir\/#primaryimage","url":"https:\/\/www.meydan.tv\/wp-content\/uploads\/photo-2023-01-31-18-27-39.jpg","contentUrl":"https:\/\/www.meydan.tv\/wp-content\/uploads\/photo-2023-01-31-18-27-39.jpg","width":787,"height":780},{"@type":"BreadcrumbList","@id":"https:\/\/www.meydan.tv\/az\/article\/gence-sakini-bir-adami-uzun-muddet-hebsde-curutmek-hevesi-bu-hakimlerde-hardandir\/#breadcrumb","itemListElement":[{"@type":"ListItem","position":1,"name":"Ana s\u0259hif\u0259","item":"https:\/\/www.meydan.tv\/az\/"},{"@type":"ListItem","position":2,"name":"X\u0259b\u0259rl\u0259r","item":"https:\/\/www.meydan.tv\/az\/section\/xeberler\/"},{"@type":"ListItem","position":3,"name":"G\u0259nc\u0259 sakini: \u201cBir adam\u0131 uzun m\u00fcdd\u0259t h\u0259bsd\u0259 \u00e7\u00fcr\u00fctm\u0259k h\u0259v\u0259si bu hakiml\u0259rd\u0259 hardand\u0131r?\u201d"}]},{"@type":"WebSite","@id":"https:\/\/www.meydan.tv\/az\/#website","url":"https:\/\/www.meydan.tv\/az\/","name":"MEYDAN.TV","description":"Meydan TV Az\u0259rbaycan\u0131n media m\u0259kan\u0131ndak\u0131 alternativ s\u0259sidir","publisher":{"@id":"https:\/\/www.meydan.tv\/az\/#organization"},"potentialAction":[{"@type":"SearchAction","target":{"@type":"EntryPoint","urlTemplate":"https:\/\/www.meydan.tv\/az\/?s={search_term_string}"},"query-input":{"@type":"PropertyValueSpecification","valueRequired":true,"valueName":"search_term_string"}}],"inLanguage":"az"},{"@type":"Organization","@id":"https:\/\/www.meydan.tv\/az\/#organization","name":"Meydan TV","url":"https:\/\/www.meydan.tv\/az\/","logo":{"@type":"ImageObject","inLanguage":"az","@id":"https:\/\/www.meydan.tv\/az\/#\/schema\/logo\/image\/","url":"https:\/\/www.meydan.tv\/wp-content\/uploads\/2021\/07\/meydan-logo.svg","contentUrl":"https:\/\/www.meydan.tv\/wp-content\/uploads\/2021\/07\/meydan-logo.svg","width":195,"height":46,"caption":"Meydan TV"},"image":{"@id":"https:\/\/www.meydan.tv\/az\/#\/schema\/logo\/image\/"}},{"@type":"Person","@id":"https:\/\/www.meydan.tv\/az\/#\/schema\/person\/981b0b284aeaa9ad0cbf814cd4a9d67c","name":"miron"}]}},"_links":{"self":[{"href":"https:\/\/www.meydan.tv\/az\/wp-json\/wp\/v2\/posts\/267229","targetHints":{"allow":["GET"]}}],"collection":[{"href":"https:\/\/www.meydan.tv\/az\/wp-json\/wp\/v2\/posts"}],"about":[{"href":"https:\/\/www.meydan.tv\/az\/wp-json\/wp\/v2\/types\/post"}],"author":[{"embeddable":true,"href":"https:\/\/www.meydan.tv\/az\/wp-json\/wp\/v2\/users\/18"}],"replies":[{"embeddable":true,"href":"https:\/\/www.meydan.tv\/az\/wp-json\/wp\/v2\/comments?post=267229"}],"version-history":[{"count":1,"href":"https:\/\/www.meydan.tv\/az\/wp-json\/wp\/v2\/posts\/267229\/revisions"}],"predecessor-version":[{"id":267242,"href":"https:\/\/www.meydan.tv\/az\/wp-json\/wp\/v2\/posts\/267229\/revisions\/267242"}],"wp:featuredmedia":[{"embeddable":true,"href":"https:\/\/www.meydan.tv\/az\/wp-json\/wp\/v2\/media\/267236"}],"wp:attachment":[{"href":"https:\/\/www.meydan.tv\/az\/wp-json\/wp\/v2\/media?parent=267229"}],"wp:term":[{"taxonomy":"category","embeddable":true,"href":"https:\/\/www.meydan.tv\/az\/wp-json\/wp\/v2\/categories?post=267229"},{"taxonomy":"post_tag","embeddable":true,"href":"https:\/\/www.meydan.tv\/az\/wp-json\/wp\/v2\/tags?post=267229"}],"curies":[{"name":"wp","href":"https:\/\/api.w.org\/{rel}","templated":true}]}}