{"id":267192,"date":"2023-01-31T19:23:22","date_gmt":"2023-01-31T15:23:22","guid":{"rendered":"https:\/\/www.meydan.tv\/?p=267192"},"modified":"2023-01-31T19:23:24","modified_gmt":"2023-01-31T15:23:24","slug":"kendliler-her-defe-ekin-bicim-movsumunden-zererle-cixdiqlarini-deyirler","status":"publish","type":"post","link":"https:\/\/www.meydan.tv\/az\/article\/kendliler-her-defe-ekin-bicim-movsumunden-zererle-cixdiqlarini-deyirler\/","title":{"rendered":"K\u0259ndlil\u0259r h\u0259r d\u0259f\u0259 \u0259kin-bi\u00e7im m\u00f6vs\u00fcm\u00fcnd\u0259n z\u0259r\u0259rl\u0259 \u00e7\u0131xd\u0131qlar\u0131n\u0131 deyirl\u0259r&nbsp;"},"content":{"rendered":"\n<p><em>Qaradolaql\u0131lardan \u0259kin suyu t\u0259l\u0259bi<\/em><\/p>\n\n\n\n<p>\u201cKanal var, su yoxdur. Olanda da ham\u0131n\u0131n sah\u0259sin\u0259 \u00e7atm\u0131r. \u018fkdiyimiz sah\u0259l\u0259r susuzluqdan m\u0259hsul vermir. K\u0259ndli borca-x\u0259rc\u0259 girib sah\u0259 \u0259kir, m\u00f6vs\u00fcm\u00fcn sonunda da i\u015fin i\u00e7ind\u0259n ikinci borcla-x\u0259rcl\u0259 \u00e7\u0131x\u0131r. Sonra da deyirl\u0259r, k\u0259ndliy\u0259 torpaq verilib, \u0259ksin, dolans\u0131n. Daha dey\u0259n yoxdur ki,\u00a0 k\u0259ndli g\u0259lir, susuz sah\u0259y\u0259 \u00fcr\u0259k a\u011fr\u0131s\u0131yla tama\u015fa edir, \u00e7\u0131x\u0131b gedir. K\u0259ndlinin \u0259lind\u0259n ba\u015fqa he\u00e7 n\u0259 g\u0259lmir\u201d.\u00a0<\/p>\n\n\n\n<figure class=\"wp-block-image size-large\"><img decoding=\"async\" width=\"1200\" height=\"749\" data-src=\"https:\/\/www.meydan.tv\/wp-content\/uploads\/photo-2023-01-31-14-57-01-1200x749.jpg\" alt=\"\" class=\"wp-image-267198 lazyload\" src=\"data:image\/svg+xml;base64,PHN2ZyB3aWR0aD0iMSIgaGVpZ2h0PSIxIiB4bWxucz0iaHR0cDovL3d3dy53My5vcmcvMjAwMC9zdmciPjwvc3ZnPg==\" style=\"--smush-placeholder-width: 1200px; --smush-placeholder-aspect-ratio: 1200\/749;\" \/><\/figure>\n\n\n\n<p>A\u011fcab\u0259di rayonunun Qaradolaq k\u0259nd sakini Saleh \u018fliyev deyir, sonuncu \u0259kin m\u00f6vs\u00fcm\u00fcnd\u0259 10 hektar yer icar\u0259y\u0259 g\u00f6t\u00fcr\u00fcb, onun 4 hektar\u0131nda tax\u0131l \u0259kib. Ancaq susuzluqdan m\u0259hsul g\u00f6t\u00fcr\u0259 bilm\u0259yib. K\u0259ndlinin s\u00f6zl\u0259rin\u0259 g\u00f6r\u0259, sah\u0259l\u0259r el\u0259 yax\u0131nl\u0131qdan ke\u00e7\u0259n kanaldan su al\u0131r. Ancaq he\u00e7 kanal\u0131n \u00f6z\u00fcnd\u0259 su olmur:<\/p>\n\n\n\n<p>\u201cN\u0259 vaxt m\u00fcraci\u0259t ediriks\u0259, deyirl\u0259r, n\u00f6vb\u0259nizi g\u00f6zl\u0259yin, su h\u0259l\u0259 ba\u015fqa k\u0259ndl\u0259r\u0259 verilir. Ba\u015fa d\u00fc\u015fm\u00fcrl\u0259r ki, k\u0259ndli g\u00f6zl\u0259y\u0259 bil\u0259r, ancaq \u0259kin g\u00f6zl\u0259y\u0259 bilmir, suvarmasan, o \u0259kin batacaq, \u0259kin batanda k\u0259ndli d\u0259 borcun i\u00e7ind\u0259 batacaq\u201d.&nbsp;<\/p>\n\n\n\n<p><strong>Y\u00fczl\u0259rl\u0259 hektar sah\u0259 istifad\u0259siz qal\u0131b<\/strong><\/p>\n\n\n\n<p>K\u0259ndd\u0259 \u00e7oxu pamb\u0131q v\u0259 tax\u0131l \u0259kiniyl\u0259 m\u0259\u015f\u011ful olur. Saleh \u018fliyev deyir, su kanal\u0131n\u0131n yax\u0131nl\u0131\u011f\u0131ndak\u0131 t\u0259xmin\u0259n 1800 hektar\u0131n \u00e7ox hiss\u0259si \u0259kilm\u0259mi\u015f qal\u0131b:<\/p>\n\n\n\n<p>\u201cCana y\u0131\u011f\u0131lm\u0131\u015f\u0131q, pamb\u0131q t\u0259hvili ilb\u0259il a\u015fa\u011f\u0131 d\u00fc\u015f\u00fcr. K\u0259ndli art\u0131q \u0259kin i\u015fin\u0259 pul-para x\u0259rcl\u0259m\u0259y\u0259 ehtiyat edir. H\u0259r d\u0259f\u0259 deyirl\u0259r, g\u00f6zl\u0259yin, Av\u015fardak\u0131 sah\u0259l\u0259r suvar\u0131ls\u0131n, sonra sizin sah\u0259l\u0259r\u0259 su veril\u0259c\u0259k. \u018fkin sah\u0259si n\u00f6vb\u0259 g\u00f6zl\u0259mir, m\u0259hsul zay olandan sonra neynirik o suvarma suyunu? H\u0259r m\u00f6vs\u00fcmd\u0259n z\u0259r\u0259rl\u0259 \u00e7\u0131x\u0131r\u0131q\u201d.<\/p>\n\n\n\n<figure class=\"wp-block-image size-large is-style-default\"><img decoding=\"async\" width=\"1200\" height=\"753\" data-src=\"https:\/\/www.meydan.tv\/wp-content\/uploads\/photo-2023-01-31-14-57-02-1200x753.jpg\" alt=\"\" class=\"wp-image-267207 lazyload\" src=\"data:image\/svg+xml;base64,PHN2ZyB3aWR0aD0iMSIgaGVpZ2h0PSIxIiB4bWxucz0iaHR0cDovL3d3dy53My5vcmcvMjAwMC9zdmciPjwvc3ZnPg==\" style=\"--smush-placeholder-width: 1200px; --smush-placeholder-aspect-ratio: 1200\/753;\" \/><\/figure>\n\n\n\n<p>Saleh \u018fliyev t\u0259klif edir ki, k\u0259ndin yax\u0131nl\u0131\u011f\u0131ndan ke\u00e7\u0259n Qaraba\u011f kanal\u0131nda nasoslar qura\u015fd\u0131r\u0131ls\u0131n, h\u0259min kanaldan Qaradolaqdak\u0131 kanala su verilsin.<\/p>\n\n\n\n<p><strong>Yeni nasos stansiyas\u0131 tikil\u0259c\u0259k<\/strong><\/p>\n\n\n\n<p>A\u011fcab\u0259di Suvarma Sisteml\u0259ri \u0130dar\u0259sind\u0259ns\u0259 Meydan TV-y\u0259 bildirlib ki, Qaradolaqdak\u0131 suvarma suyu probleminin h\u0259lli Araz \u00e7ay\u0131n\u0131n qolu Xan q\u0131z\u0131 kanal\u0131ndan ke\u00e7ir. K\u0259ndl\u0259rd\u0259ki kanallara suvarma suyu h\u0259min kanaldan \u00f6t\u00fcr\u00fcl\u00fcr. Ancaq t\u0259zyiq a\u015fa\u011f\u0131 d\u00fc\u015f\u0259nd\u0259 k\u0259ndl\u0259rd\u0259 su q\u0131tl\u0131\u011f\u0131 yaran\u0131r. Bu s\u0259b\u0259bd\u0259n d\u0259 idar\u0259 sah\u0259l\u0259rin suvar\u0131lmas\u0131n\u0131 k\u0259ndl\u0259r aras\u0131nda n\u00f6vb\u0259l\u0259\u015fdirib. Suvarma suyu n\u00f6vb\u0259lilik qrafikin\u0259 uy\u011fun verilir. Problemin k\u00f6k\u00fcnd\u0259n h\u0259lli \u00fc\u00e7\u00fcns\u0259 yeni nasos stansiyas\u0131n\u0131n tikintisi n\u0259z\u0259rd\u0259 tutulub. Haz\u0131rda layih\u0259 \u00fcz\u0259rind\u0259 i\u015fl\u0259nilir.<\/p>\n","protected":false},"excerpt":{"rendered":"<p>Qaradolaql\u0131lardan \u0259kin suyu t\u0259l\u0259bi \u201cKanal var, su yoxdur. Olanda da &#8230; <\/p>\n<p class=\"read-more-container\"><a title=\"K\u0259ndlil\u0259r h\u0259r d\u0259f\u0259 \u0259kin-bi\u00e7im m\u00f6vs\u00fcm\u00fcnd\u0259n z\u0259r\u0259rl\u0259 \u00e7\u0131xd\u0131qlar\u0131n\u0131 deyirl\u0259r&nbsp;\" class=\"read-more button\" href=\"https:\/\/www.meydan.tv\/az\/article\/kendliler-her-defe-ekin-bicim-movsumunden-zererle-cixdiqlarini-deyirler\/#more-267192\" aria-label=\"Read more about K\u0259ndlil\u0259r h\u0259r d\u0259f\u0259 \u0259kin-bi\u00e7im m\u00f6vs\u00fcm\u00fcnd\u0259n z\u0259r\u0259rl\u0259 \u00e7\u0131xd\u0131qlar\u0131n\u0131 deyirl\u0259r&nbsp;\">Davam\u0131<\/a><\/p>\n","protected":false},"author":18,"featured_media":267201,"comment_status":"closed","ping_status":"closed","sticky":false,"template":"","format":"standard","meta":{"_acf_changed":false,"_sitemap_exclude":false,"_sitemap_priority":"","_sitemap_frequency":"","footnotes":""},"categories":[60,56],"tags":[],"class_list":["post-267192","post","type-post","status-publish","format-standard","has-post-thumbnail","hentry","category-bolge","category-xeberler","infinite-scroll-item","generate-columns","tablet-grid-50","mobile-grid-100","grid-parent","grid-33","no-featured-image-padding"],"acf":[],"yoast_head":"<!-- This site is optimized with the Yoast SEO plugin v27.5 - https:\/\/yoast.com\/product\/yoast-seo-wordpress\/ -->\n<title>K\u0259ndlil\u0259r h\u0259r d\u0259f\u0259 \u0259kin-bi\u00e7im m\u00f6vs\u00fcm\u00fcnd\u0259n z\u0259r\u0259rl\u0259 \u00e7\u0131xd\u0131qlar\u0131n\u0131 deyirl\u0259r&nbsp; - MEYDAN.TV<\/title>\n<meta name=\"robots\" content=\"index, follow, max-snippet:-1, max-image-preview:large, max-video-preview:-1\" \/>\n<link rel=\"canonical\" href=\"https:\/\/www.meydan.tv\/az\/article\/kendliler-her-defe-ekin-bicim-movsumunden-zererle-cixdiqlarini-deyirler\/\" \/>\n<meta property=\"og:locale\" content=\"az_AZ\" \/>\n<meta property=\"og:type\" content=\"article\" \/>\n<meta property=\"og:title\" content=\"K\u0259ndlil\u0259r h\u0259r d\u0259f\u0259 \u0259kin-bi\u00e7im m\u00f6vs\u00fcm\u00fcnd\u0259n z\u0259r\u0259rl\u0259 \u00e7\u0131xd\u0131qlar\u0131n\u0131 deyirl\u0259r&nbsp; - MEYDAN.TV\" \/>\n<meta property=\"og:description\" content=\"Qaradolaql\u0131lardan \u0259kin suyu t\u0259l\u0259bi \u201cKanal var, su yoxdur. Olanda da ... Davam\u0131\" \/>\n<meta property=\"og:url\" content=\"https:\/\/www.meydan.tv\/az\/article\/kendliler-her-defe-ekin-bicim-movsumunden-zererle-cixdiqlarini-deyirler\/\" \/>\n<meta property=\"og:site_name\" content=\"MEYDAN.TV\" \/>\n<meta property=\"article:published_time\" content=\"2023-01-31T15:23:22+00:00\" \/>\n<meta property=\"article:modified_time\" content=\"2023-01-31T15:23:24+00:00\" \/>\n<meta property=\"og:image\" content=\"https:\/\/www.meydan.tv\/wp-content\/uploads\/photo-2023-01-31-14-57-02-1.jpg\" \/>\n\t<meta property=\"og:image:width\" content=\"1280\" \/>\n\t<meta property=\"og:image:height\" content=\"802\" \/>\n\t<meta property=\"og:image:type\" content=\"image\/jpeg\" \/>\n<meta name=\"author\" content=\"miron\" \/>\n<meta name=\"twitter:card\" content=\"summary_large_image\" \/>\n<script type=\"application\/ld+json\" class=\"yoast-schema-graph\">{\"@context\":\"https:\\\/\\\/schema.org\",\"@graph\":[{\"@type\":\"Article\",\"@id\":\"https:\\\/\\\/www.meydan.tv\\\/az\\\/article\\\/kendliler-her-defe-ekin-bicim-movsumunden-zererle-cixdiqlarini-deyirler\\\/#article\",\"isPartOf\":{\"@id\":\"https:\\\/\\\/www.meydan.tv\\\/az\\\/article\\\/kendliler-her-defe-ekin-bicim-movsumunden-zererle-cixdiqlarini-deyirler\\\/\"},\"author\":{\"name\":\"miron\",\"@id\":\"https:\\\/\\\/www.meydan.tv\\\/az\\\/#\\\/schema\\\/person\\\/981b0b284aeaa9ad0cbf814cd4a9d67c\"},\"headline\":\"K\u0259ndlil\u0259r h\u0259r d\u0259f\u0259 \u0259kin-bi\u00e7im m\u00f6vs\u00fcm\u00fcnd\u0259n z\u0259r\u0259rl\u0259 \u00e7\u0131xd\u0131qlar\u0131n\u0131 deyirl\u0259r&nbsp;\",\"datePublished\":\"2023-01-31T15:23:22+00:00\",\"dateModified\":\"2023-01-31T15:23:24+00:00\",\"mainEntityOfPage\":{\"@id\":\"https:\\\/\\\/www.meydan.tv\\\/az\\\/article\\\/kendliler-her-defe-ekin-bicim-movsumunden-zererle-cixdiqlarini-deyirler\\\/\"},\"wordCount\":522,\"publisher\":{\"@id\":\"https:\\\/\\\/www.meydan.tv\\\/az\\\/#organization\"},\"image\":{\"@id\":\"https:\\\/\\\/www.meydan.tv\\\/az\\\/article\\\/kendliler-her-defe-ekin-bicim-movsumunden-zererle-cixdiqlarini-deyirler\\\/#primaryimage\"},\"thumbnailUrl\":\"https:\\\/\\\/www.meydan.tv\\\/wp-content\\\/uploads\\\/photo-2023-01-31-14-57-02-1.jpg\",\"articleSection\":[\"B\u00f6lg\u0259\",\"X\u0259b\u0259rl\u0259r\"],\"inLanguage\":\"az\"},{\"@type\":\"WebPage\",\"@id\":\"https:\\\/\\\/www.meydan.tv\\\/az\\\/article\\\/kendliler-her-defe-ekin-bicim-movsumunden-zererle-cixdiqlarini-deyirler\\\/\",\"url\":\"https:\\\/\\\/www.meydan.tv\\\/az\\\/article\\\/kendliler-her-defe-ekin-bicim-movsumunden-zererle-cixdiqlarini-deyirler\\\/\",\"name\":\"K\u0259ndlil\u0259r h\u0259r d\u0259f\u0259 \u0259kin-bi\u00e7im m\u00f6vs\u00fcm\u00fcnd\u0259n z\u0259r\u0259rl\u0259 \u00e7\u0131xd\u0131qlar\u0131n\u0131 deyirl\u0259r&nbsp; - MEYDAN.TV\",\"isPartOf\":{\"@id\":\"https:\\\/\\\/www.meydan.tv\\\/az\\\/#website\"},\"primaryImageOfPage\":{\"@id\":\"https:\\\/\\\/www.meydan.tv\\\/az\\\/article\\\/kendliler-her-defe-ekin-bicim-movsumunden-zererle-cixdiqlarini-deyirler\\\/#primaryimage\"},\"image\":{\"@id\":\"https:\\\/\\\/www.meydan.tv\\\/az\\\/article\\\/kendliler-her-defe-ekin-bicim-movsumunden-zererle-cixdiqlarini-deyirler\\\/#primaryimage\"},\"thumbnailUrl\":\"https:\\\/\\\/www.meydan.tv\\\/wp-content\\\/uploads\\\/photo-2023-01-31-14-57-02-1.jpg\",\"datePublished\":\"2023-01-31T15:23:22+00:00\",\"dateModified\":\"2023-01-31T15:23:24+00:00\",\"breadcrumb\":{\"@id\":\"https:\\\/\\\/www.meydan.tv\\\/az\\\/article\\\/kendliler-her-defe-ekin-bicim-movsumunden-zererle-cixdiqlarini-deyirler\\\/#breadcrumb\"},\"inLanguage\":\"az\",\"potentialAction\":[{\"@type\":\"ReadAction\",\"target\":[\"https:\\\/\\\/www.meydan.tv\\\/az\\\/article\\\/kendliler-her-defe-ekin-bicim-movsumunden-zererle-cixdiqlarini-deyirler\\\/\"]}]},{\"@type\":\"ImageObject\",\"inLanguage\":\"az\",\"@id\":\"https:\\\/\\\/www.meydan.tv\\\/az\\\/article\\\/kendliler-her-defe-ekin-bicim-movsumunden-zererle-cixdiqlarini-deyirler\\\/#primaryimage\",\"url\":\"https:\\\/\\\/www.meydan.tv\\\/wp-content\\\/uploads\\\/photo-2023-01-31-14-57-02-1.jpg\",\"contentUrl\":\"https:\\\/\\\/www.meydan.tv\\\/wp-content\\\/uploads\\\/photo-2023-01-31-14-57-02-1.jpg\",\"width\":1280,\"height\":802},{\"@type\":\"BreadcrumbList\",\"@id\":\"https:\\\/\\\/www.meydan.tv\\\/az\\\/article\\\/kendliler-her-defe-ekin-bicim-movsumunden-zererle-cixdiqlarini-deyirler\\\/#breadcrumb\",\"itemListElement\":[{\"@type\":\"ListItem\",\"position\":1,\"name\":\"Ana s\u0259hif\u0259\",\"item\":\"https:\\\/\\\/www.meydan.tv\\\/az\\\/\"},{\"@type\":\"ListItem\",\"position\":2,\"name\":\"X\u0259b\u0259rl\u0259r\",\"item\":\"https:\\\/\\\/www.meydan.tv\\\/az\\\/section\\\/xeberler\\\/\"},{\"@type\":\"ListItem\",\"position\":3,\"name\":\"K\u0259ndlil\u0259r h\u0259r d\u0259f\u0259 \u0259kin-bi\u00e7im m\u00f6vs\u00fcm\u00fcnd\u0259n z\u0259r\u0259rl\u0259 \u00e7\u0131xd\u0131qlar\u0131n\u0131 deyirl\u0259r&nbsp;\"}]},{\"@type\":\"WebSite\",\"@id\":\"https:\\\/\\\/www.meydan.tv\\\/az\\\/#website\",\"url\":\"https:\\\/\\\/www.meydan.tv\\\/az\\\/\",\"name\":\"MEYDAN.TV\",\"description\":\"Meydan TV Az\u0259rbaycan\u0131n media m\u0259kan\u0131ndak\u0131 alternativ s\u0259sidir\",\"publisher\":{\"@id\":\"https:\\\/\\\/www.meydan.tv\\\/az\\\/#organization\"},\"potentialAction\":[{\"@type\":\"SearchAction\",\"target\":{\"@type\":\"EntryPoint\",\"urlTemplate\":\"https:\\\/\\\/www.meydan.tv\\\/az\\\/?s={search_term_string}\"},\"query-input\":{\"@type\":\"PropertyValueSpecification\",\"valueRequired\":true,\"valueName\":\"search_term_string\"}}],\"inLanguage\":\"az\"},{\"@type\":\"Organization\",\"@id\":\"https:\\\/\\\/www.meydan.tv\\\/az\\\/#organization\",\"name\":\"Meydan TV\",\"url\":\"https:\\\/\\\/www.meydan.tv\\\/az\\\/\",\"logo\":{\"@type\":\"ImageObject\",\"inLanguage\":\"az\",\"@id\":\"https:\\\/\\\/www.meydan.tv\\\/az\\\/#\\\/schema\\\/logo\\\/image\\\/\",\"url\":\"https:\\\/\\\/www.meydan.tv\\\/wp-content\\\/uploads\\\/2021\\\/07\\\/meydan-logo.svg\",\"contentUrl\":\"https:\\\/\\\/www.meydan.tv\\\/wp-content\\\/uploads\\\/2021\\\/07\\\/meydan-logo.svg\",\"width\":195,\"height\":46,\"caption\":\"Meydan TV\"},\"image\":{\"@id\":\"https:\\\/\\\/www.meydan.tv\\\/az\\\/#\\\/schema\\\/logo\\\/image\\\/\"}},{\"@type\":\"Person\",\"@id\":\"https:\\\/\\\/www.meydan.tv\\\/az\\\/#\\\/schema\\\/person\\\/981b0b284aeaa9ad0cbf814cd4a9d67c\",\"name\":\"miron\"}]}<\/script>\n<!-- \/ Yoast SEO plugin. -->","yoast_head_json":{"title":"K\u0259ndlil\u0259r h\u0259r d\u0259f\u0259 \u0259kin-bi\u00e7im m\u00f6vs\u00fcm\u00fcnd\u0259n z\u0259r\u0259rl\u0259 \u00e7\u0131xd\u0131qlar\u0131n\u0131 deyirl\u0259r&nbsp; - MEYDAN.TV","robots":{"index":"index","follow":"follow","max-snippet":"max-snippet:-1","max-image-preview":"max-image-preview:large","max-video-preview":"max-video-preview:-1"},"canonical":"https:\/\/www.meydan.tv\/az\/article\/kendliler-her-defe-ekin-bicim-movsumunden-zererle-cixdiqlarini-deyirler\/","og_locale":"az_AZ","og_type":"article","og_title":"K\u0259ndlil\u0259r h\u0259r d\u0259f\u0259 \u0259kin-bi\u00e7im m\u00f6vs\u00fcm\u00fcnd\u0259n z\u0259r\u0259rl\u0259 \u00e7\u0131xd\u0131qlar\u0131n\u0131 deyirl\u0259r&nbsp; - MEYDAN.TV","og_description":"Qaradolaql\u0131lardan \u0259kin suyu t\u0259l\u0259bi \u201cKanal var, su yoxdur. Olanda da ... Davam\u0131","og_url":"https:\/\/www.meydan.tv\/az\/article\/kendliler-her-defe-ekin-bicim-movsumunden-zererle-cixdiqlarini-deyirler\/","og_site_name":"MEYDAN.TV","article_published_time":"2023-01-31T15:23:22+00:00","article_modified_time":"2023-01-31T15:23:24+00:00","og_image":[{"width":1280,"height":802,"url":"https:\/\/www.meydan.tv\/wp-content\/uploads\/photo-2023-01-31-14-57-02-1.jpg","type":"image\/jpeg"}],"author":"miron","twitter_card":"summary_large_image","schema":{"@context":"https:\/\/schema.org","@graph":[{"@type":"Article","@id":"https:\/\/www.meydan.tv\/az\/article\/kendliler-her-defe-ekin-bicim-movsumunden-zererle-cixdiqlarini-deyirler\/#article","isPartOf":{"@id":"https:\/\/www.meydan.tv\/az\/article\/kendliler-her-defe-ekin-bicim-movsumunden-zererle-cixdiqlarini-deyirler\/"},"author":{"name":"miron","@id":"https:\/\/www.meydan.tv\/az\/#\/schema\/person\/981b0b284aeaa9ad0cbf814cd4a9d67c"},"headline":"K\u0259ndlil\u0259r h\u0259r d\u0259f\u0259 \u0259kin-bi\u00e7im m\u00f6vs\u00fcm\u00fcnd\u0259n z\u0259r\u0259rl\u0259 \u00e7\u0131xd\u0131qlar\u0131n\u0131 deyirl\u0259r&nbsp;","datePublished":"2023-01-31T15:23:22+00:00","dateModified":"2023-01-31T15:23:24+00:00","mainEntityOfPage":{"@id":"https:\/\/www.meydan.tv\/az\/article\/kendliler-her-defe-ekin-bicim-movsumunden-zererle-cixdiqlarini-deyirler\/"},"wordCount":522,"publisher":{"@id":"https:\/\/www.meydan.tv\/az\/#organization"},"image":{"@id":"https:\/\/www.meydan.tv\/az\/article\/kendliler-her-defe-ekin-bicim-movsumunden-zererle-cixdiqlarini-deyirler\/#primaryimage"},"thumbnailUrl":"https:\/\/www.meydan.tv\/wp-content\/uploads\/photo-2023-01-31-14-57-02-1.jpg","articleSection":["B\u00f6lg\u0259","X\u0259b\u0259rl\u0259r"],"inLanguage":"az"},{"@type":"WebPage","@id":"https:\/\/www.meydan.tv\/az\/article\/kendliler-her-defe-ekin-bicim-movsumunden-zererle-cixdiqlarini-deyirler\/","url":"https:\/\/www.meydan.tv\/az\/article\/kendliler-her-defe-ekin-bicim-movsumunden-zererle-cixdiqlarini-deyirler\/","name":"K\u0259ndlil\u0259r h\u0259r d\u0259f\u0259 \u0259kin-bi\u00e7im m\u00f6vs\u00fcm\u00fcnd\u0259n z\u0259r\u0259rl\u0259 \u00e7\u0131xd\u0131qlar\u0131n\u0131 deyirl\u0259r&nbsp; - MEYDAN.TV","isPartOf":{"@id":"https:\/\/www.meydan.tv\/az\/#website"},"primaryImageOfPage":{"@id":"https:\/\/www.meydan.tv\/az\/article\/kendliler-her-defe-ekin-bicim-movsumunden-zererle-cixdiqlarini-deyirler\/#primaryimage"},"image":{"@id":"https:\/\/www.meydan.tv\/az\/article\/kendliler-her-defe-ekin-bicim-movsumunden-zererle-cixdiqlarini-deyirler\/#primaryimage"},"thumbnailUrl":"https:\/\/www.meydan.tv\/wp-content\/uploads\/photo-2023-01-31-14-57-02-1.jpg","datePublished":"2023-01-31T15:23:22+00:00","dateModified":"2023-01-31T15:23:24+00:00","breadcrumb":{"@id":"https:\/\/www.meydan.tv\/az\/article\/kendliler-her-defe-ekin-bicim-movsumunden-zererle-cixdiqlarini-deyirler\/#breadcrumb"},"inLanguage":"az","potentialAction":[{"@type":"ReadAction","target":["https:\/\/www.meydan.tv\/az\/article\/kendliler-her-defe-ekin-bicim-movsumunden-zererle-cixdiqlarini-deyirler\/"]}]},{"@type":"ImageObject","inLanguage":"az","@id":"https:\/\/www.meydan.tv\/az\/article\/kendliler-her-defe-ekin-bicim-movsumunden-zererle-cixdiqlarini-deyirler\/#primaryimage","url":"https:\/\/www.meydan.tv\/wp-content\/uploads\/photo-2023-01-31-14-57-02-1.jpg","contentUrl":"https:\/\/www.meydan.tv\/wp-content\/uploads\/photo-2023-01-31-14-57-02-1.jpg","width":1280,"height":802},{"@type":"BreadcrumbList","@id":"https:\/\/www.meydan.tv\/az\/article\/kendliler-her-defe-ekin-bicim-movsumunden-zererle-cixdiqlarini-deyirler\/#breadcrumb","itemListElement":[{"@type":"ListItem","position":1,"name":"Ana s\u0259hif\u0259","item":"https:\/\/www.meydan.tv\/az\/"},{"@type":"ListItem","position":2,"name":"X\u0259b\u0259rl\u0259r","item":"https:\/\/www.meydan.tv\/az\/section\/xeberler\/"},{"@type":"ListItem","position":3,"name":"K\u0259ndlil\u0259r h\u0259r d\u0259f\u0259 \u0259kin-bi\u00e7im m\u00f6vs\u00fcm\u00fcnd\u0259n z\u0259r\u0259rl\u0259 \u00e7\u0131xd\u0131qlar\u0131n\u0131 deyirl\u0259r&nbsp;"}]},{"@type":"WebSite","@id":"https:\/\/www.meydan.tv\/az\/#website","url":"https:\/\/www.meydan.tv\/az\/","name":"MEYDAN.TV","description":"Meydan TV Az\u0259rbaycan\u0131n media m\u0259kan\u0131ndak\u0131 alternativ s\u0259sidir","publisher":{"@id":"https:\/\/www.meydan.tv\/az\/#organization"},"potentialAction":[{"@type":"SearchAction","target":{"@type":"EntryPoint","urlTemplate":"https:\/\/www.meydan.tv\/az\/?s={search_term_string}"},"query-input":{"@type":"PropertyValueSpecification","valueRequired":true,"valueName":"search_term_string"}}],"inLanguage":"az"},{"@type":"Organization","@id":"https:\/\/www.meydan.tv\/az\/#organization","name":"Meydan TV","url":"https:\/\/www.meydan.tv\/az\/","logo":{"@type":"ImageObject","inLanguage":"az","@id":"https:\/\/www.meydan.tv\/az\/#\/schema\/logo\/image\/","url":"https:\/\/www.meydan.tv\/wp-content\/uploads\/2021\/07\/meydan-logo.svg","contentUrl":"https:\/\/www.meydan.tv\/wp-content\/uploads\/2021\/07\/meydan-logo.svg","width":195,"height":46,"caption":"Meydan TV"},"image":{"@id":"https:\/\/www.meydan.tv\/az\/#\/schema\/logo\/image\/"}},{"@type":"Person","@id":"https:\/\/www.meydan.tv\/az\/#\/schema\/person\/981b0b284aeaa9ad0cbf814cd4a9d67c","name":"miron"}]}},"_links":{"self":[{"href":"https:\/\/www.meydan.tv\/az\/wp-json\/wp\/v2\/posts\/267192","targetHints":{"allow":["GET"]}}],"collection":[{"href":"https:\/\/www.meydan.tv\/az\/wp-json\/wp\/v2\/posts"}],"about":[{"href":"https:\/\/www.meydan.tv\/az\/wp-json\/wp\/v2\/types\/post"}],"author":[{"embeddable":true,"href":"https:\/\/www.meydan.tv\/az\/wp-json\/wp\/v2\/users\/18"}],"replies":[{"embeddable":true,"href":"https:\/\/www.meydan.tv\/az\/wp-json\/wp\/v2\/comments?post=267192"}],"version-history":[{"count":1,"href":"https:\/\/www.meydan.tv\/az\/wp-json\/wp\/v2\/posts\/267192\/revisions"}],"predecessor-version":[{"id":267222,"href":"https:\/\/www.meydan.tv\/az\/wp-json\/wp\/v2\/posts\/267192\/revisions\/267222"}],"wp:featuredmedia":[{"embeddable":true,"href":"https:\/\/www.meydan.tv\/az\/wp-json\/wp\/v2\/media\/267201"}],"wp:attachment":[{"href":"https:\/\/www.meydan.tv\/az\/wp-json\/wp\/v2\/media?parent=267192"}],"wp:term":[{"taxonomy":"category","embeddable":true,"href":"https:\/\/www.meydan.tv\/az\/wp-json\/wp\/v2\/categories?post=267192"},{"taxonomy":"post_tag","embeddable":true,"href":"https:\/\/www.meydan.tv\/az\/wp-json\/wp\/v2\/tags?post=267192"}],"curies":[{"name":"wp","href":"https:\/\/api.w.org\/{rel}","templated":true}]}}