{"id":267147,"date":"2023-01-31T17:23:09","date_gmt":"2023-01-31T13:23:09","guid":{"rendered":"https:\/\/www.meydan.tv\/?p=267147"},"modified":"2023-01-31T17:23:13","modified_gmt":"2023-01-31T13:23:13","slug":"berde-sakini-basqasi-senedsiz-ikimertebeli-obyekt-tikir-menim-ise-sikayetime-baxan-yoxdur","status":"publish","type":"post","link":"https:\/\/www.meydan.tv\/az\/article\/berde-sakini-basqasi-senedsiz-ikimertebeli-obyekt-tikir-menim-ise-sikayetime-baxan-yoxdur\/","title":{"rendered":"B\u0259rd\u0259 sakini: \u201cBa\u015fqas\u0131 s\u0259n\u0259dsiz ikim\u0259rt\u0259b\u0259li obyekt tikir, m\u0259nim is\u0259 \u015fikay\u0259tim\u0259 baxan yoxdur\u201d"},"content":{"rendered":"\n<p><\/p>\n\n\n\n<p><em>\u015eikay\u0259t\u00e7i d\u00f6vl\u0259t t\u0259dbiri \u00fc\u00e7\u00fcn s\u00f6k\u00fcl\u0259n obyektl\u0259rin\u0259 g\u00f6r\u0259 kompensasiya ala bilmir<\/em><\/p>\n\n\n\n<p>\u201cK\u0259ndin gir\u0259c\u0259yind\u0259&nbsp; yerl\u0259\u015f\u0259n 1.5 sot torpaq sah\u0259md\u0259 \u00e7ayxana, yem\u0259kxana v\u0259 bir d\u00fckan\u0131m vard\u0131, ki\u00e7ik sahibkard\u0131m. 2014-c\u00fc ild\u0259 B\u0259rd\u0259 Rayon \u0130cra Hakimiyy\u0259tinin ba\u015f\u00e7\u0131s\u0131 Vidadi \u0130sayev&nbsp; bildirdi ki, k\u0259ndin gir\u0259c\u0259yin\u0259 alaqap\u0131 qoyulmal\u0131d\u0131r. Bu, d\u00f6vl\u0259t t\u0259dbiridir. M\u0259nim d\u0259 \u00e7ayxana v\u0259 yem\u0259kxanam\u0131n s\u00f6k\u00fclm\u0259sin\u0259 q\u0259rar verildi. D\u00f6vl\u0259t t\u0259dbiri oldu\u011fundan raz\u0131la\u015fd\u0131q, ancaq obyektl\u0259r v\u0259 torpaq \u00fc\u00e7\u00fcn kompensasiya \u00f6d\u0259nilm\u0259di\u201d.<\/p>\n\n\n\n<p>Bunu Meydan TV-y\u0259 B\u0259rd\u0259 rayonunun Mirz\u0259xan-Qaraqoyunlu k\u0259ndind\u0259 ya\u015fayan Cavid Musayev bildirib. Onun s\u00f6zl\u0259rin\u0259 g\u00f6r\u0259, k\u0259ndin gir\u0259c\u0259yind\u0259 alaqap\u0131 in\u015fa edilib, lakin tikinti torpaq sah\u0259sind\u0259n xeyli aral\u0131da apar\u0131l\u0131b.<\/p>\n\n\n\n<p>\u201c2015-ci ild\u0259 Vidadi m\u00fc\u0259lliml\u0259 g\u00f6r\u00fc\u015fd\u00fcm, alaqap\u0131n\u0131n bizim torpaqdan aral\u0131da yerl\u0259\u015fdiyini n\u0259z\u0259r\u0259 alaraq obyektl\u0259rin yenid\u0259n in\u015fas\u0131na icaz\u0259 ist\u0259dim. Dedi ki, prezident a\u00e7\u0131l\u0131\u015fa g\u0259l\u0259c\u0259k, bundan sonra obyektl\u0259rinizi yenid\u0259n in\u015fa ed\u0259 bil\u0259c\u0259ksiniz. Amma bizim yol k\u0259nar\u0131 olan hiss\u0259y\u0259 d\u0259 16-17 \u0259d\u0259d \u015fam a\u011faclar\u0131 da \u0259kilmi\u015fdi\u201d,-\u015fikay\u0259t\u00e7i dan\u0131\u015f\u0131b.<\/p>\n\n\n\n<p>C.Musayev s\u00f6yl\u0259yib ki, qap\u0131n\u0131n a\u00e7\u0131l\u0131\u015f\u0131ndan sonra da obyektl\u0259rin tikintisin\u0259 icaz\u0259 verilm\u0259yib, n\u0259 torpaq, n\u0259 d\u0259 obyektl\u0259r \u00fc\u00e7\u00fcn kompensasiya \u00f6d\u0259nilib. Ekologiya v\u0259 T\u0259bii S\u0259rv\u0259tl\u0259r Nazirliyinin yerli idar\u0259si d\u0259 a\u011faclara toxunulmamas\u0131 \u00fc\u00e7\u00fcn x\u0259b\u0259rdarl\u0131q edib. N\u0259tic\u0259d\u0259 7 ildir \u00e7ar\u0259siz v\u0259ziyy\u0259td\u0259 \u00e7\u0131x\u0131\u015f yolu axtar\u0131l\u0131r:<\/p>\n\n\n\n<figure class=\"wp-block-image size-full\"><img decoding=\"async\" width=\"1200\" height=\"800\" data-src=\"https:\/\/www.meydan.tv\/wp-content\/uploads\/untitled-design-1-58.jpg\" alt=\"\" class=\"wp-image-267153 lazyload\" src=\"data:image\/svg+xml;base64,PHN2ZyB3aWR0aD0iMSIgaGVpZ2h0PSIxIiB4bWxucz0iaHR0cDovL3d3dy53My5vcmcvMjAwMC9zdmciPjwvc3ZnPg==\" style=\"--smush-placeholder-width: 1200px; --smush-placeholder-aspect-ratio: 1200\/800;\" \/><figcaption class=\"wp-element-caption\">Mirz\u0259xan-Qaraqoyunlu k\u0259ndinin giri\u015fi. Foto: Meydan TV<\/figcaption><\/figure>\n\n\n\n<p>\u201cTorpaq v\u0259 obyektl\u0259r\u0259&nbsp; dair r\u0259smi s\u0259n\u0259dl\u0259rim var. Bizim obyektl\u0259 \u00fczb\u0259\u00fcz olan v\u0259 yolun sol t\u0259r\u0259find\u0259ki m\u00fchafiz\u0259 zola\u011f\u0131nda, iridiametrli yeralt\u0131 \u00e7\u0259kilmi\u015f magistral qaz x\u0259ttinin d\u00fcz \u00fcst\u00fcnd\u0259 iki m\u0259rt\u0259b\u0259li b\u00f6y\u00fck bir kommersiya obyekti s\u0259n\u0259dsiz tikil\u0259r\u0259k istifad\u0259y\u0259 verilib. M\u0259nim is\u0259 \u015fikay\u0259tl\u0259rim\u0259 baxan yoxdur\u201d.<\/p>\n\n\n\n<p>K\u0259nd sakini deyir ki, \u00e7ayxana v\u0259 yem\u0259kxanaya yenid\u0259n texniki pasport almaq \u00fc\u00e7\u00fcn ASAN Xidm\u0259td\u0259 1500 manat r\u00fcsum haqq\u0131 \u00f6d\u0259yib, lakin \u018fmlak M\u0259s\u0259l\u0259l\u0259ri D\u00f6vl\u0259t Xidm\u0259tinin 7 sayl\u0131 \u018frazi \u0130dar\u0259si yenid\u0259n pasport vermir.<\/p>\n\n\n\n<p>B\u0259rd\u0259 R\u0130H ba\u015f\u00e7\u0131s\u0131n\u0131n Mirz\u0259xan Qaraqoyunlu k\u0259nd inzibati \u0259razi dair\u0259si \u00fczr\u0259 n\u00fcmay\u0259nd\u0259si V\u0259li S\u00fcleymanov Meydan TV-y\u0259 bildirib ki, C.Musayev m\u0259buri k\u00f6\u00e7k\u00fcn kimi h\u0259min k\u0259ndd\u0259 m\u0259skunla\u015f\u0131b v\u0259 torpaq sah\u0259sini d\u0259 al\u0131b. Ba\u015fqa bir k\u0259nd sakini d\u0259 orada obyekt tikib, h\u0259r ikisi d\u0259 torpaqla ba\u011fl\u0131 iddial\u0131d\u0131r:<\/p>\n\n\n\n<p>\u201cBiz Cavid\u0259 m\u0259hk\u0259m\u0259y\u0259 m\u00fcraci\u0259t etm\u0259yi t\u00f6vsiy\u0259 etmi\u015fik\u201d.&nbsp;&nbsp;<\/p>\n\n\n\n<p>\u0130cra hakimiyy\u0259tind\u0259n is\u0259 m\u0259s\u0259l\u0259 il\u0259 ba\u011fl\u0131 dan\u0131\u015fmaq ist\u0259m\u0259yibl\u0259r.<\/p>\n","protected":false},"excerpt":{"rendered":"<p>\u015eikay\u0259t\u00e7i d\u00f6vl\u0259t t\u0259dbiri \u00fc\u00e7\u00fcn s\u00f6k\u00fcl\u0259n obyektl\u0259rin\u0259 g\u00f6r\u0259 kompensasiya ala bilmir &#8230; <\/p>\n<p class=\"read-more-container\"><a title=\"B\u0259rd\u0259 sakini: \u201cBa\u015fqas\u0131 s\u0259n\u0259dsiz ikim\u0259rt\u0259b\u0259li obyekt tikir, m\u0259nim is\u0259 \u015fikay\u0259tim\u0259 baxan yoxdur\u201d\" class=\"read-more button\" href=\"https:\/\/www.meydan.tv\/az\/article\/berde-sakini-basqasi-senedsiz-ikimertebeli-obyekt-tikir-menim-ise-sikayetime-baxan-yoxdur\/#more-267147\" aria-label=\"Read more about B\u0259rd\u0259 sakini: \u201cBa\u015fqas\u0131 s\u0259n\u0259dsiz ikim\u0259rt\u0259b\u0259li obyekt tikir, m\u0259nim is\u0259 \u015fikay\u0259tim\u0259 baxan yoxdur\u201d\">Davam\u0131<\/a><\/p>\n","protected":false},"author":8,"featured_media":267150,"comment_status":"closed","ping_status":"closed","sticky":false,"template":"","format":"standard","meta":{"_acf_changed":false,"_sitemap_exclude":false,"_sitemap_priority":"","_sitemap_frequency":"","footnotes":""},"categories":[60,56],"tags":[],"class_list":["post-267147","post","type-post","status-publish","format-standard","has-post-thumbnail","hentry","category-bolge","category-xeberler","infinite-scroll-item","generate-columns","tablet-grid-50","mobile-grid-100","grid-parent","grid-33","no-featured-image-padding"],"acf":[],"yoast_head":"<!-- This site is optimized with the Yoast SEO plugin v27.5 - https:\/\/yoast.com\/product\/yoast-seo-wordpress\/ -->\n<title>B\u0259rd\u0259 sakini: \u201cBa\u015fqas\u0131 s\u0259n\u0259dsiz ikim\u0259rt\u0259b\u0259li obyekt tikir, m\u0259nim is\u0259 \u015fikay\u0259tim\u0259 baxan yoxdur\u201d - MEYDAN.TV<\/title>\n<meta name=\"robots\" content=\"index, follow, max-snippet:-1, max-image-preview:large, max-video-preview:-1\" \/>\n<link rel=\"canonical\" href=\"https:\/\/www.meydan.tv\/az\/article\/berde-sakini-basqasi-senedsiz-ikimertebeli-obyekt-tikir-menim-ise-sikayetime-baxan-yoxdur\/\" \/>\n<meta property=\"og:locale\" content=\"az_AZ\" \/>\n<meta property=\"og:type\" content=\"article\" \/>\n<meta property=\"og:title\" content=\"B\u0259rd\u0259 sakini: \u201cBa\u015fqas\u0131 s\u0259n\u0259dsiz ikim\u0259rt\u0259b\u0259li obyekt tikir, m\u0259nim is\u0259 \u015fikay\u0259tim\u0259 baxan yoxdur\u201d - MEYDAN.TV\" \/>\n<meta property=\"og:description\" content=\"\u015eikay\u0259t\u00e7i d\u00f6vl\u0259t t\u0259dbiri \u00fc\u00e7\u00fcn s\u00f6k\u00fcl\u0259n obyektl\u0259rin\u0259 g\u00f6r\u0259 kompensasiya ala bilmir ... Davam\u0131\" \/>\n<meta property=\"og:url\" content=\"https:\/\/www.meydan.tv\/az\/article\/berde-sakini-basqasi-senedsiz-ikimertebeli-obyekt-tikir-menim-ise-sikayetime-baxan-yoxdur\/\" \/>\n<meta property=\"og:site_name\" content=\"MEYDAN.TV\" \/>\n<meta property=\"article:published_time\" content=\"2023-01-31T13:23:09+00:00\" \/>\n<meta property=\"article:modified_time\" content=\"2023-01-31T13:23:13+00:00\" \/>\n<meta property=\"og:image\" content=\"https:\/\/www.meydan.tv\/wp-content\/uploads\/azedu.az_414326568_398.jpg\" \/>\n\t<meta property=\"og:image:width\" content=\"1200\" \/>\n\t<meta property=\"og:image:height\" content=\"649\" \/>\n\t<meta property=\"og:image:type\" content=\"image\/jpeg\" \/>\n<meta name=\"author\" content=\"elli\" \/>\n<meta name=\"twitter:card\" content=\"summary_large_image\" \/>\n<meta name=\"twitter:creator\" content=\"@elli\" \/>\n<script type=\"application\/ld+json\" class=\"yoast-schema-graph\">{\"@context\":\"https:\\\/\\\/schema.org\",\"@graph\":[{\"@type\":\"Article\",\"@id\":\"https:\\\/\\\/www.meydan.tv\\\/az\\\/article\\\/berde-sakini-basqasi-senedsiz-ikimertebeli-obyekt-tikir-menim-ise-sikayetime-baxan-yoxdur\\\/#article\",\"isPartOf\":{\"@id\":\"https:\\\/\\\/www.meydan.tv\\\/az\\\/article\\\/berde-sakini-basqasi-senedsiz-ikimertebeli-obyekt-tikir-menim-ise-sikayetime-baxan-yoxdur\\\/\"},\"author\":{\"name\":\"elli\",\"@id\":\"https:\\\/\\\/www.meydan.tv\\\/az\\\/#\\\/schema\\\/person\\\/9cdbecf90d17180ce1dfbd95b08dcf47\"},\"headline\":\"B\u0259rd\u0259 sakini: \u201cBa\u015fqas\u0131 s\u0259n\u0259dsiz ikim\u0259rt\u0259b\u0259li obyekt tikir, m\u0259nim is\u0259 \u015fikay\u0259tim\u0259 baxan yoxdur\u201d\",\"datePublished\":\"2023-01-31T13:23:09+00:00\",\"dateModified\":\"2023-01-31T13:23:13+00:00\",\"mainEntityOfPage\":{\"@id\":\"https:\\\/\\\/www.meydan.tv\\\/az\\\/article\\\/berde-sakini-basqasi-senedsiz-ikimertebeli-obyekt-tikir-menim-ise-sikayetime-baxan-yoxdur\\\/\"},\"wordCount\":545,\"publisher\":{\"@id\":\"https:\\\/\\\/www.meydan.tv\\\/az\\\/#organization\"},\"image\":{\"@id\":\"https:\\\/\\\/www.meydan.tv\\\/az\\\/article\\\/berde-sakini-basqasi-senedsiz-ikimertebeli-obyekt-tikir-menim-ise-sikayetime-baxan-yoxdur\\\/#primaryimage\"},\"thumbnailUrl\":\"https:\\\/\\\/www.meydan.tv\\\/wp-content\\\/uploads\\\/azedu.az_414326568_398.jpg\",\"articleSection\":[\"B\u00f6lg\u0259\",\"X\u0259b\u0259rl\u0259r\"],\"inLanguage\":\"az\"},{\"@type\":\"WebPage\",\"@id\":\"https:\\\/\\\/www.meydan.tv\\\/az\\\/article\\\/berde-sakini-basqasi-senedsiz-ikimertebeli-obyekt-tikir-menim-ise-sikayetime-baxan-yoxdur\\\/\",\"url\":\"https:\\\/\\\/www.meydan.tv\\\/az\\\/article\\\/berde-sakini-basqasi-senedsiz-ikimertebeli-obyekt-tikir-menim-ise-sikayetime-baxan-yoxdur\\\/\",\"name\":\"B\u0259rd\u0259 sakini: \u201cBa\u015fqas\u0131 s\u0259n\u0259dsiz ikim\u0259rt\u0259b\u0259li obyekt tikir, m\u0259nim is\u0259 \u015fikay\u0259tim\u0259 baxan yoxdur\u201d - MEYDAN.TV\",\"isPartOf\":{\"@id\":\"https:\\\/\\\/www.meydan.tv\\\/az\\\/#website\"},\"primaryImageOfPage\":{\"@id\":\"https:\\\/\\\/www.meydan.tv\\\/az\\\/article\\\/berde-sakini-basqasi-senedsiz-ikimertebeli-obyekt-tikir-menim-ise-sikayetime-baxan-yoxdur\\\/#primaryimage\"},\"image\":{\"@id\":\"https:\\\/\\\/www.meydan.tv\\\/az\\\/article\\\/berde-sakini-basqasi-senedsiz-ikimertebeli-obyekt-tikir-menim-ise-sikayetime-baxan-yoxdur\\\/#primaryimage\"},\"thumbnailUrl\":\"https:\\\/\\\/www.meydan.tv\\\/wp-content\\\/uploads\\\/azedu.az_414326568_398.jpg\",\"datePublished\":\"2023-01-31T13:23:09+00:00\",\"dateModified\":\"2023-01-31T13:23:13+00:00\",\"breadcrumb\":{\"@id\":\"https:\\\/\\\/www.meydan.tv\\\/az\\\/article\\\/berde-sakini-basqasi-senedsiz-ikimertebeli-obyekt-tikir-menim-ise-sikayetime-baxan-yoxdur\\\/#breadcrumb\"},\"inLanguage\":\"az\",\"potentialAction\":[{\"@type\":\"ReadAction\",\"target\":[\"https:\\\/\\\/www.meydan.tv\\\/az\\\/article\\\/berde-sakini-basqasi-senedsiz-ikimertebeli-obyekt-tikir-menim-ise-sikayetime-baxan-yoxdur\\\/\"]}]},{\"@type\":\"ImageObject\",\"inLanguage\":\"az\",\"@id\":\"https:\\\/\\\/www.meydan.tv\\\/az\\\/article\\\/berde-sakini-basqasi-senedsiz-ikimertebeli-obyekt-tikir-menim-ise-sikayetime-baxan-yoxdur\\\/#primaryimage\",\"url\":\"https:\\\/\\\/www.meydan.tv\\\/wp-content\\\/uploads\\\/azedu.az_414326568_398.jpg\",\"contentUrl\":\"https:\\\/\\\/www.meydan.tv\\\/wp-content\\\/uploads\\\/azedu.az_414326568_398.jpg\",\"width\":1200,\"height\":649,\"caption\":\"B\u0259rd\u0259. Foto: \\\"edu.az\\\"\"},{\"@type\":\"BreadcrumbList\",\"@id\":\"https:\\\/\\\/www.meydan.tv\\\/az\\\/article\\\/berde-sakini-basqasi-senedsiz-ikimertebeli-obyekt-tikir-menim-ise-sikayetime-baxan-yoxdur\\\/#breadcrumb\",\"itemListElement\":[{\"@type\":\"ListItem\",\"position\":1,\"name\":\"Ana s\u0259hif\u0259\",\"item\":\"https:\\\/\\\/www.meydan.tv\\\/az\\\/\"},{\"@type\":\"ListItem\",\"position\":2,\"name\":\"B\u00f6lg\u0259\",\"item\":\"https:\\\/\\\/www.meydan.tv\\\/az\\\/section\\\/bolge\\\/\"},{\"@type\":\"ListItem\",\"position\":3,\"name\":\"B\u0259rd\u0259 sakini: \u201cBa\u015fqas\u0131 s\u0259n\u0259dsiz ikim\u0259rt\u0259b\u0259li obyekt tikir, m\u0259nim is\u0259 \u015fikay\u0259tim\u0259 baxan yoxdur\u201d\"}]},{\"@type\":\"WebSite\",\"@id\":\"https:\\\/\\\/www.meydan.tv\\\/az\\\/#website\",\"url\":\"https:\\\/\\\/www.meydan.tv\\\/az\\\/\",\"name\":\"MEYDAN.TV\",\"description\":\"Meydan TV Az\u0259rbaycan\u0131n media m\u0259kan\u0131ndak\u0131 alternativ s\u0259sidir\",\"publisher\":{\"@id\":\"https:\\\/\\\/www.meydan.tv\\\/az\\\/#organization\"},\"potentialAction\":[{\"@type\":\"SearchAction\",\"target\":{\"@type\":\"EntryPoint\",\"urlTemplate\":\"https:\\\/\\\/www.meydan.tv\\\/az\\\/?s={search_term_string}\"},\"query-input\":{\"@type\":\"PropertyValueSpecification\",\"valueRequired\":true,\"valueName\":\"search_term_string\"}}],\"inLanguage\":\"az\"},{\"@type\":\"Organization\",\"@id\":\"https:\\\/\\\/www.meydan.tv\\\/az\\\/#organization\",\"name\":\"Meydan TV\",\"url\":\"https:\\\/\\\/www.meydan.tv\\\/az\\\/\",\"logo\":{\"@type\":\"ImageObject\",\"inLanguage\":\"az\",\"@id\":\"https:\\\/\\\/www.meydan.tv\\\/az\\\/#\\\/schema\\\/logo\\\/image\\\/\",\"url\":\"https:\\\/\\\/www.meydan.tv\\\/wp-content\\\/uploads\\\/2021\\\/07\\\/meydan-logo.svg\",\"contentUrl\":\"https:\\\/\\\/www.meydan.tv\\\/wp-content\\\/uploads\\\/2021\\\/07\\\/meydan-logo.svg\",\"width\":195,\"height\":46,\"caption\":\"Meydan TV\"},\"image\":{\"@id\":\"https:\\\/\\\/www.meydan.tv\\\/az\\\/#\\\/schema\\\/logo\\\/image\\\/\"}},{\"@type\":\"Person\",\"@id\":\"https:\\\/\\\/www.meydan.tv\\\/az\\\/#\\\/schema\\\/person\\\/9cdbecf90d17180ce1dfbd95b08dcf47\",\"name\":\"elli\",\"sameAs\":[\"https:\\\/\\\/x.com\\\/elli\"]}]}<\/script>\n<!-- \/ Yoast SEO plugin. -->","yoast_head_json":{"title":"B\u0259rd\u0259 sakini: \u201cBa\u015fqas\u0131 s\u0259n\u0259dsiz ikim\u0259rt\u0259b\u0259li obyekt tikir, m\u0259nim is\u0259 \u015fikay\u0259tim\u0259 baxan yoxdur\u201d - MEYDAN.TV","robots":{"index":"index","follow":"follow","max-snippet":"max-snippet:-1","max-image-preview":"max-image-preview:large","max-video-preview":"max-video-preview:-1"},"canonical":"https:\/\/www.meydan.tv\/az\/article\/berde-sakini-basqasi-senedsiz-ikimertebeli-obyekt-tikir-menim-ise-sikayetime-baxan-yoxdur\/","og_locale":"az_AZ","og_type":"article","og_title":"B\u0259rd\u0259 sakini: \u201cBa\u015fqas\u0131 s\u0259n\u0259dsiz ikim\u0259rt\u0259b\u0259li obyekt tikir, m\u0259nim is\u0259 \u015fikay\u0259tim\u0259 baxan yoxdur\u201d - MEYDAN.TV","og_description":"\u015eikay\u0259t\u00e7i d\u00f6vl\u0259t t\u0259dbiri \u00fc\u00e7\u00fcn s\u00f6k\u00fcl\u0259n obyektl\u0259rin\u0259 g\u00f6r\u0259 kompensasiya ala bilmir ... Davam\u0131","og_url":"https:\/\/www.meydan.tv\/az\/article\/berde-sakini-basqasi-senedsiz-ikimertebeli-obyekt-tikir-menim-ise-sikayetime-baxan-yoxdur\/","og_site_name":"MEYDAN.TV","article_published_time":"2023-01-31T13:23:09+00:00","article_modified_time":"2023-01-31T13:23:13+00:00","og_image":[{"width":1200,"height":649,"url":"https:\/\/www.meydan.tv\/wp-content\/uploads\/azedu.az_414326568_398.jpg","type":"image\/jpeg"}],"author":"elli","twitter_card":"summary_large_image","twitter_creator":"@elli","schema":{"@context":"https:\/\/schema.org","@graph":[{"@type":"Article","@id":"https:\/\/www.meydan.tv\/az\/article\/berde-sakini-basqasi-senedsiz-ikimertebeli-obyekt-tikir-menim-ise-sikayetime-baxan-yoxdur\/#article","isPartOf":{"@id":"https:\/\/www.meydan.tv\/az\/article\/berde-sakini-basqasi-senedsiz-ikimertebeli-obyekt-tikir-menim-ise-sikayetime-baxan-yoxdur\/"},"author":{"name":"elli","@id":"https:\/\/www.meydan.tv\/az\/#\/schema\/person\/9cdbecf90d17180ce1dfbd95b08dcf47"},"headline":"B\u0259rd\u0259 sakini: \u201cBa\u015fqas\u0131 s\u0259n\u0259dsiz ikim\u0259rt\u0259b\u0259li obyekt tikir, m\u0259nim is\u0259 \u015fikay\u0259tim\u0259 baxan yoxdur\u201d","datePublished":"2023-01-31T13:23:09+00:00","dateModified":"2023-01-31T13:23:13+00:00","mainEntityOfPage":{"@id":"https:\/\/www.meydan.tv\/az\/article\/berde-sakini-basqasi-senedsiz-ikimertebeli-obyekt-tikir-menim-ise-sikayetime-baxan-yoxdur\/"},"wordCount":545,"publisher":{"@id":"https:\/\/www.meydan.tv\/az\/#organization"},"image":{"@id":"https:\/\/www.meydan.tv\/az\/article\/berde-sakini-basqasi-senedsiz-ikimertebeli-obyekt-tikir-menim-ise-sikayetime-baxan-yoxdur\/#primaryimage"},"thumbnailUrl":"https:\/\/www.meydan.tv\/wp-content\/uploads\/azedu.az_414326568_398.jpg","articleSection":["B\u00f6lg\u0259","X\u0259b\u0259rl\u0259r"],"inLanguage":"az"},{"@type":"WebPage","@id":"https:\/\/www.meydan.tv\/az\/article\/berde-sakini-basqasi-senedsiz-ikimertebeli-obyekt-tikir-menim-ise-sikayetime-baxan-yoxdur\/","url":"https:\/\/www.meydan.tv\/az\/article\/berde-sakini-basqasi-senedsiz-ikimertebeli-obyekt-tikir-menim-ise-sikayetime-baxan-yoxdur\/","name":"B\u0259rd\u0259 sakini: \u201cBa\u015fqas\u0131 s\u0259n\u0259dsiz ikim\u0259rt\u0259b\u0259li obyekt tikir, m\u0259nim is\u0259 \u015fikay\u0259tim\u0259 baxan yoxdur\u201d - MEYDAN.TV","isPartOf":{"@id":"https:\/\/www.meydan.tv\/az\/#website"},"primaryImageOfPage":{"@id":"https:\/\/www.meydan.tv\/az\/article\/berde-sakini-basqasi-senedsiz-ikimertebeli-obyekt-tikir-menim-ise-sikayetime-baxan-yoxdur\/#primaryimage"},"image":{"@id":"https:\/\/www.meydan.tv\/az\/article\/berde-sakini-basqasi-senedsiz-ikimertebeli-obyekt-tikir-menim-ise-sikayetime-baxan-yoxdur\/#primaryimage"},"thumbnailUrl":"https:\/\/www.meydan.tv\/wp-content\/uploads\/azedu.az_414326568_398.jpg","datePublished":"2023-01-31T13:23:09+00:00","dateModified":"2023-01-31T13:23:13+00:00","breadcrumb":{"@id":"https:\/\/www.meydan.tv\/az\/article\/berde-sakini-basqasi-senedsiz-ikimertebeli-obyekt-tikir-menim-ise-sikayetime-baxan-yoxdur\/#breadcrumb"},"inLanguage":"az","potentialAction":[{"@type":"ReadAction","target":["https:\/\/www.meydan.tv\/az\/article\/berde-sakini-basqasi-senedsiz-ikimertebeli-obyekt-tikir-menim-ise-sikayetime-baxan-yoxdur\/"]}]},{"@type":"ImageObject","inLanguage":"az","@id":"https:\/\/www.meydan.tv\/az\/article\/berde-sakini-basqasi-senedsiz-ikimertebeli-obyekt-tikir-menim-ise-sikayetime-baxan-yoxdur\/#primaryimage","url":"https:\/\/www.meydan.tv\/wp-content\/uploads\/azedu.az_414326568_398.jpg","contentUrl":"https:\/\/www.meydan.tv\/wp-content\/uploads\/azedu.az_414326568_398.jpg","width":1200,"height":649,"caption":"B\u0259rd\u0259. Foto: \"edu.az\""},{"@type":"BreadcrumbList","@id":"https:\/\/www.meydan.tv\/az\/article\/berde-sakini-basqasi-senedsiz-ikimertebeli-obyekt-tikir-menim-ise-sikayetime-baxan-yoxdur\/#breadcrumb","itemListElement":[{"@type":"ListItem","position":1,"name":"Ana s\u0259hif\u0259","item":"https:\/\/www.meydan.tv\/az\/"},{"@type":"ListItem","position":2,"name":"B\u00f6lg\u0259","item":"https:\/\/www.meydan.tv\/az\/section\/bolge\/"},{"@type":"ListItem","position":3,"name":"B\u0259rd\u0259 sakini: \u201cBa\u015fqas\u0131 s\u0259n\u0259dsiz ikim\u0259rt\u0259b\u0259li obyekt tikir, m\u0259nim is\u0259 \u015fikay\u0259tim\u0259 baxan yoxdur\u201d"}]},{"@type":"WebSite","@id":"https:\/\/www.meydan.tv\/az\/#website","url":"https:\/\/www.meydan.tv\/az\/","name":"MEYDAN.TV","description":"Meydan TV Az\u0259rbaycan\u0131n media m\u0259kan\u0131ndak\u0131 alternativ s\u0259sidir","publisher":{"@id":"https:\/\/www.meydan.tv\/az\/#organization"},"potentialAction":[{"@type":"SearchAction","target":{"@type":"EntryPoint","urlTemplate":"https:\/\/www.meydan.tv\/az\/?s={search_term_string}"},"query-input":{"@type":"PropertyValueSpecification","valueRequired":true,"valueName":"search_term_string"}}],"inLanguage":"az"},{"@type":"Organization","@id":"https:\/\/www.meydan.tv\/az\/#organization","name":"Meydan TV","url":"https:\/\/www.meydan.tv\/az\/","logo":{"@type":"ImageObject","inLanguage":"az","@id":"https:\/\/www.meydan.tv\/az\/#\/schema\/logo\/image\/","url":"https:\/\/www.meydan.tv\/wp-content\/uploads\/2021\/07\/meydan-logo.svg","contentUrl":"https:\/\/www.meydan.tv\/wp-content\/uploads\/2021\/07\/meydan-logo.svg","width":195,"height":46,"caption":"Meydan TV"},"image":{"@id":"https:\/\/www.meydan.tv\/az\/#\/schema\/logo\/image\/"}},{"@type":"Person","@id":"https:\/\/www.meydan.tv\/az\/#\/schema\/person\/9cdbecf90d17180ce1dfbd95b08dcf47","name":"elli","sameAs":["https:\/\/x.com\/elli"]}]}},"_links":{"self":[{"href":"https:\/\/www.meydan.tv\/az\/wp-json\/wp\/v2\/posts\/267147","targetHints":{"allow":["GET"]}}],"collection":[{"href":"https:\/\/www.meydan.tv\/az\/wp-json\/wp\/v2\/posts"}],"about":[{"href":"https:\/\/www.meydan.tv\/az\/wp-json\/wp\/v2\/types\/post"}],"author":[{"embeddable":true,"href":"https:\/\/www.meydan.tv\/az\/wp-json\/wp\/v2\/users\/8"}],"replies":[{"embeddable":true,"href":"https:\/\/www.meydan.tv\/az\/wp-json\/wp\/v2\/comments?post=267147"}],"version-history":[{"count":1,"href":"https:\/\/www.meydan.tv\/az\/wp-json\/wp\/v2\/posts\/267147\/revisions"}],"predecessor-version":[{"id":267156,"href":"https:\/\/www.meydan.tv\/az\/wp-json\/wp\/v2\/posts\/267147\/revisions\/267156"}],"wp:featuredmedia":[{"embeddable":true,"href":"https:\/\/www.meydan.tv\/az\/wp-json\/wp\/v2\/media\/267150"}],"wp:attachment":[{"href":"https:\/\/www.meydan.tv\/az\/wp-json\/wp\/v2\/media?parent=267147"}],"wp:term":[{"taxonomy":"category","embeddable":true,"href":"https:\/\/www.meydan.tv\/az\/wp-json\/wp\/v2\/categories?post=267147"},{"taxonomy":"post_tag","embeddable":true,"href":"https:\/\/www.meydan.tv\/az\/wp-json\/wp\/v2\/tags?post=267147"}],"curies":[{"name":"wp","href":"https:\/\/api.w.org\/{rel}","templated":true}]}}