{"id":267082,"date":"2023-01-30T23:03:22","date_gmt":"2023-01-30T19:03:22","guid":{"rendered":"https:\/\/www.meydan.tv\/?p=267082"},"modified":"2023-01-30T23:04:45","modified_gmt":"2023-01-30T19:04:45","slug":"qax-sakini-emlak-komitesi-elektron-xeritede-pay-torpaqlarimizi-az-gosterir","status":"publish","type":"post","link":"https:\/\/www.meydan.tv\/az\/article\/qax-sakini-emlak-komitesi-elektron-xeritede-pay-torpaqlarimizi-az-gosterir\/","title":{"rendered":"Qax sakini: \u201c\u018fmlak Komit\u0259si elektron x\u0259rit\u0259d\u0259 pay torpaqlar\u0131m\u0131z\u0131 az g\u00f6st\u0259rir\u201d"},"content":{"rendered":"\n<p><\/p>\n\n\n\n<p><em>B\u0259xtiyar \u0130brahimx\u0259lilov elektron x\u0259rit\u0259 haz\u0131rlanark\u0259n x\u0259b\u0259rsiz olduqlar\u0131n\u0131 deyir<\/em><\/p>\n\n\n\n<p>Qax rayonunun Almal\u0131 k\u0259nd sakini B\u0259xtiyar \u0130brahimx\u0259lilov pay torpaqlar\u0131n\u0131n sah\u0259sinin yeni elektron x\u0259rit\u0259d\u0259 az g\u00f6st\u0259rildiyini iddia edir. Onun s\u00f6zl\u0259rin\u0259 g\u00f6r\u0259, D\u00f6vl\u0259t Akt\u0131 \u0259sas\u0131nda ail\u0259sin\u0259 veril\u0259n pay torpaqlar\u0131 indi elektron x\u0259rit\u0259d\u0259 0.57 hektar az g\u00f6st\u0259rilib.<\/p>\n\n\n\n<p><strong>\u201cNiy\u0259 bel\u0259 olmal\u0131d\u0131r?\u201d<\/strong><\/p>\n\n\n\n<p>B\u0259xtiyar \u0130brahimx\u0259lilov deyir ki, 1998-ci ild\u0259 D\u00f6vl\u0259t Akt\u0131 \u0259sas\u0131nda onlar\u0131n ail\u0259sin\u0259 3.71 v\u0259 2.93 hektar olmaqla, iki hiss\u0259 pay torpa\u011f\u0131 verilib. Lakin elektron x\u0259rit\u0259 haz\u0131rlananda bu hiss\u0259l\u0259rin birind\u0259 torpaq sah\u0259si az g\u00f6st\u0259rilib: <\/p>\n\n\n\n<p>\u201c2.93 hektar\u0131n \u0259v\u0259zin\u0259 2.36 hektar g\u00f6st\u0259rilib. Y\u0259ni 0.57 hektar az el\u0259yir. Bu da kifay\u0259t q\u0259d\u0259r b\u00f6y\u00fck r\u0259q\u0259m v\u0259 \u0259razi dem\u0259kdir. Niy\u0259 bel\u0259 olmal\u0131d\u0131r? \u0130\u015f apar\u0131landa da biz\u0259 bu bar\u0259d\u0259 m\u0259lumat verilm\u0259yib\u201d.<\/p>\n\n\n\n<p><strong>\u201c\u0130\u015ftirak\u0131m\u0131z t\u0259min olunsayd\u0131, bil\u0259rdik ki, n\u0259 var, n\u0259 yox\u201d<\/strong><\/p>\n\n\n\n<p>Qax sakininin s\u00f6zl\u0259rin\u0259 g\u00f6r\u0259, bu m\u00fcbahis\u0259 \u00fcz\u00fcnd\u0259n torpaq sah\u0259sin\u0259 \u00e7\u0131xar\u0131\u015f da ala bilmir. \u00c7\u00fcnki o, 2.93 hektarl\u0131q \u0259raziy\u0259 \u00e7\u0131xar\u0131\u015f almaqda israrl\u0131d\u0131r, \u018fmlak M\u0259s\u0259l\u0259l\u0259ri D\u00f6vl\u0259t Komit\u0259sinin \u015e\u0259ki \u018frazi Qeydiyyat \u0130dar\u0259si is\u0259 2.36 hektarl\u0131q hiss\u0259y\u0259 \u00e7\u0131xar\u0131\u015f verm\u0259y\u0259 raz\u0131la\u015f\u0131r. Bu s\u0259b\u0259bd\u0259n m\u0259s\u0259l\u0259 a\u00e7\u0131q qal\u0131b:<\/p>\n\n\n\n<figure class=\"wp-block-image size-full\"><img decoding=\"async\" width=\"1089\" height=\"652\" data-src=\"https:\/\/www.meydan.tv\/wp-content\/uploads\/photo-2023-01-30-20-24-02-rotated.jpg\" alt=\"\" class=\"wp-image-267073 lazyload\" src=\"data:image\/svg+xml;base64,PHN2ZyB3aWR0aD0iMSIgaGVpZ2h0PSIxIiB4bWxucz0iaHR0cDovL3d3dy53My5vcmcvMjAwMC9zdmciPjwvc3ZnPg==\" style=\"--smush-placeholder-width: 1089px; --smush-placeholder-aspect-ratio: 1089\/652;\" \/><figcaption class=\"wp-element-caption\">Foto: Meydan TV<\/figcaption><\/figure>\n\n\n\n<p>\u201cTorpaq sah\u0259m\u0259 \u00e7\u0131xar\u0131\u015f almaq ist\u0259yir\u0259m. \u018fmlak M\u0259s\u0259l\u0259l\u0259ri D\u00f6vl\u0259t Komit\u0259sinin \u015e\u0259ki \u0130dar\u0259si is\u0259 m\u0259cbur edir ki, yox, 2.36 hektar sah\u0259y\u0259 \u00e7\u0131xar\u0131\u015f verilsin. M\u0259n d\u0259 bununla raz\u0131la\u015fm\u0131ram. Ax\u0131 onda m\u0259n 0.57 hektar torpaq sah\u0259mi itirmi\u015f olacam. Niy\u0259 itirim o torpaqlar\u0131? Yeni elektron x\u0259rit\u0259l\u0259r haz\u0131rlananda bizim x\u0259b\u0259rimiz olsayd\u0131, i\u015ftirak\u0131m\u0131z t\u0259min edils\u0259ydi, bil\u0259rdik ki, n\u0259 var, n\u0259 yox&#8230;\u201d<\/p>\n\n\n\n<p>B\u0259xtiyar \u0130brahimx\u0259lilov t\u0259l\u0259b edir ki, pay torpaqlar\u0131 1998-ci ild\u0259 veril\u0259n D\u00f6vl\u0259t Akt\u0131na, koordinatlara uy\u011fun g\u00f6st\u0259rilsin.<\/p>\n\n\n\n<p><strong>\u201cOla bilsin, m\u0259hk\u0259m\u0259d\u0259 ekspertiza t\u0259yin olunar&#8230;\u201d<\/strong><\/p>\n\n\n\n<p>D\u00f6vl\u0259t \u018fmlak Komit\u0259sind\u0259n is\u0259 bildirilib ki, elektron x\u0259rit\u0259l\u0259r haz\u0131rlanark\u0259n ara\u015fd\u0131rma apar\u0131l\u0131b v\u0259 s\u0259n\u0259dl\u0259r t\u0259rtib olunub.<\/p>\n\n\n<div class=\"wp-block-image\">\n<figure class=\"alignleft size-full is-resized\"><img decoding=\"async\" data-src=\"https:\/\/www.meydan.tv\/wp-content\/uploads\/photo-2023-01-30-20-24-10_720.jpg\" alt=\"\" class=\"wp-image-267076 lazyload\" width=\"283\" height=\"440\" src=\"data:image\/svg+xml;base64,PHN2ZyB3aWR0aD0iMSIgaGVpZ2h0PSIxIiB4bWxucz0iaHR0cDovL3d3dy53My5vcmcvMjAwMC9zdmciPjwvc3ZnPg==\" style=\"--smush-placeholder-width: 283px; --smush-placeholder-aspect-ratio: 283\/440;\" \/><figcaption class=\"wp-element-caption\">Foto: Meydan TV<\/figcaption><\/figure>\n<\/div>\n\n\n<p>Qax Rayon \u0130cra Hakimiyy\u0259tind\u0259n Meydan TV-y\u0259 deyilib ki, v\u0259t\u0259nda\u015f naraz\u0131 qald\u0131\u011f\u0131 halda, m\u0259hk\u0259m\u0259y\u0259 m\u00fcraci\u0259t ed\u0259 bil\u0259r:<\/p>\n\n\n\n<p>\u201cOla bilsin, m\u0259hk\u0259m\u0259d\u0259 ekspertiza t\u0259yin olunar, yenid\u0259n hesablama apar\u0131lar&#8230;\u201d.<\/p>\n","protected":false},"excerpt":{"rendered":"<p>B\u0259xtiyar \u0130brahimx\u0259lilov elektron x\u0259rit\u0259 haz\u0131rlanark\u0259n x\u0259b\u0259rsiz olduqlar\u0131n\u0131 deyir Qax rayonunun &#8230; <\/p>\n<p class=\"read-more-container\"><a title=\"Qax sakini: \u201c\u018fmlak Komit\u0259si elektron x\u0259rit\u0259d\u0259 pay torpaqlar\u0131m\u0131z\u0131 az g\u00f6st\u0259rir\u201d\" class=\"read-more button\" href=\"https:\/\/www.meydan.tv\/az\/article\/qax-sakini-emlak-komitesi-elektron-xeritede-pay-torpaqlarimizi-az-gosterir\/#more-267082\" aria-label=\"Read more about Qax sakini: \u201c\u018fmlak Komit\u0259si elektron x\u0259rit\u0259d\u0259 pay torpaqlar\u0131m\u0131z\u0131 az g\u00f6st\u0259rir\u201d\">Davam\u0131<\/a><\/p>\n","protected":false},"author":8,"featured_media":267079,"comment_status":"closed","ping_status":"closed","sticky":false,"template":"","format":"standard","meta":{"_acf_changed":false,"_sitemap_exclude":false,"_sitemap_priority":"","_sitemap_frequency":"","footnotes":""},"categories":[60,56],"tags":[],"class_list":["post-267082","post","type-post","status-publish","format-standard","has-post-thumbnail","hentry","category-bolge","category-xeberler","infinite-scroll-item","generate-columns","tablet-grid-50","mobile-grid-100","grid-parent","grid-33","no-featured-image-padding"],"acf":[],"yoast_head":"<!-- This site is optimized with the Yoast SEO plugin v27.5 - https:\/\/yoast.com\/product\/yoast-seo-wordpress\/ -->\n<title>Qax sakini: \u201c\u018fmlak Komit\u0259si elektron x\u0259rit\u0259d\u0259 pay torpaqlar\u0131m\u0131z\u0131 az g\u00f6st\u0259rir\u201d - MEYDAN.TV<\/title>\n<meta name=\"robots\" content=\"index, follow, max-snippet:-1, max-image-preview:large, max-video-preview:-1\" \/>\n<link rel=\"canonical\" href=\"https:\/\/www.meydan.tv\/az\/article\/qax-sakini-emlak-komitesi-elektron-xeritede-pay-torpaqlarimizi-az-gosterir\/\" \/>\n<meta property=\"og:locale\" content=\"az_AZ\" \/>\n<meta property=\"og:type\" content=\"article\" \/>\n<meta property=\"og:title\" content=\"Qax sakini: \u201c\u018fmlak Komit\u0259si elektron x\u0259rit\u0259d\u0259 pay torpaqlar\u0131m\u0131z\u0131 az g\u00f6st\u0259rir\u201d - MEYDAN.TV\" \/>\n<meta property=\"og:description\" content=\"B\u0259xtiyar \u0130brahimx\u0259lilov elektron x\u0259rit\u0259 haz\u0131rlanark\u0259n x\u0259b\u0259rsiz olduqlar\u0131n\u0131 deyir Qax rayonunun ... Davam\u0131\" \/>\n<meta property=\"og:url\" content=\"https:\/\/www.meydan.tv\/az\/article\/qax-sakini-emlak-komitesi-elektron-xeritede-pay-torpaqlarimizi-az-gosterir\/\" \/>\n<meta property=\"og:site_name\" content=\"MEYDAN.TV\" \/>\n<meta property=\"article:published_time\" content=\"2023-01-30T19:03:22+00:00\" \/>\n<meta property=\"article:modified_time\" content=\"2023-01-30T19:04:45+00:00\" \/>\n<meta property=\"og:image\" content=\"https:\/\/www.meydan.tv\/wp-content\/uploads\/emlak_meseleleri_komitesi_051215.jpg\" \/>\n\t<meta property=\"og:image:width\" content=\"1200\" \/>\n\t<meta property=\"og:image:height\" content=\"814\" \/>\n\t<meta property=\"og:image:type\" content=\"image\/jpeg\" \/>\n<meta name=\"author\" content=\"elli\" \/>\n<meta name=\"twitter:card\" content=\"summary_large_image\" \/>\n<meta name=\"twitter:creator\" content=\"@elli\" \/>\n<script type=\"application\/ld+json\" class=\"yoast-schema-graph\">{\"@context\":\"https:\\\/\\\/schema.org\",\"@graph\":[{\"@type\":\"Article\",\"@id\":\"https:\\\/\\\/www.meydan.tv\\\/az\\\/article\\\/qax-sakini-emlak-komitesi-elektron-xeritede-pay-torpaqlarimizi-az-gosterir\\\/#article\",\"isPartOf\":{\"@id\":\"https:\\\/\\\/www.meydan.tv\\\/az\\\/article\\\/qax-sakini-emlak-komitesi-elektron-xeritede-pay-torpaqlarimizi-az-gosterir\\\/\"},\"author\":{\"name\":\"elli\",\"@id\":\"https:\\\/\\\/www.meydan.tv\\\/az\\\/#\\\/schema\\\/person\\\/9cdbecf90d17180ce1dfbd95b08dcf47\"},\"headline\":\"Qax sakini: \u201c\u018fmlak Komit\u0259si elektron x\u0259rit\u0259d\u0259 pay torpaqlar\u0131m\u0131z\u0131 az g\u00f6st\u0259rir\u201d\",\"datePublished\":\"2023-01-30T19:03:22+00:00\",\"dateModified\":\"2023-01-30T19:04:45+00:00\",\"mainEntityOfPage\":{\"@id\":\"https:\\\/\\\/www.meydan.tv\\\/az\\\/article\\\/qax-sakini-emlak-komitesi-elektron-xeritede-pay-torpaqlarimizi-az-gosterir\\\/\"},\"wordCount\":464,\"publisher\":{\"@id\":\"https:\\\/\\\/www.meydan.tv\\\/az\\\/#organization\"},\"image\":{\"@id\":\"https:\\\/\\\/www.meydan.tv\\\/az\\\/article\\\/qax-sakini-emlak-komitesi-elektron-xeritede-pay-torpaqlarimizi-az-gosterir\\\/#primaryimage\"},\"thumbnailUrl\":\"https:\\\/\\\/www.meydan.tv\\\/wp-content\\\/uploads\\\/emlak_meseleleri_komitesi_051215.jpg\",\"articleSection\":[\"B\u00f6lg\u0259\",\"X\u0259b\u0259rl\u0259r\"],\"inLanguage\":\"az\"},{\"@type\":\"WebPage\",\"@id\":\"https:\\\/\\\/www.meydan.tv\\\/az\\\/article\\\/qax-sakini-emlak-komitesi-elektron-xeritede-pay-torpaqlarimizi-az-gosterir\\\/\",\"url\":\"https:\\\/\\\/www.meydan.tv\\\/az\\\/article\\\/qax-sakini-emlak-komitesi-elektron-xeritede-pay-torpaqlarimizi-az-gosterir\\\/\",\"name\":\"Qax sakini: \u201c\u018fmlak Komit\u0259si elektron x\u0259rit\u0259d\u0259 pay torpaqlar\u0131m\u0131z\u0131 az g\u00f6st\u0259rir\u201d - MEYDAN.TV\",\"isPartOf\":{\"@id\":\"https:\\\/\\\/www.meydan.tv\\\/az\\\/#website\"},\"primaryImageOfPage\":{\"@id\":\"https:\\\/\\\/www.meydan.tv\\\/az\\\/article\\\/qax-sakini-emlak-komitesi-elektron-xeritede-pay-torpaqlarimizi-az-gosterir\\\/#primaryimage\"},\"image\":{\"@id\":\"https:\\\/\\\/www.meydan.tv\\\/az\\\/article\\\/qax-sakini-emlak-komitesi-elektron-xeritede-pay-torpaqlarimizi-az-gosterir\\\/#primaryimage\"},\"thumbnailUrl\":\"https:\\\/\\\/www.meydan.tv\\\/wp-content\\\/uploads\\\/emlak_meseleleri_komitesi_051215.jpg\",\"datePublished\":\"2023-01-30T19:03:22+00:00\",\"dateModified\":\"2023-01-30T19:04:45+00:00\",\"breadcrumb\":{\"@id\":\"https:\\\/\\\/www.meydan.tv\\\/az\\\/article\\\/qax-sakini-emlak-komitesi-elektron-xeritede-pay-torpaqlarimizi-az-gosterir\\\/#breadcrumb\"},\"inLanguage\":\"az\",\"potentialAction\":[{\"@type\":\"ReadAction\",\"target\":[\"https:\\\/\\\/www.meydan.tv\\\/az\\\/article\\\/qax-sakini-emlak-komitesi-elektron-xeritede-pay-torpaqlarimizi-az-gosterir\\\/\"]}]},{\"@type\":\"ImageObject\",\"inLanguage\":\"az\",\"@id\":\"https:\\\/\\\/www.meydan.tv\\\/az\\\/article\\\/qax-sakini-emlak-komitesi-elektron-xeritede-pay-torpaqlarimizi-az-gosterir\\\/#primaryimage\",\"url\":\"https:\\\/\\\/www.meydan.tv\\\/wp-content\\\/uploads\\\/emlak_meseleleri_komitesi_051215.jpg\",\"contentUrl\":\"https:\\\/\\\/www.meydan.tv\\\/wp-content\\\/uploads\\\/emlak_meseleleri_komitesi_051215.jpg\",\"width\":1200,\"height\":814,\"caption\":\"\u018fmlak Komit\u0259si. Foto: \\\"bbn.az\\\"\"},{\"@type\":\"BreadcrumbList\",\"@id\":\"https:\\\/\\\/www.meydan.tv\\\/az\\\/article\\\/qax-sakini-emlak-komitesi-elektron-xeritede-pay-torpaqlarimizi-az-gosterir\\\/#breadcrumb\",\"itemListElement\":[{\"@type\":\"ListItem\",\"position\":1,\"name\":\"Ana s\u0259hif\u0259\",\"item\":\"https:\\\/\\\/www.meydan.tv\\\/az\\\/\"},{\"@type\":\"ListItem\",\"position\":2,\"name\":\"B\u00f6lg\u0259\",\"item\":\"https:\\\/\\\/www.meydan.tv\\\/az\\\/section\\\/bolge\\\/\"},{\"@type\":\"ListItem\",\"position\":3,\"name\":\"Qax sakini: \u201c\u018fmlak Komit\u0259si elektron x\u0259rit\u0259d\u0259 pay torpaqlar\u0131m\u0131z\u0131 az g\u00f6st\u0259rir\u201d\"}]},{\"@type\":\"WebSite\",\"@id\":\"https:\\\/\\\/www.meydan.tv\\\/az\\\/#website\",\"url\":\"https:\\\/\\\/www.meydan.tv\\\/az\\\/\",\"name\":\"MEYDAN.TV\",\"description\":\"Meydan TV Az\u0259rbaycan\u0131n media m\u0259kan\u0131ndak\u0131 alternativ s\u0259sidir\",\"publisher\":{\"@id\":\"https:\\\/\\\/www.meydan.tv\\\/az\\\/#organization\"},\"potentialAction\":[{\"@type\":\"SearchAction\",\"target\":{\"@type\":\"EntryPoint\",\"urlTemplate\":\"https:\\\/\\\/www.meydan.tv\\\/az\\\/?s={search_term_string}\"},\"query-input\":{\"@type\":\"PropertyValueSpecification\",\"valueRequired\":true,\"valueName\":\"search_term_string\"}}],\"inLanguage\":\"az\"},{\"@type\":\"Organization\",\"@id\":\"https:\\\/\\\/www.meydan.tv\\\/az\\\/#organization\",\"name\":\"Meydan TV\",\"url\":\"https:\\\/\\\/www.meydan.tv\\\/az\\\/\",\"logo\":{\"@type\":\"ImageObject\",\"inLanguage\":\"az\",\"@id\":\"https:\\\/\\\/www.meydan.tv\\\/az\\\/#\\\/schema\\\/logo\\\/image\\\/\",\"url\":\"https:\\\/\\\/www.meydan.tv\\\/wp-content\\\/uploads\\\/2021\\\/07\\\/meydan-logo.svg\",\"contentUrl\":\"https:\\\/\\\/www.meydan.tv\\\/wp-content\\\/uploads\\\/2021\\\/07\\\/meydan-logo.svg\",\"width\":195,\"height\":46,\"caption\":\"Meydan TV\"},\"image\":{\"@id\":\"https:\\\/\\\/www.meydan.tv\\\/az\\\/#\\\/schema\\\/logo\\\/image\\\/\"}},{\"@type\":\"Person\",\"@id\":\"https:\\\/\\\/www.meydan.tv\\\/az\\\/#\\\/schema\\\/person\\\/9cdbecf90d17180ce1dfbd95b08dcf47\",\"name\":\"elli\",\"sameAs\":[\"https:\\\/\\\/x.com\\\/elli\"]}]}<\/script>\n<!-- \/ Yoast SEO plugin. -->","yoast_head_json":{"title":"Qax sakini: \u201c\u018fmlak Komit\u0259si elektron x\u0259rit\u0259d\u0259 pay torpaqlar\u0131m\u0131z\u0131 az g\u00f6st\u0259rir\u201d - MEYDAN.TV","robots":{"index":"index","follow":"follow","max-snippet":"max-snippet:-1","max-image-preview":"max-image-preview:large","max-video-preview":"max-video-preview:-1"},"canonical":"https:\/\/www.meydan.tv\/az\/article\/qax-sakini-emlak-komitesi-elektron-xeritede-pay-torpaqlarimizi-az-gosterir\/","og_locale":"az_AZ","og_type":"article","og_title":"Qax sakini: \u201c\u018fmlak Komit\u0259si elektron x\u0259rit\u0259d\u0259 pay torpaqlar\u0131m\u0131z\u0131 az g\u00f6st\u0259rir\u201d - MEYDAN.TV","og_description":"B\u0259xtiyar \u0130brahimx\u0259lilov elektron x\u0259rit\u0259 haz\u0131rlanark\u0259n x\u0259b\u0259rsiz olduqlar\u0131n\u0131 deyir Qax rayonunun ... Davam\u0131","og_url":"https:\/\/www.meydan.tv\/az\/article\/qax-sakini-emlak-komitesi-elektron-xeritede-pay-torpaqlarimizi-az-gosterir\/","og_site_name":"MEYDAN.TV","article_published_time":"2023-01-30T19:03:22+00:00","article_modified_time":"2023-01-30T19:04:45+00:00","og_image":[{"width":1200,"height":814,"url":"https:\/\/www.meydan.tv\/wp-content\/uploads\/emlak_meseleleri_komitesi_051215.jpg","type":"image\/jpeg"}],"author":"elli","twitter_card":"summary_large_image","twitter_creator":"@elli","schema":{"@context":"https:\/\/schema.org","@graph":[{"@type":"Article","@id":"https:\/\/www.meydan.tv\/az\/article\/qax-sakini-emlak-komitesi-elektron-xeritede-pay-torpaqlarimizi-az-gosterir\/#article","isPartOf":{"@id":"https:\/\/www.meydan.tv\/az\/article\/qax-sakini-emlak-komitesi-elektron-xeritede-pay-torpaqlarimizi-az-gosterir\/"},"author":{"name":"elli","@id":"https:\/\/www.meydan.tv\/az\/#\/schema\/person\/9cdbecf90d17180ce1dfbd95b08dcf47"},"headline":"Qax sakini: \u201c\u018fmlak Komit\u0259si elektron x\u0259rit\u0259d\u0259 pay torpaqlar\u0131m\u0131z\u0131 az g\u00f6st\u0259rir\u201d","datePublished":"2023-01-30T19:03:22+00:00","dateModified":"2023-01-30T19:04:45+00:00","mainEntityOfPage":{"@id":"https:\/\/www.meydan.tv\/az\/article\/qax-sakini-emlak-komitesi-elektron-xeritede-pay-torpaqlarimizi-az-gosterir\/"},"wordCount":464,"publisher":{"@id":"https:\/\/www.meydan.tv\/az\/#organization"},"image":{"@id":"https:\/\/www.meydan.tv\/az\/article\/qax-sakini-emlak-komitesi-elektron-xeritede-pay-torpaqlarimizi-az-gosterir\/#primaryimage"},"thumbnailUrl":"https:\/\/www.meydan.tv\/wp-content\/uploads\/emlak_meseleleri_komitesi_051215.jpg","articleSection":["B\u00f6lg\u0259","X\u0259b\u0259rl\u0259r"],"inLanguage":"az"},{"@type":"WebPage","@id":"https:\/\/www.meydan.tv\/az\/article\/qax-sakini-emlak-komitesi-elektron-xeritede-pay-torpaqlarimizi-az-gosterir\/","url":"https:\/\/www.meydan.tv\/az\/article\/qax-sakini-emlak-komitesi-elektron-xeritede-pay-torpaqlarimizi-az-gosterir\/","name":"Qax sakini: \u201c\u018fmlak Komit\u0259si elektron x\u0259rit\u0259d\u0259 pay torpaqlar\u0131m\u0131z\u0131 az g\u00f6st\u0259rir\u201d - MEYDAN.TV","isPartOf":{"@id":"https:\/\/www.meydan.tv\/az\/#website"},"primaryImageOfPage":{"@id":"https:\/\/www.meydan.tv\/az\/article\/qax-sakini-emlak-komitesi-elektron-xeritede-pay-torpaqlarimizi-az-gosterir\/#primaryimage"},"image":{"@id":"https:\/\/www.meydan.tv\/az\/article\/qax-sakini-emlak-komitesi-elektron-xeritede-pay-torpaqlarimizi-az-gosterir\/#primaryimage"},"thumbnailUrl":"https:\/\/www.meydan.tv\/wp-content\/uploads\/emlak_meseleleri_komitesi_051215.jpg","datePublished":"2023-01-30T19:03:22+00:00","dateModified":"2023-01-30T19:04:45+00:00","breadcrumb":{"@id":"https:\/\/www.meydan.tv\/az\/article\/qax-sakini-emlak-komitesi-elektron-xeritede-pay-torpaqlarimizi-az-gosterir\/#breadcrumb"},"inLanguage":"az","potentialAction":[{"@type":"ReadAction","target":["https:\/\/www.meydan.tv\/az\/article\/qax-sakini-emlak-komitesi-elektron-xeritede-pay-torpaqlarimizi-az-gosterir\/"]}]},{"@type":"ImageObject","inLanguage":"az","@id":"https:\/\/www.meydan.tv\/az\/article\/qax-sakini-emlak-komitesi-elektron-xeritede-pay-torpaqlarimizi-az-gosterir\/#primaryimage","url":"https:\/\/www.meydan.tv\/wp-content\/uploads\/emlak_meseleleri_komitesi_051215.jpg","contentUrl":"https:\/\/www.meydan.tv\/wp-content\/uploads\/emlak_meseleleri_komitesi_051215.jpg","width":1200,"height":814,"caption":"\u018fmlak Komit\u0259si. Foto: \"bbn.az\""},{"@type":"BreadcrumbList","@id":"https:\/\/www.meydan.tv\/az\/article\/qax-sakini-emlak-komitesi-elektron-xeritede-pay-torpaqlarimizi-az-gosterir\/#breadcrumb","itemListElement":[{"@type":"ListItem","position":1,"name":"Ana s\u0259hif\u0259","item":"https:\/\/www.meydan.tv\/az\/"},{"@type":"ListItem","position":2,"name":"B\u00f6lg\u0259","item":"https:\/\/www.meydan.tv\/az\/section\/bolge\/"},{"@type":"ListItem","position":3,"name":"Qax sakini: \u201c\u018fmlak Komit\u0259si elektron x\u0259rit\u0259d\u0259 pay torpaqlar\u0131m\u0131z\u0131 az g\u00f6st\u0259rir\u201d"}]},{"@type":"WebSite","@id":"https:\/\/www.meydan.tv\/az\/#website","url":"https:\/\/www.meydan.tv\/az\/","name":"MEYDAN.TV","description":"Meydan TV Az\u0259rbaycan\u0131n media m\u0259kan\u0131ndak\u0131 alternativ s\u0259sidir","publisher":{"@id":"https:\/\/www.meydan.tv\/az\/#organization"},"potentialAction":[{"@type":"SearchAction","target":{"@type":"EntryPoint","urlTemplate":"https:\/\/www.meydan.tv\/az\/?s={search_term_string}"},"query-input":{"@type":"PropertyValueSpecification","valueRequired":true,"valueName":"search_term_string"}}],"inLanguage":"az"},{"@type":"Organization","@id":"https:\/\/www.meydan.tv\/az\/#organization","name":"Meydan TV","url":"https:\/\/www.meydan.tv\/az\/","logo":{"@type":"ImageObject","inLanguage":"az","@id":"https:\/\/www.meydan.tv\/az\/#\/schema\/logo\/image\/","url":"https:\/\/www.meydan.tv\/wp-content\/uploads\/2021\/07\/meydan-logo.svg","contentUrl":"https:\/\/www.meydan.tv\/wp-content\/uploads\/2021\/07\/meydan-logo.svg","width":195,"height":46,"caption":"Meydan TV"},"image":{"@id":"https:\/\/www.meydan.tv\/az\/#\/schema\/logo\/image\/"}},{"@type":"Person","@id":"https:\/\/www.meydan.tv\/az\/#\/schema\/person\/9cdbecf90d17180ce1dfbd95b08dcf47","name":"elli","sameAs":["https:\/\/x.com\/elli"]}]}},"_links":{"self":[{"href":"https:\/\/www.meydan.tv\/az\/wp-json\/wp\/v2\/posts\/267082","targetHints":{"allow":["GET"]}}],"collection":[{"href":"https:\/\/www.meydan.tv\/az\/wp-json\/wp\/v2\/posts"}],"about":[{"href":"https:\/\/www.meydan.tv\/az\/wp-json\/wp\/v2\/types\/post"}],"author":[{"embeddable":true,"href":"https:\/\/www.meydan.tv\/az\/wp-json\/wp\/v2\/users\/8"}],"replies":[{"embeddable":true,"href":"https:\/\/www.meydan.tv\/az\/wp-json\/wp\/v2\/comments?post=267082"}],"version-history":[{"count":2,"href":"https:\/\/www.meydan.tv\/az\/wp-json\/wp\/v2\/posts\/267082\/revisions"}],"predecessor-version":[{"id":267084,"href":"https:\/\/www.meydan.tv\/az\/wp-json\/wp\/v2\/posts\/267082\/revisions\/267084"}],"wp:featuredmedia":[{"embeddable":true,"href":"https:\/\/www.meydan.tv\/az\/wp-json\/wp\/v2\/media\/267079"}],"wp:attachment":[{"href":"https:\/\/www.meydan.tv\/az\/wp-json\/wp\/v2\/media?parent=267082"}],"wp:term":[{"taxonomy":"category","embeddable":true,"href":"https:\/\/www.meydan.tv\/az\/wp-json\/wp\/v2\/categories?post=267082"},{"taxonomy":"post_tag","embeddable":true,"href":"https:\/\/www.meydan.tv\/az\/wp-json\/wp\/v2\/tags?post=267082"}],"curies":[{"name":"wp","href":"https:\/\/api.w.org\/{rel}","templated":true}]}}