{"id":267048,"date":"2023-01-30T18:07:51","date_gmt":"2023-01-30T14:07:51","guid":{"rendered":"https:\/\/www.meydan.tv\/?p=267048"},"modified":"2023-01-30T18:23:16","modified_gmt":"2023-01-30T14:23:16","slug":"edliyye-nazirliyi-sefiqe-memmedovanin-sedrliyini-tesdiqlemeyib","status":"publish","type":"post","link":"https:\/\/www.meydan.tv\/az\/article\/edliyye-nazirliyi-sefiqe-memmedovanin-sedrliyini-tesdiqlemeyib\/","title":{"rendered":"<strong>\u201c\u018fdliyy\u0259 Nazirliyi \u015e\u0259fiq\u0259 M\u0259mm\u0259dovan\u0131n s\u0259drliyini t\u0259sdiql\u0259m\u0259yib\u201d<\/strong>"},"content":{"rendered":"\n<p><\/p>\n\n\n\n<p><em>\u018fli V\u0259liyev Hesablama Palatas\u0131n\u0131 ARK\u0130-d\u0259 yoxlamalara \u00e7a\u011f\u0131r\u0131b<\/em><\/p>\n\n\n\n<p>\u201c2022-ci ild\u0259 d\u00f6vl\u0259t b\u00fcdc\u0259sind\u0259n \u015e\u0259fiq\u0259 M\u0259mm\u0259dovan\u0131n r\u0259hb\u0259rlik etdiyi kinoittifaqa 387 min manat pul ayr\u0131lm\u0131\u015fd\u0131. Hesablasaq, pulun h\u0259tta 100-150 min manat\u0131 x\u0259rcl\u0259nm\u0259yib. Maraql\u0131d\u0131r, yerd\u0259 qalan pullar nec\u0259 olub?\u201d<\/p>\n\n\n\n<p>Bunu Meydan TV-y\u0259 Az\u0259rbaycan Respublikas\u0131 Kinematoqraf\u00e7\u0131lar \u0130ttifaq\u0131n\u0131n (ARK\u0130) \u00fczv\u00fc v\u0259 ke\u00e7mi\u015f m\u0259tbuat xidm\u0259tinin r\u0259hb\u0259ri \u018fli V\u0259liyev deyib.<\/p>\n\n\n\n<p>Son g\u00fcnl\u0259r ARK\u0130-nin f\u0259aliyy\u0259ti bar\u0259d\u0259 v\u0259 bir qrup \u015f\u0259xsin qurumun \u00fczvl\u00fcy\u00fcnd\u0259n \u00e7\u0131xmas\u0131 kino ictimaiyy\u0259ti aras\u0131nda m\u00fczakir\u0259 olunur.<\/p>\n\n\n\n<p>M\u00fczakir\u0259l\u0259r\u0259 s\u0259b\u0259b \u0130dar\u0259 Hey\u0259tinin s\u0259dri, Xalq artisti \u015e\u0259fiq\u0259 M\u0259mm\u0259dovan\u0131n 2022-ci il dekabr\u0131n 17-d\u0259 t\u0259krar quruma r\u0259hb\u0259r se\u00e7ilm\u0259sidir.<\/p>\n\n\n\n<p>Naraz\u0131l\u0131q \u015e\u0259fiq\u0259 M\u0259mm\u0259dovan\u0131n \u0130ttifaq\u0131n dig\u0259r \u00fczvl\u0259rinin se\u00e7kiy\u0259 d\u0259v\u0259t etm\u0259m\u0259si v\u0259 bununla da se\u00e7kini saxtala\u015fd\u0131rmas\u0131 il\u0259 \u0259laq\u0259dard\u0131r.<\/p>\n\n\n\n<p>Bildirilir ki, s\u0259sverm\u0259d\u0259 289 \u00fczvd\u0259n yaln\u0131z on n\u0259f\u0259rin i\u015ftirak edib.<\/p>\n\n\n<div class=\"wp-block-image\">\n<figure class=\"aligncenter size-large\"><img decoding=\"async\" width=\"1200\" height=\"716\" data-src=\"https:\/\/www.meydan.tv\/wp-content\/uploads\/screenshot-2023-01-26-at-13.53.21-1200x716.png\" alt=\"\u015e\u0259fiq\u0259 M\u0259mm\u0259dova\" class=\"wp-image-266755 lazyload\" src=\"data:image\/svg+xml;base64,PHN2ZyB3aWR0aD0iMSIgaGVpZ2h0PSIxIiB4bWxucz0iaHR0cDovL3d3dy53My5vcmcvMjAwMC9zdmciPjwvc3ZnPg==\" style=\"--smush-placeholder-width: 1200px; --smush-placeholder-aspect-ratio: 1200\/716;\" \/><figcaption class=\"wp-element-caption\">\u015e\u0259fiq\u0259 M\u0259mm\u0259dova<\/figcaption><\/figure>\n<\/div>\n\n\n<p>\u018fli V\u0259liyev se\u00e7kil\u0259rd\u0259n sonra 2023-c\u00fc il yanvar\u0131n 24-d\u0259 ARK\u0130-nin m\u0259tbuat xidm\u0259ti v\u0259zif\u0259sind\u0259n \u0259riz\u0259 yazaraq \u00e7\u0131xsa da, h\u0259l\u0259 ki, qurumun \u00fczv\u00fc olaraq qal\u0131r.<\/p>\n\n\n\n<p>O, Meydan TV-y\u0259 deyir ki, h\u0259r il d\u00f6vl\u0259t b\u00fcdc\u0259sind\u0259n kinoittifaqa 400 min manata yax\u0131n v\u0259sait ayr\u0131l\u0131r.<\/p>\n\n\n\n<p>Bu m\u0259bl\u0259\u011f \u00fcmumilikd\u0259 t\u0259dbirl\u0259rin ke\u00e7ririlm\u0259si, yard\u0131mlar\u0131n ayr\u0131lmas\u0131 v\u0259 \u0259m\u0259kda\u015flara d\u0259st\u0259k edilm\u0259si \u00fc\u00e7\u00fcn n\u0259z\u0259rd\u0259 tutulur:<\/p>\n\n\n\n<p>\u201cH\u0259m\u00e7inin i\u015f\u00e7il\u0259rin maa\u015f\u0131 da bura aiddir. \u0130ttifaq\u0131n \u00fcmumilikd\u0259 10-11 n\u0259f\u0259r i\u015f\u00e7isi var. Onlar\u0131n 2-3 n\u0259f\u0259ri d\u0259 m\u00fcqavil\u0259 \u0259sas\u0131ndad\u0131r, maa\u015flar\u0131 da 200-300 manatd\u0131r. Qalanlar\u0131 is\u0259 500-600 manat maa\u015f al\u0131rlar. Orada k\u00fclli miqdarda yeyintil\u0259r var. \u015e\u0259fiq\u0259 M\u0259mm\u0259dovan\u0131n o\u011flu \u00dclvi Mehdi oradak\u0131 b\u00fct\u00fcn i\u015f\u00e7il\u0259rd\u0259n &#8211; 9 n\u0259f\u0259r katibd\u0259n, kinonun \u0259fsan\u0259l\u0259rind\u0259n, d\u0259y\u0259rli s\u0259n\u0259t adamlar\u0131ndan qat-qat y\u00fcks\u0259k maa\u015f al\u0131r. Halbuki h\u0259min s\u0259n\u0259t adamlar\u0131n\u0131n ad\u0131 Maliyy\u0259 Nazirliyin\u0259 t\u0259qdim olunub, ham\u0131s\u0131na g\u00f6r\u0259 d\u0259 \u0130ttifaq\u0131n hesab\u0131na pul k\u00f6\u00e7\u00fcr\u00fcl\u00fcb&#8221;.<\/p>\n\n\n\n<p>&#8220;Hesablama Palatas\u0131n\u0131 ARK\u0130-d\u0259 yoxlamalar aparma\u011fa \u00e7a\u011f\u0131r\u0131ram. Ara\u015fd\u0131r\u0131ls\u0131n, ARK\u0130 g\u00f6st\u0259rsin, g\u00f6r\u0259k, 2022-ci ild\u0259 ayr\u0131lm\u0131\u015f 387 min manat pulla bir il \u0259rzind\u0259 hans\u0131 t\u0259dbirl\u0259r, simpoziumlar ke\u00e7irilib, hans\u0131 aktyorun yubileyi m\u0259rasimi t\u0259\u015fkil olunub? Qurum a\u00e7\u0131qlas\u0131n g\u00f6r\u0259k, rejissorlardan, yarad\u0131c\u0131 insanlardan kimis\u0259 xaricd\u0259 festivallara, yaxud t\u0259dbirl\u0259r\u0259 g\u00f6nd\u0259rib? \u0130ttifaq m\u00fc\u0259yy\u0259n etsin g\u00f6r\u0259k, yerd\u0259 qalan 300 min manat hara gedib?\u201d, &#8211; dey\u0259 o bildirib.<\/p>\n\n\n<div class=\"wp-block-image\">\n<figure class=\"aligncenter size-full\"><img decoding=\"async\" width=\"1000\" height=\"541\" data-src=\"https:\/\/www.meydan.tv\/wp-content\/uploads\/41153.jpg\" alt=\"Hesablama Palatas\u0131\" class=\"wp-image-103779 lazyload\" src=\"data:image\/svg+xml;base64,PHN2ZyB3aWR0aD0iMSIgaGVpZ2h0PSIxIiB4bWxucz0iaHR0cDovL3d3dy53My5vcmcvMjAwMC9zdmciPjwvc3ZnPg==\" style=\"--smush-placeholder-width: 1000px; --smush-placeholder-aspect-ratio: 1000\/541;\" \/><figcaption class=\"wp-element-caption\">Foto: Hesablama Palatas\u0131 <\/figcaption><\/figure>\n<\/div>\n\n\n<p>\u018fli V\u0259liyev deyir ki, 2016-c\u0131 ild\u0259n ARK\u0130-d\u0259 i\u015fl\u0259s\u0259 d\u0259, qanun pozuntular\u0131 il\u0259 \u0259laq\u0259dar yeni x\u0259b\u0259r tutub:<\/p>\n\n\n\n<p>\u201cQanun pozuntular\u0131ndan t\u0259xmin\u0259n iki ay \u00f6nc\u0259 i\u015f\u0259 kadrlar \u00fczr\u0259 m\u00fct\u0259x\u0259ssis t\u0259yin olunandan sonra bilmi\u015f\u0259m. Biz onunla bir yerd\u0259 oturdu\u011fumuza, sosial \u00fcnsiyy\u0259td\u0259 oldu\u011fumuza g\u00f6r\u0259 b\u00fct\u00fcn bu qanunsuzluqlar bar\u0259d\u0259 bilmi\u015f\u0259m. \u015e\u0259fiq\u0259 M\u0259mm\u0259dova yenid\u0259n s\u0259dr olmaq ist\u0259yirs\u0259, \u00fczvl\u0259r\u0259 r\u0259smi qaydada d\u0259v\u0259tnam\u0259 g\u00f6nd\u0259rsin. Onlar\u0131n da \u0259n az\u0131 80 faizi g\u0259lib, ona s\u0259s versin. Biz d\u0259 \u015e\u0259fiq\u0259 M\u0259mm\u0259dovan\u0131 alq\u0131\u015flayaq ki, demokratik yolla s\u0259dr se\u00e7ildi\u201d.<\/p>\n\n\n\n<p>\u201cBu adam protokolu ba\u015fqalar\u0131n\u0131n ad\u0131ndan yaz\u0131b, sonra da m\u00f6h\u00fcr\u00fcn\u00fc vuraraq, \u018fdliyy\u0259 Nazirliyin\u0259 g\u00f6nd\u0259rib. \u018fdliyy\u0259 Nazirliyi d\u0259 hardan bilsin ki, bu, bel\u0259 qanunsuz saxtakarl\u0131qla m\u0259\u015f\u011fuldur? M\u0259s\u0259l\u0259 ictimail\u0259\u015f\u0259nd\u0259n sonra \u018fdliyy\u0259 Nazirliyi akt\u0131 t\u0259sdiql\u0259m\u0259yib, geri qaytar\u0131b. \u0130ndi yenid\u0259n se\u00e7ki ke\u00e7irilm\u0259lidir. B\u00fct\u00fcn \u00fczvl\u0259r orada i\u015ftirak etm\u0259lidir. \u018fminlikl\u0259 deyir\u0259m ki, yenid\u0259n se\u00e7ki ke\u00e7irildiyi halda, \u00fczvl\u0259r \u015e\u0259fiq\u0259 M\u0259mm\u0259dovan\u0131n s\u0259dr olma\u011f\u0131na imkan verm\u0259y\u0259c\u0259kl\u0259r\u201d, &#8211; ARK\u0130 \u00fczv\u00fc bel\u0259 deyir.<\/p>\n\n\n\n<p>\u018fli V\u0259liyev iddia edir ki, s\u0259n\u0259t adamlar\u0131na yard\u0131m m\u0259qs\u0259dil\u0259 ayr\u0131lan pullar da aidiyy\u0259ti \u00fczr\u0259 x\u0259rcl\u0259nm\u0259yib: \u201c2019-cu ild\u0259 Prezidentin Ehtiyat Fondundan ARK\u0130-y\u0259 300 min manat ayr\u0131lm\u0131\u015fd\u0131. Pulun aktyorlar\u0131n, ssenaristl\u0259rin, rejissorlar\u0131n yarad\u0131c\u0131l\u0131q i\u015fl\u0259rin\u0259 d\u0259st\u0259k m\u0259qs\u0259dil\u0259 verildiyi bildirilirdi. Orada i\u015fl\u0259diyim d\u00f6vrd\u0259 h\u0259min 300 mind\u0259n c\u0259mi 50 min manat bir s\u0131ra aktyorlara kiray\u0259 puluna k\u00f6m\u0259klik m\u0259qs\u0259dil\u0259 verildi. Qalan 250 min manat v\u0259sait hara gedib, bilinmir. S\u0259n\u0259t adamlar\u0131 d\u00f6vl\u0259tin bel s\u00fctunudur. Bu adamlar niy\u0259 r\u0259zil v\u0259ziyy\u0259td\u0259 ya\u015famal\u0131d\u0131r? \u0130st\u0259yir\u0259m ki, d\u00f6vl\u0259timin ay\u0131rd\u0131\u011f\u0131 pul onlara x\u0259rcl\u0259nsin\u201d.<\/p>\n\n\n\n<p>M\u0259s\u0259l\u0259 il\u0259 \u0259laq\u0259dar Xalq artisti \u015e\u0259fiq\u0259 M\u0259mm\u0259dova z\u0259ngl\u0259r\u0259 cavab verm\u0259yib.<\/p>\n\n\n\n<p>Prezident Adminstrasiyas\u0131n\u0131n Humanitar siyas\u0259t, diaspor, multikulturalizm v\u0259 dini m\u0259s\u0259l\u0259l\u0259r \u015f\u00f6b\u0259sinin m\u00fcdiri F\u0259r\u0259h \u018fliyeva da Meydan TV-nin z\u0259ngl\u0259rini cavabs\u0131z burax\u0131b.<\/p>\n\n\n<div class=\"wp-block-image\">\n<figure class=\"aligncenter size-full\"><img decoding=\"async\" width=\"1200\" height=\"801\" data-src=\"https:\/\/www.meydan.tv\/wp-content\/uploads\/21b3d2e6-578f-4365-a531-af4b6e1dcefa.jpg\" alt=\"Maliyy\u0259 Nazirliyi\" class=\"wp-image-128763 lazyload\" src=\"data:image\/svg+xml;base64,PHN2ZyB3aWR0aD0iMSIgaGVpZ2h0PSIxIiB4bWxucz0iaHR0cDovL3d3dy53My5vcmcvMjAwMC9zdmciPjwvc3ZnPg==\" style=\"--smush-placeholder-width: 1200px; --smush-placeholder-aspect-ratio: 1200\/801;\" \/><figcaption class=\"wp-element-caption\">Foto: Meydan TV<\/figcaption><\/figure>\n<\/div>\n\n\n<p>Maliyy\u0259 Nazirliyin\u0259 sor\u011fu g\u00f6nd\u0259rils\u0259 d\u0259, m\u0259tbuat xidm\u0259tinin r\u0259hb\u0259ri Mais Piriyev m\u00fcraci\u0259ti cavabland\u0131rmay\u0131b.<\/p>\n\n\n\n<p>\u0130ttifaq\u0131n r\u0259smi internet s\u0259hif\u0259sind\u0259 axtar\u0131\u015f aparan zaman m\u0259lum oldu ki, 2019-cu ild\u0259n b\u0259ri h\u0259r hans\u0131 bir f\u0259aliyy\u0259t bar\u0259sind\u0259 m\u0259lumat <a href=\"https:\/\/www.arki.az\/az\/fealiyyet\" target=\"_blank\" rel=\"noreferrer noopener\">yoxdur.<\/a><\/p>\n\n\n\n<p>2019-cu ill\u0259 ba\u011fl\u0131 qeyd edilir ki, h\u0259min ilin fevral\u0131n 1-d\u0259 Az\u0259rbaycan Respublikas\u0131 Kinematoqraf\u00e7\u0131lar \u0130ttifaq\u0131 \u0130dar\u0259 Hey\u0259tinin n\u00f6vb\u0259ti iclas\u0131nda cari ilin t\u0259dbirl\u0259r plan\u0131 t\u0259sdiq edilib.<\/p>\n\n\n\n<p>T\u0259dbirl\u0259r plan\u0131na \u0259sas\u0259n, xalq artistl\u0259ri Tofiq Ta\u011f\u0131zad\u0259, \u018fjd\u0259r \u0130brahimov, M\u0259lik Dada\u015fov, Tofiq \u0130smay\u0131lov v\u0259 \u018fm\u0259kdar inc\u0259s\u0259n\u0259t xadimi Fikr\u0259t \u018fliyevin yubileyl\u0259rinin ke\u00e7irilm\u0259si bar\u0259d\u0259 q\u0259rar q\u0259bul olunub.<\/p>\n\n\n\n<p>2019-cu il mart\u0131n 1-d\u0259 Prezident \u0130lham \u018fliyevin m\u0259d\u0259niyy\u0259t v\u0259 inc\u0259s\u0259n\u0259t xadiml\u0259ri il\u0259 g\u00f6r\u00fc\u015f\u00fcnd\u0259n d\u0259rhal sonra imzalad\u0131\u011f\u0131 s\u0259r\u0259ncam \u0259sas\u0259n ARK\u0130-y\u0259 Prezidentin Ehtiyat Fondundan 300 min manat v\u0259sait ayr\u0131l\u0131b.<\/p>\n\n\n\n<p>ARK\u0130 \u0130dar\u0259 Hey\u0259tinin bu s\u0259r\u0259ncamla ba\u011fl\u0131 28 mart 2019-cu il tarixli iclas\u0131nda \u0130ttifaq\u0131n azt\u0259minatl\u0131 veteran v\u0259 g\u0259nc \u00fczvl\u0259rin\u0259 yard\u0131m verilm\u0259si \u00fczr\u0259 x\u00fcsusi fond yarad\u0131l\u0131b.<\/p>\n\n\n\n<p>\u0130ttifaq\u0131n 15 veteran \u00fczv\u00fcn\u0259 v\u0259 5 g\u0259nc \u00fczv\u00fcn\u0259 1 il m\u00fcdd\u0259tind\u0259 t\u0259qa\u00fcd verilm\u0259si il\u0259 ba\u011fl\u0131 q\u0259rar q\u0259bul olunub. H\u0259min iclasda \u0130ttifaq\u0131n g\u0259nc \u00fczvl\u0259ri \u00fc\u00e7\u00fcn \u201cYeni n\u0259f\u0259s\u201d m\u00fckafat\u0131 t\u0259sis olunub.<\/p>\n\n\n\n<p>M\u0259d\u0259niyy\u0259t v\u0259 kino sah\u0259si \u00fczr\u0259 ekspert Fikrin Bekta\u015fi Meydan TV-y\u0259 bildirib ki, bir qayda olaraq, ictimai birlikl\u0259r strateji s\u0259n\u0259dl\u0259ri ictimaiyy\u0259t\u0259 a\u00e7\u0131q etm\u0259lidir: <\/p>\n\n\n\n<p>\u201c\u018fg\u0259r 2019-cu il \u00fc\u00e7\u00fcn illik t\u0259dbirl\u0259r plan\u0131 varsa, dem\u0259k, birliy\u0259 ayr\u0131lan v\u0259saitl\u0259r d\u0259 t\u0259dbirl\u0259r plan\u0131na uy\u011fun x\u0259rcl\u0259nm\u0259li v\u0259 m\u00fcvafiq hesabatlar t\u0259qdim edilm\u0259lidir. Bel\u0259 bir hesabatlar ARK\u0130-nin r\u0259smi s\u0259hif\u0259sind\u0259 yoxdur. Bununla yana\u015f\u0131, 2020-2023-c\u00fc ill\u0259r\u0259 aid d\u0259 t\u0259dbirl\u0259r plan\u0131 olmal\u0131 v\u0259 m\u00fcvafiq hesabatlar verilm\u0259lidir\u201d.<\/p>\n\n\n<div class=\"wp-block-image\">\n<figure class=\"aligncenter size-full\"><img decoding=\"async\" width=\"1200\" height=\"800\" data-src=\"https:\/\/www.meydan.tv\/wp-content\/uploads\/fikrin_bektashi.jpg\" alt=\"\" class=\"wp-image-242690 lazyload\" src=\"data:image\/svg+xml;base64,PHN2ZyB3aWR0aD0iMSIgaGVpZ2h0PSIxIiB4bWxucz0iaHR0cDovL3d3dy53My5vcmcvMjAwMC9zdmciPjwvc3ZnPg==\" style=\"--smush-placeholder-width: 1200px; --smush-placeholder-aspect-ratio: 1200\/800;\" \/><figcaption class=\"wp-element-caption\">Prod\u00fcser Fikrin Bekta\u015fi. M\u0259nb\u0259: 1news.az<\/figcaption><\/figure>\n<\/div>\n\n\n<p>Eksperti narahat ed\u0259n dig\u0259r vacib m\u0259s\u0259l\u0259 ARK\u0130-nin s\u0259drinin s\u0259lahiyy\u0259t m\u00fcdd\u0259tinin bitm\u0259sidir v\u0259 \u00fcmumi y\u0131\u011f\u0131nca\u011f\u0131n\u0131n ke\u00e7irilm\u0259m\u0259sidir: <\/p>\n\n\n\n<p>\u201cM\u00fctl\u0259q \u015f\u0259kild\u0259 birliyin \u00fczvl\u0259rinin \u00fcmumi y\u0131\u011f\u0131nca\u011f\u0131 ke\u00e7irilm\u0259lidir v\u0259 s\u0259dr v\u0259 idar\u0259 hey\u0259ti se\u00e7ilm\u0259li, maliyy\u0259-t\u0259fti\u015f komissiyas\u0131 v\u0259 s. formala\u015fd\u0131r\u0131lmal\u0131d\u0131r\u201d.<\/p>\n\n\n\n<p>2022-ci il dekabr\u0131n 17-d\u0259 ARK\u0130-nin sayt\u0131nda yerl\u0259\u015fdiril\u0259n m\u0259lumatda deyilirdi ki, \u0130ttifaq\u0131n nizamnam\u0259sin\u0259 uy\u011fun olaraq n\u00f6vb\u0259ti \u00fcmumi y\u0131\u011f\u0131ncaq ke\u00e7irilib v\u0259 Xalq artisti \u015e\u0259fiq\u0259 M\u0259mm\u0259dova t\u0259krar quruma s\u0259dr <a href=\"https:\/\/www.arki.az\/az\/news\/867\/azerbaycan-respublikasi-kinematoqrafcilar-ittifaqi-uzvlerinin-umumi-yigincagi-kecirilmisdir\" target=\"_blank\" rel=\"noreferrer noopener\">se\u00e7ilib.<\/a><\/p>\n\n\n\n<p>Bunun ard\u0131nca ARK\u0130 \u00fczv\u00fc, Xalq artisti, rejissor \u015eeyx \u018fbd\u00fcl Mahmudovb\u0259yov m\u0259s\u0259l\u0259y etiraz\u0131n\u0131 bildirdi. \u0130dar\u0259 Hey\u0259tinin s\u0259drinin saxta se\u00e7ilm\u0259si fikir il\u0259 \u00e7\u0131x\u0131\u015f <a href=\"https:\/\/musavat.com\/news\/seyx-ebdulden-sensasion-aciqlama-oz-kefini-cekir-deyir-arxamda-filankes-dayanib_945729.html?d=1\" target=\"_blank\" rel=\"noreferrer noopener\">etdi.<\/a> <\/p>\n\n\n\n<p>2023-c\u00fc il yanvar\u0131n 26-da is\u0259 m\u0259tbuatda bir qrup m\u0259d\u0259niyy\u0259t v\u0259 inc\u0259s\u0259n\u0259t xadiminin ARK\u0130-nin \u00fczl\u00fcy\u00fcnd\u0259n imtina etm\u0259si bar\u0259d\u0259 m\u0259lumat <a href=\"https:\/\/apa.az\/az\/medeniyyet-siyaseti\/azerbaycan-respublikasi-kinematoqrafcilar-ittifaqindan-kutlevi-istefa-olub-744389\" target=\"_blank\" rel=\"noreferrer noopener\">yay\u0131ld\u0131.<\/a><\/p>\n\n\n\n<p>Aralar\u0131nda xalq artistl\u0259ri \u018fbd\u00fcl Mahmudov, Ramiz M\u0259likov, \u018fm\u0259kdar \u0130nc\u0259s\u0259n\u0259t Xadimi Yav\u0259r Rzayev, \u0259m\u0259kdar artistl\u0259r G\u00fcl\u015fad Bax\u015f\u0131yeva v\u0259 M\u00fcn\u0259vv\u0259r \u018fliyeva olan iyirmiy\u0259 yax\u0131n inc\u0259s\u0259n\u0259t n\u00fcmay\u0259nd\u0259sinin \u00fczvl\u00fckd\u0259n imtina etdiyi qeyd edilirdi.<\/p>\n\n\n\n<p>G\u00fcl\u015fad Bax\u015f\u0131yeva v\u0259 M\u00fcn\u0259vv\u0259r \u018fliyeva Meydan TV-y\u0259 ARK\u0130 \u00fczvl\u00fcy\u00fcnd\u0259n \u00e7\u0131xmad\u0131qlar\u0131n\u0131 <a href=\"https:\/\/d9mc3ts4czbpr.cloudfront.net\/az\/article\/arki-de-istefalar-kimler-gelir-kimler-gedir\/\" target=\"_blank\" rel=\"noreferrer noopener\">bildirdil\u0259r.<\/a><\/p>\n\n\n\n<p>Sonra ARK\u0130 r\u0259smi a\u00e7\u0131qlama yayaraq \u00fczvl\u00fckd\u0259n imtina il\u0259 \u0259laq\u0259dar \u0130ttifaq m\u00fcraci\u0259t edilm\u0259diyi <a href=\"https:\/\/www.arki.az\/az\/news\/908\/arki-nin-uzvlerle-bagli-aciqlamasi\" target=\"_blank\" rel=\"noreferrer noopener\">bildirildi<\/a>.<\/p>\n\n\n\n<p>Az\u0259rbaycan Respublikas\u0131 Kinematoqraf\u00e7\u0131lar \u0130ttifaq\u0131 (ARK\u0130) 2012-ci ild\u0259 Az\u0259rbaycan Kinematoqraf\u00e7\u0131lar \u0130ttifaq\u0131na (AK\u0130) alternativ olaraq yarad\u0131l\u0131b. H\u0259min ild\u0259n \u0130ttifaqa Xalq artisti, aktrisa \u015e\u0259fiq\u0259 M\u0259mm\u0259dova r\u0259hb\u0259rlik edir.<\/p>\n\n\n<div class=\"wp-block-image\">\n<figure class=\"aligncenter size-large\"><img decoding=\"async\" width=\"1095\" height=\"821\" data-src=\"https:\/\/www.meydan.tv\/wp-content\/uploads\/kinematoqrafchilar_ittifaqi_030322_1-1-1095x821.jpg\" alt=\"\" class=\"wp-image-266709 lazyload\" src=\"data:image\/svg+xml;base64,PHN2ZyB3aWR0aD0iMSIgaGVpZ2h0PSIxIiB4bWxucz0iaHR0cDovL3d3dy53My5vcmcvMjAwMC9zdmciPjwvc3ZnPg==\" style=\"--smush-placeholder-width: 1095px; --smush-placeholder-aspect-ratio: 1095\/821;\" \/><figcaption class=\"wp-element-caption\">Az\u0259rbaycan Respublikas\u0131 Kinematoqraf\u00e7\u0131lar \u0130ttifaq\u0131.\nFoto: &#8220;Az\u0259rtac&#8221;<\/figcaption><\/figure>\n<\/div>\n\n\n<p>Az\u0259rbaycan Kinematoqraf\u00e7\u0131lar \u0130ttifaq\u0131na (AK\u0130) 1981-ci ild\u0259n R\u00fcst\u0259m \u0130brahimb\u0259yov r\u0259hb\u0259rlik edirdi.<\/p>\n\n\n\n<p>2012-ci ild\u0259 R\u00fcst\u0259m \u0130brahimb\u0259yovun siyasi bax\u0131\u015flar\u0131na g\u00f6r\u0259 \u0130ttifaq H\u00f6kum\u0259t Evind\u0259ki ofisind\u0259n \u00e7\u0131xar\u0131l\u0131b.<\/p>\n\n\n\n<p>M\u00fcxalif siyasi q\u00fcvv\u0259l\u0259rin birl\u0259\u015fdiyi Milli \u015eura 2013-c\u00fc ilin prezident se\u00e7kisind\u0259 R\u00fcst\u0259m \u0130brahimb\u0259yovun namiz\u0259dliyini ir\u0259li s\u00fcr\u0259nd\u0259n sonra AK\u0130-d\u0259 ciddi probleml\u0259r yaran\u0131b.<\/p>\n\n\n\n<p>R\u00fcst\u0259m \u0130brahimb\u0259yov Moskvaya ged\u0259nd\u0259n sonra \u0130ttifaq\u0131n f\u0259aliyy\u0259ti dayan\u0131b.<\/p>\n\n\n\n<p>Bir ne\u00e7\u0259 ild\u0259n sonra \u0130ttifaq yenid\u0259n f\u0259aliyy\u0259tini b\u0259rpa edib.<\/p>\n\n\n\n<p>\u00d6lk\u0259d\u0259 iki kino ittifaq\u0131n\u0131n f\u0259aliyy\u0259t g\u00f6st\u0259rm\u0259si kino adamlar\u0131 aras\u0131nda ciddi probleml\u0259r, s\u00f6z-s\u00f6hb\u0259t\u0259, ayr\u0131-se\u00e7kiliy\u0259 s\u0259b\u0259b olub.<\/p>\n\n\n\n<p>Vaxtil\u0259 Az\u0259rbaycan Kinematoqraf\u00e7\u0131lar \u0130ttifaq\u0131nda birl\u0259\u015fmi\u015f rejissorlar, kino adamlar\u0131 iki ayr\u0131 c\u0259bh\u0259d\u0259dirl\u0259r.<\/p>\n\n\n\n<p>2022-ci ilin mart\u0131nda R\u00fcst\u0259m \u0130brahimb\u0259yov v\u0259fat edib.<\/p>\n\n\n\n<p>AK\u0130-d\u0259 qurultay ke\u00e7iril\u0259r\u0259k, s\u0259dr postuna Xalq artisti, aktyor Rasim Balayev g\u0259tirilib.<\/p>\n","protected":false},"excerpt":{"rendered":"<p>\u018fli V\u0259liyev Hesablama Palatas\u0131n\u0131 ARK\u0130-d\u0259 yoxlamalara \u00e7a\u011f\u0131r\u0131b \u201c2022-ci ild\u0259 d\u00f6vl\u0259t &#8230; <\/p>\n<p class=\"read-more-container\"><a title=\"\u201c\u018fdliyy\u0259 Nazirliyi \u015e\u0259fiq\u0259 M\u0259mm\u0259dovan\u0131n s\u0259drliyini t\u0259sdiql\u0259m\u0259yib\u201d\" class=\"read-more button\" href=\"https:\/\/www.meydan.tv\/az\/article\/edliyye-nazirliyi-sefiqe-memmedovanin-sedrliyini-tesdiqlemeyib\/#more-267048\" aria-label=\"Read more about \u201c\u018fdliyy\u0259 Nazirliyi \u015e\u0259fiq\u0259 M\u0259mm\u0259dovan\u0131n s\u0259drliyini t\u0259sdiql\u0259m\u0259yib\u201d\">Davam\u0131<\/a><\/p>\n","protected":false},"author":8,"featured_media":236424,"comment_status":"closed","ping_status":"closed","sticky":false,"template":"","format":"standard","meta":{"_acf_changed":false,"_sitemap_exclude":false,"_sitemap_priority":"","_sitemap_frequency":"","footnotes":""},"categories":[52,56],"tags":[],"class_list":["post-267048","post","type-post","status-publish","format-standard","has-post-thumbnail","hentry","category-medeniyyet","category-xeberler","infinite-scroll-item","generate-columns","tablet-grid-50","mobile-grid-100","grid-parent","grid-33","no-featured-image-padding"],"acf":[],"yoast_head":"<!-- This site is optimized with the Yoast SEO plugin v27.4 - https:\/\/yoast.com\/product\/yoast-seo-wordpress\/ -->\n<title>\u201c\u018fdliyy\u0259 Nazirliyi \u015e\u0259fiq\u0259 M\u0259mm\u0259dovan\u0131n s\u0259drliyini t\u0259sdiql\u0259m\u0259yib\u201d - MEYDAN.TV<\/title>\n<meta name=\"robots\" content=\"index, follow, max-snippet:-1, max-image-preview:large, max-video-preview:-1\" \/>\n<link rel=\"canonical\" href=\"https:\/\/www.meydan.tv\/az\/article\/edliyye-nazirliyi-sefiqe-memmedovanin-sedrliyini-tesdiqlemeyib\/\" \/>\n<meta property=\"og:locale\" content=\"az_AZ\" \/>\n<meta property=\"og:type\" content=\"article\" \/>\n<meta property=\"og:title\" content=\"\u201c\u018fdliyy\u0259 Nazirliyi \u015e\u0259fiq\u0259 M\u0259mm\u0259dovan\u0131n s\u0259drliyini t\u0259sdiql\u0259m\u0259yib\u201d - MEYDAN.TV\" \/>\n<meta property=\"og:description\" content=\"\u018fli V\u0259liyev Hesablama Palatas\u0131n\u0131 ARK\u0130-d\u0259 yoxlamalara \u00e7a\u011f\u0131r\u0131b \u201c2022-ci ild\u0259 d\u00f6vl\u0259t ... Davam\u0131\" \/>\n<meta property=\"og:url\" content=\"https:\/\/www.meydan.tv\/az\/article\/edliyye-nazirliyi-sefiqe-memmedovanin-sedrliyini-tesdiqlemeyib\/\" \/>\n<meta property=\"og:site_name\" content=\"MEYDAN.TV\" \/>\n<meta property=\"article:published_time\" content=\"2023-01-30T14:07:51+00:00\" \/>\n<meta property=\"article:modified_time\" content=\"2023-01-30T14:23:16+00:00\" \/>\n<meta property=\"og:image\" content=\"https:\/\/www.meydan.tv\/wp-content\/uploads\/1849_in-1200x548.jpg\" \/>\n\t<meta property=\"og:image:width\" content=\"1200\" \/>\n\t<meta property=\"og:image:height\" content=\"548\" \/>\n\t<meta property=\"og:image:type\" content=\"image\/jpeg\" \/>\n<meta name=\"author\" content=\"elli\" \/>\n<meta name=\"twitter:card\" content=\"summary_large_image\" \/>\n<meta name=\"twitter:creator\" content=\"@elli\" \/>\n<script type=\"application\/ld+json\" class=\"yoast-schema-graph\">{\"@context\":\"https:\\\/\\\/schema.org\",\"@graph\":[{\"@type\":\"Article\",\"@id\":\"https:\\\/\\\/www.meydan.tv\\\/az\\\/article\\\/edliyye-nazirliyi-sefiqe-memmedovanin-sedrliyini-tesdiqlemeyib\\\/#article\",\"isPartOf\":{\"@id\":\"https:\\\/\\\/www.meydan.tv\\\/az\\\/article\\\/edliyye-nazirliyi-sefiqe-memmedovanin-sedrliyini-tesdiqlemeyib\\\/\"},\"author\":{\"name\":\"elli\",\"@id\":\"https:\\\/\\\/www.meydan.tv\\\/az\\\/#\\\/schema\\\/person\\\/9cdbecf90d17180ce1dfbd95b08dcf47\"},\"headline\":\"\u201c\u018fdliyy\u0259 Nazirliyi \u015e\u0259fiq\u0259 M\u0259mm\u0259dovan\u0131n s\u0259drliyini t\u0259sdiql\u0259m\u0259yib\u201d\",\"datePublished\":\"2023-01-30T14:07:51+00:00\",\"dateModified\":\"2023-01-30T14:23:16+00:00\",\"mainEntityOfPage\":{\"@id\":\"https:\\\/\\\/www.meydan.tv\\\/az\\\/article\\\/edliyye-nazirliyi-sefiqe-memmedovanin-sedrliyini-tesdiqlemeyib\\\/\"},\"wordCount\":1817,\"publisher\":{\"@id\":\"https:\\\/\\\/www.meydan.tv\\\/az\\\/#organization\"},\"image\":{\"@id\":\"https:\\\/\\\/www.meydan.tv\\\/az\\\/article\\\/edliyye-nazirliyi-sefiqe-memmedovanin-sedrliyini-tesdiqlemeyib\\\/#primaryimage\"},\"thumbnailUrl\":\"https:\\\/\\\/www.meydan.tv\\\/wp-content\\\/uploads\\\/1849_in.jpg\",\"articleSection\":[\"M\u0259d\u0259niyy\u0259t\",\"X\u0259b\u0259rl\u0259r\"],\"inLanguage\":\"az\"},{\"@type\":\"WebPage\",\"@id\":\"https:\\\/\\\/www.meydan.tv\\\/az\\\/article\\\/edliyye-nazirliyi-sefiqe-memmedovanin-sedrliyini-tesdiqlemeyib\\\/\",\"url\":\"https:\\\/\\\/www.meydan.tv\\\/az\\\/article\\\/edliyye-nazirliyi-sefiqe-memmedovanin-sedrliyini-tesdiqlemeyib\\\/\",\"name\":\"\u201c\u018fdliyy\u0259 Nazirliyi \u015e\u0259fiq\u0259 M\u0259mm\u0259dovan\u0131n s\u0259drliyini t\u0259sdiql\u0259m\u0259yib\u201d - MEYDAN.TV\",\"isPartOf\":{\"@id\":\"https:\\\/\\\/www.meydan.tv\\\/az\\\/#website\"},\"primaryImageOfPage\":{\"@id\":\"https:\\\/\\\/www.meydan.tv\\\/az\\\/article\\\/edliyye-nazirliyi-sefiqe-memmedovanin-sedrliyini-tesdiqlemeyib\\\/#primaryimage\"},\"image\":{\"@id\":\"https:\\\/\\\/www.meydan.tv\\\/az\\\/article\\\/edliyye-nazirliyi-sefiqe-memmedovanin-sedrliyini-tesdiqlemeyib\\\/#primaryimage\"},\"thumbnailUrl\":\"https:\\\/\\\/www.meydan.tv\\\/wp-content\\\/uploads\\\/1849_in.jpg\",\"datePublished\":\"2023-01-30T14:07:51+00:00\",\"dateModified\":\"2023-01-30T14:23:16+00:00\",\"breadcrumb\":{\"@id\":\"https:\\\/\\\/www.meydan.tv\\\/az\\\/article\\\/edliyye-nazirliyi-sefiqe-memmedovanin-sedrliyini-tesdiqlemeyib\\\/#breadcrumb\"},\"inLanguage\":\"az\",\"potentialAction\":[{\"@type\":\"ReadAction\",\"target\":[\"https:\\\/\\\/www.meydan.tv\\\/az\\\/article\\\/edliyye-nazirliyi-sefiqe-memmedovanin-sedrliyini-tesdiqlemeyib\\\/\"]}]},{\"@type\":\"ImageObject\",\"inLanguage\":\"az\",\"@id\":\"https:\\\/\\\/www.meydan.tv\\\/az\\\/article\\\/edliyye-nazirliyi-sefiqe-memmedovanin-sedrliyini-tesdiqlemeyib\\\/#primaryimage\",\"url\":\"https:\\\/\\\/www.meydan.tv\\\/wp-content\\\/uploads\\\/1849_in.jpg\",\"contentUrl\":\"https:\\\/\\\/www.meydan.tv\\\/wp-content\\\/uploads\\\/1849_in.jpg\",\"width\":2120,\"height\":968,\"caption\":\"\u018fdliyy\u0259 Nazirliyi. Foto: https:\\\/\\\/www.justice.gov.az\\\/\"},{\"@type\":\"BreadcrumbList\",\"@id\":\"https:\\\/\\\/www.meydan.tv\\\/az\\\/article\\\/edliyye-nazirliyi-sefiqe-memmedovanin-sedrliyini-tesdiqlemeyib\\\/#breadcrumb\",\"itemListElement\":[{\"@type\":\"ListItem\",\"position\":1,\"name\":\"Ana s\u0259hif\u0259\",\"item\":\"https:\\\/\\\/www.meydan.tv\\\/az\\\/\"},{\"@type\":\"ListItem\",\"position\":2,\"name\":\"M\u0259d\u0259niyy\u0259t\",\"item\":\"https:\\\/\\\/www.meydan.tv\\\/az\\\/section\\\/medeniyyet\\\/\"},{\"@type\":\"ListItem\",\"position\":3,\"name\":\"\u201c\u018fdliyy\u0259 Nazirliyi \u015e\u0259fiq\u0259 M\u0259mm\u0259dovan\u0131n s\u0259drliyini t\u0259sdiql\u0259m\u0259yib\u201d\"}]},{\"@type\":\"WebSite\",\"@id\":\"https:\\\/\\\/www.meydan.tv\\\/az\\\/#website\",\"url\":\"https:\\\/\\\/www.meydan.tv\\\/az\\\/\",\"name\":\"MEYDAN.TV\",\"description\":\"Meydan TV Az\u0259rbaycan\u0131n media m\u0259kan\u0131ndak\u0131 alternativ s\u0259sidir\",\"publisher\":{\"@id\":\"https:\\\/\\\/www.meydan.tv\\\/az\\\/#organization\"},\"potentialAction\":[{\"@type\":\"SearchAction\",\"target\":{\"@type\":\"EntryPoint\",\"urlTemplate\":\"https:\\\/\\\/www.meydan.tv\\\/az\\\/?s={search_term_string}\"},\"query-input\":{\"@type\":\"PropertyValueSpecification\",\"valueRequired\":true,\"valueName\":\"search_term_string\"}}],\"inLanguage\":\"az\"},{\"@type\":\"Organization\",\"@id\":\"https:\\\/\\\/www.meydan.tv\\\/az\\\/#organization\",\"name\":\"Meydan TV\",\"url\":\"https:\\\/\\\/www.meydan.tv\\\/az\\\/\",\"logo\":{\"@type\":\"ImageObject\",\"inLanguage\":\"az\",\"@id\":\"https:\\\/\\\/www.meydan.tv\\\/az\\\/#\\\/schema\\\/logo\\\/image\\\/\",\"url\":\"https:\\\/\\\/www.meydan.tv\\\/wp-content\\\/uploads\\\/2021\\\/07\\\/meydan-logo.svg\",\"contentUrl\":\"https:\\\/\\\/www.meydan.tv\\\/wp-content\\\/uploads\\\/2021\\\/07\\\/meydan-logo.svg\",\"width\":195,\"height\":46,\"caption\":\"Meydan TV\"},\"image\":{\"@id\":\"https:\\\/\\\/www.meydan.tv\\\/az\\\/#\\\/schema\\\/logo\\\/image\\\/\"}},{\"@type\":\"Person\",\"@id\":\"https:\\\/\\\/www.meydan.tv\\\/az\\\/#\\\/schema\\\/person\\\/9cdbecf90d17180ce1dfbd95b08dcf47\",\"name\":\"elli\",\"sameAs\":[\"https:\\\/\\\/x.com\\\/elli\"]}]}<\/script>\n<!-- \/ Yoast SEO plugin. -->","yoast_head_json":{"title":"\u201c\u018fdliyy\u0259 Nazirliyi \u015e\u0259fiq\u0259 M\u0259mm\u0259dovan\u0131n s\u0259drliyini t\u0259sdiql\u0259m\u0259yib\u201d - MEYDAN.TV","robots":{"index":"index","follow":"follow","max-snippet":"max-snippet:-1","max-image-preview":"max-image-preview:large","max-video-preview":"max-video-preview:-1"},"canonical":"https:\/\/www.meydan.tv\/az\/article\/edliyye-nazirliyi-sefiqe-memmedovanin-sedrliyini-tesdiqlemeyib\/","og_locale":"az_AZ","og_type":"article","og_title":"\u201c\u018fdliyy\u0259 Nazirliyi \u015e\u0259fiq\u0259 M\u0259mm\u0259dovan\u0131n s\u0259drliyini t\u0259sdiql\u0259m\u0259yib\u201d - MEYDAN.TV","og_description":"\u018fli V\u0259liyev Hesablama Palatas\u0131n\u0131 ARK\u0130-d\u0259 yoxlamalara \u00e7a\u011f\u0131r\u0131b \u201c2022-ci ild\u0259 d\u00f6vl\u0259t ... Davam\u0131","og_url":"https:\/\/www.meydan.tv\/az\/article\/edliyye-nazirliyi-sefiqe-memmedovanin-sedrliyini-tesdiqlemeyib\/","og_site_name":"MEYDAN.TV","article_published_time":"2023-01-30T14:07:51+00:00","article_modified_time":"2023-01-30T14:23:16+00:00","og_image":[{"width":1200,"height":548,"url":"https:\/\/www.meydan.tv\/wp-content\/uploads\/1849_in-1200x548.jpg","type":"image\/jpeg"}],"author":"elli","twitter_card":"summary_large_image","twitter_creator":"@elli","schema":{"@context":"https:\/\/schema.org","@graph":[{"@type":"Article","@id":"https:\/\/www.meydan.tv\/az\/article\/edliyye-nazirliyi-sefiqe-memmedovanin-sedrliyini-tesdiqlemeyib\/#article","isPartOf":{"@id":"https:\/\/www.meydan.tv\/az\/article\/edliyye-nazirliyi-sefiqe-memmedovanin-sedrliyini-tesdiqlemeyib\/"},"author":{"name":"elli","@id":"https:\/\/www.meydan.tv\/az\/#\/schema\/person\/9cdbecf90d17180ce1dfbd95b08dcf47"},"headline":"\u201c\u018fdliyy\u0259 Nazirliyi \u015e\u0259fiq\u0259 M\u0259mm\u0259dovan\u0131n s\u0259drliyini t\u0259sdiql\u0259m\u0259yib\u201d","datePublished":"2023-01-30T14:07:51+00:00","dateModified":"2023-01-30T14:23:16+00:00","mainEntityOfPage":{"@id":"https:\/\/www.meydan.tv\/az\/article\/edliyye-nazirliyi-sefiqe-memmedovanin-sedrliyini-tesdiqlemeyib\/"},"wordCount":1817,"publisher":{"@id":"https:\/\/www.meydan.tv\/az\/#organization"},"image":{"@id":"https:\/\/www.meydan.tv\/az\/article\/edliyye-nazirliyi-sefiqe-memmedovanin-sedrliyini-tesdiqlemeyib\/#primaryimage"},"thumbnailUrl":"https:\/\/www.meydan.tv\/wp-content\/uploads\/1849_in.jpg","articleSection":["M\u0259d\u0259niyy\u0259t","X\u0259b\u0259rl\u0259r"],"inLanguage":"az"},{"@type":"WebPage","@id":"https:\/\/www.meydan.tv\/az\/article\/edliyye-nazirliyi-sefiqe-memmedovanin-sedrliyini-tesdiqlemeyib\/","url":"https:\/\/www.meydan.tv\/az\/article\/edliyye-nazirliyi-sefiqe-memmedovanin-sedrliyini-tesdiqlemeyib\/","name":"\u201c\u018fdliyy\u0259 Nazirliyi \u015e\u0259fiq\u0259 M\u0259mm\u0259dovan\u0131n s\u0259drliyini t\u0259sdiql\u0259m\u0259yib\u201d - MEYDAN.TV","isPartOf":{"@id":"https:\/\/www.meydan.tv\/az\/#website"},"primaryImageOfPage":{"@id":"https:\/\/www.meydan.tv\/az\/article\/edliyye-nazirliyi-sefiqe-memmedovanin-sedrliyini-tesdiqlemeyib\/#primaryimage"},"image":{"@id":"https:\/\/www.meydan.tv\/az\/article\/edliyye-nazirliyi-sefiqe-memmedovanin-sedrliyini-tesdiqlemeyib\/#primaryimage"},"thumbnailUrl":"https:\/\/www.meydan.tv\/wp-content\/uploads\/1849_in.jpg","datePublished":"2023-01-30T14:07:51+00:00","dateModified":"2023-01-30T14:23:16+00:00","breadcrumb":{"@id":"https:\/\/www.meydan.tv\/az\/article\/edliyye-nazirliyi-sefiqe-memmedovanin-sedrliyini-tesdiqlemeyib\/#breadcrumb"},"inLanguage":"az","potentialAction":[{"@type":"ReadAction","target":["https:\/\/www.meydan.tv\/az\/article\/edliyye-nazirliyi-sefiqe-memmedovanin-sedrliyini-tesdiqlemeyib\/"]}]},{"@type":"ImageObject","inLanguage":"az","@id":"https:\/\/www.meydan.tv\/az\/article\/edliyye-nazirliyi-sefiqe-memmedovanin-sedrliyini-tesdiqlemeyib\/#primaryimage","url":"https:\/\/www.meydan.tv\/wp-content\/uploads\/1849_in.jpg","contentUrl":"https:\/\/www.meydan.tv\/wp-content\/uploads\/1849_in.jpg","width":2120,"height":968,"caption":"\u018fdliyy\u0259 Nazirliyi. Foto: https:\/\/www.justice.gov.az\/"},{"@type":"BreadcrumbList","@id":"https:\/\/www.meydan.tv\/az\/article\/edliyye-nazirliyi-sefiqe-memmedovanin-sedrliyini-tesdiqlemeyib\/#breadcrumb","itemListElement":[{"@type":"ListItem","position":1,"name":"Ana s\u0259hif\u0259","item":"https:\/\/www.meydan.tv\/az\/"},{"@type":"ListItem","position":2,"name":"M\u0259d\u0259niyy\u0259t","item":"https:\/\/www.meydan.tv\/az\/section\/medeniyyet\/"},{"@type":"ListItem","position":3,"name":"\u201c\u018fdliyy\u0259 Nazirliyi \u015e\u0259fiq\u0259 M\u0259mm\u0259dovan\u0131n s\u0259drliyini t\u0259sdiql\u0259m\u0259yib\u201d"}]},{"@type":"WebSite","@id":"https:\/\/www.meydan.tv\/az\/#website","url":"https:\/\/www.meydan.tv\/az\/","name":"MEYDAN.TV","description":"Meydan TV Az\u0259rbaycan\u0131n media m\u0259kan\u0131ndak\u0131 alternativ s\u0259sidir","publisher":{"@id":"https:\/\/www.meydan.tv\/az\/#organization"},"potentialAction":[{"@type":"SearchAction","target":{"@type":"EntryPoint","urlTemplate":"https:\/\/www.meydan.tv\/az\/?s={search_term_string}"},"query-input":{"@type":"PropertyValueSpecification","valueRequired":true,"valueName":"search_term_string"}}],"inLanguage":"az"},{"@type":"Organization","@id":"https:\/\/www.meydan.tv\/az\/#organization","name":"Meydan TV","url":"https:\/\/www.meydan.tv\/az\/","logo":{"@type":"ImageObject","inLanguage":"az","@id":"https:\/\/www.meydan.tv\/az\/#\/schema\/logo\/image\/","url":"https:\/\/www.meydan.tv\/wp-content\/uploads\/2021\/07\/meydan-logo.svg","contentUrl":"https:\/\/www.meydan.tv\/wp-content\/uploads\/2021\/07\/meydan-logo.svg","width":195,"height":46,"caption":"Meydan TV"},"image":{"@id":"https:\/\/www.meydan.tv\/az\/#\/schema\/logo\/image\/"}},{"@type":"Person","@id":"https:\/\/www.meydan.tv\/az\/#\/schema\/person\/9cdbecf90d17180ce1dfbd95b08dcf47","name":"elli","sameAs":["https:\/\/x.com\/elli"]}]}},"_links":{"self":[{"href":"https:\/\/www.meydan.tv\/az\/wp-json\/wp\/v2\/posts\/267048","targetHints":{"allow":["GET"]}}],"collection":[{"href":"https:\/\/www.meydan.tv\/az\/wp-json\/wp\/v2\/posts"}],"about":[{"href":"https:\/\/www.meydan.tv\/az\/wp-json\/wp\/v2\/types\/post"}],"author":[{"embeddable":true,"href":"https:\/\/www.meydan.tv\/az\/wp-json\/wp\/v2\/users\/8"}],"replies":[{"embeddable":true,"href":"https:\/\/www.meydan.tv\/az\/wp-json\/wp\/v2\/comments?post=267048"}],"version-history":[{"count":3,"href":"https:\/\/www.meydan.tv\/az\/wp-json\/wp\/v2\/posts\/267048\/revisions"}],"predecessor-version":[{"id":267051,"href":"https:\/\/www.meydan.tv\/az\/wp-json\/wp\/v2\/posts\/267048\/revisions\/267051"}],"wp:featuredmedia":[{"embeddable":true,"href":"https:\/\/www.meydan.tv\/az\/wp-json\/wp\/v2\/media\/236424"}],"wp:attachment":[{"href":"https:\/\/www.meydan.tv\/az\/wp-json\/wp\/v2\/media?parent=267048"}],"wp:term":[{"taxonomy":"category","embeddable":true,"href":"https:\/\/www.meydan.tv\/az\/wp-json\/wp\/v2\/categories?post=267048"},{"taxonomy":"post_tag","embeddable":true,"href":"https:\/\/www.meydan.tv\/az\/wp-json\/wp\/v2\/tags?post=267048"}],"curies":[{"name":"wp","href":"https:\/\/api.w.org\/{rel}","templated":true}]}}