{"id":267029,"date":"2023-01-30T17:06:42","date_gmt":"2023-01-30T13:06:42","guid":{"rendered":"https:\/\/www.meydan.tv\/?p=267029"},"modified":"2023-01-30T17:07:01","modified_gmt":"2023-01-30T13:07:01","slug":"goycay-sakini-is-ucun-gedirem-deyirler-qapini-colden-bagla","status":"publish","type":"post","link":"https:\/\/www.meydan.tv\/az\/article\/goycay-sakini-is-ucun-gedirem-deyirler-qapini-colden-bagla\/","title":{"rendered":"G\u00f6y\u00e7ay sakini: \u201c\u0130\u015f \u00fc\u00e7\u00fcn gedir\u0259m, deyirl\u0259r, qap\u0131n\u0131 \u00e7\u00f6ld\u0259n ba\u011fla\u201d"},"content":{"rendered":"\n<p><\/p>\n\n\n\n<p><em>\u0130\u015fsiz Qadir \u0130smay\u0131lov ac u\u015faqlar\u0131n\u0131n \u00fcz\u00fcn\u0259 baxa bilm\u0259diyini deyir<\/em><\/p>\n\n\n\n<p>\u201cHam\u0131ya m\u0259lumdur ki, kas\u0131b t\u0259b\u0259q\u0259y\u0259 he\u00e7 bir d\u00f6vl\u0259t yard\u0131m\u0131 yoxdur. \u018fvv\u0259ll\u0259r m\u00fcxt\u0259lif \u015f\u0259rtl\u0259rl\u0259 kas\u0131ba verdikl\u0259ri \u00fcnvanl\u0131 sosial yard\u0131m da \u00e7oxdan k\u0259silib. Ham\u0131ya ucdantutma imtina cavab\u0131 g\u0259lir. He\u00e7 bu imtinalar\u0131 kas\u0131b\u00e7\u00fcn \u0259sasland\u0131ran da yoxdur. Bel\u0259 bir vaxtda G\u00f6y\u00e7ay\u0131n M\u0259\u015f\u011fulluq M\u0259rk\u0259zi s\u00fcr\u00fcnd\u00fcrm\u0259\u00e7ilikl\u0259 m\u0259\u015f\u011ful olur. Uzun m\u00fcdd\u0259tdir ki, i\u015f \u00fc\u00e7\u00fcn m\u00fcraci\u0259t etmi\u015f\u0259m, gah deyirl\u0259r, get sabah g\u0259l, gah da deyirl\u0259r, bura i\u015f yeri istehsal ed\u0259n zavod deyil, bir az dan\u0131\u015fanda da deyirl\u0259r, qap\u0131n\u0131 \u00e7\u00f6ld\u0259n ba\u011fla, get, hara ist\u0259yirs\u0259n, \u015fikay\u0259t el\u0259\u201d.<\/p>\n\n\n\n<p>Qadir \u0130smay\u0131lov G\u00f6y\u00e7ay rayonunun 1-ci \u018fr\u0259bc\u0259birli k\u0259nd sakinidir. Meydan TV-y\u0259 dan\u0131\u015f\u0131r ki, 2020-ci ild\u0259 rayonun M\u0259\u015f\u011fulluq M\u0259rk\u0259zin\u0259 m\u00fcraci\u0259t edib. Bu m\u00fcraci\u0259ti \u0259sas\u0131nda \u201cDOST\u201d \u0130\u015f M\u0259rk\u0259zinin x\u0259tti il\u0259 G\u00f6y\u00e7ay M\u0259nzil \u0130stismar \u0130dar\u0259sind\u0259 iki ayl\u0131q i\u015fl\u0259 t\u0259min olunub. M\u00fcdd\u0259t ba\u015fa \u00e7atd\u0131qdan sonra i\u015f \u00fc\u00e7\u00fcn t\u0259krar m\u00fcraci\u0259t edib. H\u0259m d\u0259 xahi\u015f edib ki, i\u015f m\u00fcqavil\u0259si uzum\u00fcdd\u0259tli olsun.<br><\/p>\n\n\n\n<p><strong>\u201cO g\u00fcn-bu g\u00fcn, get-g\u0259ld\u0259y\u0259m\u201d<br><\/strong><\/p>\n\n\n\n<p>\u015eikay\u0259t\u00e7inin dem\u0259sin\u0259 g\u00f6r\u0259, ona bildirilib ki, i\u015fl\u0259r yaln\u0131z iki ayl\u0131q m\u00fcdd\u0259t\u0259dir. Ancaq bir az g\u00f6zl\u0259s\u0259, uzunm\u00fcdd\u0259tli i\u015f yerl\u0259rin\u0259 vakansiyalar olacaq. Bu zaman \u00f6zl\u0259ri ona x\u0259b\u0259r ed\u0259c\u0259kl\u0259r:<\/p>\n\n\n\n<p>\u201c\u00d6yr\u0259ndim ki, iki ayl\u0131q i\u015fl\u0259r l\u0259\u011fv edilib, i\u015faxtaranlarla uzunm\u00fcdd\u0259tli i\u015f m\u00fcqavil\u0259si ba\u011flan\u0131r. Ancaq m\u0259ni axtaran yoxdur. Halbuki, \u00f6zl\u0259ri d\u0259 ail\u0259 v\u0259ziyy\u0259timi, ehtiyac i\u00e7ind\u0259 ya\u015fad\u0131\u011f\u0131m\u0131z\u0131 bilirdil\u0259r. \u018friz\u0259l\u0259r yazma\u011fa ba\u015flad\u0131m. N\u0259hay\u0259t, G\u00f6y\u00e7ay M\u0259\u015f\u011fulluq M\u0259rk\u0259zind\u0259n z\u0259ng oldu, oraya d\u0259v\u0259t edildim. M\u0259\u015f\u011fulluq M\u0259rk\u0259zinin Nizami adl\u0131 \u0259m\u0259kda\u015f\u0131 \u015f\u0259xsiyy\u0259t v\u0259siq\u0259min sur\u0259tini g\u00f6t\u00fcr\u00fcb hans\u0131sa qeydl\u0259r apard\u0131, sonra da n\u00f6vb\u0259ti g\u00fcn yax\u0131nla\u015fma\u011f\u0131m\u0131 tap\u015f\u0131rd\u0131\u201d.<\/p>\n\n\n\n<p>Qadir \u0130smay\u0131lov deyir, o g\u00fcn \u2013 bu g\u00fcn, d\u00fc\u015f\u00fcb qal\u0131b rayonun M\u0259\u015f\u011fulluq M\u0259rk\u0259zinin qap\u0131s\u0131nda. \u018fvv\u0259ll\u0259r i\u015f\u00e7il\u0259r t\u0259r\u0259find\u0259n g\u00f6rd\u00fcy\u00fc yum\u015faq davran\u0131\u015f da yoxa \u00e7\u0131x\u0131b: <\/p>\n\n\n\n<p>&#8220;\u018fvv\u0259ll\u0259r he\u00e7 olmasa yalandan da olsa adama \u00fcmid verib yola sal\u0131rd\u0131lar. \u0130ndi deyir, qap\u0131n\u0131 \u00e7\u00f6ld\u0259n ba\u011fla. Get, hara ist\u0259yirs\u0259n \u015fikay\u0259t el\u0259. N\u0259 vaxt gets\u0259m, i\u015f\u00e7il\u0259r oturub, \u00e7ay i\u00e7ir, komp\u00fcterd\u0259, telefonda oyun oynamaqla m\u0259\u015f\u011fuldular. G\u0259l\u0259n v\u0259t\u0259nda\u015fla kobud davran\u0131rlar. He\u00e7 ba\u015flar\u0131n\u0131 qald\u0131r\u0131b adam\u0131n \u00fcz\u00fcn\u0259 d\u0259 baxmaq ist\u0259mirl\u0259r\u201d.<\/p>\n\n\n\n<p><strong>\u201c\u00d6z\u00fcm\u00fc aciz hiss edir\u0259m\u201d<\/strong><\/p>\n\n\n\n<p>Qadir \u0130smay\u0131lov 3 ildir ki, ail\u0259 h\u0259yat\u0131 qurub. \u0130ki azya\u015fl\u0131 \u00f6vlad\u0131 var. \u00d6z evi olmad\u0131\u011f\u0131 \u00fc\u00e7\u00fcn valideynl\u0259riyl\u0259 birlikd\u0259 ya\u015fay\u0131r. Qarda\u015f\u0131 m\u00fcharib\u0259\u00a0 veteran\u0131d\u0131r. Onun da evi v\u0259 i\u015fi olmad\u0131\u011f\u0131na g\u00f6r\u0259 ail\u0259 qura bilmir, onlarla eyni evd\u0259 ya\u015fay\u0131r:<\/p>\n\n\n\n<p>\u201cG\u00fcn\u0259muzd i\u015f tapanda \u00e7\u00f6r\u0259yimiz olur, onu da indi tapmaq olmur. Ail\u0259 b\u00f6y\u00fck, ehtiyaclar t\u00fck\u0259nm\u0259zdir. U\u015faqlar\u0131m\u0131n, valideynl\u0259rimin \u0259rzaq, d\u0259rman, geyim t\u0259l\u0259batlar\u0131n\u0131 \u00f6d\u0259y\u0259 bilmir\u0259m. \u00d6z\u00fcm\u00fc b\u00f6y\u00fck bir ail\u0259nin qar\u015f\u0131s\u0131nda aciz hiss edir\u0259m. H\u0259r d\u0259f\u0259 u\u015faqlar\u0131mla g\u00f6z-g\u00f6z\u0259 g\u0259l\u0259nd\u0259 utan\u0131ram. Kommunal borclar aybaay \u00fcst-\u00fcst\u0259 y\u0131\u011f\u0131l\u0131r. Qaza g\u00f6r\u0259 1000 manat borcumuz var, karta pul y\u00fckl\u0259y\u0259n kimi borca \u00e7\u0131x\u0131l\u0131r dey\u0259, m\u0259cburam ki, da\u011fa-da\u015fa d\u00fc\u015f\u00fcb, \u00e7\u0131r-\u00e7\u0131rp\u0131 toplay\u0131m, evi isidim. N\u0259yi nec\u0259 edim bilmir\u0259m. Yen\u0259 d\u0259 son \u00fcmidimi d\u00f6vl\u0259t\u0259 ba\u011flay\u0131ram, m\u0259n\u0259 bir i\u015f versin,\u00a0 sal\u0131m ba\u015f\u0131m\u0131 a\u015fa\u011f\u0131, balalar\u0131m\u0131 b\u00f6y\u00fcd\u00fcm\u201d.<\/p>\n\n\n\n<p>\u201cHava v\u0259 su q\u0259d\u0259r i\u015f\u0259 ehtiyac\u0131m var\u201d dey\u0259n Qadir \u0130smay\u0131lovun ist\u0259diyi odur ki, rayonun M\u0259nzil \u0130stismar, Sanitar-T\u0259mizlik, Abadla\u015fd\u0131rma v\u0259 T\u0259mir \u0130dar\u0259l\u0259ri kimi kommunal idar\u0259l\u0259rd\u0259n birind\u0259 i\u015fl\u0259 t\u0259min olunsun.<br>G\u00f6y\u00e7ay rayon M\u0259\u015f\u011fulluq M\u0259rk\u0259zind\u0259n Meydan TV-y\u0259 bildirilib ki, \u00f6t\u0259n il \u018fm\u0259k v\u0259 \u018fhalinin Sosial M\u00fcdafi\u0259si Nazirliyinin tabeliyind\u0259ki D\u00f6vl\u0259t M\u0259\u015f\u011fulluq Agentliyi t\u0259r\u0259find\u0259n rayonda insanlar\u0131n i\u015fl\u0259 t\u0259min olunmas\u0131, \u00f6z\u00fcn\u00fcm\u0259\u015f\u011fulluq proqram\u0131na, pe\u015f\u0259 haz\u0131rl\u0131\u011f\u0131na c\u0259lb edilm\u0259si y\u00fcks\u0259k s\u0259viyy\u0259d\u0259 h\u0259yata ke\u00e7irilib. Y\u00fczl\u0259rl\u0259 i\u015fsiz g\u00f6y\u00e7ayl\u0131 sosial layih\u0259l\u0259r\u0259 c\u0259lb edilib. M\u0259\u015f\u011fulluq M\u0259rk\u0259zi v\u0259t\u0259nda\u015f\u0131n qurum qar\u015f\u0131s\u0131nda konkret i\u015f yeriyl\u0259 ba\u011fl\u0131 t\u0259l\u0259b qoymas\u0131n\u0131 d\u00fczg\u00fcn hesab etmir:<\/p>\n\n\n\n<p>\u201cV\u0259t\u0259nda\u015f m\u00fcraci\u0259t etsin, m\u00fcraci\u0259ti ara\u015fd\u0131r\u0131ls\u0131n, ola bilsin ki, DOST i\u015f M\u0259rk\u0259zinin x\u0259ttiyl\u0259 ictimai i\u015fl\u0259 t\u0259min olunsun, ola bilsin ki, \u00d6\u00fcn\u0259m\u0259\u015f\u011fulluq Proqram\u0131na c\u0259lb edilsin\u201d.<\/p>\n","protected":false},"excerpt":{"rendered":"<p>\u0130\u015fsiz Qadir \u0130smay\u0131lov ac u\u015faqlar\u0131n\u0131n \u00fcz\u00fcn\u0259 baxa bilm\u0259diyini deyir \u201cHam\u0131ya &#8230; <\/p>\n<p class=\"read-more-container\"><a title=\"G\u00f6y\u00e7ay sakini: \u201c\u0130\u015f \u00fc\u00e7\u00fcn gedir\u0259m, deyirl\u0259r, qap\u0131n\u0131 \u00e7\u00f6ld\u0259n ba\u011fla\u201d\" class=\"read-more button\" href=\"https:\/\/www.meydan.tv\/az\/article\/goycay-sakini-is-ucun-gedirem-deyirler-qapini-colden-bagla\/#more-267029\" aria-label=\"Read more about G\u00f6y\u00e7ay sakini: \u201c\u0130\u015f \u00fc\u00e7\u00fcn gedir\u0259m, deyirl\u0259r, qap\u0131n\u0131 \u00e7\u00f6ld\u0259n ba\u011fla\u201d\">Davam\u0131<\/a><\/p>\n","protected":false},"author":8,"featured_media":267026,"comment_status":"closed","ping_status":"closed","sticky":false,"template":"","format":"standard","meta":{"_acf_changed":false,"_sitemap_exclude":false,"_sitemap_priority":"","_sitemap_frequency":"","footnotes":""},"categories":[60,56],"tags":[],"class_list":["post-267029","post","type-post","status-publish","format-standard","has-post-thumbnail","hentry","category-bolge","category-xeberler","infinite-scroll-item","generate-columns","tablet-grid-50","mobile-grid-100","grid-parent","grid-33","no-featured-image-padding"],"acf":[],"yoast_head":"<!-- This site is optimized with the Yoast SEO plugin v27.5 - https:\/\/yoast.com\/product\/yoast-seo-wordpress\/ -->\n<title>G\u00f6y\u00e7ay sakini: \u201c\u0130\u015f \u00fc\u00e7\u00fcn gedir\u0259m, deyirl\u0259r, qap\u0131n\u0131 \u00e7\u00f6ld\u0259n ba\u011fla\u201d - MEYDAN.TV<\/title>\n<meta name=\"robots\" content=\"index, follow, max-snippet:-1, max-image-preview:large, max-video-preview:-1\" \/>\n<link rel=\"canonical\" href=\"https:\/\/www.meydan.tv\/az\/article\/goycay-sakini-is-ucun-gedirem-deyirler-qapini-colden-bagla\/\" \/>\n<meta property=\"og:locale\" content=\"az_AZ\" \/>\n<meta property=\"og:type\" content=\"article\" \/>\n<meta property=\"og:title\" content=\"G\u00f6y\u00e7ay sakini: \u201c\u0130\u015f \u00fc\u00e7\u00fcn gedir\u0259m, deyirl\u0259r, qap\u0131n\u0131 \u00e7\u00f6ld\u0259n ba\u011fla\u201d - MEYDAN.TV\" \/>\n<meta property=\"og:description\" content=\"\u0130\u015fsiz Qadir \u0130smay\u0131lov ac u\u015faqlar\u0131n\u0131n \u00fcz\u00fcn\u0259 baxa bilm\u0259diyini deyir \u201cHam\u0131ya ... Davam\u0131\" \/>\n<meta property=\"og:url\" content=\"https:\/\/www.meydan.tv\/az\/article\/goycay-sakini-is-ucun-gedirem-deyirler-qapini-colden-bagla\/\" \/>\n<meta property=\"og:site_name\" content=\"MEYDAN.TV\" \/>\n<meta property=\"article:published_time\" content=\"2023-01-30T13:06:42+00:00\" \/>\n<meta property=\"article:modified_time\" content=\"2023-01-30T13:07:01+00:00\" \/>\n<meta property=\"og:image\" content=\"https:\/\/www.meydan.tv\/wp-content\/uploads\/photo-2023-01-30-16-26-08-e1675083969741.jpg\" \/>\n\t<meta property=\"og:image:width\" content=\"1280\" \/>\n\t<meta property=\"og:image:height\" content=\"572\" \/>\n\t<meta property=\"og:image:type\" content=\"image\/jpeg\" \/>\n<meta name=\"author\" content=\"elli\" \/>\n<meta name=\"twitter:card\" content=\"summary_large_image\" \/>\n<meta name=\"twitter:creator\" content=\"@elli\" \/>\n<script type=\"application\/ld+json\" class=\"yoast-schema-graph\">{\"@context\":\"https:\\\/\\\/schema.org\",\"@graph\":[{\"@type\":\"Article\",\"@id\":\"https:\\\/\\\/www.meydan.tv\\\/az\\\/article\\\/goycay-sakini-is-ucun-gedirem-deyirler-qapini-colden-bagla\\\/#article\",\"isPartOf\":{\"@id\":\"https:\\\/\\\/www.meydan.tv\\\/az\\\/article\\\/goycay-sakini-is-ucun-gedirem-deyirler-qapini-colden-bagla\\\/\"},\"author\":{\"name\":\"elli\",\"@id\":\"https:\\\/\\\/www.meydan.tv\\\/az\\\/#\\\/schema\\\/person\\\/9cdbecf90d17180ce1dfbd95b08dcf47\"},\"headline\":\"G\u00f6y\u00e7ay sakini: \u201c\u0130\u015f \u00fc\u00e7\u00fcn gedir\u0259m, deyirl\u0259r, qap\u0131n\u0131 \u00e7\u00f6ld\u0259n ba\u011fla\u201d\",\"datePublished\":\"2023-01-30T13:06:42+00:00\",\"dateModified\":\"2023-01-30T13:07:01+00:00\",\"mainEntityOfPage\":{\"@id\":\"https:\\\/\\\/www.meydan.tv\\\/az\\\/article\\\/goycay-sakini-is-ucun-gedirem-deyirler-qapini-colden-bagla\\\/\"},\"wordCount\":934,\"publisher\":{\"@id\":\"https:\\\/\\\/www.meydan.tv\\\/az\\\/#organization\"},\"image\":{\"@id\":\"https:\\\/\\\/www.meydan.tv\\\/az\\\/article\\\/goycay-sakini-is-ucun-gedirem-deyirler-qapini-colden-bagla\\\/#primaryimage\"},\"thumbnailUrl\":\"https:\\\/\\\/www.meydan.tv\\\/wp-content\\\/uploads\\\/photo-2023-01-30-16-26-08-e1675083969741.jpg\",\"articleSection\":[\"B\u00f6lg\u0259\",\"X\u0259b\u0259rl\u0259r\"],\"inLanguage\":\"az\"},{\"@type\":\"WebPage\",\"@id\":\"https:\\\/\\\/www.meydan.tv\\\/az\\\/article\\\/goycay-sakini-is-ucun-gedirem-deyirler-qapini-colden-bagla\\\/\",\"url\":\"https:\\\/\\\/www.meydan.tv\\\/az\\\/article\\\/goycay-sakini-is-ucun-gedirem-deyirler-qapini-colden-bagla\\\/\",\"name\":\"G\u00f6y\u00e7ay sakini: \u201c\u0130\u015f \u00fc\u00e7\u00fcn gedir\u0259m, deyirl\u0259r, qap\u0131n\u0131 \u00e7\u00f6ld\u0259n ba\u011fla\u201d - MEYDAN.TV\",\"isPartOf\":{\"@id\":\"https:\\\/\\\/www.meydan.tv\\\/az\\\/#website\"},\"primaryImageOfPage\":{\"@id\":\"https:\\\/\\\/www.meydan.tv\\\/az\\\/article\\\/goycay-sakini-is-ucun-gedirem-deyirler-qapini-colden-bagla\\\/#primaryimage\"},\"image\":{\"@id\":\"https:\\\/\\\/www.meydan.tv\\\/az\\\/article\\\/goycay-sakini-is-ucun-gedirem-deyirler-qapini-colden-bagla\\\/#primaryimage\"},\"thumbnailUrl\":\"https:\\\/\\\/www.meydan.tv\\\/wp-content\\\/uploads\\\/photo-2023-01-30-16-26-08-e1675083969741.jpg\",\"datePublished\":\"2023-01-30T13:06:42+00:00\",\"dateModified\":\"2023-01-30T13:07:01+00:00\",\"breadcrumb\":{\"@id\":\"https:\\\/\\\/www.meydan.tv\\\/az\\\/article\\\/goycay-sakini-is-ucun-gedirem-deyirler-qapini-colden-bagla\\\/#breadcrumb\"},\"inLanguage\":\"az\",\"potentialAction\":[{\"@type\":\"ReadAction\",\"target\":[\"https:\\\/\\\/www.meydan.tv\\\/az\\\/article\\\/goycay-sakini-is-ucun-gedirem-deyirler-qapini-colden-bagla\\\/\"]}]},{\"@type\":\"ImageObject\",\"inLanguage\":\"az\",\"@id\":\"https:\\\/\\\/www.meydan.tv\\\/az\\\/article\\\/goycay-sakini-is-ucun-gedirem-deyirler-qapini-colden-bagla\\\/#primaryimage\",\"url\":\"https:\\\/\\\/www.meydan.tv\\\/wp-content\\\/uploads\\\/photo-2023-01-30-16-26-08-e1675083969741.jpg\",\"contentUrl\":\"https:\\\/\\\/www.meydan.tv\\\/wp-content\\\/uploads\\\/photo-2023-01-30-16-26-08-e1675083969741.jpg\",\"width\":1280,\"height\":572,\"caption\":\"Qadir \u0130smay\u0131lov. Foto: Meydan TV\"},{\"@type\":\"BreadcrumbList\",\"@id\":\"https:\\\/\\\/www.meydan.tv\\\/az\\\/article\\\/goycay-sakini-is-ucun-gedirem-deyirler-qapini-colden-bagla\\\/#breadcrumb\",\"itemListElement\":[{\"@type\":\"ListItem\",\"position\":1,\"name\":\"Ana s\u0259hif\u0259\",\"item\":\"https:\\\/\\\/www.meydan.tv\\\/az\\\/\"},{\"@type\":\"ListItem\",\"position\":2,\"name\":\"B\u00f6lg\u0259\",\"item\":\"https:\\\/\\\/www.meydan.tv\\\/az\\\/section\\\/bolge\\\/\"},{\"@type\":\"ListItem\",\"position\":3,\"name\":\"G\u00f6y\u00e7ay sakini: \u201c\u0130\u015f \u00fc\u00e7\u00fcn gedir\u0259m, deyirl\u0259r, qap\u0131n\u0131 \u00e7\u00f6ld\u0259n ba\u011fla\u201d\"}]},{\"@type\":\"WebSite\",\"@id\":\"https:\\\/\\\/www.meydan.tv\\\/az\\\/#website\",\"url\":\"https:\\\/\\\/www.meydan.tv\\\/az\\\/\",\"name\":\"MEYDAN.TV\",\"description\":\"Meydan TV Az\u0259rbaycan\u0131n media m\u0259kan\u0131ndak\u0131 alternativ s\u0259sidir\",\"publisher\":{\"@id\":\"https:\\\/\\\/www.meydan.tv\\\/az\\\/#organization\"},\"potentialAction\":[{\"@type\":\"SearchAction\",\"target\":{\"@type\":\"EntryPoint\",\"urlTemplate\":\"https:\\\/\\\/www.meydan.tv\\\/az\\\/?s={search_term_string}\"},\"query-input\":{\"@type\":\"PropertyValueSpecification\",\"valueRequired\":true,\"valueName\":\"search_term_string\"}}],\"inLanguage\":\"az\"},{\"@type\":\"Organization\",\"@id\":\"https:\\\/\\\/www.meydan.tv\\\/az\\\/#organization\",\"name\":\"Meydan TV\",\"url\":\"https:\\\/\\\/www.meydan.tv\\\/az\\\/\",\"logo\":{\"@type\":\"ImageObject\",\"inLanguage\":\"az\",\"@id\":\"https:\\\/\\\/www.meydan.tv\\\/az\\\/#\\\/schema\\\/logo\\\/image\\\/\",\"url\":\"https:\\\/\\\/www.meydan.tv\\\/wp-content\\\/uploads\\\/2021\\\/07\\\/meydan-logo.svg\",\"contentUrl\":\"https:\\\/\\\/www.meydan.tv\\\/wp-content\\\/uploads\\\/2021\\\/07\\\/meydan-logo.svg\",\"width\":195,\"height\":46,\"caption\":\"Meydan TV\"},\"image\":{\"@id\":\"https:\\\/\\\/www.meydan.tv\\\/az\\\/#\\\/schema\\\/logo\\\/image\\\/\"}},{\"@type\":\"Person\",\"@id\":\"https:\\\/\\\/www.meydan.tv\\\/az\\\/#\\\/schema\\\/person\\\/9cdbecf90d17180ce1dfbd95b08dcf47\",\"name\":\"elli\",\"sameAs\":[\"https:\\\/\\\/x.com\\\/elli\"]}]}<\/script>\n<!-- \/ Yoast SEO plugin. -->","yoast_head_json":{"title":"G\u00f6y\u00e7ay sakini: \u201c\u0130\u015f \u00fc\u00e7\u00fcn gedir\u0259m, deyirl\u0259r, qap\u0131n\u0131 \u00e7\u00f6ld\u0259n ba\u011fla\u201d - MEYDAN.TV","robots":{"index":"index","follow":"follow","max-snippet":"max-snippet:-1","max-image-preview":"max-image-preview:large","max-video-preview":"max-video-preview:-1"},"canonical":"https:\/\/www.meydan.tv\/az\/article\/goycay-sakini-is-ucun-gedirem-deyirler-qapini-colden-bagla\/","og_locale":"az_AZ","og_type":"article","og_title":"G\u00f6y\u00e7ay sakini: \u201c\u0130\u015f \u00fc\u00e7\u00fcn gedir\u0259m, deyirl\u0259r, qap\u0131n\u0131 \u00e7\u00f6ld\u0259n ba\u011fla\u201d - MEYDAN.TV","og_description":"\u0130\u015fsiz Qadir \u0130smay\u0131lov ac u\u015faqlar\u0131n\u0131n \u00fcz\u00fcn\u0259 baxa bilm\u0259diyini deyir \u201cHam\u0131ya ... Davam\u0131","og_url":"https:\/\/www.meydan.tv\/az\/article\/goycay-sakini-is-ucun-gedirem-deyirler-qapini-colden-bagla\/","og_site_name":"MEYDAN.TV","article_published_time":"2023-01-30T13:06:42+00:00","article_modified_time":"2023-01-30T13:07:01+00:00","og_image":[{"width":1280,"height":572,"url":"https:\/\/www.meydan.tv\/wp-content\/uploads\/photo-2023-01-30-16-26-08-e1675083969741.jpg","type":"image\/jpeg"}],"author":"elli","twitter_card":"summary_large_image","twitter_creator":"@elli","schema":{"@context":"https:\/\/schema.org","@graph":[{"@type":"Article","@id":"https:\/\/www.meydan.tv\/az\/article\/goycay-sakini-is-ucun-gedirem-deyirler-qapini-colden-bagla\/#article","isPartOf":{"@id":"https:\/\/www.meydan.tv\/az\/article\/goycay-sakini-is-ucun-gedirem-deyirler-qapini-colden-bagla\/"},"author":{"name":"elli","@id":"https:\/\/www.meydan.tv\/az\/#\/schema\/person\/9cdbecf90d17180ce1dfbd95b08dcf47"},"headline":"G\u00f6y\u00e7ay sakini: \u201c\u0130\u015f \u00fc\u00e7\u00fcn gedir\u0259m, deyirl\u0259r, qap\u0131n\u0131 \u00e7\u00f6ld\u0259n ba\u011fla\u201d","datePublished":"2023-01-30T13:06:42+00:00","dateModified":"2023-01-30T13:07:01+00:00","mainEntityOfPage":{"@id":"https:\/\/www.meydan.tv\/az\/article\/goycay-sakini-is-ucun-gedirem-deyirler-qapini-colden-bagla\/"},"wordCount":934,"publisher":{"@id":"https:\/\/www.meydan.tv\/az\/#organization"},"image":{"@id":"https:\/\/www.meydan.tv\/az\/article\/goycay-sakini-is-ucun-gedirem-deyirler-qapini-colden-bagla\/#primaryimage"},"thumbnailUrl":"https:\/\/www.meydan.tv\/wp-content\/uploads\/photo-2023-01-30-16-26-08-e1675083969741.jpg","articleSection":["B\u00f6lg\u0259","X\u0259b\u0259rl\u0259r"],"inLanguage":"az"},{"@type":"WebPage","@id":"https:\/\/www.meydan.tv\/az\/article\/goycay-sakini-is-ucun-gedirem-deyirler-qapini-colden-bagla\/","url":"https:\/\/www.meydan.tv\/az\/article\/goycay-sakini-is-ucun-gedirem-deyirler-qapini-colden-bagla\/","name":"G\u00f6y\u00e7ay sakini: \u201c\u0130\u015f \u00fc\u00e7\u00fcn gedir\u0259m, deyirl\u0259r, qap\u0131n\u0131 \u00e7\u00f6ld\u0259n ba\u011fla\u201d - MEYDAN.TV","isPartOf":{"@id":"https:\/\/www.meydan.tv\/az\/#website"},"primaryImageOfPage":{"@id":"https:\/\/www.meydan.tv\/az\/article\/goycay-sakini-is-ucun-gedirem-deyirler-qapini-colden-bagla\/#primaryimage"},"image":{"@id":"https:\/\/www.meydan.tv\/az\/article\/goycay-sakini-is-ucun-gedirem-deyirler-qapini-colden-bagla\/#primaryimage"},"thumbnailUrl":"https:\/\/www.meydan.tv\/wp-content\/uploads\/photo-2023-01-30-16-26-08-e1675083969741.jpg","datePublished":"2023-01-30T13:06:42+00:00","dateModified":"2023-01-30T13:07:01+00:00","breadcrumb":{"@id":"https:\/\/www.meydan.tv\/az\/article\/goycay-sakini-is-ucun-gedirem-deyirler-qapini-colden-bagla\/#breadcrumb"},"inLanguage":"az","potentialAction":[{"@type":"ReadAction","target":["https:\/\/www.meydan.tv\/az\/article\/goycay-sakini-is-ucun-gedirem-deyirler-qapini-colden-bagla\/"]}]},{"@type":"ImageObject","inLanguage":"az","@id":"https:\/\/www.meydan.tv\/az\/article\/goycay-sakini-is-ucun-gedirem-deyirler-qapini-colden-bagla\/#primaryimage","url":"https:\/\/www.meydan.tv\/wp-content\/uploads\/photo-2023-01-30-16-26-08-e1675083969741.jpg","contentUrl":"https:\/\/www.meydan.tv\/wp-content\/uploads\/photo-2023-01-30-16-26-08-e1675083969741.jpg","width":1280,"height":572,"caption":"Qadir \u0130smay\u0131lov. Foto: Meydan TV"},{"@type":"BreadcrumbList","@id":"https:\/\/www.meydan.tv\/az\/article\/goycay-sakini-is-ucun-gedirem-deyirler-qapini-colden-bagla\/#breadcrumb","itemListElement":[{"@type":"ListItem","position":1,"name":"Ana s\u0259hif\u0259","item":"https:\/\/www.meydan.tv\/az\/"},{"@type":"ListItem","position":2,"name":"B\u00f6lg\u0259","item":"https:\/\/www.meydan.tv\/az\/section\/bolge\/"},{"@type":"ListItem","position":3,"name":"G\u00f6y\u00e7ay sakini: \u201c\u0130\u015f \u00fc\u00e7\u00fcn gedir\u0259m, deyirl\u0259r, qap\u0131n\u0131 \u00e7\u00f6ld\u0259n ba\u011fla\u201d"}]},{"@type":"WebSite","@id":"https:\/\/www.meydan.tv\/az\/#website","url":"https:\/\/www.meydan.tv\/az\/","name":"MEYDAN.TV","description":"Meydan TV Az\u0259rbaycan\u0131n media m\u0259kan\u0131ndak\u0131 alternativ s\u0259sidir","publisher":{"@id":"https:\/\/www.meydan.tv\/az\/#organization"},"potentialAction":[{"@type":"SearchAction","target":{"@type":"EntryPoint","urlTemplate":"https:\/\/www.meydan.tv\/az\/?s={search_term_string}"},"query-input":{"@type":"PropertyValueSpecification","valueRequired":true,"valueName":"search_term_string"}}],"inLanguage":"az"},{"@type":"Organization","@id":"https:\/\/www.meydan.tv\/az\/#organization","name":"Meydan TV","url":"https:\/\/www.meydan.tv\/az\/","logo":{"@type":"ImageObject","inLanguage":"az","@id":"https:\/\/www.meydan.tv\/az\/#\/schema\/logo\/image\/","url":"https:\/\/www.meydan.tv\/wp-content\/uploads\/2021\/07\/meydan-logo.svg","contentUrl":"https:\/\/www.meydan.tv\/wp-content\/uploads\/2021\/07\/meydan-logo.svg","width":195,"height":46,"caption":"Meydan TV"},"image":{"@id":"https:\/\/www.meydan.tv\/az\/#\/schema\/logo\/image\/"}},{"@type":"Person","@id":"https:\/\/www.meydan.tv\/az\/#\/schema\/person\/9cdbecf90d17180ce1dfbd95b08dcf47","name":"elli","sameAs":["https:\/\/x.com\/elli"]}]}},"_links":{"self":[{"href":"https:\/\/www.meydan.tv\/az\/wp-json\/wp\/v2\/posts\/267029","targetHints":{"allow":["GET"]}}],"collection":[{"href":"https:\/\/www.meydan.tv\/az\/wp-json\/wp\/v2\/posts"}],"about":[{"href":"https:\/\/www.meydan.tv\/az\/wp-json\/wp\/v2\/types\/post"}],"author":[{"embeddable":true,"href":"https:\/\/www.meydan.tv\/az\/wp-json\/wp\/v2\/users\/8"}],"replies":[{"embeddable":true,"href":"https:\/\/www.meydan.tv\/az\/wp-json\/wp\/v2\/comments?post=267029"}],"version-history":[{"count":2,"href":"https:\/\/www.meydan.tv\/az\/wp-json\/wp\/v2\/posts\/267029\/revisions"}],"predecessor-version":[{"id":267032,"href":"https:\/\/www.meydan.tv\/az\/wp-json\/wp\/v2\/posts\/267029\/revisions\/267032"}],"wp:featuredmedia":[{"embeddable":true,"href":"https:\/\/www.meydan.tv\/az\/wp-json\/wp\/v2\/media\/267026"}],"wp:attachment":[{"href":"https:\/\/www.meydan.tv\/az\/wp-json\/wp\/v2\/media?parent=267029"}],"wp:term":[{"taxonomy":"category","embeddable":true,"href":"https:\/\/www.meydan.tv\/az\/wp-json\/wp\/v2\/categories?post=267029"},{"taxonomy":"post_tag","embeddable":true,"href":"https:\/\/www.meydan.tv\/az\/wp-json\/wp\/v2\/tags?post=267029"}],"curies":[{"name":"wp","href":"https:\/\/api.w.org\/{rel}","templated":true}]}}