{"id":266967,"date":"2023-01-30T13:27:12","date_gmt":"2023-01-30T09:27:12","guid":{"rendered":"https:\/\/www.meydan.tv\/?p=266967"},"modified":"2023-01-30T13:57:45","modified_gmt":"2023-01-30T09:57:45","slug":"media-numayendeleri-qanuna-media-reyestri-ile-bagli-deyisiklik-teleb-edirler","status":"publish","type":"post","link":"https:\/\/www.meydan.tv\/az\/article\/media-numayendeleri-qanuna-media-reyestri-ile-bagli-deyisiklik-teleb-edirler\/","title":{"rendered":"Media n\u00fcmay\u0259nd\u0259l\u0259ri Media Reyestri il\u0259 ba\u011fl\u0131 qanuna d\u0259yi\u015fiklik t\u0259l\u0259b edirl\u0259r"},"content":{"rendered":"\n<p><\/p>\n\n\n\n<p><em>&#8220;Yarad\u0131lacaq reyestr, mahiyy\u0259tc\u0259 lisenziya, icaz\u0259 rolunu oynayacaq, bu da Az\u0259rbaycan Konstitusiyas\u0131na ziddir&#8221;<\/em><\/p>\n\n\n\n<p>\u201c\u201cMedia haqq\u0131nda\u201d Qanunun q\u0259bulu, Media Reyestrinin yarad\u0131lmas\u0131 il\u0259 ba\u011fl\u0131 m\u00fcdd\u0259alar\u0131n t\u0259tbiqi ifad\u0259, media azadl\u0131\u011f\u0131na ziddir\u201d.<\/p>\n\n\n\n<p>Az\u0259rbaycan\u0131n m\u00fcst\u0259qil jurnalistl\u0259ri v\u0259 media m\u00fct\u0259x\u0259ssisl\u0259ri \u201cMedia haqq\u0131nda\u201d Az\u0259rbaycan Respublikas\u0131 Qanununun t\u0259tbiqi n\u0259tic\u0259sind\u0259 ortaya \u00e7\u0131xan probleml\u0259rl\u0259rl\u0259 ba\u011fl\u0131 m\u00f6vqe s\u0259n\u0259di imzalay\u0131b.<\/p>\n\n\n\n<p>S\u0259n\u0259dd\u0259 bildirilir ki, yeni qanunvericilik 2021-ci ilin dekabr\u0131nda t\u0259l\u0259m-t\u0259l\u0259sik parlamentd\u0259 m\u00fczakir\u0259y\u0259 \u00e7\u0131xar\u0131l\u0131b v\u0259 q\u0259bul edilib.<\/p>\n\n\n\n<p>Qanun 2022-ci ilin fevral\u0131nda \u00f6lk\u0259 ba\u015f\u00e7\u0131s\u0131n\u0131n t\u0259sdiql\u0259m\u0259sil\u0259 q\u00fcvv\u0259y\u0259 minib. Yeni qanun media v\u0259 jurnalistl\u0259rin vahid reyestrinin yarad\u0131lmas\u0131n\u0131 n\u0259z\u0259rd\u0259 tutur.<\/p>\n\n\n\n<p>Reyestrin apar\u0131lmas\u0131 qaydalar\u0131 \u00f6lk\u0259 ba\u015f\u00e7\u0131s\u0131n\u0131n 26 sentyabr 2022-ci il\u0259 tarixli F\u0259rman\u0131 il\u0259 t\u0259sdiq edilib:<\/p>\n\n\n\n<p>\u201cBiz &#8211; bu m\u00fcraci\u0259ti imzalayanlar, \u201cMedia haqq\u0131nda\u201d Qanunun, x\u00fcsusil\u0259 onun vahid reyestrin yarad\u0131lmas\u0131 il\u0259 ba\u011fl\u0131 m\u00fcdd\u0259alar\u0131n\u0131n media, ifad\u0259 azadl\u0131\u011f\u0131n\u0131 m\u0259hdudla\u015fd\u0131rma\u011fa geni\u015f imkanlar a\u00e7d\u0131\u011f\u0131n\u0131 g\u00f6r\u00fcr\u00fck. Yeni qanunun t\u0259tbiqinin media, jurnalist azadl\u0131\u011f\u0131na, onlar\u0131n h\u0259r\u0259k\u0259t v\u0259 f\u0259aliyy\u0259t s\u0259rb\u0259stliyin\u0259 \u00e7ox ciddi neqativ t\u0259sir edir. T\u0259\u0259ss\u00fcf ki, qanuna, onun media azadl\u0131\u011f\u0131 il\u0259 ba\u011fl\u0131 ciddi probleml\u0259r yaradan v\u0259 yaradacaq m\u00fcdd\u0259alar\u0131na f\u0259rqli yana\u015fma\u011fa he\u00e7 bir \u0259sas yoxdur, \u00e7\u00fcnki \u00fcmumilikd\u0259 qanun Az\u0259rbaycan Konstitusiyas\u0131na v\u0259 \u00f6lk\u0259mizin t\u0259r\u0259fdar \u00e7\u0131xd\u0131\u011f\u0131 ba\u015fl\u0131ca beyn\u0259lxalq m\u00fcqavil\u0259l\u0259rd\u0259n olan Avropa \u0130nsan H\u00fcquqlar\u0131 Konvensiyas\u0131na da ziddir. Bu, Avropa \u015euras\u0131 Venesiya Komissiyas\u0131n\u0131n r\u0259yind\u0259 d\u0259 ayd\u0131n \u015f\u0259kild\u0259 g\u00f6st\u0259rilib, \u015f\u0259rh edilib\u201d.<\/p>\n\n\n\n<figure class=\"wp-block-image size-full\"><img decoding=\"async\" width=\"1200\" height=\"630\" data-src=\"https:\/\/www.meydan.tv\/wp-content\/uploads\/1-7.jpg\" alt=\"\" class=\"wp-image-266969 lazyload\" src=\"data:image\/svg+xml;base64,PHN2ZyB3aWR0aD0iMSIgaGVpZ2h0PSIxIiB4bWxucz0iaHR0cDovL3d3dy53My5vcmcvMjAwMC9zdmciPjwvc3ZnPg==\" style=\"--smush-placeholder-width: 1200px; --smush-placeholder-aspect-ratio: 1200\/630;\" \/><\/figure>\n\n\n\n<p>S\u0259n\u0259dd\u0259 qeyd olunur ki, media reyestrinin formala\u015fd\u0131r\u0131lmas\u0131na ba\u015fland\u0131qdan sonra t\u0259nziml\u0259yici orqan olan Median\u0131n \u0130nki\u015faf\u0131 Agentliyi uzun m\u00fcdd\u0259t f\u0259aliyy\u0259t g\u00f6st\u0259r\u0259n 10-dan art\u0131q median\u0131n reyestr\u0259 daxil edilm\u0259sind\u0259n texniki s\u0259b\u0259bl\u0259ri \u0259sas g\u0259tir\u0259r\u0259k imtina edib:<\/p>\n\n\n\n<p>\u201cOnlarla media v\u0259 jurnalistl\u0259r\u0259 x\u0259b\u0259rdarl\u0131q olunub. H\u0259m bu, h\u0259m d\u0259 reyestr formala\u015fd\u0131r\u0131lmas\u0131ndan sonrak\u0131 m\u0259rh\u0259l\u0259, y\u00fczl\u0259rl\u0259 median\u0131n f\u0259aliyy\u0259tin\u0259 reyestrd\u0259 olmamalar\u0131na g\u00f6r\u0259 xitam verilm\u0259si t\u0259hl\u00fck\u0259si yarad\u0131r. Haz\u0131rda qeydiyyatdan ke\u00e7m\u0259y\u0259n medialar, jurnalistl\u0259r h\u0259tta parlamentin a\u00e7\u0131q iclaslar\u0131na burax\u0131lm\u0131r. Regionlarda jurnalistl\u0259rin pe\u015f\u0259 f\u0259aliyy\u0259tl\u0259rini h\u0259yata ke\u00e7irm\u0259sin\u0259 \u0259ng\u0259ll\u0259r yarad\u0131l\u0131r. Bel\u0259 bir xo\u015f olmayan durum, t\u0259kc\u0259 y\u00fczl\u0259rl\u0259 mediada \u00e7al\u0131\u015fanlar\u0131n f\u0259rdi probleml\u0259rl\u0259 \u00fczl\u0259\u015fm\u0259si deyil, \u00f6lk\u0259mizin media v\u0259 ifad\u0259 azadl\u0131\u011f\u0131 il\u0259 ba\u011fl\u0131 g\u0259l\u0259c\u0259yin\u0259 sa\u011falmaz yaralar vuracaq\u201d.<\/p>\n\n\n\n<p>M\u00f6vqe s\u0259n\u0259dind\u0259 bildirilir ki, \u0259slind\u0259 imza ed\u0259nl\u0259r reyestrin \u0259leyhin\u0259 deyil, ancaq media v\u0259 jurnalistl\u0259r \u00fc\u00e7\u00fcn m\u0259cburilik prinsipin\u0259 s\u00f6yk\u0259nm\u0259y\u0259n, sad\u0259c\u0259, statistik baza rolu oynayan, k\u00f6n\u00fcll\u00fcl\u00fck prinsipi \u00fczr\u0259, ifad\u0259, media azadl\u0131\u011f\u0131n\u0131 z\u0259d\u0259l\u0259m\u0259y\u0259n resursun formala\u015fd\u0131rlmas\u0131n\u0131 do\u011fru say\u0131rlar:<\/p>\n\n\n\n<p>&nbsp;\u201cMedia, jurnalistika f\u0259aliyy\u0259ti il\u0259 m\u0259\u015f\u011ful olan pe\u015f\u0259karlar onsuz da \u00f6z f\u0259aliyy\u0259t sah\u0259l\u0259ri \u00fczr\u0259 r\u0259smi vergi, habel\u0259, dig\u0259r r\u0259smi texniki qeydiyyat\u0131na sahibdirl\u0259r. R\u0259smi qurumlarda olan h\u0259min bilgil\u0259rin bir resursda \u00fcmumil\u0259\u015fdirilib toplanmas\u0131 daha uy\u011fun olard\u0131. B\u00fct\u00fcn ba\u015fqa formalarda yarad\u0131lacaq reyestr, mahiyy\u0259tc\u0259 lisenziya, icaz\u0259 rolunu oynayacaq, bu da ilk n\u00f6vb\u0259d\u0259 Az\u0259rbaycan Konstitusiyas\u0131na ziddir\u201d.<\/p>\n\n\n\n<p>&#8220;Biz, qeyd edil\u0259nl\u0259ri n\u0259z\u0259r\u0259 alaraq, d\u00fcnyan\u0131n he\u00e7 bir m\u00fct\u0259r\u0259qqi \u00f6lk\u0259sind\u0259 bel\u0259 m\u0259zmunda media qanunvericiliyinin m\u00f6vcud olmad\u0131\u011f\u0131n\u0131 vur\u011fulayaraq, \u201cMedia haqq\u0131nda\u201d Qanunun reyestrin yarad\u0131lmas\u0131 il\u0259 ba\u011fl\u0131 m\u00fcdd\u0259alar\u0131n\u0131n, x\u00fcsusil\u0259 d\u0259 65.4.4-c\u00fc madd\u0259sinin qanundan \u00e7\u0131xar\u0131lmas\u0131n\u0131 t\u0259l\u0259b edirik&#8221;, &#8211; dey\u0259 s\u0259n\u0259d m\u00fc\u0259llifl\u0259ri qeyd edirl\u0259r.<\/p>\n\n\n\n<p>S\u0259n\u0259di a\u015fa\u011f\u0131dak\u0131 media m\u0259nsublar\u0131 imzalay\u0131blar:<\/p>\n\n\n\n<p><em>1. \u018fl\u0259sg\u0259r M\u0259mm\u0259dli<br>2. X\u0259dic\u0259 \u0130smay\u0131l<br>3. \u015eahv\u0259l\u0259d \u00c7obano\u011flu<br>4. Alya Yaqublu,<br>5. Aynur Elg\u00fcn\u0259\u015f,<br>6. Xalid A\u011faliyev<br>7. Kamran Mahmudov<br>8. \u00dclvi H\u0259s\u0259nli<br>9. Mehman \u018fliyev<br>10. R\u00f6v\u015f\u0259n Hac\u0131b\u0259yli<br>11. \u015e\u0259m\u015fad A\u011fa<br>12. Sevinc Vaqifq\u0131z\u0131<br>13. G\u00fcl\u0259r Mehdizad\u0259<br>14. \u015eahnaz B\u0259yl\u0259rq\u0131z\u0131<br>15. Natiq Cavadl\u0131<br>16. H\u00fcseyn \u0130smay\u0131lb\u0259yli<br>17. Aynur\u0259 Heyd\u0259rova<br>18. Tatyana Kryu\u00e7kina<br>19. Hafiz Babal\u0131<br>20. Esmira Cavadova<br>21. N\u0259rgiz Absalamova<br>22. F\u0259rid \u0130smay\u0131lov<br>23. Aytac \u018fhm\u0259dova<br>24. \u015eahin C\u0259f\u0259rli<br>25. Q\u0259nim\u0259t Zahid<br>26. \u015e\u0259mistan H\u0259zi<br>27. Elnar\u0259 Qas\u0131mova<br>28. Samir\u0259 Qas\u0131ml\u0131<br>29. Mustafa Hac\u0131b\u0259yli<br>30. Samir\u0259 \u018fhm\u0259db\u0259yli<br>31. \u0130slam \u015e\u0131x\u0259li<br>32. Ramin Deko<br>33. M\u00fc\u015ffiq Cabbar<br>34. Seymur Kaz\u0131mov<br>35. Sahil\u0259 Aslanova<br>36. Anar Abdulla<br>37. \u00dclviyy\u0259 \u018fli<br>38. T\u0259z\u0259xan Mir\u0259l\u0259mli<br>39. Elmar \u018fziz<br>40. \u00c7ingiz Sultansoy<\/em><\/p>\n","protected":false},"excerpt":{"rendered":"<p>&#8220;Yarad\u0131lacaq reyestr, mahiyy\u0259tc\u0259 lisenziya, icaz\u0259 rolunu oynayacaq, bu da Az\u0259rbaycan &#8230; <\/p>\n<p class=\"read-more-container\"><a title=\"Media n\u00fcmay\u0259nd\u0259l\u0259ri Media Reyestri il\u0259 ba\u011fl\u0131 qanuna d\u0259yi\u015fiklik t\u0259l\u0259b edirl\u0259r\" class=\"read-more button\" href=\"https:\/\/www.meydan.tv\/az\/article\/media-numayendeleri-qanuna-media-reyestri-ile-bagli-deyisiklik-teleb-edirler\/#more-266967\" aria-label=\"Read more about Media n\u00fcmay\u0259nd\u0259l\u0259ri Media Reyestri il\u0259 ba\u011fl\u0131 qanuna d\u0259yi\u015fiklik t\u0259l\u0259b edirl\u0259r\">Davam\u0131<\/a><\/p>\n","protected":false},"author":8,"featured_media":229569,"comment_status":"closed","ping_status":"closed","sticky":false,"template":"","format":"standard","meta":{"_acf_changed":false,"_sitemap_exclude":false,"_sitemap_priority":"","_sitemap_frequency":"","footnotes":""},"categories":[59,79,56],"tags":[],"class_list":["post-266967","post","type-post","status-publish","format-standard","has-post-thumbnail","hentry","category-siyaset","category-featured","category-xeberler","infinite-scroll-item","generate-columns","tablet-grid-50","mobile-grid-100","grid-parent","grid-33","no-featured-image-padding"],"acf":[],"yoast_head":"<!-- This site is optimized with the Yoast SEO plugin v27.4 - https:\/\/yoast.com\/product\/yoast-seo-wordpress\/ -->\n<title>Media n\u00fcmay\u0259nd\u0259l\u0259ri Media Reyestri il\u0259 ba\u011fl\u0131 qanuna d\u0259yi\u015fiklik t\u0259l\u0259b edirl\u0259r - MEYDAN.TV<\/title>\n<meta name=\"robots\" content=\"index, follow, max-snippet:-1, max-image-preview:large, max-video-preview:-1\" \/>\n<link rel=\"canonical\" href=\"https:\/\/www.meydan.tv\/az\/article\/media-numayendeleri-qanuna-media-reyestri-ile-bagli-deyisiklik-teleb-edirler\/\" \/>\n<meta property=\"og:locale\" content=\"az_AZ\" \/>\n<meta property=\"og:type\" content=\"article\" \/>\n<meta property=\"og:title\" content=\"Media n\u00fcmay\u0259nd\u0259l\u0259ri Media Reyestri il\u0259 ba\u011fl\u0131 qanuna d\u0259yi\u015fiklik t\u0259l\u0259b edirl\u0259r - MEYDAN.TV\" \/>\n<meta property=\"og:description\" content=\"&#8220;Yarad\u0131lacaq reyestr, mahiyy\u0259tc\u0259 lisenziya, icaz\u0259 rolunu oynayacaq, bu da Az\u0259rbaycan ... Davam\u0131\" \/>\n<meta property=\"og:url\" content=\"https:\/\/www.meydan.tv\/az\/article\/media-numayendeleri-qanuna-media-reyestri-ile-bagli-deyisiklik-teleb-edirler\/\" \/>\n<meta property=\"og:site_name\" content=\"MEYDAN.TV\" \/>\n<meta property=\"article:published_time\" content=\"2023-01-30T09:27:12+00:00\" \/>\n<meta property=\"article:modified_time\" content=\"2023-01-30T09:57:45+00:00\" \/>\n<meta property=\"og:image\" content=\"https:\/\/www.meydan.tv\/wp-content\/uploads\/shutterstock_1715215150.jpg\" \/>\n\t<meta property=\"og:image:width\" content=\"1200\" \/>\n\t<meta property=\"og:image:height\" content=\"800\" \/>\n\t<meta property=\"og:image:type\" content=\"image\/jpeg\" \/>\n<meta name=\"author\" content=\"elli\" \/>\n<meta name=\"twitter:card\" content=\"summary_large_image\" \/>\n<meta name=\"twitter:creator\" content=\"@elli\" \/>\n<script type=\"application\/ld+json\" class=\"yoast-schema-graph\">{\"@context\":\"https:\\\/\\\/schema.org\",\"@graph\":[{\"@type\":\"Article\",\"@id\":\"https:\\\/\\\/www.meydan.tv\\\/az\\\/article\\\/media-numayendeleri-qanuna-media-reyestri-ile-bagli-deyisiklik-teleb-edirler\\\/#article\",\"isPartOf\":{\"@id\":\"https:\\\/\\\/www.meydan.tv\\\/az\\\/article\\\/media-numayendeleri-qanuna-media-reyestri-ile-bagli-deyisiklik-teleb-edirler\\\/\"},\"author\":{\"name\":\"elli\",\"@id\":\"https:\\\/\\\/www.meydan.tv\\\/az\\\/#\\\/schema\\\/person\\\/9cdbecf90d17180ce1dfbd95b08dcf47\"},\"headline\":\"Media n\u00fcmay\u0259nd\u0259l\u0259ri Media Reyestri il\u0259 ba\u011fl\u0131 qanuna d\u0259yi\u015fiklik t\u0259l\u0259b edirl\u0259r\",\"datePublished\":\"2023-01-30T09:27:12+00:00\",\"dateModified\":\"2023-01-30T09:57:45+00:00\",\"mainEntityOfPage\":{\"@id\":\"https:\\\/\\\/www.meydan.tv\\\/az\\\/article\\\/media-numayendeleri-qanuna-media-reyestri-ile-bagli-deyisiklik-teleb-edirler\\\/\"},\"wordCount\":871,\"publisher\":{\"@id\":\"https:\\\/\\\/www.meydan.tv\\\/az\\\/#organization\"},\"image\":{\"@id\":\"https:\\\/\\\/www.meydan.tv\\\/az\\\/article\\\/media-numayendeleri-qanuna-media-reyestri-ile-bagli-deyisiklik-teleb-edirler\\\/#primaryimage\"},\"thumbnailUrl\":\"https:\\\/\\\/www.meydan.tv\\\/wp-content\\\/uploads\\\/shutterstock_1715215150.jpg\",\"articleSection\":[\"Siyas\u0259t\",\"T\u00f6vsiy\u0259\",\"X\u0259b\u0259rl\u0259r\"],\"inLanguage\":\"az\"},{\"@type\":\"WebPage\",\"@id\":\"https:\\\/\\\/www.meydan.tv\\\/az\\\/article\\\/media-numayendeleri-qanuna-media-reyestri-ile-bagli-deyisiklik-teleb-edirler\\\/\",\"url\":\"https:\\\/\\\/www.meydan.tv\\\/az\\\/article\\\/media-numayendeleri-qanuna-media-reyestri-ile-bagli-deyisiklik-teleb-edirler\\\/\",\"name\":\"Media n\u00fcmay\u0259nd\u0259l\u0259ri Media Reyestri il\u0259 ba\u011fl\u0131 qanuna d\u0259yi\u015fiklik t\u0259l\u0259b edirl\u0259r - MEYDAN.TV\",\"isPartOf\":{\"@id\":\"https:\\\/\\\/www.meydan.tv\\\/az\\\/#website\"},\"primaryImageOfPage\":{\"@id\":\"https:\\\/\\\/www.meydan.tv\\\/az\\\/article\\\/media-numayendeleri-qanuna-media-reyestri-ile-bagli-deyisiklik-teleb-edirler\\\/#primaryimage\"},\"image\":{\"@id\":\"https:\\\/\\\/www.meydan.tv\\\/az\\\/article\\\/media-numayendeleri-qanuna-media-reyestri-ile-bagli-deyisiklik-teleb-edirler\\\/#primaryimage\"},\"thumbnailUrl\":\"https:\\\/\\\/www.meydan.tv\\\/wp-content\\\/uploads\\\/shutterstock_1715215150.jpg\",\"datePublished\":\"2023-01-30T09:27:12+00:00\",\"dateModified\":\"2023-01-30T09:57:45+00:00\",\"breadcrumb\":{\"@id\":\"https:\\\/\\\/www.meydan.tv\\\/az\\\/article\\\/media-numayendeleri-qanuna-media-reyestri-ile-bagli-deyisiklik-teleb-edirler\\\/#breadcrumb\"},\"inLanguage\":\"az\",\"potentialAction\":[{\"@type\":\"ReadAction\",\"target\":[\"https:\\\/\\\/www.meydan.tv\\\/az\\\/article\\\/media-numayendeleri-qanuna-media-reyestri-ile-bagli-deyisiklik-teleb-edirler\\\/\"]}]},{\"@type\":\"ImageObject\",\"inLanguage\":\"az\",\"@id\":\"https:\\\/\\\/www.meydan.tv\\\/az\\\/article\\\/media-numayendeleri-qanuna-media-reyestri-ile-bagli-deyisiklik-teleb-edirler\\\/#primaryimage\",\"url\":\"https:\\\/\\\/www.meydan.tv\\\/wp-content\\\/uploads\\\/shutterstock_1715215150.jpg\",\"contentUrl\":\"https:\\\/\\\/www.meydan.tv\\\/wp-content\\\/uploads\\\/shutterstock_1715215150.jpg\",\"width\":1200,\"height\":800,\"caption\":\"Media, monticello\\\/Shutterstock\"},{\"@type\":\"BreadcrumbList\",\"@id\":\"https:\\\/\\\/www.meydan.tv\\\/az\\\/article\\\/media-numayendeleri-qanuna-media-reyestri-ile-bagli-deyisiklik-teleb-edirler\\\/#breadcrumb\",\"itemListElement\":[{\"@type\":\"ListItem\",\"position\":1,\"name\":\"Ana s\u0259hif\u0259\",\"item\":\"https:\\\/\\\/www.meydan.tv\\\/az\\\/\"},{\"@type\":\"ListItem\",\"position\":2,\"name\":\"Siyas\u0259t\",\"item\":\"https:\\\/\\\/www.meydan.tv\\\/az\\\/section\\\/siyaset\\\/\"},{\"@type\":\"ListItem\",\"position\":3,\"name\":\"Media n\u00fcmay\u0259nd\u0259l\u0259ri Media Reyestri il\u0259 ba\u011fl\u0131 qanuna d\u0259yi\u015fiklik t\u0259l\u0259b edirl\u0259r\"}]},{\"@type\":\"WebSite\",\"@id\":\"https:\\\/\\\/www.meydan.tv\\\/az\\\/#website\",\"url\":\"https:\\\/\\\/www.meydan.tv\\\/az\\\/\",\"name\":\"MEYDAN.TV\",\"description\":\"Meydan TV Az\u0259rbaycan\u0131n media m\u0259kan\u0131ndak\u0131 alternativ s\u0259sidir\",\"publisher\":{\"@id\":\"https:\\\/\\\/www.meydan.tv\\\/az\\\/#organization\"},\"potentialAction\":[{\"@type\":\"SearchAction\",\"target\":{\"@type\":\"EntryPoint\",\"urlTemplate\":\"https:\\\/\\\/www.meydan.tv\\\/az\\\/?s={search_term_string}\"},\"query-input\":{\"@type\":\"PropertyValueSpecification\",\"valueRequired\":true,\"valueName\":\"search_term_string\"}}],\"inLanguage\":\"az\"},{\"@type\":\"Organization\",\"@id\":\"https:\\\/\\\/www.meydan.tv\\\/az\\\/#organization\",\"name\":\"Meydan TV\",\"url\":\"https:\\\/\\\/www.meydan.tv\\\/az\\\/\",\"logo\":{\"@type\":\"ImageObject\",\"inLanguage\":\"az\",\"@id\":\"https:\\\/\\\/www.meydan.tv\\\/az\\\/#\\\/schema\\\/logo\\\/image\\\/\",\"url\":\"https:\\\/\\\/www.meydan.tv\\\/wp-content\\\/uploads\\\/2021\\\/07\\\/meydan-logo.svg\",\"contentUrl\":\"https:\\\/\\\/www.meydan.tv\\\/wp-content\\\/uploads\\\/2021\\\/07\\\/meydan-logo.svg\",\"width\":195,\"height\":46,\"caption\":\"Meydan TV\"},\"image\":{\"@id\":\"https:\\\/\\\/www.meydan.tv\\\/az\\\/#\\\/schema\\\/logo\\\/image\\\/\"}},{\"@type\":\"Person\",\"@id\":\"https:\\\/\\\/www.meydan.tv\\\/az\\\/#\\\/schema\\\/person\\\/9cdbecf90d17180ce1dfbd95b08dcf47\",\"name\":\"elli\",\"sameAs\":[\"https:\\\/\\\/x.com\\\/elli\"]}]}<\/script>\n<!-- \/ Yoast SEO plugin. -->","yoast_head_json":{"title":"Media n\u00fcmay\u0259nd\u0259l\u0259ri Media Reyestri il\u0259 ba\u011fl\u0131 qanuna d\u0259yi\u015fiklik t\u0259l\u0259b edirl\u0259r - MEYDAN.TV","robots":{"index":"index","follow":"follow","max-snippet":"max-snippet:-1","max-image-preview":"max-image-preview:large","max-video-preview":"max-video-preview:-1"},"canonical":"https:\/\/www.meydan.tv\/az\/article\/media-numayendeleri-qanuna-media-reyestri-ile-bagli-deyisiklik-teleb-edirler\/","og_locale":"az_AZ","og_type":"article","og_title":"Media n\u00fcmay\u0259nd\u0259l\u0259ri Media Reyestri il\u0259 ba\u011fl\u0131 qanuna d\u0259yi\u015fiklik t\u0259l\u0259b edirl\u0259r - MEYDAN.TV","og_description":"&#8220;Yarad\u0131lacaq reyestr, mahiyy\u0259tc\u0259 lisenziya, icaz\u0259 rolunu oynayacaq, bu da Az\u0259rbaycan ... Davam\u0131","og_url":"https:\/\/www.meydan.tv\/az\/article\/media-numayendeleri-qanuna-media-reyestri-ile-bagli-deyisiklik-teleb-edirler\/","og_site_name":"MEYDAN.TV","article_published_time":"2023-01-30T09:27:12+00:00","article_modified_time":"2023-01-30T09:57:45+00:00","og_image":[{"width":1200,"height":800,"url":"https:\/\/www.meydan.tv\/wp-content\/uploads\/shutterstock_1715215150.jpg","type":"image\/jpeg"}],"author":"elli","twitter_card":"summary_large_image","twitter_creator":"@elli","schema":{"@context":"https:\/\/schema.org","@graph":[{"@type":"Article","@id":"https:\/\/www.meydan.tv\/az\/article\/media-numayendeleri-qanuna-media-reyestri-ile-bagli-deyisiklik-teleb-edirler\/#article","isPartOf":{"@id":"https:\/\/www.meydan.tv\/az\/article\/media-numayendeleri-qanuna-media-reyestri-ile-bagli-deyisiklik-teleb-edirler\/"},"author":{"name":"elli","@id":"https:\/\/www.meydan.tv\/az\/#\/schema\/person\/9cdbecf90d17180ce1dfbd95b08dcf47"},"headline":"Media n\u00fcmay\u0259nd\u0259l\u0259ri Media Reyestri il\u0259 ba\u011fl\u0131 qanuna d\u0259yi\u015fiklik t\u0259l\u0259b edirl\u0259r","datePublished":"2023-01-30T09:27:12+00:00","dateModified":"2023-01-30T09:57:45+00:00","mainEntityOfPage":{"@id":"https:\/\/www.meydan.tv\/az\/article\/media-numayendeleri-qanuna-media-reyestri-ile-bagli-deyisiklik-teleb-edirler\/"},"wordCount":871,"publisher":{"@id":"https:\/\/www.meydan.tv\/az\/#organization"},"image":{"@id":"https:\/\/www.meydan.tv\/az\/article\/media-numayendeleri-qanuna-media-reyestri-ile-bagli-deyisiklik-teleb-edirler\/#primaryimage"},"thumbnailUrl":"https:\/\/www.meydan.tv\/wp-content\/uploads\/shutterstock_1715215150.jpg","articleSection":["Siyas\u0259t","T\u00f6vsiy\u0259","X\u0259b\u0259rl\u0259r"],"inLanguage":"az"},{"@type":"WebPage","@id":"https:\/\/www.meydan.tv\/az\/article\/media-numayendeleri-qanuna-media-reyestri-ile-bagli-deyisiklik-teleb-edirler\/","url":"https:\/\/www.meydan.tv\/az\/article\/media-numayendeleri-qanuna-media-reyestri-ile-bagli-deyisiklik-teleb-edirler\/","name":"Media n\u00fcmay\u0259nd\u0259l\u0259ri Media Reyestri il\u0259 ba\u011fl\u0131 qanuna d\u0259yi\u015fiklik t\u0259l\u0259b edirl\u0259r - MEYDAN.TV","isPartOf":{"@id":"https:\/\/www.meydan.tv\/az\/#website"},"primaryImageOfPage":{"@id":"https:\/\/www.meydan.tv\/az\/article\/media-numayendeleri-qanuna-media-reyestri-ile-bagli-deyisiklik-teleb-edirler\/#primaryimage"},"image":{"@id":"https:\/\/www.meydan.tv\/az\/article\/media-numayendeleri-qanuna-media-reyestri-ile-bagli-deyisiklik-teleb-edirler\/#primaryimage"},"thumbnailUrl":"https:\/\/www.meydan.tv\/wp-content\/uploads\/shutterstock_1715215150.jpg","datePublished":"2023-01-30T09:27:12+00:00","dateModified":"2023-01-30T09:57:45+00:00","breadcrumb":{"@id":"https:\/\/www.meydan.tv\/az\/article\/media-numayendeleri-qanuna-media-reyestri-ile-bagli-deyisiklik-teleb-edirler\/#breadcrumb"},"inLanguage":"az","potentialAction":[{"@type":"ReadAction","target":["https:\/\/www.meydan.tv\/az\/article\/media-numayendeleri-qanuna-media-reyestri-ile-bagli-deyisiklik-teleb-edirler\/"]}]},{"@type":"ImageObject","inLanguage":"az","@id":"https:\/\/www.meydan.tv\/az\/article\/media-numayendeleri-qanuna-media-reyestri-ile-bagli-deyisiklik-teleb-edirler\/#primaryimage","url":"https:\/\/www.meydan.tv\/wp-content\/uploads\/shutterstock_1715215150.jpg","contentUrl":"https:\/\/www.meydan.tv\/wp-content\/uploads\/shutterstock_1715215150.jpg","width":1200,"height":800,"caption":"Media, monticello\/Shutterstock"},{"@type":"BreadcrumbList","@id":"https:\/\/www.meydan.tv\/az\/article\/media-numayendeleri-qanuna-media-reyestri-ile-bagli-deyisiklik-teleb-edirler\/#breadcrumb","itemListElement":[{"@type":"ListItem","position":1,"name":"Ana s\u0259hif\u0259","item":"https:\/\/www.meydan.tv\/az\/"},{"@type":"ListItem","position":2,"name":"Siyas\u0259t","item":"https:\/\/www.meydan.tv\/az\/section\/siyaset\/"},{"@type":"ListItem","position":3,"name":"Media n\u00fcmay\u0259nd\u0259l\u0259ri Media Reyestri il\u0259 ba\u011fl\u0131 qanuna d\u0259yi\u015fiklik t\u0259l\u0259b edirl\u0259r"}]},{"@type":"WebSite","@id":"https:\/\/www.meydan.tv\/az\/#website","url":"https:\/\/www.meydan.tv\/az\/","name":"MEYDAN.TV","description":"Meydan TV Az\u0259rbaycan\u0131n media m\u0259kan\u0131ndak\u0131 alternativ s\u0259sidir","publisher":{"@id":"https:\/\/www.meydan.tv\/az\/#organization"},"potentialAction":[{"@type":"SearchAction","target":{"@type":"EntryPoint","urlTemplate":"https:\/\/www.meydan.tv\/az\/?s={search_term_string}"},"query-input":{"@type":"PropertyValueSpecification","valueRequired":true,"valueName":"search_term_string"}}],"inLanguage":"az"},{"@type":"Organization","@id":"https:\/\/www.meydan.tv\/az\/#organization","name":"Meydan TV","url":"https:\/\/www.meydan.tv\/az\/","logo":{"@type":"ImageObject","inLanguage":"az","@id":"https:\/\/www.meydan.tv\/az\/#\/schema\/logo\/image\/","url":"https:\/\/www.meydan.tv\/wp-content\/uploads\/2021\/07\/meydan-logo.svg","contentUrl":"https:\/\/www.meydan.tv\/wp-content\/uploads\/2021\/07\/meydan-logo.svg","width":195,"height":46,"caption":"Meydan TV"},"image":{"@id":"https:\/\/www.meydan.tv\/az\/#\/schema\/logo\/image\/"}},{"@type":"Person","@id":"https:\/\/www.meydan.tv\/az\/#\/schema\/person\/9cdbecf90d17180ce1dfbd95b08dcf47","name":"elli","sameAs":["https:\/\/x.com\/elli"]}]}},"_links":{"self":[{"href":"https:\/\/www.meydan.tv\/az\/wp-json\/wp\/v2\/posts\/266967","targetHints":{"allow":["GET"]}}],"collection":[{"href":"https:\/\/www.meydan.tv\/az\/wp-json\/wp\/v2\/posts"}],"about":[{"href":"https:\/\/www.meydan.tv\/az\/wp-json\/wp\/v2\/types\/post"}],"author":[{"embeddable":true,"href":"https:\/\/www.meydan.tv\/az\/wp-json\/wp\/v2\/users\/8"}],"replies":[{"embeddable":true,"href":"https:\/\/www.meydan.tv\/az\/wp-json\/wp\/v2\/comments?post=266967"}],"version-history":[{"count":4,"href":"https:\/\/www.meydan.tv\/az\/wp-json\/wp\/v2\/posts\/266967\/revisions"}],"predecessor-version":[{"id":266974,"href":"https:\/\/www.meydan.tv\/az\/wp-json\/wp\/v2\/posts\/266967\/revisions\/266974"}],"wp:featuredmedia":[{"embeddable":true,"href":"https:\/\/www.meydan.tv\/az\/wp-json\/wp\/v2\/media\/229569"}],"wp:attachment":[{"href":"https:\/\/www.meydan.tv\/az\/wp-json\/wp\/v2\/media?parent=266967"}],"wp:term":[{"taxonomy":"category","embeddable":true,"href":"https:\/\/www.meydan.tv\/az\/wp-json\/wp\/v2\/categories?post=266967"},{"taxonomy":"post_tag","embeddable":true,"href":"https:\/\/www.meydan.tv\/az\/wp-json\/wp\/v2\/tags?post=266967"}],"curies":[{"name":"wp","href":"https:\/\/api.w.org\/{rel}","templated":true}]}}